{"id":10242,"date":"2021-06-30T18:05:01","date_gmt":"2021-06-30T16:05:01","guid":{"rendered":"https:\/\/www.leclanche.com\/?p=10242"},"modified":"2021-07-01T09:34:19","modified_gmt":"2021-07-01T07:34:19","slug":"leclanche-schliesst-seine-jahreshauptversammlung-ab-2","status":"publish","type":"post","link":"https:\/\/www.leclanche.com\/de\/leclanche-schliesst-seine-jahreshauptversammlung-ab-2\/","title":{"rendered":"Leclanch\u00e9 schlie\u00dft seine Jahreshauptversammlung ab"},"content":{"rendered":"<ul>\n<li><strong>\u00a0<\/strong><em>Die Aktion\u00e4re haben der Erh\u00f6hung des genehmigten Aktienkapitals bis zum 30. Juni 2023 auf maximal 60.000.000 Aktien zugestimmt.<\/em><\/li>\n<li><em>Die Aktion\u00e4re genehmigten die vom Verwaltungsrat zur St\u00e4rkung der Bilanz vorgeschlagene Umwandlung von CHF 29,7 Millionen Schulden gegen\u00fcber <\/em><strong>SEFAM<\/strong><a href=\"#_ftn1\" name=\"_ftnref1\"><strong>[1]<\/strong><\/a><em> und Golden Partner in Aktien der Gesellschaft.<\/em><\/li>\n<li><em>Der bisherige Verwaltungsrat und die Revisionsstelle (PricewaterhouseCoopers) wurden mit grosser Mehrheit wiedergew\u00e4hlt.<\/em><\/li>\n<li><em>Leclanch\u00e9 gab den Abschluss eines von SEFAM gew\u00e4hrten Baukredits in H\u00f6he von USD 24 Mio. zur Finanzierung des Projekts St. Kitts Stationary bekannt.<\/em><\/li>\n<\/ul>\n<p>&nbsp;<\/p>\n<p><strong>YVERDON-LES-BAINS, Schweiz, 30. Juni 2021 &#8211;<\/strong> <a href=\"http:\/\/www.leclanche.com\/\">Leclanch\u00e9 SA<\/a> (SIX: LECN), eines der weltweit f\u00fchrenden Unternehmen f\u00fcr Energiespeicherl\u00f6sungen, gab heute die Vorschl\u00e4ge des Verwaltungsrates bekannt, die von den Aktion\u00e4ren des Unternehmens auf der &#8211; aufgrund der Covid-19-Situation per Live-Webcast abgehaltenen &#8211; Jahreshauptversammlung (HV) 2021 angenommen oder abgelehnt wurden.<\/p>\n<p>Die Erm\u00e4chtigung des Verwaltungsrats, das Aktienkapital jederzeit bis zum 30. Juni 2023 erh\u00f6hen zu k\u00f6nnen (genehmigtes Aktienkapital) und das genehmigte Aktienkapital auf maximal 60.000.000 voll eingezahlte Aktien mit einem Nennwert von je CHF 0,10 festzulegen, wurde von den Aktion\u00e4ren genehmigt.<\/p>\n<p>Das bestehende bedingte Aktienkapital, das durch die Ausgabe von bis zu 60.000.000 voll einbezahlten Aktien mit einem Nennwert von CHF 0,10 pro Aktie um h\u00f6chstens CHF 6.000.000,00 erh\u00f6ht werden soll, sowie die \u00c4nderung von Artikel 3<sup>quinquies<\/sup> der Statuten der Gesellschaft sind von einer Mehrheit der Aktion\u00e4re nicht gebilligt worden.<\/p>\n<p>Die Umwandlung der mit SEFAM und Golden Partner (\u201eGP\u201c) aufgenommenen Schulden in H\u00f6he von CHF 29,7 Millionen in Eigenkapital wurde von den Aktion\u00e4ren genehmigt. Diese mit SEFAM und GP ausgehandelte Umstrukturierungsmassnahme st\u00e4rkt die Bilanz und f\u00f6rdert das anhaltende Investitionsinteresse am Unternehmen in einer Zeit, in welcher der Auftragsbestand von Leclanch\u00e9 im schnell wachsenden e-Transport-Sektor stark zunimmt.<\/p>\n<p>Der gegenw\u00e4rtige Verwaltungsrat von Leclanch\u00e9 wurde mit einer grossen Mehrheit der Stimmen best\u00e4tigt. PricewaterhouseCoopers wurde ebenfalls als Rechnungspr\u00fcfer des Unternehmens wiedergew\u00e4hlt.<\/p>\n<p>Leclanch\u00e9 gab den Abschluss eines von SEFAM gew\u00e4hrten Baukredits in H\u00f6he von USD 24 Mio. zur Finanzierung des Eigenkapitals des St. Kitts Stationary Projekts bekannt. Das Unternehmen befindet sich in fortgeschrittenen Verhandlungen mit lokalen Banken, um bis zu USD 49 Mio. an vorrangigen Projektkrediten bereitzustellen und den vollst\u00e4ndigen finanziellen Abschluss bis September 2021 zu erm\u00f6glichen. In der Zwischenzeit haben Leclanch\u00e9 und ihr lokaler Partner Solrid Limited mit dem Bau des gr\u00f6\u00dften \u00d6ko-Kraftwerks der Karibik begonnen, welches voraussichtlich innerhalb von zw\u00f6lf bis achtzehn Monaten fertiggestellt sein wird.<\/p>\n<p>Leclanch\u00e9 erh\u00e4lt kurzfristiges Betriebskapital, durch die R\u00fcckzahlung von bereits get\u00e4tigten Investitionen von der Gesellschaft in das Projekt in St. Kitts , sowie Erl\u00f6se aus den Zahlungen im Rahmen des EPC-Vertrags. Die Liquidit\u00e4tslage zur Unterst\u00fctzung des Wachstums im Jahr 2021 bleibt angespannt.\u00a0 Das Unternehmen befindet sich in einem laufenden Prozess, der von BTIG, einer in New York ans\u00e4ssigen Investmentbank, geleitet wird, um frisches Kapital zu beschaffen um seinen Wachstumsplan vollst\u00e4ndig zu finanzieren, bis es bis Ende 2023 EBITDA-positiv wird.<\/p>\n<p>&nbsp;<\/p>\n<p><strong><u>Kommerzielle Durchbr\u00fcche<\/u><\/strong><\/p>\n<p>In seiner Ansprache an die Aktion\u00e4re erl\u00e4uterte Anil Srivastava, CEO von Leclanch\u00e9, die Fortschritte des Unternehmens bei der Umsetzung des im Jahre 2015 angek\u00fcndigten Wachstumsplans. Im Jahr 2020 hat Leclanch\u00e9 in vielen Gesch\u00e4ftsbereichen ein signifikantes Wachstum erzielt.<\/p>\n<p>Leclanch\u00e9 konnte seine Wachstumsziele dank der konstanten und stetigen Unterst\u00fctzung aller Aktion\u00e4re erreichen, insbesondere von SEFAM, dem Hauptaktion\u00e4r, der seit Mai 2019 Schulden in H\u00f6he von CHF 186 Millionen in Kapital umwandelte.<\/p>\n<p><strong>Anil Srivastava, CEO von Leclanch\u00e9, erkl\u00e4rte: <\/strong>\u201e<em>Im Jahr 2020 hat Leclanch\u00e9 eine wettbewerbsf\u00e4hige Organisation an mehreren Fronten errichtet, mit kommerziellen Gewinnen, Projektabschl\u00fcssen und beschleunigter Innovation in unserer Technologie und Verbesserung der Kostenstruktur. Das <\/em>\u201e<em>neue Unternehmen Leclanch\u00e9<\/em>\u201c<em> ist gut positioniert f\u00fcr beschleunigtes Wachstum und Erfolg auf unseren M\u00e4rkten &#8211; nicht zuletzt dank der harten Arbeit unserer Kollegen weltweit, der Geduld unserer Aktion\u00e4re und der Unterst\u00fctzung von Gesch\u00e4ftspartnern und Investoren.<\/em><\/p>\n<p><em>In dem aktuellen Marktumfeld, in dem viele Finanzmittel aufgrund von ehrgeizigen Gesch\u00e4ftspl\u00e4nen sogenannter Start-ups angezogen wurden, hebt sich Leclanch\u00e9 als ein Unternehmen mit bew\u00e4hrten eigenen Technologien und weltweit f\u00fchrenden OEMs als strategischen Kunden ab. Das Unternehmen ist in der Lage, ein langfristiges profitables Wachstum zu erzielen, basierend auf einem starken Auftragsbestand und einer guten Projektpipeline sowie einer wettbewerbsf\u00e4higen Kostenbasis f\u00fcr Produkte, die in Serie gefertigt werden. Unser Einstieg in den Automobilsektor durch die Lizenzierung unserer Technologie, die durch mehr als 200 Patente gesch\u00fctzt ist, und das Know-how, Lithiumzellen seit 2012 in grossem Massstab zu produzieren, wird es dem Unternehmen erm\u00f6glichen, seinen adressierbaren Markt mehr als zu verdoppeln.&#8220;<\/em><\/p>\n<p><strong>\u00a0<\/strong><\/p>\n<p>F\u00fcr weitere Informationen schreiben Sie bitte an <a href=\"mailto:info@leclanche.com\">info@leclanche.com<\/a> oder besuchen Sie <a href=\"http:\/\/www.leclanche.com\">www.leclanche.com<\/a>.<\/p>\n<p><strong>\u00a0<\/strong><\/p>\n<p style=\"text-align: center;\"><strong>\u00a0<\/strong><strong>******<\/strong><\/p>\n<p><strong>\u00a0<\/strong><\/p>\n<p><strong>\u00dcber Leclanch\u00e9<\/strong><\/p>\n<p>Leclanch\u00e9 SA mit Sitz in der Schweiz ist ein f\u00fchrender Anbieter von hochwertigen Energiespeicherl\u00f6sungen, die die Fortschritte in Richtung einer sauberen Energiezukunft beschleunigen sollen. Die Geschichte und das Erbe von Leclanch\u00e9 wurzeln in mehr als 100 Jahren innovativer Entwicklung von Batterien und Energiespeichern\u00a0\u2013 das Unternehmen ist ein zuverl\u00e4ssiger Anbieter von Energiespeicherl\u00f6sungen weltweit. Dies, kombiniert mit der Unternehmenskultur des deutschen Maschinenbaus und der Schweizer Pr\u00e4zision und Qualit\u00e4t, macht Leclanch\u00e9 zum bevorzugten Partner f\u00fcr neue Markteilnehmer, etablierte Unternehmen und Regierungen, die an der Spitze positiver Ver\u00e4nderungen in der weltweiten Energieerzeugung und -verteilung sowie ihres Verbrauchs stehen. Der Energiewandel wird haupts\u00e4chlich durch Ver\u00e4nderungen im Management der Stromnetze und in der Elektrifizierung des Transports vorangetrieben; beide M\u00e4rkte sind das R\u00fcckgrat der Strategie und des Gesch\u00e4ftsmodells von Leclanch\u00e9. Die Produkte von Leclanch\u00e9 sind das Herzst\u00fcck der Konvergenz der Verkehrselektrifizierung und der Entwicklung des Verteilungsnetzes. Leclanch\u00e9 ist das einzige weltweit gelistete, reine Energiespeicherunternehmen, das in drei Gesch\u00e4ftseinheiten organisiert ist: station\u00e4re Speicherl\u00f6sungen, E-Transportl\u00f6sungen und spezielle Batteriesysteme. Leclanch\u00e9 ist an der Schweizer B\u00f6rse notiert (SIX: LECN).<\/p>\n<p>SIX Swiss Exchange: ticker symbol LECN | ISIN CH 011 030 311 9<\/p>\n<p><strong>\u00a0<\/strong><\/p>\n<p><strong>Haftungsausschluss<\/strong><\/p>\n<p>Diese Pressemitteilung enth\u00e4lt bestimmte in die Zukunft gerichtete Aussagen \u00fcber die Aktivit\u00e4ten von Leclanch\u00e9, die durch Begriffe wie \u201estrategisch&#8220;, \u201evorgeschlagen&#8220;, \u201eeingef\u00fchrt&#8220;, \u201ewird&#8220;, \u201egeplant&#8220;, \u201eerwartet&#8220;, \u201eVerpflichtung&#8220;, \u201eerwarten&#8220;, \u201eprognostizieren&#8220;, \u201eetabliert&#8220;, \u201evorbereiten&#8220;, \u201eplanen&#8220;, \u201esch\u00e4tzen&#8220;, \u201eZiele&#8220;, \u201ew\u00fcrden&#8220;, \u201epotenziell&#8220; und \u201eerwarten&#8220; gekennzeichnet sein k\u00f6nnen, \u201eSch\u00e4tzung&#8220;, \u201eAngebot&#8220; oder \u00e4hnliche Ausdr\u00fccke oder durch ausdr\u00fcckliche oder implizite Diskussionen \u00fcber den Hochlauf der Produktionskapazit\u00e4ten von Leclanch\u00e9, m\u00f6gliche Anwendungen bestehender Produkte oder potenzielle zuk\u00fcnftige Einnahmen aus solchen Produkten oder potenzielle zuk\u00fcnftige Verk\u00e4ufe oder Gewinne von Leclanch\u00e9 oder einer seiner Gesch\u00e4ftseinheiten. Sie sollten sich nicht zu sehr auf diese Aussagen verlassen. Diese zukunftsgerichteten Aussagen spiegeln die aktuellen Ansichten von Leclanch\u00e9 \u00fcber zuk\u00fcnftige Ereignisse wider und beinhalten bekannte und unbekannte Risiken, Unsicherheiten und andere Faktoren, die dazu f\u00fchren k\u00f6nnen, dass die tats\u00e4chlichen Ergebnisse wesentlich von den zuk\u00fcnftigen Ergebnissen, Leistungen oder Errungenschaften abweichen, die in diesen Aussagen ausdr\u00fccklich oder implizit zum Ausdruck kommen. Es gibt keine Garantie daf\u00fcr, dass die Produkte von Leclanch\u00e9 ein bestimmtes Umsatzniveau erreichen. Es gibt auch keine Garantie daf\u00fcr, dass Leclanch\u00e9 oder eine seiner Gesch\u00e4ftseinheiten bestimmte finanzielle Ergebnisse erzielen wird.<\/p>\n<p><strong>\u00a0<\/strong><\/p>\n<p><strong>Kontakte Leclanch\u00e9<\/strong><\/p>\n<p>&nbsp;<\/p>\n<p><strong>Medien Schweiz \/ Europa:<\/strong><\/p>\n<p>Thierry Meyer<\/p>\n<p>T: +41 (0) 79\u00a0785 35 81<\/p>\n<p>E-Mail: <a href=\"mailto:tme@dynamicsgoup.ch\">tme@dynamicsgroup.ch<\/a><\/p>\n<p>&nbsp;<\/p>\n<p><strong>Medien Nordamerika:<\/strong><\/p>\n<p>Henry Feintuch \/ Ashley Blas<\/p>\n<p>T: +1-914-548-6924 \/ +1-509-494-4053<\/p>\n<p>E-Mail: <a href=\"mailto:leclanche@feintuchpr.com\">leclanche@feintuchpr.com<\/a><\/p>\n<p>&nbsp;<\/p>\n<p><strong>Medien Deutschland:<\/strong><\/p>\n<p>Christoph Miller<\/p>\n<p>T: +49 (0) 711 947 670<\/p>\n<p>E-Mail: <a href=\"mailto:leclanche@sympra.de\">leclanche@sympra.de<\/a><\/p>\n<p>&nbsp;<\/p>\n<p><strong>Ansprechpartner f\u00fcr Investoren:<\/strong><\/p>\n<p>Anil Srivastava \/ Hubert Angleys<\/p>\n<p>T: +41 (0) 24 424 65 00<\/p>\n<p>E-Mail: <a href=\"mailto:invest.leclanche@leclanche.com\">invest.leclanche@leclanche.com<\/a><\/p>\n<p>&nbsp;<\/p>\n<p><strong>\u00a0<\/strong><\/p>\n<p><a href=\"#_ftnref1\" name=\"_ftn1\">[1]<\/a> SEFAM bedeutet: AM INVESTMENT SCA, SICAV-SIF &#8211; Illiquid Assets Sub-Fund und AM INVESTMENT SCA, SICAV-SIF \u2013 R&amp;D Sub-Fund, zusammen mit STRATEGIC EQUITY FUND &#8211; Renewable Energy Sub-Fund, STRATEGIC EQUITY FUND &#8211; Multi Asset Strategy Sub-Fund, STRATEGIC EQUITY FUND &#8211; E Money Strategies Sub-Fund (auch Energy Storage Invest genannt); alle diese Fonds sind gemeinsam der Hauptaktion\u00e4r von Leclanch\u00e9, nachstehend als \u201eSEFAM&#8220; bezeichnet.<\/p>\n","protected":false},"excerpt":{"rendered":"<p>\u00a0Die Aktion\u00e4re haben der Erh\u00f6hung des genehmigten Aktienkapitals bis zum 30. Juni 2023 auf maximal 60.000.000 Aktien zugestimmt. Die Aktion\u00e4re genehmigten die vom Verwaltungsrat zur St\u00e4rkung der Bilanz vorgeschlagene Umwandlung von CHF 29,7 Millionen Schulden gegen\u00fcber SEFAM[1] und Golden Partner in Aktien der Gesellschaft. Der bisherige Verwaltungsrat und die Revisionsstelle (PricewaterhouseCoopers) wurden mit grosser Mehrheit [&hellip;]<\/p>\n","protected":false},"author":2,"featured_media":0,"comment_status":"open","ping_status":"open","sticky":false,"template":"","format":"standard","meta":{"footnotes":""},"categories":[47,48,109],"tags":[],"class_list":["post-10242","post","type-post","status-publish","format-standard","hentry","category-firmennachrichten","category-pressemitteilung","category-weitere-pressemitteilungen"],"yoast_head":"<!-- This site is optimized with the Yoast SEO plugin v26.4 - https:\/\/yoast.com\/wordpress\/plugins\/seo\/ -->\n<title>Leclanch\u00e9 schlie\u00dft seine Jahreshauptversammlung ab - Leclanch\u00e9<\/title>\n<meta name=\"description\" content=\"\u00a0Die Aktion\u00e4re haben der Erh\u00f6hung des genehmigten Aktienkapitals bis zum 30. Juni 2023 auf maximal 60.000.000 Aktien zugestimmt. Die Aktion\u00e4re genehmigten\" \/>\n<meta name=\"robots\" content=\"index, follow, max-snippet:-1, max-image-preview:large, max-video-preview:-1\" \/>\n<link rel=\"canonical\" href=\"https:\/\/www.leclanche.com\/de\/leclanche-schliesst-seine-jahreshauptversammlung-ab-2\/\" \/>\n<meta property=\"og:locale\" content=\"de_DE\" \/>\n<meta property=\"og:type\" content=\"article\" \/>\n<meta property=\"og:title\" content=\"Leclanch\u00e9 schlie\u00dft seine Jahreshauptversammlung ab - Leclanch\u00e9\" \/>\n<meta property=\"og:description\" content=\"\u00a0Die Aktion\u00e4re haben der Erh\u00f6hung des genehmigten Aktienkapitals bis zum 30. Juni 2023 auf maximal 60.000.000 Aktien zugestimmt. Die Aktion\u00e4re genehmigten\" \/>\n<meta property=\"og:url\" content=\"https:\/\/www.leclanche.com\/de\/leclanche-schliesst-seine-jahreshauptversammlung-ab-2\/\" \/>\n<meta property=\"og:site_name\" content=\"Leclanch\u00e9\" \/>\n<meta property=\"article:published_time\" content=\"2021-06-30T16:05:01+00:00\" \/>\n<meta property=\"article:modified_time\" content=\"2021-07-01T07:34:19+00:00\" \/>\n<meta name=\"author\" content=\"Annick.Bid\" \/>\n<meta name=\"twitter:card\" content=\"summary_large_image\" \/>\n<meta name=\"twitter:label1\" content=\"Verfasst von\" \/>\n\t<meta name=\"twitter:data1\" content=\"Annick.Bid\" \/>\n\t<meta name=\"twitter:label2\" content=\"Gesch\u00e4tzte Lesezeit\" \/>\n\t<meta name=\"twitter:data2\" content=\"6\u00a0Minuten\" \/>\n<script type=\"application\/ld+json\" class=\"yoast-schema-graph\">{\"@context\":\"https:\/\/schema.org\",\"@graph\":[{\"@type\":\"WebPage\",\"@id\":\"https:\/\/www.leclanche.com\/de\/leclanche-schliesst-seine-jahreshauptversammlung-ab-2\/\",\"url\":\"https:\/\/www.leclanche.com\/de\/leclanche-schliesst-seine-jahreshauptversammlung-ab-2\/\",\"name\":\"Leclanch\u00e9 schlie\u00dft seine Jahreshauptversammlung ab - Leclanch\u00e9\",\"isPartOf\":{\"@id\":\"https:\/\/www.leclanche.com\/de\/#website\"},\"datePublished\":\"2021-06-30T16:05:01+00:00\",\"dateModified\":\"2021-07-01T07:34:19+00:00\",\"author\":{\"@id\":\"https:\/\/www.leclanche.com\/de\/#\/schema\/person\/7ef725388a3f2b409a32cfa92059aa64\"},\"description\":\"\u00a0Die Aktion\u00e4re haben der Erh\u00f6hung des genehmigten Aktienkapitals bis zum 30. Juni 2023 auf maximal 60.000.000 Aktien zugestimmt. Die Aktion\u00e4re genehmigten\",\"breadcrumb\":{\"@id\":\"https:\/\/www.leclanche.com\/de\/leclanche-schliesst-seine-jahreshauptversammlung-ab-2\/#breadcrumb\"},\"inLanguage\":\"de\",\"potentialAction\":[{\"@type\":\"ReadAction\",\"target\":[\"https:\/\/www.leclanche.com\/de\/leclanche-schliesst-seine-jahreshauptversammlung-ab-2\/\"]}]},{\"@type\":\"BreadcrumbList\",\"@id\":\"https:\/\/www.leclanche.com\/de\/leclanche-schliesst-seine-jahreshauptversammlung-ab-2\/#breadcrumb\",\"itemListElement\":[{\"@type\":\"ListItem\",\"position\":1,\"name\":\"Accueil\",\"item\":\"https:\/\/www.leclanche.com\/de\/\"},{\"@type\":\"ListItem\",\"position\":2,\"name\":\"Leclanch\u00e9 schlie\u00dft seine Jahreshauptversammlung ab\"}]},{\"@type\":\"WebSite\",\"@id\":\"https:\/\/www.leclanche.com\/de\/#website\",\"url\":\"https:\/\/www.leclanche.com\/de\/\",\"name\":\"Leclanch\u00e9\",\"description\":\"Energy Storage Solutions\",\"potentialAction\":[{\"@type\":\"SearchAction\",\"target\":{\"@type\":\"EntryPoint\",\"urlTemplate\":\"https:\/\/www.leclanche.com\/de\/?s={search_term_string}\"},\"query-input\":{\"@type\":\"PropertyValueSpecification\",\"valueRequired\":true,\"valueName\":\"search_term_string\"}}],\"inLanguage\":\"de\"},{\"@type\":\"Person\",\"@id\":\"https:\/\/www.leclanche.com\/de\/#\/schema\/person\/7ef725388a3f2b409a32cfa92059aa64\",\"name\":\"Annick.Bid\",\"image\":{\"@type\":\"ImageObject\",\"inLanguage\":\"de\",\"@id\":\"https:\/\/www.leclanche.com\/de\/#\/schema\/person\/image\/\",\"url\":\"https:\/\/secure.gravatar.com\/avatar\/0fe6baaabc318280db3d0e10c43b8017aa89b961c16e819765bd4fb65396af34?s=96&d=mm&r=g\",\"contentUrl\":\"https:\/\/secure.gravatar.com\/avatar\/0fe6baaabc318280db3d0e10c43b8017aa89b961c16e819765bd4fb65396af34?s=96&d=mm&r=g\",\"caption\":\"Annick.Bid\"},\"url\":\"https:\/\/www.leclanche.com\/de\/author\/annick-bid\/\"}]}<\/script>\n<!-- \/ Yoast SEO plugin. -->","yoast_head_json":{"title":"Leclanch\u00e9 schlie\u00dft seine Jahreshauptversammlung ab - Leclanch\u00e9","description":"\u00a0Die Aktion\u00e4re haben der Erh\u00f6hung des genehmigten Aktienkapitals bis zum 30. Juni 2023 auf maximal 60.000.000 Aktien zugestimmt. Die Aktion\u00e4re genehmigten","robots":{"index":"index","follow":"follow","max-snippet":"max-snippet:-1","max-image-preview":"max-image-preview:large","max-video-preview":"max-video-preview:-1"},"canonical":"https:\/\/www.leclanche.com\/de\/leclanche-schliesst-seine-jahreshauptversammlung-ab-2\/","og_locale":"de_DE","og_type":"article","og_title":"Leclanch\u00e9 schlie\u00dft seine Jahreshauptversammlung ab - Leclanch\u00e9","og_description":"\u00a0Die Aktion\u00e4re haben der Erh\u00f6hung des genehmigten Aktienkapitals bis zum 30. Juni 2023 auf maximal 60.000.000 Aktien zugestimmt. Die Aktion\u00e4re genehmigten","og_url":"https:\/\/www.leclanche.com\/de\/leclanche-schliesst-seine-jahreshauptversammlung-ab-2\/","og_site_name":"Leclanch\u00e9","article_published_time":"2021-06-30T16:05:01+00:00","article_modified_time":"2021-07-01T07:34:19+00:00","author":"Annick.Bid","twitter_card":"summary_large_image","twitter_misc":{"Verfasst von":"Annick.Bid","Gesch\u00e4tzte Lesezeit":"6\u00a0Minuten"},"schema":{"@context":"https:\/\/schema.org","@graph":[{"@type":"WebPage","@id":"https:\/\/www.leclanche.com\/de\/leclanche-schliesst-seine-jahreshauptversammlung-ab-2\/","url":"https:\/\/www.leclanche.com\/de\/leclanche-schliesst-seine-jahreshauptversammlung-ab-2\/","name":"Leclanch\u00e9 schlie\u00dft seine Jahreshauptversammlung ab - Leclanch\u00e9","isPartOf":{"@id":"https:\/\/www.leclanche.com\/de\/#website"},"datePublished":"2021-06-30T16:05:01+00:00","dateModified":"2021-07-01T07:34:19+00:00","author":{"@id":"https:\/\/www.leclanche.com\/de\/#\/schema\/person\/7ef725388a3f2b409a32cfa92059aa64"},"description":"\u00a0Die Aktion\u00e4re haben der Erh\u00f6hung des genehmigten Aktienkapitals bis zum 30. Juni 2023 auf maximal 60.000.000 Aktien zugestimmt. Die Aktion\u00e4re genehmigten","breadcrumb":{"@id":"https:\/\/www.leclanche.com\/de\/leclanche-schliesst-seine-jahreshauptversammlung-ab-2\/#breadcrumb"},"inLanguage":"de","potentialAction":[{"@type":"ReadAction","target":["https:\/\/www.leclanche.com\/de\/leclanche-schliesst-seine-jahreshauptversammlung-ab-2\/"]}]},{"@type":"BreadcrumbList","@id":"https:\/\/www.leclanche.com\/de\/leclanche-schliesst-seine-jahreshauptversammlung-ab-2\/#breadcrumb","itemListElement":[{"@type":"ListItem","position":1,"name":"Accueil","item":"https:\/\/www.leclanche.com\/de\/"},{"@type":"ListItem","position":2,"name":"Leclanch\u00e9 schlie\u00dft seine Jahreshauptversammlung ab"}]},{"@type":"WebSite","@id":"https:\/\/www.leclanche.com\/de\/#website","url":"https:\/\/www.leclanche.com\/de\/","name":"Leclanch\u00e9","description":"Energy Storage Solutions","potentialAction":[{"@type":"SearchAction","target":{"@type":"EntryPoint","urlTemplate":"https:\/\/www.leclanche.com\/de\/?s={search_term_string}"},"query-input":{"@type":"PropertyValueSpecification","valueRequired":true,"valueName":"search_term_string"}}],"inLanguage":"de"},{"@type":"Person","@id":"https:\/\/www.leclanche.com\/de\/#\/schema\/person\/7ef725388a3f2b409a32cfa92059aa64","name":"Annick.Bid","image":{"@type":"ImageObject","inLanguage":"de","@id":"https:\/\/www.leclanche.com\/de\/#\/schema\/person\/image\/","url":"https:\/\/secure.gravatar.com\/avatar\/0fe6baaabc318280db3d0e10c43b8017aa89b961c16e819765bd4fb65396af34?s=96&d=mm&r=g","contentUrl":"https:\/\/secure.gravatar.com\/avatar\/0fe6baaabc318280db3d0e10c43b8017aa89b961c16e819765bd4fb65396af34?s=96&d=mm&r=g","caption":"Annick.Bid"},"url":"https:\/\/www.leclanche.com\/de\/author\/annick-bid\/"}]}},"_links":{"self":[{"href":"https:\/\/www.leclanche.com\/de\/wp-json\/wp\/v2\/posts\/10242","targetHints":{"allow":["GET"]}}],"collection":[{"href":"https:\/\/www.leclanche.com\/de\/wp-json\/wp\/v2\/posts"}],"about":[{"href":"https:\/\/www.leclanche.com\/de\/wp-json\/wp\/v2\/types\/post"}],"author":[{"embeddable":true,"href":"https:\/\/www.leclanche.com\/de\/wp-json\/wp\/v2\/users\/2"}],"replies":[{"embeddable":true,"href":"https:\/\/www.leclanche.com\/de\/wp-json\/wp\/v2\/comments?post=10242"}],"version-history":[{"count":1,"href":"https:\/\/www.leclanche.com\/de\/wp-json\/wp\/v2\/posts\/10242\/revisions"}],"predecessor-version":[{"id":10246,"href":"https:\/\/www.leclanche.com\/de\/wp-json\/wp\/v2\/posts\/10242\/revisions\/10246"}],"wp:attachment":[{"href":"https:\/\/www.leclanche.com\/de\/wp-json\/wp\/v2\/media?parent=10242"}],"wp:term":[{"taxonomy":"category","embeddable":true,"href":"https:\/\/www.leclanche.com\/de\/wp-json\/wp\/v2\/categories?post=10242"},{"taxonomy":"post_tag","embeddable":true,"href":"https:\/\/www.leclanche.com\/de\/wp-json\/wp\/v2\/tags?post=10242"}],"curies":[{"name":"wp","href":"https:\/\/api.w.org\/{rel}","templated":true}]}}