{"id":10733,"date":"2017-07-26T15:04:34","date_gmt":"2017-07-26T13:04:34","guid":{"rendered":"https:\/\/www.leclanche.com\/leclanche-aktionaere-stimmen-bei-jahreshauptversammlung-allen-antraegen-des-verwaltungsrats-zu\/"},"modified":"2017-07-26T15:04:34","modified_gmt":"2017-07-26T13:04:34","slug":"leclanche-aktionaere-stimmen-bei-jahreshauptversammlung-allen-antraegen-des-verwaltungsrats-zu","status":"publish","type":"post","link":"https:\/\/www.leclanche.com\/de\/leclanche-aktionaere-stimmen-bei-jahreshauptversammlung-allen-antraegen-des-verwaltungsrats-zu\/","title":{"rendered":"Leclanch\u00e9 Aktion\u00e4re stimmen bei Jahreshauptversammlung allen Antr\u00e4gen des Verwaltungsrats zu"},"content":{"rendered":"<ul>\n<li><strong>Sicherung von frischem Kapital in H\u00f6he von 18,5 Mio Schweizer Franken von den bestehenden Investoren Golden Partner und Bruellan<\/strong><\/li>\n<li><strong>Schaffung von genehmigtem und bedingtem Aktienkapital als Finanzspritze f\u00fcr die Umsetzung von Wachstumspl\u00e4nen<\/strong><\/li>\n<li><strong>Aktueller Bericht \u00fcber die Finanzierungs- und Wachstumsstrategie inklusive Best\u00e4tigung eines zu erwartenden qualifizierten Auftragsvolumens in H\u00f6he von 450 MWh<\/strong><\/li>\n<li><strong>Wahl von drei neuen Mitgliedern des Verwaltungsrats<\/strong><\/li>\n<\/ul>\n<p>YVERDON-LES-BAINS, Schweiz, 26. Juli 2017: Leclanch\u00e9 SA (SIX Swiss Exchange: LECN), einer der weltweit f\u00fchrenden Anbieter von Energiespeicherl\u00f6sungen, teilte heute mit, dass die Aktion\u00e4re des Unternehmens im Rahmen der heute Vormittag abgehaltenen Jahreshauptversammlung f\u00fcr das Jahr 2016 alle Antr\u00e4ge des Verwaltungsrats angenommen haben.<\/p>\n<p>Die Aktion\u00e4re stimmten im Zusammenhang mit den operativen und wachstumsbezogenen Pl\u00e4nen des Jahres 2017 allen Beschl\u00fcssen \u00fcber die Schaffung von genehmigtem und bedingtem Aktienkapital zu.<\/p>\n<p>Dar\u00fcber hinaus wurden drei neue Mitglieder in den Verwaltungsrat gew\u00e4hlt. So begr\u00fc\u00dft das Unternehmen den in der Schweiz und Europa bekannten Branchenf\u00fchrer Pierre-Alain Graf als unabh\u00e4ngigens Mitglied sowie die hochkar\u00e4tigen Finanzexperten Tianyi Fan und Cathy Wang von Golden Partner im Verwaltungsrat.<\/p>\n<p>Au\u00dferdem unterst\u00fctzten die Aktion\u00e4re den Vorschlag von LECN Co-Invest und ACE EE \u00fcber die Wiederaufnahme von Artikel 5 der Satzung und die Erh\u00f6hung der Schwelle f\u00fcr ein Pflichtangebot von einer Beteiligungsh\u00f6he von 33 % auf 49 %.<\/p>\n<p>Anil Srivastava, CEO von Leclanch\u00e9, lieferte eine umfassende Gesamt\u00fcbersicht \u00fcber die wesentlichen Erfolge des Unternehmens im Jahr 2016, darunter eine Umsatzsteigerung von 56 %, was mehr als das 2,5-Fache des Werts aus dem Jahr 2014 bedeutet, eine 16-fache Steigerung bei den Auftragseing\u00e4ngen, eine stabile Verringerung des EBITDA-Verlustes um 54 % im Jahresvergleich und au\u00dferbilanzm\u00e4\u00dfige Projektfinanzierungen in H\u00f6he von 23 Mio US-Dollar. Dar\u00fcber hinaus legte Srivastava eine aktuellen Bericht \u00fcber die Finanzierungs- und Wachstumsstrategie des Unternehmens vor. Trotz des Erfolges im Jahr 2016 geriet die Wachstumsstrategie von Leclanch\u00e9 in der ersten Jahresh\u00e4lfte 2017 kurzzeitig in Schieflage. Zur\u00fcckzuf\u00fchren ist dies auf kumulierte Verluste aus der Vergangenheit und Verz\u00f6gerungen bei der Beschaffung neuen Eigenkapitals, die zu einer sehr kurzfristigen, bilanzbasierten technischen Zahlungsunf\u00e4higkeit gem\u00e4\u00df Artikel 725.2 des schweizerischen Obligationenrechts f\u00fchrte, die dem Verwaltungsrat seit dem 31. Mai 2017 bekannt war. Ein weiterer Grund waren Verz\u00f6gerungen bei der Aushandlung der Verl\u00e4ngerung der von ACE und Jade Group bereitgestellten Wandelanleihe mit F\u00e4lligkeit am 30. Juni 2017. Leclanch\u00e9 konnte diese Probleme jedoch l\u00f6sen und der Wachstumskurs des Unternehmens bleibt unber\u00fchrt, da Leclanch\u00e9 sich im Juli frisches Kapital sichern konnte, das von den bestehenden Aktion\u00e4ren Gold Partner und Bruellan bereitgestellt wird. 2 Leclanch\u00e9 plant die Beschaffung einer weiteren Finanzspritze in H\u00f6he von 30 Mio Schweizer Franken im Oktober und pr\u00fcft die Ausgabe von Bezugsrechten, private Platzierungen bei institutionellen Anlegern und die Ver\u00e4u\u00dferung von Verm\u00f6genswerten.<\/p>\n<p>Dar\u00fcber hinaus pr\u00fcft Leclanch\u00e9 eine Zweitnotierung an einer nordamerikanischen B\u00f6rse und die m\u00f6gliche \u00dcbernahme eines im Bereich Energiemanagement- und Energiespeichersoftware t\u00e4tigen Unternehmens, bei der eine zus\u00e4tzliche Marge von 3,5 % erwartet wird.<\/p>\n<p>Jim Atack, Verwaltungsratspr\u00e4sident von Leclanch\u00e9, erkl\u00e4rte: \u201eWir sind hocherfreut \u00fcber die kontinuierliche Unterst\u00fctzung durch unsere Aktion\u00e4re und die Tatsache, dass sie s\u00e4mtliche Vorschl\u00e4ge des Verwaltungsrates angenommen haben. Mit gro\u00dfer Freude begr\u00fc\u00dfen wir Tianyi Fan, Pierre-Alain Graf und Cathy Wang als neue Verwaltungsratsmitglieder. Dar\u00fcber hinaus sind wir sehr dankbar f\u00fcr die Investitionszusagen unserer langj\u00e4hrigen Aktion\u00e4re Golden Partner und Bruellan, dank derer die Unternehmensleitung von Leclanch\u00e9 den n\u00e4chsten Schritt in Richtung Wachstum gehen kann. Wir danken ACE und Jade Group f\u00fcr ihre konstruktive Zusammenarbeit mit Golden Partner und unserem Unternehmen bei der Verl\u00e4ngerung der Wandelanleihe.\u201c<\/p>\n<p>Tianyi Fan und Cathy Wang, die die Interessen von Golden Partner vertreten, erkl\u00e4rten: \u201eLeclanch\u00e9 steht beim Wandel des globalen Energiesektors hin zu einem Fokus auf erneuerbare Energien an vorderster Front und wir freuen uns, auch weiterhin mit unseren Investitionen einen Beitrag zu den gro\u00dfartigen M\u00f6glichkeiten zu leisten, die sich zuk\u00fcnftig f\u00fcr das Unternehmen ergeben werden.\u201c<\/p>\n<p>Antoine Spillmann, Partner und CEO von Bruellan, einem Gro\u00dfaktion\u00e4r des Unternehmens, f\u00fcgte hinzu: \u201eWir freuen uns sehr, unsere Investition in Leclanch\u00e9 zu steigern. Ich gratuliere Anil und seinem erstklassigen F\u00fchrungsteam zu ihrer Leistung beim Umbau des Unternehmens. Leclanch\u00e9 ist in einem Bereich, in dem alle Zeichen auf ein langfristiges und starkes Wachstum hinweisen, eines der innovativsten Unternehmen \u00fcberhaupt.\u201c<\/p>\n<p>Die wiederaufgenommene, beschleunigte Wachstumsstrategie von Leclanch\u00e9 f\u00fcr die zweite Jahresh\u00e4lfte 2017 konzentriert sich vor allem auf die Fertigstellung der laufenden Gro\u00dfprojekte f\u00fcr station\u00e4re Energiespeicherl\u00f6sungen. Dazu geh\u00f6ren mit dem Marengo-Projekt in den USA und dem IESO-Projekt in Kanada zwei der gr\u00f6\u00dften Projekte dieser Art, die bisher auf der Welt in Angriff genommen wurden. Weitere Punkte sind im Anschluss an die weltweit g\u00fcltige Vereinbarung mit Skoda \u00fcber die Bereitstellung von Akkumulatoren f\u00fcr die Elektrobus-Paketl\u00f6sung des Unternehmens die Finalisierung von Vertr\u00e4gen im Bereich Elektromobilit\u00e4t und die Markteinf\u00fchrung des neuen Batteriegestells f\u00fcr Schiffsanwendungen, des weltweit ersten Systems mit Zulassung nach \u00fcberarbeiteten DNV-GL-Anforderungen. Weiterhin zu nennen w\u00e4re die Vereinbarung mit eCAMION und SGEM \u00fcber den Bau und Betrieb eines Netzwerks aus 34 Schnellladestationen f\u00fcr Fahrzeuge entlang des Trans-Canada-Highways.<\/p>\n<p>Insgesamt verf\u00fcgt Leclanch\u00e9 bis einschlie\u00dflich 2018 \u00fcber ein best\u00e4tigtes Auftragsvolumen in H\u00f6he von 95 MWh, was einem Ertrag in H\u00f6he von 50 Mio US-Dollar entspricht, sowie \u00fcber zu erwartende qualifizierte Auftr\u00e4ge mit einem Volumen von mehr als 540 MWh. Im Bereich Elektromobilit\u00e4t erwartet Leclanch\u00e9 ab 2019 Auftr\u00e4ge in H\u00f6he von 150 MWh j\u00e4hrlich, was einem Ertrag von \u00fcber 45 Mio US-Dollar entspricht.<\/p>\n<p>Die M\u00e4rkte, auf denen Leclanch\u00e9 aktiv ist, verzeichnen weiterhin ein sehr gro\u00dfes Wachstum. Navigant Research erwartet im Zeitraum von vier Jahren bis 2020 im Bereich der Gro\u00dfenergieerzeugungssysteme und Microgrids eine j\u00e4hrliche Wachstumsrate von 48 %, bei kommerziellen und industriellen Batteriesystemen von 58 % sowie im Bereich Elektromobilit\u00e4t von 37 %.<\/p>\n<p><strong>About Leclanch\u00e9<\/strong><\/p>\n<p>Leclanch\u00e9 is one of the world\u2019s leading fully vertically integrated energy storage solution providers. It delivers a wide range of energy storage solutions for homes, small offices, large industries, electricity grids, as well as hybridization for mass transport systems such as bus fleets and ferries. Established in 1909, Leclanch\u00e9 has been a trusted provider of battery energy storage solutions for over 100 years.<\/p>\n<p>Founded in the tradition of Georges Leclanch\u00e9, the inventor of the dry cell battery, Leclanch\u00e9 today has a rich portfolio of Battery Energy Storage Systems (BESS) that include bespoke battery systems from industry leading lithium-ion solutions.<\/p>\n<p>Leclanch\u00e9 is listed on the Swiss stock exchange, and is the only listed pure-play energy storage company in the world.<\/p>\n<p>SIX Swiss Exchange: ticker symbol LECN | ISIN CH 011 030 311 9<\/p>\n<p><strong>Disclaimer<\/strong><\/p>\n<p>This press release contains certain forward-looking statements relating to Leclanch\u00e9&#8217;s business, which can be identified by terminology such as &#8222;strategic&#8220;, &#8222;proposes&#8220;, &#8222;to introduce&#8220;, &#8222;will&#8220;, &#8222;planned&#8220;, &#8222;expected&#8220;, &#8222;commitment&#8220;, &#8222;expects&#8220;, &#8222;set&#8220;, &#8222;preparing&#8220;, &#8222;plans&#8220;, &#8222;estimates&#8220;, &#8222;aims&#8220;, &#8222;would&#8220;, &#8222;potential&#8220;, &#8222;awaiting&#8220;, &#8222;estimated&#8220;, &#8222;proposal&#8220;, or similar expressions, or by expressed or implied discussions regarding the ramp up of Leclanch\u00e9&#8217;s production capacity, potential applications for existing products, or regarding potential future revenues from any such products, or potential future sales or earnings of Leclanch\u00e9 or any of its business units.<\/p>\n<p>You should not place undue reliance on these statements. Such forward-looking statements reflect the current views of Leclanch\u00e9 regarding future events, and involve known and unknown risks, uncertainties and other factors that may cause actual results to be materially different from any future results, performance or achievements expressed or implied by such statements. There can be no guarantee that Leclanch\u00e9&#8217;s products will achieve any particular revenue levels. Nor can there be any guarantee that Leclanch\u00e9, or any of the business units, will achieve any particular financial results.<\/p>\n<p>* * * * *<\/p>\n<p><strong>Leclanch\u00e9 Media Contacts:<\/strong><\/p>\n<p><strong>Europe\/Global:<\/strong><br \/>\nD\u00e9sir\u00e9e Maghoo<br \/>\nT: +44 (0) 7775522740<br \/>\nE-mail: <a href=\"mailto:dmaghoo@questorconsulting.com\">dmaghoo@questorconsulting.com<\/a><\/p>\n<p>Simon Barker<br \/>\nT: +44 (0)7866 314331<br \/>\nE-mail: <a href=\"mailto:sbarker@questorconsulting.com\">sbarker@questorconsulting.com<\/a><\/p>\n<p><strong>U.S. and Canada:<\/strong><\/p>\n<p>Rick Anderson \/ Henry Feintuch<br \/>\nT: +1 (718) 986-1596 \/ +1 (212) 808-4901<br \/>\nE-mail: <a href=\"mailto:leclanche@feintuchpr.com\">leclanche@feintuchpr.com<\/a><\/p>\n<p><strong>Leclanch\u00e9 Investor Contacts:<\/strong><\/p>\n<p>Anil Srivastava \/ Hubert Angleys<br \/>\nTel.: +41 (0) 24 424 65 00<br \/>\nE-mail: <a href=\"mailto:invest.leclanche@leclanche.com\">invest.leclanche@leclanche.com<\/a><\/p>\n","protected":false},"excerpt":{"rendered":"<p>Leclanch\u00e9 Aktion\u00e4re stimmen bei Jahreshauptversammlung allen Antr\u00e4gen des Verwaltungsrats zu<\/p>\n","protected":false},"author":2,"featured_media":0,"comment_status":"open","ping_status":"open","sticky":false,"template":"","format":"standard","meta":{"footnotes":""},"categories":[100,48,109],"tags":[],"class_list":["post-10733","post","type-post","status-publish","format-standard","hentry","category-old-all-press-releases-de","category-pressemitteilung","category-weitere-pressemitteilungen"],"yoast_head":"<!-- This site is optimized with the Yoast SEO plugin v26.4 - https:\/\/yoast.com\/wordpress\/plugins\/seo\/ -->\n<title>Leclanch\u00e9 Aktion\u00e4re stimmen bei Jahreshauptversammlung allen Antr\u00e4gen des Verwaltungsrats zu - Leclanch\u00e9<\/title>\n<meta name=\"description\" content=\"Leclanch\u00e9 Aktion\u00e4re stimmen bei Jahreshauptversammlung allen Antr\u00e4gen des Verwaltungsrats zu\" \/>\n<meta name=\"robots\" content=\"index, follow, max-snippet:-1, max-image-preview:large, max-video-preview:-1\" \/>\n<link rel=\"canonical\" href=\"https:\/\/www.leclanche.com\/de\/leclanche-aktionaere-stimmen-bei-jahreshauptversammlung-allen-antraegen-des-verwaltungsrats-zu\/\" \/>\n<meta property=\"og:locale\" content=\"de_DE\" \/>\n<meta property=\"og:type\" content=\"article\" \/>\n<meta property=\"og:title\" content=\"Leclanch\u00e9 Aktion\u00e4re stimmen bei Jahreshauptversammlung allen Antr\u00e4gen des Verwaltungsrats zu - Leclanch\u00e9\" \/>\n<meta property=\"og:description\" content=\"Leclanch\u00e9 Aktion\u00e4re stimmen bei Jahreshauptversammlung allen Antr\u00e4gen des Verwaltungsrats zu\" \/>\n<meta property=\"og:url\" content=\"https:\/\/www.leclanche.com\/de\/leclanche-aktionaere-stimmen-bei-jahreshauptversammlung-allen-antraegen-des-verwaltungsrats-zu\/\" \/>\n<meta property=\"og:site_name\" content=\"Leclanch\u00e9\" \/>\n<meta property=\"article:published_time\" content=\"2017-07-26T13:04:34+00:00\" \/>\n<meta name=\"author\" content=\"Annick.Bid\" \/>\n<meta name=\"twitter:card\" content=\"summary_large_image\" \/>\n<meta name=\"twitter:label1\" content=\"Verfasst von\" \/>\n\t<meta name=\"twitter:data1\" content=\"Annick.Bid\" \/>\n\t<meta name=\"twitter:label2\" content=\"Gesch\u00e4tzte Lesezeit\" \/>\n\t<meta name=\"twitter:data2\" content=\"7\u00a0Minuten\" \/>\n<script type=\"application\/ld+json\" class=\"yoast-schema-graph\">{\"@context\":\"https:\/\/schema.org\",\"@graph\":[{\"@type\":\"WebPage\",\"@id\":\"https:\/\/www.leclanche.com\/de\/leclanche-aktionaere-stimmen-bei-jahreshauptversammlung-allen-antraegen-des-verwaltungsrats-zu\/\",\"url\":\"https:\/\/www.leclanche.com\/de\/leclanche-aktionaere-stimmen-bei-jahreshauptversammlung-allen-antraegen-des-verwaltungsrats-zu\/\",\"name\":\"Leclanch\u00e9 Aktion\u00e4re stimmen bei Jahreshauptversammlung allen Antr\u00e4gen des Verwaltungsrats zu - Leclanch\u00e9\",\"isPartOf\":{\"@id\":\"https:\/\/www.leclanche.com\/de\/#website\"},\"datePublished\":\"2017-07-26T13:04:34+00:00\",\"author\":{\"@id\":\"https:\/\/www.leclanche.com\/de\/#\/schema\/person\/7ef725388a3f2b409a32cfa92059aa64\"},\"description\":\"Leclanch\u00e9 Aktion\u00e4re stimmen bei Jahreshauptversammlung allen Antr\u00e4gen des Verwaltungsrats zu\",\"breadcrumb\":{\"@id\":\"https:\/\/www.leclanche.com\/de\/leclanche-aktionaere-stimmen-bei-jahreshauptversammlung-allen-antraegen-des-verwaltungsrats-zu\/#breadcrumb\"},\"inLanguage\":\"de\",\"potentialAction\":[{\"@type\":\"ReadAction\",\"target\":[\"https:\/\/www.leclanche.com\/de\/leclanche-aktionaere-stimmen-bei-jahreshauptversammlung-allen-antraegen-des-verwaltungsrats-zu\/\"]}]},{\"@type\":\"BreadcrumbList\",\"@id\":\"https:\/\/www.leclanche.com\/de\/leclanche-aktionaere-stimmen-bei-jahreshauptversammlung-allen-antraegen-des-verwaltungsrats-zu\/#breadcrumb\",\"itemListElement\":[{\"@type\":\"ListItem\",\"position\":1,\"name\":\"Accueil\",\"item\":\"https:\/\/www.leclanche.com\/de\/\"},{\"@type\":\"ListItem\",\"position\":2,\"name\":\"Leclanch\u00e9 Aktion\u00e4re stimmen bei Jahreshauptversammlung allen Antr\u00e4gen des Verwaltungsrats zu\"}]},{\"@type\":\"WebSite\",\"@id\":\"https:\/\/www.leclanche.com\/de\/#website\",\"url\":\"https:\/\/www.leclanche.com\/de\/\",\"name\":\"Leclanch\u00e9\",\"description\":\"Energy Storage Solutions\",\"potentialAction\":[{\"@type\":\"SearchAction\",\"target\":{\"@type\":\"EntryPoint\",\"urlTemplate\":\"https:\/\/www.leclanche.com\/de\/?s={search_term_string}\"},\"query-input\":{\"@type\":\"PropertyValueSpecification\",\"valueRequired\":true,\"valueName\":\"search_term_string\"}}],\"inLanguage\":\"de\"},{\"@type\":\"Person\",\"@id\":\"https:\/\/www.leclanche.com\/de\/#\/schema\/person\/7ef725388a3f2b409a32cfa92059aa64\",\"name\":\"Annick.Bid\",\"image\":{\"@type\":\"ImageObject\",\"inLanguage\":\"de\",\"@id\":\"https:\/\/www.leclanche.com\/de\/#\/schema\/person\/image\/\",\"url\":\"https:\/\/secure.gravatar.com\/avatar\/0fe6baaabc318280db3d0e10c43b8017aa89b961c16e819765bd4fb65396af34?s=96&d=mm&r=g\",\"contentUrl\":\"https:\/\/secure.gravatar.com\/avatar\/0fe6baaabc318280db3d0e10c43b8017aa89b961c16e819765bd4fb65396af34?s=96&d=mm&r=g\",\"caption\":\"Annick.Bid\"},\"url\":\"https:\/\/www.leclanche.com\/de\/author\/annick-bid\/\"}]}<\/script>\n<!-- \/ Yoast SEO plugin. -->","yoast_head_json":{"title":"Leclanch\u00e9 Aktion\u00e4re stimmen bei Jahreshauptversammlung allen Antr\u00e4gen des Verwaltungsrats zu - Leclanch\u00e9","description":"Leclanch\u00e9 Aktion\u00e4re stimmen bei Jahreshauptversammlung allen Antr\u00e4gen des Verwaltungsrats zu","robots":{"index":"index","follow":"follow","max-snippet":"max-snippet:-1","max-image-preview":"max-image-preview:large","max-video-preview":"max-video-preview:-1"},"canonical":"https:\/\/www.leclanche.com\/de\/leclanche-aktionaere-stimmen-bei-jahreshauptversammlung-allen-antraegen-des-verwaltungsrats-zu\/","og_locale":"de_DE","og_type":"article","og_title":"Leclanch\u00e9 Aktion\u00e4re stimmen bei Jahreshauptversammlung allen Antr\u00e4gen des Verwaltungsrats zu - Leclanch\u00e9","og_description":"Leclanch\u00e9 Aktion\u00e4re stimmen bei Jahreshauptversammlung allen Antr\u00e4gen des Verwaltungsrats zu","og_url":"https:\/\/www.leclanche.com\/de\/leclanche-aktionaere-stimmen-bei-jahreshauptversammlung-allen-antraegen-des-verwaltungsrats-zu\/","og_site_name":"Leclanch\u00e9","article_published_time":"2017-07-26T13:04:34+00:00","author":"Annick.Bid","twitter_card":"summary_large_image","twitter_misc":{"Verfasst von":"Annick.Bid","Gesch\u00e4tzte Lesezeit":"7\u00a0Minuten"},"schema":{"@context":"https:\/\/schema.org","@graph":[{"@type":"WebPage","@id":"https:\/\/www.leclanche.com\/de\/leclanche-aktionaere-stimmen-bei-jahreshauptversammlung-allen-antraegen-des-verwaltungsrats-zu\/","url":"https:\/\/www.leclanche.com\/de\/leclanche-aktionaere-stimmen-bei-jahreshauptversammlung-allen-antraegen-des-verwaltungsrats-zu\/","name":"Leclanch\u00e9 Aktion\u00e4re stimmen bei Jahreshauptversammlung allen Antr\u00e4gen des Verwaltungsrats zu - Leclanch\u00e9","isPartOf":{"@id":"https:\/\/www.leclanche.com\/de\/#website"},"datePublished":"2017-07-26T13:04:34+00:00","author":{"@id":"https:\/\/www.leclanche.com\/de\/#\/schema\/person\/7ef725388a3f2b409a32cfa92059aa64"},"description":"Leclanch\u00e9 Aktion\u00e4re stimmen bei Jahreshauptversammlung allen Antr\u00e4gen des Verwaltungsrats zu","breadcrumb":{"@id":"https:\/\/www.leclanche.com\/de\/leclanche-aktionaere-stimmen-bei-jahreshauptversammlung-allen-antraegen-des-verwaltungsrats-zu\/#breadcrumb"},"inLanguage":"de","potentialAction":[{"@type":"ReadAction","target":["https:\/\/www.leclanche.com\/de\/leclanche-aktionaere-stimmen-bei-jahreshauptversammlung-allen-antraegen-des-verwaltungsrats-zu\/"]}]},{"@type":"BreadcrumbList","@id":"https:\/\/www.leclanche.com\/de\/leclanche-aktionaere-stimmen-bei-jahreshauptversammlung-allen-antraegen-des-verwaltungsrats-zu\/#breadcrumb","itemListElement":[{"@type":"ListItem","position":1,"name":"Accueil","item":"https:\/\/www.leclanche.com\/de\/"},{"@type":"ListItem","position":2,"name":"Leclanch\u00e9 Aktion\u00e4re stimmen bei Jahreshauptversammlung allen Antr\u00e4gen des Verwaltungsrats zu"}]},{"@type":"WebSite","@id":"https:\/\/www.leclanche.com\/de\/#website","url":"https:\/\/www.leclanche.com\/de\/","name":"Leclanch\u00e9","description":"Energy Storage Solutions","potentialAction":[{"@type":"SearchAction","target":{"@type":"EntryPoint","urlTemplate":"https:\/\/www.leclanche.com\/de\/?s={search_term_string}"},"query-input":{"@type":"PropertyValueSpecification","valueRequired":true,"valueName":"search_term_string"}}],"inLanguage":"de"},{"@type":"Person","@id":"https:\/\/www.leclanche.com\/de\/#\/schema\/person\/7ef725388a3f2b409a32cfa92059aa64","name":"Annick.Bid","image":{"@type":"ImageObject","inLanguage":"de","@id":"https:\/\/www.leclanche.com\/de\/#\/schema\/person\/image\/","url":"https:\/\/secure.gravatar.com\/avatar\/0fe6baaabc318280db3d0e10c43b8017aa89b961c16e819765bd4fb65396af34?s=96&d=mm&r=g","contentUrl":"https:\/\/secure.gravatar.com\/avatar\/0fe6baaabc318280db3d0e10c43b8017aa89b961c16e819765bd4fb65396af34?s=96&d=mm&r=g","caption":"Annick.Bid"},"url":"https:\/\/www.leclanche.com\/de\/author\/annick-bid\/"}]}},"_links":{"self":[{"href":"https:\/\/www.leclanche.com\/de\/wp-json\/wp\/v2\/posts\/10733","targetHints":{"allow":["GET"]}}],"collection":[{"href":"https:\/\/www.leclanche.com\/de\/wp-json\/wp\/v2\/posts"}],"about":[{"href":"https:\/\/www.leclanche.com\/de\/wp-json\/wp\/v2\/types\/post"}],"author":[{"embeddable":true,"href":"https:\/\/www.leclanche.com\/de\/wp-json\/wp\/v2\/users\/2"}],"replies":[{"embeddable":true,"href":"https:\/\/www.leclanche.com\/de\/wp-json\/wp\/v2\/comments?post=10733"}],"version-history":[{"count":0,"href":"https:\/\/www.leclanche.com\/de\/wp-json\/wp\/v2\/posts\/10733\/revisions"}],"wp:attachment":[{"href":"https:\/\/www.leclanche.com\/de\/wp-json\/wp\/v2\/media?parent=10733"}],"wp:term":[{"taxonomy":"category","embeddable":true,"href":"https:\/\/www.leclanche.com\/de\/wp-json\/wp\/v2\/categories?post=10733"},{"taxonomy":"post_tag","embeddable":true,"href":"https:\/\/www.leclanche.com\/de\/wp-json\/wp\/v2\/tags?post=10733"}],"curies":[{"name":"wp","href":"https:\/\/api.w.org\/{rel}","templated":true}]}}