{"id":10739,"date":"2016-11-25T00:00:00","date_gmt":"2016-11-24T23:00:00","guid":{"rendered":"https:\/\/www.leclanche.com\/leclanche-kuendigt-aenderungen-im-verwaltungsrat-an\/"},"modified":"2016-11-25T00:00:00","modified_gmt":"2016-11-24T23:00:00","slug":"leclanche-kuendigt-aenderungen-im-verwaltungsrat-an","status":"publish","type":"post","link":"https:\/\/www.leclanche.com\/de\/leclanche-kuendigt-aenderungen-im-verwaltungsrat-an\/","title":{"rendered":"Leclanch\u00e9 k\u00fcndigt \u00c4nderungen im Verwaltungsrat an"},"content":{"rendered":"<p><strong>YVERDON-LES-BAINS, DEN 25. NOVEMBER 2016:<\/strong> Nach zweieinhalb Jahre im Verwaltungsrat von Leclanch\u00e9 SA, geben die Vertreter von Recharge A\/S, Scott Macaw und Robert Robertsson ihr Amt ab. Im Dezember 2014 hatte Recharge den Sanierungsplan von Leclanch\u00e9 mittels Wandelanleihen in H\u00f6he von CHF 22 Mio finanziert. Alle Wandelanleihen wurde in Aktien umgewandelt oder wurden an andere Schl\u00fcsselaktion\u00e4re \u00fcbertragen. Der aktuelle Aktion\u00e4rsanteil von Recharge in Leclanch\u00e9 liegt bei 7,5%.<\/p>\n<p>W\u00e4hrend des Sanierungsplans hat Leclanch\u00e9 eine solide Produktionslinie in ihrer Zellfertigung in Willst\u00e4tt aufgebaut und konnte bereits wichtige Kunden und neue strategische Investoren gewinnen. Ein Wachstumsplan der Gesch\u00e4ftst\u00e4tigkeit wurden von den Aktion\u00e4ren im Jahr 2015 beschlossen und ist, insbesondere mit weltweiten, bedeutenden Verk\u00e4ufen von voll integrierten Speicherl\u00f6sungen, zum aktuellen Zeitpunkt weit fortgeschritten.<\/p>\n<p>Der Beitrag von Recharge zur Finanzierung der ersten Phase des Wachstumsplan von Leclanch\u00e9 war f\u00fcr den Erfolg von Leclanch\u00e9 ebenso wesentlich, wie der Beitrag zur Internalisierung des Batterie-Management-Systems und die Finanzierung der strategischen Investition im Projekt Graciosa auf einer portugiesischen Azoreninsel.<\/p>\n<p>Scott Macaw und Robert Robertsson sind \u00fcberzeugt, dass, jetzt, da der Sanierungsplan beendet ist und Leclanch\u00e9 mit der Umsetzung der n\u00e4chsten Phase ihres Wachstumsplan begonnen hat, das Unternehmen \u00fcber die notwendigen Ressourcen an Investoren, Verwaltungsratsmitgliedern und F\u00fchrungskr\u00e4ften verf\u00fcgt, um Erfolg zu haben.<\/p>\n<p>Scott Macaw und Robert Robertsson erwarten f\u00fcr Leclanch\u00e9 eine viel versprechende Zukunft und freuen sich, das Unternehmen auf andere Weise als im Verwaltungsrat unterst\u00fctzen zu k\u00f6nnen.<\/p>\n<p>Der Verwaltungsrat m\u00f6chte die Gelegenheit nutzen, um sich bei Scott Macaw und Robert Robertsson f\u00fcr ihre Unterst\u00fctzung, ihren Beitrag und die Zusammenarbeit im Laufe der letzten zweieinhalb Jahre zu bedanken.<\/p>\n<p>Leclanch\u00e9 verpflichtet sich, seinen Verwaltungsrat zu erneuern und zu st\u00e4rken. Sie pr\u00fcft welche Kandidaten die bestm\u00f6glichen Nachfolger von Scott Macaw und Robert Robertsson werden k\u00f6nnten, um den Wachstumsplan erfolgreich voranzubringen.<\/p>\n<p># # #<\/p>\n<p><strong>\u00dcber Leclanch\u00e9<\/strong><\/p>\n<p>Leclanch\u00e9 SA (SIX: LECN) ist ein vollst\u00e4ndig vertikal integrierter Anbieter von Energiespeicherl\u00f6sungen. Er liefert eine breite Palette an schl\u00fcsselfertigen Speicherprodukten f\u00fcr Haushalts &#8211; und B\u00fcroanwendungen, Grossindustrieanlagen, Stromnetze und f\u00fcr die Hybridisierung von Massen-Transportsystemen wie Busse und F\u00e4hren. Seit \u00fcber 100 Jahren ist Leclanch\u00e9 ein verl\u00e4sslicher Partner f\u00fcr Batteriespeicher-L\u00f6sungen. Gegr\u00fcndet in der Tradition von Georges Leclanch\u00e9, dem Erfinder der Trockenzelle, f\u00fchrt Leclanch\u00e9 heute batteriebetriebene Energiespeichersysteme (BESS) Batteriesysteme in seinem Portfolio, das aus ma\u00dfgeschneiderten Batteriesystemen mit branchenf\u00fchrenden Lithium-Ionen-L\u00f6sungen besteht.<\/p>\n<p>SIX Swiss Exchange: ticker symbol LECN | ISIN CH 011 030 311 9<\/p>\n<p><strong>Disclaimer<\/strong><\/p>\n<p>Diese Pressemitteilung enth\u00e4lt mit Bezug auf die Gesch\u00e4ftst\u00e4tigkeiten von Leclanch\u00e9 in die Zukunft gerichtete Aussagen, die beispielsweise aufgrund der Begriffe &#8222;strategisch&#8220;, &#8222;beantragt&#8220;, &#8222;einf\u00fchren&#8220;, &#8222;wird&#8220;, &#8222;geplant&#8220;, &#8222;erwartet&#8220;, &#8222;Verpflichtung&#8220;, &#8222;bestimmt&#8220; , &#8222;vorbereitend&#8220;, &#8222;plant&#8220;, &#8222;sch\u00e4tzt&#8220;, &#8222;zielt ab&#8220;, &#8222;k\u00f6nnte\/w\u00fcrde&#8220;, &#8222;potentiell&#8220;, &#8222;erwartend&#8220;, &#8222;gesch\u00e4tzt&#8220;, &#8222;Antrag&#8220; oder \u00e4hnlichen Ausdr\u00fccken identifiziert werden k\u00f6nnen oder aufgrund von ausdr\u00fccklichen oder impliziten \u00c4usserungen betreffend die Aufstockung von Leclanch\u00e9s Produktionskapazit\u00e4t, betreffend Anfragen f\u00fcr bestehende Produkte oder zuk\u00fcnftige Einnahmen von solchen Produkten, betreffend potentielle zuk\u00fcnftige Ums\u00e4tze oder Einnahmen von Leclanch\u00e9 oder einer ihrer Gesch\u00e4ftsbereiche. Sie sollten damit keine \u00fcbertriebenen Erwartungen verbinden. Diese zukunftsgerichteten Aussagen reflektieren die gegenw\u00e4rtige Ansicht von Leclanch\u00e9 betreffend zuk\u00fcnftiger Ereignisse und enthalten bekannte und unbekannte Risiken, Unsicherheiten und andere Faktoren, welche zu k\u00fcnftige Resultate, Performance und Leistungen erheblich von den erwartenden abweichen lassen k\u00f6nnen. Es gibt weder eine Garantie, dass die Produkte von Leclanch\u00e9 eine bestimmte Ertragsh\u00f6he erzielen noch eine Garantie, dass Leclanch\u00e9 oder einer ihrer Gesch\u00e4ftsbereiche ein bestimmtes Finanzziel erreichen.<\/p>\n<p>* * * * *<\/p>\n<p>Medienkontakte<\/p>\n<p>Weltweit Florent Gaillard<br \/>\nTel: +41 (0) 24 424 65 00<br \/>\nE-Mail: florent.gaillard@leclanche.com<\/p>\n<p>Nordamerika Richard Anderson \/ Henry Feintuch Feintuch Communications<br \/>\nTel.: +1 (718) 986-1596 \/ (212) 808-4901<br \/>\nE-Mail: leclanche@feintuchpr.com<\/p>\n<p>Investor Relations<br \/>\nHubert Angleys<br \/>\nE-Mail: invest.leclanche@leclanche.com<br \/>\nTel.: +41 (0) 24 424 65 00<\/p>\n","protected":false},"excerpt":{"rendered":"<p>Leclanch\u00e9 k\u00fcndigt \u00c4nderungen im Verwaltungsrat an<\/p>\n","protected":false},"author":2,"featured_media":0,"comment_status":"closed","ping_status":"open","sticky":false,"template":"","format":"standard","meta":{"footnotes":""},"categories":[47,100,48,109],"tags":[],"class_list":["post-10739","post","type-post","status-publish","format-standard","hentry","category-firmennachrichten","category-old-all-press-releases-de","category-pressemitteilung","category-weitere-pressemitteilungen"],"yoast_head":"<!-- This site is optimized with the Yoast SEO plugin v26.4 - https:\/\/yoast.com\/wordpress\/plugins\/seo\/ -->\n<title>Leclanch\u00e9 k\u00fcndigt \u00c4nderungen im Verwaltungsrat an - Leclanch\u00e9<\/title>\n<meta name=\"description\" content=\"Leclanch\u00e9 k\u00fcndigt \u00c4nderungen im Verwaltungsrat an\" \/>\n<meta name=\"robots\" content=\"index, follow, max-snippet:-1, max-image-preview:large, max-video-preview:-1\" \/>\n<link rel=\"canonical\" href=\"https:\/\/www.leclanche.com\/de\/leclanche-kuendigt-aenderungen-im-verwaltungsrat-an\/\" \/>\n<meta property=\"og:locale\" content=\"de_DE\" \/>\n<meta property=\"og:type\" content=\"article\" \/>\n<meta property=\"og:title\" content=\"Leclanch\u00e9 k\u00fcndigt \u00c4nderungen im Verwaltungsrat an - Leclanch\u00e9\" \/>\n<meta property=\"og:description\" content=\"Leclanch\u00e9 k\u00fcndigt \u00c4nderungen im Verwaltungsrat an\" \/>\n<meta property=\"og:url\" content=\"https:\/\/www.leclanche.com\/de\/leclanche-kuendigt-aenderungen-im-verwaltungsrat-an\/\" \/>\n<meta property=\"og:site_name\" content=\"Leclanch\u00e9\" \/>\n<meta property=\"article:published_time\" content=\"2016-11-24T23:00:00+00:00\" \/>\n<meta name=\"author\" content=\"Annick.Bid\" \/>\n<meta name=\"twitter:card\" content=\"summary_large_image\" \/>\n<meta name=\"twitter:label1\" content=\"Verfasst von\" \/>\n\t<meta name=\"twitter:data1\" content=\"Annick.Bid\" \/>\n\t<meta name=\"twitter:label2\" content=\"Gesch\u00e4tzte Lesezeit\" \/>\n\t<meta name=\"twitter:data2\" content=\"3\u00a0Minuten\" \/>\n<script type=\"application\/ld+json\" class=\"yoast-schema-graph\">{\"@context\":\"https:\/\/schema.org\",\"@graph\":[{\"@type\":\"WebPage\",\"@id\":\"https:\/\/www.leclanche.com\/de\/leclanche-kuendigt-aenderungen-im-verwaltungsrat-an\/\",\"url\":\"https:\/\/www.leclanche.com\/de\/leclanche-kuendigt-aenderungen-im-verwaltungsrat-an\/\",\"name\":\"Leclanch\u00e9 k\u00fcndigt \u00c4nderungen im Verwaltungsrat an - Leclanch\u00e9\",\"isPartOf\":{\"@id\":\"https:\/\/www.leclanche.com\/de\/#website\"},\"datePublished\":\"2016-11-24T23:00:00+00:00\",\"author\":{\"@id\":\"https:\/\/www.leclanche.com\/de\/#\/schema\/person\/7ef725388a3f2b409a32cfa92059aa64\"},\"description\":\"Leclanch\u00e9 k\u00fcndigt \u00c4nderungen im Verwaltungsrat an\",\"breadcrumb\":{\"@id\":\"https:\/\/www.leclanche.com\/de\/leclanche-kuendigt-aenderungen-im-verwaltungsrat-an\/#breadcrumb\"},\"inLanguage\":\"de\",\"potentialAction\":[{\"@type\":\"ReadAction\",\"target\":[\"https:\/\/www.leclanche.com\/de\/leclanche-kuendigt-aenderungen-im-verwaltungsrat-an\/\"]}]},{\"@type\":\"BreadcrumbList\",\"@id\":\"https:\/\/www.leclanche.com\/de\/leclanche-kuendigt-aenderungen-im-verwaltungsrat-an\/#breadcrumb\",\"itemListElement\":[{\"@type\":\"ListItem\",\"position\":1,\"name\":\"Accueil\",\"item\":\"https:\/\/www.leclanche.com\/de\/\"},{\"@type\":\"ListItem\",\"position\":2,\"name\":\"Leclanch\u00e9 k\u00fcndigt \u00c4nderungen im Verwaltungsrat an\"}]},{\"@type\":\"WebSite\",\"@id\":\"https:\/\/www.leclanche.com\/de\/#website\",\"url\":\"https:\/\/www.leclanche.com\/de\/\",\"name\":\"Leclanch\u00e9\",\"description\":\"Energy Storage Solutions\",\"potentialAction\":[{\"@type\":\"SearchAction\",\"target\":{\"@type\":\"EntryPoint\",\"urlTemplate\":\"https:\/\/www.leclanche.com\/de\/?s={search_term_string}\"},\"query-input\":{\"@type\":\"PropertyValueSpecification\",\"valueRequired\":true,\"valueName\":\"search_term_string\"}}],\"inLanguage\":\"de\"},{\"@type\":\"Person\",\"@id\":\"https:\/\/www.leclanche.com\/de\/#\/schema\/person\/7ef725388a3f2b409a32cfa92059aa64\",\"name\":\"Annick.Bid\",\"image\":{\"@type\":\"ImageObject\",\"inLanguage\":\"de\",\"@id\":\"https:\/\/www.leclanche.com\/de\/#\/schema\/person\/image\/\",\"url\":\"https:\/\/secure.gravatar.com\/avatar\/0fe6baaabc318280db3d0e10c43b8017aa89b961c16e819765bd4fb65396af34?s=96&d=mm&r=g\",\"contentUrl\":\"https:\/\/secure.gravatar.com\/avatar\/0fe6baaabc318280db3d0e10c43b8017aa89b961c16e819765bd4fb65396af34?s=96&d=mm&r=g\",\"caption\":\"Annick.Bid\"},\"url\":\"https:\/\/www.leclanche.com\/de\/author\/annick-bid\/\"}]}<\/script>\n<!-- \/ Yoast SEO plugin. -->","yoast_head_json":{"title":"Leclanch\u00e9 k\u00fcndigt \u00c4nderungen im Verwaltungsrat an - Leclanch\u00e9","description":"Leclanch\u00e9 k\u00fcndigt \u00c4nderungen im Verwaltungsrat an","robots":{"index":"index","follow":"follow","max-snippet":"max-snippet:-1","max-image-preview":"max-image-preview:large","max-video-preview":"max-video-preview:-1"},"canonical":"https:\/\/www.leclanche.com\/de\/leclanche-kuendigt-aenderungen-im-verwaltungsrat-an\/","og_locale":"de_DE","og_type":"article","og_title":"Leclanch\u00e9 k\u00fcndigt \u00c4nderungen im Verwaltungsrat an - Leclanch\u00e9","og_description":"Leclanch\u00e9 k\u00fcndigt \u00c4nderungen im Verwaltungsrat an","og_url":"https:\/\/www.leclanche.com\/de\/leclanche-kuendigt-aenderungen-im-verwaltungsrat-an\/","og_site_name":"Leclanch\u00e9","article_published_time":"2016-11-24T23:00:00+00:00","author":"Annick.Bid","twitter_card":"summary_large_image","twitter_misc":{"Verfasst von":"Annick.Bid","Gesch\u00e4tzte Lesezeit":"3\u00a0Minuten"},"schema":{"@context":"https:\/\/schema.org","@graph":[{"@type":"WebPage","@id":"https:\/\/www.leclanche.com\/de\/leclanche-kuendigt-aenderungen-im-verwaltungsrat-an\/","url":"https:\/\/www.leclanche.com\/de\/leclanche-kuendigt-aenderungen-im-verwaltungsrat-an\/","name":"Leclanch\u00e9 k\u00fcndigt \u00c4nderungen im Verwaltungsrat an - Leclanch\u00e9","isPartOf":{"@id":"https:\/\/www.leclanche.com\/de\/#website"},"datePublished":"2016-11-24T23:00:00+00:00","author":{"@id":"https:\/\/www.leclanche.com\/de\/#\/schema\/person\/7ef725388a3f2b409a32cfa92059aa64"},"description":"Leclanch\u00e9 k\u00fcndigt \u00c4nderungen im Verwaltungsrat an","breadcrumb":{"@id":"https:\/\/www.leclanche.com\/de\/leclanche-kuendigt-aenderungen-im-verwaltungsrat-an\/#breadcrumb"},"inLanguage":"de","potentialAction":[{"@type":"ReadAction","target":["https:\/\/www.leclanche.com\/de\/leclanche-kuendigt-aenderungen-im-verwaltungsrat-an\/"]}]},{"@type":"BreadcrumbList","@id":"https:\/\/www.leclanche.com\/de\/leclanche-kuendigt-aenderungen-im-verwaltungsrat-an\/#breadcrumb","itemListElement":[{"@type":"ListItem","position":1,"name":"Accueil","item":"https:\/\/www.leclanche.com\/de\/"},{"@type":"ListItem","position":2,"name":"Leclanch\u00e9 k\u00fcndigt \u00c4nderungen im Verwaltungsrat an"}]},{"@type":"WebSite","@id":"https:\/\/www.leclanche.com\/de\/#website","url":"https:\/\/www.leclanche.com\/de\/","name":"Leclanch\u00e9","description":"Energy Storage Solutions","potentialAction":[{"@type":"SearchAction","target":{"@type":"EntryPoint","urlTemplate":"https:\/\/www.leclanche.com\/de\/?s={search_term_string}"},"query-input":{"@type":"PropertyValueSpecification","valueRequired":true,"valueName":"search_term_string"}}],"inLanguage":"de"},{"@type":"Person","@id":"https:\/\/www.leclanche.com\/de\/#\/schema\/person\/7ef725388a3f2b409a32cfa92059aa64","name":"Annick.Bid","image":{"@type":"ImageObject","inLanguage":"de","@id":"https:\/\/www.leclanche.com\/de\/#\/schema\/person\/image\/","url":"https:\/\/secure.gravatar.com\/avatar\/0fe6baaabc318280db3d0e10c43b8017aa89b961c16e819765bd4fb65396af34?s=96&d=mm&r=g","contentUrl":"https:\/\/secure.gravatar.com\/avatar\/0fe6baaabc318280db3d0e10c43b8017aa89b961c16e819765bd4fb65396af34?s=96&d=mm&r=g","caption":"Annick.Bid"},"url":"https:\/\/www.leclanche.com\/de\/author\/annick-bid\/"}]}},"_links":{"self":[{"href":"https:\/\/www.leclanche.com\/de\/wp-json\/wp\/v2\/posts\/10739","targetHints":{"allow":["GET"]}}],"collection":[{"href":"https:\/\/www.leclanche.com\/de\/wp-json\/wp\/v2\/posts"}],"about":[{"href":"https:\/\/www.leclanche.com\/de\/wp-json\/wp\/v2\/types\/post"}],"author":[{"embeddable":true,"href":"https:\/\/www.leclanche.com\/de\/wp-json\/wp\/v2\/users\/2"}],"replies":[{"embeddable":true,"href":"https:\/\/www.leclanche.com\/de\/wp-json\/wp\/v2\/comments?post=10739"}],"version-history":[{"count":0,"href":"https:\/\/www.leclanche.com\/de\/wp-json\/wp\/v2\/posts\/10739\/revisions"}],"wp:attachment":[{"href":"https:\/\/www.leclanche.com\/de\/wp-json\/wp\/v2\/media?parent=10739"}],"wp:term":[{"taxonomy":"category","embeddable":true,"href":"https:\/\/www.leclanche.com\/de\/wp-json\/wp\/v2\/categories?post=10739"},{"taxonomy":"post_tag","embeddable":true,"href":"https:\/\/www.leclanche.com\/de\/wp-json\/wp\/v2\/tags?post=10739"}],"curies":[{"name":"wp","href":"https:\/\/api.w.org\/{rel}","templated":true}]}}