{"id":10790,"date":"2016-01-21T00:00:00","date_gmt":"2016-01-20T23:00:00","guid":{"rendered":"https:\/\/www.leclanche.com\/leclanche-sa-ausserordentliche-generalversammlung-stimmt-allen-antraegen-des-verwaltungsrats-zu-ceo-stellt-geschaeftsentwicklung-vor-und-setzt-optimistische-ziele-fuer-2016\/"},"modified":"2016-01-21T00:00:00","modified_gmt":"2016-01-20T23:00:00","slug":"leclanche-sa-ausserordentliche-generalversammlung-stimmt-allen-antraegen-des-verwaltungsrats-zu-ceo-stellt-geschaeftsentwicklung-vor-und-setzt-optimistische-ziele-fuer-2016","status":"publish","type":"post","link":"https:\/\/www.leclanche.com\/de\/leclanche-sa-ausserordentliche-generalversammlung-stimmt-allen-antraegen-des-verwaltungsrats-zu-ceo-stellt-geschaeftsentwicklung-vor-und-setzt-optimistische-ziele-fuer-2016\/","title":{"rendered":"Leclanch\u00e9 SA: Au\u00dferordentliche Generalversammlung stimmt allen Antr\u00e4gen des Verwaltungsrats zu. CEO stellt Gesch\u00e4ftsentwicklung vor und setzt optimistische Ziele f\u00fcr 2016"},"content":{"rendered":"<ul>\n<li>Mit der Schaffung von genehmigtem und bedingtem Kapital kann Leclanch\u00e9 den Entwicklungsplans 2016 weiter umsetzen<\/li>\n<li>Wahl von zwei neuen Mitgliedern des Verwaltungsrates<\/li>\n<li>Optimistische Ziele f\u00fcr 2016 angek\u00fcndigt .<\/li>\n<\/ul>\n<p><strong>Yverdon-les-Bains, Schweiz, den 21. Januar 2016<\/strong> \u2013 Leclanch\u00e9 SA (SIX Swiss Exchange: LECN), spezialisiert auf die Produktion gro\u00dfformatiger Lithium-Ionen-Zellen und Energiespeichersysteme, gab heute bekannt, dass die Aktion\u00e4re an der heute Vormittag stattgefundenen au\u00dferordentlichen Generalversammlung 2016 in Yverdon-les-Bains allen Antr\u00e4gen des Verwaltungsrates bez\u00fcglich der Schaffung von genehmigten und bedingten Kapital in Verbindung mit dem Entwicklungs- und Betriebsplan 2016, zu \u00fcber 99% zugestimmt haben. Au\u00dferdem haben die Aktion\u00e4re auch die Berufung der beiden nominierten Kandidaten, Peter G. Wodtke und Adam Said, in den Verwaltungsrat gebilligt.<\/p>\n<p>\u00abDas Management hat \u00fcber die bedeutenden realisierten Fortschritte des vergangenen Jahres berichtet und \u00fcber die vielversprechenden Marktaussichten informiert. Wir danken den Aktion\u00e4ren ganz herzlich f\u00fcr die kontinuierliche Unterst\u00fctzung von Leclanch\u00e9 und des Managements und auch, dass sie den Antr\u00e4gen zugestimmt haben und weiteres Wachstum erm\u00f6glichen. Das schafft f\u00fcr das Unternehmen eine solide Basis, um die Wachstumspl\u00e4ne 2016 zeitnah umzusetzen und ein nachhaltiges profitables Wachstum zu erzielen.\u201c kommentierte der Verwaltungsratspr\u00e4sident, Jim Atack.<\/p>\n<p>Zu den heutigen Beschl\u00fcssen, sagten die neu gew\u00e4hlten Mitgliedern des Boards, Peter G. Wodtke und Adam Said: \u00abWir freuen uns darauf, das Unternehmen bei seiner Aufgabe zu unterst\u00fctzen, ein nachhaltig profitables Wachstum zu erzielen. Das Unternehmen ist f\u00fcr Wachstum gut aufgestellt und wir freuen uns, an seiner spannenden Zukunft teilzunehmen.\u00bb<\/p>\n<p>Der Vorsitzende des Verwaltungsrats dankt Antoine Spillmann, der sein Amt im Verwaltungsrat niederlegt, f\u00fcr seinen dynamischen Beitrag zur erfolgreichen Neupositionierung des Unternehmens w\u00e4hrend seines Mandats und freut sich \u00fcber das weitere kontinuierliche Engagement von Bruellan als bedeutender Aktion\u00e4r.<\/p>\n<p>Der Verwaltungsrat wird in K\u00fcrze die Kapitalerh\u00f6hung vornehmen und die erforderlichen Eintr\u00e4ge im Handelsregister beantragen.<\/p>\n<p><strong>\u00dcbersicht \u00fcber den Abgestimmten Antr\u00e4gen <\/strong><\/p>\n<p>Die Aktion\u00e4re der Leclanch\u00e9 S.A. genehmigten:<\/p>\n<ol>\n<li>Schaffung von genehmigten Kapital (CHF 16,35 Millionen)<\/li>\n<li>Schaffung von bedingtem Kapital (CHF 13,5 Millionen)<\/li>\n<li>Aufrechnung der Kapitaleinlagereserven, allgemeine R\u00fccklagen und andere Reserven mit CHF 49,2 Millionen aufgelaufenen Verlusten<\/li>\n<li>Wahl in den Verwaltungsrat<br \/>\n1 Wahl von Peter G. Wodtke<br \/>\n4.2 Wahl von Adam Said<\/li>\n<\/ol>\n<p>Erg\u00e4nzend hat der von CEO von Leclanch\u00e9 den Aktion\u00e4ren eine klare Markt\u00fcbersicht sowie die optimistischen Ziele f\u00fcr 2016 vorgestellt:<\/p>\n<ol>\n<li>Erh\u00f6hung des Auftragsbestandes auf 75 MWh<\/li>\n<li>Verdoppelung des Umsatzes<\/li>\n<li>Senkung des EBITDA-Verlusts um weitere 50%<\/li>\n<li>Finanzierungssicherung f\u00fcr das weitere Unternehmenswachstum und k\u00fcnftige Operationen<\/li>\n<\/ol>\n<p>Kontakt Jacques Boppe \/ Maya Aprahamian Tel.: +41 (0) 24 424 65 00 communication@leclanche.com<\/p>\n<p><strong>\u00dcber Leclanch\u00e9 <\/strong><\/p>\n<p>Leclanch\u00e9 SA ist an der SIX Swiss Exchange (LECN) kotiert. Das Unternehmen bietet eine breite Palette an Speicherprodukten f\u00fcr Haushalts- und B\u00fcroanwendungen, Grossindustrieanlagen, Stromnetze und Transportsysteme wie Busse, Stra\u00dfenbahnen und F\u00e4hren, usw. an. Seit 1909 ist Leclanch\u00e9 ein verl\u00e4sslicher Partner f\u00fcr Batteriespeicher[1]L\u00f6sungen. Gegr\u00fcndet in der Tradition von Georges Leclanch\u00e9, dem Erfinder der Trockenzelle, f\u00fchrt Leclanch\u00e9 heute erfolgreiche, hoch moderne Lithium-Ionen-L\u00f6sungen und ma\u00dfgeschneiderte Batteriesysteme in seinem Portfolio. Seit 2006 entwickelte sich die Firma von einem traditionellen Batteriehersteller zu einem f\u00fchrenden Entwickler und Hersteller von Lithium-Ionen-Zellen in Europa. Leclanch\u00e9 entwickelt Speicherl\u00f6sungen f\u00fcr vielf\u00e4ltige Anwendungen wie die effiziente Nutzung von erneuerbaren Energien, Diesel[1]Kraftstoffreduktion, stromnetzgekoppelte Zusatzleistungen, Lastmanagement f\u00fcr die Schwerindustrie, aber auch Schwertransportsysteme wie Busse, Schienen- und Wasserfahrzeuge. Leclanch\u00e9-Produkte zeichnen sich durch eine sehr hohe Zyklenfestigkeit (Zellen mit Titanat- oder Graphit\/Anode) und in der Branche f\u00fchrende Lebensdauer aus. Durch die patentierte Separator-Technologie, dem Kernelement der Lithium-Ionen-Zellen, ist Leclanch\u00e9 in der Lage, Zellen mit hervorragenden Sicherheitsmerkmalen in automatisierter Produktion herzustellen. Leclanch\u00e9 betreibt ein vollst\u00e4ndig automatisiertes Werk f\u00fcr die Produktion gro\u00dfformatiger Lithium-Ionen Zellen mit unterschiedlichen Zelltechnologien und Zelleigenschaften mit einer j\u00e4hrlichen H\u00f6chstkapazit\u00e4t von einer Million Zellen. Daneben bietet der Gesch\u00e4ftsbereich Speciality Battery Systems eine Reihe weiterer Batteriesysteme wie z.B. kundenspezifische portable Energiespeicherl\u00f6sungen f\u00fcr milit\u00e4rische und medizinische Anwendungen an. Hinzu kommen Prim\u00e4r- und Sekund\u00e4rbatterien sowie Zubeh\u00f6rteile f\u00fcr andere Produzenten.<\/p>\n<p>SIX Swiss Exchange: ticker symbol LECN | ISIN CH 011 030 311 9<\/p>\n<p>www.leclanche.com<\/p>\n<p><strong>Disclaimer<\/strong><\/p>\n<p>Diese Pressemitteilung enth\u00e4lt mit Bezug auf die Gesch\u00e4ftst\u00e4tigkeiten von Leclanch\u00e9 in die Zukunft gerichtete Aussagen, die beispielsweise aufgrund der Begriffe &#8222;strategisch&#8220;, &#8222;beantragt&#8220;, &#8222;einf\u00fchren&#8220;, &#8222;wird&#8220;, &#8222;geplant&#8220;, &#8222;erwartet&#8220;, &#8222;Verpflichtung&#8220;, &#8222;bestimmt&#8220;, &#8222;vorbereitend&#8220;, &#8222;plant&#8220;, &#8222;sch\u00e4tzt&#8220;, &#8222;zielt ab&#8220;, &#8222;k\u00f6nnte\/w\u00fcrde&#8220;, &#8222;potentiell&#8220;, &#8222;erwartend&#8220;, &#8222;gesch\u00e4tzt&#8220;, &#8222;Antrag&#8220; oder \u00e4hnlichen Ausdr\u00fccken identifiziert werden k\u00f6nnen oder aufgrund von ausdr\u00fccklichen oder impliziten \u00c4usserungen betreffend die Aufstockung von Leclanch\u00e9s Produktionskapazit\u00e4t, betreffend Anfragen f\u00fcr bestehende Produkte oder zuk\u00fcnftige Einnahmen von solchen Produkten, betreffend potentielle zuk\u00fcnftige Ums\u00e4tze oder Einnahmen von Leclanch\u00e9 oder einer ihrer Gesch\u00e4ftsbereiche. Sie sollten damit keine \u00fcbertriebenen Erwartungen verbinden. Diese zukunftsgerichteten Aussagen reflektieren die gegenw\u00e4rtige Ansicht von Leclanch\u00e9 betreffend zuk\u00fcnftiger Ereignisse und enthalten bekannte und unbekannte Risiken, Unsicherheiten und andere Faktoren, welche zuk\u00fcnftige Resultate, Performance und Leistungen erheblich von den erwartenden abweichen lassen k\u00f6nnen. Es gibt weder eine Garantie, dass die Produkte von Leclanch\u00e9 eine bestimmte Ertragsh\u00f6he erzielen noch eine Garantie, dass Leclanch\u00e9 oder einer ihrer Gesch\u00e4ftsbereiche ein bestimmtes Finanzziel erreichen.<\/p>\n","protected":false},"excerpt":{"rendered":"<p>Leclanch\u00e9 SA: Au\u00dferordentliche Generalversammlung stimmt allen Antr\u00e4gen des Verwaltungsrats zu. CEO stellt Gesch\u00e4ftsentwicklung vor und setzt optimistische Ziele f\u00fcr 2016<\/p>\n","protected":false},"author":2,"featured_media":0,"comment_status":"closed","ping_status":"open","sticky":false,"template":"","format":"standard","meta":{"footnotes":""},"categories":[58,100,48,109],"tags":[],"class_list":["post-10790","post","type-post","status-publish","format-standard","hentry","category-nicht-kategorisiert","category-old-all-press-releases-de","category-pressemitteilung","category-weitere-pressemitteilungen"],"yoast_head":"<!-- This site is optimized with the Yoast SEO plugin v26.4 - https:\/\/yoast.com\/wordpress\/plugins\/seo\/ -->\n<title>Leclanch\u00e9 SA: Au\u00dferordentliche Generalversammlung stimmt allen Antr\u00e4gen des Verwaltungsrats zu. CEO stellt Gesch\u00e4ftsentwicklung vor und setzt optimistische Ziele f\u00fcr 2016 - Leclanch\u00e9<\/title>\n<meta name=\"description\" content=\"Leclanch\u00e9 SA: Au\u00dferordentliche Generalversammlung stimmt allen Antr\u00e4gen des Verwaltungsrats zu. CEO stellt Gesch\u00e4ftsentwicklung vor und setzt optimistische Ziele f\u00fcr 2016\" \/>\n<meta name=\"robots\" content=\"index, follow, max-snippet:-1, max-image-preview:large, max-video-preview:-1\" \/>\n<link rel=\"canonical\" href=\"https:\/\/www.leclanche.com\/de\/leclanche-sa-ausserordentliche-generalversammlung-stimmt-allen-antraegen-des-verwaltungsrats-zu-ceo-stellt-geschaeftsentwicklung-vor-und-setzt-optimistische-ziele-fuer-2016\/\" \/>\n<meta property=\"og:locale\" content=\"de_DE\" \/>\n<meta property=\"og:type\" content=\"article\" \/>\n<meta property=\"og:title\" content=\"Leclanch\u00e9 SA: Au\u00dferordentliche Generalversammlung stimmt allen Antr\u00e4gen des Verwaltungsrats zu. CEO stellt Gesch\u00e4ftsentwicklung vor und setzt optimistische Ziele f\u00fcr 2016 - Leclanch\u00e9\" \/>\n<meta property=\"og:description\" content=\"Leclanch\u00e9 SA: Au\u00dferordentliche Generalversammlung stimmt allen Antr\u00e4gen des Verwaltungsrats zu. CEO stellt Gesch\u00e4ftsentwicklung vor und setzt optimistische Ziele f\u00fcr 2016\" \/>\n<meta property=\"og:url\" content=\"https:\/\/www.leclanche.com\/de\/leclanche-sa-ausserordentliche-generalversammlung-stimmt-allen-antraegen-des-verwaltungsrats-zu-ceo-stellt-geschaeftsentwicklung-vor-und-setzt-optimistische-ziele-fuer-2016\/\" \/>\n<meta property=\"og:site_name\" content=\"Leclanch\u00e9\" \/>\n<meta property=\"article:published_time\" content=\"2016-01-20T23:00:00+00:00\" \/>\n<meta name=\"author\" content=\"Annick.Bid\" \/>\n<meta name=\"twitter:card\" content=\"summary_large_image\" \/>\n<meta name=\"twitter:label1\" content=\"Verfasst von\" \/>\n\t<meta name=\"twitter:data1\" content=\"Annick.Bid\" \/>\n\t<meta name=\"twitter:label2\" content=\"Gesch\u00e4tzte Lesezeit\" \/>\n\t<meta name=\"twitter:data2\" content=\"4\u00a0Minuten\" \/>\n<script type=\"application\/ld+json\" class=\"yoast-schema-graph\">{\"@context\":\"https:\/\/schema.org\",\"@graph\":[{\"@type\":\"WebPage\",\"@id\":\"https:\/\/www.leclanche.com\/de\/leclanche-sa-ausserordentliche-generalversammlung-stimmt-allen-antraegen-des-verwaltungsrats-zu-ceo-stellt-geschaeftsentwicklung-vor-und-setzt-optimistische-ziele-fuer-2016\/\",\"url\":\"https:\/\/www.leclanche.com\/de\/leclanche-sa-ausserordentliche-generalversammlung-stimmt-allen-antraegen-des-verwaltungsrats-zu-ceo-stellt-geschaeftsentwicklung-vor-und-setzt-optimistische-ziele-fuer-2016\/\",\"name\":\"Leclanch\u00e9 SA: Au\u00dferordentliche Generalversammlung stimmt allen Antr\u00e4gen des Verwaltungsrats zu. CEO stellt Gesch\u00e4ftsentwicklung vor und setzt optimistische Ziele f\u00fcr 2016 - Leclanch\u00e9\",\"isPartOf\":{\"@id\":\"https:\/\/www.leclanche.com\/de\/#website\"},\"datePublished\":\"2016-01-20T23:00:00+00:00\",\"author\":{\"@id\":\"https:\/\/www.leclanche.com\/de\/#\/schema\/person\/7ef725388a3f2b409a32cfa92059aa64\"},\"description\":\"Leclanch\u00e9 SA: Au\u00dferordentliche Generalversammlung stimmt allen Antr\u00e4gen des Verwaltungsrats zu. CEO stellt Gesch\u00e4ftsentwicklung vor und setzt optimistische Ziele f\u00fcr 2016\",\"breadcrumb\":{\"@id\":\"https:\/\/www.leclanche.com\/de\/leclanche-sa-ausserordentliche-generalversammlung-stimmt-allen-antraegen-des-verwaltungsrats-zu-ceo-stellt-geschaeftsentwicklung-vor-und-setzt-optimistische-ziele-fuer-2016\/#breadcrumb\"},\"inLanguage\":\"de\",\"potentialAction\":[{\"@type\":\"ReadAction\",\"target\":[\"https:\/\/www.leclanche.com\/de\/leclanche-sa-ausserordentliche-generalversammlung-stimmt-allen-antraegen-des-verwaltungsrats-zu-ceo-stellt-geschaeftsentwicklung-vor-und-setzt-optimistische-ziele-fuer-2016\/\"]}]},{\"@type\":\"BreadcrumbList\",\"@id\":\"https:\/\/www.leclanche.com\/de\/leclanche-sa-ausserordentliche-generalversammlung-stimmt-allen-antraegen-des-verwaltungsrats-zu-ceo-stellt-geschaeftsentwicklung-vor-und-setzt-optimistische-ziele-fuer-2016\/#breadcrumb\",\"itemListElement\":[{\"@type\":\"ListItem\",\"position\":1,\"name\":\"Accueil\",\"item\":\"https:\/\/www.leclanche.com\/de\/\"},{\"@type\":\"ListItem\",\"position\":2,\"name\":\"Leclanch\u00e9 SA: Au\u00dferordentliche Generalversammlung stimmt allen Antr\u00e4gen des Verwaltungsrats zu. CEO stellt Gesch\u00e4ftsentwicklung vor und setzt optimistische Ziele f\u00fcr 2016\"}]},{\"@type\":\"WebSite\",\"@id\":\"https:\/\/www.leclanche.com\/de\/#website\",\"url\":\"https:\/\/www.leclanche.com\/de\/\",\"name\":\"Leclanch\u00e9\",\"description\":\"Energy Storage Solutions\",\"potentialAction\":[{\"@type\":\"SearchAction\",\"target\":{\"@type\":\"EntryPoint\",\"urlTemplate\":\"https:\/\/www.leclanche.com\/de\/?s={search_term_string}\"},\"query-input\":{\"@type\":\"PropertyValueSpecification\",\"valueRequired\":true,\"valueName\":\"search_term_string\"}}],\"inLanguage\":\"de\"},{\"@type\":\"Person\",\"@id\":\"https:\/\/www.leclanche.com\/de\/#\/schema\/person\/7ef725388a3f2b409a32cfa92059aa64\",\"name\":\"Annick.Bid\",\"image\":{\"@type\":\"ImageObject\",\"inLanguage\":\"de\",\"@id\":\"https:\/\/www.leclanche.com\/de\/#\/schema\/person\/image\/\",\"url\":\"https:\/\/secure.gravatar.com\/avatar\/0fe6baaabc318280db3d0e10c43b8017aa89b961c16e819765bd4fb65396af34?s=96&d=mm&r=g\",\"contentUrl\":\"https:\/\/secure.gravatar.com\/avatar\/0fe6baaabc318280db3d0e10c43b8017aa89b961c16e819765bd4fb65396af34?s=96&d=mm&r=g\",\"caption\":\"Annick.Bid\"},\"url\":\"https:\/\/www.leclanche.com\/de\/author\/annick-bid\/\"}]}<\/script>\n<!-- \/ Yoast SEO plugin. -->","yoast_head_json":{"title":"Leclanch\u00e9 SA: Au\u00dferordentliche Generalversammlung stimmt allen Antr\u00e4gen des Verwaltungsrats zu. CEO stellt Gesch\u00e4ftsentwicklung vor und setzt optimistische Ziele f\u00fcr 2016 - Leclanch\u00e9","description":"Leclanch\u00e9 SA: Au\u00dferordentliche Generalversammlung stimmt allen Antr\u00e4gen des Verwaltungsrats zu. CEO stellt Gesch\u00e4ftsentwicklung vor und setzt optimistische Ziele f\u00fcr 2016","robots":{"index":"index","follow":"follow","max-snippet":"max-snippet:-1","max-image-preview":"max-image-preview:large","max-video-preview":"max-video-preview:-1"},"canonical":"https:\/\/www.leclanche.com\/de\/leclanche-sa-ausserordentliche-generalversammlung-stimmt-allen-antraegen-des-verwaltungsrats-zu-ceo-stellt-geschaeftsentwicklung-vor-und-setzt-optimistische-ziele-fuer-2016\/","og_locale":"de_DE","og_type":"article","og_title":"Leclanch\u00e9 SA: Au\u00dferordentliche Generalversammlung stimmt allen Antr\u00e4gen des Verwaltungsrats zu. CEO stellt Gesch\u00e4ftsentwicklung vor und setzt optimistische Ziele f\u00fcr 2016 - Leclanch\u00e9","og_description":"Leclanch\u00e9 SA: Au\u00dferordentliche Generalversammlung stimmt allen Antr\u00e4gen des Verwaltungsrats zu. CEO stellt Gesch\u00e4ftsentwicklung vor und setzt optimistische Ziele f\u00fcr 2016","og_url":"https:\/\/www.leclanche.com\/de\/leclanche-sa-ausserordentliche-generalversammlung-stimmt-allen-antraegen-des-verwaltungsrats-zu-ceo-stellt-geschaeftsentwicklung-vor-und-setzt-optimistische-ziele-fuer-2016\/","og_site_name":"Leclanch\u00e9","article_published_time":"2016-01-20T23:00:00+00:00","author":"Annick.Bid","twitter_card":"summary_large_image","twitter_misc":{"Verfasst von":"Annick.Bid","Gesch\u00e4tzte Lesezeit":"4\u00a0Minuten"},"schema":{"@context":"https:\/\/schema.org","@graph":[{"@type":"WebPage","@id":"https:\/\/www.leclanche.com\/de\/leclanche-sa-ausserordentliche-generalversammlung-stimmt-allen-antraegen-des-verwaltungsrats-zu-ceo-stellt-geschaeftsentwicklung-vor-und-setzt-optimistische-ziele-fuer-2016\/","url":"https:\/\/www.leclanche.com\/de\/leclanche-sa-ausserordentliche-generalversammlung-stimmt-allen-antraegen-des-verwaltungsrats-zu-ceo-stellt-geschaeftsentwicklung-vor-und-setzt-optimistische-ziele-fuer-2016\/","name":"Leclanch\u00e9 SA: Au\u00dferordentliche Generalversammlung stimmt allen Antr\u00e4gen des Verwaltungsrats zu. CEO stellt Gesch\u00e4ftsentwicklung vor und setzt optimistische Ziele f\u00fcr 2016 - Leclanch\u00e9","isPartOf":{"@id":"https:\/\/www.leclanche.com\/de\/#website"},"datePublished":"2016-01-20T23:00:00+00:00","author":{"@id":"https:\/\/www.leclanche.com\/de\/#\/schema\/person\/7ef725388a3f2b409a32cfa92059aa64"},"description":"Leclanch\u00e9 SA: Au\u00dferordentliche Generalversammlung stimmt allen Antr\u00e4gen des Verwaltungsrats zu. CEO stellt Gesch\u00e4ftsentwicklung vor und setzt optimistische Ziele f\u00fcr 2016","breadcrumb":{"@id":"https:\/\/www.leclanche.com\/de\/leclanche-sa-ausserordentliche-generalversammlung-stimmt-allen-antraegen-des-verwaltungsrats-zu-ceo-stellt-geschaeftsentwicklung-vor-und-setzt-optimistische-ziele-fuer-2016\/#breadcrumb"},"inLanguage":"de","potentialAction":[{"@type":"ReadAction","target":["https:\/\/www.leclanche.com\/de\/leclanche-sa-ausserordentliche-generalversammlung-stimmt-allen-antraegen-des-verwaltungsrats-zu-ceo-stellt-geschaeftsentwicklung-vor-und-setzt-optimistische-ziele-fuer-2016\/"]}]},{"@type":"BreadcrumbList","@id":"https:\/\/www.leclanche.com\/de\/leclanche-sa-ausserordentliche-generalversammlung-stimmt-allen-antraegen-des-verwaltungsrats-zu-ceo-stellt-geschaeftsentwicklung-vor-und-setzt-optimistische-ziele-fuer-2016\/#breadcrumb","itemListElement":[{"@type":"ListItem","position":1,"name":"Accueil","item":"https:\/\/www.leclanche.com\/de\/"},{"@type":"ListItem","position":2,"name":"Leclanch\u00e9 SA: Au\u00dferordentliche Generalversammlung stimmt allen Antr\u00e4gen des Verwaltungsrats zu. CEO stellt Gesch\u00e4ftsentwicklung vor und setzt optimistische Ziele f\u00fcr 2016"}]},{"@type":"WebSite","@id":"https:\/\/www.leclanche.com\/de\/#website","url":"https:\/\/www.leclanche.com\/de\/","name":"Leclanch\u00e9","description":"Energy Storage Solutions","potentialAction":[{"@type":"SearchAction","target":{"@type":"EntryPoint","urlTemplate":"https:\/\/www.leclanche.com\/de\/?s={search_term_string}"},"query-input":{"@type":"PropertyValueSpecification","valueRequired":true,"valueName":"search_term_string"}}],"inLanguage":"de"},{"@type":"Person","@id":"https:\/\/www.leclanche.com\/de\/#\/schema\/person\/7ef725388a3f2b409a32cfa92059aa64","name":"Annick.Bid","image":{"@type":"ImageObject","inLanguage":"de","@id":"https:\/\/www.leclanche.com\/de\/#\/schema\/person\/image\/","url":"https:\/\/secure.gravatar.com\/avatar\/0fe6baaabc318280db3d0e10c43b8017aa89b961c16e819765bd4fb65396af34?s=96&d=mm&r=g","contentUrl":"https:\/\/secure.gravatar.com\/avatar\/0fe6baaabc318280db3d0e10c43b8017aa89b961c16e819765bd4fb65396af34?s=96&d=mm&r=g","caption":"Annick.Bid"},"url":"https:\/\/www.leclanche.com\/de\/author\/annick-bid\/"}]}},"_links":{"self":[{"href":"https:\/\/www.leclanche.com\/de\/wp-json\/wp\/v2\/posts\/10790","targetHints":{"allow":["GET"]}}],"collection":[{"href":"https:\/\/www.leclanche.com\/de\/wp-json\/wp\/v2\/posts"}],"about":[{"href":"https:\/\/www.leclanche.com\/de\/wp-json\/wp\/v2\/types\/post"}],"author":[{"embeddable":true,"href":"https:\/\/www.leclanche.com\/de\/wp-json\/wp\/v2\/users\/2"}],"replies":[{"embeddable":true,"href":"https:\/\/www.leclanche.com\/de\/wp-json\/wp\/v2\/comments?post=10790"}],"version-history":[{"count":0,"href":"https:\/\/www.leclanche.com\/de\/wp-json\/wp\/v2\/posts\/10790\/revisions"}],"wp:attachment":[{"href":"https:\/\/www.leclanche.com\/de\/wp-json\/wp\/v2\/media?parent=10790"}],"wp:term":[{"taxonomy":"category","embeddable":true,"href":"https:\/\/www.leclanche.com\/de\/wp-json\/wp\/v2\/categories?post=10790"},{"taxonomy":"post_tag","embeddable":true,"href":"https:\/\/www.leclanche.com\/de\/wp-json\/wp\/v2\/tags?post=10790"}],"curies":[{"name":"wp","href":"https:\/\/api.w.org\/{rel}","templated":true}]}}