{"id":10954,"date":"2021-10-06T17:23:53","date_gmt":"2021-10-06T15:23:53","guid":{"rendered":"https:\/\/www.leclanche.com\/ees-europe-leclanche-praesentiert-modulares-batteriespeicherkonzept-leblocktm-erstmals-live-in-muenchen\/"},"modified":"2021-10-06T17:23:53","modified_gmt":"2021-10-06T15:23:53","slug":"ees-europe-leclanche-praesentiert-modulares-batteriespeicherkonzept-leblocktm-erstmals-live-in-muenchen","status":"publish","type":"post","link":"https:\/\/www.leclanche.com\/de\/ees-europe-leclanche-praesentiert-modulares-batteriespeicherkonzept-leblocktm-erstmals-live-in-muenchen\/","title":{"rendered":"ees Europe \u2013 Leclanch\u00e9 pr\u00e4sentiert modulares Batteriespeicherkonzept LeBlockTM erstmals live in M\u00fcnchen"},"content":{"rendered":"<p><strong>\u00a0<\/strong><\/p>\n<ul>\n<li><em>Das LeBlock<\/em><em><sup>TM<\/sup><\/em><em>-Energiespeichersystem verringert Zeit und Kosten f\u00fcr Transport, Installation, Verlagerung und Recycling von Batteriespeichern<\/em><\/li>\n<li><em>Leclanch\u00e9 zeigt das System erstmals live auf der ees Europe am Stand B6.230<\/em><\/li>\n<\/ul>\n<p><em>\u00a0<\/em><\/p>\n<p><strong>YVERDON-LES-BAINS, Schweiz, 06. Oktober 2021 <\/strong>\u2013 Der Schweizer Energiespeicheranbieter <a href=\"http:\/\/www.leclanche.com\/\">Leclanch\u00e9 SA<\/a> (SIX: LECN) nimmt vom 6. bis 8. Oktober 2021 an der Messe ees Europe (electrical energy storage) teil. In Halle B6, Stand 230, pr\u00e4sentiert das Unternehmen unter anderem erstmals seine vor Kurzem vorgestellte neue Energiespeicherl\u00f6sung LeBlock<sup>TM<\/sup>. Das durchdachte Baustein-Konzept verringert die Gesamtbetriebskosten sowie den \u00f6kologischen Fu\u00dfabdruck durch eine vereinfachte Logistik und Installation, bis hin zu einer m\u00f6glichen Neukonfiguration und der einfachen R\u00fcckf\u00fchrung zum Recycling am Ende des Lebenszyklus. Die neue Batterie-Energiespeicherl\u00f6sung wurde auch als Finalist im Wettbewerb um den ees AWARD 2021 nominiert.<\/p>\n<p>&nbsp;<\/p>\n<p><strong>LeBlock<\/strong><strong><sup>TM<\/sup><\/strong> <strong>\u2013 einfacher Transport, schnelle Installation, geringere Gesamtkosten<\/strong><\/p>\n<p>Das LeBlock<sup>TM<\/sup>-Energiespeichersystem besteht aus einer Reihe von 5-Fu\u00df-breiten Bl\u00f6cken, die sich durch Plug-and-play-Verbindungen einfach kombinieren lassen. Das System umfasst vollst\u00e4ndig vorinstallierte Batterie-Racks bis 745 kWh inklusive Temperaturmanagement und Brandschutzsystem. Da die Bl\u00f6cke mit eingebauten Batterien und vorinstallierten Kabeln und Steckern ausgeliefert werden, ist zudem keine standortspezifische Verkabelung erforderlich. F\u00fcr den Versand werden vier Bl\u00f6cke zu einem 20-Fu\u00df-ISO-Container zusammengef\u00fcgt und k\u00f6nnen so leicht per Bahn, Schiff oder Lkw transportiert werden. \u00a0Dabei f\u00e4llt weder Verpackungsabfall an noch werden zus\u00e4tzliche Transportcontainer ben\u00f6tigt. Die vereinfachte Logistik er\u00f6ffnet auch die M\u00f6glichkeit zum tempor\u00e4ren \u201eStorage-as-a-Service\u201c-Angebot je nach Bedarf.<\/p>\n<p>&nbsp;<\/p>\n<p><strong>Systemsicherheit als zentrales Konstruktionselement<\/strong><\/p>\n<p>LeBlock<sup>TM<\/sup> wurde von der ersten Konzeptphase an mit den h\u00f6chsten Sicherheitsanforderungen sowohl auf Systemebene als auch f\u00fcr die Bediener konzipiert. Seine getrennte Architektur mindert das potenzielle Brandrisiko. Dar\u00fcber hinaus ist das System mit mehreren hochmodernen Funktionen ausgestattet, um ein H\u00f6chstma\u00df an Sicherheit zu gew\u00e4hrleisten.<\/p>\n<p>&nbsp;<\/p>\n<p><strong>ees AWARD 2021 Finalist<\/strong><\/p>\n<p>Die Verringerung der Gesamtkosten (TCO), der reduzierte \u00f6kologische Fu\u00dfabdruck beim Transport sowie die einfache M\u00f6glichkeit zur Neukonfiguration und Kapazit\u00e4tserweiterung haben bereits in der Vorauswahl die Jury des ees AWARD 2021 beeindruckt. Leclanch\u00e9 wurde mit LeBlock<sup>TM<\/sup> als eines von zehn Unternehmen f\u00fcr den Award nominiert.<\/p>\n<p>&nbsp;<\/p>\n<p>Zu sehen ist das ne<span style=\"font-family: inherit; font-size: inherit;\">ue Batterie-Energiespeicher-System LeBlock<\/span><sup style=\"font-family: inherit;\">TM<\/sup><span style=\"font-family: inherit; font-size: inherit;\">\u00a0<\/span><span style=\"font-family: inherit; font-size: inherit;\">auf der ees Europe am Stand von Leclanch\u00e9 in Halle B6, Stand 230. F\u00fcr weitere Informationen besuchen Sie bitte<\/span><span style=\"font-family: inherit; font-size: inherit;\">\u00a0<\/span><a style=\"font-family: inherit; font-size: inherit;\" href=\"http:\/\/www.leclanche.com\/leblock\">www.leclanche.com\/leblock<\/a><span style=\"font-family: inherit; font-size: inherit;\">.<\/span><\/p>\n<p>&nbsp;<\/p>\n<p><em>\u00a0<\/em><\/p>\n<p><em>LeBlock<sup>TM<\/sup>\u00a0ist eine Marke von Leclanch\u00e9 SA. Alle anderen Markennamen sind das Eigentum ihrer jeweiligen Inhaber.<\/em><\/p>\n<p>&nbsp;<\/p>\n<p><strong>\u00dcber Leclanch\u00e9<\/strong><\/p>\n<p><strong>\u00a0<\/strong><\/p>\n<p>Leclanch\u00e9 SA mit Sitz in der Schweiz ist ein f\u00fchrender Anbieter von hochwertigen Energiespeicherl\u00f6sungen, die die Fortschritte in Richtung einer sauberen Energiezukunft beschleunigen sollen. Die Geschichte und das Erbe von Leclanch\u00e9 wurzeln in mehr als 100 Jahren innovativer Entwicklung von Batterien und Energiespeichern \u2013 das Unternehmen ist ein zuverl\u00e4ssiger Anbieter von Energiespeicherl\u00f6sungen weltweit. Dies, kombiniert mit der Unternehmenskultur des deutschen Maschinenbaus und der Schweizer Pr\u00e4zision und Qualit\u00e4t, macht Leclanch\u00e9 zum bevorzugten Partner f\u00fcr neue Markteilnehmer, etablierte Unternehmen und Regierungen, die an der Spitze positiver Ver\u00e4nderungen in der weltweiten Energieerzeugung und -verteilung sowie ihres Verbrauchs stehen. Der Energiewandel wird haupts\u00e4chlich durch Ver\u00e4nderungen im Management der Stromnetze und in der Elektrifizierung des Transports vorangetrieben; beide M\u00e4rkte sind das R\u00fcckgrat der Strategie und des Gesch\u00e4ftsmodells von Leclanch\u00e9. Die Produkte von Leclanch\u00e9 sind das Herzst\u00fcck der Konvergenz der Verkehrselektrifizierung und der Entwicklung des Verteilungsnetzes. Leclanch\u00e9 ist das einzige weltweit gelistete, reine Energiespeicherunternehmen, das in drei Gesch\u00e4ftseinheiten organisiert ist: station\u00e4re Speicherl\u00f6sungen,<br \/>\ne-Transportl\u00f6sungen und spezielle Batteriesysteme. Leclanch\u00e9 ist an der Schweizer B\u00f6rse notiert (SIX: LECN).<\/p>\n<p>SIX Swiss Exchange: ticker symbol LECN | ISIN CH 011 030 311 9<\/p>\n<p><strong><br \/>\nHaftungsausschluss<\/strong><\/p>\n<p>Diese Pressemitteilung enth\u00e4lt bestimmte in die Zukunft gerichtete Aussagen \u00fcber die Aktivit\u00e4ten von Leclanch\u00e9, die durch Begriffe wie \u201estrategisch&#8220;, \u201evorgeschlagen&#8220;, \u201eeingef\u00fchrt&#8220;, \u201ewird&#8220;, \u201egeplant&#8220;, \u201eerwartet&#8220;, \u201eVerpflichtung&#8220;, \u201eerwarten&#8220;, \u201eprognostizieren&#8220;, \u201eetabliert&#8220;, \u201evorbereiten&#8220;, \u201eplanen&#8220;, \u201esch\u00e4tzen&#8220;, \u201eZiele&#8220;, \u201ew\u00fcrden&#8220;, \u201epotenziell&#8220; und \u201eerwarten&#8220; gekennzeichnet sein k\u00f6nnen, \u201eSch\u00e4tzung&#8220;, \u201eAngebot&#8220; oder \u00e4hnliche Ausdr\u00fccke oder durch ausdr\u00fcckliche oder implizite Diskussionen \u00fcber den Hochlauf der Produktionskapazit\u00e4ten von Leclanch\u00e9, m\u00f6gliche Anwendungen bestehender Produkte oder potenzielle zuk\u00fcnftige Einnahmen aus solchen Produkten oder potenzielle zuk\u00fcnftige Verk\u00e4ufe oder Gewinne von Leclanch\u00e9 oder einer seiner Gesch\u00e4ftseinheiten. Sie sollten sich nicht zu sehr auf diese Aussagen verlassen. Diese zukunftsgerichteten Aussagen spiegeln die aktuellen Ansichten von Leclanch\u00e9 \u00fcber zuk\u00fcnftige Ereignisse wider und beinhalten bekannte und unbekannte Risiken, Unsicherheiten und andere Faktoren, die dazu f\u00fchren k\u00f6nnen, dass die tats\u00e4chlichen Ergebnisse wesentlich von den zuk\u00fcnftigen Ergebnissen, Leistungen oder Errungenschaften abweichen, die in diesen Aussagen ausdr\u00fccklich oder implizit zum Ausdruck kommen. Es gibt keine Garantie daf\u00fcr, dass die Produkte von Leclanch\u00e9 ein bestimmtes Umsatzniveau erreichen. Es gibt auch keine Garantie daf\u00fcr, dass Leclanch\u00e9 oder eine seiner Gesch\u00e4ftseinheiten bestimmte finanzielle Ergebnisse erzielen wird.<\/p>\n<p><strong><u><br \/>\n<\/u><\/strong><strong><br \/>\nKontakte Leclanch\u00e9<\/strong><\/p>\n<p><strong>\u00a0<\/strong><\/p>\n<p><strong>\u00a0<\/strong><strong>Medien Schweiz \/ Europ<\/strong><strong style=\"font-family: inherit; font-size: inherit;\">a:<\/strong><\/p>\n<p>Thierry Meyer<\/p>\n<p>T: +41 (0) 79\u00a0785 35 81<\/p>\n<p>E-Mail:\u00a0<a href=\"mailto:tme@dynamicsgoup.ch\">tme@dynamicsgroup.ch<\/a><\/p>\n<p>&nbsp;<\/p>\n<p><strong>Medien Nordamerika:<\/strong><\/p>\n<p>Henry Feintuch \/ Ashley Blas<\/p>\n<p>T: +1-914-548-6924 \/ +1-509-494-4053<\/p>\n<p>E-Mail: <a href=\"mailto:leclanche@feintuchpr.com\">leclanche@feintuchpr.com<\/a><\/p>\n<p>&nbsp;<\/p>\n<p><strong>Medien Deutschland:<\/strong><\/p>\n<p>Christoph Miller<\/p>\n<p>T: +49 (0) 711 947 670<\/p>\n<p>E-Mail: <a href=\"mailto:leclanche@sympra.de\">leclanche@sympra.de<\/a><\/p>\n<p>&nbsp;<\/p>\n<p><strong>Ansprechpartner f\u00fcr Investoren:<\/strong><\/p>\n<p>Anil Srivastava \/ Hubert Angleys<\/p>\n<p>T: +41 (0) 24 424 65 00<\/p>\n<p>E-Mail: <a href=\"mailto:invest.leclanche@leclanche.com\">invest.leclanche@leclanche.com<\/a><\/p>\n<p>&nbsp;<\/p>\n","protected":false},"excerpt":{"rendered":"<p>\u00a0 Das LeBlockTM-Energiespeichersystem verringert Zeit und Kosten f\u00fcr Transport, Installation, Verlagerung und Recycling von Batteriespeichern Leclanch\u00e9 zeigt das System erstmals live auf der ees Europe am Stand B6.230 \u00a0 YVERDON-LES-BAINS, Schweiz, 06. Oktober 2021 \u2013 Der Schweizer Energiespeicheranbieter Leclanch\u00e9 SA (SIX: LECN) nimmt vom 6. bis 8. Oktober 2021 an der Messe ees Europe (electrical [&hellip;]<\/p>\n","protected":false},"author":2,"featured_media":10948,"comment_status":"open","ping_status":"open","sticky":false,"template":"","format":"standard","meta":{"footnotes":""},"categories":[47,48,109],"tags":[],"class_list":["post-10954","post","type-post","status-publish","format-standard","has-post-thumbnail","hentry","category-firmennachrichten","category-pressemitteilung","category-weitere-pressemitteilungen"],"yoast_head":"<!-- This site is optimized with the Yoast SEO plugin v26.4 - https:\/\/yoast.com\/wordpress\/plugins\/seo\/ -->\n<title>ees Europe \u2013 Leclanch\u00e9 pr\u00e4sentiert modulares Batteriespeicherkonzept LeBlockTM erstmals live in M\u00fcnchen - Leclanch\u00e9<\/title>\n<meta name=\"description\" content=\"\u00a0 Das LeBlockTM-Energiespeichersystem verringert Zeit und Kosten f\u00fcr Transport, Installation, Verlagerung und Recycling von Batteriespeichern Leclanch\u00e9\" \/>\n<meta name=\"robots\" content=\"index, follow, max-snippet:-1, max-image-preview:large, max-video-preview:-1\" \/>\n<link rel=\"canonical\" href=\"https:\/\/www.leclanche.com\/de\/ees-europe-leclanche-praesentiert-modulares-batteriespeicherkonzept-leblocktm-erstmals-live-in-muenchen\/\" \/>\n<meta property=\"og:locale\" content=\"de_DE\" \/>\n<meta property=\"og:type\" content=\"article\" \/>\n<meta property=\"og:title\" content=\"ees Europe \u2013 Leclanch\u00e9 pr\u00e4sentiert modulares Batteriespeicherkonzept LeBlockTM erstmals live in M\u00fcnchen - Leclanch\u00e9\" \/>\n<meta property=\"og:description\" content=\"\u00a0 Das LeBlockTM-Energiespeichersystem verringert Zeit und Kosten f\u00fcr Transport, Installation, Verlagerung und Recycling von Batteriespeichern Leclanch\u00e9\" \/>\n<meta property=\"og:url\" content=\"https:\/\/www.leclanche.com\/de\/ees-europe-leclanche-praesentiert-modulares-batteriespeicherkonzept-leblocktm-erstmals-live-in-muenchen\/\" \/>\n<meta property=\"og:site_name\" content=\"Leclanch\u00e9\" \/>\n<meta property=\"article:published_time\" content=\"2021-10-06T15:23:53+00:00\" \/>\n<meta property=\"og:image\" content=\"https:\/\/www.leclanche.com\/wp-content\/uploads\/2021\/10\/EES-award1.jpg\" \/>\n\t<meta property=\"og:image:width\" content=\"1280\" \/>\n\t<meta property=\"og:image:height\" content=\"720\" \/>\n\t<meta property=\"og:image:type\" content=\"image\/jpeg\" \/>\n<meta name=\"author\" content=\"Annick.Bid\" \/>\n<meta name=\"twitter:card\" content=\"summary_large_image\" \/>\n<meta name=\"twitter:label1\" content=\"Verfasst von\" \/>\n\t<meta name=\"twitter:data1\" content=\"Annick.Bid\" \/>\n\t<meta name=\"twitter:label2\" content=\"Gesch\u00e4tzte Lesezeit\" \/>\n\t<meta name=\"twitter:data2\" content=\"4\u00a0Minuten\" \/>\n<script type=\"application\/ld+json\" class=\"yoast-schema-graph\">{\"@context\":\"https:\/\/schema.org\",\"@graph\":[{\"@type\":\"WebPage\",\"@id\":\"https:\/\/www.leclanche.com\/de\/ees-europe-leclanche-praesentiert-modulares-batteriespeicherkonzept-leblocktm-erstmals-live-in-muenchen\/\",\"url\":\"https:\/\/www.leclanche.com\/de\/ees-europe-leclanche-praesentiert-modulares-batteriespeicherkonzept-leblocktm-erstmals-live-in-muenchen\/\",\"name\":\"ees Europe \u2013 Leclanch\u00e9 pr\u00e4sentiert modulares Batteriespeicherkonzept LeBlockTM erstmals live in M\u00fcnchen - Leclanch\u00e9\",\"isPartOf\":{\"@id\":\"https:\/\/www.leclanche.com\/de\/#website\"},\"primaryImageOfPage\":{\"@id\":\"https:\/\/www.leclanche.com\/de\/ees-europe-leclanche-praesentiert-modulares-batteriespeicherkonzept-leblocktm-erstmals-live-in-muenchen\/#primaryimage\"},\"image\":{\"@id\":\"https:\/\/www.leclanche.com\/de\/ees-europe-leclanche-praesentiert-modulares-batteriespeicherkonzept-leblocktm-erstmals-live-in-muenchen\/#primaryimage\"},\"thumbnailUrl\":\"https:\/\/www.leclanche.com\/wp-content\/uploads\/2021\/10\/EES-award1.jpg\",\"datePublished\":\"2021-10-06T15:23:53+00:00\",\"author\":{\"@id\":\"https:\/\/www.leclanche.com\/de\/#\/schema\/person\/7ef725388a3f2b409a32cfa92059aa64\"},\"description\":\"\u00a0 Das LeBlockTM-Energiespeichersystem verringert Zeit und Kosten f\u00fcr Transport, Installation, Verlagerung und Recycling von Batteriespeichern Leclanch\u00e9\",\"breadcrumb\":{\"@id\":\"https:\/\/www.leclanche.com\/de\/ees-europe-leclanche-praesentiert-modulares-batteriespeicherkonzept-leblocktm-erstmals-live-in-muenchen\/#breadcrumb\"},\"inLanguage\":\"de\",\"potentialAction\":[{\"@type\":\"ReadAction\",\"target\":[\"https:\/\/www.leclanche.com\/de\/ees-europe-leclanche-praesentiert-modulares-batteriespeicherkonzept-leblocktm-erstmals-live-in-muenchen\/\"]}]},{\"@type\":\"ImageObject\",\"inLanguage\":\"de\",\"@id\":\"https:\/\/www.leclanche.com\/de\/ees-europe-leclanche-praesentiert-modulares-batteriespeicherkonzept-leblocktm-erstmals-live-in-muenchen\/#primaryimage\",\"url\":\"https:\/\/www.leclanche.com\/wp-content\/uploads\/2021\/10\/EES-award1.jpg\",\"contentUrl\":\"https:\/\/www.leclanche.com\/wp-content\/uploads\/2021\/10\/EES-award1.jpg\",\"width\":1280,\"height\":720},{\"@type\":\"BreadcrumbList\",\"@id\":\"https:\/\/www.leclanche.com\/de\/ees-europe-leclanche-praesentiert-modulares-batteriespeicherkonzept-leblocktm-erstmals-live-in-muenchen\/#breadcrumb\",\"itemListElement\":[{\"@type\":\"ListItem\",\"position\":1,\"name\":\"Accueil\",\"item\":\"https:\/\/www.leclanche.com\/de\/\"},{\"@type\":\"ListItem\",\"position\":2,\"name\":\"ees Europe \u2013 Leclanch\u00e9 pr\u00e4sentiert modulares Batteriespeicherkonzept LeBlockTM erstmals live in M\u00fcnchen\"}]},{\"@type\":\"WebSite\",\"@id\":\"https:\/\/www.leclanche.com\/de\/#website\",\"url\":\"https:\/\/www.leclanche.com\/de\/\",\"name\":\"Leclanch\u00e9\",\"description\":\"Energy Storage Solutions\",\"potentialAction\":[{\"@type\":\"SearchAction\",\"target\":{\"@type\":\"EntryPoint\",\"urlTemplate\":\"https:\/\/www.leclanche.com\/de\/?s={search_term_string}\"},\"query-input\":{\"@type\":\"PropertyValueSpecification\",\"valueRequired\":true,\"valueName\":\"search_term_string\"}}],\"inLanguage\":\"de\"},{\"@type\":\"Person\",\"@id\":\"https:\/\/www.leclanche.com\/de\/#\/schema\/person\/7ef725388a3f2b409a32cfa92059aa64\",\"name\":\"Annick.Bid\",\"image\":{\"@type\":\"ImageObject\",\"inLanguage\":\"de\",\"@id\":\"https:\/\/www.leclanche.com\/de\/#\/schema\/person\/image\/\",\"url\":\"https:\/\/secure.gravatar.com\/avatar\/0fe6baaabc318280db3d0e10c43b8017aa89b961c16e819765bd4fb65396af34?s=96&d=mm&r=g\",\"contentUrl\":\"https:\/\/secure.gravatar.com\/avatar\/0fe6baaabc318280db3d0e10c43b8017aa89b961c16e819765bd4fb65396af34?s=96&d=mm&r=g\",\"caption\":\"Annick.Bid\"},\"url\":\"https:\/\/www.leclanche.com\/de\/author\/annick-bid\/\"}]}<\/script>\n<!-- \/ Yoast SEO plugin. -->","yoast_head_json":{"title":"ees Europe \u2013 Leclanch\u00e9 pr\u00e4sentiert modulares Batteriespeicherkonzept LeBlockTM erstmals live in M\u00fcnchen - Leclanch\u00e9","description":"\u00a0 Das LeBlockTM-Energiespeichersystem verringert Zeit und Kosten f\u00fcr Transport, Installation, Verlagerung und Recycling von Batteriespeichern Leclanch\u00e9","robots":{"index":"index","follow":"follow","max-snippet":"max-snippet:-1","max-image-preview":"max-image-preview:large","max-video-preview":"max-video-preview:-1"},"canonical":"https:\/\/www.leclanche.com\/de\/ees-europe-leclanche-praesentiert-modulares-batteriespeicherkonzept-leblocktm-erstmals-live-in-muenchen\/","og_locale":"de_DE","og_type":"article","og_title":"ees Europe \u2013 Leclanch\u00e9 pr\u00e4sentiert modulares Batteriespeicherkonzept LeBlockTM erstmals live in M\u00fcnchen - Leclanch\u00e9","og_description":"\u00a0 Das LeBlockTM-Energiespeichersystem verringert Zeit und Kosten f\u00fcr Transport, Installation, Verlagerung und Recycling von Batteriespeichern Leclanch\u00e9","og_url":"https:\/\/www.leclanche.com\/de\/ees-europe-leclanche-praesentiert-modulares-batteriespeicherkonzept-leblocktm-erstmals-live-in-muenchen\/","og_site_name":"Leclanch\u00e9","article_published_time":"2021-10-06T15:23:53+00:00","og_image":[{"width":1280,"height":720,"url":"https:\/\/www.leclanche.com\/wp-content\/uploads\/2021\/10\/EES-award1.jpg","type":"image\/jpeg"}],"author":"Annick.Bid","twitter_card":"summary_large_image","twitter_misc":{"Verfasst von":"Annick.Bid","Gesch\u00e4tzte Lesezeit":"4\u00a0Minuten"},"schema":{"@context":"https:\/\/schema.org","@graph":[{"@type":"WebPage","@id":"https:\/\/www.leclanche.com\/de\/ees-europe-leclanche-praesentiert-modulares-batteriespeicherkonzept-leblocktm-erstmals-live-in-muenchen\/","url":"https:\/\/www.leclanche.com\/de\/ees-europe-leclanche-praesentiert-modulares-batteriespeicherkonzept-leblocktm-erstmals-live-in-muenchen\/","name":"ees Europe \u2013 Leclanch\u00e9 pr\u00e4sentiert modulares Batteriespeicherkonzept LeBlockTM erstmals live in M\u00fcnchen - Leclanch\u00e9","isPartOf":{"@id":"https:\/\/www.leclanche.com\/de\/#website"},"primaryImageOfPage":{"@id":"https:\/\/www.leclanche.com\/de\/ees-europe-leclanche-praesentiert-modulares-batteriespeicherkonzept-leblocktm-erstmals-live-in-muenchen\/#primaryimage"},"image":{"@id":"https:\/\/www.leclanche.com\/de\/ees-europe-leclanche-praesentiert-modulares-batteriespeicherkonzept-leblocktm-erstmals-live-in-muenchen\/#primaryimage"},"thumbnailUrl":"https:\/\/www.leclanche.com\/wp-content\/uploads\/2021\/10\/EES-award1.jpg","datePublished":"2021-10-06T15:23:53+00:00","author":{"@id":"https:\/\/www.leclanche.com\/de\/#\/schema\/person\/7ef725388a3f2b409a32cfa92059aa64"},"description":"\u00a0 Das LeBlockTM-Energiespeichersystem verringert Zeit und Kosten f\u00fcr Transport, Installation, Verlagerung und Recycling von Batteriespeichern Leclanch\u00e9","breadcrumb":{"@id":"https:\/\/www.leclanche.com\/de\/ees-europe-leclanche-praesentiert-modulares-batteriespeicherkonzept-leblocktm-erstmals-live-in-muenchen\/#breadcrumb"},"inLanguage":"de","potentialAction":[{"@type":"ReadAction","target":["https:\/\/www.leclanche.com\/de\/ees-europe-leclanche-praesentiert-modulares-batteriespeicherkonzept-leblocktm-erstmals-live-in-muenchen\/"]}]},{"@type":"ImageObject","inLanguage":"de","@id":"https:\/\/www.leclanche.com\/de\/ees-europe-leclanche-praesentiert-modulares-batteriespeicherkonzept-leblocktm-erstmals-live-in-muenchen\/#primaryimage","url":"https:\/\/www.leclanche.com\/wp-content\/uploads\/2021\/10\/EES-award1.jpg","contentUrl":"https:\/\/www.leclanche.com\/wp-content\/uploads\/2021\/10\/EES-award1.jpg","width":1280,"height":720},{"@type":"BreadcrumbList","@id":"https:\/\/www.leclanche.com\/de\/ees-europe-leclanche-praesentiert-modulares-batteriespeicherkonzept-leblocktm-erstmals-live-in-muenchen\/#breadcrumb","itemListElement":[{"@type":"ListItem","position":1,"name":"Accueil","item":"https:\/\/www.leclanche.com\/de\/"},{"@type":"ListItem","position":2,"name":"ees Europe \u2013 Leclanch\u00e9 pr\u00e4sentiert modulares Batteriespeicherkonzept LeBlockTM erstmals live in M\u00fcnchen"}]},{"@type":"WebSite","@id":"https:\/\/www.leclanche.com\/de\/#website","url":"https:\/\/www.leclanche.com\/de\/","name":"Leclanch\u00e9","description":"Energy Storage Solutions","potentialAction":[{"@type":"SearchAction","target":{"@type":"EntryPoint","urlTemplate":"https:\/\/www.leclanche.com\/de\/?s={search_term_string}"},"query-input":{"@type":"PropertyValueSpecification","valueRequired":true,"valueName":"search_term_string"}}],"inLanguage":"de"},{"@type":"Person","@id":"https:\/\/www.leclanche.com\/de\/#\/schema\/person\/7ef725388a3f2b409a32cfa92059aa64","name":"Annick.Bid","image":{"@type":"ImageObject","inLanguage":"de","@id":"https:\/\/www.leclanche.com\/de\/#\/schema\/person\/image\/","url":"https:\/\/secure.gravatar.com\/avatar\/0fe6baaabc318280db3d0e10c43b8017aa89b961c16e819765bd4fb65396af34?s=96&d=mm&r=g","contentUrl":"https:\/\/secure.gravatar.com\/avatar\/0fe6baaabc318280db3d0e10c43b8017aa89b961c16e819765bd4fb65396af34?s=96&d=mm&r=g","caption":"Annick.Bid"},"url":"https:\/\/www.leclanche.com\/de\/author\/annick-bid\/"}]}},"_links":{"self":[{"href":"https:\/\/www.leclanche.com\/de\/wp-json\/wp\/v2\/posts\/10954","targetHints":{"allow":["GET"]}}],"collection":[{"href":"https:\/\/www.leclanche.com\/de\/wp-json\/wp\/v2\/posts"}],"about":[{"href":"https:\/\/www.leclanche.com\/de\/wp-json\/wp\/v2\/types\/post"}],"author":[{"embeddable":true,"href":"https:\/\/www.leclanche.com\/de\/wp-json\/wp\/v2\/users\/2"}],"replies":[{"embeddable":true,"href":"https:\/\/www.leclanche.com\/de\/wp-json\/wp\/v2\/comments?post=10954"}],"version-history":[{"count":0,"href":"https:\/\/www.leclanche.com\/de\/wp-json\/wp\/v2\/posts\/10954\/revisions"}],"wp:featuredmedia":[{"embeddable":true,"href":"https:\/\/www.leclanche.com\/de\/wp-json\/wp\/v2\/media\/10948"}],"wp:attachment":[{"href":"https:\/\/www.leclanche.com\/de\/wp-json\/wp\/v2\/media?parent=10954"}],"wp:term":[{"taxonomy":"category","embeddable":true,"href":"https:\/\/www.leclanche.com\/de\/wp-json\/wp\/v2\/categories?post=10954"},{"taxonomy":"post_tag","embeddable":true,"href":"https:\/\/www.leclanche.com\/de\/wp-json\/wp\/v2\/tags?post=10954"}],"curies":[{"name":"wp","href":"https:\/\/api.w.org\/{rel}","templated":true}]}}