{"id":11167,"date":"2021-12-23T18:15:18","date_gmt":"2021-12-23T17:15:18","guid":{"rendered":"https:\/\/www.leclanche.com\/?p=11167"},"modified":"2022-02-24T15:54:19","modified_gmt":"2022-02-24T14:54:19","slug":"leclanche-gibt-ein-update-zur-geschaeftsentwicklung-bekannt","status":"publish","type":"post","link":"https:\/\/www.leclanche.com\/de\/leclanche-gibt-ein-update-zur-geschaeftsentwicklung-bekannt\/","title":{"rendered":"Leclanch\u00e9 gibt ein Update zur Gesch\u00e4ftsentwicklung bekannt"},"content":{"rendered":"<p><em>Ad-hoc-Mitteilung gem\u00e4ss Art. 53 KR<\/em><\/p>\n<p>&nbsp;<\/p>\n<ul>\n<li><em>Das Unternehmen hat mit der Ausgliederung seines eTransport-Gesch\u00e4fts in eine hundertprozentige Schweizer Gesellschaft, <strong>Leclanch\u00e9 E-Mobility S.A<\/strong>., nach Abschluss Due Process einen wichtigen Meilenstein erreicht. <\/em><\/li>\n<li><em>Das Unternehmen best\u00e4tigt nun, dass es einen beidseitig exklusiven Absichtserkl\u00e4rung mit einer in den U.S.A. kotierten Mantelgesellschaft (Special Purpose Acquisition Company &#8211; SPAC) f\u00fcr den Zusammenschluss mit Leclanch\u00e9 E-Mobility S.A. unterzeichnet hat. <\/em><\/li>\n<li><em>Das Unternehmen arbeitet mit seinem gr\u00f6ssten Aktion\u00e4r, <\/em><em>SEFAM<a href=\"#_ftn1\" name=\"_ftnref1\"><strong>[1]<\/strong><\/a>,<\/em><em> und seinen Anlageberatern zusammen, um die Finanzierung f\u00fcr den Betrieb im Jahr 2022 bis zum Abschluss der beabsichtigten Fusion des Leclanch\u00e9 e-Transport-Gesch\u00e4fts mit der SPAC sicherzustellen. <\/em><\/li>\n<li><em>Die Kombination aus knapper Liquidit\u00e4t und Unterbrechung der globalen Lieferkette f\u00fchrt zu Unregelm\u00e4ssigkeiten bei der Zellenproduktion in der deutschen Zellenfabrik von Leclanch\u00e9 in Willst\u00e4tt.<\/em><\/li>\n<li><em>Es gibt weiterhin positive kommerzielle Entwicklungen im Bereich der Spezialfahrzeuge f\u00fcr Bergbau, Landwirtschaft und Verteidigung.<\/em><\/li>\n<\/ul>\n<p>&nbsp;<\/p>\n<p><strong>YVERDON-LES-BAINS, Schweiz, 23. Dezember 2021 &#8211;<\/strong> <a href=\"https:\/\/www.leclanche.com\/de\/\">Leclanch\u00e9<\/a> SA (SIX: LECN), eines der weltweit f\u00fchrenden Unternehmen f\u00fcr Energiespeicherl\u00f6sungen, gibt heute wichtige Gesch\u00e4ftsinformationen bekannt.<\/p>\n<p><strong>Die Ausgliederung des eTransport-Gesch\u00e4fts und die geplante Fusion mit einer in den U.S.A. kotierten Special Purpose Acquisition Company (SPAC):<\/strong><\/p>\n<p>Das Unternehmen befindet sich mit seiner Gesch\u00e4ftsentwicklung und der Umsetzung der am 15. September 2020 angek\u00fcndigten strategischen Neuausrichtung in einer Phase der Transformation. Im Anschluss an diese Ank\u00fcndigung und das j\u00fcngste Update vom 29. September 2021 freuen wir uns mitteilen zu k\u00f6nnen, dass mit der Gr\u00fcndung einer neuen hundertprozentigen Schweizer Gesellschaft, Leclanch\u00e9 E-Mobility S.A., am 16. Dezember 2021 ein wichtiger Meilenstein erreicht wurde. Das Unternehmen beabsichtigt, diese Gesellschaft mit einer in den U.S.A. b\u00f6rsennotierten SPAC zu fusionieren.<\/p>\n<ul>\n<li>Das ordnungsgem\u00e4sse Verfahren zum Abschluss der Ausgliederung und zur Durchf\u00fchrung der entsprechenden Massnahmen zur \u00dcbertragung von Verm\u00f6genswerten und Verbindlichkeiten, Vertr\u00e4gen usw. befindet sich in der Endphase mit dem Abschluss der Transaktion am 24. Dezember 2021 und der rechtlichen Wirksamkeit der \u00dcbertragung am 1. Januar 2022 um 00:05 Uhr MEZ.<\/li>\n<li>Die SPAC verf\u00fcgt \u00fcber rund USD 140 Mio. auf ihrem Treuhandkonto, die mit den Mitteln eines privaten Investors in Public Equity (PIPE) erg\u00e4nzt werden sollen, um den f\u00fcnfj\u00e4hrigen Gesch\u00e4ftsplan des fusionierten Unternehmens vollst\u00e4ndig zu finanzieren. Derzeit betreiben die Parteien und die von der SPAC ernannten Banken gemeinsames Marketing f\u00fcr die PIPE durch.<\/li>\n<li>Wenn der Prozess zur Kapitalbeschaffung durch die PIPE vom Verwaltungsrat von Leclanch\u00e9 und der SPAC als zufriedenstellend erachtet wird, beabsichtigen die Parteien, Mitte Februar 2022 einen definitiven Fusionsvertrag bekannt zu geben. Im Anschluss daran sollen der Due Process und die Einreichung der Unterlagen gem\u00e4ss den B\u00f6rsenvorschriften in den U.S.A. abgeschlossen werden. Die Parteien gehen davon aus, dass der Zusammenschluss im zweiten Quartal 2022 abgeschlossen sein wird.<\/li>\n<\/ul>\n<p>Der Verwaltungsrat und die Gesch\u00e4ftsleitung von Leclanch\u00e9 sind \u00fcberzeugt, dass ein erfolgreicher Abschluss dieses spannenden Zusammenschlusses gut f\u00fcr alle Leclanch\u00e9-Aktion\u00e4re, alle Leclanch\u00e9-Mitarbeiter und alle anderen Stakeholder wie unsere Kunden und Lieferanten w\u00e4re. Weitere Einzelheiten werden zum Zeitpunkt der Bekanntgabe des endg\u00fcltigen Zusammenschlusses bekannt gegeben, der bis Mitte Februar 2022 erwartet wird.<\/p>\n<p><strong>Der Gesch\u00e4ftsbetrieb ist vor\u00fcbergehend durch die angespannte Liquidit\u00e4t und die Unterbrechung der globalen Lieferkette beeintr\u00e4chtigt:<\/strong><\/p>\n<ul>\n<li>Das Management des Unternehmens arbeitet mit SEFAM und seinen Anlageberatern zusammen, um die Finanzierung des Gesch\u00e4ftsbetriebs im Jahr 2022 bis zum Abschluss der beabsichtigten Fusion von Leclanch\u00e9 E-Mobility mit der SPAC, wie am 29. September 2021 angek\u00fcndigt, sicherzustellen. Das Unternehmen ist weiterhin zuversichtlich, dass bis Mitte Januar 2022 eine neue Finanzierungsvereinbarung getroffen werden kann. Das Unternehmen arbeitet parallel mit anderen Investoren zusammen, um eine neue Finanzierung zu sichern. Solange die Finanzierung nicht gesichert ist, bleibt die Liquidit\u00e4tslage angespannt.<\/li>\n<li>Am 29. September 2021 teilte das Unternehmen mit, dass die Aussichten f\u00fcr die zweite Jahresh\u00e4lfte 2021 aufgrund der anhaltenden weltweiten Probleme in der Lieferkette unsicher bleiben. Die sich verschlechternden Preise ab Werk, die Kosten, zu denen die Grossh\u00e4ndler Materialien von den Produzenten kaufen, die Engp\u00e4sse beim Transport und die verl\u00e4ngerten Lieferzeiten f\u00fchren zu Verz\u00f6gerungen bei einer Vielzahl von Unternehmen weltweit. Leclanch\u00e9 hat die aktuelle Situation in der Lieferkette und ihre Auswirkungen auf die Produktionskapazit\u00e4ten untersucht:<\/li>\n<li>Leclanch\u00e9 hat die derzeitige Situation in der weltweiten Lieferkette und deren Auswirkungen auf die Produktionskapazit\u00e4ten \u00fcberpr\u00fcft. Dazu geh\u00f6ren l\u00e4ngere Vorlaufzeiten f\u00fcr Rohmaterialien, ein Mangel an hochwertigen Kunststoffteilen wie Sensoren und Steckern sowie anhaltende Anfragen einiger Kunden, und die mit denselben Problemen in der Lieferkette konfrontiert sind, ihre Lieferungen f\u00fcr 2022 zu verschieben. Das Unternehmen sch\u00e4tzt, dass die derzeitige unterbrochene Produktion wahrscheinlich bis zum Ende des ersten Quartals 2022 andauern wird.<\/li>\n<li>Folglich werden die Umsatzerwartungen f\u00fcr 2021 im Vergleich zu 2020 im Wesentlichen unver\u00e4ndert bleiben oder nur geringf\u00fcgig steigen. Prognosen f\u00fcr 2022 werden zu gegebener Zeit vorgelegt.<\/li>\n<\/ul>\n<p><strong>Anhaltenden Kundengewinne und starke Wachstumsdynamik:<\/strong><\/p>\n<p>Ungeachtet der anhaltenden Probleme in der Lieferkette wurde das Unternehmen vor Kurzem von mehreren\u00a0 Originalger\u00e4teherstellern (OEMs) als strategischer Lieferant im Bereich Spezialfahrzeuge f\u00fcr Bergbau, Landwirtschaft und Verteidigung ausgew\u00e4hlt. Es wird erwartet, dass das kumulierte Gesch\u00e4ft mit diesen Kunden \u00fcber einen Zeitraum von f\u00fcnf Jahren einen Umsatz von mehr als CHF 150 Mio. generieren wird, wobei die Lieferung von Ingenieurdienstleistungen und Pilotsystemen ab der zweiten H\u00e4lfte des Jahres 2022 erwartet wird. Diese vielversprechenden Gesch\u00e4ftsabschl\u00fcsse festigen weiter die signifikante vertragliche Umsatzpipeline, \u00fcber die das Unternehmen anl\u00e4sslich der Jahreshauptversammlung am 30. Juni 2021 berichtet hatte.<\/p>\n<p>F\u00fcr weitere Informationen schreiben Sie an <a href=\"mailto:info@leclanche.com\">info@leclanche.com<\/a> oder besuchen Sie <a href=\"http:\/\/www.leclanche.com\">www.leclanche.com<\/a>.<\/p>\n<p><strong>\u00a0<\/strong><\/p>\n<p>&nbsp;<\/p>\n<p><strong>\u00dcber Leclanch\u00e9<\/strong><\/p>\n<p>Leclanch\u00e9 SA mit Sitz in der Schweiz ist ein f\u00fchrender Anbieter von hochwertigen Energiespeicherl\u00f6sungen, die die Fortschritte in Richtung einer sauberen Energiezukunft beschleunigen sollen. Die Geschichte und das Erbe von Leclanch\u00e9 wurzeln in mehr als 100 Jahren innovativer Entwicklung von Batterien und Energiespeichern\u00a0\u2013 das Unternehmen ist ein zuverl\u00e4ssiger Anbieter von Energiespeicherl\u00f6sungen weltweit. Dies, kombiniert mit der Unternehmenskultur des deutschen Maschinenbaus und der Schweizer Pr\u00e4zision und Qualit\u00e4t, macht Leclanch\u00e9 zum bevorzugten Partner f\u00fcr neue Markteilnehmer, etablierte Unternehmen und Regierungen, die an der Spitze positiver Ver\u00e4nderungen in der weltweiten Energieerzeugung und -verteilung sowie ihres Verbrauchs stehen. Der Energiewandel wird haupts\u00e4chlich durch Ver\u00e4nderungen im Management der Stromnetze und in der Elektrifizierung des Transports vorangetrieben; beide M\u00e4rkte sind das R\u00fcckgrat der Strategie und des Gesch\u00e4ftsmodells von Leclanch\u00e9. Die Produkte von Leclanch\u00e9 sind das Herzst\u00fcck der Konvergenz der Verkehrselektrifizierung und der Entwicklung des Verteilungsnetzes. Leclanch\u00e9 ist in drei Gesch\u00e4ftseinheiten organisiert ist: station\u00e4re Speicherl\u00f6sungen, E-Transportl\u00f6sungen und spezielle Batteriesysteme. Leclanch\u00e9 ist an der Schweizer B\u00f6rse notiert (SIX: LECN).<\/p>\n<p>SIX Swiss Exchange: ticker symbol LECN | ISIN CH 011 030 311 9<\/p>\n<p><strong>\u00a0<\/strong><\/p>\n<p><strong>Haftungsausschluss<\/strong><\/p>\n<p>Diese Pressemitteilung enth\u00e4lt bestimmte in die Zukunft gerichtete Aussagen \u00fcber die Aktivit\u00e4ten von Leclanch\u00e9, die durch Begriffe wie \u201estrategisch&#8220;, \u201evorgeschlagen&#8220;, \u201eeingef\u00fchrt&#8220;, \u201ewird&#8220;, \u201egeplant&#8220;, \u201eerwartet&#8220;, \u201eVerpflichtung&#8220;, \u201eerwarten&#8220;, \u201eprognostizieren&#8220;, \u201eetabliert&#8220;, \u201evorbereiten&#8220;, \u201eplanen&#8220;, \u201esch\u00e4tzen&#8220;, \u201eZiele&#8220;, \u201ew\u00fcrden&#8220;, \u201epotenziell&#8220; und \u201eerwarten&#8220; gekennzeichnet sein k\u00f6nnen, \u201eSch\u00e4tzung&#8220;, \u201eAngebot&#8220; oder \u00e4hnliche Ausdr\u00fccke oder durch ausdr\u00fcckliche oder implizite Diskussionen \u00fcber den Hochlauf der Produktionskapazit\u00e4ten von Leclanch\u00e9, m\u00f6gliche Anwendungen bestehender Produkte oder potenzielle zuk\u00fcnftige Einnahmen aus solchen Produkten oder potenzielle zuk\u00fcnftige Verk\u00e4ufe oder Gewinne von Leclanch\u00e9 oder einer seiner Gesch\u00e4ftseinheiten. Sie sollten sich nicht zu sehr auf diese Aussagen verlassen. Diese zukunftsgerichteten Aussagen spiegeln die aktuellen Ansichten von Leclanch\u00e9 \u00fcber zuk\u00fcnftige Ereignisse wider und beinhalten bekannte und unbekannte Risiken, Unsicherheiten und andere Faktoren, die dazu f\u00fchren k\u00f6nnen, dass die tats\u00e4chlichen Ergebnisse wesentlich von den zuk\u00fcnftigen Ergebnissen, Leistungen oder Errungenschaften abweichen, die in diesen Aussagen ausdr\u00fccklich oder implizit zum Ausdruck kommen. Es gibt keine Garantie daf\u00fcr, dass die Produkte von Leclanch\u00e9 ein bestimmtes Umsatzniveau erreichen. Es gibt auch keine Garantie daf\u00fcr, dass Leclanch\u00e9 oder eine seiner Gesch\u00e4ftseinheiten bestimmte finanzielle Ergebnisse erzielen wird.<\/p>\n<p><strong>\u00a0<\/strong><\/p>\n<p><strong>\u00a0<\/strong><\/p>\n<p><strong>Kontakte Leclanch\u00e9<\/strong><\/p>\n<p><strong>Medien Schweiz \/ Europa:<\/strong><\/p>\n<p>Thierry Meyer<\/p>\n<p>T: +41 (0) 79\u00a0785 35 81<\/p>\n<p>E-Mail: <a href=\"mailto:tme@dynamicsgoup.ch\">tme@dynamicsgroup.ch<\/a><\/p>\n<p>&nbsp;<\/p>\n<p><strong>Medien Nordamerika:<\/strong><\/p>\n<p>Henry Feintuch \/ Ashley Blas<\/p>\n<p>T: +1-646-753-5710 \/ +1-646-753-5713<\/p>\n<p>E-Mail: <a href=\"mailto:leclanche@feintuchpr.com\">leclanche@feintuchpr.com<\/a><\/p>\n<p>&nbsp;<\/p>\n<p><strong>Medien Deutschland:<\/strong><\/p>\n<p>Christoph Miller<\/p>\n<p>T: +49 (0) 711 947 670<\/p>\n<p>E-Mail: <a href=\"mailto:leclanche@sympra.de\">leclanche@sympra.de<\/a><\/p>\n<p>&nbsp;<\/p>\n<p><strong>Ansprechpartner f\u00fcr Investoren:<\/strong><\/p>\n<p>Anil Srivastava \/ Hubert Angleys<\/p>\n<p>T: +41 (0) 24 424 65 00<\/p>\n<p>E-Mail: <a href=\"mailto:invest.leclanche@leclanche.com\">invest.leclanche@leclanche.com<\/a><\/p>\n<p>&nbsp;<\/p>\n<p><a href=\"#_ftnref1\" name=\"_ftn1\">[1]<\/a> SEFAM bedeutet: AM INVESTMENT SCA, SICAV-SIF &#8211; Illiquid Assets Sub-Fund und AM INVESTMENT SCA, SICAV-SIF \u2013 R&amp;D Sub-Fund, zusammen mit STRATEGIC EQUITY FUND &#8211; Renewable Energy Sub-Fund, STRATEGIC EQUITY FUND &#8211; Multi Asset Strategy Sub-Fund, STRATEGIC EQUITY FUND \u2013 E Money Strategies Sub-Fund (auch Energy Storage Invest genannt) und, da alle diese Fonds zusammen der Hauptaktion\u00e4r von Leclanch\u00e9 sind, im Folgenden als \u201eSEFAM\u201d bezeichnet.<\/p>\n","protected":false},"excerpt":{"rendered":"<p>Ad-hoc-Mitteilung gem\u00e4ss Art. 53 KR &nbsp; Das Unternehmen hat mit der Ausgliederung seines eTransport-Gesch\u00e4fts in eine hundertprozentige Schweizer Gesellschaft, Leclanch\u00e9 E-Mobility S.A., nach Abschluss Due Process einen wichtigen Meilenstein erreicht. Das Unternehmen best\u00e4tigt nun, dass es einen beidseitig exklusiven Absichtserkl\u00e4rung mit einer in den U.S.A. kotierten Mantelgesellschaft (Special Purpose Acquisition Company &#8211; SPAC) f\u00fcr den [&hellip;]<\/p>\n","protected":false},"author":2,"featured_media":0,"comment_status":"open","ping_status":"open","sticky":false,"template":"","format":"standard","meta":{"footnotes":""},"categories":[107,47,48],"tags":[],"class_list":["post-11167","post","type-post","status-publish","format-standard","hentry","category-ad-hoc-mitteilung","category-firmennachrichten","category-pressemitteilung"],"yoast_head":"<!-- This site is optimized with the Yoast SEO plugin v26.4 - https:\/\/yoast.com\/wordpress\/plugins\/seo\/ -->\n<title>Leclanch\u00e9 gibt ein Update zur Gesch\u00e4ftsentwicklung bekannt - Leclanch\u00e9<\/title>\n<meta name=\"description\" content=\"Ad-hoc-Mitteilung gem\u00e4ss Art. 53 KR &nbsp; Das Unternehmen hat mit der Ausgliederung seines eTransport-Gesch\u00e4fts in eine hundertprozentige Schweizer\" \/>\n<meta name=\"robots\" content=\"index, follow, max-snippet:-1, max-image-preview:large, max-video-preview:-1\" \/>\n<link rel=\"canonical\" href=\"https:\/\/www.leclanche.com\/de\/leclanche-gibt-ein-update-zur-geschaeftsentwicklung-bekannt\/\" \/>\n<meta property=\"og:locale\" content=\"de_DE\" \/>\n<meta property=\"og:type\" content=\"article\" \/>\n<meta property=\"og:title\" content=\"Leclanch\u00e9 gibt ein Update zur Gesch\u00e4ftsentwicklung bekannt - Leclanch\u00e9\" \/>\n<meta property=\"og:description\" content=\"Ad-hoc-Mitteilung gem\u00e4ss Art. 53 KR &nbsp; Das Unternehmen hat mit der Ausgliederung seines eTransport-Gesch\u00e4fts in eine hundertprozentige Schweizer\" \/>\n<meta property=\"og:url\" content=\"https:\/\/www.leclanche.com\/de\/leclanche-gibt-ein-update-zur-geschaeftsentwicklung-bekannt\/\" \/>\n<meta property=\"og:site_name\" content=\"Leclanch\u00e9\" \/>\n<meta property=\"article:published_time\" content=\"2021-12-23T17:15:18+00:00\" \/>\n<meta property=\"article:modified_time\" content=\"2022-02-24T14:54:19+00:00\" \/>\n<meta name=\"author\" content=\"Annick.Bid\" \/>\n<meta name=\"twitter:card\" content=\"summary_large_image\" \/>\n<meta name=\"twitter:label1\" content=\"Verfasst von\" \/>\n\t<meta name=\"twitter:data1\" content=\"Annick.Bid\" \/>\n\t<meta name=\"twitter:label2\" content=\"Gesch\u00e4tzte Lesezeit\" \/>\n\t<meta name=\"twitter:data2\" content=\"7\u00a0Minuten\" \/>\n<script type=\"application\/ld+json\" class=\"yoast-schema-graph\">{\"@context\":\"https:\/\/schema.org\",\"@graph\":[{\"@type\":\"WebPage\",\"@id\":\"https:\/\/www.leclanche.com\/de\/leclanche-gibt-ein-update-zur-geschaeftsentwicklung-bekannt\/\",\"url\":\"https:\/\/www.leclanche.com\/de\/leclanche-gibt-ein-update-zur-geschaeftsentwicklung-bekannt\/\",\"name\":\"Leclanch\u00e9 gibt ein Update zur Gesch\u00e4ftsentwicklung bekannt - Leclanch\u00e9\",\"isPartOf\":{\"@id\":\"https:\/\/www.leclanche.com\/de\/#website\"},\"datePublished\":\"2021-12-23T17:15:18+00:00\",\"dateModified\":\"2022-02-24T14:54:19+00:00\",\"author\":{\"@id\":\"https:\/\/www.leclanche.com\/de\/#\/schema\/person\/7ef725388a3f2b409a32cfa92059aa64\"},\"description\":\"Ad-hoc-Mitteilung gem\u00e4ss Art. 53 KR &nbsp; Das Unternehmen hat mit der Ausgliederung seines eTransport-Gesch\u00e4fts in eine hundertprozentige Schweizer\",\"breadcrumb\":{\"@id\":\"https:\/\/www.leclanche.com\/de\/leclanche-gibt-ein-update-zur-geschaeftsentwicklung-bekannt\/#breadcrumb\"},\"inLanguage\":\"de\",\"potentialAction\":[{\"@type\":\"ReadAction\",\"target\":[\"https:\/\/www.leclanche.com\/de\/leclanche-gibt-ein-update-zur-geschaeftsentwicklung-bekannt\/\"]}]},{\"@type\":\"BreadcrumbList\",\"@id\":\"https:\/\/www.leclanche.com\/de\/leclanche-gibt-ein-update-zur-geschaeftsentwicklung-bekannt\/#breadcrumb\",\"itemListElement\":[{\"@type\":\"ListItem\",\"position\":1,\"name\":\"Accueil\",\"item\":\"https:\/\/www.leclanche.com\/de\/\"},{\"@type\":\"ListItem\",\"position\":2,\"name\":\"Leclanch\u00e9 gibt ein Update zur Gesch\u00e4ftsentwicklung bekannt\"}]},{\"@type\":\"WebSite\",\"@id\":\"https:\/\/www.leclanche.com\/de\/#website\",\"url\":\"https:\/\/www.leclanche.com\/de\/\",\"name\":\"Leclanch\u00e9\",\"description\":\"Energy Storage Solutions\",\"potentialAction\":[{\"@type\":\"SearchAction\",\"target\":{\"@type\":\"EntryPoint\",\"urlTemplate\":\"https:\/\/www.leclanche.com\/de\/?s={search_term_string}\"},\"query-input\":{\"@type\":\"PropertyValueSpecification\",\"valueRequired\":true,\"valueName\":\"search_term_string\"}}],\"inLanguage\":\"de\"},{\"@type\":\"Person\",\"@id\":\"https:\/\/www.leclanche.com\/de\/#\/schema\/person\/7ef725388a3f2b409a32cfa92059aa64\",\"name\":\"Annick.Bid\",\"image\":{\"@type\":\"ImageObject\",\"inLanguage\":\"de\",\"@id\":\"https:\/\/www.leclanche.com\/de\/#\/schema\/person\/image\/\",\"url\":\"https:\/\/secure.gravatar.com\/avatar\/0fe6baaabc318280db3d0e10c43b8017aa89b961c16e819765bd4fb65396af34?s=96&d=mm&r=g\",\"contentUrl\":\"https:\/\/secure.gravatar.com\/avatar\/0fe6baaabc318280db3d0e10c43b8017aa89b961c16e819765bd4fb65396af34?s=96&d=mm&r=g\",\"caption\":\"Annick.Bid\"},\"url\":\"https:\/\/www.leclanche.com\/de\/author\/annick-bid\/\"}]}<\/script>\n<!-- \/ Yoast SEO plugin. -->","yoast_head_json":{"title":"Leclanch\u00e9 gibt ein Update zur Gesch\u00e4ftsentwicklung bekannt - Leclanch\u00e9","description":"Ad-hoc-Mitteilung gem\u00e4ss Art. 53 KR &nbsp; Das Unternehmen hat mit der Ausgliederung seines eTransport-Gesch\u00e4fts in eine hundertprozentige Schweizer","robots":{"index":"index","follow":"follow","max-snippet":"max-snippet:-1","max-image-preview":"max-image-preview:large","max-video-preview":"max-video-preview:-1"},"canonical":"https:\/\/www.leclanche.com\/de\/leclanche-gibt-ein-update-zur-geschaeftsentwicklung-bekannt\/","og_locale":"de_DE","og_type":"article","og_title":"Leclanch\u00e9 gibt ein Update zur Gesch\u00e4ftsentwicklung bekannt - Leclanch\u00e9","og_description":"Ad-hoc-Mitteilung gem\u00e4ss Art. 53 KR &nbsp; Das Unternehmen hat mit der Ausgliederung seines eTransport-Gesch\u00e4fts in eine hundertprozentige Schweizer","og_url":"https:\/\/www.leclanche.com\/de\/leclanche-gibt-ein-update-zur-geschaeftsentwicklung-bekannt\/","og_site_name":"Leclanch\u00e9","article_published_time":"2021-12-23T17:15:18+00:00","article_modified_time":"2022-02-24T14:54:19+00:00","author":"Annick.Bid","twitter_card":"summary_large_image","twitter_misc":{"Verfasst von":"Annick.Bid","Gesch\u00e4tzte Lesezeit":"7\u00a0Minuten"},"schema":{"@context":"https:\/\/schema.org","@graph":[{"@type":"WebPage","@id":"https:\/\/www.leclanche.com\/de\/leclanche-gibt-ein-update-zur-geschaeftsentwicklung-bekannt\/","url":"https:\/\/www.leclanche.com\/de\/leclanche-gibt-ein-update-zur-geschaeftsentwicklung-bekannt\/","name":"Leclanch\u00e9 gibt ein Update zur Gesch\u00e4ftsentwicklung bekannt - Leclanch\u00e9","isPartOf":{"@id":"https:\/\/www.leclanche.com\/de\/#website"},"datePublished":"2021-12-23T17:15:18+00:00","dateModified":"2022-02-24T14:54:19+00:00","author":{"@id":"https:\/\/www.leclanche.com\/de\/#\/schema\/person\/7ef725388a3f2b409a32cfa92059aa64"},"description":"Ad-hoc-Mitteilung gem\u00e4ss Art. 53 KR &nbsp; Das Unternehmen hat mit der Ausgliederung seines eTransport-Gesch\u00e4fts in eine hundertprozentige Schweizer","breadcrumb":{"@id":"https:\/\/www.leclanche.com\/de\/leclanche-gibt-ein-update-zur-geschaeftsentwicklung-bekannt\/#breadcrumb"},"inLanguage":"de","potentialAction":[{"@type":"ReadAction","target":["https:\/\/www.leclanche.com\/de\/leclanche-gibt-ein-update-zur-geschaeftsentwicklung-bekannt\/"]}]},{"@type":"BreadcrumbList","@id":"https:\/\/www.leclanche.com\/de\/leclanche-gibt-ein-update-zur-geschaeftsentwicklung-bekannt\/#breadcrumb","itemListElement":[{"@type":"ListItem","position":1,"name":"Accueil","item":"https:\/\/www.leclanche.com\/de\/"},{"@type":"ListItem","position":2,"name":"Leclanch\u00e9 gibt ein Update zur Gesch\u00e4ftsentwicklung bekannt"}]},{"@type":"WebSite","@id":"https:\/\/www.leclanche.com\/de\/#website","url":"https:\/\/www.leclanche.com\/de\/","name":"Leclanch\u00e9","description":"Energy Storage Solutions","potentialAction":[{"@type":"SearchAction","target":{"@type":"EntryPoint","urlTemplate":"https:\/\/www.leclanche.com\/de\/?s={search_term_string}"},"query-input":{"@type":"PropertyValueSpecification","valueRequired":true,"valueName":"search_term_string"}}],"inLanguage":"de"},{"@type":"Person","@id":"https:\/\/www.leclanche.com\/de\/#\/schema\/person\/7ef725388a3f2b409a32cfa92059aa64","name":"Annick.Bid","image":{"@type":"ImageObject","inLanguage":"de","@id":"https:\/\/www.leclanche.com\/de\/#\/schema\/person\/image\/","url":"https:\/\/secure.gravatar.com\/avatar\/0fe6baaabc318280db3d0e10c43b8017aa89b961c16e819765bd4fb65396af34?s=96&d=mm&r=g","contentUrl":"https:\/\/secure.gravatar.com\/avatar\/0fe6baaabc318280db3d0e10c43b8017aa89b961c16e819765bd4fb65396af34?s=96&d=mm&r=g","caption":"Annick.Bid"},"url":"https:\/\/www.leclanche.com\/de\/author\/annick-bid\/"}]}},"_links":{"self":[{"href":"https:\/\/www.leclanche.com\/de\/wp-json\/wp\/v2\/posts\/11167","targetHints":{"allow":["GET"]}}],"collection":[{"href":"https:\/\/www.leclanche.com\/de\/wp-json\/wp\/v2\/posts"}],"about":[{"href":"https:\/\/www.leclanche.com\/de\/wp-json\/wp\/v2\/types\/post"}],"author":[{"embeddable":true,"href":"https:\/\/www.leclanche.com\/de\/wp-json\/wp\/v2\/users\/2"}],"replies":[{"embeddable":true,"href":"https:\/\/www.leclanche.com\/de\/wp-json\/wp\/v2\/comments?post=11167"}],"version-history":[{"count":1,"href":"https:\/\/www.leclanche.com\/de\/wp-json\/wp\/v2\/posts\/11167\/revisions"}],"predecessor-version":[{"id":11369,"href":"https:\/\/www.leclanche.com\/de\/wp-json\/wp\/v2\/posts\/11167\/revisions\/11369"}],"wp:attachment":[{"href":"https:\/\/www.leclanche.com\/de\/wp-json\/wp\/v2\/media?parent=11167"}],"wp:term":[{"taxonomy":"category","embeddable":true,"href":"https:\/\/www.leclanche.com\/de\/wp-json\/wp\/v2\/categories?post=11167"},{"taxonomy":"post_tag","embeddable":true,"href":"https:\/\/www.leclanche.com\/de\/wp-json\/wp\/v2\/tags?post=11167"}],"curies":[{"name":"wp","href":"https:\/\/api.w.org\/{rel}","templated":true}]}}