{"id":12021,"date":"2022-09-09T18:32:31","date_gmt":"2022-09-09T16:32:31","guid":{"rendered":"https:\/\/www.leclanche.com\/leclanche-gibt-veraenderungen-im-verwaltungsrat-bekannt\/"},"modified":"2022-09-09T18:40:11","modified_gmt":"2022-09-09T16:40:11","slug":"leclanche-gibt-veraenderungen-im-verwaltungsrat-bekannt","status":"publish","type":"post","link":"https:\/\/www.leclanche.com\/de\/leclanche-gibt-veraenderungen-im-verwaltungsrat-bekannt\/","title":{"rendered":"Leclanch\u00e9 gibt Ver\u00e4nderungen im Verwaltungsrat bekannt"},"content":{"rendered":"<p><em>Ad hoc-Mitteilung gem\u00e4\u00df Art. 53 KR<\/em><\/p>\n<p>&nbsp;<\/p>\n<ul>\n<li><em>Nach der Ausgliederung des eTransport-Gesch\u00e4fts der Leclanch\u00e9 SA in die neue Gesellschaft Leclanch\u00e9 E-Mobility SA zu Beginn des Jahres und dem laufenden M&amp;A-Prozess wird der Verwaltungsrat der Gesellschaft umgebildet, um neue Richtungen f\u00fcr verschiedene Gesch\u00e4ftsbereiche innerhalb der Leclanch\u00e9 SA Gruppe zu definieren.<\/em><\/li>\n<li><em>Dank der umfangreichen und geduldigen Investitionen von SEFAM<a href=\"#_ftn1\" name=\"_ftnref1\"><strong>[1]<\/strong><\/a> in H\u00f6he von mehr als CHF 400 Millionen in den letzten sechs Jahren ist das Unternehmen in der Lage, f\u00fcr alle Aktion\u00e4re einen Mehrwert zu schaffen. Es ist eine nat\u00fcrliche Entwicklung, da<\/em><em>\u03b2<\/em><em> SEFAM eine Mehrheitsrolle im Verwaltungsrat \u00fcbernehmen wird.<\/em><\/li>\n<li><em>Stefan A. M\u00fcller, Dr. Llu\u00eds M. Fargas Mas, Toi Wai David Suen, Axel J. Maschka, und Tanyi Fan stellen sich an der kommenden Generalversammlung nicht zur Wiederwahl als Mitglieder des Verwaltungsrats vor.<\/em><\/li>\n<li><em>Neue Mitglieder des Verwaltungsrats werden w\u00e4hrend der n\u00e4chsten Jahreshauptversammlung vorgeschlagen.<\/em><\/li>\n<\/ul>\n<p><strong>\u00a0<\/strong><\/p>\n<p><strong>YVERDON-LES-BAINS, Schweiz, 7 September 2022 <\/strong>\u2013 <a href=\"https:\/\/www.leclanche.com\/\">Leclanch\u00e9 SA<\/a> (SIX: LECN), eines der weltweit f\u00fchrenden Unternehmen im Bereich der Energiespeicherung, gab heute bekannt, da\u03b2 Stefan A. M\u00fcller, Dr. Llu\u00eds M. Fargas Mas, Toi Wai David Suen, Axel J. Maschka und Tanyi Fan an der kommenden Generalversammlung (GV) nicht zur Wiederwahl als Mitglieder des Verwaltungsrats antreten werden.<\/p>\n<p>Im Einklang mit den j\u00fcngsten Marktank\u00fcndigungen freut sich das Unternehmen, best\u00e4tigen zu k\u00f6nnen, da\u03b2 der laufende M&amp;A-Prozess f\u00fcr Leclanch\u00e9 E-Mobility mit weltweit f\u00fchrenden Industrieunternehmen zufriedenstellend verl\u00e4uft. Diese strategischen Interessen und die fortlaufenden Gesch\u00e4ftsabschl\u00fcsse mit OEMs best\u00e4tigen den hohen Wert, der durch die umfangreichen und geduldigen Investitionen von SEFAM und anderen Aktion\u00e4ren geschaffen wurde. Obwohl wir weiterhin zuversichtlich sind, kann der Ausgang eines M&amp;A-Prozesses nicht garantiert werden.<\/p>\n<p>Das Unternehmen wird zu gegebener Zeit weitere Informationen \u00fcber den M&amp;A-Prozess bekannt geben. Da SEFAM[1] in den letzten sechs Jahren rund CHF 400 Millionen investiert hat, ist das Unternehmen nun in der Lage, f\u00fcr alle seine Aktion\u00e4re einen Mehrwert zu schaffen. Es ist eine nat\u00fcrliche Entwicklung, da\u03b2 SEFAM eine Mehrheitsrolle im Verwaltungsrat \u00fcbernimmt.<\/p>\n<p>Stefan A. M\u00fcller, Dr. Llu\u00eds M. Fargas Mas, Toi Wai David Suen, Axel J. Maschka und Tanyi Fan haben alle ein H\u00f6chstma\u00df an Professionalit\u00e4t und Engagement gezeigt. Stefan A. M\u00fcller ist seit mehr als 20 Jahren Mitglied des Verwaltungsrats und war von 2005 bis 2010 und seit 2018 ist Dr. Llu\u00eds M. Fargas Mas Mitglied des Verwaltungsrats. Bis heute war er Vorsitzender des Pr\u00fcfungs- und Risikoausschusses sowie Vorsitzender des Ernennungs- und Verg\u00fctungsausschusses.<\/p>\n<p>Die folgenden Personen werden vom Verwaltungsrat als neue Mitglieder vorgeschlagen, die auf der kommenden Jahreshauptversammlung am 30. September 2022 gew\u00e4hlt werden sollen:<\/p>\n<p><strong>Shanu Sherwani<\/strong><\/p>\n<p><strong>Alexander Rhea<\/strong><\/p>\n<p><strong>Marc Lepi\u00e8ce<\/strong><\/p>\n<p><strong>Bernard Pons<\/strong><\/p>\n<p><strong>Stefan A. M\u00fcller, Pr\u00e4sident des Verwaltungsrats, sagte: <\/strong><em>&#8222;Dr. Llu\u00eds M. Fargas Mas, Toi Wai David Suen, Axel J. Maschka und Tianyi Fan haben bei Leclanch\u00e9 eine Schl\u00fcsselrolle gespielt. Sie haben sehr viel Zeit in das Unternehmen investiert. Sie haben die zahlreichen Ver\u00e4nderungen, die Leclanch\u00e9 in den letzten Jahren durchlaufen hat, beratend begleitet und die Strategie des Unternehmens mitgestaltet. Aus diesem Grund haben alle eine zentrale Rolle in der Geschichte des Unternehmens gespielt. Sie haben ihre einzigartige und wertvolle Vision und Erfahrung eingebracht. Im Namen von Leclanch\u00e9 und im Namen meiner Verwaltungsratskollegen m\u00f6chte ich ihnen f\u00fcr alles, was sie f\u00fcr das Unternehmen geleistet haben, meinen tiefsten Dank aussprechen und ihnen f\u00fcr die Zukunft alles Gute w\u00fcnschen.<\/em> <em>Ich bin \u00fcberzeugt, da<\/em><em>\u03b2<\/em><em> die Herren Rhea, Sharwani, Lapi\u00e8ce und Pons dem Verwaltungsrat von Leclanch\u00e9 ihre nachgewiesene Erfahrung im Management von Investitionen in verschiedene Unternehmen zur Verf\u00fcgung stellen werden.\u00a0 Sie werden es dem Unternehmen erm\u00f6glichen, die Beziehung zu seinem Mehrheitsaktion\u00e4r weiter zu st\u00e4rken&#8220;. <\/em><\/p>\n<p><strong>Anil Srivastava, Chief Executive Officer sagte: <\/strong><em>&#8222;Stefan M\u00fcller hat mehr als 20 Jahre f\u00fcr Leclanch\u00e9 gearbeitet. Er hat seine Zeit und Energie unerm\u00fcdlich in die Unterst\u00fctzung und Vertretung des Unternehmens investiert. Dank seines Wissens und seiner Erfahrung hat er wesentlich zur Entwicklung des neuen Leclanch\u00e9 beigetragen. Ich bin ihm unendlich dankbar f\u00fcr all die Beratung und Unterst\u00fctzung, die er mir gegeben hat. Ich habe gerne mit ihm zusammengearbeitet und sch\u00e4tze sein Engagement sehr. Wir danken ihm und w\u00fcnschen ihm alles Gute f\u00fcr seine zuk\u00fcnftigen Unternehmungen.<\/em><\/p>\n<p><em>Ich nutze diese Gelegenheit, um allen unabh\u00e4ngigen Mitgliedern die aus dem Verwaltungsrat aussteigen zu danken, mit besonderer Erw\u00e4hnung an Dr. Llu\u00eds M. Fargas Mas, der eine entscheidende Rolle bei der erfolgreichen Ausgliederung von Leclanch\u00e9 E-Mobility, den M&amp;A-Verhandlungen mit den verschiedenen SPACs gespielt hat und den neuen CFO unterst\u00fctzt hat&#8220;.<\/em><\/p>\n<p>Um weitere Informationen \u00a0zu erhalten, bitte schreiben Sie uns unter <a href=\"mailto:info@leclanche.com\">info@leclanche.com<\/a> oder besuchen Sie \u00a0<a href=\"https:\/\/www.leclanche.com\/\">www.leclanche.com<\/a>.<\/p>\n<p><strong>\u00dcber Leclanch\u00e9 <\/strong><\/p>\n<p>Leclanch\u00e9 SA, mit Hauptsitz in der Schweiz, ist ein f\u00fchrender Anbieter von hochwertigen Energiespeicherl\u00f6sungen, die unseren Fortschritt in Richtung einer sauberen Energiezukunft beschleunigen. Die Geschichte und das Erbe von Leclanch\u00e9 sind in mehr als 100 Jahren Innovation bei Batterien und Energiespeichern verwurzelt, und das Unternehmen ist ein zuverl\u00e4ssiger Anbieter von Energiespeicherl\u00f6sungen weltweit. Dies und die Unternehmenskultur mit deutscher Ingenieurskunst, Schweizer Pr\u00e4zision und Qualit\u00e4t machen Leclanch\u00e9 zum bevorzugten Partner f\u00fcr innovative Unternehmen, etablierte Firmen und Regierungen, die positive Ver\u00e4nderungen in der Art und Weise, wie Energie weltweit produziert, verteilt und verbraucht wird, anstreben. Die Energiewende wird vor allem durch Ver\u00e4nderungen im Management unserer Stromnetze und die Elektrifizierung des Verkehrs vorangetrieben, und diese beiden Endm\u00e4rkte bilden das R\u00fcckgrat unserer Strategie und unseres Gesch\u00e4ftsmodells. Leclanch\u00e9 steht im Zentrum der Konvergenz zwischen der Elektrifizierung des Verkehrs und den Ver\u00e4nderungen im Verteilungsnetz. Leclanch\u00e9 ist das einzige b\u00f6rsennotierte Pure-Play-Energiespeicherunternehmen der Welt, das in drei Gesch\u00e4ftsbereiche unterteilt ist: station\u00e4re Speicherl\u00f6sungen, E-Transport-L\u00f6sungen und Spezialbatteriesysteme. Leclanch\u00e9 ist an der Schweizer B\u00f6rse notiert (SIX: LECN).<\/p>\n<p>SIX Swiss Exchange: Tickersymbol LECN | ISIN CH 011 030 311 9<\/p>\n<p><strong>Haftungsausschluss <\/strong><\/p>\n<p>Diese Pressemitteilung enth\u00e4lt bestimmte zukunftsgerichtete Aussagen in Bezug auf die Gesch\u00e4ftst\u00e4tigkeit von Leclanch\u00e9, die an Begriffen wie &#8222;strategisch&#8220;, &#8222;schl\u00e4gt vor&#8220;, &#8222;einzuf\u00fchren&#8220;, &#8222;wird&#8220;, &#8222;geplant&#8220;, &#8222;erwartet&#8220;, &#8222;Verpflichtung&#8220;, &#8222;erwartet&#8220;, &#8222;festgelegt&#8220;, &#8222;vorbereitet&#8220;, &#8222;plant&#8220;, &#8222;sch\u00e4tzt&#8220;, &#8222;zielt ab&#8220;, &#8222;w\u00fcrde&#8220;, &#8222;potentiell&#8220;, &#8222;erwartet&#8220;, &#8222;gesch\u00e4tzt&#8220;, &#8222;Vorschlag&#8220; oder \u00e4hnliche Ausdr\u00fccke oder durch ausdr\u00fcckliche oder implizite Diskussionen \u00fcber den Ausbau der Produktionskapazit\u00e4ten von Leclanch\u00e9, \u00fcber m\u00f6gliche Anwendungen f\u00fcr bestehende Produkte oder \u00fcber m\u00f6gliche zuk\u00fcnftige Einnahmen aus solchen Produkten oder \u00fcber m\u00f6gliche zuk\u00fcnftige Ums\u00e4tze oder Ertr\u00e4ge von Leclanch\u00e9 oder einer ihrer Gesch\u00e4ftseinheiten. Sie sollten sich nicht in unangemessener Weise auf diese Aussagen verlassen. Solche in die Zukunft gerichteten Aussagen spiegeln die gegenw\u00e4rtigen Ansichten von Leclanch\u00e9 hinsichtlich zuk\u00fcnftiger Ereignisse wider und beinhalten bekannte und unbekannte Risiken, Ungewissheiten und andere Faktoren, die dazu f\u00fchren k\u00f6nnen, dass die tats\u00e4chlichen Ergebnisse wesentlich von den zuk\u00fcnftigen Ergebnissen, Leistungen oder Errungenschaften abweichen, die in solchen Aussagen ausgedr\u00fcckt oder impliziert werden. Es kann nicht garantiert werden, dass die Produkte von Leclanch\u00e9 ein bestimmtes Umsatzniveau erreichen werden. Es kann auch nicht garantiert werden, dass Leclanch\u00e9 oder einer der Gesch\u00e4ftsbereiche bestimmte finanzielle Ergebnisse erzielen wird<strong>.<\/strong><\/p>\n<p><strong>Kontakte<\/strong><\/p>\n<p><strong>Media Switzerland \/ Europe:<\/strong><\/p>\n<p>Thierry Meyer<\/p>\n<p>T: +41 (0) 79\u00a0785 35 81<\/p>\n<p>E-mail: <a href=\"mailto:tme@dynamicsgroup.ch\">tme@dynamicsgroup.ch<\/a><\/p>\n<p><strong>Media North America:<\/strong><\/p>\n<p>Henry Feintuch \/ Ashley Blas<\/p>\n<p>T: +1-646-753-5710 \/ +1-646-753-5713<\/p>\n<p>E-mail: <a href=\"mailto:leclanche@feintuchpr.com\">leclanche@feintuchpr.com<\/a><\/p>\n<p><strong>Media Germany:<\/strong><\/p>\n<p>Christoph Miller<\/p>\n<p>T: +49 (0) 711 947 670<\/p>\n<p>E-mail: <a href=\"mailto:leclanche@sympra.de\">leclanche@sympra.de<\/a><\/p>\n<p><strong>Investor Contacts:<\/strong><\/p>\n<p>Anil Srivastava \/ Pasquale Foglia<\/p>\n<p>T: +41 (0) 24 424 65 00<\/p>\n<p>E-mail: <a href=\"mailto:invest.leclanche@leclanche.com\">invest.leclanche@leclanche.com<\/a><\/p>\n<p>&nbsp;<\/p>\n<p><a href=\"#_ftnref1\" name=\"_ftn1\">[1]<\/a> SEFAM bedeutet: STRATEGIC EQUITY FUND -Renewable Energy Sub-Fund, STRATEGIC EQUITY FUND -Multi Asset Strategy Sub-Fund und STRATEGY EQUITY FUND -E Money Strategies Sub-Fund (auch Energy Storage Invest genannt) bezeichnet als &#8222;SEF&#8220; (Pure Capital S.A. ist der wirtschaftliche Eigent\u00fcmer gem\u00e4ss der Meldeplattform der Offenlegungsstelle der SIX Exchange Regulation AG -Datum der Ver\u00f6ffentlichung der letzten Meldung: 31. M\u00e4rz 2022), zusammen mit dem Teilfonds AM INVESTMENT SCA, SICAV-SIF -Illiquid Assets, genannt &#8222;AM&#8220; (Crestbridge Management Company S.A. als wirtschaftlich Berechtigter gem\u00e4ss der Meldeplattform der Offenlegungsstelle der SIX Exchange Regulation AG &#8211; Datum der Ver\u00f6ffentlichung der letzten Meldung: 23. Januar 2021). SEF und AM sind zusammen der Hauptaktion\u00e4r von Leclanch\u00e9, im Folgenden als &#8222;SEFAM&#8220; bezeichnet.<\/p>\n","protected":false},"excerpt":{"rendered":"<p>Ad hoc-Mitteilung gem\u00e4\u00df Art. 53 KR &nbsp; Nach der Ausgliederung des eTransport-Gesch\u00e4fts der Leclanch\u00e9 SA in die neue Gesellschaft Leclanch\u00e9 E-Mobility SA zu Beginn des Jahres und dem laufenden M&amp;A-Prozess wird der Verwaltungsrat der Gesellschaft umgebildet, um neue Richtungen f\u00fcr verschiedene Gesch\u00e4ftsbereiche innerhalb der Leclanch\u00e9 SA Gruppe zu definieren. Dank der umfangreichen und geduldigen Investitionen [&hellip;]<\/p>\n","protected":false},"author":1,"featured_media":0,"comment_status":"open","ping_status":"open","sticky":false,"template":"","format":"standard","meta":{"footnotes":""},"categories":[107],"tags":[],"class_list":["post-12021","post","type-post","status-publish","format-standard","hentry","category-ad-hoc-mitteilung"],"yoast_head":"<!-- This site is optimized with the Yoast SEO plugin v26.4 - https:\/\/yoast.com\/wordpress\/plugins\/seo\/ -->\n<title>Leclanch\u00e9 gibt Ver\u00e4nderungen im Verwaltungsrat bekannt - Leclanch\u00e9<\/title>\n<meta name=\"description\" content=\"Ad hoc-Mitteilung gem\u00e4\u00df Art. 53 KR &nbsp; Nach der Ausgliederung des eTransport-Gesch\u00e4fts der Leclanch\u00e9 SA in die neue Gesellschaft Leclanch\u00e9 E-Mobility\" \/>\n<meta name=\"robots\" content=\"index, follow, max-snippet:-1, max-image-preview:large, max-video-preview:-1\" \/>\n<link rel=\"canonical\" href=\"https:\/\/www.leclanche.com\/de\/leclanche-gibt-veraenderungen-im-verwaltungsrat-bekannt\/\" \/>\n<meta property=\"og:locale\" content=\"de_DE\" \/>\n<meta property=\"og:type\" content=\"article\" \/>\n<meta property=\"og:title\" content=\"Leclanch\u00e9 gibt Ver\u00e4nderungen im Verwaltungsrat bekannt - Leclanch\u00e9\" \/>\n<meta property=\"og:description\" content=\"Ad hoc-Mitteilung gem\u00e4\u00df Art. 53 KR &nbsp; Nach der Ausgliederung des eTransport-Gesch\u00e4fts der Leclanch\u00e9 SA in die neue Gesellschaft Leclanch\u00e9 E-Mobility\" \/>\n<meta property=\"og:url\" content=\"https:\/\/www.leclanche.com\/de\/leclanche-gibt-veraenderungen-im-verwaltungsrat-bekannt\/\" \/>\n<meta property=\"og:site_name\" content=\"Leclanch\u00e9\" \/>\n<meta property=\"article:published_time\" content=\"2022-09-09T16:32:31+00:00\" \/>\n<meta property=\"article:modified_time\" content=\"2022-09-09T16:40:11+00:00\" \/>\n<meta name=\"author\" content=\"wavemind\" \/>\n<meta name=\"twitter:card\" content=\"summary_large_image\" \/>\n<meta name=\"twitter:label1\" content=\"Verfasst von\" \/>\n\t<meta name=\"twitter:data1\" content=\"wavemind\" \/>\n\t<meta name=\"twitter:label2\" content=\"Gesch\u00e4tzte Lesezeit\" \/>\n\t<meta name=\"twitter:data2\" content=\"7\u00a0Minuten\" \/>\n<script type=\"application\/ld+json\" class=\"yoast-schema-graph\">{\"@context\":\"https:\/\/schema.org\",\"@graph\":[{\"@type\":\"WebPage\",\"@id\":\"https:\/\/www.leclanche.com\/de\/leclanche-gibt-veraenderungen-im-verwaltungsrat-bekannt\/\",\"url\":\"https:\/\/www.leclanche.com\/de\/leclanche-gibt-veraenderungen-im-verwaltungsrat-bekannt\/\",\"name\":\"Leclanch\u00e9 gibt Ver\u00e4nderungen im Verwaltungsrat bekannt - Leclanch\u00e9\",\"isPartOf\":{\"@id\":\"https:\/\/www.leclanche.com\/de\/#website\"},\"datePublished\":\"2022-09-09T16:32:31+00:00\",\"dateModified\":\"2022-09-09T16:40:11+00:00\",\"author\":{\"@id\":\"https:\/\/www.leclanche.com\/de\/#\/schema\/person\/167e0a19484be6cd0f6ef0e2ddf44203\"},\"description\":\"Ad hoc-Mitteilung gem\u00e4\u00df Art. 53 KR &nbsp; Nach der Ausgliederung des eTransport-Gesch\u00e4fts der Leclanch\u00e9 SA in die neue Gesellschaft Leclanch\u00e9 E-Mobility\",\"breadcrumb\":{\"@id\":\"https:\/\/www.leclanche.com\/de\/leclanche-gibt-veraenderungen-im-verwaltungsrat-bekannt\/#breadcrumb\"},\"inLanguage\":\"de\",\"potentialAction\":[{\"@type\":\"ReadAction\",\"target\":[\"https:\/\/www.leclanche.com\/de\/leclanche-gibt-veraenderungen-im-verwaltungsrat-bekannt\/\"]}]},{\"@type\":\"BreadcrumbList\",\"@id\":\"https:\/\/www.leclanche.com\/de\/leclanche-gibt-veraenderungen-im-verwaltungsrat-bekannt\/#breadcrumb\",\"itemListElement\":[{\"@type\":\"ListItem\",\"position\":1,\"name\":\"Accueil\",\"item\":\"https:\/\/www.leclanche.com\/de\/\"},{\"@type\":\"ListItem\",\"position\":2,\"name\":\"Leclanch\u00e9 gibt Ver\u00e4nderungen im Verwaltungsrat bekannt\"}]},{\"@type\":\"WebSite\",\"@id\":\"https:\/\/www.leclanche.com\/de\/#website\",\"url\":\"https:\/\/www.leclanche.com\/de\/\",\"name\":\"Leclanch\u00e9\",\"description\":\"Energy Storage Solutions\",\"potentialAction\":[{\"@type\":\"SearchAction\",\"target\":{\"@type\":\"EntryPoint\",\"urlTemplate\":\"https:\/\/www.leclanche.com\/de\/?s={search_term_string}\"},\"query-input\":{\"@type\":\"PropertyValueSpecification\",\"valueRequired\":true,\"valueName\":\"search_term_string\"}}],\"inLanguage\":\"de\"},{\"@type\":\"Person\",\"@id\":\"https:\/\/www.leclanche.com\/de\/#\/schema\/person\/167e0a19484be6cd0f6ef0e2ddf44203\",\"name\":\"wavemind\",\"image\":{\"@type\":\"ImageObject\",\"inLanguage\":\"de\",\"@id\":\"https:\/\/www.leclanche.com\/de\/#\/schema\/person\/image\/\",\"url\":\"https:\/\/secure.gravatar.com\/avatar\/37d64a5301717e5c14c6c8f122c36a0d05409469ecccfad71c65502f189da403?s=96&d=mm&r=g\",\"contentUrl\":\"https:\/\/secure.gravatar.com\/avatar\/37d64a5301717e5c14c6c8f122c36a0d05409469ecccfad71c65502f189da403?s=96&d=mm&r=g\",\"caption\":\"wavemind\"},\"url\":\"https:\/\/www.leclanche.com\/de\/author\/wavemind\/\"}]}<\/script>\n<!-- \/ Yoast SEO plugin. -->","yoast_head_json":{"title":"Leclanch\u00e9 gibt Ver\u00e4nderungen im Verwaltungsrat bekannt - Leclanch\u00e9","description":"Ad hoc-Mitteilung gem\u00e4\u00df Art. 53 KR &nbsp; Nach der Ausgliederung des eTransport-Gesch\u00e4fts der Leclanch\u00e9 SA in die neue Gesellschaft Leclanch\u00e9 E-Mobility","robots":{"index":"index","follow":"follow","max-snippet":"max-snippet:-1","max-image-preview":"max-image-preview:large","max-video-preview":"max-video-preview:-1"},"canonical":"https:\/\/www.leclanche.com\/de\/leclanche-gibt-veraenderungen-im-verwaltungsrat-bekannt\/","og_locale":"de_DE","og_type":"article","og_title":"Leclanch\u00e9 gibt Ver\u00e4nderungen im Verwaltungsrat bekannt - Leclanch\u00e9","og_description":"Ad hoc-Mitteilung gem\u00e4\u00df Art. 53 KR &nbsp; Nach der Ausgliederung des eTransport-Gesch\u00e4fts der Leclanch\u00e9 SA in die neue Gesellschaft Leclanch\u00e9 E-Mobility","og_url":"https:\/\/www.leclanche.com\/de\/leclanche-gibt-veraenderungen-im-verwaltungsrat-bekannt\/","og_site_name":"Leclanch\u00e9","article_published_time":"2022-09-09T16:32:31+00:00","article_modified_time":"2022-09-09T16:40:11+00:00","author":"wavemind","twitter_card":"summary_large_image","twitter_misc":{"Verfasst von":"wavemind","Gesch\u00e4tzte Lesezeit":"7\u00a0Minuten"},"schema":{"@context":"https:\/\/schema.org","@graph":[{"@type":"WebPage","@id":"https:\/\/www.leclanche.com\/de\/leclanche-gibt-veraenderungen-im-verwaltungsrat-bekannt\/","url":"https:\/\/www.leclanche.com\/de\/leclanche-gibt-veraenderungen-im-verwaltungsrat-bekannt\/","name":"Leclanch\u00e9 gibt Ver\u00e4nderungen im Verwaltungsrat bekannt - Leclanch\u00e9","isPartOf":{"@id":"https:\/\/www.leclanche.com\/de\/#website"},"datePublished":"2022-09-09T16:32:31+00:00","dateModified":"2022-09-09T16:40:11+00:00","author":{"@id":"https:\/\/www.leclanche.com\/de\/#\/schema\/person\/167e0a19484be6cd0f6ef0e2ddf44203"},"description":"Ad hoc-Mitteilung gem\u00e4\u00df Art. 53 KR &nbsp; Nach der Ausgliederung des eTransport-Gesch\u00e4fts der Leclanch\u00e9 SA in die neue Gesellschaft Leclanch\u00e9 E-Mobility","breadcrumb":{"@id":"https:\/\/www.leclanche.com\/de\/leclanche-gibt-veraenderungen-im-verwaltungsrat-bekannt\/#breadcrumb"},"inLanguage":"de","potentialAction":[{"@type":"ReadAction","target":["https:\/\/www.leclanche.com\/de\/leclanche-gibt-veraenderungen-im-verwaltungsrat-bekannt\/"]}]},{"@type":"BreadcrumbList","@id":"https:\/\/www.leclanche.com\/de\/leclanche-gibt-veraenderungen-im-verwaltungsrat-bekannt\/#breadcrumb","itemListElement":[{"@type":"ListItem","position":1,"name":"Accueil","item":"https:\/\/www.leclanche.com\/de\/"},{"@type":"ListItem","position":2,"name":"Leclanch\u00e9 gibt Ver\u00e4nderungen im Verwaltungsrat bekannt"}]},{"@type":"WebSite","@id":"https:\/\/www.leclanche.com\/de\/#website","url":"https:\/\/www.leclanche.com\/de\/","name":"Leclanch\u00e9","description":"Energy Storage Solutions","potentialAction":[{"@type":"SearchAction","target":{"@type":"EntryPoint","urlTemplate":"https:\/\/www.leclanche.com\/de\/?s={search_term_string}"},"query-input":{"@type":"PropertyValueSpecification","valueRequired":true,"valueName":"search_term_string"}}],"inLanguage":"de"},{"@type":"Person","@id":"https:\/\/www.leclanche.com\/de\/#\/schema\/person\/167e0a19484be6cd0f6ef0e2ddf44203","name":"wavemind","image":{"@type":"ImageObject","inLanguage":"de","@id":"https:\/\/www.leclanche.com\/de\/#\/schema\/person\/image\/","url":"https:\/\/secure.gravatar.com\/avatar\/37d64a5301717e5c14c6c8f122c36a0d05409469ecccfad71c65502f189da403?s=96&d=mm&r=g","contentUrl":"https:\/\/secure.gravatar.com\/avatar\/37d64a5301717e5c14c6c8f122c36a0d05409469ecccfad71c65502f189da403?s=96&d=mm&r=g","caption":"wavemind"},"url":"https:\/\/www.leclanche.com\/de\/author\/wavemind\/"}]}},"_links":{"self":[{"href":"https:\/\/www.leclanche.com\/de\/wp-json\/wp\/v2\/posts\/12021","targetHints":{"allow":["GET"]}}],"collection":[{"href":"https:\/\/www.leclanche.com\/de\/wp-json\/wp\/v2\/posts"}],"about":[{"href":"https:\/\/www.leclanche.com\/de\/wp-json\/wp\/v2\/types\/post"}],"author":[{"embeddable":true,"href":"https:\/\/www.leclanche.com\/de\/wp-json\/wp\/v2\/users\/1"}],"replies":[{"embeddable":true,"href":"https:\/\/www.leclanche.com\/de\/wp-json\/wp\/v2\/comments?post=12021"}],"version-history":[{"count":2,"href":"https:\/\/www.leclanche.com\/de\/wp-json\/wp\/v2\/posts\/12021\/revisions"}],"predecessor-version":[{"id":12023,"href":"https:\/\/www.leclanche.com\/de\/wp-json\/wp\/v2\/posts\/12021\/revisions\/12023"}],"wp:attachment":[{"href":"https:\/\/www.leclanche.com\/de\/wp-json\/wp\/v2\/media?parent=12021"}],"wp:term":[{"taxonomy":"category","embeddable":true,"href":"https:\/\/www.leclanche.com\/de\/wp-json\/wp\/v2\/categories?post=12021"},{"taxonomy":"post_tag","embeddable":true,"href":"https:\/\/www.leclanche.com\/de\/wp-json\/wp\/v2\/tags?post=12021"}],"curies":[{"name":"wp","href":"https:\/\/api.w.org\/{rel}","templated":true}]}}