{"id":12280,"date":"2022-11-18T19:15:51","date_gmt":"2022-11-18T18:15:51","guid":{"rendered":"https:\/\/www.leclanche.com\/?p=12280"},"modified":"2022-11-18T19:15:51","modified_gmt":"2022-11-18T18:15:51","slug":"leclanche-bestaetigt-dass-die-an-der-letzten-generalversammlung-beschlossene-kapitalerhoehung-von-chf-413-millionen-abgeschlossen-ist","status":"publish","type":"post","link":"https:\/\/www.leclanche.com\/de\/leclanche-bestaetigt-dass-die-an-der-letzten-generalversammlung-beschlossene-kapitalerhoehung-von-chf-413-millionen-abgeschlossen-ist\/","title":{"rendered":"Leclanch\u00e9 best\u00e4tigt, dass die an der letzten Generalversammlung beschlossene Kapitalerh\u00f6hung von CHF 41,3 Millionen abgeschlossen ist"},"content":{"rendered":"<p><em>Ad-hoc-Mitteilung gem\u00e4\u00df Art. 53 KR <\/em><\/p>\n<ul>\n<li><em>Abschluss der Umwandlung von CHF 41&#8217;339&#8217;960.43 Schulden gegen\u00fcber SEFAM in Aktien der Gesellschaft, um die Bilanz zu st\u00e4rken<\/em><\/li>\n<\/ul>\n<p>&nbsp;<\/p>\n<p><strong>YVERDON-LES-BAINS, Schweiz, 18. November 2022 &#8211;<\/strong> Leclanch\u00e9 SA (SIX: LECN), eines der weltweit f\u00fchrenden Unternehmen im Bereich der Energiespeicherung, gibt den Abschluss der Umwandlung von Verbindlichkeiten gegen\u00fcber SEFAM<a href=\"#_ftn1\" name=\"_ftnref1\">[1]<\/a> in H\u00f6he von CHF 41,3 Millionen in Aktien des Unternehmens bekannt.<\/p>\n<p>&nbsp;<\/p>\n<p><em>\u201eIch m\u00f6chte der SEFAM f\u00fcr ihre kontinuierliche Unterst\u00fctzung des Unternehmens danken und f\u00fcr ihre Zustimmung, die Bilanz von Leclanch\u00e9 durch diese vom Verwaltungsrat empfohlene Umwandlung von Schulden in Eigenkapital zu verbessern. <\/em><\/p>\n<p><em>\u00a0<\/em><\/p>\n<p><em>Abgesehen von den positiven Auswirkungen dieser Umwandlung auf die Gl\u00e4ubiger wird sie auch die Zinskosten des Unternehmens in den kommenden Monaten senken, was sich ebenfalls positiv auf die Gewinn- und Verlustrechnung auswirken wird. Sie wird auch das Interesse von Investoren am Unternehmen in einer Zeit starken Wachstums von Leclanch\u00e9 im schnell wachsenden e-Transport-Sektor f\u00f6rdern\u201c<\/em>, <strong>sagte Pierre Blanc, CEO von Leclanch\u00e9 SA.<\/strong><\/p>\n<p>&nbsp;<\/p>\n<p>Weitere Informationen erhalten Sie bei <a href=\"mailto:info@leclanche.com\">info@leclanche.com<\/a> oder besuchen <a href=\"http:\/\/www.leclanche.com\">www.leclanche.com<\/a><\/p>\n<p><strong>\u00a0<\/strong><\/p>\n<p><strong>\u00a0<\/strong><strong>\u00dcberLeclanch\u00e9<\/strong><\/p>\n<p>Leclanch\u00e9 SA mit Sitz in der Schweiz ist ein weltweit f\u00fchrender Anbieter von hochwertigen Energiespeicherl\u00f6sungen, welche die Fortschritte in Richtung einer sauberen Energiezukunft beschleunigen sollen. Die Geschichte und das Erbe von Leclanch\u00e9 wurzeln in mehr als 100 Jahren innovativer Entwicklung\u2013das Unternehmen ist ein zuverl\u00e4ssiger Anbieter von Energiespeicherl\u00f6sungen weltweit. Dies, kombiniert mit der Unternehmenskultur des deutschen Maschinenbaus und der Schweizer Pr\u00e4zision und Qualit\u00e4t, macht Leclanch\u00e9 zum bevorzugten Partner f\u00fcr neue Markteilnehmer, etablierte Unternehmen und Regierungen, die an der Spitze positiver Ver\u00e4nderungen in der weltweiten Energieerzeugung und -verteilung sowie ihres Verbrauchs stehen. Der Energiewandel wird haupts\u00e4chlich durch Ver\u00e4nderungen im Management der Stromnetze und in der Elektrifizierung des Transports vorangetrieben; beide M\u00e4rkte sind das R\u00fcckgrat der Strategie und des Gesch\u00e4ftsmodells von Leclanch\u00e9. Die Produkte von Leclanch\u00e9 sind das Herzst\u00fcck der Konvergenz der Verkehrselektrifizierung und der Entwicklung des Verteilungsnetzes. Leclanch\u00e9 ist in drei Gesch\u00e4ftseinheiten organisiert: Energiespeicherl\u00f6sungen, e-Mobilit\u00e4t und spezielle Batteriesysteme. Leclanch\u00e9 ist an der Schweizer B\u00f6rse notiert (SIX: LECN).SIX Swiss Exchange: ticker symbol LECN | ISIN CH 011 030 311 9<\/p>\n<p><strong>\u00a0<\/strong><\/p>\n<p><strong>Haftungsausschluss<\/strong><\/p>\n<p>Diese Pressemitteilung enth\u00e4lt bestimmte in die Zukunft gerichtete Aussagen \u00fcber die Aktivit\u00e4ten von Leclanch\u00e9, die durch Begriffe wie \u201estrategisch&#8220;, \u201evorgeschlagen&#8220;, \u201eeingef\u00fchrt&#8220;, \u201ewird&#8220;, \u201egeplant&#8220;, \u201eerwartet&#8220;, \u201eVerpflichtung&#8220;, \u201eerwarten&#8220;, \u201eprognostizieren&#8220;, \u201eetabliert&#8220;, \u201evorbereiten&#8220;, \u201eplanen&#8220;, \u201esch\u00e4tzen&#8220;, \u201eZiele&#8220;, \u201ew\u00fcrden&#8220;, \u201epotenziell&#8220; und \u201eerwarten&#8220; gekennzeichnet sein k\u00f6nnen, \u201eSch\u00e4tzung&#8220;, \u201eAngebot&#8220; oder \u00e4hnliche Ausdr\u00fccke oder durch ausdr\u00fcckliche oder implizite Diskussionen \u00fcber den Hochlauf der Produktionskapazit\u00e4ten von Leclanch\u00e9, m\u00f6gliche Anwendungen bestehender Produkte oder potenzielle zuk\u00fcnftige Einnahmen aus solchen Produkten oder potenzielle zuk\u00fcnftige Verk\u00e4ufe oder Gewinne von Leclanch\u00e9 oder einer seiner Gesch\u00e4ftseinheiten. Sie sollten sich nicht zu sehr auf diese Aussagen verlassen. Diese zukunftsgerichteten Aussagen spiegeln die aktuellen Ansichten von Leclanch\u00e9 \u00fcber zuk\u00fcnftige Ereignisse wider und beinhalten bekannte und unbekannte Risiken, Unsicherheiten und andere Faktoren, die dazu f\u00fchrenk\u00f6nnen, dass die tats\u00e4chlichen Ergebnisse wesentlich von den zuk\u00fcnftigen Ergebnissen, Leistungen oder Errungenschaften abweichen, die in diesen Aussagen ausdr\u00fccklich oder implizit zum Ausdruck kommen. Es gibt keine Garantie daf\u00fcr, dass die Produkte von Leclanch\u00e9 ein bestimmtes Umsatzniveau erreichen. Es gibt auch keine Garantie daf\u00fcr, dass Leclanch\u00e9 oder eine seiner Gesch\u00e4ftseinheiten bestimmte finanzielle Ergebnisse erzielen wird.<\/p>\n<p>&nbsp;<\/p>\n<p><strong>PRESSEMITTEILUNG<\/strong><\/p>\n<p><strong><em>Schweiz \/ Europa<\/em><\/strong><\/p>\n<p>Thierry Meyer<\/p>\n<p>T: +41 (0) 79\u00a0785 35 81<\/p>\n<p>E-mail: <a href=\"mailto:tme@dynamicsgoup.ch\">tme@dynamicsgroup.ch<\/a><\/p>\n<p>&nbsp;<\/p>\n<p><strong><em>Nordamerika:<\/em><\/strong><\/p>\n<p>Henry Feintuch \/ Ashley Blas<\/p>\n<p>T: +1-646-753-5710 \/ +1-646-753-5713<\/p>\n<p>E-mail: <a href=\"mailto:leclanche@feintuchpr.com\">leclanche@feintuchpr.com<\/a><\/p>\n<p>&nbsp;<\/p>\n<p><strong><em>Deutschland: <\/em><\/strong><\/p>\n<p>Christoph Miller<\/p>\n<p>T: +49 (0) 711 947 670<\/p>\n<p>E-mail: <a href=\"mailto:leclanche@sympra.de\">leclanche@sympra.de<\/a><\/p>\n<p>&nbsp;<\/p>\n<p><strong>Ansprechpartner f\u00fcr Investoren : <\/strong><\/p>\n<p>Pasquale Foglia<\/p>\n<p>T: +41 (0) 24 424 65 00<\/p>\n<p>E-mail: <a href=\"mailto:invest.leclanche@leclanche.com\">invest.leclanche@leclanche.com<\/a><\/p>\n<p>&nbsp;<\/p>\n<p>&nbsp;<\/p>\n<p><a href=\"#_ftnref1\" name=\"_ftn1\">[1]<\/a> SEFAM bedeutet: AM INVESTMENT SCA, SICAV-SIF &#8211; Illiquid Assets Sub-Fund und AM INVESTMENT SCA, SICAV-SIF &#8211; R&amp;D Sub-Fund, zusammen mit STRATEGIC EQUITY FUND &#8211; Renewable Energy Sub-Fund, STRATEGIC EQUITY FUND &#8211; Multi Asset Strategy Sub-Fund, STRATEGIC EQUITY FUND &#8211; E Money Strategies Sub-Fund (auch Energy Storage Invest genannt) und, da alle diese Fonds zusammengenommen der Hauptaktion\u00e4r von Leclanch\u00e9 sind, im Folgenden als &#8222;SEFAM&#8220; bezeichnet.<\/p>\n","protected":false},"excerpt":{"rendered":"<p>Ad-hoc-Mitteilung gem\u00e4\u00df Art. 53 KR Abschluss der Umwandlung von CHF 41&#8217;339&#8217;960.43 Schulden gegen\u00fcber SEFAM in Aktien der Gesellschaft, um die Bilanz zu st\u00e4rken &nbsp; YVERDON-LES-BAINS, Schweiz, 18. November 2022 &#8211; Leclanch\u00e9 SA (SIX: LECN), eines der weltweit f\u00fchrenden Unternehmen im Bereich der Energiespeicherung, gibt den Abschluss der Umwandlung von Verbindlichkeiten gegen\u00fcber SEFAM[1] in H\u00f6he von [&hellip;]<\/p>\n","protected":false},"author":2,"featured_media":0,"comment_status":"open","ping_status":"open","sticky":false,"template":"","format":"standard","meta":{"footnotes":""},"categories":[107,35],"tags":[],"class_list":["post-12280","post","type-post","status-publish","format-standard","hentry","category-ad-hoc-mitteilung","category-unkategorisiert"],"yoast_head":"<!-- This site is optimized with the Yoast SEO plugin v26.4 - https:\/\/yoast.com\/wordpress\/plugins\/seo\/ -->\n<title>Leclanch\u00e9 best\u00e4tigt, dass die an der letzten Generalversammlung beschlossene Kapitalerh\u00f6hung von CHF 41,3 Millionen abgeschlossen ist - Leclanch\u00e9<\/title>\n<meta name=\"description\" content=\"Ad-hoc-Mitteilung gem\u00e4\u00df Art. 53 KR Abschluss der Umwandlung von CHF 41&#039;339&#039;960.43 Schulden gegen\u00fcber SEFAM in Aktien der Gesellschaft, um die Bilanz zu\" \/>\n<meta name=\"robots\" content=\"index, follow, max-snippet:-1, max-image-preview:large, max-video-preview:-1\" \/>\n<link rel=\"canonical\" href=\"https:\/\/www.leclanche.com\/de\/leclanche-bestaetigt-dass-die-an-der-letzten-generalversammlung-beschlossene-kapitalerhoehung-von-chf-413-millionen-abgeschlossen-ist\/\" \/>\n<meta property=\"og:locale\" content=\"de_DE\" \/>\n<meta property=\"og:type\" content=\"article\" \/>\n<meta property=\"og:title\" content=\"Leclanch\u00e9 best\u00e4tigt, dass die an der letzten Generalversammlung beschlossene Kapitalerh\u00f6hung von CHF 41,3 Millionen abgeschlossen ist - Leclanch\u00e9\" \/>\n<meta property=\"og:description\" content=\"Ad-hoc-Mitteilung gem\u00e4\u00df Art. 53 KR Abschluss der Umwandlung von CHF 41&#039;339&#039;960.43 Schulden gegen\u00fcber SEFAM in Aktien der Gesellschaft, um die Bilanz zu\" \/>\n<meta property=\"og:url\" content=\"https:\/\/www.leclanche.com\/de\/leclanche-bestaetigt-dass-die-an-der-letzten-generalversammlung-beschlossene-kapitalerhoehung-von-chf-413-millionen-abgeschlossen-ist\/\" \/>\n<meta property=\"og:site_name\" content=\"Leclanch\u00e9\" \/>\n<meta property=\"article:published_time\" content=\"2022-11-18T18:15:51+00:00\" \/>\n<meta name=\"author\" content=\"Annick.Bid\" \/>\n<meta name=\"twitter:card\" content=\"summary_large_image\" \/>\n<meta name=\"twitter:label1\" content=\"Verfasst von\" \/>\n\t<meta name=\"twitter:data1\" content=\"Annick.Bid\" \/>\n\t<meta name=\"twitter:label2\" content=\"Gesch\u00e4tzte Lesezeit\" \/>\n\t<meta name=\"twitter:data2\" content=\"3\u00a0Minuten\" \/>\n<script type=\"application\/ld+json\" class=\"yoast-schema-graph\">{\"@context\":\"https:\/\/schema.org\",\"@graph\":[{\"@type\":\"WebPage\",\"@id\":\"https:\/\/www.leclanche.com\/de\/leclanche-bestaetigt-dass-die-an-der-letzten-generalversammlung-beschlossene-kapitalerhoehung-von-chf-413-millionen-abgeschlossen-ist\/\",\"url\":\"https:\/\/www.leclanche.com\/de\/leclanche-bestaetigt-dass-die-an-der-letzten-generalversammlung-beschlossene-kapitalerhoehung-von-chf-413-millionen-abgeschlossen-ist\/\",\"name\":\"Leclanch\u00e9 best\u00e4tigt, dass die an der letzten Generalversammlung beschlossene Kapitalerh\u00f6hung von CHF 41,3 Millionen abgeschlossen ist - Leclanch\u00e9\",\"isPartOf\":{\"@id\":\"https:\/\/www.leclanche.com\/de\/#website\"},\"datePublished\":\"2022-11-18T18:15:51+00:00\",\"author\":{\"@id\":\"https:\/\/www.leclanche.com\/de\/#\/schema\/person\/7ef725388a3f2b409a32cfa92059aa64\"},\"description\":\"Ad-hoc-Mitteilung gem\u00e4\u00df Art. 53 KR Abschluss der Umwandlung von CHF 41'339'960.43 Schulden gegen\u00fcber SEFAM in Aktien der Gesellschaft, um die Bilanz zu\",\"breadcrumb\":{\"@id\":\"https:\/\/www.leclanche.com\/de\/leclanche-bestaetigt-dass-die-an-der-letzten-generalversammlung-beschlossene-kapitalerhoehung-von-chf-413-millionen-abgeschlossen-ist\/#breadcrumb\"},\"inLanguage\":\"de\",\"potentialAction\":[{\"@type\":\"ReadAction\",\"target\":[\"https:\/\/www.leclanche.com\/de\/leclanche-bestaetigt-dass-die-an-der-letzten-generalversammlung-beschlossene-kapitalerhoehung-von-chf-413-millionen-abgeschlossen-ist\/\"]}]},{\"@type\":\"BreadcrumbList\",\"@id\":\"https:\/\/www.leclanche.com\/de\/leclanche-bestaetigt-dass-die-an-der-letzten-generalversammlung-beschlossene-kapitalerhoehung-von-chf-413-millionen-abgeschlossen-ist\/#breadcrumb\",\"itemListElement\":[{\"@type\":\"ListItem\",\"position\":1,\"name\":\"Accueil\",\"item\":\"https:\/\/www.leclanche.com\/de\/\"},{\"@type\":\"ListItem\",\"position\":2,\"name\":\"Leclanch\u00e9 best\u00e4tigt, dass die an der letzten Generalversammlung beschlossene Kapitalerh\u00f6hung von CHF 41,3 Millionen abgeschlossen ist\"}]},{\"@type\":\"WebSite\",\"@id\":\"https:\/\/www.leclanche.com\/de\/#website\",\"url\":\"https:\/\/www.leclanche.com\/de\/\",\"name\":\"Leclanch\u00e9\",\"description\":\"Energy Storage Solutions\",\"potentialAction\":[{\"@type\":\"SearchAction\",\"target\":{\"@type\":\"EntryPoint\",\"urlTemplate\":\"https:\/\/www.leclanche.com\/de\/?s={search_term_string}\"},\"query-input\":{\"@type\":\"PropertyValueSpecification\",\"valueRequired\":true,\"valueName\":\"search_term_string\"}}],\"inLanguage\":\"de\"},{\"@type\":\"Person\",\"@id\":\"https:\/\/www.leclanche.com\/de\/#\/schema\/person\/7ef725388a3f2b409a32cfa92059aa64\",\"name\":\"Annick.Bid\",\"image\":{\"@type\":\"ImageObject\",\"inLanguage\":\"de\",\"@id\":\"https:\/\/www.leclanche.com\/de\/#\/schema\/person\/image\/\",\"url\":\"https:\/\/secure.gravatar.com\/avatar\/0fe6baaabc318280db3d0e10c43b8017aa89b961c16e819765bd4fb65396af34?s=96&d=mm&r=g\",\"contentUrl\":\"https:\/\/secure.gravatar.com\/avatar\/0fe6baaabc318280db3d0e10c43b8017aa89b961c16e819765bd4fb65396af34?s=96&d=mm&r=g\",\"caption\":\"Annick.Bid\"},\"url\":\"https:\/\/www.leclanche.com\/de\/author\/annick-bid\/\"}]}<\/script>\n<!-- \/ Yoast SEO plugin. -->","yoast_head_json":{"title":"Leclanch\u00e9 best\u00e4tigt, dass die an der letzten Generalversammlung beschlossene Kapitalerh\u00f6hung von CHF 41,3 Millionen abgeschlossen ist - Leclanch\u00e9","description":"Ad-hoc-Mitteilung gem\u00e4\u00df Art. 53 KR Abschluss der Umwandlung von CHF 41'339'960.43 Schulden gegen\u00fcber SEFAM in Aktien der Gesellschaft, um die Bilanz zu","robots":{"index":"index","follow":"follow","max-snippet":"max-snippet:-1","max-image-preview":"max-image-preview:large","max-video-preview":"max-video-preview:-1"},"canonical":"https:\/\/www.leclanche.com\/de\/leclanche-bestaetigt-dass-die-an-der-letzten-generalversammlung-beschlossene-kapitalerhoehung-von-chf-413-millionen-abgeschlossen-ist\/","og_locale":"de_DE","og_type":"article","og_title":"Leclanch\u00e9 best\u00e4tigt, dass die an der letzten Generalversammlung beschlossene Kapitalerh\u00f6hung von CHF 41,3 Millionen abgeschlossen ist - Leclanch\u00e9","og_description":"Ad-hoc-Mitteilung gem\u00e4\u00df Art. 53 KR Abschluss der Umwandlung von CHF 41'339'960.43 Schulden gegen\u00fcber SEFAM in Aktien der Gesellschaft, um die Bilanz zu","og_url":"https:\/\/www.leclanche.com\/de\/leclanche-bestaetigt-dass-die-an-der-letzten-generalversammlung-beschlossene-kapitalerhoehung-von-chf-413-millionen-abgeschlossen-ist\/","og_site_name":"Leclanch\u00e9","article_published_time":"2022-11-18T18:15:51+00:00","author":"Annick.Bid","twitter_card":"summary_large_image","twitter_misc":{"Verfasst von":"Annick.Bid","Gesch\u00e4tzte Lesezeit":"3\u00a0Minuten"},"schema":{"@context":"https:\/\/schema.org","@graph":[{"@type":"WebPage","@id":"https:\/\/www.leclanche.com\/de\/leclanche-bestaetigt-dass-die-an-der-letzten-generalversammlung-beschlossene-kapitalerhoehung-von-chf-413-millionen-abgeschlossen-ist\/","url":"https:\/\/www.leclanche.com\/de\/leclanche-bestaetigt-dass-die-an-der-letzten-generalversammlung-beschlossene-kapitalerhoehung-von-chf-413-millionen-abgeschlossen-ist\/","name":"Leclanch\u00e9 best\u00e4tigt, dass die an der letzten Generalversammlung beschlossene Kapitalerh\u00f6hung von CHF 41,3 Millionen abgeschlossen ist - Leclanch\u00e9","isPartOf":{"@id":"https:\/\/www.leclanche.com\/de\/#website"},"datePublished":"2022-11-18T18:15:51+00:00","author":{"@id":"https:\/\/www.leclanche.com\/de\/#\/schema\/person\/7ef725388a3f2b409a32cfa92059aa64"},"description":"Ad-hoc-Mitteilung gem\u00e4\u00df Art. 53 KR Abschluss der Umwandlung von CHF 41'339'960.43 Schulden gegen\u00fcber SEFAM in Aktien der Gesellschaft, um die Bilanz zu","breadcrumb":{"@id":"https:\/\/www.leclanche.com\/de\/leclanche-bestaetigt-dass-die-an-der-letzten-generalversammlung-beschlossene-kapitalerhoehung-von-chf-413-millionen-abgeschlossen-ist\/#breadcrumb"},"inLanguage":"de","potentialAction":[{"@type":"ReadAction","target":["https:\/\/www.leclanche.com\/de\/leclanche-bestaetigt-dass-die-an-der-letzten-generalversammlung-beschlossene-kapitalerhoehung-von-chf-413-millionen-abgeschlossen-ist\/"]}]},{"@type":"BreadcrumbList","@id":"https:\/\/www.leclanche.com\/de\/leclanche-bestaetigt-dass-die-an-der-letzten-generalversammlung-beschlossene-kapitalerhoehung-von-chf-413-millionen-abgeschlossen-ist\/#breadcrumb","itemListElement":[{"@type":"ListItem","position":1,"name":"Accueil","item":"https:\/\/www.leclanche.com\/de\/"},{"@type":"ListItem","position":2,"name":"Leclanch\u00e9 best\u00e4tigt, dass die an der letzten Generalversammlung beschlossene Kapitalerh\u00f6hung von CHF 41,3 Millionen abgeschlossen ist"}]},{"@type":"WebSite","@id":"https:\/\/www.leclanche.com\/de\/#website","url":"https:\/\/www.leclanche.com\/de\/","name":"Leclanch\u00e9","description":"Energy Storage Solutions","potentialAction":[{"@type":"SearchAction","target":{"@type":"EntryPoint","urlTemplate":"https:\/\/www.leclanche.com\/de\/?s={search_term_string}"},"query-input":{"@type":"PropertyValueSpecification","valueRequired":true,"valueName":"search_term_string"}}],"inLanguage":"de"},{"@type":"Person","@id":"https:\/\/www.leclanche.com\/de\/#\/schema\/person\/7ef725388a3f2b409a32cfa92059aa64","name":"Annick.Bid","image":{"@type":"ImageObject","inLanguage":"de","@id":"https:\/\/www.leclanche.com\/de\/#\/schema\/person\/image\/","url":"https:\/\/secure.gravatar.com\/avatar\/0fe6baaabc318280db3d0e10c43b8017aa89b961c16e819765bd4fb65396af34?s=96&d=mm&r=g","contentUrl":"https:\/\/secure.gravatar.com\/avatar\/0fe6baaabc318280db3d0e10c43b8017aa89b961c16e819765bd4fb65396af34?s=96&d=mm&r=g","caption":"Annick.Bid"},"url":"https:\/\/www.leclanche.com\/de\/author\/annick-bid\/"}]}},"_links":{"self":[{"href":"https:\/\/www.leclanche.com\/de\/wp-json\/wp\/v2\/posts\/12280","targetHints":{"allow":["GET"]}}],"collection":[{"href":"https:\/\/www.leclanche.com\/de\/wp-json\/wp\/v2\/posts"}],"about":[{"href":"https:\/\/www.leclanche.com\/de\/wp-json\/wp\/v2\/types\/post"}],"author":[{"embeddable":true,"href":"https:\/\/www.leclanche.com\/de\/wp-json\/wp\/v2\/users\/2"}],"replies":[{"embeddable":true,"href":"https:\/\/www.leclanche.com\/de\/wp-json\/wp\/v2\/comments?post=12280"}],"version-history":[{"count":0,"href":"https:\/\/www.leclanche.com\/de\/wp-json\/wp\/v2\/posts\/12280\/revisions"}],"wp:attachment":[{"href":"https:\/\/www.leclanche.com\/de\/wp-json\/wp\/v2\/media?parent=12280"}],"wp:term":[{"taxonomy":"category","embeddable":true,"href":"https:\/\/www.leclanche.com\/de\/wp-json\/wp\/v2\/categories?post=12280"},{"taxonomy":"post_tag","embeddable":true,"href":"https:\/\/www.leclanche.com\/de\/wp-json\/wp\/v2\/tags?post=12280"}],"curies":[{"name":"wp","href":"https:\/\/api.w.org\/{rel}","templated":true}]}}