{"id":13434,"date":"2024-01-12T18:00:39","date_gmt":"2024-01-12T17:00:39","guid":{"rendered":"https:\/\/www.leclanche.com\/?p=13434"},"modified":"2024-01-12T18:00:39","modified_gmt":"2024-01-12T17:00:39","slug":"leclanche-hat-die-ausserordentliche-generalversammlung-am-12-januar-2024-abgehalten","status":"publish","type":"post","link":"https:\/\/www.leclanche.com\/de\/leclanche-hat-die-ausserordentliche-generalversammlung-am-12-januar-2024-abgehalten\/","title":{"rendered":"Leclanch\u00e9 hat die ausserordentliche Generalversammlung am 12. Januar 2024 abgehalten"},"content":{"rendered":"<p><i><span data-contrast=\"none\">Ad-hoc-Mitteilung gem\u00e4ss Art. 53 KR<\/span><\/i><span data-ccp-props=\"{&quot;201341983&quot;:0,&quot;335551550&quot;:6,&quot;335551620&quot;:6,&quot;335559739&quot;:160,&quot;335559740&quot;:240}\">\u00a0<\/span><\/p>\n<p><span data-ccp-props=\"{&quot;201341983&quot;:0,&quot;335551550&quot;:6,&quot;335551620&quot;:6,&quot;335559739&quot;:0,&quot;335559740&quot;:240}\">\u00a0<\/span><\/p>\n<ul>\n<li data-leveltext=\"\uf0b7\" data-font=\"Symbol\" data-listid=\"36\" data-list-defn-props=\"{&quot;335552541&quot;:1,&quot;335559684&quot;:-2,&quot;335559685&quot;:720,&quot;335559991&quot;:360,&quot;469769226&quot;:&quot;Symbol&quot;,&quot;469769242&quot;:[8226],&quot;469777803&quot;:&quot;left&quot;,&quot;469777804&quot;:&quot;\uf0b7&quot;,&quot;469777815&quot;:&quot;hybridMultilevel&quot;}\" aria-setsize=\"-1\" data-aria-posinset=\"1\" data-aria-level=\"1\"><i><span data-contrast=\"none\">Lex Bentner wurde zum Verwaltungsratspr\u00e4sidenten gew\u00e4hlt\u00a0<\/span><\/i><span data-ccp-props=\"{&quot;335551550&quot;:6,&quot;335551620&quot;:6,&quot;335559739&quot;:120,&quot;335572071&quot;:0,&quot;335572072&quot;:0,&quot;335572073&quot;:4278190080,&quot;335572075&quot;:0,&quot;335572076&quot;:0,&quot;335572077&quot;:4278190080,&quot;335572079&quot;:0,&quot;335572080&quot;:0,&quot;335572081&quot;:4278190080,&quot;335572083&quot;:0,&quot;335572084&quot;:0,&quot;335572085&quot;:4278190080,&quot;335572087&quot;:0,&quot;335572088&quot;:0,&quot;335572089&quot;:4278190080,&quot;469789798&quot;:&quot;none&quot;,&quot;469789802&quot;:&quot;none&quot;,&quot;469789806&quot;:&quot;none&quot;,&quot;469789810&quot;:&quot;none&quot;,&quot;469789814&quot;:&quot;none&quot;}\">\u00a0<\/span><\/li>\n<li data-leveltext=\"\uf0b7\" data-font=\"Symbol\" data-listid=\"36\" data-list-defn-props=\"{&quot;335552541&quot;:1,&quot;335559684&quot;:-2,&quot;335559685&quot;:720,&quot;335559991&quot;:360,&quot;469769226&quot;:&quot;Symbol&quot;,&quot;469769242&quot;:[8226],&quot;469777803&quot;:&quot;left&quot;,&quot;469777804&quot;:&quot;\uf0b7&quot;,&quot;469777815&quot;:&quot;hybridMultilevel&quot;}\" aria-setsize=\"-1\" data-aria-posinset=\"2\" data-aria-level=\"1\"><i><span data-contrast=\"none\">Alexander Rhea bleibt Verwaltungsratsmitglied<\/span><\/i><span data-ccp-props=\"{&quot;335551550&quot;:6,&quot;335551620&quot;:6,&quot;335559739&quot;:120,&quot;335572071&quot;:0,&quot;335572072&quot;:0,&quot;335572073&quot;:4278190080,&quot;335572075&quot;:0,&quot;335572076&quot;:0,&quot;335572077&quot;:4278190080,&quot;335572079&quot;:0,&quot;335572080&quot;:0,&quot;335572081&quot;:4278190080,&quot;335572083&quot;:0,&quot;335572084&quot;:0,&quot;335572085&quot;:4278190080,&quot;335572087&quot;:0,&quot;335572088&quot;:0,&quot;335572089&quot;:4278190080,&quot;469789798&quot;:&quot;none&quot;,&quot;469789802&quot;:&quot;none&quot;,&quot;469789806&quot;:&quot;none&quot;,&quot;469789810&quot;:&quot;none&quot;,&quot;469789814&quot;:&quot;none&quot;}\">\u00a0<\/span><\/li>\n<li data-leveltext=\"\uf0b7\" data-font=\"Symbol\" data-listid=\"36\" data-list-defn-props=\"{&quot;335552541&quot;:1,&quot;335559684&quot;:-2,&quot;335559685&quot;:720,&quot;335559991&quot;:360,&quot;469769226&quot;:&quot;Symbol&quot;,&quot;469769242&quot;:[8226],&quot;469777803&quot;:&quot;left&quot;,&quot;469777804&quot;:&quot;\uf0b7&quot;,&quot;469777815&quot;:&quot;hybridMultilevel&quot;}\" aria-setsize=\"-1\" data-aria-posinset=\"3\" data-aria-level=\"1\"><i><span data-contrast=\"none\">Lex Bentner und Abdallah Chatila wurden als neue Verwaltungsratsmitglieder gew\u00e4hlt<\/span><\/i><span data-ccp-props=\"{&quot;335551550&quot;:6,&quot;335551620&quot;:6,&quot;335559739&quot;:120,&quot;335572071&quot;:0,&quot;335572072&quot;:0,&quot;335572073&quot;:4278190080,&quot;335572075&quot;:0,&quot;335572076&quot;:0,&quot;335572077&quot;:4278190080,&quot;335572079&quot;:0,&quot;335572080&quot;:0,&quot;335572081&quot;:4278190080,&quot;335572083&quot;:0,&quot;335572084&quot;:0,&quot;335572085&quot;:4278190080,&quot;335572087&quot;:0,&quot;335572088&quot;:0,&quot;335572089&quot;:4278190080,&quot;469789798&quot;:&quot;none&quot;,&quot;469789802&quot;:&quot;none&quot;,&quot;469789806&quot;:&quot;none&quot;,&quot;469789810&quot;:&quot;none&quot;,&quot;469789814&quot;:&quot;none&quot;}\">\u00a0<\/span><\/li>\n<li data-leveltext=\"\uf0b7\" data-font=\"Symbol\" data-listid=\"36\" data-list-defn-props=\"{&quot;335552541&quot;:1,&quot;335559684&quot;:-2,&quot;335559685&quot;:720,&quot;335559991&quot;:360,&quot;469769226&quot;:&quot;Symbol&quot;,&quot;469769242&quot;:[8226],&quot;469777803&quot;:&quot;left&quot;,&quot;469777804&quot;:&quot;\uf0b7&quot;,&quot;469777815&quot;:&quot;hybridMultilevel&quot;}\" aria-setsize=\"-1\" data-aria-posinset=\"4\" data-aria-level=\"1\"><i><span data-contrast=\"auto\">Bernard Pons ist vom Verwaltungsrat zur\u00fcckgetreten<\/span><\/i><span data-ccp-props=\"{&quot;335551550&quot;:6,&quot;335551620&quot;:6,&quot;335559739&quot;:120,&quot;335572071&quot;:0,&quot;335572072&quot;:0,&quot;335572073&quot;:4278190080,&quot;335572075&quot;:0,&quot;335572076&quot;:0,&quot;335572077&quot;:4278190080,&quot;335572079&quot;:0,&quot;335572080&quot;:0,&quot;335572081&quot;:4278190080,&quot;335572083&quot;:0,&quot;335572084&quot;:0,&quot;335572085&quot;:4278190080,&quot;335572087&quot;:0,&quot;335572088&quot;:0,&quot;335572089&quot;:4278190080,&quot;469789798&quot;:&quot;none&quot;,&quot;469789802&quot;:&quot;none&quot;,&quot;469789806&quot;:&quot;none&quot;,&quot;469789810&quot;:&quot;none&quot;,&quot;469789814&quot;:&quot;none&quot;}\">\u00a0<\/span><\/li>\n<\/ul>\n<p data-ccp-border-between=\"0px none #000000\" data-ccp-padding-between=\"0px\"><span data-ccp-props=\"{&quot;335551550&quot;:6,&quot;335551620&quot;:6,&quot;335559685&quot;:360,&quot;335559739&quot;:120,&quot;335572071&quot;:0,&quot;335572072&quot;:0,&quot;335572073&quot;:4278190080,&quot;335572075&quot;:0,&quot;335572076&quot;:0,&quot;335572077&quot;:4278190080,&quot;335572079&quot;:0,&quot;335572080&quot;:0,&quot;335572081&quot;:4278190080,&quot;335572083&quot;:0,&quot;335572084&quot;:0,&quot;335572085&quot;:4278190080,&quot;335572087&quot;:0,&quot;335572088&quot;:0,&quot;335572089&quot;:4278190080,&quot;469789798&quot;:&quot;none&quot;,&quot;469789802&quot;:&quot;none&quot;,&quot;469789806&quot;:&quot;none&quot;,&quot;469789810&quot;:&quot;none&quot;,&quot;469789814&quot;:&quot;none&quot;}\">\u00a0<\/span><\/p>\n<p><b><span data-contrast=\"auto\">YVERDON-LES-BAINS, Schweiz, 12. Januar 2024 \u2013<\/span><\/b> <a href=\"http:\/\/www.leclanche.com\/de\"><span data-contrast=\"none\">Leclanch\u00e9 SA<\/span><\/a><span data-contrast=\"auto\"> (SIX: LECN), eines der weltweit f\u00fchrenden Unternehmen f\u00fcr Energiespeicherl\u00f6sungen, hat die Beschl\u00fcsse der Aktion\u00e4re der Gesellschaft zu den Antr\u00e4gen des Verwaltungsrats anl\u00e4sslich der ausserordentlichen Generalversammlung bekannt gegeben, die heute in CEI &#8211; Rue Galil\u00e9e 13, 1400 Yverdon-les-Bains, Schweiz, Sitzungszimmer &#8222;Galil\u00e9e&#8220; stattgefunden hat.<\/span><span data-ccp-props=\"{&quot;201341983&quot;:0,&quot;335551550&quot;:6,&quot;335551620&quot;:6,&quot;335559739&quot;:0,&quot;335559740&quot;:240}\">\u00a0<\/span><\/p>\n<p><span data-ccp-props=\"{&quot;201341983&quot;:0,&quot;335551550&quot;:6,&quot;335551620&quot;:6,&quot;335559739&quot;:0,&quot;335559740&quot;:240}\">\u00a0<\/span><\/p>\n<p><span data-contrast=\"auto\">Alexander Rhea ist von seinem Amt als Verwaltungsratspr\u00e4sident zur\u00fcckgetreten, bleibt aber Mitglied des Verwaltungsrats. Bernard Pons ist als Mitglied des Verwaltungsrats zur\u00fcckgetreten. Beiden wurde f\u00fcr ihr Engagement und ihre Professionalit\u00e4t Dank und Anerkennung ausgesprochen.<\/span><span data-ccp-props=\"{&quot;201341983&quot;:0,&quot;335551550&quot;:6,&quot;335551620&quot;:6,&quot;335559739&quot;:0,&quot;335559740&quot;:240}\">\u00a0<\/span><\/p>\n<p><span data-ccp-props=\"{&quot;201341983&quot;:0,&quot;335551550&quot;:6,&quot;335551620&quot;:6,&quot;335559739&quot;:0,&quot;335559740&quot;:240}\">\u00a0<\/span><\/p>\n<p><span data-contrast=\"auto\">Lex Bentner und Abdallah Chatila wurden in den Verwaltungsrat gew\u00e4hlt, Lex Bentner zus\u00e4tzlich zum Verwaltungsratspr\u00e4sidenten. Beide bringen umfangreiche Managementerfahrung aus einer Vielzahl von Unternehmen und Branchen in den Verwaltungsrat von Leclanch\u00e9 ein.<\/span><span data-ccp-props=\"{&quot;201341983&quot;:0,&quot;335551550&quot;:6,&quot;335551620&quot;:6,&quot;335559739&quot;:0,&quot;335559740&quot;:240}\">\u00a0<\/span><\/p>\n<p><span data-ccp-props=\"{&quot;201341983&quot;:0,&quot;335551550&quot;:6,&quot;335551620&quot;:6,&quot;335559739&quot;:0,&quot;335559740&quot;:240}\">\u00a0<\/span><\/p>\n<p><span data-contrast=\"auto\">Lex Bentner, derzeit Head of Public Transport bei der Stadt Luxemburg, spielt eine Schl\u00fcsselrolle bei der Umgestaltung des \u00f6ffentlichen Nahverkehrssystems der Stadt. Sein Hauptaugenmerk liegt auf der Umstellung der st\u00e4dtischen Busflotte und des Busnetzes auf vollelektrische Fahrzeuge, die durch EUweite \u00f6ffentliche Ausschreibungs- und Beschaffungsprozesse erreicht wird. Lex Bentner ist auch f\u00fcr komplexe Projekte zust\u00e4ndig, bei denen er die Fortschritte der Industrie in operationelle Standards integriert.<\/span><span data-ccp-props=\"{&quot;201341983&quot;:0,&quot;335551550&quot;:6,&quot;335551620&quot;:6,&quot;335559685&quot;:0,&quot;335559739&quot;:0,&quot;335559740&quot;:240}\">\u00a0<\/span><\/p>\n<p><span data-ccp-props=\"{&quot;201341983&quot;:0,&quot;335551550&quot;:6,&quot;335551620&quot;:6,&quot;335559685&quot;:0,&quot;335559739&quot;:0,&quot;335559740&quot;:240}\">\u00a0<\/span><\/p>\n<p><span data-contrast=\"auto\">Im Laufe seiner Karriere arbeitete er bei der CFL, der staatlichen luxemburgischen Eisenbahngesellschaft, und bei ArcelorMittal. Im Jahr 2007 wurde er zum Head of Continuous Improvement and Engineering in einem luxemburgischen Stahlwerk ernannt, wo er sich auf Modernisierungsmassnahmen konzentrierte. Zus\u00e4tzlich zu seinen beruflichen Aufgaben vertritt Lex Bentner Luxemburg im Busausschuss der UITP (Union Internationale des Transports Publics) und ber\u00e4t politische Entscheidungstr\u00e4ger und nationale Aussch\u00fcsse in Bezug auf Best Practices am Arbeitsplatz und in der Industrie. Der 1978 in Luxemburg geborene Lex Bentner verf\u00fcgt \u00fcber einen Master-Abschluss in Maschinenbau und Elektrotechnik von der Universit\u00e4t Edinburgh und absolviert derzeit ein MBA-Studium an der Edinburgh Business School der Heriot-Watt University.<\/span><span data-ccp-props=\"{&quot;201341983&quot;:0,&quot;335551550&quot;:6,&quot;335551620&quot;:6,&quot;335559739&quot;:0,&quot;335559740&quot;:240}\">\u00a0<\/span><\/p>\n<p><span data-ccp-props=\"{&quot;201341983&quot;:0,&quot;335551550&quot;:6,&quot;335551620&quot;:6,&quot;335559739&quot;:0,&quot;335559740&quot;:240}\">\u00a0<\/span><\/p>\n<p><span data-contrast=\"auto\">Abdallah Chatila, geboren 1974, ist ein schweizerisch-libanesischer Unternehmer und Investor mit \u00fcber 28 Jahren Erfahrung, davon 15 Jahre in der Immobilienbranche. Als Absolvent des Gemological Institute in Los Angeles begann Abdallah Chatila seine berufliche Laufbahn im Juweliergesch\u00e4ft seiner Familie in Genf, bevor er in die Immobilienbranche wechselte. Er ist Pr\u00e4sident und Gr\u00fcnder der m3 GROUP, die in der Schweiz und in Frankreich \u00fcber 700 Mitarbeitende besch\u00e4ftigt und einen Umsatz von \u00fcber 250 Millionen Schweizer Franken erzielt. Die Gruppe ist in den Bereichen Immobilien, Hotellerie, Gastronomie, Banken und Gesundheitswesen t\u00e4tig. Abdallah Chatila verf\u00fcgt dar\u00fcber hinaus \u00fcber umfangreiche Erfahrung im Bereich Mergers &amp; Acquisitions und ist an \u00fcber 80 Unternehmen in den Bereichen Gesundheitswesen, Technologie und Versicherungen beteiligt.<\/span><span data-ccp-props=\"{&quot;201341983&quot;:0,&quot;335551550&quot;:6,&quot;335551620&quot;:6,&quot;335559739&quot;:160,&quot;335559740&quot;:259}\">\u00a0<\/span><\/p>\n<p><span data-contrast=\"auto\">Abdallah Chatila ist ein umsichtiger Philanthrop, der durch seine philanthropischen Initiativen und seine privaten Investitionen aktiv zur Entwicklung des Kantons beitr\u00e4gt. Zudem unterst\u00fctzt er \u00fcber seine Stiftung Sesam verschiedene Wohlt\u00e4tigkeitsorganisationen in Genf, im Libanon und im Nahen Osten.<\/span><span data-ccp-props=\"{&quot;201341983&quot;:0,&quot;335551550&quot;:6,&quot;335551620&quot;:6,&quot;335559739&quot;:0,&quot;335559740&quot;:240}\">\u00a0<\/span><\/p>\n<p><span data-ccp-props=\"{&quot;201341983&quot;:0,&quot;335551550&quot;:6,&quot;335551620&quot;:6,&quot;335559739&quot;:0,&quot;335559740&quot;:240}\">\u00a0<\/span><\/p>\n<p><b><span data-contrast=\"auto\">Lex Bentner, Pr\u00e4sident des Verwaltungsrats von Leclanch\u00e9, sagte:<\/span><\/b><i><span data-contrast=\"auto\"> &#8222;Zun\u00e4chst m\u00f6chte ich Alexander Rhea f\u00fcr seine Arbeit als Pr\u00e4sident des Verwaltungsrats von Leclanch\u00e9 danken. Er hat Leclanch\u00e9 durch eine Phase der strategischen Neuausrichtung gef\u00fchrt, die zu einer St\u00e4rkung unseres Auftragsbestands gef\u00fchrt hat. Ich bin dankbar, dass er dem Verwaltungsrat weiterhin zur Verf\u00fcgung steht.\u00a0<\/span><\/i><span data-ccp-props=\"{&quot;201341983&quot;:0,&quot;335551550&quot;:6,&quot;335551620&quot;:6,&quot;335559739&quot;:160,&quot;335559740&quot;:259}\">\u00a0<\/span><\/p>\n<p><i><span data-contrast=\"auto\">&#8222;Ich m\u00f6chte mich auch bei den Aktion\u00e4ren und meinen Verwaltungsratskollegen f\u00fcr meine Ernennung bedanken. Ich glaube an die Marktchancen f\u00fcr Leclanch\u00e9 und bin \u00fcberzeugt, dass wir das richtige Team haben, um auf dem solide gelegten Fundament aufzubauen, w\u00e4hrend wir unsere Wachstumsstrategie umsetzen, unsere Auftragsbest\u00e4nde in Schl\u00fcsselsektoren aufbauen und im Zuge der Expansion des Unternehmens Mehrwert f\u00fcr die Aktion\u00e4re schaffen.<\/span><\/i><span data-ccp-props=\"{&quot;201341983&quot;:0,&quot;335551550&quot;:6,&quot;335551620&quot;:6,&quot;335559739&quot;:160,&quot;335559740&quot;:259}\">\u00a0<\/span><\/p>\n<p><span data-ccp-props=\"{&quot;201341983&quot;:0,&quot;335551550&quot;:6,&quot;335551620&quot;:6,&quot;335559739&quot;:160,&quot;335559740&quot;:259}\">\u00a0<\/span><\/p>\n<p><span data-contrast=\"auto\">Weitere Informationen per E-Mail an <\/span><a href=\"mailto:info@leclanche.com\"><span data-contrast=\"none\">info@leclanche.com<\/span><\/a><span data-contrast=\"auto\"> oder unter <\/span><a href=\"http:\/\/www.leclanche.com.\/\"><span data-contrast=\"none\">www.leclanche.com.<\/span><\/a><span data-ccp-props=\"{&quot;335559738&quot;:120}\">\u00a0<\/span><\/p>\n<p><span data-ccp-props=\"{&quot;335559738&quot;:120}\">\u00a0<\/span><\/p>\n<p><b><span data-contrast=\"auto\">******<\/span><\/b><span data-ccp-props=\"{&quot;201341983&quot;:0,&quot;335551550&quot;:6,&quot;335551620&quot;:6,&quot;335559739&quot;:160,&quot;335559740&quot;:240}\">\u00a0<\/span><\/p>\n<p><b><span data-contrast=\"none\">\u00dcber Leclanch\u00e9<\/span><\/b><span data-ccp-props=\"{&quot;201341983&quot;:0,&quot;335551550&quot;:6,&quot;335551620&quot;:6,&quot;335559740&quot;:276}\">\u00a0<\/span><\/p>\n<p><span data-contrast=\"none\">Leclanch\u00e9 ist ein weltweit f\u00fchrender Anbieter von kohlenstoffarmen Energiespeicherl\u00f6sungen auf Basis der Lithium-Ionen-Zellentechnologie. Leclanch\u00e9 wurde 1909 in Yverdon-les-Bains, Schweiz, gegr\u00fcndet. Die Geschichte und das Erbe von Leclanch\u00e9 sind in der Innovation von Batterien und Energiespeichern verwurzelt. Die schweizerische Kultur der Pr\u00e4zision und Qualit\u00e4t sowie die Produktionsst\u00e4tten in Deutschland machen Leclanch\u00e9 zum bevorzugten Partner f\u00fcr Unternehmen, die nach der besten Batterieleistung suchen und Pionierarbeit f\u00fcr positive Ver\u00e4nderungen in der Art und Weise leisten, wie Energie weltweit erzeugt, verteilt und verbraucht wird. Leclanch\u00e9 ist in drei Gesch\u00e4ftsbereiche gegliedert: Energiespeicherl\u00f6sungen, E-Mobility-L\u00f6sungen und Spezialbatteriesysteme. Das Unternehmen besch\u00e4ftigt derzeit \u00fcber 350 Mitarbeiter und verf\u00fcgt \u00fcber Repr\u00e4sentanzen in acht L\u00e4ndern weltweit. Leclanch\u00e9 ist an der Schweizer B\u00f6rse notiert (SIX: LECN).\u00a0<\/span><span data-ccp-props=\"{&quot;201341983&quot;:0,&quot;335551550&quot;:6,&quot;335551620&quot;:6,&quot;335559739&quot;:0,&quot;335559740&quot;:240}\">\u00a0<\/span><\/p>\n<p><span data-ccp-props=\"{&quot;201341983&quot;:0,&quot;335559739&quot;:0,&quot;335559740&quot;:240}\">\u00a0<\/span><\/p>\n<p><span data-ccp-props=\"{&quot;201341983&quot;:0,&quot;335551550&quot;:6,&quot;335551620&quot;:6,&quot;335559739&quot;:0,&quot;335559740&quot;:276}\">\u00a0<\/span><\/p>\n<p><b><span data-contrast=\"auto\">Haftungsausschluss\u00a0<\/span><\/b><span data-ccp-props=\"{&quot;201341983&quot;:0,&quot;335551550&quot;:6,&quot;335551620&quot;:6,&quot;335559739&quot;:0,&quot;335559740&quot;:276}\">\u00a0<\/span><\/p>\n<p><span data-contrast=\"auto\">Diese Pressemitteilung enth\u00e4lt bestimmte in die Zukunft gerichtete Aussagen \u00fcber die Aktivit\u00e4ten von Leclanch\u00e9, die durch Begriffe wie \u201estrategisch\u201c, \u201evorgeschlagen\u201c, \u201eeingef\u00fchrt\u201c, \u201ewird\u201c, \u201egeplant\u201c, \u201eerwartet\u201c, \u201eVerpflichtung\u201c, \u201eerwarten\u201c, \u201eprognostizieren\u201c, \u201eetabliert\u201c, \u201evorbereiten\u201c, \u201eplanen\u201c, \u201esch\u00e4tzen\u201c, \u201eZiele\u201c, \u201ew\u00fcrden\u201c, \u201epotenziell\u201c und \u201eerwarten\u201c gekennzeichnet sein k\u00f6nnen, \u201eSch\u00e4tzung\u201c, \u201eAngebot\u201c oder \u00e4hnliche Ausdr\u00fccke oder durch ausdr\u00fcckliche oder implizite Diskussionen \u00fcber den Hochlauf der Produktionskapazit\u00e4ten von Leclanch\u00e9, m\u00f6gliche Anwendungen bestehender Produkte oder potenzielle zuk\u00fcnftige Einnahmen aus solchen Produkten oder potenzielle zuk\u00fcnftige Verk\u00e4ufe oder Gewinne von Leclanch\u00e9 oder einer seiner Gesch\u00e4ftseinheiten. Sie sollten sich nicht zu sehr auf diese Aussagen verlassen. Diese zukunftsgerichteten Aussagen spiegeln die aktuellen Ansichten von Leclanch\u00e9 \u00fcber zuk\u00fcnftige Ereignisse wider und beinhalten bekannte und unbekannte Risiken, Unsicherheiten und andere Faktoren, die dazu f\u00fchren k\u00f6nnen, dass die tats\u00e4chlichen Ergebnisse wesentlich von den zuk\u00fcnftigen Ergebnissen, Leistungen oder Errungenschaften abweichen, die in diesen Aussagen ausdr\u00fccklich oder implizit zum Ausdruck kommen. Es gibt keine Garantie daf\u00fcr, dass die Produkte von Leclanch\u00e9 ein bestimmtes Umsatzniveau erreichen. Es gibt auch keine Garantie daf\u00fcr, dass Leclanch\u00e9 oder eine seiner Gesch\u00e4ftseinheiten bestimmte finanzielle Ergebnisse erzielen wird.<\/span><span data-ccp-props=\"{&quot;201341983&quot;:0,&quot;335551550&quot;:6,&quot;335551620&quot;:6,&quot;335559739&quot;:120,&quot;335559740&quot;:240}\">\u00a0<\/span><\/p>\n<p><span data-ccp-props=\"{&quot;201341983&quot;:0,&quot;335559739&quot;:160,&quot;335559740&quot;:259}\">\u00a0<\/span><\/p>\n<p><b><span data-contrast=\"none\">Kontakte<\/span><\/b><span data-ccp-props=\"{&quot;201341983&quot;:0,&quot;335551550&quot;:6,&quot;335551620&quot;:6,&quot;335559740&quot;:276}\">\u00a0<\/span><\/p>\n<p><b><span data-contrast=\"none\">Medienkontakte:<\/span><\/b><span data-ccp-props=\"{&quot;201341983&quot;:0,&quot;335551550&quot;:6,&quot;335551620&quot;:6,&quot;335559740&quot;:276}\">\u00a0<\/span><\/p>\n<p>&nbsp;<\/p>\n<p><b><i><span data-contrast=\"auto\">Schweiz \/ Europa:\u00a0<\/span><\/i><\/b><span data-ccp-props=\"{&quot;201341983&quot;:0,&quot;335551550&quot;:6,&quot;335551620&quot;:6,&quot;335559685&quot;:108,&quot;335559739&quot;:120,&quot;335559740&quot;:240,&quot;335559991&quot;:108}\">\u00a0<\/span><\/p>\n<p><span data-contrast=\"auto\">Thierry Meyer<\/span><span data-ccp-props=\"{&quot;201341983&quot;:0,&quot;335559740&quot;:240}\">\u00a0<\/span><\/p>\n<p><span data-contrast=\"auto\">T: +41 (0) 79\u202f785 35 81<\/span><span data-ccp-props=\"{&quot;201341983&quot;:0,&quot;335559740&quot;:240}\">\u00a0<\/span><\/p>\n<p><span data-contrast=\"auto\">E-Mail: <\/span><a href=\"mailto:tme@dynamicsgoup.ch\"><span data-contrast=\"none\">tme@dynamicsgroup.ch<\/span><\/a><span data-ccp-props=\"{&quot;201341983&quot;:0,&quot;335559740&quot;:240}\">\u00a0<\/span><\/p>\n<p>&nbsp;<\/p>\n<p><b><i><span data-contrast=\"auto\">Deutschland:<\/span><\/i><\/b><span data-ccp-props=\"{&quot;201341983&quot;:0,&quot;335559739&quot;:120,&quot;335559740&quot;:240}\">\u00a0<\/span><\/p>\n<p><span data-contrast=\"auto\">Christoph Miller<\/span><span data-ccp-props=\"{&quot;201341983&quot;:0,&quot;335559740&quot;:240}\">\u00a0<\/span><\/p>\n<p><span data-contrast=\"auto\">T: +49 (0) 711 947 670<\/span><span data-ccp-props=\"{&quot;201341983&quot;:0,&quot;335559740&quot;:240}\">\u00a0<\/span><\/p>\n<p><span data-contrast=\"auto\">E-Mail: <\/span><a href=\"mailto:leclanche@sympra.de\"><span data-contrast=\"none\">leclanche@sympra.de<\/span><\/a><\/p>\n<p>&nbsp;<\/p>\n<p><b><span data-contrast=\"auto\">Ansprechpartner f\u00fcr Investoren:<\/span><\/b><span data-ccp-props=\"{&quot;201341983&quot;:0,&quot;335559739&quot;:120,&quot;335559740&quot;:240}\">\u00a0<\/span><\/p>\n<p><span data-contrast=\"auto\">Pierre Blanc \/ Pasquale Foglia<\/span><span data-ccp-props=\"{&quot;201341983&quot;:0,&quot;335559740&quot;:240}\">\u00a0<\/span><\/p>\n<p><span data-contrast=\"auto\">T: +41 (0) 24 424 65 00<\/span><span data-ccp-props=\"{&quot;201341983&quot;:0,&quot;335559740&quot;:240}\">\u00a0<\/span><\/p>\n<p><span data-contrast=\"auto\">E-Mail:<\/span> <a href=\"mailto:invest.leclanche@leclanche.com\"><span data-contrast=\"none\">invest.leclanche@leclanche.com<\/span><\/a><\/p>\n<p><span data-ccp-props=\"{&quot;201341983&quot;:0,&quot;335559739&quot;:0,&quot;335559740&quot;:240}\">\u00a0<\/span><\/p>\n","protected":false},"excerpt":{"rendered":"<p>Ad-hoc-Mitteilung gem\u00e4ss Art. 53 KR\u00a0 \u00a0 Lex Bentner wurde zum Verwaltungsratspr\u00e4sidenten gew\u00e4hlt\u00a0\u00a0 Alexander Rhea bleibt Verwaltungsratsmitglied\u00a0 Lex Bentner und Abdallah Chatila wurden als neue Verwaltungsratsmitglieder gew\u00e4hlt\u00a0 Bernard Pons ist vom Verwaltungsrat zur\u00fcckgetreten\u00a0 \u00a0 YVERDON-LES-BAINS, Schweiz, 12. Januar 2024 \u2013 Leclanch\u00e9 SA (SIX: LECN), eines der weltweit f\u00fchrenden Unternehmen f\u00fcr Energiespeicherl\u00f6sungen, hat die Beschl\u00fcsse der Aktion\u00e4re [&hellip;]<\/p>\n","protected":false},"author":10,"featured_media":0,"comment_status":"open","ping_status":"open","sticky":false,"template":"","format":"standard","meta":{"footnotes":""},"categories":[107,48],"tags":[],"class_list":["post-13434","post","type-post","status-publish","format-standard","hentry","category-ad-hoc-mitteilung","category-pressemitteilung"],"yoast_head":"<!-- This site is optimized with the Yoast SEO plugin v26.4 - https:\/\/yoast.com\/wordpress\/plugins\/seo\/ -->\n<title>Leclanch\u00e9 hat die ausserordentliche Generalversammlung am 12. Januar 2024 abgehalten - Leclanch\u00e9<\/title>\n<meta name=\"description\" content=\"Ad-hoc-Mitteilung gem\u00e4ss Art. 53 KR\u00a0 \u00a0 Lex Bentner wurde zum Verwaltungsratspr\u00e4sidenten gew\u00e4hlt\u00a0\u00a0 Alexander Rhea bleibt Verwaltungsratsmitglied\u00a0 Lex\" \/>\n<meta name=\"robots\" content=\"index, follow, max-snippet:-1, max-image-preview:large, max-video-preview:-1\" \/>\n<link rel=\"canonical\" href=\"https:\/\/www.leclanche.com\/de\/leclanche-hat-die-ausserordentliche-generalversammlung-am-12-januar-2024-abgehalten\/\" \/>\n<meta property=\"og:locale\" content=\"de_DE\" \/>\n<meta property=\"og:type\" content=\"article\" \/>\n<meta property=\"og:title\" content=\"Leclanch\u00e9 hat die ausserordentliche Generalversammlung am 12. Januar 2024 abgehalten - Leclanch\u00e9\" \/>\n<meta property=\"og:description\" content=\"Ad-hoc-Mitteilung gem\u00e4ss Art. 53 KR\u00a0 \u00a0 Lex Bentner wurde zum Verwaltungsratspr\u00e4sidenten gew\u00e4hlt\u00a0\u00a0 Alexander Rhea bleibt Verwaltungsratsmitglied\u00a0 Lex\" \/>\n<meta property=\"og:url\" content=\"https:\/\/www.leclanche.com\/de\/leclanche-hat-die-ausserordentliche-generalversammlung-am-12-januar-2024-abgehalten\/\" \/>\n<meta property=\"og:site_name\" content=\"Leclanch\u00e9\" \/>\n<meta property=\"article:published_time\" content=\"2024-01-12T17:00:39+00:00\" \/>\n<meta name=\"author\" content=\"Anais Moutarlier\" \/>\n<meta name=\"twitter:card\" content=\"summary_large_image\" \/>\n<meta name=\"twitter:label1\" content=\"Verfasst von\" \/>\n\t<meta name=\"twitter:data1\" content=\"Anais Moutarlier\" \/>\n\t<meta name=\"twitter:label2\" content=\"Gesch\u00e4tzte Lesezeit\" \/>\n\t<meta name=\"twitter:data2\" content=\"5\u00a0Minuten\" \/>\n<script type=\"application\/ld+json\" class=\"yoast-schema-graph\">{\"@context\":\"https:\/\/schema.org\",\"@graph\":[{\"@type\":\"WebPage\",\"@id\":\"https:\/\/www.leclanche.com\/de\/leclanche-hat-die-ausserordentliche-generalversammlung-am-12-januar-2024-abgehalten\/\",\"url\":\"https:\/\/www.leclanche.com\/de\/leclanche-hat-die-ausserordentliche-generalversammlung-am-12-januar-2024-abgehalten\/\",\"name\":\"Leclanch\u00e9 hat die ausserordentliche Generalversammlung am 12. Januar 2024 abgehalten - Leclanch\u00e9\",\"isPartOf\":{\"@id\":\"https:\/\/www.leclanche.com\/de\/#website\"},\"datePublished\":\"2024-01-12T17:00:39+00:00\",\"author\":{\"@id\":\"https:\/\/www.leclanche.com\/de\/#\/schema\/person\/0e28e50bc497552a2780bbd7360ab445\"},\"description\":\"Ad-hoc-Mitteilung gem\u00e4ss Art. 53 KR\u00a0 \u00a0 Lex Bentner wurde zum Verwaltungsratspr\u00e4sidenten gew\u00e4hlt\u00a0\u00a0 Alexander Rhea bleibt Verwaltungsratsmitglied\u00a0 Lex\",\"breadcrumb\":{\"@id\":\"https:\/\/www.leclanche.com\/de\/leclanche-hat-die-ausserordentliche-generalversammlung-am-12-januar-2024-abgehalten\/#breadcrumb\"},\"inLanguage\":\"de\",\"potentialAction\":[{\"@type\":\"ReadAction\",\"target\":[\"https:\/\/www.leclanche.com\/de\/leclanche-hat-die-ausserordentliche-generalversammlung-am-12-januar-2024-abgehalten\/\"]}]},{\"@type\":\"BreadcrumbList\",\"@id\":\"https:\/\/www.leclanche.com\/de\/leclanche-hat-die-ausserordentliche-generalversammlung-am-12-januar-2024-abgehalten\/#breadcrumb\",\"itemListElement\":[{\"@type\":\"ListItem\",\"position\":1,\"name\":\"Accueil\",\"item\":\"https:\/\/www.leclanche.com\/de\/\"},{\"@type\":\"ListItem\",\"position\":2,\"name\":\"Leclanch\u00e9 hat die ausserordentliche Generalversammlung am 12. Januar 2024 abgehalten\"}]},{\"@type\":\"WebSite\",\"@id\":\"https:\/\/www.leclanche.com\/de\/#website\",\"url\":\"https:\/\/www.leclanche.com\/de\/\",\"name\":\"Leclanch\u00e9\",\"description\":\"Energy Storage Solutions\",\"potentialAction\":[{\"@type\":\"SearchAction\",\"target\":{\"@type\":\"EntryPoint\",\"urlTemplate\":\"https:\/\/www.leclanche.com\/de\/?s={search_term_string}\"},\"query-input\":{\"@type\":\"PropertyValueSpecification\",\"valueRequired\":true,\"valueName\":\"search_term_string\"}}],\"inLanguage\":\"de\"},{\"@type\":\"Person\",\"@id\":\"https:\/\/www.leclanche.com\/de\/#\/schema\/person\/0e28e50bc497552a2780bbd7360ab445\",\"name\":\"Anais Moutarlier\",\"image\":{\"@type\":\"ImageObject\",\"inLanguage\":\"de\",\"@id\":\"https:\/\/www.leclanche.com\/de\/#\/schema\/person\/image\/\",\"url\":\"https:\/\/secure.gravatar.com\/avatar\/bf8dd36f26e6057175ac650b8afab73c98825317cc60d0936fa1b96f20af138c?s=96&d=mm&r=g\",\"contentUrl\":\"https:\/\/secure.gravatar.com\/avatar\/bf8dd36f26e6057175ac650b8afab73c98825317cc60d0936fa1b96f20af138c?s=96&d=mm&r=g\",\"caption\":\"Anais Moutarlier\"},\"url\":\"https:\/\/www.leclanche.com\/de\/author\/anais-moutarlier\/\"}]}<\/script>\n<!-- \/ Yoast SEO plugin. -->","yoast_head_json":{"title":"Leclanch\u00e9 hat die ausserordentliche Generalversammlung am 12. Januar 2024 abgehalten - Leclanch\u00e9","description":"Ad-hoc-Mitteilung gem\u00e4ss Art. 53 KR\u00a0 \u00a0 Lex Bentner wurde zum Verwaltungsratspr\u00e4sidenten gew\u00e4hlt\u00a0\u00a0 Alexander Rhea bleibt Verwaltungsratsmitglied\u00a0 Lex","robots":{"index":"index","follow":"follow","max-snippet":"max-snippet:-1","max-image-preview":"max-image-preview:large","max-video-preview":"max-video-preview:-1"},"canonical":"https:\/\/www.leclanche.com\/de\/leclanche-hat-die-ausserordentliche-generalversammlung-am-12-januar-2024-abgehalten\/","og_locale":"de_DE","og_type":"article","og_title":"Leclanch\u00e9 hat die ausserordentliche Generalversammlung am 12. Januar 2024 abgehalten - Leclanch\u00e9","og_description":"Ad-hoc-Mitteilung gem\u00e4ss Art. 53 KR\u00a0 \u00a0 Lex Bentner wurde zum Verwaltungsratspr\u00e4sidenten gew\u00e4hlt\u00a0\u00a0 Alexander Rhea bleibt Verwaltungsratsmitglied\u00a0 Lex","og_url":"https:\/\/www.leclanche.com\/de\/leclanche-hat-die-ausserordentliche-generalversammlung-am-12-januar-2024-abgehalten\/","og_site_name":"Leclanch\u00e9","article_published_time":"2024-01-12T17:00:39+00:00","author":"Anais Moutarlier","twitter_card":"summary_large_image","twitter_misc":{"Verfasst von":"Anais Moutarlier","Gesch\u00e4tzte Lesezeit":"5\u00a0Minuten"},"schema":{"@context":"https:\/\/schema.org","@graph":[{"@type":"WebPage","@id":"https:\/\/www.leclanche.com\/de\/leclanche-hat-die-ausserordentliche-generalversammlung-am-12-januar-2024-abgehalten\/","url":"https:\/\/www.leclanche.com\/de\/leclanche-hat-die-ausserordentliche-generalversammlung-am-12-januar-2024-abgehalten\/","name":"Leclanch\u00e9 hat die ausserordentliche Generalversammlung am 12. Januar 2024 abgehalten - Leclanch\u00e9","isPartOf":{"@id":"https:\/\/www.leclanche.com\/de\/#website"},"datePublished":"2024-01-12T17:00:39+00:00","author":{"@id":"https:\/\/www.leclanche.com\/de\/#\/schema\/person\/0e28e50bc497552a2780bbd7360ab445"},"description":"Ad-hoc-Mitteilung gem\u00e4ss Art. 53 KR\u00a0 \u00a0 Lex Bentner wurde zum Verwaltungsratspr\u00e4sidenten gew\u00e4hlt\u00a0\u00a0 Alexander Rhea bleibt Verwaltungsratsmitglied\u00a0 Lex","breadcrumb":{"@id":"https:\/\/www.leclanche.com\/de\/leclanche-hat-die-ausserordentliche-generalversammlung-am-12-januar-2024-abgehalten\/#breadcrumb"},"inLanguage":"de","potentialAction":[{"@type":"ReadAction","target":["https:\/\/www.leclanche.com\/de\/leclanche-hat-die-ausserordentliche-generalversammlung-am-12-januar-2024-abgehalten\/"]}]},{"@type":"BreadcrumbList","@id":"https:\/\/www.leclanche.com\/de\/leclanche-hat-die-ausserordentliche-generalversammlung-am-12-januar-2024-abgehalten\/#breadcrumb","itemListElement":[{"@type":"ListItem","position":1,"name":"Accueil","item":"https:\/\/www.leclanche.com\/de\/"},{"@type":"ListItem","position":2,"name":"Leclanch\u00e9 hat die ausserordentliche Generalversammlung am 12. Januar 2024 abgehalten"}]},{"@type":"WebSite","@id":"https:\/\/www.leclanche.com\/de\/#website","url":"https:\/\/www.leclanche.com\/de\/","name":"Leclanch\u00e9","description":"Energy Storage Solutions","potentialAction":[{"@type":"SearchAction","target":{"@type":"EntryPoint","urlTemplate":"https:\/\/www.leclanche.com\/de\/?s={search_term_string}"},"query-input":{"@type":"PropertyValueSpecification","valueRequired":true,"valueName":"search_term_string"}}],"inLanguage":"de"},{"@type":"Person","@id":"https:\/\/www.leclanche.com\/de\/#\/schema\/person\/0e28e50bc497552a2780bbd7360ab445","name":"Anais Moutarlier","image":{"@type":"ImageObject","inLanguage":"de","@id":"https:\/\/www.leclanche.com\/de\/#\/schema\/person\/image\/","url":"https:\/\/secure.gravatar.com\/avatar\/bf8dd36f26e6057175ac650b8afab73c98825317cc60d0936fa1b96f20af138c?s=96&d=mm&r=g","contentUrl":"https:\/\/secure.gravatar.com\/avatar\/bf8dd36f26e6057175ac650b8afab73c98825317cc60d0936fa1b96f20af138c?s=96&d=mm&r=g","caption":"Anais Moutarlier"},"url":"https:\/\/www.leclanche.com\/de\/author\/anais-moutarlier\/"}]}},"_links":{"self":[{"href":"https:\/\/www.leclanche.com\/de\/wp-json\/wp\/v2\/posts\/13434","targetHints":{"allow":["GET"]}}],"collection":[{"href":"https:\/\/www.leclanche.com\/de\/wp-json\/wp\/v2\/posts"}],"about":[{"href":"https:\/\/www.leclanche.com\/de\/wp-json\/wp\/v2\/types\/post"}],"author":[{"embeddable":true,"href":"https:\/\/www.leclanche.com\/de\/wp-json\/wp\/v2\/users\/10"}],"replies":[{"embeddable":true,"href":"https:\/\/www.leclanche.com\/de\/wp-json\/wp\/v2\/comments?post=13434"}],"version-history":[{"count":0,"href":"https:\/\/www.leclanche.com\/de\/wp-json\/wp\/v2\/posts\/13434\/revisions"}],"wp:attachment":[{"href":"https:\/\/www.leclanche.com\/de\/wp-json\/wp\/v2\/media?parent=13434"}],"wp:term":[{"taxonomy":"category","embeddable":true,"href":"https:\/\/www.leclanche.com\/de\/wp-json\/wp\/v2\/categories?post=13434"},{"taxonomy":"post_tag","embeddable":true,"href":"https:\/\/www.leclanche.com\/de\/wp-json\/wp\/v2\/tags?post=13434"}],"curies":[{"name":"wp","href":"https:\/\/api.w.org\/{rel}","templated":true}]}}