{"id":15068,"date":"2025-08-05T18:31:25","date_gmt":"2025-08-05T16:31:25","guid":{"rendered":"https:\/\/www.leclanche.com\/?p=15068"},"modified":"2025-08-05T18:38:45","modified_gmt":"2025-08-05T16:38:45","slug":"leclanche-sa-haelt-seine-ordentliche-generalversammlung-2025-ab","status":"publish","type":"post","link":"https:\/\/www.leclanche.com\/de\/leclanche-sa-haelt-seine-ordentliche-generalversammlung-2025-ab\/","title":{"rendered":"Leclanch\u00e9 SA h\u00e4lt seine ordentliche Generalversammlung 2025 ab"},"content":{"rendered":"<p><em>Ad-hoc-Mitteilung gem\u00e4\u00df Art. 53 KR<\/em><\/p>\n<p>&nbsp;<\/p>\n<ul>\n<li><em>Die Aktion\u00e4re haben der Umwandlung von Verbindlichkeiten in H\u00f6he von CHF\u00a017.7 Millionen in Aktien der Gesellschaft zugestimmt. Diese Umwandlung erh\u00f6ht die Kapitalreserven der Gesellschaft erheblich, st\u00e4rkt ihre Bilanz und unterstreicht ihr Engagement f\u00fcr nachhaltiges Wachstum und Marktf\u00fchrerschaft.<\/em><\/li>\n<li><em>Die Aktion\u00e4re haben zus\u00e4tzlich einer Erh\u00f6hung des bedingten Kapitals und der Einf\u00fchrung eines Kapitalbandes zugestimmt.<\/em><\/li>\n<\/ul>\n<p><strong>YVERDON-LES-BAINS, Schweiz, 5. August 2025 &#8211; <\/strong><a href=\"https:\/\/www.leclanche.com\/de\/\">Leclanch\u00e9 SA<\/a>, eines der weltweit f\u00fchrenden Unternehmen f\u00fcr Energiespeicherung, gibt die Beschl\u00fcsse der Aktion\u00e4re der Gesellschaft zu den Antr\u00e4gen des Verwaltungsrats an der ordentlichen Generalversammlung (&#8222;<strong>GV<\/strong>&#8222;) 2025 bekannt, die heute im Hotel La Prairie, 9 Avenue des Bains, 1400 Yverdon-les-Bains, Schweiz, stattgefunden hat.<\/p>\n<p>Die Aktion\u00e4re haben dem Antrag des Verwaltungsrats zugestimmt, die bestehenden Verbindlichkeiten gegen\u00fcber Strategic Equity Fund \u2013 Renewable Energy in H\u00f6he von CHF\u00a017&#8217;700&#8217;000.00 durch eine ordentliche Kapitalerh\u00f6hung in Eigenkapital umzuwandeln. Diese Umstrukturierung zielt darauf ab, die Bilanz von Leclanch\u00e9 zu st\u00e4rken und die Kapitalbasis zu erh\u00f6hen, um die Gesellschaft strategisch so zu positionieren, dass sie die Chancen im wachstumsstarken Bereich der Elektromobilit\u00e4t nutzen kann.<\/p>\n<p>Der Antrag des Verwaltungsrates, das Aktienkapital der Gesellschaft durch eine ordentliche Kapitalerh\u00f6hung in der H\u00f6he von CHF\u00a011&#8217;287&#8217;676.20 von CHF\u00a0102&#8217;542&#8217;298.40 auf CHF\u00a0113&#8217;829&#8217;974.60 zu erh\u00f6hen, wurde angenommen.<\/p>\n<p>Die drei bisherigen Mitglieder des Verwaltungsrates, Herr Lex Bentner, Herr Marc Lepi\u00e8ce und Herr Christophe Manset wurden wiedergew\u00e4hlt. Zudem wurden Herr Jean-Michel Pacaud und Herr Rapha\u00ebl Houillon als zus\u00e4tzliche Mitglieder in den Verwaltungsrat gew\u00e4hlt. Herr Lex Bentner wurde ausserdem als Pr\u00e4sident des Verwaltungsrates wiedergew\u00e4hlt. Die Mitglieder des Ernennungs- und Verg\u00fctungsausschusses, Herr Lex Bentner, Herr Christophe Manset und Herr Marc Lepi\u00e8ce wurden ebenfalls wiedergew\u00e4hlt.<\/p>\n<p>Zus\u00e4tzlich haben die Aktion\u00e4re einer Erh\u00f6hung des bedingten Kapitals gem\u00e4ss Art.\u00a03quinquies und Art.\u00a03ter der Statuten zugestimmt und ein Kapitalband verabschiedet. Die Erh\u00f6hung des bedingten Kapitals und die Verabschiedung des Kapitalbandes geben dem Verwaltungsrat weitere Flexibilit\u00e4t.<\/p>\n<p>Die Aktion\u00e4re haben alle \u00fcbrigen Antr\u00e4ge des Verwaltungsrates genehmigt, einschliesslich den maximalen Gesamtbetrag der Verg\u00fctung der Gesch\u00e4ftsleitung von CHF\u00a02&#8217;350&#8217;000.00 f\u00fcr das Gesch\u00e4ftsjahr 2026 und die \u00c4nderung des Firmennamens von LECLANCHE SA in Leclanch\u00e9 SA (Leclanch\u00e9 AG) (Leclanch\u00e9 Ltd).<\/p>\n<p>\u201e<em>Wir freuen uns \u00fcber die Ergebnisse unserer Generalversammlung 2025 und die Unterst\u00fctzung durch unsere Aktion\u00e4re, die alle Traktanden, einschliesslich die Kapitalerh\u00f6hung, genehmigt haben. Die Zustimmung zur Umwandlung von Verbindlichkeiten in H\u00f6he von CHF 17.7 Millionen in Eigenkapital ist ein entscheidender Schritt zur St\u00e4rkung unserer Bilanz und positioniert uns gut f\u00fcr zuk\u00fcnftiges Wachstum&#8220;, <\/em><strong>sagte Lex Bentner, Pr\u00e4sident des Verwaltungsrats, Leclanch\u00e9 SA.<\/strong><\/p>\n<p># # #<\/p>\n<p>&nbsp;<\/p>\n<p><strong>\u00dcber Leclanch\u00e9<\/strong><\/p>\n<p><em>Leclanch\u00e9 ist ein weltweit f\u00fchrender Anbieter von kohlenstoffarmen Energiespeicherl\u00f6sungen auf Basis der Lithium-Ionen-Zellentechnologie. Leclanch\u00e9 wurde 1909 in Yverdon-les-Bains, Schweiz, gegr\u00fcndet. Die Geschichte und das Erbe von Leclanch\u00e9 sind in der Innovation von Batterien und Energiespeichern verwurzelt. Die schweizerische Kultur der Pr\u00e4zision und Qualit\u00e4t sowie die Produktionsst\u00e4tten in Deutschland machen Leclanch\u00e9 zum bevorzugten Partner f\u00fcr Unternehmen, die nach der besten Batterieleistung suchen und Pionierarbeit f\u00fcr positive Ver\u00e4nderungen in der Art und Weise leisten, wie Energie weltweit erzeugt, verteilt und verbraucht wird. Leclanch\u00e9 ist in drei Gesch\u00e4ftsbereiche gegliedert: Energiespeicherl\u00f6sungen, E-Mobility-L\u00f6sungen und Spezialbatteriesysteme. Das Unternehmen besch\u00e4ftigt derzeit \u00fcber 350 Mitarbeiter und verf\u00fcgt \u00fcber Repr\u00e4sentanzen in acht L\u00e4ndern weltweit. Leclanch\u00e9 ist an der Schweizer B\u00f6rse notiert (SIX: LECN). SIX Swiss Exchange : ticker symbol LECN | ISIN CH 011 030 311 9<\/em><\/p>\n<p><strong>\u00a0<\/strong><\/p>\n<p><strong>Haftungsausschluss <\/strong><\/p>\n<p>Diese Pressemitteilung enth\u00e4lt bestimmte in die Zukunft gerichtete Aussagen \u00fcber die Aktivit\u00e4ten von Leclanch\u00e9, die durch Begriffe wie \u201estrategisch\u201c, \u201evorgeschlagen\u201c, \u201eeingef\u00fchrt\u201c, \u201ewird\u201c, \u201egeplant\u201c, \u201eerwartet\u201c, \u201eVerpflichtung\u201c, \u201eerwarten\u201c, \u201eprognostizieren\u201c, \u201eetabliert\u201c, \u201evorbereiten\u201c, \u201eplanen\u201c, \u201esch\u00e4tzen\u201c, \u201eZiele\u201c, \u201ew\u00fcrden\u201c, \u201epotenziell\u201c und \u201eerwarten\u201c gekennzeichnet sein k\u00f6nnen, \u201eSch\u00e4tzung\u201c, \u201eAngebot\u201c oder \u00e4hnliche Ausdr\u00fccke oder durch ausdr\u00fcckliche oder implizite Diskussionen \u00fcber den Hochlauf der Produktionskapazit\u00e4ten von Leclanch\u00e9, m\u00f6gliche Anwendungen bestehender Produkte oder potenzielle zuk\u00fcnftige Einnahmen aus solchen Produkten oder potenzielle zuk\u00fcnftige Verk\u00e4ufe oder Gewinne von Leclanch\u00e9 oder einer seiner Gesch\u00e4ftseinheiten. Sie sollten sich nicht zu sehr auf diese Aussagen verlassen. Diese zukunftsgerichteten Aussagen spiegeln die aktuellen Ansichten von Leclanch\u00e9 \u00fcber zuk\u00fcnftige Ereignisse wider und beinhalten bekannte und unbekannte Risiken, Unsicherheiten und andere Faktoren, die dazu f\u00fchren k\u00f6nnen, dass die tats\u00e4chlichen Ergebnisse wesentlich von den zuk\u00fcnftigen Ergebnissen, Leistungen oder Errungenschaften abweichen, die in diesen Aussagen ausdr\u00fccklich oder implizit zum Ausdruck kommen. Es gibt keine Garantie daf\u00fcr, dass die Produkte von Leclanch\u00e9 ein bestimmtes Umsatzniveau erreichen. Es gibt auch keine Garantie daf\u00fcr, dass Leclanch\u00e9 oder eine seiner Gesch\u00e4ftseinheiten bestimmte finanzielle Ergebnisse erzielen wird.<\/p>\n<p>&nbsp;<\/p>\n<p><strong>Medienkontakte:<\/strong><\/p>\n<p>&nbsp;<\/p>\n<p><strong><em>Schweiz \/ Europa: <\/em><\/strong><\/p>\n<p>Thierry Meyer<\/p>\n<p>T: +41 (0) 79\u00a0785 35 81<\/p>\n<p>E-Mail: <a href=\"mailto:tme@dynamicsgoup.ch\">tme@dynamicsgroup.ch<\/a><\/p>\n<p>&nbsp;<\/p>\n<p><strong><em>Deutschland:<\/em><\/strong><\/p>\n<p>Christoph Miller<\/p>\n<p>T: +49 (0) 711 947 670<\/p>\n<p>E-Mail: <a href=\"mailto:leclanche@sympra.de\">leclanche@sympra.de<\/a><\/p>\n<p>&nbsp;<\/p>\n<p><strong>Ansprechpartner f\u00fcr Investoren:<\/strong><\/p>\n<p>Hubert Angleys \/ Pierre Blanc<\/p>\n<p>T: +41 (0) 24 424 65 00<\/p>\n<p>E-Mail: <a href=\"mailto:invest.leclanche@leclanche.com\">invest.leclanche@leclanche.com<\/a><\/p>\n<p>&nbsp;<\/p>\n<p>&nbsp;<\/p>\n","protected":false},"excerpt":{"rendered":"<p>Ad-hoc-Mitteilung gem\u00e4\u00df Art. 53 KR &nbsp; Die Aktion\u00e4re haben der Umwandlung von Verbindlichkeiten in H\u00f6he von CHF\u00a017.7 Millionen in Aktien der Gesellschaft zugestimmt. Diese Umwandlung erh\u00f6ht die Kapitalreserven der Gesellschaft erheblich, st\u00e4rkt ihre Bilanz und unterstreicht ihr Engagement f\u00fcr nachhaltiges Wachstum und Marktf\u00fchrerschaft. Die Aktion\u00e4re haben zus\u00e4tzlich einer Erh\u00f6hung des bedingten Kapitals und der Einf\u00fchrung [&hellip;]<\/p>\n","protected":false},"author":2,"featured_media":0,"comment_status":"open","ping_status":"open","sticky":false,"template":"","format":"standard","meta":{"footnotes":""},"categories":[107],"tags":[],"class_list":["post-15068","post","type-post","status-publish","format-standard","hentry","category-ad-hoc-mitteilung"],"yoast_head":"<!-- This site is optimized with the Yoast SEO plugin v26.4 - https:\/\/yoast.com\/wordpress\/plugins\/seo\/ -->\n<title>Leclanch\u00e9 SA h\u00e4lt seine ordentliche Generalversammlung 2025 ab - Leclanch\u00e9<\/title>\n<meta name=\"description\" content=\"Ad-hoc-Mitteilung gem\u00e4\u00df Art. 53 KR &nbsp; Die Aktion\u00e4re haben der Umwandlung von Verbindlichkeiten in H\u00f6he von CHF\u00a017.7 Millionen in Aktien der\" \/>\n<meta name=\"robots\" content=\"index, follow, max-snippet:-1, max-image-preview:large, max-video-preview:-1\" \/>\n<link rel=\"canonical\" href=\"https:\/\/www.leclanche.com\/de\/leclanche-sa-haelt-seine-ordentliche-generalversammlung-2025-ab\/\" \/>\n<meta property=\"og:locale\" content=\"de_DE\" \/>\n<meta property=\"og:type\" content=\"article\" \/>\n<meta property=\"og:title\" content=\"Leclanch\u00e9 SA h\u00e4lt seine ordentliche Generalversammlung 2025 ab - Leclanch\u00e9\" \/>\n<meta property=\"og:description\" content=\"Ad-hoc-Mitteilung gem\u00e4\u00df Art. 53 KR &nbsp; Die Aktion\u00e4re haben der Umwandlung von Verbindlichkeiten in H\u00f6he von CHF\u00a017.7 Millionen in Aktien der\" \/>\n<meta property=\"og:url\" content=\"https:\/\/www.leclanche.com\/de\/leclanche-sa-haelt-seine-ordentliche-generalversammlung-2025-ab\/\" \/>\n<meta property=\"og:site_name\" content=\"Leclanch\u00e9\" \/>\n<meta property=\"article:published_time\" content=\"2025-08-05T16:31:25+00:00\" \/>\n<meta property=\"article:modified_time\" content=\"2025-08-05T16:38:45+00:00\" \/>\n<meta name=\"author\" content=\"Annick.Bid\" \/>\n<meta name=\"twitter:card\" content=\"summary_large_image\" \/>\n<meta name=\"twitter:label1\" content=\"Verfasst von\" \/>\n\t<meta name=\"twitter:data1\" content=\"Annick.Bid\" \/>\n\t<meta name=\"twitter:label2\" content=\"Gesch\u00e4tzte Lesezeit\" \/>\n\t<meta name=\"twitter:data2\" content=\"4\u00a0Minuten\" \/>\n<script type=\"application\/ld+json\" class=\"yoast-schema-graph\">{\"@context\":\"https:\/\/schema.org\",\"@graph\":[{\"@type\":\"WebPage\",\"@id\":\"https:\/\/www.leclanche.com\/de\/leclanche-sa-haelt-seine-ordentliche-generalversammlung-2025-ab\/\",\"url\":\"https:\/\/www.leclanche.com\/de\/leclanche-sa-haelt-seine-ordentliche-generalversammlung-2025-ab\/\",\"name\":\"Leclanch\u00e9 SA h\u00e4lt seine ordentliche Generalversammlung 2025 ab - Leclanch\u00e9\",\"isPartOf\":{\"@id\":\"https:\/\/www.leclanche.com\/de\/#website\"},\"datePublished\":\"2025-08-05T16:31:25+00:00\",\"dateModified\":\"2025-08-05T16:38:45+00:00\",\"author\":{\"@id\":\"https:\/\/www.leclanche.com\/de\/#\/schema\/person\/7ef725388a3f2b409a32cfa92059aa64\"},\"description\":\"Ad-hoc-Mitteilung gem\u00e4\u00df Art. 53 KR &nbsp; Die Aktion\u00e4re haben der Umwandlung von Verbindlichkeiten in H\u00f6he von CHF\u00a017.7 Millionen in Aktien der\",\"breadcrumb\":{\"@id\":\"https:\/\/www.leclanche.com\/de\/leclanche-sa-haelt-seine-ordentliche-generalversammlung-2025-ab\/#breadcrumb\"},\"inLanguage\":\"de\",\"potentialAction\":[{\"@type\":\"ReadAction\",\"target\":[\"https:\/\/www.leclanche.com\/de\/leclanche-sa-haelt-seine-ordentliche-generalversammlung-2025-ab\/\"]}]},{\"@type\":\"BreadcrumbList\",\"@id\":\"https:\/\/www.leclanche.com\/de\/leclanche-sa-haelt-seine-ordentliche-generalversammlung-2025-ab\/#breadcrumb\",\"itemListElement\":[{\"@type\":\"ListItem\",\"position\":1,\"name\":\"Accueil\",\"item\":\"https:\/\/www.leclanche.com\/de\/\"},{\"@type\":\"ListItem\",\"position\":2,\"name\":\"Leclanch\u00e9 SA h\u00e4lt seine ordentliche Generalversammlung 2025 ab\"}]},{\"@type\":\"WebSite\",\"@id\":\"https:\/\/www.leclanche.com\/de\/#website\",\"url\":\"https:\/\/www.leclanche.com\/de\/\",\"name\":\"Leclanch\u00e9\",\"description\":\"Energy Storage Solutions\",\"potentialAction\":[{\"@type\":\"SearchAction\",\"target\":{\"@type\":\"EntryPoint\",\"urlTemplate\":\"https:\/\/www.leclanche.com\/de\/?s={search_term_string}\"},\"query-input\":{\"@type\":\"PropertyValueSpecification\",\"valueRequired\":true,\"valueName\":\"search_term_string\"}}],\"inLanguage\":\"de\"},{\"@type\":\"Person\",\"@id\":\"https:\/\/www.leclanche.com\/de\/#\/schema\/person\/7ef725388a3f2b409a32cfa92059aa64\",\"name\":\"Annick.Bid\",\"image\":{\"@type\":\"ImageObject\",\"inLanguage\":\"de\",\"@id\":\"https:\/\/www.leclanche.com\/de\/#\/schema\/person\/image\/\",\"url\":\"https:\/\/secure.gravatar.com\/avatar\/0fe6baaabc318280db3d0e10c43b8017aa89b961c16e819765bd4fb65396af34?s=96&d=mm&r=g\",\"contentUrl\":\"https:\/\/secure.gravatar.com\/avatar\/0fe6baaabc318280db3d0e10c43b8017aa89b961c16e819765bd4fb65396af34?s=96&d=mm&r=g\",\"caption\":\"Annick.Bid\"},\"url\":\"https:\/\/www.leclanche.com\/de\/author\/annick-bid\/\"}]}<\/script>\n<!-- \/ Yoast SEO plugin. -->","yoast_head_json":{"title":"Leclanch\u00e9 SA h\u00e4lt seine ordentliche Generalversammlung 2025 ab - Leclanch\u00e9","description":"Ad-hoc-Mitteilung gem\u00e4\u00df Art. 53 KR &nbsp; Die Aktion\u00e4re haben der Umwandlung von Verbindlichkeiten in H\u00f6he von CHF\u00a017.7 Millionen in Aktien der","robots":{"index":"index","follow":"follow","max-snippet":"max-snippet:-1","max-image-preview":"max-image-preview:large","max-video-preview":"max-video-preview:-1"},"canonical":"https:\/\/www.leclanche.com\/de\/leclanche-sa-haelt-seine-ordentliche-generalversammlung-2025-ab\/","og_locale":"de_DE","og_type":"article","og_title":"Leclanch\u00e9 SA h\u00e4lt seine ordentliche Generalversammlung 2025 ab - Leclanch\u00e9","og_description":"Ad-hoc-Mitteilung gem\u00e4\u00df Art. 53 KR &nbsp; Die Aktion\u00e4re haben der Umwandlung von Verbindlichkeiten in H\u00f6he von CHF\u00a017.7 Millionen in Aktien der","og_url":"https:\/\/www.leclanche.com\/de\/leclanche-sa-haelt-seine-ordentliche-generalversammlung-2025-ab\/","og_site_name":"Leclanch\u00e9","article_published_time":"2025-08-05T16:31:25+00:00","article_modified_time":"2025-08-05T16:38:45+00:00","author":"Annick.Bid","twitter_card":"summary_large_image","twitter_misc":{"Verfasst von":"Annick.Bid","Gesch\u00e4tzte Lesezeit":"4\u00a0Minuten"},"schema":{"@context":"https:\/\/schema.org","@graph":[{"@type":"WebPage","@id":"https:\/\/www.leclanche.com\/de\/leclanche-sa-haelt-seine-ordentliche-generalversammlung-2025-ab\/","url":"https:\/\/www.leclanche.com\/de\/leclanche-sa-haelt-seine-ordentliche-generalversammlung-2025-ab\/","name":"Leclanch\u00e9 SA h\u00e4lt seine ordentliche Generalversammlung 2025 ab - Leclanch\u00e9","isPartOf":{"@id":"https:\/\/www.leclanche.com\/de\/#website"},"datePublished":"2025-08-05T16:31:25+00:00","dateModified":"2025-08-05T16:38:45+00:00","author":{"@id":"https:\/\/www.leclanche.com\/de\/#\/schema\/person\/7ef725388a3f2b409a32cfa92059aa64"},"description":"Ad-hoc-Mitteilung gem\u00e4\u00df Art. 53 KR &nbsp; Die Aktion\u00e4re haben der Umwandlung von Verbindlichkeiten in H\u00f6he von CHF\u00a017.7 Millionen in Aktien der","breadcrumb":{"@id":"https:\/\/www.leclanche.com\/de\/leclanche-sa-haelt-seine-ordentliche-generalversammlung-2025-ab\/#breadcrumb"},"inLanguage":"de","potentialAction":[{"@type":"ReadAction","target":["https:\/\/www.leclanche.com\/de\/leclanche-sa-haelt-seine-ordentliche-generalversammlung-2025-ab\/"]}]},{"@type":"BreadcrumbList","@id":"https:\/\/www.leclanche.com\/de\/leclanche-sa-haelt-seine-ordentliche-generalversammlung-2025-ab\/#breadcrumb","itemListElement":[{"@type":"ListItem","position":1,"name":"Accueil","item":"https:\/\/www.leclanche.com\/de\/"},{"@type":"ListItem","position":2,"name":"Leclanch\u00e9 SA h\u00e4lt seine ordentliche Generalversammlung 2025 ab"}]},{"@type":"WebSite","@id":"https:\/\/www.leclanche.com\/de\/#website","url":"https:\/\/www.leclanche.com\/de\/","name":"Leclanch\u00e9","description":"Energy Storage Solutions","potentialAction":[{"@type":"SearchAction","target":{"@type":"EntryPoint","urlTemplate":"https:\/\/www.leclanche.com\/de\/?s={search_term_string}"},"query-input":{"@type":"PropertyValueSpecification","valueRequired":true,"valueName":"search_term_string"}}],"inLanguage":"de"},{"@type":"Person","@id":"https:\/\/www.leclanche.com\/de\/#\/schema\/person\/7ef725388a3f2b409a32cfa92059aa64","name":"Annick.Bid","image":{"@type":"ImageObject","inLanguage":"de","@id":"https:\/\/www.leclanche.com\/de\/#\/schema\/person\/image\/","url":"https:\/\/secure.gravatar.com\/avatar\/0fe6baaabc318280db3d0e10c43b8017aa89b961c16e819765bd4fb65396af34?s=96&d=mm&r=g","contentUrl":"https:\/\/secure.gravatar.com\/avatar\/0fe6baaabc318280db3d0e10c43b8017aa89b961c16e819765bd4fb65396af34?s=96&d=mm&r=g","caption":"Annick.Bid"},"url":"https:\/\/www.leclanche.com\/de\/author\/annick-bid\/"}]}},"_links":{"self":[{"href":"https:\/\/www.leclanche.com\/de\/wp-json\/wp\/v2\/posts\/15068","targetHints":{"allow":["GET"]}}],"collection":[{"href":"https:\/\/www.leclanche.com\/de\/wp-json\/wp\/v2\/posts"}],"about":[{"href":"https:\/\/www.leclanche.com\/de\/wp-json\/wp\/v2\/types\/post"}],"author":[{"embeddable":true,"href":"https:\/\/www.leclanche.com\/de\/wp-json\/wp\/v2\/users\/2"}],"replies":[{"embeddable":true,"href":"https:\/\/www.leclanche.com\/de\/wp-json\/wp\/v2\/comments?post=15068"}],"version-history":[{"count":2,"href":"https:\/\/www.leclanche.com\/de\/wp-json\/wp\/v2\/posts\/15068\/revisions"}],"predecessor-version":[{"id":15086,"href":"https:\/\/www.leclanche.com\/de\/wp-json\/wp\/v2\/posts\/15068\/revisions\/15086"}],"wp:attachment":[{"href":"https:\/\/www.leclanche.com\/de\/wp-json\/wp\/v2\/media?parent=15068"}],"wp:term":[{"taxonomy":"category","embeddable":true,"href":"https:\/\/www.leclanche.com\/de\/wp-json\/wp\/v2\/categories?post=15068"},{"taxonomy":"post_tag","embeddable":true,"href":"https:\/\/www.leclanche.com\/de\/wp-json\/wp\/v2\/tags?post=15068"}],"curies":[{"name":"wp","href":"https:\/\/api.w.org\/{rel}","templated":true}]}}