{"id":15263,"date":"2025-11-26T19:15:17","date_gmt":"2025-11-26T18:15:17","guid":{"rendered":"https:\/\/www.leclanche.com\/?p=15263"},"modified":"2025-11-27T08:14:15","modified_gmt":"2025-11-27T07:14:15","slug":"leclanche-meldet-zwischenfall-an-modulfertigungslinie-keine-verletzten-und-gebaeude-unbeschaedigt","status":"publish","type":"post","link":"https:\/\/www.leclanche.com\/de\/leclanche-meldet-zwischenfall-an-modulfertigungslinie-keine-verletzten-und-gebaeude-unbeschaedigt\/","title":{"rendered":"Leclanch\u00e9 meldet Zwischenfall an Modulfertigungslinie \u2013 keine Verletzten und Geb\u00e4ude unbesch\u00e4digt"},"content":{"rendered":"<p><strong>YVERDON-LES-BAINS, Schweiz, 26. November 2025 \u2013 <\/strong><a href=\"https:\/\/www.leclanche.com\/de\">Leclanch\u00e9 SA (<\/a>SIX:LECN), eines der weltweit f\u00fchrenden Unternehmen im Bereich Energiespeicherung, teilt mit, dass sich am Abend des 25. November 2025 w\u00e4hrend der Endkontrolle in seiner Modulmontagelinie in Yverdon-les-Bains ein Zwischenfall ereignet hat. Der Vorfall f\u00fchrte zu einem Brand, von dem ein einzelnes Batteriemodul betroffen war.<\/p>\n<p>Es wurden keine Mitarbeiter oder Auftragnehmer verletzt, und das Geb\u00e4ude wurde nicht besch\u00e4digt. Die \u00f6rtliche Feuerwehr reagierte schnell und f\u00fchrte einen reibungslosen Einsatz durch, bei dem der Rauch beseitigt und das verbrannte Modul gesichert wurde. Der Schaden an den Komponenten der Montagelinie wird derzeit begutachtet, um die Produktion so schnell wie m\u00f6glich wieder aufnehmen zu k\u00f6nnen. Der Rest der Produktion ist davon nicht betroffen.<\/p>\n<p>Das Unternehmen untersucht den Vorfall gemeinsam mit den zust\u00e4ndigen Beh\u00f6rden und wird weitere Informationen bekannt geben, sobald neue wesentliche Erkenntnisse vorliegen.<\/p>\n<p>&nbsp;<\/p>\n<p># # #<\/p>\n<p>&nbsp;<\/p>\n<p><strong>\u00dcber Leclanch\u00e9<\/strong><\/p>\n<p>Leclanch\u00e9 ist ein weltweit f\u00fchrender Anbieter von kohlenstoffarmen Energiespeicherl\u00f6sungen auf Basis der Lithium-Ionen-Zellentechnologie. Leclanch\u00e9 wurde 1909 in Yverdon-les-Bains, Schweiz, gegr\u00fcndet. Die Geschichte und das Erbe von Leclanch\u00e9 sind in der Innovation von Batterien und Energiespeichern verwurzelt. Die schweizerische Kultur der Pr\u00e4zision und Qualit\u00e4t sowie die Produktionsst\u00e4tten in Deutschland machen Leclanch\u00e9 zum bevorzugten Partner f\u00fcr Unternehmen, die nach der besten Batterieleistung suchen und Pionierarbeit f\u00fcr positive Ver\u00e4nderungen in der Art und Weise leisten, wie Energie weltweit erzeugt, verteilt und verbraucht wird. Leclanch\u00e9 ist in drei Gesch\u00e4ftsbereiche gegliedert: Energiespeicherl\u00f6sungen, E-Mobility-L\u00f6sungen und Spezialbatteriesysteme. Das Unternehmen besch\u00e4ftigt derzeit \u00fcber 350 Mitarbeiter und verf\u00fcgt \u00fcber Repr\u00e4sentanzen in acht L\u00e4ndern weltweit. Leclanch\u00e9 ist an der Schweizer B\u00f6rse notiert (SIX: LECN). SIX Swiss Exchange : ticker symbol LECN | ISIN CH 011 030 311 9<\/p>\n<p>&nbsp;<\/p>\n<p><strong>Haftungsausschluss <\/strong><\/p>\n<p>Diese Pressemitteilung enth\u00e4lt bestimmte in die Zukunft gerichtete Aussagen \u00fcber die Aktivit\u00e4ten von Leclanch\u00e9, die durch Begriffe wie \u201estrategisch\u201c, \u201evorgeschlagen\u201c, \u201eeingef\u00fchrt\u201c, \u201ewird\u201c, \u201egeplant\u201c, \u201eerwartet\u201c, \u201eVerpflichtung\u201c, \u201eerwarten\u201c, \u201eprognostizieren\u201c, \u201eetabliert\u201c, \u201evorbereiten\u201c, \u201eplanen\u201c, \u201esch\u00e4tzen\u201c, \u201eZiele\u201c, \u201ew\u00fcrden\u201c, \u201epotenziell\u201c und \u201eerwarten\u201c gekennzeichnet sein k\u00f6nnen, \u201eSch\u00e4tzung\u201c, \u201eAngebot\u201c oder \u00e4hnliche Ausdr\u00fccke oder durch ausdr\u00fcckliche oder implizite Diskussionen \u00fcber den Hochlauf der Produktionskapazit\u00e4ten von Leclanch\u00e9, m\u00f6gliche Anwendungen bestehender Produkte oder potenzielle zuk\u00fcnftige Einnahmen aus solchen Produkten oder potenzielle zuk\u00fcnftige Verk\u00e4ufe oder Gewinne von Leclanch\u00e9 oder einer seiner Gesch\u00e4ftseinheiten. Sie sollten sich nicht zu sehr auf diese Aussagen verlassen. Diese zukunftsgerichteten Aussagen spiegeln die aktuellen Ansichten von Leclanch\u00e9 \u00fcber zuk\u00fcnftige Ereignisse wider und beinhalten bekannte und unbekannte Risiken, Unsicherheiten und andere Faktoren, die dazu f\u00fchrenk\u00f6nnen, dass die tats\u00e4chlichen Ergebnisse wesentlich von den zuk\u00fcnftigen Ergebnissen, Leistungen oder Errungenschaften abweichen, die in diesen Aussagen ausdr\u00fccklich oder implizit zum Ausdruck kommen. Es gibt keine Garantie daf\u00fcr, dass die Produkte von Leclanch\u00e9 ein bestimmtes Umsatzniveau erreichen. Es gibt auch keine Garantie daf\u00fcr, dass Leclanch\u00e9 oder eine seiner Gesch\u00e4ftseinheiten bestimmte finanzielle Ergebnisse erzielen wird.<\/p>\n<p>&nbsp;<\/p>\n<p><strong>Medienkontakte:<\/strong><\/p>\n<p>&nbsp;<\/p>\n<p><strong><em>Schweiz \/ Europa: <\/em><\/strong><\/p>\n<p>Thierry Meyer<\/p>\n<p>T: +41 (0) 79\u00a0785 35 81<\/p>\n<p>E-Mail: <a href=\"mailto:tme@dynamicsgoup.ch\">tme@dynamicsgroup.ch<\/a><\/p>\n<p>&nbsp;<\/p>\n<p><strong><em>Deutschland:<\/em><\/strong><\/p>\n<p>Christoph Miller<\/p>\n<p>T: +49 (0) 711 947 670<\/p>\n<p>E-Mail: <a href=\"mailto:leclanche@sympra.de\">leclanche@sympra.de<\/a><\/p>\n<p>&nbsp;<\/p>\n<p><strong>Ansprechpartner f\u00fcr Investoren:<\/strong><\/p>\n<p>Hubert Angleys \/ Pierre Blanc<\/p>\n<p>T: +41 (0) 24 424 65 00<\/p>\n<p>E-Mail: <a href=\"mailto:invest.leclanche@leclanche.com\">invest.leclanche@leclanche.com<\/a><\/p>\n<p>&nbsp;<\/p>\n<p>&nbsp;<\/p>\n","protected":false},"excerpt":{"rendered":"<p>YVERDON-LES-BAINS, Schweiz, 26. November 2025 \u2013 Leclanch\u00e9 SA (SIX:LECN), eines der weltweit f\u00fchrenden Unternehmen im Bereich Energiespeicherung, teilt mit, dass sich am Abend des 25. November 2025 w\u00e4hrend der Endkontrolle in seiner Modulmontagelinie in Yverdon-les-Bains ein Zwischenfall ereignet hat. Der Vorfall f\u00fchrte zu einem Brand, von dem ein einzelnes Batteriemodul betroffen war. Es wurden keine [&hellip;]<\/p>\n","protected":false},"author":2,"featured_media":0,"comment_status":"open","ping_status":"open","sticky":false,"template":"","format":"standard","meta":{"footnotes":""},"categories":[109],"tags":[],"class_list":["post-15263","post","type-post","status-publish","format-standard","hentry","category-weitere-pressemitteilungen"],"yoast_head":"<!-- This site is optimized with the Yoast SEO plugin v26.4 - https:\/\/yoast.com\/wordpress\/plugins\/seo\/ -->\n<title>Leclanch\u00e9 meldet Zwischenfall an Modulfertigungslinie \u2013 keine Verletzten und Geb\u00e4ude unbesch\u00e4digt - Leclanch\u00e9<\/title>\n<meta name=\"description\" content=\"YVERDON-LES-BAINS, Schweiz, 26. November 2025 \u2013 Leclanch\u00e9 SA (SIX:LECN), eines der weltweit f\u00fchrenden Unternehmen im Bereich Energiespeicherung, teilt\" \/>\n<meta name=\"robots\" content=\"index, follow, max-snippet:-1, max-image-preview:large, max-video-preview:-1\" \/>\n<link rel=\"canonical\" href=\"https:\/\/www.leclanche.com\/de\/leclanche-meldet-zwischenfall-an-modulfertigungslinie-keine-verletzten-und-gebaeude-unbeschaedigt\/\" \/>\n<meta property=\"og:locale\" content=\"de_DE\" \/>\n<meta property=\"og:type\" content=\"article\" \/>\n<meta property=\"og:title\" content=\"Leclanch\u00e9 meldet Zwischenfall an Modulfertigungslinie \u2013 keine Verletzten und Geb\u00e4ude unbesch\u00e4digt - Leclanch\u00e9\" \/>\n<meta property=\"og:description\" content=\"YVERDON-LES-BAINS, Schweiz, 26. November 2025 \u2013 Leclanch\u00e9 SA (SIX:LECN), eines der weltweit f\u00fchrenden Unternehmen im Bereich Energiespeicherung, teilt\" \/>\n<meta property=\"og:url\" content=\"https:\/\/www.leclanche.com\/de\/leclanche-meldet-zwischenfall-an-modulfertigungslinie-keine-verletzten-und-gebaeude-unbeschaedigt\/\" \/>\n<meta property=\"og:site_name\" content=\"Leclanch\u00e9\" \/>\n<meta property=\"article:published_time\" content=\"2025-11-26T18:15:17+00:00\" \/>\n<meta property=\"article:modified_time\" content=\"2025-11-27T07:14:15+00:00\" \/>\n<meta name=\"author\" content=\"Annick.Bid\" \/>\n<meta name=\"twitter:card\" content=\"summary_large_image\" \/>\n<meta name=\"twitter:label1\" content=\"Verfasst von\" \/>\n\t<meta name=\"twitter:data1\" content=\"Annick.Bid\" \/>\n\t<meta name=\"twitter:label2\" content=\"Gesch\u00e4tzte Lesezeit\" \/>\n\t<meta name=\"twitter:data2\" content=\"3\u00a0Minuten\" \/>\n<script type=\"application\/ld+json\" class=\"yoast-schema-graph\">{\"@context\":\"https:\/\/schema.org\",\"@graph\":[{\"@type\":\"WebPage\",\"@id\":\"https:\/\/www.leclanche.com\/de\/leclanche-meldet-zwischenfall-an-modulfertigungslinie-keine-verletzten-und-gebaeude-unbeschaedigt\/\",\"url\":\"https:\/\/www.leclanche.com\/de\/leclanche-meldet-zwischenfall-an-modulfertigungslinie-keine-verletzten-und-gebaeude-unbeschaedigt\/\",\"name\":\"Leclanch\u00e9 meldet Zwischenfall an Modulfertigungslinie \u2013 keine Verletzten und Geb\u00e4ude unbesch\u00e4digt - Leclanch\u00e9\",\"isPartOf\":{\"@id\":\"https:\/\/www.leclanche.com\/de\/#website\"},\"datePublished\":\"2025-11-26T18:15:17+00:00\",\"dateModified\":\"2025-11-27T07:14:15+00:00\",\"author\":{\"@id\":\"https:\/\/www.leclanche.com\/de\/#\/schema\/person\/7ef725388a3f2b409a32cfa92059aa64\"},\"description\":\"YVERDON-LES-BAINS, Schweiz, 26. November 2025 \u2013 Leclanch\u00e9 SA (SIX:LECN), eines der weltweit f\u00fchrenden Unternehmen im Bereich Energiespeicherung, teilt\",\"breadcrumb\":{\"@id\":\"https:\/\/www.leclanche.com\/de\/leclanche-meldet-zwischenfall-an-modulfertigungslinie-keine-verletzten-und-gebaeude-unbeschaedigt\/#breadcrumb\"},\"inLanguage\":\"de\",\"potentialAction\":[{\"@type\":\"ReadAction\",\"target\":[\"https:\/\/www.leclanche.com\/de\/leclanche-meldet-zwischenfall-an-modulfertigungslinie-keine-verletzten-und-gebaeude-unbeschaedigt\/\"]}]},{\"@type\":\"BreadcrumbList\",\"@id\":\"https:\/\/www.leclanche.com\/de\/leclanche-meldet-zwischenfall-an-modulfertigungslinie-keine-verletzten-und-gebaeude-unbeschaedigt\/#breadcrumb\",\"itemListElement\":[{\"@type\":\"ListItem\",\"position\":1,\"name\":\"Accueil\",\"item\":\"https:\/\/www.leclanche.com\/de\/\"},{\"@type\":\"ListItem\",\"position\":2,\"name\":\"Leclanch\u00e9 meldet Zwischenfall an Modulfertigungslinie \u2013 keine Verletzten und Geb\u00e4ude unbesch\u00e4digt\"}]},{\"@type\":\"WebSite\",\"@id\":\"https:\/\/www.leclanche.com\/de\/#website\",\"url\":\"https:\/\/www.leclanche.com\/de\/\",\"name\":\"Leclanch\u00e9\",\"description\":\"Energy Storage Solutions\",\"potentialAction\":[{\"@type\":\"SearchAction\",\"target\":{\"@type\":\"EntryPoint\",\"urlTemplate\":\"https:\/\/www.leclanche.com\/de\/?s={search_term_string}\"},\"query-input\":{\"@type\":\"PropertyValueSpecification\",\"valueRequired\":true,\"valueName\":\"search_term_string\"}}],\"inLanguage\":\"de\"},{\"@type\":\"Person\",\"@id\":\"https:\/\/www.leclanche.com\/de\/#\/schema\/person\/7ef725388a3f2b409a32cfa92059aa64\",\"name\":\"Annick.Bid\",\"image\":{\"@type\":\"ImageObject\",\"inLanguage\":\"de\",\"@id\":\"https:\/\/www.leclanche.com\/de\/#\/schema\/person\/image\/\",\"url\":\"https:\/\/secure.gravatar.com\/avatar\/0fe6baaabc318280db3d0e10c43b8017aa89b961c16e819765bd4fb65396af34?s=96&d=mm&r=g\",\"contentUrl\":\"https:\/\/secure.gravatar.com\/avatar\/0fe6baaabc318280db3d0e10c43b8017aa89b961c16e819765bd4fb65396af34?s=96&d=mm&r=g\",\"caption\":\"Annick.Bid\"},\"url\":\"https:\/\/www.leclanche.com\/de\/author\/annick-bid\/\"}]}<\/script>\n<!-- \/ Yoast SEO plugin. -->","yoast_head_json":{"title":"Leclanch\u00e9 meldet Zwischenfall an Modulfertigungslinie \u2013 keine Verletzten und Geb\u00e4ude unbesch\u00e4digt - Leclanch\u00e9","description":"YVERDON-LES-BAINS, Schweiz, 26. November 2025 \u2013 Leclanch\u00e9 SA (SIX:LECN), eines der weltweit f\u00fchrenden Unternehmen im Bereich Energiespeicherung, teilt","robots":{"index":"index","follow":"follow","max-snippet":"max-snippet:-1","max-image-preview":"max-image-preview:large","max-video-preview":"max-video-preview:-1"},"canonical":"https:\/\/www.leclanche.com\/de\/leclanche-meldet-zwischenfall-an-modulfertigungslinie-keine-verletzten-und-gebaeude-unbeschaedigt\/","og_locale":"de_DE","og_type":"article","og_title":"Leclanch\u00e9 meldet Zwischenfall an Modulfertigungslinie \u2013 keine Verletzten und Geb\u00e4ude unbesch\u00e4digt - Leclanch\u00e9","og_description":"YVERDON-LES-BAINS, Schweiz, 26. November 2025 \u2013 Leclanch\u00e9 SA (SIX:LECN), eines der weltweit f\u00fchrenden Unternehmen im Bereich Energiespeicherung, teilt","og_url":"https:\/\/www.leclanche.com\/de\/leclanche-meldet-zwischenfall-an-modulfertigungslinie-keine-verletzten-und-gebaeude-unbeschaedigt\/","og_site_name":"Leclanch\u00e9","article_published_time":"2025-11-26T18:15:17+00:00","article_modified_time":"2025-11-27T07:14:15+00:00","author":"Annick.Bid","twitter_card":"summary_large_image","twitter_misc":{"Verfasst von":"Annick.Bid","Gesch\u00e4tzte Lesezeit":"3\u00a0Minuten"},"schema":{"@context":"https:\/\/schema.org","@graph":[{"@type":"WebPage","@id":"https:\/\/www.leclanche.com\/de\/leclanche-meldet-zwischenfall-an-modulfertigungslinie-keine-verletzten-und-gebaeude-unbeschaedigt\/","url":"https:\/\/www.leclanche.com\/de\/leclanche-meldet-zwischenfall-an-modulfertigungslinie-keine-verletzten-und-gebaeude-unbeschaedigt\/","name":"Leclanch\u00e9 meldet Zwischenfall an Modulfertigungslinie \u2013 keine Verletzten und Geb\u00e4ude unbesch\u00e4digt - Leclanch\u00e9","isPartOf":{"@id":"https:\/\/www.leclanche.com\/de\/#website"},"datePublished":"2025-11-26T18:15:17+00:00","dateModified":"2025-11-27T07:14:15+00:00","author":{"@id":"https:\/\/www.leclanche.com\/de\/#\/schema\/person\/7ef725388a3f2b409a32cfa92059aa64"},"description":"YVERDON-LES-BAINS, Schweiz, 26. November 2025 \u2013 Leclanch\u00e9 SA (SIX:LECN), eines der weltweit f\u00fchrenden Unternehmen im Bereich Energiespeicherung, teilt","breadcrumb":{"@id":"https:\/\/www.leclanche.com\/de\/leclanche-meldet-zwischenfall-an-modulfertigungslinie-keine-verletzten-und-gebaeude-unbeschaedigt\/#breadcrumb"},"inLanguage":"de","potentialAction":[{"@type":"ReadAction","target":["https:\/\/www.leclanche.com\/de\/leclanche-meldet-zwischenfall-an-modulfertigungslinie-keine-verletzten-und-gebaeude-unbeschaedigt\/"]}]},{"@type":"BreadcrumbList","@id":"https:\/\/www.leclanche.com\/de\/leclanche-meldet-zwischenfall-an-modulfertigungslinie-keine-verletzten-und-gebaeude-unbeschaedigt\/#breadcrumb","itemListElement":[{"@type":"ListItem","position":1,"name":"Accueil","item":"https:\/\/www.leclanche.com\/de\/"},{"@type":"ListItem","position":2,"name":"Leclanch\u00e9 meldet Zwischenfall an Modulfertigungslinie \u2013 keine Verletzten und Geb\u00e4ude unbesch\u00e4digt"}]},{"@type":"WebSite","@id":"https:\/\/www.leclanche.com\/de\/#website","url":"https:\/\/www.leclanche.com\/de\/","name":"Leclanch\u00e9","description":"Energy Storage Solutions","potentialAction":[{"@type":"SearchAction","target":{"@type":"EntryPoint","urlTemplate":"https:\/\/www.leclanche.com\/de\/?s={search_term_string}"},"query-input":{"@type":"PropertyValueSpecification","valueRequired":true,"valueName":"search_term_string"}}],"inLanguage":"de"},{"@type":"Person","@id":"https:\/\/www.leclanche.com\/de\/#\/schema\/person\/7ef725388a3f2b409a32cfa92059aa64","name":"Annick.Bid","image":{"@type":"ImageObject","inLanguage":"de","@id":"https:\/\/www.leclanche.com\/de\/#\/schema\/person\/image\/","url":"https:\/\/secure.gravatar.com\/avatar\/0fe6baaabc318280db3d0e10c43b8017aa89b961c16e819765bd4fb65396af34?s=96&d=mm&r=g","contentUrl":"https:\/\/secure.gravatar.com\/avatar\/0fe6baaabc318280db3d0e10c43b8017aa89b961c16e819765bd4fb65396af34?s=96&d=mm&r=g","caption":"Annick.Bid"},"url":"https:\/\/www.leclanche.com\/de\/author\/annick-bid\/"}]}},"_links":{"self":[{"href":"https:\/\/www.leclanche.com\/de\/wp-json\/wp\/v2\/posts\/15263","targetHints":{"allow":["GET"]}}],"collection":[{"href":"https:\/\/www.leclanche.com\/de\/wp-json\/wp\/v2\/posts"}],"about":[{"href":"https:\/\/www.leclanche.com\/de\/wp-json\/wp\/v2\/types\/post"}],"author":[{"embeddable":true,"href":"https:\/\/www.leclanche.com\/de\/wp-json\/wp\/v2\/users\/2"}],"replies":[{"embeddable":true,"href":"https:\/\/www.leclanche.com\/de\/wp-json\/wp\/v2\/comments?post=15263"}],"version-history":[{"count":4,"href":"https:\/\/www.leclanche.com\/de\/wp-json\/wp\/v2\/posts\/15263\/revisions"}],"predecessor-version":[{"id":15268,"href":"https:\/\/www.leclanche.com\/de\/wp-json\/wp\/v2\/posts\/15263\/revisions\/15268"}],"wp:attachment":[{"href":"https:\/\/www.leclanche.com\/de\/wp-json\/wp\/v2\/media?parent=15263"}],"wp:term":[{"taxonomy":"category","embeddable":true,"href":"https:\/\/www.leclanche.com\/de\/wp-json\/wp\/v2\/categories?post=15263"},{"taxonomy":"post_tag","embeddable":true,"href":"https:\/\/www.leclanche.com\/de\/wp-json\/wp\/v2\/tags?post=15263"}],"curies":[{"name":"wp","href":"https:\/\/api.w.org\/{rel}","templated":true}]}}