{"id":15555,"date":"2026-04-30T06:50:02","date_gmt":"2026-04-30T04:50:02","guid":{"rendered":"https:\/\/www.leclanche.com\/?p=15555"},"modified":"2026-04-30T06:50:02","modified_gmt":"2026-04-30T04:50:02","slug":"leclanche-sa-gibt-die-verlaengerung-der-frist-zur-veroeffentlichung-des-geschaeftsberichts-2025-bekannt-und-veroeffentlicht-ungepruefte-kennzahlen-fuer-2025","status":"publish","type":"post","link":"https:\/\/www.leclanche.com\/de\/leclanche-sa-gibt-die-verlaengerung-der-frist-zur-veroeffentlichung-des-geschaeftsberichts-2025-bekannt-und-veroeffentlicht-ungepruefte-kennzahlen-fuer-2025\/","title":{"rendered":"Leclanch\u00e9 SA gibt die Verl\u00e4ngerung der Frist zur Ver\u00f6ffentlichung des Gesch\u00e4ftsberichts 2025 bekannt und ver\u00f6ffentlicht ungepr\u00fcfte Kennzahlen f\u00fcr 2025"},"content":{"rendered":"<p><em>Ad-hoc-Mitteilung gem\u00e4\u00df Art. 53 KR<\/em><\/p>\n<p><strong>YVERDON-LES-BAINS, Schweiz, 30. April, 2026 &#8211; <\/strong>Mit Entscheid vom 29. April 2026 hat die SIX Exchange Regulation AG eine Verl\u00e4ngerung der Frist zur Ver\u00f6ffentlichung des Gesch\u00e4ftsberichts 2025 der <a href=\"https:\/\/www.leclanche.com\/de\/\">Leclanch\u00e9 SA<\/a> (SIX: LECN) (<strong>\u00abLeclanch\u00e9\u00bb<\/strong> oder die <strong>\u00abGesellschaft\u00bb<\/strong>) bis zum 31. Mai 2026 genehmigt.<\/p>\n<p>Leclanch\u00e9 sah sich bei der Fertigstellung des Gesch\u00e4ftsberichts 2025 mit mehreren Herausforderungen konfrontiert, insbesondere:<\/p>\n<ul>\n<li>Nach dem Ausscheiden des bisherigen Chief Financial Officer per 30. November 2025 wurde die Finanzabteilung der Gesellschaft bis Ende M\u00e4rz 2026 durch ein renommiertes Wirtschaftspr\u00fcfungsunternehmen unterst\u00fctzt. Mit Wirkung zum 1. M\u00e4rz 2026 wurde Jens Emrich zum Chief Financial Officer ernannt. Diese \u00dcbergangsphase erfolgte in einem finanziell anspruchsvollen Umfeld und erforderte zus\u00e4tzliche Zeit, um eine umfassende \u00dcbergabe sowie die ordnungsgem\u00e4sse Konsolidierung und \u00dcberpr\u00fcfung der Finanzinformationen im Rahmen des Jahresabschlussprozesses sicherzustellen.<\/li>\n<\/ul>\n<p>&nbsp;<\/p>\n<ul>\n<li>Dar\u00fcber hinaus setzt die Gesellschaft derzeit die Umwandlung eines Teils ihrer ausstehenden Verbindlichkeiten in Eigenkapital um, wie dies von ihren Abschlusspr\u00fcfern vor der Finalisierung der Jahresrechnung 2025 verlangt wurde. Aufgrund der Vielzahl der beteiligten Parteien konnte diese Umwandlung nicht innerhalb des urspr\u00fcnglich vorgesehenen Zeitplans abgeschlossen werden; der Abschluss wird jedoch in K\u00fcrze erwartet. Die Fertigstellung dieser Debt-to-Equity-Umwandlung \u2013 neben weiteren Faktoren \u2013 f\u00fchrte ebenfalls zu einer Verz\u00f6gerung im Abschlussprozess sowohl der konsolidierten Abschl\u00fcsse als auch der Jahresabschl\u00fcsse der Tochtergesellschaften.<\/li>\n<\/ul>\n<p>Die Gesellschaft arbeitet weiterhin gemeinsam mit ihren Abschlusspr\u00fcfern und dem Verwaltungsrat an der Finalisierung der noch offenen Punkte und ist zuversichtlich, den Gesch\u00e4ftsbericht 2025 bis sp\u00e4testens 31. Mai 2026 ver\u00f6ffentlichen zu k\u00f6nnen.<\/p>\n<p>Leclanch\u00e9 ver\u00f6ffentlicht zudem ihre ungepr\u00fcften wichtigsten Finanzkennzahlen f\u00fcr das Gesch\u00e4ftsjahr 2025: Im Jahr 2025 belief sich der konsolidierte Umsatz auf CHF 23,1 Millionen, wovon CHF 22,4 Millionen auf Kundenums\u00e4tze entfielen, was einem Anstieg von CHF 5,0 Millionen bzw. rund 29 % gegen\u00fcber dem Vorjahr entspricht.<\/p>\n<p>Die Gesellschaft verzeichnete ein ungepr\u00fcftes EBIT von CHF (65,3) Millionen und ein EBITDA von CHF (57,7) Millionen, was zu einem ungepr\u00fcften Jahresverlust von CHF (72,9) Millionen f\u00fchrte. Auf konsolidierter Basis wurde das Jahresergebnis wesentlich durch eine einmalige Wertminderung in H\u00f6he von CHF 7,6 Millionen im Zusammenhang mit dem Projekt St. Kitts beeinflusst.<\/p>\n<p>Per 31. Dezember 2025 belief sich die Bilanzsumme auf CHF 92,1 Millionen gegen\u00fcber CHF 108,9 Millionen im Vorjahr. Das Eigenkapital betrug CHF (16,9) Millionen.<\/p>\n<p>Mit Entscheid vom 29. April 2026 hat die SIX Exchange Regulation AG Leclanch\u00e9 verpflichtet, den folgenden Auszug in die vorliegende Ad-hoc-Mitteilung aufzunehmen:<\/p>\n<ol start=\"31\">\n<li><em>Die vor\u00fcbergehende Befreiung von der Ver\u00f6ffentlichung des Gesch\u00e4ftsberichts 2025 sowie dessen Einreichung bei der SIX Exchange Regulation AG bis sp\u00e4testens 31. Mai 2026 wird unter folgendem Vorbehalt (lit. a) und unter folgenden Bedingungen (lit. b) gew\u00e4hrt:<\/em><\/li>\n<li><em> Die SIX Exchange Regulation AG wird den Handel mit den Namenaktien der Leclanch\u00e9 SA gem\u00e4ss Art. 57 des Kotierungsreglements [KR] in der Regel kurzfristig aussetzen, falls der Gesch\u00e4ftsbericht 2025 nicht gem\u00e4ss den Vorschriften zur Ad-hoc-Publizit\u00e4t (Art. 53 KR in Verbindung mit der Richtlinie betreffend Ad-hoc-Publizit\u00e4t [DAH]) ver\u00f6ffentlicht und nicht bis sp\u00e4testens Sonntag, 31. Mai 2026, 23:59 Uhr CET, bei der SIX Exchange Regulation AG eingereicht wird.<\/em><\/li>\n<li><em> Leclanch\u00e9 SA ist verpflichtet, bis sp\u00e4testens Donnerstag, 30. April 2026, 07:30 Uhr CET, eine Mitteilung gem\u00e4ss den Vorschriften zur Ad-hoc-Publizit\u00e4t \u00fcber diesen Entscheid zu ver\u00f6ffentlichen. Diese Mitteilung muss enthalten:<\/em><\/li>\n<\/ol>\n<ul>\n<li><em>die unver\u00e4nderte Wiedergabe von Ziffer I dieses Entscheids an prominenter Stelle;<\/em><\/li>\n<\/ul>\n<p><em>\u00a0<\/em><\/p>\n<ul>\n<li><em>die Gr\u00fcnde f\u00fcr das Gesuch der Emittentin um Fristerstreckung zur Ver\u00f6ffentlichung des Gesch\u00e4ftsberichts 2025 und dessen Einreichung bei der SIX Exchange Regulation AG;<\/em><\/li>\n<\/ul>\n<p><em>\u00a0<\/em><\/p>\n<ul>\n<li><em>die ungepr\u00fcften Kennzahlen, die die Emittentin \u00fcblicherweise ver\u00f6ffentlicht, insbesondere Nettoumsatz, EBITDA, EBIT, Jahresgewinn\/-verlust, Bilanzsumme sowie Eigenkapital im Zusammenhang mit dem Jahresergebnis 2025.<\/em><\/li>\n<\/ul>\n<p>F\u00fcr weitere Informationen wenden Sie sich bitte an <a href=\"mailto:info@leclanche.com\">info@leclanche.com<\/a> oder besuchen Sie <a href=\"www.leclanche.com\">www.leclanche.com<\/a>.<\/p>\n<p>&nbsp;<\/p>\n<p># # #<\/p>\n<p><strong>\u00a0<\/strong><\/p>\n<p>&nbsp;<\/p>\n<p>&nbsp;<\/p>\n<p><strong>\u00dcber Leclanch\u00e9<\/strong><\/p>\n<p><em>Leclanch\u00e9 ist ein weltweit f\u00fchrender Anbieter von kohlenstoffarmen Energiespeicherl\u00f6sungen auf Basis der Lithium-Ionen-Zellentechnologie. Leclanch\u00e9 wurde 1909 in Yverdon-les-Bains, Schweiz, gegr\u00fcndet. Die Geschichte und das Erbe von Leclanch\u00e9 sind in der Innovation von Batterien und Energiespeichern verwurzelt. Die schweizerische Kultur der Pr\u00e4zision und Qualit\u00e4t sowie die Produktionsst\u00e4tten in Deutschland machen Leclanch\u00e9 zum bevorzugten Partner f\u00fcr Unternehmen, die nach der besten Batterieleistung suchen und Pionierarbeit f\u00fcr positive Ver\u00e4nderungen in der Art und Weise leisten, wie Energie weltweit erzeugt, verteilt und verbraucht wird. Leclanch\u00e9 ist in drei Gesch\u00e4ftsbereiche gegliedert: Energiespeicherl\u00f6sungen, E-Mobility-L\u00f6sungen und Spezialbatteriesysteme. Das Unternehmen besch\u00e4ftigt derzeit \u00fcber 350 Mitarbeiter und verf\u00fcgt \u00fcber Repr\u00e4sentanzen in acht L\u00e4ndern weltweit. Leclanch\u00e9 ist an der Schweizer B\u00f6rse notiert (SIX: LECN). SIX Swiss Exchange : ticker symbol LECN | ISIN CH 011 030 311 9<\/em><\/p>\n<p>&nbsp;<\/p>\n<p><strong>Haftungsausschluss <\/strong><\/p>\n<p>Diese Pressemitteilung enth\u00e4lt bestimmte in die Zukunft gerichtete Aussagen \u00fcber die Aktivit\u00e4ten von Leclanch\u00e9, die durch Begriffe wie \u201estrategisch\u201c, \u201evorgeschlagen\u201c, \u201eeingef\u00fchrt\u201c, \u201ewird\u201c, \u201egeplant\u201c, \u201eerwartet\u201c, \u201eVerpflichtung\u201c, \u201eerwarten\u201c, \u201eprognostizieren\u201c, \u201eetabliert\u201c, \u201evorbereiten\u201c, \u201eplanen\u201c, \u201esch\u00e4tzen\u201c, \u201eZiele\u201c, \u201ew\u00fcrden\u201c, \u201epotenziell\u201c und \u201eerwarten\u201c gekennzeichnet sein k\u00f6nnen, \u201eSch\u00e4tzung\u201c, \u201eAngebot\u201c oder \u00e4hnliche Ausdr\u00fccke oder durch ausdr\u00fcckliche oder implizite Diskussionen \u00fcber den Hochlauf der Produktionskapazit\u00e4ten von Leclanch\u00e9, m\u00f6gliche Anwendungen bestehender Produkte oder potenzielle zuk\u00fcnftige Einnahmen aus solchen Produkten oder potenzielle zuk\u00fcnftige Verk\u00e4ufe oder Gewinne von Leclanch\u00e9 oder einer seiner Gesch\u00e4ftseinheiten. Sie sollten sich nicht zu sehr auf diese Aussagen verlassen. Diese zukunftsgerichteten Aussagen spiegeln die aktuellen Ansichten von Leclanch\u00e9 \u00fcber zuk\u00fcnftige Ereignisse wider und beinhalten bekannte und unbekannte Risiken, Unsicherheiten und andere Faktoren, die dazu f\u00fchrenk\u00f6nnen, dass die tats\u00e4chlichen Ergebnisse wesentlich von den zuk\u00fcnftigen Ergebnissen, Leistungen oder Errungenschaften abweichen, die in diesen Aussagen ausdr\u00fccklich oder implizit zum Ausdruck kommen. Es gibt keine Garantie daf\u00fcr, dass die Produkte von Leclanch\u00e9 ein bestimmtes Umsatzniveau erreichen. Es gibt auch keine Garantie daf\u00fcr, dass Leclanch\u00e9 oder eine seiner Gesch\u00e4ftseinheiten bestimmte finanzielle Ergebnisse erzielen wird.<\/p>\n<p>&nbsp;<\/p>\n<p><strong>Medienkontakte:<\/strong><\/p>\n<table>\n<tbody>\n<tr>\n<td width=\"297\"><strong><em>Schweiz \/ Europa: <\/em><\/strong><\/p>\n<p>Thierry Meyer<\/p>\n<p>T: +41 (0) 79\u00a0785 35 81<\/p>\n<p>E-Mail: <a href=\"mailto:tme@dynamicsgoup.ch\">tme@dynamicsgroup.ch<\/a><\/p>\n<p>&nbsp;<\/td>\n<td width=\"294\"><strong><em>Deutschland:<\/em><\/strong><\/p>\n<p>Christoph Miller<\/p>\n<p>T: +49 (0) 711 947 670<\/p>\n<p>E-Mail: <a href=\"mailto:leclanche@sympra.de\">leclanche@sympra.de<\/a><\/td>\n<\/tr>\n<tr>\n<td width=\"297\"><strong>Ansprechpartner f\u00fcr Investoren:<\/strong><\/p>\n<p>Pierre Blanc<\/p>\n<p>T: +41 (0) 24 424 65 00<\/p>\n<p>E-Mail: <a href=\"mailto:invest.leclanche@leclanche.com\">invest.leclanche@leclanche.com<\/a><\/td>\n<td width=\"294\">&nbsp;<\/td>\n<\/tr>\n<\/tbody>\n<\/table>\n<p>&nbsp;<\/p>\n","protected":false},"excerpt":{"rendered":"<p>Ad-hoc-Mitteilung gem\u00e4\u00df Art. 53 KR YVERDON-LES-BAINS, Schweiz, 30. April, 2026 &#8211; Mit Entscheid vom 29. April 2026 hat die SIX Exchange Regulation AG eine Verl\u00e4ngerung der Frist zur Ver\u00f6ffentlichung des Gesch\u00e4ftsberichts 2025 der Leclanch\u00e9 SA (SIX: LECN) (\u00abLeclanch\u00e9\u00bb oder die \u00abGesellschaft\u00bb) bis zum 31. Mai 2026 genehmigt. Leclanch\u00e9 sah sich bei der Fertigstellung des Gesch\u00e4ftsberichts [&hellip;]<\/p>\n","protected":false},"author":2,"featured_media":0,"comment_status":"open","ping_status":"open","sticky":false,"template":"","format":"standard","meta":{"footnotes":""},"categories":[107],"tags":[],"class_list":["post-15555","post","type-post","status-publish","format-standard","hentry","category-ad-hoc-mitteilung"],"yoast_head":"<!-- This site is optimized with the Yoast SEO plugin v26.4 - https:\/\/yoast.com\/wordpress\/plugins\/seo\/ -->\n<title>Leclanch\u00e9 SA gibt die Verl\u00e4ngerung der Frist zur Ver\u00f6ffentlichung des Gesch\u00e4ftsberichts 2025 bekannt und ver\u00f6ffentlicht ungepr\u00fcfte Kennzahlen f\u00fcr 2025 - Leclanch\u00e9<\/title>\n<meta name=\"description\" content=\"Ad-hoc-Mitteilung gem\u00e4\u00df Art. 53 KR YVERDON-LES-BAINS, Schweiz, 30. April, 2026 - Mit Entscheid vom 29. April 2026 hat die SIX Exchange Regulation AG eine\" \/>\n<meta name=\"robots\" content=\"index, follow, max-snippet:-1, max-image-preview:large, max-video-preview:-1\" \/>\n<link rel=\"canonical\" href=\"https:\/\/www.leclanche.com\/de\/leclanche-sa-gibt-die-verlaengerung-der-frist-zur-veroeffentlichung-des-geschaeftsberichts-2025-bekannt-und-veroeffentlicht-ungepruefte-kennzahlen-fuer-2025\/\" \/>\n<meta property=\"og:locale\" content=\"de_DE\" \/>\n<meta property=\"og:type\" content=\"article\" \/>\n<meta property=\"og:title\" content=\"Leclanch\u00e9 SA gibt die Verl\u00e4ngerung der Frist zur Ver\u00f6ffentlichung des Gesch\u00e4ftsberichts 2025 bekannt und ver\u00f6ffentlicht ungepr\u00fcfte Kennzahlen f\u00fcr 2025 - Leclanch\u00e9\" \/>\n<meta property=\"og:description\" content=\"Ad-hoc-Mitteilung gem\u00e4\u00df Art. 53 KR YVERDON-LES-BAINS, Schweiz, 30. April, 2026 - Mit Entscheid vom 29. April 2026 hat die SIX Exchange Regulation AG eine\" \/>\n<meta property=\"og:url\" content=\"https:\/\/www.leclanche.com\/de\/leclanche-sa-gibt-die-verlaengerung-der-frist-zur-veroeffentlichung-des-geschaeftsberichts-2025-bekannt-und-veroeffentlicht-ungepruefte-kennzahlen-fuer-2025\/\" \/>\n<meta property=\"og:site_name\" content=\"Leclanch\u00e9\" \/>\n<meta property=\"article:published_time\" content=\"2026-04-30T04:50:02+00:00\" \/>\n<meta name=\"author\" content=\"Annick.Bid\" \/>\n<meta name=\"twitter:card\" content=\"summary_large_image\" \/>\n<meta name=\"twitter:label1\" content=\"Verfasst von\" \/>\n\t<meta name=\"twitter:data1\" content=\"Annick.Bid\" \/>\n\t<meta name=\"twitter:label2\" content=\"Gesch\u00e4tzte Lesezeit\" \/>\n\t<meta name=\"twitter:data2\" content=\"5\u00a0Minuten\" \/>\n<script type=\"application\/ld+json\" class=\"yoast-schema-graph\">{\"@context\":\"https:\/\/schema.org\",\"@graph\":[{\"@type\":\"WebPage\",\"@id\":\"https:\/\/www.leclanche.com\/de\/leclanche-sa-gibt-die-verlaengerung-der-frist-zur-veroeffentlichung-des-geschaeftsberichts-2025-bekannt-und-veroeffentlicht-ungepruefte-kennzahlen-fuer-2025\/\",\"url\":\"https:\/\/www.leclanche.com\/de\/leclanche-sa-gibt-die-verlaengerung-der-frist-zur-veroeffentlichung-des-geschaeftsberichts-2025-bekannt-und-veroeffentlicht-ungepruefte-kennzahlen-fuer-2025\/\",\"name\":\"Leclanch\u00e9 SA gibt die Verl\u00e4ngerung der Frist zur Ver\u00f6ffentlichung des Gesch\u00e4ftsberichts 2025 bekannt und ver\u00f6ffentlicht ungepr\u00fcfte Kennzahlen f\u00fcr 2025 - Leclanch\u00e9\",\"isPartOf\":{\"@id\":\"https:\/\/www.leclanche.com\/de\/#website\"},\"datePublished\":\"2026-04-30T04:50:02+00:00\",\"author\":{\"@id\":\"https:\/\/www.leclanche.com\/de\/#\/schema\/person\/7ef725388a3f2b409a32cfa92059aa64\"},\"description\":\"Ad-hoc-Mitteilung gem\u00e4\u00df Art. 53 KR YVERDON-LES-BAINS, Schweiz, 30. April, 2026 - Mit Entscheid vom 29. April 2026 hat die SIX Exchange Regulation AG eine\",\"breadcrumb\":{\"@id\":\"https:\/\/www.leclanche.com\/de\/leclanche-sa-gibt-die-verlaengerung-der-frist-zur-veroeffentlichung-des-geschaeftsberichts-2025-bekannt-und-veroeffentlicht-ungepruefte-kennzahlen-fuer-2025\/#breadcrumb\"},\"inLanguage\":\"de\",\"potentialAction\":[{\"@type\":\"ReadAction\",\"target\":[\"https:\/\/www.leclanche.com\/de\/leclanche-sa-gibt-die-verlaengerung-der-frist-zur-veroeffentlichung-des-geschaeftsberichts-2025-bekannt-und-veroeffentlicht-ungepruefte-kennzahlen-fuer-2025\/\"]}]},{\"@type\":\"BreadcrumbList\",\"@id\":\"https:\/\/www.leclanche.com\/de\/leclanche-sa-gibt-die-verlaengerung-der-frist-zur-veroeffentlichung-des-geschaeftsberichts-2025-bekannt-und-veroeffentlicht-ungepruefte-kennzahlen-fuer-2025\/#breadcrumb\",\"itemListElement\":[{\"@type\":\"ListItem\",\"position\":1,\"name\":\"Accueil\",\"item\":\"https:\/\/www.leclanche.com\/de\/\"},{\"@type\":\"ListItem\",\"position\":2,\"name\":\"Leclanch\u00e9 SA gibt die Verl\u00e4ngerung der Frist zur Ver\u00f6ffentlichung des Gesch\u00e4ftsberichts 2025 bekannt und ver\u00f6ffentlicht ungepr\u00fcfte Kennzahlen f\u00fcr 2025\"}]},{\"@type\":\"WebSite\",\"@id\":\"https:\/\/www.leclanche.com\/de\/#website\",\"url\":\"https:\/\/www.leclanche.com\/de\/\",\"name\":\"Leclanch\u00e9\",\"description\":\"Energy Storage Solutions\",\"potentialAction\":[{\"@type\":\"SearchAction\",\"target\":{\"@type\":\"EntryPoint\",\"urlTemplate\":\"https:\/\/www.leclanche.com\/de\/?s={search_term_string}\"},\"query-input\":{\"@type\":\"PropertyValueSpecification\",\"valueRequired\":true,\"valueName\":\"search_term_string\"}}],\"inLanguage\":\"de\"},{\"@type\":\"Person\",\"@id\":\"https:\/\/www.leclanche.com\/de\/#\/schema\/person\/7ef725388a3f2b409a32cfa92059aa64\",\"name\":\"Annick.Bid\",\"image\":{\"@type\":\"ImageObject\",\"inLanguage\":\"de\",\"@id\":\"https:\/\/www.leclanche.com\/de\/#\/schema\/person\/image\/\",\"url\":\"https:\/\/secure.gravatar.com\/avatar\/0fe6baaabc318280db3d0e10c43b8017aa89b961c16e819765bd4fb65396af34?s=96&d=mm&r=g\",\"contentUrl\":\"https:\/\/secure.gravatar.com\/avatar\/0fe6baaabc318280db3d0e10c43b8017aa89b961c16e819765bd4fb65396af34?s=96&d=mm&r=g\",\"caption\":\"Annick.Bid\"},\"url\":\"https:\/\/www.leclanche.com\/de\/author\/annick-bid\/\"}]}<\/script>\n<!-- \/ Yoast SEO plugin. -->","yoast_head_json":{"title":"Leclanch\u00e9 SA gibt die Verl\u00e4ngerung der Frist zur Ver\u00f6ffentlichung des Gesch\u00e4ftsberichts 2025 bekannt und ver\u00f6ffentlicht ungepr\u00fcfte Kennzahlen f\u00fcr 2025 - Leclanch\u00e9","description":"Ad-hoc-Mitteilung gem\u00e4\u00df Art. 53 KR YVERDON-LES-BAINS, Schweiz, 30. April, 2026 - Mit Entscheid vom 29. April 2026 hat die SIX Exchange Regulation AG eine","robots":{"index":"index","follow":"follow","max-snippet":"max-snippet:-1","max-image-preview":"max-image-preview:large","max-video-preview":"max-video-preview:-1"},"canonical":"https:\/\/www.leclanche.com\/de\/leclanche-sa-gibt-die-verlaengerung-der-frist-zur-veroeffentlichung-des-geschaeftsberichts-2025-bekannt-und-veroeffentlicht-ungepruefte-kennzahlen-fuer-2025\/","og_locale":"de_DE","og_type":"article","og_title":"Leclanch\u00e9 SA gibt die Verl\u00e4ngerung der Frist zur Ver\u00f6ffentlichung des Gesch\u00e4ftsberichts 2025 bekannt und ver\u00f6ffentlicht ungepr\u00fcfte Kennzahlen f\u00fcr 2025 - Leclanch\u00e9","og_description":"Ad-hoc-Mitteilung gem\u00e4\u00df Art. 53 KR YVERDON-LES-BAINS, Schweiz, 30. April, 2026 - Mit Entscheid vom 29. April 2026 hat die SIX Exchange Regulation AG eine","og_url":"https:\/\/www.leclanche.com\/de\/leclanche-sa-gibt-die-verlaengerung-der-frist-zur-veroeffentlichung-des-geschaeftsberichts-2025-bekannt-und-veroeffentlicht-ungepruefte-kennzahlen-fuer-2025\/","og_site_name":"Leclanch\u00e9","article_published_time":"2026-04-30T04:50:02+00:00","author":"Annick.Bid","twitter_card":"summary_large_image","twitter_misc":{"Verfasst von":"Annick.Bid","Gesch\u00e4tzte Lesezeit":"5\u00a0Minuten"},"schema":{"@context":"https:\/\/schema.org","@graph":[{"@type":"WebPage","@id":"https:\/\/www.leclanche.com\/de\/leclanche-sa-gibt-die-verlaengerung-der-frist-zur-veroeffentlichung-des-geschaeftsberichts-2025-bekannt-und-veroeffentlicht-ungepruefte-kennzahlen-fuer-2025\/","url":"https:\/\/www.leclanche.com\/de\/leclanche-sa-gibt-die-verlaengerung-der-frist-zur-veroeffentlichung-des-geschaeftsberichts-2025-bekannt-und-veroeffentlicht-ungepruefte-kennzahlen-fuer-2025\/","name":"Leclanch\u00e9 SA gibt die Verl\u00e4ngerung der Frist zur Ver\u00f6ffentlichung des Gesch\u00e4ftsberichts 2025 bekannt und ver\u00f6ffentlicht ungepr\u00fcfte Kennzahlen f\u00fcr 2025 - Leclanch\u00e9","isPartOf":{"@id":"https:\/\/www.leclanche.com\/de\/#website"},"datePublished":"2026-04-30T04:50:02+00:00","author":{"@id":"https:\/\/www.leclanche.com\/de\/#\/schema\/person\/7ef725388a3f2b409a32cfa92059aa64"},"description":"Ad-hoc-Mitteilung gem\u00e4\u00df Art. 53 KR YVERDON-LES-BAINS, Schweiz, 30. April, 2026 - Mit Entscheid vom 29. April 2026 hat die SIX Exchange Regulation AG eine","breadcrumb":{"@id":"https:\/\/www.leclanche.com\/de\/leclanche-sa-gibt-die-verlaengerung-der-frist-zur-veroeffentlichung-des-geschaeftsberichts-2025-bekannt-und-veroeffentlicht-ungepruefte-kennzahlen-fuer-2025\/#breadcrumb"},"inLanguage":"de","potentialAction":[{"@type":"ReadAction","target":["https:\/\/www.leclanche.com\/de\/leclanche-sa-gibt-die-verlaengerung-der-frist-zur-veroeffentlichung-des-geschaeftsberichts-2025-bekannt-und-veroeffentlicht-ungepruefte-kennzahlen-fuer-2025\/"]}]},{"@type":"BreadcrumbList","@id":"https:\/\/www.leclanche.com\/de\/leclanche-sa-gibt-die-verlaengerung-der-frist-zur-veroeffentlichung-des-geschaeftsberichts-2025-bekannt-und-veroeffentlicht-ungepruefte-kennzahlen-fuer-2025\/#breadcrumb","itemListElement":[{"@type":"ListItem","position":1,"name":"Accueil","item":"https:\/\/www.leclanche.com\/de\/"},{"@type":"ListItem","position":2,"name":"Leclanch\u00e9 SA gibt die Verl\u00e4ngerung der Frist zur Ver\u00f6ffentlichung des Gesch\u00e4ftsberichts 2025 bekannt und ver\u00f6ffentlicht ungepr\u00fcfte Kennzahlen f\u00fcr 2025"}]},{"@type":"WebSite","@id":"https:\/\/www.leclanche.com\/de\/#website","url":"https:\/\/www.leclanche.com\/de\/","name":"Leclanch\u00e9","description":"Energy Storage Solutions","potentialAction":[{"@type":"SearchAction","target":{"@type":"EntryPoint","urlTemplate":"https:\/\/www.leclanche.com\/de\/?s={search_term_string}"},"query-input":{"@type":"PropertyValueSpecification","valueRequired":true,"valueName":"search_term_string"}}],"inLanguage":"de"},{"@type":"Person","@id":"https:\/\/www.leclanche.com\/de\/#\/schema\/person\/7ef725388a3f2b409a32cfa92059aa64","name":"Annick.Bid","image":{"@type":"ImageObject","inLanguage":"de","@id":"https:\/\/www.leclanche.com\/de\/#\/schema\/person\/image\/","url":"https:\/\/secure.gravatar.com\/avatar\/0fe6baaabc318280db3d0e10c43b8017aa89b961c16e819765bd4fb65396af34?s=96&d=mm&r=g","contentUrl":"https:\/\/secure.gravatar.com\/avatar\/0fe6baaabc318280db3d0e10c43b8017aa89b961c16e819765bd4fb65396af34?s=96&d=mm&r=g","caption":"Annick.Bid"},"url":"https:\/\/www.leclanche.com\/de\/author\/annick-bid\/"}]}},"_links":{"self":[{"href":"https:\/\/www.leclanche.com\/de\/wp-json\/wp\/v2\/posts\/15555","targetHints":{"allow":["GET"]}}],"collection":[{"href":"https:\/\/www.leclanche.com\/de\/wp-json\/wp\/v2\/posts"}],"about":[{"href":"https:\/\/www.leclanche.com\/de\/wp-json\/wp\/v2\/types\/post"}],"author":[{"embeddable":true,"href":"https:\/\/www.leclanche.com\/de\/wp-json\/wp\/v2\/users\/2"}],"replies":[{"embeddable":true,"href":"https:\/\/www.leclanche.com\/de\/wp-json\/wp\/v2\/comments?post=15555"}],"version-history":[{"count":1,"href":"https:\/\/www.leclanche.com\/de\/wp-json\/wp\/v2\/posts\/15555\/revisions"}],"predecessor-version":[{"id":15557,"href":"https:\/\/www.leclanche.com\/de\/wp-json\/wp\/v2\/posts\/15555\/revisions\/15557"}],"wp:attachment":[{"href":"https:\/\/www.leclanche.com\/de\/wp-json\/wp\/v2\/media?parent=15555"}],"wp:term":[{"taxonomy":"category","embeddable":true,"href":"https:\/\/www.leclanche.com\/de\/wp-json\/wp\/v2\/categories?post=15555"},{"taxonomy":"post_tag","embeddable":true,"href":"https:\/\/www.leclanche.com\/de\/wp-json\/wp\/v2\/tags?post=15555"}],"curies":[{"name":"wp","href":"https:\/\/api.w.org\/{rel}","templated":true}]}}