{"id":9584,"date":"2020-10-14T14:28:02","date_gmt":"2020-10-14T12:28:02","guid":{"rendered":"https:\/\/www.leclanche.com\/leclanche-ernennt-karl-bohman-zum-evp-und-leiter-seiner-geschaeftseinheit-stationaer\/"},"modified":"2021-04-08T09:45:20","modified_gmt":"2021-04-08T07:45:20","slug":"leclanche-ernennt-karl-bohman-zum-evp-und-leiter-seiner-geschaeftseinheit-stationaer","status":"publish","type":"post","link":"https:\/\/www.leclanche.com\/de\/leclanche-ernennt-karl-bohman-zum-evp-und-leiter-seiner-geschaeftseinheit-stationaer\/","title":{"rendered":"Leclanch\u00e9 ernennt Karl Bohman zum EVP und Leiter seiner Gesch\u00e4ftseinheit Station\u00e4r"},"content":{"rendered":"<ul>\n<li><em>Anerkannte<\/em><em> Cleantech-F\u00fchrungskraft mit mehr als zehn Jahren Erfahrung im Bereich erneuerbare Energien und Speicherung<\/em><\/li>\n<\/ul>\n<p><strong>YVERDON-LES-BAINS, Schweiz, 14. Oktober 2020<\/strong>&nbsp;\u2013 <a href=\"http:\/\/www.leclanche.com\/\" data-mce-href=\"http:\/\/www.leclanche.com\/\">Leclanch\u00e9 SA<\/a> (SIX: LECN), eines der weltweit f\u00fchrenden Energiespeicherunternehmen, hat Karl Bohman zum Executive Vice President und Leiter seiner Gesch\u00e4ftseinheit Station\u00e4r ernannt, die grosse Speicherprojekte f\u00fcr erneuerbare Energien f\u00fcr Projekttr\u00e4ger und Versorgungsunternehmen entwickelt.<\/p>\n<p>Karl Bohman ist ein erfolgreicher Cleantech-Gesch\u00e4ftsf\u00fchrer, Technologieunternehmer und Spezialist f\u00fcr internationale Gesch\u00e4ftsexpansion mit mehr als 10&nbsp;Jahren Branchenerfahrung im Bereich erneuerbare Energien und Speicherung. Er tritt in die Fussstapfen von Bryan Urban, der seit vier Jahren bei Leclanch\u00e9 t\u00e4tig ist und die Leitung des zuvor angek\u00fcndigten \u00abbuild-own-operate\u00bb-Gesch\u00e4fts des Unternehmens \u00fcbernehmen wird, das mit der Gesch\u00e4ftseinheit Station\u00e4r zusammenarbeiten wird.<\/p>\n<p>Zuvor war Karl Bohman auf verschiedenen F\u00fchrungspositionen t\u00e4tig und unter anderem Leiter der Gesch\u00e4ftsentwicklung bei dem schwedischen Lithium-Ionen-Batteriehersteller Northvolt und CEO des an der NASDAQ-B\u00f6rse in Stockholm notierten Energiespeicherunternehmen SaltX Technology.<\/p>\n<p>Karl Bohman hatte verschiedene unternehmerische Rollen in Technologie-Start-ups und Corporate Ventures inne. Er gr\u00fcndete zwei Unternehmen, All Set Marine Security, das er an General Electric verkaufte, und Mondozer Mediatech, bei denen er jeweils als CEO fungierte. Zudem war er in der Risikokapital-\/Private-Equity-Branche t\u00e4tig.<\/p>\n<p>\u201e<em>Wir freuen uns, dass wir jemanden von Karls Kaliber mit seiner breiten internationalen Verkaufs- und Gesch\u00e4ftsentwicklungserfahrung f\u00fcr unser Team gewinnen konnten<\/em>&#8222;, <strong>kommentiert<\/strong><strong> Anil Srivastava, CEO, Leclanch\u00e9<\/strong>. \u201e<em>Wir sind zuversichtlich, dass er mit seiner F\u00fchrungsst\u00e4rke, seiner Erfahrung und seiner enormen Energie dazu beitragen wird, das Wachstum unseres station\u00e4ren Speichergesch\u00e4fts zu beschleunigen, und dass er daf\u00fcr sorgen wird, dass sich unsere Investitionen in diesem Bereich erheblich auszahlen werden.<\/em> &#8222;<\/p>\n<p>Karl Bohman hat in den Vereinigten Staaten und in Asien gelebt und gearbeitet. 2010 wurde er von IBM mit dem \u201eSmartCamp&#8220;-Preis f\u00fcr globale Unternehmer ausgezeichnet und 2018 erhielt er den Bloomberg New Energy Pioneer Award f\u00fcr seine F\u00fchrungsrolle in den Bereichen saubere Energietechnologien und Unternehmenstransformation.<\/p>\n<p>\u201e<em>Ich freue mich darauf, das Energiespeichergesch\u00e4ft von Leclanch\u00e9 zu leiten, um die Marktposition des Unternehmens zu st\u00e4rken und auszubauen.<\/em><em> Diese Branche befindet sich in einer sehr schnelllebigen und dynamischen Phase; wir werden agil sein und sowohl innovative als auch zuverl\u00e4ssige L\u00f6sungen anbieten m\u00fcssen. Mit unseren soliden Kundenreferenzen und unserem aussergew\u00f6hnlichen Team setze ich mich mit Leidenschaft daf\u00fcr ein, dieses Gesch\u00e4ft auf die n\u00e4chste Stufe zu heben und sein Wachstum zu beschleunigen<\/em>&#8222;<em>,<\/em> <strong>kommentiert Karl Bohman, Executive Vice President, Gesch\u00e4ftseinheit Station\u00e4r, Leclanch\u00e9.<\/strong><\/p>\n<p>Karl Bohman hat einen Master of Science in Wirtschaftsingenieurwesen und Management der Technischen Universit\u00e4t Link\u00f6ping in Link\u00f6ping, Schweden, und der Eidgen\u00f6ssischen Technischen Hochschule in Lausanne (EPFL), Schweiz. Zudem absolvierte er eine F\u00fchrungsausbildung an der Stanford Graduate School of Business.<\/p>\n<p><strong>\u00dcber Leclanch\u00e9<\/strong><\/p>\n<p>Leclanch\u00e9 SA mit Sitz in der Schweiz ist ein f\u00fchrender Anbieter von hochwertigen Energiespeicherl\u00f6sungen, die die Fortschritte in Richtung einer sauberen Energiezukunft beschleunigen sollen. Die Geschichte und das Erbe von Leclanch\u00e9 wurzeln in mehr als 100 Jahren innovativer Entwicklung von Batterien und Energiespeichern&nbsp;\u2013 das Unternehmen ist ein zuverl\u00e4ssiger Anbieter von Energiespeicherl\u00f6sungen weltweit. Dies, kombiniert mit der Unternehmenskultur des deutschen Maschinenbaus und der Schweizer Pr\u00e4zision und Qualit\u00e4t, macht Leclanch\u00e9 zum bevorzugten Partner f\u00fcr neue Markteilnehmer, etablierte Unternehmen und Regierungen, die an der Spitze positiver Ver\u00e4nderungen in der weltweiten Energieerzeugung und -verteilung sowie ihres Verbrauchs stehen. Der Energiewandel wird haupts\u00e4chlich durch Ver\u00e4nderungen im Management der Stromnetze und in der Elektrifizierung des Transports vorangetrieben; beide M\u00e4rkte sind das R\u00fcckgrat der Strategie und des Gesch\u00e4ftsmodells von Leclanch\u00e9. Die Produkte von Leclanch\u00e9 sind das Herzst\u00fcck der Konvergenz der Verkehrselektrifizierung und der Entwicklung des Verteilungsnetzes. Leclanch\u00e9 ist das einzige weltweit gelistete, reine Energiespeicherunternehmen, das in drei Gesch\u00e4ftseinheiten organisiert ist: station\u00e4re Speicherl\u00f6sungen, E-Transportl\u00f6sungen und spezielle Batteriesysteme. Leclanch\u00e9 ist an der Schweizer B\u00f6rse notiert (SIX: LECN).<\/p>\n<p>SIX Swiss Exchange: ticker symbol LECN | ISIN CH 011 030 311 9<\/p>\n<p><strong>&nbsp;<\/strong><\/p>\n<p><strong>Haftungsausschluss<\/strong><\/p>\n<p>Diese Pressemitteilung enth\u00e4lt bestimmte in die Zukunft gerichtete Aussagen \u00fcber die Aktivit\u00e4ten von Leclanch\u00e9, die durch Begriffe wie \u201estrategisch&#8220;, \u201evorgeschlagen&#8220;, \u201eeingef\u00fchrt&#8220;, \u201ewird&#8220;, \u201egeplant&#8220;, \u201eerwartet&#8220;, \u201eVerpflichtung&#8220;, \u201eerwarten&#8220;, \u201eprognostizieren&#8220;, \u201eetabliert&#8220;, \u201evorbereiten&#8220;, \u201eplanen&#8220;, \u201esch\u00e4tzen&#8220;, \u201eZiele&#8220;, \u201ew\u00fcrden&#8220;, \u201epotenziell&#8220; und \u201eerwarten&#8220; gekennzeichnet sein k\u00f6nnen, \u201eSch\u00e4tzung&#8220;, \u201eAngebot&#8220; oder \u00e4hnliche Ausdr\u00fccke oder durch ausdr\u00fcckliche oder implizite Diskussionen \u00fcber den Hochlauf der Produktionskapazit\u00e4ten von Leclanch\u00e9, m\u00f6gliche Anwendungen bestehender Produkte oder potenzielle zuk\u00fcnftige Einnahmen aus solchen Produkten oder potenzielle zuk\u00fcnftige Verk\u00e4ufe oder Gewinne von Leclanch\u00e9 oder einer seiner Gesch\u00e4ftseinheiten. Sie sollten sich nicht zu sehr auf diese Aussagen verlassen. Diese zukunftsgerichteten Aussagen spiegeln die aktuellen Ansichten von Leclanch\u00e9 \u00fcber zuk\u00fcnftige Ereignisse wider und beinhalten bekannte und unbekannte Risiken, Unsicherheiten und andere Faktoren, die dazu f\u00fchren k\u00f6nnen, dass die tats\u00e4chlichen Ergebnisse wesentlich von den zuk\u00fcnftigen Ergebnissen, Leistungen oder Errungenschaften abweichen, die in diesen Aussagen ausdr\u00fccklich oder implizit zum Ausdruck kommen. Es gibt keine Garantie daf\u00fcr, dass die Produkte von Leclanch\u00e9 ein bestimmtes Umsatzniveau erreichen. Es gibt auch keine Garantie daf\u00fcr, dass Leclanch\u00e9 oder eine seiner Gesch\u00e4ftseinheiten bestimmte finanzielle Ergebnisse erzielen wird.<\/p>\n<p><strong>&nbsp;<\/strong><\/p>\n<p><strong>Kontakte Leclanch\u00e9<\/strong><\/p>\n<p><strong>Medien Schweiz \/Europa:<\/strong><\/p>\n<p>Annick Bidiville<\/p>\n<p>T: +41 24 424 65 53<\/p>\n<p>E-Mail: <a href=\"mailto:annick.bidiville@leclanche.com\" data-mce-href=\"mailto:annick.bidiville@leclanche.com\">annick.bidiville@leclanche.com<\/a><\/p>\n<p><\/p>\n<p><strong>Medien Nordamerika:<\/strong><\/p>\n<p>Henry Feintuch<\/p>\n<p>T: +1-914-548-6924<\/p>\n<p>Perry Krasnove<\/p>\n<p>T: +1-732-580-0275<\/p>\n<p>E-Mail: <a href=\"mailto:leclanche@feintuchpr.com\" data-mce-href=\"mailto:leclanche@feintuchpr.com\">leclanche@feintuchpr.com&nbsp;<\/a><\/p>\n<p><\/p>\n<p><strong>Medien Deutschland:<\/strong><\/p>\n<p>Christoph Miller<\/p>\n<p>T: +49 (0) 711 947 670<\/p>\n<p>E-Mail: <a href=\"mailto:leclanche@sympra.de\" data-mce-href=\"mailto:leclanche@sympra.de\">leclanche@sympra.de<\/a><\/p>\n<p><\/p>\n<p><strong>Ansprechpartner f\u00fcr Investoren:<\/strong><\/p>\n<p>Anil Srivastava \/ Hubert Angleys<\/p>\n<p>T: +41 (0) 24 424 65 00<\/p>\n<p>E-Mail: <a href=\"mailto:invest.leclanche@leclanche.com\" data-mce-href=\"mailto:invest.leclanche@leclanche.com\">invest.leclanche@leclanche.com<\/a><\/p>\n<p><\/p>\n","protected":false},"excerpt":{"rendered":"<p>Anerkannte Cleantech-F\u00fchrungskraft mit mehr als zehn Jahren Erfahrung im Bereich erneuerbare Energien und Speicherung YVERDON-LES-BAINS, Schweiz, 14. Oktober 2020&nbsp;\u2013 Leclanch\u00e9 SA (SIX: LECN), eines der weltweit f\u00fchrenden Energiespeicherunternehmen, hat Karl Bohman zum Executive Vice President und Leiter seiner Gesch\u00e4ftseinheit Station\u00e4r ernannt, die grosse Speicherprojekte f\u00fcr erneuerbare Energien f\u00fcr Projekttr\u00e4ger und Versorgungsunternehmen entwickelt. Karl Bohman ist [&hellip;]<\/p>\n","protected":false},"author":2,"featured_media":8497,"comment_status":"open","ping_status":"open","sticky":false,"template":"","format":"standard","meta":{"footnotes":""},"categories":[47,48,109],"tags":[],"class_list":["post-9584","post","type-post","status-publish","format-standard","has-post-thumbnail","hentry","category-firmennachrichten","category-pressemitteilung","category-weitere-pressemitteilungen"],"yoast_head":"<!-- This site is optimized with the Yoast SEO plugin v26.4 - https:\/\/yoast.com\/wordpress\/plugins\/seo\/ -->\n<title>Leclanch\u00e9 ernennt Karl Bohman zum EVP und Leiter seiner Gesch\u00e4ftseinheit Station\u00e4r - Leclanch\u00e9<\/title>\n<meta name=\"description\" content=\"Anerkannte Cleantech-F\u00fchrungskraft mit mehr als zehn Jahren Erfahrung im Bereich erneuerbare Energien und SpeicherungYVERDON-LES-BAINS, Schweiz, 14.\" \/>\n<meta name=\"robots\" content=\"index, follow, max-snippet:-1, max-image-preview:large, max-video-preview:-1\" \/>\n<link rel=\"canonical\" href=\"https:\/\/www.leclanche.com\/de\/leclanche-ernennt-karl-bohman-zum-evp-und-leiter-seiner-geschaeftseinheit-stationaer\/\" \/>\n<meta property=\"og:locale\" content=\"de_DE\" \/>\n<meta property=\"og:type\" content=\"article\" \/>\n<meta property=\"og:title\" content=\"Leclanch\u00e9 ernennt Karl Bohman zum EVP und Leiter seiner Gesch\u00e4ftseinheit Station\u00e4r - Leclanch\u00e9\" \/>\n<meta property=\"og:description\" content=\"Anerkannte Cleantech-F\u00fchrungskraft mit mehr als zehn Jahren Erfahrung im Bereich erneuerbare Energien und SpeicherungYVERDON-LES-BAINS, Schweiz, 14.\" \/>\n<meta property=\"og:url\" content=\"https:\/\/www.leclanche.com\/de\/leclanche-ernennt-karl-bohman-zum-evp-und-leiter-seiner-geschaeftseinheit-stationaer\/\" \/>\n<meta property=\"og:site_name\" content=\"Leclanch\u00e9\" \/>\n<meta property=\"article:published_time\" content=\"2020-10-14T12:28:02+00:00\" \/>\n<meta property=\"article:modified_time\" content=\"2021-04-08T07:45:20+00:00\" \/>\n<meta property=\"og:image\" content=\"https:\/\/www.leclanche.com\/wp-content\/uploads\/2020\/11\/Karl_Bohman_.jpg\" \/>\n\t<meta property=\"og:image:width\" content=\"1080\" \/>\n\t<meta property=\"og:image:height\" content=\"611\" \/>\n\t<meta property=\"og:image:type\" content=\"image\/jpeg\" \/>\n<meta name=\"author\" content=\"Annick.Bid\" \/>\n<meta name=\"twitter:card\" content=\"summary_large_image\" \/>\n<meta name=\"twitter:label1\" content=\"Verfasst von\" \/>\n\t<meta name=\"twitter:data1\" content=\"Annick.Bid\" \/>\n\t<meta name=\"twitter:label2\" content=\"Gesch\u00e4tzte Lesezeit\" \/>\n\t<meta name=\"twitter:data2\" content=\"5\u00a0Minuten\" \/>\n<script type=\"application\/ld+json\" class=\"yoast-schema-graph\">{\"@context\":\"https:\/\/schema.org\",\"@graph\":[{\"@type\":\"WebPage\",\"@id\":\"https:\/\/www.leclanche.com\/de\/leclanche-ernennt-karl-bohman-zum-evp-und-leiter-seiner-geschaeftseinheit-stationaer\/\",\"url\":\"https:\/\/www.leclanche.com\/de\/leclanche-ernennt-karl-bohman-zum-evp-und-leiter-seiner-geschaeftseinheit-stationaer\/\",\"name\":\"Leclanch\u00e9 ernennt Karl Bohman zum EVP und Leiter seiner Gesch\u00e4ftseinheit Station\u00e4r - Leclanch\u00e9\",\"isPartOf\":{\"@id\":\"https:\/\/www.leclanche.com\/de\/#website\"},\"primaryImageOfPage\":{\"@id\":\"https:\/\/www.leclanche.com\/de\/leclanche-ernennt-karl-bohman-zum-evp-und-leiter-seiner-geschaeftseinheit-stationaer\/#primaryimage\"},\"image\":{\"@id\":\"https:\/\/www.leclanche.com\/de\/leclanche-ernennt-karl-bohman-zum-evp-und-leiter-seiner-geschaeftseinheit-stationaer\/#primaryimage\"},\"thumbnailUrl\":\"https:\/\/www.leclanche.com\/wp-content\/uploads\/2020\/11\/Karl_Bohman_.jpg\",\"datePublished\":\"2020-10-14T12:28:02+00:00\",\"dateModified\":\"2021-04-08T07:45:20+00:00\",\"author\":{\"@id\":\"https:\/\/www.leclanche.com\/de\/#\/schema\/person\/7ef725388a3f2b409a32cfa92059aa64\"},\"description\":\"Anerkannte Cleantech-F\u00fchrungskraft mit mehr als zehn Jahren Erfahrung im Bereich erneuerbare Energien und SpeicherungYVERDON-LES-BAINS, Schweiz, 14.\",\"breadcrumb\":{\"@id\":\"https:\/\/www.leclanche.com\/de\/leclanche-ernennt-karl-bohman-zum-evp-und-leiter-seiner-geschaeftseinheit-stationaer\/#breadcrumb\"},\"inLanguage\":\"de\",\"potentialAction\":[{\"@type\":\"ReadAction\",\"target\":[\"https:\/\/www.leclanche.com\/de\/leclanche-ernennt-karl-bohman-zum-evp-und-leiter-seiner-geschaeftseinheit-stationaer\/\"]}]},{\"@type\":\"ImageObject\",\"inLanguage\":\"de\",\"@id\":\"https:\/\/www.leclanche.com\/de\/leclanche-ernennt-karl-bohman-zum-evp-und-leiter-seiner-geschaeftseinheit-stationaer\/#primaryimage\",\"url\":\"https:\/\/www.leclanche.com\/wp-content\/uploads\/2020\/11\/Karl_Bohman_.jpg\",\"contentUrl\":\"https:\/\/www.leclanche.com\/wp-content\/uploads\/2020\/11\/Karl_Bohman_.jpg\",\"width\":1080,\"height\":611},{\"@type\":\"BreadcrumbList\",\"@id\":\"https:\/\/www.leclanche.com\/de\/leclanche-ernennt-karl-bohman-zum-evp-und-leiter-seiner-geschaeftseinheit-stationaer\/#breadcrumb\",\"itemListElement\":[{\"@type\":\"ListItem\",\"position\":1,\"name\":\"Accueil\",\"item\":\"https:\/\/www.leclanche.com\/de\/\"},{\"@type\":\"ListItem\",\"position\":2,\"name\":\"Leclanch\u00e9 ernennt Karl Bohman zum EVP und Leiter seiner Gesch\u00e4ftseinheit Station\u00e4r\"}]},{\"@type\":\"WebSite\",\"@id\":\"https:\/\/www.leclanche.com\/de\/#website\",\"url\":\"https:\/\/www.leclanche.com\/de\/\",\"name\":\"Leclanch\u00e9\",\"description\":\"Energy Storage Solutions\",\"potentialAction\":[{\"@type\":\"SearchAction\",\"target\":{\"@type\":\"EntryPoint\",\"urlTemplate\":\"https:\/\/www.leclanche.com\/de\/?s={search_term_string}\"},\"query-input\":{\"@type\":\"PropertyValueSpecification\",\"valueRequired\":true,\"valueName\":\"search_term_string\"}}],\"inLanguage\":\"de\"},{\"@type\":\"Person\",\"@id\":\"https:\/\/www.leclanche.com\/de\/#\/schema\/person\/7ef725388a3f2b409a32cfa92059aa64\",\"name\":\"Annick.Bid\",\"image\":{\"@type\":\"ImageObject\",\"inLanguage\":\"de\",\"@id\":\"https:\/\/www.leclanche.com\/de\/#\/schema\/person\/image\/\",\"url\":\"https:\/\/secure.gravatar.com\/avatar\/0fe6baaabc318280db3d0e10c43b8017aa89b961c16e819765bd4fb65396af34?s=96&d=mm&r=g\",\"contentUrl\":\"https:\/\/secure.gravatar.com\/avatar\/0fe6baaabc318280db3d0e10c43b8017aa89b961c16e819765bd4fb65396af34?s=96&d=mm&r=g\",\"caption\":\"Annick.Bid\"},\"url\":\"https:\/\/www.leclanche.com\/de\/author\/annick-bid\/\"}]}<\/script>\n<!-- \/ Yoast SEO plugin. -->","yoast_head_json":{"title":"Leclanch\u00e9 ernennt Karl Bohman zum EVP und Leiter seiner Gesch\u00e4ftseinheit Station\u00e4r - Leclanch\u00e9","description":"Anerkannte Cleantech-F\u00fchrungskraft mit mehr als zehn Jahren Erfahrung im Bereich erneuerbare Energien und SpeicherungYVERDON-LES-BAINS, Schweiz, 14.","robots":{"index":"index","follow":"follow","max-snippet":"max-snippet:-1","max-image-preview":"max-image-preview:large","max-video-preview":"max-video-preview:-1"},"canonical":"https:\/\/www.leclanche.com\/de\/leclanche-ernennt-karl-bohman-zum-evp-und-leiter-seiner-geschaeftseinheit-stationaer\/","og_locale":"de_DE","og_type":"article","og_title":"Leclanch\u00e9 ernennt Karl Bohman zum EVP und Leiter seiner Gesch\u00e4ftseinheit Station\u00e4r - Leclanch\u00e9","og_description":"Anerkannte Cleantech-F\u00fchrungskraft mit mehr als zehn Jahren Erfahrung im Bereich erneuerbare Energien und SpeicherungYVERDON-LES-BAINS, Schweiz, 14.","og_url":"https:\/\/www.leclanche.com\/de\/leclanche-ernennt-karl-bohman-zum-evp-und-leiter-seiner-geschaeftseinheit-stationaer\/","og_site_name":"Leclanch\u00e9","article_published_time":"2020-10-14T12:28:02+00:00","article_modified_time":"2021-04-08T07:45:20+00:00","og_image":[{"width":1080,"height":611,"url":"https:\/\/www.leclanche.com\/wp-content\/uploads\/2020\/11\/Karl_Bohman_.jpg","type":"image\/jpeg"}],"author":"Annick.Bid","twitter_card":"summary_large_image","twitter_misc":{"Verfasst von":"Annick.Bid","Gesch\u00e4tzte Lesezeit":"5\u00a0Minuten"},"schema":{"@context":"https:\/\/schema.org","@graph":[{"@type":"WebPage","@id":"https:\/\/www.leclanche.com\/de\/leclanche-ernennt-karl-bohman-zum-evp-und-leiter-seiner-geschaeftseinheit-stationaer\/","url":"https:\/\/www.leclanche.com\/de\/leclanche-ernennt-karl-bohman-zum-evp-und-leiter-seiner-geschaeftseinheit-stationaer\/","name":"Leclanch\u00e9 ernennt Karl Bohman zum EVP und Leiter seiner Gesch\u00e4ftseinheit Station\u00e4r - Leclanch\u00e9","isPartOf":{"@id":"https:\/\/www.leclanche.com\/de\/#website"},"primaryImageOfPage":{"@id":"https:\/\/www.leclanche.com\/de\/leclanche-ernennt-karl-bohman-zum-evp-und-leiter-seiner-geschaeftseinheit-stationaer\/#primaryimage"},"image":{"@id":"https:\/\/www.leclanche.com\/de\/leclanche-ernennt-karl-bohman-zum-evp-und-leiter-seiner-geschaeftseinheit-stationaer\/#primaryimage"},"thumbnailUrl":"https:\/\/www.leclanche.com\/wp-content\/uploads\/2020\/11\/Karl_Bohman_.jpg","datePublished":"2020-10-14T12:28:02+00:00","dateModified":"2021-04-08T07:45:20+00:00","author":{"@id":"https:\/\/www.leclanche.com\/de\/#\/schema\/person\/7ef725388a3f2b409a32cfa92059aa64"},"description":"Anerkannte Cleantech-F\u00fchrungskraft mit mehr als zehn Jahren Erfahrung im Bereich erneuerbare Energien und SpeicherungYVERDON-LES-BAINS, Schweiz, 14.","breadcrumb":{"@id":"https:\/\/www.leclanche.com\/de\/leclanche-ernennt-karl-bohman-zum-evp-und-leiter-seiner-geschaeftseinheit-stationaer\/#breadcrumb"},"inLanguage":"de","potentialAction":[{"@type":"ReadAction","target":["https:\/\/www.leclanche.com\/de\/leclanche-ernennt-karl-bohman-zum-evp-und-leiter-seiner-geschaeftseinheit-stationaer\/"]}]},{"@type":"ImageObject","inLanguage":"de","@id":"https:\/\/www.leclanche.com\/de\/leclanche-ernennt-karl-bohman-zum-evp-und-leiter-seiner-geschaeftseinheit-stationaer\/#primaryimage","url":"https:\/\/www.leclanche.com\/wp-content\/uploads\/2020\/11\/Karl_Bohman_.jpg","contentUrl":"https:\/\/www.leclanche.com\/wp-content\/uploads\/2020\/11\/Karl_Bohman_.jpg","width":1080,"height":611},{"@type":"BreadcrumbList","@id":"https:\/\/www.leclanche.com\/de\/leclanche-ernennt-karl-bohman-zum-evp-und-leiter-seiner-geschaeftseinheit-stationaer\/#breadcrumb","itemListElement":[{"@type":"ListItem","position":1,"name":"Accueil","item":"https:\/\/www.leclanche.com\/de\/"},{"@type":"ListItem","position":2,"name":"Leclanch\u00e9 ernennt Karl Bohman zum EVP und Leiter seiner Gesch\u00e4ftseinheit Station\u00e4r"}]},{"@type":"WebSite","@id":"https:\/\/www.leclanche.com\/de\/#website","url":"https:\/\/www.leclanche.com\/de\/","name":"Leclanch\u00e9","description":"Energy Storage Solutions","potentialAction":[{"@type":"SearchAction","target":{"@type":"EntryPoint","urlTemplate":"https:\/\/www.leclanche.com\/de\/?s={search_term_string}"},"query-input":{"@type":"PropertyValueSpecification","valueRequired":true,"valueName":"search_term_string"}}],"inLanguage":"de"},{"@type":"Person","@id":"https:\/\/www.leclanche.com\/de\/#\/schema\/person\/7ef725388a3f2b409a32cfa92059aa64","name":"Annick.Bid","image":{"@type":"ImageObject","inLanguage":"de","@id":"https:\/\/www.leclanche.com\/de\/#\/schema\/person\/image\/","url":"https:\/\/secure.gravatar.com\/avatar\/0fe6baaabc318280db3d0e10c43b8017aa89b961c16e819765bd4fb65396af34?s=96&d=mm&r=g","contentUrl":"https:\/\/secure.gravatar.com\/avatar\/0fe6baaabc318280db3d0e10c43b8017aa89b961c16e819765bd4fb65396af34?s=96&d=mm&r=g","caption":"Annick.Bid"},"url":"https:\/\/www.leclanche.com\/de\/author\/annick-bid\/"}]}},"_links":{"self":[{"href":"https:\/\/www.leclanche.com\/de\/wp-json\/wp\/v2\/posts\/9584","targetHints":{"allow":["GET"]}}],"collection":[{"href":"https:\/\/www.leclanche.com\/de\/wp-json\/wp\/v2\/posts"}],"about":[{"href":"https:\/\/www.leclanche.com\/de\/wp-json\/wp\/v2\/types\/post"}],"author":[{"embeddable":true,"href":"https:\/\/www.leclanche.com\/de\/wp-json\/wp\/v2\/users\/2"}],"replies":[{"embeddable":true,"href":"https:\/\/www.leclanche.com\/de\/wp-json\/wp\/v2\/comments?post=9584"}],"version-history":[{"count":2,"href":"https:\/\/www.leclanche.com\/de\/wp-json\/wp\/v2\/posts\/9584\/revisions"}],"predecessor-version":[{"id":9589,"href":"https:\/\/www.leclanche.com\/de\/wp-json\/wp\/v2\/posts\/9584\/revisions\/9589"}],"wp:featuredmedia":[{"embeddable":true,"href":"https:\/\/www.leclanche.com\/de\/wp-json\/wp\/v2\/media\/8497"}],"wp:attachment":[{"href":"https:\/\/www.leclanche.com\/de\/wp-json\/wp\/v2\/media?parent=9584"}],"wp:term":[{"taxonomy":"category","embeddable":true,"href":"https:\/\/www.leclanche.com\/de\/wp-json\/wp\/v2\/categories?post=9584"},{"taxonomy":"post_tag","embeddable":true,"href":"https:\/\/www.leclanche.com\/de\/wp-json\/wp\/v2\/tags?post=9584"}],"curies":[{"name":"wp","href":"https:\/\/api.w.org\/{rel}","templated":true}]}}