{"id":9665,"date":"2020-06-30T15:21:15","date_gmt":"2020-06-30T13:21:15","guid":{"rendered":"https:\/\/www.leclanche.com\/leclanche-schliesst-seine-jahreshauptversammlung-ab\/"},"modified":"2021-04-21T16:32:09","modified_gmt":"2021-04-21T14:32:09","slug":"leclanche-schliesst-seine-jahreshauptversammlung-ab","status":"publish","type":"post","link":"https:\/\/www.leclanche.com\/de\/leclanche-schliesst-seine-jahreshauptversammlung-ab\/","title":{"rendered":"Leclanch\u00e9 schlie\u00dft seine Jahreshauptversammlung ab"},"content":{"rendered":"<p><strong>Leclanch\u00e9 schlie\u00dft seine Jahreshauptversammlung ab<\/strong><\/p>\n<p><strong>\u00a0<\/strong><\/p>\n<ul>\n<li><em>Umwandlung von Schulden in Aktien st\u00e4rkt die Bilanz erheblich <\/em><\/li>\n<li><em>Gr\u00f6\u00dfere Projekte im Bereich station\u00e4rer L\u00f6sungen und eine solide Auftragslage f\u00fcr den Bereich E-Transport sind Basis f\u00fcr die Rentabilit\u00e4t von Leclanch\u00e9 <\/em><\/li>\n<li><em>Christophe Manset tritt dem Verwaltungsrat bei<\/em><\/li>\n<\/ul>\n<p><strong>\u00a0<\/strong><\/p>\n<p><strong>YVERDON-LES-BAINS, Schweiz, 9. Juni <\/strong><strong>2020 <\/strong>\u2013 <a href=\"http:\/\/www.leclanche.com\/\">Leclanch\u00e9 SA<\/a> (SIX: LECN), eines der weltweit f\u00fchrenden Unternehmen f\u00fcr Energiespeicherl\u00f6sungen, hat heute bekannt gegeben, dass die Aktion\u00e4re des Unternehmens aufgrund der Covid-19-Situation an der heutigen Jahreshauptversammlung (GV) 2020 bis auf zwei Ausnahmen allen Antr\u00e4gen des Verwaltungsrates zugestimmt haben.<\/p>\n<p>Die Umwandlung von Schulden in Aktien in H\u00f6he von 50,9 Millionen CHF, die bei FEFAM<a href=\"#_ftn1\" name=\"_ftnref1\">[1]<\/a>, dem Hauptaktion\u00e4r des Unternehmens, aufgenommen wurden, wurde von den Aktion\u00e4ren genehmigt. Diese Restrukturierungsma\u00dfnahme soll den Schuldenstand des Unternehmens auf 15,3 Millionen CHF reduzieren. Die gest\u00e4rkte Bilanz d\u00fcrfte in dieser Zeit des kr\u00e4ftigen Wachstums der Auftragslage von Leclanch\u00e9 im schnell expandierenden E-Transport-Sektor zu einem erh\u00f6hten Investitionsinteresse am Unternehmen f\u00fchren.<\/p>\n<p>Der Verwaltungsrat bedauert, dass die Beschl\u00fcsse zur Erneuerung der Frist f\u00fcr die Aus\u00fcbung des genehmigten Kapitals und zur bedingten Kapitalerh\u00f6hung auf die maximal m\u00f6gliche Anzahl von Aktien nicht von der Mehrheit der Aktion\u00e4re angenommen wurden. Der Verwaltungsrat stellt fest, dass ihm noch ca. 76 Millionen genehmigte Aktien zur Verf\u00fcgung stehen, die bis zum 8. Mai 2021 eingesetzt werden k\u00f6nnen, sowie ca. 43 Millionen bedingte Aktien.<\/p>\n<p>Der Verwaltungsrat wird die vorhandenen Optionen pr\u00fcfen, um die Verf\u00fcgbarkeit des ben\u00f6tigten Wachstumskapitals sicherzustellen.<\/p>\n<p>Der Vorstand freut sich Herrn Christophe Manset als neues Mitglied des Vorstandes zu begr\u00fc\u00dfen. Christophe Manset verf\u00fcgt \u00fcber mehr als zehn Jahre Erfahrung in der Verm\u00f6gensverwaltungsbranche in Luxemburg. Als Mitarbeiter bei LEVeL mit Schwerpunkt auf alternativen Investmentfonds, die von der luxemburgischen Aufsichtsbeh\u00f6rde reguliert werden, bringt er ausgewiesene Erfahrung im Finanzbereich und in Fragen zu Investmentfonds mit. Herr Manset fungiert als Berater der in Luxemburg ans\u00e4ssigen FEFAM, der Mehrheitsaktion\u00e4rin von Leclanch\u00e9, was es dem Unternehmen erm\u00f6glicht, seine Beziehung zu FEFAM weiter zu st\u00e4rken.<\/p>\n<p>Das Unternehmen pr\u00e4sentierte dar\u00fcber hinaus eine Aktualisierung der Covid-19-Situation, aufgrund derer es keine Prognose f\u00fcr das Jahr 2020 abgeben kann. Im Durchschnitt wurden die Produktionskapazit\u00e4t w\u00e4hrend des Lock Downs um fast 1\/3 reduziert und fast 11 Millionen CHF an Gesch\u00e4ften zur\u00fcckgestellt.<\/p>\n<p>&nbsp;<\/p>\n<p><strong><u>Kommerzielle Erfolge<\/u><\/strong><\/p>\n<p>In seiner Ansprache an die Aktion\u00e4re erl\u00e4uterte Anil Srivastava, CEO von Leclanch\u00e9, die Fortschritte des Unternehmens bei der Umsetzung des 2015 angek\u00fcndigten Wachstumsplans. Im Jahr 2019 erzielte Leclanch\u00e9 ein signifikantes Wachstum in vielen Bereichen seines Gesch\u00e4fts.<\/p>\n<p><strong>\u00a0<\/strong><\/p>\n<p>Das E-Transport-Gesch\u00e4ft wird im Jahr 2020 um das Sechs- bis Zehnfache des Wachstums im Jahr 2019 zunehmen, mit einem Auftragsbestand von 90 Millionen CHF, der in den Jahren 2020 bis 2022 ausgeliefert werden soll.<\/p>\n<p>&nbsp;<\/p>\n<ul>\n<li>Leclanch\u00e9 geh\u00f6rt zu den Marktf\u00fchrern im Bereich der Schiffselektrifizierung und bietet einzigartige integrierte Bordbatteriesysteme sowie Ladeinfrastruktur f\u00fcr den Hafenmarkt.<\/li>\n<li>Auch das Gesch\u00e4ft von Leclanch\u00e9 mit Flotten-Elektrofahrzeugen befindet sich auf einem raschen Wachstumskurs, der durch einen Gesch\u00e4ftsumsatz von mehr als 100 Millionen Euro in den n\u00e4chsten f\u00fcnf Jahren mit Bombardier Transportation angekurbelt wird. Zwischen der strategischen Partnerschaft mit Bombardier und dem k\u00fcrzlichen Gewinn eines neuen Bahnprojekts mit einem weiteren gro\u00dfen Zuganbieter ist das Unternehmen nun gut positioniert, um mehr als 40 Prozent des Marktes f\u00fcr die Bahnelektrifizierung abzudecken.<\/li>\n<li>Dar\u00fcber hinaus berichtete Anil Srivastava \u00fcber eine bedeutende Dynamik auf dem Lkw-Elektrifizierungsmarkt, angekurbelt durch den Erfolg des Unternehmens bei Toyota Motor North America, sowie den gro\u00dfen M\u00f6glichkeiten f\u00fcr die Nachr\u00fcstung von Bus- und Lkw-Flotten.<\/li>\n<\/ul>\n<p>&nbsp;<\/p>\n<p>Der Gesch\u00e4ftsbereich Station\u00e4re L\u00f6sungen von Leclanch\u00e9 setzte sein Wachstum mit einer kumulativen Anzahl von 100 MWh in Auftrag gegebener Projekte fort. Noch hervorgehoben wurde dies durch die Ank\u00fcndigung eines Build-Own-Operate Modells f\u00fcr Energy-as-a-Service, einschlie\u00dflich des hochkar\u00e4tigen St. Kitts-Projekts.<\/p>\n<p>Leclanch\u00e9 konnte seine Wachstumsziele dank der konstanten und stetigen Unterst\u00fctzung aller Aktion\u00e4re erreichen, insbesondere der FEFAM, ihres Hauptaktion\u00e4rs, der seit Mai 2019 Schulden in H\u00f6he von 103 Millionen CHF in Kapital umgewandelt hat.<\/p>\n<p><strong>Anil Srivastava, CEO von Leclanch\u00e9, sagte abschlie\u00dfend:<\/strong> \u201e<em>Im Jahr 2019 haben wir bei Leclanch\u00e9 mit kommerziellen Gewinnen, Projektabschl\u00fcssen und Verbesserungen unserer Technologie- und Kostenstruktur an mehreren Fronten eine wettbewerbsf\u00e4hige Organisation aufgebaut. Das &#8217;neue Leclanch\u00e9&#8216; ist gut positioniert f\u00fcr beschleunigtes Wachstum und Erfolg in unseren M\u00e4rkten \u2013\u00ad nicht zuletzt dank der harten Arbeit unserer Kolleginnen und Kollegen auf der ganzen Welt, der Geduld unserer Aktion\u00e4re und der Unterst\u00fctzung von Gesch\u00e4ftspartnern und Investoren.<\/em><\/p>\n<p><em>Die laufende strategische Reorganisation soll das Unternehmen auf einen klaren Weg zu profitablem Wachstum bringen, dank der kapitalschonenden Struktur durch das Joint Venture mit der Eneris Group, der reduzierten Betriebsausgaben und der verringerten Produktkosten mit der Einf\u00fchrung unserer branchenf\u00fchrenden 210 Wh pro kg\/ 8000 Zyklen* Zellen mit hoher Energiedichte\u201c<\/em>.<\/p>\n<p>&nbsp;<\/p>\n<p>*- bei 80 Prozent Entladetiefe.<\/p>\n<p>Weitere Informationen erhalten Sie bei <a href=\"mailto:info@leclanche.com\">info@leclanche.com<\/a> oder auf <a href=\"http:\/\/www.leclanche.com\">www.leclanche.com<\/a>.<\/p>\n<p>&nbsp;<\/p>\n<p><strong>******<\/strong><\/p>\n<p><strong>\u00dcber Leclanch\u00e9 <\/strong><\/p>\n<p>Leclanch\u00e9 SA mit Sitz in der Schweiz ist ein f\u00fchrender Anbieter von hochwertigen Energiespeicherl\u00f6sungen, welche die Fortschritte in Richtung einer sauberen Energiezukunft beschleunigen sollen. Die Geschichte und das Erbe von Leclanch\u00e9 wurzeln in mehr als 100 Jahren innovativer Entwicklung von Batterien und Energiespeichern \u2013 das Unternehmen ist ein zuverl\u00e4ssiger Anbieter von Energiespeicherl\u00f6sungen weltweit. Dies, kombiniert mit der Unternehmenskultur des deutschen Maschinenbaus und der Schweizer Pr\u00e4zision und Qualit\u00e4t, macht Leclanch\u00e9 zum bevorzugten Partner f\u00fcr neue Markteilnehmer, etablierte Unternehmen und Regierungen, die an der Spitze positiver Ver\u00e4nderungen in der weltweiten Energieerzeugung und -verteilung sowie ihres Verbrauchs stehen. Der Energiewandel wird haupts\u00e4chlich durch Ver\u00e4nderungen im Management der Stromnetze und in der Elektrifizierung des Transports vorangetrieben; beide M\u00e4rkte sind das R\u00fcckgrat der Strategie und des Gesch\u00e4ftsmodells von Leclanch\u00e9. Die Produkte von Leclanch\u00e9 sind das Herzst\u00fcck der Konvergenz der Verkehrselektrifizierung und der Entwicklung des Verteilungsnetzes. Leclanch\u00e9 ist das einzige weltweit gelistete, reine Energiespeicherunternehmen, das in drei Gesch\u00e4ftseinheiten organisiert ist: station\u00e4re Speicherl\u00f6sungen,<br \/>\ne-Transportl\u00f6sungen und spezielle Batteriesysteme. Leclanch\u00e9 ist an der Schweizer B\u00f6rse notiert (SIX: LECN).<\/p>\n<p>SIX Swiss Exchange: ticker symbol LECN | ISIN CH 011 030 311 9<\/p>\n<p><strong>Haftungsausschluss<br \/>\n<\/strong>Diese Pressemitteilung enth\u00e4lt bestimmte in die Zukunft gerichtete Aussagen \u00fcber die Aktivit\u00e4ten von Leclanch\u00e9, die durch Begriffe wie \u201estrategisch&#8220;, \u201evorgeschlagen&#8220;, \u201eeingef\u00fchrt&#8220;, \u201ewird&#8220;, \u201egeplant&#8220;, \u201eerwartet&#8220;, \u201eVerpflichtung&#8220;, \u201eerwarten&#8220;, \u201eprognostizieren&#8220;, \u201eetabliert&#8220;, \u201evorbereiten&#8220;, \u201eplanen&#8220;, \u201esch\u00e4tzen&#8220;, \u201eZiele&#8220;, \u201ew\u00fcrden&#8220;, \u201epotenziell&#8220; und \u201eerwarten&#8220; gekennzeichnet sein k\u00f6nnen, \u201eSch\u00e4tzung&#8220;, \u201eAngebot&#8220; oder \u00e4hnliche Ausdr\u00fccke oder durch ausdr\u00fcckliche oder implizite Diskussionen \u00fcber den Hochlauf der Produktionskapazit\u00e4ten von Leclanch\u00e9, m\u00f6gliche Anwendungen bestehender Produkte oder potenzielle zuk\u00fcnftige Einnahmen aus solchen Produkten oder potenzielle zuk\u00fcnftige Verk\u00e4ufe oder Gewinne von Leclanch\u00e9 oder einer seiner Gesch\u00e4ftseinheiten. Sie sollten sich nicht zu sehr auf diese Aussagen verlassen. Diese zukunftsgerichteten Aussagen spiegeln die aktuellen Ansichten von Leclanch\u00e9 \u00fcber zuk\u00fcnftige Ereignisse wider und beinhalten bekannte und unbekannte Risiken, Unsicherheiten und andere Faktoren, die dazu f\u00fchren k\u00f6nnen, dass die tats\u00e4chlichen Ergebnisse wesentlich von den zuk\u00fcnftigen Ergebnissen, Leistungen oder Errungenschaften abweichen, die in diesen Aussagen ausdr\u00fccklich oder implizit zum Ausdruck kommen. Es gibt keine Garantie daf\u00fcr, dass die Produkte von Leclanch\u00e9 ein bestimmtes Umsatzniveau erreichen. Es gibt auch keine Garantie daf\u00fcr, dass Leclanch\u00e9 oder eine seiner Gesch\u00e4ftseinheiten bestimmte finanzielle Ergebnisse erzielen wird.<\/p>\n<p><strong>Kontakte<\/strong><\/p>\n<p><strong>Medien Schweiz \/Europa<\/strong><strong>:<\/strong><\/p>\n<p>Thierry Meyer<\/p>\n<p>T: +41 (0) 79\u00a0785 35 81<\/p>\n<p>E-mail: <a href=\"mailto:tme@dynamicsgoup.ch\">tme@dynamicsgroup.ch<\/a><\/p>\n<p>&nbsp;<\/p>\n<p><strong>Medien Nordamerika:<\/strong><\/p>\n<p>Rick Anderson<\/p>\n<p>T: +1-718-986-1596<\/p>\n<p>&nbsp;<\/p>\n<p>Henry Feintuch<\/p>\n<p>T: +1-212-808-4901<\/p>\n<p>E-mail: <a href=\"mailto:leclanche@feintuchpr.com\">leclanche@feintuchpr.com<\/a><\/p>\n<p>&nbsp;<\/p>\n<p><strong>Medien Deutschland:<\/strong><\/p>\n<p>Christoph Miller<\/p>\n<p>T: +49 (0) 711 947 670<\/p>\n<p>E-mail: <a href=\"mailto:leclanche@sympra.de\">leclanche@sympra.de<\/a><\/p>\n<p>&nbsp;<\/p>\n<p><strong>Ansprechpartner f\u00fcr Investoren<\/strong><strong>:<\/strong><\/p>\n<p>Anil Srivastava \/ Hubert Angleys<\/p>\n<p>T: +41 (0) 24 424 65 00<\/p>\n<p>E-mail: <a href=\"mailto:invest.leclanche@leclanche.com\">invest.leclanche@leclanche.com<\/a><\/p>\n<p>&nbsp;<\/p>\n<p><a href=\"#_ftnref1\" name=\"_ftn1\">[1]<\/a> FEFAM steht f\u00fcr: AM INVESTMENT SCA, SICAV-SIF &#8211; Illiquid Assets Sub-Fund, zusammen mit FINEXIS EQUITY FUND &#8211; Renewable Energy Sub-Fund, FINEXIS EQUITY FUND &#8211; Multi Asset Strategy Sub-Fund, FINEXIS EQUITY FUND &#8211; E Money Strategies Sub-Fund (auch als Energy Storage Invest bezeichnet); alle diese Fonds gemeinsam sind Hauptaktion\u00e4r von Leclanch\u00e9, nachstehend als &#8222;FEFAM&#8220; bezeichnet.<\/p>\n","protected":false},"excerpt":{"rendered":"<p>Leclanch\u00e9 schlie\u00dft seine Jahreshauptversammlung ab \u00a0 Umwandlung von Schulden in Aktien st\u00e4rkt die Bilanz erheblich Gr\u00f6\u00dfere Projekte im Bereich station\u00e4rer L\u00f6sungen und eine solide Auftragslage f\u00fcr den Bereich E-Transport sind Basis f\u00fcr die Rentabilit\u00e4t von Leclanch\u00e9 Christophe Manset tritt dem Verwaltungsrat bei \u00a0 YVERDON-LES-BAINS, Schweiz, 9. Juni 2020 \u2013 Leclanch\u00e9 SA (SIX: LECN), eines der [&hellip;]<\/p>\n","protected":false},"author":2,"featured_media":0,"comment_status":"open","ping_status":"open","sticky":false,"template":"","format":"standard","meta":{"footnotes":""},"categories":[48,109],"tags":[],"class_list":["post-9665","post","type-post","status-publish","format-standard","hentry","category-pressemitteilung","category-weitere-pressemitteilungen"],"yoast_head":"<!-- This site is optimized with the Yoast SEO plugin v26.4 - https:\/\/yoast.com\/wordpress\/plugins\/seo\/ -->\n<title>Leclanch\u00e9 schlie\u00dft seine Jahreshauptversammlung ab - Leclanch\u00e9<\/title>\n<meta name=\"description\" content=\"Leclanch\u00e9 schlie\u00dft seine Jahreshauptversammlung ab \u00a0 Umwandlung von Schulden in Aktien st\u00e4rkt die Bilanz erheblich Gr\u00f6\u00dfere Projekte im Bereich station\u00e4rer\" \/>\n<meta name=\"robots\" content=\"index, follow, max-snippet:-1, max-image-preview:large, max-video-preview:-1\" \/>\n<link rel=\"canonical\" href=\"https:\/\/www.leclanche.com\/de\/leclanche-schliesst-seine-jahreshauptversammlung-ab\/\" \/>\n<meta property=\"og:locale\" content=\"de_DE\" \/>\n<meta property=\"og:type\" content=\"article\" \/>\n<meta property=\"og:title\" content=\"Leclanch\u00e9 schlie\u00dft seine Jahreshauptversammlung ab - Leclanch\u00e9\" \/>\n<meta property=\"og:description\" content=\"Leclanch\u00e9 schlie\u00dft seine Jahreshauptversammlung ab \u00a0 Umwandlung von Schulden in Aktien st\u00e4rkt die Bilanz erheblich Gr\u00f6\u00dfere Projekte im Bereich station\u00e4rer\" \/>\n<meta property=\"og:url\" content=\"https:\/\/www.leclanche.com\/de\/leclanche-schliesst-seine-jahreshauptversammlung-ab\/\" \/>\n<meta property=\"og:site_name\" content=\"Leclanch\u00e9\" \/>\n<meta property=\"article:published_time\" content=\"2020-06-30T13:21:15+00:00\" \/>\n<meta property=\"article:modified_time\" content=\"2021-04-21T14:32:09+00:00\" \/>\n<meta name=\"author\" content=\"Annick.Bid\" \/>\n<meta name=\"twitter:card\" content=\"summary_large_image\" \/>\n<meta name=\"twitter:label1\" content=\"Verfasst von\" \/>\n\t<meta name=\"twitter:data1\" content=\"Annick.Bid\" \/>\n\t<meta name=\"twitter:label2\" content=\"Gesch\u00e4tzte Lesezeit\" \/>\n\t<meta name=\"twitter:data2\" content=\"7\u00a0Minuten\" \/>\n<script type=\"application\/ld+json\" class=\"yoast-schema-graph\">{\"@context\":\"https:\/\/schema.org\",\"@graph\":[{\"@type\":\"WebPage\",\"@id\":\"https:\/\/www.leclanche.com\/de\/leclanche-schliesst-seine-jahreshauptversammlung-ab\/\",\"url\":\"https:\/\/www.leclanche.com\/de\/leclanche-schliesst-seine-jahreshauptversammlung-ab\/\",\"name\":\"Leclanch\u00e9 schlie\u00dft seine Jahreshauptversammlung ab - Leclanch\u00e9\",\"isPartOf\":{\"@id\":\"https:\/\/www.leclanche.com\/de\/#website\"},\"datePublished\":\"2020-06-30T13:21:15+00:00\",\"dateModified\":\"2021-04-21T14:32:09+00:00\",\"author\":{\"@id\":\"https:\/\/www.leclanche.com\/de\/#\/schema\/person\/7ef725388a3f2b409a32cfa92059aa64\"},\"description\":\"Leclanch\u00e9 schlie\u00dft seine Jahreshauptversammlung ab \u00a0 Umwandlung von Schulden in Aktien st\u00e4rkt die Bilanz erheblich Gr\u00f6\u00dfere Projekte im Bereich station\u00e4rer\",\"breadcrumb\":{\"@id\":\"https:\/\/www.leclanche.com\/de\/leclanche-schliesst-seine-jahreshauptversammlung-ab\/#breadcrumb\"},\"inLanguage\":\"de\",\"potentialAction\":[{\"@type\":\"ReadAction\",\"target\":[\"https:\/\/www.leclanche.com\/de\/leclanche-schliesst-seine-jahreshauptversammlung-ab\/\"]}]},{\"@type\":\"BreadcrumbList\",\"@id\":\"https:\/\/www.leclanche.com\/de\/leclanche-schliesst-seine-jahreshauptversammlung-ab\/#breadcrumb\",\"itemListElement\":[{\"@type\":\"ListItem\",\"position\":1,\"name\":\"Accueil\",\"item\":\"https:\/\/www.leclanche.com\/de\/\"},{\"@type\":\"ListItem\",\"position\":2,\"name\":\"Leclanch\u00e9 schlie\u00dft seine Jahreshauptversammlung ab\"}]},{\"@type\":\"WebSite\",\"@id\":\"https:\/\/www.leclanche.com\/de\/#website\",\"url\":\"https:\/\/www.leclanche.com\/de\/\",\"name\":\"Leclanch\u00e9\",\"description\":\"Energy Storage Solutions\",\"potentialAction\":[{\"@type\":\"SearchAction\",\"target\":{\"@type\":\"EntryPoint\",\"urlTemplate\":\"https:\/\/www.leclanche.com\/de\/?s={search_term_string}\"},\"query-input\":{\"@type\":\"PropertyValueSpecification\",\"valueRequired\":true,\"valueName\":\"search_term_string\"}}],\"inLanguage\":\"de\"},{\"@type\":\"Person\",\"@id\":\"https:\/\/www.leclanche.com\/de\/#\/schema\/person\/7ef725388a3f2b409a32cfa92059aa64\",\"name\":\"Annick.Bid\",\"image\":{\"@type\":\"ImageObject\",\"inLanguage\":\"de\",\"@id\":\"https:\/\/www.leclanche.com\/de\/#\/schema\/person\/image\/\",\"url\":\"https:\/\/secure.gravatar.com\/avatar\/0fe6baaabc318280db3d0e10c43b8017aa89b961c16e819765bd4fb65396af34?s=96&d=mm&r=g\",\"contentUrl\":\"https:\/\/secure.gravatar.com\/avatar\/0fe6baaabc318280db3d0e10c43b8017aa89b961c16e819765bd4fb65396af34?s=96&d=mm&r=g\",\"caption\":\"Annick.Bid\"},\"url\":\"https:\/\/www.leclanche.com\/de\/author\/annick-bid\/\"}]}<\/script>\n<!-- \/ Yoast SEO plugin. -->","yoast_head_json":{"title":"Leclanch\u00e9 schlie\u00dft seine Jahreshauptversammlung ab - Leclanch\u00e9","description":"Leclanch\u00e9 schlie\u00dft seine Jahreshauptversammlung ab \u00a0 Umwandlung von Schulden in Aktien st\u00e4rkt die Bilanz erheblich Gr\u00f6\u00dfere Projekte im Bereich station\u00e4rer","robots":{"index":"index","follow":"follow","max-snippet":"max-snippet:-1","max-image-preview":"max-image-preview:large","max-video-preview":"max-video-preview:-1"},"canonical":"https:\/\/www.leclanche.com\/de\/leclanche-schliesst-seine-jahreshauptversammlung-ab\/","og_locale":"de_DE","og_type":"article","og_title":"Leclanch\u00e9 schlie\u00dft seine Jahreshauptversammlung ab - Leclanch\u00e9","og_description":"Leclanch\u00e9 schlie\u00dft seine Jahreshauptversammlung ab \u00a0 Umwandlung von Schulden in Aktien st\u00e4rkt die Bilanz erheblich Gr\u00f6\u00dfere Projekte im Bereich station\u00e4rer","og_url":"https:\/\/www.leclanche.com\/de\/leclanche-schliesst-seine-jahreshauptversammlung-ab\/","og_site_name":"Leclanch\u00e9","article_published_time":"2020-06-30T13:21:15+00:00","article_modified_time":"2021-04-21T14:32:09+00:00","author":"Annick.Bid","twitter_card":"summary_large_image","twitter_misc":{"Verfasst von":"Annick.Bid","Gesch\u00e4tzte Lesezeit":"7\u00a0Minuten"},"schema":{"@context":"https:\/\/schema.org","@graph":[{"@type":"WebPage","@id":"https:\/\/www.leclanche.com\/de\/leclanche-schliesst-seine-jahreshauptversammlung-ab\/","url":"https:\/\/www.leclanche.com\/de\/leclanche-schliesst-seine-jahreshauptversammlung-ab\/","name":"Leclanch\u00e9 schlie\u00dft seine Jahreshauptversammlung ab - Leclanch\u00e9","isPartOf":{"@id":"https:\/\/www.leclanche.com\/de\/#website"},"datePublished":"2020-06-30T13:21:15+00:00","dateModified":"2021-04-21T14:32:09+00:00","author":{"@id":"https:\/\/www.leclanche.com\/de\/#\/schema\/person\/7ef725388a3f2b409a32cfa92059aa64"},"description":"Leclanch\u00e9 schlie\u00dft seine Jahreshauptversammlung ab \u00a0 Umwandlung von Schulden in Aktien st\u00e4rkt die Bilanz erheblich Gr\u00f6\u00dfere Projekte im Bereich station\u00e4rer","breadcrumb":{"@id":"https:\/\/www.leclanche.com\/de\/leclanche-schliesst-seine-jahreshauptversammlung-ab\/#breadcrumb"},"inLanguage":"de","potentialAction":[{"@type":"ReadAction","target":["https:\/\/www.leclanche.com\/de\/leclanche-schliesst-seine-jahreshauptversammlung-ab\/"]}]},{"@type":"BreadcrumbList","@id":"https:\/\/www.leclanche.com\/de\/leclanche-schliesst-seine-jahreshauptversammlung-ab\/#breadcrumb","itemListElement":[{"@type":"ListItem","position":1,"name":"Accueil","item":"https:\/\/www.leclanche.com\/de\/"},{"@type":"ListItem","position":2,"name":"Leclanch\u00e9 schlie\u00dft seine Jahreshauptversammlung ab"}]},{"@type":"WebSite","@id":"https:\/\/www.leclanche.com\/de\/#website","url":"https:\/\/www.leclanche.com\/de\/","name":"Leclanch\u00e9","description":"Energy Storage Solutions","potentialAction":[{"@type":"SearchAction","target":{"@type":"EntryPoint","urlTemplate":"https:\/\/www.leclanche.com\/de\/?s={search_term_string}"},"query-input":{"@type":"PropertyValueSpecification","valueRequired":true,"valueName":"search_term_string"}}],"inLanguage":"de"},{"@type":"Person","@id":"https:\/\/www.leclanche.com\/de\/#\/schema\/person\/7ef725388a3f2b409a32cfa92059aa64","name":"Annick.Bid","image":{"@type":"ImageObject","inLanguage":"de","@id":"https:\/\/www.leclanche.com\/de\/#\/schema\/person\/image\/","url":"https:\/\/secure.gravatar.com\/avatar\/0fe6baaabc318280db3d0e10c43b8017aa89b961c16e819765bd4fb65396af34?s=96&d=mm&r=g","contentUrl":"https:\/\/secure.gravatar.com\/avatar\/0fe6baaabc318280db3d0e10c43b8017aa89b961c16e819765bd4fb65396af34?s=96&d=mm&r=g","caption":"Annick.Bid"},"url":"https:\/\/www.leclanche.com\/de\/author\/annick-bid\/"}]}},"_links":{"self":[{"href":"https:\/\/www.leclanche.com\/de\/wp-json\/wp\/v2\/posts\/9665","targetHints":{"allow":["GET"]}}],"collection":[{"href":"https:\/\/www.leclanche.com\/de\/wp-json\/wp\/v2\/posts"}],"about":[{"href":"https:\/\/www.leclanche.com\/de\/wp-json\/wp\/v2\/types\/post"}],"author":[{"embeddable":true,"href":"https:\/\/www.leclanche.com\/de\/wp-json\/wp\/v2\/users\/2"}],"replies":[{"embeddable":true,"href":"https:\/\/www.leclanche.com\/de\/wp-json\/wp\/v2\/comments?post=9665"}],"version-history":[{"count":0,"href":"https:\/\/www.leclanche.com\/de\/wp-json\/wp\/v2\/posts\/9665\/revisions"}],"wp:attachment":[{"href":"https:\/\/www.leclanche.com\/de\/wp-json\/wp\/v2\/media?parent=9665"}],"wp:term":[{"taxonomy":"category","embeddable":true,"href":"https:\/\/www.leclanche.com\/de\/wp-json\/wp\/v2\/categories?post=9665"},{"taxonomy":"post_tag","embeddable":true,"href":"https:\/\/www.leclanche.com\/de\/wp-json\/wp\/v2\/tags?post=9665"}],"curies":[{"name":"wp","href":"https:\/\/api.w.org\/{rel}","templated":true}]}}