{"id":9668,"date":"2020-06-09T05:50:30","date_gmt":"2020-06-09T03:50:30","guid":{"rendered":"https:\/\/www.leclanche.com\/einladung-zur-kommenden-ordentlichen-generalversammlung-der-aktionaere-am-30-juni-2020-um-900-uhr-schweizer-zeit\/"},"modified":"2021-04-21T16:49:06","modified_gmt":"2021-04-21T14:49:06","slug":"einladung-zur-kommenden-ordentlichen-generalversammlung-der-aktionaere-am-30-juni-2020-um-900-uhr-schweizer-zeit","status":"publish","type":"post","link":"https:\/\/www.leclanche.com\/de\/einladung-zur-kommenden-ordentlichen-generalversammlung-der-aktionaere-am-30-juni-2020-um-900-uhr-schweizer-zeit\/","title":{"rendered":"Einladung zur kommenden ordentlichen Generalversammlung der Aktion\u00e4re am 30. Juni 2020 um 9:00 Uhr Schweizer Zeit"},"content":{"rendered":"<ul>\n<li><i><em>Leclanch\u00e9 SA beruft seine ordentliche Jahreshauptversammlung f\u00fcr den 30. Juni 2020 ein<\/em><\/i><\/li>\n<\/ul>\n<ul>\n<li><em>Der Verwaltungsrat schl\u00e4gt die Umwandlung von Schulden in H\u00f6he von 50,9 Millionen CHF gegen\u00fcber FEFAM in Aktien der Gesellschaft vor, um die Bilanz zu st\u00e4rken<\/em><\/li>\n<\/ul>\n<ul>\n<li><em>Herr Christophe Manset wird als neuer Direktor vorgeschlagen als Ersatz f\u00fcr Herrn David Anthony Ishag, der sich nicht zur Wiederwahl stellt.<\/em><\/li>\n<\/ul>\n<p>&nbsp;<\/p>\n<p><strong>YVERDON-LES-BAINS, Schweiz, 9. Juni <\/strong><strong>2020 <\/strong>\u2013 <a href=\"https:\/\/www.leclanche.com\">Leclanch\u00e9 SA <\/a>(SIX: LECN), eines der weltweit f\u00fchrenden Unternehmen im Bereich der Energiespeicherung, beruft seine ordentliche Generalversammlung am 30. Juni 2020 um 9.00 Uhr Schweizer Zeit ein.<\/p>\n<p>Wichtige Informationen zu COVID-19 &#8211; Pers\u00f6nliche Teilnahme an der Jahreshauptversammlung nicht erlaubt<\/p>\n<p>Die Schweizer Bundesregierung hat private und \u00f6ffentliche Veranstaltungen und Zusammenk\u00fcnfte von Menschen verboten, um die weitere Verbreitung der Coronavirus-Krankheit (COVID-19) zu verhindern. Gest\u00fctzt auf Artikel 6f der Verordnung 2 \u00fcber Massnahmen zur Bek\u00e4mpfung des COVID-19 hat der Verwaltungsrat deshalb beschlossen, dass die Aktion\u00e4re der Leclanch\u00e9 S.A. ihre Rechte an der Generalversammlung vom 30. Juni 2020 ausschliesslich durch den unabh\u00e4ngigen Stimmrechtsvertreter aus\u00fcben k\u00f6nnen. Die pers\u00f6nliche Teilnahme von Aktion\u00e4ren oder Aktion\u00e4rsvertretern mit Ausnahme des Unabh\u00e4ngigen Vertreters ist nicht gestattet. Diese Massnahme erm\u00f6glicht es, die Jahreshauptversammlung trotz der aktuellen Situation abzuhalten. Wie Sie den unabh\u00e4ngigen Vertreter bevollm\u00e4chtigen und instruieren k\u00f6nnen, entnehmen Sie bitte der Einladung im Abschnitt &#8222;Vertretung&#8220;.<\/p>\n<p>Die Aktion\u00e4re sind eingeladen, an der Live-\u00dcbertragung der ordentlichen Generalversammlung vom 30. Juni 2020 um 9.00 Uhr Schweizer Zeit in Deutsch, Englisch oder Franz\u00f6sisch teilzunehmen. Fragen k\u00f6nnen w\u00e4hrend des Webcasts \u00fcber ein Online-Tool schriftlich eingereicht werden und werden am Ende der Versammlung beantwortet. Weitere Rechte (einschliesslich Stimmrechte) k\u00f6nnen vor der Generalversammlung ausschliesslich durch den unabh\u00e4ngigen Stimmrechtsvertreter ausge\u00fcbt werden (siehe Abschnitt \u201eVertretung&#8220; weiter unten). Der Link zum Webcast lautet wie folgt: <a href=\"https:\/\/live.kudoway.eu\/ad\/220218461818\">https:\/\/live.kudoway.eu\/ad\/220218461818<\/a><\/p>\n<p>Unter den Beschl\u00fcssen, die den Aktion\u00e4ren zur Genehmigung vorgelegt werden, schl\u00e4gt der Verwaltungsrat die Umwandlung von 50,9 Millionen CHF Schulden, die bei FEFAM<a href=\"#_ftn1\" name=\"_ftnref1\">[1]<\/a> , dem Hauptaktion\u00e4r des Unternehmens, aufgenommen wurden, in Eigenkapital vor. Diese mit FEFAM ausgehandelte Restrukturierungsmassnahme wird die Bilanz st\u00e4rken und das anhaltende Interesse an Investitionen in das Unternehmen w\u00e4hrend einer Periode des starken Wachstums des Auftragsbestands im schnell wachsenden e-Transport-Sektor f\u00f6rdern.<\/p>\n<p>Zus\u00e4tzlich schl\u00e4gt der Verwaltungsrat die Wahl von Herrn Christophe Manset in den Verwaltungsrat vor. Herr Manset wurde dem Verwaltungsrat von FEFAM vorgestellt, um den sich nicht zur Wiederwahl stellenden Herrn David Anthony Ishag zu ersetzen.<\/p>\n<p><strong>Agenda<\/strong><\/p>\n<ol>\n<li>Gesch\u00e4ftsbericht 2019, Konzernabschluss 2019, Jahresabschluss 2019 und Verg\u00fctungsbericht 2019 der Leclanch\u00e9 S.A.<\/li>\n<li>Entlastung des Verwaltungsrats<\/li>\n<li>Gewinnverwendung aus der Bilanz<\/li>\n<li>Wahlen Vorstand<\/li>\n<li>Wahl der Rechnungspr\u00fcfer<\/li>\n<li>Wahl des Unabh\u00e4ngigen Vertreters<\/li>\n<li>Teil\u00e4nderung der Satzung \/ Verl\u00e4ngerung der Frist f\u00fcr die Aus\u00fcbung des genehmigten Grundkapitals (Art. 3quater)<\/li>\n<li>Teil\u00e4nderung der Satzung \/ Schaffung von bedingtem Aktienkapital (Art. 3quinquies)<\/li>\n<li>Umwandlung von Schulden in Eigenkapital<\/li>\n<li>Aufrechnung kumulierter Verluste mit Kapitaleinlagereserven<\/li>\n<li>Abstimmung \u00fcber die Verg\u00fctung des Verwaltungsrats und der Konzernleitung<\/li>\n<\/ol>\n<p><strong> II. Gesch\u00e4ftsbericht<\/strong><\/p>\n<p><strong>III. Partizipations- und Stimmrechte<\/strong><\/p>\n<p><strong>IV. Vertretung<\/strong><\/p>\n<p><strong>V. Abstimmungsanweisung<\/strong><\/p>\n<p>Die vollst\u00e4ndige Agenda ist auf Franz\u00f6sisch und Englisch auf der Leclanch\u00e9 Website abrufbar. <a href=\"https:\/\/www.leclanche.com\/press-releases\/\">https:\/\/www.leclanche.com\/press-releases\/<\/a><\/p>\n<p>Weitere Informationen erhalten Sie bei <a href=\"mailto:info@leclanche.com\">info@leclanche.com<\/a> oder auf <a href=\"https:\/\/www.leclanche.com\/\">www.leclanche.com<\/a>.<\/p>\n<p>&nbsp;<\/p>\n<p><strong>\u00dcber Leclanch\u00e9 <\/strong><\/p>\n<p>Leclanch\u00e9 SA mit Sitz in der Schweiz ist ein f\u00fchrender Anbieter von hochwertigen Energiespeicherl\u00f6sungen, welche die Fortschritte in Richtung einer sauberen Energiezukunft beschleunigen sollen. Die Geschichte und das Erbe von Leclanch\u00e9 wurzeln in mehr als 100 Jahren innovativer Entwicklung von Batterien und Energiespeichern \u2013 das Unternehmen ist ein zuverl\u00e4ssiger Anbieter von Energiespeicherl\u00f6sungen weltweit. Dies, kombiniert mit der Unternehmenskultur des deutschen Maschinenbaus und der Schweizer Pr\u00e4zision und Qualit\u00e4t, macht Leclanch\u00e9 zum bevorzugten Partner f\u00fcr neue Markteilnehmer, etablierte Unternehmen und Regierungen, die an der Spitze positiver Ver\u00e4nderungen in der weltweiten Energieerzeugung und -verteilung sowie ihres Verbrauchs stehen. Der Energiewandel wird haupts\u00e4chlich durch Ver\u00e4nderungen im Management der Stromnetze und in der Elektrifizierung des Transports vorangetrieben; beide M\u00e4rkte sind das R\u00fcckgrat der Strategie und des Gesch\u00e4ftsmodells von Leclanch\u00e9. Die Produkte von Leclanch\u00e9 sind das Herzst\u00fcck der Konvergenz der Verkehrselektrifizierung und der Entwicklung des Verteilungsnetzes. Leclanch\u00e9 ist das einzige weltweit gelistete, reine Energiespeicherunternehmen, das in drei Gesch\u00e4ftseinheiten organisiert ist: station\u00e4re Speicherl\u00f6sungen,<br \/>\ne-Transportl\u00f6sungen und spezielle Batteriesysteme. Leclanch\u00e9 ist an der Schweizer B\u00f6rse notiert (SIX: LECN).<\/p>\n<p>SIX Swiss Exchange: ticker symbol LECN | ISIN CH 011 030 311 9<\/p>\n<p><strong>Haftungsausschluss<br \/>\n<\/strong>Diese Pressemitteilung enth\u00e4lt bestimmte in die Zukunft gerichtete Aussagen \u00fcber die Aktivit\u00e4ten von Leclanch\u00e9, die durch Begriffe wie \u201estrategisch&#8220;, \u201evorgeschlagen&#8220;, \u201eeingef\u00fchrt&#8220;, \u201ewird&#8220;, \u201egeplant&#8220;, \u201eerwartet&#8220;, \u201eVerpflichtung&#8220;, \u201eerwarten&#8220;, \u201eprognostizieren&#8220;, \u201eetabliert&#8220;, \u201evorbereiten&#8220;, \u201eplanen&#8220;, \u201esch\u00e4tzen&#8220;, \u201eZiele&#8220;, \u201ew\u00fcrden&#8220;, \u201epotenziell&#8220; und \u201eerwarten&#8220; gekennzeichnet sein k\u00f6nnen, \u201eSch\u00e4tzung&#8220;, \u201eAngebot&#8220; oder \u00e4hnliche Ausdr\u00fccke oder durch ausdr\u00fcckliche oder implizite Diskussionen \u00fcber den Hochlauf der Produktionskapazit\u00e4ten von Leclanch\u00e9, m\u00f6gliche Anwendungen bestehender Produkte oder potenzielle zuk\u00fcnftige Einnahmen aus solchen Produkten oder potenzielle zuk\u00fcnftige Verk\u00e4ufe oder Gewinne von Leclanch\u00e9 oder einer seiner Gesch\u00e4ftseinheiten. Sie sollten sich nicht zu sehr auf diese Aussagen verlassen. Diese zukunftsgerichteten Aussagen spiegeln die aktuellen Ansichten von Leclanch\u00e9 \u00fcber zuk\u00fcnftige Ereignisse wider und beinhalten bekannte und unbekannte Risiken, Unsicherheiten und andere Faktoren, die dazu f\u00fchren k\u00f6nnen, dass die tats\u00e4chlichen Ergebnisse wesentlich von den zuk\u00fcnftigen Ergebnissen, Leistungen oder Errungenschaften abweichen, die in diesen Aussagen ausdr\u00fccklich oder implizit zum Ausdruck kommen. Es gibt keine Garantie daf\u00fcr, dass die Produkte von Leclanch\u00e9 ein bestimmtes Umsatzniveau erreichen. Es gibt auch keine Garantie daf\u00fcr, dass Leclanch\u00e9 oder eine seiner Gesch\u00e4ftseinheiten bestimmte finanzielle Ergebnisse erzielen wird.<\/p>\n<p>&nbsp;<\/p>\n<p><strong>Kontakte<\/strong><\/p>\n<p><strong>Medien Schweiz \/Europa<\/strong><strong>:<\/strong><\/p>\n<p>Thierry Meyer<\/p>\n<p>T: +41 (0) 79\u00a0785 35 81<\/p>\n<p>E-mail: <a href=\"mailto:tme@dynamicsgroup.ch\">tme@dynamicsgroup.ch<\/a><\/p>\n<p>&nbsp;<\/p>\n<p><strong>Medien Nordamerika:<\/strong><\/p>\n<p>Rick Anderson<\/p>\n<p>T: +1-718-986-1596<\/p>\n<p>&nbsp;<\/p>\n<p>Henry Feintuch<\/p>\n<p>T: +1-212-808-4901<\/p>\n<p>E-mail: <a href=\"mailto:leclanche@feintuchpr.com\">leclanche@feintuchpr.com<\/a><\/p>\n<p>&nbsp;<\/p>\n<p><strong>Medien Deutschland:<\/strong><\/p>\n<p>Christoph Miller<\/p>\n<p>T: +49 (0) 711 947 670<\/p>\n<p>E-mail: <a href=\"mailto:leclanche@sympra.de\">leclanche@sympra.de<\/a><\/p>\n<p>&nbsp;<\/p>\n<p><strong>Ansprechpartner f\u00fcr Investoren<\/strong><strong>:<\/strong><\/p>\n<p>Anil Srivastava \/ Hubert Angleys<\/p>\n<p>T: +41 (0) 24 424 65 00<\/p>\n<p>E-mail: <a href=\"mailto:invest.leclanche@leclanche.com\">invest.leclanche@leclanche.com<\/a><\/p>\n<p>&nbsp;<\/p>\n<p><a href=\"#_ftnref1\" name=\"_ftn1\">[1]<\/a> FEFAM steht f\u00fcr: AM INVESTMENT SCA, SICAV-SIF &#8211; Illiquid Assets Sub-Fund, zusammen mit FINEXIS EQUITY FUND &#8211; Renewable Energy Sub-Fund, FINEXIS EQUITY FUND &#8211; Multi Asset Strategy Sub-Fund, FINEXIS EQUITY FUND &#8211; E Money Strategies Sub-Fund (auch als Energy Storage Invest bezeichnet); alle diese Fonds sind gemeinsam der Hauptaktion\u00e4r von Leclanch\u00e9, nachstehend als \u201eFEFAM&#8220; bezeichnet.<\/p>\n<p>&nbsp;<\/p>\n<p><a href=\"https:\/\/www.leclanche.com\/wp-content\/uploads\/2020\/06\/20200609_Leclanche_AGM-Invitation-PR_DE.pdf\"><img loading=\"lazy\" decoding=\"async\" class=\"alignnone size-full wp-image-6277\" src=\"https:\/\/www.leclanche.com\/wp-content\/uploads\/2020\/04\/HERUNTERLADEN.png\" alt=\"\" width=\"213\" height=\"39\" \/><\/a><\/p>\n","protected":false},"excerpt":{"rendered":"<p>Leclanch\u00e9 SA beruft seine ordentliche Jahreshauptversammlung f\u00fcr den 30. Juni 2020 ein Der Verwaltungsrat schl\u00e4gt die Umwandlung von Schulden in H\u00f6he von 50,9 Millionen CHF gegen\u00fcber FEFAM in Aktien der Gesellschaft vor, um die Bilanz zu st\u00e4rken Herr Christophe Manset wird als neuer Direktor vorgeschlagen als Ersatz f\u00fcr Herrn David Anthony Ishag, der sich nicht [&hellip;]<\/p>\n","protected":false},"author":2,"featured_media":0,"comment_status":"closed","ping_status":"open","sticky":false,"template":"","format":"standard","meta":{"footnotes":""},"categories":[48,109],"tags":[],"class_list":["post-9668","post","type-post","status-publish","format-standard","hentry","category-pressemitteilung","category-weitere-pressemitteilungen"],"yoast_head":"<!-- This site is optimized with the Yoast SEO plugin v26.4 - https:\/\/yoast.com\/wordpress\/plugins\/seo\/ -->\n<title>Einladung zur kommenden ordentlichen Generalversammlung der Aktion\u00e4re am 30. Juni 2020 um 9:00 Uhr Schweizer Zeit - Leclanch\u00e9<\/title>\n<meta name=\"description\" content=\"Leclanch\u00e9 SA beruft seine ordentliche Jahreshauptversammlung f\u00fcr den 30. Juni 2020 ein Der Verwaltungsrat schl\u00e4gt die Umwandlung von Schulden in H\u00f6he von\" \/>\n<meta name=\"robots\" content=\"index, follow, max-snippet:-1, max-image-preview:large, max-video-preview:-1\" \/>\n<link rel=\"canonical\" href=\"https:\/\/www.leclanche.com\/de\/einladung-zur-kommenden-ordentlichen-generalversammlung-der-aktionaere-am-30-juni-2020-um-900-uhr-schweizer-zeit\/\" \/>\n<meta property=\"og:locale\" content=\"de_DE\" \/>\n<meta property=\"og:type\" content=\"article\" \/>\n<meta property=\"og:title\" content=\"Einladung zur kommenden ordentlichen Generalversammlung der Aktion\u00e4re am 30. Juni 2020 um 9:00 Uhr Schweizer Zeit - Leclanch\u00e9\" \/>\n<meta property=\"og:description\" content=\"Leclanch\u00e9 SA beruft seine ordentliche Jahreshauptversammlung f\u00fcr den 30. Juni 2020 ein Der Verwaltungsrat schl\u00e4gt die Umwandlung von Schulden in H\u00f6he von\" \/>\n<meta property=\"og:url\" content=\"https:\/\/www.leclanche.com\/de\/einladung-zur-kommenden-ordentlichen-generalversammlung-der-aktionaere-am-30-juni-2020-um-900-uhr-schweizer-zeit\/\" \/>\n<meta property=\"og:site_name\" content=\"Leclanch\u00e9\" \/>\n<meta property=\"article:published_time\" content=\"2020-06-09T03:50:30+00:00\" \/>\n<meta property=\"article:modified_time\" content=\"2021-04-21T14:49:06+00:00\" \/>\n<meta property=\"og:image\" content=\"https:\/\/www.leclanche.com\/wp-content\/uploads\/2020\/04\/HERUNTERLADEN.png\" \/>\n<meta name=\"author\" content=\"Annick.Bid\" \/>\n<meta name=\"twitter:card\" content=\"summary_large_image\" \/>\n<meta name=\"twitter:label1\" content=\"Verfasst von\" \/>\n\t<meta name=\"twitter:data1\" content=\"Annick.Bid\" \/>\n\t<meta name=\"twitter:label2\" content=\"Gesch\u00e4tzte Lesezeit\" \/>\n\t<meta name=\"twitter:data2\" content=\"5\u00a0Minuten\" \/>\n<script type=\"application\/ld+json\" class=\"yoast-schema-graph\">{\"@context\":\"https:\/\/schema.org\",\"@graph\":[{\"@type\":\"WebPage\",\"@id\":\"https:\/\/www.leclanche.com\/de\/einladung-zur-kommenden-ordentlichen-generalversammlung-der-aktionaere-am-30-juni-2020-um-900-uhr-schweizer-zeit\/\",\"url\":\"https:\/\/www.leclanche.com\/de\/einladung-zur-kommenden-ordentlichen-generalversammlung-der-aktionaere-am-30-juni-2020-um-900-uhr-schweizer-zeit\/\",\"name\":\"Einladung zur kommenden ordentlichen Generalversammlung der Aktion\u00e4re am 30. Juni 2020 um 9:00 Uhr Schweizer Zeit - Leclanch\u00e9\",\"isPartOf\":{\"@id\":\"https:\/\/www.leclanche.com\/de\/#website\"},\"primaryImageOfPage\":{\"@id\":\"https:\/\/www.leclanche.com\/de\/einladung-zur-kommenden-ordentlichen-generalversammlung-der-aktionaere-am-30-juni-2020-um-900-uhr-schweizer-zeit\/#primaryimage\"},\"image\":{\"@id\":\"https:\/\/www.leclanche.com\/de\/einladung-zur-kommenden-ordentlichen-generalversammlung-der-aktionaere-am-30-juni-2020-um-900-uhr-schweizer-zeit\/#primaryimage\"},\"thumbnailUrl\":\"https:\/\/www.leclanche.com\/wp-content\/uploads\/2020\/04\/HERUNTERLADEN.png\",\"datePublished\":\"2020-06-09T03:50:30+00:00\",\"dateModified\":\"2021-04-21T14:49:06+00:00\",\"author\":{\"@id\":\"https:\/\/www.leclanche.com\/de\/#\/schema\/person\/7ef725388a3f2b409a32cfa92059aa64\"},\"description\":\"Leclanch\u00e9 SA beruft seine ordentliche Jahreshauptversammlung f\u00fcr den 30. Juni 2020 ein Der Verwaltungsrat schl\u00e4gt die Umwandlung von Schulden in H\u00f6he von\",\"breadcrumb\":{\"@id\":\"https:\/\/www.leclanche.com\/de\/einladung-zur-kommenden-ordentlichen-generalversammlung-der-aktionaere-am-30-juni-2020-um-900-uhr-schweizer-zeit\/#breadcrumb\"},\"inLanguage\":\"de\",\"potentialAction\":[{\"@type\":\"ReadAction\",\"target\":[\"https:\/\/www.leclanche.com\/de\/einladung-zur-kommenden-ordentlichen-generalversammlung-der-aktionaere-am-30-juni-2020-um-900-uhr-schweizer-zeit\/\"]}]},{\"@type\":\"ImageObject\",\"inLanguage\":\"de\",\"@id\":\"https:\/\/www.leclanche.com\/de\/einladung-zur-kommenden-ordentlichen-generalversammlung-der-aktionaere-am-30-juni-2020-um-900-uhr-schweizer-zeit\/#primaryimage\",\"url\":\"https:\/\/www.leclanche.com\/wp-content\/uploads\/2020\/04\/HERUNTERLADEN.png\",\"contentUrl\":\"https:\/\/www.leclanche.com\/wp-content\/uploads\/2020\/04\/HERUNTERLADEN.png\"},{\"@type\":\"BreadcrumbList\",\"@id\":\"https:\/\/www.leclanche.com\/de\/einladung-zur-kommenden-ordentlichen-generalversammlung-der-aktionaere-am-30-juni-2020-um-900-uhr-schweizer-zeit\/#breadcrumb\",\"itemListElement\":[{\"@type\":\"ListItem\",\"position\":1,\"name\":\"Accueil\",\"item\":\"https:\/\/www.leclanche.com\/de\/\"},{\"@type\":\"ListItem\",\"position\":2,\"name\":\"Einladung zur kommenden ordentlichen Generalversammlung der Aktion\u00e4re am 30. Juni 2020 um 9:00 Uhr Schweizer Zeit\"}]},{\"@type\":\"WebSite\",\"@id\":\"https:\/\/www.leclanche.com\/de\/#website\",\"url\":\"https:\/\/www.leclanche.com\/de\/\",\"name\":\"Leclanch\u00e9\",\"description\":\"Energy Storage Solutions\",\"potentialAction\":[{\"@type\":\"SearchAction\",\"target\":{\"@type\":\"EntryPoint\",\"urlTemplate\":\"https:\/\/www.leclanche.com\/de\/?s={search_term_string}\"},\"query-input\":{\"@type\":\"PropertyValueSpecification\",\"valueRequired\":true,\"valueName\":\"search_term_string\"}}],\"inLanguage\":\"de\"},{\"@type\":\"Person\",\"@id\":\"https:\/\/www.leclanche.com\/de\/#\/schema\/person\/7ef725388a3f2b409a32cfa92059aa64\",\"name\":\"Annick.Bid\",\"image\":{\"@type\":\"ImageObject\",\"inLanguage\":\"de\",\"@id\":\"https:\/\/www.leclanche.com\/de\/#\/schema\/person\/image\/\",\"url\":\"https:\/\/secure.gravatar.com\/avatar\/0fe6baaabc318280db3d0e10c43b8017aa89b961c16e819765bd4fb65396af34?s=96&d=mm&r=g\",\"contentUrl\":\"https:\/\/secure.gravatar.com\/avatar\/0fe6baaabc318280db3d0e10c43b8017aa89b961c16e819765bd4fb65396af34?s=96&d=mm&r=g\",\"caption\":\"Annick.Bid\"},\"url\":\"https:\/\/www.leclanche.com\/de\/author\/annick-bid\/\"}]}<\/script>\n<!-- \/ Yoast SEO plugin. -->","yoast_head_json":{"title":"Einladung zur kommenden ordentlichen Generalversammlung der Aktion\u00e4re am 30. Juni 2020 um 9:00 Uhr Schweizer Zeit - Leclanch\u00e9","description":"Leclanch\u00e9 SA beruft seine ordentliche Jahreshauptversammlung f\u00fcr den 30. Juni 2020 ein Der Verwaltungsrat schl\u00e4gt die Umwandlung von Schulden in H\u00f6he von","robots":{"index":"index","follow":"follow","max-snippet":"max-snippet:-1","max-image-preview":"max-image-preview:large","max-video-preview":"max-video-preview:-1"},"canonical":"https:\/\/www.leclanche.com\/de\/einladung-zur-kommenden-ordentlichen-generalversammlung-der-aktionaere-am-30-juni-2020-um-900-uhr-schweizer-zeit\/","og_locale":"de_DE","og_type":"article","og_title":"Einladung zur kommenden ordentlichen Generalversammlung der Aktion\u00e4re am 30. Juni 2020 um 9:00 Uhr Schweizer Zeit - Leclanch\u00e9","og_description":"Leclanch\u00e9 SA beruft seine ordentliche Jahreshauptversammlung f\u00fcr den 30. Juni 2020 ein Der Verwaltungsrat schl\u00e4gt die Umwandlung von Schulden in H\u00f6he von","og_url":"https:\/\/www.leclanche.com\/de\/einladung-zur-kommenden-ordentlichen-generalversammlung-der-aktionaere-am-30-juni-2020-um-900-uhr-schweizer-zeit\/","og_site_name":"Leclanch\u00e9","article_published_time":"2020-06-09T03:50:30+00:00","article_modified_time":"2021-04-21T14:49:06+00:00","og_image":[{"url":"https:\/\/www.leclanche.com\/wp-content\/uploads\/2020\/04\/HERUNTERLADEN.png","type":"","width":"","height":""}],"author":"Annick.Bid","twitter_card":"summary_large_image","twitter_misc":{"Verfasst von":"Annick.Bid","Gesch\u00e4tzte Lesezeit":"5\u00a0Minuten"},"schema":{"@context":"https:\/\/schema.org","@graph":[{"@type":"WebPage","@id":"https:\/\/www.leclanche.com\/de\/einladung-zur-kommenden-ordentlichen-generalversammlung-der-aktionaere-am-30-juni-2020-um-900-uhr-schweizer-zeit\/","url":"https:\/\/www.leclanche.com\/de\/einladung-zur-kommenden-ordentlichen-generalversammlung-der-aktionaere-am-30-juni-2020-um-900-uhr-schweizer-zeit\/","name":"Einladung zur kommenden ordentlichen Generalversammlung der Aktion\u00e4re am 30. Juni 2020 um 9:00 Uhr Schweizer Zeit - Leclanch\u00e9","isPartOf":{"@id":"https:\/\/www.leclanche.com\/de\/#website"},"primaryImageOfPage":{"@id":"https:\/\/www.leclanche.com\/de\/einladung-zur-kommenden-ordentlichen-generalversammlung-der-aktionaere-am-30-juni-2020-um-900-uhr-schweizer-zeit\/#primaryimage"},"image":{"@id":"https:\/\/www.leclanche.com\/de\/einladung-zur-kommenden-ordentlichen-generalversammlung-der-aktionaere-am-30-juni-2020-um-900-uhr-schweizer-zeit\/#primaryimage"},"thumbnailUrl":"https:\/\/www.leclanche.com\/wp-content\/uploads\/2020\/04\/HERUNTERLADEN.png","datePublished":"2020-06-09T03:50:30+00:00","dateModified":"2021-04-21T14:49:06+00:00","author":{"@id":"https:\/\/www.leclanche.com\/de\/#\/schema\/person\/7ef725388a3f2b409a32cfa92059aa64"},"description":"Leclanch\u00e9 SA beruft seine ordentliche Jahreshauptversammlung f\u00fcr den 30. Juni 2020 ein Der Verwaltungsrat schl\u00e4gt die Umwandlung von Schulden in H\u00f6he von","breadcrumb":{"@id":"https:\/\/www.leclanche.com\/de\/einladung-zur-kommenden-ordentlichen-generalversammlung-der-aktionaere-am-30-juni-2020-um-900-uhr-schweizer-zeit\/#breadcrumb"},"inLanguage":"de","potentialAction":[{"@type":"ReadAction","target":["https:\/\/www.leclanche.com\/de\/einladung-zur-kommenden-ordentlichen-generalversammlung-der-aktionaere-am-30-juni-2020-um-900-uhr-schweizer-zeit\/"]}]},{"@type":"ImageObject","inLanguage":"de","@id":"https:\/\/www.leclanche.com\/de\/einladung-zur-kommenden-ordentlichen-generalversammlung-der-aktionaere-am-30-juni-2020-um-900-uhr-schweizer-zeit\/#primaryimage","url":"https:\/\/www.leclanche.com\/wp-content\/uploads\/2020\/04\/HERUNTERLADEN.png","contentUrl":"https:\/\/www.leclanche.com\/wp-content\/uploads\/2020\/04\/HERUNTERLADEN.png"},{"@type":"BreadcrumbList","@id":"https:\/\/www.leclanche.com\/de\/einladung-zur-kommenden-ordentlichen-generalversammlung-der-aktionaere-am-30-juni-2020-um-900-uhr-schweizer-zeit\/#breadcrumb","itemListElement":[{"@type":"ListItem","position":1,"name":"Accueil","item":"https:\/\/www.leclanche.com\/de\/"},{"@type":"ListItem","position":2,"name":"Einladung zur kommenden ordentlichen Generalversammlung der Aktion\u00e4re am 30. Juni 2020 um 9:00 Uhr Schweizer Zeit"}]},{"@type":"WebSite","@id":"https:\/\/www.leclanche.com\/de\/#website","url":"https:\/\/www.leclanche.com\/de\/","name":"Leclanch\u00e9","description":"Energy Storage Solutions","potentialAction":[{"@type":"SearchAction","target":{"@type":"EntryPoint","urlTemplate":"https:\/\/www.leclanche.com\/de\/?s={search_term_string}"},"query-input":{"@type":"PropertyValueSpecification","valueRequired":true,"valueName":"search_term_string"}}],"inLanguage":"de"},{"@type":"Person","@id":"https:\/\/www.leclanche.com\/de\/#\/schema\/person\/7ef725388a3f2b409a32cfa92059aa64","name":"Annick.Bid","image":{"@type":"ImageObject","inLanguage":"de","@id":"https:\/\/www.leclanche.com\/de\/#\/schema\/person\/image\/","url":"https:\/\/secure.gravatar.com\/avatar\/0fe6baaabc318280db3d0e10c43b8017aa89b961c16e819765bd4fb65396af34?s=96&d=mm&r=g","contentUrl":"https:\/\/secure.gravatar.com\/avatar\/0fe6baaabc318280db3d0e10c43b8017aa89b961c16e819765bd4fb65396af34?s=96&d=mm&r=g","caption":"Annick.Bid"},"url":"https:\/\/www.leclanche.com\/de\/author\/annick-bid\/"}]}},"_links":{"self":[{"href":"https:\/\/www.leclanche.com\/de\/wp-json\/wp\/v2\/posts\/9668","targetHints":{"allow":["GET"]}}],"collection":[{"href":"https:\/\/www.leclanche.com\/de\/wp-json\/wp\/v2\/posts"}],"about":[{"href":"https:\/\/www.leclanche.com\/de\/wp-json\/wp\/v2\/types\/post"}],"author":[{"embeddable":true,"href":"https:\/\/www.leclanche.com\/de\/wp-json\/wp\/v2\/users\/2"}],"replies":[{"embeddable":true,"href":"https:\/\/www.leclanche.com\/de\/wp-json\/wp\/v2\/comments?post=9668"}],"version-history":[{"count":0,"href":"https:\/\/www.leclanche.com\/de\/wp-json\/wp\/v2\/posts\/9668\/revisions"}],"wp:attachment":[{"href":"https:\/\/www.leclanche.com\/de\/wp-json\/wp\/v2\/media?parent=9668"}],"wp:term":[{"taxonomy":"category","embeddable":true,"href":"https:\/\/www.leclanche.com\/de\/wp-json\/wp\/v2\/categories?post=9668"},{"taxonomy":"post_tag","embeddable":true,"href":"https:\/\/www.leclanche.com\/de\/wp-json\/wp\/v2\/tags?post=9668"}],"curies":[{"name":"wp","href":"https:\/\/api.w.org\/{rel}","templated":true}]}}