{"id":9670,"date":"2020-06-08T05:55:35","date_gmt":"2020-06-08T03:55:35","guid":{"rendered":"https:\/\/www.leclanche.com\/leclanche-gibt-wechsel-im-verwaltungsrat-bekannt\/"},"modified":"2021-04-21T16:58:18","modified_gmt":"2021-04-21T14:58:18","slug":"leclanche-gibt-wechsel-im-verwaltungsrat-bekannt","status":"publish","type":"post","link":"https:\/\/www.leclanche.com\/de\/leclanche-gibt-wechsel-im-verwaltungsrat-bekannt\/","title":{"rendered":"Leclanch\u00e9 gibt Wechsel im Verwaltungsrat bekannt"},"content":{"rendered":"<ul>\n<li><i><em>Herr David Anthony Ishag stellt sich nicht zur Wiederwahl als Mitglied des Verwaltungsrats bei der kommenden Generalversammlung<\/em><\/i><\/li>\n<\/ul>\n<ul>\n<li><em>Der Verwaltungsrat schl\u00e4gt Herrn Christophe Manset als neues Mitglied des Verwaltungsrats vor.<\/em><\/li>\n<\/ul>\n<p><strong>YVERDON-LES-BAINS, Schweiz, 8. Juni <\/strong><strong>2020 <\/strong>\u2013 <a href=\"https:\/\/www.leclanche.com\/\">Leclanch\u00e9 SA<\/a> (SIX: LECN), eines der weltweit f\u00fchrenden Unternehmen im Bereich der Energiespeicherung, gibt bekannt, dass Herr David Anthony Ishag an der kommenden Generalversammlung (GV) nicht zur Wiederwahl als Verwaltungsratsmitglied zur Verf\u00fcgung steht. Der Verwaltungsrat wird Herrn Christophe Manset zur Wahl als neues Mitglied des Verwaltungsrates vorschlagen.<\/p>\n<p>Herr Manset verf\u00fcgt \u00fcber mehr als 10 Jahre Erfahrung in der Verm\u00f6gensverwaltungsbranche in Luxemburg. Er ist Mitarbeiter bei LEVeL mit Schwerpunkt auf alternativen Investmentfonds, die von der luxemburgischen Aufsichtsbeh\u00f6rde reguliert werden. Er verf\u00fcgt \u00fcber besondere Fachkenntnisse in den Bereichen Compliance, Risikomanagement, Revision, Corporate Governance und interne Organisation. Er begann seine Karriere bei EY im Jahr 2009 als Pr\u00fcfungsleiter verantwortlich f\u00fcr die Vorbereitung und Durchf\u00fchrung von Pr\u00fcfungsmissionen mit besonderem Schwerpunkt auf komplexen und spezialisierten Themen. Im Jahr 2016 wechselte Herr Manset zu NN Investment Partners Luxembourg S.A. (NN), einem beaufsichtigten Verwalter alternativer Investmentfonds. Bei NN war er f\u00fcr Projekte verantwortlich, die sich mit der Fondspalette von NN Luxembourg befassten. Im Weiteren war er insbesondere f\u00fcr die Einf\u00fchrung neuer Investitionsvehikel zust\u00e4ndig. Herr Manset hat einen Master-Abschluss in Wirtschaftswissenschaften von der HEC &#8211; Universit\u00e4t L\u00fcttich.Herr Manset wurde von FEFAM<a href=\"#_ftn1\" name=\"_ftnref1\">[1]<\/a> in den Verwaltungsrat vorgeschlagen, um den sich nicht mehr zu Wiederwahl stellenden Herrn David Anthony Ishag zu ersetzen.<\/p>\n<p><strong>Stefan A. M\u00fcller, Vorsitzender des Verwaltungsrats, sagte:<\/strong> <em>\u201eDavid Anthony Ishag war eine wichtige Person f\u00fcr Leclanch\u00e9. Er investierte viel Zeit, &#8222;Herzblut&#8220; und Leidenschaft in das Unternehmen. Mit seinem sehr guten Verst\u00e4ndnis des Produkts und des Marktes hat er geholfen, verschiedene Strategien zu entwickeln. Er stellte Leclanch\u00e9 vielen potenziellen Investoren und strategischen Partnern vor. Dabei vertrat er unseren Mehrheitsaktion\u00e4r sehr gut und unterst\u00fctzte gleichzeitig das Management. Mit Leidenschaft und Weitsicht setzte er sich f\u00fcr die Batterietechnologie ein. Schlie\u00dflich war David ma\u00dfgeblich am Abschluss des Partnerschaftsabkommens mit der Eneris-Gruppe beteiligt, welches wir am 1. Juni 2020 bekannt gegeben haben. Ich m\u00f6chte David im Namen von Leclanch\u00e9 und dem Verwaltungsrat f\u00fcr alles danken, was er in dieses Unternehmen gebracht hat, und ihm alles Gute f\u00fcr die Zukunft w\u00fcnschen.<\/em><\/p>\n<p><em>Herr Manset w\u00fcrde dem Verwaltungsrat von Leclanch\u00e9 eine nachgewiesene Erfahrung im Finanzbereich und in Fragen der Investmentfonds einbringen. Als Berater der in Luxemburg ans\u00e4ssigen FEFAM w\u00fcrde er es Leclanch\u00e9 erm\u00f6glichen, die Beziehungen zu seinem Mehrheitsaktion\u00e4r weiter zu st\u00e4rken.&#8220;<\/em><\/p>\n<p>Weitere Informationen erhalten Sie bei <a href=\"mailto:info@leclanche.com\">info@leclanche.com<\/a> oder auf <a href=\"https:\/\/www.leclanche.com\/\">www.leclanche.com<\/a>.<\/p>\n<p>&nbsp;<\/p>\n<p><strong>\u00dcber Leclanch\u00e9 <\/strong><\/p>\n<p>Leclanch\u00e9 SA mit Sitz in der Schweiz ist ein f\u00fchrender Anbieter von hochwertigen Energiespeicherl\u00f6sungen, welche die Fortschritte in Richtung einer sauberen Energiezukunft beschleunigen sollen. Die Geschichte und das Erbe von Leclanch\u00e9 wurzeln in mehr als 100 Jahren innovativer Entwicklung von Batterien und Energiespeichern \u2013 das Unternehmen ist ein zuverl\u00e4ssiger Anbieter von Energiespeicherl\u00f6sungen weltweit. Dies, kombiniert mit der Unternehmenskultur des deutschen Maschinenbaus und der Schweizer Pr\u00e4zision und Qualit\u00e4t, macht Leclanch\u00e9 zum bevorzugten Partner f\u00fcr neue Markteilnehmer, etablierte Unternehmen und Regierungen, die an der Spitze positiver Ver\u00e4nderungen in der weltweiten Energieerzeugung und -verteilung sowie ihres Verbrauchs stehen. Der Energiewandel wird haupts\u00e4chlich durch Ver\u00e4nderungen im Management der Stromnetze und in der Elektrifizierung des Transports vorangetrieben; beide M\u00e4rkte sind das R\u00fcckgrat der Strategie und des Gesch\u00e4ftsmodells von Leclanch\u00e9. Die Produkte von Leclanch\u00e9 sind das Herzst\u00fcck der Konvergenz der Verkehrselektrifizierung und der Entwicklung des Verteilungsnetzes. Leclanch\u00e9 ist das einzige weltweit gelistete, reine Energiespeicherunternehmen, das in drei Gesch\u00e4ftseinheiten organisiert ist: station\u00e4re Speicherl\u00f6sungen,<br \/>\ne-Transportl\u00f6sungen und spezielle Batteriesysteme. Leclanch\u00e9 ist an der Schweizer B\u00f6rse notiert (SIX: LECN).<\/p>\n<p>SIX Swiss Exchange: ticker symbol LECN | ISIN CH 011 030 311 9<\/p>\n<p><strong>Haftungsausschluss<br \/>\n<\/strong>Diese Pressemitteilung enth\u00e4lt bestimmte in die Zukunft gerichtete Aussagen \u00fcber die Aktivit\u00e4ten von Leclanch\u00e9, die durch Begriffe wie \u201estrategisch&#8220;, \u201evorgeschlagen&#8220;, \u201eeingef\u00fchrt&#8220;, \u201ewird&#8220;, \u201egeplant&#8220;, \u201eerwartet&#8220;, \u201eVerpflichtung&#8220;, \u201eerwarten&#8220;, \u201eprognostizieren&#8220;, \u201eetabliert&#8220;, \u201evorbereiten&#8220;, \u201eplanen&#8220;, \u201esch\u00e4tzen&#8220;, \u201eZiele&#8220;, \u201ew\u00fcrden&#8220;, \u201epotenziell&#8220; und \u201eerwarten&#8220; gekennzeichnet sein k\u00f6nnen, \u201eSch\u00e4tzung&#8220;, \u201eAngebot&#8220; oder \u00e4hnliche Ausdr\u00fccke oder durch ausdr\u00fcckliche oder implizite Diskussionen \u00fcber den Hochlauf der Produktionskapazit\u00e4ten von Leclanch\u00e9, m\u00f6gliche Anwendungen bestehender Produkte oder potenzielle zuk\u00fcnftige Einnahmen aus solchen Produkten oder potenzielle zuk\u00fcnftige Verk\u00e4ufe oder Gewinne von Leclanch\u00e9 oder einer seiner Gesch\u00e4ftseinheiten. Sie sollten sich nicht zu sehr auf diese Aussagen verlassen. Diese zukunftsgerichteten Aussagen spiegeln die aktuellen Ansichten von Leclanch\u00e9 \u00fcber zuk\u00fcnftige Ereignisse wider und beinhalten bekannte und unbekannte Risiken, Unsicherheiten und andere Faktoren, die dazu f\u00fchren k\u00f6nnen, dass die tats\u00e4chlichen Ergebnisse wesentlich von den zuk\u00fcnftigen Ergebnissen, Leistungen oder Errungenschaften abweichen, die in diesen Aussagen ausdr\u00fccklich oder implizit zum Ausdruck kommen. Es gibt keine Garantie daf\u00fcr, dass die Produkte von Leclanch\u00e9 ein bestimmtes Umsatzniveau erreichen. Es gibt auch keine Garantie daf\u00fcr, dass Leclanch\u00e9 oder eine seiner Gesch\u00e4ftseinheiten bestimmte finanzielle Ergebnisse erzielen wird.<\/p>\n<p>&nbsp;<\/p>\n<p><strong>Kontakte<\/strong><\/p>\n<p><strong>Medien Schweiz \/Europa<\/strong><strong>:<\/strong><\/p>\n<p>Thierry Meyer<\/p>\n<p>T: +41 (0) 79\u00a0785 35 81<\/p>\n<p>E-mail: <a href=\"mailto:tme@dynamicsgroup.ch\">tme@dynamicsgroup.ch<\/a><\/p>\n<p>&nbsp;<\/p>\n<p><strong>Medien Nordamerika:<\/strong><\/p>\n<p>Rick Anderson<\/p>\n<p>T: +1-718-986-1596<\/p>\n<p>&nbsp;<\/p>\n<p>Henry Feintuch<\/p>\n<p>T: +1-212-808-4901<\/p>\n<p>E-mail: <a href=\"mailto:leclanche@feintuchpr.com\">leclanche@feintuchpr.com<\/a><\/p>\n<p>&nbsp;<\/p>\n<p><strong>Medien Deutschland:<\/strong><\/p>\n<p>Christoph Miller<\/p>\n<p>T: +49 (0) 711 947 670<\/p>\n<p>E-mail: <a href=\"mailto:leclanche@sympra.de\">leclanche@sympra.de<\/a><\/p>\n<p>&nbsp;<\/p>\n<p><strong>Ansprechpartner f\u00fcr Investoren<\/strong><strong>:<\/strong><\/p>\n<p>Anil Srivastava \/ Hubert Angleys<\/p>\n<p>T: +41 (0) 24 424 65 00<\/p>\n<p>E-mail: <a href=\"mailto:invest.leclanche@leclanche.com\">invest.leclanche@leclanche.com<\/a><\/p>\n<p>&nbsp;<\/p>\n<p><a href=\"#_ftnref1\" name=\"_ftn1\">[1]<\/a> FEFAM steht f\u00fcr: AM INVESTMENT SCA, SICAV-SIF &#8211; Illiquid Assets Sub-Fund, zusammen mit FINEXIS EQUITY FUND &#8211; Renewable Energy Sub-Fund, FINEXIS EQUITY FUND &#8211; Multi Asset Strategy Sub-Fund, FINEXIS EQUITY FUND &#8211; E Money Strategies Sub-Fund (auch als Energy Storage Invest bezeichnet); alle diese Fonds gemeinsam sind Hauptaktion\u00e4r von Leclanch\u00e9, nachstehend als \u201eFEFAM&#8220; bezeichnet.<\/p>\n<p>&nbsp;<\/p>\n<p><a href=\"https:\/\/www.leclanche.com\/wp-content\/uploads\/2020\/06\/20200608_Leclanche_New-Board-Director-PR_DE.pdf\"><img loading=\"lazy\" decoding=\"async\" class=\"alignnone size-full wp-image-6277\" src=\"https:\/\/www.leclanche.com\/wp-content\/uploads\/2020\/04\/HERUNTERLADEN.png\" alt=\"\" width=\"213\" height=\"39\" \/><\/a><\/p>\n","protected":false},"excerpt":{"rendered":"<p>Herr David Anthony Ishag stellt sich nicht zur Wiederwahl als Mitglied des Verwaltungsrats bei der kommenden Generalversammlung Der Verwaltungsrat schl\u00e4gt Herrn Christophe Manset als neues Mitglied des Verwaltungsrats vor. YVERDON-LES-BAINS, Schweiz, 8. Juni 2020 \u2013 Leclanch\u00e9 SA (SIX: LECN), eines der weltweit f\u00fchrenden Unternehmen im Bereich der Energiespeicherung, gibt bekannt, dass Herr David Anthony Ishag [&hellip;]<\/p>\n","protected":false},"author":2,"featured_media":0,"comment_status":"closed","ping_status":"open","sticky":false,"template":"","format":"standard","meta":{"footnotes":""},"categories":[48,109],"tags":[],"class_list":["post-9670","post","type-post","status-publish","format-standard","hentry","category-pressemitteilung","category-weitere-pressemitteilungen"],"yoast_head":"<!-- This site is optimized with the Yoast SEO plugin v26.4 - https:\/\/yoast.com\/wordpress\/plugins\/seo\/ -->\n<title>Leclanch\u00e9 gibt Wechsel im Verwaltungsrat bekannt - Leclanch\u00e9<\/title>\n<meta name=\"description\" content=\"Herr David Anthony Ishag stellt sich nicht zur Wiederwahl als Mitglied des Verwaltungsrats bei der kommenden Generalversammlung Der Verwaltungsrat schl\u00e4gt\" \/>\n<meta name=\"robots\" content=\"index, follow, max-snippet:-1, max-image-preview:large, max-video-preview:-1\" \/>\n<link rel=\"canonical\" href=\"https:\/\/www.leclanche.com\/de\/leclanche-gibt-wechsel-im-verwaltungsrat-bekannt\/\" \/>\n<meta property=\"og:locale\" content=\"de_DE\" \/>\n<meta property=\"og:type\" content=\"article\" \/>\n<meta property=\"og:title\" content=\"Leclanch\u00e9 gibt Wechsel im Verwaltungsrat bekannt - Leclanch\u00e9\" \/>\n<meta property=\"og:description\" content=\"Herr David Anthony Ishag stellt sich nicht zur Wiederwahl als Mitglied des Verwaltungsrats bei der kommenden Generalversammlung Der Verwaltungsrat schl\u00e4gt\" \/>\n<meta property=\"og:url\" content=\"https:\/\/www.leclanche.com\/de\/leclanche-gibt-wechsel-im-verwaltungsrat-bekannt\/\" \/>\n<meta property=\"og:site_name\" content=\"Leclanch\u00e9\" \/>\n<meta property=\"article:published_time\" content=\"2020-06-08T03:55:35+00:00\" \/>\n<meta property=\"article:modified_time\" content=\"2021-04-21T14:58:18+00:00\" \/>\n<meta property=\"og:image\" content=\"https:\/\/www.leclanche.com\/wp-content\/uploads\/2020\/04\/HERUNTERLADEN.png\" \/>\n<meta name=\"author\" content=\"Annick.Bid\" \/>\n<meta name=\"twitter:card\" content=\"summary_large_image\" \/>\n<meta name=\"twitter:label1\" content=\"Verfasst von\" \/>\n\t<meta name=\"twitter:data1\" content=\"Annick.Bid\" \/>\n\t<meta name=\"twitter:label2\" content=\"Gesch\u00e4tzte Lesezeit\" \/>\n\t<meta name=\"twitter:data2\" content=\"5\u00a0Minuten\" \/>\n<script type=\"application\/ld+json\" class=\"yoast-schema-graph\">{\"@context\":\"https:\/\/schema.org\",\"@graph\":[{\"@type\":\"WebPage\",\"@id\":\"https:\/\/www.leclanche.com\/de\/leclanche-gibt-wechsel-im-verwaltungsrat-bekannt\/\",\"url\":\"https:\/\/www.leclanche.com\/de\/leclanche-gibt-wechsel-im-verwaltungsrat-bekannt\/\",\"name\":\"Leclanch\u00e9 gibt Wechsel im Verwaltungsrat bekannt - Leclanch\u00e9\",\"isPartOf\":{\"@id\":\"https:\/\/www.leclanche.com\/de\/#website\"},\"primaryImageOfPage\":{\"@id\":\"https:\/\/www.leclanche.com\/de\/leclanche-gibt-wechsel-im-verwaltungsrat-bekannt\/#primaryimage\"},\"image\":{\"@id\":\"https:\/\/www.leclanche.com\/de\/leclanche-gibt-wechsel-im-verwaltungsrat-bekannt\/#primaryimage\"},\"thumbnailUrl\":\"https:\/\/www.leclanche.com\/wp-content\/uploads\/2020\/04\/HERUNTERLADEN.png\",\"datePublished\":\"2020-06-08T03:55:35+00:00\",\"dateModified\":\"2021-04-21T14:58:18+00:00\",\"author\":{\"@id\":\"https:\/\/www.leclanche.com\/de\/#\/schema\/person\/7ef725388a3f2b409a32cfa92059aa64\"},\"description\":\"Herr David Anthony Ishag stellt sich nicht zur Wiederwahl als Mitglied des Verwaltungsrats bei der kommenden Generalversammlung Der Verwaltungsrat schl\u00e4gt\",\"breadcrumb\":{\"@id\":\"https:\/\/www.leclanche.com\/de\/leclanche-gibt-wechsel-im-verwaltungsrat-bekannt\/#breadcrumb\"},\"inLanguage\":\"de\",\"potentialAction\":[{\"@type\":\"ReadAction\",\"target\":[\"https:\/\/www.leclanche.com\/de\/leclanche-gibt-wechsel-im-verwaltungsrat-bekannt\/\"]}]},{\"@type\":\"ImageObject\",\"inLanguage\":\"de\",\"@id\":\"https:\/\/www.leclanche.com\/de\/leclanche-gibt-wechsel-im-verwaltungsrat-bekannt\/#primaryimage\",\"url\":\"https:\/\/www.leclanche.com\/wp-content\/uploads\/2020\/04\/HERUNTERLADEN.png\",\"contentUrl\":\"https:\/\/www.leclanche.com\/wp-content\/uploads\/2020\/04\/HERUNTERLADEN.png\"},{\"@type\":\"BreadcrumbList\",\"@id\":\"https:\/\/www.leclanche.com\/de\/leclanche-gibt-wechsel-im-verwaltungsrat-bekannt\/#breadcrumb\",\"itemListElement\":[{\"@type\":\"ListItem\",\"position\":1,\"name\":\"Accueil\",\"item\":\"https:\/\/www.leclanche.com\/de\/\"},{\"@type\":\"ListItem\",\"position\":2,\"name\":\"Leclanch\u00e9 gibt Wechsel im Verwaltungsrat bekannt\"}]},{\"@type\":\"WebSite\",\"@id\":\"https:\/\/www.leclanche.com\/de\/#website\",\"url\":\"https:\/\/www.leclanche.com\/de\/\",\"name\":\"Leclanch\u00e9\",\"description\":\"Energy Storage Solutions\",\"potentialAction\":[{\"@type\":\"SearchAction\",\"target\":{\"@type\":\"EntryPoint\",\"urlTemplate\":\"https:\/\/www.leclanche.com\/de\/?s={search_term_string}\"},\"query-input\":{\"@type\":\"PropertyValueSpecification\",\"valueRequired\":true,\"valueName\":\"search_term_string\"}}],\"inLanguage\":\"de\"},{\"@type\":\"Person\",\"@id\":\"https:\/\/www.leclanche.com\/de\/#\/schema\/person\/7ef725388a3f2b409a32cfa92059aa64\",\"name\":\"Annick.Bid\",\"image\":{\"@type\":\"ImageObject\",\"inLanguage\":\"de\",\"@id\":\"https:\/\/www.leclanche.com\/de\/#\/schema\/person\/image\/\",\"url\":\"https:\/\/secure.gravatar.com\/avatar\/0fe6baaabc318280db3d0e10c43b8017aa89b961c16e819765bd4fb65396af34?s=96&d=mm&r=g\",\"contentUrl\":\"https:\/\/secure.gravatar.com\/avatar\/0fe6baaabc318280db3d0e10c43b8017aa89b961c16e819765bd4fb65396af34?s=96&d=mm&r=g\",\"caption\":\"Annick.Bid\"},\"url\":\"https:\/\/www.leclanche.com\/de\/author\/annick-bid\/\"}]}<\/script>\n<!-- \/ Yoast SEO plugin. -->","yoast_head_json":{"title":"Leclanch\u00e9 gibt Wechsel im Verwaltungsrat bekannt - Leclanch\u00e9","description":"Herr David Anthony Ishag stellt sich nicht zur Wiederwahl als Mitglied des Verwaltungsrats bei der kommenden Generalversammlung Der Verwaltungsrat schl\u00e4gt","robots":{"index":"index","follow":"follow","max-snippet":"max-snippet:-1","max-image-preview":"max-image-preview:large","max-video-preview":"max-video-preview:-1"},"canonical":"https:\/\/www.leclanche.com\/de\/leclanche-gibt-wechsel-im-verwaltungsrat-bekannt\/","og_locale":"de_DE","og_type":"article","og_title":"Leclanch\u00e9 gibt Wechsel im Verwaltungsrat bekannt - Leclanch\u00e9","og_description":"Herr David Anthony Ishag stellt sich nicht zur Wiederwahl als Mitglied des Verwaltungsrats bei der kommenden Generalversammlung Der Verwaltungsrat schl\u00e4gt","og_url":"https:\/\/www.leclanche.com\/de\/leclanche-gibt-wechsel-im-verwaltungsrat-bekannt\/","og_site_name":"Leclanch\u00e9","article_published_time":"2020-06-08T03:55:35+00:00","article_modified_time":"2021-04-21T14:58:18+00:00","og_image":[{"url":"https:\/\/www.leclanche.com\/wp-content\/uploads\/2020\/04\/HERUNTERLADEN.png","type":"","width":"","height":""}],"author":"Annick.Bid","twitter_card":"summary_large_image","twitter_misc":{"Verfasst von":"Annick.Bid","Gesch\u00e4tzte Lesezeit":"5\u00a0Minuten"},"schema":{"@context":"https:\/\/schema.org","@graph":[{"@type":"WebPage","@id":"https:\/\/www.leclanche.com\/de\/leclanche-gibt-wechsel-im-verwaltungsrat-bekannt\/","url":"https:\/\/www.leclanche.com\/de\/leclanche-gibt-wechsel-im-verwaltungsrat-bekannt\/","name":"Leclanch\u00e9 gibt Wechsel im Verwaltungsrat bekannt - Leclanch\u00e9","isPartOf":{"@id":"https:\/\/www.leclanche.com\/de\/#website"},"primaryImageOfPage":{"@id":"https:\/\/www.leclanche.com\/de\/leclanche-gibt-wechsel-im-verwaltungsrat-bekannt\/#primaryimage"},"image":{"@id":"https:\/\/www.leclanche.com\/de\/leclanche-gibt-wechsel-im-verwaltungsrat-bekannt\/#primaryimage"},"thumbnailUrl":"https:\/\/www.leclanche.com\/wp-content\/uploads\/2020\/04\/HERUNTERLADEN.png","datePublished":"2020-06-08T03:55:35+00:00","dateModified":"2021-04-21T14:58:18+00:00","author":{"@id":"https:\/\/www.leclanche.com\/de\/#\/schema\/person\/7ef725388a3f2b409a32cfa92059aa64"},"description":"Herr David Anthony Ishag stellt sich nicht zur Wiederwahl als Mitglied des Verwaltungsrats bei der kommenden Generalversammlung Der Verwaltungsrat schl\u00e4gt","breadcrumb":{"@id":"https:\/\/www.leclanche.com\/de\/leclanche-gibt-wechsel-im-verwaltungsrat-bekannt\/#breadcrumb"},"inLanguage":"de","potentialAction":[{"@type":"ReadAction","target":["https:\/\/www.leclanche.com\/de\/leclanche-gibt-wechsel-im-verwaltungsrat-bekannt\/"]}]},{"@type":"ImageObject","inLanguage":"de","@id":"https:\/\/www.leclanche.com\/de\/leclanche-gibt-wechsel-im-verwaltungsrat-bekannt\/#primaryimage","url":"https:\/\/www.leclanche.com\/wp-content\/uploads\/2020\/04\/HERUNTERLADEN.png","contentUrl":"https:\/\/www.leclanche.com\/wp-content\/uploads\/2020\/04\/HERUNTERLADEN.png"},{"@type":"BreadcrumbList","@id":"https:\/\/www.leclanche.com\/de\/leclanche-gibt-wechsel-im-verwaltungsrat-bekannt\/#breadcrumb","itemListElement":[{"@type":"ListItem","position":1,"name":"Accueil","item":"https:\/\/www.leclanche.com\/de\/"},{"@type":"ListItem","position":2,"name":"Leclanch\u00e9 gibt Wechsel im Verwaltungsrat bekannt"}]},{"@type":"WebSite","@id":"https:\/\/www.leclanche.com\/de\/#website","url":"https:\/\/www.leclanche.com\/de\/","name":"Leclanch\u00e9","description":"Energy Storage Solutions","potentialAction":[{"@type":"SearchAction","target":{"@type":"EntryPoint","urlTemplate":"https:\/\/www.leclanche.com\/de\/?s={search_term_string}"},"query-input":{"@type":"PropertyValueSpecification","valueRequired":true,"valueName":"search_term_string"}}],"inLanguage":"de"},{"@type":"Person","@id":"https:\/\/www.leclanche.com\/de\/#\/schema\/person\/7ef725388a3f2b409a32cfa92059aa64","name":"Annick.Bid","image":{"@type":"ImageObject","inLanguage":"de","@id":"https:\/\/www.leclanche.com\/de\/#\/schema\/person\/image\/","url":"https:\/\/secure.gravatar.com\/avatar\/0fe6baaabc318280db3d0e10c43b8017aa89b961c16e819765bd4fb65396af34?s=96&d=mm&r=g","contentUrl":"https:\/\/secure.gravatar.com\/avatar\/0fe6baaabc318280db3d0e10c43b8017aa89b961c16e819765bd4fb65396af34?s=96&d=mm&r=g","caption":"Annick.Bid"},"url":"https:\/\/www.leclanche.com\/de\/author\/annick-bid\/"}]}},"_links":{"self":[{"href":"https:\/\/www.leclanche.com\/de\/wp-json\/wp\/v2\/posts\/9670","targetHints":{"allow":["GET"]}}],"collection":[{"href":"https:\/\/www.leclanche.com\/de\/wp-json\/wp\/v2\/posts"}],"about":[{"href":"https:\/\/www.leclanche.com\/de\/wp-json\/wp\/v2\/types\/post"}],"author":[{"embeddable":true,"href":"https:\/\/www.leclanche.com\/de\/wp-json\/wp\/v2\/users\/2"}],"replies":[{"embeddable":true,"href":"https:\/\/www.leclanche.com\/de\/wp-json\/wp\/v2\/comments?post=9670"}],"version-history":[{"count":0,"href":"https:\/\/www.leclanche.com\/de\/wp-json\/wp\/v2\/posts\/9670\/revisions"}],"wp:attachment":[{"href":"https:\/\/www.leclanche.com\/de\/wp-json\/wp\/v2\/media?parent=9670"}],"wp:term":[{"taxonomy":"category","embeddable":true,"href":"https:\/\/www.leclanche.com\/de\/wp-json\/wp\/v2\/categories?post=9670"},{"taxonomy":"post_tag","embeddable":true,"href":"https:\/\/www.leclanche.com\/de\/wp-json\/wp\/v2\/tags?post=9670"}],"curies":[{"name":"wp","href":"https:\/\/api.w.org\/{rel}","templated":true}]}}