{"id":9692,"date":"2020-05-01T05:55:41","date_gmt":"2020-05-01T03:55:41","guid":{"rendered":"https:\/\/www.leclanche.com\/leclanche-kuendigt-die-verschiebung-der-veroeffentlichung-ihres-jahresberichts-2019-an\/"},"modified":"2021-04-26T08:57:28","modified_gmt":"2021-04-26T06:57:28","slug":"leclanche-kuendigt-die-verschiebung-der-veroeffentlichung-ihres-jahresberichts-2019-an","status":"publish","type":"post","link":"https:\/\/www.leclanche.com\/de\/leclanche-kuendigt-die-verschiebung-der-veroeffentlichung-ihres-jahresberichts-2019-an\/","title":{"rendered":"Leclanch\u00e9 k\u00fcndigt die Verschiebung der Ver\u00f6ffentlichung ihres Jahresberichts 2019 an"},"content":{"rendered":"<p><strong>YVERDON-LES-BAINS,<\/strong> <strong>Schweiz, 1. Mai 2020 <\/strong>\u2013 Leclanch\u00e9 beantragte und erhielt von der SIX Exchange Regulation AG eine Verl\u00e4ngerung der regulatorischen Frist f\u00fcr die Ver\u00f6ffentlichung ihres Gesch\u00e4ftsberichts 2019 vom 30. April 2020 bis zum 15. Juni 2020.<\/p>\n<p>Leclanch\u00e9 stie\u00df bei der Fertigstellung ihres Jahresberichts 2019 auf verschiedene Erschwernisse, unter anderem:<\/p>\n<p>*Der sp\u00e4te Ersatz einer geplanten Umwandlung von Schulden in Eigenkapital zur Behebung einer \u00dcberschuldungssituation vor der Fertigstellung des Jahresabschlusses 2019 durch eine Nachrangigkeit von Schulden gegen\u00fcber der FEFAM<a href=\"#_ftn1\" name=\"_ftnref1\">[1]<\/a> in gleicher H\u00f6he sowie Verhandlungen zur Erlangung von Zusagen potenzieller Investoren hinderten Leclanch\u00e9 an der Fertigstellung der Erkl\u00e4rung zur Unternehmensfortf\u00fchrung ihres Gesch\u00e4ftsberichts 2019 und behinderten mehrere Pr\u00fcfungsaufgaben.<\/p>\n<p>*Die Covid-19-Situation verlangsamte die Arbeit bei Leclanch\u00e9 im Zusammenhang mit der Pr\u00fcfung erheblich, da die an der Erstellung des Jahresabschlusses beteiligten Mitarbeiter von zu Hause aus arbeiten mussten (was den Zugang zu bestimmten Informationen erschwerte) und in der Covid-19-Situation eine zus\u00e4tzliche Arbeitsbelastung hatten, wodurch die Fertigstellung der Finanzkennzahlen des Unternehmens verhindert wurde.<\/p>\n<p>Das Unternehmen arbeitet intensiv daran, die verbleibenden offenen Punkte mit seinen Wirtschaftspr\u00fcfern und dem Verwaltungsrat abzuschlie\u00dfen und ist weiterhin zuversichtlich, dass es seinen Jahresbericht 2019 vor oder am 15. Juni 2020 ver\u00f6ffentlichen kann.<\/p>\n<p>In ihrem Entscheid vom 29. April 2020 hat die SIX Exchange Regulation AG Leclanch\u00e9 gebeten, den untenstehenden Auszug in diese Medienmitteilung einzuf\u00fcgen:<\/p>\n<p><em>\u201eDem Freistellungsgesuch der Leclanch\u00e9 AG (Emittentin) vom 24. April 2020 um Verl\u00e4ngerung der Frist zur Ver\u00f6ffentlichung des Gesch\u00e4ftsberichts 2019 und zur Einreichung des Gesch\u00e4ftsberichts bei der SIX Exchange Regulation AG bis sp\u00e4testens 15. Juni 2020 wird unter folgendem Vorbehalt (lit. a) und unter folgenden Bedingungen (lit. b) entsprochen:<\/em><\/p>\n<p><i><em>a) Die SIX Exchange Regulation AG <\/em><em>beh\u00e4lt sich das Recht vor, den Handel der Namenaktien der Emittentin zu sistieren, falls ihr Gesch\u00e4ftsbericht 2019 nicht gem\u00e4\u00df den Bestimmungen zur Ad-hoc-Publizit\u00e4t (Art. 53 des Kotierungsreglements [KR] in Verbindung mit der Richtlinie betreffend Ad-hoc-Publizit\u00e4t [DAH]) publiziert und nicht bis sp\u00e4testens Montag, 15. Juni 2020, 23.59 Uhr MEZ, bei der SIX Exchange Regulation AG eingereicht wird.<\/em><\/i><\/p>\n<p><em>b) Die <\/em><em>Leclanch\u00e9 AG <\/em><em>ist verpflichtet, bis sp\u00e4testens Montag, 4. Mai 2020, 7.30 Uhr MEZ, eine Mitteilung gem\u00e4\u00df den Bestimmungen \u00fcber die Ad-hoc-Publizit\u00e4t (Art. 53 KR in Verbindung mit der Richtlinie betreffend die Ad hoc-Publizit\u00e4t [DAH]) zu diesem Entscheid zu ver\u00f6ffentlichen. Die Mitteilung muss enthalten:<\/em><\/p>\n<p><em>-die unver\u00e4nderte Wiedergabe des Wortlauts von Abs. I. dieses Beschlusses, an prominenter Stelle platziert;<\/em><\/p>\n<p><em>-die Gr\u00fcnde f\u00fcr den Antrag der Emittentin, eine Fristverl\u00e4ngerung f\u00fcr die Ver\u00f6ffentlichung des Gesch\u00e4ftsberichts 2019 zu beantragen und diesen Bericht bei der SIX Exchange Regulation AG einzureichen.<\/em><\/p>\n<p><em>c) Die Leclanch\u00e9 AG ist verpflichtet, bis sp\u00e4testens Montag, 18. Mai 2020, 7.30 Uhr MEZ, eine Mitteilung gem\u00e4\u00df den Bestimmungen \u00fcber die Ad-hoc-Publizit\u00e4t (Art. 53 KR i.V.m. DAH) zu diesem Entscheid zu ver\u00f6ffentlichen. Die Mitteilung muss die ungepr\u00fcften Kennzahlen wie Nettoumsatz, EBITDA, EBIT, Gewinn\/Verlust, Bilanzsumme, Eigenkapital etc. f\u00fcr das Jahresergebnis 2019 enthalten\u201c.<\/em><\/p>\n<p>Weitere Informationen erhalten Sie bei info@leclanche.com oder auf <a href=\"https:\/\/www.leclanche.com\/\">www.leclanche.com<\/a>.<\/p>\n<p>* * * * *<\/p>\n<p><a href=\"#_ftnref1\" name=\"_ftn1\">[1]<\/a> FEFAM steht f\u00fcr: AM INVESTMENT SCA, SICAV-SIF &#8211; Illiquid Assets Sub-Fund, zusammen mit FINEXIS EQUITY FUND &#8211; Renewable Energy Sub-Fund, FINEXIS EQUITY FUND &#8211; Multi Asset Strategy Sub-Fund, FINEXIS EQUITY FUND &#8211; E Money Strategies Sub-Fund (auch als Energy Storage Invest bezeichnet); alle diese Fonds gemeinsam sind Hauptaktion\u00e4r von Leclanch\u00e9, nachstehend als &#8222;FEFAM&#8220; bezeichnet.<\/p>\n<p>&nbsp;<\/p>\n<p><a href=\"https:\/\/www.leclanche.com\/wp-content\/uploads\/2020\/04\/20200501_-Result-publication-PR_D.pdf\"><img loading=\"lazy\" decoding=\"async\" class=\"alignnone size-full wp-image-6277\" src=\"https:\/\/www.leclanche.com\/wp-content\/uploads\/2020\/04\/HERUNTERLADEN.png\" alt=\"\" width=\"213\" height=\"39\" \/><\/a><\/p>\n<p>&nbsp;<\/p>\n","protected":false},"excerpt":{"rendered":"<p>YVERDON-LES-BAINS, Schweiz, 1. Mai 2020 \u2013 Leclanch\u00e9 beantragte und erhielt von der SIX Exchange Regulation AG eine Verl\u00e4ngerung der regulatorischen Frist f\u00fcr die Ver\u00f6ffentlichung ihres Gesch\u00e4ftsberichts 2019 vom 30. April 2020 bis zum 15. Juni 2020. Leclanch\u00e9 stie\u00df bei der Fertigstellung ihres Jahresberichts 2019 auf verschiedene Erschwernisse, unter anderem: *Der sp\u00e4te Ersatz einer geplanten Umwandlung [&hellip;]<\/p>\n","protected":false},"author":2,"featured_media":0,"comment_status":"closed","ping_status":"open","sticky":false,"template":"","format":"standard","meta":{"footnotes":""},"categories":[47,48,109],"tags":[],"class_list":["post-9692","post","type-post","status-publish","format-standard","hentry","category-firmennachrichten","category-pressemitteilung","category-weitere-pressemitteilungen"],"yoast_head":"<!-- This site is optimized with the Yoast SEO plugin v26.4 - https:\/\/yoast.com\/wordpress\/plugins\/seo\/ -->\n<title>Leclanch\u00e9 k\u00fcndigt die Verschiebung der Ver\u00f6ffentlichung ihres Jahresberichts 2019 an - Leclanch\u00e9<\/title>\n<meta name=\"description\" content=\"YVERDON-LES-BAINS, Schweiz, 1. Mai 2020 \u2013 Leclanch\u00e9 beantragte und erhielt von der SIX Exchange Regulation AG eine Verl\u00e4ngerung der regulatorischen Frist\" \/>\n<meta name=\"robots\" content=\"index, follow, max-snippet:-1, max-image-preview:large, max-video-preview:-1\" \/>\n<link rel=\"canonical\" href=\"https:\/\/www.leclanche.com\/de\/leclanche-kuendigt-die-verschiebung-der-veroeffentlichung-ihres-jahresberichts-2019-an\/\" \/>\n<meta property=\"og:locale\" content=\"de_DE\" \/>\n<meta property=\"og:type\" content=\"article\" \/>\n<meta property=\"og:title\" content=\"Leclanch\u00e9 k\u00fcndigt die Verschiebung der Ver\u00f6ffentlichung ihres Jahresberichts 2019 an - Leclanch\u00e9\" \/>\n<meta property=\"og:description\" content=\"YVERDON-LES-BAINS, Schweiz, 1. Mai 2020 \u2013 Leclanch\u00e9 beantragte und erhielt von der SIX Exchange Regulation AG eine Verl\u00e4ngerung der regulatorischen Frist\" \/>\n<meta property=\"og:url\" content=\"https:\/\/www.leclanche.com\/de\/leclanche-kuendigt-die-verschiebung-der-veroeffentlichung-ihres-jahresberichts-2019-an\/\" \/>\n<meta property=\"og:site_name\" content=\"Leclanch\u00e9\" \/>\n<meta property=\"article:published_time\" content=\"2020-05-01T03:55:41+00:00\" \/>\n<meta property=\"article:modified_time\" content=\"2021-04-26T06:57:28+00:00\" \/>\n<meta property=\"og:image\" content=\"https:\/\/www.leclanche.com\/wp-content\/uploads\/2020\/04\/HERUNTERLADEN.png\" \/>\n<meta name=\"author\" content=\"Annick.Bid\" \/>\n<meta name=\"twitter:card\" content=\"summary_large_image\" \/>\n<meta name=\"twitter:label1\" content=\"Verfasst von\" \/>\n\t<meta name=\"twitter:data1\" content=\"Annick.Bid\" \/>\n\t<meta name=\"twitter:label2\" content=\"Gesch\u00e4tzte Lesezeit\" \/>\n\t<meta name=\"twitter:data2\" content=\"3\u00a0Minuten\" \/>\n<script type=\"application\/ld+json\" class=\"yoast-schema-graph\">{\"@context\":\"https:\/\/schema.org\",\"@graph\":[{\"@type\":\"WebPage\",\"@id\":\"https:\/\/www.leclanche.com\/de\/leclanche-kuendigt-die-verschiebung-der-veroeffentlichung-ihres-jahresberichts-2019-an\/\",\"url\":\"https:\/\/www.leclanche.com\/de\/leclanche-kuendigt-die-verschiebung-der-veroeffentlichung-ihres-jahresberichts-2019-an\/\",\"name\":\"Leclanch\u00e9 k\u00fcndigt die Verschiebung der Ver\u00f6ffentlichung ihres Jahresberichts 2019 an - Leclanch\u00e9\",\"isPartOf\":{\"@id\":\"https:\/\/www.leclanche.com\/de\/#website\"},\"primaryImageOfPage\":{\"@id\":\"https:\/\/www.leclanche.com\/de\/leclanche-kuendigt-die-verschiebung-der-veroeffentlichung-ihres-jahresberichts-2019-an\/#primaryimage\"},\"image\":{\"@id\":\"https:\/\/www.leclanche.com\/de\/leclanche-kuendigt-die-verschiebung-der-veroeffentlichung-ihres-jahresberichts-2019-an\/#primaryimage\"},\"thumbnailUrl\":\"https:\/\/www.leclanche.com\/wp-content\/uploads\/2020\/04\/HERUNTERLADEN.png\",\"datePublished\":\"2020-05-01T03:55:41+00:00\",\"dateModified\":\"2021-04-26T06:57:28+00:00\",\"author\":{\"@id\":\"https:\/\/www.leclanche.com\/de\/#\/schema\/person\/7ef725388a3f2b409a32cfa92059aa64\"},\"description\":\"YVERDON-LES-BAINS, Schweiz, 1. Mai 2020 \u2013 Leclanch\u00e9 beantragte und erhielt von der SIX Exchange Regulation AG eine Verl\u00e4ngerung der regulatorischen Frist\",\"breadcrumb\":{\"@id\":\"https:\/\/www.leclanche.com\/de\/leclanche-kuendigt-die-verschiebung-der-veroeffentlichung-ihres-jahresberichts-2019-an\/#breadcrumb\"},\"inLanguage\":\"de\",\"potentialAction\":[{\"@type\":\"ReadAction\",\"target\":[\"https:\/\/www.leclanche.com\/de\/leclanche-kuendigt-die-verschiebung-der-veroeffentlichung-ihres-jahresberichts-2019-an\/\"]}]},{\"@type\":\"ImageObject\",\"inLanguage\":\"de\",\"@id\":\"https:\/\/www.leclanche.com\/de\/leclanche-kuendigt-die-verschiebung-der-veroeffentlichung-ihres-jahresberichts-2019-an\/#primaryimage\",\"url\":\"https:\/\/www.leclanche.com\/wp-content\/uploads\/2020\/04\/HERUNTERLADEN.png\",\"contentUrl\":\"https:\/\/www.leclanche.com\/wp-content\/uploads\/2020\/04\/HERUNTERLADEN.png\"},{\"@type\":\"BreadcrumbList\",\"@id\":\"https:\/\/www.leclanche.com\/de\/leclanche-kuendigt-die-verschiebung-der-veroeffentlichung-ihres-jahresberichts-2019-an\/#breadcrumb\",\"itemListElement\":[{\"@type\":\"ListItem\",\"position\":1,\"name\":\"Accueil\",\"item\":\"https:\/\/www.leclanche.com\/de\/\"},{\"@type\":\"ListItem\",\"position\":2,\"name\":\"Leclanch\u00e9 k\u00fcndigt die Verschiebung der Ver\u00f6ffentlichung ihres Jahresberichts 2019 an\"}]},{\"@type\":\"WebSite\",\"@id\":\"https:\/\/www.leclanche.com\/de\/#website\",\"url\":\"https:\/\/www.leclanche.com\/de\/\",\"name\":\"Leclanch\u00e9\",\"description\":\"Energy Storage Solutions\",\"potentialAction\":[{\"@type\":\"SearchAction\",\"target\":{\"@type\":\"EntryPoint\",\"urlTemplate\":\"https:\/\/www.leclanche.com\/de\/?s={search_term_string}\"},\"query-input\":{\"@type\":\"PropertyValueSpecification\",\"valueRequired\":true,\"valueName\":\"search_term_string\"}}],\"inLanguage\":\"de\"},{\"@type\":\"Person\",\"@id\":\"https:\/\/www.leclanche.com\/de\/#\/schema\/person\/7ef725388a3f2b409a32cfa92059aa64\",\"name\":\"Annick.Bid\",\"image\":{\"@type\":\"ImageObject\",\"inLanguage\":\"de\",\"@id\":\"https:\/\/www.leclanche.com\/de\/#\/schema\/person\/image\/\",\"url\":\"https:\/\/secure.gravatar.com\/avatar\/0fe6baaabc318280db3d0e10c43b8017aa89b961c16e819765bd4fb65396af34?s=96&d=mm&r=g\",\"contentUrl\":\"https:\/\/secure.gravatar.com\/avatar\/0fe6baaabc318280db3d0e10c43b8017aa89b961c16e819765bd4fb65396af34?s=96&d=mm&r=g\",\"caption\":\"Annick.Bid\"},\"url\":\"https:\/\/www.leclanche.com\/de\/author\/annick-bid\/\"}]}<\/script>\n<!-- \/ Yoast SEO plugin. -->","yoast_head_json":{"title":"Leclanch\u00e9 k\u00fcndigt die Verschiebung der Ver\u00f6ffentlichung ihres Jahresberichts 2019 an - Leclanch\u00e9","description":"YVERDON-LES-BAINS, Schweiz, 1. Mai 2020 \u2013 Leclanch\u00e9 beantragte und erhielt von der SIX Exchange Regulation AG eine Verl\u00e4ngerung der regulatorischen Frist","robots":{"index":"index","follow":"follow","max-snippet":"max-snippet:-1","max-image-preview":"max-image-preview:large","max-video-preview":"max-video-preview:-1"},"canonical":"https:\/\/www.leclanche.com\/de\/leclanche-kuendigt-die-verschiebung-der-veroeffentlichung-ihres-jahresberichts-2019-an\/","og_locale":"de_DE","og_type":"article","og_title":"Leclanch\u00e9 k\u00fcndigt die Verschiebung der Ver\u00f6ffentlichung ihres Jahresberichts 2019 an - Leclanch\u00e9","og_description":"YVERDON-LES-BAINS, Schweiz, 1. Mai 2020 \u2013 Leclanch\u00e9 beantragte und erhielt von der SIX Exchange Regulation AG eine Verl\u00e4ngerung der regulatorischen Frist","og_url":"https:\/\/www.leclanche.com\/de\/leclanche-kuendigt-die-verschiebung-der-veroeffentlichung-ihres-jahresberichts-2019-an\/","og_site_name":"Leclanch\u00e9","article_published_time":"2020-05-01T03:55:41+00:00","article_modified_time":"2021-04-26T06:57:28+00:00","og_image":[{"url":"https:\/\/www.leclanche.com\/wp-content\/uploads\/2020\/04\/HERUNTERLADEN.png","type":"","width":"","height":""}],"author":"Annick.Bid","twitter_card":"summary_large_image","twitter_misc":{"Verfasst von":"Annick.Bid","Gesch\u00e4tzte Lesezeit":"3\u00a0Minuten"},"schema":{"@context":"https:\/\/schema.org","@graph":[{"@type":"WebPage","@id":"https:\/\/www.leclanche.com\/de\/leclanche-kuendigt-die-verschiebung-der-veroeffentlichung-ihres-jahresberichts-2019-an\/","url":"https:\/\/www.leclanche.com\/de\/leclanche-kuendigt-die-verschiebung-der-veroeffentlichung-ihres-jahresberichts-2019-an\/","name":"Leclanch\u00e9 k\u00fcndigt die Verschiebung der Ver\u00f6ffentlichung ihres Jahresberichts 2019 an - Leclanch\u00e9","isPartOf":{"@id":"https:\/\/www.leclanche.com\/de\/#website"},"primaryImageOfPage":{"@id":"https:\/\/www.leclanche.com\/de\/leclanche-kuendigt-die-verschiebung-der-veroeffentlichung-ihres-jahresberichts-2019-an\/#primaryimage"},"image":{"@id":"https:\/\/www.leclanche.com\/de\/leclanche-kuendigt-die-verschiebung-der-veroeffentlichung-ihres-jahresberichts-2019-an\/#primaryimage"},"thumbnailUrl":"https:\/\/www.leclanche.com\/wp-content\/uploads\/2020\/04\/HERUNTERLADEN.png","datePublished":"2020-05-01T03:55:41+00:00","dateModified":"2021-04-26T06:57:28+00:00","author":{"@id":"https:\/\/www.leclanche.com\/de\/#\/schema\/person\/7ef725388a3f2b409a32cfa92059aa64"},"description":"YVERDON-LES-BAINS, Schweiz, 1. Mai 2020 \u2013 Leclanch\u00e9 beantragte und erhielt von der SIX Exchange Regulation AG eine Verl\u00e4ngerung der regulatorischen Frist","breadcrumb":{"@id":"https:\/\/www.leclanche.com\/de\/leclanche-kuendigt-die-verschiebung-der-veroeffentlichung-ihres-jahresberichts-2019-an\/#breadcrumb"},"inLanguage":"de","potentialAction":[{"@type":"ReadAction","target":["https:\/\/www.leclanche.com\/de\/leclanche-kuendigt-die-verschiebung-der-veroeffentlichung-ihres-jahresberichts-2019-an\/"]}]},{"@type":"ImageObject","inLanguage":"de","@id":"https:\/\/www.leclanche.com\/de\/leclanche-kuendigt-die-verschiebung-der-veroeffentlichung-ihres-jahresberichts-2019-an\/#primaryimage","url":"https:\/\/www.leclanche.com\/wp-content\/uploads\/2020\/04\/HERUNTERLADEN.png","contentUrl":"https:\/\/www.leclanche.com\/wp-content\/uploads\/2020\/04\/HERUNTERLADEN.png"},{"@type":"BreadcrumbList","@id":"https:\/\/www.leclanche.com\/de\/leclanche-kuendigt-die-verschiebung-der-veroeffentlichung-ihres-jahresberichts-2019-an\/#breadcrumb","itemListElement":[{"@type":"ListItem","position":1,"name":"Accueil","item":"https:\/\/www.leclanche.com\/de\/"},{"@type":"ListItem","position":2,"name":"Leclanch\u00e9 k\u00fcndigt die Verschiebung der Ver\u00f6ffentlichung ihres Jahresberichts 2019 an"}]},{"@type":"WebSite","@id":"https:\/\/www.leclanche.com\/de\/#website","url":"https:\/\/www.leclanche.com\/de\/","name":"Leclanch\u00e9","description":"Energy Storage Solutions","potentialAction":[{"@type":"SearchAction","target":{"@type":"EntryPoint","urlTemplate":"https:\/\/www.leclanche.com\/de\/?s={search_term_string}"},"query-input":{"@type":"PropertyValueSpecification","valueRequired":true,"valueName":"search_term_string"}}],"inLanguage":"de"},{"@type":"Person","@id":"https:\/\/www.leclanche.com\/de\/#\/schema\/person\/7ef725388a3f2b409a32cfa92059aa64","name":"Annick.Bid","image":{"@type":"ImageObject","inLanguage":"de","@id":"https:\/\/www.leclanche.com\/de\/#\/schema\/person\/image\/","url":"https:\/\/secure.gravatar.com\/avatar\/0fe6baaabc318280db3d0e10c43b8017aa89b961c16e819765bd4fb65396af34?s=96&d=mm&r=g","contentUrl":"https:\/\/secure.gravatar.com\/avatar\/0fe6baaabc318280db3d0e10c43b8017aa89b961c16e819765bd4fb65396af34?s=96&d=mm&r=g","caption":"Annick.Bid"},"url":"https:\/\/www.leclanche.com\/de\/author\/annick-bid\/"}]}},"_links":{"self":[{"href":"https:\/\/www.leclanche.com\/de\/wp-json\/wp\/v2\/posts\/9692","targetHints":{"allow":["GET"]}}],"collection":[{"href":"https:\/\/www.leclanche.com\/de\/wp-json\/wp\/v2\/posts"}],"about":[{"href":"https:\/\/www.leclanche.com\/de\/wp-json\/wp\/v2\/types\/post"}],"author":[{"embeddable":true,"href":"https:\/\/www.leclanche.com\/de\/wp-json\/wp\/v2\/users\/2"}],"replies":[{"embeddable":true,"href":"https:\/\/www.leclanche.com\/de\/wp-json\/wp\/v2\/comments?post=9692"}],"version-history":[{"count":0,"href":"https:\/\/www.leclanche.com\/de\/wp-json\/wp\/v2\/posts\/9692\/revisions"}],"wp:attachment":[{"href":"https:\/\/www.leclanche.com\/de\/wp-json\/wp\/v2\/media?parent=9692"}],"wp:term":[{"taxonomy":"category","embeddable":true,"href":"https:\/\/www.leclanche.com\/de\/wp-json\/wp\/v2\/categories?post=9692"},{"taxonomy":"post_tag","embeddable":true,"href":"https:\/\/www.leclanche.com\/de\/wp-json\/wp\/v2\/tags?post=9692"}],"curies":[{"name":"wp","href":"https:\/\/api.w.org\/{rel}","templated":true}]}}