{"id":9696,"date":"2019-10-24T13:39:58","date_gmt":"2019-10-24T11:39:58","guid":{"rendered":"https:\/\/www.leclanche.com\/aktionaere-genehmigen-an-der-ausserordentlichen-generalversammlung-von-leclanche-alle-antraege-zur-staerkung-der-bilanzsstruktur\/"},"modified":"2021-04-29T10:55:15","modified_gmt":"2021-04-29T08:55:15","slug":"aktionaere-genehmigen-an-der-ausserordentlichen-generalversammlung-von-leclanche-alle-antraege-zur-staerkung-der-bilanzsstruktur","status":"publish","type":"post","link":"https:\/\/www.leclanche.com\/de\/aktionaere-genehmigen-an-der-ausserordentlichen-generalversammlung-von-leclanche-alle-antraege-zur-staerkung-der-bilanzsstruktur\/","title":{"rendered":"Aktion\u00e4re genehmigen an der ausserordentlichen Generalversammlung von Leclanch\u00e9 alle Antr\u00e4ge zur St\u00e4rkung der Bilanzsstruktur"},"content":{"rendered":"<ul>\n<li><em>An der ausserordentlichen Generalversammlung wurde best\u00e4tigt, dass Leclanch\u00e9 \u00fcber einen Auftragsbestand von insgesamt mehr als CHF 100 Mio. und \u00fcber qualifizierte Pipeline-Projekte zur Auslieferung im Jahr 2020 und dar\u00fcber hinaus von \u00fcber CHF 160 Mio. verf\u00fcgt.<\/em><\/li>\n<li><em>Die Aktion\u00e4re bewilligten die Herabsetzung des Nennwerts je Aktie von CHF 1,50 auf CHF 0,10; diese Massnahme st\u00e4rkt die Bilanz von Leclanch\u00e9.<\/em><\/li>\n<li><em>Die Aktion\u00e4re stimmten zu, weitere Darlehen von FEFAM<sup>1<\/sup>, dem gr\u00f6ssten Aktion\u00e4r der Gesellschaft, im Umfang von CHF 17,4 Mio. in Eigenkapital umzuwandeln.<\/em><\/li>\n<li><em>Die Aktion\u00e4re beschlossen die Schaffung von genehmigtem und bedingtem Kapital, um den Finanzbedarf zur Umsetzung der Wachstumsstrategie zu decken.<\/em><\/li>\n<\/ul>\n<p><strong>YVERDON, Schweiz, 24.Oktober 2019<\/strong> \u2013 Leclanch\u00e9 SA (SIX: LECN), einer der weltweit f\u00fchrenden Anbieter von Energiespeicherl\u00f6sungen, gibt bekannt, dass die Aktion\u00e4re an der heutigen ausserordentlichen Generalversammlung den Traktanden zur St\u00e4rkung der Bilanz des Unternehmens zugestimmt haben.<\/p>\n<p><strong>Stefan M\u00fcller, Verwaltungsratspr\u00e4sident von Leclanch\u00e9, kommentierte:<\/strong> <em>\u201eWir danken unseren Aktion\u00e4ren f\u00fcr die Annahme der Antr\u00e4ge, die zur Verbesserung der Bilanz des Unternehmens beitragen werden. Zudem sind wir sehr dankbar, dass FEFAM unserer Vision und Strategie weiterhin unterst\u00fctzt. Leclanch\u00e9 ist nun in einer starken Position, um Wachstumskapital anzuziehen.&#8220;<\/em><\/p>\n<p>Angesichts der nach wie vor angespannten Liquidit\u00e4tssituation konzentriert sich das Management darauf, den Unternehmensverlust zu reduzieren. 2019 wird dies vom Erhalt von CHF 34 Mio. aus Lizenzums\u00e4tzen des indischen Joint Venture, ausstehenden Forderungen aus Lieferungen und Leistungen sowie der Finanzierung des station\u00e4ren Projekts in Saint Kitts und Nevis abh\u00e4ngig sein.<\/p>\n<p><strong>Anil Srivastava, CEO von Leclanch\u00e9, erg\u00e4nzte:<\/strong> <em>\u201eUnsere j\u00fcngsten Erfolge im E-Transportgesch\u00e4ft, einschliesslich des angek\u00fcndigten Grossauftrags von Bombardier Transport, schaffen einen wiederkehrenden und berechenbaren Umsatzflusses, der zu nachhaltigem, profitablem Wachstum f\u00fchren soll.&#8220;<\/em><\/p>\n<p><sup>1<\/sup> FEFAM steht f\u00fcr: AM INVESTMENT SCA, SICAV-SIF &#8211; Illiquid Assets Sub-Fund, zusammen mit FINEXIS EQUITY FUND &#8211; Renewable Energy Sub-Fund, FINEXIS EQUITY FUND &#8211; Multi Asset Strategy Sub-Fund, FINEXIS EQUITY FUND &#8211; E Money Strategies Sub-Fund (auch als Energy Storage Invest bezeichnet); alle diese Fonds gemeinsam sind Hauptaktion\u00e4r von Leclanch\u00e9, nachstehend als &#8222;FEFAM&#8220; bezeichnet.<\/p>\n<p><strong>\u00dcber Leclanch\u00e9<\/strong><\/p>\n<p>Leclanch\u00e9 SA mit Sitz in der Schweiz ist ein f\u00fchrender Anbieter von hochwertigen Energiespeicherl\u00f6sungen, die die Fortschritte in Richtung einer sauberen Energiezukunft beschleunigen sollen. Die Geschichte und das Erbe von Leclanch\u00e9 wurzeln in mehr als 100 Jahren innovativer Entwicklung von Batterien und Energiespeichern\u00a0\u2013 das Unternehmen ist ein zuverl\u00e4ssiger Anbieter von Energiespeicherl\u00f6sungen weltweit. Dies, kombiniert mit der Unternehmenskultur des deutschen Maschinenbaus und der Schweizer Pr\u00e4zision und Qualit\u00e4t, macht Leclanch\u00e9 zum bevorzugten Partner f\u00fcr neue Markteilnehmer, etablierte Unternehmen und Regierungen, die an der Spitze positiver Ver\u00e4nderungen in der weltweiten Energieerzeugung und -verteilung sowie ihres Verbrauchs stehen. Der Energiewandel wird haupts\u00e4chlich durch Ver\u00e4nderungen im Management der Stromnetze und in der Elektrifizierung des Transports vorangetrieben; beide M\u00e4rkte sind das R\u00fcckgrat der Strategie und des Gesch\u00e4ftsmodells von Leclanch\u00e9. Die Produkte von Leclanch\u00e9 sind das Herzst\u00fcck der Konvergenz der Verkehrselektrifizierung und der Entwicklung des Verteilungsnetzes. Leclanch\u00e9 ist das einzige weltweit gelistete, reine Energiespeicherunternehmen, das in drei Gesch\u00e4ftseinheiten organisiert ist: station\u00e4re Speicherl\u00f6sungen, E-Transportl\u00f6sungen und spezielle Batteriesysteme. Leclanch\u00e9 ist an der Schweizer B\u00f6rse notiert (SIX: LECN).<\/p>\n<p>SIX Swiss Exchange: ticker symbol LECN | ISIN CH 011 030 311 9<\/p>\n<p><strong>\u00a0<\/strong><\/p>\n<p><strong>Haftungsausschluss<\/strong><\/p>\n<p>Diese Pressemitteilung enth\u00e4lt bestimmte in die Zukunft gerichtete Aussagen \u00fcber die Aktivit\u00e4ten von Leclanch\u00e9, die durch Begriffe wie \u201estrategisch&#8220;, \u201evorgeschlagen&#8220;, \u201eeingef\u00fchrt&#8220;, \u201ewird&#8220;, \u201egeplant&#8220;, \u201eerwartet&#8220;, \u201eVerpflichtung&#8220;, \u201eerwarten&#8220;, \u201eprognostizieren&#8220;, \u201eetabliert&#8220;, \u201evorbereiten&#8220;, \u201eplanen&#8220;, \u201esch\u00e4tzen&#8220;, \u201eZiele&#8220;, \u201ew\u00fcrden&#8220;, \u201epotenziell&#8220; und \u201eerwarten&#8220; gekennzeichnet sein k\u00f6nnen, \u201eSch\u00e4tzung&#8220;, \u201eAngebot&#8220; oder \u00e4hnliche Ausdr\u00fccke oder durch ausdr\u00fcckliche oder implizite Diskussionen \u00fcber den Hochlauf der Produktionskapazit\u00e4ten von Leclanch\u00e9, m\u00f6gliche Anwendungen bestehender Produkte oder potenzielle zuk\u00fcnftige Einnahmen aus solchen Produkten oder potenzielle zuk\u00fcnftige Verk\u00e4ufe oder Gewinne von Leclanch\u00e9 oder einer seiner Gesch\u00e4ftseinheiten. Sie sollten sich nicht zu sehr auf diese Aussagen verlassen. Diese zukunftsgerichteten Aussagen spiegeln die aktuellen Ansichten von Leclanch\u00e9 \u00fcber zuk\u00fcnftige Ereignisse wider und beinhalten bekannte und unbekannte Risiken, Unsicherheiten und andere Faktoren, die dazu f\u00fchren k\u00f6nnen, dass die tats\u00e4chlichen Ergebnisse wesentlich von den zuk\u00fcnftigen Ergebnissen, Leistungen oder Errungenschaften abweichen, die in diesen Aussagen ausdr\u00fccklich oder implizit zum Ausdruck kommen. Es gibt keine Garantie daf\u00fcr, dass die Produkte von Leclanch\u00e9 ein bestimmtes Umsatzniveau erreichen. Es gibt auch keine Garantie daf\u00fcr, dass Leclanch\u00e9 oder eine seiner Gesch\u00e4ftseinheiten bestimmte finanzielle Ergebnisse erzielen wird.<\/p>\n<p>&nbsp;<\/p>\n<p><strong>Kontakte Leclanch\u00e9<\/strong><\/p>\n<p>&nbsp;<\/p>\n<p><strong>Medien Schweiz \/Europa:<\/strong><\/p>\n<p>Thierry Meyer<\/p>\n<p>T: +41 (0) 79\u00a0785 35 81<\/p>\n<p>E-Mail: <a href=\"mailto:tme@dynamicsgoup.ch\">tme@dynamicsgroup.ch<\/a><\/p>\n<p>&nbsp;<\/p>\n<p><strong>Medien Nordamerika:<\/strong><\/p>\n<p>Henry Feintuch \/ Ashley Blas<\/p>\n<p>T: +1-914-548-6924 \/ +1-509-494-4053<\/p>\n<p>E-Mail: <a href=\"mailto:leclanche@feintuchpr.com\">leclanche@feintuchpr.com<\/a><\/p>\n<p>&nbsp;<\/p>\n<p><strong>Medien Deutschland:<\/strong><\/p>\n<p>Christoph Miller<\/p>\n<p>T: +49 (0) 711 947 670<\/p>\n<p>E-Mail: <a href=\"mailto:leclanche@sympra.de\">leclanche@sympra.de<\/a><\/p>\n<p>&nbsp;<\/p>\n<p><strong>Ansprechpartner f\u00fcr Investoren:<\/strong><\/p>\n<p>Anil Srivastava \/ Hubert Angleys<\/p>\n<p>T: +41 (0) 24 424 65 00<\/p>\n<p>E-Mail: <a href=\"mailto:invest.leclanche@leclanche.com\">invest.leclanche@leclanche.com<\/a><\/p>\n<p>&nbsp;<\/p>\n","protected":false},"excerpt":{"rendered":"<p>An der ausserordentlichen Generalversammlung wurde best\u00e4tigt, dass Leclanch\u00e9 \u00fcber einen Auftragsbestand von insgesamt mehr als CHF 100 Mio. und \u00fcber qualifizierte Pipeline-Projekte zur Auslieferung im Jahr 2020 und dar\u00fcber hinaus von \u00fcber CHF 160 Mio. verf\u00fcgt. Die Aktion\u00e4re bewilligten die Herabsetzung des Nennwerts je Aktie von CHF 1,50 auf CHF 0,10; diese Massnahme st\u00e4rkt die [&hellip;]<\/p>\n","protected":false},"author":1,"featured_media":0,"comment_status":"open","ping_status":"open","sticky":false,"template":"","format":"standard","meta":{"footnotes":""},"categories":[48,109],"tags":[],"class_list":["post-9696","post","type-post","status-publish","format-standard","hentry","category-pressemitteilung","category-weitere-pressemitteilungen"],"yoast_head":"<!-- This site is optimized with the Yoast SEO plugin v26.4 - https:\/\/yoast.com\/wordpress\/plugins\/seo\/ -->\n<title>Aktion\u00e4re genehmigen an der ausserordentlichen Generalversammlung von Leclanch\u00e9 alle Antr\u00e4ge zur St\u00e4rkung der Bilanzsstruktur - Leclanch\u00e9<\/title>\n<meta name=\"description\" content=\"An der ausserordentlichen Generalversammlung wurde best\u00e4tigt, dass Leclanch\u00e9 \u00fcber einen Auftragsbestand von insgesamt mehr als CHF 100 Mio. und \u00fcber\" \/>\n<meta name=\"robots\" content=\"index, follow, max-snippet:-1, max-image-preview:large, max-video-preview:-1\" \/>\n<link rel=\"canonical\" href=\"https:\/\/www.leclanche.com\/de\/aktionaere-genehmigen-an-der-ausserordentlichen-generalversammlung-von-leclanche-alle-antraege-zur-staerkung-der-bilanzsstruktur\/\" \/>\n<meta property=\"og:locale\" content=\"de_DE\" \/>\n<meta property=\"og:type\" content=\"article\" \/>\n<meta property=\"og:title\" content=\"Aktion\u00e4re genehmigen an der ausserordentlichen Generalversammlung von Leclanch\u00e9 alle Antr\u00e4ge zur St\u00e4rkung der Bilanzsstruktur - Leclanch\u00e9\" \/>\n<meta property=\"og:description\" content=\"An der ausserordentlichen Generalversammlung wurde best\u00e4tigt, dass Leclanch\u00e9 \u00fcber einen Auftragsbestand von insgesamt mehr als CHF 100 Mio. und \u00fcber\" \/>\n<meta property=\"og:url\" content=\"https:\/\/www.leclanche.com\/de\/aktionaere-genehmigen-an-der-ausserordentlichen-generalversammlung-von-leclanche-alle-antraege-zur-staerkung-der-bilanzsstruktur\/\" \/>\n<meta property=\"og:site_name\" content=\"Leclanch\u00e9\" \/>\n<meta property=\"article:published_time\" content=\"2019-10-24T11:39:58+00:00\" \/>\n<meta property=\"article:modified_time\" content=\"2021-04-29T08:55:15+00:00\" \/>\n<meta name=\"author\" content=\"wavemind\" \/>\n<meta name=\"twitter:card\" content=\"summary_large_image\" \/>\n<meta name=\"twitter:label1\" content=\"Verfasst von\" \/>\n\t<meta name=\"twitter:data1\" content=\"wavemind\" \/>\n\t<meta name=\"twitter:label2\" content=\"Gesch\u00e4tzte Lesezeit\" \/>\n\t<meta name=\"twitter:data2\" content=\"4\u00a0Minuten\" \/>\n<script type=\"application\/ld+json\" class=\"yoast-schema-graph\">{\"@context\":\"https:\/\/schema.org\",\"@graph\":[{\"@type\":\"WebPage\",\"@id\":\"https:\/\/www.leclanche.com\/de\/aktionaere-genehmigen-an-der-ausserordentlichen-generalversammlung-von-leclanche-alle-antraege-zur-staerkung-der-bilanzsstruktur\/\",\"url\":\"https:\/\/www.leclanche.com\/de\/aktionaere-genehmigen-an-der-ausserordentlichen-generalversammlung-von-leclanche-alle-antraege-zur-staerkung-der-bilanzsstruktur\/\",\"name\":\"Aktion\u00e4re genehmigen an der ausserordentlichen Generalversammlung von Leclanch\u00e9 alle Antr\u00e4ge zur St\u00e4rkung der Bilanzsstruktur - Leclanch\u00e9\",\"isPartOf\":{\"@id\":\"https:\/\/www.leclanche.com\/de\/#website\"},\"datePublished\":\"2019-10-24T11:39:58+00:00\",\"dateModified\":\"2021-04-29T08:55:15+00:00\",\"author\":{\"@id\":\"https:\/\/www.leclanche.com\/de\/#\/schema\/person\/167e0a19484be6cd0f6ef0e2ddf44203\"},\"description\":\"An der ausserordentlichen Generalversammlung wurde best\u00e4tigt, dass Leclanch\u00e9 \u00fcber einen Auftragsbestand von insgesamt mehr als CHF 100 Mio. und \u00fcber\",\"breadcrumb\":{\"@id\":\"https:\/\/www.leclanche.com\/de\/aktionaere-genehmigen-an-der-ausserordentlichen-generalversammlung-von-leclanche-alle-antraege-zur-staerkung-der-bilanzsstruktur\/#breadcrumb\"},\"inLanguage\":\"de\",\"potentialAction\":[{\"@type\":\"ReadAction\",\"target\":[\"https:\/\/www.leclanche.com\/de\/aktionaere-genehmigen-an-der-ausserordentlichen-generalversammlung-von-leclanche-alle-antraege-zur-staerkung-der-bilanzsstruktur\/\"]}]},{\"@type\":\"BreadcrumbList\",\"@id\":\"https:\/\/www.leclanche.com\/de\/aktionaere-genehmigen-an-der-ausserordentlichen-generalversammlung-von-leclanche-alle-antraege-zur-staerkung-der-bilanzsstruktur\/#breadcrumb\",\"itemListElement\":[{\"@type\":\"ListItem\",\"position\":1,\"name\":\"Accueil\",\"item\":\"https:\/\/www.leclanche.com\/de\/\"},{\"@type\":\"ListItem\",\"position\":2,\"name\":\"Aktion\u00e4re genehmigen an der ausserordentlichen Generalversammlung von Leclanch\u00e9 alle Antr\u00e4ge zur St\u00e4rkung der Bilanzsstruktur\"}]},{\"@type\":\"WebSite\",\"@id\":\"https:\/\/www.leclanche.com\/de\/#website\",\"url\":\"https:\/\/www.leclanche.com\/de\/\",\"name\":\"Leclanch\u00e9\",\"description\":\"Energy Storage Solutions\",\"potentialAction\":[{\"@type\":\"SearchAction\",\"target\":{\"@type\":\"EntryPoint\",\"urlTemplate\":\"https:\/\/www.leclanche.com\/de\/?s={search_term_string}\"},\"query-input\":{\"@type\":\"PropertyValueSpecification\",\"valueRequired\":true,\"valueName\":\"search_term_string\"}}],\"inLanguage\":\"de\"},{\"@type\":\"Person\",\"@id\":\"https:\/\/www.leclanche.com\/de\/#\/schema\/person\/167e0a19484be6cd0f6ef0e2ddf44203\",\"name\":\"wavemind\",\"image\":{\"@type\":\"ImageObject\",\"inLanguage\":\"de\",\"@id\":\"https:\/\/www.leclanche.com\/de\/#\/schema\/person\/image\/\",\"url\":\"https:\/\/secure.gravatar.com\/avatar\/37d64a5301717e5c14c6c8f122c36a0d05409469ecccfad71c65502f189da403?s=96&d=mm&r=g\",\"contentUrl\":\"https:\/\/secure.gravatar.com\/avatar\/37d64a5301717e5c14c6c8f122c36a0d05409469ecccfad71c65502f189da403?s=96&d=mm&r=g\",\"caption\":\"wavemind\"},\"url\":\"https:\/\/www.leclanche.com\/de\/author\/wavemind\/\"}]}<\/script>\n<!-- \/ Yoast SEO plugin. -->","yoast_head_json":{"title":"Aktion\u00e4re genehmigen an der ausserordentlichen Generalversammlung von Leclanch\u00e9 alle Antr\u00e4ge zur St\u00e4rkung der Bilanzsstruktur - Leclanch\u00e9","description":"An der ausserordentlichen Generalversammlung wurde best\u00e4tigt, dass Leclanch\u00e9 \u00fcber einen Auftragsbestand von insgesamt mehr als CHF 100 Mio. und \u00fcber","robots":{"index":"index","follow":"follow","max-snippet":"max-snippet:-1","max-image-preview":"max-image-preview:large","max-video-preview":"max-video-preview:-1"},"canonical":"https:\/\/www.leclanche.com\/de\/aktionaere-genehmigen-an-der-ausserordentlichen-generalversammlung-von-leclanche-alle-antraege-zur-staerkung-der-bilanzsstruktur\/","og_locale":"de_DE","og_type":"article","og_title":"Aktion\u00e4re genehmigen an der ausserordentlichen Generalversammlung von Leclanch\u00e9 alle Antr\u00e4ge zur St\u00e4rkung der Bilanzsstruktur - Leclanch\u00e9","og_description":"An der ausserordentlichen Generalversammlung wurde best\u00e4tigt, dass Leclanch\u00e9 \u00fcber einen Auftragsbestand von insgesamt mehr als CHF 100 Mio. und \u00fcber","og_url":"https:\/\/www.leclanche.com\/de\/aktionaere-genehmigen-an-der-ausserordentlichen-generalversammlung-von-leclanche-alle-antraege-zur-staerkung-der-bilanzsstruktur\/","og_site_name":"Leclanch\u00e9","article_published_time":"2019-10-24T11:39:58+00:00","article_modified_time":"2021-04-29T08:55:15+00:00","author":"wavemind","twitter_card":"summary_large_image","twitter_misc":{"Verfasst von":"wavemind","Gesch\u00e4tzte Lesezeit":"4\u00a0Minuten"},"schema":{"@context":"https:\/\/schema.org","@graph":[{"@type":"WebPage","@id":"https:\/\/www.leclanche.com\/de\/aktionaere-genehmigen-an-der-ausserordentlichen-generalversammlung-von-leclanche-alle-antraege-zur-staerkung-der-bilanzsstruktur\/","url":"https:\/\/www.leclanche.com\/de\/aktionaere-genehmigen-an-der-ausserordentlichen-generalversammlung-von-leclanche-alle-antraege-zur-staerkung-der-bilanzsstruktur\/","name":"Aktion\u00e4re genehmigen an der ausserordentlichen Generalversammlung von Leclanch\u00e9 alle Antr\u00e4ge zur St\u00e4rkung der Bilanzsstruktur - Leclanch\u00e9","isPartOf":{"@id":"https:\/\/www.leclanche.com\/de\/#website"},"datePublished":"2019-10-24T11:39:58+00:00","dateModified":"2021-04-29T08:55:15+00:00","author":{"@id":"https:\/\/www.leclanche.com\/de\/#\/schema\/person\/167e0a19484be6cd0f6ef0e2ddf44203"},"description":"An der ausserordentlichen Generalversammlung wurde best\u00e4tigt, dass Leclanch\u00e9 \u00fcber einen Auftragsbestand von insgesamt mehr als CHF 100 Mio. und \u00fcber","breadcrumb":{"@id":"https:\/\/www.leclanche.com\/de\/aktionaere-genehmigen-an-der-ausserordentlichen-generalversammlung-von-leclanche-alle-antraege-zur-staerkung-der-bilanzsstruktur\/#breadcrumb"},"inLanguage":"de","potentialAction":[{"@type":"ReadAction","target":["https:\/\/www.leclanche.com\/de\/aktionaere-genehmigen-an-der-ausserordentlichen-generalversammlung-von-leclanche-alle-antraege-zur-staerkung-der-bilanzsstruktur\/"]}]},{"@type":"BreadcrumbList","@id":"https:\/\/www.leclanche.com\/de\/aktionaere-genehmigen-an-der-ausserordentlichen-generalversammlung-von-leclanche-alle-antraege-zur-staerkung-der-bilanzsstruktur\/#breadcrumb","itemListElement":[{"@type":"ListItem","position":1,"name":"Accueil","item":"https:\/\/www.leclanche.com\/de\/"},{"@type":"ListItem","position":2,"name":"Aktion\u00e4re genehmigen an der ausserordentlichen Generalversammlung von Leclanch\u00e9 alle Antr\u00e4ge zur St\u00e4rkung der Bilanzsstruktur"}]},{"@type":"WebSite","@id":"https:\/\/www.leclanche.com\/de\/#website","url":"https:\/\/www.leclanche.com\/de\/","name":"Leclanch\u00e9","description":"Energy Storage Solutions","potentialAction":[{"@type":"SearchAction","target":{"@type":"EntryPoint","urlTemplate":"https:\/\/www.leclanche.com\/de\/?s={search_term_string}"},"query-input":{"@type":"PropertyValueSpecification","valueRequired":true,"valueName":"search_term_string"}}],"inLanguage":"de"},{"@type":"Person","@id":"https:\/\/www.leclanche.com\/de\/#\/schema\/person\/167e0a19484be6cd0f6ef0e2ddf44203","name":"wavemind","image":{"@type":"ImageObject","inLanguage":"de","@id":"https:\/\/www.leclanche.com\/de\/#\/schema\/person\/image\/","url":"https:\/\/secure.gravatar.com\/avatar\/37d64a5301717e5c14c6c8f122c36a0d05409469ecccfad71c65502f189da403?s=96&d=mm&r=g","contentUrl":"https:\/\/secure.gravatar.com\/avatar\/37d64a5301717e5c14c6c8f122c36a0d05409469ecccfad71c65502f189da403?s=96&d=mm&r=g","caption":"wavemind"},"url":"https:\/\/www.leclanche.com\/de\/author\/wavemind\/"}]}},"_links":{"self":[{"href":"https:\/\/www.leclanche.com\/de\/wp-json\/wp\/v2\/posts\/9696","targetHints":{"allow":["GET"]}}],"collection":[{"href":"https:\/\/www.leclanche.com\/de\/wp-json\/wp\/v2\/posts"}],"about":[{"href":"https:\/\/www.leclanche.com\/de\/wp-json\/wp\/v2\/types\/post"}],"author":[{"embeddable":true,"href":"https:\/\/www.leclanche.com\/de\/wp-json\/wp\/v2\/users\/1"}],"replies":[{"embeddable":true,"href":"https:\/\/www.leclanche.com\/de\/wp-json\/wp\/v2\/comments?post=9696"}],"version-history":[{"count":5,"href":"https:\/\/www.leclanche.com\/de\/wp-json\/wp\/v2\/posts\/9696\/revisions"}],"predecessor-version":[{"id":9818,"href":"https:\/\/www.leclanche.com\/de\/wp-json\/wp\/v2\/posts\/9696\/revisions\/9818"}],"wp:attachment":[{"href":"https:\/\/www.leclanche.com\/de\/wp-json\/wp\/v2\/media?parent=9696"}],"wp:term":[{"taxonomy":"category","embeddable":true,"href":"https:\/\/www.leclanche.com\/de\/wp-json\/wp\/v2\/categories?post=9696"},{"taxonomy":"post_tag","embeddable":true,"href":"https:\/\/www.leclanche.com\/de\/wp-json\/wp\/v2\/tags?post=9696"}],"curies":[{"name":"wp","href":"https:\/\/api.w.org\/{rel}","templated":true}]}}