{"id":9702,"date":"2019-10-03T11:17:25","date_gmt":"2019-10-03T09:17:25","guid":{"rendered":"https:\/\/www.leclanche.com\/leclanche-kuendigt-an-einladung-zur-kommenden-ausserordentlichen-hauptversammlung-am-24-oktober-2019-in-yverdon-les-bains\/"},"modified":"2021-04-29T10:47:42","modified_gmt":"2021-04-29T08:47:42","slug":"leclanche-kuendigt-an-einladung-zur-kommenden-ausserordentlichen-hauptversammlung-am-24-oktober-2019-in-yverdon-les-bains","status":"publish","type":"post","link":"https:\/\/www.leclanche.com\/de\/leclanche-kuendigt-an-einladung-zur-kommenden-ausserordentlichen-hauptversammlung-am-24-oktober-2019-in-yverdon-les-bains\/","title":{"rendered":"Leclanch\u00e9 k\u00fcndigt an: Einladung zur kommenden au\u00dferordentlichen Hauptversammlung am 24. Oktober 2019 in Yverdon-les-Bains"},"content":{"rendered":"<p><strong>Yverdon-les-Bains, Schweiz, 3. Oktober 2019<\/strong> &#8211; Leclanch\u00e9 SA (SIX Swiss Exchange: LECN), eines der weltweit f\u00fchrenden Unternehmen f\u00fcr Energiespeicherl\u00f6sungen, ver\u00f6ffentlicht heute die Einladung zu einer ausserordentlichen Generalversammlung (EGM) der Aktion\u00e4re, die am 24. Oktober 2019 um 9.00 Uhr (T\u00fcr\u00f6ffnung um 8.30 Uhr) im Grand H\u00f4tel &amp; Centre Thermal, Avenue des Bains 22, 1400 Yverdon-les-Bains, Schweiz, stattfinden wird.<\/p>\n<p>Die Generalversammlung folgt auf die Bekanntgabe der Halbjahresergebnisse von letzter Woche, aus denen hervorging, dass der kombinierte Auftragsbestand von Leclanch\u00e9 nun \u00fcber 100 Mio. CHF liegt und dass das Unternehmen seine Bilanz weiter restrukturiert. Im Rahmen dieser Umstrukturierung hat sich unser gr\u00f6sster Aktion\u00e4r FEFAM<sup>1<\/sup> verpflichtet, weitere CHF 17.4 Mio. seiner Schulden in Eigenkapital umzuwandeln, vorbehaltlich der Zustimmung der Mehrheit der Aktion\u00e4re an der Generalversammlung.<\/p>\n<p>Dar\u00fcber hinaus werden die Aktion\u00e4re gebeten, an der Hauptversammlung f\u00fcr die Herabsetzung des Nennwertes von Leclanch\u00e9 pro Aktie zu stimmen, damit Leclanch\u00e9 seine Bilanz weiter st\u00e4rken kann. Wir werden die Aktion\u00e4re auch um ihre Unterst\u00fctzung bei der Schaffung neuer Aktien bitten, um den anstehenden Kapitalbedarf der Gesellschaft zu decken.<\/p>\n<p><strong>Anil Srivastava, CEO von Leclanch\u00e9, sagte:<\/strong> <em>\u201eWir sind der FEFAM sehr dankbar f\u00fcr die kontinuierliche Unterst\u00fctzung des Unternehmens. Die Vereinbarung \u00fcber die Umwandlung von weiteren 17,4 Mio. CHF der Schulden wird die Verschuldung von Leclanch\u00e9 um den gleichen Betrag reduzieren. Nach der am 26. September 2019 angek\u00fcndigten Reorganisation der strategischen Gesch\u00e4ftseinheit wird das Unternehmen damit in eine gute Position versetzt, um neue Investoren zu gewinnen, insbesondere nach all den positiven wirtschaftlichen Entwicklungen, die wir in den letzten Wochen mit dem Markt geteilt haben&#8220;<\/em>.<\/p>\n<p>Eine detaillierte Version der Einladung ist in der englischen und franz\u00f6sischen Version der Pressemitteilung verf\u00fcgbar.<\/p>\n<div class=\"post-down-btn-container\"><a href=\"https:\/\/www.leclanche.com\/wp-content\/uploads\/2019\/10\/20191003-EGM-PR_GE.pdf\">DOWNLOAD PDF<\/a><\/div>\n<p>&nbsp;<\/p>\n<p><sup>1<\/sup> FEFAM steht f\u00fcr: AM INVESTMENT SCA, SICAV-SIF &#8211; Illiquid Assets Sub-Fund, zusammen mit FINEXIS EQUITY FUND &#8211; Renewable Energy Sub-Fund, FINEXIS EQUITY FUND &#8211; Multi Asset Strategy Sub-Fund, FINEXIS EQUITY FUND &#8211; E Money Strategies Sub-Fund (auch als Energy Storage Invest bezeichnet); alle diese Fonds gemeinsam sind Hauptaktion\u00e4r von Leclanch\u00e9, nachstehend als &#8222;FEFAM&#8220; bezeichnet.<\/p>\n<h2><\/h2>\n<p><strong>\u00dcber Leclanch\u00e9<\/strong><\/p>\n<p>Leclanch\u00e9 SA mit Sitz in der Schweiz ist ein f\u00fchrender Anbieter von hochwertigen Energiespeicherl\u00f6sungen, die die Fortschritte in Richtung einer sauberen Energiezukunft beschleunigen sollen. Die Geschichte und das Erbe von Leclanch\u00e9 wurzeln in mehr als 100 Jahren innovativer Entwicklung von Batterien und Energiespeichern\u00a0\u2013 das Unternehmen ist ein zuverl\u00e4ssiger Anbieter von Energiespeicherl\u00f6sungen weltweit. Dies, kombiniert mit der Unternehmenskultur des deutschen Maschinenbaus und der Schweizer Pr\u00e4zision und Qualit\u00e4t, macht Leclanch\u00e9 zum bevorzugten Partner f\u00fcr neue Markteilnehmer, etablierte Unternehmen und Regierungen, die an der Spitze positiver Ver\u00e4nderungen in der weltweiten Energieerzeugung und -verteilung sowie ihres Verbrauchs stehen. Der Energiewandel wird haupts\u00e4chlich durch Ver\u00e4nderungen im Management der Stromnetze und in der Elektrifizierung des Transports vorangetrieben; beide M\u00e4rkte sind das R\u00fcckgrat der Strategie und des Gesch\u00e4ftsmodells von Leclanch\u00e9. Die Produkte von Leclanch\u00e9 sind das Herzst\u00fcck der Konvergenz der Verkehrselektrifizierung und der Entwicklung des Verteilungsnetzes. Leclanch\u00e9 ist das einzige weltweit gelistete, reine Energiespeicherunternehmen, das in drei Gesch\u00e4ftseinheiten organisiert ist: station\u00e4re Speicherl\u00f6sungen, E-Transportl\u00f6sungen und spezielle Batteriesysteme. Leclanch\u00e9 ist an der Schweizer B\u00f6rse notiert (SIX: LECN).<\/p>\n<p>SIX Swiss Exchange: ticker symbol LECN | ISIN CH 011 030 311 9<\/p>\n<p><strong>\u00a0<\/strong><\/p>\n<p><strong>Haftungsausschluss<\/strong><\/p>\n<p>Diese Pressemitteilung enth\u00e4lt bestimmte in die Zukunft gerichtete Aussagen \u00fcber die Aktivit\u00e4ten von Leclanch\u00e9, die durch Begriffe wie \u201estrategisch&#8220;, \u201evorgeschlagen&#8220;, \u201eeingef\u00fchrt&#8220;, \u201ewird&#8220;, \u201egeplant&#8220;, \u201eerwartet&#8220;, \u201eVerpflichtung&#8220;, \u201eerwarten&#8220;, \u201eprognostizieren&#8220;, \u201eetabliert&#8220;, \u201evorbereiten&#8220;, \u201eplanen&#8220;, \u201esch\u00e4tzen&#8220;, \u201eZiele&#8220;, \u201ew\u00fcrden&#8220;, \u201epotenziell&#8220; und \u201eerwarten&#8220; gekennzeichnet sein k\u00f6nnen, \u201eSch\u00e4tzung&#8220;, \u201eAngebot&#8220; oder \u00e4hnliche Ausdr\u00fccke oder durch ausdr\u00fcckliche oder implizite Diskussionen \u00fcber den Hochlauf der Produktionskapazit\u00e4ten von Leclanch\u00e9, m\u00f6gliche Anwendungen bestehender Produkte oder potenzielle zuk\u00fcnftige Einnahmen aus solchen Produkten oder potenzielle zuk\u00fcnftige Verk\u00e4ufe oder Gewinne von Leclanch\u00e9 oder einer seiner Gesch\u00e4ftseinheiten. Sie sollten sich nicht zu sehr auf diese Aussagen verlassen. Diese zukunftsgerichteten Aussagen spiegeln die aktuellen Ansichten von Leclanch\u00e9 \u00fcber zuk\u00fcnftige Ereignisse wider und beinhalten bekannte und unbekannte Risiken, Unsicherheiten und andere Faktoren, die dazu f\u00fchren k\u00f6nnen, dass die tats\u00e4chlichen Ergebnisse wesentlich von den zuk\u00fcnftigen Ergebnissen, Leistungen oder Errungenschaften abweichen, die in diesen Aussagen ausdr\u00fccklich oder implizit zum Ausdruck kommen. Es gibt keine Garantie daf\u00fcr, dass die Produkte von Leclanch\u00e9 ein bestimmtes Umsatzniveau erreichen. Es gibt auch keine Garantie daf\u00fcr, dass Leclanch\u00e9 oder eine seiner Gesch\u00e4ftseinheiten bestimmte finanzielle Ergebnisse erzielen wird.<\/p>\n<p>&nbsp;<\/p>\n<p><strong>Kontakte Leclanch\u00e9<\/strong><\/p>\n<p><strong>Medien Schweiz \/Europa:<\/strong><\/p>\n<p>Thierry Meyer<\/p>\n<p>T: +41 (0) 79\u00a0785 35 81<\/p>\n<p>E-Mail: <a href=\"mailto:tme@dynamicsgoup.ch\">tme@dynamicsgroup.ch<\/a><\/p>\n<p>&nbsp;<\/p>\n<p><strong>Medien Nordamerika:<\/strong><\/p>\n<p>Henry Feintuch \/ Ashley Blas<\/p>\n<p>T: +1-914-548-6924 \/ +1-509-494-4053<\/p>\n<p>E-Mail: <a href=\"mailto:leclanche@feintuchpr.com\">leclanche@feintuchpr.com<\/a><\/p>\n<p>&nbsp;<\/p>\n<p><strong>Medien Deutschland:<\/strong><\/p>\n<p>Christoph Miller<\/p>\n<p>T: +49 (0) 711 947 670<\/p>\n<p>E-Mail: <a href=\"mailto:leclanche@sympra.de\">leclanche@sympra.de<\/a><\/p>\n<p>&nbsp;<\/p>\n<p><strong>Ansprechpartner f\u00fcr Investoren:<\/strong><\/p>\n<p>Anil Srivastava \/ Hubert Angleys<\/p>\n<p>T: +41 (0) 24 424 65 00<\/p>\n<p>E-Mail: <a href=\"mailto:invest.leclanche@leclanche.com\">invest.leclanche@leclanche.com<\/a><\/p>\n<p>T: +41 (0) 24 424 65 00<br \/>\nE-mail: <a>invest.leclanche@leclanche.com<\/a><\/p>\n","protected":false},"excerpt":{"rendered":"<p>Yverdon-les-Bains, Schweiz, 3. Oktober 2019 &#8211; Leclanch\u00e9 SA (SIX Swiss Exchange: LECN), eines der weltweit f\u00fchrenden Unternehmen f\u00fcr Energiespeicherl\u00f6sungen, ver\u00f6ffentlicht heute die Einladung zu einer ausserordentlichen Generalversammlung (EGM) der Aktion\u00e4re, die am 24. Oktober 2019 um 9.00 Uhr (T\u00fcr\u00f6ffnung um 8.30 Uhr) im Grand H\u00f4tel &amp; Centre Thermal, Avenue des Bains 22, 1400 Yverdon-les-Bains, Schweiz, [&hellip;]<\/p>\n","protected":false},"author":1,"featured_media":0,"comment_status":"open","ping_status":"open","sticky":false,"template":"","format":"standard","meta":{"footnotes":""},"categories":[47,48,109],"tags":[],"class_list":["post-9702","post","type-post","status-publish","format-standard","hentry","category-firmennachrichten","category-pressemitteilung","category-weitere-pressemitteilungen"],"yoast_head":"<!-- This site is optimized with the Yoast SEO plugin v26.4 - https:\/\/yoast.com\/wordpress\/plugins\/seo\/ -->\n<title>Leclanch\u00e9 k\u00fcndigt an: Einladung zur kommenden au\u00dferordentlichen Hauptversammlung am 24. Oktober 2019 in Yverdon-les-Bains - Leclanch\u00e9<\/title>\n<meta name=\"description\" content=\"Yverdon-les-Bains, Schweiz, 3. Oktober 2019 - Leclanch\u00e9 SA (SIX Swiss Exchange: LECN), eines der weltweit f\u00fchrenden Unternehmen f\u00fcr\" \/>\n<meta name=\"robots\" content=\"index, follow, max-snippet:-1, max-image-preview:large, max-video-preview:-1\" \/>\n<link rel=\"canonical\" href=\"https:\/\/www.leclanche.com\/de\/leclanche-kuendigt-an-einladung-zur-kommenden-ausserordentlichen-hauptversammlung-am-24-oktober-2019-in-yverdon-les-bains\/\" \/>\n<meta property=\"og:locale\" content=\"de_DE\" \/>\n<meta property=\"og:type\" content=\"article\" \/>\n<meta property=\"og:title\" content=\"Leclanch\u00e9 k\u00fcndigt an: Einladung zur kommenden au\u00dferordentlichen Hauptversammlung am 24. Oktober 2019 in Yverdon-les-Bains - Leclanch\u00e9\" \/>\n<meta property=\"og:description\" content=\"Yverdon-les-Bains, Schweiz, 3. Oktober 2019 - Leclanch\u00e9 SA (SIX Swiss Exchange: LECN), eines der weltweit f\u00fchrenden Unternehmen f\u00fcr\" \/>\n<meta property=\"og:url\" content=\"https:\/\/www.leclanche.com\/de\/leclanche-kuendigt-an-einladung-zur-kommenden-ausserordentlichen-hauptversammlung-am-24-oktober-2019-in-yverdon-les-bains\/\" \/>\n<meta property=\"og:site_name\" content=\"Leclanch\u00e9\" \/>\n<meta property=\"article:published_time\" content=\"2019-10-03T09:17:25+00:00\" \/>\n<meta property=\"article:modified_time\" content=\"2021-04-29T08:47:42+00:00\" \/>\n<meta name=\"author\" content=\"wavemind\" \/>\n<meta name=\"twitter:card\" content=\"summary_large_image\" \/>\n<meta name=\"twitter:label1\" content=\"Verfasst von\" \/>\n\t<meta name=\"twitter:data1\" content=\"wavemind\" \/>\n\t<meta name=\"twitter:label2\" content=\"Gesch\u00e4tzte Lesezeit\" \/>\n\t<meta name=\"twitter:data2\" content=\"4\u00a0Minuten\" \/>\n<script type=\"application\/ld+json\" class=\"yoast-schema-graph\">{\"@context\":\"https:\/\/schema.org\",\"@graph\":[{\"@type\":\"WebPage\",\"@id\":\"https:\/\/www.leclanche.com\/de\/leclanche-kuendigt-an-einladung-zur-kommenden-ausserordentlichen-hauptversammlung-am-24-oktober-2019-in-yverdon-les-bains\/\",\"url\":\"https:\/\/www.leclanche.com\/de\/leclanche-kuendigt-an-einladung-zur-kommenden-ausserordentlichen-hauptversammlung-am-24-oktober-2019-in-yverdon-les-bains\/\",\"name\":\"Leclanch\u00e9 k\u00fcndigt an: Einladung zur kommenden au\u00dferordentlichen Hauptversammlung am 24. Oktober 2019 in Yverdon-les-Bains - Leclanch\u00e9\",\"isPartOf\":{\"@id\":\"https:\/\/www.leclanche.com\/de\/#website\"},\"datePublished\":\"2019-10-03T09:17:25+00:00\",\"dateModified\":\"2021-04-29T08:47:42+00:00\",\"author\":{\"@id\":\"https:\/\/www.leclanche.com\/de\/#\/schema\/person\/167e0a19484be6cd0f6ef0e2ddf44203\"},\"description\":\"Yverdon-les-Bains, Schweiz, 3. Oktober 2019 - Leclanch\u00e9 SA (SIX Swiss Exchange: LECN), eines der weltweit f\u00fchrenden Unternehmen f\u00fcr\",\"breadcrumb\":{\"@id\":\"https:\/\/www.leclanche.com\/de\/leclanche-kuendigt-an-einladung-zur-kommenden-ausserordentlichen-hauptversammlung-am-24-oktober-2019-in-yverdon-les-bains\/#breadcrumb\"},\"inLanguage\":\"de\",\"potentialAction\":[{\"@type\":\"ReadAction\",\"target\":[\"https:\/\/www.leclanche.com\/de\/leclanche-kuendigt-an-einladung-zur-kommenden-ausserordentlichen-hauptversammlung-am-24-oktober-2019-in-yverdon-les-bains\/\"]}]},{\"@type\":\"BreadcrumbList\",\"@id\":\"https:\/\/www.leclanche.com\/de\/leclanche-kuendigt-an-einladung-zur-kommenden-ausserordentlichen-hauptversammlung-am-24-oktober-2019-in-yverdon-les-bains\/#breadcrumb\",\"itemListElement\":[{\"@type\":\"ListItem\",\"position\":1,\"name\":\"Accueil\",\"item\":\"https:\/\/www.leclanche.com\/de\/\"},{\"@type\":\"ListItem\",\"position\":2,\"name\":\"Leclanch\u00e9 k\u00fcndigt an: Einladung zur kommenden au\u00dferordentlichen Hauptversammlung am 24. Oktober 2019 in Yverdon-les-Bains\"}]},{\"@type\":\"WebSite\",\"@id\":\"https:\/\/www.leclanche.com\/de\/#website\",\"url\":\"https:\/\/www.leclanche.com\/de\/\",\"name\":\"Leclanch\u00e9\",\"description\":\"Energy Storage Solutions\",\"potentialAction\":[{\"@type\":\"SearchAction\",\"target\":{\"@type\":\"EntryPoint\",\"urlTemplate\":\"https:\/\/www.leclanche.com\/de\/?s={search_term_string}\"},\"query-input\":{\"@type\":\"PropertyValueSpecification\",\"valueRequired\":true,\"valueName\":\"search_term_string\"}}],\"inLanguage\":\"de\"},{\"@type\":\"Person\",\"@id\":\"https:\/\/www.leclanche.com\/de\/#\/schema\/person\/167e0a19484be6cd0f6ef0e2ddf44203\",\"name\":\"wavemind\",\"image\":{\"@type\":\"ImageObject\",\"inLanguage\":\"de\",\"@id\":\"https:\/\/www.leclanche.com\/de\/#\/schema\/person\/image\/\",\"url\":\"https:\/\/secure.gravatar.com\/avatar\/37d64a5301717e5c14c6c8f122c36a0d05409469ecccfad71c65502f189da403?s=96&d=mm&r=g\",\"contentUrl\":\"https:\/\/secure.gravatar.com\/avatar\/37d64a5301717e5c14c6c8f122c36a0d05409469ecccfad71c65502f189da403?s=96&d=mm&r=g\",\"caption\":\"wavemind\"},\"url\":\"https:\/\/www.leclanche.com\/de\/author\/wavemind\/\"}]}<\/script>\n<!-- \/ Yoast SEO plugin. -->","yoast_head_json":{"title":"Leclanch\u00e9 k\u00fcndigt an: Einladung zur kommenden au\u00dferordentlichen Hauptversammlung am 24. Oktober 2019 in Yverdon-les-Bains - Leclanch\u00e9","description":"Yverdon-les-Bains, Schweiz, 3. Oktober 2019 - Leclanch\u00e9 SA (SIX Swiss Exchange: LECN), eines der weltweit f\u00fchrenden Unternehmen f\u00fcr","robots":{"index":"index","follow":"follow","max-snippet":"max-snippet:-1","max-image-preview":"max-image-preview:large","max-video-preview":"max-video-preview:-1"},"canonical":"https:\/\/www.leclanche.com\/de\/leclanche-kuendigt-an-einladung-zur-kommenden-ausserordentlichen-hauptversammlung-am-24-oktober-2019-in-yverdon-les-bains\/","og_locale":"de_DE","og_type":"article","og_title":"Leclanch\u00e9 k\u00fcndigt an: Einladung zur kommenden au\u00dferordentlichen Hauptversammlung am 24. Oktober 2019 in Yverdon-les-Bains - Leclanch\u00e9","og_description":"Yverdon-les-Bains, Schweiz, 3. Oktober 2019 - Leclanch\u00e9 SA (SIX Swiss Exchange: LECN), eines der weltweit f\u00fchrenden Unternehmen f\u00fcr","og_url":"https:\/\/www.leclanche.com\/de\/leclanche-kuendigt-an-einladung-zur-kommenden-ausserordentlichen-hauptversammlung-am-24-oktober-2019-in-yverdon-les-bains\/","og_site_name":"Leclanch\u00e9","article_published_time":"2019-10-03T09:17:25+00:00","article_modified_time":"2021-04-29T08:47:42+00:00","author":"wavemind","twitter_card":"summary_large_image","twitter_misc":{"Verfasst von":"wavemind","Gesch\u00e4tzte Lesezeit":"4\u00a0Minuten"},"schema":{"@context":"https:\/\/schema.org","@graph":[{"@type":"WebPage","@id":"https:\/\/www.leclanche.com\/de\/leclanche-kuendigt-an-einladung-zur-kommenden-ausserordentlichen-hauptversammlung-am-24-oktober-2019-in-yverdon-les-bains\/","url":"https:\/\/www.leclanche.com\/de\/leclanche-kuendigt-an-einladung-zur-kommenden-ausserordentlichen-hauptversammlung-am-24-oktober-2019-in-yverdon-les-bains\/","name":"Leclanch\u00e9 k\u00fcndigt an: Einladung zur kommenden au\u00dferordentlichen Hauptversammlung am 24. Oktober 2019 in Yverdon-les-Bains - Leclanch\u00e9","isPartOf":{"@id":"https:\/\/www.leclanche.com\/de\/#website"},"datePublished":"2019-10-03T09:17:25+00:00","dateModified":"2021-04-29T08:47:42+00:00","author":{"@id":"https:\/\/www.leclanche.com\/de\/#\/schema\/person\/167e0a19484be6cd0f6ef0e2ddf44203"},"description":"Yverdon-les-Bains, Schweiz, 3. Oktober 2019 - Leclanch\u00e9 SA (SIX Swiss Exchange: LECN), eines der weltweit f\u00fchrenden Unternehmen f\u00fcr","breadcrumb":{"@id":"https:\/\/www.leclanche.com\/de\/leclanche-kuendigt-an-einladung-zur-kommenden-ausserordentlichen-hauptversammlung-am-24-oktober-2019-in-yverdon-les-bains\/#breadcrumb"},"inLanguage":"de","potentialAction":[{"@type":"ReadAction","target":["https:\/\/www.leclanche.com\/de\/leclanche-kuendigt-an-einladung-zur-kommenden-ausserordentlichen-hauptversammlung-am-24-oktober-2019-in-yverdon-les-bains\/"]}]},{"@type":"BreadcrumbList","@id":"https:\/\/www.leclanche.com\/de\/leclanche-kuendigt-an-einladung-zur-kommenden-ausserordentlichen-hauptversammlung-am-24-oktober-2019-in-yverdon-les-bains\/#breadcrumb","itemListElement":[{"@type":"ListItem","position":1,"name":"Accueil","item":"https:\/\/www.leclanche.com\/de\/"},{"@type":"ListItem","position":2,"name":"Leclanch\u00e9 k\u00fcndigt an: Einladung zur kommenden au\u00dferordentlichen Hauptversammlung am 24. Oktober 2019 in Yverdon-les-Bains"}]},{"@type":"WebSite","@id":"https:\/\/www.leclanche.com\/de\/#website","url":"https:\/\/www.leclanche.com\/de\/","name":"Leclanch\u00e9","description":"Energy Storage Solutions","potentialAction":[{"@type":"SearchAction","target":{"@type":"EntryPoint","urlTemplate":"https:\/\/www.leclanche.com\/de\/?s={search_term_string}"},"query-input":{"@type":"PropertyValueSpecification","valueRequired":true,"valueName":"search_term_string"}}],"inLanguage":"de"},{"@type":"Person","@id":"https:\/\/www.leclanche.com\/de\/#\/schema\/person\/167e0a19484be6cd0f6ef0e2ddf44203","name":"wavemind","image":{"@type":"ImageObject","inLanguage":"de","@id":"https:\/\/www.leclanche.com\/de\/#\/schema\/person\/image\/","url":"https:\/\/secure.gravatar.com\/avatar\/37d64a5301717e5c14c6c8f122c36a0d05409469ecccfad71c65502f189da403?s=96&d=mm&r=g","contentUrl":"https:\/\/secure.gravatar.com\/avatar\/37d64a5301717e5c14c6c8f122c36a0d05409469ecccfad71c65502f189da403?s=96&d=mm&r=g","caption":"wavemind"},"url":"https:\/\/www.leclanche.com\/de\/author\/wavemind\/"}]}},"_links":{"self":[{"href":"https:\/\/www.leclanche.com\/de\/wp-json\/wp\/v2\/posts\/9702","targetHints":{"allow":["GET"]}}],"collection":[{"href":"https:\/\/www.leclanche.com\/de\/wp-json\/wp\/v2\/posts"}],"about":[{"href":"https:\/\/www.leclanche.com\/de\/wp-json\/wp\/v2\/types\/post"}],"author":[{"embeddable":true,"href":"https:\/\/www.leclanche.com\/de\/wp-json\/wp\/v2\/users\/1"}],"replies":[{"embeddable":true,"href":"https:\/\/www.leclanche.com\/de\/wp-json\/wp\/v2\/comments?post=9702"}],"version-history":[{"count":3,"href":"https:\/\/www.leclanche.com\/de\/wp-json\/wp\/v2\/posts\/9702\/revisions"}],"predecessor-version":[{"id":9835,"href":"https:\/\/www.leclanche.com\/de\/wp-json\/wp\/v2\/posts\/9702\/revisions\/9835"}],"wp:attachment":[{"href":"https:\/\/www.leclanche.com\/de\/wp-json\/wp\/v2\/media?parent=9702"}],"wp:term":[{"taxonomy":"category","embeddable":true,"href":"https:\/\/www.leclanche.com\/de\/wp-json\/wp\/v2\/categories?post=9702"},{"taxonomy":"post_tag","embeddable":true,"href":"https:\/\/www.leclanche.com\/de\/wp-json\/wp\/v2\/tags?post=9702"}],"curies":[{"name":"wp","href":"https:\/\/api.w.org\/{rel}","templated":true}]}}