{"id":9796,"date":"2019-05-06T06:08:04","date_gmt":"2019-05-06T04:08:04","guid":{"rendered":"https:\/\/www.leclanche.com\/vorschlag-fuer-die-wahl-eines-neuen-unabhaengigen-mitglieds-des-verwaltungsrates-der-leclanche-sa\/"},"modified":"2021-04-28T14:35:28","modified_gmt":"2021-04-28T12:35:28","slug":"vorschlag-fuer-die-wahl-eines-neuen-unabhaengigen-mitglieds-des-verwaltungsrates-der-leclanche-sa","status":"publish","type":"post","link":"https:\/\/www.leclanche.com\/de\/vorschlag-fuer-die-wahl-eines-neuen-unabhaengigen-mitglieds-des-verwaltungsrates-der-leclanche-sa\/","title":{"rendered":"Vorschlag f\u00fcr die Wahl eines neuen unabh\u00e4ngigen Mitglieds des Verwaltungsrates der Leclanch\u00e9 SA"},"content":{"rendered":"<p><span style=\"font-size: medium;\"><strong>YVERDON-LES-BAINS, Schweiz, 6. Mai 2019:<\/strong> Der Verwaltungsrat der Leclanch\u00e9 SA (SIX: LECN), einem der weltweit f\u00fchrenden Anbieter von Energiespeicherl\u00f6sungen, schl\u00e4gt der ordentlichen Generalversammlung vom 9. Mai 2019 die Wahl von Dr. Llu\u00eds M. Fargas Mas zum neuen unabh\u00e4ngigen Mitglied des Verwaltungsrats vor. Der Vorschlag erg\u00e4nzt den in der Pressemitteilung vom 16. April 2019 ver\u00f6ffentlichten Antrag, B\u00e9n\u00e9dict Fontanet, der als Vorstandsmitglied von Golden Partner die Interessen des Leclanch\u00e9-Mehrheitsaktion\u00e4rs FEFAM<\/span><span style=\"font-size: xx-small;\">1 <\/span><span style=\"font-size: medium;\">vertritt, in den Verwaltungsrat zu w\u00e4hlen. <\/span><\/p>\n<p><span style=\"font-family: Trebuchet MS,Trebuchet MS; font-size: xx-small;\">1 <\/span><span style=\"font-size: xx-small;\">FEFAM steht f\u00fcr: AM INVESTMENT SCA, SICAV-SIF &#8211; Liquid Assets Sub-Fund, zusammen mit FINEXIS EQUITY FUND &#8211; Renewable Energy Sub-Fund, FINEXIS EQUITY FUND &#8211; Multi Asset Strategy Sub-Fund, FINEXIS EQUITY FUND &#8211; E Money Strategies Sub-Fund (auch als Energy Storage Invest bezeichnet); alle diese Fonds gemeinsam sind Hauptaktion\u00e4r von Leclanch\u00e9, nachstehend als &#8222;FEFAM&#8220; bezeichnet. <\/span><\/p>\n<p>Dr. Llu\u00eds M. Fargas (*1966) ist Schweizer und spanischer Staatsb\u00fcrger. Er promovierte 2010 an der Universitat Rovira I Virgili (Spanien) im Bereich Finanz- und Steuerrecht und schloss sein Studium mit summa cum laude ab. Seine Arbeit basierte auf der &#8222;Gemeinsamen Konsolidierten K\u00f6rperschaftsteuer-Bemessungsgrundlage (GKKB) und den Auswirkungen\/ Effekten auf die Steuereinnahmen der europ\u00e4ischen Mitgliedstaaten&#8220;. Er besitzt einen Master in Rechtswissenschaften des Instituto de Empresa (Madrid) und einen Abschluss in Rechtswissenschaften der Universit\u00e4t Barcelona.<\/p>\n<p>Dr. Fargas kam 1994 zu Alcoa Inc., nachdem er f\u00fcnf Jahre lang als Senior Manager bei Coopers &amp; Lybrand in Barcelona (Spanien) t\u00e4tig war. Seit November 2016, nach der Abspaltung der vor- und nachgelagerten Gesch\u00e4fte von Alcoa Inc. in zwei Unternehmen (Alcoa Corp. und Arconic Inc.), ist Dr. Fargas als Vice President Tax, Controller and Corporate Development Europe bei Arconic t\u00e4tig, das die Walz-, Galvanik-, Feinguss- und Befestigungsaktivit\u00e4ten von Alcoa Inc. beibeh\u00e4lt.<\/p>\n<p><span style=\"font-size: medium;\">Dr. Fargas leitet die Funktion European Tax and Country Controllership und \u00fcbernimmt auch die Verantwortung f\u00fcr die Corporate Development Strategie von Arconic in Europa <\/span><span style=\"font-family: Ubuntu,Ubuntu; font-size: medium;\">\u2013 <\/span><span style=\"font-size: medium;\">einem 4-Milliarden-Unternehmen mit 40 Produktions<\/span><span style=\"font-family: Ubuntu,Ubuntu; font-size: medium;\">standorten und \u00fcber 10\u2018<\/span><span style=\"font-size: medium;\">000 Mitarbeitenden <\/span><span style=\"font-family: Ubuntu,Ubuntu; font-size: medium;\">\u2013 <\/span><span style=\"font-size: medium;\">mit dem Ziel, Gesch\u00e4ftsm\u00f6glichkeiten zu nutzen und Massnahmen zur St\u00e4rkung der strategischen Position aller Arconic-Unternehmen in der Region zu beschleunigen. <\/span><\/p>\n<p><span style=\"font-size: medium;\">Zus\u00e4tzlich zu seiner T\u00e4tigkeit bei Arconic ist Dr. Fargas Gastprofessor an der Universit\u00e4t Lausanne <\/span><span style=\"font-family: Ubuntu,Ubuntu; font-size: medium;\">\u2013 <\/span><span style=\"font-size: medium;\">UNIL (Schweiz). Dar\u00fcber hinaus h\u00e4lt er regelm\u00e4ssig Vortr\u00e4ge an internationalen Seminaren und Workshops. <\/span><\/p>\n<p><span style=\"font-size: medium;\">Stefan A. M\u00fcller, Pr\u00e4sident des Verwaltungsrats, kommentierte: &#8222;Herr Fargas wird ausgewiesene F\u00e4higkeiten in den Bereichen Finanzen und Unternehmensentwicklung sowie langj\u00e4hrige Berufserfahrung in einem multinationalen Unternehmen, das in einem sehr anspruchsvollen Umfeld t\u00e4tig ist, in den Verwaltungsrat von Leclanch\u00e9 einbringen. Sein fundiertes Wissen \u00fcber Finanz- und Rechtsstrukturen sowie sein starkes globales Netzwerk in der Luft- und Raumfahrt-, Automobil- und Bankenbranche werden Leclanch\u00e9 Zugang zu wertvollen Kenntnissen verschaffen, die der weiteren Entwicklung des Unternehmens<\/span>dienen. Wir glauben, dass Herr Fargas&#8216; umfangreiche finanzielle Erfahrung sowie seine unabh\u00e4ngige Position gegen\u00fcber dem Unternehmen ihn bestens geeignet machen, um effektiv und verantwortungsvoll zu den aktuellen und zuk\u00fcnftigen Priorit\u00e4ten von Leclanch\u00e9 beizutragen. Die Wahl von Herrn Fargas wird sicherstellen, dass die Kontrolle \u00fcber das Board bei unabh\u00e4ngigen Direktoren verbleibt&#8220;.<\/p>\n<p>Dar\u00fcber hinaus m\u00f6chte der Verwaltungsrat die Aktion\u00e4re der Gesellschaft dar\u00fcber informieren, dass f\u00fcr die gleiche Position des unabh\u00e4ngigen Direktors, dass Herr Antoine Spillmann als Vertreter des Bruellan Corporate Governance Action Fund (ein bedeutender Aktion\u00e4r der Gesellschaft) den Verwaltungsrat \u00fcber seine Absicht informiert hat, der ordentlichen Generalversammlung vom 9. Mai 2019 die Wahl von Herr Jacques Boppe (38 Jahre) in den Verwaltungsrat vorzuschlagen.<\/p>\n<p>Herr Boppe ist Schweizer Staatsb\u00fcrger und ist derzeit als unabh\u00e4ngiger Berater f\u00fcr Mikrogrid-Projekte t\u00e4tig. Herr Boppe verf\u00fcgt \u00fcber mehr als zehn Jahre Erfahrung im Bereich erneuerbare Energien. Er arbeitete zwei Jahre bei Leclanch\u00e9 als VP Business Development, Marketing\/Investor Relations und zwei Jahre als Managing Director von Swiss Green Electricity Management, einem Anbieter von Equity-Finanzierungen f\u00fcr den Aufbau, Besitz und Betrieb von Energiespeicheranlagen weltweit. Er war CEO und Mitgr\u00fcnder eines Startups der EPFL, das Windturbinen f\u00fcr Repowering und Projekte auf komplexem Gel\u00e4nde in China und der Schweiz entwickelte.<\/p>\n<p>Davor war Herr Boppe f\u00fcr mehrere netzgebundene und Microgrid-Energiespeicherprojekte in den USA, Kanada, Portugal, Chile und Namibia t\u00e4tig. Herr Boppe begann seine Karriere als Investmentbanker und arbeitete w\u00e4hrend sechs Jahren f\u00fcr die Credit Suisse und Huaxing in Hongkong und China. Herr Boppe schloss sein Studium in Mikroingenieurwesen an der EPFL ab, verf\u00fcgt \u00fcber einen Abschluss der Cambridge University (UK) und absolvierte einen MBA am INSEAD.<\/p>\n<p>&nbsp;<\/p>\n<h2>\u00dcber Leclanch\u00e9<\/h2>\n<p>Leclanch\u00e9 SA mit Sitz in der Schweiz ist ein f\u00fchrender Anbieter von hochwertigen Energiespeicherl\u00f6sungen, die die Fortschritte in Richtung einer sauberen Energiezukunft beschleunigen sollen. Die Geschichte und das Erbe von Leclanch\u00e9 wurzeln in mehr als 100 Jahren innovativer Entwicklung von Batterien und Energiespeichern \u2013 das Unternehmen ist ein zuverl\u00e4ssiger Anbieter von Energiespeicherl\u00f6sungen weltweit. Dies, kombiniert mit der Unternehmenskultur des deutschen Maschinenbaus und der Schweizer Pr\u00e4zision und Qualit\u00e4t, macht Leclanch\u00e9 zum bevorzugten Partner f\u00fcr neue Markteilnehmer, etablierte Unternehmen und Regierungen, die an der Spitze positiver Ver\u00e4nderungen in der weltweiten Energieerzeugung und -verteilung sowie ihres Verbrauchs stehen. Der Energiewandel wird haupts\u00e4chlich durch Ver\u00e4nderungen im Management der Stromnetze und in der Elektrifizierung des Transports vorangetrieben; beide M\u00e4rkte sind das R\u00fcckgrat der Strategie und des Gesch\u00e4ftsmodells von Leclanch\u00e9. Die Produkte von Leclanch\u00e9 sind das Herzst\u00fcck der Konvergenz der Verkehrselektrifizierung und der Entwicklung des Verteilungsnetzes. Leclanch\u00e9 ist das einzige weltweit gelistete, reine Energiespeicherunternehmen, das in drei Gesch\u00e4ftseinheiten organisiert ist: station\u00e4re Speicherl\u00f6sungen, e-Transportl\u00f6sungen und spezielle Batteriesysteme. Leclanch\u00e9 ist an der Schweizer B\u00f6rse notiert (SIX: LECN).<\/p>\n<p>SIX Swiss Exchange: Tickersymbol LECN | ISIN CH 011 030 311 9<\/p>\n<h2>Haftungsausschluss<\/h2>\n<p>Diese Medienmitteilung enth\u00e4lt bestimmte in die Zukunft gerichtete Aussagen \u00fcber die Aktivit\u00e4ten von Leclanch\u00e9, die durch Begriffe wie \u201cstrategisch\u201d, \u201cvorgeschlagen\u201d, \u201ceingef\u00fchrt\u201d, \u201cwird\u201d, \u201cgeplant\u201d, \u201cgeplant\u201d, \u201cgeplant\u201d, \u201cerwartet\u201d, \u201cVerpflichtung\u201d, \u201cerwarten\u201d, \u201cprognostizieren\u201d, \u201cetabliert\u201d, \u201cvorbereiten\u201d, \u201cplanen\u201d, \u201csch\u00e4tzen\u201d, \u201cZiele\u201d, \u201cw\u00fcrden\u201d, \u201cpotenziell\u201d und \u201cerwarten\u201d gekennzeichnet sein k\u00f6nnen, \u201cSch\u00e4tzung\u201d, \u201cAngebot\u201d oder \u00e4hnliche Ausdr\u00fccke oder durch ausdr\u00fcckliche oder implizite Diskussionen \u00fcber den Hochlauf der Produktionskapazit\u00e4ten von Leclanch\u00e9, m\u00f6gliche Anwendungen bestehender Produkte oder potenzielle zuk\u00fcnftige Einnahmen aus solchen Produkten oder potenzielle zuk\u00fcnftige Verk\u00e4ufe oder Gewinne von Leclanch\u00e9 oder einer seiner Gesch\u00e4ftseinheiten. Sie sollten sich nicht zu sehr auf diese Aussagen verlassen. Diese zukunftsgerichteten Aussagen spiegeln die aktuellen Ansichten von Leclanch\u00e9 \u00fcber zuk\u00fcnftige Ereignisse wider und beinhalten bekannte und unbekannte Risiken, Unsicherheiten und andere Faktoren, die dazu f\u00fchren k\u00f6nnen, dass die tats\u00e4chlichen Ergebnisse wesentlich von den zuk\u00fcnftigen Ergebnissen, Leistungen oder Errungenschaften abweichen, die in diesen Aussagen ausdr\u00fccklich oder implizit zum Ausdruck kommen. Es gibt keine Garantie daf\u00fcr, dass die Produkte von Leclanch\u00e9 ein bestimmtes Umsatzniveau erreichen. Es gibt auch keine Garantie daf\u00fcr, dass Leclanch\u00e9 oder eine seiner Gesch\u00e4ftseinheiten bestimmte finanzielle Ergebnisse erzielen wird.<\/p>\n<h2>Kontakte<\/h2>\n<h3>Medienkontakte:<\/h3>\n<h4>Europa\/weltweit<\/h4>\n<p>Desiree Maghoo<br \/>\nT: +44 (0) 7775 522 740<br \/>\nE-mail: <a>dmaghoo@questorconsulting.com<\/a><\/p>\n<p>Laure Lagrange<br \/>\nT: +44 (0) 7768 698 731<br \/>\nE-mail: <a>llagrange@questorconsulting.com<\/a><\/p>\n<h4>USA und Kanada<\/h4>\n<p>Rick Anderson<br \/>\nT: +1-718-986-1596<\/p>\n<p>Henry Feintuch<br \/>\nT: +1-212-808-4901<br \/>\nE-mail: <a>leclanche@feintuchpr.com<\/a><\/p>\n<h4>Schweiz<\/h4>\n<p>Thierry Meyer<br \/>\nT: +41 (0) 79 785 35 81<br \/>\nE-mail: <a>tme@dynamicsgroup.ch<\/a><\/p>\n<p>Thomas Balmer<br \/>\nT: +41 (0) 79 703 87 28<br \/>\nE-mail: <a>tba@dynamicsgroup.ch<\/a><\/p>\n<h4>Investorenkontakt<\/h4>\n<p>Anil Srivastava \/ Hubert Angleys<br \/>\nT: +41 (0) 24 424 65 00<br \/>\nE-mail: <a>invest.leclanche@leclanche.com<\/a><\/p>\n","protected":false},"excerpt":{"rendered":"<p>YVERDON-LES-BAINS, Schweiz, 6. Mai 2019: Der Verwaltungsrat der Leclanch\u00e9 SA (SIX: LECN), einem der weltweit f\u00fchrenden Anbieter von Energiespeicherl\u00f6sungen, schl\u00e4gt der ordentlichen Generalversammlung vom 9. Mai 2019 die Wahl von Dr. Llu\u00eds M. Fargas Mas zum neuen unabh\u00e4ngigen Mitglied des Verwaltungsrats vor. Der Vorschlag erg\u00e4nzt den in der Pressemitteilung vom 16. April 2019 ver\u00f6ffentlichten Antrag, [&hellip;]<\/p>\n","protected":false},"author":2,"featured_media":0,"comment_status":"closed","ping_status":"open","sticky":false,"template":"","format":"standard","meta":{"footnotes":""},"categories":[47,48,109],"tags":[],"class_list":["post-9796","post","type-post","status-publish","format-standard","hentry","category-firmennachrichten","category-pressemitteilung","category-weitere-pressemitteilungen"],"yoast_head":"<!-- This site is optimized with the Yoast SEO plugin v26.4 - https:\/\/yoast.com\/wordpress\/plugins\/seo\/ -->\n<title>Vorschlag f\u00fcr die Wahl eines neuen unabh\u00e4ngigen Mitglieds des Verwaltungsrates der Leclanch\u00e9 SA - Leclanch\u00e9<\/title>\n<meta name=\"description\" content=\"YVERDON-LES-BAINS, Schweiz, 6. Mai 2019: Der Verwaltungsrat der Leclanch\u00e9 SA (SIX: LECN), einem der weltweit f\u00fchrenden Anbieter von\" \/>\n<meta name=\"robots\" content=\"index, follow, max-snippet:-1, max-image-preview:large, max-video-preview:-1\" \/>\n<link rel=\"canonical\" href=\"https:\/\/www.leclanche.com\/de\/vorschlag-fuer-die-wahl-eines-neuen-unabhaengigen-mitglieds-des-verwaltungsrates-der-leclanche-sa\/\" \/>\n<meta property=\"og:locale\" content=\"de_DE\" \/>\n<meta property=\"og:type\" content=\"article\" \/>\n<meta property=\"og:title\" content=\"Vorschlag f\u00fcr die Wahl eines neuen unabh\u00e4ngigen Mitglieds des Verwaltungsrates der Leclanch\u00e9 SA - Leclanch\u00e9\" \/>\n<meta property=\"og:description\" content=\"YVERDON-LES-BAINS, Schweiz, 6. Mai 2019: Der Verwaltungsrat der Leclanch\u00e9 SA (SIX: LECN), einem der weltweit f\u00fchrenden Anbieter von\" \/>\n<meta property=\"og:url\" content=\"https:\/\/www.leclanche.com\/de\/vorschlag-fuer-die-wahl-eines-neuen-unabhaengigen-mitglieds-des-verwaltungsrates-der-leclanche-sa\/\" \/>\n<meta property=\"og:site_name\" content=\"Leclanch\u00e9\" \/>\n<meta property=\"article:published_time\" content=\"2019-05-06T04:08:04+00:00\" \/>\n<meta property=\"article:modified_time\" content=\"2021-04-28T12:35:28+00:00\" \/>\n<meta name=\"author\" content=\"Annick.Bid\" \/>\n<meta name=\"twitter:card\" content=\"summary_large_image\" \/>\n<meta name=\"twitter:label1\" content=\"Verfasst von\" \/>\n\t<meta name=\"twitter:data1\" content=\"Annick.Bid\" \/>\n\t<meta name=\"twitter:label2\" content=\"Gesch\u00e4tzte Lesezeit\" \/>\n\t<meta name=\"twitter:data2\" content=\"6\u00a0Minuten\" \/>\n<script type=\"application\/ld+json\" class=\"yoast-schema-graph\">{\"@context\":\"https:\/\/schema.org\",\"@graph\":[{\"@type\":\"WebPage\",\"@id\":\"https:\/\/www.leclanche.com\/de\/vorschlag-fuer-die-wahl-eines-neuen-unabhaengigen-mitglieds-des-verwaltungsrates-der-leclanche-sa\/\",\"url\":\"https:\/\/www.leclanche.com\/de\/vorschlag-fuer-die-wahl-eines-neuen-unabhaengigen-mitglieds-des-verwaltungsrates-der-leclanche-sa\/\",\"name\":\"Vorschlag f\u00fcr die Wahl eines neuen unabh\u00e4ngigen Mitglieds des Verwaltungsrates der Leclanch\u00e9 SA - Leclanch\u00e9\",\"isPartOf\":{\"@id\":\"https:\/\/www.leclanche.com\/de\/#website\"},\"datePublished\":\"2019-05-06T04:08:04+00:00\",\"dateModified\":\"2021-04-28T12:35:28+00:00\",\"author\":{\"@id\":\"https:\/\/www.leclanche.com\/de\/#\/schema\/person\/7ef725388a3f2b409a32cfa92059aa64\"},\"description\":\"YVERDON-LES-BAINS, Schweiz, 6. Mai 2019: Der Verwaltungsrat der Leclanch\u00e9 SA (SIX: LECN), einem der weltweit f\u00fchrenden Anbieter von\",\"breadcrumb\":{\"@id\":\"https:\/\/www.leclanche.com\/de\/vorschlag-fuer-die-wahl-eines-neuen-unabhaengigen-mitglieds-des-verwaltungsrates-der-leclanche-sa\/#breadcrumb\"},\"inLanguage\":\"de\",\"potentialAction\":[{\"@type\":\"ReadAction\",\"target\":[\"https:\/\/www.leclanche.com\/de\/vorschlag-fuer-die-wahl-eines-neuen-unabhaengigen-mitglieds-des-verwaltungsrates-der-leclanche-sa\/\"]}]},{\"@type\":\"BreadcrumbList\",\"@id\":\"https:\/\/www.leclanche.com\/de\/vorschlag-fuer-die-wahl-eines-neuen-unabhaengigen-mitglieds-des-verwaltungsrates-der-leclanche-sa\/#breadcrumb\",\"itemListElement\":[{\"@type\":\"ListItem\",\"position\":1,\"name\":\"Accueil\",\"item\":\"https:\/\/www.leclanche.com\/de\/\"},{\"@type\":\"ListItem\",\"position\":2,\"name\":\"Vorschlag f\u00fcr die Wahl eines neuen unabh\u00e4ngigen Mitglieds des Verwaltungsrates der Leclanch\u00e9 SA\"}]},{\"@type\":\"WebSite\",\"@id\":\"https:\/\/www.leclanche.com\/de\/#website\",\"url\":\"https:\/\/www.leclanche.com\/de\/\",\"name\":\"Leclanch\u00e9\",\"description\":\"Energy Storage Solutions\",\"potentialAction\":[{\"@type\":\"SearchAction\",\"target\":{\"@type\":\"EntryPoint\",\"urlTemplate\":\"https:\/\/www.leclanche.com\/de\/?s={search_term_string}\"},\"query-input\":{\"@type\":\"PropertyValueSpecification\",\"valueRequired\":true,\"valueName\":\"search_term_string\"}}],\"inLanguage\":\"de\"},{\"@type\":\"Person\",\"@id\":\"https:\/\/www.leclanche.com\/de\/#\/schema\/person\/7ef725388a3f2b409a32cfa92059aa64\",\"name\":\"Annick.Bid\",\"image\":{\"@type\":\"ImageObject\",\"inLanguage\":\"de\",\"@id\":\"https:\/\/www.leclanche.com\/de\/#\/schema\/person\/image\/\",\"url\":\"https:\/\/secure.gravatar.com\/avatar\/0fe6baaabc318280db3d0e10c43b8017aa89b961c16e819765bd4fb65396af34?s=96&d=mm&r=g\",\"contentUrl\":\"https:\/\/secure.gravatar.com\/avatar\/0fe6baaabc318280db3d0e10c43b8017aa89b961c16e819765bd4fb65396af34?s=96&d=mm&r=g\",\"caption\":\"Annick.Bid\"},\"url\":\"https:\/\/www.leclanche.com\/de\/author\/annick-bid\/\"}]}<\/script>\n<!-- \/ Yoast SEO plugin. -->","yoast_head_json":{"title":"Vorschlag f\u00fcr die Wahl eines neuen unabh\u00e4ngigen Mitglieds des Verwaltungsrates der Leclanch\u00e9 SA - Leclanch\u00e9","description":"YVERDON-LES-BAINS, Schweiz, 6. Mai 2019: Der Verwaltungsrat der Leclanch\u00e9 SA (SIX: LECN), einem der weltweit f\u00fchrenden Anbieter von","robots":{"index":"index","follow":"follow","max-snippet":"max-snippet:-1","max-image-preview":"max-image-preview:large","max-video-preview":"max-video-preview:-1"},"canonical":"https:\/\/www.leclanche.com\/de\/vorschlag-fuer-die-wahl-eines-neuen-unabhaengigen-mitglieds-des-verwaltungsrates-der-leclanche-sa\/","og_locale":"de_DE","og_type":"article","og_title":"Vorschlag f\u00fcr die Wahl eines neuen unabh\u00e4ngigen Mitglieds des Verwaltungsrates der Leclanch\u00e9 SA - Leclanch\u00e9","og_description":"YVERDON-LES-BAINS, Schweiz, 6. Mai 2019: Der Verwaltungsrat der Leclanch\u00e9 SA (SIX: LECN), einem der weltweit f\u00fchrenden Anbieter von","og_url":"https:\/\/www.leclanche.com\/de\/vorschlag-fuer-die-wahl-eines-neuen-unabhaengigen-mitglieds-des-verwaltungsrates-der-leclanche-sa\/","og_site_name":"Leclanch\u00e9","article_published_time":"2019-05-06T04:08:04+00:00","article_modified_time":"2021-04-28T12:35:28+00:00","author":"Annick.Bid","twitter_card":"summary_large_image","twitter_misc":{"Verfasst von":"Annick.Bid","Gesch\u00e4tzte Lesezeit":"6\u00a0Minuten"},"schema":{"@context":"https:\/\/schema.org","@graph":[{"@type":"WebPage","@id":"https:\/\/www.leclanche.com\/de\/vorschlag-fuer-die-wahl-eines-neuen-unabhaengigen-mitglieds-des-verwaltungsrates-der-leclanche-sa\/","url":"https:\/\/www.leclanche.com\/de\/vorschlag-fuer-die-wahl-eines-neuen-unabhaengigen-mitglieds-des-verwaltungsrates-der-leclanche-sa\/","name":"Vorschlag f\u00fcr die Wahl eines neuen unabh\u00e4ngigen Mitglieds des Verwaltungsrates der Leclanch\u00e9 SA - Leclanch\u00e9","isPartOf":{"@id":"https:\/\/www.leclanche.com\/de\/#website"},"datePublished":"2019-05-06T04:08:04+00:00","dateModified":"2021-04-28T12:35:28+00:00","author":{"@id":"https:\/\/www.leclanche.com\/de\/#\/schema\/person\/7ef725388a3f2b409a32cfa92059aa64"},"description":"YVERDON-LES-BAINS, Schweiz, 6. Mai 2019: Der Verwaltungsrat der Leclanch\u00e9 SA (SIX: LECN), einem der weltweit f\u00fchrenden Anbieter von","breadcrumb":{"@id":"https:\/\/www.leclanche.com\/de\/vorschlag-fuer-die-wahl-eines-neuen-unabhaengigen-mitglieds-des-verwaltungsrates-der-leclanche-sa\/#breadcrumb"},"inLanguage":"de","potentialAction":[{"@type":"ReadAction","target":["https:\/\/www.leclanche.com\/de\/vorschlag-fuer-die-wahl-eines-neuen-unabhaengigen-mitglieds-des-verwaltungsrates-der-leclanche-sa\/"]}]},{"@type":"BreadcrumbList","@id":"https:\/\/www.leclanche.com\/de\/vorschlag-fuer-die-wahl-eines-neuen-unabhaengigen-mitglieds-des-verwaltungsrates-der-leclanche-sa\/#breadcrumb","itemListElement":[{"@type":"ListItem","position":1,"name":"Accueil","item":"https:\/\/www.leclanche.com\/de\/"},{"@type":"ListItem","position":2,"name":"Vorschlag f\u00fcr die Wahl eines neuen unabh\u00e4ngigen Mitglieds des Verwaltungsrates der Leclanch\u00e9 SA"}]},{"@type":"WebSite","@id":"https:\/\/www.leclanche.com\/de\/#website","url":"https:\/\/www.leclanche.com\/de\/","name":"Leclanch\u00e9","description":"Energy Storage Solutions","potentialAction":[{"@type":"SearchAction","target":{"@type":"EntryPoint","urlTemplate":"https:\/\/www.leclanche.com\/de\/?s={search_term_string}"},"query-input":{"@type":"PropertyValueSpecification","valueRequired":true,"valueName":"search_term_string"}}],"inLanguage":"de"},{"@type":"Person","@id":"https:\/\/www.leclanche.com\/de\/#\/schema\/person\/7ef725388a3f2b409a32cfa92059aa64","name":"Annick.Bid","image":{"@type":"ImageObject","inLanguage":"de","@id":"https:\/\/www.leclanche.com\/de\/#\/schema\/person\/image\/","url":"https:\/\/secure.gravatar.com\/avatar\/0fe6baaabc318280db3d0e10c43b8017aa89b961c16e819765bd4fb65396af34?s=96&d=mm&r=g","contentUrl":"https:\/\/secure.gravatar.com\/avatar\/0fe6baaabc318280db3d0e10c43b8017aa89b961c16e819765bd4fb65396af34?s=96&d=mm&r=g","caption":"Annick.Bid"},"url":"https:\/\/www.leclanche.com\/de\/author\/annick-bid\/"}]}},"_links":{"self":[{"href":"https:\/\/www.leclanche.com\/de\/wp-json\/wp\/v2\/posts\/9796","targetHints":{"allow":["GET"]}}],"collection":[{"href":"https:\/\/www.leclanche.com\/de\/wp-json\/wp\/v2\/posts"}],"about":[{"href":"https:\/\/www.leclanche.com\/de\/wp-json\/wp\/v2\/types\/post"}],"author":[{"embeddable":true,"href":"https:\/\/www.leclanche.com\/de\/wp-json\/wp\/v2\/users\/2"}],"replies":[{"embeddable":true,"href":"https:\/\/www.leclanche.com\/de\/wp-json\/wp\/v2\/comments?post=9796"}],"version-history":[{"count":1,"href":"https:\/\/www.leclanche.com\/de\/wp-json\/wp\/v2\/posts\/9796\/revisions"}],"predecessor-version":[{"id":9797,"href":"https:\/\/www.leclanche.com\/de\/wp-json\/wp\/v2\/posts\/9796\/revisions\/9797"}],"wp:attachment":[{"href":"https:\/\/www.leclanche.com\/de\/wp-json\/wp\/v2\/media?parent=9796"}],"wp:term":[{"taxonomy":"category","embeddable":true,"href":"https:\/\/www.leclanche.com\/de\/wp-json\/wp\/v2\/categories?post=9796"},{"taxonomy":"post_tag","embeddable":true,"href":"https:\/\/www.leclanche.com\/de\/wp-json\/wp\/v2\/tags?post=9796"}],"curies":[{"name":"wp","href":"https:\/\/api.w.org\/{rel}","templated":true}]}}