{"id":9803,"date":"2019-04-18T06:15:05","date_gmt":"2019-04-18T04:15:05","guid":{"rendered":"https:\/\/www.leclanche.com\/einladung-zur-kommenden-ordentlichen-generalversammlung-am-9-mai-2019-um-900-uhr-mez-in-yverdon-les-bains\/"},"modified":"2019-04-18T06:15:05","modified_gmt":"2019-04-18T04:15:05","slug":"einladung-zur-kommenden-ordentlichen-generalversammlung-am-9-mai-2019-um-900-uhr-mez-in-yverdon-les-bains","status":"publish","type":"post","link":"https:\/\/www.leclanche.com\/de\/einladung-zur-kommenden-ordentlichen-generalversammlung-am-9-mai-2019-um-900-uhr-mez-in-yverdon-les-bains\/","title":{"rendered":"Einladung zur kommenden ordentlichen Generalversammlung am 9. Mai 2019, um 9:00 Uhr MEZ, in Yverdon-les-Bains"},"content":{"rendered":"<ul>\n<li><em>Die Leclanch\u00e9 SA beruft ihre ordentliche Generalversammlung f\u00fcr den 9. Mai 2019 ein.<\/em><\/li>\n<li><em>Der Verwaltungsrat beantragt die Umwandlung von Darlehen FEFAM<sup>1<\/sup> in H\u00f6he von CHF 36 Mio. in Aktien der Gesellschaft zur St\u00e4rkung der Bilanz.<\/em><\/li>\n<li><em>Der Verwaltungsrat beantragt eine Nennwertreduktion der Aktien zur St\u00e4rkung der Bilanzsituation.<\/em><\/li>\n<li><em>B\u00e9n\u00e9dict Fontanet wird als neuer Verwaltungsrat vorgeschlagen.<\/em><\/li>\n<\/ul>\n<p><strong>YVERDON -LES-BAINS, Schweiz, 18. April 2019:<\/strong> Leclanch\u00e9 SA (SIX: LECN), einer der weltweit f\u00fchrenden Anbieter von Energiespeicherl\u00f6sungen, beruft seine ordentliche General-versammlung f\u00fcr den 9. Mai 2019, um 9:00 Uhr MEZ (T\u00fcr\u00f6ffnung um 8.30 Uhr), im Y-PARC, Rue Galil\u00e9e 7, CH-1400 Yverdon-les-Bains, ein.<\/p>\n<p>Der Verwaltungsrat beantragt den Aktion\u00e4ren unter anderem, die Darlehen der FEFAM, dem Hauptaktion\u00e4r der Gesellschaft, in H\u00f6he von CHF 36 Millionen in Eigenkapital umzuwandeln. Diese mit FEFAM vereinbarte Umstrukturierungsmassnahme wird die Bilanz st\u00e4rken und die Attraktivit\u00e4t des Unternehmens f\u00fcr Investoren st\u00e4rken in einer Zeit, in der das Unternehmen einen deutlich zunehmenden Auftragsbestand im schnell wachsenden e-Transportbereich verzeichnet.<\/p>\n<p>Zudem beantragt der Verwaltungsrat eine Neustrukturierung der Bilanz durch Herabsetzung des Nennwerts des Aktienkapitals und durch Verrechnung der Bilanzverluste mit dem Herabsetzungsbetrag. Dabei wird der Nennwert der Aktien von CHF 1.50 auf CHF 0.10 reduziert.<\/p>\n<p>Schliesslich beantragt der Verwaltungsrat die Wahl von B\u00e9n\u00e9dict Fontanet (59) in das Gremium. Herr Fontanet ist Vorstandsmitglied der Golden Partner SA \u2013 einem Anlageberater der FEFAM, dem Hauptaktion\u00e4r der Gesellschaft \u2013 und wurde dem Verwaltungsrat auch von Golden Partner vorgestellt. Als anerkannte Genfer Pers\u00f6nlichkeit, ehemaliger Pr\u00e4sident der Genfer Christlichdemokratischen Volkspartei (CVP) und ehemaliges Mitglied des Grossen Rates, Rechtsanwalt und Direktor mehrerer Unternehmen wird Herr Fontanet seine umfangreiche Erfahrung in Leclanch\u00e9 einbringen.<\/p>\n<div class=\"post-down-btn-container\"><a href=\"https:\/\/www.leclanche.com\/wp-content\/uploads\/2019\/04\/20190418_AGM_invitation_PR_German.pdf\">DOWNLOAD PDF<\/a><\/div>\n<p><sup>1<\/sup> FEFAM steht f\u00fcr: AM INVESTMENT SCA, SICAV-SIF &#8211; Liquid Assets Sub-Fund, zusammen mit FINEXIS<\/p>\n<hr \/>\n<h2>\u00dcber Leclanch\u00e9<\/h2>\n<p>Leclanch\u00e9 SA mit Sitz in der Schweiz ist ein f\u00fchrender Anbieter von hochwertigen Energiespeicherl\u00f6sungen, die die Fortschritte in Richtung einer sauberen Energiezukunft beschleunigen sollen. Die Geschichte und das Erbe von Leclanch\u00e9 wurzeln in mehr als 100 Jahren innovativer Entwicklung von Batterien und Energiespeichern \u2013 das Unternehmen ist ein zuverl\u00e4ssiger Anbieter von Energiespeicherl\u00f6sungen weltweit. Dies, kombiniert mit der Unternehmenskultur des deutschen Maschinenbaus und der Schweizer Pr\u00e4zision und Qualit\u00e4t, macht Leclanch\u00e9 zum bevorzugten Partner f\u00fcr neue Markteilnehmer, etablierte Unternehmen und Regierungen, die an der Spitze positiver Ver\u00e4nderungen in der weltweiten Energieerzeugung und -verteilung sowie ihres Verbrauchs stehen. Der Energiewandel wird haupts\u00e4chlich durch Ver\u00e4nderungen im Management der Stromnetze und in der Elektrifizierung des Transports vorangetrieben; beide M\u00e4rkte sind das R\u00fcckgrat der Strategie und des Gesch\u00e4ftsmodells von Leclanch\u00e9. Die Produkte von Leclanch\u00e9 sind das Herzst\u00fcck der Konvergenz der Verkehrselektrifizierung und der Entwicklung des Verteilungsnetzes. Leclanch\u00e9 ist das einzige weltweit gelistete, reine Energiespeicherunternehmen, das in drei Gesch\u00e4ftseinheiten organisiert ist: station\u00e4re Speicherl\u00f6sungen, e-Transportl\u00f6sungen und spezielle Batteriesysteme. Leclanch\u00e9 ist an der Schweizer B\u00f6rse notiert (SIX: LECN).<\/p>\n<p>SIX Swiss Exchange: Tickersymbol LECN | ISIN CH 011 030 311 9<\/p>\n<h2>Haftungsausschluss<\/h2>\n<p>Diese Medienmitteilung enth\u00e4lt bestimmte in die Zukunft gerichtete Aussagen \u00fcber die Aktivit\u00e4ten von Leclanch\u00e9, die durch Begriffe wie &#8222;strategisch&#8220;, &#8222;vorgeschlagen&#8220;, &#8222;eingef\u00fchrt&#8220;, &#8222;wird&#8220;, &#8222;geplant&#8220;, &#8222;geplant&#8220;, &#8222;geplant&#8220;, &#8222;erwartet&#8220;, &#8222;Verpflichtung&#8220;, &#8222;erwarten&#8220;, &#8222;prognostizieren&#8220;, &#8222;etabliert&#8220;, &#8222;vorbereiten&#8220;, &#8222;planen&#8220;, &#8222;sch\u00e4tzen&#8220;, &#8222;Ziele&#8220;, &#8222;w\u00fcrden&#8220;, &#8222;potenziell&#8220; und &#8222;erwarten&#8220; gekennzeichnet sein k\u00f6nnen, &#8222;Sch\u00e4tzung&#8220;, &#8222;Angebot&#8220; oder \u00e4hnliche Ausdr\u00fccke oder durch ausdr\u00fcckliche oder implizite Diskussionen \u00fcber den Hochlauf der Produktionskapazit\u00e4ten von Leclanch\u00e9, m\u00f6gliche Anwendungen bestehender Produkte oder potenzielle zuk\u00fcnftige Einnahmen aus solchen Produkten oder potenzielle zuk\u00fcnftige Verk\u00e4ufe oder Gewinne von Leclanch\u00e9 oder einer seiner Gesch\u00e4ftseinheiten. Sie sollten sich nicht zu sehr auf diese Aussagen verlassen. Diese zukunftsgerichteten Aussagen spiegeln die aktuellen Ansichten von Leclanch\u00e9 \u00fcber zuk\u00fcnftige Ereignisse wider und beinhalten bekannte und unbekannte Risiken, Unsicherheiten und andere Faktoren, die dazu f\u00fchren k\u00f6nnen, dass die tats\u00e4chlichen Ergebnisse wesentlich von den zuk\u00fcnftigen Ergebnissen, Leistungen oder Errungenschaften abweichen, die in diesen Aussagen ausdr\u00fccklich oder implizit zum Ausdruck kommen. Es gibt keine Garantie daf\u00fcr, dass die Produkte von Leclanch\u00e9 ein bestimmtes Umsatzniveau erreichen. Es gibt auch keine Garantie daf\u00fcr, dass Leclanch\u00e9 oder eine seiner Gesch\u00e4ftseinheiten bestimmte finanzielle Ergebnisse erzielen wird.<\/p>\n<h2>Kontakte<\/h2>\n<h3>Medienkontakte:<\/h3>\n<h4>Europa\/weltweit<\/h4>\n<p>Desiree Maghoo<br \/>\nT: +44 (0) 7775 522 740<br \/>\nE-mail: <a>dmaghoo@questorconsulting.com<\/a><\/p>\n<p>Laure Lagrange<br \/>\nT: +44 (0) 7768 698 731<br \/>\nE-mail: <a>llagrange@questorconsulting.com<\/a><\/p>\n<h4>USA und Kanada<\/h4>\n<p>Rick Anderson<br \/>\nT: +1-718-986-1596<\/p>\n<p>Henry Feintuch<br \/>\nT: +1-212-808-4901<br \/>\nE-mail: <a>leclanche@feintuchpr.com<\/a><\/p>\n<h4>Schweiz<\/h4>\n<p>Thierry Meyer<br \/>\nT: +41 (0) 79 785 35 81<br \/>\nE-mail: <a>tme@dynamicsgroup.ch<\/a><\/p>\n<p>Thomas Balmer<br \/>\nT: +41 (0) 79 703 87 28<br \/>\nE-mail: <a>tba@dynamicsgroup.ch<\/a><\/p>\n<h4>Investorenkontakt<\/h4>\n<p>Anil Srivastava \/ Hubert Angleys<br \/>\nT: +41 (0) 24 424 65 00<br \/>\nE-mail: <a>invest.leclanche@leclanche.com<\/a><\/p>\n","protected":false},"excerpt":{"rendered":"<p>Die Leclanch\u00e9 SA beruft ihre ordentliche Generalversammlung f\u00fcr den 9. Mai 2019 ein. Der Verwaltungsrat beantragt die Umwandlung von Darlehen FEFAM1 in H\u00f6he von CHF 36 Mio. in Aktien der Gesellschaft zur St\u00e4rkung der Bilanz. Der Verwaltungsrat beantragt eine Nennwertreduktion der Aktien zur St\u00e4rkung der Bilanzsituation. B\u00e9n\u00e9dict Fontanet wird als neuer Verwaltungsrat vorgeschlagen. YVERDON -LES-BAINS, [&hellip;]<\/p>\n","protected":false},"author":2,"featured_media":0,"comment_status":"closed","ping_status":"open","sticky":false,"template":"","format":"standard","meta":{"footnotes":""},"categories":[47,48,109],"tags":[],"class_list":["post-9803","post","type-post","status-publish","format-standard","hentry","category-firmennachrichten","category-pressemitteilung","category-weitere-pressemitteilungen"],"yoast_head":"<!-- This site is optimized with the Yoast SEO plugin v26.4 - https:\/\/yoast.com\/wordpress\/plugins\/seo\/ -->\n<title>Einladung zur kommenden ordentlichen Generalversammlung am 9. Mai 2019, um 9:00 Uhr MEZ, in Yverdon-les-Bains - Leclanch\u00e9<\/title>\n<meta name=\"description\" content=\"Die Leclanch\u00e9 SA beruft ihre ordentliche Generalversammlung f\u00fcr den 9. Mai 2019 ein. Der Verwaltungsrat beantragt die Umwandlung von Darlehen FEFAM1 in\" \/>\n<meta name=\"robots\" content=\"index, follow, max-snippet:-1, max-image-preview:large, max-video-preview:-1\" \/>\n<link rel=\"canonical\" href=\"https:\/\/www.leclanche.com\/de\/einladung-zur-kommenden-ordentlichen-generalversammlung-am-9-mai-2019-um-900-uhr-mez-in-yverdon-les-bains\/\" \/>\n<meta property=\"og:locale\" content=\"de_DE\" \/>\n<meta property=\"og:type\" content=\"article\" \/>\n<meta property=\"og:title\" content=\"Einladung zur kommenden ordentlichen Generalversammlung am 9. Mai 2019, um 9:00 Uhr MEZ, in Yverdon-les-Bains - Leclanch\u00e9\" \/>\n<meta property=\"og:description\" content=\"Die Leclanch\u00e9 SA beruft ihre ordentliche Generalversammlung f\u00fcr den 9. Mai 2019 ein. Der Verwaltungsrat beantragt die Umwandlung von Darlehen FEFAM1 in\" \/>\n<meta property=\"og:url\" content=\"https:\/\/www.leclanche.com\/de\/einladung-zur-kommenden-ordentlichen-generalversammlung-am-9-mai-2019-um-900-uhr-mez-in-yverdon-les-bains\/\" \/>\n<meta property=\"og:site_name\" content=\"Leclanch\u00e9\" \/>\n<meta property=\"article:published_time\" content=\"2019-04-18T04:15:05+00:00\" \/>\n<meta name=\"author\" content=\"Annick.Bid\" \/>\n<meta name=\"twitter:card\" content=\"summary_large_image\" \/>\n<meta name=\"twitter:label1\" content=\"Verfasst von\" \/>\n\t<meta name=\"twitter:data1\" content=\"Annick.Bid\" \/>\n\t<meta name=\"twitter:label2\" content=\"Gesch\u00e4tzte Lesezeit\" \/>\n\t<meta name=\"twitter:data2\" content=\"4\u00a0Minuten\" \/>\n<script type=\"application\/ld+json\" class=\"yoast-schema-graph\">{\"@context\":\"https:\/\/schema.org\",\"@graph\":[{\"@type\":\"WebPage\",\"@id\":\"https:\/\/www.leclanche.com\/de\/einladung-zur-kommenden-ordentlichen-generalversammlung-am-9-mai-2019-um-900-uhr-mez-in-yverdon-les-bains\/\",\"url\":\"https:\/\/www.leclanche.com\/de\/einladung-zur-kommenden-ordentlichen-generalversammlung-am-9-mai-2019-um-900-uhr-mez-in-yverdon-les-bains\/\",\"name\":\"Einladung zur kommenden ordentlichen Generalversammlung am 9. Mai 2019, um 9:00 Uhr MEZ, in Yverdon-les-Bains - Leclanch\u00e9\",\"isPartOf\":{\"@id\":\"https:\/\/www.leclanche.com\/de\/#website\"},\"datePublished\":\"2019-04-18T04:15:05+00:00\",\"author\":{\"@id\":\"https:\/\/www.leclanche.com\/de\/#\/schema\/person\/7ef725388a3f2b409a32cfa92059aa64\"},\"description\":\"Die Leclanch\u00e9 SA beruft ihre ordentliche Generalversammlung f\u00fcr den 9. Mai 2019 ein. Der Verwaltungsrat beantragt die Umwandlung von Darlehen FEFAM1 in\",\"breadcrumb\":{\"@id\":\"https:\/\/www.leclanche.com\/de\/einladung-zur-kommenden-ordentlichen-generalversammlung-am-9-mai-2019-um-900-uhr-mez-in-yverdon-les-bains\/#breadcrumb\"},\"inLanguage\":\"de\",\"potentialAction\":[{\"@type\":\"ReadAction\",\"target\":[\"https:\/\/www.leclanche.com\/de\/einladung-zur-kommenden-ordentlichen-generalversammlung-am-9-mai-2019-um-900-uhr-mez-in-yverdon-les-bains\/\"]}]},{\"@type\":\"BreadcrumbList\",\"@id\":\"https:\/\/www.leclanche.com\/de\/einladung-zur-kommenden-ordentlichen-generalversammlung-am-9-mai-2019-um-900-uhr-mez-in-yverdon-les-bains\/#breadcrumb\",\"itemListElement\":[{\"@type\":\"ListItem\",\"position\":1,\"name\":\"Accueil\",\"item\":\"https:\/\/www.leclanche.com\/de\/\"},{\"@type\":\"ListItem\",\"position\":2,\"name\":\"Einladung zur kommenden ordentlichen Generalversammlung am 9. Mai 2019, um 9:00 Uhr MEZ, in Yverdon-les-Bains\"}]},{\"@type\":\"WebSite\",\"@id\":\"https:\/\/www.leclanche.com\/de\/#website\",\"url\":\"https:\/\/www.leclanche.com\/de\/\",\"name\":\"Leclanch\u00e9\",\"description\":\"Energy Storage Solutions\",\"potentialAction\":[{\"@type\":\"SearchAction\",\"target\":{\"@type\":\"EntryPoint\",\"urlTemplate\":\"https:\/\/www.leclanche.com\/de\/?s={search_term_string}\"},\"query-input\":{\"@type\":\"PropertyValueSpecification\",\"valueRequired\":true,\"valueName\":\"search_term_string\"}}],\"inLanguage\":\"de\"},{\"@type\":\"Person\",\"@id\":\"https:\/\/www.leclanche.com\/de\/#\/schema\/person\/7ef725388a3f2b409a32cfa92059aa64\",\"name\":\"Annick.Bid\",\"image\":{\"@type\":\"ImageObject\",\"inLanguage\":\"de\",\"@id\":\"https:\/\/www.leclanche.com\/de\/#\/schema\/person\/image\/\",\"url\":\"https:\/\/secure.gravatar.com\/avatar\/0fe6baaabc318280db3d0e10c43b8017aa89b961c16e819765bd4fb65396af34?s=96&d=mm&r=g\",\"contentUrl\":\"https:\/\/secure.gravatar.com\/avatar\/0fe6baaabc318280db3d0e10c43b8017aa89b961c16e819765bd4fb65396af34?s=96&d=mm&r=g\",\"caption\":\"Annick.Bid\"},\"url\":\"https:\/\/www.leclanche.com\/de\/author\/annick-bid\/\"}]}<\/script>\n<!-- \/ Yoast SEO plugin. -->","yoast_head_json":{"title":"Einladung zur kommenden ordentlichen Generalversammlung am 9. Mai 2019, um 9:00 Uhr MEZ, in Yverdon-les-Bains - Leclanch\u00e9","description":"Die Leclanch\u00e9 SA beruft ihre ordentliche Generalversammlung f\u00fcr den 9. Mai 2019 ein. Der Verwaltungsrat beantragt die Umwandlung von Darlehen FEFAM1 in","robots":{"index":"index","follow":"follow","max-snippet":"max-snippet:-1","max-image-preview":"max-image-preview:large","max-video-preview":"max-video-preview:-1"},"canonical":"https:\/\/www.leclanche.com\/de\/einladung-zur-kommenden-ordentlichen-generalversammlung-am-9-mai-2019-um-900-uhr-mez-in-yverdon-les-bains\/","og_locale":"de_DE","og_type":"article","og_title":"Einladung zur kommenden ordentlichen Generalversammlung am 9. Mai 2019, um 9:00 Uhr MEZ, in Yverdon-les-Bains - Leclanch\u00e9","og_description":"Die Leclanch\u00e9 SA beruft ihre ordentliche Generalversammlung f\u00fcr den 9. Mai 2019 ein. Der Verwaltungsrat beantragt die Umwandlung von Darlehen FEFAM1 in","og_url":"https:\/\/www.leclanche.com\/de\/einladung-zur-kommenden-ordentlichen-generalversammlung-am-9-mai-2019-um-900-uhr-mez-in-yverdon-les-bains\/","og_site_name":"Leclanch\u00e9","article_published_time":"2019-04-18T04:15:05+00:00","author":"Annick.Bid","twitter_card":"summary_large_image","twitter_misc":{"Verfasst von":"Annick.Bid","Gesch\u00e4tzte Lesezeit":"4\u00a0Minuten"},"schema":{"@context":"https:\/\/schema.org","@graph":[{"@type":"WebPage","@id":"https:\/\/www.leclanche.com\/de\/einladung-zur-kommenden-ordentlichen-generalversammlung-am-9-mai-2019-um-900-uhr-mez-in-yverdon-les-bains\/","url":"https:\/\/www.leclanche.com\/de\/einladung-zur-kommenden-ordentlichen-generalversammlung-am-9-mai-2019-um-900-uhr-mez-in-yverdon-les-bains\/","name":"Einladung zur kommenden ordentlichen Generalversammlung am 9. Mai 2019, um 9:00 Uhr MEZ, in Yverdon-les-Bains - Leclanch\u00e9","isPartOf":{"@id":"https:\/\/www.leclanche.com\/de\/#website"},"datePublished":"2019-04-18T04:15:05+00:00","author":{"@id":"https:\/\/www.leclanche.com\/de\/#\/schema\/person\/7ef725388a3f2b409a32cfa92059aa64"},"description":"Die Leclanch\u00e9 SA beruft ihre ordentliche Generalversammlung f\u00fcr den 9. Mai 2019 ein. Der Verwaltungsrat beantragt die Umwandlung von Darlehen FEFAM1 in","breadcrumb":{"@id":"https:\/\/www.leclanche.com\/de\/einladung-zur-kommenden-ordentlichen-generalversammlung-am-9-mai-2019-um-900-uhr-mez-in-yverdon-les-bains\/#breadcrumb"},"inLanguage":"de","potentialAction":[{"@type":"ReadAction","target":["https:\/\/www.leclanche.com\/de\/einladung-zur-kommenden-ordentlichen-generalversammlung-am-9-mai-2019-um-900-uhr-mez-in-yverdon-les-bains\/"]}]},{"@type":"BreadcrumbList","@id":"https:\/\/www.leclanche.com\/de\/einladung-zur-kommenden-ordentlichen-generalversammlung-am-9-mai-2019-um-900-uhr-mez-in-yverdon-les-bains\/#breadcrumb","itemListElement":[{"@type":"ListItem","position":1,"name":"Accueil","item":"https:\/\/www.leclanche.com\/de\/"},{"@type":"ListItem","position":2,"name":"Einladung zur kommenden ordentlichen Generalversammlung am 9. Mai 2019, um 9:00 Uhr MEZ, in Yverdon-les-Bains"}]},{"@type":"WebSite","@id":"https:\/\/www.leclanche.com\/de\/#website","url":"https:\/\/www.leclanche.com\/de\/","name":"Leclanch\u00e9","description":"Energy Storage Solutions","potentialAction":[{"@type":"SearchAction","target":{"@type":"EntryPoint","urlTemplate":"https:\/\/www.leclanche.com\/de\/?s={search_term_string}"},"query-input":{"@type":"PropertyValueSpecification","valueRequired":true,"valueName":"search_term_string"}}],"inLanguage":"de"},{"@type":"Person","@id":"https:\/\/www.leclanche.com\/de\/#\/schema\/person\/7ef725388a3f2b409a32cfa92059aa64","name":"Annick.Bid","image":{"@type":"ImageObject","inLanguage":"de","@id":"https:\/\/www.leclanche.com\/de\/#\/schema\/person\/image\/","url":"https:\/\/secure.gravatar.com\/avatar\/0fe6baaabc318280db3d0e10c43b8017aa89b961c16e819765bd4fb65396af34?s=96&d=mm&r=g","contentUrl":"https:\/\/secure.gravatar.com\/avatar\/0fe6baaabc318280db3d0e10c43b8017aa89b961c16e819765bd4fb65396af34?s=96&d=mm&r=g","caption":"Annick.Bid"},"url":"https:\/\/www.leclanche.com\/de\/author\/annick-bid\/"}]}},"_links":{"self":[{"href":"https:\/\/www.leclanche.com\/de\/wp-json\/wp\/v2\/posts\/9803","targetHints":{"allow":["GET"]}}],"collection":[{"href":"https:\/\/www.leclanche.com\/de\/wp-json\/wp\/v2\/posts"}],"about":[{"href":"https:\/\/www.leclanche.com\/de\/wp-json\/wp\/v2\/types\/post"}],"author":[{"embeddable":true,"href":"https:\/\/www.leclanche.com\/de\/wp-json\/wp\/v2\/users\/2"}],"replies":[{"embeddable":true,"href":"https:\/\/www.leclanche.com\/de\/wp-json\/wp\/v2\/comments?post=9803"}],"version-history":[{"count":0,"href":"https:\/\/www.leclanche.com\/de\/wp-json\/wp\/v2\/posts\/9803\/revisions"}],"wp:attachment":[{"href":"https:\/\/www.leclanche.com\/de\/wp-json\/wp\/v2\/media?parent=9803"}],"wp:term":[{"taxonomy":"category","embeddable":true,"href":"https:\/\/www.leclanche.com\/de\/wp-json\/wp\/v2\/categories?post=9803"},{"taxonomy":"post_tag","embeddable":true,"href":"https:\/\/www.leclanche.com\/de\/wp-json\/wp\/v2\/tags?post=9803"}],"curies":[{"name":"wp","href":"https:\/\/api.w.org\/{rel}","templated":true}]}}