{"id":9824,"date":"2019-03-06T16:21:57","date_gmt":"2019-03-06T15:21:57","guid":{"rendered":"https:\/\/www.leclanche.com\/leclanche-meldet-fuer-2018-eine-mehr-als-25-fache-umsatzsteigerung-ein-rekord-in-den-letzten-22-jahren\/"},"modified":"2021-04-29T10:08:02","modified_gmt":"2021-04-29T08:08:02","slug":"leclanche-meldet-fuer-2018-eine-mehr-als-25-fache-umsatzsteigerung-ein-rekord-in-den-letzten-22-jahren","status":"publish","type":"post","link":"https:\/\/www.leclanche.com\/de\/leclanche-meldet-fuer-2018-eine-mehr-als-25-fache-umsatzsteigerung-ein-rekord-in-den-letzten-22-jahren\/","title":{"rendered":"Leclanch\u00e9 meldet f\u00fcr 2018 eine mehr als 2,5-fache Umsatzsteigerung: Ein Rekord in den letzten 22 Jahren"},"content":{"rendered":"<ul>\n<li><em>F\u00fcr 2018 wird ein Umsatz von mehr als CHF 47 Mio. erwartet, gegen\u00fcber CHF 18 Mio. im Jahr 2017<\/em><\/li>\n<li><em>F\u00fcr 2019 verf\u00fcgt das Unternehmen \u00fcber einen soliden Auftragsbestand und best\u00e4tigten Projekten im Umfang von mehr als CHF 60 Millionen<\/em><\/li>\n<li><em>Ernennung von Philip Broad zum Executive Vice President f\u00fcr e-Transport Solutions<\/em><\/li>\n<li><em>Mit dem Ziel das Wachstum im Bereich e-Transport Solutions zu unterst\u00fctzen, hat das Unternehmen 2018 mehr als 90 Mitarbeiter eingestellt<\/em><\/li>\n<\/ul>\n<p><strong>YVERDON-LES-BAINS, Schweiz, den 6. M\u00e4rz 2019:<\/strong> Leclanch\u00e9 SA (SIX: LECN), eines der weltweit f\u00fchrenden Unternehmen f\u00fcr Energiespeicherl\u00f6sungen, gab heute bekannt, dass das Unternehmen im Jahr 2018 ein Rekordumsatz erwirtschaftet hat. Das Unternehmen gab zudem bekannt, dass es Philip (Phil) Broad zum Executive Vice President f\u00fcr das e-Transport Solutions Gesch\u00e4ft von Leclanch\u00e9 ernannt hat. Phil Broad, wird am Hauptsitz des Unternehmens in Yverdon, Schweiz t\u00e4tig sein und an Anil Srivastava, CEO von Leclanch\u00e9, berichten. Er verst\u00e4rkt das Executive Leadership Team, das sich aus den drei Gesch\u00e4ftseinheiten Stationary Solutions, e-Transport Solutions und Specialty Battery Solutions zusammensetzt.<\/p>\n<p><strong>Anil Srivastava, CEO von Leclanch\u00e9, sagte:<\/strong> <em>\u201cNach einem Rekordumsatz im Jahr 2018 haben wir das Jahr 2019 mit einem soliden Auftragsbestand und best\u00e4tigten Projekten begonnen. Dies insbesondere im Bereich e-Transport Solutions und im e-Marine-Markt, wo wir mit best\u00e4tigten<sup>1<\/sup> Bestellungen von mehr als CHF 42 Millionen, die in den Jahren 2019 und 2020 ausgeliefert werden, ein deutliches Wachstum erzielt haben. Die Auftr\u00e4ge stellen eine klare Marktbest\u00e4tigung unserer Strategie dar und belegen, dass unsere Komplettl\u00f6sungen, basierend auf unserer hauseigenen und fortschrittlichen Zelltechnologie, gepaart mit unserem Grid und EV-Know-how, uns einzigartig und zum bevorzugten Partner f\u00fcr unsere Kunden macht.<\/em><\/p>\n<p><em>Ich m\u00f6chte all unseren Kunden f\u00fcr ihr Vertrauen in Leclanch\u00e9 danken. Ich danke auch unseren Aktion\u00e4ren f\u00fcr ihre Geduld, insbesondere FEFAM<sup>2<\/sup>, deren substantielle Investitionen es uns erm\u00f6glichten, den 2015 angek\u00fcndigten Wachstumsplan umzusetzen.&#8220;<\/em><\/p>\n<p><em>\u201cIch freue mich auch, die Ernennung von Phil Broad zum Executive Vice President des Bereichs e-Transport Solutions bekannt zu geben. Seit seinem Eintritt bei Leclanch\u00e9 im August letzten Jahres hat Phil massgeblich zum Fortschritt beim Wachstum des Unternehmens beigetragen. Ich freue mich, dass er nun per M\u00e4rz 2019 unsere schnell wachsende Gesch\u00e4ftseinheit e-Transport Solutions leiten wird. Ich bin zuversichtlich, dass Phil uns helfen wird, auf unserem bisherigen Erfolg aufzubauen und unsere Position als bevorzugter Partner von Energiespeicherl\u00f6sungen f\u00fcr Transportunternehmen mit Schwerpunkt See- und Landverkehr, einschliesslich Schienen- und Busverkehr, sowie Nutzfahrzeuge zu festigen.\u201c<\/em><\/p>\n<p><em>Um auf den Erfolgen im e-Transport-Markt aufzubauen, haben wir 2018 mehr als 90 Mitarbeiter eingestellt, die das Wachstum unseres Gesch\u00e4fts im Bereich e-Transport massgeblich unterst\u00fctzen werden. Dar\u00fcber hinaus haben wir CHF 10 Mio. investiert, um unsere Produktionskapazit\u00e4ten weiter auszubauen und die wachsende Kundennachfrage zu decken.&#8220;<\/em><\/p>\n<p>Die e-Transportl\u00f6sungen von Leclanch\u00e9 unterst\u00fctzen die Elektrifizierung des Transports und liefern integrierte Batteriel\u00f6sungen, von der Zelle bis zum Batteriemanagementsystem. Dies f\u00fcr Schiffs-, Schienen- und Nutzfahrzeuge, die sich intelligent mit ihren jeweiligen Ladeinfrastrukturen verbinden lassen.<\/p>\n<p>Leclanch\u00e9 arbeitet derzeit an der gr\u00f6ssten vollelektrischen F\u00e4hre der Welt in D\u00e4nemark, einem von der EU unterst\u00fctzten Referenzprojekt. Das Unternehmen hat zudem k\u00fcrzlich eine Partnerschaft mit KONGSBERG, dem weltweit f\u00fchrenden maritimen Technologieunternehmen, f\u00fcr elektrische und hybride Energiel\u00f6sungen unterzeichnet. Diese L\u00f6sungen sind darauf ausgelegt, dank modernsten autonomen und bemannten Schiffen neue Effizienzstandards zu erreichen und die Umweltbelastung durch den Schiffstransport zu reduzieren.<\/p>\n<p>Nebst den Fortschritten im e-Transportgesch\u00e4ft verzeichnet Leclanch\u00e9 auch eine deutlich gestiegene Nachfrage nach station\u00e4ren L\u00f6sungen, welche die Integration erneuerbarer Energien in das Stromnetz beschleunigen und Speicherl\u00f6sungen von Grid zu EV umfassen.<\/p>\n<p>Leclanch\u00e9 hat k\u00fcrzlich den wichtigen Meilenstein von mehr als 100 MWh an station\u00e4ren Speicherprojekten in Betrieb erreicht. Die Energiespeicherl\u00f6sungen des Unternehmens haben dazu beigetragen, die Energieversorgung der Insel Graciosa zu verbessern, indem sie \u00fcber 70% erneuerbare Energien in das Netz der Insel integriert haben. Das Projekt best\u00e4tigt, dass es HEUTE m\u00f6glich ist, die Abh\u00e4ngigkeit von verschmutzten Kraftstoffen, in diesem Fall Diesel, zu verringern und die Integration erneuerbarer Energien in die Stromversorgung deutlich zu erh\u00f6hen.<\/p>\n<h2>Phil Broad &#8211; Biografie<\/h2>\n<p>Per 1. M\u00e4rz 2019 wurde Phil Broad zum Executive Vice President von e-Transport ernannt. Er stiess im August 2018 als Vice President of Commercial Vehicle Leading Application Engineering, Programme Management &amp; Sales zum Unternehmen. Philip Broad hat mehr als 20 Jahre Erfahrung im Nutzfahrzeuggesch\u00e4ft, sowohl in der On- und Offroad-Industrie. Er verf\u00fcgt \u00fcber einen umfassenden Leistungsausweis bei der Gewinnung grosser, globaler und profitabler Projekte im Nutzfahrzeugmarkt. Er hat erfolgreich mit globalen Marken wie Caterpillar \/ Perkins, Volvo, Scania, MAN &amp; JCB zusammengearbeitet. Die letzten 15 Jahre arbeitete er f\u00fcr Honeywell Turbo Technologies in der Schweiz, wo er europaweit verschiedene Positionen in den Bereichen Programm-Management, Sales Management &amp; Business Leadership in der Turboladerindustrie innehatte. Philip hat einen B. Eng (Hons) in Systems Engineering von der University of Huddersfield in Grossbritannien.<\/p>\n<div class=\"post-down-btn-container\"><\/div>\n<p><sup>1<\/sup> Best\u00e4tigten Projekten bedeutet, dass Leclanch\u00e9 als Lieferant ausgew\u00e4hlt wird. Die Auftragsbest\u00e4tigung ist jedoch an bestimmte Bedingungen gekn\u00fcpft, wie z.B. den Abschluss der Projektfinanzierung im Gesch\u00e4ftsbereich Station\u00e4rspeicher oder den erfolgreichen Abschluss der Pilotierung &amp; Zertifizierung durch den Kunden im Gesch\u00e4ftsbereich e-Transport.<\/p>\n<p><sup>2<\/sup> FEFAM steht f\u00fcr: AM INVESTMENT SCA, SICAV-SIF &#8211; Liquid Assets Sub-Fund, zusammen mit FINEXIS EQUITY FUND &#8211; Renewable Energy Sub-Fund, FINEXIS EQUITY FUND &#8211; Multi Asset Strategy Sub-Fund, FINEXIS EQUITY FUND &#8211; E Money Strategies Sub-Fund (auch als Energy Storage Invest bezeichnet); alle diese Fonds gemeinsam sind Hauptaktion\u00e4r von Leclanch\u00e9, nachstehend als &#8222;FEFAM&#8220; bezeichnet.<\/p>\n<p>&nbsp;<\/p>\n<p><strong>\u00dcber Leclanch\u00e9<\/strong><\/p>\n<p>Leclanch\u00e9 SA mit Sitz in der Schweiz ist ein f\u00fchrender Anbieter von hochwertigen Energiespeicherl\u00f6sungen, die die Fortschritte in Richtung einer sauberen Energiezukunft beschleunigen sollen. Die Geschichte und das Erbe von Leclanch\u00e9 wurzeln in mehr als 100 Jahren innovativer Entwicklung von Batterien und Energiespeichern\u00a0\u2013 das Unternehmen ist ein zuverl\u00e4ssiger Anbieter von Energiespeicherl\u00f6sungen weltweit. Dies, kombiniert mit der Unternehmenskultur des deutschen Maschinenbaus und der Schweizer Pr\u00e4zision und Qualit\u00e4t, macht Leclanch\u00e9 zum bevorzugten Partner f\u00fcr neue Markteilnehmer, etablierte Unternehmen und Regierungen, die an der Spitze positiver Ver\u00e4nderungen in der weltweiten Energieerzeugung und -verteilung sowie ihres Verbrauchs stehen. Der Energiewandel wird haupts\u00e4chlich durch Ver\u00e4nderungen im Management der Stromnetze und in der Elektrifizierung des Transports vorangetrieben; beide M\u00e4rkte sind das R\u00fcckgrat der Strategie und des Gesch\u00e4ftsmodells von Leclanch\u00e9. Die Produkte von Leclanch\u00e9 sind das Herzst\u00fcck der Konvergenz der Verkehrselektrifizierung und der Entwicklung des Verteilungsnetzes. Leclanch\u00e9 ist das einzige weltweit gelistete, reine Energiespeicherunternehmen, das in drei Gesch\u00e4ftseinheiten organisiert ist: station\u00e4re Speicherl\u00f6sungen, E-Transportl\u00f6sungen und spezielle Batteriesysteme. Leclanch\u00e9 ist an der Schweizer B\u00f6rse notiert (SIX: LECN).<\/p>\n<p>SIX Swiss Exchange: ticker symbol LECN | ISIN CH 011 030 311 9<\/p>\n<p><strong>\u00a0<\/strong><\/p>\n<p><strong>Haftungsausschluss<\/strong><\/p>\n<p>Diese Pressemitteilung enth\u00e4lt bestimmte in die Zukunft gerichtete Aussagen \u00fcber die Aktivit\u00e4ten von Leclanch\u00e9, die durch Begriffe wie \u201estrategisch&#8220;, \u201evorgeschlagen&#8220;, \u201eeingef\u00fchrt&#8220;, \u201ewird&#8220;, \u201egeplant&#8220;, \u201eerwartet&#8220;, \u201eVerpflichtung&#8220;, \u201eerwarten&#8220;, \u201eprognostizieren&#8220;, \u201eetabliert&#8220;, \u201evorbereiten&#8220;, \u201eplanen&#8220;, \u201esch\u00e4tzen&#8220;, \u201eZiele&#8220;, \u201ew\u00fcrden&#8220;, \u201epotenziell&#8220; und \u201eerwarten&#8220; gekennzeichnet sein k\u00f6nnen, \u201eSch\u00e4tzung&#8220;, \u201eAngebot&#8220; oder \u00e4hnliche Ausdr\u00fccke oder durch ausdr\u00fcckliche oder implizite Diskussionen \u00fcber den Hochlauf der Produktionskapazit\u00e4ten von Leclanch\u00e9, m\u00f6gliche Anwendungen bestehender Produkte oder potenzielle zuk\u00fcnftige Einnahmen aus solchen Produkten oder potenzielle zuk\u00fcnftige Verk\u00e4ufe oder Gewinne von Leclanch\u00e9 oder einer seiner Gesch\u00e4ftseinheiten. Sie sollten sich nicht zu sehr auf diese Aussagen verlassen. Diese zukunftsgerichteten Aussagen spiegeln die aktuellen Ansichten von Leclanch\u00e9 \u00fcber zuk\u00fcnftige Ereignisse wider und beinhalten bekannte und unbekannte Risiken, Unsicherheiten und andere Faktoren, die dazu f\u00fchren k\u00f6nnen, dass die tats\u00e4chlichen Ergebnisse wesentlich von den zuk\u00fcnftigen Ergebnissen, Leistungen oder Errungenschaften abweichen, die in diesen Aussagen ausdr\u00fccklich oder implizit zum Ausdruck kommen. Es gibt keine Garantie daf\u00fcr, dass die Produkte von Leclanch\u00e9 ein bestimmtes Umsatzniveau erreichen. Es gibt auch keine Garantie daf\u00fcr, dass Leclanch\u00e9 oder eine seiner Gesch\u00e4ftseinheiten bestimmte finanzielle Ergebnisse erzielen wird.<\/p>\n<p>&nbsp;<\/p>\n<p><strong>Hinweis der Redaktion: <\/strong>Abbildungen des Projekts Batteriespeichersystem sind <a href=\"https:\/\/bit.ly\/36Wm1t3\">an dieser Stelle<\/a> erh\u00e4ltlich.<\/p>\n<p><strong>\u00a0<\/strong><\/p>\n<p><strong>Kontakte Leclanch\u00e9<\/strong><\/p>\n<p><strong>Medien Schweiz \/Europa:<\/strong><\/p>\n<p>Thierry Meyer<\/p>\n<p>T: +41 (0) 79\u00a0785 35 81<\/p>\n<p>E-Mail: <a href=\"mailto:tme@dynamicsgoup.ch\">tme@dynamicsgroup.ch<\/a><\/p>\n<p>&nbsp;<\/p>\n<p><strong>Medien Nordamerika:<\/strong><\/p>\n<p>Henry Feintuch \/ Ashley Blas<\/p>\n<p>T: +1-914-548-6924 \/ +1-509-494-4053<\/p>\n<p>E-Mail: <a href=\"mailto:leclanche@feintuchpr.com\">leclanche@feintuchpr.com<\/a><\/p>\n<p>&nbsp;<\/p>\n<p><strong>Medien Deutschland:<\/strong><\/p>\n<p>Christoph Miller<\/p>\n<p>T: +49 (0) 711 947 670<\/p>\n<p>E-Mail: <a href=\"mailto:leclanche@sympra.de\">leclanche@sympra.de<\/a><\/p>\n<p>&nbsp;<\/p>\n<p><strong>Ansprechpartner f\u00fcr Investoren:<\/strong><\/p>\n<p>Anil Srivastava \/ Hubert Angleys<\/p>\n<p>T: +41 (0) 24 424 65 00<\/p>\n<p>E-Mail: <a href=\"mailto:invest.leclanche@leclanche.com\">invest.leclanche@leclanche.com<\/a><\/p>\n<p>&nbsp;<\/p>\n","protected":false},"excerpt":{"rendered":"<p>Leclanch\u00e9 meldet f\u00fcr 2018 eine mehr als 2,5-fache Umsatzsteigerung: Ein Rekord in den letzten 22 Jahren<\/p>\n","protected":false},"author":2,"featured_media":0,"comment_status":"closed","ping_status":"open","sticky":false,"template":"","format":"standard","meta":{"footnotes":""},"categories":[47,48,109],"tags":[],"class_list":["post-9824","post","type-post","status-publish","format-standard","hentry","category-firmennachrichten","category-pressemitteilung","category-weitere-pressemitteilungen"],"yoast_head":"<!-- This site is optimized with the Yoast SEO plugin v26.4 - https:\/\/yoast.com\/wordpress\/plugins\/seo\/ -->\n<title>Leclanch\u00e9 meldet f\u00fcr 2018 eine mehr als 2,5-fache Umsatzsteigerung: Ein Rekord in den letzten 22 Jahren - Leclanch\u00e9<\/title>\n<meta name=\"description\" content=\"Leclanch\u00e9 meldet f\u00fcr 2018 eine mehr als 2,5-fache Umsatzsteigerung: Ein Rekord in den letzten 22 Jahren\" \/>\n<meta name=\"robots\" content=\"index, follow, max-snippet:-1, max-image-preview:large, max-video-preview:-1\" \/>\n<link rel=\"canonical\" href=\"https:\/\/www.leclanche.com\/de\/leclanche-meldet-fuer-2018-eine-mehr-als-25-fache-umsatzsteigerung-ein-rekord-in-den-letzten-22-jahren\/\" \/>\n<meta property=\"og:locale\" content=\"de_DE\" \/>\n<meta property=\"og:type\" content=\"article\" \/>\n<meta property=\"og:title\" content=\"Leclanch\u00e9 meldet f\u00fcr 2018 eine mehr als 2,5-fache Umsatzsteigerung: Ein Rekord in den letzten 22 Jahren - Leclanch\u00e9\" \/>\n<meta property=\"og:description\" content=\"Leclanch\u00e9 meldet f\u00fcr 2018 eine mehr als 2,5-fache Umsatzsteigerung: Ein Rekord in den letzten 22 Jahren\" \/>\n<meta property=\"og:url\" content=\"https:\/\/www.leclanche.com\/de\/leclanche-meldet-fuer-2018-eine-mehr-als-25-fache-umsatzsteigerung-ein-rekord-in-den-letzten-22-jahren\/\" \/>\n<meta property=\"og:site_name\" content=\"Leclanch\u00e9\" \/>\n<meta property=\"article:published_time\" content=\"2019-03-06T15:21:57+00:00\" \/>\n<meta property=\"article:modified_time\" content=\"2021-04-29T08:08:02+00:00\" \/>\n<meta name=\"author\" content=\"Annick.Bid\" \/>\n<meta name=\"twitter:card\" content=\"summary_large_image\" \/>\n<meta name=\"twitter:label1\" content=\"Verfasst von\" \/>\n\t<meta name=\"twitter:data1\" content=\"Annick.Bid\" \/>\n\t<meta name=\"twitter:label2\" content=\"Gesch\u00e4tzte Lesezeit\" \/>\n\t<meta name=\"twitter:data2\" content=\"7\u00a0Minuten\" \/>\n<script type=\"application\/ld+json\" class=\"yoast-schema-graph\">{\"@context\":\"https:\/\/schema.org\",\"@graph\":[{\"@type\":\"WebPage\",\"@id\":\"https:\/\/www.leclanche.com\/de\/leclanche-meldet-fuer-2018-eine-mehr-als-25-fache-umsatzsteigerung-ein-rekord-in-den-letzten-22-jahren\/\",\"url\":\"https:\/\/www.leclanche.com\/de\/leclanche-meldet-fuer-2018-eine-mehr-als-25-fache-umsatzsteigerung-ein-rekord-in-den-letzten-22-jahren\/\",\"name\":\"Leclanch\u00e9 meldet f\u00fcr 2018 eine mehr als 2,5-fache Umsatzsteigerung: Ein Rekord in den letzten 22 Jahren - Leclanch\u00e9\",\"isPartOf\":{\"@id\":\"https:\/\/www.leclanche.com\/de\/#website\"},\"datePublished\":\"2019-03-06T15:21:57+00:00\",\"dateModified\":\"2021-04-29T08:08:02+00:00\",\"author\":{\"@id\":\"https:\/\/www.leclanche.com\/de\/#\/schema\/person\/7ef725388a3f2b409a32cfa92059aa64\"},\"description\":\"Leclanch\u00e9 meldet f\u00fcr 2018 eine mehr als 2,5-fache Umsatzsteigerung: Ein Rekord in den letzten 22 Jahren\",\"breadcrumb\":{\"@id\":\"https:\/\/www.leclanche.com\/de\/leclanche-meldet-fuer-2018-eine-mehr-als-25-fache-umsatzsteigerung-ein-rekord-in-den-letzten-22-jahren\/#breadcrumb\"},\"inLanguage\":\"de\",\"potentialAction\":[{\"@type\":\"ReadAction\",\"target\":[\"https:\/\/www.leclanche.com\/de\/leclanche-meldet-fuer-2018-eine-mehr-als-25-fache-umsatzsteigerung-ein-rekord-in-den-letzten-22-jahren\/\"]}]},{\"@type\":\"BreadcrumbList\",\"@id\":\"https:\/\/www.leclanche.com\/de\/leclanche-meldet-fuer-2018-eine-mehr-als-25-fache-umsatzsteigerung-ein-rekord-in-den-letzten-22-jahren\/#breadcrumb\",\"itemListElement\":[{\"@type\":\"ListItem\",\"position\":1,\"name\":\"Accueil\",\"item\":\"https:\/\/www.leclanche.com\/de\/\"},{\"@type\":\"ListItem\",\"position\":2,\"name\":\"Leclanch\u00e9 meldet f\u00fcr 2018 eine mehr als 2,5-fache Umsatzsteigerung: Ein Rekord in den letzten 22 Jahren\"}]},{\"@type\":\"WebSite\",\"@id\":\"https:\/\/www.leclanche.com\/de\/#website\",\"url\":\"https:\/\/www.leclanche.com\/de\/\",\"name\":\"Leclanch\u00e9\",\"description\":\"Energy Storage Solutions\",\"potentialAction\":[{\"@type\":\"SearchAction\",\"target\":{\"@type\":\"EntryPoint\",\"urlTemplate\":\"https:\/\/www.leclanche.com\/de\/?s={search_term_string}\"},\"query-input\":{\"@type\":\"PropertyValueSpecification\",\"valueRequired\":true,\"valueName\":\"search_term_string\"}}],\"inLanguage\":\"de\"},{\"@type\":\"Person\",\"@id\":\"https:\/\/www.leclanche.com\/de\/#\/schema\/person\/7ef725388a3f2b409a32cfa92059aa64\",\"name\":\"Annick.Bid\",\"image\":{\"@type\":\"ImageObject\",\"inLanguage\":\"de\",\"@id\":\"https:\/\/www.leclanche.com\/de\/#\/schema\/person\/image\/\",\"url\":\"https:\/\/secure.gravatar.com\/avatar\/0fe6baaabc318280db3d0e10c43b8017aa89b961c16e819765bd4fb65396af34?s=96&d=mm&r=g\",\"contentUrl\":\"https:\/\/secure.gravatar.com\/avatar\/0fe6baaabc318280db3d0e10c43b8017aa89b961c16e819765bd4fb65396af34?s=96&d=mm&r=g\",\"caption\":\"Annick.Bid\"},\"url\":\"https:\/\/www.leclanche.com\/de\/author\/annick-bid\/\"}]}<\/script>\n<!-- \/ Yoast SEO plugin. -->","yoast_head_json":{"title":"Leclanch\u00e9 meldet f\u00fcr 2018 eine mehr als 2,5-fache Umsatzsteigerung: Ein Rekord in den letzten 22 Jahren - Leclanch\u00e9","description":"Leclanch\u00e9 meldet f\u00fcr 2018 eine mehr als 2,5-fache Umsatzsteigerung: Ein Rekord in den letzten 22 Jahren","robots":{"index":"index","follow":"follow","max-snippet":"max-snippet:-1","max-image-preview":"max-image-preview:large","max-video-preview":"max-video-preview:-1"},"canonical":"https:\/\/www.leclanche.com\/de\/leclanche-meldet-fuer-2018-eine-mehr-als-25-fache-umsatzsteigerung-ein-rekord-in-den-letzten-22-jahren\/","og_locale":"de_DE","og_type":"article","og_title":"Leclanch\u00e9 meldet f\u00fcr 2018 eine mehr als 2,5-fache Umsatzsteigerung: Ein Rekord in den letzten 22 Jahren - Leclanch\u00e9","og_description":"Leclanch\u00e9 meldet f\u00fcr 2018 eine mehr als 2,5-fache Umsatzsteigerung: Ein Rekord in den letzten 22 Jahren","og_url":"https:\/\/www.leclanche.com\/de\/leclanche-meldet-fuer-2018-eine-mehr-als-25-fache-umsatzsteigerung-ein-rekord-in-den-letzten-22-jahren\/","og_site_name":"Leclanch\u00e9","article_published_time":"2019-03-06T15:21:57+00:00","article_modified_time":"2021-04-29T08:08:02+00:00","author":"Annick.Bid","twitter_card":"summary_large_image","twitter_misc":{"Verfasst von":"Annick.Bid","Gesch\u00e4tzte Lesezeit":"7\u00a0Minuten"},"schema":{"@context":"https:\/\/schema.org","@graph":[{"@type":"WebPage","@id":"https:\/\/www.leclanche.com\/de\/leclanche-meldet-fuer-2018-eine-mehr-als-25-fache-umsatzsteigerung-ein-rekord-in-den-letzten-22-jahren\/","url":"https:\/\/www.leclanche.com\/de\/leclanche-meldet-fuer-2018-eine-mehr-als-25-fache-umsatzsteigerung-ein-rekord-in-den-letzten-22-jahren\/","name":"Leclanch\u00e9 meldet f\u00fcr 2018 eine mehr als 2,5-fache Umsatzsteigerung: Ein Rekord in den letzten 22 Jahren - Leclanch\u00e9","isPartOf":{"@id":"https:\/\/www.leclanche.com\/de\/#website"},"datePublished":"2019-03-06T15:21:57+00:00","dateModified":"2021-04-29T08:08:02+00:00","author":{"@id":"https:\/\/www.leclanche.com\/de\/#\/schema\/person\/7ef725388a3f2b409a32cfa92059aa64"},"description":"Leclanch\u00e9 meldet f\u00fcr 2018 eine mehr als 2,5-fache Umsatzsteigerung: Ein Rekord in den letzten 22 Jahren","breadcrumb":{"@id":"https:\/\/www.leclanche.com\/de\/leclanche-meldet-fuer-2018-eine-mehr-als-25-fache-umsatzsteigerung-ein-rekord-in-den-letzten-22-jahren\/#breadcrumb"},"inLanguage":"de","potentialAction":[{"@type":"ReadAction","target":["https:\/\/www.leclanche.com\/de\/leclanche-meldet-fuer-2018-eine-mehr-als-25-fache-umsatzsteigerung-ein-rekord-in-den-letzten-22-jahren\/"]}]},{"@type":"BreadcrumbList","@id":"https:\/\/www.leclanche.com\/de\/leclanche-meldet-fuer-2018-eine-mehr-als-25-fache-umsatzsteigerung-ein-rekord-in-den-letzten-22-jahren\/#breadcrumb","itemListElement":[{"@type":"ListItem","position":1,"name":"Accueil","item":"https:\/\/www.leclanche.com\/de\/"},{"@type":"ListItem","position":2,"name":"Leclanch\u00e9 meldet f\u00fcr 2018 eine mehr als 2,5-fache Umsatzsteigerung: Ein Rekord in den letzten 22 Jahren"}]},{"@type":"WebSite","@id":"https:\/\/www.leclanche.com\/de\/#website","url":"https:\/\/www.leclanche.com\/de\/","name":"Leclanch\u00e9","description":"Energy Storage Solutions","potentialAction":[{"@type":"SearchAction","target":{"@type":"EntryPoint","urlTemplate":"https:\/\/www.leclanche.com\/de\/?s={search_term_string}"},"query-input":{"@type":"PropertyValueSpecification","valueRequired":true,"valueName":"search_term_string"}}],"inLanguage":"de"},{"@type":"Person","@id":"https:\/\/www.leclanche.com\/de\/#\/schema\/person\/7ef725388a3f2b409a32cfa92059aa64","name":"Annick.Bid","image":{"@type":"ImageObject","inLanguage":"de","@id":"https:\/\/www.leclanche.com\/de\/#\/schema\/person\/image\/","url":"https:\/\/secure.gravatar.com\/avatar\/0fe6baaabc318280db3d0e10c43b8017aa89b961c16e819765bd4fb65396af34?s=96&d=mm&r=g","contentUrl":"https:\/\/secure.gravatar.com\/avatar\/0fe6baaabc318280db3d0e10c43b8017aa89b961c16e819765bd4fb65396af34?s=96&d=mm&r=g","caption":"Annick.Bid"},"url":"https:\/\/www.leclanche.com\/de\/author\/annick-bid\/"}]}},"_links":{"self":[{"href":"https:\/\/www.leclanche.com\/de\/wp-json\/wp\/v2\/posts\/9824","targetHints":{"allow":["GET"]}}],"collection":[{"href":"https:\/\/www.leclanche.com\/de\/wp-json\/wp\/v2\/posts"}],"about":[{"href":"https:\/\/www.leclanche.com\/de\/wp-json\/wp\/v2\/types\/post"}],"author":[{"embeddable":true,"href":"https:\/\/www.leclanche.com\/de\/wp-json\/wp\/v2\/users\/2"}],"replies":[{"embeddable":true,"href":"https:\/\/www.leclanche.com\/de\/wp-json\/wp\/v2\/comments?post=9824"}],"version-history":[{"count":1,"href":"https:\/\/www.leclanche.com\/de\/wp-json\/wp\/v2\/posts\/9824\/revisions"}],"predecessor-version":[{"id":9826,"href":"https:\/\/www.leclanche.com\/de\/wp-json\/wp\/v2\/posts\/9824\/revisions\/9826"}],"wp:attachment":[{"href":"https:\/\/www.leclanche.com\/de\/wp-json\/wp\/v2\/media?parent=9824"}],"wp:term":[{"taxonomy":"category","embeddable":true,"href":"https:\/\/www.leclanche.com\/de\/wp-json\/wp\/v2\/categories?post=9824"},{"taxonomy":"post_tag","embeddable":true,"href":"https:\/\/www.leclanche.com\/de\/wp-json\/wp\/v2\/tags?post=9824"}],"curies":[{"name":"wp","href":"https:\/\/api.w.org\/{rel}","templated":true}]}}