{"id":10583,"date":"2018-03-01T00:00:00","date_gmt":"2018-02-28T23:00:00","guid":{"rendered":"https:\/\/www.leclanche.com\/leclanche-est-entierement-finance-jusqua-q2-19-retour-a-un-ebitda-positif-attendu-dici-a-2020\/"},"modified":"2021-08-09T11:39:58","modified_gmt":"2021-08-09T09:39:58","slug":"leclanche-est-entierement-finance-jusqua-q2-19-retour-a-un-ebitda-positif-attendu-dici-a-2020","status":"publish","type":"post","link":"https:\/\/www.leclanche.com\/fr\/leclanche-est-entierement-finance-jusqua-q2-19-retour-a-un-ebitda-positif-attendu-dici-a-2020\/","title":{"rendered":"Leclanch\u00e9 est enti\u00e8rement financ\u00e9 jusqu\u2019\u00e0 Q2-19. Retour \u00e0 un EBITDA positif attendu d\u2019ici \u00e0 2020."},"content":{"rendered":"<p>Plan de croissance en ligne avec les pr\u00e9visions. Le carnet de commandes de 55 MWh devrait g\u00e9n\u00e9rer CHF 40-50 millions de chiffre d\u2019affaires en 2018<\/p>\n<p>&nbsp;<\/p>\n<p>YVERDON LES BAINS, Suisse, 1er mars 2018 : Leclanch\u00e9 SA (SIX : LECN), l&rsquo;une des plus grandes soci\u00e9t\u00e9s de solutions de stockage d&rsquo;\u00e9nergie, apporte une clarification \u00e0 son communiqu\u00e9 du 27 f\u00e9vrier 2018.<\/p>\n<p>Leclanch\u00e9 a d\u00e9clar\u00e9 des pertes non audit\u00e9es estim\u00e9es \u00e0 CHF 40 millions pour l\u2019ann\u00e9e 2017 r\u00e9sultant d\u2019un retard dans l\u2019ex\u00e9cution de son plan de financement, qui a \u00e9t\u00e9 r\u00e9solu depuis gr\u00e2ce \u00e0 un investissement r\u00e9cent de Finexis et de ses filiales, le plus grand actionnaire de Leclanch\u00e9, sous la forme d\u2019une dette en partie convertible de CHF 57,5 millions.<\/p>\n<p>La soci\u00e9t\u00e9 est enti\u00e8rement financ\u00e9e jusqu\u2019\u00e0 Q2-19, et est \u00e9galement en pourparlers avec d&rsquo;autres investisseurs potentiels pour financer sa croissance au-del\u00e0 de la date de retour \u00e0 l\u2019\u00e9quilibre pr\u00e9vue en 2020 et communiquera sur ce point en temps utiles.<\/p>\n<p>Finexis soutient totalement la strat\u00e9gie de croissance globale de l&rsquo;entreprise qui est en ligne avec ses derni\u00e8res pr\u00e9visions.<\/p>\n<p>Leclanch\u00e9 a un carnet de commandes de 55 MWh, qui devraient g\u00e9n\u00e9rer CHF 40-50 millions de chiffre d\u2019affaires en 2018 et permettre un retour \u00e0 un EBITDA positif d&rsquo;ici 2020.<\/p>\n<p>Leclanch\u00e9 SA pr\u00e9cise que ses r\u00e9viseurs n\u2019avaient fix\u00e9 aucune \u00e9ch\u00e9ance au 28 f\u00e9vrier 2018 pour r\u00e9soudre son probl\u00e8me de surendettement potentiel au 31 d\u00e9cembre 2017. La dette au 28 f\u00e9vrier 2018 relative \u00e0 la conversion de CHF 16&rsquo;500&rsquo;000 d\u2019obligations convertibles en 11&rsquo;000&rsquo;000 d\u2019actions de Leclanch\u00e9 SA par Finexis qui, suite \u00e0 la dispense de l\u2019obligation de pr\u00e9senter une offre publique d\u2019acquisition aux actionnaires de Leclanch\u00e9 SA re\u00e7ue de la commission suisse des OPA le 22 f\u00e9vrier, sera effectu\u00e9e d&rsquo;ici au 31 mars 2018, et pas avant le 28 f\u00e9vrier comme mentionn\u00e9 dans le communiqu\u00e9 du 27 f\u00e9vrier.<\/p>\n<p>Anil Srivastava, Directeur G\u00e9n\u00e9ral de Leclanch\u00e9, a d\u00e9clar\u00e9 : \u00ab nos plans de croissance et de financement sont en cours de mise en place, nous continuons \u00e0 livrer des projets innovants \u00e0 travers le monde ; nous avons un pipeline de contrats de stockage d\u2019\u00e9nergie en forte croissance. Cela inclus le march\u00e9 des v\u00e9hicules \u00e9lectriques o\u00f9 nous sommes bien \u00e9tablis et o\u00f9 nous allons faire une annonce importante tr\u00e8s prochainement. Nous sommes \u00e9galement en contacts avec des investisseurs industriels et financiers qui \u00e9valuent une participation au plan de croissance de Leclanch\u00e9, un leader reconnu sur le march\u00e9 \u00bb Les projets r\u00e9cemment annonc\u00e9s par Leclanch\u00e9 sont les suivants :<\/p>\n<ul>\n<li>Fournisseur d&rsquo;EPC pour un projet de 22 MW \/ 33 MWh de stockage d\u2019\u00e9nergie en Allemagne en collaboration avec Enel et Enertrag<\/li>\n<\/ul>\n<p>&nbsp;<\/p>\n<ul>\n<li>Projet de stabilisation du r\u00e9seau de 15 MWh avec swb en Allemagne<\/li>\n<\/ul>\n<p>&nbsp;<\/p>\n<ul>\n<li>Partenariat avec EPAL Partners et Deltro pour construire le premier projet canadien de stockage d&rsquo;\u00e9nergie \u00e0 grande \u00e9chelle<\/li>\n<\/ul>\n<p>&nbsp;<\/p>\n<ul>\n<li>Stockage d\u2019\u00e9nergie avec Fastned, soci\u00e9t\u00e9 leader en Europe dans le domaine de la charge rapide pour v\u00e9hicules \u00e9lectriques<\/li>\n<\/ul>\n<p>&nbsp;<\/p>\n<ul>\n<li>Partenariat avec eCAMION et SGEM pour construire et exploiter un r\u00e9seau de stations de recharge rapide pour v\u00e9hicules \u00e9lectriques le long de la route Transcanadienne<\/li>\n<\/ul>\n<p>&nbsp;<\/p>\n<ul>\n<li>Accord de partenariat avec Skoda Electric pour le d\u00e9veloppement conjoint de solutions de stockage pour bus \u00e9lectriques<\/li>\n<\/ul>\n<p>&nbsp;<\/p>\n<p>* * * * *<\/p>\n<p>\u00c0 propos de Leclanch\u00e9 Leclanch\u00e9 est l\u2019un des principaux fournisseurs mondiaux de solutions de stockage d\u2019\u00e9nergie enti\u00e8rement int\u00e9gr\u00e9 verticalement. Il fournit une large gamme de solutions de stockage d\u2019\u00e9nergie pour les foyers, les petites entreprises, les grandes industries, les r\u00e9seaux \u00e9lectriques de m\u00eame que pour l\u2019hybridation de syst\u00e8mes de transports en commun tels que des flottes de bus et de bacs.<\/p>\n<p>Cr\u00e9\u00e9 en 1909, Leclanch\u00e9 est un fournisseur reconnu de solutions de stockage d\u2019\u00e9nergie sous forme de batteries depuis plus de 100 ans. Poursuivant la tradition de Georges Leclanch\u00e9, l\u2019inventeur de la batterie \u00e0 cellules s\u00e8ches, Leclanch\u00e9 dispose d\u2019un riche portefeuille de syst\u00e8mes de stockage d\u2019\u00e9nergie par batteries (BESS) comprenant des syst\u00e8mes haut de gamme de batteries lithium-ion leaders dans l\u2019industrie.<\/p>\n<p>Leclanch\u00e9 est cot\u00e9e \u00e0 la Bourse suisse de Z\u00fcrich. SIX Swiss Exchange: symbole ticker LECN | ISIN CH 011 030 311 9 D\u00e9n\u00e9gation de responsabilit\u00e9 Ce communiqu\u00e9 de presse contient des d\u00e9clarations prospectives li\u00e9es aux activit\u00e9s de Leclanch\u00e9 qui peuvent \u00eatre identifi\u00e9es par le recours \u00e0 des termes tels que \u00abstrat\u00e9gique\u00bb, \u00abpropose\u00bb, \u00ablancer\u00bb, \u00absouhaite\u00bb, \u00abplanifi\u00e9\u00bb, \u00abattendu\u00bb, \u00abengagement\u00bb, \u00abs\u2019attend \u00e0\u00bb, \u00abd\u00e9cide\u00bb, \u00abpr\u00e9pare\u00bb, \u00abpr\u00e9voit\u00bb, \u00abestime\u00bb, \u00abvise \u00e0\u00bb, \u00abva\u00bb, \u00abpotentiel\u00bb, \u00abesp\u00e8re\u00bb, \u00abestim\u00e9\u00bb, \u00abproposition\u00bb ou des expressions similaires ou par des discussions exprim\u00e9es ou implicites concernant l\u2019extension de la capacit\u00e9 de production de Leclanch\u00e9, des applications potentielles pour des produits existants ou par rapport \u00e0 de futures ventes potentielles provenant de tels produits ou de futures ventes ou de futurs revenus potentiels de Leclanch\u00e9 ou de l\u2019une quelconque de ses unit\u00e9s commerciales.<\/p>\n<p>Vous ne devez pas vous fier sous forme inconsid\u00e9r\u00e9e \u00e0 ces d\u00e9clarations. De telles d\u00e9clarations sur l\u2019avenir refl\u00e8tent les positions actuelles de Leclanch\u00e9 par rapport \u00e0 des \u00e9v\u00e9nements futurs et impliquent des risques connus et inconnus, des incertitudes et d\u2019autres facteurs qui peuvent faire en sorte que les r\u00e9sultats r\u00e9els soient mat\u00e9riellement diff\u00e9rents de quelconques r\u00e9sultats, performances ou r\u00e9alisations futures exprim\u00e9es ou implicites sous-jacentes \u00e0 de telles d\u00e9clarations. Aucune garantie ne peut \u00eatre donn\u00e9e que les produits de Leclanch\u00e9 vont d\u00e9gager des niveaux sp\u00e9cifiques de revenus. Il ne peut pas non plus \u00eatre garanti que Leclanch\u00e9 ou l\u2019une quelconque de ces unit\u00e9s commerciales va d\u00e9gager un r\u00e9sultat financier quelconque.<\/p>\n<p>* * * * *<\/p>\n<p>Europe\/global :<\/p>\n<p>Desir\u00e9e Maghoo<\/p>\n<p>T: +44 (0) 7775522740<\/p>\n<p>Courriel: dmaghoo@questorconsulting.com<\/p>\n<p>Simon Barker<\/p>\n<p>T:+44 (0)7866 314331<\/p>\n<p>Courriel: sbarker@questorconsulting.com<\/p>\n<p>US and Canada :<\/p>\n<p>Rick Anderson<\/p>\n<p>T: +1 (718) 986-1596<\/p>\n<p>Henry Feintuch<\/p>\n<p>T: +1 (212) 808-4901<\/p>\n<p>Courriel: leclanche@feintuchpr.com<\/p>\n<p>Contacts des actionnaires, analystes et investisseurs :<\/p>\n<p>Courriel : investors@leclanche.com<\/p>\n<p>&nbsp;<\/p>\n<p>Contacts avec les investisseurs<\/p>\n<p>Anil Srivastava \/ Hubert Angleys<\/p>\n<p>T\u00e9l.: +41 (0) 24 424 65 00<\/p>\n<p>Courriel : invest.leclanche@leclanche.com<\/p>\n","protected":false},"excerpt":{"rendered":"<p>Leclanch\u00e9 est enti\u00e8rement financ\u00e9 jusqu\u2019\u00e0 Q2-19. Retour \u00e0 un EBITDA positif attendu d\u2019ici \u00e0 2020.<\/p>\n","protected":false},"author":2,"featured_media":0,"comment_status":"closed","ping_status":"open","sticky":false,"template":"","format":"standard","meta":{"footnotes":""},"categories":[45,108,46,97,98],"tags":[],"class_list":["post-10583","post","type-post","status-publish","format-standard","hentry","category-actualite","category-autres-communiques-de-presse","category-communiques-de-presse-fr","category-old-all-press-releases","category-old-investor-relations"],"yoast_head":"<!-- This site is optimized with the Yoast SEO plugin v26.4 - https:\/\/yoast.com\/wordpress\/plugins\/seo\/ -->\n<title>Leclanch\u00e9 est enti\u00e8rement financ\u00e9 jusqu\u2019\u00e0 Q2-19. Retour \u00e0 un EBITDA positif attendu d\u2019ici \u00e0 2020. - Leclanch\u00e9<\/title>\n<meta name=\"description\" content=\"Leclanch\u00e9 est enti\u00e8rement financ\u00e9 jusqu\u2019\u00e0 Q2-19. Retour \u00e0 un EBITDA positif attendu d\u2019ici \u00e0 2020.\" \/>\n<meta name=\"robots\" content=\"index, follow, max-snippet:-1, max-image-preview:large, max-video-preview:-1\" \/>\n<link rel=\"canonical\" href=\"https:\/\/www.leclanche.com\/fr\/leclanche-est-entierement-finance-jusqua-q2-19-retour-a-un-ebitda-positif-attendu-dici-a-2020\/\" \/>\n<meta property=\"og:locale\" content=\"fr_FR\" \/>\n<meta property=\"og:type\" content=\"article\" \/>\n<meta property=\"og:title\" content=\"Leclanch\u00e9 est enti\u00e8rement financ\u00e9 jusqu\u2019\u00e0 Q2-19. Retour \u00e0 un EBITDA positif attendu d\u2019ici \u00e0 2020. - Leclanch\u00e9\" \/>\n<meta property=\"og:description\" content=\"Leclanch\u00e9 est enti\u00e8rement financ\u00e9 jusqu\u2019\u00e0 Q2-19. Retour \u00e0 un EBITDA positif attendu d\u2019ici \u00e0 2020.\" \/>\n<meta property=\"og:url\" content=\"https:\/\/www.leclanche.com\/fr\/leclanche-est-entierement-finance-jusqua-q2-19-retour-a-un-ebitda-positif-attendu-dici-a-2020\/\" \/>\n<meta property=\"og:site_name\" content=\"Leclanch\u00e9\" \/>\n<meta property=\"article:published_time\" content=\"2018-02-28T23:00:00+00:00\" \/>\n<meta property=\"article:modified_time\" content=\"2021-08-09T09:39:58+00:00\" \/>\n<meta name=\"author\" content=\"Annick.Bid\" \/>\n<meta name=\"twitter:card\" content=\"summary_large_image\" \/>\n<meta name=\"twitter:label1\" content=\"\u00c9crit par\" \/>\n\t<meta name=\"twitter:data1\" content=\"Annick.Bid\" \/>\n\t<meta name=\"twitter:label2\" content=\"Dur\u00e9e de lecture estim\u00e9e\" \/>\n\t<meta name=\"twitter:data2\" content=\"5 minutes\" \/>\n<script type=\"application\/ld+json\" class=\"yoast-schema-graph\">{\"@context\":\"https:\/\/schema.org\",\"@graph\":[{\"@type\":\"WebPage\",\"@id\":\"https:\/\/www.leclanche.com\/fr\/leclanche-est-entierement-finance-jusqua-q2-19-retour-a-un-ebitda-positif-attendu-dici-a-2020\/\",\"url\":\"https:\/\/www.leclanche.com\/fr\/leclanche-est-entierement-finance-jusqua-q2-19-retour-a-un-ebitda-positif-attendu-dici-a-2020\/\",\"name\":\"Leclanch\u00e9 est enti\u00e8rement financ\u00e9 jusqu\u2019\u00e0 Q2-19. Retour \u00e0 un EBITDA positif attendu d\u2019ici \u00e0 2020. - Leclanch\u00e9\",\"isPartOf\":{\"@id\":\"https:\/\/www.leclanche.com\/fr\/#website\"},\"datePublished\":\"2018-02-28T23:00:00+00:00\",\"dateModified\":\"2021-08-09T09:39:58+00:00\",\"author\":{\"@id\":\"https:\/\/www.leclanche.com\/fr\/#\/schema\/person\/7ef725388a3f2b409a32cfa92059aa64\"},\"description\":\"Leclanch\u00e9 est enti\u00e8rement financ\u00e9 jusqu\u2019\u00e0 Q2-19. Retour \u00e0 un EBITDA positif attendu d\u2019ici \u00e0 2020.\",\"breadcrumb\":{\"@id\":\"https:\/\/www.leclanche.com\/fr\/leclanche-est-entierement-finance-jusqua-q2-19-retour-a-un-ebitda-positif-attendu-dici-a-2020\/#breadcrumb\"},\"inLanguage\":\"fr-FR\",\"potentialAction\":[{\"@type\":\"ReadAction\",\"target\":[\"https:\/\/www.leclanche.com\/fr\/leclanche-est-entierement-finance-jusqua-q2-19-retour-a-un-ebitda-positif-attendu-dici-a-2020\/\"]}]},{\"@type\":\"BreadcrumbList\",\"@id\":\"https:\/\/www.leclanche.com\/fr\/leclanche-est-entierement-finance-jusqua-q2-19-retour-a-un-ebitda-positif-attendu-dici-a-2020\/#breadcrumb\",\"itemListElement\":[{\"@type\":\"ListItem\",\"position\":1,\"name\":\"Accueil\",\"item\":\"https:\/\/www.leclanche.com\/fr\/\"},{\"@type\":\"ListItem\",\"position\":2,\"name\":\"Leclanch\u00e9 est enti\u00e8rement financ\u00e9 jusqu\u2019\u00e0 Q2-19. Retour \u00e0 un EBITDA positif attendu d\u2019ici \u00e0 2020.\"}]},{\"@type\":\"WebSite\",\"@id\":\"https:\/\/www.leclanche.com\/fr\/#website\",\"url\":\"https:\/\/www.leclanche.com\/fr\/\",\"name\":\"Leclanch\u00e9\",\"description\":\"Energy Storage Solutions\",\"potentialAction\":[{\"@type\":\"SearchAction\",\"target\":{\"@type\":\"EntryPoint\",\"urlTemplate\":\"https:\/\/www.leclanche.com\/fr\/?s={search_term_string}\"},\"query-input\":{\"@type\":\"PropertyValueSpecification\",\"valueRequired\":true,\"valueName\":\"search_term_string\"}}],\"inLanguage\":\"fr-FR\"},{\"@type\":\"Person\",\"@id\":\"https:\/\/www.leclanche.com\/fr\/#\/schema\/person\/7ef725388a3f2b409a32cfa92059aa64\",\"name\":\"Annick.Bid\",\"image\":{\"@type\":\"ImageObject\",\"inLanguage\":\"fr-FR\",\"@id\":\"https:\/\/www.leclanche.com\/fr\/#\/schema\/person\/image\/\",\"url\":\"https:\/\/secure.gravatar.com\/avatar\/0fe6baaabc318280db3d0e10c43b8017aa89b961c16e819765bd4fb65396af34?s=96&d=mm&r=g\",\"contentUrl\":\"https:\/\/secure.gravatar.com\/avatar\/0fe6baaabc318280db3d0e10c43b8017aa89b961c16e819765bd4fb65396af34?s=96&d=mm&r=g\",\"caption\":\"Annick.Bid\"},\"url\":\"https:\/\/www.leclanche.com\/fr\/author\/annick-bid\/\"}]}<\/script>\n<!-- \/ Yoast SEO plugin. -->","yoast_head_json":{"title":"Leclanch\u00e9 est enti\u00e8rement financ\u00e9 jusqu\u2019\u00e0 Q2-19. Retour \u00e0 un EBITDA positif attendu d\u2019ici \u00e0 2020. - Leclanch\u00e9","description":"Leclanch\u00e9 est enti\u00e8rement financ\u00e9 jusqu\u2019\u00e0 Q2-19. Retour \u00e0 un EBITDA positif attendu d\u2019ici \u00e0 2020.","robots":{"index":"index","follow":"follow","max-snippet":"max-snippet:-1","max-image-preview":"max-image-preview:large","max-video-preview":"max-video-preview:-1"},"canonical":"https:\/\/www.leclanche.com\/fr\/leclanche-est-entierement-finance-jusqua-q2-19-retour-a-un-ebitda-positif-attendu-dici-a-2020\/","og_locale":"fr_FR","og_type":"article","og_title":"Leclanch\u00e9 est enti\u00e8rement financ\u00e9 jusqu\u2019\u00e0 Q2-19. Retour \u00e0 un EBITDA positif attendu d\u2019ici \u00e0 2020. - Leclanch\u00e9","og_description":"Leclanch\u00e9 est enti\u00e8rement financ\u00e9 jusqu\u2019\u00e0 Q2-19. Retour \u00e0 un EBITDA positif attendu d\u2019ici \u00e0 2020.","og_url":"https:\/\/www.leclanche.com\/fr\/leclanche-est-entierement-finance-jusqua-q2-19-retour-a-un-ebitda-positif-attendu-dici-a-2020\/","og_site_name":"Leclanch\u00e9","article_published_time":"2018-02-28T23:00:00+00:00","article_modified_time":"2021-08-09T09:39:58+00:00","author":"Annick.Bid","twitter_card":"summary_large_image","twitter_misc":{"\u00c9crit par":"Annick.Bid","Dur\u00e9e de lecture estim\u00e9e":"5 minutes"},"schema":{"@context":"https:\/\/schema.org","@graph":[{"@type":"WebPage","@id":"https:\/\/www.leclanche.com\/fr\/leclanche-est-entierement-finance-jusqua-q2-19-retour-a-un-ebitda-positif-attendu-dici-a-2020\/","url":"https:\/\/www.leclanche.com\/fr\/leclanche-est-entierement-finance-jusqua-q2-19-retour-a-un-ebitda-positif-attendu-dici-a-2020\/","name":"Leclanch\u00e9 est enti\u00e8rement financ\u00e9 jusqu\u2019\u00e0 Q2-19. Retour \u00e0 un EBITDA positif attendu d\u2019ici \u00e0 2020. - Leclanch\u00e9","isPartOf":{"@id":"https:\/\/www.leclanche.com\/fr\/#website"},"datePublished":"2018-02-28T23:00:00+00:00","dateModified":"2021-08-09T09:39:58+00:00","author":{"@id":"https:\/\/www.leclanche.com\/fr\/#\/schema\/person\/7ef725388a3f2b409a32cfa92059aa64"},"description":"Leclanch\u00e9 est enti\u00e8rement financ\u00e9 jusqu\u2019\u00e0 Q2-19. Retour \u00e0 un EBITDA positif attendu d\u2019ici \u00e0 2020.","breadcrumb":{"@id":"https:\/\/www.leclanche.com\/fr\/leclanche-est-entierement-finance-jusqua-q2-19-retour-a-un-ebitda-positif-attendu-dici-a-2020\/#breadcrumb"},"inLanguage":"fr-FR","potentialAction":[{"@type":"ReadAction","target":["https:\/\/www.leclanche.com\/fr\/leclanche-est-entierement-finance-jusqua-q2-19-retour-a-un-ebitda-positif-attendu-dici-a-2020\/"]}]},{"@type":"BreadcrumbList","@id":"https:\/\/www.leclanche.com\/fr\/leclanche-est-entierement-finance-jusqua-q2-19-retour-a-un-ebitda-positif-attendu-dici-a-2020\/#breadcrumb","itemListElement":[{"@type":"ListItem","position":1,"name":"Accueil","item":"https:\/\/www.leclanche.com\/fr\/"},{"@type":"ListItem","position":2,"name":"Leclanch\u00e9 est enti\u00e8rement financ\u00e9 jusqu\u2019\u00e0 Q2-19. Retour \u00e0 un EBITDA positif attendu d\u2019ici \u00e0 2020."}]},{"@type":"WebSite","@id":"https:\/\/www.leclanche.com\/fr\/#website","url":"https:\/\/www.leclanche.com\/fr\/","name":"Leclanch\u00e9","description":"Energy Storage Solutions","potentialAction":[{"@type":"SearchAction","target":{"@type":"EntryPoint","urlTemplate":"https:\/\/www.leclanche.com\/fr\/?s={search_term_string}"},"query-input":{"@type":"PropertyValueSpecification","valueRequired":true,"valueName":"search_term_string"}}],"inLanguage":"fr-FR"},{"@type":"Person","@id":"https:\/\/www.leclanche.com\/fr\/#\/schema\/person\/7ef725388a3f2b409a32cfa92059aa64","name":"Annick.Bid","image":{"@type":"ImageObject","inLanguage":"fr-FR","@id":"https:\/\/www.leclanche.com\/fr\/#\/schema\/person\/image\/","url":"https:\/\/secure.gravatar.com\/avatar\/0fe6baaabc318280db3d0e10c43b8017aa89b961c16e819765bd4fb65396af34?s=96&d=mm&r=g","contentUrl":"https:\/\/secure.gravatar.com\/avatar\/0fe6baaabc318280db3d0e10c43b8017aa89b961c16e819765bd4fb65396af34?s=96&d=mm&r=g","caption":"Annick.Bid"},"url":"https:\/\/www.leclanche.com\/fr\/author\/annick-bid\/"}]}},"_links":{"self":[{"href":"https:\/\/www.leclanche.com\/fr\/wp-json\/wp\/v2\/posts\/10583","targetHints":{"allow":["GET"]}}],"collection":[{"href":"https:\/\/www.leclanche.com\/fr\/wp-json\/wp\/v2\/posts"}],"about":[{"href":"https:\/\/www.leclanche.com\/fr\/wp-json\/wp\/v2\/types\/post"}],"author":[{"embeddable":true,"href":"https:\/\/www.leclanche.com\/fr\/wp-json\/wp\/v2\/users\/2"}],"replies":[{"embeddable":true,"href":"https:\/\/www.leclanche.com\/fr\/wp-json\/wp\/v2\/comments?post=10583"}],"version-history":[{"count":1,"href":"https:\/\/www.leclanche.com\/fr\/wp-json\/wp\/v2\/posts\/10583\/revisions"}],"predecessor-version":[{"id":10598,"href":"https:\/\/www.leclanche.com\/fr\/wp-json\/wp\/v2\/posts\/10583\/revisions\/10598"}],"wp:attachment":[{"href":"https:\/\/www.leclanche.com\/fr\/wp-json\/wp\/v2\/media?parent=10583"}],"wp:term":[{"taxonomy":"category","embeddable":true,"href":"https:\/\/www.leclanche.com\/fr\/wp-json\/wp\/v2\/categories?post=10583"},{"taxonomy":"post_tag","embeddable":true,"href":"https:\/\/www.leclanche.com\/fr\/wp-json\/wp\/v2\/tags?post=10583"}],"curies":[{"name":"wp","href":"https:\/\/api.w.org\/{rel}","templated":true}]}}