{"id":10719,"date":"2017-04-04T00:00:00","date_gmt":"2017-04-03T22:00:00","guid":{"rendered":"https:\/\/www.leclanche.com\/leclanche-augmente-son-chiffre-daffaires-de-56-pour-lannee-2016-et-realise-son-plan-de-croissance\/"},"modified":"2021-12-08T14:51:44","modified_gmt":"2021-12-08T13:51:44","slug":"leclanche-augmente-son-chiffre-daffaires-de-56-pour-lannee-2016-et-realise-son-plan-de-croissance","status":"publish","type":"post","link":"https:\/\/www.leclanche.com\/fr\/leclanche-augmente-son-chiffre-daffaires-de-56-pour-lannee-2016-et-realise-son-plan-de-croissance\/","title":{"rendered":"Leclanch\u00e9 augmente son chiffre d\u2019affaires de 56% pour l\u2019ann\u00e9e 2016 et r\u00e9alise son plan de croissance"},"content":{"rendered":"<p>Les projections annonc\u00e9es au march\u00e9 ont \u00e9t\u00e9 atteintes<\/p>\n<ul>\n<li>Augmentation du chiffre d\u2019affaires de 56%<\/li>\n<\/ul>\n<p>&nbsp;<\/p>\n<ul>\n<li>La perte d\u2019EBITDA 2016 en pourcentage du chiffre d\u2019affaires a \u00e9t\u00e9 r\u00e9duite de 54% par rapport \u00e0 2015. Les CHF 10 millions investissements li\u00e9s \u00e0 la croissance explique pr\u00e8s de 40% de la perte d\u2019EBITDA<\/li>\n<\/ul>\n<p>&nbsp;<\/p>\n<ul>\n<li>Le carnet de commandes a augment\u00e9 de plus de 100% sur l\u2019ann\u00e9e pour atteindre 85 MWh<\/li>\n<\/ul>\n<p>&nbsp;<\/p>\n<ul>\n<li>Les deux premiers sites de notre plus grand projet de stockage stationnaire d\u2019\u00e9nergie en Ontario, au Canada (13 MW \/ 53 MWh), seront op\u00e9rationnels d\u2019ici \u00e0 l\u2019\u00e9t\u00e9 2017 ; le syst\u00e8me de stockage d\u2019\u00e9nergie pour le projet Marengo (\u00e0 Chicago), a \u00e9t\u00e9 livr\u00e9 (23 MW \/ 10 MWh). Ces projets sont parmi les plus grands projets de stockage d\u2019\u00e9nergie de ce type au monde<\/li>\n<\/ul>\n<p>&nbsp;<\/p>\n<ul>\n<li>Signature d\u2019un contrat d\u2019exclusivit\u00e9 avec un leader europ\u00e9en en \u00e9lectricit\u00e9 pour construire un projet de 20MW\/ 33MWh dans le nord de l\u2019Allemagne<\/li>\n<\/ul>\n<p>&nbsp;<\/p>\n<ul>\n<li>Projet de construction d\u2019un ferry \u00e9lectrique au Danemark : Le plus grand ferry \u00e9lectrique du monde sera op\u00e9rationnel \u00e0 l\u2019automne 2017<\/li>\n<\/ul>\n<p>&nbsp;<\/p>\n<ul>\n<li>Lev\u00e9e de fonds planifi\u00e9e en 2017 incluant une alliance strat\u00e9gique avec des partenaires industriels asiatiques afin de soutenir notre croissance. Un placement d\u2019actions est en cours pouvant atteindre jusqu\u2019\u00e0 CHF 7 millions.<\/li>\n<\/ul>\n<p>&nbsp;<\/p>\n<ul>\n<li>Rapport annuel 2016 publi\u00e9 aujourd\u2018hui<\/li>\n<\/ul>\n<p>&nbsp;<\/p>\n<p>YVERDON LES BAINS, Suisse, 4 avril 2017 : Leclanch\u00e9 SA (SIX : LECN), l\u2019une des principales entreprises de solutions de stockage d\u2019\u00e9nergie au monde a annonc\u00e9 aujourd\u2019hui ses r\u00e9sultats financiers annuels pour l\u2019exercice cl\u00f4tur\u00e9 le 31 d\u00e9cembre 2016. Le chiffre d\u2019affaires consolid\u00e9 pour l\u2019exercice 2016 \u00e9tait de CHF 28.5 millions, en hausse de 56% par rapport \u00e0 2015 ; la perte d\u2019EBITDA pour l\u2019ann\u00e9e s\u2019\u00e9l\u00e8ve \u00e0 CHF (27.5) millions contre une perte de CHF (26.0) million en 2015. En excluant les transactions exceptionnelles et non r\u00e9currentes, la perte est de CHF (18.6) million, soit une am\u00e9lioration de 54% en pourcentage des ventes par rapport \u00e0 2015.<\/p>\n<p>Anil Srivastava, Directeur G\u00e9n\u00e9ral de Leclanch\u00e9, a d\u00e9clar\u00e9 : \u00ab Nous sommes ravis d\u2019annoncer que la soci\u00e9t\u00e9 a atteint ses pr\u00e9visions financi\u00e8res pour l\u2019ann\u00e9e 2016. Nous avons continu\u00e9 \u00e0 augmenter consid\u00e9rablement notre chiffre d\u2019affaires et \u00e0 diminuer notre perte d\u2019EBITDA, dont 40% s\u2019explique par CHF 10 millions d\u2019investissement destin\u00e9s \u00e0 soutenir notre croissance. La soci\u00e9t\u00e9 a augment\u00e9 son carnet de commandes de plus de 100% au cours de l\u2019ann\u00e9e pour atteindre 85 MWh et nous avons un ensemble de projets sign\u00e9s ou en phase de n\u00e9gociation pour plus de 450 MWh. \u00bb<\/p>\n<p>\u00ab 2016 a \u00e9t\u00e9 encore une ann\u00e9e importante pour Leclanch\u00e9. Nous avons continu\u00e9 d\u2019augmenter nos parts de march\u00e9, de cr\u00e9er gr\u00e2ce \u00e0 nos solutions innovantes et durables sur nos trois march\u00e9s cl\u00e9s : stockage d\u2019\u00e9nergie et micro-r\u00e9seaux, transport \u00e9lectrique et batteries commerciales et industrielles. Nos principaux contrats comptent parmi les projets de stockage d\u2019\u00e9nergie les plus importants et les plus innovants au monde (Europe, Am\u00e9rique du Nord ou Danemark pour le plus grand ferry enti\u00e8rement \u00e9lectrique du monde) \u00bb.<\/p>\n<p>Leclanch\u00e9 a travaill\u00e9 avec ses conseillers financiers afin de finaliser une deuxi\u00e8me phase de lev\u00e9e de capitaux aupr\u00e8s de ses actionnaires existants et de nouveaux actionnaires et pr\u00e9voit une augmentation de capital de l\u2019ordre de CHF 7 millions. Cette lev\u00e9e de fonds fait suite \u00e0 l\u2019augmentation de capital de CHF 11.1 million d\u2019ao\u00fbt 2016. Hubert Angleys, Directeur Financier de Leclanch\u00e9, a d\u00e9clar\u00e9 : \u00ab Alors que la soci\u00e9t\u00e9 a r\u00e9alis\u00e9 une croissance de chiffre d\u2019affaires identique au march\u00e9, je suis convaincu que cette performance positive n\u2019est que la premi\u00e8re \u00e9tape vers le z\u00e9ro EBITDA, que nous pr\u00e9voyons toujours d\u2019atteindre en 2018 si nous facturons au moins 100 MWh. \u00bb<\/p>\n<p>La soci\u00e9t\u00e9 est en discussion avec plusieurs entreprises en Chine afin de d\u00e9velopper des partenariats strat\u00e9giques incluant l\u2019octroi de licences technologiques, la fabrication \u00e0 co\u00fbts r\u00e9duits et l\u2019acc\u00e8s au march\u00e9 int\u00e9rieur chinois, en particulier le march\u00e9 du transport \u00e9lectrique (estim\u00e9 \u00e0 plus de $100 milliards).<\/p>\n<ol>\n<li>Angleys a ajout\u00e9 : \u00ab Nous travaillons en parall\u00e8le \u00e0 la fois sur un accord de partenariat avec un groupe industriel chinois pour ce march\u00e9 strat\u00e9gique et sur la mise en place d\u2019une dette d\u2019un montant significatif pour financer le fonds de roulement de l\u2019entreprise et le d\u00e9ploiement de nos projets au Canada, en Allemagne et aux \u00c9tats-Unis. Je reste persuad\u00e9 que Leclanch\u00e9 va r\u00e9ussir \u00e0 financer son plan de croissance d\u2019ici la fin du deuxi\u00e8me trimestre 2017 \u00bb. Les \u00e9tapes cl\u00e9s franchies en 2016 :<\/li>\n<\/ol>\n<p>Les deux premiers sites du plus grand syst\u00e8me de stockage d\u2019\u00e9nergie \u00e9lectrique en Ontario, au Canada, seront op\u00e9rationnels d\u2019ici \u00e0 l\u2019\u00e9t\u00e9 2017. Cette installation de 13 MW \/ 53 MWh est construite pour le client IESO (Independent Eletricity System Operator). En d\u00e9cembre 2016, Maple Leaf LP, la soci\u00e9t\u00e9 holding cr\u00e9\u00e9e pour ce projet, a obtenu un pr\u00eat pour la construction et le commissionnement de ces deux premiers sites.<\/p>\n<p>Partenariat avec SGEM pour un investissement dans un projet de stockage d\u2019\u00e9nergie \u00e9lectrique de 23MWH (Marengo-Chicago). Ce projet est l\u2019un des plus grands projets de ce type au monde. Leclanch\u00e9 est le principal fournisseur de batteries, et est \u00e9galement le fournisseur cl\u00e9 en mati\u00e8re d\u2019ing\u00e9nierie et de construction. Ce syst\u00e8me de stockage a d\u00e9j\u00e0 \u00e9t\u00e9 livr\u00e9. Leclanch\u00e9\/SGEM a identifi\u00e9 plusieurs autres projets de ce type au niveau mondial.<\/p>\n<p>La soci\u00e9t\u00e9 a sign\u00e9 un contrat d\u2019exclusivit\u00e9 avec un important distributeur europ\u00e9en d\u2019\u00e9lectricit\u00e9 pour construire une installation de 20 MW\/ 33 MWh dans le nord de l\u2019Allemagne. Ce projet fournira l\u2019\u00e9nergie et des donn\u00e9es indispensables \u00e0 l\u2019exploitation d\u2019une station de stockage d\u2019\u00e9nergie coupl\u00e9e \u00e0 une ferme \u00e9olienne.<\/p>\n<p>Le ferry \u00c6r\u00f8 au Danemark, command\u00e9 \u00e0 Leclanch\u00e9 en 2015, sera pleinement op\u00e9rationnel d&rsquo;ici la fin de l\u2019ann\u00e9e 2017. Ce sera le plus grand ferry \u00e9lectrique au monde, offrant des \u00e9conomies d&rsquo;\u00e9nergie allant jusqu&rsquo;\u00e0 50% et une r\u00e9duction consid\u00e9rable des \u00e9missions carbon\u00e9es. De plus, en mars 2017, la cellule LTO de Leclanch\u00e9 a \u00e9t\u00e9 certifi\u00e9e par les autorit\u00e9 chinoises comp\u00e9tentes. Cette certification valide la conformit\u00e9 de cette cellule avec les derni\u00e8res normes de s\u00e9curit\u00e9 en Chine, une condition pr\u00e9alable et n\u00e9cessaire \u00e0 la fourniture de solutions de batterie pour alimenter des v\u00e9hicules \u00e9lectriques en Chine.<\/p>\n<p>Selon les pr\u00e9visions de Navigant Research, le march\u00e9 du lithium-ion pour les segments consacr\u00e9s aux applications stationnaires et mobiles de dimensions industrielles et sur lesquels Leclanch\u00e9 propose ses solutions, va croitre de 37% par an pour atteindre 75,5 GWh en 2020. Ces march\u00e9s incluent le stockage d\u2019\u00e9nergie pour les habitats r\u00e9sidentiels, les b\u00e2timents commerciaux et industriels, les micro-r\u00e9seaux, les centrales \u00e9lectriques, les bus, Page 3\/4 les ferrys et les v\u00e9hicules de manutention. Selon la m\u00eame \u00e9tude, le march\u00e9 des syst\u00e8mes de stockage d\u2019\u00e9nergie est amen\u00e9 \u00e0 croitre de 48%, soit un volume de 4,2 GWh par an, celui du march\u00e9 du stockage d\u2019\u00e9nergie mobile de 37%, soit un volume de 6 GWh. On pr\u00e9voit une croissance de 48% pour les syst\u00e8mes de stockage de batteries sp\u00e9ciaux pour les march\u00e9s commerciaux et industriels, soit un volume annuel de 11,3 GWh. Ces objectifs de croissance sont soumis \u00e0 un certain nombre de facteurs, comme la capacit\u00e9 d\u2019approvisionnement et l\u2019acc\u00e8s rapide au capital. La soci\u00e9t\u00e9 consid\u00e8re toujours comme une priorit\u00e9 la performance de son capital et la limitation de la dilution de ses actionnaires dans le cadre du financement de sa croissance.<\/p>\n<p>* * * * *<\/p>\n<p>\u00c0 propos de Leclanch\u00e9<\/p>\n<p>Leclanch\u00e9 d\u00e9veloppe, manufacture et installe des solutions cl\u00e9 en main pour le stockage d&rsquo;\u00e9nergie. Son activit\u00e9 couvre les applications domestiques et les petites entreprises, les industries de grande taille, les r\u00e9seaux \u00e9lectriques, ainsi que pour l&rsquo;hybridation du transport grand public tel que les flottes de bus, de trams et de ferry. Fond\u00e9e en 1909, Leclanch\u00e9 SA est un partenaire fiable de solutions de stockage d&rsquo;\u00e9nergie sur batteries. Fort d&rsquo;une tradition remontant \u00e0 Georges Leclanch\u00e9, l&rsquo;inventeur de la pile s\u00e8che, l&rsquo;entreprise dispose d&rsquo;un large portefeuille de solutions de stockage d&rsquo;\u00e9nergie allant des batteries con\u00e7ues sur mesure, jusqu&rsquo;aux derni\u00e8res technologies lithium-ion \u00e0 l&rsquo;\u00e9chelle industrielles. Depuis 2006, s&rsquo;est impos\u00e9 comme le leader europ\u00e9en du d\u00e9veloppement et la production de cellules lithium-ion. Les solutions de stockage d&rsquo;\u00e9nergie cl\u00e9 en main de Leclanch\u00e9 sont optimis\u00e9es pour de multiples applications, notamment l&rsquo;int\u00e9gration des \u00e9nergies renouvelables, la r\u00e9duction de la consommation de diesel, les services auxiliaires connect\u00e9s au r\u00e9seau d&rsquo;\u00e9lectricit\u00e9, l&rsquo;\u00e9cr\u00eatage des pics de consommation pour les industries lourdes, mais aussi les transports industriels (routier, ferroviaire et maritime). Les solutions Leclanch\u00e9 se caract\u00e9risent par leur stabilit\u00e9 de cycle tr\u00e8s \u00e9lev\u00e9e (cellules avec anode en titanate ou en graphite) ainsi que leur grande long\u00e9vit\u00e9 &#8211; la plus longue sur le march\u00e9 industriel. Gr\u00e2ce \u00e0 sa technologie brevet\u00e9e de s\u00e9parateur, \u00e9l\u00e9ment essentiel des cellules lithium-ion, Leclanch\u00e9 produit en masse des cellules pr\u00e9sentant d&rsquo;excellentes caract\u00e9ristiques de s\u00e9curit\u00e9 dans le cadre d&rsquo;un processus de production enti\u00e8rement automatis\u00e9 en Allemagne. La capacit\u00e9 de production annuelle de cellules lithium-ion de grand format peut atteindre un million de cellules sur notre site de production enti\u00e8rement automatis\u00e9. Leclanch\u00e9 propose \u00e9galement plusieurs syst\u00e8mes de stockage sp\u00e9cialis\u00e9s, notamment des syst\u00e8mes sur mesure pour applications militaires ou m\u00e9dicales. La soci\u00e9t\u00e9 assure enfin la distribution de batteries primaires et secondaires, ainsi que des accessoires d&rsquo;autres fabricants.<\/p>\n<p>*SIX Swiss Exchange: ticker symbol LECN | ISIN CH 011 030 311 9 <a href=\"http:\/\/www.leclanche.com\">www.leclanche.com<\/a><\/p>\n<p>R\u00e9serves<\/p>\n<p>Ce communiqu\u00e9 de presse contient certaines expressions prospectives relatives \u00e0 l&rsquo;activit\u00e9 de Leclanch\u00e9, identifiables par des termes tels que : \u00abstrat\u00e9gique\u00bb, \u00abpropose\u00a0\u00bb, \u00abintroduire\u00a0\u00bb, \u00absera\u00a0\u00bb, \u00abplanifi\u00e9\u00a0\u00bb, \u00abattendu\u00a0\u00bb, \u00abengagement\u00a0\u00bb, \u00abattend\u00a0\u00bb, \u00abd\u00e9fini\u00a0\u00bb, \u00abpr\u00e9paration\u00a0\u00bb, \u00abplans\u00a0\u00bb, \u00abestime\u00a0\u00bb, \u00abvise\u00a0\u00bb, \u00abdevrait\u00a0\u00bb, \u00abpotentiel\u00a0\u00bb, \u00abattendu\u00a0\u00bb, \u00abestim\u00e9\u00a0\u00bb, \u00abproposition\u00a0\u00bb, ou expressions similaires, ou par des assertions, exprim\u00e9es ou implicites, concernant les pr\u00e9visions en mati\u00e8re de capacit\u00e9 de production de Leclanch\u00e9, les applications potentielles aux produits existants, ou relatives \u00e0 un chiffre d&rsquo;affaires futur potentiel issu de ce type de produits, ou \u00e0 de potentielles ventes ou b\u00e9n\u00e9fices futurs de Leclanch\u00e9 ou d&rsquo;une de ses business units.<\/p>\n<p>Ces affirmations ne sauraient \u00eatre consid\u00e9r\u00e9es comme absolument fiables. Elles refl\u00e8tent en effet la vision actuelle de Leclanch\u00e9 sur l&rsquo;avenir, et met en jeu des risques connus et inconnus, ainsi que d&rsquo;autres facteurs, qui peuvent entra\u00eener des r\u00e9sultats r\u00e9els effectivement diff\u00e9rents des r\u00e9sultats, performances ou r\u00e9alisations futurs, exprim\u00e9s ou sous-entendus par ces affirmations. Il n&rsquo;y a aucune garantie que les produits Leclanch\u00e9 procureront un quelconque niveau de chiffre d&rsquo;affaires. Pas plus qu&rsquo;il n&rsquo;y a de garantie que Leclanch\u00e9 ou l&rsquo;une de ses business units parviennent \u00e0 un r\u00e9sultat financier donn\u00e9.<\/p>\n<p>* * * * *<\/p>\n<p>Publication des r\u00e9sultats Leclanch\u00e9 SA a publi\u00e9 aujourd\u2019hui son rapport annuel qui est disponible en format pdf sur le site web de la soci\u00e9t\u00e9: www.leclanche.com\/investor-relations\/financial-reportspublications\/annual-reports Analyste et investisseur diffusion audio internet Apr\u00e8s l\u2019Assembl\u00e9e G\u00e9n\u00e9rale fix\u00e9e le mercredi 3 mai 2017, une diffusion audio internet sera accessible pour les analystes et les investisseurs le lundi 8 mai 2017 \u00e0 14h15 CET (13h15 GMT\/ 8h15 EST). Les analystes et les investisseurs qui souhaitent poser des questions durant la conf\u00e9rence sont invit\u00e9s \u00e0 s\u2019inscrire aupr\u00e8s de l\u2019\u00e9quipe relation investisseurs par email :<\/p>\n<p>investors@leclanche.com Contacts<\/p>\n<p>* * * * * *<\/p>\n<p>Europe et Monde Entier<\/p>\n<p>D\u00e9sir\u00e9e Maghoo<\/p>\n<p>T\u00e9l. : +44 (0) 7775 522740<\/p>\n<p>E-mail : <a href=\"mailto:dmaghoo@questorconsulting.com\">dmaghoo@questorconsulting.com<\/a><\/p>\n<p>Simon Barker<\/p>\n<p>T\u00e9l. : +44 (0)7866 314331<\/p>\n<p>E-mail : <a href=\"mailto:sbarker@questorconsulting.com\">sbarker@questorconsulting.com<\/a><\/p>\n<p>\u00c9tats-Unis et Canada : Rick Anderson<\/p>\n<p>T\u00e9l. : +1 (718) 986-1596<\/p>\n<p>Henry Feintuch<\/p>\n<p>T\u00e9l. : +1 (212) 808-4901<\/p>\n<p>E-mail : leclanche@feintuchpr.com<\/p>\n<p>Contacts actionnaires, analystes et investisseurs :<\/p>\n<p>E-mail : <a href=\"mailto:Investors@leclanche.com\">Investors@leclanche.com<\/a><\/p>\n<p>Contacts Investisseurs :<\/p>\n<p>Anil Srivastava \/ Hubert Angleys<\/p>\n<p>T\u00e9l. : +41 (0) 24 424 65 00<\/p>\n<p>E-mail : invest.leclanche@leclanche.com<\/p>\n","protected":false},"excerpt":{"rendered":"<p>Leclanch\u00e9 augmente son chiffre d\u2019affaires de 56% pour l\u2019ann\u00e9e 2016 et r\u00e9alise son plan de croissance<\/p>\n","protected":false},"author":2,"featured_media":0,"comment_status":"closed","ping_status":"open","sticky":false,"template":"","format":"standard","meta":{"footnotes":""},"categories":[45,108,46,97],"tags":[],"class_list":["post-10719","post","type-post","status-publish","format-standard","hentry","category-actualite","category-autres-communiques-de-presse","category-communiques-de-presse-fr","category-old-all-press-releases"],"yoast_head":"<!-- This site is optimized with the Yoast SEO plugin v26.4 - https:\/\/yoast.com\/wordpress\/plugins\/seo\/ -->\n<title>Leclanch\u00e9 augmente son chiffre d\u2019affaires de 56% pour l\u2019ann\u00e9e 2016 et r\u00e9alise son plan de croissance - Leclanch\u00e9<\/title>\n<meta name=\"description\" content=\"Leclanch\u00e9 augmente son chiffre d\u2019affaires de 56% pour l\u2019ann\u00e9e 2016 et r\u00e9alise son plan de croissance\" \/>\n<meta name=\"robots\" content=\"index, follow, max-snippet:-1, max-image-preview:large, max-video-preview:-1\" \/>\n<link rel=\"canonical\" href=\"https:\/\/www.leclanche.com\/fr\/leclanche-augmente-son-chiffre-daffaires-de-56-pour-lannee-2016-et-realise-son-plan-de-croissance\/\" \/>\n<meta property=\"og:locale\" content=\"fr_FR\" \/>\n<meta property=\"og:type\" content=\"article\" \/>\n<meta property=\"og:title\" content=\"Leclanch\u00e9 augmente son chiffre d\u2019affaires de 56% pour l\u2019ann\u00e9e 2016 et r\u00e9alise son plan de croissance - Leclanch\u00e9\" \/>\n<meta property=\"og:description\" content=\"Leclanch\u00e9 augmente son chiffre d\u2019affaires de 56% pour l\u2019ann\u00e9e 2016 et r\u00e9alise son plan de croissance\" \/>\n<meta property=\"og:url\" content=\"https:\/\/www.leclanche.com\/fr\/leclanche-augmente-son-chiffre-daffaires-de-56-pour-lannee-2016-et-realise-son-plan-de-croissance\/\" \/>\n<meta property=\"og:site_name\" content=\"Leclanch\u00e9\" \/>\n<meta property=\"article:published_time\" content=\"2017-04-03T22:00:00+00:00\" \/>\n<meta property=\"article:modified_time\" content=\"2021-12-08T13:51:44+00:00\" \/>\n<meta name=\"author\" content=\"Annick.Bid\" \/>\n<meta name=\"twitter:card\" content=\"summary_large_image\" \/>\n<meta name=\"twitter:label1\" content=\"\u00c9crit par\" \/>\n\t<meta name=\"twitter:data1\" content=\"Annick.Bid\" \/>\n\t<meta name=\"twitter:label2\" content=\"Dur\u00e9e de lecture estim\u00e9e\" \/>\n\t<meta name=\"twitter:data2\" content=\"10 minutes\" \/>\n<script type=\"application\/ld+json\" class=\"yoast-schema-graph\">{\"@context\":\"https:\/\/schema.org\",\"@graph\":[{\"@type\":\"WebPage\",\"@id\":\"https:\/\/www.leclanche.com\/fr\/leclanche-augmente-son-chiffre-daffaires-de-56-pour-lannee-2016-et-realise-son-plan-de-croissance\/\",\"url\":\"https:\/\/www.leclanche.com\/fr\/leclanche-augmente-son-chiffre-daffaires-de-56-pour-lannee-2016-et-realise-son-plan-de-croissance\/\",\"name\":\"Leclanch\u00e9 augmente son chiffre d\u2019affaires de 56% pour l\u2019ann\u00e9e 2016 et r\u00e9alise son plan de croissance - Leclanch\u00e9\",\"isPartOf\":{\"@id\":\"https:\/\/www.leclanche.com\/fr\/#website\"},\"datePublished\":\"2017-04-03T22:00:00+00:00\",\"dateModified\":\"2021-12-08T13:51:44+00:00\",\"author\":{\"@id\":\"https:\/\/www.leclanche.com\/fr\/#\/schema\/person\/7ef725388a3f2b409a32cfa92059aa64\"},\"description\":\"Leclanch\u00e9 augmente son chiffre d\u2019affaires de 56% pour l\u2019ann\u00e9e 2016 et r\u00e9alise son plan de croissance\",\"breadcrumb\":{\"@id\":\"https:\/\/www.leclanche.com\/fr\/leclanche-augmente-son-chiffre-daffaires-de-56-pour-lannee-2016-et-realise-son-plan-de-croissance\/#breadcrumb\"},\"inLanguage\":\"fr-FR\",\"potentialAction\":[{\"@type\":\"ReadAction\",\"target\":[\"https:\/\/www.leclanche.com\/fr\/leclanche-augmente-son-chiffre-daffaires-de-56-pour-lannee-2016-et-realise-son-plan-de-croissance\/\"]}]},{\"@type\":\"BreadcrumbList\",\"@id\":\"https:\/\/www.leclanche.com\/fr\/leclanche-augmente-son-chiffre-daffaires-de-56-pour-lannee-2016-et-realise-son-plan-de-croissance\/#breadcrumb\",\"itemListElement\":[{\"@type\":\"ListItem\",\"position\":1,\"name\":\"Accueil\",\"item\":\"https:\/\/www.leclanche.com\/fr\/\"},{\"@type\":\"ListItem\",\"position\":2,\"name\":\"Leclanch\u00e9 augmente son chiffre d\u2019affaires de 56% pour l\u2019ann\u00e9e 2016 et r\u00e9alise son plan de croissance\"}]},{\"@type\":\"WebSite\",\"@id\":\"https:\/\/www.leclanche.com\/fr\/#website\",\"url\":\"https:\/\/www.leclanche.com\/fr\/\",\"name\":\"Leclanch\u00e9\",\"description\":\"Energy Storage Solutions\",\"potentialAction\":[{\"@type\":\"SearchAction\",\"target\":{\"@type\":\"EntryPoint\",\"urlTemplate\":\"https:\/\/www.leclanche.com\/fr\/?s={search_term_string}\"},\"query-input\":{\"@type\":\"PropertyValueSpecification\",\"valueRequired\":true,\"valueName\":\"search_term_string\"}}],\"inLanguage\":\"fr-FR\"},{\"@type\":\"Person\",\"@id\":\"https:\/\/www.leclanche.com\/fr\/#\/schema\/person\/7ef725388a3f2b409a32cfa92059aa64\",\"name\":\"Annick.Bid\",\"image\":{\"@type\":\"ImageObject\",\"inLanguage\":\"fr-FR\",\"@id\":\"https:\/\/www.leclanche.com\/fr\/#\/schema\/person\/image\/\",\"url\":\"https:\/\/secure.gravatar.com\/avatar\/0fe6baaabc318280db3d0e10c43b8017aa89b961c16e819765bd4fb65396af34?s=96&d=mm&r=g\",\"contentUrl\":\"https:\/\/secure.gravatar.com\/avatar\/0fe6baaabc318280db3d0e10c43b8017aa89b961c16e819765bd4fb65396af34?s=96&d=mm&r=g\",\"caption\":\"Annick.Bid\"},\"url\":\"https:\/\/www.leclanche.com\/fr\/author\/annick-bid\/\"}]}<\/script>\n<!-- \/ Yoast SEO plugin. -->","yoast_head_json":{"title":"Leclanch\u00e9 augmente son chiffre d\u2019affaires de 56% pour l\u2019ann\u00e9e 2016 et r\u00e9alise son plan de croissance - Leclanch\u00e9","description":"Leclanch\u00e9 augmente son chiffre d\u2019affaires de 56% pour l\u2019ann\u00e9e 2016 et r\u00e9alise son plan de croissance","robots":{"index":"index","follow":"follow","max-snippet":"max-snippet:-1","max-image-preview":"max-image-preview:large","max-video-preview":"max-video-preview:-1"},"canonical":"https:\/\/www.leclanche.com\/fr\/leclanche-augmente-son-chiffre-daffaires-de-56-pour-lannee-2016-et-realise-son-plan-de-croissance\/","og_locale":"fr_FR","og_type":"article","og_title":"Leclanch\u00e9 augmente son chiffre d\u2019affaires de 56% pour l\u2019ann\u00e9e 2016 et r\u00e9alise son plan de croissance - Leclanch\u00e9","og_description":"Leclanch\u00e9 augmente son chiffre d\u2019affaires de 56% pour l\u2019ann\u00e9e 2016 et r\u00e9alise son plan de croissance","og_url":"https:\/\/www.leclanche.com\/fr\/leclanche-augmente-son-chiffre-daffaires-de-56-pour-lannee-2016-et-realise-son-plan-de-croissance\/","og_site_name":"Leclanch\u00e9","article_published_time":"2017-04-03T22:00:00+00:00","article_modified_time":"2021-12-08T13:51:44+00:00","author":"Annick.Bid","twitter_card":"summary_large_image","twitter_misc":{"\u00c9crit par":"Annick.Bid","Dur\u00e9e de lecture estim\u00e9e":"10 minutes"},"schema":{"@context":"https:\/\/schema.org","@graph":[{"@type":"WebPage","@id":"https:\/\/www.leclanche.com\/fr\/leclanche-augmente-son-chiffre-daffaires-de-56-pour-lannee-2016-et-realise-son-plan-de-croissance\/","url":"https:\/\/www.leclanche.com\/fr\/leclanche-augmente-son-chiffre-daffaires-de-56-pour-lannee-2016-et-realise-son-plan-de-croissance\/","name":"Leclanch\u00e9 augmente son chiffre d\u2019affaires de 56% pour l\u2019ann\u00e9e 2016 et r\u00e9alise son plan de croissance - Leclanch\u00e9","isPartOf":{"@id":"https:\/\/www.leclanche.com\/fr\/#website"},"datePublished":"2017-04-03T22:00:00+00:00","dateModified":"2021-12-08T13:51:44+00:00","author":{"@id":"https:\/\/www.leclanche.com\/fr\/#\/schema\/person\/7ef725388a3f2b409a32cfa92059aa64"},"description":"Leclanch\u00e9 augmente son chiffre d\u2019affaires de 56% pour l\u2019ann\u00e9e 2016 et r\u00e9alise son plan de croissance","breadcrumb":{"@id":"https:\/\/www.leclanche.com\/fr\/leclanche-augmente-son-chiffre-daffaires-de-56-pour-lannee-2016-et-realise-son-plan-de-croissance\/#breadcrumb"},"inLanguage":"fr-FR","potentialAction":[{"@type":"ReadAction","target":["https:\/\/www.leclanche.com\/fr\/leclanche-augmente-son-chiffre-daffaires-de-56-pour-lannee-2016-et-realise-son-plan-de-croissance\/"]}]},{"@type":"BreadcrumbList","@id":"https:\/\/www.leclanche.com\/fr\/leclanche-augmente-son-chiffre-daffaires-de-56-pour-lannee-2016-et-realise-son-plan-de-croissance\/#breadcrumb","itemListElement":[{"@type":"ListItem","position":1,"name":"Accueil","item":"https:\/\/www.leclanche.com\/fr\/"},{"@type":"ListItem","position":2,"name":"Leclanch\u00e9 augmente son chiffre d\u2019affaires de 56% pour l\u2019ann\u00e9e 2016 et r\u00e9alise son plan de croissance"}]},{"@type":"WebSite","@id":"https:\/\/www.leclanche.com\/fr\/#website","url":"https:\/\/www.leclanche.com\/fr\/","name":"Leclanch\u00e9","description":"Energy Storage Solutions","potentialAction":[{"@type":"SearchAction","target":{"@type":"EntryPoint","urlTemplate":"https:\/\/www.leclanche.com\/fr\/?s={search_term_string}"},"query-input":{"@type":"PropertyValueSpecification","valueRequired":true,"valueName":"search_term_string"}}],"inLanguage":"fr-FR"},{"@type":"Person","@id":"https:\/\/www.leclanche.com\/fr\/#\/schema\/person\/7ef725388a3f2b409a32cfa92059aa64","name":"Annick.Bid","image":{"@type":"ImageObject","inLanguage":"fr-FR","@id":"https:\/\/www.leclanche.com\/fr\/#\/schema\/person\/image\/","url":"https:\/\/secure.gravatar.com\/avatar\/0fe6baaabc318280db3d0e10c43b8017aa89b961c16e819765bd4fb65396af34?s=96&d=mm&r=g","contentUrl":"https:\/\/secure.gravatar.com\/avatar\/0fe6baaabc318280db3d0e10c43b8017aa89b961c16e819765bd4fb65396af34?s=96&d=mm&r=g","caption":"Annick.Bid"},"url":"https:\/\/www.leclanche.com\/fr\/author\/annick-bid\/"}]}},"_links":{"self":[{"href":"https:\/\/www.leclanche.com\/fr\/wp-json\/wp\/v2\/posts\/10719","targetHints":{"allow":["GET"]}}],"collection":[{"href":"https:\/\/www.leclanche.com\/fr\/wp-json\/wp\/v2\/posts"}],"about":[{"href":"https:\/\/www.leclanche.com\/fr\/wp-json\/wp\/v2\/types\/post"}],"author":[{"embeddable":true,"href":"https:\/\/www.leclanche.com\/fr\/wp-json\/wp\/v2\/users\/2"}],"replies":[{"embeddable":true,"href":"https:\/\/www.leclanche.com\/fr\/wp-json\/wp\/v2\/comments?post=10719"}],"version-history":[{"count":1,"href":"https:\/\/www.leclanche.com\/fr\/wp-json\/wp\/v2\/posts\/10719\/revisions"}],"predecessor-version":[{"id":11067,"href":"https:\/\/www.leclanche.com\/fr\/wp-json\/wp\/v2\/posts\/10719\/revisions\/11067"}],"wp:attachment":[{"href":"https:\/\/www.leclanche.com\/fr\/wp-json\/wp\/v2\/media?parent=10719"}],"wp:term":[{"taxonomy":"category","embeddable":true,"href":"https:\/\/www.leclanche.com\/fr\/wp-json\/wp\/v2\/categories?post=10719"},{"taxonomy":"post_tag","embeddable":true,"href":"https:\/\/www.leclanche.com\/fr\/wp-json\/wp\/v2\/tags?post=10719"}],"curies":[{"name":"wp","href":"https:\/\/api.w.org\/{rel}","templated":true}]}}