{"id":10771,"date":"2016-04-13T00:00:00","date_gmt":"2016-04-12T22:00:00","guid":{"rendered":"https:\/\/www.leclanche.com\/leclanche-annonce-ses-resultats-financiers-2015-et-souligne-les-progres-accomplis-dans-son-plan-de-croissance\/"},"modified":"2016-04-13T00:00:00","modified_gmt":"2016-04-12T22:00:00","slug":"leclanche-annonce-ses-resultats-financiers-2015-et-souligne-les-progres-accomplis-dans-son-plan-de-croissance","status":"publish","type":"post","link":"https:\/\/www.leclanche.com\/fr\/leclanche-annonce-ses-resultats-financiers-2015-et-souligne-les-progres-accomplis-dans-son-plan-de-croissance\/","title":{"rendered":"Leclanch\u00e9 annonce ses r\u00e9sultats financiers 2015 et souligne les progr\u00e8s accomplis dans son plan de croissance"},"content":{"rendered":"<ul>\n<li>Objectifs annonc\u00e9s atteints<\/li>\n<li>Augmentation du chiffre d\u2019affaires de 69%<\/li>\n<li>Perte d\u2019exploitation en 2015 pratiquement stable par rapport \u00e0 2014 avec une r\u00e9duction de 9%.<\/li>\n<li>Les Investissements de CHF 10 millions pour la croissance repr\u00e9sentent pr\u00e8s de 40% de la perte d\u2019exploitation<\/li>\n<li>Augmentation du volume du carnet de commandes de plus de 100% par rapport \u00e0 l\u2019ann\u00e9e pr\u00e9c\u00e9dente<\/li>\n<li>Le projet Graciosa pleinement op\u00e9rationnel d\u2019ici l\u2019\u00e9t\u00e9 2016<\/li>\n<li>Leclanch\u00e9 remporte un contrat pour fournir le syst\u00e8me de stockage du plus grand ferry \u00e9lectrique au monde<\/li>\n<li>Leclanch\u00e9 va fournir l\u2019un des plus grands syst\u00e8mes stationnaires de stockage d\u2019\u00e9nergie au monde \u201c Ontario Canada. Contrat cl\u00e9 en mains de 45 millions US$ pour fournir, installer et exploiter un syst\u00e8me de 53MWh<\/li>\n<li>Augmentation majeure de capital pr\u00e9vue en 2016 pour soutenir les projets de croissance<\/li>\n<li>Rapport annuel 2015 publi\u00e9 aujourd\u2019hui<\/li>\n<\/ul>\n<p>&nbsp;<\/p>\n<p>Yverdon-les-Bains, Suisse, 13 avril 2016. Leclanch\u00e9 SA (SIX Swiss Exchange : LECN), entreprise, fournisseur de solutions de stockage d\u2019\u00e9nergie enti\u00e8rement int\u00e9gr\u00e9es verticalement, publie aujourd\u2019hui ses r\u00e9sultats annuels pour l\u2019exercice clos au 31 d\u00e9cembre 2015. Le chiffre d\u2019affaires consolid\u00e9 s\u2019\u00e9tablit \u00e0 CHF 18,2 millions, soit une augmentation de 68,5 % par rapport \u00e0 l\u2019ann\u00e9e pr\u00e9c\u00e9dente. La perte EBITDA pour l\u2019ann\u00e9e se monte \u00e0 (26,0) millions CHF, contre (16,92) millions CHF en 2014.<\/p>\n<p>&nbsp;<\/p>\n<p>Anil Srivastava, Leclanch\u00e9 CEO, commente, \u201cNous sommes heureux d\u2019annoncer que la soci\u00e9t\u00e9 a atteint ses objectifs financiers communiqu\u00e9s au march\u00e9 pour 2015. Nous avons atteint le seuil de rentabilit\u00e9 au cours du mois de d\u00e9cembre, \u00e0 l\u2019exclusion de tous les \u00e9l\u00e9ments financiers exceptionnels et de tous les ajustements de fin d\u2019exercice. C\u2019\u00e9tait un mois de reprise pour Leclanch\u00e9 marqu\u00e9 par les revenus obtenus dans le cadre du projet Graciosa.<\/p>\n<p>&nbsp;<\/p>\n<p>\u201cNotre progression en 2015 est le r\u00e9sultat d\u2019un ensemble de d\u00e9cisions et d\u2019investissements strat\u00e9giques r\u00e9alis\u00e9s au cours de l\u2019ann\u00e9e, incluant des efforts sans rel\u00e2che pour r\u00e9duire les co\u00fbts. Nous sommes all\u00e9s au-del\u00e0 des \u00e9tapes-cl\u00e9s op\u00e9rationnelles fix\u00e9s dans le plan de croissance de 2014, \u00e0 savoir :<\/p>\n<ul>\n<li>Stabilisation du bilan et des op\u00e9rations \u00e0 travers un investissement de croissance de CHF 31 millions octroy\u00e9 par Recharge A\/S, y compris CHF 10 millions pour soutenir les investissements de croissance.<\/li>\n<li>Repositionnement avec succ\u00e8s de Leclanch\u00e9 sur le march\u00e9 en tant que fournisseur de solutions de stockage d\u2019\u00e9nergie verticalement int\u00e9gr\u00e9.<\/li>\n<li>Installation de l\u2019un des plus grands projets de micro-r\u00e9seau au monde situ\u00e9 sur l\u2019\u00eele de Graciosa dans les A\u00e7ores (Portugal)<\/li>\n<li>Leclanch\u00e9 s\u00e9lectionn\u00e9 pour fournir le syst\u00e8me de batteries pour le plus grand ferry \u00e9lectrique au monde.<\/li>\n<li>Installation d\u2019un pack de batteries innovant pour des lampadaires \u00e9lectriques solaires en Arabie Saoudite dans le cadre d\u2019un partenariat strat\u00e9gique avec Scotia A\/S.<\/li>\n<li>Mise en service r\u00e9ussie des bus 100% \u00e9lectriques de Bruges en Belgique.<\/li>\n<li>Succ\u00e8s de Leclanch\u00e9 devant ses plus grands concurrents mondiaux pour fournir l\u2019un des plus grands syst\u00e8mes de stockage stationnaire au monde en Ontario, Canada.<\/li>\n<\/ul>\n<p>&nbsp;<\/p>\n<p>\u201cToutes ces commandes remport\u00e9es et les investissements r\u00e9alis\u00e9s valident nettement le plan de croissance de la soci\u00e9t\u00e9. Ils confirment que nous avons r\u00e9ussi \u00e0 positionner Leclanch\u00e9 en tant que fournisseur de batteries et de solutions de stockage d\u2019\u00e9nergie int\u00e9gr\u00e9. Gr\u00e2ce \u00e0 sa gamme de produits et de solutions \u00e0 la fois \u00e0 haute-capacit\u00e9 de puissance et \u00e0 haute-capacit\u00e9 d\u2019\u00e9nergie, Leclanch\u00e9 est en mesure aujourd\u2019hui de r\u00e9pondre \u00e0 un march\u00e9 plus large<\/p>\n<p>\u201cNous sommes convaincus que le secteur du stockage d\u2019\u00e9nergie a atteint un tournant d\u00e9cisif. La question n\u2019est plus de savoir quand, mais \u00e0 quelle vitesse le march\u00e9 \u00e9volue. Tous les indicateurs nous le confirment.\u201d<\/p>\n<p>&nbsp;<\/p>\n<p>Selon les pr\u00e9visions de Navigant Research, le march\u00e9 du lithium-ion pour les segments consacr\u00e9s aux applications stationnaires et mobiles de dimensions industrielles et sur lesquels Leclanch\u00e9 propose ses solutions, va croitre de 37% par an pour atteindre 75,5GWh en 2020. Ces march\u00e9s incluent le stockage d\u2019\u00e9nergie r\u00e9sidentiel, le stockage pour les b\u00e2timents commerciaux et industriels, les micro-r\u00e9seaux, les centrales \u00e9lectriques, les bus, les ferrys et les v\u00e9hicules de manutention. Selon la m\u00eame \u00e9tude, le march\u00e9 des syst\u00e8mes de stockage d\u2019\u00e9nergie est amen\u00e9 \u00e0 croitre de 48% soit un volume de 4,2GWh par an, celui du march\u00e9 du stockage d\u2019\u00e9nergie mobile de 37%, soit un volume de 6 GWh. On pr\u00e9voit une croissance de 48% pour les syst\u00e8mes de stockage de batteries sp\u00e9ciaux pour les march\u00e9s commerciaux et industriels, soit un volume annuel de 11,3GWh.<\/p>\n<p>&nbsp;<\/p>\n<p>Financements et chiffres-cl\u00e9 du bilan<\/p>\n<p>Sur le plan des financements, 2015 a \u00e9t\u00e9 une ann\u00e9e de stabilisation pour Leclanch\u00e9. A la fin de son exercice, au 31 d\u00e9cembre 2015, Leclanch\u00e9 avait enti\u00e8rement utilis\u00e9 sa facilit\u00e9 de pr\u00eat A d\u2019un montant de CHF 13 millions, la facilit\u00e9 de pr\u00eat B d\u2019un montant de CHF 8 millions ainsi que l\u2019extension de facilit\u00e9 de CHF 2,7 millions dans le cadre du pr\u00eat convertible octroy\u00e9 par Recharge A\/S pour un montant total de CHF 23,7 millions.<\/p>\n<p>En juillet 2015, Recharge a d\u00e9cid\u00e9 de convertir CHF 16,8 millions en actions Leclanch\u00e9, r\u00e9duisant ainsi de mani\u00e8re substantielle la dette de la soci\u00e9t\u00e9. Recharge a par ailleurs accord\u00e9 un financement additionnel de CHF 5 millions destin\u00e9 \u00e0 soutenir la croissance de Leclanch\u00e9 et rattach\u00e9 \u00e0 la facilit\u00e9 de pr\u00eat B, tout en reculant la date d\u2019exigibilit\u00e9 de juin 2016 \u00e0 juin 2017. De ce fait, le montant total des financements octroy\u00e9s par Recharge s\u2019\u00e9l\u00e8ve \u00e0 CHF 31 millions (CHF 5 millions correspondant au rachat du pr\u00eat convertible de Oak Ridge, CHF 13 millions \u00e0 la facilit\u00e9 de pr\u00eat A et CHF 13 millions \u00e0 la facilit\u00e9 de pr\u00eat B), dont 21,8 millions ont d\u2019ores et d\u00e9j\u00e0 \u00e9t\u00e9 converti en actions.<\/p>\n<p>&nbsp;<\/p>\n<p>En d\u00e9cembre 2015, la soci\u00e9t\u00e9 a lev\u00e9 CHF 6,9 millions pour investir dans le d\u00e9veloppement et le d\u00e9ploiement de projets de grande envergure. Leclanch\u00e9 a obtenu un solide appui de la plupart de ses principaux actionnaires ainsi que d&rsquo;un nouvel investisseur significatif, ACE &amp; Company. Fond\u00e9e en 2005, ACE &amp; Company est un groupe de private equity bas\u00e9 \u00e0 Gen\u00e8ve, en Suisse. Le groupe dispose de cinq bureaux dans le monde et investis \u00e0 tous les niveaux dans des activit\u00e9s de business angel ou des acquisitions buy-out, incluant le capital de croissance et les situations particuli\u00e8res.<\/p>\n<p>&nbsp;<\/p>\n<p>\u00abNous sommes particuli\u00e8rement heureux de souhaiter la bienvenue \u00e0 notre nouvel investisseur ACE &amp; Company et \u00e0 son Pr\u00e9sident et fondateur, Adam Said, nous les remercions d\u2019appuyer notre vision de l&rsquo;avenir de l\u2019entreprise \u00bb, a d\u00e9clar\u00e9 Anil Srivastava. \u00ab\u00a0Cela a \u00e9t\u00e9 une p\u00e9riode tr\u00e8s fructueuse pour la soci\u00e9t\u00e9, au cours de laquelle nous avons r\u00e9alis\u00e9 des progr\u00e8s significatifs en d\u00e9pit de nombreux d\u00e9fis. Nous tenons \u00e9galement \u00e0 exprimer nos remerciements pour la participation active des repr\u00e9sentants de Recharge, Scott Macaw et Robert Robertsson en tant que membres du Conseil, et pour le soutien financier important qui a permis \u00e0 la Soci\u00e9t\u00e9 d\u2019acc\u00e9l\u00e9rer sa croissance. \u00bb<\/p>\n<p>&nbsp;<\/p>\n<p>D\u00e9veloppements et temps forts de l\u2019ann\u00e9e 2015<\/p>\n<p>Younicos\/Projet Graciosa Project<\/p>\n<p>En avril 2015 Leclanch\u00e9 a annonc\u00e9 son partenariat avec Younicos pour livrer la premi\u00e8re solution de stockage d\u2019\u00e9nergie de grande dimension au monde pour un micro-r\u00e9seau aliment\u00e9 majoritairement par des \u00e9nergies renouvelables. La solution de stockage, install\u00e9e sur l\u2019ile de Graciosa, dans les A\u00e7ores portugaises est coupl\u00e9e \u00e0 un parc \u00e9olien et un parc photovolta\u00efque, ainsi qu\u2019\u00e0 une centrale \u00e9lectrique au diesel. Le parc d\u2019\u00e9nergies renouvelables de Graciosa, va faire grimper de 15 \u00e0 65% la part des \u00e9nergies renouvelables dans la production annuelle d\u2019\u00e9lectricit\u00e9 pour les 4.500 habitants de l\u2019\u00eele et va permettre de r\u00e9duire d\u2019autant la d\u00e9pendance vis -\u00e0-vis des importations de p\u00e9trole.<\/p>\n<p>En mai 2015, la soci\u00e9t\u00e9 a re\u00e7u une commande de 8,5 millions d\u2019euros pour la fourniture cl\u00e9s en main et la mise en service du parc de batteries (BPP). Environ 4 millions d\u2019euros concernent la solution de stockage de batteries de 3,2 MW (BESS), dont la livraison est pr\u00e9vue au cours du second semestre 2015 et 4,5 millions d\u2019euros concernent l\u2019ing\u00e9nierie, les \u00e9quipements et la construction pour le parc de batteries.<\/p>\n<p>En outre, une filiale de Recharge a r\u00e9alis\u00e9 un apport de 3,5 millions d\u2019euros pour le financement de la dette convertible de la soci\u00e9t\u00e9 d&rsquo;exploitation du projet, Graciolica, une filiale enti\u00e8rement d\u00e9tenue par Younicos, pour permettre la r\u00e9alisation de ce projet d&rsquo;ici la fin de 2015. En outre, Recharge a augment\u00e9 son volume d&rsquo;investissement en r\u00e9alisant un apport de 7,9 millions d\u2019euros pour acc\u00e9l\u00e9rer le d\u00e9ploiement du projet.<\/p>\n<p>Ontario, Canada, projet de services auxiliaires de r\u00e9seau<\/p>\n<p>En janvier 2016, la soci\u00e9t\u00e9 a annonc\u00e9 avoir remport\u00e9 un appel d\u2019offre pour l&rsquo;un des plus grands syst\u00e8mes de stockage stationnaire au monde, dans l\u2019Ontario au Canada. Leclanch\u00e9 a \u00e9t\u00e9 s\u00e9lectionn\u00e9 comme sous-traitant cl\u00e9 en mains pour fournir, installer et g\u00e9rer un ensemble de syst\u00e8mes de stockage d&rsquo;\u00e9nergie de 13 MW \/ 53 MWh r\u00e9partis sur six sites incluant six accords de services auxiliaire avec l\u2019\u00e9nerg\u00e9ticien ind\u00e9pendant Ontario\u2019s Independent Electricity System Operator (IESO). Leclanch\u00e9 fournira les solutions compl\u00e8tes de stockage et de conversion d\u2019\u00e9nergie \u00e0 hauteur de 13 MW \/ 53 Mth et son partenaire Deltro sera en charge de la r\u00e9alisation des \u00e9quipements auxiliaires \u00e9lectriques et m\u00e9caniques (Balance-of-Plant).<\/p>\n<p>Le projet de l&rsquo;Ontario est dix-huit fois plus grand que le projet Graciosa. Il repr\u00e9sente un volume total pour Leclanch\u00e9 et Deltro de 45 millions de dollars US dans la premi\u00e8re phase. Au cours de l\u2019ann\u00e9e 2018, le projet \u00e9voluera de mani\u00e8re significative vers une capacit\u00e9 de puissance de 120MW \u00e0 travers une nouvelle commande de 35 millions de dollars US pour Leclanch\u00e9. Ce projet utilisera des cellules \u00e0 haute-capacit\u00e9 d\u2019\u00e9nergie au graphite\/NMC\u2013 cette seconde technologie de cellules a \u00e9t\u00e9 introduite par Leclanch\u00e9 au cours de l\u2019ann\u00e9e. Ce type de prestations est maintenant demand\u00e9 pour stabiliser le r\u00e9seau pour faire face \u00e0 l\u2019augmentation de la part des \u00e9nergies renouvelables dans la production totale d\u2019\u00e9lectricit\u00e9. Ce march\u00e9 est en croissance rapide, et seuls les pr\u00e9curseurs auront acc\u00e8s aux march\u00e9s \u00e0 l\u2019\u00e9chelle du gigawatt-heure dans les ann\u00e9es \u00e0 venir. Projet photovolta\u00efque commun En septembre 2014, Leclanch\u00e9 a annonc\u00e9 le lancement d\u2019un projet phare en partenariat avec l\u2019Ecole Polytechnique F\u00e9d\u00e9rale \u00e0 Lausanne (\u00abEPFL, institut technologique suisse\u00bb) et \u00ab Romande Energie \u00a0\u00bb (qui g\u00e8re l&rsquo;une des plus grande centrale \u00e9lectrique solaire sur toit en Suisse romande), avec le soutien financier du canton de Vaud afin d\u2019\u00e9tudier des solutions innovantes pour stocker l&rsquo;\u00e9nergie solaire et la distribuer de fa\u00e7on optimale lors des pics de consommation. Nous sommes heureux d&rsquo;annoncer l\u2019installation et la mise en service de ce syst\u00e8me sur le site de l\u2019EPFL en octobre 2015. Ce syst\u00e8me comprend un parc de batteries de 512kWh \u00e0 haute capacit\u00e9 de stockage et avec une longue dur\u00e9e de vie et inclut environ 8000 cellules au lithium titanate, les syst\u00e8mes \u00e9lectriques et m\u00e9caniques et les logiciels connexes abrit\u00e9s dans un conteneur de 40 pieds.<\/p>\n<p>&nbsp;<\/p>\n<p>Ce projet est une r\u00e9f\u00e9rence importante pour la soci\u00e9t\u00e9 et sa phase pilote a d\u00e9j\u00e0 permis \u00e0 Leclanch\u00e9 d\u2019obtenir des commandes pour des projets de stockage \u00e0 l\u2019\u00e9chelle du m\u00e9gawatt.<\/p>\n<p>&nbsp;<\/p>\n<p>Alliance avec Visedo Oy<\/p>\n<p>En mai 2015, la soci\u00e9t\u00e9 a annonc\u00e9 une alliance strat\u00e9gique avec Visedo Oy (\u00abVisedo\u201d), bas\u00e9e en Finlande, pour produire une solution int\u00e9gr\u00e9e pour les syst\u00e8mes de batterie et de contr\u00f4le de traction et mettre en place le premier syst\u00e8me de transmission plug- and-play complet adapt\u00e9 \u00e0 des bus 100% \u00e9lectriques ou autres v\u00e9hicules \u00e9lectriques. La solution de Leclanch\u00e9 et Visedo repr\u00e9sente une v\u00e9ritable perc\u00e9e pour l&rsquo;industrie. Des tests men\u00e9s en temps r\u00e9el prouvent que la solution est 20% plus efficace que les solutions de ses concurrents actuellement disponibles sur le march\u00e9.<\/p>\n<p>Le premier projet commun issu de l&rsquo;alliance avec Visedo est le r\u00e9sultat d\u2019un appel d\u2019offre remport\u00e9 conjointement et annonc\u00e9 en juin de cette ann\u00e9e. Leclanch\u00e9 fournira le syst\u00e8me de batteries en partenariat avec la compagnie Visedo, un groupe motopropulseur enti\u00e8rement \u00e9lectrique comprenant une batterie de 4,2 MW et un syst\u00e8me de transmission \u00e9lectrique pour le plus grand ferry \u00e9lectrique du monde. Le ferry sera mis en service en juin 2017 et assurera le transport de v\u00e9hicules et de voyageurs entre l\u2019\u00eele d\u2019\u00c6r\u00f8 et le Danemark continental. Ce projet, class\u00e9 parmi les cinq principaux du programme de l\u2019Union europ\u00e9enne pour la recherche et l\u2019innovation Horizon 2020, s\u2019inscrit dans le projet danois Natura, qui garantit l\u2019acc\u00e8s \u00e0 des moyens de transport \u00e9cologiques aux populations locales.<\/p>\n<p>&nbsp;<\/p>\n<p>Ses \u00e9missions de CO2 seront r\u00e9duites de 2000 tonnes et celles de NOx, de 41,5 tonnes par an. Ses moteurs \u00e9lectriques seront \u00e9galement tr\u00e8s silencieux et le vaisseau produira 60 \u00e0 70% de vagues de sillage en moins. 5 Avec une puissance de charge record pouvant atteindre 4 MW, le syst\u00e8me de batteries fourni par Leclanch\u00e9 permettra au ferry de limiter ses immobilisations \u00e0 quai et fonctionner de mani\u00e8re tr\u00e8s efficiente. La livraison du syst\u00e8me est pr\u00e9vue courant 2016.<\/p>\n<p>Acquisition de Trineuron<\/p>\n<p>En juillet, Leclanch\u00e9 a annonc\u00e9 l&rsquo;acquisition de Trineuron, une unit\u00e9 de la soci\u00e9t\u00e9 belge Emrol. Les produits de Trineuron et sa pr\u00e9sence sur le march\u00e9 sont tr\u00e8s compl\u00e9mentaires de ceux de Leclanch\u00e9, notamment concernant le contr\u00f4leur d&rsquo;applications multifonctions et sa plateforme de services de cloud computing. Gr\u00e2ce \u00e0 un carnet de commandes bien fourni, notamment dans le secteur des v\u00e9hicules guid\u00e9s automatis\u00e9s (AGV), Trineuron contribuera \u00e9galement \u00e0 \u00e9toffer le portefeuille clients de la soci\u00e9t\u00e9. Cette acquisition sous forme de cessions de parts pr\u00e9servera les fonds de Leclanch\u00e9 en vue de futurs investissements de croissance.<\/p>\n<p>\u201cNous sommes heureux d\u2019accueillir Stefan Louis, Directeur de Trineuron, au Comit\u00e9 Ex\u00e9cutif de Leclanch\u00e9 en qualit\u00e9 de Directeur de la Strat\u00e9gie et Vice-Pr\u00e9sident Recherche &amp; D\u00e9veloppement de Syst\u00e8mes. Avec cette acquisition, Leclanch\u00e9 se dote d\u2019une \u00e9quipe d&rsquo;ing\u00e9nieurs exp\u00e9riment\u00e9s, et permet le transfert de technologie et de savoir-faire en mati\u00e8re de droits de conception et de propri\u00e9t\u00e9 intellectuelle pour les syst\u00e8mes de gestion de batteries et de de modules\u00a0\u00bb, a d\u00e9clar\u00e9 Anil Srivastava<\/p>\n<p>ADS-TEC &#8211; droits de conception et de propri\u00e9t\u00e9 intellectuelle<\/p>\n<p>En ao\u00fbt 2015, la soci\u00e9t\u00e9 a annonc\u00e9 l\u2019acquisition des droits de conception et de propri\u00e9t\u00e9 intellectuelle pour le logiciel de gestion de batteries et de de modules (BMS) d ADS-TEC. Anil Srivastava a d\u00e9clar\u00e9: \u00ab Avec ces acquisitions, notre entreprise entre d\u00e9sormais dans le cercle tr\u00e8s ferm\u00e9 des acteurs du stockage de l\u2019\u00e9nergie disposant de capacit\u00e9s compl\u00e8tes d\u2019int\u00e9gration verticale, depuis la production de cellules jusqu\u2019\u00e0 la fourniture de syst\u00e8mes complets. \u00bb Les autres avantages li\u00e9s \u00e0 cette acquisition :<\/p>\n<ul>\n<li>Suivi plus rapide et meilleur contr\u00f4le de toute la cha\u00eene de valeur, permettant un renforcement consid\u00e9rable du positionnement concurrentiel et des marges gr\u00e2ce \u00e0 une offre de solutions enti\u00e8rement r\u00e9alis\u00e9es en interne.<\/li>\n<li>Acquisition sous la forme de cessions de 1 million de parts de Leclanch\u00e9 (permettant de pr\u00e9server les fonds de Leclanch\u00e9 pour d&rsquo;autres op\u00e9rations de croissance et de renforcer le bilan de la soci\u00e9t\u00e9) et 2 millions \u20ac en num\u00e9raire.<\/li>\n<li>Renforcement additionnel de la marge gr\u00e2ce \u00e0 la mise en place d\u2019une chaine de montage en Suisse, une fois le transfert de savoir-faire r\u00e9alis\u00e9 en interne. La continuit\u00e9 de livraison est assur\u00e9e gr\u00e2ce \u00e0 un accord de coop\u00e9ration de deux ans permettant le transfert de technologie sur une p\u00e9riode-cl\u00e9 au cours de laquelle de nombreux projets pourront \u00eatre remport\u00e9s.<\/li>\n<\/ul>\n<p>Contrat de bus \u00e9lectriques<\/p>\n<p>En octobre 2015, les trois premiers bus enti\u00e8rement \u00e9lectriques ont \u00e9t\u00e9 mis en service par un consortium compos\u00e9 de Van Hool, Bombardier et Leclanch\u00e9. Gr\u00e2ce \u00e0 leur capacit\u00e9 de charge rapide, les bus ont une autonomie virtuelle illimit\u00e9e leur permettant d&rsquo;\u00eatre utilis\u00e9s en continu dans le r\u00e9seau de transport de la ville. Leclanch\u00e9 a con\u00e7u et optimis\u00e9 les syst\u00e8mes de batterie et chargeur pour le parcours pr\u00e9vu et simuler leur esp\u00e9rance de vie, \u00e0 l&rsquo;appui de la garantie 6 prolong\u00e9e. La batterie a \u00e9t\u00e9 con\u00e7ue pour \u00eatre l\u00e9g\u00e8re et compacte de mani\u00e8re \u00e0 ne pas impacter n\u00e9gativement les performances de la conduite et la consommation.<\/p>\n<p>Tous les composants du syst\u00e8me, la cha\u00eene de transmission Siemens, les batteries et les chargeurs \u00e0 conductivit\u00e9 de Leclanch\u00e9 et les chargeurs \u00e0 induction de Bombardier ont \u00e9t\u00e9 efficacement int\u00e9gr\u00e9s gr\u00e2ce aux efforts de nos ing\u00e9nieurs. La flotte de bus transporte maintenant silencieusement des passagers &#8211; principalement des touristes &#8211; \u00e0 travers la belle ville de Bruges. En parall\u00e8le, Leclanch\u00e9 analyse attentivement les donn\u00e9es de performance transmises \u00e0 notre service cloud de gestion \u00e0 distance, assurant ainsi le bon fonctionnement et une longue dur\u00e9e de vie qui correspondent aux attentes du client.<\/p>\n<p>&nbsp;<\/p>\n<p>Progr\u00e8s commerciaux<\/p>\n<p>Outre les commandes majeures \u00e9voqu\u00e9es ci-dessus, toutes les unit\u00e9s d&rsquo;affaires ont remport\u00e9 des projets de r\u00e9f\u00e9rence. Au mois de juin 2015, lors du Salon Intersolar \u00e0 Munich, Leclanch\u00e9 a annonc\u00e9 l\u2019arriv\u00e9e d\u2019une gamme compl\u00e8te de batteries pour le r\u00e9sidentiel, les bureaux et les syst\u00e8mes de stockage. Des progr\u00e8s substantiels ont \u00e9t\u00e9 r\u00e9alis\u00e9s dans le d\u00e9veloppement des canaux de vente pour ces produits, en particulier au Royaume-Uni et en Suisse. Bien qu\u2019il ne repr\u00e9sente pas une grande partie de notre chiffre d&rsquo;affaire, notre pr\u00e9sence sur ce segment de march\u00e9 est strat\u00e9gique et vitale. Les efforts fournis \u00ab derri\u00e8re le compteur \u00bb et la dynamique auront probablement un impact profond sur le march\u00e9 des syst\u00e8mes de stockage. Leclanch\u00e9 se concentre sur l&rsquo;expansion de la base clients pour son unit\u00e9 d&rsquo;affaires Speciality Battery Systems en mettant notamment l\u2019accent sur le remplacement des batteries au plomb pour les applications industrielles. A titre d\u2019exemple, nous avons une commande pilote pour des machines de balayage des rues enti\u00e8rement \u00e9lectriques. Une fois cet essai couronn\u00e9 de succ\u00e8s, celui-ci devrait ouvrir le march\u00e9 pour des milliers de machines de ce type dans le monde entier. Progr\u00e8s de la production La soci\u00e9t\u00e9 a commenc\u00e9 la production de la nouvelle cellule \u00e0 base de graphite au cours du premier semestre 2015. Les trois premiers mois ont servi de p\u00e9riode de validation et de mise en place de toutes les sp\u00e9cifications de production. Les premi\u00e8res cellules graphite\/NMC commerciales certifi\u00e9es ont \u00e9t\u00e9 produites au cours du deuxi\u00e8me trimestre et ont \u00e9t\u00e9 int\u00e9gr\u00e9s dans les modules de batterie destin\u00e9s \u00e0 des clients. Les cellules ont \u00e9t\u00e9 utilis\u00e9es dans plusieurs modules diff\u00e9rents et ont \u00e9t\u00e9 envoy\u00e9s \u00e0 des laboratoires externes pour la caract\u00e9risation et la validation par des tiers.<\/p>\n<p>L&rsquo;introduction de cette nouvelle technologie dans notre gamme de produits n\u2019a n\u00e9cessit\u00e9 que de petites adaptations de la ligne de production existante, qui est maintenant capable de produire \u00e0 la fois des cellules au titanate et au graphite, tout en utilisant une \u00e9lectrode d\u2019une soci\u00e9t\u00e9 tierce, la soci\u00e9t\u00e9 Litarion. Depuis l&rsquo;introduction des cellules \u00e0 base de graphite, la soci\u00e9t\u00e9 a pu mettre en place sa propre production d&rsquo;\u00e9lectrodes et ainsi produire tous les composants en interne. Cela donne plus de flexibilit\u00e9 \u00e0 Leclanch\u00e9 dans la planification de sa cha\u00eene de production et d&rsquo;approvisionnement et repr\u00e9sente \u00e9galement l&rsquo;un des crit\u00e8res essentiels pour r\u00e9duire les co\u00fbts.<\/p>\n<p>Au cours du premier semestre 2015, nous avons pu proc\u00e9der aux premi\u00e8res \u00e9tapes de production des cellules pour le projet Graciosa. La production a d&rsquo;abord eu lieu avec une seule \u00e9quipe, puis avec une deuxi\u00e8me \u00e0 la fin du troisi\u00e8me trimestre. Environ 50.000 cellules ont \u00e9t\u00e9 produites au cours du second semestre 2015, la majorit\u00e9 \u00e9tant des cellules au lithium-titanate. La majeure 7 partie de la production a eu lieu au 4\u00e8me trimestre passant \u00e0 la vitesse sup\u00e9rieure apr\u00e8s la phase de d\u00e9marrage.<\/p>\n<p>&nbsp;<\/p>\n<p>Du c\u00f4t\u00e9 de l&rsquo;int\u00e9gration des syst\u00e8mes, la premi\u00e8re moiti\u00e9 de 2015 a \u00e9t\u00e9 principalement consacr\u00e9e \u00e0 la mise en place de processus et \u00e0 la validation de nos modules de transport de nouvelle g\u00e9n\u00e9ration. Les modules sont d\u00e9velopp\u00e9s sur la base d\u2019anciennes versions et sont optimis\u00e9s pour permettre la production d\u2019un volume plus important. Ces activit\u00e9s ont \u00e9t\u00e9 men\u00e9es sur le site Yverdon en Suisse o\u00f9 nous avons l&rsquo;intention de mettre en \u0153uvre la production de tous nos modules.<\/p>\n<p>&nbsp;<\/p>\n<p>Progr\u00e8s en recherche et d\u00e9veloppement<\/p>\n<p>Les rapports de march\u00e9 disponibles annoncent une baisse continue du prix de vente moyen dans les ann\u00e9es \u00e0 venir. Leclanch\u00e9 a poursuivi ses importants programmes de r\u00e9duction des co\u00fbts dans la recherche et le d\u00e9veloppement des cellules et des syst\u00e8mes.<\/p>\n<p>Une grande partie de notre activit\u00e9 de recherche et d\u00e9veloppement effectu\u00e9e en 2015 a \u00e9t\u00e9 consacr\u00e9e \u00e0 la r\u00e9duction des co\u00fbts \u00e0 travers la validation de nouveaux achats de mati\u00e8res premi\u00e8res et leur d\u00e9veloppement afin d\u2019augmenter la capacit\u00e9 \u00e9nerg\u00e9tique des cellules. Ces efforts se traduiront par des r\u00e9ductions de co\u00fbts significatives au niveau de la production au cours de la seconde moiti\u00e9 de 2016.<\/p>\n<p>L\u2019\u00e9quipe R &amp; D d\u2019\u00e9lectrochimie (cellules) a continu\u00e9 \u00e0 participer \u00e0 Batteries 2020, un projet financ\u00e9 par l\u2019Union Europ\u00e9enne visant \u00e0 am\u00e9liorer la dur\u00e9e de vie et la densit\u00e9 \u00e9nerg\u00e9tique des batteries au lithium-ion utilis\u00e9es dans les v\u00e9hicules \u00e9lectriques. Le projet vise \u00e9galement \u00e0 valider leur utilisation dans des applications de seconde vie telles que le stockage stationnaire pour les fonctions li\u00e9es au r\u00e9seau.<\/p>\n<ul>\n<li>La soci\u00e9t\u00e9 est membre du consortium du projet Ambassador, financ\u00e9 par l&rsquo;UE pour \u00e9tudier, d\u00e9velopper et effectuer des exp\u00e9rimentations avec des syst\u00e8mes et des outils visant \u00e0 optimiser la consommation d&rsquo;\u00e9nergie des communes et \u00e0 g\u00e9rer les flux d&rsquo;\u00e9nergie par anticipation, en associant la consommation d&rsquo;\u00e9nergie et de la production<\/li>\n<li>Les cellules Leclanch\u00e9 ont \u00e9t\u00e9 test\u00e9es par un institut ind\u00e9pendant, la haute-\u00e9cole de sciences appliqu\u00e9es de Landshut en Allemagne (Hochschule Landshut University of Applied Sciences). Cet institut a conclu que les cellules ont une \u00ab stabilit\u00e9 de cycle et de capacit\u00e9 r\u00e9siduelle consid\u00e9rables \u00bb avec 100 % de profondeur de d\u00e9charge. Les tests ont \u00e9t\u00e9 men\u00e9s au sein de l\u2019institut, validant de nouveau la performance de notre technologie. La soci\u00e9t\u00e9 a \u00e9galement travaill\u00e9 avec la haute-\u00e9cole d\u2019Offenburg (Hochschule Offenburg) et a men\u00e9 des tests de caract\u00e9risation exhaustifs afin d\u2019am\u00e9liorer les connaissances fondamentales des m\u00e9canismes de d\u00e9gradation qui pourraient affecter nos cellules au lithium-titanate.<\/li>\n<\/ul>\n<p>Comme indiqu\u00e9 pr\u00e9c\u00e9demment, Leclanch\u00e9 travaille \u00e9galement sur une cellule au lithium[1]titanate de haute tension, ce qui pourrait nous permettre d&rsquo;augmenter la capacit\u00e9 de notre cellule standard et r\u00e9duire consid\u00e9rablement le co\u00fbt par kilowatt-heure. La soci\u00e9t\u00e9 a obtenu des r\u00e9sultats encourageants dans les tests et le programme de d\u00e9veloppement continue \u00e0 bien progresser, mais il est encore trop t\u00f4t pour prendre tout engagement quant \u00e0 la date d\u2019un \u00e9ventuel lancement d\u2019une telle cellule sur le march\u00e9.<\/p>\n<ul>\n<li>La soci\u00e9t\u00e9 a \u00e9galement valid\u00e9 les performances et l\u2019aptitude d\u2019usinage de ses \u00e9lectrodes faites en interne pour les cellules \u00e0 base de graphite. 8 L&rsquo;\u00e9quipe R &amp; D Syst\u00e8mes continue de se concentrer sur toute la technologie annexe \u00e0 la cellule tels que le module, le pack &amp; le rack, le syst\u00e8me de gestion de la batterie, planification, la gestion et les services des ressources. Leclanch\u00e9 a obtenu la mise en place des coop\u00e9rations avec plusieurs universit\u00e9s et instituts de recherche suisses, allemandes et belges rest\u00e9es leader dans la technologie de pointe. L&rsquo;accent est mis sur les programmes de r\u00e9duction des co\u00fbts telles qu\u2019une nouvelle conception du module, une nouvelle plateforme interne de gestion de batterie multi-usage et une base de donn\u00e9es multi-produits intelligente dans le cloud. Les premiers r\u00e9sultats r\u00e9v\u00e8lent des opportunit\u00e9s d\u2019\u00e9conomies importantes qui pourront \u00eatre r\u00e9alis\u00e9es au 1er semestre 2017 et au-del\u00e0.<\/li>\n<\/ul>\n<p>&nbsp;<\/p>\n<p>Nouvelle organisation pleinement op\u00e9rationnelle<\/p>\n<p>Depuis janvier 2015, l\u2019entreprise est organis\u00e9e en trois grandes unit\u00e9s commerciales, appuy\u00e9es par une unit\u00e9 d\u2019ing\u00e9nierie et une \u00e9quipe technologique et industrielle :<\/p>\n<p>Unit\u00e9 syst\u00e8mes de stockage stationnaires : elle assure la distribution et le service apr\u00e8s-vente pour les solutions de stockage coupl\u00e9es \u00e0 un syst\u00e8me de production d\u2019\u00e9lectricit\u00e9 d\u00e9centralis\u00e9 (photovolta\u00efque, \u00e9olien, groupe \u00e9lectrog\u00e8ne diesel et services auxiliaires). Unit\u00e9 syst\u00e8mes de batteries sp\u00e9cialis\u00e9es : elle rassemble les anciennes activit\u00e9s Portable et Distribution, afin de se recentrer sur la conception de syst\u00e8mes sur mesure ;<\/p>\n<p>Unit\u00e9 syst\u00e8mes de stockage mobile : elle assure la distribution et le SAV pour les solutions destin\u00e9es aux r\u00e9seaux de transport collectif (parc de v\u00e9hicules hybrides ou \u00e9lectriques, tels que bus, tramways, trains, navires, ferries, etc.) et aux machines industrielles (v\u00e9hicules autoguid\u00e9s, etc. ).<\/p>\n<p>Unit\u00e9 ing\u00e9nierie et fourniture syst\u00e8mes : charg\u00e9e de la conception, de la mise en \u0153uvre de projets et de services aux trois grandes unit\u00e9s commerciales<\/p>\n<p>Une \u00e9quipe technologique et industrielle: charg\u00e9e des fonctions de R&amp;D et de production au niveau du groupe.<\/p>\n<p>Au cours des deux derni\u00e8res ann\u00e9es, Leclanch\u00e9 a construit une \u00e9quipe de direction internationale de haut vol avec un harmonieux m\u00e9lange de personnel existant et de nouvelles recrues. Les recrutements strat\u00e9giques effectu\u00e9s durant l\u2019ann\u00e9e incluent la nomination de Stefan Louis comme Chief Strategy Officer.<\/p>\n<p>Bien que la soci\u00e9t\u00e9 se soit attach\u00e9e \u00e0 un fonctionnement aussi efficace que possible au cours de l\u2019ann\u00e9e \u00e9coul\u00e9e, il est peu certain de r\u00e9duire encore plus le niveau des co\u00fbts d&rsquo;exploitation actuels, car cela serait incompatible avec la politique de croissance de l&rsquo;entreprise. Le nouveau plan de croissance, dans lequel nous avons investi plus de CHF 10 millions au cours de l\u2019ann\u00e9e, a n\u00e9cessit\u00e9 un redimensionnement significatif des \u00e9quipes de vente et de celles en charge de d\u00e9livrer les produits. M\u00eame si nous avons mis en place une structure d\u2019organisation efficace pour augmenter la productivit\u00e9 par personne et que les nouveaux effectifs sont parfaitement int\u00e9gr\u00e9s, ces augmentations d\u2019effectifs ont in\u00e9vitablement un impact sur les r\u00e9sultats et le fonds de roulement absorb\u00e9 de l&rsquo;ann\u00e9e 2015, comme il est indiqu\u00e9 dans le r\u00e9sum\u00e9 des r\u00e9sultats financiers ci-dessous.<\/p>\n<p>&nbsp;<\/p>\n<p>R\u00e9sultats financiers<\/p>\n<p>Chiffres cl\u00e9s (en mCHF) 31-Dec-15 31-Dec-14 9 Chiffre d&rsquo;affaires 18.2 10.8 EBITDA -26.0 -16.9 Pertes sur la p\u00e9riode -35.5 -23.4 R\u00e9sultat par action (CHF) -1.20 -1.21 Nombre d\u2019\u00e9quivalents temps plein 159 114<\/p>\n<p>Nonobstant le nouveau financement mis \u00e0 disposition par Recharge depuis Janvier 2015, la performance financi\u00e8re globale de la Soci\u00e9t\u00e9 souffrait encore d\u2019une influence n\u00e9gative du faible niveau de liquidit\u00e9s rencontr\u00e9 au cours du second semestre 2015. Le travail pour reconstruire la relation de confiance avec les clients et les fournisseurs, non content d\u2019avoir g\u00e9n\u00e9r\u00e9 de nouvelles opportunit\u00e9s commerciales et d\u2019avoir renforc\u00e9 le r\u00e9seau de distribution, s\u2019est illustr\u00e9 par le d\u00e9veloppement d\u2019un nouveau contrat en d\u00e9cembre 2015. Les revenus g\u00e9n\u00e9r\u00e9s par le projet Graciosa (CHF 9 millions) permettent de porter le chiffre d\u2019affaires consolid\u00e9 pour 2015 \u00e0 CHF 18,2 millions, sup\u00e9rieur de CHF 7,4 millions (69%) \u00e0 celui de l\u2019ann\u00e9e pr\u00e9c\u00e9dente.<\/p>\n<p>La perte EBITDA du Groupe \u00e9tait de CHF 26 millions (2014 : Perte CHF 16.9 millions). Cependant, cette augmentation des pertes d\u2019exploitation d\u2019une ann\u00e9e sur l\u2019autre devrait \u00eatre lue comme suit :<\/p>\n<ul>\n<li>Comme \u00e9tabli dans le rapport interm\u00e9diaire de juin 2015, gr\u00e2ce \u00e0 la mise en \u0153uvre continue et r\u00e9ussie du Plan de Croissance et au chiffre d\u2019affaires g\u00e9n\u00e9r\u00e9 par le projet Graciosa, l\u2019EBITDA de Leclanch\u00e9 pour le dernier mois de l\u2019ann\u00e9e atteint le seuil de rentabilit\u00e9 (ajustement de l\u2019EBITDA pour exclure les \u00e9l\u00e9ments non-mon\u00e9taires, ainsi que les effets n\u00e9gatifs li\u00e9s aux dispositions pour la croissances et autres dispositions financ\u00e9es sur la Facilit\u00e9 B). Cette am\u00e9lioration majeure a \u00e9t\u00e9 rendue possible gr\u00e2ce aux diff\u00e9rentes d\u00e9cisions strat\u00e9giques et aux investissements r\u00e9alis\u00e9s en 2015, ainsi qu\u2019\u00e0 des efforts soutenus afin de parvenir \u00e0 des r\u00e9ductions significatives des co\u00fbts.<\/li>\n<li>Les pertes EBITDA en pourcentage de chiffre d\u2019affaires sont presque stables compar\u00e9es \u00e0 2014 avec une r\u00e9duction de 9%. Une fois ajust\u00e9es, les pertes EBITDA comme \u00e9tabli ci-dessus d\u00e9montrent une am\u00e9lioration de 25% du ratio perte\/CA en comparaison avec l\u2019an dernier (-117% vs. -156%). A nouveau ici, cette reprise refl\u00e8te le travail r\u00e9alis\u00e9 pour restructurer Leclanch\u00e9 vers une Soci\u00e9t\u00e9 plus efficiente.<\/li>\n<\/ul>\n<p>Le chiffre d\u2019affaires de l\u2019activit\u00e9 Batteries Sp\u00e9ciales (SBS), constitu\u00e9 des activit\u00e9s pr\u00e9alablement appel\u00e9es Mobile et Distribution se porte \u00e0 CHF 7.2 millions (2014: CHF 10.0 millions). La baisse de CHF 2.8 millions par rapport \u00e0 l\u2019ann\u00e9e pr\u00e9c\u00e9dente est essentiellement li\u00e9e \u00e0 l\u2019arriv\u00e9e \u00e0 terme en 2014 d\u2019un contrat cons\u00e9quent et long terme qui n\u2019a \u00e0 ce jour pas \u00e9t\u00e9 remplac\u00e9.<\/p>\n<p>SBS a continu\u00e9 de recruter du personnel de vente sur cette p\u00e9riode et est parvenu \u00e0 diversifier avec succ\u00e8s son activit\u00e9 vers de nouveaux secteurs tels que les syst\u00e8mes m\u00e9dicaux, et les v\u00e9hicules de transport sans conducteur (AGV). Leur objectif est clairement de remplacer au cours des 12 prochains mois, la perte de chiffre d\u2019affaires susmentionn\u00e9e. De plus, comme 10 annonc\u00e9 ces derniers jours, l\u2019unit\u00e9 belge de la soci\u00e9t\u00e9, n\u00e9e de l\u2019acquisition de Trineuron en Juillet 2015, a elle aussi remport\u00e9 un important contrat de fourniture de batteries lithium-ion titanate qui seront utilis\u00e9es au coeur de v\u00e9hicules automatis\u00e9s pour le transport de mat\u00e9riel d\u2019une marque leader internationalement reconnue.<\/p>\n<p>Comme \u00e9voqu\u00e9 pr\u00e9c\u00e9demment, la Soci\u00e9t\u00e9 a introduit des solutions innovantes pour l\u2019\u00e9clairage urbain non connect\u00e9 au r\u00e9seau, au travers d\u2019un nouveau contrat de partenariat strat\u00e9gique avec Scotia Light A\/S au Danemark.<\/p>\n<p>Ce contrat illustre une nouvelle gamme de produits prometteuse, utilisant les cellules lithium[1]ion titanate dans une configuration sur-mesure. Cette opportunit\u00e9 s\u2019est d\u2019ailleurs d\u00e9j\u00e0 confirm\u00e9e avec la vente de 200 modules de batteries pour des mats d\u2019\u00e9clairage urbain non connect\u00e9s au r\u00e9seau dans l\u2019environnement exigent de l\u2019Arabie Saoudite.<\/p>\n<p>Le chiffre d\u2019affaires des activit\u00e9s Stockage fixe et Mobilit\u00e9 se porte \u00e0 CHF 10.8 millions (2014 : CHF 0.6 million) au travers de projets d\u2019envergure tels que Graciosa et E-Ferry. Le projet E-Ferry repr\u00e9sente \u00e0 lui seul une augmentation du chiffre d\u2019affaires de CHF 3.5 millions en agr\u00e9g\u00e9 pr\u00e9vu pour le second semestre 2016.<\/p>\n<p>L\u2019activit\u00e9 des Batteries Sp\u00e9ciales a g\u00e9n\u00e9r\u00e9e des pertes EBITDA pour l\u2019ann\u00e9e 2015 de CHF 2.1 millions (2014 : Pertes de CHF 0.8 million) r\u00e9sultant d\u2019une baisse du chiffre d\u2019affaires et d\u2019une augmentation des co\u00fbts li\u00e9e au renforcement de l\u2019\u00e9quipe de vente. L\u2019activit\u00e9 de Stockage Fixe a enregistr\u00e9 une baisse quant aux pertes EBITDA de CHF 9.0 millions (2014 : Pertes EBITDA de CHF 9.3 millions) essentiellement li\u00e9e aux co\u00fbts absorb\u00e9s dans le cadre du programme de d\u00e9veloppement pour le projet EPFL et en partie compens\u00e9e par une r\u00e9organisation et une mont\u00e9e en puissance des activit\u00e9s de vente \/ marketing et du personnel qui s\u2019est poursuivi durant l\u2019ann\u00e9e 2015.<\/p>\n<p>&nbsp;<\/p>\n<p>La nouvelle activit\u00e9 de Stockage Mobile a enregistr\u00e9 des pertes EBITDA \u00e0 hauteur de CHF 2 millions sur l\u2019ann\u00e9e, reflet des co\u00fbts op\u00e9rationnels et de personnel de cette nouvelle unit\u00e9, encore sans revenus li\u00e9s au projet E-Ferry r\u00e9cemment remport\u00e9.<\/p>\n<p>Les co\u00fbts centraux du Groupe au niveau de l\u2019EBITDA \u00e9taient cette ann\u00e9e de CHF 11.1 millions (2014 : CHF 6.8 millions), un accroissement de CHF 4.3 millions essentiellement imputable \u00e0 la restructuration op\u00e9rationnelle et organisationnelle n\u00e9cessaire pour parvenir \u00e0 l\u2019expansion pr\u00e9vue dans le cadre du nouveau plan de croissance. Ce dernier, bien qu\u2019int\u00e9gr\u00e9 au sein d\u2019une structure organisationnelle efficiente, occasionne une augmentation in\u00e9vitable des co\u00fbts afin de parvenir \u00e0 une augmentation de la productivit\u00e9 par personne.<\/p>\n<p>Les pertes nettes pour l\u2019ann\u00e9e s\u2019\u00e9l\u00e8vent \u00e0 35.5 millions (2014 : Pertes nettes CHF 23.4 millions). Cette augmentation de 12.1 millions est li\u00e9e \u00e0 l\u2019accroissement des co\u00fbts centraux du Groupe pesant sur l\u2019EBITDA expliqu\u00e9s ci-dessus, \u00e0 hauteur de CHF 6.8 millions ainsi qu\u2019\u00e0 l\u2019augmentation des frais financiers de CHF 0.8 million, r\u00e9sultant de l\u2019augmentation du niveau des emprunts convertibles, le retournement d\u2019imp\u00f4ts diff\u00e9r\u00e9s actifs de CHF 1.1 million, la d\u00e9t\u00e9rioration de CHF 1,2 million de plusieurs capitalisation de co\u00fbts projet\u00e9s et CHF 1.8 million de provision pour couvrir un litige avec les autorit\u00e9s fiscales au sujet d\u2019une bourse qui devrait \u00eatre revers\u00e9e au cours du premier semestre 2016 suite \u00e0 l\u2019accord que nous sommes sur le point de conclure.<\/p>\n<p>Le b\u00e9n\u00e9fice par action pour l\u2019ann\u00e9e subit une perte de CHF 1.20, (2014 : Perte de CHF 1.21). Cette baisse est li\u00e9e \u00e0 l\u2019augmentation de la perte nette et \u00e0 l\u2019augmentation du nombre moyen pond\u00e9r\u00e9 d\u2019actions en circulation compar\u00e9 au semestre pr\u00e9c\u00e9dent.<\/p>\n<p>Les liquidit\u00e9s disponibles et les lignes de cr\u00e9dit non titr\u00e9es au 31 d\u00e9cembre 2015 \u00e9taient de CHF 3.5 millions (2014 : CHF 0.5 million). De plus, CHF 2.3 millions ont \u00e9t\u00e9 retir\u00e9s de la Facilit\u00e9 B dans le cadre de l\u2019emprunt convertible Recharge A\/S. Enfin, le 7 mars 2016, la Soci\u00e9t\u00e9 a annonc\u00e9 un nouvel emprunt convertible de CHF 20 millions avec ACE Core Convictions Ltd. (ACE &amp; Company).<\/p>\n<p>&nbsp;<\/p>\n<p>Perspectives<\/p>\n<p>Pour commencer, nous b\u00e9n\u00e9ficions d\u2019un positionnement unique sur le march\u00e9 du stockage de l\u2019\u00e9nergie tant sur le plan des cellules LTO \u00e0 haute-capacit\u00e9 de puissance que de celui des cellules G-NMH \u00e0 haute-capacit\u00e9 d\u2019\u00e9nergie. Ensuite, nous sommes maintenant en mesure de fournir des syst\u00e8mes complets cl\u00e9-en-main (incluant les packs batteries, la conception technique, l\u2019int\u00e9gration des syst\u00e8mes, le logiciel et l\u2019EPC). Notre repositionnement en amont de la chaine de valorisation client a \u00e9t\u00e9 un grand succ\u00e8s et est au centre de notre strat\u00e9gie de croissance. En allant de l\u2019avant, nous visons \u00e0 am\u00e9liorer notre organisation autour des piliers strat\u00e9giques suivants :<\/p>\n<ul>\n<li>Electrochimie, en particulier autour des cellules LTO<\/li>\n<li>Hardware pour les syst\u00e8mes \u00e9lectroniques et m\u00e9caniques, tels que les onduleurs<\/li>\n<li>Logiciel pour les syst\u00e8mes de stockage d\u2019\u00e9nergie<\/li>\n<li>Application client pour le stockage stationnaire \u00e0 l\u2019\u00e9chelle r\u00e9seau et eTransport de mass ainsi que des applications industrielles.<\/li>\n<li>Gestion de projet, mais aussi ing\u00e9nierie, approvisionnement et techniques de constructions.<\/li>\n<\/ul>\n<p>Nous pouvons voir un nombre croissant d\u2019opportunit\u00e9s sur le march\u00e9 avec une activit\u00e9 en hausse particuli\u00e8rement pour ce qui est des solutions de stockage d\u2019\u00e9nergie \u00e0 grande \u00e9chelle autant sur le segment r\u00e9seau que celui du eTransport de masse.<\/p>\n<p>Nous nous r\u00e9jouissons de ces opportunit\u00e9s, en particulier autour des Micro-grid \/ \u00e9nergie insulaire, le march\u00e9 des services auxiliaires et du eTransport, et nous sommes confiant quant \u00e0 notre propension \u00e0 fournir 30 MWh ou plus de solutions cette ann\u00e9e (contre 5 MWh l\u2019an dernier).<\/p>\n<p>La croissance internationale demeure l\u2019une de nos grandes priorit\u00e9s. Nous continuerons de d\u00e9velopper des alliances strat\u00e9giques pour \u00e9tablir un go-to-market fort et des partenariats sur les march\u00e9s suivants : US, Canada, Chine, Inde et Afrique du Sud.<\/p>\n<p>Selon la disponibilit\u00e9 de financement, nous avons l\u2019intention de mener des Fusions et Acquisitions cibl\u00e9es ou des alliances strat\u00e9giques pour compl\u00e9ter et renforcer nos comp\u00e9tences dans les domaines susmentionn\u00e9s. Plus de d\u00e9tails seront fournis au cours de l\u2019ann\u00e9e.<\/p>\n<p>Nous pouvons anticiper que, selon le bon d\u00e9roulement de la mise en \u0153uvre du plan de croissance et les paiements opportuns du projet IESO Ontario Canada, les facilit\u00e9s de 12 financement actuellement en place devraient r\u00e9pondre aux besoins de fonds de roulement de la Soci\u00e9t\u00e9 pour l\u2019ann\u00e9e 2016.<\/p>\n<p>Afin de soutenir le dynamisme actuel vers une croissance durable et rentable, en particulier pour garantir l\u2019int\u00e9gration et les services tant sur les grands projets en cours que sur les nouveaux projets dans les cartons, la Soci\u00e9t\u00e9 et son Conseil d\u2019administration ont d\u00e9cid\u00e9, sur le principe, de lancer une grande campagne d\u2019augmentation du capital en ayant recours aux actions, suite \u00e0 l\u2019Assembl\u00e9e G\u00e9n\u00e9rale Annuelle et \u00e0 l\u2019Assembl\u00e9e G\u00e9n\u00e9rale Exceptionnelle qui s\u2019est tenue en janvier 2016. L\u2019objectif est de porter cette augmentation de capital \u00e0 CHF 70 millions, incluant CHF 20 millions pour les fusions \/ acquisitions s\u00e9lectionn\u00e9es. Le but est donc de lever CHF 50 millions par les actions pour financer notre croissance des deux prochaines ann\u00e9es, plus CHF 20 millions sous la forme d\u2019un emprunt pour le financement des fusions et acquisitions strat\u00e9giques. Le projet d\u2019augmentation du capital a \u00e9t\u00e9 lanc\u00e9 en f\u00e9vrier 2016 avec une date d\u2019ach\u00e8vement \u00e0 la fin de l\u2019ann\u00e9e 2016.<\/p>\n<p>&nbsp;<\/p>\n<p>En parall\u00e8le, Leclanch\u00e9 a annonc\u00e9 le 6 mars 2016 la signature d\u2019une nouvelle facilit\u00e9 de financement pour le financement de la croissance \u00e0 moyen terme, o\u00f9 ACE &amp; Company ach\u00e8te l\u2019emprunt convertible en cours aupr\u00e8s de Recharge A\/S, \u00e9tend l\u2019accord sur l\u2019emprunt en cours \u00e0 CHF 10 millions suppl\u00e9mentaires sous la d\u00e9nomination Facilit\u00e9 C et a accept\u00e9 de lever CHF 10 millions suppl\u00e9mentaires dans a mesure du possible. Ces dispositions viendront soutenir la croissance des investissements n\u00e9cessaires afin de produire les 53 MWh de service auxiliaire au r\u00e9seau dans le cadre du projet IESO Ontario<\/p>\n<p>Principaux risques et mesures d\u2019att\u00e9nuation :<\/p>\n<p>&nbsp;<\/p>\n<p>Une mont\u00e9e en puissance industrielle \u00e0 grande \u00e9chelle est en marche : apr\u00e8s avoir enregistr\u00e9 de francs succ\u00e8s industriels en 2015, comme rapport\u00e9s pr\u00e9c\u00e9demment, la Direction de la Soci\u00e9t\u00e9 a focalis\u00e9 son attention sur l\u2019att\u00e9nuation des risques d\u2019ex\u00e9cution li\u00e9s \u00e0 la r\u00e9alisation des grands projets \u00e9voqu\u00e9s, y compris la mont\u00e9e en puissance de la production vers un niveau jamais atteint jusqu\u2019alors. Cela dit, le risque li\u00e9 \u00e0 l\u2019ex\u00e9cution demeure \u00e9lev\u00e9. Comme mentionn\u00e9s, nous nous sommes engag\u00e9s \u00e0 fournir 30 MWh ou plus en 2016, ce qui repr\u00e9sente 6 fois plus de volume qu\u2019en 2015.<\/p>\n<p>Une mont\u00e9e en puissance organisationnelle est en route : la Soci\u00e9t\u00e9 continue de monter en puissance en termes de personnel dans les domaines essentiels, en particulier dans l\u2019ing\u00e9nierie et les projets clients. Nous avons recrut\u00e9 des personnes cl\u00e9s aux Etats-Unis et construisons l\u2019\u00e9quipe pour mener \u00e0 bien le projet IESO au Canada.<\/p>\n<p>L\u2019importante augmentation du capital mentionn\u00e9 plus haut est cruciale afin d\u2019intensifier l\u2019investissement dans les secteurs cl\u00e9s, en particulier pour la R&amp;D, l\u2019augmentation des volumes de production, la gestion et l\u2019ing\u00e9nierie de projet ainsi que la vente et le marketing.<\/p>\n<p>Les r\u00e9sultats financiers de l\u2019ann\u00e9e 2015 ne refl\u00e8tent pas encore l\u2019impact positif des commandes client remport\u00e9es et des acquisitions strat\u00e9giques r\u00e9alis\u00e9es par la Soci\u00e9t\u00e9. Nous sommes encourag\u00e9s par les progr\u00e8s et enthousiastes quant aux challenges et opportunit\u00e9s qui nous attendent.<\/p>\n<p>Enfin, comme annonc\u00e9 le 7 avril 2016, notre site de production des Cellules \u00e0 Willst\u00e4tt en Allemagne a \u00e9t\u00e9 victime d\u2019un incendie dans l\u2019une de ses sections. Cet incendie a \u00e9t\u00e9 contenu et \u00e9teint par les brigades de pompiers locales. Les mesures r\u00e9alis\u00e9es par les pompiers ont montr\u00e9 qu\u2019il n\u2019y avait aucun risque pour les personnes dans les alentours de l\u2019usine. Aucun employ\u00e9 n\u2019a \u00e9t\u00e9 bless\u00e9.<\/p>\n<p>Les causes de l\u2019incendie font encore l\u2019objet d\u2019une enqu\u00eate. Alors que la production \u00e0 Willst\u00e4tt a \u00e9t\u00e9 suspendue, Leclanch\u00e9 a mis en place un plan de secours et est confiante dans sa capacit\u00e9 \u00e0 tenir ses d\u00e9lais et ses engagements envers ses clients, en particulier dans le cadre du projet IESO Ontario au Canada.<\/p>\n<p>Nous souhaitons terminer en adressant nos remerciements \u00e0 tous nos employ\u00e9s, ainsi qu\u2019\u00e0 nos actionnaires pour leur soutient durant cette p\u00e9riode. Nous nous r\u00e9jouissons de poursuivre la construction avec eux, avec vous, du futur de Leclanch\u00e9 SA. Publication des r\u00e9sultats annuels Leclanch\u00e9 SA a publi\u00e9 ce jour son rapport annuel. Celui-ci est disponible au format PDF sur le site web de la Soci\u00e9t\u00e9 :<\/p>\n<p>www.leclanche.com\/investor-relations\/financial-reports[1]publications\/annual-reports AUDIO WEBCAST Live Apr\u00e8s l\u2019Assembl\u00e9e G\u00e9n\u00e9rale Annuelle le mercredi 4 mai 2016, un webcast audio sera accessible pour les analystes et les investisseurs le mardi 9 mai 2016 \u00e0 13h15 GMT.<\/p>\n<p>Les analystes et investisseurs souhaitant poser des questions Durant la conference sont invites \u00e0 s\u2019enregistrer aupr\u00e8s de l\u2019\u00e9quipe relations investisseurs par E-mail :<\/p>\n<p><a href=\"mailto:investors@leclanche.com\">investors@leclanche.com<\/a><\/p>\n<p>Contact m\u00e9dia<\/p>\n<p>Jacques Boppe \/ Maya Aprahamian<\/p>\n<p>T\u00e9l.: +41 (0) 24 424 65 00<\/p>\n<p>E-Mail : communication@leclanche.com Contact Investisseurs<\/p>\n<p>E-Mail : <a href=\"mailto:investors@leclanche.com\">investors@leclanche.com<\/a><\/p>\n<p>Tel : +41 (0)24 424 65 00<\/p>\n<p>A propos de Leclanch\u00e9<\/p>\n<p>La soci\u00e9t\u00e9 Leclanch\u00e9 SA est cot\u00e9e \u00e0 la SIX Swiss Exchange* (LECN).<\/p>\n<p>Leclanch\u00e9 a d\u00e9velopp\u00e9 un important portefeuille de solutions de stockage d\u2019\u00e9nergie pour le domestique et les petites entreprises, les industries de grande taille et les r\u00e9seaux \u00e9lectriques ainsi que pour l\u2019hybridation du transport grand public tel que les flottes de bus, de trams et de ferry, etc. Fond\u00e9e en 1909, Leclanch\u00e9 SA b\u00e9n\u00e9ficie de pus d\u2019un si\u00e8cle d\u2019exp\u00e9rience et est un partenaire fiable de solutions de stockage d\u2019\u00e9nergie sur batteries. Fort d\u2019une tradition remontant \u00e0 Georges Leclanch\u00e9, 14 l\u2019inventeur de la pile s\u00e8che dispose d\u2019un large portefeuille de solutions de stockage d\u2019\u00e9nergie allant des batteries con\u00e7ues sur mesure, jusqu\u2019aux solutions lithium-ion de taille industrielles. Depuis 2006, Leclanch\u00e9 est pass\u00e9 du statut de fabricant de batteries traditionnelles \u00e0 celui de leader europ\u00e9en du d\u00e9veloppement et la production de cellules lithium-ion. Les solutions de stockage d\u2019\u00e9nergie de Leclanch\u00e9 sont optimis\u00e9es pour de multiples applications, notamment l\u2019int\u00e9gration des \u00e9nergies renouvelables, la r\u00e9duction de la consommation de diesel, les services auxiliaires connect\u00e9s au r\u00e9seau d\u2019\u00e9lectricit\u00e9, l\u2019\u00e9cr\u00eatage des pics de consommation pour les industries lourdes, mais aussi les transports \u00e0 forte capacit\u00e9 (routier, ferroviaire et maritime). Les produits Leclanch\u00e9 se caract\u00e9risent par leur stabilit\u00e9 de cycle tr\u00e8s \u00e9lev\u00e9e (cellules avec anode en titanate ou en graphite) ainsi que leur grande long\u00e9vit\u00e9, la plus longue sur le march\u00e9 industriel. Gr\u00e2ce \u00e0 sa technologie brevet\u00e9e de s\u00e9parateur, \u00e9l\u00e9ment essentiel des cellules lithium-ion, Leclanch\u00e9 produit en masse des cellules pr\u00e9sentant d\u2019excellentes caract\u00e9ristiques de s\u00e9curit\u00e9 dans le cadre d\u2019un processus de production enti\u00e8rement automatis\u00e9. La capacit\u00e9 de production annuelle de cellules lithium-ion de grand format peut atteindre un million de cellules sur notre site de production enti\u00e8rement automatis\u00e9. Leclanch\u00e9 est en mesure de produire des cellules de diff\u00e9rentes technologies au lithium-ion et pr\u00e9sentant des caract\u00e9ristiques techniques vari\u00e9es Leclanch\u00e9 propose \u00e9galement plusieurs syst\u00e8mes de stockage sp\u00e9cialis\u00e9s, notamment des syst\u00e8mes sur mesure pour applications militaires ou m\u00e9dicales. La soci\u00e9t\u00e9 assure enfin la distribution de batteries primaires et secondaires, ainsi que des accessoires d\u2019autres fabricants.<\/p>\n<p>*SIX Swiss Exchange: ticker symbol LECN | ISIN CH 011 030 311 9<\/p>\n","protected":false},"excerpt":{"rendered":"<p>Leclanch\u00e9 annonce ses r\u00e9sultats financiers 2015 et souligne les progr\u00e8s accomplis dans son plan de croissance<\/p>\n","protected":false},"author":2,"featured_media":0,"comment_status":"closed","ping_status":"open","sticky":false,"template":"","format":"standard","meta":{"footnotes":""},"categories":[108,46,57,97],"tags":[],"class_list":["post-10771","post","type-post","status-publish","format-standard","hentry","category-autres-communiques-de-presse","category-communiques-de-presse-fr","category-non-categorise","category-old-all-press-releases"],"yoast_head":"<!-- This site is optimized with the Yoast SEO plugin v26.4 - https:\/\/yoast.com\/wordpress\/plugins\/seo\/ -->\n<title>Leclanch\u00e9 annonce ses r\u00e9sultats financiers 2015 et souligne les progr\u00e8s accomplis dans son plan de croissance - Leclanch\u00e9<\/title>\n<meta name=\"description\" content=\"Leclanch\u00e9 annonce ses r\u00e9sultats financiers 2015 et souligne les progr\u00e8s accomplis dans son plan de croissance\" \/>\n<meta name=\"robots\" content=\"index, follow, max-snippet:-1, max-image-preview:large, max-video-preview:-1\" \/>\n<link rel=\"canonical\" href=\"https:\/\/www.leclanche.com\/fr\/leclanche-annonce-ses-resultats-financiers-2015-et-souligne-les-progres-accomplis-dans-son-plan-de-croissance\/\" \/>\n<meta property=\"og:locale\" content=\"fr_FR\" \/>\n<meta property=\"og:type\" content=\"article\" \/>\n<meta property=\"og:title\" content=\"Leclanch\u00e9 annonce ses r\u00e9sultats financiers 2015 et souligne les progr\u00e8s accomplis dans son plan de croissance - Leclanch\u00e9\" \/>\n<meta property=\"og:description\" content=\"Leclanch\u00e9 annonce ses r\u00e9sultats financiers 2015 et souligne les progr\u00e8s accomplis dans son plan de croissance\" \/>\n<meta property=\"og:url\" content=\"https:\/\/www.leclanche.com\/fr\/leclanche-annonce-ses-resultats-financiers-2015-et-souligne-les-progres-accomplis-dans-son-plan-de-croissance\/\" \/>\n<meta property=\"og:site_name\" content=\"Leclanch\u00e9\" \/>\n<meta property=\"article:published_time\" content=\"2016-04-12T22:00:00+00:00\" \/>\n<meta name=\"author\" content=\"Annick.Bid\" \/>\n<meta name=\"twitter:card\" content=\"summary_large_image\" \/>\n<meta name=\"twitter:label1\" content=\"\u00c9crit par\" \/>\n\t<meta name=\"twitter:data1\" content=\"Annick.Bid\" \/>\n\t<meta name=\"twitter:label2\" content=\"Dur\u00e9e de lecture estim\u00e9e\" \/>\n\t<meta name=\"twitter:data2\" content=\"37 minutes\" \/>\n<script type=\"application\/ld+json\" class=\"yoast-schema-graph\">{\"@context\":\"https:\/\/schema.org\",\"@graph\":[{\"@type\":\"WebPage\",\"@id\":\"https:\/\/www.leclanche.com\/fr\/leclanche-annonce-ses-resultats-financiers-2015-et-souligne-les-progres-accomplis-dans-son-plan-de-croissance\/\",\"url\":\"https:\/\/www.leclanche.com\/fr\/leclanche-annonce-ses-resultats-financiers-2015-et-souligne-les-progres-accomplis-dans-son-plan-de-croissance\/\",\"name\":\"Leclanch\u00e9 annonce ses r\u00e9sultats financiers 2015 et souligne les progr\u00e8s accomplis dans son plan de croissance - Leclanch\u00e9\",\"isPartOf\":{\"@id\":\"https:\/\/www.leclanche.com\/fr\/#website\"},\"datePublished\":\"2016-04-12T22:00:00+00:00\",\"author\":{\"@id\":\"https:\/\/www.leclanche.com\/fr\/#\/schema\/person\/7ef725388a3f2b409a32cfa92059aa64\"},\"description\":\"Leclanch\u00e9 annonce ses r\u00e9sultats financiers 2015 et souligne les progr\u00e8s accomplis dans son plan de croissance\",\"breadcrumb\":{\"@id\":\"https:\/\/www.leclanche.com\/fr\/leclanche-annonce-ses-resultats-financiers-2015-et-souligne-les-progres-accomplis-dans-son-plan-de-croissance\/#breadcrumb\"},\"inLanguage\":\"fr-FR\",\"potentialAction\":[{\"@type\":\"ReadAction\",\"target\":[\"https:\/\/www.leclanche.com\/fr\/leclanche-annonce-ses-resultats-financiers-2015-et-souligne-les-progres-accomplis-dans-son-plan-de-croissance\/\"]}]},{\"@type\":\"BreadcrumbList\",\"@id\":\"https:\/\/www.leclanche.com\/fr\/leclanche-annonce-ses-resultats-financiers-2015-et-souligne-les-progres-accomplis-dans-son-plan-de-croissance\/#breadcrumb\",\"itemListElement\":[{\"@type\":\"ListItem\",\"position\":1,\"name\":\"Accueil\",\"item\":\"https:\/\/www.leclanche.com\/fr\/\"},{\"@type\":\"ListItem\",\"position\":2,\"name\":\"Leclanch\u00e9 annonce ses r\u00e9sultats financiers 2015 et souligne les progr\u00e8s accomplis dans son plan de croissance\"}]},{\"@type\":\"WebSite\",\"@id\":\"https:\/\/www.leclanche.com\/fr\/#website\",\"url\":\"https:\/\/www.leclanche.com\/fr\/\",\"name\":\"Leclanch\u00e9\",\"description\":\"Energy Storage Solutions\",\"potentialAction\":[{\"@type\":\"SearchAction\",\"target\":{\"@type\":\"EntryPoint\",\"urlTemplate\":\"https:\/\/www.leclanche.com\/fr\/?s={search_term_string}\"},\"query-input\":{\"@type\":\"PropertyValueSpecification\",\"valueRequired\":true,\"valueName\":\"search_term_string\"}}],\"inLanguage\":\"fr-FR\"},{\"@type\":\"Person\",\"@id\":\"https:\/\/www.leclanche.com\/fr\/#\/schema\/person\/7ef725388a3f2b409a32cfa92059aa64\",\"name\":\"Annick.Bid\",\"image\":{\"@type\":\"ImageObject\",\"inLanguage\":\"fr-FR\",\"@id\":\"https:\/\/www.leclanche.com\/fr\/#\/schema\/person\/image\/\",\"url\":\"https:\/\/secure.gravatar.com\/avatar\/0fe6baaabc318280db3d0e10c43b8017aa89b961c16e819765bd4fb65396af34?s=96&d=mm&r=g\",\"contentUrl\":\"https:\/\/secure.gravatar.com\/avatar\/0fe6baaabc318280db3d0e10c43b8017aa89b961c16e819765bd4fb65396af34?s=96&d=mm&r=g\",\"caption\":\"Annick.Bid\"},\"url\":\"https:\/\/www.leclanche.com\/fr\/author\/annick-bid\/\"}]}<\/script>\n<!-- \/ Yoast SEO plugin. -->","yoast_head_json":{"title":"Leclanch\u00e9 annonce ses r\u00e9sultats financiers 2015 et souligne les progr\u00e8s accomplis dans son plan de croissance - Leclanch\u00e9","description":"Leclanch\u00e9 annonce ses r\u00e9sultats financiers 2015 et souligne les progr\u00e8s accomplis dans son plan de croissance","robots":{"index":"index","follow":"follow","max-snippet":"max-snippet:-1","max-image-preview":"max-image-preview:large","max-video-preview":"max-video-preview:-1"},"canonical":"https:\/\/www.leclanche.com\/fr\/leclanche-annonce-ses-resultats-financiers-2015-et-souligne-les-progres-accomplis-dans-son-plan-de-croissance\/","og_locale":"fr_FR","og_type":"article","og_title":"Leclanch\u00e9 annonce ses r\u00e9sultats financiers 2015 et souligne les progr\u00e8s accomplis dans son plan de croissance - Leclanch\u00e9","og_description":"Leclanch\u00e9 annonce ses r\u00e9sultats financiers 2015 et souligne les progr\u00e8s accomplis dans son plan de croissance","og_url":"https:\/\/www.leclanche.com\/fr\/leclanche-annonce-ses-resultats-financiers-2015-et-souligne-les-progres-accomplis-dans-son-plan-de-croissance\/","og_site_name":"Leclanch\u00e9","article_published_time":"2016-04-12T22:00:00+00:00","author":"Annick.Bid","twitter_card":"summary_large_image","twitter_misc":{"\u00c9crit par":"Annick.Bid","Dur\u00e9e de lecture estim\u00e9e":"37 minutes"},"schema":{"@context":"https:\/\/schema.org","@graph":[{"@type":"WebPage","@id":"https:\/\/www.leclanche.com\/fr\/leclanche-annonce-ses-resultats-financiers-2015-et-souligne-les-progres-accomplis-dans-son-plan-de-croissance\/","url":"https:\/\/www.leclanche.com\/fr\/leclanche-annonce-ses-resultats-financiers-2015-et-souligne-les-progres-accomplis-dans-son-plan-de-croissance\/","name":"Leclanch\u00e9 annonce ses r\u00e9sultats financiers 2015 et souligne les progr\u00e8s accomplis dans son plan de croissance - Leclanch\u00e9","isPartOf":{"@id":"https:\/\/www.leclanche.com\/fr\/#website"},"datePublished":"2016-04-12T22:00:00+00:00","author":{"@id":"https:\/\/www.leclanche.com\/fr\/#\/schema\/person\/7ef725388a3f2b409a32cfa92059aa64"},"description":"Leclanch\u00e9 annonce ses r\u00e9sultats financiers 2015 et souligne les progr\u00e8s accomplis dans son plan de croissance","breadcrumb":{"@id":"https:\/\/www.leclanche.com\/fr\/leclanche-annonce-ses-resultats-financiers-2015-et-souligne-les-progres-accomplis-dans-son-plan-de-croissance\/#breadcrumb"},"inLanguage":"fr-FR","potentialAction":[{"@type":"ReadAction","target":["https:\/\/www.leclanche.com\/fr\/leclanche-annonce-ses-resultats-financiers-2015-et-souligne-les-progres-accomplis-dans-son-plan-de-croissance\/"]}]},{"@type":"BreadcrumbList","@id":"https:\/\/www.leclanche.com\/fr\/leclanche-annonce-ses-resultats-financiers-2015-et-souligne-les-progres-accomplis-dans-son-plan-de-croissance\/#breadcrumb","itemListElement":[{"@type":"ListItem","position":1,"name":"Accueil","item":"https:\/\/www.leclanche.com\/fr\/"},{"@type":"ListItem","position":2,"name":"Leclanch\u00e9 annonce ses r\u00e9sultats financiers 2015 et souligne les progr\u00e8s accomplis dans son plan de croissance"}]},{"@type":"WebSite","@id":"https:\/\/www.leclanche.com\/fr\/#website","url":"https:\/\/www.leclanche.com\/fr\/","name":"Leclanch\u00e9","description":"Energy Storage Solutions","potentialAction":[{"@type":"SearchAction","target":{"@type":"EntryPoint","urlTemplate":"https:\/\/www.leclanche.com\/fr\/?s={search_term_string}"},"query-input":{"@type":"PropertyValueSpecification","valueRequired":true,"valueName":"search_term_string"}}],"inLanguage":"fr-FR"},{"@type":"Person","@id":"https:\/\/www.leclanche.com\/fr\/#\/schema\/person\/7ef725388a3f2b409a32cfa92059aa64","name":"Annick.Bid","image":{"@type":"ImageObject","inLanguage":"fr-FR","@id":"https:\/\/www.leclanche.com\/fr\/#\/schema\/person\/image\/","url":"https:\/\/secure.gravatar.com\/avatar\/0fe6baaabc318280db3d0e10c43b8017aa89b961c16e819765bd4fb65396af34?s=96&d=mm&r=g","contentUrl":"https:\/\/secure.gravatar.com\/avatar\/0fe6baaabc318280db3d0e10c43b8017aa89b961c16e819765bd4fb65396af34?s=96&d=mm&r=g","caption":"Annick.Bid"},"url":"https:\/\/www.leclanche.com\/fr\/author\/annick-bid\/"}]}},"_links":{"self":[{"href":"https:\/\/www.leclanche.com\/fr\/wp-json\/wp\/v2\/posts\/10771","targetHints":{"allow":["GET"]}}],"collection":[{"href":"https:\/\/www.leclanche.com\/fr\/wp-json\/wp\/v2\/posts"}],"about":[{"href":"https:\/\/www.leclanche.com\/fr\/wp-json\/wp\/v2\/types\/post"}],"author":[{"embeddable":true,"href":"https:\/\/www.leclanche.com\/fr\/wp-json\/wp\/v2\/users\/2"}],"replies":[{"embeddable":true,"href":"https:\/\/www.leclanche.com\/fr\/wp-json\/wp\/v2\/comments?post=10771"}],"version-history":[{"count":0,"href":"https:\/\/www.leclanche.com\/fr\/wp-json\/wp\/v2\/posts\/10771\/revisions"}],"wp:attachment":[{"href":"https:\/\/www.leclanche.com\/fr\/wp-json\/wp\/v2\/media?parent=10771"}],"wp:term":[{"taxonomy":"category","embeddable":true,"href":"https:\/\/www.leclanche.com\/fr\/wp-json\/wp\/v2\/categories?post=10771"},{"taxonomy":"post_tag","embeddable":true,"href":"https:\/\/www.leclanche.com\/fr\/wp-json\/wp\/v2\/tags?post=10771"}],"curies":[{"name":"wp","href":"https:\/\/api.w.org\/{rel}","templated":true}]}}