{"id":10953,"date":"2021-10-06T17:23:53","date_gmt":"2021-10-06T15:23:53","guid":{"rendered":"https:\/\/www.leclanche.com\/ees-europe-leclanche-presente-le-concept-modulaire-de-stockage-par-batterie-leblocktm-en-exclusivite-et-pour-la-premiere-fois-a-munich\/"},"modified":"2021-10-06T17:23:53","modified_gmt":"2021-10-06T15:23:53","slug":"ees-europe-leclanche-presente-le-concept-modulaire-de-stockage-par-batterie-leblocktm-en-exclusivite-et-pour-la-premiere-fois-a-munich","status":"publish","type":"post","link":"https:\/\/www.leclanche.com\/fr\/ees-europe-leclanche-presente-le-concept-modulaire-de-stockage-par-batterie-leblocktm-en-exclusivite-et-pour-la-premiere-fois-a-munich\/","title":{"rendered":"ees Europe &#8211; Leclanch\u00e9 pr\u00e9sente le concept modulaire de stockage par batterie LeBlockTM en exclusivit\u00e9 et pour la premi\u00e8re fois \u00e0 Munich."},"content":{"rendered":"<p><em>\u00a0<\/em><\/p>\n<ul>\n<li><em>Le syst\u00e8me de stockage d&rsquo;\u00e9nergie LeBlock<\/em><sup>TM<\/sup><em> r\u00e9duit le temps et les co\u00fbts de transport, d&rsquo;installation, de d\u00e9placement et de recyclage des batteries de stockage.<\/em><\/li>\n<li><em>Leclanch\u00e9 pr\u00e9sente le syst\u00e8me en exclusivit\u00e9 pour la premi\u00e8re fois \u00e0 ees Europe au stand B6.230.<\/em><\/li>\n<\/ul>\n<p><strong>YVERDON-LES-BAINS, Suisse, le 06 octobre<\/strong><strong> 2021 <\/strong>\u2013 Le fournisseur suisse de stockage d&rsquo;\u00e9nergie <a href=\"http:\/\/www.leclanche.com\">Leclanch\u00e9<\/a> (SIX : LECN) participe au salon ees Europe (electrical energy storage) du 6 au 8 octobre 2021. Dans le hall B6, stand 230, la soci\u00e9t\u00e9 pr\u00e9sente pour la premi\u00e8re fois sa nouvelle solution de stockage d&rsquo;\u00e9nergie LeBlock<sup>TM<\/sup>, lanc\u00e9e r\u00e9cemment. Ce concept sophistiqu\u00e9 de blocs de construction r\u00e9duit le co\u00fbt total de possession ainsi que l&#8217;empreinte environnementale. Pour ce faire, l\u2019Entreprise a tabl\u00e9 sur une logistique et une installation simplifi\u00e9es, une reconfiguration possible et un retour facile pour recyclage \u00e0 la fin du cycle de vie. La nouvelle solution de stockage d&rsquo;\u00e9nergie par batterie a \u00e9galement \u00e9t\u00e9 d\u00e9sign\u00e9e comme finaliste du concours ees AWARD 2021.<\/p>\n<p><strong>LeBlock<\/strong><strong><sup>TM<\/sup><\/strong><strong> &#8211; transport facile, installation rapide, co\u00fbts globaux r\u00e9duits<\/strong><\/p>\n<p>Le syst\u00e8me de stockage d&rsquo;\u00e9nergie LeBlock<sup>TM<\/sup> consiste en une s\u00e9rie de blocs de 1,5 m de large qui peuvent \u00eatre facilement combin\u00e9s gr\u00e2ce \u00e0 des connexions plug-and-play. Le syst\u00e8me comprend des racks de batteries enti\u00e8rement pr\u00e9-install\u00e9s jusqu&rsquo;\u00e0 745 kWh, y compris la gestion de la temp\u00e9rature et le syst\u00e8me de protection contre les incendies. De plus, comme les blocs sont livr\u00e9s avec les batteries install\u00e9es et les c\u00e2bles et connecteurs pr\u00e9install\u00e9s, aucun c\u00e2blage sp\u00e9cifique sur site n&rsquo;est n\u00e9cessaire. Quatre blocs interconnect\u00e9s forment un conteneur ISO de 20 pieds et peuvent donc \u00eatre facilement transport\u00e9s par train, bateau ou camion. Il n&rsquo;y a pas de d\u00e9chets d&#8217;emballage et pas besoin de conteneurs de transport suppl\u00e9mentaires. La logistique simplifi\u00e9e ouvre \u00e9galement la possibilit\u00e9 d&rsquo;une offre temporaire de \u00ab\u00a0stockage en tant que service\u00a0\u00bb selon les besoins.<\/p>\n<p><strong>La s\u00e9curit\u00e9 des syst\u00e8mes, un \u00e9l\u00e9ment de conception essential<\/strong><\/p>\n<p>D\u00e8s le premier stade de sa conception, LeBlock<sup>TM<\/sup> a integr\u00e9 les plus hautes exigences de s\u00e9curit\u00e9 tant au niveau du syst\u00e8me que pour ses op\u00e9rateurs. L\u2019architecture cloisonn\u00e9e de LeBlock<sup>TM<\/sup> att\u00e9nue le risque potentiel d\u2019incendie. En outre, le syst\u00e8me est \u00e9quip\u00e9 de plusieurs fonctionnalit\u00e9s de pointe pour garantir le plus haut niveau de s\u00e9curit\u00e9.<\/p>\n<p><strong>Finaliste des ees AWARD 2021 <\/strong><\/p>\n<p>La r\u00e9duction du co\u00fbt total de possession (TCO), l\u2019empreinte \u00e9cologique r\u00e9duite pendant le transport et la simple possibilit\u00e9 de reconfiguration et d&rsquo;expansion de la capacit\u00e9 ont d\u00e9j\u00e0 impressionn\u00e9 le jury de l&rsquo;ees AWARD 2021 lors de la pr\u00e9s\u00e9lection. Leclanch\u00e9 a \u00e9t\u00e9 nomin\u00e9 avec LeBlock<sup>TM<\/sup> comme l&rsquo;une des dix entreprises pour le prix.<\/p>\n<p>Le nouveau syst\u00e8me de stockage d&rsquo;\u00e9nergie par batterie LeBlock<sup>TM<\/sup> peut \u00eatre vu \u00e0 ees Europe sur le stand Leclanch\u00e9 dans le hall B6, stand 230. Pour plus d&rsquo;informations, veuillez visiter <a href=\"http:\/\/www.leclanche.com\/leblock\">www.leclanche.com\/leblock<\/a>.<\/p>\n<p>LeBlock est une marque de Leclanch\u00e9 SA. Tous les autres noms de marque sont la propri\u00e9t\u00e9 de leurs d\u00e9tenteurs respectifs.<\/p>\n<p>* * * *<\/p>\n<p>&nbsp;<\/p>\n<p><strong>A propos de Leclanch\u00e9 <\/strong><\/p>\n<p>&nbsp;<\/p>\n<p>Leclanch\u00e9 SA, dont le si\u00e8ge social se trouve en Suisse, est l&rsquo;un des principaux fournisseurs de solutions de stockage d&rsquo;\u00e9nergie de haute qualit\u00e9 con\u00e7ues pour acc\u00e9l\u00e9rer nos progr\u00e8s vers un avenir \u00e9nerg\u00e9tique propre. L&rsquo;histoire et l&rsquo;h\u00e9ritage de Leclanch\u00e9 s&rsquo;enracinent dans plus de 100 ans d&rsquo;innovation en mati\u00e8re de batteries et de stockage d&rsquo;\u00e9nergie et la soci\u00e9t\u00e9 est un fournisseur de confiance de solutions de stockage d&rsquo;\u00e9nergie dans le monde entier. Ceci, combin\u00e9 \u00e0 la culture de l\u2019Entreprise en mati\u00e8re d&rsquo;ing\u00e9nierie allemande, de pr\u00e9cision et de qualit\u00e9 suisse, fait de Leclanch\u00e9 le partenaire de choix des innovateurs, des entreprises \u00e9tablies et des gouvernements qui sont \u00e0 l&rsquo;avant-garde des changements positifs dans la fa\u00e7on dont l&rsquo;\u00e9nergie est produite, distribu\u00e9e et consomm\u00e9e \u00e0 travers le monde. La transition \u00e9nerg\u00e9tique est principalement tir\u00e9e par les changements dans la gestion de nos r\u00e9seaux \u00e9lectriques et l&rsquo;\u00e9lectrification des transports, et ces deux march\u00e9s finaux constituent l&rsquo;\u00e9pine dorsale de notre strat\u00e9gie et de notre mod\u00e8le \u00e9conomique. Leclanch\u00e9 est au c\u0153ur de la convergence de l&rsquo;\u00e9lectrification des transports et de l&rsquo;\u00e9volution du r\u00e9seau de distribution. Leclanch\u00e9 est organis\u00e9e en trois business units: solutions de stockage stationnaires, solutions e-Transport et syst\u00e8mes de batteries sp\u00e9cialis\u00e9es. Leclanch\u00e9 est cot\u00e9e \u00e0 la Bourse suisse (SIX : LECN).<\/p>\n<p>SIX Swiss Exchange: ticker symbol LECN | ISIN CH 011 030 311 9<\/p>\n<p><strong>\u00a0<\/strong><\/p>\n<p><strong>Clause de non-responsabilit\u00e9<\/strong><\/p>\n<p>Le pr\u00e9sent communiqu\u00e9 de presse contient certaines d\u00e9clarations prospectives relatives aux activit\u00e9s de Leclanch\u00e9, qui peuvent \u00eatre identifi\u00e9es par des termes tels que \u00ab strat\u00e9gique \u00bb, \u00ab propose \u00bb, \u00ab introduire \u00bb, \u00ab\u00a0sera\u00a0\u00bb, \u00ab\u00a0planifi\u00e9\u00a0\u00bb, \u00ab\u00a0pr\u00e9vu\u00a0\u00bb, \u00ab\u00a0attendu\u00a0\u00bb, \u00ab\u00a0engagement\u00a0\u00bb, \u00ab\u00a0attend\u00a0\u00bb, \u00ab\u00a0pr\u00e9voit\u00a0\u00bb, \u00ab\u00a0\u00e9tabli\u00a0\u00bb, \u00ab\u00a0pr\u00e9pare\u00a0\u00bb, \u00ab\u00a0plans\u00a0\u00bb, \u00ab\u00a0estimations\u00a0\u00bb, \u00ab\u00a0objectifs\u00a0\u00bb, \u00ab\u00a0serait\u00a0\u00bb, \u00ab\u00a0potentiel\u00a0\u00bb, \u00ab\u00a0attente\u00a0\u00bb, \u00ab\u00a0estimation\u00a0\u00bb, \u00ab\u00a0proposition\u00a0\u00bb ou expressions similaires, ou par des discussions explicites ou implicites concernant la mont\u00e9e en puissance de la capacit\u00e9 de production de Leclanch\u00e9, les applications potentielles des produits existants, ou les revenus futurs potentiels de ces produits, ou les ventes ou b\u00e9n\u00e9fices futurs potentiels de Leclanch\u00e9 ou d&rsquo;une de ses unit\u00e9s commerciales. Vous ne devez pas vous fier ind\u00fbment \u00e0 ces d\u00e9clarations. Ces \u00e9nonc\u00e9s prospectifs refl\u00e8tent les opinions actuelles de Leclanch\u00e9 \u00e0 l&rsquo;\u00e9gard d&rsquo;\u00e9v\u00e9nements futurs et comportent des risques connus et inconnus, des incertitudes et d&rsquo;autres facteurs qui pourraient faire en sorte que les r\u00e9sultats r\u00e9els diff\u00e8rent sensiblement des r\u00e9sultats, performances ou r\u00e9alisations futurs exprim\u00e9s ou sous-entendus dans ces \u00e9nonc\u00e9s. Il n&rsquo;y a aucune garantie que les produits de Leclanch\u00e9 atteindront des niveaux de revenus particuliers. Rien ne garantit non plus que Leclanch\u00e9, ou l&rsquo;une quelconque de ses unit\u00e9s d&rsquo;affaires, obtiendra des r\u00e9sultats financiers particuliers.<\/p>\n<p><strong>\u00a0<\/strong><\/p>\n<p><strong>Contacts<\/strong><\/p>\n<p><strong>M\u00e9dias Suisse<\/strong><strong> \/ Europe :<\/strong><\/p>\n<p>Thierry Meyer<\/p>\n<p>T : +41 (0) 79\u00a0785 35 81<\/p>\n<p>E-mail : <a href=\"mailto:tme@dynamicsgroup.ch\">tme@dynamicsgroup.ch<\/a><\/p>\n<p><strong>\u00a0<\/strong><\/p>\n<p><strong>M\u00e9dias Am\u00e9rique du Nord :<\/strong><\/p>\n<p>Henry Feintuch \/ Ashley Blas<\/p>\n<p>T : +1-646-753-5710 \/ +1-646-753-5713<\/p>\n<p>E-mail : <a href=\"mailto:leclanche@feintuchpr.com\">leclanche@feintuchpr.com<\/a><\/p>\n<p>&nbsp;<\/p>\n<p><strong>M\u00e9dias Allemagne :<\/strong><\/p>\n<p>Christoph Miller<\/p>\n<p>T : +49 (0) 711 947 670<\/p>\n<p>E-mail : <a href=\"mailto:leclanche@sympra.de\">leclanche@sympra.de<\/a><\/p>\n<p>&nbsp;<\/p>\n<p><strong>Contacts investisseurs :<\/strong><\/p>\n<p>Anil Srivastava \/ Hubert Angleys<\/p>\n<p>T : +41 (0) 24 424 65 00<\/p>\n<p>E-mail : <a href=\"mailto:invest.leclanche@leclanche.com\">invest.leclanche@leclanche.com<\/a><\/p>\n<p>&nbsp;<\/p>\n","protected":false},"excerpt":{"rendered":"<p>\u00a0 Le syst\u00e8me de stockage d&rsquo;\u00e9nergie LeBlockTM r\u00e9duit le temps et les co\u00fbts de transport, d&rsquo;installation, de d\u00e9placement et de recyclage des batteries de stockage. Leclanch\u00e9 pr\u00e9sente le syst\u00e8me en exclusivit\u00e9 pour la premi\u00e8re fois \u00e0 ees Europe au stand B6.230. YVERDON-LES-BAINS, Suisse, le 06 octobre 2021 \u2013 Le fournisseur suisse de stockage d&rsquo;\u00e9nergie Leclanch\u00e9 [&hellip;]<\/p>\n","protected":false},"author":2,"featured_media":10947,"comment_status":"open","ping_status":"open","sticky":false,"template":"","format":"standard","meta":{"footnotes":""},"categories":[45,108,46],"tags":[],"class_list":["post-10953","post","type-post","status-publish","format-standard","has-post-thumbnail","hentry","category-actualite","category-autres-communiques-de-presse","category-communiques-de-presse-fr"],"yoast_head":"<!-- This site is optimized with the Yoast SEO plugin v26.4 - https:\/\/yoast.com\/wordpress\/plugins\/seo\/ -->\n<title>ees Europe - Leclanch\u00e9 pr\u00e9sente le concept modulaire de stockage par batterie LeBlockTM en exclusivit\u00e9 et pour la premi\u00e8re fois \u00e0 Munich. - Leclanch\u00e9<\/title>\n<meta name=\"description\" content=\"\u00a0 Le syst\u00e8me de stockage d&#039;\u00e9nergie LeBlockTM r\u00e9duit le temps et les co\u00fbts de transport, d&#039;installation, de d\u00e9placement et de recyclage des batteries de\" \/>\n<meta name=\"robots\" content=\"index, follow, max-snippet:-1, max-image-preview:large, max-video-preview:-1\" \/>\n<link rel=\"canonical\" href=\"https:\/\/www.leclanche.com\/fr\/ees-europe-leclanche-presente-le-concept-modulaire-de-stockage-par-batterie-leblocktm-en-exclusivite-et-pour-la-premiere-fois-a-munich\/\" \/>\n<meta property=\"og:locale\" content=\"fr_FR\" \/>\n<meta property=\"og:type\" content=\"article\" \/>\n<meta property=\"og:title\" content=\"ees Europe - Leclanch\u00e9 pr\u00e9sente le concept modulaire de stockage par batterie LeBlockTM en exclusivit\u00e9 et pour la premi\u00e8re fois \u00e0 Munich. - Leclanch\u00e9\" \/>\n<meta property=\"og:description\" content=\"\u00a0 Le syst\u00e8me de stockage d&#039;\u00e9nergie LeBlockTM r\u00e9duit le temps et les co\u00fbts de transport, d&#039;installation, de d\u00e9placement et de recyclage des batteries de\" \/>\n<meta property=\"og:url\" content=\"https:\/\/www.leclanche.com\/fr\/ees-europe-leclanche-presente-le-concept-modulaire-de-stockage-par-batterie-leblocktm-en-exclusivite-et-pour-la-premiere-fois-a-munich\/\" \/>\n<meta property=\"og:site_name\" content=\"Leclanch\u00e9\" \/>\n<meta property=\"article:published_time\" content=\"2021-10-06T15:23:53+00:00\" \/>\n<meta property=\"og:image\" content=\"https:\/\/www.leclanche.com\/wp-content\/uploads\/2021\/10\/EES-award1.jpg\" \/>\n\t<meta property=\"og:image:width\" content=\"1280\" \/>\n\t<meta property=\"og:image:height\" content=\"720\" \/>\n\t<meta property=\"og:image:type\" content=\"image\/jpeg\" \/>\n<meta name=\"author\" content=\"Annick.Bid\" \/>\n<meta name=\"twitter:card\" content=\"summary_large_image\" \/>\n<meta name=\"twitter:label1\" content=\"\u00c9crit par\" \/>\n\t<meta name=\"twitter:data1\" content=\"Annick.Bid\" \/>\n\t<meta name=\"twitter:label2\" content=\"Dur\u00e9e de lecture estim\u00e9e\" \/>\n\t<meta name=\"twitter:data2\" content=\"5 minutes\" \/>\n<script type=\"application\/ld+json\" class=\"yoast-schema-graph\">{\"@context\":\"https:\/\/schema.org\",\"@graph\":[{\"@type\":\"WebPage\",\"@id\":\"https:\/\/www.leclanche.com\/fr\/ees-europe-leclanche-presente-le-concept-modulaire-de-stockage-par-batterie-leblocktm-en-exclusivite-et-pour-la-premiere-fois-a-munich\/\",\"url\":\"https:\/\/www.leclanche.com\/fr\/ees-europe-leclanche-presente-le-concept-modulaire-de-stockage-par-batterie-leblocktm-en-exclusivite-et-pour-la-premiere-fois-a-munich\/\",\"name\":\"ees Europe - Leclanch\u00e9 pr\u00e9sente le concept modulaire de stockage par batterie LeBlockTM en exclusivit\u00e9 et pour la premi\u00e8re fois \u00e0 Munich. - Leclanch\u00e9\",\"isPartOf\":{\"@id\":\"https:\/\/www.leclanche.com\/fr\/#website\"},\"primaryImageOfPage\":{\"@id\":\"https:\/\/www.leclanche.com\/fr\/ees-europe-leclanche-presente-le-concept-modulaire-de-stockage-par-batterie-leblocktm-en-exclusivite-et-pour-la-premiere-fois-a-munich\/#primaryimage\"},\"image\":{\"@id\":\"https:\/\/www.leclanche.com\/fr\/ees-europe-leclanche-presente-le-concept-modulaire-de-stockage-par-batterie-leblocktm-en-exclusivite-et-pour-la-premiere-fois-a-munich\/#primaryimage\"},\"thumbnailUrl\":\"https:\/\/www.leclanche.com\/wp-content\/uploads\/2021\/10\/EES-award1.jpg\",\"datePublished\":\"2021-10-06T15:23:53+00:00\",\"author\":{\"@id\":\"https:\/\/www.leclanche.com\/fr\/#\/schema\/person\/7ef725388a3f2b409a32cfa92059aa64\"},\"description\":\"\u00a0 Le syst\u00e8me de stockage d'\u00e9nergie LeBlockTM r\u00e9duit le temps et les co\u00fbts de transport, d'installation, de d\u00e9placement et de recyclage des batteries de\",\"breadcrumb\":{\"@id\":\"https:\/\/www.leclanche.com\/fr\/ees-europe-leclanche-presente-le-concept-modulaire-de-stockage-par-batterie-leblocktm-en-exclusivite-et-pour-la-premiere-fois-a-munich\/#breadcrumb\"},\"inLanguage\":\"fr-FR\",\"potentialAction\":[{\"@type\":\"ReadAction\",\"target\":[\"https:\/\/www.leclanche.com\/fr\/ees-europe-leclanche-presente-le-concept-modulaire-de-stockage-par-batterie-leblocktm-en-exclusivite-et-pour-la-premiere-fois-a-munich\/\"]}]},{\"@type\":\"ImageObject\",\"inLanguage\":\"fr-FR\",\"@id\":\"https:\/\/www.leclanche.com\/fr\/ees-europe-leclanche-presente-le-concept-modulaire-de-stockage-par-batterie-leblocktm-en-exclusivite-et-pour-la-premiere-fois-a-munich\/#primaryimage\",\"url\":\"https:\/\/www.leclanche.com\/wp-content\/uploads\/2021\/10\/EES-award1.jpg\",\"contentUrl\":\"https:\/\/www.leclanche.com\/wp-content\/uploads\/2021\/10\/EES-award1.jpg\",\"width\":1280,\"height\":720},{\"@type\":\"BreadcrumbList\",\"@id\":\"https:\/\/www.leclanche.com\/fr\/ees-europe-leclanche-presente-le-concept-modulaire-de-stockage-par-batterie-leblocktm-en-exclusivite-et-pour-la-premiere-fois-a-munich\/#breadcrumb\",\"itemListElement\":[{\"@type\":\"ListItem\",\"position\":1,\"name\":\"Accueil\",\"item\":\"https:\/\/www.leclanche.com\/fr\/\"},{\"@type\":\"ListItem\",\"position\":2,\"name\":\"ees Europe &#8211; Leclanch\u00e9 pr\u00e9sente le concept modulaire de stockage par batterie LeBlockTM en exclusivit\u00e9 et pour la premi\u00e8re fois \u00e0 Munich.\"}]},{\"@type\":\"WebSite\",\"@id\":\"https:\/\/www.leclanche.com\/fr\/#website\",\"url\":\"https:\/\/www.leclanche.com\/fr\/\",\"name\":\"Leclanch\u00e9\",\"description\":\"Energy Storage Solutions\",\"potentialAction\":[{\"@type\":\"SearchAction\",\"target\":{\"@type\":\"EntryPoint\",\"urlTemplate\":\"https:\/\/www.leclanche.com\/fr\/?s={search_term_string}\"},\"query-input\":{\"@type\":\"PropertyValueSpecification\",\"valueRequired\":true,\"valueName\":\"search_term_string\"}}],\"inLanguage\":\"fr-FR\"},{\"@type\":\"Person\",\"@id\":\"https:\/\/www.leclanche.com\/fr\/#\/schema\/person\/7ef725388a3f2b409a32cfa92059aa64\",\"name\":\"Annick.Bid\",\"image\":{\"@type\":\"ImageObject\",\"inLanguage\":\"fr-FR\",\"@id\":\"https:\/\/www.leclanche.com\/fr\/#\/schema\/person\/image\/\",\"url\":\"https:\/\/secure.gravatar.com\/avatar\/0fe6baaabc318280db3d0e10c43b8017aa89b961c16e819765bd4fb65396af34?s=96&d=mm&r=g\",\"contentUrl\":\"https:\/\/secure.gravatar.com\/avatar\/0fe6baaabc318280db3d0e10c43b8017aa89b961c16e819765bd4fb65396af34?s=96&d=mm&r=g\",\"caption\":\"Annick.Bid\"},\"url\":\"https:\/\/www.leclanche.com\/fr\/author\/annick-bid\/\"}]}<\/script>\n<!-- \/ Yoast SEO plugin. -->","yoast_head_json":{"title":"ees Europe - Leclanch\u00e9 pr\u00e9sente le concept modulaire de stockage par batterie LeBlockTM en exclusivit\u00e9 et pour la premi\u00e8re fois \u00e0 Munich. - Leclanch\u00e9","description":"\u00a0 Le syst\u00e8me de stockage d'\u00e9nergie LeBlockTM r\u00e9duit le temps et les co\u00fbts de transport, d'installation, de d\u00e9placement et de recyclage des batteries de","robots":{"index":"index","follow":"follow","max-snippet":"max-snippet:-1","max-image-preview":"max-image-preview:large","max-video-preview":"max-video-preview:-1"},"canonical":"https:\/\/www.leclanche.com\/fr\/ees-europe-leclanche-presente-le-concept-modulaire-de-stockage-par-batterie-leblocktm-en-exclusivite-et-pour-la-premiere-fois-a-munich\/","og_locale":"fr_FR","og_type":"article","og_title":"ees Europe - Leclanch\u00e9 pr\u00e9sente le concept modulaire de stockage par batterie LeBlockTM en exclusivit\u00e9 et pour la premi\u00e8re fois \u00e0 Munich. - Leclanch\u00e9","og_description":"\u00a0 Le syst\u00e8me de stockage d'\u00e9nergie LeBlockTM r\u00e9duit le temps et les co\u00fbts de transport, d'installation, de d\u00e9placement et de recyclage des batteries de","og_url":"https:\/\/www.leclanche.com\/fr\/ees-europe-leclanche-presente-le-concept-modulaire-de-stockage-par-batterie-leblocktm-en-exclusivite-et-pour-la-premiere-fois-a-munich\/","og_site_name":"Leclanch\u00e9","article_published_time":"2021-10-06T15:23:53+00:00","og_image":[{"width":1280,"height":720,"url":"https:\/\/www.leclanche.com\/wp-content\/uploads\/2021\/10\/EES-award1.jpg","type":"image\/jpeg"}],"author":"Annick.Bid","twitter_card":"summary_large_image","twitter_misc":{"\u00c9crit par":"Annick.Bid","Dur\u00e9e de lecture estim\u00e9e":"5 minutes"},"schema":{"@context":"https:\/\/schema.org","@graph":[{"@type":"WebPage","@id":"https:\/\/www.leclanche.com\/fr\/ees-europe-leclanche-presente-le-concept-modulaire-de-stockage-par-batterie-leblocktm-en-exclusivite-et-pour-la-premiere-fois-a-munich\/","url":"https:\/\/www.leclanche.com\/fr\/ees-europe-leclanche-presente-le-concept-modulaire-de-stockage-par-batterie-leblocktm-en-exclusivite-et-pour-la-premiere-fois-a-munich\/","name":"ees Europe - Leclanch\u00e9 pr\u00e9sente le concept modulaire de stockage par batterie LeBlockTM en exclusivit\u00e9 et pour la premi\u00e8re fois \u00e0 Munich. - Leclanch\u00e9","isPartOf":{"@id":"https:\/\/www.leclanche.com\/fr\/#website"},"primaryImageOfPage":{"@id":"https:\/\/www.leclanche.com\/fr\/ees-europe-leclanche-presente-le-concept-modulaire-de-stockage-par-batterie-leblocktm-en-exclusivite-et-pour-la-premiere-fois-a-munich\/#primaryimage"},"image":{"@id":"https:\/\/www.leclanche.com\/fr\/ees-europe-leclanche-presente-le-concept-modulaire-de-stockage-par-batterie-leblocktm-en-exclusivite-et-pour-la-premiere-fois-a-munich\/#primaryimage"},"thumbnailUrl":"https:\/\/www.leclanche.com\/wp-content\/uploads\/2021\/10\/EES-award1.jpg","datePublished":"2021-10-06T15:23:53+00:00","author":{"@id":"https:\/\/www.leclanche.com\/fr\/#\/schema\/person\/7ef725388a3f2b409a32cfa92059aa64"},"description":"\u00a0 Le syst\u00e8me de stockage d'\u00e9nergie LeBlockTM r\u00e9duit le temps et les co\u00fbts de transport, d'installation, de d\u00e9placement et de recyclage des batteries de","breadcrumb":{"@id":"https:\/\/www.leclanche.com\/fr\/ees-europe-leclanche-presente-le-concept-modulaire-de-stockage-par-batterie-leblocktm-en-exclusivite-et-pour-la-premiere-fois-a-munich\/#breadcrumb"},"inLanguage":"fr-FR","potentialAction":[{"@type":"ReadAction","target":["https:\/\/www.leclanche.com\/fr\/ees-europe-leclanche-presente-le-concept-modulaire-de-stockage-par-batterie-leblocktm-en-exclusivite-et-pour-la-premiere-fois-a-munich\/"]}]},{"@type":"ImageObject","inLanguage":"fr-FR","@id":"https:\/\/www.leclanche.com\/fr\/ees-europe-leclanche-presente-le-concept-modulaire-de-stockage-par-batterie-leblocktm-en-exclusivite-et-pour-la-premiere-fois-a-munich\/#primaryimage","url":"https:\/\/www.leclanche.com\/wp-content\/uploads\/2021\/10\/EES-award1.jpg","contentUrl":"https:\/\/www.leclanche.com\/wp-content\/uploads\/2021\/10\/EES-award1.jpg","width":1280,"height":720},{"@type":"BreadcrumbList","@id":"https:\/\/www.leclanche.com\/fr\/ees-europe-leclanche-presente-le-concept-modulaire-de-stockage-par-batterie-leblocktm-en-exclusivite-et-pour-la-premiere-fois-a-munich\/#breadcrumb","itemListElement":[{"@type":"ListItem","position":1,"name":"Accueil","item":"https:\/\/www.leclanche.com\/fr\/"},{"@type":"ListItem","position":2,"name":"ees Europe &#8211; Leclanch\u00e9 pr\u00e9sente le concept modulaire de stockage par batterie LeBlockTM en exclusivit\u00e9 et pour la premi\u00e8re fois \u00e0 Munich."}]},{"@type":"WebSite","@id":"https:\/\/www.leclanche.com\/fr\/#website","url":"https:\/\/www.leclanche.com\/fr\/","name":"Leclanch\u00e9","description":"Energy Storage Solutions","potentialAction":[{"@type":"SearchAction","target":{"@type":"EntryPoint","urlTemplate":"https:\/\/www.leclanche.com\/fr\/?s={search_term_string}"},"query-input":{"@type":"PropertyValueSpecification","valueRequired":true,"valueName":"search_term_string"}}],"inLanguage":"fr-FR"},{"@type":"Person","@id":"https:\/\/www.leclanche.com\/fr\/#\/schema\/person\/7ef725388a3f2b409a32cfa92059aa64","name":"Annick.Bid","image":{"@type":"ImageObject","inLanguage":"fr-FR","@id":"https:\/\/www.leclanche.com\/fr\/#\/schema\/person\/image\/","url":"https:\/\/secure.gravatar.com\/avatar\/0fe6baaabc318280db3d0e10c43b8017aa89b961c16e819765bd4fb65396af34?s=96&d=mm&r=g","contentUrl":"https:\/\/secure.gravatar.com\/avatar\/0fe6baaabc318280db3d0e10c43b8017aa89b961c16e819765bd4fb65396af34?s=96&d=mm&r=g","caption":"Annick.Bid"},"url":"https:\/\/www.leclanche.com\/fr\/author\/annick-bid\/"}]}},"_links":{"self":[{"href":"https:\/\/www.leclanche.com\/fr\/wp-json\/wp\/v2\/posts\/10953","targetHints":{"allow":["GET"]}}],"collection":[{"href":"https:\/\/www.leclanche.com\/fr\/wp-json\/wp\/v2\/posts"}],"about":[{"href":"https:\/\/www.leclanche.com\/fr\/wp-json\/wp\/v2\/types\/post"}],"author":[{"embeddable":true,"href":"https:\/\/www.leclanche.com\/fr\/wp-json\/wp\/v2\/users\/2"}],"replies":[{"embeddable":true,"href":"https:\/\/www.leclanche.com\/fr\/wp-json\/wp\/v2\/comments?post=10953"}],"version-history":[{"count":0,"href":"https:\/\/www.leclanche.com\/fr\/wp-json\/wp\/v2\/posts\/10953\/revisions"}],"wp:featuredmedia":[{"embeddable":true,"href":"https:\/\/www.leclanche.com\/fr\/wp-json\/wp\/v2\/media\/10947"}],"wp:attachment":[{"href":"https:\/\/www.leclanche.com\/fr\/wp-json\/wp\/v2\/media?parent=10953"}],"wp:term":[{"taxonomy":"category","embeddable":true,"href":"https:\/\/www.leclanche.com\/fr\/wp-json\/wp\/v2\/categories?post=10953"},{"taxonomy":"post_tag","embeddable":true,"href":"https:\/\/www.leclanche.com\/fr\/wp-json\/wp\/v2\/tags?post=10953"}],"curies":[{"name":"wp","href":"https:\/\/api.w.org\/{rel}","templated":true}]}}