{"id":11393,"date":"2022-02-24T19:45:23","date_gmt":"2022-02-24T18:45:23","guid":{"rendered":"https:\/\/www.leclanche.com\/?p=11393"},"modified":"2022-02-25T14:17:52","modified_gmt":"2022-02-25T13:17:52","slug":"leclanche-effectue-une-communication-importante-sur-ses-activites","status":"publish","type":"post","link":"https:\/\/www.leclanche.com\/fr\/leclanche-effectue-une-communication-importante-sur-ses-activites\/","title":{"rendered":"Leclanch\u00e9 effectue une communication importante sur ses activit\u00e9s"},"content":{"rendered":"<p><em>Annonce \u00e9v\u00e9nementielle au sens de l\u2019art. 53 RC<\/em><\/p>\n<p><strong>\u00a0<\/strong><\/p>\n<ul>\n<li><em>La Soci\u00e9t\u00e9 confirme qu&rsquo;elle a obtenu un cr\u00e9dit-relais de CHF 20,4 millions aupr\u00e8s de SEFAM<\/em><a href=\"#_ftn1\" name=\"_ftnref1\"><sup>[1]<\/sup><\/a><em> afin de financer ses activit\u00e9s jusqu&rsquo;\u00e0 la fusion pr\u00e9vue de Leclanch\u00e9 E-Mobility S.A. avec une soci\u00e9t\u00e9 d&rsquo;acquisition \u00e0 but sp\u00e9cifique (SPAC) cot\u00e9e aux \u00c9tats-Unis, conform\u00e9ment \u00e0 l&rsquo;annonce du 23 d\u00e9cembre 2021.<\/em><\/li>\n<li><em>SEFAM a \u00e9galement accept\u00e9 de postposer CHF 40 millions de ses pr\u00eats \u00e0 Leclanch\u00e9 pour rem\u00e9dier \u00e0 la position de fonds propres n\u00e9gatifs de la Soci\u00e9t\u00e9 \u00e0 la fin de l&rsquo;ann\u00e9e 2021 et jusqu&rsquo;en mai\/juin 2022, date \u00e0 laquelle la fusion de Leclanch\u00e9 E-Mobility S.A. avec la SPAC devrait \u00eatre finalis\u00e9e.<\/em><\/li>\n<li><em>Le manque de liquidit\u00e9s et les perturbations de la cha\u00eene d&rsquo;approvisionnement mondiale continuent d&rsquo;avoir un impact sur la production de cellules et de syst\u00e8mes, ce qui r\u00e9duit consid\u00e9rablement les livraisons clients.<\/em><\/li>\n<li><em>En vue de la fusion de Leclanch\u00e9 E-Mobility S.A. avec la SPAC, la Soci\u00e9t\u00e9 restructure son mod\u00e8le op\u00e9rationnel. D\u2019autre part, le CFO actuel a choisi de quitter la Soci\u00e9t\u00e9 dans les prochains mois.<\/em><\/li>\n<li><em>SEFAM s&rsquo;est engag\u00e9 \u00e0 investir jusqu&rsquo;\u00e0 USD 50 millions dans le PIPE<\/em><a href=\"#_ftn2\" name=\"_ftnref2\"><em><strong>[2]<\/strong><\/em><\/a> <em>pour soutenir la fusion avec la SPAC.<\/em><\/li>\n<li><em>Les d\u00e9veloppements commerciaux se poursuivent favorablement avec le gain de nouveaux clients dans le monde entier. Par rapport \u00e0 l&rsquo;annonce faite en juin 2021, le chiffre d&rsquo;affaires contract\u00e9<\/em><a href=\"#_ftn3\" name=\"_ftnref3\"><em><strong>[3]<\/strong><\/em><\/a> <em>de l&rsquo;activit\u00e9 eTransport (d\u00e9sormais Leclanch\u00e9 E-Mobility) a augment\u00e9 de 38% pour atteindre USD 477 millions.<\/em><\/li>\n<\/ul>\n<p><em>\u00a0<\/em><\/p>\n<p><strong>YVERDON-LES-BAINS, Suisse, le 24 f\u00e9vrier 2022<\/strong> \u2013 <a href=\"https:\/\/www.leclanche.com\/fr\/\">Leclanch\u00e9<\/a> SA l&rsquo;un des leaders mondiaux des solutions de stockage d&rsquo;\u00e9nergie, effectue aujourd&rsquo;hui une communication importante sur ses activit\u00e9s.<\/p>\n<p><strong>Obtenir un soutien fort et continu de la part de son principal actionnaire, SEFAM<\/strong><\/p>\n<p>La Soci\u00e9t\u00e9 est reconnaissante \u00e0 SEFAM pour son soutien et ses investissements continus pendant cette phase de transformation de Leclanch\u00e9.<\/p>\n<ul>\n<li>SEFAM a accord\u00e9 un pr\u00eat-relais de CHF 20,4 millions \u00e0 la Soci\u00e9t\u00e9 lui permettant de poursuivre ses activit\u00e9s jusqu&rsquo;\u00e0 la fusion de Leclanch\u00e9 E-Mobility S.A. avec la SPAC, comme annonc\u00e9 le 23 d\u00e9cembre 2021.<\/li>\n<li>Malgr\u00e9 ce pr\u00eat-relais, la tr\u00e9sorerie de la Soci\u00e9t\u00e9 reste tendue, ce qui entra\u00eene des retards de paiement \u00e0 certains fournisseurs. La Soci\u00e9t\u00e9 redouble d\u2019efforts pour lever des fonds suppl\u00e9mentaires afin de rem\u00e9dier \u00e0 cette situation dans les plus brefs d\u00e9lais.<\/li>\n<li>L&rsquo;accord de postposition de cr\u00e9ances de CHF 40 millions des pr\u00eats accord\u00e9s par SEFAM \u00e0 Leclanch\u00e9 pour rem\u00e9dier \u00e0 la position de fonds propres n\u00e9gatifs de la Soci\u00e9t\u00e9 devrait permettre de cl\u00f4turer l&rsquo;audit des comptes de 2021 et faciliter le processus de fusion avec la SPAC.<\/li>\n<\/ul>\n<p><strong>\u00a0<\/strong><\/p>\n<p><strong>Anil Srivastava, directeur g\u00e9n\u00e9ral de Leclanch\u00e9, a d\u00e9clar\u00e9<\/strong> : \u00ab\u00a0<em>Nous savons gr\u00e9 \u00e0 SEFAM de nous avoir accord\u00e9 ce pr\u00eat-relais. La Soci\u00e9t\u00e9 est en discussion avec d&rsquo;autres investisseurs\/pr\u00eateurs pour augmenter son fonds de roulement. Dans l&rsquo;intervalle, je tiens \u00e0 exprimer mes remerciements les plus sinc\u00e8res \u00e0 tous nos fournisseurs cl\u00e9s pour leur compr\u00e9hension lorsque, malheureusement, certains paiements sont parfois effectu\u00e9s apr\u00e8s la date d\u2019\u00e9ch\u00e9ance de leurs factures. Gr\u00e2ce au cr\u00e9dit-relais et \u00e0 la lev\u00e9e de fonds en cours, la Soci\u00e9t\u00e9 est certaine de pouvoir payer toutes ses factures \u00e9chues dans les mois \u00e0 venir. Nous sommes impatients de renforcer encore nos relations commerciales avec nos fournisseurs, au fur et \u00e0 mesure de la fusion avec la SPAC<\/em>.\u00a0\u00bb<\/p>\n<p><strong>\u00a0<\/strong><\/p>\n<p><strong>Mise en \u0153uvre du nouveau mod\u00e8le op\u00e9rationnel<\/strong><\/p>\n<p>Suite \u00e0 l&rsquo;annonce faite le 23 d\u00e9cembre 2021 concernant la scission de l&rsquo;activit\u00e9 eTransport en une nouvelle entit\u00e9 juridique suisse, Leclanch\u00e9 E-Mobility S.A., et sa fusion pr\u00e9vue avec une soci\u00e9t\u00e9 d&rsquo;acquisition \u00e0 but sp\u00e9cifique (SPAC) cot\u00e9e aux Etats-Unis, le conseil d&rsquo;administration de la Soci\u00e9t\u00e9 a approuv\u00e9 un nouveau mod\u00e8le op\u00e9rationnel afin d&rsquo;assurer une transition en douceur au moment de la fusion et de permettre la mise en place d&rsquo;un plan de croissance cibl\u00e9 pour toutes les activit\u00e9s du Groupe Leclanch\u00e9 SA. Les deux unit\u00e9s op\u00e9rationnelles ind\u00e9pendantes sont :<\/p>\n<ol>\n<li>Leclanch\u00e9 S.A. ax\u00e9e sur les solutions de stockage d&rsquo;\u00e9nergie stationnaire et les syst\u00e8mes de batteries sp\u00e9cialis\u00e9es ;<\/li>\n<li>Leclanch\u00e9 E-Mobility S.A. se concentre sur l&rsquo;activit\u00e9 eTransport.<\/li>\n<\/ol>\n<p>Ind\u00e9pendamment de la restructuration susmentionn\u00e9e, <strong>Hubert Angleys,<\/strong> le directeur financier, a d\u00e9cid\u00e9 de quitter l&rsquo;entreprise et de se tourner vers d&rsquo;autres opportunit\u00e9s. Il restera en poste pendant un certain temps afin de finaliser le travail d&rsquo;audit des comptes de 2021 et la mise en \u0153uvre de la nouvelle organisation. La Soci\u00e9t\u00e9 a nomm\u00e9 <strong>Fabrizio Pauletti<\/strong> comme directeur financier ad interim jusqu&rsquo;\u00e0 la fusion avec la SPAC. Il travaillera en \u00e9troite collaboration avec Hubert Angleys pendant cette p\u00e9riode de transition.<\/p>\n<p>Fabrizio Pauletti a obtenu son dipl\u00f4me et son doctorat en \u00e9conomie \u00e0 l&rsquo;universit\u00e9 de B\u00e2le et est analyste financier et gestionnaire de portefeuilles certifi\u00e9 (CIIA). Il a \u00e9t\u00e9 membre du conseil d&rsquo;administration de diverses soci\u00e9t\u00e9s dans les secteurs de la finance et de l&rsquo;industrie. Il donne des cours en finance d&rsquo;entreprise \u00e0 la Controller Academy de B\u00e2le et de Zurich.<\/p>\n<p><strong>Dr. Llu\u00eds M. Fargas<\/strong>, pr\u00e9sident du comit\u00e9 d&rsquo;audit et de gestion des risques, aidera et guidera le directeur financier ad interim pendant le processus de fusion.<\/p>\n<p><strong>Stefan M\u00fcller, pr\u00e9sident du conseil d&rsquo;administration de Leclanch\u00e9, a d\u00e9clar\u00e9 :<\/strong> \u00ab\u00a0<em>Je tiens \u00e0 remercier Hubert Angleys pour tout ce qu\u2019il a apport\u00e9 \u00e0 Leclanch\u00e9 et pour son travail acharn\u00e9 en faveur de la croissance de la Soci\u00e9t\u00e9 au cours des six derni\u00e8res ann\u00e9es. Son d\u00e9vouement et son professionnalisme ont \u00e9t\u00e9 un grand atout pour l&rsquo;Entreprise, et je lui souhaite sinc\u00e8rement de r\u00e9ussir dans sa nouvelle aventure professionnelle. Je tiens \u00e9galement \u00e0 le remercier chaleureusement pour les proc\u00e8s-verbaux de toutes les r\u00e9unions et appels du conseil d&rsquo;administration dont il s&rsquo;est patiemment occup\u00e9 en tant que secr\u00e9taire du conseil d&rsquo;administration.<\/em>\u00a0\u00bb<\/p>\n<p><strong>Anil Srivastava, directeur g\u00e9n\u00e9ral de Leclanch\u00e9, a d\u00e9clar\u00e9 :<\/strong> \u00ab\u00a0<em>Hubert Angleys a jou\u00e9 un r\u00f4le inestimable dans le d\u00e9veloppement de l&rsquo;activit\u00e9 du nouveau Leclanch\u00e9. Il a vraiment \u00e9t\u00e9 un partenaire commercial et un coll\u00e8gue formidable. J&rsquo;ai eu plaisir \u00e0 travailler avec lui et j\u2019ai pu vraiment appr\u00e9cier son int\u00e9grit\u00e9 et ses capacit\u00e9s multit\u00e2ches. Nous lui souhaitons le meilleur pour ses projets futurs.<\/em>\u00a0\u00bb<\/p>\n<p><strong>\u00a0<\/strong><\/p>\n<p><strong>Bien que retard\u00e9 de quelques semaines le processus SPAC avance de mani\u00e8re satisfaisante<\/strong><\/p>\n<p>Dans notre annonce du 23 d\u00e9cembre 2021, nous avions mentionn\u00e9 que nous esp\u00e9rions annoncer la fusion d\u00e9finitive avec la SPAC \u00e0 la mi-f\u00e9vrier 2022. Le travail d\u2019audit de Leclanch\u00e9 par la SPAC est toujours en cours. Nous pr\u00e9voyons que ce processus se termine d\u2019ici six \u00e0 huit semaines. Ainsi, nous pensons pouvoir annoncer la fusion d\u00e9finitive avec la SPAC d&rsquo;ici fin avril 2022. Nous tenons \u00e0 r\u00e9affirmer que le processus de la SPAC, bien que retard\u00e9, se d\u00e9roule bien.<\/p>\n<p>Le soutien sans faille de notre principal actionnaire, qui s&rsquo;engage \u00e0 investir jusqu&rsquo;\u00e0 USD 50 millions dans le PIPE, compl\u00e9tera de mani\u00e8re significative le montant du trust de la SPAC et garantira l&rsquo;injection de liquidit\u00e9s la plus \u00e9lev\u00e9e possible dans la soci\u00e9t\u00e9 fusionn\u00e9e.<\/p>\n<p>&nbsp;<\/p>\n<p><strong>Poursuite de la conqu\u00eate de nouveaux clients et forte dynamique de croissance<\/strong><\/p>\n<p>Malgr\u00e9 les probl\u00e8mes persistants de la cha\u00eene d&rsquo;approvisionnement, la Soci\u00e9t\u00e9 continue de gagner de nouveaux clients dans le monde entier. L&rsquo;Entreprise est heureuse d&rsquo;annoncer qu&rsquo;elle a renouvel\u00e9 son contrat avec un important op\u00e9rateur de trains et de locomotives en Am\u00e9rique du Nord. Ceci confirme une fois de plus la valeur concurrentielle des produits et solutions Leclanch\u00e9, et surtout la confiance de ses clients.<\/p>\n<p>Le carnet de commandes cumul\u00e9 depuis le d\u00e9but de l&rsquo;ann\u00e9e (backlog) du Groupe Leclanch\u00e9 d\u00e9passe les USD 51 millions, dont USD 33 millions ou 62% du total pour Leclanch\u00e9 E-Mobility.<\/p>\n<p>&nbsp;<\/p>\n<p>Pour plus d&rsquo;informations, \u00e9crivez \u00e0 <a href=\"mailto:info@leclanche.com\">info@leclanche.com<\/a> \u00a0ou visitez <a href=\"http:\/\/www.leclanche.com\">www.leclanche.com<\/a>.<\/p>\n<p><strong>\u00c0<\/strong><strong> propos de Leclanch\u00e9<\/strong><\/p>\n<p>Leclanch\u00e9 SA, dont le si\u00e8ge social se trouve en Suisse, est un fournisseur mondial de premier plan de solutions de stockage d&rsquo;\u00e9nergie de haute qualit\u00e9 con\u00e7ues pour acc\u00e9l\u00e9rer nos progr\u00e8s vers un avenir \u00e9nerg\u00e9tique propre. L&rsquo;histoire et l&rsquo;h\u00e9ritage de Leclanch\u00e9 s&rsquo;enracinent dans plus de 100 ans d&rsquo;innovation et la soci\u00e9t\u00e9 est un fournisseur de confiance de solutions de stockage d&rsquo;\u00e9nergie dans le monde entier. Ceci, combin\u00e9 \u00e0 la culture de l\u2019Entreprise en mati\u00e8re d&rsquo;ing\u00e9nierie allemande, de pr\u00e9cision et de qualit\u00e9 suisse, fait de Leclanch\u00e9 le partenaire de choix des perturbateurs, des entreprises \u00e9tablies et des gouvernements qui sont \u00e0 l&rsquo;avant-garde des changements positifs dans la fa\u00e7on dont l&rsquo;\u00e9nergie est produite, distribu\u00e9e et consomm\u00e9e \u00e0 travers le monde. La transition \u00e9nerg\u00e9tique est principalement tir\u00e9e par les changements dans la gestion de nos r\u00e9seaux \u00e9lectriques et l&rsquo;\u00e9lectrification des transports, et ces deux march\u00e9s finaux constituent l&rsquo;\u00e9pine dorsale de notre strat\u00e9gie et de notre mod\u00e8le \u00e9conomique. Leclanch\u00e9 est au c\u0153ur de la convergence de l&rsquo;\u00e9lectrification des transports et de l&rsquo;\u00e9volution du r\u00e9seau de distribution. Leclanch\u00e9 est organis\u00e9 en trois business units: solutions de stockage d&rsquo;\u00e9nergie, solutions e-mobilit\u00e9 et syst\u00e8mes de batteries sp\u00e9cialis\u00e9es. Leclanch\u00e9 est cot\u00e9e \u00e0 la Bourse suisse (SIX : LECN).<\/p>\n<p>SIX Swiss Exchange: ticker symbol LECN | ISIN CH 011 030 311 9<\/p>\n<p><strong>\u00a0<\/strong><\/p>\n<p><strong>Clause de non-responsabilit\u00e9<\/strong><\/p>\n<p>Le pr\u00e9sent communiqu\u00e9 de presse contient certaines d\u00e9clarations prospectives relatives aux activit\u00e9s de Leclanch\u00e9, qui peuvent \u00eatre identifi\u00e9es par des termes tels que \u00ab strat\u00e9gique \u00bb, \u00ab propose \u00bb, \u00ab introduire \u00bb, \u00ab sera \u00bb, \u00ab planifi\u00e9 \u00bb, \u00ab pr\u00e9vu \u00bb, \u00ab attendu \u00bb, \u00ab engagement \u00bb, \u00ab attend \u00bb, \u00ab pr\u00e9voit \u00bb, \u00ab \u00e9tabli \u00bb, \u00ab pr\u00e9pare \u00bb, \u00ab plans \u00bb, \u00ab estimations \u00bb, \u00ab objectifs \u00bb, \u00ab serait \u00bb, \u00ab potentiel \u00bb, \u00ab attente \u00bb, \u00ab estimation \u00bb, \u00ab proposition \u00bb ou expressions similaires, ou par des discussions explicites ou implicites concernant la mont\u00e9e en puissance de la capacit\u00e9 de production de Leclanch\u00e9, les applications potentielles des produits existants, ou les revenus futurs potentiels de ces produits, ou les ventes ou b\u00e9n\u00e9fices futurs potentiels de Leclanch\u00e9 ou d&rsquo;une de ses unit\u00e9s commerciales. Vous ne devez pas vous fier ind\u00fbment \u00e0 ces d\u00e9clarations. Ces \u00e9nonc\u00e9s prospectifs refl\u00e8tent les opinions actuelles de Leclanch\u00e9 \u00e0 l&rsquo;\u00e9gard d&rsquo;\u00e9v\u00e9nements futurs et comportent des risques connus et inconnus, des incertitudes et d&rsquo;autres facteurs qui pourraient faire en sorte que les r\u00e9sultats r\u00e9els diff\u00e8rent sensiblement des r\u00e9sultats, performances ou r\u00e9alisations futurs exprim\u00e9s ou sous-entendus dans ces \u00e9nonc\u00e9s. Il n&rsquo;y a aucune garantie que les produits de Leclanch\u00e9 atteindront des niveaux de revenus particuliers. Rien ne garantit non plus que Leclanch\u00e9, ou l&rsquo;une quelconque de ses unit\u00e9s d&rsquo;affaires, obtiendra des r\u00e9sultats financiers particuliers.<\/p>\n<p><strong>\u00a0<\/strong><\/p>\n<p><strong>Contacts Leclanch\u00e9<\/strong><\/p>\n<p><strong>\u00a0<\/strong><\/p>\n<p><strong>M\u00e9dia Suisse<\/strong><strong> \/ Europe :<\/strong><\/p>\n<p>Thierry Meyer<\/p>\n<p>T : +41 (0) 79\u00a0785 35 81<\/p>\n<p>E-mail : <a href=\"mailto:tme@dynamicsgroup.ch\">tme@dynamicsgroup.ch<\/a><\/p>\n<p>&nbsp;<\/p>\n<p><strong>M\u00e9dia Am\u00e9rique du Nord :<\/strong><\/p>\n<p>Henry Feintuch \/ Ashley Blas<\/p>\n<p>T : +1-646-753-5710 \/ +1-646-753-5713<\/p>\n<p>E-mail : <a href=\"mailto:leclanche@feintuchpr.com\">leclanche@feintuchpr.com<\/a><\/p>\n<p>&nbsp;<\/p>\n<p><strong>M\u00e9dia Allemagne :<\/strong><\/p>\n<p>Christoph Miller<\/p>\n<p>T : +49 (0) 711 947 670<\/p>\n<p>E-mail : <a href=\"mailto:leclanche@sympra.de\">leclanche@sympra.de<\/a><\/p>\n<p>&nbsp;<\/p>\n<p><strong>Contacts investisseurs :<\/strong><\/p>\n<p>Anil Srivastava \/ Hubert Angleys<\/p>\n<p>T : +41 (0) 24 424 65 00<\/p>\n<p>E-mail : <a href=\"mailto:invest.leclanche@leclanche.com\">invest.leclanche@leclanche.com<\/a><\/p>\n<p>&nbsp;<\/p>\n<p>&nbsp;<\/p>\n<p><a href=\"#_ftnref1\" name=\"_ftn1\">[1]<\/a> SEFAM signifie : AM INVESTMENT SCA, SICAV-SIF &#8211; Illiquid Assets Sub-Fund and AM INVESTMENT SCA, SICAV-SIF \u2013 R&amp;D Sub-Fund, ainsi que STRATEGIC EQUITY FUND &#8211; Renewable Energy Sub-Fund, STRATEGIC EQUITY FUND &#8211; Multi Asset Strategy Sub-Fund, STRATEGIC EQUITY FUND \u2013 E Money Strategies Sub-Fund (\u00e9galement appel\u00e9 Energy Storage Invest) et, tous ces fonds \u00e9tant globalement l&rsquo;actionnaire principal de Leclanch\u00e9, ci-apr\u00e8s d\u00e9nomm\u00e9s \u00ab SEFAM \u00bb.<\/p>\n<p><a href=\"#_ftnref2\" name=\"_ftn2\">[2]<\/a> Investissement priv\u00e9 dans des actions publiques &#8211; il compl\u00e8te le capital d\u00e9tenu dans le compte fiduciaire de la SPAC.<\/p>\n<p><a href=\"#_ftnref3\" name=\"_ftn3\">[3]<\/a> Revenus contractuels : carnet de commandes non pond\u00e9r\u00e9 et accords-cadres d&rsquo;approvisionnement, y compris : le carnet de commandes ; les opportunit\u00e9s engag\u00e9es, y compris les appels pr\u00e9vus dans le cadre des accords d&rsquo;approvisionnement (accord d&rsquo;approvisionnement \u00e0 long terme &#8211; LTSA, MOU, LOI, T&amp;C g\u00e9n\u00e9ral) ; et les projets ponctuels engag\u00e9s avec tout client avec ou sans accord-cadre.<\/p>\n<p>&nbsp;<\/p>\n","protected":false},"excerpt":{"rendered":"<p>Annonce \u00e9v\u00e9nementielle au sens de l\u2019art. 53 RC \u00a0 La Soci\u00e9t\u00e9 confirme qu&rsquo;elle a obtenu un cr\u00e9dit-relais de CHF 20,4 millions aupr\u00e8s de SEFAM[1] afin de financer ses activit\u00e9s jusqu&rsquo;\u00e0 la fusion pr\u00e9vue de Leclanch\u00e9 E-Mobility S.A. avec une soci\u00e9t\u00e9 d&rsquo;acquisition \u00e0 but sp\u00e9cifique (SPAC) cot\u00e9e aux \u00c9tats-Unis, conform\u00e9ment \u00e0 l&rsquo;annonce du 23 d\u00e9cembre 2021. [&hellip;]<\/p>\n","protected":false},"author":2,"featured_media":0,"comment_status":"open","ping_status":"open","sticky":false,"template":"","format":"standard","meta":{"footnotes":""},"categories":[105,46],"tags":[],"class_list":["post-11393","post","type-post","status-publish","format-standard","hentry","category-communiques-boursiers","category-communiques-de-presse-fr"],"yoast_head":"<!-- This site is optimized with the Yoast SEO plugin v26.4 - https:\/\/yoast.com\/wordpress\/plugins\/seo\/ -->\n<title>Leclanch\u00e9 effectue une communication importante sur ses activit\u00e9s - Leclanch\u00e9<\/title>\n<meta name=\"description\" content=\"Annonce \u00e9v\u00e9nementielle au sens de l\u2019art. 53 RC \u00a0 La Soci\u00e9t\u00e9 confirme qu&#039;elle a obtenu un cr\u00e9dit-relais de CHF 20,4 millions aupr\u00e8s de SEFAM afin de\" \/>\n<meta name=\"robots\" content=\"index, follow, max-snippet:-1, max-image-preview:large, max-video-preview:-1\" \/>\n<link rel=\"canonical\" href=\"https:\/\/www.leclanche.com\/fr\/leclanche-effectue-une-communication-importante-sur-ses-activites\/\" \/>\n<meta property=\"og:locale\" content=\"fr_FR\" \/>\n<meta property=\"og:type\" content=\"article\" \/>\n<meta property=\"og:title\" content=\"Leclanch\u00e9 effectue une communication importante sur ses activit\u00e9s - Leclanch\u00e9\" \/>\n<meta property=\"og:description\" content=\"Annonce \u00e9v\u00e9nementielle au sens de l\u2019art. 53 RC \u00a0 La Soci\u00e9t\u00e9 confirme qu&#039;elle a obtenu un cr\u00e9dit-relais de CHF 20,4 millions aupr\u00e8s de SEFAM afin de\" \/>\n<meta property=\"og:url\" content=\"https:\/\/www.leclanche.com\/fr\/leclanche-effectue-une-communication-importante-sur-ses-activites\/\" \/>\n<meta property=\"og:site_name\" content=\"Leclanch\u00e9\" \/>\n<meta property=\"article:published_time\" content=\"2022-02-24T18:45:23+00:00\" \/>\n<meta property=\"article:modified_time\" content=\"2022-02-25T13:17:52+00:00\" \/>\n<meta name=\"author\" content=\"Annick.Bid\" \/>\n<meta name=\"twitter:card\" content=\"summary_large_image\" \/>\n<meta name=\"twitter:label1\" content=\"\u00c9crit par\" \/>\n\t<meta name=\"twitter:data1\" content=\"Annick.Bid\" \/>\n\t<meta name=\"twitter:label2\" content=\"Dur\u00e9e de lecture estim\u00e9e\" \/>\n\t<meta name=\"twitter:data2\" content=\"10 minutes\" \/>\n<script type=\"application\/ld+json\" class=\"yoast-schema-graph\">{\"@context\":\"https:\/\/schema.org\",\"@graph\":[{\"@type\":\"WebPage\",\"@id\":\"https:\/\/www.leclanche.com\/fr\/leclanche-effectue-une-communication-importante-sur-ses-activites\/\",\"url\":\"https:\/\/www.leclanche.com\/fr\/leclanche-effectue-une-communication-importante-sur-ses-activites\/\",\"name\":\"Leclanch\u00e9 effectue une communication importante sur ses activit\u00e9s - Leclanch\u00e9\",\"isPartOf\":{\"@id\":\"https:\/\/www.leclanche.com\/fr\/#website\"},\"datePublished\":\"2022-02-24T18:45:23+00:00\",\"dateModified\":\"2022-02-25T13:17:52+00:00\",\"author\":{\"@id\":\"https:\/\/www.leclanche.com\/fr\/#\/schema\/person\/7ef725388a3f2b409a32cfa92059aa64\"},\"description\":\"Annonce \u00e9v\u00e9nementielle au sens de l\u2019art. 53 RC \u00a0 La Soci\u00e9t\u00e9 confirme qu'elle a obtenu un cr\u00e9dit-relais de CHF 20,4 millions aupr\u00e8s de SEFAM afin de\",\"breadcrumb\":{\"@id\":\"https:\/\/www.leclanche.com\/fr\/leclanche-effectue-une-communication-importante-sur-ses-activites\/#breadcrumb\"},\"inLanguage\":\"fr-FR\",\"potentialAction\":[{\"@type\":\"ReadAction\",\"target\":[\"https:\/\/www.leclanche.com\/fr\/leclanche-effectue-une-communication-importante-sur-ses-activites\/\"]}]},{\"@type\":\"BreadcrumbList\",\"@id\":\"https:\/\/www.leclanche.com\/fr\/leclanche-effectue-une-communication-importante-sur-ses-activites\/#breadcrumb\",\"itemListElement\":[{\"@type\":\"ListItem\",\"position\":1,\"name\":\"Accueil\",\"item\":\"https:\/\/www.leclanche.com\/fr\/\"},{\"@type\":\"ListItem\",\"position\":2,\"name\":\"Leclanch\u00e9 effectue une communication importante sur ses activit\u00e9s\"}]},{\"@type\":\"WebSite\",\"@id\":\"https:\/\/www.leclanche.com\/fr\/#website\",\"url\":\"https:\/\/www.leclanche.com\/fr\/\",\"name\":\"Leclanch\u00e9\",\"description\":\"Energy Storage Solutions\",\"potentialAction\":[{\"@type\":\"SearchAction\",\"target\":{\"@type\":\"EntryPoint\",\"urlTemplate\":\"https:\/\/www.leclanche.com\/fr\/?s={search_term_string}\"},\"query-input\":{\"@type\":\"PropertyValueSpecification\",\"valueRequired\":true,\"valueName\":\"search_term_string\"}}],\"inLanguage\":\"fr-FR\"},{\"@type\":\"Person\",\"@id\":\"https:\/\/www.leclanche.com\/fr\/#\/schema\/person\/7ef725388a3f2b409a32cfa92059aa64\",\"name\":\"Annick.Bid\",\"image\":{\"@type\":\"ImageObject\",\"inLanguage\":\"fr-FR\",\"@id\":\"https:\/\/www.leclanche.com\/fr\/#\/schema\/person\/image\/\",\"url\":\"https:\/\/secure.gravatar.com\/avatar\/0fe6baaabc318280db3d0e10c43b8017aa89b961c16e819765bd4fb65396af34?s=96&d=mm&r=g\",\"contentUrl\":\"https:\/\/secure.gravatar.com\/avatar\/0fe6baaabc318280db3d0e10c43b8017aa89b961c16e819765bd4fb65396af34?s=96&d=mm&r=g\",\"caption\":\"Annick.Bid\"},\"url\":\"https:\/\/www.leclanche.com\/fr\/author\/annick-bid\/\"}]}<\/script>\n<!-- \/ Yoast SEO plugin. -->","yoast_head_json":{"title":"Leclanch\u00e9 effectue une communication importante sur ses activit\u00e9s - Leclanch\u00e9","description":"Annonce \u00e9v\u00e9nementielle au sens de l\u2019art. 53 RC \u00a0 La Soci\u00e9t\u00e9 confirme qu'elle a obtenu un cr\u00e9dit-relais de CHF 20,4 millions aupr\u00e8s de SEFAM afin de","robots":{"index":"index","follow":"follow","max-snippet":"max-snippet:-1","max-image-preview":"max-image-preview:large","max-video-preview":"max-video-preview:-1"},"canonical":"https:\/\/www.leclanche.com\/fr\/leclanche-effectue-une-communication-importante-sur-ses-activites\/","og_locale":"fr_FR","og_type":"article","og_title":"Leclanch\u00e9 effectue une communication importante sur ses activit\u00e9s - Leclanch\u00e9","og_description":"Annonce \u00e9v\u00e9nementielle au sens de l\u2019art. 53 RC \u00a0 La Soci\u00e9t\u00e9 confirme qu'elle a obtenu un cr\u00e9dit-relais de CHF 20,4 millions aupr\u00e8s de SEFAM afin de","og_url":"https:\/\/www.leclanche.com\/fr\/leclanche-effectue-une-communication-importante-sur-ses-activites\/","og_site_name":"Leclanch\u00e9","article_published_time":"2022-02-24T18:45:23+00:00","article_modified_time":"2022-02-25T13:17:52+00:00","author":"Annick.Bid","twitter_card":"summary_large_image","twitter_misc":{"\u00c9crit par":"Annick.Bid","Dur\u00e9e de lecture estim\u00e9e":"10 minutes"},"schema":{"@context":"https:\/\/schema.org","@graph":[{"@type":"WebPage","@id":"https:\/\/www.leclanche.com\/fr\/leclanche-effectue-une-communication-importante-sur-ses-activites\/","url":"https:\/\/www.leclanche.com\/fr\/leclanche-effectue-une-communication-importante-sur-ses-activites\/","name":"Leclanch\u00e9 effectue une communication importante sur ses activit\u00e9s - Leclanch\u00e9","isPartOf":{"@id":"https:\/\/www.leclanche.com\/fr\/#website"},"datePublished":"2022-02-24T18:45:23+00:00","dateModified":"2022-02-25T13:17:52+00:00","author":{"@id":"https:\/\/www.leclanche.com\/fr\/#\/schema\/person\/7ef725388a3f2b409a32cfa92059aa64"},"description":"Annonce \u00e9v\u00e9nementielle au sens de l\u2019art. 53 RC \u00a0 La Soci\u00e9t\u00e9 confirme qu'elle a obtenu un cr\u00e9dit-relais de CHF 20,4 millions aupr\u00e8s de SEFAM afin de","breadcrumb":{"@id":"https:\/\/www.leclanche.com\/fr\/leclanche-effectue-une-communication-importante-sur-ses-activites\/#breadcrumb"},"inLanguage":"fr-FR","potentialAction":[{"@type":"ReadAction","target":["https:\/\/www.leclanche.com\/fr\/leclanche-effectue-une-communication-importante-sur-ses-activites\/"]}]},{"@type":"BreadcrumbList","@id":"https:\/\/www.leclanche.com\/fr\/leclanche-effectue-une-communication-importante-sur-ses-activites\/#breadcrumb","itemListElement":[{"@type":"ListItem","position":1,"name":"Accueil","item":"https:\/\/www.leclanche.com\/fr\/"},{"@type":"ListItem","position":2,"name":"Leclanch\u00e9 effectue une communication importante sur ses activit\u00e9s"}]},{"@type":"WebSite","@id":"https:\/\/www.leclanche.com\/fr\/#website","url":"https:\/\/www.leclanche.com\/fr\/","name":"Leclanch\u00e9","description":"Energy Storage Solutions","potentialAction":[{"@type":"SearchAction","target":{"@type":"EntryPoint","urlTemplate":"https:\/\/www.leclanche.com\/fr\/?s={search_term_string}"},"query-input":{"@type":"PropertyValueSpecification","valueRequired":true,"valueName":"search_term_string"}}],"inLanguage":"fr-FR"},{"@type":"Person","@id":"https:\/\/www.leclanche.com\/fr\/#\/schema\/person\/7ef725388a3f2b409a32cfa92059aa64","name":"Annick.Bid","image":{"@type":"ImageObject","inLanguage":"fr-FR","@id":"https:\/\/www.leclanche.com\/fr\/#\/schema\/person\/image\/","url":"https:\/\/secure.gravatar.com\/avatar\/0fe6baaabc318280db3d0e10c43b8017aa89b961c16e819765bd4fb65396af34?s=96&d=mm&r=g","contentUrl":"https:\/\/secure.gravatar.com\/avatar\/0fe6baaabc318280db3d0e10c43b8017aa89b961c16e819765bd4fb65396af34?s=96&d=mm&r=g","caption":"Annick.Bid"},"url":"https:\/\/www.leclanche.com\/fr\/author\/annick-bid\/"}]}},"_links":{"self":[{"href":"https:\/\/www.leclanche.com\/fr\/wp-json\/wp\/v2\/posts\/11393","targetHints":{"allow":["GET"]}}],"collection":[{"href":"https:\/\/www.leclanche.com\/fr\/wp-json\/wp\/v2\/posts"}],"about":[{"href":"https:\/\/www.leclanche.com\/fr\/wp-json\/wp\/v2\/types\/post"}],"author":[{"embeddable":true,"href":"https:\/\/www.leclanche.com\/fr\/wp-json\/wp\/v2\/users\/2"}],"replies":[{"embeddable":true,"href":"https:\/\/www.leclanche.com\/fr\/wp-json\/wp\/v2\/comments?post=11393"}],"version-history":[{"count":2,"href":"https:\/\/www.leclanche.com\/fr\/wp-json\/wp\/v2\/posts\/11393\/revisions"}],"predecessor-version":[{"id":11399,"href":"https:\/\/www.leclanche.com\/fr\/wp-json\/wp\/v2\/posts\/11393\/revisions\/11399"}],"wp:attachment":[{"href":"https:\/\/www.leclanche.com\/fr\/wp-json\/wp\/v2\/media?parent=11393"}],"wp:term":[{"taxonomy":"category","embeddable":true,"href":"https:\/\/www.leclanche.com\/fr\/wp-json\/wp\/v2\/categories?post=11393"},{"taxonomy":"post_tag","embeddable":true,"href":"https:\/\/www.leclanche.com\/fr\/wp-json\/wp\/v2\/tags?post=11393"}],"curies":[{"name":"wp","href":"https:\/\/api.w.org\/{rel}","templated":true}]}}