{"id":11828,"date":"2022-06-30T19:15:40","date_gmt":"2022-06-30T17:15:40","guid":{"rendered":"https:\/\/www.leclanche.com\/?p=11828"},"modified":"2022-06-30T19:12:05","modified_gmt":"2022-06-30T17:12:05","slug":"leclanche-fournit-des-mises-a-jour-sur-ses-activites-et-sa-situation-financiere","status":"publish","type":"post","link":"https:\/\/www.leclanche.com\/fr\/leclanche-fournit-des-mises-a-jour-sur-ses-activites-et-sa-situation-financiere\/","title":{"rendered":"Leclanch\u00e9 fournit des mises \u00e0 jour sur ses activit\u00e9s et sa situation financi\u00e8re"},"content":{"rendered":"<p><em>Annonce \u00e9v\u00e9nementielle au sens de l\u2019art. 53 RC<\/em><\/p>\n<p><strong>\u00a0<\/strong><\/p>\n<ul>\n<li><em>La Soci\u00e9t\u00e9 a \u00e9labor\u00e9 et n\u00e9goci\u00e9 avec diff\u00e9rentes parties prenantes les conditions permettant d&rsquo;assurer la continuit\u00e9 de l&rsquo;exploitation jusqu&rsquo;en juin 2023.<\/em><\/li>\n<li><em>Compte tenu des n\u00e9gociations de fusion en cours, la demande de d\u00e9rogation de la Soci\u00e9t\u00e9 de publier les comptes 2021 avant le 31 juillet 2022 a \u00e9t\u00e9 accept\u00e9e par SIX Exchange Regulation AG, le r\u00e9gulateur boursier.<\/em><\/li>\n<li><em>La situation de surendettement a \u00e9t\u00e9 r\u00e9solue avec le soutien du principal actionnaire de la soci\u00e9t\u00e9, SEFAM.<a href=\"#_ftn1\" name=\"_ftnref1\"><sup><strong>[1]<\/strong><\/sup><\/a><\/em><\/li>\n<\/ul>\n<p><strong>\u00a0<\/strong><\/p>\n<p><strong>YVERDON-LES-BAINS, Suisse, 30 juin 2022<\/strong> \u2013 <a href=\"https:\/\/www.leclanche.com\/fr\/\">Leclanch\u00e9 SA<\/a> (SIX: LECN), (SIX : LECN), l&rsquo;un des leaders mondiaux du stockage d&rsquo;\u00e9nergie, communique aujourd&rsquo;hui les informations suivantes.<\/p>\n<p><strong>Anil Srivastava, CEO de Leclanch\u00e9, a d\u00e9clar\u00e9 :<\/strong><em> \u00ab\u00a0Nous remercions notre principal actionnaire SEFAM d&rsquo;avoir confirm\u00e9 son engagement \u00e0 convertir une grande partie de sa dette en actions bien avant l&rsquo;\u00e9ch\u00e9ance. Cela permet \u00e0 la soci\u00e9t\u00e9 d&rsquo;\u00e9conomiser d&rsquo;importantes liquidit\u00e9s sur les paiements d&rsquo;int\u00e9r\u00eats et de renforcer consid\u00e9rablement son bilan. Le financement suppl\u00e9mentaire de SEFAM et son soutien pour obtenir des fonds de tiers vont permettre \u00e0 la soci\u00e9t\u00e9 de poursuivre ses activit\u00e9s jusqu&rsquo;en juin 2023.\u00a0\u00bb<\/em><\/p>\n<p><em>\u00a0<\/em><\/p>\n<p><strong>Mise \u00e0 jour des activit\u00e9s :<\/strong><\/p>\n<p>Comme annonc\u00e9 le 6 juin 2022, la soci\u00e9t\u00e9 continue de travailler sur le financement complet de ses activit\u00e9s commerciales jusqu&rsquo;en 2024 gr\u00e2ce \u00e0 diverses actions en cours. Celles-ci comprennent :<\/p>\n<ul>\n<li>Comme annonc\u00e9 le 2 mai 2022, le processus de due diligence pour la fusion de Leclanch\u00e9 E-Mobility SA avec une soci\u00e9t\u00e9 d&rsquo;acquisition \u00e0 but sp\u00e9cial (\u00ab\u00a0SPAC\u00a0\u00bb) est termin\u00e9. Cependant, en raison des conditions actuelles difficiles sur les march\u00e9s financiers, la recherche d&rsquo;investisseurs pour le PIPE<a href=\"#_ftn2\" name=\"_ftnref2\">[2]<\/a> est d\u00e9sormais orient\u00e9e vers des investisseurs strat\u00e9giques.<\/li>\n<li>La soci\u00e9t\u00e9 est maintenant engag\u00e9e avec deux acteurs cl\u00e9 de l\u2019industrie pour un investissement strat\u00e9gique potentiel dans Leclanch\u00e9 E-Mobility. En plus de fournir le nouveau capital de croissance, de tels partenariats peuvent acc\u00e9l\u00e9rer la maturit\u00e9 des processus industriels et l&rsquo;acc\u00e8s \u00e0 de nouveaux march\u00e9s.<\/li>\n<li>La finalisation d&rsquo;autres formes d&rsquo;investissements dans Leclanch\u00e9 E-Mobility est maintenant pr\u00e9vue pour d\u00e9cembre 2022.<\/li>\n<\/ul>\n<p><strong><u>\u00a0<\/u><\/strong><\/p>\n<p><strong><u>Publication des comptes annuels 2021 avant le 31 juillet 2022<\/u><\/strong><\/p>\n<p>La soci\u00e9t\u00e9 a demand\u00e9 une prolongation du d\u00e9lai de publication de son rapport annuel 2021 afin d\u2019achever les accords visant \u00e0 traiter son surendettement conform\u00e9ment \u00e0 l&rsquo;art. 725 par. 2 du Code suisse des obligations et pour mettre en \u0153uvre les accords de financement pour la continuit\u00e9 de l&rsquo;exploitation, deux points essentiels pour que les auditeurs externes de la Soci\u00e9t\u00e9 puissent finaliser les proc\u00e9dures d&rsquo;audit et \u00e9mettre des opinions d&rsquo;audit sur les \u00e9tats financiers consolid\u00e9s et statutaires de 2021. La Soci\u00e9t\u00e9 confirme qu&rsquo;elle a obtenu une subordination suppl\u00e9mentaire des pr\u00eats de SEFAM pour r\u00e9soudre son surendettement et travaille actuellement \u00e0 la signature des accords de conversion. La Soci\u00e9t\u00e9 a \u00e9galement pris des dispositions pour le financement du plan d&rsquo;affaires jusqu&rsquo;en juin 2023 et travaille actuellement \u00e0 la mise en \u0153uvre de ces pr\u00eats.<\/p>\n<p>Par d\u00e9cision du 30 juin 2022, SIX Exchange Regulation AG a approuv\u00e9 une prolongation du d\u00e9lai de publication du rapport annuel 2021 de Leclanch\u00e9 jusqu&rsquo;au 31 juillet 2022. SIX Exchange Regulation AG a demand\u00e9 \u00e0 Leclanch\u00e9 d&rsquo;ins\u00e9rer l&rsquo;extrait ci-dessous dans ce communiqu\u00e9 de presse :<\/p>\n<p><strong>\u00a0\u00bb La demande de l&rsquo;\u00c9metteur est accord\u00e9e comme suit :<\/strong><\/p>\n<ol>\n<li><strong> La demande de d\u00e9rogation de Leclanch\u00e9 (\u00c9metteur) du 29 juin 2022 sollicitant une troisi\u00e8me prolongation du d\u00e9lai de publication de son rapport annuel 2021 et de d\u00e9p\u00f4t de ce rapport aupr\u00e8s de SIX Exchange Regulation AG jusqu&rsquo;au 31 juillet 2022 au plus tard est accord\u00e9e avec la r\u00e9serve suivante (lit. a) et aux conditions suivantes (lit. b) :<\/strong><\/li>\n<\/ol>\n<p><strong>\u00a0<\/strong><\/p>\n<ol>\n<li><strong> SIX Exchange Regulation AG se r\u00e9serve le droit de suspendre le n\u00e9goce des actions nominatives de l&rsquo;\u00c9metteur au cas o\u00f9 son rapport annuel 2021 ne serait pas publi\u00e9 conform\u00e9ment aux dispositions sur la publicit\u00e9 ad hoc (art. 53 du R\u00e8glement de cotation [RC] en relation avec la Directive sur la publicit\u00e9 ad hoc [DAH]) et non d\u00e9pos\u00e9 aupr\u00e8s de SIX Exchange Regulation AG jusqu&rsquo;au dimanche 31 juillet 2022, 23h59 HEC, au plus tard. <\/strong><\/li>\n<li><strong> Leclanch\u00e9 est tenu de publier un avis conform\u00e9ment aux dispositions sur la publicit\u00e9 ad hoc (art. 53 LR en lien avec la DAH) concernant cette d\u00e9cision jusqu&rsquo;au jeudi 30 juin 2022, 23h59 HEC, au plus tard. L&rsquo;avis doit contenir :<\/strong><\/li>\n<\/ol>\n<p><strong>&#8211; la reproduction inalt\u00e9r\u00e9e du libell\u00e9 du para. I. de la pr\u00e9sente d\u00e9cision, plac\u00e9e de mani\u00e8re bien visible ;<\/strong><\/p>\n<p><strong>&#8211; les motifs de la demande de l&rsquo;\u00e9metteur qui sollicite une troisi\u00e8me prolongation du d\u00e9lai de publication de son rapport annuel 2021 et de d\u00e9p\u00f4t de ce rapport aupr\u00e8s de SIX Exchange Regulation AG.<\/strong><\/p>\n<p>&nbsp;<\/p>\n<p>Pour plus d&rsquo;informations, \u00e9crivez \u00e0 <a href=\"info@leclanche.com\">info@leclanche.com<\/a> ou visitez <a href=\"http:\/\/www.leclanche.com\/\">www.leclanche.com<\/a>.<\/p>\n<p><strong>\u00a0<\/strong><\/p>\n<p><strong>\u00a0<\/strong><\/p>\n<p><strong>\u00a0<\/strong><\/p>\n<p><strong>\u00a0<\/strong><\/p>\n<p><strong>\u00c0<\/strong><strong> propos<\/strong> <strong>de Leclanch\u00e9<\/strong><\/p>\n<p><strong>\u00a0<\/strong><\/p>\n<p>Leclanch\u00e9 SA, dont le si\u00e8ge social se trouve en Suisse, est un fournisseur mondial de premier plan de solutions de stockage d&rsquo;\u00e9nergie de haute qualit\u00e9 con\u00e7ues pour acc\u00e9l\u00e9rer nos progr\u00e8s vers un avenir \u00e9nerg\u00e9tique propre. L&rsquo;histoire et l&rsquo;h\u00e9ritage de Leclanch\u00e9 s&rsquo;enracinent dans plus de 100 ans d&rsquo;innovation et la soci\u00e9t\u00e9 est un fournisseur de confiance de solutions de stockage d&rsquo;\u00e9nergie dans le monde entier. Ceci, combin\u00e9 \u00e0 la culture de l\u2019Entreprise en mati\u00e8re d&rsquo;ing\u00e9nierie allemande, de pr\u00e9cision et de qualit\u00e9 suisse, fait de Leclanch\u00e9 le partenaire de choix des perturbateurs, des entreprises \u00e9tablies et des gouvernements qui sont \u00e0 l&rsquo;avant-garde des changements positifs dans la fa\u00e7on dont l&rsquo;\u00e9nergie est produite, distribu\u00e9e et consomm\u00e9e \u00e0 travers le monde. La transition \u00e9nerg\u00e9tique est principalement tir\u00e9e par les changements dans la gestion de nos r\u00e9seaux \u00e9lectriques et l&rsquo;\u00e9lectrification des transports, et ces deux march\u00e9s finaux constituent l&rsquo;\u00e9pine dorsale de notre strat\u00e9gie et de notre mod\u00e8le \u00e9conomique. Leclanch\u00e9 est au c\u0153ur de la convergence de l&rsquo;\u00e9lectrification des transports et de l&rsquo;\u00e9volution du r\u00e9seau de distribution. Leclanch\u00e9 est organis\u00e9 en trois business units: solutions de stockage d&rsquo;\u00e9nergie, solutions e-mobilit\u00e9 et syst\u00e8mes de batteries sp\u00e9cialis\u00e9es. Leclanch\u00e9 est cot\u00e9e \u00e0 la Bourse suisse (SIX : LECN).<\/p>\n<p>SIX Swiss Exchange: ticker symbol LECN | ISIN CH 011 030 311 9<\/p>\n<p>&nbsp;<\/p>\n<p><strong>Clause de non-responsabilit\u00e9<\/strong><\/p>\n<p>Le pr\u00e9sent communiqu\u00e9 de presse contient certaines d\u00e9clarations prospectives relatives aux activit\u00e9s de Leclanch\u00e9, qui peuvent \u00eatre identifi\u00e9es par des termes tels que \u00ab strat\u00e9gique \u00bb, \u00ab propose \u00bb, \u00ab introduire \u00bb, \u00ab sera \u00bb, \u00ab planifi\u00e9 \u00bb, \u00ab pr\u00e9vu \u00bb, \u00ab attendu \u00bb, \u00ab engagement \u00bb, \u00ab attend \u00bb, \u00ab pr\u00e9voit \u00bb, \u00ab \u00e9tabli \u00bb, \u00ab pr\u00e9pare \u00bb, \u00ab plans \u00bb, \u00ab estimations \u00bb, \u00ab objectifs \u00bb, \u00ab serait \u00bb, \u00ab potentiel \u00bb, \u00ab attente \u00bb, \u00ab estimation \u00bb, \u00ab proposition \u00bb ou expressions similaires, ou par des discussions explicites ou implicites concernant la mont\u00e9e en puissance de la capacit\u00e9 de production de Leclanch\u00e9, les applications potentielles des produits existants, ou les revenus futurs potentiels de ces produits, ou les ventes ou b\u00e9n\u00e9fices futurs potentiels de Leclanch\u00e9 ou d&rsquo;une de ses unit\u00e9s commerciales. Vous ne devez pas vous fier ind\u00fbment \u00e0 ces d\u00e9clarations. Ces \u00e9nonc\u00e9s prospectifs refl\u00e8tent les opinions actuelles de Leclanch\u00e9 \u00e0 l&rsquo;\u00e9gard d&rsquo;\u00e9v\u00e9nements futurs et comportent des risques connus et inconnus, des incertitudes et d&rsquo;autres facteurs qui pourraient faire en sorte que les r\u00e9sultats r\u00e9els diff\u00e8rent sensiblement des r\u00e9sultats, performances ou r\u00e9alisations futurs exprim\u00e9s ou sous-entendus dans ces \u00e9nonc\u00e9s. Il n&rsquo;y a aucune garantie que les produits de Leclanch\u00e9 atteindront des niveaux de revenus particuliers. Rien ne garantit non plus que Leclanch\u00e9, ou l&rsquo;une quelconque de ses unit\u00e9s d&rsquo;affaires, obtiendra des r\u00e9sultats financiers particuliers.<\/p>\n<p><strong>\u00a0<\/strong><\/p>\n<p><strong>Contacts<\/strong><\/p>\n<p>&nbsp;<\/p>\n<p><strong>M\u00e9dia Suisse<\/strong><strong> \/ Europe :<\/strong><\/p>\n<p>Thierry Meyer<\/p>\n<p>T : +41 (0) 79\u00a0785 35 81<\/p>\n<p>E-mail : <a href=\"mailto:tme@dynamicsgroup.ch\">tme@dynamicsgroup.ch<\/a><\/p>\n<p>&nbsp;<\/p>\n<p><strong>M\u00e9dia Am\u00e9rique du Nord :<\/strong><\/p>\n<p>Henry Feintuch \/ Ashley Blas<\/p>\n<p>T : +1-646-753-5710 \/ +1-646-753-5713<\/p>\n<p>E-mail : <a href=\"mailto:leclanche@feintuchpr.com\">leclanche@feintuchpr.com<\/a><\/p>\n<p>&nbsp;<\/p>\n<p><strong>M\u00e9dia Allemagne :<\/strong><\/p>\n<p>Christoph Miller<\/p>\n<p>T : +49 (0) 711 947 670<\/p>\n<p>E-mail : <a href=\"mailto:leclanche@sympra.de\">leclanche@sympra.de<\/a><\/p>\n<p>&nbsp;<\/p>\n<p><strong>Contacts investisseurs :<\/strong><\/p>\n<p>Anil Srivastava<\/p>\n<p>T : +41 (0) 24 424 65 00<\/p>\n<p>E-mail : <a href=\"mailto:invest.leclanche@leclanche.com\">invest.leclanche@leclanche.com<\/a><\/p>\n<p>&nbsp;<\/p>\n<p>&nbsp;<\/p>\n<p>&nbsp;<\/p>\n<p><a href=\"#_ftnref1\" name=\"_ftn1\">[1]<\/a> \u201cSEFAM<strong>\u201d<\/strong>\u00a0signifie: STRATEGIC EQUITY FUND &#8211; Renewable Energy Sub-Fund, STRATEGIC EQUITY FUND &#8211; Multi Asset Strategy Sub-Fund and STRATEGY EQUITY FUND \u2013 E Money Strategies Sub-Fund \u00e9galement appel\u00e9 Energy Storage Invest) designee sous le nom de \u201cSEF\u201d (Pure Capital S.A. \u00e9tant l&rsquo;ayant droit \u00e9conomique selon la plateforme de d\u00e9claration de l&rsquo;Instance pour la publicit\u00e9 des participations de SIX Exchange Regulation SA &#8211; Date de publication de la derni\u00e8re d\u00e9claration : 31 mars 2022), ainsi que AM INVESTMENT SCA, SICAV-SIF &#8211; Compartiment Illiquid Assets d\u00e9nomm\u00e9 \u00ab\u00a0AM\u00a0\u00bb (Crestbridge Management Company S.A. \u00e9tant l&rsquo;ayant droit \u00e9conomique selon la plateforme de d\u00e9claration de l&rsquo;Office de la communication de SIX Exchange Regulation SA &#8211; Date de publication de la derni\u00e8re notification : 23 janvier 2021). SEF et AM sont ensemble l&rsquo;actionnaire principal de Leclanch\u00e9, ci-apr\u00e8s d\u00e9nomm\u00e9e \u00ab\u00a0SEFAM\u00a0\u00bb<\/p>\n<p><a href=\"#_ftnref2\" name=\"_ftn2\">[2]<\/a> <em>PIPE<\/em>\u00a0signifie \u201cPrivate investment in public equity\u201d<\/p>\n","protected":false},"excerpt":{"rendered":"<p>Annonce \u00e9v\u00e9nementielle au sens de l\u2019art. 53 RC \u00a0 La Soci\u00e9t\u00e9 a \u00e9labor\u00e9 et n\u00e9goci\u00e9 avec diff\u00e9rentes parties prenantes les conditions permettant d&rsquo;assurer la continuit\u00e9 de l&rsquo;exploitation jusqu&rsquo;en juin 2023. Compte tenu des n\u00e9gociations de fusion en cours, la demande de d\u00e9rogation de la Soci\u00e9t\u00e9 de publier les comptes 2021 avant le 31 juillet 2022 [&hellip;]<\/p>\n","protected":false},"author":2,"featured_media":0,"comment_status":"open","ping_status":"open","sticky":false,"template":"","format":"standard","meta":{"footnotes":""},"categories":[105],"tags":[],"class_list":["post-11828","post","type-post","status-publish","format-standard","hentry","category-communiques-boursiers"],"yoast_head":"<!-- This site is optimized with the Yoast SEO plugin v26.4 - https:\/\/yoast.com\/wordpress\/plugins\/seo\/ -->\n<title>Leclanch\u00e9 fournit des mises \u00e0 jour sur ses activit\u00e9s et sa situation financi\u00e8re - Leclanch\u00e9<\/title>\n<meta name=\"description\" content=\"Annonce \u00e9v\u00e9nementielle au sens de l\u2019art. 53 RC \u00a0 La Soci\u00e9t\u00e9 a \u00e9labor\u00e9 et n\u00e9goci\u00e9 avec diff\u00e9rentes parties prenantes les conditions permettant d&#039;assurer la\" \/>\n<meta name=\"robots\" content=\"index, follow, max-snippet:-1, max-image-preview:large, max-video-preview:-1\" \/>\n<link rel=\"canonical\" href=\"https:\/\/www.leclanche.com\/fr\/leclanche-fournit-des-mises-a-jour-sur-ses-activites-et-sa-situation-financiere\/\" \/>\n<meta property=\"og:locale\" content=\"fr_FR\" \/>\n<meta property=\"og:type\" content=\"article\" \/>\n<meta property=\"og:title\" content=\"Leclanch\u00e9 fournit des mises \u00e0 jour sur ses activit\u00e9s et sa situation financi\u00e8re - Leclanch\u00e9\" \/>\n<meta property=\"og:description\" content=\"Annonce \u00e9v\u00e9nementielle au sens de l\u2019art. 53 RC \u00a0 La Soci\u00e9t\u00e9 a \u00e9labor\u00e9 et n\u00e9goci\u00e9 avec diff\u00e9rentes parties prenantes les conditions permettant d&#039;assurer la\" \/>\n<meta property=\"og:url\" content=\"https:\/\/www.leclanche.com\/fr\/leclanche-fournit-des-mises-a-jour-sur-ses-activites-et-sa-situation-financiere\/\" \/>\n<meta property=\"og:site_name\" content=\"Leclanch\u00e9\" \/>\n<meta property=\"article:published_time\" content=\"2022-06-30T17:15:40+00:00\" \/>\n<meta name=\"author\" content=\"Annick.Bid\" \/>\n<meta name=\"twitter:card\" content=\"summary_large_image\" \/>\n<meta name=\"twitter:label1\" content=\"\u00c9crit par\" \/>\n\t<meta name=\"twitter:data1\" content=\"Annick.Bid\" \/>\n\t<meta name=\"twitter:label2\" content=\"Dur\u00e9e de lecture estim\u00e9e\" \/>\n\t<meta name=\"twitter:data2\" content=\"7 minutes\" \/>\n<script type=\"application\/ld+json\" class=\"yoast-schema-graph\">{\"@context\":\"https:\/\/schema.org\",\"@graph\":[{\"@type\":\"WebPage\",\"@id\":\"https:\/\/www.leclanche.com\/fr\/leclanche-fournit-des-mises-a-jour-sur-ses-activites-et-sa-situation-financiere\/\",\"url\":\"https:\/\/www.leclanche.com\/fr\/leclanche-fournit-des-mises-a-jour-sur-ses-activites-et-sa-situation-financiere\/\",\"name\":\"Leclanch\u00e9 fournit des mises \u00e0 jour sur ses activit\u00e9s et sa situation financi\u00e8re - Leclanch\u00e9\",\"isPartOf\":{\"@id\":\"https:\/\/www.leclanche.com\/fr\/#website\"},\"datePublished\":\"2022-06-30T17:15:40+00:00\",\"author\":{\"@id\":\"https:\/\/www.leclanche.com\/fr\/#\/schema\/person\/7ef725388a3f2b409a32cfa92059aa64\"},\"description\":\"Annonce \u00e9v\u00e9nementielle au sens de l\u2019art. 53 RC \u00a0 La Soci\u00e9t\u00e9 a \u00e9labor\u00e9 et n\u00e9goci\u00e9 avec diff\u00e9rentes parties prenantes les conditions permettant d'assurer la\",\"breadcrumb\":{\"@id\":\"https:\/\/www.leclanche.com\/fr\/leclanche-fournit-des-mises-a-jour-sur-ses-activites-et-sa-situation-financiere\/#breadcrumb\"},\"inLanguage\":\"fr-FR\",\"potentialAction\":[{\"@type\":\"ReadAction\",\"target\":[\"https:\/\/www.leclanche.com\/fr\/leclanche-fournit-des-mises-a-jour-sur-ses-activites-et-sa-situation-financiere\/\"]}]},{\"@type\":\"BreadcrumbList\",\"@id\":\"https:\/\/www.leclanche.com\/fr\/leclanche-fournit-des-mises-a-jour-sur-ses-activites-et-sa-situation-financiere\/#breadcrumb\",\"itemListElement\":[{\"@type\":\"ListItem\",\"position\":1,\"name\":\"Accueil\",\"item\":\"https:\/\/www.leclanche.com\/fr\/\"},{\"@type\":\"ListItem\",\"position\":2,\"name\":\"Leclanch\u00e9 fournit des mises \u00e0 jour sur ses activit\u00e9s et sa situation financi\u00e8re\"}]},{\"@type\":\"WebSite\",\"@id\":\"https:\/\/www.leclanche.com\/fr\/#website\",\"url\":\"https:\/\/www.leclanche.com\/fr\/\",\"name\":\"Leclanch\u00e9\",\"description\":\"Energy Storage Solutions\",\"potentialAction\":[{\"@type\":\"SearchAction\",\"target\":{\"@type\":\"EntryPoint\",\"urlTemplate\":\"https:\/\/www.leclanche.com\/fr\/?s={search_term_string}\"},\"query-input\":{\"@type\":\"PropertyValueSpecification\",\"valueRequired\":true,\"valueName\":\"search_term_string\"}}],\"inLanguage\":\"fr-FR\"},{\"@type\":\"Person\",\"@id\":\"https:\/\/www.leclanche.com\/fr\/#\/schema\/person\/7ef725388a3f2b409a32cfa92059aa64\",\"name\":\"Annick.Bid\",\"image\":{\"@type\":\"ImageObject\",\"inLanguage\":\"fr-FR\",\"@id\":\"https:\/\/www.leclanche.com\/fr\/#\/schema\/person\/image\/\",\"url\":\"https:\/\/secure.gravatar.com\/avatar\/0fe6baaabc318280db3d0e10c43b8017aa89b961c16e819765bd4fb65396af34?s=96&d=mm&r=g\",\"contentUrl\":\"https:\/\/secure.gravatar.com\/avatar\/0fe6baaabc318280db3d0e10c43b8017aa89b961c16e819765bd4fb65396af34?s=96&d=mm&r=g\",\"caption\":\"Annick.Bid\"},\"url\":\"https:\/\/www.leclanche.com\/fr\/author\/annick-bid\/\"}]}<\/script>\n<!-- \/ Yoast SEO plugin. -->","yoast_head_json":{"title":"Leclanch\u00e9 fournit des mises \u00e0 jour sur ses activit\u00e9s et sa situation financi\u00e8re - Leclanch\u00e9","description":"Annonce \u00e9v\u00e9nementielle au sens de l\u2019art. 53 RC \u00a0 La Soci\u00e9t\u00e9 a \u00e9labor\u00e9 et n\u00e9goci\u00e9 avec diff\u00e9rentes parties prenantes les conditions permettant d'assurer la","robots":{"index":"index","follow":"follow","max-snippet":"max-snippet:-1","max-image-preview":"max-image-preview:large","max-video-preview":"max-video-preview:-1"},"canonical":"https:\/\/www.leclanche.com\/fr\/leclanche-fournit-des-mises-a-jour-sur-ses-activites-et-sa-situation-financiere\/","og_locale":"fr_FR","og_type":"article","og_title":"Leclanch\u00e9 fournit des mises \u00e0 jour sur ses activit\u00e9s et sa situation financi\u00e8re - Leclanch\u00e9","og_description":"Annonce \u00e9v\u00e9nementielle au sens de l\u2019art. 53 RC \u00a0 La Soci\u00e9t\u00e9 a \u00e9labor\u00e9 et n\u00e9goci\u00e9 avec diff\u00e9rentes parties prenantes les conditions permettant d'assurer la","og_url":"https:\/\/www.leclanche.com\/fr\/leclanche-fournit-des-mises-a-jour-sur-ses-activites-et-sa-situation-financiere\/","og_site_name":"Leclanch\u00e9","article_published_time":"2022-06-30T17:15:40+00:00","author":"Annick.Bid","twitter_card":"summary_large_image","twitter_misc":{"\u00c9crit par":"Annick.Bid","Dur\u00e9e de lecture estim\u00e9e":"7 minutes"},"schema":{"@context":"https:\/\/schema.org","@graph":[{"@type":"WebPage","@id":"https:\/\/www.leclanche.com\/fr\/leclanche-fournit-des-mises-a-jour-sur-ses-activites-et-sa-situation-financiere\/","url":"https:\/\/www.leclanche.com\/fr\/leclanche-fournit-des-mises-a-jour-sur-ses-activites-et-sa-situation-financiere\/","name":"Leclanch\u00e9 fournit des mises \u00e0 jour sur ses activit\u00e9s et sa situation financi\u00e8re - Leclanch\u00e9","isPartOf":{"@id":"https:\/\/www.leclanche.com\/fr\/#website"},"datePublished":"2022-06-30T17:15:40+00:00","author":{"@id":"https:\/\/www.leclanche.com\/fr\/#\/schema\/person\/7ef725388a3f2b409a32cfa92059aa64"},"description":"Annonce \u00e9v\u00e9nementielle au sens de l\u2019art. 53 RC \u00a0 La Soci\u00e9t\u00e9 a \u00e9labor\u00e9 et n\u00e9goci\u00e9 avec diff\u00e9rentes parties prenantes les conditions permettant d'assurer la","breadcrumb":{"@id":"https:\/\/www.leclanche.com\/fr\/leclanche-fournit-des-mises-a-jour-sur-ses-activites-et-sa-situation-financiere\/#breadcrumb"},"inLanguage":"fr-FR","potentialAction":[{"@type":"ReadAction","target":["https:\/\/www.leclanche.com\/fr\/leclanche-fournit-des-mises-a-jour-sur-ses-activites-et-sa-situation-financiere\/"]}]},{"@type":"BreadcrumbList","@id":"https:\/\/www.leclanche.com\/fr\/leclanche-fournit-des-mises-a-jour-sur-ses-activites-et-sa-situation-financiere\/#breadcrumb","itemListElement":[{"@type":"ListItem","position":1,"name":"Accueil","item":"https:\/\/www.leclanche.com\/fr\/"},{"@type":"ListItem","position":2,"name":"Leclanch\u00e9 fournit des mises \u00e0 jour sur ses activit\u00e9s et sa situation financi\u00e8re"}]},{"@type":"WebSite","@id":"https:\/\/www.leclanche.com\/fr\/#website","url":"https:\/\/www.leclanche.com\/fr\/","name":"Leclanch\u00e9","description":"Energy Storage Solutions","potentialAction":[{"@type":"SearchAction","target":{"@type":"EntryPoint","urlTemplate":"https:\/\/www.leclanche.com\/fr\/?s={search_term_string}"},"query-input":{"@type":"PropertyValueSpecification","valueRequired":true,"valueName":"search_term_string"}}],"inLanguage":"fr-FR"},{"@type":"Person","@id":"https:\/\/www.leclanche.com\/fr\/#\/schema\/person\/7ef725388a3f2b409a32cfa92059aa64","name":"Annick.Bid","image":{"@type":"ImageObject","inLanguage":"fr-FR","@id":"https:\/\/www.leclanche.com\/fr\/#\/schema\/person\/image\/","url":"https:\/\/secure.gravatar.com\/avatar\/0fe6baaabc318280db3d0e10c43b8017aa89b961c16e819765bd4fb65396af34?s=96&d=mm&r=g","contentUrl":"https:\/\/secure.gravatar.com\/avatar\/0fe6baaabc318280db3d0e10c43b8017aa89b961c16e819765bd4fb65396af34?s=96&d=mm&r=g","caption":"Annick.Bid"},"url":"https:\/\/www.leclanche.com\/fr\/author\/annick-bid\/"}]}},"_links":{"self":[{"href":"https:\/\/www.leclanche.com\/fr\/wp-json\/wp\/v2\/posts\/11828","targetHints":{"allow":["GET"]}}],"collection":[{"href":"https:\/\/www.leclanche.com\/fr\/wp-json\/wp\/v2\/posts"}],"about":[{"href":"https:\/\/www.leclanche.com\/fr\/wp-json\/wp\/v2\/types\/post"}],"author":[{"embeddable":true,"href":"https:\/\/www.leclanche.com\/fr\/wp-json\/wp\/v2\/users\/2"}],"replies":[{"embeddable":true,"href":"https:\/\/www.leclanche.com\/fr\/wp-json\/wp\/v2\/comments?post=11828"}],"version-history":[{"count":1,"href":"https:\/\/www.leclanche.com\/fr\/wp-json\/wp\/v2\/posts\/11828\/revisions"}],"predecessor-version":[{"id":11829,"href":"https:\/\/www.leclanche.com\/fr\/wp-json\/wp\/v2\/posts\/11828\/revisions\/11829"}],"wp:attachment":[{"href":"https:\/\/www.leclanche.com\/fr\/wp-json\/wp\/v2\/media?parent=11828"}],"wp:term":[{"taxonomy":"category","embeddable":true,"href":"https:\/\/www.leclanche.com\/fr\/wp-json\/wp\/v2\/categories?post=11828"},{"taxonomy":"post_tag","embeddable":true,"href":"https:\/\/www.leclanche.com\/fr\/wp-json\/wp\/v2\/tags?post=11828"}],"curies":[{"name":"wp","href":"https:\/\/api.w.org\/{rel}","templated":true}]}}