{"id":12024,"date":"2022-09-09T18:32:31","date_gmt":"2022-09-09T16:32:31","guid":{"rendered":"https:\/\/www.leclanche.com\/leclanche-annonce-des-changements-au-sein-de-son-conseil-dadministration\/"},"modified":"2022-09-09T18:47:20","modified_gmt":"2022-09-09T16:47:20","slug":"leclanche-annonce-des-changements-au-sein-de-son-conseil-dadministration","status":"publish","type":"post","link":"https:\/\/www.leclanche.com\/fr\/leclanche-annonce-des-changements-au-sein-de-son-conseil-dadministration\/","title":{"rendered":"Leclanch\u00e9 annonce des changements au sein de son Conseil d\u2019Administration"},"content":{"rendered":"<p><em>Annonce \u00e9v\u00e9nementielle au sens de l\u2019art. 53 RC<\/em><\/p>\n<p>&nbsp;<\/p>\n<ul>\n<li><em>Suite \u00e0 la scission de l&rsquo;activit\u00e9 eTransport de Leclanch\u00e9 SA en une nouvelle entit\u00e9 Leclanch\u00e9 E-Mobility SA au d\u00e9but de l&rsquo;ann\u00e9e et au processus actuel de fusion et d&rsquo;acquisition, le Conseil d&rsquo;Administration de la Soci\u00e9t\u00e9 est en cours de modification afin de d\u00e9finir de nouvelles orientations pour les diff\u00e9rentes activit\u00e9s du groupe Leclanch\u00e9 SA.<\/em><\/li>\n<li><em>Gr\u00e2ce \u00e0 l&rsquo;investissement important et patient de SEFAM<\/em><a href=\"#_ftn1\" name=\"_ftnref1\"><em><strong>[1]<\/strong><\/em><\/a> <em>de plus de CHF 400 millions au cours des six derni\u00e8res ann\u00e9es, la Soci\u00e9t\u00e9 est pr\u00eate \u00e0 offrir de la valeur \u00e0 tous les actionnaires. Le fait que SEFAM prenne un r\u00f4le majoritaire dans le Conseil d&rsquo;administration est une \u00e9volution naturelle.<\/em><\/li>\n<li><em> Stefan A. M\u00fcller, Dr. Llu\u00eds M. Fargas Mas, Toi Wai David Suen, Axel J. Maschka et Tianyi Fan ne se repr\u00e9sentent pas comme administrateurs lors de la prochaine assembl\u00e9e g\u00e9n\u00e9rale annuelle. <\/em><\/li>\n<li><em>Les nouveaux membres du Conseil d&rsquo;Administration seront propos\u00e9s lors de la prochaine assembl\u00e9e g\u00e9n\u00e9rale annuelle.<\/em><\/li>\n<\/ul>\n<p><strong>\u00a0<\/strong><\/p>\n<p><strong>YVERDON-LES-BAINS, Suisse, le 7 septembre 2022 <\/strong>\u2013 <a href=\"https:\/\/www.leclanche.com\/\">Leclanch\u00e9 SA<\/a> (SIX: LECN), l&rsquo;un des leaders mondiaux du stockage d&rsquo;\u00e9nergie, a annonc\u00e9 aujourd&rsquo;hui que M. Stefan A. M\u00fcller, Dr. Llu\u00eds M. Fargas Mas, M. Toi Wai David Suen, M. Axel J. Maschka et Tanyi Fan ne se repr\u00e9senteront pas comme membres du Conseil d&rsquo;Administration lors de la prochaine assembl\u00e9e g\u00e9n\u00e9rale annuelle.<\/p>\n<p>Conform\u00e9ment aux r\u00e9centes annonces du march\u00e9, la Soci\u00e9t\u00e9 a le plaisir de confirmer que le processus de fusion et d&rsquo;acquisition en cours pour Leclanch\u00e9 E-Mobility aupr\u00e8s de grands noms de l&rsquo;industrie mondiale progresse de mani\u00e8re satisfaisante. Ces int\u00e9r\u00eats strat\u00e9giques ainsi que les progr\u00e8s continus r\u00e9alis\u00e9s aupr\u00e8s des OEM (\u00e9quipementiers) confirment la forte valeur cr\u00e9\u00e9e par l&rsquo;investissement important et patient r\u00e9alis\u00e9 par SEFAM et les autres actionnaires. Bien que nous restions confiants, le r\u00e9sultat de tout processus de fusion et d&rsquo;acquisition ne peut \u00eatre garanti. La Soci\u00e9t\u00e9 fournira des informations suppl\u00e9mentaires sur le processus de fusion et d&rsquo;acquisition en temps voulu.<\/p>\n<p>Apr\u00e8s que SEFAM[1] a investi quelque MCHF 400 au cours des six derni\u00e8res ann\u00e9es, la Soci\u00e9t\u00e9 est maintenant pr\u00eate \u00e0 cr\u00e9er de la valeur pour l\u2019ensemble des actionnaires. Le fait que SEFAM prenne d\u00e9sormais un r\u00f4le majoritaire dans le Conseil d&rsquo;Administration tient d\u2019une progression naturelle.<\/p>\n<p>Stefan A. M\u00fcller, Dr. Llu\u00eds M. Fargas Mas, M. Toi Wai David Suen, M. Axel J. Maschka et Tianyi Fan ont tous fait preuve du plus haut niveau de professionnalisme et d\u2019un grand d\u00e9vouement. M. M\u00fcller a \u00e9t\u00e9 membre du Conseil pendant plus de 20 ans et depuis 2018, Dr. Llu\u00eds M. Fargas Mas est membre du Conseil d&rsquo;Administration depuis trois ans. Il a \u00e9t\u00e9 jusqu&rsquo;\u00e0 aujourd&rsquo;hui Pr\u00e9sident du Comit\u00e9 d&rsquo;audit et de risques ainsi que le Pr\u00e9sident du Comit\u00e9 des nominations et des r\u00e9mun\u00e9rations.<\/p>\n<p>Lors de la prochaine assembl\u00e9e g\u00e9n\u00e9rale annuelle, le 30 septembre 2022, le Conseil d&rsquo;Administration proposera l\u2019\u00e9lection des nouveaux administrateurs\u00a0:<\/p>\n<p><strong>Shanu Sherwani<\/strong><\/p>\n<p><strong>Alexander Rhea<\/strong><\/p>\n<p><strong>Marc Lepi\u00e8ce<\/strong><\/p>\n<p><strong>Bernard Pons<\/strong><\/p>\n<p><strong>Stefan A. M\u00fcller, pr\u00e9sident du Conseil d&rsquo;Administration, a d\u00e9clar\u00e9 : <\/strong><em>\u00ab\u00a0Messieurs Dr. Llu\u00eds M. Fargas Mas, Toi Wai David Suen, Axel J. Maschka et Tanyi Fan ont chacun jou\u00e9 des r\u00f4les cl\u00e9s au sein de Leclanch\u00e9. Investissant beaucoup de temps dans l&rsquo;entreprise, ils ont conseill\u00e9 et mis en place les nombreux changements que Leclanch\u00e9 a connus au cours des derni\u00e8res ann\u00e9es, et ont contribu\u00e9 \u00e0 l&rsquo;\u00e9laboration de la strat\u00e9gie de l&rsquo;entreprise. Pour cette raison, tous ont jou\u00e9 un r\u00f4le central dans l&rsquo;histoire de la Soci\u00e9t\u00e9. Ils lui ont apport\u00e9 une vision et une exp\u00e9rience uniques et pr\u00e9cieuses. Au nom de Leclanch\u00e9 et de mes coll\u00e8gues administrateurs, je voudrais leur exprimer ma plus profonde gratitude pour tout ce qu&rsquo;ils ont apport\u00e9 \u00e0 cette Soci\u00e9t\u00e9, et leur souhaiter le meilleur pour l&rsquo;avenir. Je suis convaincu que Messieurs Rhea, Sharwani, Lapi\u00e8ce et Pons apporteront au Conseil d&rsquo;Administration de Leclanch\u00e9 une exp\u00e9rience \u00e9prouv\u00e9e en mati\u00e8re de gestion d&rsquo;investissements dans diff\u00e9rentes soci\u00e9t\u00e9s. Ils permettront \u00e0 la Soci\u00e9t\u00e9 de renforcer davantage sa relation avec son actionnaire majoritaire.<\/em><\/p>\n<p><strong>Mr. Anil Srivastava, Chief Executive Officer, a d\u00e9clar\u00e9: <\/strong><em>\u00ab\u00a0M. Stefan M\u00fcller a consacr\u00e9 plus de 20 ans \u00e0 Leclanch\u00e9. Il n&rsquo;a cess\u00e9 d&rsquo;investir son temps et son \u00e9nergie pour soutenir et repr\u00e9senter la Soci\u00e9t\u00e9. Gr\u00e2ce \u00e0 ses connaissances et \u00e0 son exp\u00e9rience, il a \u00e9t\u00e9 essentiel dans le d\u00e9veloppement du nouveau Leclanch\u00e9. Je lui suis immens\u00e9ment reconnaissant pour tous les conseils et le soutien qu&rsquo;il m&rsquo;a apport\u00e9s. J&rsquo;ai appr\u00e9ci\u00e9 \u00e0 sa juste valeur autant ma collaboration avec lui que son d\u00e9vouement. Nous le remercions et lui souhaitons le meilleur dans ses futurs projets.<\/em><\/p>\n<p><em>\u00a0Je profite de cette occasion pour remercier tous les administrateurs qui quittent le Conseil d\u2019Administrations, avec une mention sp\u00e9ciale pour le Dr. Llu\u00eds M. Fargas Mas qui a jou\u00e9 un r\u00f4le d\u00e9terminant dans la r\u00e9ussite du carve-out de Leclanch\u00e9 E-Mobility, dans les n\u00e9gociations de M&amp;A avec les diff\u00e9rents SPACs ainsi que dans l&rsquo;assistance au nouveau CFO.\u00a0\u00bb<\/em><\/p>\n<p>Pour davantage d\u2019informations, merci d\u2019\u00e9crire \u00e0 <a href=\"mailto:info@leclanche.com\">info@leclanche.com<\/a> ou de se rendre sur \u00a0<a href=\"https:\/\/www.leclanche.com\/\">www.leclanche.com<\/a>.<\/p>\n<p><strong>\u00c0<\/strong><strong> propos<\/strong> <strong>de Leclanch\u00e9<\/strong><\/p>\n<p>Leclanch\u00e9 SA, dont le si\u00e8ge social se trouve en Suisse, est un fournisseur mondial de premier plan de solutions de stockage d&rsquo;\u00e9nergie de haute qualit\u00e9 con\u00e7ues pour acc\u00e9l\u00e9rer nos progr\u00e8s vers un avenir \u00e9nerg\u00e9tique propre. L&rsquo;histoire et l&rsquo;h\u00e9ritage de Leclanch\u00e9 s&rsquo;enracinent dans plus de 100 ans d&rsquo;innovation et la soci\u00e9t\u00e9 est un fournisseur de confiance de solutions de stockage d&rsquo;\u00e9nergie dans le monde entier. Ceci, combin\u00e9 \u00e0 la culture de l\u2019Entreprise en mati\u00e8re d&rsquo;ing\u00e9nierie allemande, de pr\u00e9cision et de qualit\u00e9 suisse, fait de Leclanch\u00e9 le partenaire de choix des perturbateurs, des entreprises \u00e9tablies et des gouvernements qui sont \u00e0 l&rsquo;avant-garde des changements positifs dans la fa\u00e7on dont l&rsquo;\u00e9nergie est produite, distribu\u00e9e et consomm\u00e9e \u00e0 travers le monde. La transition \u00e9nerg\u00e9tique est principalement tir\u00e9e par les changements dans la gestion de nos r\u00e9seaux \u00e9lectriques et l&rsquo;\u00e9lectrification des transports, et ces deux march\u00e9s finaux constituent l&rsquo;\u00e9pine dorsale de notre strat\u00e9gie et de notre mod\u00e8le \u00e9conomique. Leclanch\u00e9 est au c\u0153ur de la convergence de l&rsquo;\u00e9lectrification des transports et de l&rsquo;\u00e9volution du r\u00e9seau de distribution. Leclanch\u00e9 est organis\u00e9 en trois business units: solutions de stockage d&rsquo;\u00e9nergie, solutions e-mobilit\u00e9 et syst\u00e8mes de batteries sp\u00e9cialis\u00e9es. Leclanch\u00e9 est cot\u00e9e \u00e0 la Bourse suisse (SIX : LECN).<\/p>\n<p>SIX Swiss Exchange: ticker symbol LECN | ISIN CH 011 030 311 9<\/p>\n<p><strong>Clause de non-responsabilit\u00e9<\/strong><\/p>\n<p>Le pr\u00e9sent communiqu\u00e9 de presse contient certaines d\u00e9clarations prospectives relatives aux activit\u00e9s de Leclanch\u00e9, qui peuvent \u00eatre identifi\u00e9es par des termes tels que \u00ab strat\u00e9gique \u00bb, \u00ab propose \u00bb, \u00ab introduire \u00bb, \u00ab sera \u00bb, \u00ab planifi\u00e9 \u00bb, \u00ab pr\u00e9vu \u00bb, \u00ab attendu \u00bb, \u00ab engagement \u00bb, \u00ab attend \u00bb, \u00ab pr\u00e9voit \u00bb, \u00ab \u00e9tabli \u00bb, \u00ab pr\u00e9pare \u00bb, \u00ab plans \u00bb, \u00ab estimations \u00bb, \u00ab objectifs \u00bb, \u00ab serait \u00bb, \u00ab potentiel \u00bb, \u00ab attente \u00bb, \u00ab estimation \u00bb, \u00ab proposition \u00bb ou expressions similaires, ou par des discussions explicites ou implicites concernant la mont\u00e9e en puissance de la capacit\u00e9 de production de Leclanch\u00e9, les applications potentielles des produits existants, ou les revenus futurs potentiels de ces produits, ou les ventes ou b\u00e9n\u00e9fices futurs potentiels de Leclanch\u00e9 ou d&rsquo;une de ses unit\u00e9s commerciales. Vous ne devez pas vous fier ind\u00fbment \u00e0 ces d\u00e9clarations. Ces \u00e9nonc\u00e9s prospectifs refl\u00e8tent les opinions actuelles de Leclanch\u00e9 \u00e0 l&rsquo;\u00e9gard d&rsquo;\u00e9v\u00e9nements futurs et comportent des risques connus et inconnus, des incertitudes et d&rsquo;autres facteurs qui pourraient faire en sorte que les r\u00e9sultats r\u00e9els diff\u00e8rent sensiblement des r\u00e9sultats, performances ou r\u00e9alisations futurs exprim\u00e9s ou sous-entendus dans ces \u00e9nonc\u00e9s. Il n&rsquo;y a aucune garantie que les produits de Leclanch\u00e9 atteindront des niveaux de revenus particuliers. Rien ne garantit non plus que Leclanch\u00e9, ou l&rsquo;une quelconque de ses unit\u00e9s d&rsquo;affaires, obtiendra des r\u00e9sultats financiers particuliers.<\/p>\n<p><strong>Contacts<\/strong><\/p>\n<p><strong>Media Switzerland \/ Europe:<\/strong><\/p>\n<p>Thierry Meyer<\/p>\n<p>T: +41 (0) 79\u00a0785 35 81<\/p>\n<p>E-mail: <a href=\"mailto:tme@dynamicsgroup.ch\">tme@dynamicsgroup.ch<\/a><\/p>\n<p><strong>Media North America:<\/strong><\/p>\n<p>Henry Feintuch \/ Ashley Blas<\/p>\n<p>T: +1-646-753-5710 \/ +1-646-753-5713<\/p>\n<p>E-mail: <a href=\"mailto:leclanche@feintuchpr.com\">leclanche@feintuchpr.com<\/a><\/p>\n<p><strong>Media Germany:<\/strong><\/p>\n<p>Christoph Miller<\/p>\n<p>T: +49 (0) 711 947 670<\/p>\n<p>E-mail: <a href=\"mailto:leclanche@sympra.de\">leclanche@sympra.de<\/a><\/p>\n<p><strong>Investor Contacts:<\/strong><\/p>\n<p>Anil Srivastava \/ Pasquale Foglia<\/p>\n<p>T: +41 (0) 24 424 65 00<\/p>\n<p>E-mail: <a href=\"mailto:invest.leclanche@leclanche.com\">invest.leclanche@leclanche.com<\/a><\/p>\n<p>&nbsp;<\/p>\n<p><a href=\"#_ftnref1\" name=\"_ftn1\">[1]<\/a> SEFAM means : STRATEGIC EQUITY FUND -Renewable Energy Sub-Fund, STRATEGIC EQUITY FUND -Multi Asset Strategy Sub-Fund and STRATEGY EQUITY FUND \u2013E Money Strategies Sub-Fund (also called Energy Storage Invest) referred to as \u201cSEF\u201d (Pure Capital S.A. being the beneficial owner as per the reporting platform of SIX Exchange Regulation AG\u2019sDisclosure Office -Date of publication of the most recent notification: 31 March 2022), together with AM INVESTMENT SCA, SICAV-SIF -Illiquid Assets Sub-Fund referred to as \u201cAM\u201d (Crestbridge Management Company S.A. being the beneficial owner as per the reporting platform of SIX Exchange Regulation AG\u2019s Disclosure Office -Date of publication of the most recent notification: 23 January 2021). SEF and AM are in aggregate the main shareholder of Leclanch\u00e9, hereunder referred to as \u201cSEFAM\u201d.<\/p>\n","protected":false},"excerpt":{"rendered":"<p>Annonce \u00e9v\u00e9nementielle au sens de l\u2019art. 53 RC &nbsp; Suite \u00e0 la scission de l&rsquo;activit\u00e9 eTransport de Leclanch\u00e9 SA en une nouvelle entit\u00e9 Leclanch\u00e9 E-Mobility SA au d\u00e9but de l&rsquo;ann\u00e9e et au processus actuel de fusion et d&rsquo;acquisition, le Conseil d&rsquo;Administration de la Soci\u00e9t\u00e9 est en cours de modification afin de d\u00e9finir de nouvelles orientations [&hellip;]<\/p>\n","protected":false},"author":1,"featured_media":0,"comment_status":"open","ping_status":"open","sticky":false,"template":"","format":"standard","meta":{"footnotes":""},"categories":[105],"tags":[],"class_list":["post-12024","post","type-post","status-publish","format-standard","hentry","category-communiques-boursiers"],"yoast_head":"<!-- This site is optimized with the Yoast SEO plugin v26.4 - https:\/\/yoast.com\/wordpress\/plugins\/seo\/ -->\n<title>Leclanch\u00e9 annonce des changements au sein de son Conseil d\u2019Administration - Leclanch\u00e9<\/title>\n<meta name=\"description\" content=\"Annonce \u00e9v\u00e9nementielle au sens de l\u2019art. 53 RC &nbsp; Suite \u00e0 la scission de l&#039;activit\u00e9 eTransport de Leclanch\u00e9 SA en une nouvelle entit\u00e9 Leclanch\u00e9\" \/>\n<meta name=\"robots\" content=\"index, follow, max-snippet:-1, max-image-preview:large, max-video-preview:-1\" \/>\n<link rel=\"canonical\" href=\"https:\/\/www.leclanche.com\/fr\/leclanche-annonce-des-changements-au-sein-de-son-conseil-dadministration\/\" \/>\n<meta property=\"og:locale\" content=\"fr_FR\" \/>\n<meta property=\"og:type\" content=\"article\" \/>\n<meta property=\"og:title\" content=\"Leclanch\u00e9 annonce des changements au sein de son Conseil d\u2019Administration - Leclanch\u00e9\" \/>\n<meta property=\"og:description\" content=\"Annonce \u00e9v\u00e9nementielle au sens de l\u2019art. 53 RC &nbsp; Suite \u00e0 la scission de l&#039;activit\u00e9 eTransport de Leclanch\u00e9 SA en une nouvelle entit\u00e9 Leclanch\u00e9\" \/>\n<meta property=\"og:url\" content=\"https:\/\/www.leclanche.com\/fr\/leclanche-annonce-des-changements-au-sein-de-son-conseil-dadministration\/\" \/>\n<meta property=\"og:site_name\" content=\"Leclanch\u00e9\" \/>\n<meta property=\"article:published_time\" content=\"2022-09-09T16:32:31+00:00\" \/>\n<meta property=\"article:modified_time\" content=\"2022-09-09T16:47:20+00:00\" \/>\n<meta name=\"author\" content=\"wavemind\" \/>\n<meta name=\"twitter:card\" content=\"summary_large_image\" \/>\n<meta name=\"twitter:label1\" content=\"\u00c9crit par\" \/>\n\t<meta name=\"twitter:data1\" content=\"wavemind\" \/>\n\t<meta name=\"twitter:label2\" content=\"Dur\u00e9e de lecture estim\u00e9e\" \/>\n\t<meta name=\"twitter:data2\" content=\"7 minutes\" \/>\n<script type=\"application\/ld+json\" class=\"yoast-schema-graph\">{\"@context\":\"https:\/\/schema.org\",\"@graph\":[{\"@type\":\"WebPage\",\"@id\":\"https:\/\/www.leclanche.com\/fr\/leclanche-annonce-des-changements-au-sein-de-son-conseil-dadministration\/\",\"url\":\"https:\/\/www.leclanche.com\/fr\/leclanche-annonce-des-changements-au-sein-de-son-conseil-dadministration\/\",\"name\":\"Leclanch\u00e9 annonce des changements au sein de son Conseil d\u2019Administration - Leclanch\u00e9\",\"isPartOf\":{\"@id\":\"https:\/\/www.leclanche.com\/fr\/#website\"},\"datePublished\":\"2022-09-09T16:32:31+00:00\",\"dateModified\":\"2022-09-09T16:47:20+00:00\",\"author\":{\"@id\":\"https:\/\/www.leclanche.com\/fr\/#\/schema\/person\/167e0a19484be6cd0f6ef0e2ddf44203\"},\"description\":\"Annonce \u00e9v\u00e9nementielle au sens de l\u2019art. 53 RC &nbsp; Suite \u00e0 la scission de l'activit\u00e9 eTransport de Leclanch\u00e9 SA en une nouvelle entit\u00e9 Leclanch\u00e9\",\"breadcrumb\":{\"@id\":\"https:\/\/www.leclanche.com\/fr\/leclanche-annonce-des-changements-au-sein-de-son-conseil-dadministration\/#breadcrumb\"},\"inLanguage\":\"fr-FR\",\"potentialAction\":[{\"@type\":\"ReadAction\",\"target\":[\"https:\/\/www.leclanche.com\/fr\/leclanche-annonce-des-changements-au-sein-de-son-conseil-dadministration\/\"]}]},{\"@type\":\"BreadcrumbList\",\"@id\":\"https:\/\/www.leclanche.com\/fr\/leclanche-annonce-des-changements-au-sein-de-son-conseil-dadministration\/#breadcrumb\",\"itemListElement\":[{\"@type\":\"ListItem\",\"position\":1,\"name\":\"Accueil\",\"item\":\"https:\/\/www.leclanche.com\/fr\/\"},{\"@type\":\"ListItem\",\"position\":2,\"name\":\"Leclanch\u00e9 annonce des changements au sein de son Conseil d\u2019Administration\"}]},{\"@type\":\"WebSite\",\"@id\":\"https:\/\/www.leclanche.com\/fr\/#website\",\"url\":\"https:\/\/www.leclanche.com\/fr\/\",\"name\":\"Leclanch\u00e9\",\"description\":\"Energy Storage Solutions\",\"potentialAction\":[{\"@type\":\"SearchAction\",\"target\":{\"@type\":\"EntryPoint\",\"urlTemplate\":\"https:\/\/www.leclanche.com\/fr\/?s={search_term_string}\"},\"query-input\":{\"@type\":\"PropertyValueSpecification\",\"valueRequired\":true,\"valueName\":\"search_term_string\"}}],\"inLanguage\":\"fr-FR\"},{\"@type\":\"Person\",\"@id\":\"https:\/\/www.leclanche.com\/fr\/#\/schema\/person\/167e0a19484be6cd0f6ef0e2ddf44203\",\"name\":\"wavemind\",\"image\":{\"@type\":\"ImageObject\",\"inLanguage\":\"fr-FR\",\"@id\":\"https:\/\/www.leclanche.com\/fr\/#\/schema\/person\/image\/\",\"url\":\"https:\/\/secure.gravatar.com\/avatar\/37d64a5301717e5c14c6c8f122c36a0d05409469ecccfad71c65502f189da403?s=96&d=mm&r=g\",\"contentUrl\":\"https:\/\/secure.gravatar.com\/avatar\/37d64a5301717e5c14c6c8f122c36a0d05409469ecccfad71c65502f189da403?s=96&d=mm&r=g\",\"caption\":\"wavemind\"},\"url\":\"https:\/\/www.leclanche.com\/fr\/author\/wavemind\/\"}]}<\/script>\n<!-- \/ Yoast SEO plugin. -->","yoast_head_json":{"title":"Leclanch\u00e9 annonce des changements au sein de son Conseil d\u2019Administration - Leclanch\u00e9","description":"Annonce \u00e9v\u00e9nementielle au sens de l\u2019art. 53 RC &nbsp; Suite \u00e0 la scission de l'activit\u00e9 eTransport de Leclanch\u00e9 SA en une nouvelle entit\u00e9 Leclanch\u00e9","robots":{"index":"index","follow":"follow","max-snippet":"max-snippet:-1","max-image-preview":"max-image-preview:large","max-video-preview":"max-video-preview:-1"},"canonical":"https:\/\/www.leclanche.com\/fr\/leclanche-annonce-des-changements-au-sein-de-son-conseil-dadministration\/","og_locale":"fr_FR","og_type":"article","og_title":"Leclanch\u00e9 annonce des changements au sein de son Conseil d\u2019Administration - Leclanch\u00e9","og_description":"Annonce \u00e9v\u00e9nementielle au sens de l\u2019art. 53 RC &nbsp; Suite \u00e0 la scission de l'activit\u00e9 eTransport de Leclanch\u00e9 SA en une nouvelle entit\u00e9 Leclanch\u00e9","og_url":"https:\/\/www.leclanche.com\/fr\/leclanche-annonce-des-changements-au-sein-de-son-conseil-dadministration\/","og_site_name":"Leclanch\u00e9","article_published_time":"2022-09-09T16:32:31+00:00","article_modified_time":"2022-09-09T16:47:20+00:00","author":"wavemind","twitter_card":"summary_large_image","twitter_misc":{"\u00c9crit par":"wavemind","Dur\u00e9e de lecture estim\u00e9e":"7 minutes"},"schema":{"@context":"https:\/\/schema.org","@graph":[{"@type":"WebPage","@id":"https:\/\/www.leclanche.com\/fr\/leclanche-annonce-des-changements-au-sein-de-son-conseil-dadministration\/","url":"https:\/\/www.leclanche.com\/fr\/leclanche-annonce-des-changements-au-sein-de-son-conseil-dadministration\/","name":"Leclanch\u00e9 annonce des changements au sein de son Conseil d\u2019Administration - Leclanch\u00e9","isPartOf":{"@id":"https:\/\/www.leclanche.com\/fr\/#website"},"datePublished":"2022-09-09T16:32:31+00:00","dateModified":"2022-09-09T16:47:20+00:00","author":{"@id":"https:\/\/www.leclanche.com\/fr\/#\/schema\/person\/167e0a19484be6cd0f6ef0e2ddf44203"},"description":"Annonce \u00e9v\u00e9nementielle au sens de l\u2019art. 53 RC &nbsp; Suite \u00e0 la scission de l'activit\u00e9 eTransport de Leclanch\u00e9 SA en une nouvelle entit\u00e9 Leclanch\u00e9","breadcrumb":{"@id":"https:\/\/www.leclanche.com\/fr\/leclanche-annonce-des-changements-au-sein-de-son-conseil-dadministration\/#breadcrumb"},"inLanguage":"fr-FR","potentialAction":[{"@type":"ReadAction","target":["https:\/\/www.leclanche.com\/fr\/leclanche-annonce-des-changements-au-sein-de-son-conseil-dadministration\/"]}]},{"@type":"BreadcrumbList","@id":"https:\/\/www.leclanche.com\/fr\/leclanche-annonce-des-changements-au-sein-de-son-conseil-dadministration\/#breadcrumb","itemListElement":[{"@type":"ListItem","position":1,"name":"Accueil","item":"https:\/\/www.leclanche.com\/fr\/"},{"@type":"ListItem","position":2,"name":"Leclanch\u00e9 annonce des changements au sein de son Conseil d\u2019Administration"}]},{"@type":"WebSite","@id":"https:\/\/www.leclanche.com\/fr\/#website","url":"https:\/\/www.leclanche.com\/fr\/","name":"Leclanch\u00e9","description":"Energy Storage Solutions","potentialAction":[{"@type":"SearchAction","target":{"@type":"EntryPoint","urlTemplate":"https:\/\/www.leclanche.com\/fr\/?s={search_term_string}"},"query-input":{"@type":"PropertyValueSpecification","valueRequired":true,"valueName":"search_term_string"}}],"inLanguage":"fr-FR"},{"@type":"Person","@id":"https:\/\/www.leclanche.com\/fr\/#\/schema\/person\/167e0a19484be6cd0f6ef0e2ddf44203","name":"wavemind","image":{"@type":"ImageObject","inLanguage":"fr-FR","@id":"https:\/\/www.leclanche.com\/fr\/#\/schema\/person\/image\/","url":"https:\/\/secure.gravatar.com\/avatar\/37d64a5301717e5c14c6c8f122c36a0d05409469ecccfad71c65502f189da403?s=96&d=mm&r=g","contentUrl":"https:\/\/secure.gravatar.com\/avatar\/37d64a5301717e5c14c6c8f122c36a0d05409469ecccfad71c65502f189da403?s=96&d=mm&r=g","caption":"wavemind"},"url":"https:\/\/www.leclanche.com\/fr\/author\/wavemind\/"}]}},"_links":{"self":[{"href":"https:\/\/www.leclanche.com\/fr\/wp-json\/wp\/v2\/posts\/12024","targetHints":{"allow":["GET"]}}],"collection":[{"href":"https:\/\/www.leclanche.com\/fr\/wp-json\/wp\/v2\/posts"}],"about":[{"href":"https:\/\/www.leclanche.com\/fr\/wp-json\/wp\/v2\/types\/post"}],"author":[{"embeddable":true,"href":"https:\/\/www.leclanche.com\/fr\/wp-json\/wp\/v2\/users\/1"}],"replies":[{"embeddable":true,"href":"https:\/\/www.leclanche.com\/fr\/wp-json\/wp\/v2\/comments?post=12024"}],"version-history":[{"count":2,"href":"https:\/\/www.leclanche.com\/fr\/wp-json\/wp\/v2\/posts\/12024\/revisions"}],"predecessor-version":[{"id":12025,"href":"https:\/\/www.leclanche.com\/fr\/wp-json\/wp\/v2\/posts\/12024\/revisions\/12025"}],"wp:attachment":[{"href":"https:\/\/www.leclanche.com\/fr\/wp-json\/wp\/v2\/media?parent=12024"}],"wp:term":[{"taxonomy":"category","embeddable":true,"href":"https:\/\/www.leclanche.com\/fr\/wp-json\/wp\/v2\/categories?post=12024"},{"taxonomy":"post_tag","embeddable":true,"href":"https:\/\/www.leclanche.com\/fr\/wp-json\/wp\/v2\/tags?post=12024"}],"curies":[{"name":"wp","href":"https:\/\/api.w.org\/{rel}","templated":true}]}}