{"id":12038,"date":"2022-09-12T06:09:48","date_gmt":"2022-09-12T04:09:48","guid":{"rendered":"https:\/\/www.leclanche.com\/invitation-a-la-prochaine-assemblee-generale-annuelle-des-action-naires-qui-se-tiendra-le-30-septembre-2022-a-9h00-heure-suisse\/"},"modified":"2022-09-13T06:20:48","modified_gmt":"2022-09-13T04:20:48","slug":"invitation-a-la-prochaine-assemblee-generale-annuelle-des-action-naires-qui-se-tiendra-le-30-septembre-2022-a-9h00-heure-suisse","status":"publish","type":"post","link":"https:\/\/www.leclanche.com\/fr\/invitation-a-la-prochaine-assemblee-generale-annuelle-des-action-naires-qui-se-tiendra-le-30-septembre-2022-a-9h00-heure-suisse\/","title":{"rendered":"Invitation \u00e0 la prochaine Assembl\u00e9e G\u00e9n\u00e9rale Annuelle des action-naires qui se tiendra le 30 septembre 2022 \u00e0 9h00, heure suisse"},"content":{"rendered":"<p><em>Annonce \u00e9v\u00e9nementielle au sens de l\u2019art. 53 RC<\/em><\/p>\n<p>&nbsp;<\/p>\n<ul>\n<li><em>Leclanch\u00e9 SA convoque son Assembl\u00e9e G\u00e9n\u00e9rale Ordinaire Annuelle le 30 septembre 2022<\/em><\/li>\n<li><em>Le Conseil d&rsquo;Administration propose la conversion de 41,3 millions de francs suisses de dettes envers SEFAM et Golden Partner en actions de la Soci\u00e9t\u00e9 afin de consolider le bilan<\/em><\/li>\n<\/ul>\n<p>&nbsp;<\/p>\n<p><strong>YVERDON-LES-BAINS, Suisse, le 12 septembre 2022<\/strong> \u2013 <a href=\"http:\/\/www.leclanche.com\/\">Leclanch\u00e9 SA<\/a> (SIX : LECN), un des principaux fournisseurs de solutions de stockage d&rsquo;\u00e9nergie dans le monde, convoque son Assembl\u00e9e G\u00e9n\u00e9rale Ordinaire Annuelle le 30 septembre 2022 \u00e0 9h00 heure suisse.<\/p>\n<p><strong>Information importante concernant COVID-19 <\/strong><\/p>\n<p>L&rsquo;Ordonnance 3 sur les mesures de lutte contre le coronavirus (COVID-19) (Ordonnance 3 COVID-19, RS 818.101.24) (<strong>\u00ab\u00a0l&rsquo;Ordonnance\u00a0\u00bb<\/strong>) du 19 juin 2020, valable jusqu&rsquo;au 31 d\u00e9cembre 2022 stipule que les organisateurs de r\u00e9unions de soci\u00e9t\u00e9s, telles que les assembl\u00e9es g\u00e9n\u00e9rales annuelles, peuvent d\u00e9cider que les participants peuvent exclusivement exercer leurs droits (i) par \u00e9crit ou en ligne ; ou (ii) par le biais d&rsquo;un mandataire ind\u00e9pendant par l&rsquo;organisateur. Par mesure de pr\u00e9caution, le conseil d&rsquo;administration a donc d\u00e9cid\u00e9 que les actionnaires de LECLANCHE SA pourront exercer leurs droits lors de l&rsquo;assembl\u00e9e g\u00e9n\u00e9rale annuelle du 30 septembre 2022 exclusivement par le biais du repr\u00e9sentant ind\u00e9pendant. La pr\u00e9sence personnelle d&rsquo;actionnaires ou de repr\u00e9sentants d&rsquo;actionnaires autres que le repr\u00e9sentant ind\u00e9pendant n&rsquo;est pas autoris\u00e9e. Veuillez-vous r\u00e9f\u00e9rer \u00e0 l&rsquo;invitation \u00e0 la section \u00ab\u00a0Repr\u00e9sentation\u00a0\u00bb pour obtenir des informations sur la mani\u00e8re d&rsquo;autoriser et de donner des instructions au repr\u00e9sentant ind\u00e9pendant.<\/p>\n<p>Les actionnaires sont invit\u00e9s \u00e0 participer \u00e0 la retransmission en direct de l&rsquo;assembl\u00e9e g\u00e9n\u00e9rale annuelle des actionnaires <strong>le 30 septembre 2022 \u00e0 9h00 (heure suisse)<\/strong> en anglais, fran\u00e7ais ou allemand. Les questions peuvent \u00eatre soumises par \u00e9crit pendant la retransmission via un outil en ligne et il y sera r\u00e9pondu \u00e0 la fin de l&rsquo;assembl\u00e9e. D&rsquo;autres droits (y compris les droits de vote) peuvent \u00eatre exerc\u00e9s exclusivement par l&rsquo;interm\u00e9diaire du repr\u00e9sentant ind\u00e9pendant avant l&rsquo;assembl\u00e9e g\u00e9n\u00e9rale annuelle (voir la section \u00ab\u00a0Repr\u00e9sentation\u00a0\u00bb ci-dessous). Le lien vers le webcast est le suivant : <a href=\"https:\/\/www.leclanche.com\/2022-annual-general-meeting\/\">https:\/\/www.leclanche.com\/2022-annual-general-meeting\/<\/a><\/p>\n<h2><a name=\"_Toc479006738\"><\/a><a name=\"_Toc42182012\"><\/a><a name=\"_Toc113569758\"><\/a>I. Agenda<\/h2>\n<p>Introduction par le Pr\u00e9sident du Conseil d\u2019Administration.<\/p>\n<h4><a name=\"_Toc479006740\"><\/a>1.1 Rapport annuel 2021, comptes consolid\u00e9s 2021, \u00e9tats financiers statutaires 2021 et rapport de r\u00e9mun\u00e9ration 2021 de LECLANCHE SA.<\/h4>\n<p><strong>Proposition du Conseil d&rsquo;Administration :<\/strong> approuver le rapport annuel 2021, les \u00e9tats financiers consolid\u00e9s 2021 et les \u00e9tats financiers statutaires 2021 de LECLANCHE SA.<\/p>\n<h4>1.2\u00a0 Vote consultatif sur le rapport de r\u00e9mun\u00e9ration 2021<\/h4>\n<p><strong>Proposition du Conseil d\u2019Administration<\/strong> : Approuver \u00e0 titre consultatif le rapport de r\u00e9mun\u00e9ration 2020<\/p>\n<p><strong><em>Explication<\/em><\/strong><em> : Le Conseil d\u2019Administration, se basant sur les recommandations du code suisse de bonne pratique pour la gouvernance d\u2019entreprise, vous demande d\u2019approuver \u00e0 titre consultatif le rapport de r\u00e9mun\u00e9ration 2020.<\/em><\/p>\n<h3><a name=\"_Toc479006742\"><\/a><a name=\"_Toc42182014\"><\/a><a name=\"_Toc113569759\"><\/a>2. D\u00e9charge du Conseil d\u2019Administration<\/h3>\n<p><strong>Proposition du Conseil d\u2019Administration: <\/strong>donner d\u00e9charge aux members du Conseil d\u2019Administration.<\/p>\n<h3><a name=\"_Toc479006743\"><\/a><a name=\"_Toc42182015\"><\/a><a name=\"_Toc113569760\"><\/a>3. D\u00e9cision relative \u00e0 l\u2019affectation de la perte resultant du bilan<\/h3>\n<p>Perte de l\u2019exercice 2021\u00a0\u00a0\u00a0\u00a0\u00a0\u00a0\u00a0\u00a0\u00a0\u00a0\u00a0\u00a0\u00a0\u00a0\u00a0\u00a0\u00a0\u00a0\u00a0\u00a0\u00a0\u00a0\u00a0\u00a0\u00a0\u00a0\u00a0\u00a0\u00a0\u00a0\u00a0\u00a0\u00a0\u00a0\u00a0\u00a0\u00a0\u00a0\u00a0\u00a0\u00a0\u00a0\u00a0\u00a0\u00a0\u00a0\u00a0\u00a0\u00a0\u00a0\u00a0\u00a0\u00a0\u00a0\u00a0\u00a0\u00a0\u00a0\u00a0\u00a0\u00a0\u00a0\u00a0\u00a0\u00a0\u00a0\u00a0\u00a0 -75\u2019108\u2019364,06 CHF<\/p>\n<p>Pertes report\u00e9es des exercices pr\u00e9c\u00e9dents\u00a0 \u00a0\u00a0\u00a0\u00a0\u00a0\u00a0\u00a0\u00a0\u00a0\u00a0\u00a0\u00a0\u00a0\u00a0\u00a0\u00a0\u00a0\u00a0\u00a0\u00a0\u00a0\u00a0\u00a0\u00a0\u00a0\u00a0\u00a0\u00a0\u00a0\u00a0\u00a0\u00a0 \u00a0-41&rsquo;498&rsquo;625,09 CHF<\/p>\n<p>Total\u00a0 des pertes cumul\u00e9es\u00a0 \u00a0\u00a0\u00a0\u00a0\u00a0\u00a0\u00a0\u00a0\u00a0\u00a0\u00a0\u00a0\u00a0\u00a0\u00a0\u00a0\u00a0\u00a0\u00a0\u00a0\u00a0\u00a0\u00a0\u00a0\u00a0\u00a0\u00a0\u00a0\u00a0\u00a0\u00a0\u00a0\u00a0\u00a0\u00a0\u00a0\u00a0\u00a0\u00a0\u00a0\u00a0\u00a0\u00a0\u00a0\u00a0\u00a0\u00a0\u00a0\u00a0\u00a0\u00a0\u00a0\u00a0\u00a0\u00a0\u00a0\u00a0\u00a0\u00a0 \u00a0-116\u2019606\u2019989,15 CHF<\/p>\n<p><strong>Proposition du Conseil d\u2019Administration <\/strong>:<\/p>\n<p>Dividendes pour 2021\u00a0\u00a0\u00a0\u00a0\u00a0\u00a0\u00a0\u00a0\u00a0\u00a0\u00a0\u00a0\u00a0\u00a0\u00a0\u00a0\u00a0\u00a0\u00a0\u00a0\u00a0\u00a0\u00a0\u00a0\u00a0\u00a0\u00a0\u00a0\u00a0\u00a0\u00a0\u00a0\u00a0\u00a0\u00a0\u00a0\u00a0\u00a0\u00a0\u00a0\u00a0\u00a0\u00a0\u00a0\u00a0\u00a0\u00a0\u00a0\u00a0\u00a0\u00a0\u00a0\u00a0\u00a0\u00a0\u00a0\u00a0\u00a0\u00a0\u00a0\u00a0\u00a0\u00a0\u00a0\u00a0\u00a0\u00a0\u00a0\u00a0\u00a0\u00a0\u00a0\u00a0\u00a0\u00a0\u00a0\u00a0\u00a0\u00a0\u00a0\u00a0\u00a0\u00a0\u00a0\u00a0\u00a0\u00a0\u00a0\u00a0\u00a0\u00a0\u00a0\u00a0\u00a0\u00a0\u00a0\u00a0\u00a0\u00a0\u00a0\u00a0\u00a0 0.00<\/p>\n<p>Report \u00e0-nouveau\u00a0\u00a0\u00a0\u00a0\u00a0\u00a0\u00a0\u00a0\u00a0\u00a0\u00a0\u00a0\u00a0\u00a0\u00a0\u00a0\u00a0\u00a0\u00a0\u00a0\u00a0\u00a0\u00a0\u00a0\u00a0\u00a0\u00a0\u00a0\u00a0\u00a0\u00a0\u00a0\u00a0\u00a0\u00a0\u00a0\u00a0\u00a0\u00a0\u00a0\u00a0\u00a0\u00a0\u00a0\u00a0\u00a0\u00a0\u00a0\u00a0\u00a0\u00a0\u00a0\u00a0\u00a0\u00a0\u00a0\u00a0\u00a0\u00a0\u00a0\u00a0\u00a0\u00a0\u00a0\u00a0\u00a0\u00a0\u00a0\u00a0\u00a0\u00a0\u00a0\u00a0\u00a0\u00a0\u00a0\u00a0\u00a0 -116\u2019606\u2019989,15 CHF<\/p>\n<h3><a name=\"_Toc479006744\"><\/a><a name=\"_Toc42182016\"><\/a><a name=\"_Toc113569761\"><\/a>4. \u00c9lections du Conseil d\u2019Administration<\/h3>\n<h4><a name=\"_Toc479006745\"><\/a>4.1 \u00c9lections du Conseil d\u2019Admnistration<\/h4>\n<p><strong>Proposition du Conseil d\u2019Admnistration : <\/strong>\u00a0de r\u00e9\u00e9lire les administrateurs suivants, chacun pour un mandat allant jusqu&rsquo;\u00e0 la fin de la prochaine assembl\u00e9e g\u00e9n\u00e9rale annuelle des actionnaires :<\/p>\n<ul>\n<li>Benedict Fontanet<\/li>\n<\/ul>\n<h5>&#8211;\u00a0\u00a0\u00a0\u00a0\u00a0\u00a0\u00a0 M. Christophe Manset<\/h5>\n<p><strong><em>Explication:<\/em><\/strong><em> M. Stefan M\u00fcller, M. Axel Maschka, M. David Suen, M. Tianyi Fan et le Dr. Llu\u00eds M. Fargas ne se repr\u00e9sentent pas \u00e0 la r\u00e9\u00e9lection.<\/em><\/p>\n<p><em>La r\u00e9\u00e9lection de M. Fontanet et de M. Manset est propos\u00e9e \u00e0 la demande de la SEFAM <\/em><a href=\"#_ftn1\" name=\"_ftnref1\"><em><strong>[1]<\/strong><\/em><\/a><em>. <\/em><\/p>\n<h4>4.2 Nouvelles \u00e9lections du Conseil d\u2019Administration<\/h4>\n<h4>Proposition du Conseil d\u2019Administration: le Conseil d&rsquo;Administration propose d&rsquo;\u00e9lire M. Alexander Rhea, M. Shanu (Ali) Sherwani, M. Bernard Pons et M. Marc Lepi\u00e8ce comme nouveau membre du Conseil d&rsquo;administration.<\/h4>\n<h4><em>Expl<\/em><em>ication:<\/em><em> Messieurs Rhea, Sherwani, Pons et Lepi\u00e8ce ont \u00e9t\u00e9 pr\u00e9sent\u00e9s \u00e0 l&rsquo;\u00e9lection du Conseil d&rsquo;administration par la\u00a0 SEFAM<sup>1<\/sup>.<\/em><\/h4>\n<p><strong><em>Biographie Alexander Rhea<\/em><\/strong><\/p>\n<p><em>Monsieur Alexander Rhea a plus de 25 ans d&rsquo;exp\u00e9rience dans le domaine de l&rsquo;investissement en capital-investissement, tant en Europe que dans la Silicon Valley, et est un expert dans l&rsquo;aide aux petites entreprises \u00e0 croissance rapide dans leur croissance mondiale. <\/em><\/p>\n<p><em>Il est actuellement directeur de l&rsquo;exploitation d&rsquo;AM Investment SA, le partenaire g\u00e9n\u00e9ral et le conseiller en investissement des fonds r\u00e9glement\u00e9s de Golden Partner. Il est \u00e9galement tr\u00e8s impliqu\u00e9 dans l&rsquo;important \u00e9ventail de soci\u00e9t\u00e9s et de fonds de portefeuille de Golden Partner. Avant de rejoindre AM\/Golden Partner, Monsieur Rhea\u00a0 a \u00e9t\u00e9 PDG par int\u00e9rim d&rsquo;une entreprise industrielle belgo-fran\u00e7aise de plus de 250 employ\u00e9s pendant plus de deux ans, le temps de redresser l&rsquo;entreprise. En 2014, il a fond\u00e9 New Angle Capital (NAC Partners), un conseiller en investissement bas\u00e9 au Luxembourg pour les fund-of-funds, les entreprises et les family offices. <\/em><\/p>\n<p><em>De 2011 \u00e0 2014, Monsieur Rhea a \u00e9t\u00e9 associ\u00e9 chez PwC Luxembourg et directeur g\u00e9n\u00e9ral d&rsquo;Accelera-tor, un projet paneurop\u00e9en au sein du r\u00e9seau PwC visant \u00e0 aider les PME prometteuses (chiffre d&rsquo;affaires de 3 \u00e0 100 millions d&rsquo;euros) \u00e0 devenir mondiales en d\u00e9veloppant certaines m\u00e9thodologies, notamment des approches syst\u00e9matiques. <\/em><\/p>\n<p><em>De 2000 \u00e0 2011, Monsieur Rhea a \u00e9t\u00e9 le cofondateur et l&rsquo;associ\u00e9 g\u00e9rant de Pyramid Technology Ventures, un fonds d&rsquo;investissement priv\u00e9 de 120 millions d&rsquo;euros en capital-risque et capital-risque avec des bureaux \u00e0 Paris et \u00e0 San Francisco. C&rsquo;est au cours de ses ann\u00e9es \u00e0 PTV que Monsieur Rhea a d\u00e9velopp\u00e9 une expertise dans l&rsquo;aide aux entreprises europ\u00e9ennes \u00e0 devenir transatlantiques.<\/em><\/p>\n<p><em>De 1995 \u00e0 2000, Monsieur Rhea a \u00e9t\u00e9 directeur d&rsquo;investissement \u00e0 Paris, en France, chez Iris Capital, \u00e0 l&rsquo;\u00e9poque la branche de capital-risque du groupe Caisse des D\u00e9p\u00f4ts (\u00e9galement connu sous le nom de CDC), o\u00f9 il a d\u00e9velopp\u00e9 un portefeuille d&rsquo;investissements am\u00e9ricains. .<\/em><\/p>\n<p><em>Monsieur Rhea a \u00e9t\u00e9 confront\u00e9 pour la premi\u00e8re fois \u00e0 l&rsquo;investissement en capital priv\u00e9 lorsqu&rsquo;il a \u00e9t\u00e9 engag\u00e9 en 1993 par GET Capital en tant que PDG charg\u00e9 du redressement de l&rsquo;une des soci\u00e9t\u00e9s de son portefeuille. Ses comp\u00e9tences de PDG ont fait leurs preuves lorsqu&rsquo;il \u00e9tait PDG de Birkmayer USA, une filiale \u00e0 part enti\u00e8re de Laborbirkmayer.\u00a0 <\/em><\/p>\n<p><em>Monsieur Rhea est dipl\u00f4m\u00e9 de HEC Paris (France) et a obtenu un dipl\u00f4me d&rsquo;ing\u00e9nieur en informatique et \u00e9lectronique de l&rsquo;Universit\u00e9 catholique (Washington, DC).<\/em><\/p>\n<p><strong><em>Biographie Shanu (Ali) Sherwani<\/em><\/strong><\/p>\n<p><em>Monsieur Sherwani est directeur des investissements chez Golden Partner et cadre dans divers fonds de capital-investissement. Il a plus de 20 ans d&rsquo;exp\u00e9rience dans le domaine du capital-investissement et de tout autre type de fonds d&rsquo;investissement alternatif. Shanu est sp\u00e9cialis\u00e9 dans le capital-investissement, les fusions et acquisitions et la finance d&rsquo;entreprise.<\/em><\/p>\n<p><em>Il a travaill\u00e9 pour KPMG Corporate Finance, en tant que responsable des fusions et acquisitions et du d\u00e9veloppement commercial au sein du groupe Post, ainsi qu&rsquo;en tant que responsable des relations avec les investisseurs et du d\u00e9veloppement commercial chez Threestones Capital et Castik Capital. Il conseille actuellement plusieurs fonds PERE du premier quartile et est un chroniqueur r\u00e9gulier sur les march\u00e9s priv\u00e9s dans les principales publications financi\u00e8res luxembourgeoises.<\/em><\/p>\n<p><em>Il est titulaire d&rsquo;un master en gestion internationale et en finance d&rsquo;entreprise de l&rsquo;ICHEC (Bruxelles) et de dipl\u00f4mes d&rsquo;\u00e9tudes sup\u00e9rieures en march\u00e9s priv\u00e9s et en capital-investissement de l&rsquo;universit\u00e9 d&rsquo;Oxford et de l&rsquo;Imperial College de Londres. Monsieur Sherwani a r\u00e9cemment obtenu un dipl\u00f4me post-universitaire d\u2019investissements alternatifs \u00e0 la Harvard Business School.<\/em><\/p>\n<p><strong><em>Biographie Bernard Pons<\/em><\/strong><\/p>\n<p><em>Monsieur Pons a commenc\u00e9 sa carri\u00e8re en 2001 chez KBL epb S.A. o\u00f9 il a acquis de l&rsquo;exp\u00e9rience dans l&rsquo;analyse de cr\u00e9dit et d&rsquo;actions, la gestion de fonds et l&rsquo;organisation et la gestion d&rsquo;institutions bancaires. Fin 2003, il a rejoint le d\u00e9partement Private Equity &amp; Corporate Finance o\u00f9 il \u00e9tait responsable des portefeuilles propri\u00e9taires de KBL epb. En 2005, Bernard a poursuivi sa carri\u00e8re en tant que gestionnaire de fonds et analyste au sein du d\u00e9partement Fund Research &amp; Multi-Management de la banque.<\/em><\/p>\n<p><em>En 2010, il a quitt\u00e9 KBL epb pour devenir l&rsquo;un des managing partners fondateurs de Pure Capital. Il est le Chief Risk Officer et est \u00e9galement responsable du marketing, de l&rsquo;administration des UCIs et des fonctions de valorisation. <\/em><\/p>\n<p><em>Monsieur Pons est titulaire d&rsquo;un MSc en ing\u00e9nierie financi\u00e8re et \u00e9conomie de l&rsquo;Universit\u00e9 de Li\u00e8ge (HEC-ULg).<\/em><\/p>\n<p><strong><em>Biographie. Marc Lepi\u00e8ce<\/em><\/strong><\/p>\n<p><em>Monsieur Lepi\u00e8ce a termin\u00e9 ses \u00e9tudes d&rsquo;ing\u00e9nieur civil \u00e0 l&rsquo;Universit\u00e9 de Li\u00e8ge en 1980. En 1994, il a obtenu un dipl\u00f4me post-universitaire en administration des affaires \u00e0 la Solvay Brussels School of Economics and Management. <\/em><\/p>\n<p><em>Monsieur Lepi\u00e8ce a d\u00e9but\u00e9 sa carri\u00e8re en 1982 chez Tractebel Engineering (Belgique) en tant qu&rsquo;ing\u00e9nieur principal. Au cours des sept premi\u00e8res ann\u00e9es, il a acquis une exp\u00e9rience technique et est ensuite pass\u00e9 \u00e0 la gestion de projet avec, comme r\u00e9alisation majeure, le remplacement des g\u00e9n\u00e9rateurs de vapeur de Doel 3 en 1996.<\/em><\/p>\n<p><em>En 2001, il est nomm\u00e9 chef de la section m\u00e9canique et en 2003, il devient vice-pr\u00e9sident ex\u00e9cutif et membre du comit\u00e9 ex\u00e9cutif. Il a \u00e9t\u00e9 successivement charg\u00e9 du d\u00e9veloppement commercial. Il a d&rsquo;abord \u00e9t\u00e9 responsable de la strat\u00e9gie, du marketing, de la communication externe et des fusions et acquisitions en Am\u00e9rique latine, en Asie et au Moyen-Orient avant d&rsquo;\u00eatre responsable du d\u00e9veloppement international \u00e0 travers la gestion d&rsquo;une Business Unit sp\u00e9cifique active en Europe, en Inde et en Asie du Sud-Est. <\/em><\/p>\n<p><em>De 2014 jusqu&rsquo;\u00e0 sa retraite fin 2018, il a \u00e9t\u00e9 directeur g\u00e9n\u00e9ral de Tractebel Engineering pour l&rsquo;\u00e9nergie (hors nucl\u00e9aire) et les infrastructures en Europe, en Inde et en Asie du Sud-Est. <\/em><\/p>\n<p><em>Monsieur Lepi\u00e8ce a lanc\u00e9 plusieurs entreprises, r\u00e9alis\u00e9 des ventes et des acquisitions, et d\u00e9velopp\u00e9 les ventes crois\u00e9es entre toutes les unit\u00e9s commerciales. Son r\u00e9seau dans les domaines de l&rsquo;\u00e9nergie et des infrastructures est important, tant en Belgique qu&rsquo;\u00e0 l&rsquo;\u00e9tranger.<\/em><\/p>\n<p><em>Il a fond\u00e9 sa propre soci\u00e9t\u00e9 de conseil en janvier 2019 dans le but de transf\u00e9rer son savoir-faire et son exp\u00e9rience vers des managers souhaitant acc\u00e9l\u00e9rer la croissance de leur entreprise ou optimiser leur rentabilit\u00e9. Il est actuellement membre de 2 conseils d\u2019administration :<\/em><\/p>\n<p><em>&#8211; WeSmart, une PME impliqu\u00e9e dans la cr\u00e9ation et la gestion de communaut\u00e9s \u00e9nerg\u00e9tiques.<\/em><\/p>\n<p><em>&#8211; Cluster TWEED (Technologie Wallonne Energie-Environnement et D\u00e9veloppement Durable), une organisation wallonne regroupant plus de 100 entreprises actives dans le secteur de l&rsquo;\u00e9nergie durable.<\/em><\/p>\n<h4>4.3\u00a0 \u00c9lection du pr\u00e9sident du Conseil d&rsquo;Administration<\/h4>\n<p><strong>Proposition du Conseil d&rsquo;administration:<\/strong> Le conseil d&rsquo;administration propose d&rsquo;\u00e9lire monsieur Alexander Rhea en tant que pr\u00e9sident du Conseil d&rsquo;Administration pour un mandat allant jusqu&rsquo;\u00e0 la fin de la prochaine assembl\u00e9e g\u00e9n\u00e9rale annuelle des actionnaires.<\/p>\n<p><strong><em>Explication:<\/em><\/strong><em> Monsieur Stefan A. M\u00fcller ne se pr\u00e9sente pas pour une r\u00e9\u00e9lection.<\/em><\/p>\n<h4>4.4\u00a0 \u00c9lections du Comit\u00e9 des Nominations et des R\u00e9mun\u00e9rations<\/h4>\n<p><strong>Proposition du Conseil d&rsquo;Administration\u00a0:<\/strong> \u00e9lire les membres suivants au Comit\u00e9 des Nominations et des R\u00e9mun\u00e9rations, chacun pour un mandat allant jusqu&rsquo;\u00e0 la fin de la prochaine assembl\u00e9e g\u00e9n\u00e9rale annuelle des actionnaires :<\/p>\n<ul>\n<li>Monsieur Shanu (Ali) Sherwani<\/li>\n<\/ul>\n<h5>&#8211;\u00a0\u00a0\u00a0\u00a0\u00a0\u00a0\u00a0 Monsieur Christophe Manset<\/h5>\n<ul>\n<li>Monsieur Marc Lepi\u00e8ce<\/li>\n<\/ul>\n<h3><a name=\"_Toc113569762\"><\/a><a name=\"_Toc113471178\"><\/a><a name=\"_Toc113471358\"><\/a><a name=\"_Toc113471513\"><\/a><a name=\"_Toc113471179\"><\/a><a name=\"_Toc113471359\"><\/a><a name=\"_Toc113471514\"><\/a><a name=\"_Toc113471180\"><\/a><a name=\"_Toc113471360\"><\/a><a name=\"_Toc113471515\"><\/a><a name=\"_Toc113471181\"><\/a><a name=\"_Toc113471361\"><\/a><a name=\"_Toc113471516\"><\/a><a name=\"_Toc113471182\"><\/a><a name=\"_Toc113471362\"><\/a><a name=\"_Toc113471517\"><\/a>5. \u00c9lection de l\u2019organe de r\u00e9vision<\/h3>\n<p><strong>Proposition du Conseil d&rsquo;Administration\u00a0:<\/strong> \u00e9lire MAZARS SA, [Vernier] comme organe de r\u00e9vision pour l&rsquo;exercice 2022.<\/p>\n<p><strong><em>Explication:<\/em><\/strong><em> PricewaterhouseCoopers SA ne se repr\u00e9sente pas \u00e0 la r\u00e9\u00e9lection.<\/em><\/p>\n<h3><a name=\"_Toc113569763\"><\/a>6. \u00c9lection du Repr\u00e9sentant Ind\u00e9pendant<\/h3>\n<p><a name=\"_Toc479006761\"><\/a><strong>Proposition du Conseil d&rsquo;Administration:<\/strong> R\u00e9\u00e9lire Me. Manuel Isler, avocat, Gen\u00e8ve, en tant que repr\u00e9sentant ind\u00e9pendant jusqu&rsquo;\u00e0 la fin de la prochaine assembl\u00e9e g\u00e9n\u00e9rale annuelle des actionnaires.<\/p>\n<h3><a name=\"_Toc113569764\"><\/a>7. Modification partielle des statuts \/ Modification du capital-actions autoris\u00e9 (art. 3 quater)<\/h3>\n<p><strong>Proposition du Conseil d&rsquo;Administration:<\/strong> Le Conseil d&rsquo;Administration propose de prolonger la p\u00e9riode d&rsquo;exercice de l&rsquo;autorisation accord\u00e9e au Conseil d&rsquo;Administration d&rsquo;augmenter le capital-actions jusqu&rsquo;au 30 juin 2024 (capital-actions autoris\u00e9), et de fixer le capital-actions autoris\u00e9 \u00e0 un maximum de 167 598 544 actions et, en cons\u00e9quence, de modifier l&rsquo;article 3 quater des statuts comme suit :<\/p>\n<p>&nbsp;<\/p>\n<table>\n<tbody>\n<tr>\n<td width=\"310\"><strong>Version actuelle<\/strong><\/td>\n<td width=\"300\"><strong>Version propos\u00e9e (changements soulign\u00e9s)<\/strong><\/td>\n<\/tr>\n<tr>\n<td width=\"310\"><strong><u>Article 3 quater :<\/u><\/strong><\/p>\n<p><em>Le Conseil d&rsquo;Administration est autoris\u00e9 \u00e0 augmenter le capital-actions, en tout temps jusqu\u2019au 30 juin 2023, d\u2019un montant maximum de CHF 6\u2019000\u2019000.00 par l\u2019\u00e9mission d\u2019un maximum de 60\u2019000\u2019000 actions enti\u00e8rement lib\u00e9r\u00e9es d\u2019une valeur nominale de CHF 0,10 chacune. [\u2026]<\/em><\/p>\n<p><em>[Le reste du paragraphe 1 ainsi que les paragraphes 2, 3 et 4 restent inchang\u00e9s].<\/em><\/td>\n<td width=\"300\"><strong><u>Article 3 quater :<\/u><\/strong><\/p>\n<p><em>Le Conseil d&rsquo;Administration est autoris\u00e9 \u00e0 augmenter le capital-actions, en tout temps jusqu&rsquo;au <u>30 juin 2024<\/u>, d&rsquo;un montant maximal de <u>CHF 16&rsquo;759&rsquo;854.40<\/u> par l&rsquo;\u00e9mission d&rsquo;un maximum de <u>167&rsquo;598&rsquo;544 <\/u>actions enti\u00e8rement lib\u00e9r\u00e9es d&rsquo;une valeur nominale de CHF 0.10 chacune. [&#8230;] <\/em><\/p>\n<p><em>[Le reste du paragraphe 1 ainsi que les paragraphes 2, 3 et 4 restent inchang\u00e9s].<\/em><\/td>\n<\/tr>\n<\/tbody>\n<\/table>\n<p><strong><em>\u00a0<\/em><\/strong><\/p>\n<p><strong><em>Explication:<\/em><\/strong><em> Les dispositions relatives au capital-actions autoris\u00e9 (article 3quater) permettent au Conseil d&rsquo;Administration d&rsquo;obtenir des fonds pour la Soci\u00e9t\u00e9 et de lever des capitaux de mani\u00e8re efficace, flexible et rapide dans des circonstances pr\u00e9cises et dans un cadre clair. Afin de b\u00e9n\u00e9ficier pleinement de cette flexibilit\u00e9, le Conseil d&rsquo;Administration propose d&rsquo;une part d&rsquo;augmenter l&rsquo;autorisation \u00e0 un nombre maximum de 167&rsquo;598&rsquo;544 actions nominatives et de prolonger la dur\u00e9e de validit\u00e9 de l&rsquo;autorisation accord\u00e9e au Conseil d&rsquo;Administration jusqu&rsquo;au 30 juin 2024, afin de conserver la flexibilit\u00e9.<\/em><\/p>\n<h3><a name=\"_Toc113569765\"><\/a>8. Modification partielle des statuts \/ Cr\u00e9ation d&rsquo;un capital-actions conditionnel (art. 3quinquies)<\/h3>\n<p><strong>Proposition du Conseil d&rsquo;Administration:<\/strong> Le Conseil d&rsquo;Administration propose d&rsquo;augmenter le capital-actions conditionnel existant et de modifier l&rsquo;article\u00a0 3<sup>quinquies<\/sup> des statuts de la soci\u00e9t\u00e9 comme suit :<\/p>\n<table>\n<tbody>\n<tr>\n<td width=\"295\"><strong>Current Version<\/strong><\/td>\n<td width=\"300\"><strong>Proposed Version (changes underlined)<\/strong><\/td>\n<\/tr>\n<tr>\n<td width=\"295\"><strong><u>Article\u00a0 3<sup>quinquies<\/sup>:<\/u><\/strong><\/p>\n<p>Le capital-actions peut \u00eatre augment\u00e9 d&rsquo;un montant maximal de 3&rsquo;366\u2019925,80 CHF par l&rsquo;\u00e9mission d&rsquo;un maximum de 33 669 258 actions enti\u00e8rement lib\u00e9r\u00e9es d&rsquo;une valeur nominale de 0,10 CHF par action. [&#8230;]<\/p>\n<p><em>[ Le reste du paragraphe 1 ainsi que les paragraphes 2, 3, 4 et 5 restent inchang\u00e9s.].<\/em><\/td>\n<td width=\"300\"><strong><u>Article\u00a0 3<sup>quinquies<\/sup>:<\/u><\/strong><\/p>\n<p>Le capital-actions peut \u00eatre augment\u00e9 d&rsquo;un montant maximal de <u>16&rsquo;159&rsquo;854,40<\/u> CHF par l&rsquo;\u00e9mission d&rsquo;un maximum de <u>161&rsquo;598&rsquo;544 <\/u>actions enti\u00e8rement lib\u00e9r\u00e9es d&rsquo;une valeur nominale de 0,10 CHF par action. [&#8230;]<\/p>\n<p><em>[ Le reste du paragraphe 1 ainsi que les paragraphes 2, 3, 4 et 5 restent inchang\u00e9s.].<\/em><\/td>\n<\/tr>\n<\/tbody>\n<\/table>\n<p><strong><em>Explication:<\/em><\/strong><em> Les dispositions relatives au capital-actions autoris\u00e9 (article 3quater) et au capital-actions conditionnel (article 3ter et 3quinquies) permettent au Conseil d&rsquo;Administration d&rsquo;obtenir des fonds pour la Soci\u00e9t\u00e9 et de lever des capitaux de mani\u00e8re efficace, flexible et rapide dans des circonstances sp\u00e9cifiques et dans un cadre clair. Afin de b\u00e9n\u00e9ficier pleinement de cette flexibilit\u00e9, le Conseil d&rsquo;Administration propose d&rsquo;augmenter le capital-actions conditionnel.<\/em><\/p>\n<h3><a name=\"_Toc113569766\"><\/a>9. Modification partielle des statuts \/ \u00c9lection du pr\u00e9sident du Conseil d&rsquo;Administration (art. 18)<\/h3>\n<p>Selon l&rsquo;art.\u00a0 2 \u00a7 1 de l&rsquo;Ordonnance f\u00e9d\u00e9rale contre les r\u00e9mun\u00e9rations abusives (\u00ab\u00a0<strong>ORAb<\/strong>\u00ab\u00a0, RS 221.331), le pr\u00e9sident du Conseil d&rsquo;Administration doit \u00eatre \u00e9lu par l&rsquo;assembl\u00e9e g\u00e9n\u00e9rale des actionnaires. L&rsquo;art. 18, deuxi\u00e8me phrase, des statuts n&rsquo;est plus conforme \u00e0 cette r\u00e9glementation et doit \u00eatre corrig\u00e9 comme suit :<\/p>\n<table>\n<tbody>\n<tr>\n<td width=\"295\"><strong>Version actuelle<\/strong><\/td>\n<td width=\"300\"><strong>Version propose (changements soulign\u00e9s)<\/strong><\/td>\n<\/tr>\n<tr>\n<td width=\"295\"><strong><u>Article 18:<\/u><\/strong><\/p>\n<p>Le conseil d&rsquo;administration se constitue et s&rsquo;organise lui-m\u00eame dans les limites de la loi et des statuts. Il d\u00e9signe son pr\u00e9sident et le secr\u00e9taire [&#8230;]<\/p>\n<p><em>[Le reste du paragraphe 1 ainsi que les paragraphes 2 restent inchang\u00e9s].<\/em><\/td>\n<td width=\"300\"><strong><u>Article 18:<\/u><\/strong><\/p>\n<p>Le conseil d&rsquo;administration se constitue et s&rsquo;organise lui-m\u00eame dans les limites de la loi et des statuts. Il d\u00e9signe <span style=\"text-decoration: line-through;\">son pr\u00e9sident et<\/span> le secr\u00e9taire [&#8230;]<\/p>\n<p><em>[Le reste du paragraphe 1 ainsi que les paragraphes 2 restent inchang\u00e9s]. <\/em><\/td>\n<\/tr>\n<\/tbody>\n<\/table>\n<h3><\/h3>\n<h3><a name=\"_Toc113569767\"><\/a>10. Ratification du Carve-Out, de la modification de l&rsquo;objet de la soci\u00e9t\u00e9 et des mesures de restructuration financi\u00e8re<\/h3>\n<h4>10.1 Vue d\u2019ensemble<\/h4>\n<p>Au 31 d\u00e9cembre 2021, la Soci\u00e9t\u00e9 \u00e9tait et est toujours surendett\u00e9e selon l&rsquo;art. 725 al. 2 Code suisse des obligations (\u00ab\u00a0<strong>CO<\/strong>\u00ab\u00a0), mais dispose de suffisamment de subordonn\u00e9es pour couvrir les fonds propres n\u00e9gatifs. Au cours de l&rsquo;ann\u00e9e 2022, la dette due \u00e0 SEFAM pour un montant total d&rsquo;environ 77&rsquo;574&rsquo;893 CHF a \u00e9t\u00e9 subordonn\u00e9e, ce qui a am\u00e9lior\u00e9 temporairement la situation du bilan de la Soci\u00e9t\u00e9.<\/p>\n<p>En tant que mesure de restructuration financi\u00e8re et pour optimiser la structure du groupe en vue d&rsquo;une transaction strat\u00e9gique potentielle, le Conseil d&rsquo;Administration a \u00e9valu\u00e9 les mesures appropri\u00e9es et la Soci\u00e9t\u00e9 a scind\u00e9 son activit\u00e9 eTransport en une entit\u00e9 suisse d\u00e9tenue \u00e0 100%, Leclanch\u00e9 E-Mobility SA, avec effet l\u00e9gal au 1er janvier 2022 (le \u00ab\u00a0<strong>Carve-Out<\/strong>\u00ab\u00a0). L&rsquo;une des options strat\u00e9giques \u00e9tait de fusionner Leclanch\u00e9 E-Mobility SA avec une soci\u00e9t\u00e9 d&rsquo;acquisition \u00e0 but sp\u00e9cial (SPAC) (par exemple, bas\u00e9e \u00e0 l&rsquo;\u00e9tranger et cot\u00e9e en bourse aux Etats-Unis) ou de conclure un accord de regroupement d&rsquo;entreprises avec un autre investisseur. Dans le cadre du Carve-Out, Leclanch\u00e9 E-Mobility a repris de la soci\u00e9t\u00e9 des actifs pour un montant de 65\u2019882\u2019000 CHF et des passifs pour un montant de 40&rsquo;283\u2019000<a href=\"#_ftn2\" name=\"_ftnref2\">[2]<\/a> CHF de l&rsquo;activit\u00e9 eTransport. Le Carve-Out a \u00e9t\u00e9 mis en \u0153uvre comme une reprise de biens et a eu lieu sans contrepartie. Apr\u00e8s le Carve-Out, l&rsquo;activit\u00e9 eTransport a \u00e9t\u00e9 et est enti\u00e8rement exploit\u00e9e et g\u00e9r\u00e9e par Leclanch\u00e9 E-Mobility SA et, par cons\u00e9quent, le Conseil d&rsquo;Administration sugg\u00e8re que ce changement structurel soit \u00e9galement refl\u00e9t\u00e9 dans la description du but de la soci\u00e9t\u00e9 dans les statuts.<\/p>\n<p>Compte tenu de la situation de d\u00e9tresse financi\u00e8re de la Soci\u00e9t\u00e9, d&rsquo;autres mesures de restructuration financi\u00e8re sont propos\u00e9es, qui visent \u00e0 am\u00e9liorer la situation du bilan. Plus pr\u00e9cis\u00e9ment, le Conseil d&rsquo;Administration propose de convertir les dettes existantes d&rsquo;un montant de 41&rsquo;339&rsquo;957,31 CHF en fonds propres par le biais d&rsquo;une augmentation de capital ordinaire. Afin de rem\u00e9dier \u00e0 cette situation, le Conseil d&rsquo;Administration a convenu avec SEFAM et Golden Partner (\u00ab\u00a0<strong>GP<\/strong>\u00ab\u00a0) de convertir une partie de la dette due \u00e0 SEFAM et GP d&rsquo;un montant total de 41&rsquo;339&rsquo;957,31 CHF (\u00ab\u00a0<strong>dette SEFAM et GP<\/strong>\u00ab\u00a0) en 109&rsquo;618&rsquo;116<a href=\"#_ftn3\" name=\"_ftnref3\">[3]<\/a> actions nominatives de la Soci\u00e9t\u00e9 d&rsquo;une valeur nominale de 0.10 CHF chacune, sous r\u00e9serve du respect des exigences du droit suisse et de l&rsquo;approbation de l&rsquo;assembl\u00e9e g\u00e9n\u00e9rale des actionnaires de la Soci\u00e9t\u00e9 (la \u00ab\u00a0<strong>conversion de la dette en capital<\/strong>\u00ab\u00a0).<\/p>\n<p>Afin de mettre en \u0153uvre la conversion de la dette en actions, les droits de pr\u00e9emption des actionnaires devront \u00eatre exclus en relation avec l&rsquo;augmentation de capital requise, qui n\u00e9cessite l&rsquo;approbation des actionnaires \u00e0 la majorit\u00e9 qualifi\u00e9e.<\/p>\n<p>Les entit\u00e9s juridiques suivantes, appartenant \u00e0 SEFAM et GP, sont parties aux accords de financement pertinents et feront partie de la conversion propos\u00e9e de la dette en capital (les \u00ab\u00a0<strong>cr\u00e9anciers<\/strong>\u00ab\u00a0), elles se sont engag\u00e9es \u00e0 convertir les montants ci-dessous en capital :<\/p>\n<ul>\n<li>AM Investment S.C.A. SICAV &#8211; FIS &#8211; Compartiment R&amp;D (\u00ab\u00a0<strong>AM R&amp;D<\/strong>\u00ab\u00a0) convertira des cr\u00e9ances d&rsquo;un montant maximum de 1&prime; 608&rsquo;393,86 CHF \u00e0 l&rsquo;encontre de la Soci\u00e9t\u00e9, repr\u00e9sentant les int\u00e9r\u00eats dus jusqu&rsquo;au 30 septembre 2022 en vertu du contrat de pr\u00eat dat\u00e9 du 25 juin 2021, tel qu&rsquo;amend\u00e9 de temps \u00e0 autre (le \u00ab\u00a0<strong>AM St. Kitts Construction Loan<\/strong>\u00ab\u00a0) ;<\/li>\n<li>AM Investment SCA SICAV-SIF &#8211; Illiquid Assets Sub-Fund (\u00ab\u00a0<strong>AM Illiquid<\/strong>\u00ab\u00a0) convertira des cr\u00e9ances de 3&rsquo;297&rsquo;000,00 CHF contre la Soci\u00e9t\u00e9 en vertu d&rsquo;un contrat de pr\u00eat avec la Soci\u00e9t\u00e9 dat\u00e9 du 31 mai 2021, tel que modifi\u00e9 de temps \u00e0 autre (le \u00ab\u00a0<strong>AM N&amp;G Proceeds Loan<\/strong>\u00ab\u00a0) et des int\u00e9r\u00eats dus jusqu&rsquo;au 30 septembre 2022 pour un montant de CHF 360&rsquo;873.17 ;<\/li>\n<li>AM Investment SCA SICAV-SIF &#8211; Compartiment Liquid Assets (\u00ab\u00a0<strong>AM Liquid<\/strong>\u00ab\u00a0) convertira des cr\u00e9ances de 20&rsquo;400&rsquo;000,00 CHF contre la Soci\u00e9t\u00e9 en vertu d&rsquo;un contrat de pr\u00eat avec la Soci\u00e9t\u00e9 dat\u00e9 du 4 f\u00e9vrier 2022, tel que modifi\u00e9 de temps \u00e0 autre (le \u00ab\u00a0<strong>Working Capital Bridge Loans<\/strong> \u00ab\u00a0) et des int\u00e9r\u00eats dus jusqu&rsquo;au 30 septembre 2022 pour 1&rsquo;300&rsquo;305,71 CHF ;<\/li>\n<li>Golden Partner FOF Management S\u00e0rl convertira des cr\u00e9ances de 9&rsquo;600&rsquo;000,00 CHF contre la Soci\u00e9t\u00e9 en vertu de trois contrats de pr\u00eat dat\u00e9s du 18 octobre 2021, du 22 novembre 2021 et du 13 d\u00e9cembre 2021, tels qu&rsquo;amend\u00e9s de temps \u00e0 autre (les \u00ab\u00a0<strong>GPFOF Bridge Loan<\/strong>\u00ab\u00a0) et des int\u00e9r\u00eats dus jusqu&rsquo;au 30 septembre 2022 pour 817&rsquo;080,53 CHF ;<\/li>\n<li>Golden Partner Holding Co. S\u00e0rl convertira des cr\u00e9ances d&rsquo;un montant maximum de 492&rsquo;888,88 CHF \u00e0 l&rsquo;encontre de la Soci\u00e9t\u00e9, repr\u00e9sentant des int\u00e9r\u00eats dus en vertu du contrat de pr\u00eat a du 4 f\u00e9vrier 2021, tel que modifi\u00e9 de temps \u00e0 autre (le \u00ab\u00a0<strong>Trading Finance Loan 2021<\/strong>\u00ab\u00a0)\u00a0;<\/li>\n<li>Golden Partner Shangai convertira des cr\u00e9ances d&rsquo;un montant maximal de 954&rsquo;999,76 CHF \u00e0 l&rsquo;encontre de la Soci\u00e9t\u00e9, repr\u00e9sentant des frais d&rsquo;arrangement en vertu des contrats de pr\u00eat dat\u00e9s du 17 juin 2022, du 25 juin 2022 et de leurs modifications successives (les \u00ab\u00a0<strong>Bridge Loans AM<\/strong>\u00ab\u00a0) et des contrats de pr\u00eat dat\u00e9s du 19 octobre 2021, du 23 novembre 2021 et du 14 d\u00e9cembre 2021 et de leurs modifications successives (les \u00ab\u00a0<strong>GPFOF Loans Agreements<\/strong>\u00ab\u00a0)\u00a0;<\/li>\n<li>Golden Partner SA convertira des cr\u00e9ances d&rsquo;un montant maximum de 28&rsquo;182,01 CHF \u00e0 l&rsquo;encontre de la Soci\u00e9t\u00e9 repr\u00e9sentant des int\u00e9r\u00eats dus en vertu du contrat de pr\u00eat du 18 f\u00e9vrier 2021 (le \u00ab\u00a0<strong>GP N&amp;G Loan Agreements\u00a0\u00bb)<\/strong> ;<\/li>\n<li>Strategic Equity Fund &#8211; E Money Strategies (EMS) (\u00a0\u00bb <strong>SEF EMS<\/strong> \u00ab\u00a0) convertira des cr\u00e9ances d&rsquo;un montant maximum de 605&rsquo;297, 94 CHF \u00e0 l&rsquo;encontre de la Soci\u00e9t\u00e9 repr\u00e9sentant des int\u00e9r\u00eats dus en vertu de l&rsquo;accord de pr\u00eats \u00e9teints dat\u00e9 du 30 juin 2018, tel que modifi\u00e9 de temps \u00e0 autre (les \u00ab\u00a0<strong>Facility B\/C Loans<\/strong>\u00ab\u00a0), dat\u00e9 du 10 ao\u00fbt 2018, tel que modifi\u00e9 de temps \u00e0 autre (les \u00a0\u00bb <strong>ROFO Loans<\/strong>\u00ab\u00a0), dat\u00e9 du 7 juin 2019, tel que modifi\u00e9 de temps \u00e0 autre (les \u00ab\u00a0<strong>WCL 2019 Loans<\/strong>\u00ab\u00a0), dat\u00e9 du 27 d\u00e9cembre 2019, tel que modifi\u00e9 de temps \u00e0 autre (les <strong>\u00ab\u00a0WCL 2020 Loans<\/strong>\u00ab\u00a0).<\/li>\n<li>Strategic Equity Fund SCA SICAV FIAR (renewable Energy &#8211; RE) (\u00ab\u00a0<strong>SEF RE<\/strong>\u00ab\u00a0) va convertir des cr\u00e9ances d&rsquo;un montant maximum de 1&rsquo;874&rsquo;938,15 CHF \u00e0 l&rsquo;encontre de la Soci\u00e9t\u00e9, repr\u00e9sentant des contrats de pr\u00eats \u00e9chus dat\u00e9s du 30 juin 2018, tels que modifi\u00e9s de temps \u00e0 autre (les \u00a0\u00bb <strong>Pr\u00eats Facility B\/C<\/strong> \u00ab\u00a0), du 10 ao\u00fbt 2018, tels que modifi\u00e9s de temps \u00e0 autre (les \u00a0\u00bb <strong>ROFO Loans<\/strong>\u00ab\u00a0), du 7 juin 2019, tels que modifi\u00e9s de temps \u00e0 autre (les \u00ab\u00a0<strong>WCL 2019 Loans<\/strong> \u00ab\u00a0), du 27 d\u00e9cembre 2019, tels que modifi\u00e9s de temps \u00e0 autre (les \u00ab\u00a0<strong>WCL 2020 Loans<\/strong> \u00ab\u00a0), du 5 d\u00e9cembre 2018, tels que modifi\u00e9s de temps \u00e0 autre (les \u00a0\u00bb <strong>CL and CL<\/strong> <strong>Extension Loans<\/strong>\u00ab\u00a0).<\/li>\n<\/ul>\n<p>La dette SEFAM et GP sera convertie au prix moyen pond\u00e9r\u00e9 par le volume (VWAP) calcul\u00e9 sur les dix jours pr\u00e9c\u00e9dant le 2 septembre 2022 pour:<\/p>\n<ul>\n<li>Working Capital Bridge Loans convertis \u00e0 75% du VWAP<\/li>\n<li>GBPFOF Bridge Loans convertis \u00e0 80% du VWAP<\/li>\n<li>Tous les autres pr\u00eats \u00e0 85% du VWAP<\/li>\n<\/ul>\n<p>La conversion propos\u00e9e de la dette en capital servira \u00e0 am\u00e9liorer la situation financi\u00e8re de la Soci\u00e9t\u00e9 et son bilan.<\/p>\n<p>S&rsquo;il est approuv\u00e9 par l&rsquo;assembl\u00e9e g\u00e9n\u00e9rale annuelle de 2022, le Conseil d&rsquo;Administration devra mettre en \u0153uvre la conversion de la dette en actions dans les trois mois suivant l&rsquo;assembl\u00e9e g\u00e9n\u00e9rale annuelle des actionnaires. La mise en \u0153uvre n\u00e9cessite de r\u00e9pondre aux exigences de la SIX Swiss Exchange en ce qui concerne la cotation des nouvelles actions. Ratification du Carve-Out et modification de l&rsquo;objet de la Soci\u00e9t\u00e9.<\/p>\n<h5>10.1.1\u00a0\u00a0 Proposition du Conseil d&rsquo;Administration : Le Conseil d&rsquo;Administration propose que l&rsquo;assembl\u00e9e g\u00e9n\u00e9rale approuve et ratifie le Carve-Out.<\/h5>\n<p><strong>Explication:<\/strong> <em>Le Conseil d&rsquo;Administration a d\u00e9cid\u00e9 et mis en \u0153uvre le Carve-Out en tant que mesure de restructuration financi\u00e8re et de r\u00e9organisation d&rsquo;entreprise afin d&rsquo;optimiser la structure du groupe en vue d&rsquo;une transaction strat\u00e9gique potentielle. Dans le cadre du Carve-Out, Leclanch\u00e9 E-Mobility SA a repris de la Soci\u00e9t\u00e9 des actifs pour un montant de 65&rsquo;882&rsquo;000 CHF et des passifs pour un montant de\u00a0 40&rsquo;283&rsquo;000<sup>2<\/sup> CHF\u00a0 de l&rsquo;activit\u00e9 eTransport. Le Carve-Out a \u00e9t\u00e9 mis en \u0153uvre comme une reprise de biens et a eu lieu sans contrepartie.<\/em><\/p>\n<p><em>.<\/em><\/p>\n<h5>10.1.2\u00a0\u00a0 Proposition du Conseil d&rsquo;Administration: Le Conseil d&rsquo;Administration propose que l&rsquo;assembl\u00e9e des actionnaires approuve la modification de l&rsquo;article 2 des statuts de la Soci\u00e9t\u00e9 (Objet de la Soci\u00e9t\u00e9) comme suit :<\/h5>\n<table>\n<tbody>\n<tr>\n<td width=\"295\"><strong>Version actuelle<\/strong><\/td>\n<td width=\"300\"><strong>Version propose (changements soulign\u00e9s\/barr\u00e9s)<\/strong><\/td>\n<\/tr>\n<tr>\n<td width=\"295\"><strong><u>Article 2:<\/u><\/strong><\/p>\n<p>La Soci\u00e9t\u00e9 a pour conception, le d\u00e9veloppement et l&rsquo;assemblage de syst\u00e8mes de stockage d&rsquo;\u00e9lectricit\u00e9, ainsi que la distribution des batteries et des accessoires \u00e9lectriques, et tout ce qui est directement ou indirectement li\u00e9 \u00e0 l&rsquo;industrie \u00e9lectrique.<\/p>\n<p><em>\u00a0<\/em><\/p>\n<p>La Soci\u00e9t\u00e9 peut cr\u00e9er des succursales en Suisse et \u00e0 l&rsquo;\u00e9tranger, participer \u00e0, acqu\u00e9rir ou cr\u00e9er des soci\u00e9t\u00e9s de m\u00eame nature, acheter ou vendre des immeubles, acqu\u00e9rir et commercialiser des droits immat\u00e9riels ou des savoir-faire, effectuer toutes op\u00e9rations et conclure tous contrats se rapportant directement ou indirectement \u00e0 son but ou susceptibles d&rsquo;en favoriser la r\u00e9alisation.<\/td>\n<td width=\"300\"><strong><u>Article 2\u00a0:<\/u><\/strong><\/p>\n<p>L&rsquo;objet de la Soci\u00e9t\u00e9 est <u>l&rsquo;acquisition, la gestion et la vente directe et indirecte de participations dans des soci\u00e9t\u00e9s nationales et \u00e9trang\u00e8res, cot\u00e9es et non cot\u00e9es, de l&rsquo;industrie \u00e9lectrique, ainsi que <\/u>la conception, le d\u00e9veloppement et l&rsquo;assemblage de syst\u00e8mes de stockage d&rsquo;\u00e9nergie \u00e9lectrique, <span style=\"text-decoration: line-through;\"><u>ainsi que<\/u><\/span> la distribution de batteries et d&rsquo;accessoires \u00e9lectriques, et tout ce qui est directement ou indirectement li\u00e9 \u00e0 l&rsquo;industrie \u00e9lectrique des batteries et des accessoires \u00e9lectriques, et tout ce qui est directement ou indirectement li\u00e9 \u00e0 l&rsquo;industrie \u00e9lectrique.<\/p>\n<p><em>\u00a0<\/em><\/p>\n<p>La Soci\u00e9t\u00e9 peut cr\u00e9er des succursales en Suisse et \u00e0 l&rsquo;\u00e9tranger, participer \u00e0, acqu\u00e9rir ou cr\u00e9er des soci\u00e9t\u00e9s de m\u00eame nature, acheter ou vendre des immeubles, <u>\u00e0 l&rsquo;exception des op\u00e9rations prohib\u00e9es par la Loi f\u00e9d\u00e9rale sur l&rsquo;acquisition d&rsquo;immeubles par des personnes \u00e0 l&rsquo;\u00e9tranger (LFAIE)<\/u>, acqu\u00e9rir et commercialiser des droits immat\u00e9riels ou des savoir-faire, effectuer toutes op\u00e9rations et conclure tous contrats se rapportant directement ou indirectement \u00e0 son but ou susceptibles d&rsquo;en favoriser la r\u00e9alisation.<\/td>\n<\/tr>\n<\/tbody>\n<\/table>\n<p>&nbsp;<\/p>\n<p><strong><em>Explication:<\/em><\/strong><em> La Soci\u00e9t\u00e9 a transf\u00e9r\u00e9 son activit\u00e9 eTransport \u00e0 Leclanch\u00e9 E-Mobility SA, avec effet l\u00e9gal au 1er janvier 2022 avec le Carve-Out. Les statuts doivent refl\u00e9ter ce changement structurel, \u00e0 savoir que l&rsquo;activit\u00e9 eTransport est d\u00e9sormais exploit\u00e9e par une filiale \u00e0 100% de LECLANCHE SA, \u00e0 savoir Leclanch\u00e9 E-Mobility SA. Par cons\u00e9quent, le but de la Soci\u00e9t\u00e9 tel que d\u00e9fini \u00e0 l&rsquo;article 2 des statuts, sera modifi\u00e9 de sorte que le nouveau but principal de la Soci\u00e9t\u00e9 sera l&rsquo;acquisition, la gestion et la vente directe et indirecte de participations dans des entreprises nationales et \u00e9trang\u00e8res, cot\u00e9es et non cot\u00e9es, en particulier des entreprises de l&rsquo;industrie \u00e9lectrique. Etant donn\u00e9 que la Soci\u00e9t\u00e9 continuera d&rsquo;exploiter des activit\u00e9s sp\u00e9cialis\u00e9es et accessoires, l&rsquo;objet de la Soci\u00e9t\u00e9 sera \u00e9galement maintenu, l&rsquo;objet subsidiaire de la Soci\u00e9t\u00e9 \u00e9tant la conception, le d\u00e9veloppement et l&rsquo;assemblage de syst\u00e8mes de stockage \u00e9lectroniques. Le Conseil d&rsquo;Administration propose de modifier la formulation de l&rsquo;objet de la Soci\u00e9t\u00e9 de mani\u00e8re g\u00e9n\u00e9rale, afin de garantir \u00e0 la soci\u00e9t\u00e9 la flexibilit\u00e9 requise pour une transaction strat\u00e9gique (telle qu&rsquo;une vente ou un autre regroupement d&rsquo;entreprises).\u00a0 <\/em><\/p>\n<h4>10.2\u00a0 Augmentation du capital ordinaire pour une conversion de dettes en actions<\/h4>\n<p><strong>Proposition du Conseil d&rsquo;Administration : <\/strong>Le Conseil d&rsquo;Administration propose d&rsquo;augmenter le capital social de la Soci\u00e9t\u00e9 d&rsquo;un montant de 10&rsquo;961&rsquo;811.60 CHF, pour le porter de 33&rsquo;519&rsquo;708.90 CHF \u00e0 44&rsquo;481&rsquo;520.50<sup>3<\/sup> CHF, par le biais d&rsquo;une augmentation ordinaire du capital comme suit :<\/p>\n<ol>\n<li>Montant nominal total dont le capital-actions doit \u00eatre augment\u00e9 : 10&rsquo;961&rsquo;811.60<sup>3<\/sup> CHF<\/li>\n<li>Montant des apports \u00e0 r\u00e9aliser : 41&rsquo;339&rsquo;957.31<sup>3<\/sup> CHF<\/li>\n<li>Nombre, valeur nominale et type des nouvelles actions : 109&rsquo;618&rsquo;116<sup>3<\/sup> actions nominatives d&rsquo;une valeur nominale de 0,10 CHF chacune.<\/li>\n<li>Droits pr\u00e9f\u00e9rentiels des diff\u00e9rentes cat\u00e9gories : Aucun<\/li>\n<li>Montant de l&rsquo;\u00e9mission : Prix moyen pond\u00e9r\u00e9 en fonction du volume (VWAP) calcul\u00e9 sur les 10 jours pr\u00e9c\u00e9dant le 2 septembre 2022 pour: les Working Capital Bridge Loans convertis \u00e0 75% du VWAP (0.36129 CHF); les GPFOF Bridge Loans convertis \u00e0 80% du VWAP (0.38538 CHF); tous les autres pr\u00eats \u00e0 85% du VWAP (0.40946 CHF) (et dans tous les cas pas inf\u00e9rieur \u00e0 CHF 0.10) pour 109&rsquo;618&rsquo;116<sup>3<\/sup> actions nominatives.<\/li>\n<li>D\u00e9but de l&rsquo;\u00e9ligibilit\u00e9 des dividendes : Date d&rsquo;inscription de l&rsquo;augmentation de capital au registre du commerce.<\/li>\n<li>Type d&rsquo;apport : 41&rsquo;339&rsquo;957.31<sup>3<\/sup> CHF par compensation de cr\u00e9ances pour 109&rsquo;618&rsquo;116<sup>3<\/sup> actions nominatives enti\u00e8rement lib\u00e9r\u00e9es \u00e0 un prix d&rsquo;\u00e9mission Volume Weighted Average Price (VWAP) calcul\u00e9 sur les 10 jours pr\u00e9c\u00e9dant le 2 septembre 2022 pour: les Working Capital Bridge Loans convertis \u00e0 75% du VWAP; les GPFOF Bridge Loans convertis \u00e0 80% du VWAP; tous les autres pr\u00eats \u00e0 85% du VWAP (et dans tous les cas pas inf\u00e9rieur \u00e0 0,10 CHF) pour 109&rsquo;618&rsquo;116<sup>3<\/sup> actions nominatives.<\/li>\n<li>Avantages particuliers : Aucun<\/li>\n<li>Restriction de transfert : Conform\u00e9ment aux statuts de l&rsquo;Association<\/li>\n<li>Droit de pr\u00e9emption : La totalit\u00e9 de l&rsquo;augmentation nominale de 10&rsquo;961&rsquo;811.60<sup>3<\/sup> CHF sera souscrite par les cr\u00e9anciers, raison pour laquelle les droits de pr\u00e9emption des actionnaires pour toutes les actions nouvellement \u00e9mises pour un montant de 109&rsquo;618&rsquo;116<sup>3<\/sup> sont exclus.<\/li>\n<\/ol>\n<p><strong><em>Explication:<\/em><\/strong><em> La Soci\u00e9t\u00e9 pr\u00e9sente des fonds propres n\u00e9gatifs et est surendett\u00e9e au sens de l&rsquo;art. 725 al. 2 CO. Afin d&rsquo;am\u00e9liorer la situation financi\u00e8re de la Soci\u00e9t\u00e9 et son bilan, la conversion des dettes en fonds propres est propos\u00e9e. Afin de mettre en \u0153uvre la conversion des dettes en capital et d&rsquo;\u00e9mettre le nombre requis de nouvelles actions pour les cr\u00e9anciers, il est n\u00e9cessaire d&rsquo;augmenter le capital-actions de la Soci\u00e9t\u00e9 pour un montant nominal de 10&rsquo;961&rsquo;811.60<sup>3<\/sup> CHF, excluant ainsi les droits de pr\u00e9emption des actionnaires.<\/em><\/p>\n<p><em>Compte tenu de la situation de la Soci\u00e9t\u00e9, de la n\u00e9cessit\u00e9 d&rsquo;obtenir un engagement de souscription proportionnel de la part de tous les actionnaires et de la r\u00e9ticence des institutions financi\u00e8res soutenant la Soci\u00e9t\u00e9 dans cet exercice \u00e0 attirer de nouveaux investisseurs, le Conseil d&rsquo;Administration a conclu que l&rsquo;organisation d&rsquo;une \u00e9mission de droits ouverte \u00e0 tous les actionnaires n&rsquo;\u00e9tait et n&rsquo;est toujours pas une option viable. <\/em><\/p>\n<h3><a name=\"_Toc113569768\"><\/a>11. Compensation des pertes accumul\u00e9es avec les r\u00e9serves d&rsquo;apport en capital.<\/h3>\n<p><strong>Proposition du Conseil d&rsquo;Administration:<\/strong> Le Conseil d&rsquo;Administration propose d&rsquo;imputer les pertes cumul\u00e9es et la perte de l&rsquo;ann\u00e9e 2021 d&rsquo;un montant total de 55&rsquo;710&rsquo;392,54 CHF aux r\u00e9serves d&rsquo;apport en capital.<\/p>\n<p><strong><em>Explication:<\/em><\/strong><em> Le Conseil d&rsquo;Administration propose de compenser les pertes accumul\u00e9es avec les r\u00e9serves d&rsquo;apport en capital, \u00e9liminant ainsi partiellement la perte de capital existante.<\/em><\/p>\n<h3><a name=\"_Toc113569769\"><\/a>12. Vote de la r\u00e9mun\u00e9ration du Conseil d&rsquo;Administration et du Comit\u00e9 ex\u00e9cutif<\/h3>\n<h4>12.1\u00a0 R\u00e9muneration du Conseil d\u2019Administration<\/h4>\n<p><strong>Proposition du Conseil d&rsquo;Administration:<\/strong> Approbation du montant global maximal de la r\u00e9mun\u00e9ration du Conseil d&rsquo;Administration pour la p\u00e9riode allant jusqu&rsquo;\u00e0 l&rsquo;assembl\u00e9e g\u00e9n\u00e9rale annuelle de 2023, soit 600&rsquo;000,00 CHF. Ce montant est identique \u00e0 celui de l&rsquo;ann\u00e9e pr\u00e9c\u00e9dente.<\/p>\n<p><strong><em>Explication:<\/em><\/strong><em> L&rsquo;annexe 1 ci-jointe contient des d\u00e9tails suppl\u00e9mentaires concernant les votes propos\u00e9s sur les montants de r\u00e9mun\u00e9ration du Conseil d&rsquo;Administration.<\/em><\/p>\n<h4>12.2\u00a0 R\u00e9muneration des members du Comit\u00e9 executif<\/h4>\n<p><strong>Proposition du Conseil d&rsquo;Administration:<\/strong> Approbation du montant global maximal du Comit\u00e9 ex\u00e9cutif pour l&rsquo;exercice 2023 de 4&rsquo;700&rsquo;000,00 CHF. Ce montant est identique \u00e0 celui approuv\u00e9 pour l&rsquo;exercice 2022.<\/p>\n<p><strong><em>Explication:<\/em><\/strong><em> L&rsquo;annexe 1 ci-jointe pr\u00e9sente des d\u00e9tails suppl\u00e9mentaires concernant les votes propos\u00e9s sur les montants de r\u00e9mun\u00e9ration du Comit\u00e9 ex\u00e9cutif.<\/em><\/p>\n<h2><a name=\"_Toc42182023\"><\/a><a name=\"_Toc113569770\"><\/a>II. RAPPORT ANNUEL<\/h2>\n<p>Le rapport annuel 2021, qui contient les \u00e9tats financiers consolid\u00e9s, les \u00e9tats financiers statutaires, le rapport du commissaire ainsi que le rapport de r\u00e9mun\u00e9ration 2021, est \u00e0 la disposition des actionnaires au si\u00e8ge de la Soci\u00e9t\u00e9. Le rapport annuel et le rapport de r\u00e9mun\u00e9ration sont \u00e9galement disponibles sur le site Internet de Leclanch\u00e9 \u00e0 l&rsquo;adresse suivante https:\/\/www.leclanche.com\/investor-relations\/financial-reports\/.<\/p>\n<h2><a name=\"_Toc479006765\"><\/a><a name=\"_Toc42182024\"><\/a>III. <a name=\"_Toc113569771\"><\/a>PARTICIPATION ET DROITS DE VOTE<\/h2>\n<p>Les actionnaires inscrits avec droit de vote au registre des actions au 20 septembre 2022 \u00e0 17h00, heure suisse, seront autoris\u00e9s \u00e0 voter \u00e0 l&rsquo;assembl\u00e9e g\u00e9n\u00e9rale.<\/p>\n<p>Du 20 septembre 2022 \u00e0 17h00, heure suisse, au 30 septembre 2022, aucune inscription au registre des actions ne sera effectu\u00e9e qui cr\u00e9erait un droit de vote \u00e0 l&rsquo;assembl\u00e9e g\u00e9n\u00e9rale. Les actionnaires qui vendent une partie ou la totalit\u00e9 de leurs actions pendant cette p\u00e9riode ne sont plus autoris\u00e9s \u00e0 voter dans cette mesure.<\/p>\n<h2><a name=\"_Toc479006766\"><\/a><a name=\"_Toc42182025\"><\/a><a name=\"_Toc113569772\"><\/a>IV. REPR\u00c9SENTATION<\/h2>\n<p>Sur la base de l&rsquo;art. 27 de l&rsquo;ordonnance et par mesure de pr\u00e9caution, les actionnaires ne sont pas autoris\u00e9s \u00e0 assister en personne \u00e0 l&rsquo;assembl\u00e9e g\u00e9n\u00e9rale. Le droit de vote des actionnaires ne peut \u00eatre exerc\u00e9 que par le repr\u00e9sentant ind\u00e9pendant.<\/p>\n<p>Me. Manuel Isler, avocat, c\/o BMG Avocats, 8C, avenue de Champel, case postale 385, CH-1211 Gen\u00e8ve, agit en qualit\u00e9 de repr\u00e9sentant ind\u00e9pendant. Le formulaire de procuration accompagn\u00e9 des procurations compl\u00e9t\u00e9es et sign\u00e9es doit \u00eatre remis \u00e0 Areg.ch ag \u00e0 l&rsquo;adresse indiqu\u00e9e au paragraphe V. ci-dessous.<\/p>\n<h2><a name=\"_Toc42182026\"><\/a><a name=\"_Toc113569773\"><\/a>V. INSTRUCTION DE VOTE<\/h2>\n<p>Le formulaire de procuration ci-joint peut \u00eatre utilis\u00e9 comme procuration pour le repr\u00e9sentant ind\u00e9pendant et pour les instructions de vote. Les deux documents doivent \u00eatre renvoy\u00e9s sous pli ferm\u00e9 au plus tard le mercredi 28 septembre 2022 \u00e0 Areg.ch ag, Fabrikstrasse 10, 4614 H\u00e4gendorf, Suisse. Dans la mesure o\u00f9 l&rsquo;actionnaire ne donne pas d&rsquo;instructions sp\u00e9cifiques au repr\u00e9sentant ind\u00e9pendant, il donne l&rsquo;instruction au repr\u00e9sentant ind\u00e9pendant de voter ses actions en faveur des propositions du Conseil d&rsquo;Administration concernant les points \u00e9num\u00e9r\u00e9s \u00e0 l&rsquo;ordre du jour. Il en va de m\u00eame pour les propositions suppl\u00e9mentaires ou alternatives aux points de l&rsquo;ordre du jour inclus dans cette invitation et pour les nouveaux points de l&rsquo;ordre du jour.<\/p>\n<p>Les actionnaires ont \u00e9galement la possibilit\u00e9 d&rsquo;exprimer leur vote en envoyant des procurations \u00e9lectroniques et des instructions de vote au repr\u00e9sentant ind\u00e9pendant via netVote\u00a0: <a href=\"https:\/\/leclanche.netvote.ch\">https:\/\/leclanche.netvote.ch<\/a>. Les actionnaires peuvent fournir ou modifier les instructions de vote qu&rsquo;ils ont communiqu\u00e9es par voie \u00e9lectronique jusqu&rsquo;au mercredi 28 septembre 2022 \u00e0 11h59 (heure suisse) au plus tard.<\/p>\n<p>Yverdon-les-Bains, le 8 septembre 2022\u00a0\u00a0\u00a0\u00a0\u00a0\u00a0\u00a0\u00a0\u00a0\u00a0\u00a0\u00a0\u00a0\u00a0\u00a0\u00a0\u00a0\u00a0\u00a0\u00a0\u00a0\u00a0\u00a0\u00a0\u00a0\u00a0\u00a0 Pour le Conseil d\u2019Administration<\/p>\n<p>&nbsp;<\/p>\n<p>Le Pr\u00e9sident<\/p>\n<p>Stefan A. M\u00fcller<\/p>\n<p><strong>ANNEXE 1: EXPLICATIONS SUR LE POINT 12 DE L&rsquo;ORDRE DU JOUR<\/strong><\/p>\n<p>Conform\u00e9ment \u00e0 l&rsquo;Ordonnance contre les r\u00e9mun\u00e9rations excessives dans les soci\u00e9t\u00e9s anonymes cot\u00e9es en bourse (OaEC) et aux statuts, le Conseil d&rsquo;Administration proposera \u00e0 l&rsquo;approbation des actionnaires :<\/p>\n<ol>\n<li>le montant global maximum de la r\u00e9mun\u00e9ration du Conseil d&rsquo;Administration pour la p\u00e9riode allant jusqu&rsquo;\u00e0 la prochaine AGA en 2023.<\/li>\n<li>le montant global maximum de la r\u00e9mun\u00e9ration du Comit\u00e9 ex\u00e9cutif pour l&rsquo;exercice 2023.<\/li>\n<\/ol>\n<p>Les montants propos\u00e9s soumis \u00e0 l&rsquo;approbation de l&rsquo;assembl\u00e9e g\u00e9n\u00e9rale annuelle des actionnaires de cette ann\u00e9e sont conformes \u00e0 notre politique de r\u00e9mun\u00e9ration.<\/p>\n<p>De plus, nous vous avons donn\u00e9 la possibilit\u00e9 de voter au point 1.2 de l&rsquo;ordre du jour, \u00e0 titre consultatif, sur le rapport de r\u00e9mun\u00e9ration 2021.<\/p>\n<p><strong>Explications concernant le montant maximum propos\u00e9 pour la r\u00e9mun\u00e9ration du Conseil d&rsquo;administration (Point 12.1 de l&rsquo;ordre du jour)<\/strong><\/p>\n<p>La r\u00e9mun\u00e9ration maximale globale propos\u00e9e de 600&rsquo;000,00 CHF est payable au Conseil d&rsquo;administration et, \u00e0 titre indicatif, consiste en des honoraires fixes. Ce montant est identique \u00e0 celui de l&rsquo;exercice pr\u00e9c\u00e9dent.<\/p>\n<p>En outre, la soci\u00e9t\u00e9 verse des cotisations obligatoires d&rsquo;assurance sociale aux membres du Conseil d&rsquo;administration qui sont pay\u00e9s par le biais du syst\u00e8me de paie suisse, comme l&rsquo;exige la loi. Aucune r\u00e9mun\u00e9ration variable ou prestation de retraite n&rsquo;est accord\u00e9e aux membres du Conseil d&rsquo;administration.<\/p>\n<p><strong>Explications concernant le montant maximal propos\u00e9 pour la r\u00e9mun\u00e9ration du Comit\u00e9 ex\u00e9cutif pour l&rsquo;exercice 2022 (Point 12.2 de l&rsquo;ordre du jour)<\/strong><\/p>\n<p>Le Conseil d&rsquo;Administration demande l&rsquo;approbation de 4&rsquo;700&rsquo;000,00 CHF comme montant global maximum de la r\u00e9mun\u00e9ration du Comit\u00e9 ex\u00e9cutif pour l&rsquo;exercice 2023. Ce montant est identique \u00e0 celui approuv\u00e9 pour l&rsquo;exercice 2022.<\/p>\n<p>Conform\u00e9ment aux statuts, le Conseil d&rsquo;Administration soumet chaque ann\u00e9e \u00e0 l&rsquo;approbation de l&rsquo;assembl\u00e9e g\u00e9n\u00e9rale annuelle des actionnaires la r\u00e9mun\u00e9ration maximale du Comit\u00e9 ex\u00e9cutif pour l&rsquo;exercice suivant. Le montant global maximum de la r\u00e9mun\u00e9ration propos\u00e9 comprend le salaire de base, la r\u00e9mun\u00e9ration variable \u00e0 court terme (bonus) ainsi que la r\u00e9mun\u00e9ration variable \u00e0 long terme vers\u00e9e ou attribu\u00e9e au cours de l&rsquo;ann\u00e9e en question.<\/p>\n<p>Comme indiqu\u00e9 dans le rapport de r\u00e9mun\u00e9ration 2021, la r\u00e9mun\u00e9ration du Comit\u00e9 ex\u00e9cutif s&rsquo;est \u00e9lev\u00e9e \u00e0 1&rsquo;795&rsquo;000 CHF pour l&rsquo;exercice 2021. Le montant maximal global de r\u00e9mun\u00e9ration propos\u00e9 est conforme \u00e0 la politique de r\u00e9mun\u00e9ration actuelle de la Soci\u00e9t\u00e9.<\/p>\n<p>Le montant maximal global de la r\u00e9mun\u00e9ration est un budget et repose sur l&rsquo;hypoth\u00e8se que chaque membre du Comit\u00e9 ex\u00e9cutif et la Soci\u00e9t\u00e9 auront pleinement atteint tous les objectifs cibles. <u>Il ne doit pas \u00eatre consid\u00e9r\u00e9 comme le montant de la r\u00e9mun\u00e9ration qui sera effectivement pay\u00e9 ou attribu\u00e9. <\/u><\/p>\n<p>En outre, la Soci\u00e9t\u00e9 paie les cotisations obligatoires \u00e0 la s\u00e9curit\u00e9 sociale, comme l&rsquo;exige la loi.<\/p>\n<p>&nbsp;<\/p>\n<p><strong>A propos de Leclanch\u00e9\u00a0<\/strong><\/p>\n<p>Leclanch\u00e9 SA, dont le si\u00e8ge social se trouve en Suisse, est l&rsquo;un des principaux fournisseurs de solutions de stockage d&rsquo;\u00e9nergie de haute qualit\u00e9 con\u00e7ues pour acc\u00e9l\u00e9rer nos progr\u00e8s vers un avenir \u00e9nerg\u00e9tique propre. L&rsquo;histoire et l&rsquo;h\u00e9ritage de Leclanch\u00e9 s&rsquo;enracinent dans plus de 100 ans d&rsquo;innovation en mati\u00e8re de batteries et de stockage d&rsquo;\u00e9nergie et la soci\u00e9t\u00e9 est un fournisseur de confiance de solutions de stockage d&rsquo;\u00e9nergie dans le monde entier. Ceci, combin\u00e9 \u00e0 la culture de l\u2019Entreprise en mati\u00e8re d&rsquo;ing\u00e9nierie allemande, de pr\u00e9cision et de qualit\u00e9 suisse, fait de Leclanch\u00e9 le partenaire de choix des innovateurs, des entreprises \u00e9tablies et des gouvernements qui sont \u00e0 l&rsquo;avant-garde des changements positifs dans la fa\u00e7on dont l&rsquo;\u00e9nergie est produite, distribu\u00e9e et consomm\u00e9e \u00e0 travers le monde. La transition \u00e9nerg\u00e9tique est principalement tir\u00e9e par les changements dans la gestion de nos r\u00e9seaux \u00e9lectriques et l&rsquo;\u00e9lectrification des transports, et ces deux march\u00e9s finaux constituent l&rsquo;\u00e9pine dorsale de notre strat\u00e9gie et de notre mod\u00e8le \u00e9conomique. Leclanch\u00e9 est au c\u0153ur de la convergence de l&rsquo;\u00e9lectrification des transports et de l&rsquo;\u00e9volution du r\u00e9seau de distribution. Leclanch\u00e9 est la seule entreprise de stockage d&rsquo;\u00e9nergie pure play cot\u00e9e au monde, organis\u00e9e en trois business units: solutions de stockage stationnaires, solutions e-Transport et syst\u00e8mes de batteries sp\u00e9cialis\u00e9es. Leclanch\u00e9 est cot\u00e9e \u00e0 la Bourse suisse (SIX : LECN).<\/p>\n<p>SIX Swiss Exchange: ticker symbol LECN | ISIN CH 011 030 311 9<\/p>\n<p><strong>Clause de non responsabilit\u00e9<\/strong><\/p>\n<p>Le pr\u00e9sent communiqu\u00e9 de presse contient certaines d\u00e9clarations prospectives relatives aux activit\u00e9s de Leclanch\u00e9, qui peuvent \u00eatre identifi\u00e9es par des termes tels que \u00ab strat\u00e9gique \u00bb, \u00ab propose \u00bb, \u00ab introduire \u00bb, \u00ab\u202fsera\u202f\u00bb, \u00ab\u202fplanifi\u00e9\u202f\u00bb, \u00ab\u202fpr\u00e9vu\u202f\u00bb, \u00ab\u202fattendu\u202f\u00bb, \u00ab\u202fengagement\u202f\u00bb, \u00ab\u202fattend\u202f\u00bb, \u00ab\u202fpr\u00e9voit\u202f\u00bb, \u00ab\u202f\u00e9tabli\u202f\u00bb, \u00ab\u202fpr\u00e9pare\u202f\u00bb, \u00ab\u202fplans\u202f\u00bb, \u00ab\u202festimations\u202f\u00bb, \u00ab\u202fobjectifs\u202f\u00bb, \u00ab\u202fserait\u202f\u00bb, \u00ab\u202fpotentiel\u202f\u00bb, \u00ab\u202fattente\u202f\u00bb, \u00ab\u202festimation\u202f\u00bb, \u00ab\u202fproposition\u202f\u00bb ou expressions similaires, ou par des discussions explicites ou implicites concernant la mont\u00e9e en puissance de la capacit\u00e9 de production de Leclanch\u00e9, les applications potentielles des produits existants, ou les revenus futurs potentiels de ces produits, ou les ventes ou b\u00e9n\u00e9fices futurs potentiels de Leclanch\u00e9 ou d&rsquo;une de ses unit\u00e9s commerciales. Vous ne devez pas vous fier ind\u00fbment \u00e0 ces d\u00e9clarations. Ces \u00e9nonc\u00e9s prospectifs refl\u00e8tent les opinions actuelles de Leclanch\u00e9 \u00e0 l&rsquo;\u00e9gard d&rsquo;\u00e9v\u00e9nements futurs et comportent des risques connus et inconnus, des incertitudes et d&rsquo;autres facteurs qui pourraient faire en sorte que les r\u00e9sultats r\u00e9els diff\u00e8rent sensiblement des r\u00e9sultats, performances ou r\u00e9alisations futurs exprim\u00e9s ou sous-entendus dans ces \u00e9nonc\u00e9s. Il n&rsquo;y a aucune garantie que les produits de Leclanch\u00e9 atteindront des niveaux de revenus particuliers. Rien ne garantit non plus que Leclanch\u00e9, ou l&rsquo;une quelconque de ses unit\u00e9s d&rsquo;affaires, obtiendra des r\u00e9sultats financiers particuliers.<\/p>\n<p><strong>Contacts<\/strong><\/p>\n<p><strong>Media Switzerland \/ Europe:<\/strong><\/p>\n<p>Thierry Meyer<\/p>\n<p>T: +41 (0) 79\u00a0785 35 81<\/p>\n<p>E-mail: <a href=\"mailto:tme@dynamicsgroup.ch\">tme@dynamicsgroup.ch<\/a><\/p>\n<p><strong>Media North America:<\/strong><\/p>\n<p>Henry Feintuch \/ Ashley Blas<\/p>\n<p>T: +1-646-753-5710 \/ +1-646-753-5713<\/p>\n<p>E-mail: <a href=\"mailto:leclanche@feintuchpr.com\">leclanche@feintuchpr.com<\/a><\/p>\n<p><strong>Media Germany:<\/strong><\/p>\n<p>Christoph Miller<\/p>\n<p>T: +49 (0) 711 947 670<\/p>\n<p>E-mail: <a href=\"mailto:leclanche@sympra.de\">leclanche@sympra.de<\/a><\/p>\n<p><strong>Investor Contacts:<\/strong><\/p>\n<p>Anil Srivastava \/ Pasquale Foglia<\/p>\n<p>T: +41 (0) 24 424 65 00<\/p>\n<p>E-mail: <a href=\"mailto:invest.leclanche@leclanche.com\">invest.leclanche@leclanche.com<\/a><\/p>\n<p>&nbsp;<\/p>\n<p><a href=\"#_ftnref1\" name=\"_ftn1\">[1]<\/a> SEFAM signifie : STRATEGIC EQUITY FUND &#8211; Compartiment Renewable Energy, STRATEGIC EQUITY FUND &#8211; Compartiment Multi Asset Strategy et STRATEGY EQUITY FUND &#8211; Compartiment E Money Strategies (\u00e9galement appel\u00e9 Energy Storage Invest) d\u00e9nomm\u00e9s \u00ab\u00a0SEF\u00a0\u00bb, ainsi que AM INVESTMENT SCA, SICAV-SIF &#8211; Compartiment Illiquid Assets, d\u00e9nomm\u00e9 \u00ab\u00a0AM\u00a0\u00bb. SEF et AM constituent ensemble l&rsquo;actionnaire principal de Leclanch\u00e9, ci-apr\u00e8s d\u00e9nomm\u00e9e \u00ab\u00a0SEFAM\u00a0\u00bb.<\/p>\n<p><a href=\"#_ftnref2\" name=\"_ftn2\">[2]<\/a> Les chiffres sont des valeurs comptables bas\u00e9es sur un bilan indicatif pro-forma, qui a \u00e9t\u00e9 pr\u00e9par\u00e9 pour le Carve-Out de l&rsquo;activit\u00e9 eTransport au 30 juin 2021.<\/p>\n<p><a href=\"#_ftnref3\" name=\"_ftn3\">[3]<\/a> La dette \u00e0 convertir dans le cadre de la conversion en actions est convertible au prix moyen pond\u00e9r\u00e9 en fonction du volume (VWAP) calcul\u00e9 sur les 10 jours pr\u00e9c\u00e9dant le 2 septembre 2022 pour : les Working Capital Bridge Loans convertis \u00e0 75 % du VWAP ; les GPFOF Bridge Loans convertis \u00e0 80 % du VWAP ; tous les autres pr\u00eats \u00e0 85 % du VWAP.<\/p>\n","protected":false},"excerpt":{"rendered":"<p>Annonce \u00e9v\u00e9nementielle au sens de l\u2019art. 53 RC &nbsp; Leclanch\u00e9 SA convoque son Assembl\u00e9e G\u00e9n\u00e9rale Ordinaire Annuelle le 30 septembre 2022 Le Conseil d&rsquo;Administration propose la conversion de 41,3 millions de francs suisses de dettes envers SEFAM et Golden Partner en actions de la Soci\u00e9t\u00e9 afin de consolider le bilan &nbsp; YVERDON-LES-BAINS, Suisse, le 12 [&hellip;]<\/p>\n","protected":false},"author":1,"featured_media":0,"comment_status":"open","ping_status":"open","sticky":false,"template":"","format":"standard","meta":{"footnotes":""},"categories":[105],"tags":[],"class_list":["post-12038","post","type-post","status-publish","format-standard","hentry","category-communiques-boursiers"],"yoast_head":"<!-- This site is optimized with the Yoast SEO plugin v26.4 - https:\/\/yoast.com\/wordpress\/plugins\/seo\/ -->\n<title>Invitation \u00e0 la prochaine Assembl\u00e9e G\u00e9n\u00e9rale Annuelle des action-naires qui se tiendra le 30 septembre 2022 \u00e0 9h00, heure suisse - Leclanch\u00e9<\/title>\n<meta name=\"description\" content=\"Annonce \u00e9v\u00e9nementielle au sens de l\u2019art. 53 RC &nbsp; Leclanch\u00e9 SA convoque son Assembl\u00e9e G\u00e9n\u00e9rale Ordinaire Annuelle le 30 septembre 2022 Le Conseil\" \/>\n<meta name=\"robots\" content=\"index, follow, max-snippet:-1, max-image-preview:large, max-video-preview:-1\" \/>\n<link rel=\"canonical\" href=\"https:\/\/www.leclanche.com\/fr\/invitation-a-la-prochaine-assemblee-generale-annuelle-des-action-naires-qui-se-tiendra-le-30-septembre-2022-a-9h00-heure-suisse\/\" \/>\n<meta property=\"og:locale\" content=\"fr_FR\" \/>\n<meta property=\"og:type\" content=\"article\" \/>\n<meta property=\"og:title\" content=\"Invitation \u00e0 la prochaine Assembl\u00e9e G\u00e9n\u00e9rale Annuelle des action-naires qui se tiendra le 30 septembre 2022 \u00e0 9h00, heure suisse - Leclanch\u00e9\" \/>\n<meta property=\"og:description\" content=\"Annonce \u00e9v\u00e9nementielle au sens de l\u2019art. 53 RC &nbsp; Leclanch\u00e9 SA convoque son Assembl\u00e9e G\u00e9n\u00e9rale Ordinaire Annuelle le 30 septembre 2022 Le Conseil\" \/>\n<meta property=\"og:url\" content=\"https:\/\/www.leclanche.com\/fr\/invitation-a-la-prochaine-assemblee-generale-annuelle-des-action-naires-qui-se-tiendra-le-30-septembre-2022-a-9h00-heure-suisse\/\" \/>\n<meta property=\"og:site_name\" content=\"Leclanch\u00e9\" \/>\n<meta property=\"article:published_time\" content=\"2022-09-12T04:09:48+00:00\" \/>\n<meta property=\"article:modified_time\" content=\"2022-09-13T04:20:48+00:00\" \/>\n<meta name=\"author\" content=\"wavemind\" \/>\n<meta name=\"twitter:card\" content=\"summary_large_image\" \/>\n<meta name=\"twitter:label1\" content=\"\u00c9crit par\" \/>\n\t<meta name=\"twitter:data1\" content=\"wavemind\" \/>\n\t<meta name=\"twitter:label2\" content=\"Dur\u00e9e de lecture estim\u00e9e\" \/>\n\t<meta name=\"twitter:data2\" content=\"34 minutes\" \/>\n<script type=\"application\/ld+json\" class=\"yoast-schema-graph\">{\"@context\":\"https:\/\/schema.org\",\"@graph\":[{\"@type\":\"WebPage\",\"@id\":\"https:\/\/www.leclanche.com\/fr\/invitation-a-la-prochaine-assemblee-generale-annuelle-des-action-naires-qui-se-tiendra-le-30-septembre-2022-a-9h00-heure-suisse\/\",\"url\":\"https:\/\/www.leclanche.com\/fr\/invitation-a-la-prochaine-assemblee-generale-annuelle-des-action-naires-qui-se-tiendra-le-30-septembre-2022-a-9h00-heure-suisse\/\",\"name\":\"Invitation \u00e0 la prochaine Assembl\u00e9e G\u00e9n\u00e9rale Annuelle des action-naires qui se tiendra le 30 septembre 2022 \u00e0 9h00, heure suisse - Leclanch\u00e9\",\"isPartOf\":{\"@id\":\"https:\/\/www.leclanche.com\/fr\/#website\"},\"datePublished\":\"2022-09-12T04:09:48+00:00\",\"dateModified\":\"2022-09-13T04:20:48+00:00\",\"author\":{\"@id\":\"https:\/\/www.leclanche.com\/fr\/#\/schema\/person\/167e0a19484be6cd0f6ef0e2ddf44203\"},\"description\":\"Annonce \u00e9v\u00e9nementielle au sens de l\u2019art. 53 RC &nbsp; Leclanch\u00e9 SA convoque son Assembl\u00e9e G\u00e9n\u00e9rale Ordinaire Annuelle le 30 septembre 2022 Le Conseil\",\"breadcrumb\":{\"@id\":\"https:\/\/www.leclanche.com\/fr\/invitation-a-la-prochaine-assemblee-generale-annuelle-des-action-naires-qui-se-tiendra-le-30-septembre-2022-a-9h00-heure-suisse\/#breadcrumb\"},\"inLanguage\":\"fr-FR\",\"potentialAction\":[{\"@type\":\"ReadAction\",\"target\":[\"https:\/\/www.leclanche.com\/fr\/invitation-a-la-prochaine-assemblee-generale-annuelle-des-action-naires-qui-se-tiendra-le-30-septembre-2022-a-9h00-heure-suisse\/\"]}]},{\"@type\":\"BreadcrumbList\",\"@id\":\"https:\/\/www.leclanche.com\/fr\/invitation-a-la-prochaine-assemblee-generale-annuelle-des-action-naires-qui-se-tiendra-le-30-septembre-2022-a-9h00-heure-suisse\/#breadcrumb\",\"itemListElement\":[{\"@type\":\"ListItem\",\"position\":1,\"name\":\"Accueil\",\"item\":\"https:\/\/www.leclanche.com\/fr\/\"},{\"@type\":\"ListItem\",\"position\":2,\"name\":\"Invitation \u00e0 la prochaine Assembl\u00e9e G\u00e9n\u00e9rale Annuelle des action-naires qui se tiendra le 30 septembre 2022 \u00e0 9h00, heure suisse\"}]},{\"@type\":\"WebSite\",\"@id\":\"https:\/\/www.leclanche.com\/fr\/#website\",\"url\":\"https:\/\/www.leclanche.com\/fr\/\",\"name\":\"Leclanch\u00e9\",\"description\":\"Energy Storage Solutions\",\"potentialAction\":[{\"@type\":\"SearchAction\",\"target\":{\"@type\":\"EntryPoint\",\"urlTemplate\":\"https:\/\/www.leclanche.com\/fr\/?s={search_term_string}\"},\"query-input\":{\"@type\":\"PropertyValueSpecification\",\"valueRequired\":true,\"valueName\":\"search_term_string\"}}],\"inLanguage\":\"fr-FR\"},{\"@type\":\"Person\",\"@id\":\"https:\/\/www.leclanche.com\/fr\/#\/schema\/person\/167e0a19484be6cd0f6ef0e2ddf44203\",\"name\":\"wavemind\",\"image\":{\"@type\":\"ImageObject\",\"inLanguage\":\"fr-FR\",\"@id\":\"https:\/\/www.leclanche.com\/fr\/#\/schema\/person\/image\/\",\"url\":\"https:\/\/secure.gravatar.com\/avatar\/37d64a5301717e5c14c6c8f122c36a0d05409469ecccfad71c65502f189da403?s=96&d=mm&r=g\",\"contentUrl\":\"https:\/\/secure.gravatar.com\/avatar\/37d64a5301717e5c14c6c8f122c36a0d05409469ecccfad71c65502f189da403?s=96&d=mm&r=g\",\"caption\":\"wavemind\"},\"url\":\"https:\/\/www.leclanche.com\/fr\/author\/wavemind\/\"}]}<\/script>\n<!-- \/ Yoast SEO plugin. -->","yoast_head_json":{"title":"Invitation \u00e0 la prochaine Assembl\u00e9e G\u00e9n\u00e9rale Annuelle des action-naires qui se tiendra le 30 septembre 2022 \u00e0 9h00, heure suisse - Leclanch\u00e9","description":"Annonce \u00e9v\u00e9nementielle au sens de l\u2019art. 53 RC &nbsp; Leclanch\u00e9 SA convoque son Assembl\u00e9e G\u00e9n\u00e9rale Ordinaire Annuelle le 30 septembre 2022 Le Conseil","robots":{"index":"index","follow":"follow","max-snippet":"max-snippet:-1","max-image-preview":"max-image-preview:large","max-video-preview":"max-video-preview:-1"},"canonical":"https:\/\/www.leclanche.com\/fr\/invitation-a-la-prochaine-assemblee-generale-annuelle-des-action-naires-qui-se-tiendra-le-30-septembre-2022-a-9h00-heure-suisse\/","og_locale":"fr_FR","og_type":"article","og_title":"Invitation \u00e0 la prochaine Assembl\u00e9e G\u00e9n\u00e9rale Annuelle des action-naires qui se tiendra le 30 septembre 2022 \u00e0 9h00, heure suisse - Leclanch\u00e9","og_description":"Annonce \u00e9v\u00e9nementielle au sens de l\u2019art. 53 RC &nbsp; Leclanch\u00e9 SA convoque son Assembl\u00e9e G\u00e9n\u00e9rale Ordinaire Annuelle le 30 septembre 2022 Le Conseil","og_url":"https:\/\/www.leclanche.com\/fr\/invitation-a-la-prochaine-assemblee-generale-annuelle-des-action-naires-qui-se-tiendra-le-30-septembre-2022-a-9h00-heure-suisse\/","og_site_name":"Leclanch\u00e9","article_published_time":"2022-09-12T04:09:48+00:00","article_modified_time":"2022-09-13T04:20:48+00:00","author":"wavemind","twitter_card":"summary_large_image","twitter_misc":{"\u00c9crit par":"wavemind","Dur\u00e9e de lecture estim\u00e9e":"34 minutes"},"schema":{"@context":"https:\/\/schema.org","@graph":[{"@type":"WebPage","@id":"https:\/\/www.leclanche.com\/fr\/invitation-a-la-prochaine-assemblee-generale-annuelle-des-action-naires-qui-se-tiendra-le-30-septembre-2022-a-9h00-heure-suisse\/","url":"https:\/\/www.leclanche.com\/fr\/invitation-a-la-prochaine-assemblee-generale-annuelle-des-action-naires-qui-se-tiendra-le-30-septembre-2022-a-9h00-heure-suisse\/","name":"Invitation \u00e0 la prochaine Assembl\u00e9e G\u00e9n\u00e9rale Annuelle des action-naires qui se tiendra le 30 septembre 2022 \u00e0 9h00, heure suisse - Leclanch\u00e9","isPartOf":{"@id":"https:\/\/www.leclanche.com\/fr\/#website"},"datePublished":"2022-09-12T04:09:48+00:00","dateModified":"2022-09-13T04:20:48+00:00","author":{"@id":"https:\/\/www.leclanche.com\/fr\/#\/schema\/person\/167e0a19484be6cd0f6ef0e2ddf44203"},"description":"Annonce \u00e9v\u00e9nementielle au sens de l\u2019art. 53 RC &nbsp; Leclanch\u00e9 SA convoque son Assembl\u00e9e G\u00e9n\u00e9rale Ordinaire Annuelle le 30 septembre 2022 Le Conseil","breadcrumb":{"@id":"https:\/\/www.leclanche.com\/fr\/invitation-a-la-prochaine-assemblee-generale-annuelle-des-action-naires-qui-se-tiendra-le-30-septembre-2022-a-9h00-heure-suisse\/#breadcrumb"},"inLanguage":"fr-FR","potentialAction":[{"@type":"ReadAction","target":["https:\/\/www.leclanche.com\/fr\/invitation-a-la-prochaine-assemblee-generale-annuelle-des-action-naires-qui-se-tiendra-le-30-septembre-2022-a-9h00-heure-suisse\/"]}]},{"@type":"BreadcrumbList","@id":"https:\/\/www.leclanche.com\/fr\/invitation-a-la-prochaine-assemblee-generale-annuelle-des-action-naires-qui-se-tiendra-le-30-septembre-2022-a-9h00-heure-suisse\/#breadcrumb","itemListElement":[{"@type":"ListItem","position":1,"name":"Accueil","item":"https:\/\/www.leclanche.com\/fr\/"},{"@type":"ListItem","position":2,"name":"Invitation \u00e0 la prochaine Assembl\u00e9e G\u00e9n\u00e9rale Annuelle des action-naires qui se tiendra le 30 septembre 2022 \u00e0 9h00, heure suisse"}]},{"@type":"WebSite","@id":"https:\/\/www.leclanche.com\/fr\/#website","url":"https:\/\/www.leclanche.com\/fr\/","name":"Leclanch\u00e9","description":"Energy Storage Solutions","potentialAction":[{"@type":"SearchAction","target":{"@type":"EntryPoint","urlTemplate":"https:\/\/www.leclanche.com\/fr\/?s={search_term_string}"},"query-input":{"@type":"PropertyValueSpecification","valueRequired":true,"valueName":"search_term_string"}}],"inLanguage":"fr-FR"},{"@type":"Person","@id":"https:\/\/www.leclanche.com\/fr\/#\/schema\/person\/167e0a19484be6cd0f6ef0e2ddf44203","name":"wavemind","image":{"@type":"ImageObject","inLanguage":"fr-FR","@id":"https:\/\/www.leclanche.com\/fr\/#\/schema\/person\/image\/","url":"https:\/\/secure.gravatar.com\/avatar\/37d64a5301717e5c14c6c8f122c36a0d05409469ecccfad71c65502f189da403?s=96&d=mm&r=g","contentUrl":"https:\/\/secure.gravatar.com\/avatar\/37d64a5301717e5c14c6c8f122c36a0d05409469ecccfad71c65502f189da403?s=96&d=mm&r=g","caption":"wavemind"},"url":"https:\/\/www.leclanche.com\/fr\/author\/wavemind\/"}]}},"_links":{"self":[{"href":"https:\/\/www.leclanche.com\/fr\/wp-json\/wp\/v2\/posts\/12038","targetHints":{"allow":["GET"]}}],"collection":[{"href":"https:\/\/www.leclanche.com\/fr\/wp-json\/wp\/v2\/posts"}],"about":[{"href":"https:\/\/www.leclanche.com\/fr\/wp-json\/wp\/v2\/types\/post"}],"author":[{"embeddable":true,"href":"https:\/\/www.leclanche.com\/fr\/wp-json\/wp\/v2\/users\/1"}],"replies":[{"embeddable":true,"href":"https:\/\/www.leclanche.com\/fr\/wp-json\/wp\/v2\/comments?post=12038"}],"version-history":[{"count":2,"href":"https:\/\/www.leclanche.com\/fr\/wp-json\/wp\/v2\/posts\/12038\/revisions"}],"predecessor-version":[{"id":12040,"href":"https:\/\/www.leclanche.com\/fr\/wp-json\/wp\/v2\/posts\/12038\/revisions\/12040"}],"wp:attachment":[{"href":"https:\/\/www.leclanche.com\/fr\/wp-json\/wp\/v2\/media?parent=12038"}],"wp:term":[{"taxonomy":"category","embeddable":true,"href":"https:\/\/www.leclanche.com\/fr\/wp-json\/wp\/v2\/categories?post=12038"},{"taxonomy":"post_tag","embeddable":true,"href":"https:\/\/www.leclanche.com\/fr\/wp-json\/wp\/v2\/tags?post=12038"}],"curies":[{"name":"wp","href":"https:\/\/api.w.org\/{rel}","templated":true}]}}