{"id":12721,"date":"2023-05-02T06:55:21","date_gmt":"2023-05-02T04:55:21","guid":{"rendered":"https:\/\/www.leclanche.com\/?p=12721"},"modified":"2023-05-02T06:55:21","modified_gmt":"2023-05-02T04:55:21","slug":"leclanche-annonce-lextension-du-delai-de-publication-du-rapport-annuel-2022-et-publie-ses-chiffres-cles-non-audites-pour-lexercice-2022","status":"publish","type":"post","link":"https:\/\/www.leclanche.com\/fr\/leclanche-annonce-lextension-du-delai-de-publication-du-rapport-annuel-2022-et-publie-ses-chiffres-cles-non-audites-pour-lexercice-2022\/","title":{"rendered":"Leclanch\u00e9 annonce l\u2019extension du d\u00e9lai de publication du rapport annuel 2022 et publie ses chiffres cl\u00e9s non audit\u00e9s pour l\u2019exercice 2022"},"content":{"rendered":"<p><em>Annonce \u00e9v\u00e9nementielle au sens de l\u2019art. 53\u00a0RC<\/em><\/p>\n<p>&nbsp;<\/p>\n<p><strong>YVERDON-LES-BAINS,<\/strong> <strong>Suisse, le 2\u00a0mai\u00a02023<\/strong> \u2013 Dans sa d\u00e9cision du 28 avril\u00a02023, SIX Exchange Regulation AG a approuv\u00e9 la demande d\u2019extension du d\u00e9lai de publication du rapport annuel 2022 de Leclanch\u00e9 au 31\u00a0mai\u00a02023 et exige que Leclanch\u00e9 (SIX\u00a0: LECN), l\u2019un des principaux fournisseurs de solutions de stockage d\u2019\u00e9nergie, publie certains chiffres cl\u00e9s non audit\u00e9s de l\u2019exercice 2022 au plus tard le 2\u00a0mai\u00a02023.<\/p>\n<p>La Soci\u00e9t\u00e9 vient de terminer les travaux de cl\u00f4ture de ses comptes consolid\u00e9s et ses \u00e9tats financiers, ainsi que l\u2019audit de fin d\u2019exercice. Ses travaux de cl\u00f4ture ont d\u00fb \u00eatre report\u00e9s en raison de diff\u00e9rentes informations en suspens et de leur v\u00e9rification. Les nouveaux conseil d\u2019administration, comit\u00e9 de direction et commissaires aux comptes travaillent assid\u00fbment pour veiller \u00e0 ce que toutes les informations en suspens soient v\u00e9rifi\u00e9es de mani\u00e8re \u00e0 publier les comptes de la Soci\u00e9t\u00e9 le 31\u00a0mai\u00a02023.<\/p>\n<p>Par cons\u00e9quent, Leclanch\u00e9 publie ses chiffres cl\u00e9s non audit\u00e9s pour l\u2019exercice\u00a02022\u00a0:<\/p>\n<p>En 2022, le chiffre d\u2019affaires consolid\u00e9 du Groupe s\u2019\u00e9l\u00e8ve \u00e0 18,0\u00a0millions CHF, soit une hausse notable au second semestre de l\u2019exercice par rapport aux 6,5\u00a0millions\u00a0CHF publi\u00e9s pour le premier semestre.<\/p>\n<p>Malgr\u00e9 une perte nette attendue non audit\u00e9e de (87,0)\u00a0millions CHF pour l\u2019exercice 2022, la Soci\u00e9t\u00e9 a su maintenir un bilan stable de 90,9\u00a0millions CHF au 31\u00a0d\u00e9cembre\u00a02022 par rapport \u00e0 89,7\u00a0millions CHF l\u2019exercice pr\u00e9c\u00e9dent.<\/p>\n<p>L\u2019engagement de la Soci\u00e9t\u00e9 en faveur de la croissance et de l\u2019innovation continue \u00e0 stimuler sa r\u00e9ussite et \u00e0 construire des bases solides pour saisir les opportunit\u00e9s futures. Le conseil d\u2019administration est confiant quant au potentiel de la Soci\u00e9t\u00e9 \u00e0 cr\u00e9er de la valeur pour ses actionnaires et stimuler sa croissance.<\/p>\n<p>Dans sa d\u00e9cision du 28\u00a0avril\u00a02023, SIX Exchange Regulation AG a demand\u00e9 \u00e0 Leclanch\u00e9 d\u2019inclure \u00e0 la pr\u00e9sente annonce \u00e9v\u00e9nementielle l\u2019extrait suivant\u00a0<em>: <\/em><\/p>\n<p><em>La demande d\u2019exception par Leclanch\u00e9 (\u00c9metteur) du 24\u00a0avril\u00a02023 sur l\u2019extension du d\u00e9lai de publication de son rapport annuel 2022 et du d\u00e9p\u00f4t dudit rapport aupr\u00e8s de SIX Exchange Regulation AG au 31\u00a0mai\u00a02023 au plus tard, est accord\u00e9e avec la r\u00e9serve suivante (point a) et sous r\u00e9serve de satisfaire aux conditions suivantes (point b)\u00a0:<\/em><\/p>\n<ol>\n<li><em>SIX Exchange Regulation AG se r\u00e9serve le droit de suspendre la n\u00e9gociation des actions nominatives de l\u2019\u00c9metteur dans le cas o\u00f9 son rapport annuel pour l\u2019exercice 2022 n\u2019est pas publi\u00e9 conform\u00e9ment aux dispositions relatives aux publicit\u00e9s \u00e9v\u00e9nementielles (Art. 53 du R\u00e8glement de cotation [RC] relatif \u00e0 la Directive Publicit\u00e9 \u00e9v\u00e9nementielle [DPE]) et n\u2019est pas d\u00e9pos\u00e9 aupr\u00e8s de SIX Exchange Regulation AG au plus tard le mercredi\u00a031\u00a0mai\u00a02023 \u00e0 23h59 CET.<\/em><\/li>\n<li><em>Leclanch\u00e9 est tenu de publier un avis conform\u00e9ment aux dispositions relatives aux publicit\u00e9s \u00e9v\u00e9nementielles (Art. 53 RC relatif \u00e0 la DPE) sur sa d\u00e9cision au plus tard le mardi\u00a002\u00a0mai\u00a02023 \u00e0 07h30 CET. Cet avis doit contenir\u00a0:<\/em><\/li>\n<\/ol>\n<ul>\n<li><em>la reproduction non modifi\u00e9e de la formulation du paragraphe I. de cette d\u00e9cision, plac\u00e9e en \u00e9vidence\u00a0; <\/em><\/li>\n<li><em>le motif de la demande de l\u2019\u00c9metteur concernant la prolongation du d\u00e9lai de publication de son rapport annuel 2022 et de d\u00e9p\u00f4t dudit rapport aupr\u00e8s de SIX Exchange Regulation AG\u00a0;<\/em><\/li>\n<li><em>les chiffres cl\u00e9s non audit\u00e9s tels que le chiffre d\u2019affaires, l\u2019EBITDA, l\u2019EBIT, le r\u00e9sultat net, le total du bilan, les capitaux propres, etc. pour l\u2019exercice 2022.<\/em><\/li>\n<\/ul>\n<p>&nbsp;<\/p>\n<p>Pour plus d&rsquo;informations, \u00e9crivez \u00e0 <a href=\"mailto:Info@leclanche.com\">info@leclanche.com<\/a> ou rendez-vous sur le site <a href=\"http:\/\/www.leclanche.com\">www.leclanche.com<\/a>.<\/p>\n<p>&nbsp;<\/p>\n<p><strong>\u00a0<\/strong><strong>\u00c0 propos de Leclanch\u00e9 <\/strong><\/p>\n<p>Leclanch\u00e9 est un fournisseur mondial de premier plan de solutions de stockage d\u2019\u00e9nergie \u00e0 faible empreinte carbone bas\u00e9es sur la technologie des cellules lithium-ion. L\u2019entreprise a \u00e9t\u00e9 fond\u00e9e en 1909 \u00e0 Yverdon-les-Bains, en Suisse. Son histoire et son patrimoine sont ancr\u00e9s dans l\u2019innovation dans le domaine des batteries et du stockage d\u2019\u00e9nergie. La culture suisse de l\u2019entreprise, empreinte de pr\u00e9cision et de qualit\u00e9, ainsi que ses installations de production en Allemagne, font de Leclanch\u00e9 le partenaire de choix pour les entreprises qui recherchent le meilleur en mati\u00e8re de performances de batteries et qui cr\u00e9ent des changements positifs dans la mani\u00e8re dont l\u2019\u00e9nergie est produite, distribu\u00e9e et consomm\u00e9e dans le monde. Leclanch\u00e9 est organis\u00e9 en trois unit\u00e9s commerciales\u00a0: solutions de stockage d\u2019\u00e9nergie, solutions d\u2019e-Mobilit\u00e9 et syst\u00e8mes de batteries sp\u00e9cialis\u00e9es. L\u2019entreprise emploie actuellement plus de 350 personnes et poss\u00e8de des bureaux dans huit pays. Leclanch\u00e9 est cot\u00e9 \u00e0 la Bourse suisse (SIX\u00a0: LECN).<\/p>\n<p>&nbsp;<\/p>\n<p><strong>Clause de non-responsabilit\u00e9 <\/strong><\/p>\n<p>Le pr\u00e9sent communiqu\u00e9 de presse contient certaines d\u00e9clarations prospectives relatives aux activit\u00e9s de Leclanch\u00e9, qui peuvent \u00eatre identifi\u00e9es par des termes tels que \u00ab\u00a0strat\u00e9gique\u00a0\u00bb, \u00ab\u00a0propose\u00a0\u00bb, \u00ab\u00a0introduire\u00a0\u00bb, \u00ab\u00a0sera\u00a0\u00bb, \u00ab\u00a0planifi\u00e9\u00a0\u00bb, \u00ab\u00a0pr\u00e9vu\u00a0\u00bb, \u00ab\u00a0attendu\u00a0\u00bb, \u00ab\u00a0engagement\u00a0\u00bb, \u00ab\u00a0attend\u00a0\u00bb, \u00ab\u00a0pr\u00e9voit\u00a0\u00bb, \u00ab\u00a0\u00e9tabli\u00a0\u00bb, \u00ab\u00a0pr\u00e9pare\u00a0\u00bb, \u00ab\u00a0plans\u00a0\u00bb, \u00ab\u00a0estimations\u00a0\u00bb, \u00ab\u00a0objectifs\u00a0\u00bb, \u00ab\u00a0serait\u00a0\u00bb, \u00ab\u00a0potentiel\u00a0\u00bb, \u00ab\u00a0attente\u00a0\u00bb, \u00ab\u00a0estimation\u00a0\u00bb, \u00ab\u00a0proposition\u00a0\u00bb ou expressions similaires, ou par des discussions explicites ou implicites concernant la mont\u00e9e en puissance de la capacit\u00e9 de production de Leclanch\u00e9, les applications potentielles des produits existants, ou les revenus futurs potentiels de ces produits, ou les ventes ou b\u00e9n\u00e9fices futurs potentiels de Leclanch\u00e9 ou d\u2019une de ses unit\u00e9s commerciales. Vous ne devez pas vous fier ind\u00fbment \u00e0 ces d\u00e9clarations. Ces \u00e9nonc\u00e9s prospectifs refl\u00e8tent les opinions actuelles de Leclanch\u00e9 \u00e0 l\u2019\u00e9gard d\u2019\u00e9v\u00e9nements futurs et comportent des risques connus et inconnus, des incertitudes et d\u2019autres facteurs qui pourraient faire en sorte que les r\u00e9sultats r\u00e9els diff\u00e8rent sensiblement des r\u00e9sultats, performances ou r\u00e9alisations futurs exprim\u00e9s ou sous-entendus dans ces \u00e9nonc\u00e9s. Il n\u2019y a aucune garantie que les produits de Leclanch\u00e9 atteindront des niveaux de revenus particuliers. Rien ne garantit non plus que Leclanch\u00e9, ou l\u2019une quelconque de ses unit\u00e9s d\u2019affaires, obtiendra des r\u00e9sultats financiers particuliers.<\/p>\n<p><strong>Contacts<\/strong><\/p>\n<p>&nbsp;<\/p>\n<p><strong>Suisse \/ Europe\u00a0:<\/strong><\/p>\n<p>Thierry Meyer<\/p>\n<p>T\u00a0: +41 (0) 79\u00a0785 35 81<\/p>\n<p>E-mail\u00a0: <a href=\"mailto:tme@dynamicsgroup.ch\">tme@dynamicsgroup.ch<\/a><\/p>\n<p>&nbsp;<\/p>\n<p><strong>\u00c9tats-Unis et Canada\u00a0:<\/strong><\/p>\n<p>Henry Feintuch \/ Ashley Blas<\/p>\n<p>T\u00a0: +1-646-753-5710 \/ +1-646-753-5713<\/p>\n<p>E-mail\u00a0: <a href=\"mailto:leclanche@feintuchpr.com\">leclanche@feintuchpr.com<\/a><\/p>\n<p>&nbsp;<\/p>\n<p><strong>Allemagne\u00a0:<\/strong><\/p>\n<p>Christoph Miller<\/p>\n<p>T\u00a0: +49 (0) 711 947 670<\/p>\n<p>E-mail\u00a0: <a href=\"mailto:leclanche@sympra.de\">leclanche@sympra.de<\/a><\/p>\n<p>&nbsp;<\/p>\n<p><strong>Contact investisseurs\u00a0:<\/strong><\/p>\n<p>Pierre Blanc \/ Pasquale Foglia<\/p>\n<p>T\u00a0: +41 (0) 24 424 65 00<\/p>\n<p>E-mail\u00a0: <a href=\"mailto:invest.leclanche@leclanche.com\">invest.leclanche@leclanche.com<\/a><\/p>\n<p>&nbsp;<\/p>\n","protected":false},"excerpt":{"rendered":"<p>Annonce \u00e9v\u00e9nementielle au sens de l\u2019art. 53\u00a0RC &nbsp; YVERDON-LES-BAINS, Suisse, le 2\u00a0mai\u00a02023 \u2013 Dans sa d\u00e9cision du 28 avril\u00a02023, SIX Exchange Regulation AG a approuv\u00e9 la demande d\u2019extension du d\u00e9lai de publication du rapport annuel 2022 de Leclanch\u00e9 au 31\u00a0mai\u00a02023 et exige que Leclanch\u00e9 (SIX\u00a0: LECN), l\u2019un des principaux fournisseurs de solutions de stockage d\u2019\u00e9nergie, [&hellip;]<\/p>\n","protected":false},"author":2,"featured_media":0,"comment_status":"open","ping_status":"open","sticky":false,"template":"","format":"standard","meta":{"footnotes":""},"categories":[105],"tags":[],"class_list":["post-12721","post","type-post","status-publish","format-standard","hentry","category-communiques-boursiers"],"yoast_head":"<!-- This site is optimized with the Yoast SEO plugin v26.4 - https:\/\/yoast.com\/wordpress\/plugins\/seo\/ -->\n<title>Leclanch\u00e9 annonce l\u2019extension du d\u00e9lai de publication du rapport annuel 2022 et publie ses chiffres cl\u00e9s non audit\u00e9s pour l\u2019exercice 2022 - Leclanch\u00e9<\/title>\n<meta name=\"description\" content=\"Annonce \u00e9v\u00e9nementielle au sens de l\u2019art. 53\u00a0RC &nbsp; YVERDON-LES-BAINS, Suisse, le 2\u00a0mai\u00a02023 \u2013 Dans sa d\u00e9cision du 28 avril\u00a02023, SIX Exchange\" \/>\n<meta name=\"robots\" content=\"index, follow, max-snippet:-1, max-image-preview:large, max-video-preview:-1\" \/>\n<link rel=\"canonical\" href=\"https:\/\/www.leclanche.com\/fr\/leclanche-annonce-lextension-du-delai-de-publication-du-rapport-annuel-2022-et-publie-ses-chiffres-cles-non-audites-pour-lexercice-2022\/\" \/>\n<meta property=\"og:locale\" content=\"fr_FR\" \/>\n<meta property=\"og:type\" content=\"article\" \/>\n<meta property=\"og:title\" content=\"Leclanch\u00e9 annonce l\u2019extension du d\u00e9lai de publication du rapport annuel 2022 et publie ses chiffres cl\u00e9s non audit\u00e9s pour l\u2019exercice 2022 - Leclanch\u00e9\" \/>\n<meta property=\"og:description\" content=\"Annonce \u00e9v\u00e9nementielle au sens de l\u2019art. 53\u00a0RC &nbsp; YVERDON-LES-BAINS, Suisse, le 2\u00a0mai\u00a02023 \u2013 Dans sa d\u00e9cision du 28 avril\u00a02023, SIX Exchange\" \/>\n<meta property=\"og:url\" content=\"https:\/\/www.leclanche.com\/fr\/leclanche-annonce-lextension-du-delai-de-publication-du-rapport-annuel-2022-et-publie-ses-chiffres-cles-non-audites-pour-lexercice-2022\/\" \/>\n<meta property=\"og:site_name\" content=\"Leclanch\u00e9\" \/>\n<meta property=\"article:published_time\" content=\"2023-05-02T04:55:21+00:00\" \/>\n<meta name=\"author\" content=\"Annick.Bid\" \/>\n<meta name=\"twitter:card\" content=\"summary_large_image\" \/>\n<meta name=\"twitter:label1\" content=\"\u00c9crit par\" \/>\n\t<meta name=\"twitter:data1\" content=\"Annick.Bid\" \/>\n\t<meta name=\"twitter:label2\" content=\"Dur\u00e9e de lecture estim\u00e9e\" \/>\n\t<meta name=\"twitter:data2\" content=\"5 minutes\" \/>\n<script type=\"application\/ld+json\" class=\"yoast-schema-graph\">{\"@context\":\"https:\/\/schema.org\",\"@graph\":[{\"@type\":\"WebPage\",\"@id\":\"https:\/\/www.leclanche.com\/fr\/leclanche-annonce-lextension-du-delai-de-publication-du-rapport-annuel-2022-et-publie-ses-chiffres-cles-non-audites-pour-lexercice-2022\/\",\"url\":\"https:\/\/www.leclanche.com\/fr\/leclanche-annonce-lextension-du-delai-de-publication-du-rapport-annuel-2022-et-publie-ses-chiffres-cles-non-audites-pour-lexercice-2022\/\",\"name\":\"Leclanch\u00e9 annonce l\u2019extension du d\u00e9lai de publication du rapport annuel 2022 et publie ses chiffres cl\u00e9s non audit\u00e9s pour l\u2019exercice 2022 - Leclanch\u00e9\",\"isPartOf\":{\"@id\":\"https:\/\/www.leclanche.com\/fr\/#website\"},\"datePublished\":\"2023-05-02T04:55:21+00:00\",\"author\":{\"@id\":\"https:\/\/www.leclanche.com\/fr\/#\/schema\/person\/7ef725388a3f2b409a32cfa92059aa64\"},\"description\":\"Annonce \u00e9v\u00e9nementielle au sens de l\u2019art. 53\u00a0RC &nbsp; YVERDON-LES-BAINS, Suisse, le 2\u00a0mai\u00a02023 \u2013 Dans sa d\u00e9cision du 28 avril\u00a02023, SIX Exchange\",\"breadcrumb\":{\"@id\":\"https:\/\/www.leclanche.com\/fr\/leclanche-annonce-lextension-du-delai-de-publication-du-rapport-annuel-2022-et-publie-ses-chiffres-cles-non-audites-pour-lexercice-2022\/#breadcrumb\"},\"inLanguage\":\"fr-FR\",\"potentialAction\":[{\"@type\":\"ReadAction\",\"target\":[\"https:\/\/www.leclanche.com\/fr\/leclanche-annonce-lextension-du-delai-de-publication-du-rapport-annuel-2022-et-publie-ses-chiffres-cles-non-audites-pour-lexercice-2022\/\"]}]},{\"@type\":\"BreadcrumbList\",\"@id\":\"https:\/\/www.leclanche.com\/fr\/leclanche-annonce-lextension-du-delai-de-publication-du-rapport-annuel-2022-et-publie-ses-chiffres-cles-non-audites-pour-lexercice-2022\/#breadcrumb\",\"itemListElement\":[{\"@type\":\"ListItem\",\"position\":1,\"name\":\"Accueil\",\"item\":\"https:\/\/www.leclanche.com\/fr\/\"},{\"@type\":\"ListItem\",\"position\":2,\"name\":\"Leclanch\u00e9 annonce l\u2019extension du d\u00e9lai de publication du rapport annuel 2022 et publie ses chiffres cl\u00e9s non audit\u00e9s pour l\u2019exercice 2022\"}]},{\"@type\":\"WebSite\",\"@id\":\"https:\/\/www.leclanche.com\/fr\/#website\",\"url\":\"https:\/\/www.leclanche.com\/fr\/\",\"name\":\"Leclanch\u00e9\",\"description\":\"Energy Storage Solutions\",\"potentialAction\":[{\"@type\":\"SearchAction\",\"target\":{\"@type\":\"EntryPoint\",\"urlTemplate\":\"https:\/\/www.leclanche.com\/fr\/?s={search_term_string}\"},\"query-input\":{\"@type\":\"PropertyValueSpecification\",\"valueRequired\":true,\"valueName\":\"search_term_string\"}}],\"inLanguage\":\"fr-FR\"},{\"@type\":\"Person\",\"@id\":\"https:\/\/www.leclanche.com\/fr\/#\/schema\/person\/7ef725388a3f2b409a32cfa92059aa64\",\"name\":\"Annick.Bid\",\"image\":{\"@type\":\"ImageObject\",\"inLanguage\":\"fr-FR\",\"@id\":\"https:\/\/www.leclanche.com\/fr\/#\/schema\/person\/image\/\",\"url\":\"https:\/\/secure.gravatar.com\/avatar\/0fe6baaabc318280db3d0e10c43b8017aa89b961c16e819765bd4fb65396af34?s=96&d=mm&r=g\",\"contentUrl\":\"https:\/\/secure.gravatar.com\/avatar\/0fe6baaabc318280db3d0e10c43b8017aa89b961c16e819765bd4fb65396af34?s=96&d=mm&r=g\",\"caption\":\"Annick.Bid\"},\"url\":\"https:\/\/www.leclanche.com\/fr\/author\/annick-bid\/\"}]}<\/script>\n<!-- \/ Yoast SEO plugin. -->","yoast_head_json":{"title":"Leclanch\u00e9 annonce l\u2019extension du d\u00e9lai de publication du rapport annuel 2022 et publie ses chiffres cl\u00e9s non audit\u00e9s pour l\u2019exercice 2022 - Leclanch\u00e9","description":"Annonce \u00e9v\u00e9nementielle au sens de l\u2019art. 53\u00a0RC &nbsp; YVERDON-LES-BAINS, Suisse, le 2\u00a0mai\u00a02023 \u2013 Dans sa d\u00e9cision du 28 avril\u00a02023, SIX Exchange","robots":{"index":"index","follow":"follow","max-snippet":"max-snippet:-1","max-image-preview":"max-image-preview:large","max-video-preview":"max-video-preview:-1"},"canonical":"https:\/\/www.leclanche.com\/fr\/leclanche-annonce-lextension-du-delai-de-publication-du-rapport-annuel-2022-et-publie-ses-chiffres-cles-non-audites-pour-lexercice-2022\/","og_locale":"fr_FR","og_type":"article","og_title":"Leclanch\u00e9 annonce l\u2019extension du d\u00e9lai de publication du rapport annuel 2022 et publie ses chiffres cl\u00e9s non audit\u00e9s pour l\u2019exercice 2022 - Leclanch\u00e9","og_description":"Annonce \u00e9v\u00e9nementielle au sens de l\u2019art. 53\u00a0RC &nbsp; YVERDON-LES-BAINS, Suisse, le 2\u00a0mai\u00a02023 \u2013 Dans sa d\u00e9cision du 28 avril\u00a02023, SIX Exchange","og_url":"https:\/\/www.leclanche.com\/fr\/leclanche-annonce-lextension-du-delai-de-publication-du-rapport-annuel-2022-et-publie-ses-chiffres-cles-non-audites-pour-lexercice-2022\/","og_site_name":"Leclanch\u00e9","article_published_time":"2023-05-02T04:55:21+00:00","author":"Annick.Bid","twitter_card":"summary_large_image","twitter_misc":{"\u00c9crit par":"Annick.Bid","Dur\u00e9e de lecture estim\u00e9e":"5 minutes"},"schema":{"@context":"https:\/\/schema.org","@graph":[{"@type":"WebPage","@id":"https:\/\/www.leclanche.com\/fr\/leclanche-annonce-lextension-du-delai-de-publication-du-rapport-annuel-2022-et-publie-ses-chiffres-cles-non-audites-pour-lexercice-2022\/","url":"https:\/\/www.leclanche.com\/fr\/leclanche-annonce-lextension-du-delai-de-publication-du-rapport-annuel-2022-et-publie-ses-chiffres-cles-non-audites-pour-lexercice-2022\/","name":"Leclanch\u00e9 annonce l\u2019extension du d\u00e9lai de publication du rapport annuel 2022 et publie ses chiffres cl\u00e9s non audit\u00e9s pour l\u2019exercice 2022 - Leclanch\u00e9","isPartOf":{"@id":"https:\/\/www.leclanche.com\/fr\/#website"},"datePublished":"2023-05-02T04:55:21+00:00","author":{"@id":"https:\/\/www.leclanche.com\/fr\/#\/schema\/person\/7ef725388a3f2b409a32cfa92059aa64"},"description":"Annonce \u00e9v\u00e9nementielle au sens de l\u2019art. 53\u00a0RC &nbsp; YVERDON-LES-BAINS, Suisse, le 2\u00a0mai\u00a02023 \u2013 Dans sa d\u00e9cision du 28 avril\u00a02023, SIX Exchange","breadcrumb":{"@id":"https:\/\/www.leclanche.com\/fr\/leclanche-annonce-lextension-du-delai-de-publication-du-rapport-annuel-2022-et-publie-ses-chiffres-cles-non-audites-pour-lexercice-2022\/#breadcrumb"},"inLanguage":"fr-FR","potentialAction":[{"@type":"ReadAction","target":["https:\/\/www.leclanche.com\/fr\/leclanche-annonce-lextension-du-delai-de-publication-du-rapport-annuel-2022-et-publie-ses-chiffres-cles-non-audites-pour-lexercice-2022\/"]}]},{"@type":"BreadcrumbList","@id":"https:\/\/www.leclanche.com\/fr\/leclanche-annonce-lextension-du-delai-de-publication-du-rapport-annuel-2022-et-publie-ses-chiffres-cles-non-audites-pour-lexercice-2022\/#breadcrumb","itemListElement":[{"@type":"ListItem","position":1,"name":"Accueil","item":"https:\/\/www.leclanche.com\/fr\/"},{"@type":"ListItem","position":2,"name":"Leclanch\u00e9 annonce l\u2019extension du d\u00e9lai de publication du rapport annuel 2022 et publie ses chiffres cl\u00e9s non audit\u00e9s pour l\u2019exercice 2022"}]},{"@type":"WebSite","@id":"https:\/\/www.leclanche.com\/fr\/#website","url":"https:\/\/www.leclanche.com\/fr\/","name":"Leclanch\u00e9","description":"Energy Storage Solutions","potentialAction":[{"@type":"SearchAction","target":{"@type":"EntryPoint","urlTemplate":"https:\/\/www.leclanche.com\/fr\/?s={search_term_string}"},"query-input":{"@type":"PropertyValueSpecification","valueRequired":true,"valueName":"search_term_string"}}],"inLanguage":"fr-FR"},{"@type":"Person","@id":"https:\/\/www.leclanche.com\/fr\/#\/schema\/person\/7ef725388a3f2b409a32cfa92059aa64","name":"Annick.Bid","image":{"@type":"ImageObject","inLanguage":"fr-FR","@id":"https:\/\/www.leclanche.com\/fr\/#\/schema\/person\/image\/","url":"https:\/\/secure.gravatar.com\/avatar\/0fe6baaabc318280db3d0e10c43b8017aa89b961c16e819765bd4fb65396af34?s=96&d=mm&r=g","contentUrl":"https:\/\/secure.gravatar.com\/avatar\/0fe6baaabc318280db3d0e10c43b8017aa89b961c16e819765bd4fb65396af34?s=96&d=mm&r=g","caption":"Annick.Bid"},"url":"https:\/\/www.leclanche.com\/fr\/author\/annick-bid\/"}]}},"_links":{"self":[{"href":"https:\/\/www.leclanche.com\/fr\/wp-json\/wp\/v2\/posts\/12721","targetHints":{"allow":["GET"]}}],"collection":[{"href":"https:\/\/www.leclanche.com\/fr\/wp-json\/wp\/v2\/posts"}],"about":[{"href":"https:\/\/www.leclanche.com\/fr\/wp-json\/wp\/v2\/types\/post"}],"author":[{"embeddable":true,"href":"https:\/\/www.leclanche.com\/fr\/wp-json\/wp\/v2\/users\/2"}],"replies":[{"embeddable":true,"href":"https:\/\/www.leclanche.com\/fr\/wp-json\/wp\/v2\/comments?post=12721"}],"version-history":[{"count":0,"href":"https:\/\/www.leclanche.com\/fr\/wp-json\/wp\/v2\/posts\/12721\/revisions"}],"wp:attachment":[{"href":"https:\/\/www.leclanche.com\/fr\/wp-json\/wp\/v2\/media?parent=12721"}],"wp:term":[{"taxonomy":"category","embeddable":true,"href":"https:\/\/www.leclanche.com\/fr\/wp-json\/wp\/v2\/categories?post=12721"},{"taxonomy":"post_tag","embeddable":true,"href":"https:\/\/www.leclanche.com\/fr\/wp-json\/wp\/v2\/tags?post=12721"}],"curies":[{"name":"wp","href":"https:\/\/api.w.org\/{rel}","templated":true}]}}