{"id":12801,"date":"2023-06-12T19:15:10","date_gmt":"2023-06-12T17:15:10","guid":{"rendered":"https:\/\/www.leclanche.com\/ees-europe-2023-expo-a-munich-le-systeme-de-stockage-denergie-leblock-de-leclanche-optimise-le-stockage-des-energies-renouvelables\/"},"modified":"2023-06-12T19:19:30","modified_gmt":"2023-06-12T17:19:30","slug":"ees-europe-2023-expo-a-munich-le-systeme-de-stockage-denergie-leblock-de-leclanche-optimise-le-stockage-des-energies-renouvelables","status":"publish","type":"post","link":"https:\/\/www.leclanche.com\/fr\/ees-europe-2023-expo-a-munich-le-systeme-de-stockage-denergie-leblock-de-leclanche-optimise-le-stockage-des-energies-renouvelables\/","title":{"rendered":"ees Europe 2023 Expo \u00e0 Munich &#8211; Le syst\u00e8me de stockage d&rsquo;\u00e9nergie LeBlock de Leclanch\u00e9 optimise le stockage des \u00e9nergies renouvelables"},"content":{"rendered":"<p>&nbsp;<\/p>\n<ul>\n<li><em>LeBlock est un syst\u00e8me de stockage d&rsquo;\u00e9nergie modulaire plug and play destin\u00e9 aux micro-r\u00e9seaux, aux centrales solaires et aux exploitants de centrales d&rsquo;\u00e9nergies renouvelables.<\/em><\/li>\n<li><em>Le syst\u00e8me avanc\u00e9 est con\u00e7u avec des caract\u00e9ristiques de s\u00e9curit\u00e9 am\u00e9lior\u00e9es et r\u00e9duit le temps et les co\u00fbts de transport, d&rsquo;installation, de relocalisation, d&rsquo;expansion et de recyclage des solutions de stockage d&rsquo;\u00e9nergie.<\/em><\/li>\n<\/ul>\n<p><strong>\u00a0<\/strong><\/p>\n<p><strong>YVERDON-LES-BAINS, Suisse, le 12\u00a0juin\u00a02023<\/strong> \u2013 Lors du salon ees Europe 2023 \u00e0 Munich, <a href=\"http:\/\/www.leclanche.com\">Leclanch\u00e9\u00a0SA<\/a> (SIX\u00a0: LECN), l&rsquo;un des principaux fournisseurs de solutions de stockage d&rsquo;\u00e9nergie au monde, pr\u00e9sentera son syst\u00e8me modulaire innovant de stockage d&rsquo;\u00e9nergie, LeBlock\u2122, sur le stand C3.390 du 14 au 16 juin.<\/p>\n<p>R\u00e9cemment, Leclanch\u00e9 a install\u00e9 son premier syst\u00e8me LeBlock multi-MWh op\u00e9rationnel pour un gestionnaire de r\u00e9seaux de transmission (GRT) grec, afin de maximiser la consommation d&rsquo;\u00e9nergie de ses syst\u00e8mes photovolta\u00efques. Lors de l&rsquo;\u00e9dition 2021 du salon, le syst\u00e8me plug and play figurait parmi les finalistes du prix ees.<\/p>\n<p><strong>S\u00e9curit\u00e9 renforc\u00e9e<\/strong><\/p>\n<p>En plus de sa construction r\u00e9sistante au feu et de son syst\u00e8me de d\u00e9tection et d&rsquo;extinction des incendies, LeBlock dispose d&rsquo;un arr\u00eat d&rsquo;urgence qui active un arr\u00eat contr\u00f4l\u00e9, soit manuellement soit automatiquement, lorsque le syst\u00e8me de gestion de l&rsquo;\u00e9nergie de Leclanch\u00e9 (LEMS) d\u00e9tecte des anomalies. Chaque Battery Block est \u00e9quip\u00e9 d&rsquo;un panneau de d\u00e9flagration standard pour lib\u00e9rer la surpression interne de mani\u00e8re s\u00fbre, conform\u00e9ment \u00e0 la norme NFPA 68.<\/p>\n<p><strong>Co\u00fbt total de possession r\u00e9duit<\/strong><\/p>\n<p>LeBlock est la solution id\u00e9ale pour les micro-r\u00e9seaux et une large gamme d&rsquo;applications de services publics. Les services publics peuvent rapidement et efficacement maximiser l&rsquo;utilisation de leurs ressources solaires et \u00e9oliennes renouvelables et les fournir \u00e0 la demande gr\u00e2ce \u00e0 ce syst\u00e8me hautement s\u00e9curis\u00e9, enti\u00e8rement modulaire et \u00e9volutif. LeBlock s&rsquo;installe facilement sur le site et sa capacit\u00e9 \u00e9nerg\u00e9tique peut \u00e9galement \u00eatre augment\u00e9e en ajoutant simplement des unit\u00e9s LeBlock suppl\u00e9mentaires. Dans l&rsquo;ensemble, la combinaison de connexions pr\u00eates \u00e0 l&#8217;emploi, d&rsquo;une logistique simplifi\u00e9e, d&rsquo;un effort de planification minimal et d&rsquo;une installation rapide permet de r\u00e9aliser des \u00e9conomies de temps et d&rsquo;argent pouvant aller jusqu&rsquo;\u00e0 40 %, ainsi que de r\u00e9duire le co\u00fbt total de possession.<\/p>\n<p><strong>Logistique simplifi\u00e9e, installation et exploitation s\u00fbre<\/strong><\/p>\n<p>Le syst\u00e8me de stockage d&rsquo;\u00e9nergie LeBlock de Leclanch\u00e9 se compose d&rsquo;unit\u00e9s BatteryBlock et CombiBlock de cinq pieds de large, enti\u00e8rement pr\u00e9install\u00e9es et configur\u00e9es, qui sont facilement combin\u00e9es gr\u00e2ce \u00e0 des connexions plug-and-play &#8211; y compris des interconnexions haute tension, des syst\u00e8mes de communication et de gestion thermique. Quatre unit\u00e9s LeBlock attach\u00e9es ensemble forment l&rsquo;\u00e9quivalent d&rsquo;un conteneur de 20 pieds. Ces unit\u00e9s LeBlock pr\u00e9-assembl\u00e9es et certifi\u00e9es CSC permettent un transport facile par voie terrestre ou maritime directement sur le site d&rsquo;installation. De plus, aucun c\u00e2blage sp\u00e9cifique n&rsquo;est n\u00e9cessaire pour l&rsquo;installation sur site et aucun conteneur de transport suppl\u00e9mentaire n&rsquo;est requis, ce qui \u00e9limine les d\u00e9chets d&#8217;emballage.<\/p>\n<p><em>\u00ab\u00a0LeBlock renforce la s\u00e9curit\u00e9 et r\u00e9duit \u00e0 la fois le co\u00fbt total de possession et l&#8217;empreinte carbone. C&rsquo;est ce qui fait le succ\u00e8s de notre conception innovante, mais nous ne voulons pas nous arr\u00eater l\u00e0. \u00c0 l&rsquo;occasion du salon ees Munich, nous donnerons un aper\u00e7u d\u00e9taill\u00e9 de notre tout nouveau LeBlock 2.0, que nous pr\u00e9voyons de lancer d&rsquo;ici la fin de l&rsquo;ann\u00e9e\u00a0\u00bb,<\/em> <strong>d\u00e9clare Guido Guidi, SVP Global Sales, Leclanch\u00e9 Stationary Storage.<\/strong> <em>\u00ab\u00a0Nous nous r\u00e9jouissons des nombreuses conversations que nous aurons lors de ce salon.\u00a0\u00bb<\/em><\/p>\n<p><em>\u00a0<\/em><\/p>\n<p><em># # #<\/em><\/p>\n<p>&nbsp;<\/p>\n<p>LeBlock est une marque de Leclanch\u00e9 SA. Toutes les autres marques sont la propri\u00e9t\u00e9 de leurs d\u00e9tenteurs respectifs.<\/p>\n<p>&nbsp;<\/p>\n<p>&nbsp;<\/p>\n<p>Note de la r\u00e9daction :<\/p>\n<p>Une vid\u00e9o sur le syst\u00e8me LeBlock et d&rsquo;autres sp\u00e9cifications techniques sont disponibles en ligne \u00e0 l&rsquo;adresse suivante : <a href=\"www.leclanche.com\/leblock\">www.leclanche.com\/leblock<\/a>. Des images t\u00e9l\u00e9chargeables en qualit\u00e9 d&rsquo;impression sont \u00e9galement disponibles <a href=\"https:\/\/www.leclanche.com\/media-information\/\">ici<\/a>.<\/p>\n<p><strong>\u00a0<\/strong><\/p>\n<table>\n<tbody>\n<tr>\n<td width=\"301\"><strong>Image 1 \/ Rendu: Leclanch\u00e9<\/strong><\/p>\n<p><img loading=\"lazy\" decoding=\"async\" class=\"alignnone size-medium wp-image-11178\" src=\"https:\/\/www.leclanche.com\/wp-content\/uploads\/2022\/01\/Leclanche-Leblock-Energy-Storage-Solution-on-white-300x217.jpg\" alt=\"\" width=\"300\" height=\"217\" srcset=\"https:\/\/www.leclanche.com\/wp-content\/uploads\/2022\/01\/Leclanche-Leblock-Energy-Storage-Solution-on-white-300x217.jpg 300w, https:\/\/www.leclanche.com\/wp-content\/uploads\/2022\/01\/Leclanche-Leblock-Energy-Storage-Solution-on-white-1024x742.jpg 1024w, https:\/\/www.leclanche.com\/wp-content\/uploads\/2022\/01\/Leclanche-Leblock-Energy-Storage-Solution-on-white-768x556.jpg 768w, https:\/\/www.leclanche.com\/wp-content\/uploads\/2022\/01\/Leclanche-Leblock-Energy-Storage-Solution-on-white-1536x1113.jpg 1536w, https:\/\/www.leclanche.com\/wp-content\/uploads\/2022\/01\/Leclanche-Leblock-Energy-Storage-Solution-on-white.jpg 1790w\" sizes=\"auto, (max-width: 300px) 100vw, 300px\" \/><\/td>\n<td width=\"301\">Le syst\u00e8me modulaire et \u00e9volutif de stockage en batterie plug-and-play LeBlock de Leclanch\u00e9 peut \u00eatre install\u00e9 facilement et dans un espace r\u00e9duit en tr\u00e8s peu de temps.<\/td>\n<\/tr>\n<tr>\n<td width=\"301\"><strong>\u00a0<\/strong><\/p>\n<p><strong>Image 2 \/ Rendu: Leclanch\u00e9<\/strong><\/p>\n<p><img loading=\"lazy\" decoding=\"async\" class=\"alignnone size-medium wp-image-11571\" src=\"https:\/\/www.leclanche.com\/wp-content\/uploads\/2022\/04\/Battery-Quadcon-0-225x300.png\" alt=\"\" width=\"225\" height=\"300\" srcset=\"https:\/\/www.leclanche.com\/wp-content\/uploads\/2022\/04\/Battery-Quadcon-0-225x300.png 225w, https:\/\/www.leclanche.com\/wp-content\/uploads\/2022\/04\/Battery-Quadcon-0-768x1024.png 768w, https:\/\/www.leclanche.com\/wp-content\/uploads\/2022\/04\/Battery-Quadcon-0-1152x1536.png 1152w, https:\/\/www.leclanche.com\/wp-content\/uploads\/2022\/04\/Battery-Quadcon-0-1536x2048.png 1536w, https:\/\/www.leclanche.com\/wp-content\/uploads\/2022\/04\/Battery-Quadcon-0.png 1920w\" sizes=\"auto, (max-width: 225px) 100vw, 225px\" \/><\/td>\n<td width=\"301\"><strong>\u00a0<\/strong><\/p>\n<p><strong>Image 3 \/ Rendu: Leclanch\u00e9<\/strong><\/p>\n<p><img loading=\"lazy\" decoding=\"async\" class=\"alignnone size-medium wp-image-11578\" src=\"https:\/\/www.leclanche.com\/wp-content\/uploads\/2022\/04\/Combi-Quadcon-1-225x300.png\" alt=\"\" width=\"225\" height=\"300\" srcset=\"https:\/\/www.leclanche.com\/wp-content\/uploads\/2022\/04\/Combi-Quadcon-1-225x300.png 225w, https:\/\/www.leclanche.com\/wp-content\/uploads\/2022\/04\/Combi-Quadcon-1-769x1024.png 769w, https:\/\/www.leclanche.com\/wp-content\/uploads\/2022\/04\/Combi-Quadcon-1-768x1023.png 768w, https:\/\/www.leclanche.com\/wp-content\/uploads\/2022\/04\/Combi-Quadcon-1-1153x1536.png 1153w, https:\/\/www.leclanche.com\/wp-content\/uploads\/2022\/04\/Combi-Quadcon-1-1537x2048.png 1537w, https:\/\/www.leclanche.com\/wp-content\/uploads\/2022\/04\/Combi-Quadcon-1.png 1920w\" sizes=\"auto, (max-width: 225px) 100vw, 225px\" \/><\/td>\n<\/tr>\n<tr>\n<td width=\"301\">Les BatteryBlocks sont \u00e9quip\u00e9s de modules de batterie refroidis par liquide, de connexions \u00e9lectriques et de syst\u00e8mes de refroidissement, ainsi que d&rsquo;un syst\u00e8me automatique de d\u00e9tection et d&rsquo;extinction des incendies.<\/td>\n<td width=\"301\">Le CombiBlock se charge de la gestion thermique des racks de batteries ainsi que de la connexion aux onduleurs de batteries et \u00e0 l&rsquo;interface de communication du syst\u00e8me principal de gestion des batteries.<\/td>\n<\/tr>\n<\/tbody>\n<\/table>\n<p><strong>\u00a0<\/strong><\/p>\n<p><strong>\u00a0<\/strong><\/p>\n<p><strong>\u00a0<\/strong><\/p>\n<p>&nbsp;<\/p>\n<p><strong>\u00a0<\/strong><\/p>\n<p><strong>\u00a0<\/strong><\/p>\n<p><strong>\u00c0 propos de Leclanch\u00e9<\/strong><\/p>\n<p><em>Leclanch\u00e9 est un fournisseur mondial de premier plan de solutions de stockage d\u2019\u00e9nergie \u00e0 faible empreinte carbone bas\u00e9es sur la technologie des cellules lithium-ion. L\u2019entreprise a \u00e9t\u00e9 fond\u00e9e en 1909 \u00e0 Yverdon-les-Bains, en Suisse. Son histoire et son patrimoine sont ancr\u00e9s dans l\u2019innovation dans le domaine des batteries et du stockage d\u2019\u00e9nergie. La culture suisse de l\u2019entreprise, empreinte de pr\u00e9cision et de qualit\u00e9, ainsi que ses installations de production en Allemagne, font de Leclanch\u00e9 le partenaire de choix pour les entreprises qui recherchent le meilleur en mati\u00e8re de performances de batteries et qui cr\u00e9ent des changements positifs dans la mani\u00e8re dont l\u2019\u00e9nergie est produite, distribu\u00e9e et consomm\u00e9e dans le monde. Leclanch\u00e9 est organis\u00e9 en trois unit\u00e9s commerciales\u00a0: solutions de stockage d\u2019\u00e9nergie, solutions d\u2019e-Mobilit\u00e9 et syst\u00e8mes de batteries sp\u00e9cialis\u00e9es. L\u2019entreprise emploie actuellement plus de 350 personnes et poss\u00e8de des bureaux dans huit pays. Leclanch\u00e9 est cot\u00e9 \u00e0 la Bourse suisse (SIX\u00a0: LECN).<\/em><\/p>\n<p>&nbsp;<\/p>\n<p><strong>\u00a0<\/strong><\/p>\n<p><strong>Clause de non-responsabilit\u00e9 <\/strong><\/p>\n<p><strong>\u00a0<\/strong><\/p>\n<p>Le pr\u00e9sent communiqu\u00e9 de presse contient certaines d\u00e9clarations prospectives relatives aux activit\u00e9s de Leclanch\u00e9, qui peuvent \u00eatre identifi\u00e9es par des termes tels que \u00ab\u00a0strat\u00e9gique\u00a0\u00bb, \u00ab\u00a0propose\u00a0\u00bb, \u00ab\u00a0introduire\u00a0\u00bb, \u00ab\u00a0sera\u00a0\u00bb, \u00ab\u00a0planifi\u00e9\u00a0\u00bb, \u00ab\u00a0pr\u00e9vu\u00a0\u00bb, \u00ab\u00a0attendu\u00a0\u00bb, \u00ab\u00a0engagement\u00a0\u00bb, \u00ab\u00a0attend\u00a0\u00bb, \u00ab\u00a0pr\u00e9voit\u00a0\u00bb, \u00ab\u00a0\u00e9tabli\u00a0\u00bb, \u00ab\u00a0pr\u00e9pare\u00a0\u00bb, \u00ab\u00a0plans\u00a0\u00bb, \u00ab\u00a0estimations\u00a0\u00bb, \u00ab\u00a0objectifs\u00a0\u00bb, \u00ab\u00a0serait\u00a0\u00bb, \u00ab\u00a0potentiel\u00a0\u00bb, \u00ab\u00a0attente\u00a0\u00bb, \u00ab\u00a0estimation\u00a0\u00bb, \u00ab\u00a0proposition\u00a0\u00bb ou expressions similaires, ou par des discussions explicites ou implicites concernant la mont\u00e9e en puissance de la capacit\u00e9 de production de Leclanch\u00e9, les applications potentielles des produits existants, ou les revenus futurs potentiels de ces produits, ou les ventes ou b\u00e9n\u00e9fices futurs potentiels de Leclanch\u00e9 ou d\u2019une de ses unit\u00e9s commerciales. Vous ne devez pas vous fier ind\u00fbment \u00e0 ces d\u00e9clarations. Ces \u00e9nonc\u00e9s prospectifs refl\u00e8tent les opinions actuelles de Leclanch\u00e9 \u00e0 l\u2019\u00e9gard d\u2019\u00e9v\u00e9nements futurs et comportent des risques connus et inconnus, des incertitudes et d\u2019autres facteurs qui pourraient faire en sorte que les r\u00e9sultats r\u00e9els diff\u00e8rent sensiblement des r\u00e9sultats, performances ou r\u00e9alisations futurs exprim\u00e9s ou sous-entendus dans ces \u00e9nonc\u00e9s. Il n\u2019y a aucune garantie que les produits de Leclanch\u00e9 atteindront des niveaux de revenus particuliers. Rien ne garantit non plus que Leclanch\u00e9, ou l&rsquo;une quelconque de ses unit\u00e9s d&rsquo;affaires, obtiendra des r\u00e9sultats financiers particuliers.<\/p>\n<p>&nbsp;<\/p>\n<p><strong>Contacts<\/strong><\/p>\n<p><strong>Contacts m\u00e9dias\u00a0:\u00a0<\/strong><\/p>\n<p>Thierry Meyer<\/p>\n<p>T\u00a0: +41 (0) 79\u00a0785 35 81<\/p>\n<p>E-mail\u00a0: <a href=\"mailto:tme@dynamicsgoup.ch\">tme@dynamicsgroup.ch<\/a><\/p>\n<p>&nbsp;<\/p>\n<p><strong><em>\u00c9tats-Unis et Canada\u00a0:<\/em><\/strong><\/p>\n<p>Henry Feintuch \/ Ashley Blas<\/p>\n<p>T\u00a0: +1-646-753-5710 \/ +1-646-753-5713<\/p>\n<p>E-mail\u00a0: <a href=\"mailto:leclanche@feintuchpr.com\">leclanche@feintuchpr.com<\/a><\/p>\n<p>&nbsp;<\/p>\n<p><strong><em>Allemagne\u00a0:<\/em><\/strong><\/p>\n<p>Christoph Miller<\/p>\n<p>T\u00a0: +49 (0) 711 947 670<\/p>\n<p>E-mail\u00a0: <a href=\"mailto:leclanche@sympra.de\">leclanche@sympra.de<\/a><\/p>\n<p>&nbsp;<\/p>\n<p><strong>Contact investisseurs\u00a0:<\/strong><\/p>\n<p>Pasquale Foglia<\/p>\n<p>T\u00a0: +41 (0) 24 424 65 00<\/p>\n<p>E-mail\u00a0: <a href=\"mailto:invest.leclanche@leclanche.com\">invest.leclanche@leclanche.com<\/a><\/p>\n<p>&nbsp;<\/p>\n","protected":false},"excerpt":{"rendered":"<p>&nbsp; LeBlock est un syst\u00e8me de stockage d&rsquo;\u00e9nergie modulaire plug and play destin\u00e9 aux micro-r\u00e9seaux, aux centrales solaires et aux exploitants de centrales d&rsquo;\u00e9nergies renouvelables. Le syst\u00e8me avanc\u00e9 est con\u00e7u avec des caract\u00e9ristiques de s\u00e9curit\u00e9 am\u00e9lior\u00e9es et r\u00e9duit le temps et les co\u00fbts de transport, d&rsquo;installation, de relocalisation, d&rsquo;expansion et de recyclage des solutions de [&hellip;]<\/p>\n","protected":false},"author":2,"featured_media":11660,"comment_status":"open","ping_status":"open","sticky":false,"template":"","format":"standard","meta":{"footnotes":""},"categories":[108],"tags":[],"class_list":["post-12801","post","type-post","status-publish","format-standard","has-post-thumbnail","hentry","category-autres-communiques-de-presse"],"yoast_head":"<!-- This site is optimized with the Yoast SEO plugin v26.4 - https:\/\/yoast.com\/wordpress\/plugins\/seo\/ -->\n<title>ees Europe 2023 Expo \u00e0 Munich - Le syst\u00e8me de stockage d&#039;\u00e9nergie LeBlock de Leclanch\u00e9 optimise le stockage des \u00e9nergies renouvelables - Leclanch\u00e9<\/title>\n<meta name=\"description\" content=\"&nbsp; LeBlock est un syst\u00e8me de stockage d&#039;\u00e9nergie modulaire plug and play destin\u00e9 aux micro-r\u00e9seaux, aux centrales solaires et aux exploitants de\" \/>\n<meta name=\"robots\" content=\"index, follow, max-snippet:-1, max-image-preview:large, max-video-preview:-1\" \/>\n<link rel=\"canonical\" href=\"https:\/\/www.leclanche.com\/fr\/ees-europe-2023-expo-a-munich-le-systeme-de-stockage-denergie-leblock-de-leclanche-optimise-le-stockage-des-energies-renouvelables\/\" \/>\n<meta property=\"og:locale\" content=\"fr_FR\" \/>\n<meta property=\"og:type\" content=\"article\" \/>\n<meta property=\"og:title\" content=\"ees Europe 2023 Expo \u00e0 Munich - Le syst\u00e8me de stockage d&#039;\u00e9nergie LeBlock de Leclanch\u00e9 optimise le stockage des \u00e9nergies renouvelables - Leclanch\u00e9\" \/>\n<meta property=\"og:description\" content=\"&nbsp; LeBlock est un syst\u00e8me de stockage d&#039;\u00e9nergie modulaire plug and play destin\u00e9 aux micro-r\u00e9seaux, aux centrales solaires et aux exploitants de\" \/>\n<meta property=\"og:url\" content=\"https:\/\/www.leclanche.com\/fr\/ees-europe-2023-expo-a-munich-le-systeme-de-stockage-denergie-leblock-de-leclanche-optimise-le-stockage-des-energies-renouvelables\/\" \/>\n<meta property=\"og:site_name\" content=\"Leclanch\u00e9\" \/>\n<meta property=\"article:published_time\" content=\"2023-06-12T17:15:10+00:00\" \/>\n<meta property=\"article:modified_time\" content=\"2023-06-12T17:19:30+00:00\" \/>\n<meta property=\"og:image\" content=\"https:\/\/www.leclanche.com\/wp-content\/uploads\/2022\/05\/Leblock-with-Logo-on-white.jpg\" \/>\n\t<meta property=\"og:image:width\" content=\"1790\" \/>\n\t<meta property=\"og:image:height\" content=\"1297\" \/>\n\t<meta property=\"og:image:type\" content=\"image\/jpeg\" \/>\n<meta name=\"author\" content=\"Annick.Bid\" \/>\n<meta name=\"twitter:card\" content=\"summary_large_image\" \/>\n<meta name=\"twitter:label1\" content=\"\u00c9crit par\" \/>\n\t<meta name=\"twitter:data1\" content=\"Annick.Bid\" \/>\n\t<meta name=\"twitter:label2\" content=\"Dur\u00e9e de lecture estim\u00e9e\" \/>\n\t<meta name=\"twitter:data2\" content=\"6 minutes\" \/>\n<script type=\"application\/ld+json\" class=\"yoast-schema-graph\">{\"@context\":\"https:\/\/schema.org\",\"@graph\":[{\"@type\":\"WebPage\",\"@id\":\"https:\/\/www.leclanche.com\/fr\/ees-europe-2023-expo-a-munich-le-systeme-de-stockage-denergie-leblock-de-leclanche-optimise-le-stockage-des-energies-renouvelables\/\",\"url\":\"https:\/\/www.leclanche.com\/fr\/ees-europe-2023-expo-a-munich-le-systeme-de-stockage-denergie-leblock-de-leclanche-optimise-le-stockage-des-energies-renouvelables\/\",\"name\":\"ees Europe 2023 Expo \u00e0 Munich - Le syst\u00e8me de stockage d'\u00e9nergie LeBlock de Leclanch\u00e9 optimise le stockage des \u00e9nergies renouvelables - Leclanch\u00e9\",\"isPartOf\":{\"@id\":\"https:\/\/www.leclanche.com\/fr\/#website\"},\"primaryImageOfPage\":{\"@id\":\"https:\/\/www.leclanche.com\/fr\/ees-europe-2023-expo-a-munich-le-systeme-de-stockage-denergie-leblock-de-leclanche-optimise-le-stockage-des-energies-renouvelables\/#primaryimage\"},\"image\":{\"@id\":\"https:\/\/www.leclanche.com\/fr\/ees-europe-2023-expo-a-munich-le-systeme-de-stockage-denergie-leblock-de-leclanche-optimise-le-stockage-des-energies-renouvelables\/#primaryimage\"},\"thumbnailUrl\":\"https:\/\/www.leclanche.com\/wp-content\/uploads\/2022\/05\/Leblock-with-Logo-on-white.jpg\",\"datePublished\":\"2023-06-12T17:15:10+00:00\",\"dateModified\":\"2023-06-12T17:19:30+00:00\",\"author\":{\"@id\":\"https:\/\/www.leclanche.com\/fr\/#\/schema\/person\/7ef725388a3f2b409a32cfa92059aa64\"},\"description\":\"&nbsp; LeBlock est un syst\u00e8me de stockage d'\u00e9nergie modulaire plug and play destin\u00e9 aux micro-r\u00e9seaux, aux centrales solaires et aux exploitants de\",\"breadcrumb\":{\"@id\":\"https:\/\/www.leclanche.com\/fr\/ees-europe-2023-expo-a-munich-le-systeme-de-stockage-denergie-leblock-de-leclanche-optimise-le-stockage-des-energies-renouvelables\/#breadcrumb\"},\"inLanguage\":\"fr-FR\",\"potentialAction\":[{\"@type\":\"ReadAction\",\"target\":[\"https:\/\/www.leclanche.com\/fr\/ees-europe-2023-expo-a-munich-le-systeme-de-stockage-denergie-leblock-de-leclanche-optimise-le-stockage-des-energies-renouvelables\/\"]}]},{\"@type\":\"ImageObject\",\"inLanguage\":\"fr-FR\",\"@id\":\"https:\/\/www.leclanche.com\/fr\/ees-europe-2023-expo-a-munich-le-systeme-de-stockage-denergie-leblock-de-leclanche-optimise-le-stockage-des-energies-renouvelables\/#primaryimage\",\"url\":\"https:\/\/www.leclanche.com\/wp-content\/uploads\/2022\/05\/Leblock-with-Logo-on-white.jpg\",\"contentUrl\":\"https:\/\/www.leclanche.com\/wp-content\/uploads\/2022\/05\/Leblock-with-Logo-on-white.jpg\",\"width\":1790,\"height\":1297},{\"@type\":\"BreadcrumbList\",\"@id\":\"https:\/\/www.leclanche.com\/fr\/ees-europe-2023-expo-a-munich-le-systeme-de-stockage-denergie-leblock-de-leclanche-optimise-le-stockage-des-energies-renouvelables\/#breadcrumb\",\"itemListElement\":[{\"@type\":\"ListItem\",\"position\":1,\"name\":\"Accueil\",\"item\":\"https:\/\/www.leclanche.com\/fr\/\"},{\"@type\":\"ListItem\",\"position\":2,\"name\":\"ees Europe 2023 Expo \u00e0 Munich &#8211; Le syst\u00e8me de stockage d&#8217;\u00e9nergie LeBlock de Leclanch\u00e9 optimise le stockage des \u00e9nergies renouvelables\"}]},{\"@type\":\"WebSite\",\"@id\":\"https:\/\/www.leclanche.com\/fr\/#website\",\"url\":\"https:\/\/www.leclanche.com\/fr\/\",\"name\":\"Leclanch\u00e9\",\"description\":\"Energy Storage Solutions\",\"potentialAction\":[{\"@type\":\"SearchAction\",\"target\":{\"@type\":\"EntryPoint\",\"urlTemplate\":\"https:\/\/www.leclanche.com\/fr\/?s={search_term_string}\"},\"query-input\":{\"@type\":\"PropertyValueSpecification\",\"valueRequired\":true,\"valueName\":\"search_term_string\"}}],\"inLanguage\":\"fr-FR\"},{\"@type\":\"Person\",\"@id\":\"https:\/\/www.leclanche.com\/fr\/#\/schema\/person\/7ef725388a3f2b409a32cfa92059aa64\",\"name\":\"Annick.Bid\",\"image\":{\"@type\":\"ImageObject\",\"inLanguage\":\"fr-FR\",\"@id\":\"https:\/\/www.leclanche.com\/fr\/#\/schema\/person\/image\/\",\"url\":\"https:\/\/secure.gravatar.com\/avatar\/0fe6baaabc318280db3d0e10c43b8017aa89b961c16e819765bd4fb65396af34?s=96&d=mm&r=g\",\"contentUrl\":\"https:\/\/secure.gravatar.com\/avatar\/0fe6baaabc318280db3d0e10c43b8017aa89b961c16e819765bd4fb65396af34?s=96&d=mm&r=g\",\"caption\":\"Annick.Bid\"},\"url\":\"https:\/\/www.leclanche.com\/fr\/author\/annick-bid\/\"}]}<\/script>\n<!-- \/ Yoast SEO plugin. -->","yoast_head_json":{"title":"ees Europe 2023 Expo \u00e0 Munich - Le syst\u00e8me de stockage d'\u00e9nergie LeBlock de Leclanch\u00e9 optimise le stockage des \u00e9nergies renouvelables - Leclanch\u00e9","description":"&nbsp; LeBlock est un syst\u00e8me de stockage d'\u00e9nergie modulaire plug and play destin\u00e9 aux micro-r\u00e9seaux, aux centrales solaires et aux exploitants de","robots":{"index":"index","follow":"follow","max-snippet":"max-snippet:-1","max-image-preview":"max-image-preview:large","max-video-preview":"max-video-preview:-1"},"canonical":"https:\/\/www.leclanche.com\/fr\/ees-europe-2023-expo-a-munich-le-systeme-de-stockage-denergie-leblock-de-leclanche-optimise-le-stockage-des-energies-renouvelables\/","og_locale":"fr_FR","og_type":"article","og_title":"ees Europe 2023 Expo \u00e0 Munich - Le syst\u00e8me de stockage d'\u00e9nergie LeBlock de Leclanch\u00e9 optimise le stockage des \u00e9nergies renouvelables - Leclanch\u00e9","og_description":"&nbsp; LeBlock est un syst\u00e8me de stockage d'\u00e9nergie modulaire plug and play destin\u00e9 aux micro-r\u00e9seaux, aux centrales solaires et aux exploitants de","og_url":"https:\/\/www.leclanche.com\/fr\/ees-europe-2023-expo-a-munich-le-systeme-de-stockage-denergie-leblock-de-leclanche-optimise-le-stockage-des-energies-renouvelables\/","og_site_name":"Leclanch\u00e9","article_published_time":"2023-06-12T17:15:10+00:00","article_modified_time":"2023-06-12T17:19:30+00:00","og_image":[{"width":1790,"height":1297,"url":"https:\/\/www.leclanche.com\/wp-content\/uploads\/2022\/05\/Leblock-with-Logo-on-white.jpg","type":"image\/jpeg"}],"author":"Annick.Bid","twitter_card":"summary_large_image","twitter_misc":{"\u00c9crit par":"Annick.Bid","Dur\u00e9e de lecture estim\u00e9e":"6 minutes"},"schema":{"@context":"https:\/\/schema.org","@graph":[{"@type":"WebPage","@id":"https:\/\/www.leclanche.com\/fr\/ees-europe-2023-expo-a-munich-le-systeme-de-stockage-denergie-leblock-de-leclanche-optimise-le-stockage-des-energies-renouvelables\/","url":"https:\/\/www.leclanche.com\/fr\/ees-europe-2023-expo-a-munich-le-systeme-de-stockage-denergie-leblock-de-leclanche-optimise-le-stockage-des-energies-renouvelables\/","name":"ees Europe 2023 Expo \u00e0 Munich - Le syst\u00e8me de stockage d'\u00e9nergie LeBlock de Leclanch\u00e9 optimise le stockage des \u00e9nergies renouvelables - Leclanch\u00e9","isPartOf":{"@id":"https:\/\/www.leclanche.com\/fr\/#website"},"primaryImageOfPage":{"@id":"https:\/\/www.leclanche.com\/fr\/ees-europe-2023-expo-a-munich-le-systeme-de-stockage-denergie-leblock-de-leclanche-optimise-le-stockage-des-energies-renouvelables\/#primaryimage"},"image":{"@id":"https:\/\/www.leclanche.com\/fr\/ees-europe-2023-expo-a-munich-le-systeme-de-stockage-denergie-leblock-de-leclanche-optimise-le-stockage-des-energies-renouvelables\/#primaryimage"},"thumbnailUrl":"https:\/\/www.leclanche.com\/wp-content\/uploads\/2022\/05\/Leblock-with-Logo-on-white.jpg","datePublished":"2023-06-12T17:15:10+00:00","dateModified":"2023-06-12T17:19:30+00:00","author":{"@id":"https:\/\/www.leclanche.com\/fr\/#\/schema\/person\/7ef725388a3f2b409a32cfa92059aa64"},"description":"&nbsp; LeBlock est un syst\u00e8me de stockage d'\u00e9nergie modulaire plug and play destin\u00e9 aux micro-r\u00e9seaux, aux centrales solaires et aux exploitants de","breadcrumb":{"@id":"https:\/\/www.leclanche.com\/fr\/ees-europe-2023-expo-a-munich-le-systeme-de-stockage-denergie-leblock-de-leclanche-optimise-le-stockage-des-energies-renouvelables\/#breadcrumb"},"inLanguage":"fr-FR","potentialAction":[{"@type":"ReadAction","target":["https:\/\/www.leclanche.com\/fr\/ees-europe-2023-expo-a-munich-le-systeme-de-stockage-denergie-leblock-de-leclanche-optimise-le-stockage-des-energies-renouvelables\/"]}]},{"@type":"ImageObject","inLanguage":"fr-FR","@id":"https:\/\/www.leclanche.com\/fr\/ees-europe-2023-expo-a-munich-le-systeme-de-stockage-denergie-leblock-de-leclanche-optimise-le-stockage-des-energies-renouvelables\/#primaryimage","url":"https:\/\/www.leclanche.com\/wp-content\/uploads\/2022\/05\/Leblock-with-Logo-on-white.jpg","contentUrl":"https:\/\/www.leclanche.com\/wp-content\/uploads\/2022\/05\/Leblock-with-Logo-on-white.jpg","width":1790,"height":1297},{"@type":"BreadcrumbList","@id":"https:\/\/www.leclanche.com\/fr\/ees-europe-2023-expo-a-munich-le-systeme-de-stockage-denergie-leblock-de-leclanche-optimise-le-stockage-des-energies-renouvelables\/#breadcrumb","itemListElement":[{"@type":"ListItem","position":1,"name":"Accueil","item":"https:\/\/www.leclanche.com\/fr\/"},{"@type":"ListItem","position":2,"name":"ees Europe 2023 Expo \u00e0 Munich &#8211; Le syst\u00e8me de stockage d&#8217;\u00e9nergie LeBlock de Leclanch\u00e9 optimise le stockage des \u00e9nergies renouvelables"}]},{"@type":"WebSite","@id":"https:\/\/www.leclanche.com\/fr\/#website","url":"https:\/\/www.leclanche.com\/fr\/","name":"Leclanch\u00e9","description":"Energy Storage Solutions","potentialAction":[{"@type":"SearchAction","target":{"@type":"EntryPoint","urlTemplate":"https:\/\/www.leclanche.com\/fr\/?s={search_term_string}"},"query-input":{"@type":"PropertyValueSpecification","valueRequired":true,"valueName":"search_term_string"}}],"inLanguage":"fr-FR"},{"@type":"Person","@id":"https:\/\/www.leclanche.com\/fr\/#\/schema\/person\/7ef725388a3f2b409a32cfa92059aa64","name":"Annick.Bid","image":{"@type":"ImageObject","inLanguage":"fr-FR","@id":"https:\/\/www.leclanche.com\/fr\/#\/schema\/person\/image\/","url":"https:\/\/secure.gravatar.com\/avatar\/0fe6baaabc318280db3d0e10c43b8017aa89b961c16e819765bd4fb65396af34?s=96&d=mm&r=g","contentUrl":"https:\/\/secure.gravatar.com\/avatar\/0fe6baaabc318280db3d0e10c43b8017aa89b961c16e819765bd4fb65396af34?s=96&d=mm&r=g","caption":"Annick.Bid"},"url":"https:\/\/www.leclanche.com\/fr\/author\/annick-bid\/"}]}},"_links":{"self":[{"href":"https:\/\/www.leclanche.com\/fr\/wp-json\/wp\/v2\/posts\/12801","targetHints":{"allow":["GET"]}}],"collection":[{"href":"https:\/\/www.leclanche.com\/fr\/wp-json\/wp\/v2\/posts"}],"about":[{"href":"https:\/\/www.leclanche.com\/fr\/wp-json\/wp\/v2\/types\/post"}],"author":[{"embeddable":true,"href":"https:\/\/www.leclanche.com\/fr\/wp-json\/wp\/v2\/users\/2"}],"replies":[{"embeddable":true,"href":"https:\/\/www.leclanche.com\/fr\/wp-json\/wp\/v2\/comments?post=12801"}],"version-history":[{"count":3,"href":"https:\/\/www.leclanche.com\/fr\/wp-json\/wp\/v2\/posts\/12801\/revisions"}],"predecessor-version":[{"id":12805,"href":"https:\/\/www.leclanche.com\/fr\/wp-json\/wp\/v2\/posts\/12801\/revisions\/12805"}],"wp:featuredmedia":[{"embeddable":true,"href":"https:\/\/www.leclanche.com\/fr\/wp-json\/wp\/v2\/media\/11660"}],"wp:attachment":[{"href":"https:\/\/www.leclanche.com\/fr\/wp-json\/wp\/v2\/media?parent=12801"}],"wp:term":[{"taxonomy":"category","embeddable":true,"href":"https:\/\/www.leclanche.com\/fr\/wp-json\/wp\/v2\/categories?post=12801"},{"taxonomy":"post_tag","embeddable":true,"href":"https:\/\/www.leclanche.com\/fr\/wp-json\/wp\/v2\/tags?post=12801"}],"curies":[{"name":"wp","href":"https:\/\/api.w.org\/{rel}","templated":true}]}}