{"id":12872,"date":"2023-06-26T20:00:20","date_gmt":"2023-06-26T18:00:20","guid":{"rendered":"https:\/\/www.leclanche.com\/?p=12872"},"modified":"2023-06-26T20:01:27","modified_gmt":"2023-06-26T18:01:27","slug":"leclanche-conclut-son-assemblee-generale-annuelle-2023","status":"publish","type":"post","link":"https:\/\/www.leclanche.com\/fr\/leclanche-conclut-son-assemblee-generale-annuelle-2023\/","title":{"rendered":"Leclanch\u00e9 conclut son assembl\u00e9e g\u00e9n\u00e9rale annuelle 2023"},"content":{"rendered":"<p><em>Annonce \u00e9v\u00e9nementielle au sens de l\u2019art. 53\u00a0RC<\/em><\/p>\n<ul>\n<li><em>Les actionnaires ont approuv\u00e9 la conversion en actions de la Soci\u00e9t\u00e9 de CHF 66.7 millions de dettes dues \u00e0 ses principaux actionnaires et \u00e0 d&rsquo;autres partenaires d&rsquo;investissement afin de renforcer son bilan<\/em><\/li>\n<li><em>La modification des statuts a \u00e9t\u00e9 approuv\u00e9e pour renforcer les droits des actionnaires, moderniser la gouvernance d&rsquo;entreprise et s&rsquo;aligner sur les normes du march\u00e9 les plus r\u00e9centes<\/em><\/li>\n<\/ul>\n<p><strong>YVERDON-LES-BAINS, Suisse, 26 juin, 2023 &#8211;<\/strong> <a href=\"http:\/\/www.leclanche.com\/\">Leclanch\u00e9 SA<\/a> (SIX: LECN), l&rsquo;un des principaux fabricants mondiaux de batteries industrielles lourdes, a annonc\u00e9 les d\u00e9cisions prises par les actionnaires de la soci\u00e9t\u00e9 sur les propositions du Conseil d&rsquo;Administration lors de son assembl\u00e9e g\u00e9n\u00e9rale annuelle 2023 (AGA) qui s&rsquo;est tenue aujourd&rsquo;hui \u00e0 CEI &#8211; Rue Galil\u00e9e 13, 1400 Yverdon-les-Bains, Suisse, Salle de r\u00e9union : \u00ab\u00a0Galil\u00e9e\u00a0\u00bb.<\/p>\n<p>Les actionnaires ont approuv\u00e9 une proposition du Conseil d&rsquo;Administration visant \u00e0 convertir la dette existante contract\u00e9e aupr\u00e8s de SEF-Lux<a href=\"#_ftn1\" name=\"_ftnref1\">[1]<\/a> et d&rsquo;autres partenaires d&rsquo;investissement, d&rsquo;un montant de CHF\u00a066\u00a0684\u00a0928,67, en capitaux propres, par le biais d&rsquo;une augmentation de capital ordinaire. Cette mesure de restructuration, qui renforce le bilan, devrait susciter un int\u00e9r\u00eat continu de la part des investisseurs au cours d&rsquo;une p\u00e9riode de forte croissance attendue du carnet de commandes de Leclanch\u00e9 dans le secteur en pleine expansion de l&rsquo;e-mobilit\u00e9.<\/p>\n<p>La proposition du Conseil d&rsquo;Administration d&rsquo;augmenter le capital social de la soci\u00e9t\u00e9 d&rsquo;un montant de CHF\u00a014\u00a0129\u00a0985,90, pour le porter de CHF\u00a044\u00a0481\u00a0491,00 \u00e0 CHF\u00a058\u00a0611\u00a0476,90 par le biais de deux augmentations de capital ordinaires, a \u00e9t\u00e9 approuv\u00e9e.<\/p>\n<p>Les cinq membres du Conseil d&rsquo;Administration, M. Alexander Rhea, M. Marc Lepi\u00e8ce, M. Christophe Manset, M. Bernard Pons et M. Ali Sherwani ont \u00e9t\u00e9 r\u00e9\u00e9lus. M. Alexander Rhea a \u00e9t\u00e9 r\u00e9\u00e9lu en tant que pr\u00e9sident du Conseil d&rsquo;Administration. Les membres du Comit\u00e9 de Nomination et de R\u00e9mun\u00e9ration, M. Marc Lepi\u00e8ce et M. Christophe Manset ont \u00e9t\u00e9 r\u00e9\u00e9lus et M. Alexander Rhea a \u00e9t\u00e9 \u00e9lu.<\/p>\n<p>La r\u00e9forme du droit suisse des soci\u00e9t\u00e9s, qui pr\u00e9voit certaines r\u00e9visions entrant en vigueur le 1er janvier 2023, n\u00e9cessite des adaptations des statuts afin de garantir l&rsquo;alignement sur les derni\u00e8res r\u00e9glementations. Les modifications approuv\u00e9es par les actionnaires refl\u00e8tent non seulement les exigences de la nouvelle loi, mais aussi un engagement \u00e0 d\u00e9fendre les droits des actionnaires, \u00e0 moderniser la gouvernance d&rsquo;entreprise et \u00e0 s&rsquo;aligner sur les derni\u00e8res normes du march\u00e9. Les principaux points abord\u00e9s dans les amendements sont l&rsquo;introduction de la fourchette de capital pour am\u00e9liorer la flexibilit\u00e9 financi\u00e8re, l&rsquo;incorporation de dispositions relatives \u00e0 l&rsquo;utilisation de moyens \u00e9lectroniques pour am\u00e9liorer la participation des actionnaires et des r\u00e9visions g\u00e9n\u00e9rales pour garantir l&rsquo;adh\u00e9sion \u00e0 la nouvelle loi. En outre, des ajustements volontaires ont \u00e9t\u00e9 apport\u00e9s pour consolider davantage la structure de gouvernance. Le Conseil d&rsquo;Administration estime que ces modifications renforceront le cadre de gouvernance et d\u00e9montreront l&rsquo;engagement \u00e0 respecter les normes les plus \u00e9lev\u00e9es en mati\u00e8re de conduite d&rsquo;entreprise.<\/p>\n<p>Les actionnaires ont approuv\u00e9 le montant global maximum de la r\u00e9mun\u00e9ration du Comit\u00e9 ex\u00e9cutif \u00e0 CHF\u00a02\u00a0350\u00a0000,00, pour l&rsquo;exercice 2024. Ce montant repr\u00e9sente la moiti\u00e9 de ce qui avait \u00e9t\u00e9 approuv\u00e9 pour l&rsquo;exercice 2023.<\/p>\n<p><strong>Derni\u00e8res informations sur les op\u00e9rations commerciales<\/strong><\/p>\n<p>Dans leurs discours, les membres de l&rsquo;\u00e9quipe de direction du Groupe Leclanch\u00e9 ont pr\u00e9sent\u00e9 les progr\u00e8s r\u00e9alis\u00e9s par la soci\u00e9t\u00e9 dans les secteurs d&rsquo;activit\u00e9 suivants.<\/p>\n<p>&nbsp;<\/p>\n<p><strong>Activit\u00e9 e-Mobilit\u00e9<\/strong><\/p>\n<ul>\n<li>Avec l&rsquo;obtention de grands projets tels que Brittany Ferries, Scandlines et CMAL, la part de march\u00e9 de Leclanch\u00e9 dans l&rsquo;activit\u00e9 e-Marine a augment\u00e9 de mani\u00e8re significative pour devenir l&rsquo;un des acteurs les plus \u00e9tablis sur le march\u00e9 maritime en 2023.<\/li>\n<li>Sur le march\u00e9 ferroviaire, Leclanch\u00e9 obtient des commandes r\u00e9p\u00e9t\u00e9es de la part d&rsquo;OEM majeurs tels qu&rsquo;Alstom et Canadian Pacific Rail et \u00e9largit sa base de clients ferroviaires en pleine croissance avec des entreprises telles que KON\u010cAR.<\/li>\n<li>Leclanch\u00e9 continue de d\u00e9velopper sa feuille de route technologique, en se concentrant sur les cellules, les modules, les packs et les produits de rack maritime, tout en gardant la durabilit\u00e9 comme valeur fondamentale.<\/li>\n<li>La croissance de Leclanch\u00e9 devrait se poursuivre dans les segments de march\u00e9 de l&rsquo;e-mobilit\u00e9 qu&rsquo;elle a choisis et de nouvelles annonces sont pr\u00e9vues tout au long de l&rsquo;ann\u00e9e.<\/li>\n<\/ul>\n<p>&nbsp;<\/p>\n<p><strong>Activit\u00e9 stationnaire<\/strong><\/p>\n<ul>\n<li>L&rsquo;activit\u00e9 stationnaire a vu une large acceptation par le march\u00e9 de son produit nouvellement lanc\u00e9 appel\u00e9 LeBlock<sup>TM<\/sup>, une solution de stockage d&rsquo;\u00e9nergie par batterie hautement s\u00fbre, modulaire et \u00e9volutive. Deux projets de plusieurs MWh utilisant LeBlock ont d\u00e9j\u00e0 \u00e9t\u00e9 s\u00e9curis\u00e9s. L&rsquo;unit\u00e9 stationnaire de Leclanch\u00e9 poursuit le d\u00e9veloppement de la version 2.0 de LeBlock afin d&rsquo;am\u00e9liorer encore la s\u00e9curit\u00e9 de son produit et de cibler des applications \u00e0 forte croissance telles que celles des march\u00e9s des micro-r\u00e9seaux et de l&rsquo;hybridation des groupes \u00e9lectrog\u00e8nes.<\/li>\n<\/ul>\n<p>&nbsp;<\/p>\n<p><strong>Activit\u00e9 batteries sp\u00e9cialis\u00e9es<\/strong><\/p>\n<ul>\n<li>L&rsquo;unit\u00e9 d\u2019affaire d\u00e9di\u00e9e aux batteries sp\u00e9cialis\u00e9es continue d&rsquo;exceller dans les secteurs de la m\u00e9decine et de la d\u00e9fense, en s&rsquo;implantant dans d&rsquo;autres pays europ\u00e9ens et en s&rsquo;assurant des contrats r\u00e9guliers avec ses partenaires de confiance.<\/li>\n<\/ul>\n<p>&nbsp;<\/p>\n<p><strong>Alexander Rhea, pr\u00e9sident du Conseil d&rsquo;Administration de Leclanch\u00e9, a d\u00e9clar\u00e9 : <\/strong><em>\u00ab\u00a0L&rsquo;objectif principal du nouveau Conseil d&rsquo;Administration de Leclanch\u00e9 en 2023 a \u00e9t\u00e9 de guider la nouvelle direction pour qu&rsquo;elle concentre tous ses efforts sur son savoir-faire et son expertise de base, \u00e0 savoir la fabrication de batteries industrielles lourdes, afin d&rsquo;assurer une croissance et une innovation \u00e0 long terme et de poser des bases solides pour de nombreuses perspectives d&rsquo;avenir. Comme annonc\u00e9 \u00e0 travers ses diff\u00e9rents communiqu\u00e9s de presse au cours de l&rsquo;ann\u00e9e, ces efforts ont \u00e9t\u00e9 observ\u00e9s par l&rsquo;industrie, ce qui a permis \u00e0 Leclanch\u00e9 de voir une croissance significative de son pipeline et de ses commandes fermes. Dans ce contexte, le Conseil d&rsquo;Administration a une grande confiance dans la capacit\u00e9 \u00e0 long terme de la Soci\u00e9t\u00e9 \u00e0 g\u00e9n\u00e9rer de la valeur pour ses actionnaires alors que la Soci\u00e9t\u00e9 favorise son expansion future. Au cours des derni\u00e8res ann\u00e9es, la soci\u00e9t\u00e9 a strat\u00e9giquement allou\u00e9 des ressources substantielles pour am\u00e9liorer sa capacit\u00e9 de production et a investi avec diligence dans la recherche et le d\u00e9veloppement, d&rsquo;o\u00f9 l&rsquo;importance d&rsquo;une telle focalisation. Cette concentration porte d\u00e9j\u00e0 ses fruits puisque l&rsquo;entreprise est en train d&rsquo;\u00e9toffer activement son carnet de commandes.\u00a0\u00bb<\/em><\/p>\n<p>&nbsp;<\/p>\n<p>Pour plus d&rsquo;informations, \u00e9crivez \u00e0 <a href=\"mailto:info@leclanche.com\">info@leclanche.com<\/a> ou visitez <a href=\"http:\/\/www.leclanche.com\">www.leclanche.com<\/a>.<\/p>\n<p><strong>\u00a0<\/strong><\/p>\n<p><strong>\u00c0 propos de Leclanch\u00e9 <\/strong><\/p>\n<p>Leclanch\u00e9 est un fournisseur mondial de premier plan de solutions de stockage d\u2019\u00e9nergie \u00e0 faible empreinte carbone bas\u00e9es sur la technologie des cellules lithium-ion. L\u2019entreprise a \u00e9t\u00e9 fond\u00e9e en 1909 \u00e0 Yverdon-les-Bains, en Suisse. Son histoire et son patrimoine sont ancr\u00e9s dans l\u2019innovation dans le domaine des batteries et du stockage d\u2019\u00e9nergie. La culture suisse de l\u2019entreprise, empreinte de pr\u00e9cision et de qualit\u00e9, ainsi que ses installations de production en Allemagne, font de Leclanch\u00e9 le partenaire de choix pour les entreprises qui recherchent le meilleur en mati\u00e8re de performances de batteries et qui cr\u00e9ent des changements positifs dans la mani\u00e8re dont l\u2019\u00e9nergie est produite, distribu\u00e9e et consomm\u00e9e dans le monde. Leclanch\u00e9 est organis\u00e9 en trois unit\u00e9s commerciales\u00a0: solutions de stockage d\u2019\u00e9nergie, solutions d\u2019e-Mobilit\u00e9 et syst\u00e8mes de batteries sp\u00e9cialis\u00e9es. L\u2019entreprise emploie actuellement plus de 350 personnes et poss\u00e8de des bureaux dans huit pays. Leclanch\u00e9 est cot\u00e9 \u00e0 la Bourse suisse (SIX : LECN).<\/p>\n<p>&nbsp;<\/p>\n<p><strong>Clause de non-responsabilit\u00e9 <\/strong><\/p>\n<p>Le pr\u00e9sent communiqu\u00e9 de presse contient certaines d\u00e9clarations prospectives relatives aux activit\u00e9s de Leclanch\u00e9, qui peuvent \u00eatre identifi\u00e9es par des termes tels que \u00ab\u202fstrat\u00e9gique\u202f\u00bb, \u00ab\u202fpropose\u202f\u00bb, \u00ab\u202fintroduire\u202f\u00bb, \u00ab\u202fsera\u202f\u00bb, \u00ab\u202fplanifi\u00e9\u202f\u00bb, \u00ab\u202fpr\u00e9vu\u202f\u00bb, \u00ab\u202fattendu\u202f\u00bb, \u00ab\u202fengagement\u202f\u00bb, \u00ab\u202fattend\u202f\u00bb, \u00ab\u202fpr\u00e9voit\u202f\u00bb, \u00ab\u202f\u00e9tabli\u202f\u00bb, \u00ab\u202fpr\u00e9pare\u202f\u00bb, \u00ab\u202fplans\u202f\u00bb, \u00ab\u202festimations\u202f\u00bb, \u00ab\u202fobjectifs\u202f\u00bb, \u00ab\u202fserait\u202f\u00bb, \u00ab\u202fpotentiel\u202f\u00bb, \u00ab\u202fattente\u202f\u00bb, \u00ab\u202festimation\u202f\u00bb, \u00ab\u202fproposition\u202f\u00bb ou expressions similaires, ou par des discussions explicites ou implicites concernant la mont\u00e9e en puissance de la capacit\u00e9 de production de Leclanch\u00e9, les applications potentielles des produits existants, ou les revenus futurs potentiels de ces produits, ou les ventes ou b\u00e9n\u00e9fices futurs potentiels de Leclanch\u00e9 ou d\u2019une de ses unit\u00e9s commerciales. Vous ne devez pas vous fier ind\u00fbment \u00e0 ces d\u00e9clarations. Ces \u00e9nonc\u00e9s prospectifs refl\u00e8tent les opinions actuelles de Leclanch\u00e9 \u00e0 l\u2019\u00e9gard d\u2019\u00e9v\u00e9nements futurs et comportent des risques connus et inconnus, des incertitudes et d\u2019autres facteurs qui pourraient faire en sorte que les r\u00e9sultats r\u00e9els diff\u00e8rent sensiblement des r\u00e9sultats, performances ou r\u00e9alisations futurs exprim\u00e9s ou sous-entendus dans ces \u00e9nonc\u00e9s. Il n\u2019y a aucune garantie que les produits de Leclanch\u00e9 atteindront des niveaux de revenus particuliers. Rien ne garantit non plus que Leclanch\u00e9, ou l\u2019une quelconque de ses unit\u00e9s d\u2019affaires, obtiendra des r\u00e9sultats financiers particuliers.<\/p>\n<p><strong>\u00a0<\/strong><\/p>\n<p><strong>\u00a0<\/strong><strong>Contacts<\/strong><\/p>\n<p><strong>Suisse \/ Europe\u00a0:<\/strong><\/p>\n<p>Thierry Meyer<\/p>\n<p>T\u00a0: +41 (0) 79\u00a0785 35 81<\/p>\n<p>E-mail\u00a0: <a href=\"mailto:tme@dynamicsgroup.ch\">tme@dynamicsgroup.ch<\/a><\/p>\n<p>&nbsp;<\/p>\n<p><strong>\u00c9tats-Unis et Canada\u00a0:<\/strong><\/p>\n<p>Henry Feintuch \/ Ashley Blas<\/p>\n<p>T\u00a0: +1-646-753-5710 \/ +1-646-753-5713<\/p>\n<p>E-mail\u00a0: <a href=\"mailto:leclanche@feintuchpr.com\">leclanche@feintuchpr.com<\/a><\/p>\n<p>&nbsp;<\/p>\n<p><strong>Allemagne\u00a0:<\/strong><\/p>\n<p>Christoph Miller<\/p>\n<p>T\u00a0: +49 (0) 711 947 670<\/p>\n<p>E-mail\u00a0: <a href=\"mailto:leclanche@sympra.de\">leclanche@sympra.de<\/a><\/p>\n<p>&nbsp;<\/p>\n<p><strong>Contact investisseurs\u00a0:<\/strong><\/p>\n<p>Pierre Blanc \/ Pasquale Foglia<\/p>\n<p>T\u00a0: +41 (0) 24 424 65 00<\/p>\n<p>E-mail\u00a0: <a href=\"mailto:invest.leclanche@leclanche.com\">invest.leclanche@leclanche.com<\/a><\/p>\n<p>&nbsp;<\/p>\n<p><a href=\"#_ftnref1\" name=\"_ftn1\">[1]<\/a> SEF-Lux d\u00e9signe : Strategic Equity Fund SCA SICAV RAIF \u2013 Renewable Energy (RE) (y compris l\u2019ancien Strategic Equity Fund SCA SICAV RAIF \u2013 E Money Strategies (EMS) et l\u2019ancien Strategic Equity Fund SCA SICAV RAIF \u2013 Multi Asset Strategy), Golden Partner Private Equity FOF, AM Investment S.C.A. SICAV \u2013 FIS \u2013 Compartiment R&amp;D, AM Investment S.C.A. SICAV \u2013 FIS \u2013 Compartiment Liquid Assets, AM Investment S.C.A. SICAV \u2013 FIS \u2013 Compartiment Illiquid Assets, collectivement et globalement l\u2019actionnaire principal de LECLANCHE SA, ci-apr\u00e8s d\u00e9nomm\u00e9e \u00a0\u00bb SEF-Lux \u00ab\u00a0. Pure Capital S.A. \u00e9tant l\u2019ayant droit \u00e9conomique selon la plateforme de reporting de l\u2019Instance pour la publicit\u00e9 des participations de SIX Exchange Regulation AG \u2013 Date de publication de la notification la plus r\u00e9cente : 10 janvier 2023.<\/p>\n","protected":false},"excerpt":{"rendered":"<p>Annonce \u00e9v\u00e9nementielle au sens de l\u2019art. 53\u00a0RC Les actionnaires ont approuv\u00e9 la conversion en actions de la Soci\u00e9t\u00e9 de CHF 66.7 millions de dettes dues \u00e0 ses principaux actionnaires et \u00e0 d&rsquo;autres partenaires d&rsquo;investissement afin de renforcer son bilan La modification des statuts a \u00e9t\u00e9 approuv\u00e9e pour renforcer les droits des actionnaires, moderniser la gouvernance [&hellip;]<\/p>\n","protected":false},"author":2,"featured_media":0,"comment_status":"open","ping_status":"open","sticky":false,"template":"","format":"standard","meta":{"footnotes":""},"categories":[105],"tags":[],"class_list":["post-12872","post","type-post","status-publish","format-standard","hentry","category-communiques-boursiers"],"yoast_head":"<!-- This site is optimized with the Yoast SEO plugin v26.4 - https:\/\/yoast.com\/wordpress\/plugins\/seo\/ -->\n<title>Leclanch\u00e9 conclut son assembl\u00e9e g\u00e9n\u00e9rale annuelle 2023 - Leclanch\u00e9<\/title>\n<meta name=\"description\" content=\"Annonce \u00e9v\u00e9nementielle au sens de l\u2019art. 53\u00a0RC Les actionnaires ont approuv\u00e9 la conversion en actions de la Soci\u00e9t\u00e9 de CHF 66.7 millions de dettes dues \u00e0\" \/>\n<meta name=\"robots\" content=\"index, follow, max-snippet:-1, max-image-preview:large, max-video-preview:-1\" \/>\n<link rel=\"canonical\" href=\"https:\/\/www.leclanche.com\/fr\/leclanche-conclut-son-assemblee-generale-annuelle-2023\/\" \/>\n<meta property=\"og:locale\" content=\"fr_FR\" \/>\n<meta property=\"og:type\" content=\"article\" \/>\n<meta property=\"og:title\" content=\"Leclanch\u00e9 conclut son assembl\u00e9e g\u00e9n\u00e9rale annuelle 2023 - Leclanch\u00e9\" \/>\n<meta property=\"og:description\" content=\"Annonce \u00e9v\u00e9nementielle au sens de l\u2019art. 53\u00a0RC Les actionnaires ont approuv\u00e9 la conversion en actions de la Soci\u00e9t\u00e9 de CHF 66.7 millions de dettes dues \u00e0\" \/>\n<meta property=\"og:url\" content=\"https:\/\/www.leclanche.com\/fr\/leclanche-conclut-son-assemblee-generale-annuelle-2023\/\" \/>\n<meta property=\"og:site_name\" content=\"Leclanch\u00e9\" \/>\n<meta property=\"article:published_time\" content=\"2023-06-26T18:00:20+00:00\" \/>\n<meta property=\"article:modified_time\" content=\"2023-06-26T18:01:27+00:00\" \/>\n<meta name=\"author\" content=\"Annick.Bid\" \/>\n<meta name=\"twitter:card\" content=\"summary_large_image\" \/>\n<meta name=\"twitter:label1\" content=\"\u00c9crit par\" \/>\n\t<meta name=\"twitter:data1\" content=\"Annick.Bid\" \/>\n\t<meta name=\"twitter:label2\" content=\"Dur\u00e9e de lecture estim\u00e9e\" \/>\n\t<meta name=\"twitter:data2\" content=\"8 minutes\" \/>\n<script type=\"application\/ld+json\" class=\"yoast-schema-graph\">{\"@context\":\"https:\/\/schema.org\",\"@graph\":[{\"@type\":\"WebPage\",\"@id\":\"https:\/\/www.leclanche.com\/fr\/leclanche-conclut-son-assemblee-generale-annuelle-2023\/\",\"url\":\"https:\/\/www.leclanche.com\/fr\/leclanche-conclut-son-assemblee-generale-annuelle-2023\/\",\"name\":\"Leclanch\u00e9 conclut son assembl\u00e9e g\u00e9n\u00e9rale annuelle 2023 - Leclanch\u00e9\",\"isPartOf\":{\"@id\":\"https:\/\/www.leclanche.com\/fr\/#website\"},\"datePublished\":\"2023-06-26T18:00:20+00:00\",\"dateModified\":\"2023-06-26T18:01:27+00:00\",\"author\":{\"@id\":\"https:\/\/www.leclanche.com\/fr\/#\/schema\/person\/7ef725388a3f2b409a32cfa92059aa64\"},\"description\":\"Annonce \u00e9v\u00e9nementielle au sens de l\u2019art. 53\u00a0RC Les actionnaires ont approuv\u00e9 la conversion en actions de la Soci\u00e9t\u00e9 de CHF 66.7 millions de dettes dues \u00e0\",\"breadcrumb\":{\"@id\":\"https:\/\/www.leclanche.com\/fr\/leclanche-conclut-son-assemblee-generale-annuelle-2023\/#breadcrumb\"},\"inLanguage\":\"fr-FR\",\"potentialAction\":[{\"@type\":\"ReadAction\",\"target\":[\"https:\/\/www.leclanche.com\/fr\/leclanche-conclut-son-assemblee-generale-annuelle-2023\/\"]}]},{\"@type\":\"BreadcrumbList\",\"@id\":\"https:\/\/www.leclanche.com\/fr\/leclanche-conclut-son-assemblee-generale-annuelle-2023\/#breadcrumb\",\"itemListElement\":[{\"@type\":\"ListItem\",\"position\":1,\"name\":\"Accueil\",\"item\":\"https:\/\/www.leclanche.com\/fr\/\"},{\"@type\":\"ListItem\",\"position\":2,\"name\":\"Leclanch\u00e9 conclut son assembl\u00e9e g\u00e9n\u00e9rale annuelle 2023\"}]},{\"@type\":\"WebSite\",\"@id\":\"https:\/\/www.leclanche.com\/fr\/#website\",\"url\":\"https:\/\/www.leclanche.com\/fr\/\",\"name\":\"Leclanch\u00e9\",\"description\":\"Energy Storage Solutions\",\"potentialAction\":[{\"@type\":\"SearchAction\",\"target\":{\"@type\":\"EntryPoint\",\"urlTemplate\":\"https:\/\/www.leclanche.com\/fr\/?s={search_term_string}\"},\"query-input\":{\"@type\":\"PropertyValueSpecification\",\"valueRequired\":true,\"valueName\":\"search_term_string\"}}],\"inLanguage\":\"fr-FR\"},{\"@type\":\"Person\",\"@id\":\"https:\/\/www.leclanche.com\/fr\/#\/schema\/person\/7ef725388a3f2b409a32cfa92059aa64\",\"name\":\"Annick.Bid\",\"image\":{\"@type\":\"ImageObject\",\"inLanguage\":\"fr-FR\",\"@id\":\"https:\/\/www.leclanche.com\/fr\/#\/schema\/person\/image\/\",\"url\":\"https:\/\/secure.gravatar.com\/avatar\/0fe6baaabc318280db3d0e10c43b8017aa89b961c16e819765bd4fb65396af34?s=96&d=mm&r=g\",\"contentUrl\":\"https:\/\/secure.gravatar.com\/avatar\/0fe6baaabc318280db3d0e10c43b8017aa89b961c16e819765bd4fb65396af34?s=96&d=mm&r=g\",\"caption\":\"Annick.Bid\"},\"url\":\"https:\/\/www.leclanche.com\/fr\/author\/annick-bid\/\"}]}<\/script>\n<!-- \/ Yoast SEO plugin. -->","yoast_head_json":{"title":"Leclanch\u00e9 conclut son assembl\u00e9e g\u00e9n\u00e9rale annuelle 2023 - Leclanch\u00e9","description":"Annonce \u00e9v\u00e9nementielle au sens de l\u2019art. 53\u00a0RC Les actionnaires ont approuv\u00e9 la conversion en actions de la Soci\u00e9t\u00e9 de CHF 66.7 millions de dettes dues \u00e0","robots":{"index":"index","follow":"follow","max-snippet":"max-snippet:-1","max-image-preview":"max-image-preview:large","max-video-preview":"max-video-preview:-1"},"canonical":"https:\/\/www.leclanche.com\/fr\/leclanche-conclut-son-assemblee-generale-annuelle-2023\/","og_locale":"fr_FR","og_type":"article","og_title":"Leclanch\u00e9 conclut son assembl\u00e9e g\u00e9n\u00e9rale annuelle 2023 - Leclanch\u00e9","og_description":"Annonce \u00e9v\u00e9nementielle au sens de l\u2019art. 53\u00a0RC Les actionnaires ont approuv\u00e9 la conversion en actions de la Soci\u00e9t\u00e9 de CHF 66.7 millions de dettes dues \u00e0","og_url":"https:\/\/www.leclanche.com\/fr\/leclanche-conclut-son-assemblee-generale-annuelle-2023\/","og_site_name":"Leclanch\u00e9","article_published_time":"2023-06-26T18:00:20+00:00","article_modified_time":"2023-06-26T18:01:27+00:00","author":"Annick.Bid","twitter_card":"summary_large_image","twitter_misc":{"\u00c9crit par":"Annick.Bid","Dur\u00e9e de lecture estim\u00e9e":"8 minutes"},"schema":{"@context":"https:\/\/schema.org","@graph":[{"@type":"WebPage","@id":"https:\/\/www.leclanche.com\/fr\/leclanche-conclut-son-assemblee-generale-annuelle-2023\/","url":"https:\/\/www.leclanche.com\/fr\/leclanche-conclut-son-assemblee-generale-annuelle-2023\/","name":"Leclanch\u00e9 conclut son assembl\u00e9e g\u00e9n\u00e9rale annuelle 2023 - Leclanch\u00e9","isPartOf":{"@id":"https:\/\/www.leclanche.com\/fr\/#website"},"datePublished":"2023-06-26T18:00:20+00:00","dateModified":"2023-06-26T18:01:27+00:00","author":{"@id":"https:\/\/www.leclanche.com\/fr\/#\/schema\/person\/7ef725388a3f2b409a32cfa92059aa64"},"description":"Annonce \u00e9v\u00e9nementielle au sens de l\u2019art. 53\u00a0RC Les actionnaires ont approuv\u00e9 la conversion en actions de la Soci\u00e9t\u00e9 de CHF 66.7 millions de dettes dues \u00e0","breadcrumb":{"@id":"https:\/\/www.leclanche.com\/fr\/leclanche-conclut-son-assemblee-generale-annuelle-2023\/#breadcrumb"},"inLanguage":"fr-FR","potentialAction":[{"@type":"ReadAction","target":["https:\/\/www.leclanche.com\/fr\/leclanche-conclut-son-assemblee-generale-annuelle-2023\/"]}]},{"@type":"BreadcrumbList","@id":"https:\/\/www.leclanche.com\/fr\/leclanche-conclut-son-assemblee-generale-annuelle-2023\/#breadcrumb","itemListElement":[{"@type":"ListItem","position":1,"name":"Accueil","item":"https:\/\/www.leclanche.com\/fr\/"},{"@type":"ListItem","position":2,"name":"Leclanch\u00e9 conclut son assembl\u00e9e g\u00e9n\u00e9rale annuelle 2023"}]},{"@type":"WebSite","@id":"https:\/\/www.leclanche.com\/fr\/#website","url":"https:\/\/www.leclanche.com\/fr\/","name":"Leclanch\u00e9","description":"Energy Storage Solutions","potentialAction":[{"@type":"SearchAction","target":{"@type":"EntryPoint","urlTemplate":"https:\/\/www.leclanche.com\/fr\/?s={search_term_string}"},"query-input":{"@type":"PropertyValueSpecification","valueRequired":true,"valueName":"search_term_string"}}],"inLanguage":"fr-FR"},{"@type":"Person","@id":"https:\/\/www.leclanche.com\/fr\/#\/schema\/person\/7ef725388a3f2b409a32cfa92059aa64","name":"Annick.Bid","image":{"@type":"ImageObject","inLanguage":"fr-FR","@id":"https:\/\/www.leclanche.com\/fr\/#\/schema\/person\/image\/","url":"https:\/\/secure.gravatar.com\/avatar\/0fe6baaabc318280db3d0e10c43b8017aa89b961c16e819765bd4fb65396af34?s=96&d=mm&r=g","contentUrl":"https:\/\/secure.gravatar.com\/avatar\/0fe6baaabc318280db3d0e10c43b8017aa89b961c16e819765bd4fb65396af34?s=96&d=mm&r=g","caption":"Annick.Bid"},"url":"https:\/\/www.leclanche.com\/fr\/author\/annick-bid\/"}]}},"_links":{"self":[{"href":"https:\/\/www.leclanche.com\/fr\/wp-json\/wp\/v2\/posts\/12872","targetHints":{"allow":["GET"]}}],"collection":[{"href":"https:\/\/www.leclanche.com\/fr\/wp-json\/wp\/v2\/posts"}],"about":[{"href":"https:\/\/www.leclanche.com\/fr\/wp-json\/wp\/v2\/types\/post"}],"author":[{"embeddable":true,"href":"https:\/\/www.leclanche.com\/fr\/wp-json\/wp\/v2\/users\/2"}],"replies":[{"embeddable":true,"href":"https:\/\/www.leclanche.com\/fr\/wp-json\/wp\/v2\/comments?post=12872"}],"version-history":[{"count":2,"href":"https:\/\/www.leclanche.com\/fr\/wp-json\/wp\/v2\/posts\/12872\/revisions"}],"predecessor-version":[{"id":12882,"href":"https:\/\/www.leclanche.com\/fr\/wp-json\/wp\/v2\/posts\/12872\/revisions\/12882"}],"wp:attachment":[{"href":"https:\/\/www.leclanche.com\/fr\/wp-json\/wp\/v2\/media?parent=12872"}],"wp:term":[{"taxonomy":"category","embeddable":true,"href":"https:\/\/www.leclanche.com\/fr\/wp-json\/wp\/v2\/categories?post=12872"},{"taxonomy":"post_tag","embeddable":true,"href":"https:\/\/www.leclanche.com\/fr\/wp-json\/wp\/v2\/tags?post=12872"}],"curies":[{"name":"wp","href":"https:\/\/api.w.org\/{rel}","templated":true}]}}