{"id":13202,"date":"2023-10-31T06:55:22","date_gmt":"2023-10-31T05:55:22","guid":{"rendered":"https:\/\/www.leclanche.com\/?p=13202"},"modified":"2023-10-30T18:58:36","modified_gmt":"2023-10-30T17:58:36","slug":"leclanche-annonce-ses-resultats-semestriels-pour-2023-et-fait-le-point-sur-ses-initiatives-strategiques","status":"publish","type":"post","link":"https:\/\/www.leclanche.com\/fr\/leclanche-annonce-ses-resultats-semestriels-pour-2023-et-fait-le-point-sur-ses-initiatives-strategiques\/","title":{"rendered":"Leclanch\u00e9 annonce ses r\u00e9sultats semestriels pour 2023 et fait le point sur ses initiatives strat\u00e9giques"},"content":{"rendered":"<p><em>Annonce \u00e9v\u00e9nementielle au sens de l\u2019art. 53 RC<\/em><\/p>\n<p><strong>\u00a0<\/strong><\/p>\n<p><strong>YVERDON-LES-BAINS, Suisse, le 31 octobre, 2023 <\/strong>&#8211; <a href=\"https:\/\/www.leclanche.com\/fr\/\">Leclanch\u00e9 SA<\/a> (SIX : LECN), l&rsquo;une des principales soci\u00e9t\u00e9s de stockage d&rsquo;\u00e9nergie au monde, a annonc\u00e9 aujourd&rsquo;hui ses r\u00e9sultats semestriels pour les six mois se terminant le 30 juin 2023 (la p\u00e9riode). Ceux-ci refl\u00e8tent l&rsquo;orientation strat\u00e9gique de la nouvelle direction visant \u00e0 se positionner en vue d&rsquo;une croissance future. Au cours de la p\u00e9riode consid\u00e9r\u00e9e, la soci\u00e9t\u00e9 a continu\u00e9 \u00e0 r\u00e9aliser des investissements importants dans sa capacit\u00e9 de production et \u00e0 engager des d\u00e9penses de recherche et d\u00e9veloppement, tout en d\u00e9veloppant son carnet de commandes. Les pertes d&rsquo;exploitation r\u00e9currentes refl\u00e8tent cet effort continu.<\/p>\n<p>&nbsp;<\/p>\n<table width=\"585\">\n<tbody>\n<tr>\n<td width=\"312\"><em>(en millions de CHF)<\/em><\/td>\n<td width=\"119\"><strong>H1 2023<\/strong><\/td>\n<td width=\"108\"><strong>H1 2022<\/strong><\/td>\n<td width=\"46\"><\/td>\n<\/tr>\n<tr>\n<td width=\"312\">Revenu<\/td>\n<td width=\"119\">8,9<\/td>\n<td width=\"108\">7,6<\/td>\n<td width=\"46\"><\/td>\n<\/tr>\n<tr>\n<td width=\"312\">Perte d&rsquo;EBITDA<\/td>\n<td width=\"119\">-27,0<\/td>\n<td width=\"108\">-34,1<\/td>\n<td width=\"46\"><\/td>\n<\/tr>\n<tr>\n<td width=\"312\">Perte nette pour la p\u00e9riode<\/td>\n<td width=\"119\">-37,3<\/td>\n<td width=\"108\">-46,8<\/td>\n<td width=\"46\"><\/td>\n<\/tr>\n<\/tbody>\n<\/table>\n<p><strong>\u00a0<\/strong><\/p>\n<p>Au premier semestre 2023, Leclanch\u00e9 a enregistr\u00e9 un revenu consolid\u00e9 de CHF 8,9 millions, marquant une augmentation significative d&rsquo;environ 17% par rapport \u00e0 CHF 7,6 millions au cours de la m\u00eame p\u00e9riode en 2022. Cette croissance est attribu\u00e9e \u00e0 l&rsquo;ex\u00e9cution r\u00e9ussie des commandes des clients et au d\u00e9veloppement dans le domaine strat\u00e9gique de la marine, du rail et des camions sp\u00e9cialis\u00e9s. Un revenu diff\u00e9r\u00e9 net suppl\u00e9mentaire de CHF 5,0 millions met en \u00e9vidence les montants factur\u00e9s qui n&rsquo;ont pas encore \u00e9t\u00e9 reconnus selon les normes IFRS. La perte EBITDA pour le premier semestre 2023 s&rsquo;\u00e9lev\u00e9 \u00e0 CHF (27,0) millions, ce qui repr\u00e9sente une am\u00e9lioration par rapport aux CHF (34,1) millions de l&rsquo;ann\u00e9e pr\u00e9c\u00e9dente, les pertes d&rsquo;exploitation refl\u00e9tant les d\u00e9penses d&rsquo;investissement r\u00e9currentes.<\/p>\n<p>Malgr\u00e9 une perte nette de CHF (37,3) millions au premier semestre 2023, Leclanch\u00e9 maintient une position financi\u00e8re stable, avec un bilan totalisant CHF 105,5 millions au 30 juin 2023, contre CHF 90,8 millions au 31 d\u00e9cembre 2022. Ceci refl\u00e8te un mouvement strat\u00e9gique visant \u00e0 convertir CHF 66,7 millions de dettes en capitaux propres par le biais d&rsquo;une augmentation de capital le 26 juin 2023. Cette initiative a permis d&rsquo;att\u00e9nuer la situation de fonds propres n\u00e9gatifs de CHF (51.0) millions au 30 juin 2022, avec la subordination de CHF 22.1 millions de dettes et d&rsquo;int\u00e9r\u00eats fournis par les principaux actionnaires de Leclanch\u00e9, renfor\u00e7ant ainsi la stabilit\u00e9 financi\u00e8re de la soci\u00e9t\u00e9.<\/p>\n<p><strong>Pierre Blanc, CEO de Leclanch\u00e9 SA, a d\u00e9clar\u00e9 : <\/strong><em>\u00ab\u00a0Nos r\u00e9sultats semestriels t\u00e9moignent d&rsquo;une augmentation positive des revenus gr\u00e2ce \u00e0 notre carnet de commandes croissant et \u00e0 notre solide offre de produits. C&rsquo;est \u00e9galement le r\u00e9sultat de notre concentration sur une approche \u00e0 valeur ajout\u00e9e dans les secteurs maritime, ferroviaire et des camions sp\u00e9cialis\u00e9s, ainsi que de notre engagement continu \u00e0 r\u00e9pondre \u00e0 la demande des clients dans cette partie du march\u00e9. Notre structure organisationnelle r\u00e9cemment rationalis\u00e9e nous place en bonne position et nous permet de naviguer efficacement dans la dynamique du march\u00e9 et de rechercher des opportunit\u00e9s de croissance\u00a0\u00bb.<\/em><\/p>\n<p>Conform\u00e9ment \u00e0 l&rsquo;orientation strat\u00e9gique annonc\u00e9e en 2022 par la nouvelle \u00e9quipe de direction, Leclanch\u00e9 a continu\u00e9, au premier semestre 2023, \u00e0 affiner son approche. L&rsquo;entreprise se concentre sur les march\u00e9s cibles o\u00f9 elle apporte des avantages technologiques, de performance et de co\u00fbt total de possession (TCO) aux clients finaux, et o\u00f9, par cons\u00e9quent, elle a la plus forte valeur ajout\u00e9e actuelle pour ses clients. Elle y parvient gr\u00e2ce \u00e0 sa capacit\u00e9 \u00e0 contr\u00f4ler l&rsquo;ensemble de la cha\u00eene de valeur, depuis le d\u00e9veloppement et la fabrication des produits jusqu&rsquo;\u00e0 la satisfaction des exigences sp\u00e9cifiques du march\u00e9 en mati\u00e8re de performance.<\/p>\n<p>Leclanch\u00e9 s&rsquo;engage \u00e0 fournir des produits qui ont un impact environnemental positif, que ce soit par la r\u00e9duction de l&#8217;empreinte carbone, l&rsquo;\u00e9limination des produits chimiques nocifs ou la durabilit\u00e9 de l&rsquo;\u00e9nergie utilis\u00e9 pour la production. Leclanch\u00e9 vise continuellement \u00e0 \u00eatre et \u00e0 rester un leader dans la fabrication de batteries durables.<\/p>\n<p>Ceci, combin\u00e9 au recentrage strat\u00e9gique de la soci\u00e9t\u00e9 sous sa nouvelle direction, a permis une r\u00e9duction de 20 % de la perte nette et une augmentation de 21 % des revenus et de l&rsquo;EBITDA par rapport \u00e0 la m\u00eame p\u00e9riode de l&rsquo;ann\u00e9e pr\u00e9c\u00e9dente.<\/p>\n<p>Au premier semestre 2023, le segment E-Mobilit\u00e9 de Leclanch\u00e9 a conclu d&rsquo;importants partenariats pour des ferries \u00e9lectriques et hybrides, contribuant \u00e0 la croissance globale du chiffre d&rsquo;affaires. Il a continu\u00e9 \u00e0 enregistrer des prises de commandes robustes. En outre, dans le secteur du transport terrestre, des acteurs cl\u00e9s tels qu&rsquo;Alstom Rail et Canadian Pacific Kansas City ont pass\u00e9 d&rsquo;importantes commandes r\u00e9p\u00e9t\u00e9es. De plus, le march\u00e9 a bien accueilli notre LeBlock<sup> TM<\/sup> de l&rsquo;activit\u00e9 Stationnaire, obtenant deux projets multi-MWh, renfor\u00e7ant ainsi nos revenus et notre reconnaissance sur le march\u00e9.<\/p>\n<p>L&rsquo;unit\u00e9 d&rsquo;affaires Batteries Sp\u00e9cialis\u00e9es a connu une augmentation de la demande du march\u00e9, se pr\u00e9parant strat\u00e9giquement \u00e0 une scission \u00e0 l&rsquo;automne. Les opportunit\u00e9s dans les secteurs m\u00e9dicaux et de la d\u00e9fense, combin\u00e9es \u00e0 la consolidation \u00e0 venir au nouveau si\u00e8ge d&rsquo;Yverdon-les-Bains d\u00e9but 2024, positionnent l&rsquo;unit\u00e9 de Batteries Sp\u00e9cialis\u00e9es pour une croissance strat\u00e9gique. Ceci refl\u00e8te l&rsquo;engagement de Leclanch\u00e9 en faveur de l&rsquo;efficacit\u00e9 op\u00e9rationnelle et de la croissance \u00e0 long terme.<\/p>\n<p>Au premier semestre 2023, Leclanch\u00e9 a rationalis\u00e9 ses op\u00e9rations en lan\u00e7ant son syst\u00e8me de racks marins de nouvelle g\u00e9n\u00e9ration (MRS-3<sup>TM<\/sup>) et en s&rsquo;associant avec Cummins Inc. dans des projets maritimes et ferroviaires. Les initiatives en cours, y compris la certification ISO 21434 et la d\u00e9localisation de l&rsquo;assemblage des packs en Allemagne, devraient am\u00e9liorer l&rsquo;efficacit\u00e9 et la durabilit\u00e9, renfor\u00e7ant la position de Leclanch\u00e9 pour une croissance continue et l&rsquo;excellence op\u00e9rationnelle.<\/p>\n<p>Malgr\u00e9 un r\u00e9cent flux de tr\u00e9sorerie n\u00e9gatif d\u00fb \u00e0 des investissements strat\u00e9giques continus dans la production et au d\u00e9veloppement du march\u00e9, Leclanch\u00e9 reste engag\u00e9 dans l&rsquo;optimisation de la tr\u00e9sorerie et du fonds de roulement. Les initiatives, y compris l&rsquo;am\u00e9lioration des conditions de paiement des clients et l&rsquo;optimisation des co\u00fbts, s&rsquo;alignent sur l&rsquo;augmentation substantielle du carnet de commandes et la validation du march\u00e9. Ceci souligne le succ\u00e8s des produits de Leclanch\u00e9 et son d\u00e9vouement \u00e0 la stabilit\u00e9 financi\u00e8re \u00e0 long terme. Anticipant des flux de tr\u00e9sorerie n\u00e9gatifs continus en raison de la mise en \u0153uvre du plan d&rsquo;affaires, la soci\u00e9t\u00e9 cherche \u00e0 diversifier ses sources de financement structur\u00e9es afin d&rsquo;atteindre un flux de tr\u00e9sorerie positif \u00e0 court terme. De plus, l&rsquo;actionnaire majoritaire a \u00e9galement exprim\u00e9 son intention de maintenir le statut du pr\u00eat convertible sans conversion imm\u00e9diate afin de sauvegarder les int\u00e9r\u00eats des actionnaires minoritaires.<\/p>\n<p>&nbsp;<\/p>\n<p><strong>Note post-p\u00e9riode :<\/strong><\/p>\n<p>Depuis le mois d&rsquo;octobre, Leclanch\u00e9 a pris des mesures pour se positionner en vue d&rsquo;une croissance future. La scission des activit\u00e9s sp\u00e9cialis\u00e9es de la soci\u00e9t\u00e9 en une entit\u00e9 autonome, Leclanch\u00e9 SBS SA (Specialty Battery Systems) &#8211; une filiale \u00e0 part enti\u00e8re de Leclanch\u00e9 SA &#8211; repr\u00e9sente un mouvement strat\u00e9gique. Celui-ci vise \u00e0 renforcer l&rsquo;ind\u00e9pendance et la flexibilit\u00e9 de l&rsquo;unit\u00e9 en mati\u00e8re de partenariats, de structure et d&rsquo;actionnariat, dans un contexte de d\u00e9fis sp\u00e9cifiques \u00e0 ce secteur. La s\u00e9paration permettra \u00e0 SBS de se concentrer sur les march\u00e9s cl\u00e9s, de poursuivre un plan de croissance et de progresser sur la voie de l&rsquo;atteinte du seuil de rentabilit\u00e9.<\/p>\n<p>La structure actuelle de l&rsquo;entreprise au 3 octobre 2023 est la suivante :<\/p>\n<ul>\n<li>Leclanch\u00e9 SA : L&rsquo;entit\u00e9 du groupe incorporant l&rsquo;unit\u00e9 d&rsquo;affaires Stationnaire.<\/li>\n<li>Leclanch\u00e9 E-Mobilit\u00e9 SA : une filiale \u00e0 part enti\u00e8re de Leclanch\u00e9 SA, d\u00e9veloppe, fabrique et soutient des solutions de stockage pour les applications de mobilit\u00e9 lourde.<\/li>\n<li>Leclanch\u00e9 SBS SA : une entit\u00e9 nouvellement form\u00e9e, filiale \u00e0 part enti\u00e8re de Leclanch\u00e9 SA, qui se concentre sur les secteurs de la m\u00e9decine et de la d\u00e9fense.<\/li>\n<\/ul>\n<p>Les donn\u00e9es financi\u00e8res compl\u00e8tes peuvent \u00eatre consult\u00e9es sur le site \u00a0<a href=\"https:\/\/www.leclanche.com\/financial-reports\/\">www.leclanche.com\/financial-reports\/<\/a> (rapport interm\u00e9diaire).<\/p>\n<p>&nbsp;<\/p>\n<p>###<\/p>\n<p><em>\u00a0<\/em><\/p>\n<p><strong>\u00c0 propos de Leclanch\u00e9<\/strong><\/p>\n<p>Leclanch\u00e9 est un fournisseur mondial de premier plan de solutions de stockage d\u2019\u00e9nergie \u00e0 faible empreinte carbone bas\u00e9es sur la technologie des cellules lithium-ion. L\u2019entreprise a \u00e9t\u00e9 fond\u00e9e en 1909 \u00e0 Yverdon-les-Bains, en Suisse. Son histoire et son patrimoine sont ancr\u00e9s dans l\u2019innovation dans le domaine des batteries et du stockage d\u2019\u00e9nergie. La culture suisse de l\u2019entreprise, empreinte de pr\u00e9cision et de qualit\u00e9, ainsi que ses installations de production en Allemagne, font de Leclanch\u00e9 le partenaire de choix pour les entreprises qui recherchent le meilleur en mati\u00e8re de performances de batteries et qui cr\u00e9ent des changements positifs dans la mani\u00e8re dont l\u2019\u00e9nergie est produite, distribu\u00e9e et consomm\u00e9e dans le monde. Leclanch\u00e9 est organis\u00e9 en trois unit\u00e9s commerciales\u202f: solutions de stockage d\u2019\u00e9nergie, solutions d\u2019e-Mobilit\u00e9 et syst\u00e8mes de batteries sp\u00e9cialis\u00e9es. L\u2019entreprise emploie actuellement plus de 350 personnes et poss\u00e8de des bureaux dans huit pays. Leclanch\u00e9 est cot\u00e9 \u00e0 la Bourse suisse (SIX\u202f: LECN).<\/p>\n<p>&nbsp;<\/p>\n<p><strong>Clause de non-responsabilit\u00e9\u00a0<\/strong><\/p>\n<p>Le pr\u00e9sent communiqu\u00e9 de presse contient certaines d\u00e9clarations prospectives relatives aux activit\u00e9s de Leclanch\u00e9, qui peuvent \u00eatre identifi\u00e9es par des termes tels que \u00ab\u202fstrat\u00e9gique\u202f\u00bb, \u00ab\u202fpropose\u202f\u00bb, \u00ab\u202fintroduire\u202f\u00bb, \u00ab\u202fsera\u202f\u00bb, \u00ab\u202fplanifi\u00e9\u202f\u00bb, \u00ab\u202fpr\u00e9vu\u202f\u00bb, \u00ab\u202fattendu\u202f\u00bb, \u00ab\u202fengagement\u202f\u00bb, \u00ab\u202fattend\u202f\u00bb, \u00ab\u202fpr\u00e9voit\u202f\u00bb, \u00ab\u202f\u00e9tabli\u202f\u00bb, \u00ab\u202fpr\u00e9pare\u202f\u00bb, \u00ab\u202fplans\u202f\u00bb, \u00ab\u202festimations\u202f\u00bb, \u00ab\u202fobjectifs\u202f\u00bb, \u00ab\u202fserait\u202f\u00bb, \u00ab\u202fpotentiel\u202f\u00bb, \u00ab\u202fattente\u202f\u00bb, \u00ab\u202festimation\u202f\u00bb, \u00ab\u202fproposition\u202f\u00bb ou expressions similaires, ou par des discussions explicites ou implicites concernant la mont\u00e9e en puissance de la capacit\u00e9 de production de Leclanch\u00e9, les applications potentielles des produits existants, ou les revenus futurs potentiels de ces produits, ou les ventes ou b\u00e9n\u00e9fices futurs potentiels de Leclanch\u00e9 ou d\u2019une de ses unit\u00e9s commerciales. Vous ne devez pas vous fier ind\u00fbment \u00e0 ces d\u00e9clarations. Ces \u00e9nonc\u00e9s prospectifs refl\u00e8tent les opinions actuelles de Leclanch\u00e9 \u00e0 l\u2019\u00e9gard d\u2019\u00e9v\u00e9nements futurs et comportent des risques connus et inconnus, des incertitudes et d\u2019autres facteurs qui pourraient faire en sorte que les r\u00e9sultats r\u00e9els diff\u00e8rent sensiblement des r\u00e9sultats, performances ou r\u00e9alisations futurs exprim\u00e9s ou sous-entendus dans ces \u00e9nonc\u00e9s. Il n\u2019y a aucune garantie que les produits de Leclanch\u00e9 atteindront des niveaux de revenus particuliers. Rien ne garantit non plus que Leclanch\u00e9, ou l&rsquo;une quelconque de ses unit\u00e9s d&rsquo;affaires, obtiendra des r\u00e9sultats financiers particuliers.<\/p>\n<p>&nbsp;<\/p>\n<p><strong>\u00a0<\/strong><\/p>\n<p><strong>Contacts<\/strong><\/p>\n<p><strong>Contacts m\u00e9dias\u00a0:<\/strong><\/p>\n<p>&nbsp;<\/p>\n<p><strong><em>Suisse \/ Europe\u00a0: <\/em><\/strong><\/p>\n<p>Thierry Meyer<\/p>\n<p>T\u00a0: +41 (0) 79\u00a0785 35 81<\/p>\n<p>E-mail\u00a0: <a href=\"mailto:tme@dynamicsgoup.ch\">tme@dynamicsgroup.ch<\/a><\/p>\n<p>&nbsp;<\/p>\n<p><strong><em>Allemagne\u00a0:<\/em><\/strong><\/p>\n<p>Christoph Miller<\/p>\n<p>T\u00a0: +49 (0) 711 947 670<\/p>\n<p>E-mail\u00a0: <a href=\"mailto:leclanche@sympra.de\">leclanche@sympra.de<\/a><\/p>\n<p>&nbsp;<\/p>\n<p><strong>Contact investisseurs\u00a0:<\/strong><\/p>\n<p>Pasquale Foglia \/ Pierre Blanc<\/p>\n<p>T\u00a0: +41 (0) 24 424 65 00<\/p>\n<p>E-mail\u00a0: <a href=\"mailto:invest.leclanche@leclanche.com\">invest.leclanche@leclanche.com<\/a><\/p>\n<p>&nbsp;<\/p>\n<p>&nbsp;<\/p>\n","protected":false},"excerpt":{"rendered":"<p>Annonce \u00e9v\u00e9nementielle au sens de l\u2019art. 53 RC \u00a0 YVERDON-LES-BAINS, Suisse, le 31 octobre, 2023 &#8211; Leclanch\u00e9 SA (SIX : LECN), l&rsquo;une des principales soci\u00e9t\u00e9s de stockage d&rsquo;\u00e9nergie au monde, a annonc\u00e9 aujourd&rsquo;hui ses r\u00e9sultats semestriels pour les six mois se terminant le 30 juin 2023 (la p\u00e9riode). Ceux-ci refl\u00e8tent l&rsquo;orientation strat\u00e9gique de la nouvelle [&hellip;]<\/p>\n","protected":false},"author":2,"featured_media":0,"comment_status":"open","ping_status":"open","sticky":false,"template":"","format":"standard","meta":{"footnotes":""},"categories":[105],"tags":[],"class_list":["post-13202","post","type-post","status-publish","format-standard","hentry","category-communiques-boursiers"],"yoast_head":"<!-- This site is optimized with the Yoast SEO plugin v26.4 - https:\/\/yoast.com\/wordpress\/plugins\/seo\/ -->\n<title>Leclanch\u00e9 annonce ses r\u00e9sultats semestriels pour 2023 et fait le point sur ses initiatives strat\u00e9giques - Leclanch\u00e9<\/title>\n<meta name=\"description\" content=\"Annonce \u00e9v\u00e9nementielle au sens de l\u2019art. 53 RC \u00a0 YVERDON-LES-BAINS, Suisse, le 31 octobre, 2023 - Leclanch\u00e9 SA (SIX : LECN), l&#039;une des principales\" \/>\n<meta name=\"robots\" content=\"index, follow, max-snippet:-1, max-image-preview:large, max-video-preview:-1\" \/>\n<link rel=\"canonical\" href=\"https:\/\/www.leclanche.com\/fr\/leclanche-annonce-ses-resultats-semestriels-pour-2023-et-fait-le-point-sur-ses-initiatives-strategiques\/\" \/>\n<meta property=\"og:locale\" content=\"fr_FR\" \/>\n<meta property=\"og:type\" content=\"article\" \/>\n<meta property=\"og:title\" content=\"Leclanch\u00e9 annonce ses r\u00e9sultats semestriels pour 2023 et fait le point sur ses initiatives strat\u00e9giques - Leclanch\u00e9\" \/>\n<meta property=\"og:description\" content=\"Annonce \u00e9v\u00e9nementielle au sens de l\u2019art. 53 RC \u00a0 YVERDON-LES-BAINS, Suisse, le 31 octobre, 2023 - Leclanch\u00e9 SA (SIX : LECN), l&#039;une des principales\" \/>\n<meta property=\"og:url\" content=\"https:\/\/www.leclanche.com\/fr\/leclanche-annonce-ses-resultats-semestriels-pour-2023-et-fait-le-point-sur-ses-initiatives-strategiques\/\" \/>\n<meta property=\"og:site_name\" content=\"Leclanch\u00e9\" \/>\n<meta property=\"article:published_time\" content=\"2023-10-31T05:55:22+00:00\" \/>\n<meta name=\"author\" content=\"Annick.Bid\" \/>\n<meta name=\"twitter:card\" content=\"summary_large_image\" \/>\n<meta name=\"twitter:label1\" content=\"\u00c9crit par\" \/>\n\t<meta name=\"twitter:data1\" content=\"Annick.Bid\" \/>\n\t<meta name=\"twitter:label2\" content=\"Dur\u00e9e de lecture estim\u00e9e\" \/>\n\t<meta name=\"twitter:data2\" content=\"9 minutes\" \/>\n<script type=\"application\/ld+json\" class=\"yoast-schema-graph\">{\"@context\":\"https:\/\/schema.org\",\"@graph\":[{\"@type\":\"WebPage\",\"@id\":\"https:\/\/www.leclanche.com\/fr\/leclanche-annonce-ses-resultats-semestriels-pour-2023-et-fait-le-point-sur-ses-initiatives-strategiques\/\",\"url\":\"https:\/\/www.leclanche.com\/fr\/leclanche-annonce-ses-resultats-semestriels-pour-2023-et-fait-le-point-sur-ses-initiatives-strategiques\/\",\"name\":\"Leclanch\u00e9 annonce ses r\u00e9sultats semestriels pour 2023 et fait le point sur ses initiatives strat\u00e9giques - Leclanch\u00e9\",\"isPartOf\":{\"@id\":\"https:\/\/www.leclanche.com\/fr\/#website\"},\"datePublished\":\"2023-10-31T05:55:22+00:00\",\"author\":{\"@id\":\"https:\/\/www.leclanche.com\/fr\/#\/schema\/person\/7ef725388a3f2b409a32cfa92059aa64\"},\"description\":\"Annonce \u00e9v\u00e9nementielle au sens de l\u2019art. 53 RC \u00a0 YVERDON-LES-BAINS, Suisse, le 31 octobre, 2023 - Leclanch\u00e9 SA (SIX : LECN), l'une des principales\",\"breadcrumb\":{\"@id\":\"https:\/\/www.leclanche.com\/fr\/leclanche-annonce-ses-resultats-semestriels-pour-2023-et-fait-le-point-sur-ses-initiatives-strategiques\/#breadcrumb\"},\"inLanguage\":\"fr-FR\",\"potentialAction\":[{\"@type\":\"ReadAction\",\"target\":[\"https:\/\/www.leclanche.com\/fr\/leclanche-annonce-ses-resultats-semestriels-pour-2023-et-fait-le-point-sur-ses-initiatives-strategiques\/\"]}]},{\"@type\":\"BreadcrumbList\",\"@id\":\"https:\/\/www.leclanche.com\/fr\/leclanche-annonce-ses-resultats-semestriels-pour-2023-et-fait-le-point-sur-ses-initiatives-strategiques\/#breadcrumb\",\"itemListElement\":[{\"@type\":\"ListItem\",\"position\":1,\"name\":\"Accueil\",\"item\":\"https:\/\/www.leclanche.com\/fr\/\"},{\"@type\":\"ListItem\",\"position\":2,\"name\":\"Leclanch\u00e9 annonce ses r\u00e9sultats semestriels pour 2023 et fait le point sur ses initiatives strat\u00e9giques\"}]},{\"@type\":\"WebSite\",\"@id\":\"https:\/\/www.leclanche.com\/fr\/#website\",\"url\":\"https:\/\/www.leclanche.com\/fr\/\",\"name\":\"Leclanch\u00e9\",\"description\":\"Energy Storage Solutions\",\"potentialAction\":[{\"@type\":\"SearchAction\",\"target\":{\"@type\":\"EntryPoint\",\"urlTemplate\":\"https:\/\/www.leclanche.com\/fr\/?s={search_term_string}\"},\"query-input\":{\"@type\":\"PropertyValueSpecification\",\"valueRequired\":true,\"valueName\":\"search_term_string\"}}],\"inLanguage\":\"fr-FR\"},{\"@type\":\"Person\",\"@id\":\"https:\/\/www.leclanche.com\/fr\/#\/schema\/person\/7ef725388a3f2b409a32cfa92059aa64\",\"name\":\"Annick.Bid\",\"image\":{\"@type\":\"ImageObject\",\"inLanguage\":\"fr-FR\",\"@id\":\"https:\/\/www.leclanche.com\/fr\/#\/schema\/person\/image\/\",\"url\":\"https:\/\/secure.gravatar.com\/avatar\/0fe6baaabc318280db3d0e10c43b8017aa89b961c16e819765bd4fb65396af34?s=96&d=mm&r=g\",\"contentUrl\":\"https:\/\/secure.gravatar.com\/avatar\/0fe6baaabc318280db3d0e10c43b8017aa89b961c16e819765bd4fb65396af34?s=96&d=mm&r=g\",\"caption\":\"Annick.Bid\"},\"url\":\"https:\/\/www.leclanche.com\/fr\/author\/annick-bid\/\"}]}<\/script>\n<!-- \/ Yoast SEO plugin. -->","yoast_head_json":{"title":"Leclanch\u00e9 annonce ses r\u00e9sultats semestriels pour 2023 et fait le point sur ses initiatives strat\u00e9giques - Leclanch\u00e9","description":"Annonce \u00e9v\u00e9nementielle au sens de l\u2019art. 53 RC \u00a0 YVERDON-LES-BAINS, Suisse, le 31 octobre, 2023 - Leclanch\u00e9 SA (SIX : LECN), l'une des principales","robots":{"index":"index","follow":"follow","max-snippet":"max-snippet:-1","max-image-preview":"max-image-preview:large","max-video-preview":"max-video-preview:-1"},"canonical":"https:\/\/www.leclanche.com\/fr\/leclanche-annonce-ses-resultats-semestriels-pour-2023-et-fait-le-point-sur-ses-initiatives-strategiques\/","og_locale":"fr_FR","og_type":"article","og_title":"Leclanch\u00e9 annonce ses r\u00e9sultats semestriels pour 2023 et fait le point sur ses initiatives strat\u00e9giques - Leclanch\u00e9","og_description":"Annonce \u00e9v\u00e9nementielle au sens de l\u2019art. 53 RC \u00a0 YVERDON-LES-BAINS, Suisse, le 31 octobre, 2023 - Leclanch\u00e9 SA (SIX : LECN), l'une des principales","og_url":"https:\/\/www.leclanche.com\/fr\/leclanche-annonce-ses-resultats-semestriels-pour-2023-et-fait-le-point-sur-ses-initiatives-strategiques\/","og_site_name":"Leclanch\u00e9","article_published_time":"2023-10-31T05:55:22+00:00","author":"Annick.Bid","twitter_card":"summary_large_image","twitter_misc":{"\u00c9crit par":"Annick.Bid","Dur\u00e9e de lecture estim\u00e9e":"9 minutes"},"schema":{"@context":"https:\/\/schema.org","@graph":[{"@type":"WebPage","@id":"https:\/\/www.leclanche.com\/fr\/leclanche-annonce-ses-resultats-semestriels-pour-2023-et-fait-le-point-sur-ses-initiatives-strategiques\/","url":"https:\/\/www.leclanche.com\/fr\/leclanche-annonce-ses-resultats-semestriels-pour-2023-et-fait-le-point-sur-ses-initiatives-strategiques\/","name":"Leclanch\u00e9 annonce ses r\u00e9sultats semestriels pour 2023 et fait le point sur ses initiatives strat\u00e9giques - Leclanch\u00e9","isPartOf":{"@id":"https:\/\/www.leclanche.com\/fr\/#website"},"datePublished":"2023-10-31T05:55:22+00:00","author":{"@id":"https:\/\/www.leclanche.com\/fr\/#\/schema\/person\/7ef725388a3f2b409a32cfa92059aa64"},"description":"Annonce \u00e9v\u00e9nementielle au sens de l\u2019art. 53 RC \u00a0 YVERDON-LES-BAINS, Suisse, le 31 octobre, 2023 - Leclanch\u00e9 SA (SIX : LECN), l'une des principales","breadcrumb":{"@id":"https:\/\/www.leclanche.com\/fr\/leclanche-annonce-ses-resultats-semestriels-pour-2023-et-fait-le-point-sur-ses-initiatives-strategiques\/#breadcrumb"},"inLanguage":"fr-FR","potentialAction":[{"@type":"ReadAction","target":["https:\/\/www.leclanche.com\/fr\/leclanche-annonce-ses-resultats-semestriels-pour-2023-et-fait-le-point-sur-ses-initiatives-strategiques\/"]}]},{"@type":"BreadcrumbList","@id":"https:\/\/www.leclanche.com\/fr\/leclanche-annonce-ses-resultats-semestriels-pour-2023-et-fait-le-point-sur-ses-initiatives-strategiques\/#breadcrumb","itemListElement":[{"@type":"ListItem","position":1,"name":"Accueil","item":"https:\/\/www.leclanche.com\/fr\/"},{"@type":"ListItem","position":2,"name":"Leclanch\u00e9 annonce ses r\u00e9sultats semestriels pour 2023 et fait le point sur ses initiatives strat\u00e9giques"}]},{"@type":"WebSite","@id":"https:\/\/www.leclanche.com\/fr\/#website","url":"https:\/\/www.leclanche.com\/fr\/","name":"Leclanch\u00e9","description":"Energy Storage Solutions","potentialAction":[{"@type":"SearchAction","target":{"@type":"EntryPoint","urlTemplate":"https:\/\/www.leclanche.com\/fr\/?s={search_term_string}"},"query-input":{"@type":"PropertyValueSpecification","valueRequired":true,"valueName":"search_term_string"}}],"inLanguage":"fr-FR"},{"@type":"Person","@id":"https:\/\/www.leclanche.com\/fr\/#\/schema\/person\/7ef725388a3f2b409a32cfa92059aa64","name":"Annick.Bid","image":{"@type":"ImageObject","inLanguage":"fr-FR","@id":"https:\/\/www.leclanche.com\/fr\/#\/schema\/person\/image\/","url":"https:\/\/secure.gravatar.com\/avatar\/0fe6baaabc318280db3d0e10c43b8017aa89b961c16e819765bd4fb65396af34?s=96&d=mm&r=g","contentUrl":"https:\/\/secure.gravatar.com\/avatar\/0fe6baaabc318280db3d0e10c43b8017aa89b961c16e819765bd4fb65396af34?s=96&d=mm&r=g","caption":"Annick.Bid"},"url":"https:\/\/www.leclanche.com\/fr\/author\/annick-bid\/"}]}},"_links":{"self":[{"href":"https:\/\/www.leclanche.com\/fr\/wp-json\/wp\/v2\/posts\/13202","targetHints":{"allow":["GET"]}}],"collection":[{"href":"https:\/\/www.leclanche.com\/fr\/wp-json\/wp\/v2\/posts"}],"about":[{"href":"https:\/\/www.leclanche.com\/fr\/wp-json\/wp\/v2\/types\/post"}],"author":[{"embeddable":true,"href":"https:\/\/www.leclanche.com\/fr\/wp-json\/wp\/v2\/users\/2"}],"replies":[{"embeddable":true,"href":"https:\/\/www.leclanche.com\/fr\/wp-json\/wp\/v2\/comments?post=13202"}],"version-history":[{"count":2,"href":"https:\/\/www.leclanche.com\/fr\/wp-json\/wp\/v2\/posts\/13202\/revisions"}],"predecessor-version":[{"id":13205,"href":"https:\/\/www.leclanche.com\/fr\/wp-json\/wp\/v2\/posts\/13202\/revisions\/13205"}],"wp:attachment":[{"href":"https:\/\/www.leclanche.com\/fr\/wp-json\/wp\/v2\/media?parent=13202"}],"wp:term":[{"taxonomy":"category","embeddable":true,"href":"https:\/\/www.leclanche.com\/fr\/wp-json\/wp\/v2\/categories?post=13202"},{"taxonomy":"post_tag","embeddable":true,"href":"https:\/\/www.leclanche.com\/fr\/wp-json\/wp\/v2\/tags?post=13202"}],"curies":[{"name":"wp","href":"https:\/\/api.w.org\/{rel}","templated":true}]}}