{"id":13433,"date":"2024-01-12T18:00:39","date_gmt":"2024-01-12T17:00:39","guid":{"rendered":"https:\/\/www.leclanche.com\/?p=13433"},"modified":"2024-01-12T17:32:21","modified_gmt":"2024-01-12T16:32:21","slug":"leclanche-conclut-son-assemblee-generale-extraordinaire-du-12-janvier-2024","status":"publish","type":"post","link":"https:\/\/www.leclanche.com\/fr\/leclanche-conclut-son-assemblee-generale-extraordinaire-du-12-janvier-2024\/","title":{"rendered":"Leclanch\u00e9 conclut son assembl\u00e9e g\u00e9n\u00e9rale extraordinaire du 12 janvier 2024"},"content":{"rendered":"<p><em>Annonce \u00e9v\u00e9nementielle conform\u00e9ment \u00e0 l&rsquo;article 53 LR. <\/em><\/p>\n<p>&nbsp;<\/p>\n<ul>\n<li><em> Lex Bentner a \u00e9t\u00e9 \u00e9lu pr\u00e9sident du conseil d&rsquo;administration. <\/em><\/li>\n<li><em> Alexander Rhea reste membre ordinaire du conseil d&rsquo;administration <\/em><\/li>\n<li><em> Lex Bentner et M. Abdallah Chatila ont \u00e9t\u00e9 \u00e9lus nouveaux membres [ordinaires] du conseil d&rsquo;administration.<\/em><\/li>\n<li><em> Bernard Pons a d\u00e9missionn\u00e9 du Conseil d&rsquo;administration<\/em><\/li>\n<\/ul>\n<p><em><strong>YVERDON-LES-BAINS, Suisse, 12 janvier 2024 &#8211;<\/strong><\/em><strong>\u00a0<\/strong><a href=\"http:\/\/www.leclanche.com\/fr\">Leclanch\u00e9 SA<\/a> (SIX : LECN), l&rsquo;une des principales soci\u00e9t\u00e9s de solutions de stockage d&rsquo;\u00e9nergie au monde, a annonc\u00e9 les d\u00e9cisions prises par ses actionnaires sur les propositions du conseil d&rsquo;administration lors de son assembl\u00e9e g\u00e9n\u00e9rale extraordinaire (AGE) qui s&rsquo;est tenue aujourd&rsquo;hui \u00e0 CEI &#8211; Rue Galil\u00e9e 13, 1400 Yverdon-les-Bains, Suisse, Salle de r\u00e9union : \u00ab\u00a0Galil\u00e9e\u00a0\u00bb.<\/p>\n<p>Alexander Rhea a d\u00e9missionn\u00e9 de son poste de pr\u00e9sident du conseil d&rsquo;administration tout en restant membre du conseil d&rsquo;administration. M. Bernard Pons a d\u00e9missionn\u00e9 de son poste de membre du conseil d&rsquo;administration. Ils ont tous deux \u00e9t\u00e9s remerci\u00e9s pour leur d\u00e9vouement et leur professionnalisme.<\/p>\n<p>Lex Bentner et M. Abdallah Chatila ont \u00e9t\u00e9 \u00e9lus membres du conseil d&rsquo;administration et Lex Bentner a \u00e9t\u00e9 \u00e9lu pr\u00e9sident du conseil d&rsquo;administration. Ils poss\u00e8dent une expertise av\u00e9r\u00e9e en gestion, apportant ainsi au conseil d&rsquo;administration de Leclanch\u00e9 une exp\u00e9rience vari\u00e9e au sein de diff\u00e9rentes entreprises et industries.<\/p>\n<p>Lex Bentner, actuellement responsable des transports publics de la ville de Luxembourg, joue un r\u00f4le cl\u00e9 dans la transformation du syst\u00e8me de transport public de la ville. Il se concentre principalement sur l\u2019\u00e9lectrification du parc et du r\u00e9seau de bus de la ville vers une configuration enti\u00e8rement \u00e9lectrique, gr\u00e2ce \u00e0 des proc\u00e9dures d&rsquo;appel d&rsquo;offres et de passation de march\u00e9s publics \u00e0 l&rsquo;\u00e9chelle de l&rsquo;Union europ\u00e9enne. M. Bentner s&rsquo;occupe \u00e9galement de projets complexes, int\u00e9grant les progr\u00e8s de l&rsquo;industrie dans les normes op\u00e9rationnelles.<\/p>\n<p>&nbsp;<\/p>\n<p>Au cours de sa carri\u00e8re, il a travaill\u00e9 pour CFL, la soci\u00e9t\u00e9 nationale des chemins de fer luxembourgeois, et ArcelorMittal. En 2007, il a \u00e9t\u00e9 nomm\u00e9 responsable de l&rsquo;am\u00e9lioration continue et de l&rsquo;ing\u00e9nierie dans une aci\u00e9rie luxembourgeoise, o\u00f9 il s&rsquo;est concentr\u00e9 sur les mesures de modernisation. Outre ses fonctions professionnelles, M. Bentner repr\u00e9sente le Luxembourg au sein du comit\u00e9 des bus de l&rsquo;UITP (Union internationale des transports publics) et conseille les dirigeants politiques et les comit\u00e9s nationaux sur le lieu de travail et les meilleures pratiques de l&rsquo;industrie. N\u00e9 au Luxembourg en 1978, M. Lex Bentner est titulaire d&rsquo;une ma\u00eetrise en g\u00e9nie m\u00e9canique et \u00e9lectrique de l&rsquo;universit\u00e9 d&rsquo;\u00c9dimbourg et poursuit actuellement un MBA \u00e0 l&rsquo;Edinburgh Business School de l&rsquo;universit\u00e9 Heriot-Watt.<\/p>\n<p>Abdallah Chatila, n\u00e9 en 1974, est un entrepreneur et investisseur suisse-libanais avec plus de 28 ans d&rsquo;exp\u00e9rience, dont 15 ans dans l&rsquo;industrie immobili\u00e8re. Dipl\u00f4m\u00e9 du Gemological Institute of Los Angeles, M. Abdallah Chatila a commenc\u00e9 sa carri\u00e8re professionnelle dans l&rsquo;entreprise familiale de haute joaillerie \u00e0 Gen\u00e8ve avant de se lancer dans l&rsquo;immobilier. Il est le pr\u00e9sident et fondateur de m3 GROUP, qui emploie plus de 700 personnes en Suisse et en France, g\u00e9n\u00e9rant un chiffre d&rsquo;affaires de plus de 250 millions de francs suisses. Actuellement, les activit\u00e9s du groupe englobent les secteurs de l&rsquo;immobilier, de l&rsquo;h\u00f4tellerie, de la restauration, de la banque et de la sant\u00e9. M. Abdallah Chatila poss\u00e8de \u00e9galement une grande expertise dans le domaine des fusions et acquisitions, ayant des participations dans plus de 80 entreprises dans les secteurs de la sant\u00e9, de la technologie et de l&rsquo;assurance.<\/p>\n<p>Philanthrope r\u00e9fl\u00e9chi, M. Abdallah Chatila contribue activement au d\u00e9veloppement du canton par le biais de ses initiatives philanthropiques et de ses activit\u00e9s de capital-investissement. Il soutient \u00e9galement diverses organisations caritatives \u00e0 Gen\u00e8ve, au Liban et au Moyen-Orient par le biais de sa Fondation Sesam.<\/p>\n<p><strong>Lex Bentner, pr\u00e9sident du conseil d&rsquo;administration de Leclanch\u00e9, a d\u00e9clar\u00e9 : <\/strong><em>\u00ab\u00a0Tout d&rsquo;abord, je tiens \u00e0 exprimer ma gratitude envers Alexander Rhea pour ses services en tant que pr\u00e9sident du conseil d&rsquo;administration de Leclanch\u00e9. Sous sa direction, nous avons travers\u00e9 une p\u00e9riode de r\u00e9alignement strat\u00e9gique, entra\u00eenant le renforcement significatif de notre carnet de commandes. Je lui suis reconnaissant pour son engagement continu en tant que membre du conseil d&rsquo;administration.<\/em><\/p>\n<p><em>Je souhaite exprimer ma gratitude envers les actionnaires et mes coll\u00e8gues du conseil d&rsquo;administration pour ma nomination. Je suis convaincu de l&rsquo;opportunit\u00e9 de march\u00e9 pour Leclanch\u00e9 et j&rsquo;ai confiance en notre \u00e9quipe pour capitaliser sur les bases solides d\u00e9j\u00e0 \u00e9tablies. En poursuivant l&rsquo;ex\u00e9cution de notre strat\u00e9gie de croissance, le d\u00e9veloppement de notre carnet de commandes dans des secteurs cl\u00e9s et la cr\u00e9ation de valeur pour nos actionnaires, nous sommes bien positionn\u00e9s pour favoriser l&rsquo;expansion future de la soci\u00e9t\u00e9.\u00a0\u00bb<\/em><\/p>\n<p><em>\u00a0<\/em><\/p>\n<p>Pour plus d&rsquo;informations, \u00e9crivez \u00e0 <a href=\"mailto:info@leclanche.com\">info@leclanche.com<\/a> ou visitez <a href=\"http:\/\/www.leclanche.com\/fr\">http:\/\/www.leclanche.com\/fr<\/a>.<\/p>\n<p><em>\u00a0<\/em><\/p>\n<p><span data-ccp-props=\"{&quot;201341983&quot;:0,&quot;335551550&quot;:6,&quot;335551620&quot;:6,&quot;335559739&quot;:160,&quot;335559740&quot;:259}\">\u00a0<\/span><\/p>\n<p><span data-contrast=\"none\">Contacts\u00a0<\/span><span data-ccp-props=\"{&quot;201341983&quot;:0,&quot;335559739&quot;:0,&quot;335559740&quot;:240}\">\u00a0<\/span><\/p>\n<p><span data-ccp-props=\"{&quot;201341983&quot;:0,&quot;335559739&quot;:0,&quot;335559740&quot;:240}\">\u00a0<\/span><\/p>\n<p><b><span data-contrast=\"none\">Contacts avec les m\u00e9dias <\/span><\/b><span data-contrast=\"none\">:\u00a0<\/span><span data-ccp-props=\"{&quot;201341983&quot;:0,&quot;335559739&quot;:0,&quot;335559740&quot;:240}\">\u00a0<\/span><\/p>\n<p><b><i><span data-contrast=\"none\">Suisse \/ Europe <\/span><\/i><\/b><span data-contrast=\"none\">:\u00a0<\/span><span data-ccp-props=\"{&quot;201341983&quot;:0,&quot;335559739&quot;:0,&quot;335559740&quot;:240}\">\u00a0<\/span><\/p>\n<p><span data-contrast=\"none\">Thierry Meyer\u00a0<\/span><span data-ccp-props=\"{&quot;201341983&quot;:0,&quot;335559739&quot;:0,&quot;335559740&quot;:240}\">\u00a0<\/span><\/p>\n<p><span data-contrast=\"none\">T : +41 (0) 79 785 35 81\u00a0<\/span><span data-ccp-props=\"{&quot;201341983&quot;:0,&quot;335559739&quot;:0,&quot;335559740&quot;:240}\">\u00a0<\/span><\/p>\n<p><span data-contrast=\"none\">Courriel : <\/span><span data-contrast=\"none\">tme@dynamicsgroup.ch\u00a0<\/span><span data-ccp-props=\"{&quot;201341983&quot;:0,&quot;335559739&quot;:0,&quot;335559740&quot;:240}\">\u00a0<\/span><\/p>\n<p>&nbsp;<\/p>\n<p><b><i><span data-contrast=\"none\">Allemagne <\/span><\/i><\/b><span data-contrast=\"none\">:\u00a0<\/span><span data-ccp-props=\"{&quot;201341983&quot;:0,&quot;335559739&quot;:0,&quot;335559740&quot;:240}\">\u00a0<\/span><\/p>\n<p><span data-contrast=\"none\">Christoph Miller\u00a0<\/span><span data-ccp-props=\"{&quot;201341983&quot;:0,&quot;335559739&quot;:0,&quot;335559740&quot;:240}\">\u00a0<\/span><\/p>\n<p><span data-contrast=\"none\">T : +49 (0) 711 947 670\u00a0<\/span><span data-ccp-props=\"{&quot;201341983&quot;:0,&quot;335559739&quot;:0,&quot;335559740&quot;:240}\">\u00a0<\/span><\/p>\n<p><span data-contrast=\"none\">Courriel : <\/span><span data-contrast=\"none\">leclanche@sympra.de\u00a0<\/span><span data-ccp-props=\"{&quot;201341983&quot;:0,&quot;335559739&quot;:0,&quot;335559740&quot;:240}\">\u00a0<\/span><\/p>\n<p><span data-contrast=\"none\">\u202f<\/span><span data-ccp-props=\"{&quot;201341983&quot;:0,&quot;335559739&quot;:0,&quot;335559740&quot;:240}\">\u00a0<\/span><\/p>\n<p><b><span data-contrast=\"none\">Contacts investisseurs <\/span><\/b><span data-contrast=\"none\">:\u00a0<\/span><span data-ccp-props=\"{&quot;201341983&quot;:0,&quot;335559739&quot;:0,&quot;335559740&quot;:240}\">\u00a0<\/span><\/p>\n<p><span data-contrast=\"none\">Pasquale Foglia \/ Pierre Blanc\u00a0<\/span><span data-ccp-props=\"{&quot;201341983&quot;:0,&quot;335559739&quot;:0,&quot;335559740&quot;:240}\">\u00a0<\/span><\/p>\n<p><span data-contrast=\"none\">T : +41 (0) 24 424 65 00\u00a0<\/span><span data-ccp-props=\"{&quot;201341983&quot;:0,&quot;335559739&quot;:0,&quot;335559740&quot;:240}\">\u00a0<\/span><\/p>\n<p><span data-contrast=\"none\">Courriel : <\/span><span data-contrast=\"none\">invest.leclanche@leclanche.com\u00a0<\/span><\/p>\n","protected":false},"excerpt":{"rendered":"<p>Annonce \u00e9v\u00e9nementielle conform\u00e9ment \u00e0 l&rsquo;article 53 LR. &nbsp; Lex Bentner a \u00e9t\u00e9 \u00e9lu pr\u00e9sident du conseil d&rsquo;administration. Alexander Rhea reste membre ordinaire du conseil d&rsquo;administration Lex Bentner et M. Abdallah Chatila ont \u00e9t\u00e9 \u00e9lus nouveaux membres [ordinaires] du conseil d&rsquo;administration. Bernard Pons a d\u00e9missionn\u00e9 du Conseil d&rsquo;administration YVERDON-LES-BAINS, Suisse, 12 janvier 2024 &#8211;\u00a0Leclanch\u00e9 SA (SIX [&hellip;]<\/p>\n","protected":false},"author":10,"featured_media":0,"comment_status":"open","ping_status":"open","sticky":false,"template":"","format":"standard","meta":{"footnotes":""},"categories":[105,46],"tags":[],"class_list":["post-13433","post","type-post","status-publish","format-standard","hentry","category-communiques-boursiers","category-communiques-de-presse-fr"],"yoast_head":"<!-- This site is optimized with the Yoast SEO plugin v26.4 - https:\/\/yoast.com\/wordpress\/plugins\/seo\/ -->\n<title>Leclanch\u00e9 conclut son assembl\u00e9e g\u00e9n\u00e9rale extraordinaire du 12 janvier 2024 - Leclanch\u00e9<\/title>\n<meta name=\"description\" content=\"Annonce \u00e9v\u00e9nementielle conform\u00e9ment \u00e0 l&#039;article 53 LR. &nbsp; Lex Bentner a \u00e9t\u00e9 \u00e9lu pr\u00e9sident du conseil d&#039;administration. Alexander Rhea reste membre\" \/>\n<meta name=\"robots\" content=\"index, follow, max-snippet:-1, max-image-preview:large, max-video-preview:-1\" \/>\n<link rel=\"canonical\" href=\"https:\/\/www.leclanche.com\/fr\/leclanche-conclut-son-assemblee-generale-extraordinaire-du-12-janvier-2024\/\" \/>\n<meta property=\"og:locale\" content=\"fr_FR\" \/>\n<meta property=\"og:type\" content=\"article\" \/>\n<meta property=\"og:title\" content=\"Leclanch\u00e9 conclut son assembl\u00e9e g\u00e9n\u00e9rale extraordinaire du 12 janvier 2024 - Leclanch\u00e9\" \/>\n<meta property=\"og:description\" content=\"Annonce \u00e9v\u00e9nementielle conform\u00e9ment \u00e0 l&#039;article 53 LR. &nbsp; Lex Bentner a \u00e9t\u00e9 \u00e9lu pr\u00e9sident du conseil d&#039;administration. Alexander Rhea reste membre\" \/>\n<meta property=\"og:url\" content=\"https:\/\/www.leclanche.com\/fr\/leclanche-conclut-son-assemblee-generale-extraordinaire-du-12-janvier-2024\/\" \/>\n<meta property=\"og:site_name\" content=\"Leclanch\u00e9\" \/>\n<meta property=\"article:published_time\" content=\"2024-01-12T17:00:39+00:00\" \/>\n<meta name=\"author\" content=\"Anais Moutarlier\" \/>\n<meta name=\"twitter:card\" content=\"summary_large_image\" \/>\n<meta name=\"twitter:label1\" content=\"\u00c9crit par\" \/>\n\t<meta name=\"twitter:data1\" content=\"Anais Moutarlier\" \/>\n\t<meta name=\"twitter:label2\" content=\"Dur\u00e9e de lecture estim\u00e9e\" \/>\n\t<meta name=\"twitter:data2\" content=\"4 minutes\" \/>\n<script type=\"application\/ld+json\" class=\"yoast-schema-graph\">{\"@context\":\"https:\/\/schema.org\",\"@graph\":[{\"@type\":\"WebPage\",\"@id\":\"https:\/\/www.leclanche.com\/fr\/leclanche-conclut-son-assemblee-generale-extraordinaire-du-12-janvier-2024\/\",\"url\":\"https:\/\/www.leclanche.com\/fr\/leclanche-conclut-son-assemblee-generale-extraordinaire-du-12-janvier-2024\/\",\"name\":\"Leclanch\u00e9 conclut son assembl\u00e9e g\u00e9n\u00e9rale extraordinaire du 12 janvier 2024 - Leclanch\u00e9\",\"isPartOf\":{\"@id\":\"https:\/\/www.leclanche.com\/fr\/#website\"},\"datePublished\":\"2024-01-12T17:00:39+00:00\",\"author\":{\"@id\":\"https:\/\/www.leclanche.com\/fr\/#\/schema\/person\/0e28e50bc497552a2780bbd7360ab445\"},\"description\":\"Annonce \u00e9v\u00e9nementielle conform\u00e9ment \u00e0 l'article 53 LR. &nbsp; Lex Bentner a \u00e9t\u00e9 \u00e9lu pr\u00e9sident du conseil d'administration. Alexander Rhea reste membre\",\"breadcrumb\":{\"@id\":\"https:\/\/www.leclanche.com\/fr\/leclanche-conclut-son-assemblee-generale-extraordinaire-du-12-janvier-2024\/#breadcrumb\"},\"inLanguage\":\"fr-FR\",\"potentialAction\":[{\"@type\":\"ReadAction\",\"target\":[\"https:\/\/www.leclanche.com\/fr\/leclanche-conclut-son-assemblee-generale-extraordinaire-du-12-janvier-2024\/\"]}]},{\"@type\":\"BreadcrumbList\",\"@id\":\"https:\/\/www.leclanche.com\/fr\/leclanche-conclut-son-assemblee-generale-extraordinaire-du-12-janvier-2024\/#breadcrumb\",\"itemListElement\":[{\"@type\":\"ListItem\",\"position\":1,\"name\":\"Accueil\",\"item\":\"https:\/\/www.leclanche.com\/fr\/\"},{\"@type\":\"ListItem\",\"position\":2,\"name\":\"Leclanch\u00e9 conclut son assembl\u00e9e g\u00e9n\u00e9rale extraordinaire du 12 janvier 2024\"}]},{\"@type\":\"WebSite\",\"@id\":\"https:\/\/www.leclanche.com\/fr\/#website\",\"url\":\"https:\/\/www.leclanche.com\/fr\/\",\"name\":\"Leclanch\u00e9\",\"description\":\"Energy Storage Solutions\",\"potentialAction\":[{\"@type\":\"SearchAction\",\"target\":{\"@type\":\"EntryPoint\",\"urlTemplate\":\"https:\/\/www.leclanche.com\/fr\/?s={search_term_string}\"},\"query-input\":{\"@type\":\"PropertyValueSpecification\",\"valueRequired\":true,\"valueName\":\"search_term_string\"}}],\"inLanguage\":\"fr-FR\"},{\"@type\":\"Person\",\"@id\":\"https:\/\/www.leclanche.com\/fr\/#\/schema\/person\/0e28e50bc497552a2780bbd7360ab445\",\"name\":\"Anais Moutarlier\",\"image\":{\"@type\":\"ImageObject\",\"inLanguage\":\"fr-FR\",\"@id\":\"https:\/\/www.leclanche.com\/fr\/#\/schema\/person\/image\/\",\"url\":\"https:\/\/secure.gravatar.com\/avatar\/bf8dd36f26e6057175ac650b8afab73c98825317cc60d0936fa1b96f20af138c?s=96&d=mm&r=g\",\"contentUrl\":\"https:\/\/secure.gravatar.com\/avatar\/bf8dd36f26e6057175ac650b8afab73c98825317cc60d0936fa1b96f20af138c?s=96&d=mm&r=g\",\"caption\":\"Anais Moutarlier\"},\"url\":\"https:\/\/www.leclanche.com\/fr\/author\/anais-moutarlier\/\"}]}<\/script>\n<!-- \/ Yoast SEO plugin. -->","yoast_head_json":{"title":"Leclanch\u00e9 conclut son assembl\u00e9e g\u00e9n\u00e9rale extraordinaire du 12 janvier 2024 - Leclanch\u00e9","description":"Annonce \u00e9v\u00e9nementielle conform\u00e9ment \u00e0 l'article 53 LR. &nbsp; Lex Bentner a \u00e9t\u00e9 \u00e9lu pr\u00e9sident du conseil d'administration. Alexander Rhea reste membre","robots":{"index":"index","follow":"follow","max-snippet":"max-snippet:-1","max-image-preview":"max-image-preview:large","max-video-preview":"max-video-preview:-1"},"canonical":"https:\/\/www.leclanche.com\/fr\/leclanche-conclut-son-assemblee-generale-extraordinaire-du-12-janvier-2024\/","og_locale":"fr_FR","og_type":"article","og_title":"Leclanch\u00e9 conclut son assembl\u00e9e g\u00e9n\u00e9rale extraordinaire du 12 janvier 2024 - Leclanch\u00e9","og_description":"Annonce \u00e9v\u00e9nementielle conform\u00e9ment \u00e0 l'article 53 LR. &nbsp; Lex Bentner a \u00e9t\u00e9 \u00e9lu pr\u00e9sident du conseil d'administration. Alexander Rhea reste membre","og_url":"https:\/\/www.leclanche.com\/fr\/leclanche-conclut-son-assemblee-generale-extraordinaire-du-12-janvier-2024\/","og_site_name":"Leclanch\u00e9","article_published_time":"2024-01-12T17:00:39+00:00","author":"Anais Moutarlier","twitter_card":"summary_large_image","twitter_misc":{"\u00c9crit par":"Anais Moutarlier","Dur\u00e9e de lecture estim\u00e9e":"4 minutes"},"schema":{"@context":"https:\/\/schema.org","@graph":[{"@type":"WebPage","@id":"https:\/\/www.leclanche.com\/fr\/leclanche-conclut-son-assemblee-generale-extraordinaire-du-12-janvier-2024\/","url":"https:\/\/www.leclanche.com\/fr\/leclanche-conclut-son-assemblee-generale-extraordinaire-du-12-janvier-2024\/","name":"Leclanch\u00e9 conclut son assembl\u00e9e g\u00e9n\u00e9rale extraordinaire du 12 janvier 2024 - Leclanch\u00e9","isPartOf":{"@id":"https:\/\/www.leclanche.com\/fr\/#website"},"datePublished":"2024-01-12T17:00:39+00:00","author":{"@id":"https:\/\/www.leclanche.com\/fr\/#\/schema\/person\/0e28e50bc497552a2780bbd7360ab445"},"description":"Annonce \u00e9v\u00e9nementielle conform\u00e9ment \u00e0 l'article 53 LR. &nbsp; Lex Bentner a \u00e9t\u00e9 \u00e9lu pr\u00e9sident du conseil d'administration. Alexander Rhea reste membre","breadcrumb":{"@id":"https:\/\/www.leclanche.com\/fr\/leclanche-conclut-son-assemblee-generale-extraordinaire-du-12-janvier-2024\/#breadcrumb"},"inLanguage":"fr-FR","potentialAction":[{"@type":"ReadAction","target":["https:\/\/www.leclanche.com\/fr\/leclanche-conclut-son-assemblee-generale-extraordinaire-du-12-janvier-2024\/"]}]},{"@type":"BreadcrumbList","@id":"https:\/\/www.leclanche.com\/fr\/leclanche-conclut-son-assemblee-generale-extraordinaire-du-12-janvier-2024\/#breadcrumb","itemListElement":[{"@type":"ListItem","position":1,"name":"Accueil","item":"https:\/\/www.leclanche.com\/fr\/"},{"@type":"ListItem","position":2,"name":"Leclanch\u00e9 conclut son assembl\u00e9e g\u00e9n\u00e9rale extraordinaire du 12 janvier 2024"}]},{"@type":"WebSite","@id":"https:\/\/www.leclanche.com\/fr\/#website","url":"https:\/\/www.leclanche.com\/fr\/","name":"Leclanch\u00e9","description":"Energy Storage Solutions","potentialAction":[{"@type":"SearchAction","target":{"@type":"EntryPoint","urlTemplate":"https:\/\/www.leclanche.com\/fr\/?s={search_term_string}"},"query-input":{"@type":"PropertyValueSpecification","valueRequired":true,"valueName":"search_term_string"}}],"inLanguage":"fr-FR"},{"@type":"Person","@id":"https:\/\/www.leclanche.com\/fr\/#\/schema\/person\/0e28e50bc497552a2780bbd7360ab445","name":"Anais Moutarlier","image":{"@type":"ImageObject","inLanguage":"fr-FR","@id":"https:\/\/www.leclanche.com\/fr\/#\/schema\/person\/image\/","url":"https:\/\/secure.gravatar.com\/avatar\/bf8dd36f26e6057175ac650b8afab73c98825317cc60d0936fa1b96f20af138c?s=96&d=mm&r=g","contentUrl":"https:\/\/secure.gravatar.com\/avatar\/bf8dd36f26e6057175ac650b8afab73c98825317cc60d0936fa1b96f20af138c?s=96&d=mm&r=g","caption":"Anais Moutarlier"},"url":"https:\/\/www.leclanche.com\/fr\/author\/anais-moutarlier\/"}]}},"_links":{"self":[{"href":"https:\/\/www.leclanche.com\/fr\/wp-json\/wp\/v2\/posts\/13433","targetHints":{"allow":["GET"]}}],"collection":[{"href":"https:\/\/www.leclanche.com\/fr\/wp-json\/wp\/v2\/posts"}],"about":[{"href":"https:\/\/www.leclanche.com\/fr\/wp-json\/wp\/v2\/types\/post"}],"author":[{"embeddable":true,"href":"https:\/\/www.leclanche.com\/fr\/wp-json\/wp\/v2\/users\/10"}],"replies":[{"embeddable":true,"href":"https:\/\/www.leclanche.com\/fr\/wp-json\/wp\/v2\/comments?post=13433"}],"version-history":[{"count":1,"href":"https:\/\/www.leclanche.com\/fr\/wp-json\/wp\/v2\/posts\/13433\/revisions"}],"predecessor-version":[{"id":13457,"href":"https:\/\/www.leclanche.com\/fr\/wp-json\/wp\/v2\/posts\/13433\/revisions\/13457"}],"wp:attachment":[{"href":"https:\/\/www.leclanche.com\/fr\/wp-json\/wp\/v2\/media?parent=13433"}],"wp:term":[{"taxonomy":"category","embeddable":true,"href":"https:\/\/www.leclanche.com\/fr\/wp-json\/wp\/v2\/categories?post=13433"},{"taxonomy":"post_tag","embeddable":true,"href":"https:\/\/www.leclanche.com\/fr\/wp-json\/wp\/v2\/tags?post=13433"}],"curies":[{"name":"wp","href":"https:\/\/api.w.org\/{rel}","templated":true}]}}