{"id":14001,"date":"2024-06-05T06:55:49","date_gmt":"2024-06-05T04:55:49","guid":{"rendered":"https:\/\/www.leclanche.com\/?p=14001"},"modified":"2024-06-04T23:53:21","modified_gmt":"2024-06-04T21:53:21","slug":"invitation-a-la-prochaine-assemblee-generale-annuelle-des-actionnaires-qui-se-tiendra-le-27-juin-2024-a-10h00-heure-suisse","status":"publish","type":"post","link":"https:\/\/www.leclanche.com\/fr\/invitation-a-la-prochaine-assemblee-generale-annuelle-des-actionnaires-qui-se-tiendra-le-27-juin-2024-a-10h00-heure-suisse\/","title":{"rendered":"Invitation \u00e0 la prochaine assembl\u00e9e g\u00e9n\u00e9rale annuelle des actionnaires qui se tiendra le 27 juin 2024 \u00e0 10h00 (heure suisse)"},"content":{"rendered":"<p><em>Annonce \u00e9v\u00e9nementielle au sens de l\u2019art. 53 RC<\/em><\/p>\n<p>&nbsp;<\/p>\n<ul>\n<li><em>Leclanch\u00e9 SA convoque son assembl\u00e9e g\u00e9n\u00e9rale annuelle pour le 27 juin 2024. <\/em><\/li>\n<li><em>Le conseil d&rsquo;administration propose la conversion de CHF 84,7 millions de dettes envers SEF-Lux, Golden Partner Holding Co. S.\u00e0 r.l. en actions de la soci\u00e9t\u00e9 afin d&rsquo;am\u00e9liorer son bilan.<\/em><\/li>\n<\/ul>\n<p><em>\u00a0<\/em><\/p>\n<p><strong>YVERDON-LES-BAINS, Suisse, le 5 juin 2024 &#8211; <\/strong><a href=\"http:\/\/www.leclanche.com\/fr\">Leclanch\u00e9 SA<\/a><strong>, <\/strong><strong>(SIX : LECN), l&rsquo;un des leaders mondiaux du stockage d&rsquo;\u00e9nergie, convoque son assembl\u00e9e g\u00e9n\u00e9rale ordinaire annuelle le 27 juin 2024 \u00e0 10h00 (CEST), \u00e0 EXPLORiT, Y-Parc, Avenue des D\u00e9couvertes 1, 1400 Yverdon-les-Bains, Suisse. <\/strong><\/p>\n<p>&nbsp;<\/p>\n<p>&nbsp;<\/p>\n<p>AGENDA\u00a0 \u00a0 \u00a0 \u00a0 \u00a0 \u00a0 \u00a0 \u00a0<strong>2<\/strong><\/p>\n<p>Rapport annuel 2023, comptes consolid\u00e9s 2023, comptes annuels 2023 et rapport de<\/p>\n<p>r\u00e9mun\u00e9ration 2023 de LECLANCHE SA\u00a0\u00a0\u00a0\u00a0\u00a0\u00a0\u00a0\u00a0\u00a0\u00a0\u00a0\u00a0\u00a0\u00a0\u00a0\u00a0\u00a0\u00a0\u00a0\u00a0\u00a0\u00a0\u00a0\u00a0\u00a0\u00a0\u00a0\u00a0\u00a0\u00a0\u00a0\u00a0\u00a0\u00a0\u00a0\u00a0\u00a0\u00a0\u00a0\u00a0\u00a0\u00a0\u00a0\u00a0\u00a0\u00a0\u00a0\u00a0\u00a0\u00a0\u00a0\u00a0\u00a0\u00a0\u00a0\u00a0\u00a0\u00a0\u00a0\u00a0\u00a0\u00a0\u00a0\u00a0\u00a0\u00a0 \u00a0\u00a0\u00a0\u00a0\u00a0\u00a0\u00a0\u00a0\u00a0\u00a0\u00a0\u00a0\u00a0\u00a0\u00a0\u00a0\u00a0\u00a0\u00a0\u00a0\u00a0\u00a0\u00a0\u00a0\u00a0\u00a0\u00a0\u00a0\u00a0\u00a0\u00a0 2<\/p>\n<p>Affectation du r\u00e9sultat disponible\u00a0\u00a0\u00a0\u00a0\u00a0\u00a0\u00a0\u00a0\u00a0\u00a0\u00a0\u00a0\u00a0\u00a0\u00a0\u00a0\u00a0\u00a0\u00a0\u00a0\u00a0\u00a0\u00a0\u00a0\u00a0\u00a0\u00a0\u00a0\u00a0\u00a0\u00a0\u00a0\u00a0\u00a0\u00a0\u00a0\u00a0\u00a0\u00a0\u00a0\u00a0\u00a0\u00a0\u00a0\u00a0\u00a0\u00a0\u00a0\u00a0\u00a0\u00a0\u00a0\u00a0\u00a0\u00a0\u00a0\u00a0\u00a0\u00a0\u00a0\u00a0\u00a0\u00a0\u00a0\u00a0\u00a0\u00a0\u00a0\u00a0\u00a0\u00a0\u00a0\u00a0 \u00a0\u00a0\u00a0\u00a0\u00a0\u00a0\u00a0\u00a0\u00a0\u00a0\u00a0\u00a0\u00a0\u00a0\u00a0\u00a0\u00a0\u00a0\u00a0\u00a0\u00a0\u00a0\u00a0\u00a0\u00a0\u00a0\u00a0 3<\/p>\n<p>D\u00e9charge du Conseil d&rsquo;administration et du Comit\u00e9 ex\u00e9cutif\u00a0\u00a0\u00a0\u00a0\u00a0\u00a0\u00a0\u00a0\u00a0\u00a0\u00a0\u00a0\u00a0\u00a0\u00a0\u00a0\u00a0\u00a0\u00a0\u00a0\u00a0\u00a0\u00a0\u00a0\u00a0\u00a0\u00a0\u00a0\u00a0\u00a0\u00a0 \u00a0\u00a0\u00a0\u00a0\u00a0\u00a0\u00a0\u00a0\u00a0\u00a0\u00a0\u00a0\u00a0\u00a0\u00a0\u00a0\u00a0\u00a0\u00a0\u00a0\u00a0\u00a0\u00a0\u00a0\u00a0\u00a0\u00a0 3<\/p>\n<p>\u00c9lections du Conseil d&rsquo;administration et du Comit\u00e9 des nominations et des r\u00e9mun\u00e9rations\u00a0\u00a0\u00a0\u00a0 3<\/p>\n<p>Vote sur la r\u00e9mun\u00e9ration du Conseil d&rsquo;administration et du comit\u00e9 ex\u00e9cutif\u00a0\u00a0\u00a0\u00a0\u00a0\u00a0 \u00a0\u00a0\u00a0\u00a0\u00a0\u00a0\u00a0\u00a0\u00a0\u00a0\u00a0\u00a0\u00a0\u00a0\u00a0\u00a0\u00a0\u00a0\u00a0\u00a0\u00a0\u00a0\u00a0\u00a0\u00a0\u00a0\u00a0 4<\/p>\n<p>R\u00e9\u00e9lection du repr\u00e9sentant ind\u00e9pendant\u00a0\u00a0\u00a0\u00a0\u00a0\u00a0\u00a0\u00a0\u00a0\u00a0\u00a0\u00a0\u00a0\u00a0\u00a0\u00a0\u00a0\u00a0\u00a0\u00a0\u00a0\u00a0\u00a0\u00a0\u00a0\u00a0\u00a0\u00a0\u00a0\u00a0\u00a0\u00a0\u00a0\u00a0\u00a0\u00a0\u00a0\u00a0\u00a0\u00a0\u00a0\u00a0\u00a0\u00a0\u00a0\u00a0\u00a0\u00a0\u00a0\u00a0\u00a0\u00a0\u00a0\u00a0\u00a0\u00a0\u00a0\u00a0\u00a0\u00a0\u00a0\u00a0 \u00a0\u00a0\u00a0\u00a0\u00a0\u00a0\u00a0\u00a0\u00a0\u00a0\u00a0\u00a0\u00a0\u00a0\u00a0\u00a0\u00a0\u00a0\u00a0\u00a0\u00a0\u00a0\u00a0\u00a0\u00a0\u00a0\u00a0 5<\/p>\n<p>R\u00e9\u00e9lection de l&rsquo;organe de r\u00e9vision\u00a0\u00a0\u00a0\u00a0\u00a0\u00a0\u00a0\u00a0\u00a0\u00a0\u00a0\u00a0\u00a0\u00a0\u00a0\u00a0\u00a0\u00a0\u00a0\u00a0\u00a0\u00a0\u00a0\u00a0\u00a0\u00a0\u00a0\u00a0\u00a0\u00a0\u00a0\u00a0\u00a0\u00a0\u00a0\u00a0\u00a0\u00a0\u00a0\u00a0\u00a0\u00a0\u00a0\u00a0\u00a0\u00a0\u00a0\u00a0\u00a0\u00a0\u00a0\u00a0\u00a0\u00a0\u00a0\u00a0\u00a0\u00a0\u00a0\u00a0\u00a0\u00a0\u00a0\u00a0\u00a0\u00a0\u00a0\u00a0\u00a0\u00a0\u00a0\u00a0 \u00a0\u00a0\u00a0\u00a0\u00a0\u00a0\u00a0\u00a0\u00a0\u00a0\u00a0\u00a0\u00a0\u00a0\u00a0\u00a0\u00a0\u00a0\u00a0\u00a0\u00a0\u00a0\u00a0\u00a0\u00a0\u00a0\u00a0 5<\/p>\n<p>Mesures de restructuration financi\u00e8re et augmentation du capital ordinaire\u00a0\u00a0\u00a0\u00a0\u00a0\u00a0 \u00a0\u00a0\u00a0\u00a0\u00a0\u00a0\u00a0\u00a0\u00a0\u00a0\u00a0\u00a0\u00a0\u00a0\u00a0\u00a0\u00a0\u00a0\u00a0\u00a0\u00a0\u00a0\u00a0\u00a0\u00a0\u00a0\u00a0 5<\/p>\n<p>Augmentation et modification du capital conditionnel et adoption de la marge de<\/p>\n<p>fluctuation du capital\u00a0\u00a0\u00a0\u00a0\u00a0\u00a0\u00a0\u00a0\u00a0\u00a0\u00a0\u00a0\u00a0\u00a0\u00a0\u00a0\u00a0\u00a0\u00a0\u00a0\u00a0\u00a0\u00a0\u00a0\u00a0\u00a0\u00a0\u00a0\u00a0\u00a0\u00a0\u00a0\u00a0\u00a0\u00a0\u00a0\u00a0\u00a0\u00a0\u00a0\u00a0\u00a0\u00a0\u00a0\u00a0\u00a0\u00a0\u00a0\u00a0\u00a0\u00a0\u00a0\u00a0\u00a0\u00a0\u00a0\u00a0\u00a0\u00a0\u00a0\u00a0\u00a0\u00a0\u00a0\u00a0\u00a0\u00a0\u00a0\u00a0\u00a0\u00a0\u00a0\u00a0\u00a0\u00a0\u00a0\u00a0\u00a0\u00a0\u00a0\u00a0\u00a0\u00a0\u00a0\u00a0\u00a0\u00a0\u00a0\u00a0\u00a0\u00a0\u00a0\u00a0 \u00a0\u00a0\u00a0\u00a0\u00a0\u00a0\u00a0\u00a0\u00a0\u00a0\u00a0\u00a0\u00a0\u00a0\u00a0\u00a0\u00a0\u00a0\u00a0\u00a0\u00a0\u00a0\u00a0\u00a0\u00a0\u00a0\u00a0 13<\/p>\n<p>RAPPORT ANNUEL\u00a0\u00a0\u00a0\u00a0\u00a0\u00a0\u00a0\u00a0\u00a0\u00a0\u00a0\u00a0\u00a0\u00a0\u00a0\u00a0\u00a0\u00a0\u00a0\u00a0\u00a0\u00a0\u00a0\u00a0\u00a0\u00a0\u00a0\u00a0\u00a0\u00a0\u00a0\u00a0\u00a0\u00a0\u00a0\u00a0\u00a0\u00a0\u00a0\u00a0\u00a0\u00a0\u00a0\u00a0\u00a0\u00a0\u00a0\u00a0\u00a0\u00a0\u00a0\u00a0\u00a0\u00a0\u00a0\u00a0\u00a0\u00a0\u00a0\u00a0\u00a0\u00a0\u00a0\u00a0\u00a0\u00a0\u00a0\u00a0\u00a0\u00a0\u00a0\u00a0\u00a0\u00a0\u00a0\u00a0\u00a0\u00a0\u00a0\u00a0\u00a0\u00a0\u00a0\u00a0\u00a0\u00a0\u00a0\u00a0\u00a0\u00a0\u00a0\u00a0\u00a0\u00a0\u00a0\u00a0\u00a0 \u00a0\u00a0\u00a0\u00a0\u00a0\u00a0\u00a0\u00a0\u00a0\u00a0\u00a0\u00a0\u00a0\u00a0\u00a0\u00a0\u00a0\u00a0\u00a0\u00a0\u00a0\u00a0\u00a0\u00a0\u00a0\u00a0\u00a0\u00a0\u00a0\u00a0\u00a0\u00a0\u00a0\u00a0\u00a0\u00a0\u00a0\u00a0\u00a0\u00a0\u00a0 <strong>21<\/strong><\/p>\n<p>DOCUMENTATION ET INSTRUCTIONS DE VOTE\u00a0\u00a0\u00a0\u00a0\u00a0\u00a0\u00a0\u00a0\u00a0\u00a0\u00a0\u00a0\u00a0\u00a0\u00a0\u00a0\u00a0\u00a0\u00a0\u00a0\u00a0\u00a0\u00a0\u00a0\u00a0\u00a0\u00a0\u00a0\u00a0\u00a0\u00a0\u00a0\u00a0\u00a0\u00a0\u00a0\u00a0\u00a0\u00a0\u00a0\u00a0\u00a0\u00a0\u00a0\u00a0\u00a0\u00a0\u00a0\u00a0\u00a0\u00a0\u00a0 \u00a0\u00a0\u00a0\u00a0\u00a0\u00a0\u00a0\u00a0\u00a0\u00a0\u00a0\u00a0\u00a0\u00a0\u00a0\u00a0\u00a0\u00a0\u00a0\u00a0\u00a0\u00a0\u00a0\u00a0\u00a0\u00a0\u00a0\u00a0\u00a0\u00a0\u00a0\u00a0\u00a0\u00a0\u00a0\u00a0\u00a0\u00a0\u00a0\u00a0\u00a0 <strong>21<\/strong><\/p>\n<p>PARTICIPATION ET DROITS DE VOTE\u00a0\u00a0\u00a0\u00a0\u00a0\u00a0\u00a0\u00a0\u00a0\u00a0\u00a0\u00a0\u00a0\u00a0\u00a0\u00a0\u00a0\u00a0\u00a0\u00a0\u00a0\u00a0\u00a0\u00a0\u00a0\u00a0\u00a0\u00a0\u00a0\u00a0\u00a0\u00a0\u00a0\u00a0\u00a0\u00a0\u00a0\u00a0\u00a0\u00a0\u00a0\u00a0\u00a0\u00a0\u00a0\u00a0\u00a0\u00a0\u00a0\u00a0\u00a0\u00a0\u00a0\u00a0\u00a0\u00a0\u00a0\u00a0\u00a0\u00a0\u00a0\u00a0\u00a0\u00a0\u00a0\u00a0\u00a0\u00a0\u00a0 \u00a0\u00a0\u00a0\u00a0\u00a0\u00a0\u00a0\u00a0\u00a0\u00a0\u00a0\u00a0\u00a0\u00a0\u00a0\u00a0\u00a0\u00a0\u00a0\u00a0\u00a0\u00a0\u00a0\u00a0\u00a0\u00a0\u00a0\u00a0\u00a0\u00a0\u00a0\u00a0\u00a0\u00a0\u00a0\u00a0\u00a0\u00a0\u00a0\u00a0\u00a0 <strong>\u00a0\u00a0\u00a0\u00a0\u00a0\u00a0\u00a0\u00a0\u00a0\u00a0\u00a0\u00a0\u00a0 21<\/strong><\/p>\n<p>REPRESENTATION\u00a0\u00a0\u00a0\u00a0\u00a0\u00a0\u00a0\u00a0\u00a0\u00a0\u00a0\u00a0\u00a0\u00a0\u00a0\u00a0\u00a0\u00a0\u00a0\u00a0\u00a0\u00a0\u00a0\u00a0\u00a0\u00a0\u00a0\u00a0\u00a0\u00a0\u00a0\u00a0\u00a0\u00a0\u00a0\u00a0\u00a0\u00a0\u00a0\u00a0\u00a0\u00a0\u00a0\u00a0\u00a0\u00a0\u00a0\u00a0\u00a0\u00a0\u00a0\u00a0\u00a0\u00a0\u00a0\u00a0\u00a0\u00a0\u00a0\u00a0\u00a0\u00a0\u00a0\u00a0\u00a0\u00a0\u00a0\u00a0\u00a0\u00a0\u00a0\u00a0\u00a0\u00a0\u00a0\u00a0\u00a0\u00a0\u00a0\u00a0\u00a0\u00a0\u00a0\u00a0\u00a0\u00a0\u00a0\u00a0\u00a0\u00a0\u00a0\u00a0\u00a0\u00a0\u00a0\u00a0\u00a0 \u00a0\u00a0\u00a0\u00a0\u00a0\u00a0\u00a0\u00a0\u00a0\u00a0\u00a0\u00a0\u00a0\u00a0\u00a0\u00a0\u00a0\u00a0\u00a0\u00a0\u00a0\u00a0\u00a0\u00a0\u00a0\u00a0\u00a0\u00a0\u00a0\u00a0\u00a0\u00a0\u00a0\u00a0\u00a0\u00a0\u00a0\u00a0\u00a0\u00a0\u00a0 <strong>\u00a0\u00a0\u00a0\u00a0\u00a0\u00a0\u00a0\u00a0\u00a0\u00a0\u00a0\u00a0\u00a0 22<\/strong><\/p>\n<p>LANGUE\u00a0\u00a0\u00a0\u00a0\u00a0\u00a0\u00a0\u00a0\u00a0\u00a0\u00a0\u00a0\u00a0\u00a0\u00a0\u00a0\u00a0\u00a0\u00a0\u00a0\u00a0\u00a0\u00a0\u00a0\u00a0\u00a0\u00a0\u00a0\u00a0\u00a0\u00a0\u00a0\u00a0\u00a0\u00a0\u00a0\u00a0\u00a0\u00a0\u00a0\u00a0\u00a0\u00a0\u00a0\u00a0\u00a0\u00a0\u00a0\u00a0\u00a0\u00a0\u00a0\u00a0\u00a0\u00a0\u00a0\u00a0\u00a0\u00a0\u00a0\u00a0\u00a0\u00a0\u00a0\u00a0\u00a0\u00a0\u00a0\u00a0\u00a0\u00a0\u00a0\u00a0\u00a0\u00a0\u00a0\u00a0\u00a0\u00a0\u00a0\u00a0\u00a0\u00a0\u00a0\u00a0\u00a0\u00a0\u00a0\u00a0\u00a0\u00a0\u00a0\u00a0\u00a0\u00a0\u00a0\u00a0\u00a0\u00a0\u00a0\u00a0\u00a0\u00a0\u00a0\u00a0\u00a0\u00a0\u00a0\u00a0\u00a0\u00a0\u00a0\u00a0 \u00a0\u00a0\u00a0\u00a0\u00a0\u00a0\u00a0\u00a0\u00a0\u00a0\u00a0\u00a0\u00a0\u00a0\u00a0\u00a0\u00a0\u00a0\u00a0\u00a0\u00a0\u00a0\u00a0\u00a0\u00a0\u00a0\u00a0\u00a0\u00a0\u00a0\u00a0\u00a0\u00a0\u00a0\u00a0\u00a0\u00a0\u00a0\u00a0\u00a0\u00a0 <strong>22<\/strong><\/p>\n<p>Annexe 1 : Explications relatives au point 5 de l&rsquo;ordre du jour <strong>23<\/strong><\/p>\n<p>&nbsp;<\/p>\n<ol>\n<li><strong>AGENDA<\/strong><\/li>\n<\/ol>\n<p>Introduction par le Pr\u00e9sident du Conseil d&rsquo;administration.<\/p>\n<p>&nbsp;<\/p>\n<ol>\n<li><strong>Rapport annuel 2023, comptes consolid\u00e9s 2023, comptes annuels 2023 et rapport de r\u00e9mun\u00e9ration 2023 de LECLANCHE SA<\/strong><\/li>\n<\/ol>\n<p>&nbsp;<\/p>\n<ul>\n<li><strong>Approbation du rapport annuel 2023, des comptes consolid\u00e9s 2023 et des comptes annuels 2023 de LECLANCHE SA<\/strong><\/li>\n<\/ul>\n<p>&nbsp;<\/p>\n<p>Proposition du Conseil d&rsquo;administration : approuver le rapport annuel 2023, les comptes consolid\u00e9s 2023 et les comptes annuels 2023 de LECLANCHE SA.<\/p>\n<p><em>Explication : Conform\u00e9ment \u00e0 l&rsquo;art. 698 al. 2 ch. 3 et 4 du Code suisse des obligations (\u00ab\u00a0CO\u00a0\u00bb) et aux statuts de LECLANCHE SA, le Conseil d&rsquo;administration pr\u00e9sente le rapport annuel 2023, les comptes consolid\u00e9s 2023 et les comptes annuels 2023 pour approbation par les actionnaires. Le r\u00e9viseur de LECLANCHE SA, MAZARS SA, a examin\u00e9 ces rapports et recommande leur approbation.<\/em><\/p>\n<p><em>\u00a0<\/em><\/p>\n<ul>\n<li><strong>Vote consultatif sur le rapport de r\u00e9mun\u00e9ration 2023<\/strong><\/li>\n<\/ul>\n<p>&nbsp;<\/p>\n<p>Proposition du Conseil d&rsquo;administration : approuver, \u00e0 titre consultatif, le rapport de r\u00e9mun\u00e9ration 2023.<\/p>\n<p>&nbsp;<\/p>\n<p><em>Explication : Conform\u00e9ment aux recommandations du Code suisse de bonnes pratiques pour la gouvernance d&rsquo;entreprise, le Conseil d&rsquo;administration vous demande d&rsquo;approuver le rapport de r\u00e9mun\u00e9ration 2023 \u00e0 titre consultatif. Le rapport de r\u00e9mun\u00e9ration, qui fait partie du rapport annuel, refl\u00e8te la structure de r\u00e9mun\u00e9ration, la gouvernance et la r\u00e9mun\u00e9ration accord\u00e9e aux membres du Conseil d&rsquo;administration et du comit\u00e9 ex\u00e9cutif au cours de l&rsquo;ann\u00e9e de r\u00e9f\u00e9rence. Les sections l\u00e9galement requises du rapport de r\u00e9mun\u00e9ration ont \u00e9t\u00e9 v\u00e9rifi\u00e9es par MAZARS SA, qui a confirm\u00e9 dans son rapport de r\u00e9vision, \u00e9galement inclus dans le rapport annuel, la conformit\u00e9 avec la loi et les statuts de LECLANCHE SA.<\/em><\/p>\n<p>&nbsp;<\/p>\n<ol start=\"2\">\n<li><strong>Affectation du r\u00e9sultat disponible<\/strong><\/li>\n<\/ol>\n<p>&nbsp;<\/p>\n<p>Perte l&rsquo;exercice 2023\u00a0\u00a0\u00a0\u00a0\u00a0\u00a0\u00a0\u00a0\u00a0\u00a0\u00a0\u00a0\u00a0\u00a0\u00a0\u00a0\u00a0\u00a0\u00a0\u00a0\u00a0\u00a0\u00a0\u00a0\u00a0\u00a0\u00a0\u00a0\u00a0\u00a0\u00a0\u00a0\u00a0\u00a0\u00a0\u00a0\u00a0\u00a0\u00a0\u00a0\u00a0\u00a0\u00a0\u00a0\u00a0\u00a0\u00a0\u00a0\u00a0\u00a0\u00a0\u00a0\u00a0\u00a0\u00a0\u00a0\u00a0\u00a0\u00a0\u00a0\u00a0\u00a0\u00a0\u00a0\u00a0\u00a0\u00a0\u00a0\u00a0\u00a0\u00a0\u00a0\u00a0\u00a0\u00a0\u00a0\u00a0\u00a0\u00a0\u00a0\u00a0\u00a0\u00a0\u00a0\u00a0\u00a0\u00a0\u00a0\u00a0\u00a0\u00a0\u00a0\u00a0\u00a0\u00a0\u00a0\u00a0\u00a0\u00a0\u00a0\u00a0\u00a0\u00a0\u00a0\u00a0\u00a0\u00a0\u00a0\u00a0\u00a0\u00a0 CHF 9&rsquo;925&rsquo;755,28<\/p>\n<p>Perte report\u00e9e de l&rsquo;exercice pr\u00e9c\u00e9dent\u00a0\u00a0\u00a0\u00a0\u00a0\u00a0\u00a0\u00a0\u00a0\u00a0\u00a0\u00a0\u00a0\u00a0\u00a0\u00a0\u00a0\u00a0\u00a0\u00a0\u00a0\u00a0\u00a0\u00a0\u00a0\u00a0\u00a0\u00a0\u00a0\u00a0\u00a0\u00a0\u00a0\u00a0\u00a0\u00a0\u00a0\u00a0\u00a0\u00a0\u00a0\u00a0 CHF 28&rsquo;712&rsquo;934,04<\/p>\n<p>&nbsp;<\/p>\n<p>Total des pertes cumul\u00e9es\u00a0\u00a0\u00a0\u00a0\u00a0\u00a0\u00a0\u00a0\u00a0\u00a0\u00a0\u00a0\u00a0\u00a0\u00a0\u00a0\u00a0\u00a0\u00a0\u00a0\u00a0\u00a0\u00a0\u00a0\u00a0\u00a0\u00a0\u00a0\u00a0\u00a0\u00a0\u00a0\u00a0\u00a0\u00a0\u00a0\u00a0\u00a0\u00a0\u00a0\u00a0\u00a0\u00a0\u00a0\u00a0\u00a0\u00a0\u00a0\u00a0\u00a0\u00a0\u00a0\u00a0\u00a0\u00a0\u00a0\u00a0\u00a0\u00a0\u00a0\u00a0\u00a0\u00a0\u00a0 CHF 38&rsquo;638&rsquo;689,32<\/p>\n<p>&nbsp;<\/p>\n<p>Proposition du Conseil d&rsquo;administration :<\/p>\n<p>&nbsp;<\/p>\n<p>Dividende pour l&rsquo;ann\u00e9e 2023\u00a0\u00a0\u00a0\u00a0\u00a0\u00a0\u00a0\u00a0\u00a0\u00a0\u00a0\u00a0\u00a0\u00a0\u00a0\u00a0\u00a0\u00a0\u00a0\u00a0\u00a0\u00a0\u00a0\u00a0\u00a0\u00a0\u00a0\u00a0\u00a0\u00a0\u00a0\u00a0\u00a0\u00a0\u00a0\u00a0\u00a0\u00a0\u00a0\u00a0\u00a0\u00a0\u00a0\u00a0\u00a0\u00a0\u00a0\u00a0\u00a0\u00a0\u00a0\u00a0\u00a0\u00a0\u00a0\u00a0\u00a0\u00a0\u00a0\u00a0\u00a0\u00a0\u00a0\u00a0\u00a0\u00a0\u00a0\u00a0\u00a0\u00a0\u00a0\u00a0\u00a0\u00a0\u00a0\u00a0\u00a0\u00a0\u00a0\u00a0\u00a0\u00a0\u00a0\u00a0\u00a0\u00a0\u00a0\u00a0\u00a0\u00a0\u00a0\u00a0\u00a0\u00a0\u00a0\u00a0\u00a0\u00a0\u00a0\u00a0\u00a0\u00a0\u00a0\u00a0\u00a0\u00a0\u00a0\u00a0 00,00<\/p>\n<p>Solde \u00e0 reporter\u00a0\u00a0\u00a0\u00a0\u00a0\u00a0\u00a0\u00a0\u00a0\u00a0\u00a0\u00a0\u00a0\u00a0\u00a0\u00a0\u00a0\u00a0\u00a0\u00a0\u00a0\u00a0\u00a0\u00a0\u00a0\u00a0\u00a0\u00a0\u00a0\u00a0\u00a0\u00a0\u00a0\u00a0\u00a0\u00a0\u00a0\u00a0\u00a0\u00a0\u00a0\u00a0\u00a0\u00a0\u00a0\u00a0\u00a0\u00a0\u00a0\u00a0\u00a0\u00a0\u00a0\u00a0\u00a0\u00a0\u00a0\u00a0\u00a0\u00a0\u00a0\u00a0\u00a0\u00a0\u00a0\u00a0\u00a0\u00a0\u00a0\u00a0\u00a0\u00a0\u00a0\u00a0\u00a0\u00a0\u00a0\u00a0\u00a0\u00a0\u00a0 CHF 38&rsquo;638&rsquo;689,32<\/p>\n<p>&nbsp;<\/p>\n<p><em>Explication : Conform\u00e9ment \u00e0 l&rsquo;art. 698 al. 2 ch. 4 CO et aux statuts de LECLANCHE SA, il incombe \u00e0 l&rsquo;Assembl\u00e9e g\u00e9n\u00e9rale d&rsquo;approuver l&rsquo;affectation du r\u00e9sultat disponible, y compris la fixation du dividende.<\/em><\/p>\n<p>&nbsp;<\/p>\n<ol start=\"3\">\n<li><strong>D\u00e9charge du Conseil d&rsquo;administration et du Comit\u00e9 ex\u00e9cutif<\/strong><\/li>\n<\/ol>\n<p>&nbsp;<\/p>\n<p>Proposition du Conseil d&rsquo;administration : voter la d\u00e9charge en faveur des membres du Conseil d&rsquo;administration et du Comit\u00e9 ex\u00e9cutif.<\/p>\n<p>&nbsp;<\/p>\n<p><em>Explication : Conform\u00e9ment \u00e0 l&rsquo;art. 698 al. 2 ch. 7 CO et aux statuts de LECLANCHE SA, l&rsquo;Assembl\u00e9e g\u00e9n\u00e9rale est comp\u00e9tente pour donner d\u00e9charge aux membres du Conseil d&rsquo;administration et du Comit\u00e9 ex\u00e9cutif.<\/em><\/p>\n<p>&nbsp;<\/p>\n<ol start=\"4\">\n<li><strong>\u00c9lections du Conseil d&rsquo;administration et du Comit\u00e9 des nominations et des r\u00e9mun\u00e9rations<\/strong><\/li>\n<\/ol>\n<p>&nbsp;<\/p>\n<ul>\n<li><strong>\u00c9lections \/ R\u00e9\u00e9lection du Conseil d&rsquo;administration<\/strong><\/li>\n<\/ul>\n<p>&nbsp;<\/p>\n<p>Le Conseil d&rsquo;administration prend acte de la d\u00e9mission de M. Alexander Rhea en tant que membre du Conseil d&rsquo;administration \u00e0 compter du 12 avril 2024.<\/p>\n<p>&nbsp;<\/p>\n<ul>\n<li><strong>R\u00e9\u00e9lection des membres actuels du Conseil d&rsquo;administration<\/strong><\/li>\n<\/ul>\n<p>&nbsp;<\/p>\n<p>Proposition du Conseil d&rsquo;administration : r\u00e9\u00e9lire le(s) membre(s) suivant(s) du Conseil d&rsquo;administration, chacun pour un mandat allant jusqu&rsquo;\u00e0 la fin de la prochaine Assembl\u00e9e g\u00e9n\u00e9rale annuelle des actionnaires :<\/p>\n<p>&nbsp;<\/p>\n<ol>\n<li>Lex Bentner<\/li>\n<li>Abdallah Chatila<\/li>\n<li>Marc Lepi\u00e8ce<\/li>\n<li>Christophe Manset<\/li>\n<li>Ali Sherwani<\/li>\n<\/ol>\n<p>&nbsp;<\/p>\n<p><em>Explication : Conform\u00e9ment \u00e0 l&rsquo;art. 698 al. 2 ch. 2 CO et aux statuts de LECLANCHE SA, l&rsquo;Assembl\u00e9e g\u00e9n\u00e9rale annuelle doit \u00e9lire les membres du Conseil d&rsquo;administration, dont le mandat est d&rsquo;une dur\u00e9e d&rsquo;un an, conform\u00e9ment \u00e0 la loi. Chacun des membres actuels du Conseil d&rsquo;administration se pr\u00e9sente \u00e0 l&rsquo;Assembl\u00e9e g\u00e9n\u00e9rale annuelle pour \u00eatre r\u00e9\u00e9lu pour un mandat d&rsquo;un an, \u00e0 l&rsquo;exception de M. Alexander Rhea qui a d\u00e9missionn\u00e9 du Conseil d&rsquo;administration \u00e0 compter du 12 avril 2024. Des informations compl\u00e9mentaires sur les membres du Conseil d&rsquo;administration \u00e0 r\u00e9\u00e9lire figurent dans le rapport annuel 2023.<\/em><\/p>\n<p><em>\u00a0<\/em><\/p>\n<ul>\n<li><strong>R\u00e9\u00e9lection du pr\u00e9sident du Conseil d&rsquo;administration<\/strong><\/li>\n<\/ul>\n<p>&nbsp;<\/p>\n<p>Proposition du Conseil d&rsquo;administration : r\u00e9\u00e9lire M. Lex Bentner en tant que pr\u00e9sident du Conseil d&rsquo;administration pour un mandat allant jusqu&rsquo;\u00e0 la fin de la prochaine Assembl\u00e9e g\u00e9n\u00e9rale annuelle des actionnaires.<\/p>\n<p>&nbsp;<\/p>\n<p><em>Explication : Conform\u00e9ment \u00e0 l&rsquo;art. 698 al. 3 ch. 1 CO et aux statuts de LECLANCHE SA, l&rsquo;Assembl\u00e9e g\u00e9n\u00e9rale a la responsabilit\u00e9 d&rsquo;\u00e9lire le Pr\u00e9sident du Conseil d&rsquo;administration, qui est nomm\u00e9 pour une dur\u00e9e d&rsquo;un an, comme le pr\u00e9voit la loi.<\/em><\/p>\n<p><em>\u00a0<\/em><\/p>\n<ul>\n<li><strong>\u00c9lection \/ r\u00e9\u00e9lection du comit\u00e9 des nominations et des r\u00e9mun\u00e9rations<\/strong><\/li>\n<\/ul>\n<p>&nbsp;<\/p>\n<p>Proposition du Conseil d&rsquo;administration : \u00e9lire resp. r\u00e9\u00e9lire les membres suivants au Comit\u00e9 des nominations et des r\u00e9mun\u00e9rations, chacun pour un mandat allant jusqu&rsquo;\u00e0 la fin de la prochaine Assembl\u00e9e g\u00e9n\u00e9rale annuelle des actionnaires :<\/p>\n<ul>\n<li>Lex Bentner<\/li>\n<li>Christophe Manset<\/li>\n<li>Marc Lepi\u00e8ce<\/li>\n<\/ul>\n<p>&nbsp;<\/p>\n<p><em>Explication : Selon l&rsquo;art. 698 al. 3 ch. 2 CO et aux statuts de LECLANCHE SA, l&rsquo;Assembl\u00e9e g\u00e9n\u00e9rale est comp\u00e9tente pour l&rsquo;\u00e9lection des membres du Comit\u00e9 de r\u00e9mun\u00e9ration. Leur mandat est limit\u00e9 par la loi \u00e0 une ann\u00e9e et seuls les membres du Conseil d&rsquo;administration peuvent \u00eatre \u00e9lus. M. Alexander Rhea <\/em><em>n&rsquo;est pas candidat \u00e0 une r\u00e9\u00e9lection au comit\u00e9 de nomination et de r\u00e9mun\u00e9ration car il a d\u00e9missionn\u00e9 du Conseil d&rsquo;administration.<\/em><\/p>\n<p><em>\u00a0<\/em><\/p>\n<ol start=\"5\">\n<li><strong>Vote sur la r\u00e9mun\u00e9ration du Conseil d&rsquo;administration et du comit\u00e9 ex\u00e9cutif<\/strong><\/li>\n<\/ol>\n<p>&nbsp;<\/p>\n<ul>\n<li><strong>R\u00e9mun\u00e9ration du Conseil d&rsquo;administration<\/strong><\/li>\n<\/ul>\n<p>Proposition du Conseil d&rsquo;administration : approuver le montant global maximum de la r\u00e9mun\u00e9ration du Conseil d&rsquo;administration pour la p\u00e9riode allant jusqu&rsquo;\u00e0 l&rsquo;Assembl\u00e9e g\u00e9n\u00e9rale annuelle de 2025 de CHF 600&rsquo;000,00. Ce montant est identique \u00e0 celui de l&rsquo;ann\u00e9e pr\u00e9c\u00e9dente.<\/p>\n<p>&nbsp;<\/p>\n<p><em>Explication : Conform\u00e9ment \u00e0 l&rsquo;art. 698 al. 3 ch. 4 CO et aux statuts de LECLANCHE SA, il incombe \u00e0 l&rsquo;Assembl\u00e9e g\u00e9n\u00e9rale d&rsquo;approuver la r\u00e9mun\u00e9ration du Conseil d&rsquo;administration. L&rsquo;annexe 1 ci-jointe fournit de plus amples d\u00e9tails concernant les propositions de vote sur la r\u00e9mun\u00e9ration du Conseil d&rsquo;administration.<\/em><\/p>\n<p><em>\u00a0<\/em><\/p>\n<ul>\n<li><strong>R\u00e9mun\u00e9ration des membres du comit\u00e9 ex\u00e9cutif<\/strong><\/li>\n<\/ul>\n<p>&nbsp;<\/p>\n<p>Proposition du Conseil d&rsquo;administration <em>: <\/em>approuver le montant global maximum du Comit\u00e9 ex\u00e9cutif pour l&rsquo;exercice 2025 de CHF 2&rsquo;350&rsquo;000,00. Ce montant est le m\u00eame que celui approuv\u00e9 pour l&rsquo;exercice 2024.<\/p>\n<p>&nbsp;<\/p>\n<p><em>Explication : En vertu de l&rsquo;art. 698 al. 3 ch. 4 CO et aux statuts de LECLANCHE SA, l&rsquo;Assembl\u00e9e g\u00e9n\u00e9rale doit approuver la r\u00e9mun\u00e9ration du Comit\u00e9 ex\u00e9cutif. L&rsquo;annexe 1 ci-jointe fournit de plus amples d\u00e9tails concernant les propositions de vote sur les montants des r\u00e9mun\u00e9rations du Comit\u00e9 ex\u00e9cutif.<\/em><\/p>\n<p>&nbsp;<\/p>\n<ol start=\"6\">\n<li><strong>R\u00e9\u00e9lection du repr\u00e9sentant ind\u00e9pendant<\/strong><\/li>\n<\/ol>\n<p>&nbsp;<\/p>\n<p>Proposition du Conseil d&rsquo;administration : r\u00e9\u00e9lire Me. Manuel Isler, avocat, Gen\u00e8ve, en tant que repr\u00e9sentant ind\u00e9pendant jusqu&rsquo;\u00e0 la fin de la prochaine Assembl\u00e9e g\u00e9n\u00e9rale annuelle des actionnaires.<\/p>\n<p>&nbsp;<\/p>\n<p><em>Explication : Conform\u00e9ment \u00e0 l&rsquo;art. 698 al. 3 ch. 3 CO et aux statuts de LECLANCHE SA, l&rsquo;Assembl\u00e9e g\u00e9n\u00e9rale est charg\u00e9e d&rsquo;\u00e9lire le repr\u00e9sentant ind\u00e9pendant.<\/em><\/p>\n<p><strong>\u00a0<\/strong><\/p>\n<ol start=\"7\">\n<li><strong>R\u00e9\u00e9lection de l&rsquo;organe de r\u00e9vision<\/strong><\/li>\n<\/ol>\n<p>&nbsp;<\/p>\n<p>Proposition du Conseil d&rsquo;administration : r\u00e9\u00e9lire MAZARS SA, Lausanne, en tant qu&rsquo;organe de r\u00e9vision pour l&rsquo;exercice 2024.<\/p>\n<p>&nbsp;<\/p>\n<p><em>Explication : Conform\u00e9ment \u00e0 l&rsquo;art. 698 al. 2 ch. 2 CO et aux statuts de LECLANCHE SA, il incombe \u00e0 l&rsquo;Assembl\u00e9e g\u00e9n\u00e9rale annuelle d&rsquo;\u00e9lire l&rsquo;organe de r\u00e9vision.<\/em><\/p>\n<p>&nbsp;<\/p>\n<ol start=\"8\">\n<li><strong>Mesures de restructuration financi\u00e8re et augmentation du capital ordinaire<\/strong><\/li>\n<\/ol>\n<p>&nbsp;<\/p>\n<ul>\n<li><strong>Vue d&rsquo;ensemble<\/strong><\/li>\n<\/ul>\n<p>&nbsp;<\/p>\n<p>Au 31 d\u00e9cembre 2023, la soci\u00e9t\u00e9 \u00e9tait et reste surendett\u00e9e au sens de l&rsquo;art. 725b CO, mais dispose de suffisamment de cr\u00e9ances postpos\u00e9es pour couvrir les fonds propres n\u00e9gatifs. En 2023 et 2024, des dettes envers SEF-Lux<sup>1<\/sup> d&rsquo;un montant total d&rsquo;environ CHF 85&rsquo;301&rsquo;668,42 ont \u00e9t\u00e9 postpos\u00e9es, ce qui a permis d&rsquo;am\u00e9liorer temporairement la situation du bilan de la Soci\u00e9t\u00e9.<\/p>\n<p>&nbsp;<\/p>\n<p>Compte tenu de la situation de d\u00e9tresse financi\u00e8re de la Soci\u00e9t\u00e9, les mesures de restructuration financi\u00e8re suivantes sont propos\u00e9es afin d&rsquo;am\u00e9liorer la situation du bilan.<\/p>\n<p>&nbsp;<\/p>\n<p>Plus pr\u00e9cis\u00e9ment, le Conseil d&rsquo;administration propose (i) une conversion de la dette existante d&rsquo;un montant de CHF 84&rsquo;670&rsquo;025,30006 en fonds propres par le biais d&rsquo;une augmentation de capital ordinaire. Afin de rem\u00e9dier \u00e0 cette situation, le Conseil d&rsquo;administration a convenu avec SEF-Lux<a href=\"#_ftn1\" name=\"_ftnref1\">[1]<\/a>, Golden Partner Holding Co. S.\u00e0 r.l. (\u00ab\u00a0GP Holding\u00a0\u00bb) et Golden Partner SA (\u00ab\u00a0GPSA\u00a0\u00bb) de convertir une partie de la dette envers SEF-Lux<sup>1<\/sup>, GP Holding et GPSA d&rsquo;un montant total de CHF 84&rsquo;670&rsquo;025.30006 (la \u00ab\u00a0Dette\u00a0\u00bb) en 187&rsquo;685&rsquo;789 actions nominatives de la Soci\u00e9t\u00e9 d&rsquo;une valeur nominale de CHF 0.10 chacune, sous r\u00e9serve du respect des exigences pr\u00e9vues par le droit suisse et de l&rsquo;approbation de l&rsquo;Assembl\u00e9e g\u00e9n\u00e9rale des actionnaires de la Soci\u00e9t\u00e9 (la \u00ab\u00a0conversion de la dette en actions\u00a0\u00bb), (ii) la modification de l&rsquo;article 3<sup>quinquies<\/sup> des statuts de la Soci\u00e9t\u00e9 augmentant le capital conditionnel et introduisant d&rsquo;autres raisons importantes d&rsquo;\u00e9mettre des actions dans le cadre du capital conditionnel (voir point 9.1 de l&rsquo;ordre du jour) et (iii) l&rsquo;adoption de l&rsquo;article 3<sup>quater<\/sup> des statuts de la Soci\u00e9t\u00e9 augmentant la marge de fluctuation du capital et donnant des autorisations suppl\u00e9mentaires au Conseil d&rsquo;administration concernant les droits de souscription pr\u00e9f\u00e9rentiels (voir point 9.2 de l&rsquo;ordre du jour).<\/p>\n<p>&nbsp;<\/p>\n<p>Afin de mettre en \u0153uvre la conversion de la dette en capital, les droits de souscription pr\u00e9f\u00e9rentiels des actionnaires devront \u00eatre exclus dans le cadre de l&rsquo;augmentation de capital requise, qui doit \u00eatre approuv\u00e9e par les actionnaires \u00e0 la majorit\u00e9 qualifi\u00e9e.<\/p>\n<p>&nbsp;<\/p>\n<p>Les entit\u00e9s juridiques suivantes appartenant \u00e0 SEF-Lux, GP Holding et GPSA sont parties aux accords de financement concern\u00e9s et feront partie de la conversion propos\u00e9e de la dette en capital (les \u00ab\u00a0Cr\u00e9anciers\u00a0\u00bb), et elles se sont engag\u00e9es \u00e0 convertir les montants ci-dessous en capital:<\/p>\n<p>&nbsp;<\/p>\n<ul>\n<li>Strategic Equity Fund SCA SICAV RAIF &#8211; Renewable Energy (\u00ab\u00a0SEF-RE\u00a0\u00bb) (le cr\u00e9ancier pr\u00e9c\u00e9dent, Golden Partner Private Equity FOF, a fusionn\u00e9 avec SEF-RE \u00e0 partir du 30 novembre 2023) convertira des cr\u00e9ances de CHF 16&rsquo;116,62832 \u00e0 l&rsquo;encontre de la Soci\u00e9t\u00e9, consistant en des cr\u00e9ances d&rsquo;int\u00e9r\u00eats r\u00e9sultant d&rsquo;une erreur de calcul dans le cadre du calcul des int\u00e9r\u00eats relatifs aux contrats de pr\u00eat du 18 octobre 2021, du 22 novembre 2021 et du 10 d\u00e9cembre 2021 convertis en vertu de la convention de conversion du 26 octobre 2022 (les \u00ab\u00a0cr\u00e9ances d&rsquo;int\u00e9r\u00eats SEF\u00a0\u00bb) ;<\/li>\n<\/ul>\n<p>&nbsp;<\/p>\n<ul>\n<li>Strategic Equity Fund SCA SICAV RAIF &#8211; Renewable Energy (le cr\u00e9ancier pr\u00e9c\u00e9dent, Golden Partner Private Equity FOF, a fusionn\u00e9 avec SEF-RE \u00e0 partir du 30 novembre 2023) convertira des cr\u00e9ances de CHF 1&rsquo;104&rsquo;547,63068 \u00e0 l&rsquo;encontre de la Soci\u00e9t\u00e9 en vertu d&rsquo;un contrat de pr\u00eat avec la Soci\u00e9t\u00e9 dat\u00e9 du 7 f\u00e9vrier 2023, tel qu&rsquo;amend\u00e9 de temps \u00e0 autre et les int\u00e9r\u00eats dus (le \u00ab\u00a0Pr\u00eat SEF F\u00e9vrier 2023\u00a0\u00bb) ;<\/li>\n<\/ul>\n<p>&nbsp;<\/p>\n<ul>\n<li>Strategic Equity Fund SCA SICAV RAIF &#8211; Renewable Energy (le cr\u00e9ancier pr\u00e9c\u00e9dent, Golden Partner Private Equity FOF, a fusionn\u00e9 avec SEF-RE \u00e0 partir du 30 novembre 2023) convertira des cr\u00e9ances de CHF 1&rsquo;144&rsquo;986,17532 \u00e0 l&rsquo;encontre de la Soci\u00e9t\u00e9 en vertu d&rsquo;un contrat de pr\u00eat avec la Soci\u00e9t\u00e9 dat\u00e9 du 14 mars 2023, tel qu&rsquo;amend\u00e9 de temps \u00e0 autre et les int\u00e9r\u00eats dus (le \u00ab\u00a0Pr\u00eat SEF Premier Mars 2023\u00a0\u00bb);<\/li>\n<\/ul>\n<p>&nbsp;<\/p>\n<ul>\n<li>Strategic Equity Fund SCA SICAV RAIF &#8211; Renewable Energy (le cr\u00e9ancier pr\u00e9c\u00e9dent, Golden Partner Private Equity FOF, a fusionn\u00e9 avec SEF-RE \u00e0 partir du 30 novembre 2023) convertira des cr\u00e9ances de CHF 7&rsquo;429&rsquo;588,92624 \u00e0 l&rsquo;encontre de la Soci\u00e9t\u00e9 en vertu d&rsquo;un contrat de pr\u00eat avec la Soci\u00e9t\u00e9 dat\u00e9 du 22 mars 2023, tel qu&rsquo;amend\u00e9 de temps \u00e0 autre et les int\u00e9r\u00eats dus (le \u00ab\u00a0Pr\u00eat SEF Deuxi\u00e8me Mars 2023\u00a0\u00bb) ;<\/li>\n<\/ul>\n<p>&nbsp;<\/p>\n<ul>\n<li>Strategic Equity Fund SCA SICAV RAIF &#8211; Renewable Energy (le cr\u00e9ancier pr\u00e9c\u00e9dent, Golden Partner Private Equity FOF, a fusionn\u00e9 avec SEF-RE \u00e0 partir du 30 novembre 2023) convertira des cr\u00e9ances de CHF 6&rsquo;568&rsquo;460,18088 \u00e0 l&rsquo;encontre de la Soci\u00e9t\u00e9 en vertu d&rsquo;un contrat de pr\u00eat avec la Soci\u00e9t\u00e9 dat\u00e9 du 21 avril 2023, tel qu&rsquo;amend\u00e9 de temps \u00e0 autre et les int\u00e9r\u00eats dus (le \u00ab\u00a0Pr\u00eat SEF Avril 2023\u00a0\u00bb) ;<\/li>\n<\/ul>\n<p>&nbsp;<\/p>\n<ul>\n<li>Strategic Equity Fund SCA SICAV RAIF &#8211; Renewable Energy (le cr\u00e9ancier pr\u00e9c\u00e9dent, Golden Partner Private Equity FOF, a fusionn\u00e9 avec SEF-RE \u00e0 partir du 30 novembre 2023) convertira des cr\u00e9ances de CHF 7&rsquo;477&rsquo;566,86820 \u00e0 l&rsquo;encontre de la Soci\u00e9t\u00e9 en vertu d&rsquo;un contrat de pr\u00eat avec la Soci\u00e9t\u00e9 dat\u00e9 du 30 mai 2023, tel qu&rsquo;amend\u00e9 de temps \u00e0 autre et les int\u00e9r\u00eats dus (le \u00ab\u00a0Pr\u00eat SEF Mai 2023\u00a0\u00bb) ;<\/li>\n<\/ul>\n<p>&nbsp;<\/p>\n<ul>\n<li>Strategic Equity Fund SCA SICAV RAIF &#8211; Renewable Energy convertira des cr\u00e9ances de CHF 1&rsquo;132&rsquo;328,39148 \u00e0 l&rsquo;encontre de la Soci\u00e9t\u00e9 en vertu d&rsquo;un contrat de pr\u00eat avec la Soci\u00e9t\u00e9 dat\u00e9 du 13 juillet 2023, tel qu&rsquo;amend\u00e9 de temps \u00e0 autre et les int\u00e9r\u00eats dus (le \u00ab\u00a0Pr\u00eat SEF Pre- mier Juillet 2023\u00a0\u00bb) ;<\/li>\n<\/ul>\n<p>&nbsp;<\/p>\n<ul>\n<li>Strategic Equity Fund SCA SICAV RAIF &#8211; Renewable Energy convertira des cr\u00e9ances de CHF 565&rsquo;547,67204 \u00e0 l&rsquo;encontre de la Soci\u00e9t\u00e9 en vertu d&rsquo;un contrat de pr\u00eat avec la Soci\u00e9t\u00e9 dat\u00e9 du 17 juillet 2023, tel qu&rsquo;amend\u00e9 de temps \u00e0 autre et les int\u00e9r\u00eats dus (le \u00ab\u00a0Pr\u00eat SEF Deu- xi\u00e8me Juillet 2023\u00a0\u00bb) ;<\/li>\n<\/ul>\n<p>&nbsp;<\/p>\n<ul>\n<li>Strategic Equity Fund SCA SICAV RAIF &#8211; Renewable Energy convertira des cr\u00e9ances de CHF 8&rsquo;544&rsquo;889,99260 \u00e0 l&rsquo;encontre de la Soci\u00e9t\u00e9 en vertu d&rsquo;un contrat de pr\u00eat avec la Soci\u00e9t\u00e9 dat\u00e9 du 6 septembre 2023, tel qu&rsquo;amend\u00e9 de temps \u00e0 autre et les int\u00e9r\u00eats dus (le \u00ab\u00a0Pr\u00eat SEF Septembre 2023\u00a0\u00bb) ;<\/li>\n<\/ul>\n<p>&nbsp;<\/p>\n<ul>\n<li>Strategic Equity Fund SCA SICAV RAIF &#8211; Renewable Energy convertira des cr\u00e9ances de CHF 7&rsquo;847&rsquo;999,55420 \u00e0 l&rsquo;encontre de la Soci\u00e9t\u00e9 en vertu d&rsquo;un contrat de pr\u00eat avec la Soci\u00e9t\u00e9 dat\u00e9 du 23 octobre 2023, tel qu&rsquo;amend\u00e9 de temps \u00e0 autre et les int\u00e9r\u00eats dus (le \u00ab\u00a0Pr\u00eat SEF Octobre 2023\u00a0\u00bb) ;<\/li>\n<\/ul>\n<p>&nbsp;<\/p>\n<ul>\n<li>Strategic Equity Fund SCA SICAV RAIF &#8211; Renewable Energy convertira des cr\u00e9ances de CHF 5&rsquo;711&rsquo;657,24532 \u00e0 l&rsquo;encontre de la Soci\u00e9t\u00e9 en vertu d&rsquo;un contrat de pr\u00eat avec la Soci\u00e9t\u00e9 dat\u00e9 du 22 novembre 2023, tel qu&rsquo;amend\u00e9 de temps \u00e0 autre et les int\u00e9r\u00eats dus (le \u00ab\u00a0Pr\u00eat SEF Novembre 2023\u00a0\u00bb) ;<\/li>\n<\/ul>\n<p>&nbsp;<\/p>\n<ul>\n<li>Strategic Equity Fund SCA SICAV RAIF &#8211; Renewable Energy convertira des cr\u00e9ances de CHF 4&rsquo;584&rsquo;506,75124 \u00e0 l&rsquo;encontre de la Soci\u00e9t\u00e9 en vertu d&rsquo;un contrat de pr\u00eat avec la Soci\u00e9t\u00e9 dat\u00e9 du 21 d\u00e9cembre 2023, tel qu&rsquo;amend\u00e9 de temps \u00e0 autre et les int\u00e9r\u00eats dus (le \u00ab\u00a0Pr\u00eat SEF D\u00e9cembre 2023\u00a0\u00bb) ;<\/li>\n<\/ul>\n<p>&nbsp;<\/p>\n<ul>\n<li>Strategic Equity Fund SCA SICAV RAIF &#8211; Renewable Energy convertira des cr\u00e9ances de CHF 4&rsquo;424&rsquo;383,26096 \u00e0 l&rsquo;encontre de la Soci\u00e9t\u00e9 en vertu d&rsquo;un contrat de pr\u00eat avec la Soci\u00e9t\u00e9 dat\u00e9 du 22 janvier 2024, tel qu&rsquo;amend\u00e9 de temps \u00e0 autre et les int\u00e9r\u00eats dus (le \u00ab\u00a0Pr\u00eat SEF Jan- vier 2024\u00a0\u00bb) ;<\/li>\n<\/ul>\n<p>&nbsp;<\/p>\n<ul>\n<li>Strategic Equity Fund SCA SICAV RAIF &#8211; Renewable Energy convertira des cr\u00e9ances de CHF 3&rsquo;642&rsquo;397,22340 \u00e0 l&rsquo;encontre de la Soci\u00e9t\u00e9 en vertu d&rsquo;un contrat de pr\u00eat avec la Soci\u00e9t\u00e9 dat\u00e9 du 21 f\u00e9vrier 2024, tel qu&rsquo;amend\u00e9 de temps \u00e0 autre et les int\u00e9r\u00eats dus (le \u00ab\u00a0Pr\u00eat SEF F\u00e9- vrier 2024\u00a0\u00bb) ;<\/li>\n<\/ul>\n<p>&nbsp;<\/p>\n<ul>\n<li>Strategic Equity Fund SCA SICAV RAIF &#8211; Renewable Energy convertira des cr\u00e9ances de CHF 1&rsquo;642&rsquo;081,90848 \u00e0 l&rsquo;encontre de la Soci\u00e9t\u00e9 en vertu d&rsquo;un contrat de pr\u00eat avec la Soci\u00e9t\u00e9 dat\u00e9 du 26 mars 2024, tel qu&rsquo;amend\u00e9 de temps \u00e0 autre et les int\u00e9r\u00eats dus (le \u00ab\u00a0Pr\u00eat SEF Mars 2024\u00a0\u00bb) ;<\/li>\n<\/ul>\n<p>&nbsp;<\/p>\n<ul>\n<li>Strategic Equity Fund SCA SICAV RAIF &#8211; Renewable Energy convertira des cr\u00e9ances de CHF 5&rsquo;565&rsquo;547,66560 \u00e0 l&rsquo;encontre de la Soci\u00e9t\u00e9 en vertu d&rsquo;un contrat de pr\u00eat avec la Soci\u00e9t\u00e9 dat\u00e9 du 30 avril 2024, tel qu&rsquo;amend\u00e9 de temps \u00e0 autre et les int\u00e9r\u00eats dus (le \u00ab\u00a0Pr\u00eat SEF Avril 2024\u00a0\u00bb) ;<\/li>\n<\/ul>\n<p>&nbsp;<\/p>\n<ul>\n<li>Strategic Equity Fund SCA SICAV RAIF &#8211; Renewable Energy convertira des cr\u00e9ances de CHF 5&rsquo;417&rsquo;753,29680 \u00e0 l&rsquo;encontre de la Soci\u00e9t\u00e9 en vertu d&rsquo;un contrat de pr\u00eat avec la Soci\u00e9t\u00e9 dat\u00e9 du 21 mai 2024, tel qu&rsquo;amend\u00e9 de temps \u00e0 autre et les int\u00e9r\u00eats dus (le \u00ab\u00a0Pr\u00eat SEF Mai 2024\u00a0\u00bb) ;<\/li>\n<\/ul>\n<p>&nbsp;<\/p>\n<ul>\n<li>AM Investment S.C.A. SICAV &#8211; RAIF &#8211; Global Growth Sub-Fund (le cr\u00e9ancier pr\u00e9c\u00e9dent, AM Investment S.C.A. SICAV &#8211; FIS &#8211; Illiquid Assets Sub-Fund, a fusionn\u00e9 avec AM Investment S.C.A. SICAV &#8211; RAIF &#8211; Global Growth Sub-Fund \u00e0 partir du 30 novembre 2023) convertira des cr\u00e9ances de CHF 4&rsquo;509&rsquo;588,86508 \u00e0 l&rsquo;encontre de la Soci\u00e9t\u00e9 en vertu d&rsquo;un contrat de pr\u00eat avec la So- ci\u00e9t\u00e9 dat\u00e9 du 26 juillet 2023, tel qu&rsquo;amend\u00e9 de temps \u00e0 autre, et des int\u00e9r\u00eats dus (le \u00a0\u00bb Pr\u00eat AM Juillet 2023 \u00ab\u00a0) ;<\/li>\n<\/ul>\n<p>&nbsp;<\/p>\n<ul>\n<li>AM Investment S.C.A. SICAV &#8211; RAIF &#8211; Global Growth Sub-Fund (le cr\u00e9ancier pr\u00e9c\u00e9dent, AM Investment S.C.A. SICAV &#8211; FIS &#8211; Illiquid Assets Sub-Fund, a fusionn\u00e9 avec AM Investment S.C.A. SICAV &#8211; RAIF &#8211; Global Growth Sub-Fund \u00e0 partir du 30 novembre 2023) convertira des cr\u00e9ances de CHF 5&rsquo;269&rsquo;794,37140 \u00e0 l&rsquo;encontre de la Soci\u00e9t\u00e9 en vertu d&rsquo;un contrat de pr\u00eat avec la Soci\u00e9t\u00e9 dat\u00e9 du 10 ao\u00fbt 2023, tel qu&rsquo;amend\u00e9 de temps \u00e0 autre, et des int\u00e9r\u00eats dus (le \u00ab\u00a0Pr\u00eat AM Ao\u00fbt 2023\u00a0\u00bb) ;<\/li>\n<\/ul>\n<p>&nbsp;<\/p>\n<ul>\n<li>GP Holding convertira des cr\u00e9ances de CHF 1&rsquo;613&rsquo;273,68332 \u00e0 l&rsquo;encontre de la Soci\u00e9t\u00e9 en vertu d&rsquo;un contrat de pr\u00eat avec la Soci\u00e9t\u00e9 dat\u00e9 du 22 mars 2024, tel qu&rsquo;amend\u00e9 de temps \u00e0 autre, et des int\u00e9r\u00eats dus (le \u00ab\u00a0Pr\u00eat GP Mars 2024\u00a0\u00bb) ;<\/li>\n<\/ul>\n<p>&nbsp;<\/p>\n<ul>\n<li>GPSA convertira des cr\u00e9ances d&rsquo;un montant de CHF 457&rsquo;009,00850 \u00e0 l&rsquo;encontre de la Soci\u00e9t\u00e9 repr\u00e9sentant certains soldes impay\u00e9s d&rsquo;une facture de frais de facilitation et d&rsquo;arrangement dat\u00e9e du 30 ao\u00fbt 2020 et d&rsquo;une facture de frais de facilitation et d&rsquo;arrangement dat\u00e9e du 20 ao\u00fbt 2021 (la \u00ab\u00a0R\u00e9clamation GPSA\u00a0\u00bb).<\/li>\n<\/ul>\n<p>&nbsp;<\/p>\n<p>La Dette sera convertie en actions de la Soci\u00e9t\u00e9 au prix moyen pond\u00e9r\u00e9 en fonction du volume (VWAP) calcul\u00e9 sur les 60 jours pr\u00e9c\u00e9dant le 31 mai 2024 pour :<\/p>\n<p>&nbsp;<\/p>\n<ul>\n<li>R\u00e9clamation GPSA convertie \u00e0 85% du VWAP ; et<\/li>\n<\/ul>\n<p>&nbsp;<\/p>\n<ul>\n<li>tous les autres pr\u00eats \/ dettes de SEF Lux et GP Holding \u00e0 75% du VWAP.<\/li>\n<\/ul>\n<p>&nbsp;<\/p>\n<p>La conversion propos\u00e9e de la dette en capital servira \u00e0 am\u00e9liorer la situation financi\u00e8re de l&rsquo;entreprise et son bilan.<\/p>\n<p>&nbsp;<\/p>\n<p>Si l&rsquo;Assembl\u00e9e g\u00e9n\u00e9rale annuelle de 2024 l&rsquo;approuve, le Conseil d&rsquo;administration devra mettre en \u0153uvre la conversion de la Dette en actions dans les six mois suivant l&rsquo;Assembl\u00e9e g\u00e9n\u00e9rale des actionnaires. La mise en \u0153uvre n\u00e9cessite de satisfaire aux exigences de la SIX Swiss Exchange en ce qui concerne la cotation des nouvelles actions.<\/p>\n<p>&nbsp;<\/p>\n<ul>\n<li><strong>Augmentation du capital ordinaire par conversion de Dettes en capital<\/strong><\/li>\n<\/ul>\n<p>&nbsp;<\/p>\n<p>Proposition du Conseil d&rsquo;administration : Le Conseil d&rsquo;administration propose d&rsquo;augmenter le capital- actions de la soci\u00e9t\u00e9 d&rsquo;un montant maximum de CHF 18&rsquo;768&rsquo;578,90 pour le porter de 58&rsquo;611&rsquo;476,90 francs suisses \u00e0 un montant maximum de CHF 77&rsquo;380&rsquo;055,80 par le biais de deux augmentations de capital ordinaires comme suit :<\/p>\n<p>&nbsp;<\/p>\n<ul>\n<li><strong>Augmentation du capital ordinaire par la conversion de la cr\u00e9ance GPSA<\/strong><\/li>\n<\/ul>\n<p>&nbsp;<\/p>\n<ol>\n<li>Montant nominal total de l&rsquo;augmentation du capital-actions: CHF 89&rsquo;443,00<\/li>\n<li>Montant des contributions \u00e0 verser : CHF 457&rsquo;009,00850<a href=\"#_ftn2\" name=\"_ftnref2\">[2]<\/a><\/li>\n<li>Nombre, valeur nominale et type de nouvelles actions : 894,430 actions nominatives d&rsquo;une va- leur nominale de CHF 0,10 chacune<\/li>\n<li>Droits pr\u00e9f\u00e9rentiels des diff\u00e9rentes cat\u00e9gories : Aucun<\/li>\n<li>Prix d&rsquo;\u00e9mission : 85% du prix moyen pond\u00e9r\u00e9 en fonction du volume (\u00ab\u00a0VWAP\u00a0\u00bb) calcul\u00e9 sur les 60 jours pr\u00e9c\u00e9dant le 31 mai 2024 (CHF 0,51095) pour la cr\u00e9ance GPSA.<\/li>\n<li>D\u00e9but de l&rsquo;\u00e9ligibilit\u00e9 aux dividendes : Date d&rsquo;inscription de l&rsquo;augmentation de capital au registre du commerce<\/li>\n<li>Type d&rsquo;apport : Par compensation avec une cr\u00e9ance de CHF 457&rsquo;009,00850 de Golden Partner SA. En \u00e9change, le cr\u00e9ancier recevra 894&rsquo;430 actions nominatives enti\u00e8rement lib\u00e9r\u00e9es au prix d&rsquo;\u00e9mission de CHF 0,51095 par action.<\/li>\n<li>Avantages particuliers: Aucun<\/li>\n<li>Restriction \u00e0 la transmissibilit\u00e9 : Conform\u00e9ment aux statuts<\/li>\n<li>Droit de souscription pr\u00e9f\u00e9rentiel : La totalit\u00e9 de l&rsquo;augmentation nominale de CHF 89&rsquo;443,00 sera souscrite par Golden Partner SA, raison pour laquelle les droits de souscription pr\u00e9f\u00e9rentiels des actionnaires pour toutes les 894&rsquo;430 actions nouvellement \u00e9mises sont exclus.<\/li>\n<\/ol>\n<p>&nbsp;<\/p>\n<p>Sous r\u00e9serve de la r\u00e9alisation et de l&rsquo;enregistrement de cette augmentation de capital, l&rsquo;agio r\u00e9sultant sera imput\u00e9 sur les pertes report\u00e9es pour un montant de CHF 367&rsquo;566,01 \u00e0 des fins de restructuration.<\/p>\n<p>&nbsp;<\/p>\n<ul>\n<li><strong>Augmentation du capital ordinaire par la conversion des autres pr\u00eats \/ dettes de SEF-Lux et GP Holding<\/strong><\/li>\n<\/ul>\n<ol>\n<li>Montant nominal total maximum de l&rsquo;augmentation du capital-actions : montant maximum de CHF 18&rsquo;679&rsquo;135,90<\/li>\n<li>Montant maximum des contributions \u00e0 verser : montant maximum de CHF 84&rsquo;213&rsquo;016,29156<a href=\"#_ftn3\" name=\"_ftnref3\">[3]<\/a><\/li>\n<li>Nombre maximum, valeur nominale et type de nouvelles actions : 186&rsquo;791&rsquo;359 actions nominatives d&rsquo;une valeur nominale de CHF 0,10 chacune au maximum<\/li>\n<li>Droits pr\u00e9f\u00e9rentiels des diff\u00e9rentes cat\u00e9gories : Aucun<\/li>\n<li>Prix d&rsquo;\u00e9mission : 75% du VWAP calcul\u00e9 sur les 60 jours pr\u00e9c\u00e9dant le 31 mai 2024 (CHF 0,45084) pour tous les autres emprunts \/ dettes de SEF-Lux et GP Holding<\/li>\n<li>D\u00e9but de l&rsquo;\u00e9ligibilit\u00e9 aux dividendes : Date d&rsquo;inscription de l&rsquo;augmentation de capital au registre du commerce<\/li>\n<li>Type d&rsquo;apport: Par compensation de cr\u00e9ances pour un montant total maximum de CHF 84&rsquo;213&rsquo;016,29156 :\n<ul>\n<li>par compensation d&rsquo;une cr\u00e9ance de CHF 16&rsquo;116,62832 de Strategic Equity Fund SCA SICAV RAIF &#8211; Renewable Energy, Luxembourg. En \u00e9change, le cr\u00e9ancier recevra 35&rsquo;748 actions nomi- natives enti\u00e8rement lib\u00e9r\u00e9es au prix d&rsquo;\u00e9mission de CHF 0,45084 par action;<\/li>\n<li>par compensation d&rsquo;une cr\u00e9ance de CHF 1&rsquo;104&rsquo;547,63068 du Strategic Equity Fund SCA SICAV RAIF &#8211; Renewable Energy, Luxembourg. En \u00e9change, le cr\u00e9ancier recevra 2&rsquo;449&rsquo;977 actions no- minatives enti\u00e8rement lib\u00e9r\u00e9es au prix d&rsquo;\u00e9mission de CHF 0,45084 par action;<\/li>\n<li>par compensation d&rsquo;une cr\u00e9ance de CHF 1&rsquo;144&rsquo;986,17532 du Strategic Equity Fund SCA SICAV RAIF &#8211; Renewable Energy, Luxembourg. En \u00e9change, le cr\u00e9ancier recevra 2&rsquo;539&rsquo;673 actions no- minatives enti\u00e8rement lib\u00e9r\u00e9es au prix d&rsquo;\u00e9mission de CHF 0,45084 par action;<\/li>\n<li>par compensation d&rsquo;une cr\u00e9ance de CHF 7&rsquo;429&rsquo;588,92624 du Strategic Equity Fund SCA SICAV RAIF &#8211; Renewable Energy, Luxembourg. En \u00e9change, le cr\u00e9ancier recevra 16&rsquo;479&rsquo;436 actions no- minatives enti\u00e8rement lib\u00e9r\u00e9es au prix d&rsquo;\u00e9mission de CHF 0,45084 par action;<\/li>\n<li>par compensation d&rsquo;une cr\u00e9ance de CHF 6&rsquo;568&rsquo;460,18088 du Strategic Equity Fund SCA SICAV RAIF &#8211; Renewable Energy, Luxembourg. En \u00e9change, le cr\u00e9ancier recevra 14&rsquo;569&rsquo;382 actions no- minatives enti\u00e8rement lib\u00e9r\u00e9es au prix d&rsquo;\u00e9mission de CHF 0,45084 par action;<\/li>\n<li>par compensation d&rsquo;une cr\u00e9ance de CHF 7&rsquo;477&rsquo;566,86820 de Strategic Equity Fund SCA SICAV RAIF &#8211; Renewable Energy, Luxembourg. En \u00e9change, le cr\u00e9ancier recevra 16&rsquo;585&rsquo;855 actions no- minatives enti\u00e8rement lib\u00e9r\u00e9es au prix d&rsquo;\u00e9mission de CHF 0,45084 par action;<\/li>\n<li>par compensation d&rsquo;une cr\u00e9ance de CHF 1&rsquo;132&rsquo;328,39148 de Strategic Equity Fund SCA SICAV RAIF &#8211; Renewable Energy, Luxembourg. En \u00e9change, le cr\u00e9ancier recevra 2&rsquo;511&rsquo;597 actions no- minatives enti\u00e8rement lib\u00e9r\u00e9es au prix d&rsquo;\u00e9mission de CHF 0,45084 par action;<\/li>\n<li>par compensation d&rsquo;une cr\u00e9ance de CHF 565&rsquo;547,67204 de Strategic Equity Fund SCA SICAV RAIF &#8211; Renewable Energy, Luxembourg. En \u00e9change, le cr\u00e9ancier recevra 1&rsquo;254&rsquo;431 actions no- minatives enti\u00e8rement lib\u00e9r\u00e9es au prix d&rsquo;\u00e9mission de CHF 0,45084 par action;<\/li>\n<li>par compensation d&rsquo;une cr\u00e9ance de CHF 8&rsquo;544&rsquo;889,99260 de Strategic Equity Fund SCA SICAV RAIF &#8211; Renewable Energy, Luxembourg. En \u00e9change, le cr\u00e9ancier recevra 18&rsquo;953&rsquo;265 actions no- minatives enti\u00e8rement lib\u00e9r\u00e9es au prix d&rsquo;\u00e9mission de CHF 0,45084 par action;<\/li>\n<li>par compensation d&rsquo;une cr\u00e9ance de CHF 7&rsquo;847&rsquo;999,55420 de Strategic Equity Fund SCA SICAV RAIF &#8211; Renewable Energy, Luxembourg. En \u00e9change, le cr\u00e9ancier recevra 17&rsquo;407&rsquo;505 actions no- minatives enti\u00e8rement lib\u00e9r\u00e9es au prix d&rsquo;\u00e9mission de CHF 0,45084 par action;<\/li>\n<li>par compensation d&rsquo;une cr\u00e9ance de CHF 5&rsquo;711&rsquo;657,24532 de Strategic Equity Fund SCA SICAV RAIF &#8211; Renewable Energy, Luxembourg. En \u00e9change, le cr\u00e9ancier recevra 12&rsquo;668&rsquo;923 actions no- minatives enti\u00e8rement lib\u00e9r\u00e9es au prix d&rsquo;\u00e9mission de CHF 0,45084 par action;<\/li>\n<li>par compensation d&rsquo;une cr\u00e9ance de CHF 4&rsquo;584&rsquo;506,75124 du Strategic Equity Fund SCA SICAV RAIF &#8211; Renewable Energy, Luxembourg. En \u00e9change, le cr\u00e9ancier recevra 10&rsquo;168&rsquo;811 actions no- minatives enti\u00e8rement lib\u00e9r\u00e9es au prix d&rsquo;\u00e9mission de CHF 0,45084 par action;<\/li>\n<li>par compensation d&rsquo;une cr\u00e9ance de CHF 4&rsquo;424&rsquo;383,26096 du Strategic Equity Fund SCA SICAV RAIF &#8211; Renewable Energy, Luxembourg. En \u00e9change, le cr\u00e9ancier recevra 9&rsquo;813&rsquo;644 actions no- minatives enti\u00e8rement lib\u00e9r\u00e9es au prix d&rsquo;\u00e9mission de CHF 0,45084 par action;<\/li>\n<li>par compensation d&rsquo;une cr\u00e9ance de CHF 3&rsquo;642&rsquo;397,22340 du Strategic Equity Fund SCA SICAV RAIF &#8211; Renewable Energy, Luxembourg. En \u00e9change, le cr\u00e9ancier recevra 8&rsquo;079&rsquo;135 actions no- minatives enti\u00e8rement lib\u00e9r\u00e9es au prix d&rsquo;\u00e9mission de CHF 0,45084 par action;<\/li>\n<li>par compensation d&rsquo;une cr\u00e9ance de CHF 1&rsquo;642&rsquo;081,90848 du Strategic Equity Fund SCA SICAV RAIF &#8211; Renewable Energy, Luxembourg. En \u00e9change, le cr\u00e9ancier recevra 3&rsquo;642&rsquo;272 actions no- minatives enti\u00e8rement lib\u00e9r\u00e9es au prix d&rsquo;\u00e9mission de CHF 0,45084 par action;<\/li>\n<li>par compensation d&rsquo;une cr\u00e9ance de CHF 5&rsquo;565&rsquo;547,66560 du Strategic Equity Fund SCA SICAV RAIF &#8211; Renewable Energy, Luxembourg. En \u00e9change, le cr\u00e9ancier recevra 12&rsquo;344&rsquo;840 actions no- minatives enti\u00e8rement lib\u00e9r\u00e9es au prix d&rsquo;\u00e9mission de CHF 0,45084 par action;<\/li>\n<li>par compensation d&rsquo;une cr\u00e9ance de CHF 5&rsquo;417&rsquo;753,29680 du Strategic Equity Fund SCA SICAV RAIF &#8211; Renewable Energy, Luxembourg. En \u00e9change, le cr\u00e9ancier recevra 12&rsquo;017&rsquo;020 actions no- minatives enti\u00e8rement lib\u00e9r\u00e9es au prix d&rsquo;\u00e9mission de CHF 0,45084 par action;<\/li>\n<li>par compensation d&rsquo;une cr\u00e9ance de CHF 4&rsquo;509&rsquo;588,86508 de AM Investment S.C.A. SICAV &#8211; RAIF &#8211; Global Growth Sub-Fund, Luxembourg. En \u00e9change, le cr\u00e9ancier recevra 10&rsquo;002&rsquo;637 actions nominatives enti\u00e8rement lib\u00e9r\u00e9es au prix d&rsquo;\u00e9mission de CHF 0,45084 par action;<\/li>\n<li>par compensation d&rsquo;une cr\u00e9ance de CHF 5&rsquo;269&rsquo;794,37140 de AM Investment S.C.A. SICAV &#8211; RAIF &#8211; Global Growth Sub-Fund, Luxembourg. En \u00e9change, le cr\u00e9ancier recevra 11&rsquo;688&rsquo;835 actions nominatives enti\u00e8rement lib\u00e9r\u00e9es au prix d&rsquo;\u00e9mission de CHF 0,45084 par action;<\/li>\n<li>par compensation d&rsquo;une cr\u00e9ance de CHF 1&rsquo;613&rsquo;273,68332 de Golden Partner Holding, Luxembourg. En \u00e9change, le cr\u00e9ancier recevra 3&rsquo;578&rsquo;373 actions nominatives enti\u00e8rement lib\u00e9r\u00e9es au prix d&rsquo;\u00e9mission de CHF 0,45084 par action par action ;<\/li>\n<\/ul>\n<\/li>\n<li>Avantages particuliers: Aucun<\/li>\n<li>Restriction \u00e0 la transmissibilit\u00e9 : Conform\u00e9ment aux statuts<\/li>\n<li>Droits de souscription pr\u00e9f\u00e9rentiel : La totalit\u00e9 de l&rsquo;augmentation nominale d&rsquo;un montant maximum de CHF 18&rsquo;679&rsquo;135,90 sera souscrite par les Cr\u00e9anciers, c&rsquo;est pourquoi les droits de souscription pr\u00e9f\u00e9rentiels des actionnaires pour un maximum de 186&rsquo;791&rsquo;359 actions nouvellement \u00e9mises sont exclus.<\/li>\n<\/ol>\n<p>&nbsp;<\/p>\n<p>Sous r\u00e9serve de la r\u00e9alisation et de l&rsquo;enregistrement de cette augmentation de capital, la prime d&rsquo;\u00e9mission qui en r\u00e9sulte sera imput\u00e9e sur les pertes report\u00e9es pour un montant maximal de CHF 65&rsquo;533&rsquo;880,39 \u00e0 des fins de restructuration.<\/p>\n<p>&nbsp;<\/p>\n<p><em>Explication : La soci\u00e9t\u00e9 a des fonds propres n\u00e9gatifs et est surendett\u00e9e au sens de l&rsquo;art. 725b CO. Il est urgent de rem\u00e9dier \u00e0 cette situation et de restructurer financi\u00e8rement la soci\u00e9t\u00e9. Afin d&rsquo;am\u00e9liorer la situation financi\u00e8re de la soci\u00e9t\u00e9 et la position de son bilan, il est propos\u00e9 de proc\u00e9der \u00e0 une conversion de dettes en actions, consistant en deux tranches de capital nouvellement \u00e9mises. Afin de mettre en \u0153uvre la conversion des dettes en actions et d&rsquo;\u00e9mettre le nombre requis d&rsquo;actions nouvelles aux Cr\u00e9anciers, il est n\u00e9cessaire d&rsquo;augmenter le capital-actions de la Soci\u00e9t\u00e9 pour un montant nominal total maximum de CHF 18&rsquo;768&rsquo;578,90, excluant ainsi les droits de souscription pr\u00e9f\u00e9rentiels des actionnaires. Conform\u00e9ment \u00e0 l&rsquo;art. 650 CO, il incombe \u00e0 l&rsquo;Assembl\u00e9e g\u00e9n\u00e9rale d&rsquo;approuver une augmentation ordinaire du capital-actions ; pour les deux augmentations de capital propos\u00e9es afin de r\u00e9aliser la conversion des dettes en capital, un quorum qualifi\u00e9 est requis conform\u00e9ment \u00e0 l&rsquo;art. 704 al. 1 ch. 3 et ch. 4 CO. Il s&rsquo;applique en raison de la nature de la conversion des dettes en capital avec compensation des cr\u00e9ances r\u00e9sultant de la souscription d&rsquo;actions nouvelles et de l&rsquo;exclusion du droit pr\u00e9f\u00e9rentiel de souscription des actionnaires. Afin de pouvoir b\u00e9n\u00e9ficier d&rsquo;une exon\u00e9ration du droit de timbre, il est propos\u00e9 qu&rsquo;\u00e0 des fins comptables, la prime d&rsquo;\u00e9mission cr\u00e9\u00e9e par les augmentations de capital soit instantan\u00e9ment compens\u00e9e par les pertes report\u00e9es \u00e0 la date de r\u00e9alisation des augmentations de capital.<\/em><\/p>\n<p><em>\u00a0<\/em><\/p>\n<ol start=\"9\">\n<li><strong>Augmentation et modification du capital conditionnel et adoption de la marge de fluctuation du capital<\/strong><\/li>\n<\/ol>\n<p>&nbsp;<\/p>\n<ul>\n<li><strong>Augmentation et modification du capital conditionnel<\/strong><\/li>\n<\/ul>\n<p>Proposition du Conseil d&rsquo;administration : Sous r\u00e9serve de l&rsquo;approbation du point 8.2 de l&rsquo;agenda concernant l&rsquo;augmentation du capital ordinaire de la Soci\u00e9t\u00e9 et de la r\u00e9alisation de cette augmentation, le Conseil d&rsquo;administration propose de modifier l&rsquo;article 3<sup>quinquies<\/sup> des statuts, l&rsquo;autorisation du Conseil d&rsquo;administration et d&rsquo;augmenter le montant des actions \u00e0 \u00e9mettre \u00e0 partir du capital conditionnel de la Soci\u00e9t\u00e9, ainsi que d&rsquo;inclure d&rsquo;autres circonstances dans lesquelles le Conseil d&rsquo;administration peut exclure les droits de souscription pr\u00e9f\u00e9rentiels des actionnaires, lors de l&rsquo;\u00e9mission d&rsquo;actions \u00e0 partir du capital conditionnel.<\/p>\n<p>&nbsp;<\/p>\n<p>&nbsp;<\/p>\n<p>&nbsp;<\/p>\n<p>&nbsp;<\/p>\n<p>&nbsp;<\/p>\n<table>\n<tbody>\n<tr>\n<td width=\"274\">ans, et les options peuvent \u00eatre exerc\u00e9es durant une p\u00e9riode maximale de 7 ans, dans les deux cas d\u00e8s la date d&rsquo;\u00e9mission respective.<\/p>\n<p>&nbsp;<\/p>\n<p>Les nouvelles actions nominatives sont as- sujetties aux restrictions de transmissibilit\u00e9 pr\u00e9vues \u00e0 l&rsquo;article 4 des Statuts de la Soci\u00e9t\u00e9.<\/td>\n<td width=\"57\"><\/td>\n<td width=\"264\">Les droits de conversion<u>\/d&rsquo;option<\/u> peuvent \u00eatre exerc\u00e9s pendant une p\u00e9riode de maximum 10 ans, <span style=\"text-decoration: line-through;\">et les options peuvent<\/span> <span style=\"text-decoration: line-through;\">\u00eatre exerc\u00e9es durant une p\u00e9riode maxi-<\/span> <span style=\"text-decoration: line-through;\">male de 7 ans, dans les deux cas <\/span>d\u00e8s la date d&rsquo;\u00e9mission <span style=\"text-decoration: line-through;\">respective<\/span>.<\/p>\n<p>&nbsp;<\/p>\n<p>Les nouvelles actions nominatives sont assujetties aux restrictions de transmissibilit\u00e9 pr\u00e9vues \u00e0 l&rsquo;article 4 des Statuts de la Soci\u00e9t\u00e9.<\/td>\n<\/tr>\n<\/tbody>\n<\/table>\n<p>&nbsp;<\/p>\n<p>&nbsp;<\/p>\n<p><em>Explication : Si les augmentations de capital propos\u00e9es au point 8.2 de l&rsquo;ordre du jour sont approuv\u00e9es par l&rsquo;Assembl\u00e9e g\u00e9n\u00e9rale, une augmentation du capital conditionnel, l&rsquo;ajout d&rsquo;\u00e9v\u00e9nements suppl\u00e9mentaires et la suppression d&rsquo;\u00e9v\u00e9nements, dans le cadre desquels le Conseil d&rsquo;administration peut exclure ou restreindre les droits de souscription pr\u00e9f\u00e9rentiels des actionnaires, donnent au Conseil d&rsquo;administration une plus grande flexibilit\u00e9 et la possibilit\u00e9 de lever des fonds suppl\u00e9mentaires et d&rsquo;am\u00e9liorer la situation financi\u00e8re de la Soci\u00e9t\u00e9.<\/em><\/p>\n<p><em>\u00a0<\/em><\/p>\n<ul>\n<li><strong>Adoption de la marge de fluctuation du capital<\/strong><\/li>\n<\/ul>\n<p>&nbsp;<\/p>\n<p>Proposition du Conseil d&rsquo;administration : Sous r\u00e9serve de l&rsquo;approbation du point 8.2 de l&rsquo;ordre du jour concernant l&rsquo;augmentation de capital ordinaire de la soci\u00e9t\u00e9 et de la r\u00e9alisation de cette augmentation, le Conseil d&rsquo;administration propose d&rsquo;adopter un nouvel article 3<sup>quater<\/sup> des statuts et de permettre au Conseil d&rsquo;administration d&rsquo;augmenter le capital-actions de la soci\u00e9t\u00e9 en \u00e9mettant jusqu&rsquo;\u00e0 384&rsquo;663&rsquo;877 nouvelles actions ou de r\u00e9duire le capital-actions en \u00e9liminant jusqu&rsquo;\u00e0 384&rsquo;663&rsquo;877 actions.<\/p>\n<p>&nbsp;<\/p>\n<p>&nbsp;<\/p>\n<p>&nbsp;<\/p>\n<p>&nbsp;<\/p>\n<table>\n<tbody>\n<tr>\n<td width=\"274\">Article 3<sup>quater<\/sup> (ancien)<\/td>\n<td width=\"57\"><\/td>\n<td width=\"264\">Article 3<sup>quater<\/sup> (nouveau)<\/td>\n<\/tr>\n<tr>\n<td width=\"274\">Le Conseil d&rsquo;Administration est autoris\u00e9 jusqu&rsquo;au 28 juin 2028, (i) \u00e0 augmenter le capital-actions de la Soci\u00e9t\u00e9 par le biais d&rsquo;une ou plusieurs augmentations jusqu&rsquo;\u00e0 un maximum the CHF 87&rsquo;917&rsquo;215.30, par l&rsquo;\u00e9mission d&rsquo;un maximum de 293&rsquo;057&rsquo;384 nouvelles actions nominatives enti\u00e8rement lib\u00e9r\u00e9es d&rsquo;une valeur nominale de 0.10 CHF chacune et\/ou (ii) \u00e0 r\u00e9duire le capital actions de la Soci\u00e9t\u00e9 par le biais d&rsquo;une ou plu- sieurs r\u00e9ductions jusqu&rsquo;\u00e0 un minimum de CHF 29&rsquo;305&rsquo;738.50. Une r\u00e9duction du capital peut \u00eatre effectu\u00e9e par la suppression d&rsquo;un maximum de 293&rsquo;057&rsquo;384 actions nominatives d&rsquo;une valeur nominale de CHF<\/p>\n<p>0.10 chacune et\/ou par la r\u00e9duction de la valeur nominale.<\/p>\n<p>&nbsp;<\/p>\n<p>Une augmentation du capital-actions par prise ferme par une institution financi\u00e8re, un syndicat d&rsquo;institutions financi\u00e8res ou une autre partie tierce ou des tiers, suivie<\/td>\n<td width=\"57\"><\/td>\n<td width=\"264\">Le Conseil d&rsquo;Administration est autoris\u00e9 jusqu&rsquo;au 28 juin <u>2029<\/u>, (i) \u00e0 augmenter le capital-actions de la Soci\u00e9t\u00e9 par le biais d&rsquo;une ou plusieurs augmentations jusqu&rsquo;\u00e0 un maximum de CHF <u>115,399,163,20<\/u>, par l&rsquo;\u00e9mission d&rsquo;un maximum de <u>384&rsquo;663&rsquo;877<\/u> nouvelles actions nominatives enti\u00e8re- ment lib\u00e9r\u00e9es d&rsquo;une valeur nominale de CHF 0.10 chacune et\/ou (ii) \u00e0 r\u00e9duire le capital actions de la Soci\u00e9t\u00e9 par le biais d&rsquo;une ou plusieurs r\u00e9ductions jusqu&rsquo;\u00e0 un minimum de CHF <u>38&rsquo;466&rsquo;387,80<\/u>. Une r\u00e9duction du capital peut \u00eatre effectu\u00e9e par la suppression d&rsquo;un maximum de <u>384&rsquo;663&rsquo;877 <\/u>actions nominatives d&rsquo;une valeur nominale de CHF 0.10 chacune et\/ou par la r\u00e9duction de la valeur nominale.<\/p>\n<p>Une augmentation du capital-actions par prise ferme par une institution financi\u00e8re, un syndicat d&rsquo;institutions financi\u00e8res ou<\/td>\n<\/tr>\n<\/tbody>\n<\/table>\n<p>&nbsp;<\/p>\n<table width=\"595\">\n<tbody>\n<tr>\n<td width=\"274\">d&rsquo;une offre aux actionnaires existants de la Soci\u00e9t\u00e9 est autoris\u00e9e.<\/p>\n<p>&nbsp;<\/p>\n<p>En cas d&rsquo;augmentation du capital-actions:<\/p>\n<p>&nbsp;<\/p>\n<p>(1)\u00a0\u00a0\u00a0 Le conseil d&rsquo;administration fixe la date d&rsquo;\u00e9mission, le prix d&rsquo;\u00e9mission, le type d&rsquo;apports, le moment de la naissance du droit aux dividendes, les conditions d&rsquo;exercice des droits pr\u00e9f\u00e9rentiels de souscription, et la r\u00e9partition des droits de pr\u00e9emption pr\u00e9f\u00e9rentiels non exerc\u00e9s.<\/p>\n<p>(2)\u00a0 Le conseil d&rsquo;administration a le droit<\/p>\n<p>d\u2019autoriser, de restreindre, ou de supprimer les droits de souscription pr\u00e9f\u00e9rentiels. Le conseil d&rsquo;administration peut supprimer les droits de souscription pr\u00e9f\u00e9rentiels non exerc\u00e9s ou peut attribuer ces droits ou actions aux conditions du march\u00e9 ou les utiliser de toute autre mani\u00e8re dans l&rsquo;int\u00e9r\u00eat de la Soci\u00e9t\u00e9.<\/p>\n<p>(3)\u00a0\u00a0\u00a0 Une lib\u00e9ration par conversion de fonds propres dont la Soci\u00e9t\u00e9 peut librement disposer (y compris au moyen de r\u00e9serves d&rsquo;apport au capital de la soci\u00e9t\u00e9) conform\u00e9ment \u00e0 l&rsquo;article 652d CO est possible jusqu&rsquo;au prix total d&rsquo;\u00e9mission de chaque action.<\/p>\n<p>(4)\u00a0\u00a0\u00a0 Le conseil d&rsquo;administration peut suppri- mer ou limiter le droit de souscription pr\u00e9f\u00e9rentiel et peut l&rsquo;attribuer \u00e0 des actionnaires individuellement ou \u00e0 des tiers dans les cas suivants :<\/p>\n<p>1)\u00a0\u00a0\u00a0\u00a0\u00a0 En relation avec le Contrat de pr\u00eat con- vertible de Recharge ApS (\u00abRecharge\u00bb) et ACE Energy Efficiency SPC (\u00abACE\u00bb) date du 7 d\u00e9cembre 2014 (le \u00abPr\u00eat convertible de Recharge\/ACE\u00bb), comme plusieurs fois modifie, les pr\u00eateurs \u00e9taient en droit de payer tout ou partie du prix d&rsquo;\u00e9mission par compensation des cr\u00e9ances accord\u00e9es en vertu du Pr\u00eat convertible de Recharge\/ACE; ou<\/p>\n<p>&nbsp;<\/p>\n<p>&nbsp;<\/p>\n<p>2)\u00a0\u00a0\u00a0\u00a0\u00a0 En relation avec le Pr\u00eat convertible de Recharge\/ACE, ponctuellement modifi\u00e9, si<\/td>\n<td width=\"57\"><\/td>\n<td width=\"264\">une autre partie tierce ou des tiers, suivie d&rsquo;une offre aux actionnaires existants de la Soci\u00e9t\u00e9 est autoris\u00e9e.<\/p>\n<p>&nbsp;<\/p>\n<p>En cas d&rsquo;augmentation du capital-actions:<\/p>\n<p>&nbsp;<\/p>\n<p>(1)\u00a0\u00a0\u00a0 Le conseil d&rsquo;administration fixe la date d&rsquo;\u00e9mission, le prix d&rsquo;\u00e9mission, le type d&rsquo;apports, le moment de la naissance du droit aux dividendes, les conditions d&rsquo;exercice des droits pr\u00e9f\u00e9rentiels de souscription, et la r\u00e9partition des droits de pr\u00e9emption non exerc\u00e9s.<\/p>\n<p>(2)\u00a0\u00a0\u00a0 Le conseil d&rsquo;administration a le droit d\u2019autoriser, de restreindre, ou de supprimer les droits de souscription pr\u00e9f\u00e9rentiels. Le conseil d&rsquo;administration peut supprimer les droits de souscription pr\u00e9f\u00e9rentiels non exerc\u00e9s ou peut attribuer ces droits ou actions aux conditions du march\u00e9 ou les utiliser de toute autre mani\u00e8re dans l&rsquo;int\u00e9r\u00eat de la Soci\u00e9t\u00e9.<\/p>\n<p>(3)\u00a0\u00a0\u00a0 Une lib\u00e9ration par conversion de fonds propres dont la Soci\u00e9t\u00e9 peut librement disposer (y compris au moyen de r\u00e9serves d&rsquo;apport au capital de la soci\u00e9t\u00e9) conform\u00e9ment \u00e0 l&rsquo;article 652d CO est possible jusqu&rsquo;au prix total d&rsquo;\u00e9mission de chaque action.<\/p>\n<p>(4)\u00a0\u00a0\u00a0 Le conseil d&rsquo;administration peut sup- primer ou limiter le droit de souscription pr\u00e9f\u00e9rentiel et peut l&rsquo;attribuer \u00e0 des actionnaires individuellement ou \u00e0 des tiers dans les cas suivants :<\/p>\n<p><span style=\"text-decoration: line-through;\">1)\u00a0\u00a0\u00a0\u00a0\u00a0 <\/span><span style=\"text-decoration: line-through;\">\u00a0En relation avec le Contrat de pr\u00eat con-<\/span> <span style=\"text-decoration: line-through;\">vertible de Recharge ApS (\u00abRecharge\u00bb) et<\/span> <span style=\"text-decoration: line-through;\">ACE Energy Efficiency SPC (\u00abACE\u00bb) date<\/span> <span style=\"text-decoration: line-through;\">du 7 d\u00e9cembre 2014 (le \u00abPr\u00eat convertible<\/span> <span style=\"text-decoration: line-through;\">de Recharge\/ACE\u00bb), comme plusieurs fois<\/span> <span style=\"text-decoration: line-through;\">modifie, les pr\u00eateurs \u00e9taient en droit de<\/span> <span style=\"text-decoration: line-through;\">payer tout ou partie du prix d&rsquo;\u00e9mission<\/span> <span style=\"text-decoration: line-through;\">par compensation des cr\u00e9ances accord\u00e9es<\/span> <span style=\"text-decoration: line-through;\">en vertu du Pr\u00eat convertible de Re-<\/span> <span style=\"text-decoration: line-through;\">charge\/ACE; ou<\/span><\/p>\n<p>&nbsp;<\/p>\n<p><span style=\"text-decoration: line-through;\">2)\u00a0\u00a0\u00a0\u00a0\u00a0 <\/span><span style=\"text-decoration: line-through;\">\u00a0En relation avec le Pr\u00eat convertible de<\/span> <span style=\"text-decoration: line-through;\">Recharge\/ACE, ponctuellement modifi\u00e9, si<\/span> <span style=\"text-decoration: line-through;\">les pr\u00eateurs requi\u00e8rent que la Soci\u00e9t\u00e9 pro-<\/span> <span style=\"text-decoration: line-through;\">c\u00e8de \u00e0 une augmentation de capital; ou<\/span><\/td>\n<\/tr>\n<tr>\n<td width=\"274\">les pr\u00eateurs requi\u00e8rent que la Soci\u00e9t\u00e9 pro- c\u00e8de \u00e0 une augmentation de capital; ou<\/p>\n<p>&nbsp;<\/p>\n<p>&nbsp;<\/p>\n<p>3)\u00a0\u00a0\u00a0\u00a0\u00a0 En relation avec le financement et le refi- nancement des investissements de la So- ci\u00e9t\u00e9 ou les acquisitions (y compris le rachat d\u2019une entreprise ou de titres de participation) ou le financement ou refinancement d&rsquo;acquisitions par la Soci\u00e9t\u00e9 (par des fonds propres ou par des pr\u00eats convertibles); ou<\/p>\n<p>&nbsp;<\/p>\n<p>4)\u00a0\u00a0\u00a0\u00a0\u00a0 En relation avec les options conf\u00e9r\u00e9es \u00e0 Talisman Infrastructure International Ltd, une compagnie associ\u00e9e avec Talisman Infrastructure Ventures LLP; ou<\/p>\n<p>&nbsp;<\/p>\n<p>5)\u00a0\u00a0\u00a0\u00a0\u00a0 Afin de conf\u00e9rer une option d&rsquo;attribution exc\u00e9dentaire (Greenshoe) jusqu&rsquo;\u00e0 20% du nombre total d&rsquo;actions dans un placement ou une vente d\u2019actions \u00e0 l&rsquo;acqu\u00e9reur initial ou au souscripteur; ou<\/p>\n<p>&nbsp;<\/p>\n<p>6)\u00a0\u00a0\u00a0\u00a0\u00a0 Afin d\u2019utiliser les actions \u00e0 titre de con- trepartie en cas de fusions, acquisitions ou investissements de la Soci\u00e9t\u00e9 ; ou<\/p>\n<p>&nbsp;<\/p>\n<p>7)\u00a0\u00a0\u00a0\u00a0\u00a0 \u00c9mettre de Nouvelles actions si le prix d\u2019\u00e9mission est d\u00e9termin\u00e9 en fonction du prix du march\u00e9 ; ou<\/p>\n<p>&nbsp;<\/p>\n<p>8)\u00a0\u00a0\u00a0\u00a0\u00a0 Pour \u00e9largir la base de l\u2019actionnariat sur des march\u00e9s financiers et institutionnels ou en rapport avec l\u2019\u00e9mission de Nouvelles actions sur le march\u00e9 boursier domestique ou \u00e9tranger ; ou<\/p>\n<p>&nbsp;<\/p>\n<p>9)\u00a0 Pour l\u2019octroi d\u2019actions sur le plan natio-<\/p>\n<p>nal et international afin d\u2019augmenter les actions flottantes ou pour satisfaire aux exigences de cotation ; ou<\/p>\n<p>&nbsp;<\/p>\n<p>10)\u00a0 Pour la participation d\u2019investisseurs ou<\/p>\n<p>de partenaires strat\u00e9giques ; ou<\/p>\n<p>&nbsp;<\/p>\n<p>11)\u00a0\u00a0 Pour une restructuration financi\u00e8re, en particulier la conversion de dettes en capital ; ou<\/p>\n<p>&nbsp;<\/p>\n<p>12)\u00a0\u00a0 Pour augmenter rapidement et avec flexibilit\u00e9 le capital (incluant des place-<\/td>\n<td width=\"57\"><\/td>\n<td width=\"264\">1)\u00a0\u00a0\u00a0\u00a0\u00a0 En relation avec le financement et le refinancement des investissements de la Soci\u00e9t\u00e9 ou les acquisitions (y compris le rachat d\u2019une entreprise ou de titres de participation) ou le financement ou refinancement d&rsquo;acquisitions par la Soci\u00e9t\u00e9 (par des fonds propres ou par des pr\u00eats convertibles); ou<\/p>\n<p>&nbsp;<\/p>\n<p><span style=\"text-decoration: line-through;\">4) En relation avec les options conf\u00e9r\u00e9es \u00e0<\/span> <span style=\"text-decoration: line-through;\">Talisman Infrastructure International Ltd,<\/span> <span style=\"text-decoration: line-through;\">une compagnie associ\u00e9e avec Talisman In-<\/span> <span style=\"text-decoration: line-through;\">frastructure Ventures LLP; ou<\/span><\/p>\n<p>&nbsp;<\/p>\n<p>2)\u00a0\u00a0\u00a0\u00a0\u00a0 Afin de conf\u00e9rer une option d&rsquo;attribu- tion exc\u00e9dentaire (Greenshoe) jusqu&rsquo;\u00e0 20% du nombre total d&rsquo;actions dans un placement ou une vente d\u2019actions \u00e0 l&rsquo;acqu\u00e9reur initial ou au souscripteur; ou<\/p>\n<p>&nbsp;<\/p>\n<p>3)\u00a0\u00a0\u00a0\u00a0\u00a0 Afin d\u2019utiliser les actions \u00e0 titre de con- trepartie en cas de fusions, acquisitions ou investissements de la Soci\u00e9t\u00e9 <u>et\/ou<\/u> <u>dans le cadre d&rsquo;options accord\u00e9es \u00e0 des<\/u> <u>investisseurs strat\u00e9giques\/financiers\/partenaires de coentreprise; ou<\/u><\/p>\n<p>&nbsp;<\/p>\n<p>4)\u00a0\u00a0\u00a0\u00a0\u00a0 <u>Pour l&rsquo;\u00e9mission d&rsquo;actions ou la conver-<\/u> <u>sion de titres de cr\u00e9ance convertibles,<\/u> <u>d&rsquo;obligations, de pr\u00eats et de formes similaires de financement de la Soci\u00e9t\u00e9 ou<\/u> <u>d&rsquo;une filiale, qui sont \u00e9mis \u00e0 des fins<\/u> <u>d&rsquo;investissement ou d&rsquo;acquisition ; ou<\/u><\/p>\n<p>&nbsp;<\/p>\n<p>5)\u00a0\u00a0\u00a0\u00a0\u00a0 \u00c9mettre de Nouvelles actions si le prix d\u2019\u00e9mission est d\u00e9termin\u00e9 en fonction du prix du march\u00e9 ; ou<\/p>\n<p>&nbsp;<\/p>\n<p>6)\u00a0 Pour \u00e9largir la base de l\u2019actionnariat sur<\/p>\n<p>des march\u00e9s financiers et institutionnels ou en rapport avec l\u2019\u00e9mission de Nouvelles actions sur le march\u00e9 boursier domestique ou \u00e9tranger ; ou<\/p>\n<p>&nbsp;<\/p>\n<p>7)\u00a0\u00a0\u00a0\u00a0\u00a0 Pour l\u2019octroi d\u2019actions sur le plan natio- nal et international afin d\u2019augmenter les actions flottantes ou pour satisfaire aux exigences de cotation ; ou<\/p>\n<p>&nbsp;<\/p>\n<p>8)\u00a0 Pour la participation d\u2019investisseurs ou<\/p>\n<p>de partenaires strat\u00e9giques ; ou<\/td>\n<\/tr>\n<\/tbody>\n<\/table>\n<p>&nbsp;<\/p>\n<table>\n<tbody>\n<tr>\n<td width=\"274\">ments priv\u00e9s) qui ne pourrait que difficilement r\u00e9ussir sans du droit pr\u00e9f\u00e9rentiel de souscription des actionnaires actuels.<\/p>\n<p>&nbsp;<\/p>\n<p>Dans les limites de cette marge de fluctuation du capital, le Conseil d&rsquo;administration est \u00e9galement autoris\u00e9 \u00e0 proc\u00e9der \u00e0 des r\u00e9ductions de capital-actions par voie de r\u00e9duction de la valeur nominale, une ou plu- sieurs fois par an, et verser le montant de la r\u00e9duction aux actionnaires apr\u00e8s adaptation des statuts.<\/p>\n<p>&nbsp;<\/p>\n<p>Les nouvelles actions nominatives sont as- sujetties aux restrictions de transmissibilit\u00e9 pr\u00e9vues \u00e0 l&rsquo;article 4 des Statuts de la Soci\u00e9t\u00e9.<\/td>\n<td width=\"57\"><\/td>\n<td width=\"264\">9)\u00a0\u00a0\u00a0\u00a0\u00a0 Pour une restructuration financi\u00e8re, en particulier la conversion de dettes en capital ; ou<\/p>\n<p>&nbsp;<\/p>\n<p>10)\u00a0\u00a0 Pour augmenter rapidement et avec flexibilit\u00e9 le capital (incluant des place- ments priv\u00e9s pour lever des fonds propres) qui ne pourrait que difficilement r\u00e9ussir sans l\u2019exclusion du droit pr\u00e9f\u00e9rentiel de souscription des actionnaires actuels.<\/p>\n<p>&nbsp;<\/p>\n<p>Dans les limites de cette marge de fluc- tuation du capital, le Conseil d&rsquo;administration est \u00e9galement autoris\u00e9 \u00e0 proc\u00e9der \u00e0 des r\u00e9ductions de capital-actions par voie de r\u00e9duction de la valeur nominale, une ou plusieurs fois par an, et verser le mon- tant de la r\u00e9duction aux actionnaires apr\u00e8s adaptation des statuts.<\/p>\n<p>&nbsp;<\/p>\n<p>Les nouvelles actions nominatives sont assujetties aux restrictions de transmissibilit\u00e9 pr\u00e9vues \u00e0 l&rsquo;article 4 des Statuts de la Soci\u00e9t\u00e9.<\/p>\n<p>&nbsp;<\/p>\n<p><u>Le Conseil d&rsquo;administration a le droit<\/u> <u>d&rsquo;autoriser, de restreindre ou d&rsquo;exclure le<\/u> <u>commerce des droits pr\u00e9f\u00e9rentiels de<\/u> <u>souscription. Il peut permettre l&rsquo;expiration<\/u> <u>des droits pr\u00e9f\u00e9rentiels de souscription<\/u> <u>qui n&rsquo;ont pas \u00e9t\u00e9 d\u00fbment exerc\u00e9s, ou pla-<\/u> <u>cer ces droits ou les actions pour les-<\/u> <u>quelles des droits pr\u00e9f\u00e9rentiels de sous-<\/u> <u>cription ont \u00e9t\u00e9 accord\u00e9s, mais n&rsquo;ont pas<\/u> <u>\u00e9t\u00e9 d\u00fbment exerc\u00e9s, aux m\u00eames condi-<\/u> <u>tions \u00e0 un ou plusieurs investisseurs, les<\/u> <u>placer autrement aux conditions du mar-<\/u> <u>ch\u00e9 ou les utiliser autrement dans l&rsquo;int\u00e9r\u00eat<\/u> <u>de la Soci\u00e9t\u00e9.<\/u><\/td>\n<\/tr>\n<\/tbody>\n<\/table>\n<p>&nbsp;<\/p>\n<p><em>Explication : Si l&rsquo;augmentation de capital propos\u00e9e au point 8.2 de l&rsquo;ordre du jour est approuv\u00e9e par l&rsquo;Assembl\u00e9e g\u00e9n\u00e9rale des actionnaires, une nouvelle marge de fluctuation du capital sera adopt\u00e9e, qui comprendra \u00e9galement une nouvelle autorisation du Conseil d&rsquo;administration concernant les droits pr\u00e9f\u00e9rentiels de souscription. L&rsquo;adoption d&rsquo;une nouvelle marge de fluctuation du capital donne au Con- seil d&rsquo;administration une plus grande flexibilit\u00e9 et la possibilit\u00e9 de lever des fonds suppl\u00e9mentaires et d&rsquo;am\u00e9liorer la situation financi\u00e8re de l&rsquo;entreprise.<\/em><\/p>\n<p>&nbsp;<\/p>\n<ol>\n<li><strong>RAPPORT ANNUEL<\/strong><\/li>\n<\/ol>\n<p>Le rapport annuel 2023, qui contient les comptes consolid\u00e9s, les comptes annuels ainsi que le rapport du de l&rsquo;organe de r\u00e9vision et le rapport de r\u00e9mun\u00e9ration 2023, est disponible sur le site Internet de LECLANCHE SA \u00e0 l&rsquo;adresse suivante <a href=\"https:\/\/www.leclanche.com\/investor-relations\/financial-reports\/\">https:\/\/www.leclanche.com\/investor-relations\/financial-reports\/.<\/a><\/p>\n<p>&nbsp;<\/p>\n<ul>\n<li><strong>DOCUMENTATION ET INSTRUCTIONS DE VOTE<\/strong><\/li>\n<\/ul>\n<p>L&rsquo;invitation envoy\u00e9e aux actionnaires contient un formulaire d&rsquo;inscription et un formulaire d&rsquo;instructions que les actionnaires sont pri\u00e9s de remplir et de renvoyer par courrier \u00e0 l&rsquo;adresse suivante s&rsquo;ils souhaitent assister ou se faire repr\u00e9senter \u00e0 l&rsquo;Assembl\u00e9e g\u00e9n\u00e9rale : areg.ch ag, Fabrikstrasse 10, 4614 H\u00e4gendorf.<\/p>\n<p>&nbsp;<\/p>\n<p>Vote \u00e9lectronique \u00e0 distance par procuration et instructions de vote au repr\u00e9sentant ind\u00e9pendant (netVote) : les actionnaires peuvent participer aux votes et aux \u00e9lections en donnant des instructions au repr\u00e9sentant ind\u00e9pendant par voie \u00e9lectronique via <a href=\"https:\/\/leclanche.netvote.ch\">https:\/\/leclanche.netvote.ch<\/a>. Les informations de connexion requises seront envoy\u00e9es aux actionnaires en m\u00eame temps que les documents \u00e9crits pour l&rsquo;Assembl\u00e9e g\u00e9n\u00e9rale annuelle. Les instructions transmises par voie \u00e9lectronique peuvent \u00eatre modifi\u00e9es jusqu&rsquo;au lundi 24 juin 2024, \u00e0 11 h 59 (CEST). Dans la mesure o\u00f9 l&rsquo;actionnaire ne donne pas d&rsquo;instructions sp\u00e9cifiques au repr\u00e9sentant ind\u00e9pendant, il charge ce dernier de voter ses actions en faveur des propositions du Conseil d&rsquo;administration concernant les points inscrits \u00e0 l&rsquo;ordre du jour. Il en va de m\u00eame pour les propositions suppl\u00e9mentaires ou alternatives aux points de l&rsquo;ordre du jour inclus dans cette invitation et pour les nouveaux points de l&rsquo;ordre du jour.<\/p>\n<p>&nbsp;<\/p>\n<ol>\n<li><strong>PARTICIPATION ET DROITS DE VOTE<\/strong><\/li>\n<\/ol>\n<p>Les actionnaires inscrits avec droit de vote au registre des actions au 14 juin 2024 \u00e0 17h00 (CEST) seront autoris\u00e9s \u00e0 participer et \u00e0 voter \u00e0 l&rsquo;Assembl\u00e9e g\u00e9n\u00e9rale. Ils recevront leur carte d&rsquo;entr\u00e9e et le mat\u00e9riel de vote en renvoyant le formulaire d&rsquo;inscription ou en contactant areg.ch ag \u00e0 l&rsquo;adresse indiqu\u00e9e ci-dessus.<\/p>\n<p>&nbsp;<\/p>\n<p>Du 14 juin 2024 \u00e0 17h00 (CEST) au 26 juin 2024, aucune inscription ne sera faite dans le registre des actions, ce qui cr\u00e9erait un droit de vote \u00e0 l&rsquo;Assembl\u00e9e g\u00e9n\u00e9rale. Les actionnaires qui vendent tout ou partie de leurs actions pendant cette p\u00e9riode n&rsquo;ont plus le droit de vote dans cette mesure. Ils sont pri\u00e9s de retourner ou d&rsquo;\u00e9changer leur carte d&rsquo;admission et leur mat\u00e9riel de vote.<\/p>\n<p>&nbsp;<\/p>\n<p>&nbsp;<\/p>\n<p>&nbsp;<\/p>\n<p>&nbsp;<\/p>\n<ol>\n<li><strong>REPRESENTATION<\/strong><\/li>\n<\/ol>\n<p>Les actionnaires qui n&rsquo;ont pas l&rsquo;intention de participer personnellement \u00e0 l&rsquo;Assembl\u00e9e g\u00e9n\u00e9rale peuvent se faire repr\u00e9senter par une autre personne autoris\u00e9e par une procuration \u00e9crite qui ne doit pas n\u00e9cessairement \u00eatre un actionnaire ou par le repr\u00e9sentant ind\u00e9pendant.<\/p>\n<p>&nbsp;<\/p>\n<ol>\n<li>Manuel Isler, avocat, c\/o BMG Avocats, 8C, avenue de Champel, case postale 385, CH-1211 Gen\u00e8ve, agit en tant que repr\u00e9sentant ind\u00e9pendant. Le formulaire d&rsquo;inscription avec les des procurations compl\u00e9t\u00e9es et sign\u00e9es doit \u00eatre remis \u00e0 areg.ch ag \u00e0 l&rsquo;adresse indiqu\u00e9e ci-dessus.<\/li>\n<\/ol>\n<p>&nbsp;<\/p>\n<p>Les actionnaires qui souhaitent se faire repr\u00e9senter par une autre personne doivent envoyer leur formulaire d&rsquo;inscription avec la procuration remplie et sign\u00e9e \u00e0 l&rsquo;attention d&rsquo;areg.ch ag \u00e0 l&rsquo;adresse indiqu\u00e9e ci-dessus. La carte d&rsquo;admission et le mat\u00e9riel de vote seront alors envoy\u00e9s directement \u00e0 l&rsquo;adresse de leur repr\u00e9sentant d\u00e9sign\u00e9.<\/p>\n<p>&nbsp;<\/p>\n<ol>\n<li><strong>LANGUE<\/strong><\/li>\n<\/ol>\n<p>L&rsquo;Assembl\u00e9e g\u00e9n\u00e9rale annuelle des actionnaires se tiendra en anglais.<\/p>\n<p>&nbsp;<\/p>\n<p>Yverdon-les-Bains, 5 juin 2024 \u00a0\u00a0\u00a0\u00a0\u00a0\u00a0\u00a0\u00a0\u00a0\u00a0\u00a0\u00a0\u00a0\u00a0\u00a0\u00a0\u00a0\u00a0\u00a0\u00a0\u00a0\u00a0\u00a0\u00a0\u00a0\u00a0\u00a0\u00a0\u00a0\u00a0\u00a0\u00a0\u00a0\u00a0\u00a0\u00a0\u00a0\u00a0\u00a0\u00a0\u00a0 Pour le Conseil d&rsquo;administration<\/p>\n<p>Le pr\u00e9sident<\/p>\n<p>Lex Bentner<\/p>\n<p>&nbsp;<\/p>\n<p>&nbsp;<\/p>\n<p>&nbsp;<\/p>\n<p>Annexe 1 : Explications relatives au point 5 de l&rsquo;ordre du jour<\/p>\n<p>Conform\u00e9ment au Code suisse des obligations (\u00ab\u00a0CO\u00a0\u00bb) et aux statuts, le Conseil d&rsquo;administration proposera aux actionnaires pour approbation:<\/p>\n<ol>\n<li>le montant global maximum de la r\u00e9mun\u00e9ration du Conseil d&rsquo;administration pour la p\u00e9riode allant jusqu&rsquo;\u00e0 la prochaine Assembl\u00e9e g\u00e9n\u00e9rale des actionnaires en 2025<a href=\"#_ftn4\" name=\"_ftnref4\">[4]<\/a><\/li>\n<li>le montant global maximum de la r\u00e9mun\u00e9ration du Comit\u00e9 ex\u00e9cutif pour l&rsquo;exercice 2025<a href=\"#_ftn5\" name=\"_ftnref5\">[5]<\/a><\/li>\n<\/ol>\n<p>Les montants propos\u00e9s soumis \u00e0 l&rsquo;approbation de l&rsquo;Assembl\u00e9e g\u00e9n\u00e9rale annuelle des actionnaires de cette ann\u00e9e sont conformes \u00e0 notre politique de r\u00e9mun\u00e9ration.<\/p>\n<p>En outre, nous vous avons donn\u00e9 la possibilit\u00e9 de voter sur le point 1.2 de l&rsquo;ordre du jour, \u00e0 titre consultatif, sur le rapport de r\u00e9mun\u00e9ration 2023.<\/p>\n<p>&nbsp;<\/p>\n<p>Explications concernant le montant maximal propos\u00e9 pour la r\u00e9mun\u00e9ration du Conseil d&rsquo;administration (point 5.1 de l&rsquo;ordre du jour)<\/p>\n<p>&nbsp;<\/p>\n<p>Le montant maximal propos\u00e9 pour la r\u00e9mun\u00e9ration du Conseil d&rsquo;administration est de CHF 600&rsquo;000,00 et se compose, \u00e0 titre indicatif, d&rsquo;honoraires fixes. Ce montant est identique \u00e0 celui de la p\u00e9riode pr\u00e9c\u00e9dente.<\/p>\n<p>&nbsp;<\/p>\n<p>En outre, LECLANCHE SA verse les cotisations de s\u00e9curit\u00e9 sociale obligatoires aux membres du Conseil d&rsquo;administration qui sont r\u00e9mun\u00e9r\u00e9s par le biais du syst\u00e8me de paie suisse, comme l&rsquo;exige la loi. Aucune r\u00e9mun\u00e9ration variable ou prestation de retraite n&rsquo;est accord\u00e9e aux membres du Conseil d&rsquo;administration.<\/p>\n<p>&nbsp;<\/p>\n<p>Explications concernant le montant maximal propos\u00e9 pour la r\u00e9mun\u00e9ration du Comit\u00e9 ex\u00e9cutif pour l&rsquo;exercice 2025 (point 5.2 de l&rsquo;ordre du jour)<\/p>\n<p>&nbsp;<\/p>\n<p>Le Conseil d&rsquo;administration demande l&rsquo;approbation de CHF 2&rsquo;350&rsquo;000,00 comme montant global maximum de la r\u00e9mun\u00e9ration du Comit\u00e9 ex\u00e9cutif pour l&rsquo;exercice 2025. Ce montant est le m\u00eame que celui approuv\u00e9 pour l&rsquo;exercice 2024.<\/p>\n<p>&nbsp;<\/p>\n<p>Conform\u00e9ment aux statuts, le Conseil d&rsquo;administration soumet chaque ann\u00e9e \u00e0 l&rsquo;approbation de l&rsquo;Assembl\u00e9e g\u00e9n\u00e9rale annuelle des actionnaires la r\u00e9mun\u00e9ration maximale du comit\u00e9 ex\u00e9cutif pour l&rsquo;exercice suivant. La r\u00e9mun\u00e9ration maximale globale propos\u00e9e comprend le salaire de base, la r\u00e9mun\u00e9ration variable \u00e0 court terme (bonus) ainsi que la r\u00e9mun\u00e9ration variable \u00e0 long terme pay\u00e9e ou attribu\u00e9e au cours de l&rsquo;ann\u00e9e en question.<\/p>\n<p>&nbsp;<\/p>\n<p>Comme indiqu\u00e9 dans le rapport de r\u00e9mun\u00e9ration 2023, la r\u00e9mun\u00e9ration du Comit\u00e9 ex\u00e9cutif s&rsquo;est \u00e9lev\u00e9e \u00e0 kCHF 1&rsquo;112,77 au cours de l&rsquo;exercice 2023. Le montant maximal global propos\u00e9 pour la r\u00e9mun\u00e9ration est con- forme \u00e0 la politique de r\u00e9mun\u00e9ration actuelle de LECLANCHE SA.<\/p>\n<p>&nbsp;<\/p>\n<p>Le montant maximum global de la r\u00e9mun\u00e9ration est un budget et repose sur l&rsquo;hypoth\u00e8se que chaque membre du Comit\u00e9 ex\u00e9cutif et de LECLANCHE SA aura pleinement atteint tous les objectifs vis\u00e9s. Il <u>ne doit pas \u00eatre<\/u> <u>consid\u00e9r\u00e9 comme le montant de la r\u00e9mun\u00e9ration qui sera effectivement pay\u00e9 ou attribu\u00e9<\/u>.<\/p>\n<p>&nbsp;<\/p>\n<p>En outre, LECLANCHE SA verse les cotisations de s\u00e9curit\u00e9 sociale obligatoires conform\u00e9ment \u00e0 la loi.<\/p>\n<p>&nbsp;<\/p>\n<p><em>\u00a0<\/em><\/p>\n<p><em>\u00a0<\/em><\/p>\n<p>&nbsp;<\/p>\n<p><strong>A propos de Leclanch\u00e9\u00a0<\/strong><\/p>\n<p>&nbsp;<\/p>\n<p>Leclanch\u00e9 est un fournisseur leader mondial de solutions de stockage d&rsquo;\u00e9nergie \u00e0 faible empreinte carbone bas\u00e9es sur la technologie des cellules lithium-ion. Fond\u00e9e en 1909 \u00e0 Yverdon-les-Bains, en Suisse, l&rsquo;histoire et l&rsquo;h\u00e9ritage de Leclanch\u00e9 sont ancr\u00e9s dans l&rsquo;innovation en mati\u00e8re de batteries et de stockage d&rsquo;\u00e9nergie. La culture suisse de pr\u00e9cision et de qualit\u00e9 de l&rsquo;entreprise, ainsi que ses installations de production en Allemagne, font de Leclanch\u00e9 le partenaire de choix des entreprises qui recherchent les meilleures performances en mati\u00e8re de batteries et qui sont \u00e0 l&rsquo;origine de changements positifs dans la mani\u00e8re dont l&rsquo;\u00e9nergie est produite, distribu\u00e9e et consomm\u00e9e dans le monde entier. Leclanch\u00e9 est organis\u00e9 en trois unit\u00e9s d&rsquo;affaires : solutions de stockage d&rsquo;\u00e9nergie, solutions d&rsquo;e-mobilit\u00e9 et syst\u00e8mes de batteries sp\u00e9cialis\u00e9s. La soci\u00e9t\u00e9 emploie actuellement plus de 350 personnes avec des bureaux de repr\u00e9sentation dans huit pays \u00e0 travers le monde. Leclanch\u00e9 est cot\u00e9e \u00e0 la bourse suisse (SIX : LECN).\u00a0<em> SIX Swiss Exchange : ticker symbol LECN | ISIN CH 011 030 311 9<\/em><\/p>\n<p>&nbsp;<\/p>\n<p><strong>Clause de non-responsabilit\u00e9\u00a0<\/strong><\/p>\n<p>&nbsp;<\/p>\n<p>Ce communiqu\u00e9 de presse contient certaines d\u00e9clarations prospectives relatives aux activit\u00e9s de Leclanch\u00e9, qui peuvent \u00eatre identifi\u00e9es par une terminologie telle que \u00a0\u00bb strat\u00e9gique \u00ab\u00a0, \u00a0\u00bb propose \u00ab\u00a0, \u00a0\u00bb introduire \u00ab\u00a0, \u00a0\u00bb sera \u00ab\u00a0, \u00a0\u00bb planifi\u00e9 \u00ab\u00a0, \u00a0\u00bb attendu \u00ab\u00a0, \u00a0\u00bb engagement \u00ab\u00a0, \u00a0\u00bb s&rsquo;attend \u00ab\u00a0, \u00a0\u00bb fixer \u00ab\u00a0, \u00a0\u00bb pr\u00e9parer \u00ab\u00a0, \u00a0\u00bb plans \u00ab\u00a0, \u00a0\u00bb estimations \u00ab\u00a0, \u00a0\u00bb vise \u00ab\u00a0, \u00a0\u00bb serait \u00ab\u00a0, \u00a0\u00bb potentiel \u00ab\u00a0, \u00a0\u00bb en attente \u00ab\u00a0, \u00a0\u00bb estim\u00e9 \u00ab\u00a0, \u00a0\u00bb proposition \u00ab\u00a0, ou des expressions similaires, ou par des discussions exprim\u00e9es ou implicites concernant la mont\u00e9e en puissance de la capacit\u00e9 de production de Leclanch\u00e9, les applications potentielles des produits existants, ou concernant les revenus potentiels futurs de ces produits, ou les ventes ou revenus potentiels futurs de Leclanch\u00e9 ou de l&rsquo;une de ses unit\u00e9s d&rsquo;affaires. Vous ne devriez pas accorder une confiance excessive \u00e0 ces d\u00e9clarations. De telles d\u00e9clarations prospectives refl\u00e8tent le point de vue actuel de Leclanch\u00e9 concernant des \u00e9v\u00e9nements futurs et impliquent des risques connus et inconnus, des incertitudes et d&rsquo;autres facteurs qui peuvent entra\u00eener une diff\u00e9rence mat\u00e9rielle entre les r\u00e9sultats r\u00e9els et les r\u00e9sultats futurs, les performances ou les r\u00e9alisations exprim\u00e9es ou sous-entendues par de telles d\u00e9clarations. Il n&rsquo;y a aucune garantie que les produits de Leclanch\u00e9 atteindront des niveaux de revenus particuliers. Il n&rsquo;y a pas non plus de garantie que Leclanch\u00e9, ou l&rsquo;une des unit\u00e9s d&rsquo;affaires, atteindra des r\u00e9sultats financiers particuliers.<\/p>\n<p>&nbsp;<\/p>\n<p><strong>Contacts<\/strong><\/p>\n<p><strong>Contacts m\u00e9dias\u00a0:<\/strong><\/p>\n<p><strong><em>Suisse \/ Europe\u00a0: <\/em><\/strong><\/p>\n<p>Thierry Meyer<\/p>\n<p>T\u00a0: +41 (0) 79\u00a0785 35 81<\/p>\n<p>E-mail\u00a0: <a href=\"mailto:tme@dynamicsgoup.ch\">tme@dynamicsgroup.ch<\/a><\/p>\n<p>&nbsp;<\/p>\n<p><strong><em>Allemagne\u00a0:<\/em><\/strong><\/p>\n<p>Christoph Miller<\/p>\n<p>T\u00a0: +49 (0) 711 947 670<\/p>\n<p>E-mail\u00a0: <a href=\"mailto:leclanche@sympra.de\">leclanche@sympra.de<\/a><\/p>\n<p>&nbsp;<\/p>\n<p><strong>Contact investisseurs\u00a0:<\/strong><\/p>\n<p>Pasquale Foglia \/ Pierre Blanc<\/p>\n<p>T\u00a0: +41 (0) 24 424 65 00<\/p>\n<p>E-mail\u00a0: <a href=\"mailto:invest.leclanche@leclanche.com\">invest.leclanche@leclanche.com<\/a><\/p>\n<p>&nbsp;<\/p>\n<p>&nbsp;<\/p>\n<p><a href=\"#_ftnref1\" name=\"_ftn1\">[1]<\/a> SEF-LUX d\u00e9signe : Strategic Equity Fund SCA SICAV RAIF &#8211; Renewable Energy, AM Investment S.C.A. SICAV &#8211; RAIF &#8211; Global Growth Sub-Fund, et Strategic Yield Fund S.C.A., qui sont collectivement les principaux actionnaires de Leclanch\u00e9, ci-apr\u00e8s d\u00e9nomm\u00e9s \u00abSEF-Lux\u00bb. Strategic Equity Fund SCA SICAV RAIF &#8211; E Money Strategies (EMS) et Strategic Equity Fund SCA SICAV RAIF &#8211; Multi Asset Strategy fusionn\u00e9s dans Strategic Equity Fund SICAV RAIF \u00e0 partir du 31 mars 2023. Golden Partner Pri- vate Equity FOF fusionn\u00e9 dans Strategic Equity Fund SICAV RAIF \u00e0 partir du 30 novembre 2023. AM Investment S.C.A. SICAV FIS &#8211; R&amp;D Sub-Fund, AM Investment S.C.A. SICAV &#8211; FIS &#8211; Liquid Assets Sub-Fund et AM Investment S.C.A. SICAV &#8211; FIS &#8211; Illiq- uid Assets ont fusionn\u00e9 en un seul compartiment AM Investment S.C.A. SICAV &#8211; RAIF &#8211; Global Growth Sub-Fund \u00e0 partir du 30 novembre 2023. Pure Capital S.A. \u00e9tant le b\u00e9n\u00e9ficiaire effectif selon la plateforme de reporting de l\u2019Instance pour la publicit\u00e9 des participations du SIX Exchange Regulation AG &#8211; Date de publication de la notification la plus r\u00e9cente : 26 oc- tobre 2023.<\/p>\n<p><a href=\"#_ftnref2\" name=\"_ftn2\">[2]<\/a> La dette \u00e0 convertir dans le cadre de la conversion de la dette en actions est convertie \u00e0 85 % du prix moyen pond\u00e9r\u00e9 en fonction du volume (VWAP) calcul\u00e9 sur les 60 jours pr\u00e9c\u00e9dant le 31 mai 2024 pour la cr\u00e9ance GPSA.<\/p>\n<p><a href=\"#_ftnref3\" name=\"_ftn3\">[3]<\/a> La dette \u00e0 convertir dans le cadre de la conversion de la dette en actions est convertie \u00e0 75 % du prix moyen pond\u00e9r\u00e9 en fonction du volume (VWAP) calcul\u00e9 sur les 60 jours pr\u00e9c\u00e9dant le 31 mai 2024 pour l&rsquo;ensemble de la dette (\u00e0 l&rsquo;exception de la cr\u00e9ance GPSA).<\/p>\n<p><a href=\"#_ftnref4\" name=\"_ftn4\">[4]<\/a> Ce montant ne comprend pas les cotisations sociales obligatoires, estim\u00e9es \u00e0 environ CHF 0,00<\/p>\n<p><a href=\"#_ftnref5\" name=\"_ftn5\">[5]<\/a> Ce montant ne comprend pas les charges sociales obligatoires, estim\u00e9es \u00e0 environ CHF 135,000.00.<\/p>\n","protected":false},"excerpt":{"rendered":"<p>Annonce \u00e9v\u00e9nementielle au sens de l\u2019art. 53 RC &nbsp; Leclanch\u00e9 SA convoque son assembl\u00e9e g\u00e9n\u00e9rale annuelle pour le 27 juin 2024. Le conseil d&rsquo;administration propose la conversion de CHF 84,7 millions de dettes envers SEF-Lux, Golden Partner Holding Co. S.\u00e0 r.l. en actions de la soci\u00e9t\u00e9 afin d&rsquo;am\u00e9liorer son bilan. \u00a0 YVERDON-LES-BAINS, Suisse, le 5 [&hellip;]<\/p>\n","protected":false},"author":2,"featured_media":0,"comment_status":"open","ping_status":"open","sticky":false,"template":"","format":"standard","meta":{"footnotes":""},"categories":[105,46],"tags":[],"class_list":["post-14001","post","type-post","status-publish","format-standard","hentry","category-communiques-boursiers","category-communiques-de-presse-fr"],"yoast_head":"<!-- This site is optimized with the Yoast SEO plugin v26.4 - https:\/\/yoast.com\/wordpress\/plugins\/seo\/ -->\n<title>Invitation \u00e0 la prochaine assembl\u00e9e g\u00e9n\u00e9rale annuelle des actionnaires qui se tiendra le 27 juin 2024 \u00e0 10h00 (heure suisse) - Leclanch\u00e9<\/title>\n<meta name=\"description\" content=\"Annonce \u00e9v\u00e9nementielle au sens de l\u2019art. 53 RC &nbsp; Leclanch\u00e9 SA convoque son assembl\u00e9e g\u00e9n\u00e9rale annuelle pour le 27 juin 2024. Le conseil\" \/>\n<meta name=\"robots\" content=\"index, follow, max-snippet:-1, max-image-preview:large, max-video-preview:-1\" \/>\n<link rel=\"canonical\" href=\"https:\/\/www.leclanche.com\/fr\/invitation-a-la-prochaine-assemblee-generale-annuelle-des-actionnaires-qui-se-tiendra-le-27-juin-2024-a-10h00-heure-suisse\/\" \/>\n<meta property=\"og:locale\" content=\"fr_FR\" \/>\n<meta property=\"og:type\" content=\"article\" \/>\n<meta property=\"og:title\" content=\"Invitation \u00e0 la prochaine assembl\u00e9e g\u00e9n\u00e9rale annuelle des actionnaires qui se tiendra le 27 juin 2024 \u00e0 10h00 (heure suisse) - Leclanch\u00e9\" \/>\n<meta property=\"og:description\" content=\"Annonce \u00e9v\u00e9nementielle au sens de l\u2019art. 53 RC &nbsp; Leclanch\u00e9 SA convoque son assembl\u00e9e g\u00e9n\u00e9rale annuelle pour le 27 juin 2024. Le conseil\" \/>\n<meta property=\"og:url\" content=\"https:\/\/www.leclanche.com\/fr\/invitation-a-la-prochaine-assemblee-generale-annuelle-des-actionnaires-qui-se-tiendra-le-27-juin-2024-a-10h00-heure-suisse\/\" \/>\n<meta property=\"og:site_name\" content=\"Leclanch\u00e9\" \/>\n<meta property=\"article:published_time\" content=\"2024-06-05T04:55:49+00:00\" \/>\n<meta name=\"author\" content=\"Annick.Bid\" \/>\n<meta name=\"twitter:card\" content=\"summary_large_image\" \/>\n<meta name=\"twitter:label1\" content=\"\u00c9crit par\" \/>\n\t<meta name=\"twitter:data1\" content=\"Annick.Bid\" \/>\n\t<meta name=\"twitter:label2\" content=\"Dur\u00e9e de lecture estim\u00e9e\" \/>\n\t<meta name=\"twitter:data2\" content=\"45 minutes\" \/>\n<script type=\"application\/ld+json\" class=\"yoast-schema-graph\">{\"@context\":\"https:\/\/schema.org\",\"@graph\":[{\"@type\":\"WebPage\",\"@id\":\"https:\/\/www.leclanche.com\/fr\/invitation-a-la-prochaine-assemblee-generale-annuelle-des-actionnaires-qui-se-tiendra-le-27-juin-2024-a-10h00-heure-suisse\/\",\"url\":\"https:\/\/www.leclanche.com\/fr\/invitation-a-la-prochaine-assemblee-generale-annuelle-des-actionnaires-qui-se-tiendra-le-27-juin-2024-a-10h00-heure-suisse\/\",\"name\":\"Invitation \u00e0 la prochaine assembl\u00e9e g\u00e9n\u00e9rale annuelle des actionnaires qui se tiendra le 27 juin 2024 \u00e0 10h00 (heure suisse) - Leclanch\u00e9\",\"isPartOf\":{\"@id\":\"https:\/\/www.leclanche.com\/fr\/#website\"},\"datePublished\":\"2024-06-05T04:55:49+00:00\",\"author\":{\"@id\":\"https:\/\/www.leclanche.com\/fr\/#\/schema\/person\/7ef725388a3f2b409a32cfa92059aa64\"},\"description\":\"Annonce \u00e9v\u00e9nementielle au sens de l\u2019art. 53 RC &nbsp; Leclanch\u00e9 SA convoque son assembl\u00e9e g\u00e9n\u00e9rale annuelle pour le 27 juin 2024. Le conseil\",\"breadcrumb\":{\"@id\":\"https:\/\/www.leclanche.com\/fr\/invitation-a-la-prochaine-assemblee-generale-annuelle-des-actionnaires-qui-se-tiendra-le-27-juin-2024-a-10h00-heure-suisse\/#breadcrumb\"},\"inLanguage\":\"fr-FR\",\"potentialAction\":[{\"@type\":\"ReadAction\",\"target\":[\"https:\/\/www.leclanche.com\/fr\/invitation-a-la-prochaine-assemblee-generale-annuelle-des-actionnaires-qui-se-tiendra-le-27-juin-2024-a-10h00-heure-suisse\/\"]}]},{\"@type\":\"BreadcrumbList\",\"@id\":\"https:\/\/www.leclanche.com\/fr\/invitation-a-la-prochaine-assemblee-generale-annuelle-des-actionnaires-qui-se-tiendra-le-27-juin-2024-a-10h00-heure-suisse\/#breadcrumb\",\"itemListElement\":[{\"@type\":\"ListItem\",\"position\":1,\"name\":\"Accueil\",\"item\":\"https:\/\/www.leclanche.com\/fr\/\"},{\"@type\":\"ListItem\",\"position\":2,\"name\":\"Invitation \u00e0 la prochaine assembl\u00e9e g\u00e9n\u00e9rale annuelle des actionnaires qui se tiendra le 27 juin 2024 \u00e0 10h00 (heure suisse)\"}]},{\"@type\":\"WebSite\",\"@id\":\"https:\/\/www.leclanche.com\/fr\/#website\",\"url\":\"https:\/\/www.leclanche.com\/fr\/\",\"name\":\"Leclanch\u00e9\",\"description\":\"Energy Storage Solutions\",\"potentialAction\":[{\"@type\":\"SearchAction\",\"target\":{\"@type\":\"EntryPoint\",\"urlTemplate\":\"https:\/\/www.leclanche.com\/fr\/?s={search_term_string}\"},\"query-input\":{\"@type\":\"PropertyValueSpecification\",\"valueRequired\":true,\"valueName\":\"search_term_string\"}}],\"inLanguage\":\"fr-FR\"},{\"@type\":\"Person\",\"@id\":\"https:\/\/www.leclanche.com\/fr\/#\/schema\/person\/7ef725388a3f2b409a32cfa92059aa64\",\"name\":\"Annick.Bid\",\"image\":{\"@type\":\"ImageObject\",\"inLanguage\":\"fr-FR\",\"@id\":\"https:\/\/www.leclanche.com\/fr\/#\/schema\/person\/image\/\",\"url\":\"https:\/\/secure.gravatar.com\/avatar\/0fe6baaabc318280db3d0e10c43b8017aa89b961c16e819765bd4fb65396af34?s=96&d=mm&r=g\",\"contentUrl\":\"https:\/\/secure.gravatar.com\/avatar\/0fe6baaabc318280db3d0e10c43b8017aa89b961c16e819765bd4fb65396af34?s=96&d=mm&r=g\",\"caption\":\"Annick.Bid\"},\"url\":\"https:\/\/www.leclanche.com\/fr\/author\/annick-bid\/\"}]}<\/script>\n<!-- \/ Yoast SEO plugin. -->","yoast_head_json":{"title":"Invitation \u00e0 la prochaine assembl\u00e9e g\u00e9n\u00e9rale annuelle des actionnaires qui se tiendra le 27 juin 2024 \u00e0 10h00 (heure suisse) - Leclanch\u00e9","description":"Annonce \u00e9v\u00e9nementielle au sens de l\u2019art. 53 RC &nbsp; Leclanch\u00e9 SA convoque son assembl\u00e9e g\u00e9n\u00e9rale annuelle pour le 27 juin 2024. Le conseil","robots":{"index":"index","follow":"follow","max-snippet":"max-snippet:-1","max-image-preview":"max-image-preview:large","max-video-preview":"max-video-preview:-1"},"canonical":"https:\/\/www.leclanche.com\/fr\/invitation-a-la-prochaine-assemblee-generale-annuelle-des-actionnaires-qui-se-tiendra-le-27-juin-2024-a-10h00-heure-suisse\/","og_locale":"fr_FR","og_type":"article","og_title":"Invitation \u00e0 la prochaine assembl\u00e9e g\u00e9n\u00e9rale annuelle des actionnaires qui se tiendra le 27 juin 2024 \u00e0 10h00 (heure suisse) - Leclanch\u00e9","og_description":"Annonce \u00e9v\u00e9nementielle au sens de l\u2019art. 53 RC &nbsp; Leclanch\u00e9 SA convoque son assembl\u00e9e g\u00e9n\u00e9rale annuelle pour le 27 juin 2024. Le conseil","og_url":"https:\/\/www.leclanche.com\/fr\/invitation-a-la-prochaine-assemblee-generale-annuelle-des-actionnaires-qui-se-tiendra-le-27-juin-2024-a-10h00-heure-suisse\/","og_site_name":"Leclanch\u00e9","article_published_time":"2024-06-05T04:55:49+00:00","author":"Annick.Bid","twitter_card":"summary_large_image","twitter_misc":{"\u00c9crit par":"Annick.Bid","Dur\u00e9e de lecture estim\u00e9e":"45 minutes"},"schema":{"@context":"https:\/\/schema.org","@graph":[{"@type":"WebPage","@id":"https:\/\/www.leclanche.com\/fr\/invitation-a-la-prochaine-assemblee-generale-annuelle-des-actionnaires-qui-se-tiendra-le-27-juin-2024-a-10h00-heure-suisse\/","url":"https:\/\/www.leclanche.com\/fr\/invitation-a-la-prochaine-assemblee-generale-annuelle-des-actionnaires-qui-se-tiendra-le-27-juin-2024-a-10h00-heure-suisse\/","name":"Invitation \u00e0 la prochaine assembl\u00e9e g\u00e9n\u00e9rale annuelle des actionnaires qui se tiendra le 27 juin 2024 \u00e0 10h00 (heure suisse) - Leclanch\u00e9","isPartOf":{"@id":"https:\/\/www.leclanche.com\/fr\/#website"},"datePublished":"2024-06-05T04:55:49+00:00","author":{"@id":"https:\/\/www.leclanche.com\/fr\/#\/schema\/person\/7ef725388a3f2b409a32cfa92059aa64"},"description":"Annonce \u00e9v\u00e9nementielle au sens de l\u2019art. 53 RC &nbsp; Leclanch\u00e9 SA convoque son assembl\u00e9e g\u00e9n\u00e9rale annuelle pour le 27 juin 2024. Le conseil","breadcrumb":{"@id":"https:\/\/www.leclanche.com\/fr\/invitation-a-la-prochaine-assemblee-generale-annuelle-des-actionnaires-qui-se-tiendra-le-27-juin-2024-a-10h00-heure-suisse\/#breadcrumb"},"inLanguage":"fr-FR","potentialAction":[{"@type":"ReadAction","target":["https:\/\/www.leclanche.com\/fr\/invitation-a-la-prochaine-assemblee-generale-annuelle-des-actionnaires-qui-se-tiendra-le-27-juin-2024-a-10h00-heure-suisse\/"]}]},{"@type":"BreadcrumbList","@id":"https:\/\/www.leclanche.com\/fr\/invitation-a-la-prochaine-assemblee-generale-annuelle-des-actionnaires-qui-se-tiendra-le-27-juin-2024-a-10h00-heure-suisse\/#breadcrumb","itemListElement":[{"@type":"ListItem","position":1,"name":"Accueil","item":"https:\/\/www.leclanche.com\/fr\/"},{"@type":"ListItem","position":2,"name":"Invitation \u00e0 la prochaine assembl\u00e9e g\u00e9n\u00e9rale annuelle des actionnaires qui se tiendra le 27 juin 2024 \u00e0 10h00 (heure suisse)"}]},{"@type":"WebSite","@id":"https:\/\/www.leclanche.com\/fr\/#website","url":"https:\/\/www.leclanche.com\/fr\/","name":"Leclanch\u00e9","description":"Energy Storage Solutions","potentialAction":[{"@type":"SearchAction","target":{"@type":"EntryPoint","urlTemplate":"https:\/\/www.leclanche.com\/fr\/?s={search_term_string}"},"query-input":{"@type":"PropertyValueSpecification","valueRequired":true,"valueName":"search_term_string"}}],"inLanguage":"fr-FR"},{"@type":"Person","@id":"https:\/\/www.leclanche.com\/fr\/#\/schema\/person\/7ef725388a3f2b409a32cfa92059aa64","name":"Annick.Bid","image":{"@type":"ImageObject","inLanguage":"fr-FR","@id":"https:\/\/www.leclanche.com\/fr\/#\/schema\/person\/image\/","url":"https:\/\/secure.gravatar.com\/avatar\/0fe6baaabc318280db3d0e10c43b8017aa89b961c16e819765bd4fb65396af34?s=96&d=mm&r=g","contentUrl":"https:\/\/secure.gravatar.com\/avatar\/0fe6baaabc318280db3d0e10c43b8017aa89b961c16e819765bd4fb65396af34?s=96&d=mm&r=g","caption":"Annick.Bid"},"url":"https:\/\/www.leclanche.com\/fr\/author\/annick-bid\/"}]}},"_links":{"self":[{"href":"https:\/\/www.leclanche.com\/fr\/wp-json\/wp\/v2\/posts\/14001","targetHints":{"allow":["GET"]}}],"collection":[{"href":"https:\/\/www.leclanche.com\/fr\/wp-json\/wp\/v2\/posts"}],"about":[{"href":"https:\/\/www.leclanche.com\/fr\/wp-json\/wp\/v2\/types\/post"}],"author":[{"embeddable":true,"href":"https:\/\/www.leclanche.com\/fr\/wp-json\/wp\/v2\/users\/2"}],"replies":[{"embeddable":true,"href":"https:\/\/www.leclanche.com\/fr\/wp-json\/wp\/v2\/comments?post=14001"}],"version-history":[{"count":2,"href":"https:\/\/www.leclanche.com\/fr\/wp-json\/wp\/v2\/posts\/14001\/revisions"}],"predecessor-version":[{"id":14004,"href":"https:\/\/www.leclanche.com\/fr\/wp-json\/wp\/v2\/posts\/14001\/revisions\/14004"}],"wp:attachment":[{"href":"https:\/\/www.leclanche.com\/fr\/wp-json\/wp\/v2\/media?parent=14001"}],"wp:term":[{"taxonomy":"category","embeddable":true,"href":"https:\/\/www.leclanche.com\/fr\/wp-json\/wp\/v2\/categories?post=14001"},{"taxonomy":"post_tag","embeddable":true,"href":"https:\/\/www.leclanche.com\/fr\/wp-json\/wp\/v2\/tags?post=14001"}],"curies":[{"name":"wp","href":"https:\/\/api.w.org\/{rel}","templated":true}]}}