{"id":14935,"date":"2025-07-07T19:15:52","date_gmt":"2025-07-07T17:15:52","guid":{"rendered":"https:\/\/www.leclanche.com\/?p=14935"},"modified":"2025-07-07T19:15:52","modified_gmt":"2025-07-07T17:15:52","slug":"leclanche-parmi-les-six-projets-innovants-retenus-pour-un-financement-europeen-dans-le-cadre-de-lappel-24-battery-du-fonds-dinnovation","status":"publish","type":"post","link":"https:\/\/www.leclanche.com\/fr\/leclanche-parmi-les-six-projets-innovants-retenus-pour-un-financement-europeen-dans-le-cadre-de-lappel-24-battery-du-fonds-dinnovation\/","title":{"rendered":"Leclanch\u00e9 parmi les six projets innovants retenus pour un financement europ\u00e9en dans le cadre de l\u2019appel \u201c24 Battery\u201d du Fonds d\u2019innovation"},"content":{"rendered":"<p>&nbsp;<\/p>\n<ul>\n<li><em>Leclanch\u00e9 a \u00e9t\u00e9 s\u00e9lectionn\u00e9 pour recevoir une subvention du Fonds d\u2019innovation de l\u2019UE, dans le cadre d\u2019un investissement global de 852 millions d\u2019euros destin\u00e9 \u00e0 soutenir six projets pionniers de fabrication de batteries pour v\u00e9hicules \u00e9lectriques en Europe.<\/em><\/li>\n<li><em>Le projet de gigafactory pr\u00e9vu sur le site de production existant de Leclanch\u00e9 \u00e0 Willst\u00e4tt, en Allemagne, a \u00e9t\u00e9 reconnu comme de haute qualit\u00e9 \u00e0 l\u2019issue d\u2019une \u00e9valuation men\u00e9e par des experts ind\u00e9pendants<\/em><em>.<\/em><\/li>\n<li><em>Ce projet s\u2019inscrit dans une initiative strat\u00e9gique de l\u2019UE visant \u00e0 soutenir une production de batteries propre et comp\u00e9titive, tout en r\u00e9duisant la d\u00e9pendance aux importations<\/em><em>.<\/em><\/li>\n<li><em>Prochaine \u00e9tape : la pr\u00e9paration des documents et annexes n\u00e9cessaires, en vue de la signature de la convention de subvention avec CINEA au troisi\u00e8me trimestre 2025.<\/em><\/li>\n<\/ul>\n<p><em>\u00a0<\/em><\/p>\n<p><strong>YVERDON-LES-BAINS, Suisse, 7 juillet 2025 &#8211; <\/strong>Dans un communiqu\u00e9 publi\u00e9 le vendredi 4 juillet, la Commission europ\u00e9enne a annonc\u00e9 que six projets pionniers de fabrication de cellules pour batteries de v\u00e9hicules \u00e9lectriques (VE), dont <a href=\"https:\/\/www.leclanche.com\/fr\">LECLANCHE GmbH<\/a>, b\u00e9n\u00e9ficieront d\u2019un total de 852 millions d\u2019euros de subventions dans le cadre du Fonds pour l\u2019innovation. Ces aides visent \u00e0 acc\u00e9l\u00e9rer la croissance et les investissements dans l\u2019industrie europ\u00e9enne des batteries, en soutenant \u00e0 la fois les d\u00e9penses d\u2019investissement et de fonctionnement. Les projets laur\u00e9ats ont \u00e9t\u00e9 retenus parmi 14 propositions soumises par huit pays.<\/p>\n<p>&nbsp;<\/p>\n<p>Leclanch\u00e9 a soumis un projet d\u2019extension de son site de production \u00e0 Willst\u00e4tt, en Allemagne, visant la mise \u00e0 l\u2019\u00e9chelle d\u2019un proc\u00e9d\u00e9 de fabrication de cellules lithium-ion \u00e0 base d\u2019eau et sans PFAS. Ce projet a \u00e9t\u00e9 reconnu comme une proposition de haute qualit\u00e9 \u00e0 l\u2019issue d\u2019un appel tr\u00e8s comp\u00e9titif, \u00e9valu\u00e9 par un panel international d\u2019experts ind\u00e9pendants. Il permettra de d\u00e9ployer \u00e0 l\u2019\u00e9chelle industrielle une technologie de fabrication de cellules bas carbone, enti\u00e8rement d\u00e9pourvue de PFAS.<\/p>\n<p>&nbsp;<\/p>\n<p>\u00ab <em>Cette s\u00e9lection marque une \u00e9tape majeure pour Leclanch\u00e9 et confirme l\u2019importance strat\u00e9gique de notre technologie et de notre ancrage local en Europe. Elle souligne \u00e9galement la maturit\u00e9 de notre projet, puisque seules les propositions les plus avanc\u00e9es ont \u00e9t\u00e9 retenues <\/em>\u00bb<em>, <\/em><strong>a d\u00e9clar\u00e9 Pierre Blanc, CEO de Leclanch\u00e9. <\/strong>\u00ab <em>Gr\u00e2ce \u00e0 cette reconnaissance dans le cadre de l\u2019appel \u00e0 projets du Fonds pour l\u2019innovation, notre technologie sans PFAS \u00e0 base d\u2019eau est identifi\u00e9e comme \u00e0 la fois innovante et technologiquement aboutie<\/em><em>.<\/em> \u00bb<\/p>\n<p>&nbsp;<\/p>\n<p>Les projets s\u00e9lectionn\u00e9s encouragent l\u2019innovation dans la production de cellules pour batteries de v\u00e9hicules \u00e9lectriques, gr\u00e2ce au d\u00e9ploiement de techniques, de proc\u00e9d\u00e9s et de technologies de fabrication durables. Ils repr\u00e9sentent des investissements strat\u00e9giques au service de la transition de l\u2019Europe vers une base industrielle propre, comp\u00e9titive et r\u00e9siliente.<\/p>\n<p>&nbsp;<\/p>\n<p>La prochaine \u00e9tape pour Leclanch\u00e9 consistera \u00e0 finaliser et signer son accord de subvention avec l\u2019Agence ex\u00e9cutive europ\u00e9enne pour le climat, les infrastructures et l\u2019environnement (CINEA), une signature pr\u00e9vue au troisi\u00e8me trimestre 2025. Cette subvention viendra compl\u00e9ter le financement apport\u00e9 par l\u2019entreprise. Le projet devrait d\u00e9marrer en janvier 2026, une fois les accords d\u00e9finitifs sign\u00e9s et l\u2019ensemble du financement s\u00e9curis\u00e9.<\/p>\n<p>&nbsp;<\/p>\n<p><strong># # #<\/strong><\/p>\n<p><strong>A propos de Leclanch\u00e9\u00a0<\/strong><\/p>\n<p>Leclanch\u00e9 est un fournisseur leader mondial de solutions de stockage d&rsquo;\u00e9nergie \u00e0 faible empreinte carbone bas\u00e9es sur la technologie des cellules lithium-ion. Fond\u00e9e en 1909 \u00e0 Yverdon-les-Bains, en Suisse, l&rsquo;histoire et l&rsquo;h\u00e9ritage de Leclanch\u00e9 sont ancr\u00e9s dans l&rsquo;innovation en mati\u00e8re de batteries et de stockage d&rsquo;\u00e9nergie. La culture suisse de pr\u00e9cision et de qualit\u00e9 de l&rsquo;entreprise, ainsi que ses installations de production en Allemagne, font de Leclanch\u00e9 le partenaire de choix des entreprises qui recherchent les meilleures performances en mati\u00e8re de batteries et qui sont \u00e0 l&rsquo;origine de changements positifs dans la mani\u00e8re dont l&rsquo;\u00e9nergie est produite, distribu\u00e9e et consomm\u00e9e dans le monde entier. Leclanch\u00e9 est organis\u00e9 en trois unit\u00e9s d&rsquo;affaires : solutions de stockage d&rsquo;\u00e9nergie, solutions d&rsquo;e-mobilit\u00e9 et syst\u00e8mes de batteries sp\u00e9cialis\u00e9s. La soci\u00e9t\u00e9 emploie actuellement plus de 350 personnes avec des bureaux de repr\u00e9sentation dans huit pays \u00e0 travers le monde. Leclanch\u00e9 est cot\u00e9e \u00e0 la bourse suisse (SIX : LECN).\u00a0 SIX Swiss Exchange : ticker symbol LECN | ISIN CH 011 030 311 9<\/p>\n<p>&nbsp;<\/p>\n<p><strong>\u00a0<\/strong><\/p>\n<p><strong>Clause de non-responsabilit\u00e9\u00a0<\/strong><\/p>\n<p>Ce communiqu\u00e9 de presse contient certaines d\u00e9clarations prospectives relatives aux activit\u00e9s de Leclanch\u00e9, qui peuvent \u00eatre identifi\u00e9es par une terminologie telle que \u00ab strat\u00e9gique \u00bb, \u00ab propose \u00bb, \u00ab introduire \u00bb, \u00ab sera \u00bb, \u00ab planifi\u00e9 \u00bb, \u00ab attendu \u00bb, \u00ab engagement \u00bb, \u00ab s&rsquo;attend \u00bb, \u00ab fixer \u00bb, \u00ab pr\u00e9parer \u00bb, \u00ab plans \u00bb, \u00ab estimations \u00bb, \u00ab vise \u00bb, \u00ab serait \u00bb, \u00ab potentiel \u00bb, \u00ab en attente \u00bb, \u00ab estim\u00e9 \u00bb, \u00ab proposition \u00bb, ou des expressions similaires, ou par des discussions exprim\u00e9es ou implicites concernant la mont\u00e9e en puissance de la capacit\u00e9 de production de Leclanch\u00e9, les applications potentielles des produits existants, ou concernant les revenus potentiels futurs de ces produits, ou les ventes ou revenus potentiels futurs de Leclanch\u00e9 ou de l&rsquo;une de ses unit\u00e9s d&rsquo;affaires. Vous ne devriez pas accorder une confiance excessive \u00e0 ces d\u00e9clarations. De telles d\u00e9clarations prospectives refl\u00e8tent le point de vue actuel de Leclanch\u00e9 concernant des \u00e9v\u00e9nements futurs et impliquent des risques connus et inconnus, des incertitudes et d&rsquo;autres facteurs qui peuvent entra\u00eener une diff\u00e9rence mat\u00e9rielle entre les r\u00e9sultats r\u00e9els et les r\u00e9sultats futurs, les performances ou les r\u00e9alisations exprim\u00e9es ou sous-entendues par de telles d\u00e9clarations. Il n&rsquo;y a aucune garantie que les produits de Leclanch\u00e9 atteindront des niveaux de revenus particuliers. Il n&rsquo;y a pas non plus de garantie que Leclanch\u00e9, ou l&rsquo;une des unit\u00e9s d&rsquo;affaires, atteindra des r\u00e9sultats financiers particuliers.<\/p>\n<p>&nbsp;<\/p>\n<p><strong>\u00a0<\/strong><\/p>\n<p><strong>\u00a0<\/strong><\/p>\n<p><strong>\u00a0<\/strong><\/p>\n<p><strong>\u00a0<\/strong><\/p>\n<p><strong>Contacts m\u00e9dias\u00a0:<\/strong><\/p>\n<p>&nbsp;<\/p>\n<table width=\"567\">\n<tbody>\n<tr>\n<td width=\"283\"><strong><em>Suisse \/ Europe\u00a0:<\/em><\/strong><\/p>\n<p>Thierry Meyer<\/p>\n<p>T: +41 (0) 79\u00a0785 35 81<\/p>\n<p>E-Mail: <a href=\"mailto:tme@dynamicsgoup.ch\">tme@dynamicsgroup.ch<\/a><\/td>\n<td width=\"283\"><strong><em>Allemagne\u00a0<\/em><\/strong><strong><em>:<\/em><\/strong><\/p>\n<p>Christoph Miller<\/p>\n<p>T: +49 (0) 711 947 670<\/p>\n<p>E-Mail: <a href=\"mailto:leclanche@sympra.de\">leclanche@sympra.de<\/a><\/td>\n<\/tr>\n<tr>\n<td width=\"283\"><strong>Contact investisseurs\u00a0:<\/strong><\/p>\n<p>Hubert Angleys \/ Pierre Blanc<\/p>\n<p>T: +41 (0) 24 424 65 00<\/p>\n<p>E-Mail: <a href=\"mailto:invest.leclanche@leclanche.com\">invest.leclanche@leclanche.com<\/a><\/td>\n<td width=\"283\">&nbsp;<\/td>\n<\/tr>\n<\/tbody>\n<\/table>\n<p>&nbsp;<\/p>\n<p>&nbsp;<\/p>\n","protected":false},"excerpt":{"rendered":"<p>&nbsp; Leclanch\u00e9 a \u00e9t\u00e9 s\u00e9lectionn\u00e9 pour recevoir une subvention du Fonds d\u2019innovation de l\u2019UE, dans le cadre d\u2019un investissement global de 852 millions d\u2019euros destin\u00e9 \u00e0 soutenir six projets pionniers de fabrication de batteries pour v\u00e9hicules \u00e9lectriques en Europe. Le projet de gigafactory pr\u00e9vu sur le site de production existant de Leclanch\u00e9 \u00e0 Willst\u00e4tt, en [&hellip;]<\/p>\n","protected":false},"author":2,"featured_media":0,"comment_status":"open","ping_status":"open","sticky":false,"template":"","format":"standard","meta":{"footnotes":""},"categories":[108],"tags":[],"class_list":["post-14935","post","type-post","status-publish","format-standard","hentry","category-autres-communiques-de-presse"],"yoast_head":"<!-- This site is optimized with the Yoast SEO plugin v26.4 - https:\/\/yoast.com\/wordpress\/plugins\/seo\/ -->\n<title>Leclanch\u00e9 parmi les six projets innovants retenus pour un financement europ\u00e9en dans le cadre de l\u2019appel \u201c24 Battery\u201d du Fonds d\u2019innovation - Leclanch\u00e9<\/title>\n<meta name=\"description\" content=\"&nbsp; Leclanch\u00e9 a \u00e9t\u00e9 s\u00e9lectionn\u00e9 pour recevoir une subvention du Fonds d\u2019innovation de l\u2019UE, dans le cadre d\u2019un investissement global de 852 millions\" \/>\n<meta name=\"robots\" content=\"index, follow, max-snippet:-1, max-image-preview:large, max-video-preview:-1\" \/>\n<link rel=\"canonical\" href=\"https:\/\/www.leclanche.com\/fr\/leclanche-parmi-les-six-projets-innovants-retenus-pour-un-financement-europeen-dans-le-cadre-de-lappel-24-battery-du-fonds-dinnovation\/\" \/>\n<meta property=\"og:locale\" content=\"fr_FR\" \/>\n<meta property=\"og:type\" content=\"article\" \/>\n<meta property=\"og:title\" content=\"Leclanch\u00e9 parmi les six projets innovants retenus pour un financement europ\u00e9en dans le cadre de l\u2019appel \u201c24 Battery\u201d du Fonds d\u2019innovation - Leclanch\u00e9\" \/>\n<meta property=\"og:description\" content=\"&nbsp; Leclanch\u00e9 a \u00e9t\u00e9 s\u00e9lectionn\u00e9 pour recevoir une subvention du Fonds d\u2019innovation de l\u2019UE, dans le cadre d\u2019un investissement global de 852 millions\" \/>\n<meta property=\"og:url\" content=\"https:\/\/www.leclanche.com\/fr\/leclanche-parmi-les-six-projets-innovants-retenus-pour-un-financement-europeen-dans-le-cadre-de-lappel-24-battery-du-fonds-dinnovation\/\" \/>\n<meta property=\"og:site_name\" content=\"Leclanch\u00e9\" \/>\n<meta property=\"article:published_time\" content=\"2025-07-07T17:15:52+00:00\" \/>\n<meta name=\"author\" content=\"Annick.Bid\" \/>\n<meta name=\"twitter:card\" content=\"summary_large_image\" \/>\n<meta name=\"twitter:label1\" content=\"\u00c9crit par\" \/>\n\t<meta name=\"twitter:data1\" content=\"Annick.Bid\" \/>\n\t<meta name=\"twitter:label2\" content=\"Dur\u00e9e de lecture estim\u00e9e\" \/>\n\t<meta name=\"twitter:data2\" content=\"5 minutes\" \/>\n<script type=\"application\/ld+json\" class=\"yoast-schema-graph\">{\"@context\":\"https:\/\/schema.org\",\"@graph\":[{\"@type\":\"WebPage\",\"@id\":\"https:\/\/www.leclanche.com\/fr\/leclanche-parmi-les-six-projets-innovants-retenus-pour-un-financement-europeen-dans-le-cadre-de-lappel-24-battery-du-fonds-dinnovation\/\",\"url\":\"https:\/\/www.leclanche.com\/fr\/leclanche-parmi-les-six-projets-innovants-retenus-pour-un-financement-europeen-dans-le-cadre-de-lappel-24-battery-du-fonds-dinnovation\/\",\"name\":\"Leclanch\u00e9 parmi les six projets innovants retenus pour un financement europ\u00e9en dans le cadre de l\u2019appel \u201c24 Battery\u201d du Fonds d\u2019innovation - Leclanch\u00e9\",\"isPartOf\":{\"@id\":\"https:\/\/www.leclanche.com\/fr\/#website\"},\"datePublished\":\"2025-07-07T17:15:52+00:00\",\"author\":{\"@id\":\"https:\/\/www.leclanche.com\/fr\/#\/schema\/person\/7ef725388a3f2b409a32cfa92059aa64\"},\"description\":\"&nbsp; Leclanch\u00e9 a \u00e9t\u00e9 s\u00e9lectionn\u00e9 pour recevoir une subvention du Fonds d\u2019innovation de l\u2019UE, dans le cadre d\u2019un investissement global de 852 millions\",\"breadcrumb\":{\"@id\":\"https:\/\/www.leclanche.com\/fr\/leclanche-parmi-les-six-projets-innovants-retenus-pour-un-financement-europeen-dans-le-cadre-de-lappel-24-battery-du-fonds-dinnovation\/#breadcrumb\"},\"inLanguage\":\"fr-FR\",\"potentialAction\":[{\"@type\":\"ReadAction\",\"target\":[\"https:\/\/www.leclanche.com\/fr\/leclanche-parmi-les-six-projets-innovants-retenus-pour-un-financement-europeen-dans-le-cadre-de-lappel-24-battery-du-fonds-dinnovation\/\"]}]},{\"@type\":\"BreadcrumbList\",\"@id\":\"https:\/\/www.leclanche.com\/fr\/leclanche-parmi-les-six-projets-innovants-retenus-pour-un-financement-europeen-dans-le-cadre-de-lappel-24-battery-du-fonds-dinnovation\/#breadcrumb\",\"itemListElement\":[{\"@type\":\"ListItem\",\"position\":1,\"name\":\"Accueil\",\"item\":\"https:\/\/www.leclanche.com\/fr\/\"},{\"@type\":\"ListItem\",\"position\":2,\"name\":\"Leclanch\u00e9 parmi les six projets innovants retenus pour un financement europ\u00e9en dans le cadre de l\u2019appel \u201c24 Battery\u201d du Fonds d\u2019innovation\"}]},{\"@type\":\"WebSite\",\"@id\":\"https:\/\/www.leclanche.com\/fr\/#website\",\"url\":\"https:\/\/www.leclanche.com\/fr\/\",\"name\":\"Leclanch\u00e9\",\"description\":\"Energy Storage Solutions\",\"potentialAction\":[{\"@type\":\"SearchAction\",\"target\":{\"@type\":\"EntryPoint\",\"urlTemplate\":\"https:\/\/www.leclanche.com\/fr\/?s={search_term_string}\"},\"query-input\":{\"@type\":\"PropertyValueSpecification\",\"valueRequired\":true,\"valueName\":\"search_term_string\"}}],\"inLanguage\":\"fr-FR\"},{\"@type\":\"Person\",\"@id\":\"https:\/\/www.leclanche.com\/fr\/#\/schema\/person\/7ef725388a3f2b409a32cfa92059aa64\",\"name\":\"Annick.Bid\",\"image\":{\"@type\":\"ImageObject\",\"inLanguage\":\"fr-FR\",\"@id\":\"https:\/\/www.leclanche.com\/fr\/#\/schema\/person\/image\/\",\"url\":\"https:\/\/secure.gravatar.com\/avatar\/0fe6baaabc318280db3d0e10c43b8017aa89b961c16e819765bd4fb65396af34?s=96&d=mm&r=g\",\"contentUrl\":\"https:\/\/secure.gravatar.com\/avatar\/0fe6baaabc318280db3d0e10c43b8017aa89b961c16e819765bd4fb65396af34?s=96&d=mm&r=g\",\"caption\":\"Annick.Bid\"},\"url\":\"https:\/\/www.leclanche.com\/fr\/author\/annick-bid\/\"}]}<\/script>\n<!-- \/ Yoast SEO plugin. -->","yoast_head_json":{"title":"Leclanch\u00e9 parmi les six projets innovants retenus pour un financement europ\u00e9en dans le cadre de l\u2019appel \u201c24 Battery\u201d du Fonds d\u2019innovation - Leclanch\u00e9","description":"&nbsp; Leclanch\u00e9 a \u00e9t\u00e9 s\u00e9lectionn\u00e9 pour recevoir une subvention du Fonds d\u2019innovation de l\u2019UE, dans le cadre d\u2019un investissement global de 852 millions","robots":{"index":"index","follow":"follow","max-snippet":"max-snippet:-1","max-image-preview":"max-image-preview:large","max-video-preview":"max-video-preview:-1"},"canonical":"https:\/\/www.leclanche.com\/fr\/leclanche-parmi-les-six-projets-innovants-retenus-pour-un-financement-europeen-dans-le-cadre-de-lappel-24-battery-du-fonds-dinnovation\/","og_locale":"fr_FR","og_type":"article","og_title":"Leclanch\u00e9 parmi les six projets innovants retenus pour un financement europ\u00e9en dans le cadre de l\u2019appel \u201c24 Battery\u201d du Fonds d\u2019innovation - Leclanch\u00e9","og_description":"&nbsp; Leclanch\u00e9 a \u00e9t\u00e9 s\u00e9lectionn\u00e9 pour recevoir une subvention du Fonds d\u2019innovation de l\u2019UE, dans le cadre d\u2019un investissement global de 852 millions","og_url":"https:\/\/www.leclanche.com\/fr\/leclanche-parmi-les-six-projets-innovants-retenus-pour-un-financement-europeen-dans-le-cadre-de-lappel-24-battery-du-fonds-dinnovation\/","og_site_name":"Leclanch\u00e9","article_published_time":"2025-07-07T17:15:52+00:00","author":"Annick.Bid","twitter_card":"summary_large_image","twitter_misc":{"\u00c9crit par":"Annick.Bid","Dur\u00e9e de lecture estim\u00e9e":"5 minutes"},"schema":{"@context":"https:\/\/schema.org","@graph":[{"@type":"WebPage","@id":"https:\/\/www.leclanche.com\/fr\/leclanche-parmi-les-six-projets-innovants-retenus-pour-un-financement-europeen-dans-le-cadre-de-lappel-24-battery-du-fonds-dinnovation\/","url":"https:\/\/www.leclanche.com\/fr\/leclanche-parmi-les-six-projets-innovants-retenus-pour-un-financement-europeen-dans-le-cadre-de-lappel-24-battery-du-fonds-dinnovation\/","name":"Leclanch\u00e9 parmi les six projets innovants retenus pour un financement europ\u00e9en dans le cadre de l\u2019appel \u201c24 Battery\u201d du Fonds d\u2019innovation - Leclanch\u00e9","isPartOf":{"@id":"https:\/\/www.leclanche.com\/fr\/#website"},"datePublished":"2025-07-07T17:15:52+00:00","author":{"@id":"https:\/\/www.leclanche.com\/fr\/#\/schema\/person\/7ef725388a3f2b409a32cfa92059aa64"},"description":"&nbsp; Leclanch\u00e9 a \u00e9t\u00e9 s\u00e9lectionn\u00e9 pour recevoir une subvention du Fonds d\u2019innovation de l\u2019UE, dans le cadre d\u2019un investissement global de 852 millions","breadcrumb":{"@id":"https:\/\/www.leclanche.com\/fr\/leclanche-parmi-les-six-projets-innovants-retenus-pour-un-financement-europeen-dans-le-cadre-de-lappel-24-battery-du-fonds-dinnovation\/#breadcrumb"},"inLanguage":"fr-FR","potentialAction":[{"@type":"ReadAction","target":["https:\/\/www.leclanche.com\/fr\/leclanche-parmi-les-six-projets-innovants-retenus-pour-un-financement-europeen-dans-le-cadre-de-lappel-24-battery-du-fonds-dinnovation\/"]}]},{"@type":"BreadcrumbList","@id":"https:\/\/www.leclanche.com\/fr\/leclanche-parmi-les-six-projets-innovants-retenus-pour-un-financement-europeen-dans-le-cadre-de-lappel-24-battery-du-fonds-dinnovation\/#breadcrumb","itemListElement":[{"@type":"ListItem","position":1,"name":"Accueil","item":"https:\/\/www.leclanche.com\/fr\/"},{"@type":"ListItem","position":2,"name":"Leclanch\u00e9 parmi les six projets innovants retenus pour un financement europ\u00e9en dans le cadre de l\u2019appel \u201c24 Battery\u201d du Fonds d\u2019innovation"}]},{"@type":"WebSite","@id":"https:\/\/www.leclanche.com\/fr\/#website","url":"https:\/\/www.leclanche.com\/fr\/","name":"Leclanch\u00e9","description":"Energy Storage Solutions","potentialAction":[{"@type":"SearchAction","target":{"@type":"EntryPoint","urlTemplate":"https:\/\/www.leclanche.com\/fr\/?s={search_term_string}"},"query-input":{"@type":"PropertyValueSpecification","valueRequired":true,"valueName":"search_term_string"}}],"inLanguage":"fr-FR"},{"@type":"Person","@id":"https:\/\/www.leclanche.com\/fr\/#\/schema\/person\/7ef725388a3f2b409a32cfa92059aa64","name":"Annick.Bid","image":{"@type":"ImageObject","inLanguage":"fr-FR","@id":"https:\/\/www.leclanche.com\/fr\/#\/schema\/person\/image\/","url":"https:\/\/secure.gravatar.com\/avatar\/0fe6baaabc318280db3d0e10c43b8017aa89b961c16e819765bd4fb65396af34?s=96&d=mm&r=g","contentUrl":"https:\/\/secure.gravatar.com\/avatar\/0fe6baaabc318280db3d0e10c43b8017aa89b961c16e819765bd4fb65396af34?s=96&d=mm&r=g","caption":"Annick.Bid"},"url":"https:\/\/www.leclanche.com\/fr\/author\/annick-bid\/"}]}},"_links":{"self":[{"href":"https:\/\/www.leclanche.com\/fr\/wp-json\/wp\/v2\/posts\/14935","targetHints":{"allow":["GET"]}}],"collection":[{"href":"https:\/\/www.leclanche.com\/fr\/wp-json\/wp\/v2\/posts"}],"about":[{"href":"https:\/\/www.leclanche.com\/fr\/wp-json\/wp\/v2\/types\/post"}],"author":[{"embeddable":true,"href":"https:\/\/www.leclanche.com\/fr\/wp-json\/wp\/v2\/users\/2"}],"replies":[{"embeddable":true,"href":"https:\/\/www.leclanche.com\/fr\/wp-json\/wp\/v2\/comments?post=14935"}],"version-history":[{"count":0,"href":"https:\/\/www.leclanche.com\/fr\/wp-json\/wp\/v2\/posts\/14935\/revisions"}],"wp:attachment":[{"href":"https:\/\/www.leclanche.com\/fr\/wp-json\/wp\/v2\/media?parent=14935"}],"wp:term":[{"taxonomy":"category","embeddable":true,"href":"https:\/\/www.leclanche.com\/fr\/wp-json\/wp\/v2\/categories?post=14935"},{"taxonomy":"post_tag","embeddable":true,"href":"https:\/\/www.leclanche.com\/fr\/wp-json\/wp\/v2\/tags?post=14935"}],"curies":[{"name":"wp","href":"https:\/\/api.w.org\/{rel}","templated":true}]}}