{"id":15213,"date":"2025-11-10T17:43:23","date_gmt":"2025-11-10T16:43:23","guid":{"rendered":"https:\/\/www.leclanche.com\/leclanche-et-la-cinea-signent-un-accord-de-subvention-de-742-millions-deuros-pour-soutenir-la-production-durable-de-batteries-en-europe\/"},"modified":"2025-11-18T18:13:49","modified_gmt":"2025-11-18T17:13:49","slug":"leclanche-et-la-cinea-signent-un-accord-de-subvention-de-742-millions-deuros-pour-soutenir-la-production-durable-de-batteries-en-europe","status":"publish","type":"post","link":"https:\/\/www.leclanche.com\/fr\/leclanche-et-la-cinea-signent-un-accord-de-subvention-de-742-millions-deuros-pour-soutenir-la-production-durable-de-batteries-en-europe\/","title":{"rendered":"Leclanch\u00e9 et la CINEA signent un accord de subvention de 74,2 millions d&rsquo;euros pour soutenir la production durable de batteries en Europe"},"content":{"rendered":"<p><em>Annonce<\/em> <em>\u00e9v\u00e9nementielle au sens de l\u2019art. 53 RC<\/em><\/p>\n<p><strong>YVERDON-LES-BAINS, Suisse, le 10 novembre 2025 &#8211;<\/strong><a href=\"http:\/\/www.leclanche.com\/fr\">Leclanch\u00e9 SA <\/a>et l&rsquo;Agence ex\u00e9cutive europ\u00e9enne pour le climat, les infrastructures et l&rsquo;environnement (<a href=\"https:\/\/cinea.ec.europa.eu\/index_en?prefLang=fr&amp;etrans=fr\">CINEA<\/a>) ont sign\u00e9 un accord de subvention de EUR\u00a074,2\u00a0millions destin\u00e9 \u00e0 acc\u00e9l\u00e9rer le d\u00e9ploiement industriel des technologies de fabrication de cellules de batteries durables en Europe. Cet accord fait suite \u00e0 la pr\u00e9s\u00e9lection de Leclanch\u00e9 en juillet 2025 pour poursuivre la phase de pr\u00e9paration de la subvention en tant que l&rsquo;un des six projets pionniers de fabrication de batteries pour v\u00e9hicules \u00e9lectriques ayant obtenu un financement potentiel dans le cadre du Fonds europ\u00e9en pour l&rsquo;innovation.<\/p>\n<p>Le projet de Leclanch\u00e9, s\u00e9lectionn\u00e9 parmi 14 propositions soumises par huit pays, s\u2019inscrit dans un investissement global de 852 millions d\u2019euros visant \u00e0 renforcer une fili\u00e8re europ\u00e9enne de batteries propre, comp\u00e9titive et souveraine, r\u00e9duisant ainsi la d\u00e9pendance aux technologies import\u00e9es. Ce projet permettra d&rsquo;\u00e9tendre la capacit\u00e9 du site de production existant de Leclanch\u00e9 \u00e0 Willst\u00e4tt en Allemagne qui atteindra une capacit\u00e9 de deux GWh. Cette mont\u00e9e en capacit\u00e9 permettra \u00e0 l\u2019Entreprise d\u2019augmenter la production de cellules lithium-ion fabriqu\u00e9es selon son proc\u00e9d\u00e9 exclusif \u00e0 base d\u2019eau et sans PFAS. Cette technologie innovante r\u00e9duit fortement l\u2019empreinte environnementale de la fabrication des cellules et s\u2019inscrit pleinement dans les objectifs du Pacte vert pour l\u2019Europe et du r\u00e8glement europ\u00e9en sur les batteries.<\/p>\n<p><strong><em>\u00ab <\/em><\/strong><em>La signature de cet accord constitue une \u00e9tape d\u00e9terminante dans la mise en \u0153uvre de notre plan de croissance. Elle confirme la maturit\u00e9 et la pertinence de nos technologies de fabrication de cellules \u00e0 faible empreinte carbone et renforce notre position en tant qu\u2019acteur industriel majeur en Allemagne. Nous sommes fiers de contribuer au d\u00e9veloppement de capacit\u00e9s europ\u00e9ennes durables et comp\u00e9titives de production de batteries<strong> \u00bb,<\/strong><\/em><strong> a d\u00e9clar\u00e9 Pierre Blanc, directeur g\u00e9n\u00e9ral de Leclanch\u00e9 SA.<\/strong><\/p>\n<p>Outre cette \u00e9tape importante, le conseil d&rsquo;administration et la direction de Leclanch\u00e9 souhaitent exprimer leur sinc\u00e8re gratitude aux actionnaires et investisseurs de longue date de la soci\u00e9t\u00e9 pour leur soutien et leur confiance continus. Leur engagement a permis \u00e0 Leclanch\u00e9 de maintenir des investissements soutenus en R&amp;D et de d\u00e9velopper un portefeuille unique de propri\u00e9t\u00e9 intellectuelle dans les domaines de la chimie durable des cellules, de l&rsquo;int\u00e9gration des syst\u00e8mes et de l&rsquo;innovation des processus de production, des expertises d\u00e9sormais reconnues au niveau europ\u00e9en \u00e0 travers l\u2019octroi de cette subvention.<\/p>\n<p>Cette r\u00e9ussite refl\u00e8te \u00e9galement le recentrage de la gouvernance et le renforcement strat\u00e9gique entrepris par Leclanch\u00e9 au cours des derniers mois. La soci\u00e9t\u00e9 a am\u00e9lior\u00e9 sa transparence, clarifi\u00e9 ses processus d\u00e9cisionnels et renforc\u00e9 son organisation de management, ce qui lui a permis de retrouver l\u2019agilit\u00e9 n\u00e9cessaire pour engager de nouveaux partenariats avec des institutions industrielles et financi\u00e8res europ\u00e9ennes et internationales, en appui \u00e0 sa feuille de route de transformation.<\/p>\n<p>Selon les termes de l&rsquo;accord de subvention, l&rsquo;octroi de la subvention de 74,2 millions d&rsquo;euros est subordonn\u00e9 \u00e0 la preuve d&rsquo;un financement de 141,3 millions d&rsquo;euros pour soutenir le projet. Ce financement devra \u00eatre s\u00e9curis\u00e9 avant la cl\u00f4ture financi\u00e8re, actuellement pr\u00e9vue d\u2019ici fin juin 2026.<\/p>\n<p>Dans ce contexte, la soci\u00e9t\u00e9 conduit ce processus de financement de mani\u00e8re ind\u00e9pendante, tout en poursuivant des discussions actives avec des partenaires strat\u00e9giques et financiers de premier plan, en Europe comme \u00e0 l\u2019international, afin d\u2019\u00e9tablir une structure de financement robuste et d\u2019assurer le d\u00e9ploiement du projet dans les d\u00e9lais pr\u00e9vus.<\/p>\n<p>Tout en poursuivant la mise en place du financement \u00e0 long terme destin\u00e9 \u00e0 compl\u00e9ter la contribution europ\u00e9enne et \u00e0 soutenir son plan de d\u00e9veloppement, la soci\u00e9t\u00e9 met \u00e9galement en \u0153uvre un financement relais temporaire, afin de pr\u00e9server sa capacit\u00e9 op\u00e9rationnelle et d\u2019assurer une transition fluide jusqu\u2019\u00e0 la finalisation de la structure de financement permanente. Les discussions avec des partenaires financiers et industriels potentiels progressent de mani\u00e8re constructive. Toutefois, la situation actuelle de liquidit\u00e9 de la soci\u00e9t\u00e9 demeure contrainte, et il n\u2019est pas possible, \u00e0 ce stade, de garantir la disponibilit\u00e9 des fonds n\u00e9cessaires pour soutenir l\u2019ensemble des op\u00e9rations jusqu\u2019en juin de l\u2019ann\u00e9e prochaine.<\/p>\n<p>Les prochaines \u00e9tapes consisteront \u00e0 pr\u00e9parer la mise en \u0153uvre op\u00e9rationnelle du projet, notamment par la finalisation de la planification d\u00e9taill\u00e9e, l\u2019obtention des autorisations r\u00e9glementaires requises et la conclusion des contrats cl\u00e9s avec les fournisseurs et partenaires industriels. La feuille de route d\u2019ex\u00e9cution sera \u00e9galement d\u00e9finie de mani\u00e8re \u00e0 d\u00e9montrer la comp\u00e9titivit\u00e9 industrielle du projet, \u00e0 assurer une s\u00e9curit\u00e9 d\u2019approvisionnement renforc\u00e9e et \u00e0 r\u00e9duire son empreinte carbone, notamment gr\u00e2ce \u00e0 l\u2019utilisation d\u2019\u00e9nergies renouvelables.<\/p>\n<p>&nbsp;<\/p>\n<p><img loading=\"lazy\" decoding=\"async\" class=\"alignnone wp-image-15243\" src=\"https:\/\/www.leclanche.com\/wp-content\/uploads\/2025\/11\/FR_fundedbyttheIF_RGB_POS-300x48.png\" alt=\"\" width=\"475\" height=\"76\" srcset=\"https:\/\/www.leclanche.com\/wp-content\/uploads\/2025\/11\/FR_fundedbyttheIF_RGB_POS-300x48.png 300w, https:\/\/www.leclanche.com\/wp-content\/uploads\/2025\/11\/FR_fundedbyttheIF_RGB_POS-1024x163.png 1024w, https:\/\/www.leclanche.com\/wp-content\/uploads\/2025\/11\/FR_fundedbyttheIF_RGB_POS-768x122.png 768w, https:\/\/www.leclanche.com\/wp-content\/uploads\/2025\/11\/FR_fundedbyttheIF_RGB_POS-1536x244.png 1536w, https:\/\/www.leclanche.com\/wp-content\/uploads\/2025\/11\/FR_fundedbyttheIF_RGB_POS-2048x325.png 2048w\" sizes=\"auto, (max-width: 475px) 100vw, 475px\" \/><\/p>\n<p><strong>Remarque:<\/strong><\/p>\n<p>\u00ab\u00a0Financement de l\u2019Union europ\u00e9enne. Les points de vue et opinions exprim\u00e9s sont toutefois ceux de l\u2019auteur ou des auteurs uniquement et ne refl\u00e8tent pas n\u00e9cessairement ceux de l\u2019Union europ\u00e9enne ou de l\u2019Agence ex\u00e9cutive europ\u00e9enne pour le climat, les infrastructures et l\u2019environnement (CINEA). Ni l\u2019Union europ\u00e9enne ni l\u2019autorit\u00e9 charg\u00e9e de l\u2019octroi ne peuvent en \u00eatre tenues responsables.\u00a0\u00bb<\/p>\n<p># # #<\/p>\n<p><strong>A propos de Leclanch\u00e9\u00a0<\/strong><\/p>\n<p>Leclanch\u00e9 est un fournisseur leader mondial de solutions de stockage d&rsquo;\u00e9nergie \u00e0 faible empreinte carbone bas\u00e9es sur la technologie des cellules lithium-ion. Fond\u00e9e en 1909 \u00e0 Yverdon-les-Bains, en Suisse, l&rsquo;histoire et l&rsquo;h\u00e9ritage de Leclanch\u00e9 sont ancr\u00e9s dans l&rsquo;innovation en mati\u00e8re de batteries et de stockage d&rsquo;\u00e9nergie. La culture suisse de pr\u00e9cision et de qualit\u00e9 de l&rsquo;entreprise, ainsi que ses installations de production en Allemagne, font de Leclanch\u00e9 le partenaire de choix des entreprises qui recherchent les meilleures performances en mati\u00e8re de batteries et qui sont \u00e0 l&rsquo;origine de changements positifs dans la mani\u00e8re dont l&rsquo;\u00e9nergie est produite, distribu\u00e9e et consomm\u00e9e dans le monde entier. Leclanch\u00e9 est organis\u00e9 en trois unit\u00e9s d&rsquo;affaires : solutions de stockage d&rsquo;\u00e9nergie, solutions d&rsquo;e-mobilit\u00e9 et syst\u00e8mes de batteries sp\u00e9cialis\u00e9s. La soci\u00e9t\u00e9 emploie actuellement plus de 350 personnes avec des bureaux de repr\u00e9sentation dans huit pays \u00e0 travers le monde. Leclanch\u00e9 est cot\u00e9e \u00e0 la bourse suisse (SIX : LECN).\u00a0 SIX Swiss Exchange : ticker symbol LECN | ISIN CH 011 030 311 9<\/p>\n<p><strong>Clause de non-responsabilit\u00e9\u00a0<\/strong><\/p>\n<p>Ce communiqu\u00e9 de presse contient certaines d\u00e9clarations prospectives relatives aux activit\u00e9s de Leclanch\u00e9, qui peuvent \u00eatre identifi\u00e9es par une terminologie telle que \u00ab strat\u00e9gique \u00bb, \u00ab propose \u00bb, \u00ab introduire \u00bb, \u00ab sera \u00bb, \u00ab planifi\u00e9 \u00bb, \u00ab attendu \u00bb, \u00ab engagement \u00bb, \u00ab s&rsquo;attend \u00bb, \u00ab fixer \u00bb, \u00ab pr\u00e9parer \u00bb, \u00ab plans \u00bb, \u00ab estimations \u00bb, \u00ab vise \u00bb, \u00ab serait \u00bb, \u00ab potentiel \u00bb, \u00ab en attente \u00bb, \u00ab estim\u00e9 \u00bb, \u00ab proposition \u00bb, ou des expressions similaires, ou par des discussions exprim\u00e9es ou implicites concernant la mont\u00e9e en puissance de la capacit\u00e9 de production de Leclanch\u00e9, les applications potentielles des produits existants, ou concernant les revenus potentiels futurs de ces produits, ou les ventes ou revenus potentiels futurs de Leclanch\u00e9 ou de l&rsquo;une de ses unit\u00e9s d&rsquo;affaires. Vous ne devriez pas accorder une confiance excessive \u00e0 ces d\u00e9clarations. De telles d\u00e9clarations prospectives refl\u00e8tent le point de vue actuel de Leclanch\u00e9 concernant des \u00e9v\u00e9nements futurs et impliquent des risques connus et inconnus, des incertitudes et d&rsquo;autres facteurs qui peuvent entra\u00eener une diff\u00e9rence mat\u00e9rielle entre les r\u00e9sultats r\u00e9els et les r\u00e9sultats futurs, les performances ou les r\u00e9alisations exprim\u00e9es ou sous-entendues par de telles d\u00e9clarations. Il n&rsquo;y a aucune garantie que les produits de Leclanch\u00e9 atteindront des niveaux de revenus particuliers. Il n&rsquo;y a pas non plus de garantie que Leclanch\u00e9, ou l&rsquo;une des unit\u00e9s d&rsquo;affaires, atteindra des r\u00e9sultats financiers particuliers.<\/p>\n<p>&nbsp;<\/p>\n<p><strong>Contacts m\u00e9dias\u00a0:<\/strong><\/p>\n<p>&nbsp;<\/p>\n<p><strong><em>Suisse \/ Europe\u00a0:<\/em><\/strong><\/p>\n<p>Thierry Meyer<\/p>\n<p>T: +41 (0) 79\u00a0785 35 81<\/p>\n<p>E-Mail: <a href=\"mailto:tme@dynamicsgoup.ch\">tme@dynamicsgroup.ch<\/a><\/p>\n<p>&nbsp;<\/p>\n<p><strong><em>Allemagne\u00a0<\/em><\/strong><strong><em>:<\/em><\/strong><\/p>\n<p>Christoph Miller<\/p>\n<p>T: +49 (0) 711 947 670<\/p>\n<p>E-Mail: <a href=\"mailto:leclanche@sympra.de\">leclanche@sympra.de<\/a><\/p>\n<p>&nbsp;<\/p>\n<p><strong>Contact investisseurs\u00a0:<\/strong><\/p>\n<p>Hubert Angleys \/ Pierre Blanc<\/p>\n<p>T: +41 (0) 24 424 65 00<\/p>\n<p>E-Mail: <a href=\"mailto:invest.leclanche@leclanche.com\">invest.leclanche@leclanche.com<\/a><\/p>\n<p>&nbsp;<\/p>\n<p>&nbsp;<\/p>\n","protected":false},"excerpt":{"rendered":"<p>Annonce \u00e9v\u00e9nementielle au sens de l\u2019art. 53 RC YVERDON-LES-BAINS, Suisse, le 10 novembre 2025 &#8211;Leclanch\u00e9 SA et l&rsquo;Agence ex\u00e9cutive europ\u00e9enne pour le climat, les infrastructures et l&rsquo;environnement (CINEA) ont sign\u00e9 un accord de subvention de EUR\u00a074,2\u00a0millions destin\u00e9 \u00e0 acc\u00e9l\u00e9rer le d\u00e9ploiement industriel des technologies de fabrication de cellules de batteries durables en Europe. Cet accord [&hellip;]<\/p>\n","protected":false},"author":2,"featured_media":0,"comment_status":"open","ping_status":"open","sticky":false,"template":"","format":"standard","meta":{"footnotes":""},"categories":[105],"tags":[],"class_list":["post-15213","post","type-post","status-publish","format-standard","hentry","category-communiques-boursiers"],"yoast_head":"<!-- This site is optimized with the Yoast SEO plugin v26.4 - https:\/\/yoast.com\/wordpress\/plugins\/seo\/ -->\n<title>Leclanch\u00e9 et la CINEA signent un accord de subvention de 74,2 millions d&#039;euros pour soutenir la production durable de batteries en Europe - Leclanch\u00e9<\/title>\n<meta name=\"description\" content=\"Annonce \u00e9v\u00e9nementielle au sens de l\u2019art. 53 RC YVERDON-LES-BAINS, Suisse, le 10 novembre 2025 -Leclanch\u00e9 SA et l&#039;Agence ex\u00e9cutive europ\u00e9enne pour le\" \/>\n<meta name=\"robots\" content=\"index, follow, max-snippet:-1, max-image-preview:large, max-video-preview:-1\" \/>\n<link rel=\"canonical\" href=\"https:\/\/www.leclanche.com\/fr\/leclanche-et-la-cinea-signent-un-accord-de-subvention-de-742-millions-deuros-pour-soutenir-la-production-durable-de-batteries-en-europe\/\" \/>\n<meta property=\"og:locale\" content=\"fr_FR\" \/>\n<meta property=\"og:type\" content=\"article\" \/>\n<meta property=\"og:title\" content=\"Leclanch\u00e9 et la CINEA signent un accord de subvention de 74,2 millions d&#039;euros pour soutenir la production durable de batteries en Europe - Leclanch\u00e9\" \/>\n<meta property=\"og:description\" content=\"Annonce \u00e9v\u00e9nementielle au sens de l\u2019art. 53 RC YVERDON-LES-BAINS, Suisse, le 10 novembre 2025 -Leclanch\u00e9 SA et l&#039;Agence ex\u00e9cutive europ\u00e9enne pour le\" \/>\n<meta property=\"og:url\" content=\"https:\/\/www.leclanche.com\/fr\/leclanche-et-la-cinea-signent-un-accord-de-subvention-de-742-millions-deuros-pour-soutenir-la-production-durable-de-batteries-en-europe\/\" \/>\n<meta property=\"og:site_name\" content=\"Leclanch\u00e9\" \/>\n<meta property=\"article:published_time\" content=\"2025-11-10T16:43:23+00:00\" \/>\n<meta property=\"article:modified_time\" content=\"2025-11-18T17:13:49+00:00\" \/>\n<meta property=\"og:image\" content=\"https:\/\/www.leclanche.com\/wp-content\/uploads\/2025\/11\/FR_fundedbyttheIF_RGB_POS-scaled.png\" \/>\n\t<meta property=\"og:image:width\" content=\"2560\" \/>\n\t<meta property=\"og:image:height\" content=\"407\" \/>\n\t<meta property=\"og:image:type\" content=\"image\/png\" \/>\n<meta name=\"author\" content=\"Annick.Bid\" \/>\n<meta name=\"twitter:card\" content=\"summary_large_image\" \/>\n<meta name=\"twitter:label1\" content=\"\u00c9crit par\" \/>\n\t<meta name=\"twitter:data1\" content=\"Annick.Bid\" \/>\n\t<meta name=\"twitter:label2\" content=\"Dur\u00e9e de lecture estim\u00e9e\" \/>\n\t<meta name=\"twitter:data2\" content=\"6 minutes\" \/>\n<script type=\"application\/ld+json\" class=\"yoast-schema-graph\">{\"@context\":\"https:\/\/schema.org\",\"@graph\":[{\"@type\":\"WebPage\",\"@id\":\"https:\/\/www.leclanche.com\/fr\/leclanche-et-la-cinea-signent-un-accord-de-subvention-de-742-millions-deuros-pour-soutenir-la-production-durable-de-batteries-en-europe\/\",\"url\":\"https:\/\/www.leclanche.com\/fr\/leclanche-et-la-cinea-signent-un-accord-de-subvention-de-742-millions-deuros-pour-soutenir-la-production-durable-de-batteries-en-europe\/\",\"name\":\"Leclanch\u00e9 et la CINEA signent un accord de subvention de 74,2 millions d'euros pour soutenir la production durable de batteries en Europe - Leclanch\u00e9\",\"isPartOf\":{\"@id\":\"https:\/\/www.leclanche.com\/fr\/#website\"},\"primaryImageOfPage\":{\"@id\":\"https:\/\/www.leclanche.com\/fr\/leclanche-et-la-cinea-signent-un-accord-de-subvention-de-742-millions-deuros-pour-soutenir-la-production-durable-de-batteries-en-europe\/#primaryimage\"},\"image\":{\"@id\":\"https:\/\/www.leclanche.com\/fr\/leclanche-et-la-cinea-signent-un-accord-de-subvention-de-742-millions-deuros-pour-soutenir-la-production-durable-de-batteries-en-europe\/#primaryimage\"},\"thumbnailUrl\":\"https:\/\/www.leclanche.com\/wp-content\/uploads\/2025\/11\/FR_fundedbyttheIF_RGB_POS-300x48.png\",\"datePublished\":\"2025-11-10T16:43:23+00:00\",\"dateModified\":\"2025-11-18T17:13:49+00:00\",\"author\":{\"@id\":\"https:\/\/www.leclanche.com\/fr\/#\/schema\/person\/7ef725388a3f2b409a32cfa92059aa64\"},\"description\":\"Annonce \u00e9v\u00e9nementielle au sens de l\u2019art. 53 RC YVERDON-LES-BAINS, Suisse, le 10 novembre 2025 -Leclanch\u00e9 SA et l'Agence ex\u00e9cutive europ\u00e9enne pour le\",\"breadcrumb\":{\"@id\":\"https:\/\/www.leclanche.com\/fr\/leclanche-et-la-cinea-signent-un-accord-de-subvention-de-742-millions-deuros-pour-soutenir-la-production-durable-de-batteries-en-europe\/#breadcrumb\"},\"inLanguage\":\"fr-FR\",\"potentialAction\":[{\"@type\":\"ReadAction\",\"target\":[\"https:\/\/www.leclanche.com\/fr\/leclanche-et-la-cinea-signent-un-accord-de-subvention-de-742-millions-deuros-pour-soutenir-la-production-durable-de-batteries-en-europe\/\"]}]},{\"@type\":\"ImageObject\",\"inLanguage\":\"fr-FR\",\"@id\":\"https:\/\/www.leclanche.com\/fr\/leclanche-et-la-cinea-signent-un-accord-de-subvention-de-742-millions-deuros-pour-soutenir-la-production-durable-de-batteries-en-europe\/#primaryimage\",\"url\":\"https:\/\/www.leclanche.com\/wp-content\/uploads\/2025\/11\/FR_fundedbyttheIF_RGB_POS-300x48.png\",\"contentUrl\":\"https:\/\/www.leclanche.com\/wp-content\/uploads\/2025\/11\/FR_fundedbyttheIF_RGB_POS-300x48.png\"},{\"@type\":\"BreadcrumbList\",\"@id\":\"https:\/\/www.leclanche.com\/fr\/leclanche-et-la-cinea-signent-un-accord-de-subvention-de-742-millions-deuros-pour-soutenir-la-production-durable-de-batteries-en-europe\/#breadcrumb\",\"itemListElement\":[{\"@type\":\"ListItem\",\"position\":1,\"name\":\"Accueil\",\"item\":\"https:\/\/www.leclanche.com\/fr\/\"},{\"@type\":\"ListItem\",\"position\":2,\"name\":\"Leclanch\u00e9 et la CINEA signent un accord de subvention de 74,2 millions d&#8217;euros pour soutenir la production durable de batteries en Europe\"}]},{\"@type\":\"WebSite\",\"@id\":\"https:\/\/www.leclanche.com\/fr\/#website\",\"url\":\"https:\/\/www.leclanche.com\/fr\/\",\"name\":\"Leclanch\u00e9\",\"description\":\"Energy Storage Solutions\",\"potentialAction\":[{\"@type\":\"SearchAction\",\"target\":{\"@type\":\"EntryPoint\",\"urlTemplate\":\"https:\/\/www.leclanche.com\/fr\/?s={search_term_string}\"},\"query-input\":{\"@type\":\"PropertyValueSpecification\",\"valueRequired\":true,\"valueName\":\"search_term_string\"}}],\"inLanguage\":\"fr-FR\"},{\"@type\":\"Person\",\"@id\":\"https:\/\/www.leclanche.com\/fr\/#\/schema\/person\/7ef725388a3f2b409a32cfa92059aa64\",\"name\":\"Annick.Bid\",\"image\":{\"@type\":\"ImageObject\",\"inLanguage\":\"fr-FR\",\"@id\":\"https:\/\/www.leclanche.com\/fr\/#\/schema\/person\/image\/\",\"url\":\"https:\/\/secure.gravatar.com\/avatar\/0fe6baaabc318280db3d0e10c43b8017aa89b961c16e819765bd4fb65396af34?s=96&d=mm&r=g\",\"contentUrl\":\"https:\/\/secure.gravatar.com\/avatar\/0fe6baaabc318280db3d0e10c43b8017aa89b961c16e819765bd4fb65396af34?s=96&d=mm&r=g\",\"caption\":\"Annick.Bid\"},\"url\":\"https:\/\/www.leclanche.com\/fr\/author\/annick-bid\/\"}]}<\/script>\n<!-- \/ Yoast SEO plugin. -->","yoast_head_json":{"title":"Leclanch\u00e9 et la CINEA signent un accord de subvention de 74,2 millions d'euros pour soutenir la production durable de batteries en Europe - Leclanch\u00e9","description":"Annonce \u00e9v\u00e9nementielle au sens de l\u2019art. 53 RC YVERDON-LES-BAINS, Suisse, le 10 novembre 2025 -Leclanch\u00e9 SA et l'Agence ex\u00e9cutive europ\u00e9enne pour le","robots":{"index":"index","follow":"follow","max-snippet":"max-snippet:-1","max-image-preview":"max-image-preview:large","max-video-preview":"max-video-preview:-1"},"canonical":"https:\/\/www.leclanche.com\/fr\/leclanche-et-la-cinea-signent-un-accord-de-subvention-de-742-millions-deuros-pour-soutenir-la-production-durable-de-batteries-en-europe\/","og_locale":"fr_FR","og_type":"article","og_title":"Leclanch\u00e9 et la CINEA signent un accord de subvention de 74,2 millions d'euros pour soutenir la production durable de batteries en Europe - Leclanch\u00e9","og_description":"Annonce \u00e9v\u00e9nementielle au sens de l\u2019art. 53 RC YVERDON-LES-BAINS, Suisse, le 10 novembre 2025 -Leclanch\u00e9 SA et l'Agence ex\u00e9cutive europ\u00e9enne pour le","og_url":"https:\/\/www.leclanche.com\/fr\/leclanche-et-la-cinea-signent-un-accord-de-subvention-de-742-millions-deuros-pour-soutenir-la-production-durable-de-batteries-en-europe\/","og_site_name":"Leclanch\u00e9","article_published_time":"2025-11-10T16:43:23+00:00","article_modified_time":"2025-11-18T17:13:49+00:00","og_image":[{"width":2560,"height":407,"url":"https:\/\/www.leclanche.com\/wp-content\/uploads\/2025\/11\/FR_fundedbyttheIF_RGB_POS-scaled.png","type":"image\/png"}],"author":"Annick.Bid","twitter_card":"summary_large_image","twitter_misc":{"\u00c9crit par":"Annick.Bid","Dur\u00e9e de lecture estim\u00e9e":"6 minutes"},"schema":{"@context":"https:\/\/schema.org","@graph":[{"@type":"WebPage","@id":"https:\/\/www.leclanche.com\/fr\/leclanche-et-la-cinea-signent-un-accord-de-subvention-de-742-millions-deuros-pour-soutenir-la-production-durable-de-batteries-en-europe\/","url":"https:\/\/www.leclanche.com\/fr\/leclanche-et-la-cinea-signent-un-accord-de-subvention-de-742-millions-deuros-pour-soutenir-la-production-durable-de-batteries-en-europe\/","name":"Leclanch\u00e9 et la CINEA signent un accord de subvention de 74,2 millions d'euros pour soutenir la production durable de batteries en Europe - Leclanch\u00e9","isPartOf":{"@id":"https:\/\/www.leclanche.com\/fr\/#website"},"primaryImageOfPage":{"@id":"https:\/\/www.leclanche.com\/fr\/leclanche-et-la-cinea-signent-un-accord-de-subvention-de-742-millions-deuros-pour-soutenir-la-production-durable-de-batteries-en-europe\/#primaryimage"},"image":{"@id":"https:\/\/www.leclanche.com\/fr\/leclanche-et-la-cinea-signent-un-accord-de-subvention-de-742-millions-deuros-pour-soutenir-la-production-durable-de-batteries-en-europe\/#primaryimage"},"thumbnailUrl":"https:\/\/www.leclanche.com\/wp-content\/uploads\/2025\/11\/FR_fundedbyttheIF_RGB_POS-300x48.png","datePublished":"2025-11-10T16:43:23+00:00","dateModified":"2025-11-18T17:13:49+00:00","author":{"@id":"https:\/\/www.leclanche.com\/fr\/#\/schema\/person\/7ef725388a3f2b409a32cfa92059aa64"},"description":"Annonce \u00e9v\u00e9nementielle au sens de l\u2019art. 53 RC YVERDON-LES-BAINS, Suisse, le 10 novembre 2025 -Leclanch\u00e9 SA et l'Agence ex\u00e9cutive europ\u00e9enne pour le","breadcrumb":{"@id":"https:\/\/www.leclanche.com\/fr\/leclanche-et-la-cinea-signent-un-accord-de-subvention-de-742-millions-deuros-pour-soutenir-la-production-durable-de-batteries-en-europe\/#breadcrumb"},"inLanguage":"fr-FR","potentialAction":[{"@type":"ReadAction","target":["https:\/\/www.leclanche.com\/fr\/leclanche-et-la-cinea-signent-un-accord-de-subvention-de-742-millions-deuros-pour-soutenir-la-production-durable-de-batteries-en-europe\/"]}]},{"@type":"ImageObject","inLanguage":"fr-FR","@id":"https:\/\/www.leclanche.com\/fr\/leclanche-et-la-cinea-signent-un-accord-de-subvention-de-742-millions-deuros-pour-soutenir-la-production-durable-de-batteries-en-europe\/#primaryimage","url":"https:\/\/www.leclanche.com\/wp-content\/uploads\/2025\/11\/FR_fundedbyttheIF_RGB_POS-300x48.png","contentUrl":"https:\/\/www.leclanche.com\/wp-content\/uploads\/2025\/11\/FR_fundedbyttheIF_RGB_POS-300x48.png"},{"@type":"BreadcrumbList","@id":"https:\/\/www.leclanche.com\/fr\/leclanche-et-la-cinea-signent-un-accord-de-subvention-de-742-millions-deuros-pour-soutenir-la-production-durable-de-batteries-en-europe\/#breadcrumb","itemListElement":[{"@type":"ListItem","position":1,"name":"Accueil","item":"https:\/\/www.leclanche.com\/fr\/"},{"@type":"ListItem","position":2,"name":"Leclanch\u00e9 et la CINEA signent un accord de subvention de 74,2 millions d&#8217;euros pour soutenir la production durable de batteries en Europe"}]},{"@type":"WebSite","@id":"https:\/\/www.leclanche.com\/fr\/#website","url":"https:\/\/www.leclanche.com\/fr\/","name":"Leclanch\u00e9","description":"Energy Storage Solutions","potentialAction":[{"@type":"SearchAction","target":{"@type":"EntryPoint","urlTemplate":"https:\/\/www.leclanche.com\/fr\/?s={search_term_string}"},"query-input":{"@type":"PropertyValueSpecification","valueRequired":true,"valueName":"search_term_string"}}],"inLanguage":"fr-FR"},{"@type":"Person","@id":"https:\/\/www.leclanche.com\/fr\/#\/schema\/person\/7ef725388a3f2b409a32cfa92059aa64","name":"Annick.Bid","image":{"@type":"ImageObject","inLanguage":"fr-FR","@id":"https:\/\/www.leclanche.com\/fr\/#\/schema\/person\/image\/","url":"https:\/\/secure.gravatar.com\/avatar\/0fe6baaabc318280db3d0e10c43b8017aa89b961c16e819765bd4fb65396af34?s=96&d=mm&r=g","contentUrl":"https:\/\/secure.gravatar.com\/avatar\/0fe6baaabc318280db3d0e10c43b8017aa89b961c16e819765bd4fb65396af34?s=96&d=mm&r=g","caption":"Annick.Bid"},"url":"https:\/\/www.leclanche.com\/fr\/author\/annick-bid\/"}]}},"_links":{"self":[{"href":"https:\/\/www.leclanche.com\/fr\/wp-json\/wp\/v2\/posts\/15213","targetHints":{"allow":["GET"]}}],"collection":[{"href":"https:\/\/www.leclanche.com\/fr\/wp-json\/wp\/v2\/posts"}],"about":[{"href":"https:\/\/www.leclanche.com\/fr\/wp-json\/wp\/v2\/types\/post"}],"author":[{"embeddable":true,"href":"https:\/\/www.leclanche.com\/fr\/wp-json\/wp\/v2\/users\/2"}],"replies":[{"embeddable":true,"href":"https:\/\/www.leclanche.com\/fr\/wp-json\/wp\/v2\/comments?post=15213"}],"version-history":[{"count":7,"href":"https:\/\/www.leclanche.com\/fr\/wp-json\/wp\/v2\/posts\/15213\/revisions"}],"predecessor-version":[{"id":15250,"href":"https:\/\/www.leclanche.com\/fr\/wp-json\/wp\/v2\/posts\/15213\/revisions\/15250"}],"wp:attachment":[{"href":"https:\/\/www.leclanche.com\/fr\/wp-json\/wp\/v2\/media?parent=15213"}],"wp:term":[{"taxonomy":"category","embeddable":true,"href":"https:\/\/www.leclanche.com\/fr\/wp-json\/wp\/v2\/categories?post=15213"},{"taxonomy":"post_tag","embeddable":true,"href":"https:\/\/www.leclanche.com\/fr\/wp-json\/wp\/v2\/tags?post=15213"}],"curies":[{"name":"wp","href":"https:\/\/api.w.org\/{rel}","templated":true}]}}