{"id":15425,"date":"2026-02-13T06:45:45","date_gmt":"2026-02-13T05:45:45","guid":{"rendered":"https:\/\/www.leclanche.com\/?p=15425"},"modified":"2026-02-12T22:00:51","modified_gmt":"2026-02-12T21:00:51","slug":"leclanche-fait-le-point-sur-sa-situation-financiere","status":"publish","type":"post","link":"https:\/\/www.leclanche.com\/fr\/leclanche-fait-le-point-sur-sa-situation-financiere\/","title":{"rendered":"Leclanch\u00e9 fait le point sur sa situation financi\u00e8re"},"content":{"rendered":"<p><em>Annonce \u00e9v\u00e9nementielle au sens de l\u2019art. 53 RC<\/em><\/p>\n<p>&nbsp;<\/p>\n<p><strong>YVERDON-LES-BAINS, Suisse, le 13 f\u00e9vrier 2026 &#8211;<\/strong> <a href=\"http:\/\/www.leclanche.com\/fr\">Leclanch\u00e9 SA<\/a><strong>, <\/strong>l&rsquo;une des principales soci\u00e9t\u00e9s de stockage d&rsquo;\u00e9nergie au monde, souhaite apporter les information suivantes sur sa situation financi\u00e8re :<\/p>\n<p>La Soci\u00e9t\u00e9 rencontre actuellement des contraintes de tr\u00e9sorerie \u00e0 court terme. Celles-ci ont entra\u00een\u00e9 des retards dans certains paiements, y compris le versement des salaires de janvier. Le Conseil d\u2019administration et le Comit\u00e9 ex\u00e9cutif travaillent activement \u00e0 la mise en place de solutions pour rem\u00e9dier \u00e0 cette situation. Plusieurs options de financement \u00e0 court terme sont \u00e0 l\u2019\u00e9tude ou en phase avanc\u00e9e, notamment avec certains partenaires cl\u00e9s.<\/p>\n<p>Le Conseil d\u2019administration et le Comit\u00e9 ex\u00e9cutif prennent cette situation tr\u00e8s au s\u00e9rieux et mettent tout en \u0153uvre pour identifier et mettre en \u0153uvre des mesures appropri\u00e9es dans les meilleurs d\u00e9lais. La Soci\u00e9t\u00e9 communiquera de nouvelles informations d\u00e8s que des \u00e9l\u00e9ments compl\u00e9mentaires pourront \u00eatre confirm\u00e9s.<\/p>\n<p>&nbsp;<\/p>\n<p><strong>A propos de Leclanch\u00e9\u00a0<\/strong><\/p>\n<p>Leclanch\u00e9 est un fournisseur leader mondial de solutions de stockage d&rsquo;\u00e9nergie \u00e0 faible empreinte carbone bas\u00e9es sur la technologie des cellules lithium-ion. Fond\u00e9e en 1909 \u00e0 Yverdon-les-Bains, en Suisse, l&rsquo;histoire et l&rsquo;h\u00e9ritage de Leclanch\u00e9 sont ancr\u00e9s dans l&rsquo;innovation en mati\u00e8re de batteries et de stockage d&rsquo;\u00e9nergie. La culture suisse de pr\u00e9cision et de qualit\u00e9 de l&rsquo;entreprise, ainsi que ses installations de production en Allemagne, font de Leclanch\u00e9 le partenaire de choix des entreprises qui recherchent les meilleures performances en mati\u00e8re de batteries et qui sont \u00e0 l&rsquo;origine de changements positifs dans la mani\u00e8re dont l&rsquo;\u00e9nergie est produite, distribu\u00e9e et consomm\u00e9e dans le monde entier. Leclanch\u00e9 est organis\u00e9 en trois unit\u00e9s d&rsquo;affaires : solutions de stockage d&rsquo;\u00e9nergie, solutions d&rsquo;e-mobilit\u00e9 et syst\u00e8mes de batteries sp\u00e9cialis\u00e9s. La soci\u00e9t\u00e9 emploie actuellement plus de 350 personnes avec des bureaux de repr\u00e9sentation dans huit pays \u00e0 travers le monde. Leclanch\u00e9 est cot\u00e9e \u00e0 la bourse suisse (SIX : LECN).\u00a0 SIX Swiss Exchange : ticker symbol LECN | ISIN CH 011 030 311 9<\/p>\n<p>&nbsp;<\/p>\n<p><strong>Clause de non-responsabilit\u00e9\u00a0<\/strong><\/p>\n<p>Ce communiqu\u00e9 de presse contient certaines d\u00e9clarations prospectives relatives aux activit\u00e9s de Leclanch\u00e9, qui peuvent \u00eatre identifi\u00e9es par une terminologie telle que \u00ab strat\u00e9gique \u00bb, \u00ab propose \u00bb, \u00ab introduire \u00bb, \u00ab sera \u00bb, \u00ab planifi\u00e9 \u00bb, \u00ab attendu \u00bb, \u00ab engagement \u00bb, \u00ab s&rsquo;attend \u00bb, \u00ab fixer \u00bb, \u00ab pr\u00e9parer \u00bb, \u00ab plans \u00bb, \u00ab estimations \u00bb, \u00ab vise \u00bb, \u00ab serait \u00bb, \u00ab potentiel \u00bb, \u00ab en attente \u00bb, \u00ab estim\u00e9 \u00bb, \u00ab proposition \u00bb, ou des expressions similaires, ou par des discussions exprim\u00e9es ou implicites concernant la mont\u00e9e en puissance de la capacit\u00e9 de production de Leclanch\u00e9, les applications potentielles des produits existants, ou concernant les revenus potentiels futurs de ces produits, ou les ventes ou revenus potentiels futurs de Leclanch\u00e9 ou de l&rsquo;une de ses unit\u00e9s d&rsquo;affaires. Vous ne devriez pas accorder une confiance excessive \u00e0 ces d\u00e9clarations. De telles d\u00e9clarations prospectives refl\u00e8tent le point de vue actuel de Leclanch\u00e9 concernant des \u00e9v\u00e9nements futurs et impliquent des risques connus et inconnus, des incertitudes et d&rsquo;autres facteurs qui peuvent entra\u00eener une diff\u00e9rence mat\u00e9rielle entre les r\u00e9sultats r\u00e9els et les r\u00e9sultats futurs, les performances ou les r\u00e9alisations exprim\u00e9es ou sous-entendues par de telles d\u00e9clarations. Il n&rsquo;y a aucune garantie que les produits de Leclanch\u00e9 atteindront des niveaux de revenus particuliers. Il n&rsquo;y a pas non plus de garantie que Leclanch\u00e9, ou l&rsquo;une des unit\u00e9s d&rsquo;affaires, atteindra des r\u00e9sultats financiers particuliers.<\/p>\n<p>&nbsp;<\/p>\n<p><strong>Contacts m\u00e9dias\u00a0:<\/strong><\/p>\n<p><strong><em>Suisse \/ Europe\u00a0:<\/em><\/strong><\/p>\n<p>Thierry Meyer<\/p>\n<p>T: +41 (0) 79\u00a0785 35 81<\/p>\n<p>E-Mail: <a href=\"mailto:tme@dynamicsgoup.ch\">tme@dynamicsgroup.ch<\/a><\/p>\n<p>&nbsp;<\/p>\n<p><strong><em>Allemagne\u00a0<\/em><\/strong><strong><em>:<\/em><\/strong><\/p>\n<p>Christoph Miller<\/p>\n<p>T: +49 (0) 711 947 670<\/p>\n<p>E-Mail: <a href=\"mailto:leclanche@sympra.de\">leclanche@sympra.de<\/a><\/p>\n<p>&nbsp;<\/p>\n<p><strong>Contact investisseurs\u00a0:<\/strong><\/p>\n<p>Pierre Blanc<\/p>\n<p>T: +41 (0) 24 424 65 00<\/p>\n<p>E-Mail: <a href=\"mailto:invest.leclanche@leclanche.com\">invest.leclanche@leclanche.com<\/a><\/p>\n<p>&nbsp;<\/p>\n","protected":false},"excerpt":{"rendered":"<p>Annonce \u00e9v\u00e9nementielle au sens de l\u2019art. 53 RC &nbsp; YVERDON-LES-BAINS, Suisse, le 13 f\u00e9vrier 2026 &#8211; Leclanch\u00e9 SA, l&rsquo;une des principales soci\u00e9t\u00e9s de stockage d&rsquo;\u00e9nergie au monde, souhaite apporter les information suivantes sur sa situation financi\u00e8re : La Soci\u00e9t\u00e9 rencontre actuellement des contraintes de tr\u00e9sorerie \u00e0 court terme. Celles-ci ont entra\u00een\u00e9 des retards dans certains [&hellip;]<\/p>\n","protected":false},"author":2,"featured_media":0,"comment_status":"open","ping_status":"open","sticky":false,"template":"","format":"standard","meta":{"footnotes":""},"categories":[105,34],"tags":[],"class_list":["post-15425","post","type-post","status-publish","format-standard","hentry","category-communiques-boursiers","category-non-classifiee"],"yoast_head":"<!-- This site is optimized with the Yoast SEO plugin v26.4 - https:\/\/yoast.com\/wordpress\/plugins\/seo\/ -->\n<title>Leclanch\u00e9 fait le point sur sa situation financi\u00e8re - Leclanch\u00e9<\/title>\n<meta name=\"description\" content=\"Annonce \u00e9v\u00e9nementielle au sens de l\u2019art. 53 RC &nbsp; YVERDON-LES-BAINS, Suisse, le 13 f\u00e9vrier 2026 - Leclanch\u00e9 SA, l&#039;une des principales soci\u00e9t\u00e9s de\" \/>\n<meta name=\"robots\" content=\"index, follow, max-snippet:-1, max-image-preview:large, max-video-preview:-1\" \/>\n<link rel=\"canonical\" href=\"https:\/\/www.leclanche.com\/fr\/leclanche-fait-le-point-sur-sa-situation-financiere\/\" \/>\n<meta property=\"og:locale\" content=\"fr_FR\" \/>\n<meta property=\"og:type\" content=\"article\" \/>\n<meta property=\"og:title\" content=\"Leclanch\u00e9 fait le point sur sa situation financi\u00e8re - Leclanch\u00e9\" \/>\n<meta property=\"og:description\" content=\"Annonce \u00e9v\u00e9nementielle au sens de l\u2019art. 53 RC &nbsp; YVERDON-LES-BAINS, Suisse, le 13 f\u00e9vrier 2026 - Leclanch\u00e9 SA, l&#039;une des principales soci\u00e9t\u00e9s de\" \/>\n<meta property=\"og:url\" content=\"https:\/\/www.leclanche.com\/fr\/leclanche-fait-le-point-sur-sa-situation-financiere\/\" \/>\n<meta property=\"og:site_name\" content=\"Leclanch\u00e9\" \/>\n<meta property=\"article:published_time\" content=\"2026-02-13T05:45:45+00:00\" \/>\n<meta name=\"author\" content=\"Annick.Bid\" \/>\n<meta name=\"twitter:card\" content=\"summary_large_image\" \/>\n<meta name=\"twitter:label1\" content=\"\u00c9crit par\" \/>\n\t<meta name=\"twitter:data1\" content=\"Annick.Bid\" \/>\n\t<meta name=\"twitter:label2\" content=\"Dur\u00e9e de lecture estim\u00e9e\" \/>\n\t<meta name=\"twitter:data2\" content=\"3 minutes\" \/>\n<script type=\"application\/ld+json\" class=\"yoast-schema-graph\">{\"@context\":\"https:\/\/schema.org\",\"@graph\":[{\"@type\":\"WebPage\",\"@id\":\"https:\/\/www.leclanche.com\/fr\/leclanche-fait-le-point-sur-sa-situation-financiere\/\",\"url\":\"https:\/\/www.leclanche.com\/fr\/leclanche-fait-le-point-sur-sa-situation-financiere\/\",\"name\":\"Leclanch\u00e9 fait le point sur sa situation financi\u00e8re - Leclanch\u00e9\",\"isPartOf\":{\"@id\":\"https:\/\/www.leclanche.com\/fr\/#website\"},\"datePublished\":\"2026-02-13T05:45:45+00:00\",\"author\":{\"@id\":\"https:\/\/www.leclanche.com\/fr\/#\/schema\/person\/7ef725388a3f2b409a32cfa92059aa64\"},\"description\":\"Annonce \u00e9v\u00e9nementielle au sens de l\u2019art. 53 RC &nbsp; YVERDON-LES-BAINS, Suisse, le 13 f\u00e9vrier 2026 - Leclanch\u00e9 SA, l'une des principales soci\u00e9t\u00e9s de\",\"breadcrumb\":{\"@id\":\"https:\/\/www.leclanche.com\/fr\/leclanche-fait-le-point-sur-sa-situation-financiere\/#breadcrumb\"},\"inLanguage\":\"fr-FR\",\"potentialAction\":[{\"@type\":\"ReadAction\",\"target\":[\"https:\/\/www.leclanche.com\/fr\/leclanche-fait-le-point-sur-sa-situation-financiere\/\"]}]},{\"@type\":\"BreadcrumbList\",\"@id\":\"https:\/\/www.leclanche.com\/fr\/leclanche-fait-le-point-sur-sa-situation-financiere\/#breadcrumb\",\"itemListElement\":[{\"@type\":\"ListItem\",\"position\":1,\"name\":\"Accueil\",\"item\":\"https:\/\/www.leclanche.com\/fr\/\"},{\"@type\":\"ListItem\",\"position\":2,\"name\":\"Leclanch\u00e9 fait le point sur sa situation financi\u00e8re\"}]},{\"@type\":\"WebSite\",\"@id\":\"https:\/\/www.leclanche.com\/fr\/#website\",\"url\":\"https:\/\/www.leclanche.com\/fr\/\",\"name\":\"Leclanch\u00e9\",\"description\":\"Energy Storage Solutions\",\"potentialAction\":[{\"@type\":\"SearchAction\",\"target\":{\"@type\":\"EntryPoint\",\"urlTemplate\":\"https:\/\/www.leclanche.com\/fr\/?s={search_term_string}\"},\"query-input\":{\"@type\":\"PropertyValueSpecification\",\"valueRequired\":true,\"valueName\":\"search_term_string\"}}],\"inLanguage\":\"fr-FR\"},{\"@type\":\"Person\",\"@id\":\"https:\/\/www.leclanche.com\/fr\/#\/schema\/person\/7ef725388a3f2b409a32cfa92059aa64\",\"name\":\"Annick.Bid\",\"image\":{\"@type\":\"ImageObject\",\"inLanguage\":\"fr-FR\",\"@id\":\"https:\/\/www.leclanche.com\/fr\/#\/schema\/person\/image\/\",\"url\":\"https:\/\/secure.gravatar.com\/avatar\/0fe6baaabc318280db3d0e10c43b8017aa89b961c16e819765bd4fb65396af34?s=96&d=mm&r=g\",\"contentUrl\":\"https:\/\/secure.gravatar.com\/avatar\/0fe6baaabc318280db3d0e10c43b8017aa89b961c16e819765bd4fb65396af34?s=96&d=mm&r=g\",\"caption\":\"Annick.Bid\"},\"url\":\"https:\/\/www.leclanche.com\/fr\/author\/annick-bid\/\"}]}<\/script>\n<!-- \/ Yoast SEO plugin. -->","yoast_head_json":{"title":"Leclanch\u00e9 fait le point sur sa situation financi\u00e8re - Leclanch\u00e9","description":"Annonce \u00e9v\u00e9nementielle au sens de l\u2019art. 53 RC &nbsp; YVERDON-LES-BAINS, Suisse, le 13 f\u00e9vrier 2026 - Leclanch\u00e9 SA, l'une des principales soci\u00e9t\u00e9s de","robots":{"index":"index","follow":"follow","max-snippet":"max-snippet:-1","max-image-preview":"max-image-preview:large","max-video-preview":"max-video-preview:-1"},"canonical":"https:\/\/www.leclanche.com\/fr\/leclanche-fait-le-point-sur-sa-situation-financiere\/","og_locale":"fr_FR","og_type":"article","og_title":"Leclanch\u00e9 fait le point sur sa situation financi\u00e8re - Leclanch\u00e9","og_description":"Annonce \u00e9v\u00e9nementielle au sens de l\u2019art. 53 RC &nbsp; YVERDON-LES-BAINS, Suisse, le 13 f\u00e9vrier 2026 - Leclanch\u00e9 SA, l'une des principales soci\u00e9t\u00e9s de","og_url":"https:\/\/www.leclanche.com\/fr\/leclanche-fait-le-point-sur-sa-situation-financiere\/","og_site_name":"Leclanch\u00e9","article_published_time":"2026-02-13T05:45:45+00:00","author":"Annick.Bid","twitter_card":"summary_large_image","twitter_misc":{"\u00c9crit par":"Annick.Bid","Dur\u00e9e de lecture estim\u00e9e":"3 minutes"},"schema":{"@context":"https:\/\/schema.org","@graph":[{"@type":"WebPage","@id":"https:\/\/www.leclanche.com\/fr\/leclanche-fait-le-point-sur-sa-situation-financiere\/","url":"https:\/\/www.leclanche.com\/fr\/leclanche-fait-le-point-sur-sa-situation-financiere\/","name":"Leclanch\u00e9 fait le point sur sa situation financi\u00e8re - Leclanch\u00e9","isPartOf":{"@id":"https:\/\/www.leclanche.com\/fr\/#website"},"datePublished":"2026-02-13T05:45:45+00:00","author":{"@id":"https:\/\/www.leclanche.com\/fr\/#\/schema\/person\/7ef725388a3f2b409a32cfa92059aa64"},"description":"Annonce \u00e9v\u00e9nementielle au sens de l\u2019art. 53 RC &nbsp; YVERDON-LES-BAINS, Suisse, le 13 f\u00e9vrier 2026 - Leclanch\u00e9 SA, l'une des principales soci\u00e9t\u00e9s de","breadcrumb":{"@id":"https:\/\/www.leclanche.com\/fr\/leclanche-fait-le-point-sur-sa-situation-financiere\/#breadcrumb"},"inLanguage":"fr-FR","potentialAction":[{"@type":"ReadAction","target":["https:\/\/www.leclanche.com\/fr\/leclanche-fait-le-point-sur-sa-situation-financiere\/"]}]},{"@type":"BreadcrumbList","@id":"https:\/\/www.leclanche.com\/fr\/leclanche-fait-le-point-sur-sa-situation-financiere\/#breadcrumb","itemListElement":[{"@type":"ListItem","position":1,"name":"Accueil","item":"https:\/\/www.leclanche.com\/fr\/"},{"@type":"ListItem","position":2,"name":"Leclanch\u00e9 fait le point sur sa situation financi\u00e8re"}]},{"@type":"WebSite","@id":"https:\/\/www.leclanche.com\/fr\/#website","url":"https:\/\/www.leclanche.com\/fr\/","name":"Leclanch\u00e9","description":"Energy Storage Solutions","potentialAction":[{"@type":"SearchAction","target":{"@type":"EntryPoint","urlTemplate":"https:\/\/www.leclanche.com\/fr\/?s={search_term_string}"},"query-input":{"@type":"PropertyValueSpecification","valueRequired":true,"valueName":"search_term_string"}}],"inLanguage":"fr-FR"},{"@type":"Person","@id":"https:\/\/www.leclanche.com\/fr\/#\/schema\/person\/7ef725388a3f2b409a32cfa92059aa64","name":"Annick.Bid","image":{"@type":"ImageObject","inLanguage":"fr-FR","@id":"https:\/\/www.leclanche.com\/fr\/#\/schema\/person\/image\/","url":"https:\/\/secure.gravatar.com\/avatar\/0fe6baaabc318280db3d0e10c43b8017aa89b961c16e819765bd4fb65396af34?s=96&d=mm&r=g","contentUrl":"https:\/\/secure.gravatar.com\/avatar\/0fe6baaabc318280db3d0e10c43b8017aa89b961c16e819765bd4fb65396af34?s=96&d=mm&r=g","caption":"Annick.Bid"},"url":"https:\/\/www.leclanche.com\/fr\/author\/annick-bid\/"}]}},"_links":{"self":[{"href":"https:\/\/www.leclanche.com\/fr\/wp-json\/wp\/v2\/posts\/15425","targetHints":{"allow":["GET"]}}],"collection":[{"href":"https:\/\/www.leclanche.com\/fr\/wp-json\/wp\/v2\/posts"}],"about":[{"href":"https:\/\/www.leclanche.com\/fr\/wp-json\/wp\/v2\/types\/post"}],"author":[{"embeddable":true,"href":"https:\/\/www.leclanche.com\/fr\/wp-json\/wp\/v2\/users\/2"}],"replies":[{"embeddable":true,"href":"https:\/\/www.leclanche.com\/fr\/wp-json\/wp\/v2\/comments?post=15425"}],"version-history":[{"count":2,"href":"https:\/\/www.leclanche.com\/fr\/wp-json\/wp\/v2\/posts\/15425\/revisions"}],"predecessor-version":[{"id":15428,"href":"https:\/\/www.leclanche.com\/fr\/wp-json\/wp\/v2\/posts\/15425\/revisions\/15428"}],"wp:attachment":[{"href":"https:\/\/www.leclanche.com\/fr\/wp-json\/wp\/v2\/media?parent=15425"}],"wp:term":[{"taxonomy":"category","embeddable":true,"href":"https:\/\/www.leclanche.com\/fr\/wp-json\/wp\/v2\/categories?post=15425"},{"taxonomy":"post_tag","embeddable":true,"href":"https:\/\/www.leclanche.com\/fr\/wp-json\/wp\/v2\/tags?post=15425"}],"curies":[{"name":"wp","href":"https:\/\/api.w.org\/{rel}","templated":true}]}}