{"id":15495,"date":"2026-03-12T15:14:04","date_gmt":"2026-03-12T14:14:04","guid":{"rendered":"https:\/\/www.leclanche.com\/?p=15495"},"modified":"2026-03-12T15:18:18","modified_gmt":"2026-03-12T14:18:18","slug":"tunji-adebusuyi-presente-au-marine-battery-forum-watts-up-2026","status":"publish","type":"post","link":"https:\/\/www.leclanche.com\/fr\/tunji-adebusuyi-presente-au-marine-battery-forum-watts-up-2026\/","title":{"rendered":"Tunji Adebusuyi pr\u00e9sente au Marine Battery Forum WATTS UP 2026"},"content":{"rendered":"<p>Leclanch\u00e9 a eu le plaisir de participer au forum WATTS UP 2026 Marine Battery Forum \u00e0 Majorque, o\u00f9 Tunji Adebusuyi, directeur technique maritime chez Leclanch\u00e9, a pr\u00e9sent\u00e9 les derniers d\u00e9veloppements en mati\u00e8re de technologie des batteries lithium-ion pour les applications maritimes.<\/p>\n<p>Dans sa pr\u00e9sentation intitul\u00e9e \u00ab <i>Cathodes NMCA haute capacit\u00e9 pour applications marines<\/i> \u00bb, Tunji a expliqu\u00e9 comment les chimies avanc\u00e9es des cellules lithium-ion et la conception innovante des cellules peuvent aider \u00e0 r\u00e9pondre aux exigences en constante \u00e9volution du secteur maritime. Les syst\u00e8mes de propulsion marins modernes exigent de plus en plus de solutions de batteries offrant un \u00e9quilibre parfait entre puissance, densit\u00e9 \u00e9nerg\u00e9tique, s\u00e9curit\u00e9 et longue dur\u00e9e de vie.<\/p>\n<p>La pr\u00e9sentation a mis en avant les travaux en cours chez Leclanch\u00e9 pour d\u00e9velopper des mat\u00e9riaux cathodiques NMCA \u00e0 haute teneur en nickel, con\u00e7us pour am\u00e9liorer la densit\u00e9 \u00e9nerg\u00e9tique tout en pr\u00e9servant de solides performances de cyclage. Tunji a \u00e9galement expliqu\u00e9 comment ces cellules peuvent \u00eatre int\u00e9gr\u00e9es au syst\u00e8me de rack marin (MRS-3) de Leclanch\u00e9 afin de cr\u00e9er des syst\u00e8mes de batteries haute performance adapt\u00e9s aux op\u00e9rations maritimes exigeantes.<\/p>\n<p>Outre les am\u00e9liorations en mati\u00e8re de performances, la session a explor\u00e9 des approches innovantes en mati\u00e8re de fabrication de batteries, notamment le traitement des \u00e9lectrodes \u00e0 base d&rsquo;eau et le d\u00e9veloppement de mat\u00e9riaux sans PFAS, soutenant ainsi la transition plus large de l&rsquo;industrie vers des technologies de batteries plus durables et plus respectueuses de l&rsquo;environnement.<\/p>\n<p>Les technologies pr\u00e9sent\u00e9es sont particuli\u00e8rement adapt\u00e9es \u00e0 des applications telles que les navires hybrides et enti\u00e8rement \u00e9lectriques, les ferries n\u00e9cessitant des cycles de charge fr\u00e9quents, l&rsquo;\u00e9cr\u00eatement des pics et les op\u00e9rations de r\u00e9serve tournante, o\u00f9 une puissance de sortie et une capacit\u00e9 \u00e9nerg\u00e9tique \u00e9lev\u00e9es sont essentielles.<\/p>\n<p>Les forums industriels tels que WATTS UP offrent de pr\u00e9cieuses occasions d&rsquo;\u00e9changer des connaissances, de partager des d\u00e9veloppements techniques et de collaborer avec des partenaires qui s&rsquo;efforcent d&rsquo;acc\u00e9l\u00e9rer l&rsquo;\u00e9lectrification du transport maritime.<\/p>\n<p>Leclanch\u00e9 reste d\u00e9termin\u00e9 \u00e0 faire progresser l&rsquo;innovation dans le domaine des batteries afin de soutenir la transition vers des syst\u00e8mes de propulsion marine plus propres et plus efficaces.<\/p>\n","protected":false},"excerpt":{"rendered":"<p>Leclanch\u00e9 a eu le plaisir de participer au forum WATTS UP 2026 Marine Battery Forum \u00e0 Majorque, o\u00f9 Tunji Adebusuyi, directeur technique maritime chez Leclanch\u00e9, a pr\u00e9sent\u00e9 les derniers d\u00e9veloppements en mati\u00e8re de technologie des batteries lithium-ion pour les applications maritimes. Dans sa pr\u00e9sentation intitul\u00e9e \u00ab Cathodes NMCA haute capacit\u00e9 pour applications marines \u00bb, Tunji [&hellip;]<\/p>\n","protected":false},"author":7,"featured_media":15490,"comment_status":"open","ping_status":"open","sticky":false,"template":"","format":"standard","meta":{"footnotes":""},"categories":[45],"tags":[],"class_list":["post-15495","post","type-post","status-publish","format-standard","has-post-thumbnail","hentry","category-actualite"],"yoast_head":"<!-- This site is optimized with the Yoast SEO plugin v26.4 - https:\/\/yoast.com\/wordpress\/plugins\/seo\/ -->\n<title>Tunji Adebusuyi pr\u00e9sente au Marine Battery Forum WATTS UP 2026 les avanc\u00e9es technologiques - Leclanch\u00e9<\/title>\n<meta name=\"description\" content=\"Discover how Tunji Adebusuyi presents at the Marine Battery Forum WATTS UP 2026, showcasing lithium-ion technology advancements.\" \/>\n<meta name=\"robots\" content=\"index, follow, max-snippet:-1, max-image-preview:large, max-video-preview:-1\" \/>\n<link rel=\"canonical\" href=\"https:\/\/www.leclanche.com\/fr\/tunji-adebusuyi-presente-au-marine-battery-forum-watts-up-2026\/\" \/>\n<meta property=\"og:locale\" content=\"fr_FR\" \/>\n<meta property=\"og:type\" content=\"article\" \/>\n<meta property=\"og:title\" content=\"Tunji Adebusuyi pr\u00e9sente au Marine Battery Forum WATTS UP 2026 les avanc\u00e9es technologiques - Leclanch\u00e9\" \/>\n<meta property=\"og:description\" content=\"Discover how Tunji Adebusuyi presents at the Marine Battery Forum WATTS UP 2026, showcasing lithium-ion technology advancements.\" \/>\n<meta property=\"og:url\" content=\"https:\/\/www.leclanche.com\/fr\/tunji-adebusuyi-presente-au-marine-battery-forum-watts-up-2026\/\" \/>\n<meta property=\"og:site_name\" content=\"Leclanch\u00e9\" \/>\n<meta property=\"article:published_time\" content=\"2026-03-12T14:14:04+00:00\" \/>\n<meta property=\"article:modified_time\" content=\"2026-03-12T14:18:18+00:00\" \/>\n<meta property=\"og:image\" content=\"https:\/\/www.leclanche.com\/wp-content\/uploads\/2026\/03\/WhattsUp_Europe2026_Day2_175-scaled.jpg\" \/>\n\t<meta property=\"og:image:width\" content=\"2560\" \/>\n\t<meta property=\"og:image:height\" content=\"1707\" \/>\n\t<meta property=\"og:image:type\" content=\"image\/jpeg\" \/>\n<meta name=\"author\" content=\"Cameron McCLURE\" \/>\n<meta name=\"twitter:card\" content=\"summary_large_image\" \/>\n<meta name=\"twitter:label1\" content=\"\u00c9crit par\" \/>\n\t<meta name=\"twitter:data1\" content=\"Cameron McCLURE\" \/>\n\t<meta name=\"twitter:label2\" content=\"Dur\u00e9e de lecture estim\u00e9e\" \/>\n\t<meta name=\"twitter:data2\" content=\"2 minutes\" \/>\n<script type=\"application\/ld+json\" class=\"yoast-schema-graph\">{\"@context\":\"https:\/\/schema.org\",\"@graph\":[{\"@type\":\"WebPage\",\"@id\":\"https:\/\/www.leclanche.com\/fr\/tunji-adebusuyi-presente-au-marine-battery-forum-watts-up-2026\/\",\"url\":\"https:\/\/www.leclanche.com\/fr\/tunji-adebusuyi-presente-au-marine-battery-forum-watts-up-2026\/\",\"name\":\"Tunji Adebusuyi pr\u00e9sente au Marine Battery Forum WATTS UP 2026 les avanc\u00e9es technologiques - Leclanch\u00e9\",\"isPartOf\":{\"@id\":\"https:\/\/www.leclanche.com\/fr\/#website\"},\"primaryImageOfPage\":{\"@id\":\"https:\/\/www.leclanche.com\/fr\/tunji-adebusuyi-presente-au-marine-battery-forum-watts-up-2026\/#primaryimage\"},\"image\":{\"@id\":\"https:\/\/www.leclanche.com\/fr\/tunji-adebusuyi-presente-au-marine-battery-forum-watts-up-2026\/#primaryimage\"},\"thumbnailUrl\":\"https:\/\/www.leclanche.com\/wp-content\/uploads\/2026\/03\/WhattsUp_Europe2026_Day2_175-scaled.jpg\",\"datePublished\":\"2026-03-12T14:14:04+00:00\",\"dateModified\":\"2026-03-12T14:18:18+00:00\",\"author\":{\"@id\":\"https:\/\/www.leclanche.com\/fr\/#\/schema\/person\/fc4ce4f1f6dd0df7cc0c5a362ae193c0\"},\"description\":\"Discover how Tunji Adebusuyi presents at the Marine Battery Forum WATTS UP 2026, showcasing lithium-ion technology advancements.\",\"breadcrumb\":{\"@id\":\"https:\/\/www.leclanche.com\/fr\/tunji-adebusuyi-presente-au-marine-battery-forum-watts-up-2026\/#breadcrumb\"},\"inLanguage\":\"fr-FR\",\"potentialAction\":[{\"@type\":\"ReadAction\",\"target\":[\"https:\/\/www.leclanche.com\/fr\/tunji-adebusuyi-presente-au-marine-battery-forum-watts-up-2026\/\"]}]},{\"@type\":\"ImageObject\",\"inLanguage\":\"fr-FR\",\"@id\":\"https:\/\/www.leclanche.com\/fr\/tunji-adebusuyi-presente-au-marine-battery-forum-watts-up-2026\/#primaryimage\",\"url\":\"https:\/\/www.leclanche.com\/wp-content\/uploads\/2026\/03\/WhattsUp_Europe2026_Day2_175-scaled.jpg\",\"contentUrl\":\"https:\/\/www.leclanche.com\/wp-content\/uploads\/2026\/03\/WhattsUp_Europe2026_Day2_175-scaled.jpg\",\"width\":2560,\"height\":1707},{\"@type\":\"BreadcrumbList\",\"@id\":\"https:\/\/www.leclanche.com\/fr\/tunji-adebusuyi-presente-au-marine-battery-forum-watts-up-2026\/#breadcrumb\",\"itemListElement\":[{\"@type\":\"ListItem\",\"position\":1,\"name\":\"Accueil\",\"item\":\"https:\/\/www.leclanche.com\/fr\/\"},{\"@type\":\"ListItem\",\"position\":2,\"name\":\"Tunji Adebusuyi pr\u00e9sente au Marine Battery Forum WATTS UP 2026\"}]},{\"@type\":\"WebSite\",\"@id\":\"https:\/\/www.leclanche.com\/fr\/#website\",\"url\":\"https:\/\/www.leclanche.com\/fr\/\",\"name\":\"Leclanch\u00e9\",\"description\":\"Energy Storage Solutions\",\"potentialAction\":[{\"@type\":\"SearchAction\",\"target\":{\"@type\":\"EntryPoint\",\"urlTemplate\":\"https:\/\/www.leclanche.com\/fr\/?s={search_term_string}\"},\"query-input\":{\"@type\":\"PropertyValueSpecification\",\"valueRequired\":true,\"valueName\":\"search_term_string\"}}],\"inLanguage\":\"fr-FR\"},{\"@type\":\"Person\",\"@id\":\"https:\/\/www.leclanche.com\/fr\/#\/schema\/person\/fc4ce4f1f6dd0df7cc0c5a362ae193c0\",\"name\":\"Cameron McCLURE\",\"image\":{\"@type\":\"ImageObject\",\"inLanguage\":\"fr-FR\",\"@id\":\"https:\/\/www.leclanche.com\/fr\/#\/schema\/person\/image\/\",\"url\":\"https:\/\/secure.gravatar.com\/avatar\/38838b79148a26fa91df8ff836fc8bc2c888a3745cce06ea7cb2f370c18dffe9?s=96&d=mm&r=g\",\"contentUrl\":\"https:\/\/secure.gravatar.com\/avatar\/38838b79148a26fa91df8ff836fc8bc2c888a3745cce06ea7cb2f370c18dffe9?s=96&d=mm&r=g\",\"caption\":\"Cameron McCLURE\"},\"url\":\"https:\/\/www.leclanche.com\/fr\/author\/cameron\/\"}]}<\/script>\n<!-- \/ Yoast SEO plugin. -->","yoast_head_json":{"title":"Tunji Adebusuyi pr\u00e9sente au Marine Battery Forum WATTS UP 2026 les avanc\u00e9es technologiques - Leclanch\u00e9","description":"Discover how Tunji Adebusuyi presents at the Marine Battery Forum WATTS UP 2026, showcasing lithium-ion technology advancements.","robots":{"index":"index","follow":"follow","max-snippet":"max-snippet:-1","max-image-preview":"max-image-preview:large","max-video-preview":"max-video-preview:-1"},"canonical":"https:\/\/www.leclanche.com\/fr\/tunji-adebusuyi-presente-au-marine-battery-forum-watts-up-2026\/","og_locale":"fr_FR","og_type":"article","og_title":"Tunji Adebusuyi pr\u00e9sente au Marine Battery Forum WATTS UP 2026 les avanc\u00e9es technologiques - Leclanch\u00e9","og_description":"Discover how Tunji Adebusuyi presents at the Marine Battery Forum WATTS UP 2026, showcasing lithium-ion technology advancements.","og_url":"https:\/\/www.leclanche.com\/fr\/tunji-adebusuyi-presente-au-marine-battery-forum-watts-up-2026\/","og_site_name":"Leclanch\u00e9","article_published_time":"2026-03-12T14:14:04+00:00","article_modified_time":"2026-03-12T14:18:18+00:00","og_image":[{"width":2560,"height":1707,"url":"https:\/\/www.leclanche.com\/wp-content\/uploads\/2026\/03\/WhattsUp_Europe2026_Day2_175-scaled.jpg","type":"image\/jpeg"}],"author":"Cameron McCLURE","twitter_card":"summary_large_image","twitter_misc":{"\u00c9crit par":"Cameron McCLURE","Dur\u00e9e de lecture estim\u00e9e":"2 minutes"},"schema":{"@context":"https:\/\/schema.org","@graph":[{"@type":"WebPage","@id":"https:\/\/www.leclanche.com\/fr\/tunji-adebusuyi-presente-au-marine-battery-forum-watts-up-2026\/","url":"https:\/\/www.leclanche.com\/fr\/tunji-adebusuyi-presente-au-marine-battery-forum-watts-up-2026\/","name":"Tunji Adebusuyi pr\u00e9sente au Marine Battery Forum WATTS UP 2026 les avanc\u00e9es technologiques - Leclanch\u00e9","isPartOf":{"@id":"https:\/\/www.leclanche.com\/fr\/#website"},"primaryImageOfPage":{"@id":"https:\/\/www.leclanche.com\/fr\/tunji-adebusuyi-presente-au-marine-battery-forum-watts-up-2026\/#primaryimage"},"image":{"@id":"https:\/\/www.leclanche.com\/fr\/tunji-adebusuyi-presente-au-marine-battery-forum-watts-up-2026\/#primaryimage"},"thumbnailUrl":"https:\/\/www.leclanche.com\/wp-content\/uploads\/2026\/03\/WhattsUp_Europe2026_Day2_175-scaled.jpg","datePublished":"2026-03-12T14:14:04+00:00","dateModified":"2026-03-12T14:18:18+00:00","author":{"@id":"https:\/\/www.leclanche.com\/fr\/#\/schema\/person\/fc4ce4f1f6dd0df7cc0c5a362ae193c0"},"description":"Discover how Tunji Adebusuyi presents at the Marine Battery Forum WATTS UP 2026, showcasing lithium-ion technology advancements.","breadcrumb":{"@id":"https:\/\/www.leclanche.com\/fr\/tunji-adebusuyi-presente-au-marine-battery-forum-watts-up-2026\/#breadcrumb"},"inLanguage":"fr-FR","potentialAction":[{"@type":"ReadAction","target":["https:\/\/www.leclanche.com\/fr\/tunji-adebusuyi-presente-au-marine-battery-forum-watts-up-2026\/"]}]},{"@type":"ImageObject","inLanguage":"fr-FR","@id":"https:\/\/www.leclanche.com\/fr\/tunji-adebusuyi-presente-au-marine-battery-forum-watts-up-2026\/#primaryimage","url":"https:\/\/www.leclanche.com\/wp-content\/uploads\/2026\/03\/WhattsUp_Europe2026_Day2_175-scaled.jpg","contentUrl":"https:\/\/www.leclanche.com\/wp-content\/uploads\/2026\/03\/WhattsUp_Europe2026_Day2_175-scaled.jpg","width":2560,"height":1707},{"@type":"BreadcrumbList","@id":"https:\/\/www.leclanche.com\/fr\/tunji-adebusuyi-presente-au-marine-battery-forum-watts-up-2026\/#breadcrumb","itemListElement":[{"@type":"ListItem","position":1,"name":"Accueil","item":"https:\/\/www.leclanche.com\/fr\/"},{"@type":"ListItem","position":2,"name":"Tunji Adebusuyi pr\u00e9sente au Marine Battery Forum WATTS UP 2026"}]},{"@type":"WebSite","@id":"https:\/\/www.leclanche.com\/fr\/#website","url":"https:\/\/www.leclanche.com\/fr\/","name":"Leclanch\u00e9","description":"Energy Storage Solutions","potentialAction":[{"@type":"SearchAction","target":{"@type":"EntryPoint","urlTemplate":"https:\/\/www.leclanche.com\/fr\/?s={search_term_string}"},"query-input":{"@type":"PropertyValueSpecification","valueRequired":true,"valueName":"search_term_string"}}],"inLanguage":"fr-FR"},{"@type":"Person","@id":"https:\/\/www.leclanche.com\/fr\/#\/schema\/person\/fc4ce4f1f6dd0df7cc0c5a362ae193c0","name":"Cameron McCLURE","image":{"@type":"ImageObject","inLanguage":"fr-FR","@id":"https:\/\/www.leclanche.com\/fr\/#\/schema\/person\/image\/","url":"https:\/\/secure.gravatar.com\/avatar\/38838b79148a26fa91df8ff836fc8bc2c888a3745cce06ea7cb2f370c18dffe9?s=96&d=mm&r=g","contentUrl":"https:\/\/secure.gravatar.com\/avatar\/38838b79148a26fa91df8ff836fc8bc2c888a3745cce06ea7cb2f370c18dffe9?s=96&d=mm&r=g","caption":"Cameron McCLURE"},"url":"https:\/\/www.leclanche.com\/fr\/author\/cameron\/"}]}},"_links":{"self":[{"href":"https:\/\/www.leclanche.com\/fr\/wp-json\/wp\/v2\/posts\/15495","targetHints":{"allow":["GET"]}}],"collection":[{"href":"https:\/\/www.leclanche.com\/fr\/wp-json\/wp\/v2\/posts"}],"about":[{"href":"https:\/\/www.leclanche.com\/fr\/wp-json\/wp\/v2\/types\/post"}],"author":[{"embeddable":true,"href":"https:\/\/www.leclanche.com\/fr\/wp-json\/wp\/v2\/users\/7"}],"replies":[{"embeddable":true,"href":"https:\/\/www.leclanche.com\/fr\/wp-json\/wp\/v2\/comments?post=15495"}],"version-history":[{"count":1,"href":"https:\/\/www.leclanche.com\/fr\/wp-json\/wp\/v2\/posts\/15495\/revisions"}],"predecessor-version":[{"id":15496,"href":"https:\/\/www.leclanche.com\/fr\/wp-json\/wp\/v2\/posts\/15495\/revisions\/15496"}],"wp:featuredmedia":[{"embeddable":true,"href":"https:\/\/www.leclanche.com\/fr\/wp-json\/wp\/v2\/media\/15490"}],"wp:attachment":[{"href":"https:\/\/www.leclanche.com\/fr\/wp-json\/wp\/v2\/media?parent=15495"}],"wp:term":[{"taxonomy":"category","embeddable":true,"href":"https:\/\/www.leclanche.com\/fr\/wp-json\/wp\/v2\/categories?post=15495"},{"taxonomy":"post_tag","embeddable":true,"href":"https:\/\/www.leclanche.com\/fr\/wp-json\/wp\/v2\/tags?post=15495"}],"curies":[{"name":"wp","href":"https:\/\/api.w.org\/{rel}","templated":true}]}}