{"id":15554,"date":"2026-04-30T06:50:02","date_gmt":"2026-04-30T04:50:02","guid":{"rendered":"https:\/\/www.leclanche.com\/?p=15554"},"modified":"2026-04-30T06:50:02","modified_gmt":"2026-04-30T04:50:02","slug":"leclanche-sa-annonce-une-prolongation-du-delai-de-publication-de-son-rapport-annuel-2025-et-publie-ses-principaux-chiffres-non-audites-pour-2025","status":"publish","type":"post","link":"https:\/\/www.leclanche.com\/fr\/leclanche-sa-annonce-une-prolongation-du-delai-de-publication-de-son-rapport-annuel-2025-et-publie-ses-principaux-chiffres-non-audites-pour-2025\/","title":{"rendered":"Leclanch\u00e9 SA annonce une prolongation du d\u00e9lai de publication de son rapport annuel 2025 et publie ses principaux chiffres non audit\u00e9s pour 2025"},"content":{"rendered":"<p><em>Annonce \u00e9v\u00e9nementielle au sens de l\u2019art. 53 RC<\/em><\/p>\n<p>&nbsp;<\/p>\n<p><strong>YVERDON-LES-BAINS, Suisse, le 30 avril 2026 &#8211;<\/strong><strong>, <\/strong>Par d\u00e9cision du 29 avril 2026, SIX Exchange Regulation AG a approuv\u00e9 une prolongation du d\u00e9lai de publication du rapport annuel 2025 de <a href=\"http:\/\/www.leclanche.com\/fr\">Leclanch\u00e9 SA<\/a> (SIX : LECN) (<strong>\u00ab Leclanch\u00e9 \u00bb <\/strong>ou la <strong>\u00ab Soci\u00e9t\u00e9 \u00bb<\/strong>) jusqu\u2019au 31 mai 2026.<\/p>\n<p>&nbsp;<\/p>\n<p>Leclanch\u00e9 a rencontr\u00e9 plusieurs difficult\u00e9s dans la finalisation de son rapport annuel 2025, notamment :<\/p>\n<ul>\n<li>\u00c0 la suite du d\u00e9part du pr\u00e9c\u00e9dent Chief Financial Officer au 30 novembre 2025, le d\u00e9partement financier de la Soci\u00e9t\u00e9 a \u00e9t\u00e9 soutenu par un cabinet comptable de premier plan jusqu\u2019\u00e0 fin mars 2026. Jens Emrich a \u00e9t\u00e9 nomm\u00e9 Chief Financial Officer \u00e0 compter du 1er mars 2026. Cette transition est intervenue dans un contexte financier exigeant et a n\u00e9cessit\u00e9 un d\u00e9lai suppl\u00e9mentaire afin d\u2019assurer un transfert de responsabilit\u00e9s complet ainsi que la consolidation et la revue appropri\u00e9es des informations financi\u00e8res dans le cadre du processus d\u2019\u00e9tablissement des comptes annuels.<\/li>\n<\/ul>\n<p>&nbsp;<\/p>\n<ul>\n<li>Par ailleurs, la Soci\u00e9t\u00e9 est actuellement engag\u00e9e dans la mise en \u0153uvre d\u2019une conversion d\u2019une partie de sa dette en capitaux propres, conform\u00e9ment \u00e0 la demande de ses auditeurs pr\u00e9alablement \u00e0 la finalisation des \u00e9tats financiers 2025. En raison du nombre de parties impliqu\u00e9es, cette op\u00e9ration n\u2019a pas pu \u00eatre finalis\u00e9e dans les d\u00e9lais initialement pr\u00e9vus ; son ach\u00e8vement est toutefois attendu \u00e0 br\u00e8ve \u00e9ch\u00e9ance. La finalisation de cette conversion de dette en capitaux propres \u2013 entre autres facteurs \u2013 a \u00e9galement contribu\u00e9 au retard dans la cl\u00f4ture des comptes consolid\u00e9s ainsi que des comptes annuels de ses filiales.<\/li>\n<\/ul>\n<p>La Soci\u00e9t\u00e9 poursuit activement la r\u00e9solution des derniers points en suspens avec ses auditeurs et son conseil d\u2019administration afin de finaliser les derniers \u00e9l\u00e9ments et demeure confiante quant \u00e0 sa capacit\u00e9 \u00e0 publier son rapport annuel 2025 au plus tard le 31 mai 2026.<\/p>\n<p>Leclanch\u00e9 publie par ailleurs ses principaux indicateurs financiers non audit\u00e9s pour l\u2019exercice 2025 : en 2025, le chiffre d\u2019affaires consolid\u00e9 s\u2019est \u00e9lev\u00e9 \u00e0 CHF 23,1 millions, dont CHF 22,4 millions de revenus clients, soit une augmentation de CHF 5,0 millions, correspondant \u00e0 une croissance d\u2019environ 29 % sur un an.<\/p>\n<p>&nbsp;<\/p>\n<p>&nbsp;<\/p>\n<p>La Soci\u00e9t\u00e9 a enregistr\u00e9 un EBIT non audit\u00e9 de CHF (65,3) millions et un EBITDA de CHF (57,7) millions, se traduisant par une perte nette non audit\u00e9e de CHF (72,9) millions sur l\u2019exercice. Sur une base consolid\u00e9e, le r\u00e9sultat annuel a \u00e9t\u00e9 significativement impact\u00e9 par une d\u00e9pr\u00e9ciation exceptionnelle de CHF 7,6 millions li\u00e9e au projet de St. Kitts.<\/p>\n<p>Au 31 d\u00e9cembre 2025, le total du bilan s\u2019\u00e9levait \u00e0 CHF 92,1 millions, contre CHF 108,9 millions l\u2019ann\u00e9e pr\u00e9c\u00e9dente. Les fonds propres s\u2019\u00e9tablissaient \u00e0 CHF (16,9) millions.<\/p>\n<p>Dans sa d\u00e9cision du 29 avril 2026, SIX Exchange Regulation AG a demand\u00e9 \u00e0 Leclanch\u00e9 d\u2019ins\u00e9rer l\u2019extrait suivant dans le pr\u00e9sent communiqu\u00e9 ad hoc :<\/p>\n<ol>\n<li>L\u2019exemption temporaire de la publication du rapport annuel 2025 ainsi que son d\u00e9p\u00f4t aupr\u00e8s de SIX Exchange Regulation AG jusqu\u2019au 31 mai 2026 au plus tard est accord\u00e9e avec la r\u00e9serve suivante (let. a) et sous les conditions suivantes (let. b) :<\/li>\n<li>SIX Exchange Regulation AG suspendra en principe \u00e0 court terme la cotation des actions nominatives de Leclanch\u00e9 SA conform\u00e9ment \u00e0 l\u2019art. 57 du R\u00e8glement de cotation [LR] si le rapport annuel 2025 n\u2019est pas publi\u00e9 conform\u00e9ment aux dispositions relatives \u00e0 la publicit\u00e9 ad hoc (art. 53 LR en lien avec la Directive relative \u00e0 la publicit\u00e9 ad hoc [DAH]) et d\u00e9pos\u00e9 aupr\u00e8s de SIX Exchange Regulation AG au plus tard le dimanche 31 mai 2026 \u00e0 23h59 CET.<\/li>\n<li>Leclanch\u00e9 SA est tenue de publier un avis conform\u00e9ment aux dispositions relatives \u00e0 la publicit\u00e9 ad hoc concernant cette d\u00e9cision au plus tard le jeudi 30 avril 2026 \u00e0 07h30 CET. Cet avis doit contenir :<\/li>\n<\/ol>\n<ul>\n<li>la reproduction int\u00e9grale et non modifi\u00e9e du paragraphe I de la pr\u00e9sente d\u00e9cision, mise en \u00e9vidence de mani\u00e8re appropri\u00e9e ;<\/li>\n<\/ul>\n<p>&nbsp;<\/p>\n<ul>\n<li>les motifs de la demande de prolongation du d\u00e9lai de publication du rapport annuel 2025 et de son d\u00e9p\u00f4t aupr\u00e8s de SIX Exchange Regulation AG ;<\/li>\n<\/ul>\n<p>&nbsp;<\/p>\n<ul>\n<li>les principaux indicateurs financiers non audit\u00e9s r\u00e9guli\u00e8rement publi\u00e9s par l\u2019\u00e9metteur, notamment le chiffre d\u2019affaires net, l\u2019EBITDA, l\u2019EBIT, le r\u00e9sultat net, le total du bilan et les fonds propres en lien avec les r\u00e9sultats annuels 2025.<\/li>\n<\/ul>\n<p>Pour plus d\u2019informations, veuillez \u00e9crire \u00e0 <a href=\"mailto:info@leclanche.com\">info@leclanche.com<\/a> ou consulter le site <a href=\"www.leclanche.com\">www.leclanche.com<\/a><\/p>\n<p>&nbsp;<\/p>\n<p># # #<\/p>\n<p>&nbsp;<\/p>\n<p>&nbsp;<\/p>\n<p>&nbsp;<\/p>\n<p>&nbsp;<\/p>\n<p><strong>A propos de Leclanch\u00e9\u00a0<\/strong><\/p>\n<p>Leclanch\u00e9 est un fournisseur leader mondial de solutions de stockage d&rsquo;\u00e9nergie \u00e0 faible empreinte carbone bas\u00e9es sur la technologie des cellules lithium-ion. Fond\u00e9e en 1909 \u00e0 Yverdon-les-Bains, en Suisse, l&rsquo;histoire et l&rsquo;h\u00e9ritage de Leclanch\u00e9 sont ancr\u00e9s dans l&rsquo;innovation en mati\u00e8re de batteries et de stockage d&rsquo;\u00e9nergie. La culture suisse de pr\u00e9cision et de qualit\u00e9 de l&rsquo;entreprise, ainsi que ses installations de production en Allemagne, font de Leclanch\u00e9 le partenaire de choix des entreprises qui recherchent les meilleures performances en mati\u00e8re de batteries et qui sont \u00e0 l&rsquo;origine de changements positifs dans la mani\u00e8re dont l&rsquo;\u00e9nergie est produite, distribu\u00e9e et consomm\u00e9e dans le monde entier. Leclanch\u00e9 est organis\u00e9 en trois unit\u00e9s d&rsquo;affaires : solutions de stockage d&rsquo;\u00e9nergie, solutions d&rsquo;e-mobilit\u00e9 et syst\u00e8mes de batteries sp\u00e9cialis\u00e9s. La soci\u00e9t\u00e9 emploie actuellement plus de 350 personnes avec des bureaux de repr\u00e9sentation dans huit pays \u00e0 travers le monde. Leclanch\u00e9 est cot\u00e9e \u00e0 la bourse suisse (SIX : LECN).\u00a0 SIX Swiss Exchange : ticker symbol LECN | ISIN CH 011 030 311 9<\/p>\n<p>&nbsp;<\/p>\n<p><strong>Clause de non-responsabilit\u00e9\u00a0<\/strong><\/p>\n<p>Ce communiqu\u00e9 de presse contient certaines d\u00e9clarations prospectives relatives aux activit\u00e9s de Leclanch\u00e9, qui peuvent \u00eatre identifi\u00e9es par une terminologie telle que \u00ab strat\u00e9gique \u00bb, \u00ab propose \u00bb, \u00ab introduire \u00bb, \u00ab sera \u00bb, \u00ab planifi\u00e9 \u00bb, \u00ab attendu \u00bb, \u00ab engagement \u00bb, \u00ab s&rsquo;attend \u00bb, \u00ab fixer \u00bb, \u00ab pr\u00e9parer \u00bb, \u00ab plans \u00bb, \u00ab estimations \u00bb, \u00ab vise \u00bb, \u00ab serait \u00bb, \u00ab potentiel \u00bb, \u00ab en attente \u00bb, \u00ab estim\u00e9 \u00bb, \u00ab proposition \u00bb, ou des expressions similaires, ou par des discussions exprim\u00e9es ou implicites concernant la mont\u00e9e en puissance de la capacit\u00e9 de production de Leclanch\u00e9, les applications potentielles des produits existants, ou concernant les revenus potentiels futurs de ces produits, ou les ventes ou revenus potentiels futurs de Leclanch\u00e9 ou de l&rsquo;une de ses unit\u00e9s d&rsquo;affaires. Vous ne devriez pas accorder une confiance excessive \u00e0 ces d\u00e9clarations. De telles d\u00e9clarations prospectives refl\u00e8tent le point de vue actuel de Leclanch\u00e9 concernant des \u00e9v\u00e9nements futurs et impliquent des risques connus et inconnus, des incertitudes et d&rsquo;autres facteurs qui peuvent entra\u00eener une diff\u00e9rence mat\u00e9rielle entre les r\u00e9sultats r\u00e9els et les r\u00e9sultats futurs, les performances ou les r\u00e9alisations exprim\u00e9es ou sous-entendues par de telles d\u00e9clarations. Il n&rsquo;y a aucune garantie que les produits de Leclanch\u00e9 atteindront des niveaux de revenus particuliers. Il n&rsquo;y a pas non plus de garantie que Leclanch\u00e9, ou l&rsquo;une des unit\u00e9s d&rsquo;affaires, atteindra des r\u00e9sultats financiers particuliers.<\/p>\n<p>&nbsp;<\/p>\n<p><strong>Contacts m\u00e9dias\u00a0:<\/strong><\/p>\n<table>\n<tbody>\n<tr>\n<td width=\"303\"><strong><em>Suisse \/ Europe\u00a0:<\/em><\/strong><\/p>\n<p>Thierry Meyer<\/p>\n<p>T: +41 (0) 79\u00a0785 35 81<\/p>\n<p>E-Mail: <a href=\"mailto:tme@dynamicsgoup.ch\">tme@dynamicsgroup.ch<\/a><\/p>\n<p>&nbsp;<\/td>\n<td width=\"303\"><strong><em>Allemagne\u00a0<\/em><\/strong><strong><em>:<\/em><\/strong><\/p>\n<p>Christoph Miller<\/p>\n<p>T: +49 (0) 711 947 670<\/p>\n<p>E-Mail: <a href=\"mailto:leclanche@sympra.de\">leclanche@sympra.de<\/a><\/td>\n<\/tr>\n<tr>\n<td width=\"303\"><strong>Contact investisseurs\u00a0:<\/strong><\/p>\n<p>Pierre Blanc<\/p>\n<p>T: +41 (0) 24 424 65 00<\/p>\n<p>E-Mail: <a href=\"mailto:invest.leclanche@leclanche.com\">invest.leclanche@leclanche.com<\/a><\/td>\n<td width=\"303\">&nbsp;<\/td>\n<\/tr>\n<\/tbody>\n<\/table>\n<p><em>\u00a0<\/em><\/p>\n","protected":false},"excerpt":{"rendered":"<p>Annonce \u00e9v\u00e9nementielle au sens de l\u2019art. 53 RC &nbsp; YVERDON-LES-BAINS, Suisse, le 30 avril 2026 &#8211;, Par d\u00e9cision du 29 avril 2026, SIX Exchange Regulation AG a approuv\u00e9 une prolongation du d\u00e9lai de publication du rapport annuel 2025 de Leclanch\u00e9 SA (SIX : LECN) (\u00ab Leclanch\u00e9 \u00bb ou la \u00ab Soci\u00e9t\u00e9 \u00bb) jusqu\u2019au 31 mai [&hellip;]<\/p>\n","protected":false},"author":2,"featured_media":0,"comment_status":"open","ping_status":"open","sticky":false,"template":"","format":"standard","meta":{"footnotes":""},"categories":[105],"tags":[],"class_list":["post-15554","post","type-post","status-publish","format-standard","hentry","category-communiques-boursiers"],"yoast_head":"<!-- This site is optimized with the Yoast SEO plugin v26.4 - https:\/\/yoast.com\/wordpress\/plugins\/seo\/ -->\n<title>Leclanch\u00e9 SA annonce une prolongation du d\u00e9lai de publication de son rapport annuel 2025 et publie ses principaux chiffres non audit\u00e9s pour 2025 - Leclanch\u00e9<\/title>\n<meta name=\"description\" content=\"Annonce \u00e9v\u00e9nementielle au sens de l\u2019art. 53 RC &nbsp; YVERDON-LES-BAINS, Suisse, le 30 avril 2026 -, Par d\u00e9cision du 29 avril 2026, SIX Exchange\" \/>\n<meta name=\"robots\" content=\"index, follow, max-snippet:-1, max-image-preview:large, max-video-preview:-1\" \/>\n<link rel=\"canonical\" href=\"https:\/\/www.leclanche.com\/fr\/leclanche-sa-annonce-une-prolongation-du-delai-de-publication-de-son-rapport-annuel-2025-et-publie-ses-principaux-chiffres-non-audites-pour-2025\/\" \/>\n<meta property=\"og:locale\" content=\"fr_FR\" \/>\n<meta property=\"og:type\" content=\"article\" \/>\n<meta property=\"og:title\" content=\"Leclanch\u00e9 SA annonce une prolongation du d\u00e9lai de publication de son rapport annuel 2025 et publie ses principaux chiffres non audit\u00e9s pour 2025 - Leclanch\u00e9\" \/>\n<meta property=\"og:description\" content=\"Annonce \u00e9v\u00e9nementielle au sens de l\u2019art. 53 RC &nbsp; YVERDON-LES-BAINS, Suisse, le 30 avril 2026 -, Par d\u00e9cision du 29 avril 2026, SIX Exchange\" \/>\n<meta property=\"og:url\" content=\"https:\/\/www.leclanche.com\/fr\/leclanche-sa-annonce-une-prolongation-du-delai-de-publication-de-son-rapport-annuel-2025-et-publie-ses-principaux-chiffres-non-audites-pour-2025\/\" \/>\n<meta property=\"og:site_name\" content=\"Leclanch\u00e9\" \/>\n<meta property=\"article:published_time\" content=\"2026-04-30T04:50:02+00:00\" \/>\n<meta name=\"author\" content=\"Annick.Bid\" \/>\n<meta name=\"twitter:card\" content=\"summary_large_image\" \/>\n<meta name=\"twitter:label1\" content=\"\u00c9crit par\" \/>\n\t<meta name=\"twitter:data1\" content=\"Annick.Bid\" \/>\n\t<meta name=\"twitter:label2\" content=\"Dur\u00e9e de lecture estim\u00e9e\" \/>\n\t<meta name=\"twitter:data2\" content=\"6 minutes\" \/>\n<script type=\"application\/ld+json\" class=\"yoast-schema-graph\">{\"@context\":\"https:\/\/schema.org\",\"@graph\":[{\"@type\":\"WebPage\",\"@id\":\"https:\/\/www.leclanche.com\/fr\/leclanche-sa-annonce-une-prolongation-du-delai-de-publication-de-son-rapport-annuel-2025-et-publie-ses-principaux-chiffres-non-audites-pour-2025\/\",\"url\":\"https:\/\/www.leclanche.com\/fr\/leclanche-sa-annonce-une-prolongation-du-delai-de-publication-de-son-rapport-annuel-2025-et-publie-ses-principaux-chiffres-non-audites-pour-2025\/\",\"name\":\"Leclanch\u00e9 SA annonce une prolongation du d\u00e9lai de publication de son rapport annuel 2025 et publie ses principaux chiffres non audit\u00e9s pour 2025 - Leclanch\u00e9\",\"isPartOf\":{\"@id\":\"https:\/\/www.leclanche.com\/fr\/#website\"},\"datePublished\":\"2026-04-30T04:50:02+00:00\",\"author\":{\"@id\":\"https:\/\/www.leclanche.com\/fr\/#\/schema\/person\/7ef725388a3f2b409a32cfa92059aa64\"},\"description\":\"Annonce \u00e9v\u00e9nementielle au sens de l\u2019art. 53 RC &nbsp; YVERDON-LES-BAINS, Suisse, le 30 avril 2026 -, Par d\u00e9cision du 29 avril 2026, SIX Exchange\",\"breadcrumb\":{\"@id\":\"https:\/\/www.leclanche.com\/fr\/leclanche-sa-annonce-une-prolongation-du-delai-de-publication-de-son-rapport-annuel-2025-et-publie-ses-principaux-chiffres-non-audites-pour-2025\/#breadcrumb\"},\"inLanguage\":\"fr-FR\",\"potentialAction\":[{\"@type\":\"ReadAction\",\"target\":[\"https:\/\/www.leclanche.com\/fr\/leclanche-sa-annonce-une-prolongation-du-delai-de-publication-de-son-rapport-annuel-2025-et-publie-ses-principaux-chiffres-non-audites-pour-2025\/\"]}]},{\"@type\":\"BreadcrumbList\",\"@id\":\"https:\/\/www.leclanche.com\/fr\/leclanche-sa-annonce-une-prolongation-du-delai-de-publication-de-son-rapport-annuel-2025-et-publie-ses-principaux-chiffres-non-audites-pour-2025\/#breadcrumb\",\"itemListElement\":[{\"@type\":\"ListItem\",\"position\":1,\"name\":\"Accueil\",\"item\":\"https:\/\/www.leclanche.com\/fr\/\"},{\"@type\":\"ListItem\",\"position\":2,\"name\":\"Leclanch\u00e9 SA annonce une prolongation du d\u00e9lai de publication de son rapport annuel 2025 et publie ses principaux chiffres non audit\u00e9s pour 2025\"}]},{\"@type\":\"WebSite\",\"@id\":\"https:\/\/www.leclanche.com\/fr\/#website\",\"url\":\"https:\/\/www.leclanche.com\/fr\/\",\"name\":\"Leclanch\u00e9\",\"description\":\"Energy Storage Solutions\",\"potentialAction\":[{\"@type\":\"SearchAction\",\"target\":{\"@type\":\"EntryPoint\",\"urlTemplate\":\"https:\/\/www.leclanche.com\/fr\/?s={search_term_string}\"},\"query-input\":{\"@type\":\"PropertyValueSpecification\",\"valueRequired\":true,\"valueName\":\"search_term_string\"}}],\"inLanguage\":\"fr-FR\"},{\"@type\":\"Person\",\"@id\":\"https:\/\/www.leclanche.com\/fr\/#\/schema\/person\/7ef725388a3f2b409a32cfa92059aa64\",\"name\":\"Annick.Bid\",\"image\":{\"@type\":\"ImageObject\",\"inLanguage\":\"fr-FR\",\"@id\":\"https:\/\/www.leclanche.com\/fr\/#\/schema\/person\/image\/\",\"url\":\"https:\/\/secure.gravatar.com\/avatar\/0fe6baaabc318280db3d0e10c43b8017aa89b961c16e819765bd4fb65396af34?s=96&d=mm&r=g\",\"contentUrl\":\"https:\/\/secure.gravatar.com\/avatar\/0fe6baaabc318280db3d0e10c43b8017aa89b961c16e819765bd4fb65396af34?s=96&d=mm&r=g\",\"caption\":\"Annick.Bid\"},\"url\":\"https:\/\/www.leclanche.com\/fr\/author\/annick-bid\/\"}]}<\/script>\n<!-- \/ Yoast SEO plugin. -->","yoast_head_json":{"title":"Leclanch\u00e9 SA annonce une prolongation du d\u00e9lai de publication de son rapport annuel 2025 et publie ses principaux chiffres non audit\u00e9s pour 2025 - Leclanch\u00e9","description":"Annonce \u00e9v\u00e9nementielle au sens de l\u2019art. 53 RC &nbsp; YVERDON-LES-BAINS, Suisse, le 30 avril 2026 -, Par d\u00e9cision du 29 avril 2026, SIX Exchange","robots":{"index":"index","follow":"follow","max-snippet":"max-snippet:-1","max-image-preview":"max-image-preview:large","max-video-preview":"max-video-preview:-1"},"canonical":"https:\/\/www.leclanche.com\/fr\/leclanche-sa-annonce-une-prolongation-du-delai-de-publication-de-son-rapport-annuel-2025-et-publie-ses-principaux-chiffres-non-audites-pour-2025\/","og_locale":"fr_FR","og_type":"article","og_title":"Leclanch\u00e9 SA annonce une prolongation du d\u00e9lai de publication de son rapport annuel 2025 et publie ses principaux chiffres non audit\u00e9s pour 2025 - Leclanch\u00e9","og_description":"Annonce \u00e9v\u00e9nementielle au sens de l\u2019art. 53 RC &nbsp; YVERDON-LES-BAINS, Suisse, le 30 avril 2026 -, Par d\u00e9cision du 29 avril 2026, SIX Exchange","og_url":"https:\/\/www.leclanche.com\/fr\/leclanche-sa-annonce-une-prolongation-du-delai-de-publication-de-son-rapport-annuel-2025-et-publie-ses-principaux-chiffres-non-audites-pour-2025\/","og_site_name":"Leclanch\u00e9","article_published_time":"2026-04-30T04:50:02+00:00","author":"Annick.Bid","twitter_card":"summary_large_image","twitter_misc":{"\u00c9crit par":"Annick.Bid","Dur\u00e9e de lecture estim\u00e9e":"6 minutes"},"schema":{"@context":"https:\/\/schema.org","@graph":[{"@type":"WebPage","@id":"https:\/\/www.leclanche.com\/fr\/leclanche-sa-annonce-une-prolongation-du-delai-de-publication-de-son-rapport-annuel-2025-et-publie-ses-principaux-chiffres-non-audites-pour-2025\/","url":"https:\/\/www.leclanche.com\/fr\/leclanche-sa-annonce-une-prolongation-du-delai-de-publication-de-son-rapport-annuel-2025-et-publie-ses-principaux-chiffres-non-audites-pour-2025\/","name":"Leclanch\u00e9 SA annonce une prolongation du d\u00e9lai de publication de son rapport annuel 2025 et publie ses principaux chiffres non audit\u00e9s pour 2025 - Leclanch\u00e9","isPartOf":{"@id":"https:\/\/www.leclanche.com\/fr\/#website"},"datePublished":"2026-04-30T04:50:02+00:00","author":{"@id":"https:\/\/www.leclanche.com\/fr\/#\/schema\/person\/7ef725388a3f2b409a32cfa92059aa64"},"description":"Annonce \u00e9v\u00e9nementielle au sens de l\u2019art. 53 RC &nbsp; YVERDON-LES-BAINS, Suisse, le 30 avril 2026 -, Par d\u00e9cision du 29 avril 2026, SIX Exchange","breadcrumb":{"@id":"https:\/\/www.leclanche.com\/fr\/leclanche-sa-annonce-une-prolongation-du-delai-de-publication-de-son-rapport-annuel-2025-et-publie-ses-principaux-chiffres-non-audites-pour-2025\/#breadcrumb"},"inLanguage":"fr-FR","potentialAction":[{"@type":"ReadAction","target":["https:\/\/www.leclanche.com\/fr\/leclanche-sa-annonce-une-prolongation-du-delai-de-publication-de-son-rapport-annuel-2025-et-publie-ses-principaux-chiffres-non-audites-pour-2025\/"]}]},{"@type":"BreadcrumbList","@id":"https:\/\/www.leclanche.com\/fr\/leclanche-sa-annonce-une-prolongation-du-delai-de-publication-de-son-rapport-annuel-2025-et-publie-ses-principaux-chiffres-non-audites-pour-2025\/#breadcrumb","itemListElement":[{"@type":"ListItem","position":1,"name":"Accueil","item":"https:\/\/www.leclanche.com\/fr\/"},{"@type":"ListItem","position":2,"name":"Leclanch\u00e9 SA annonce une prolongation du d\u00e9lai de publication de son rapport annuel 2025 et publie ses principaux chiffres non audit\u00e9s pour 2025"}]},{"@type":"WebSite","@id":"https:\/\/www.leclanche.com\/fr\/#website","url":"https:\/\/www.leclanche.com\/fr\/","name":"Leclanch\u00e9","description":"Energy Storage Solutions","potentialAction":[{"@type":"SearchAction","target":{"@type":"EntryPoint","urlTemplate":"https:\/\/www.leclanche.com\/fr\/?s={search_term_string}"},"query-input":{"@type":"PropertyValueSpecification","valueRequired":true,"valueName":"search_term_string"}}],"inLanguage":"fr-FR"},{"@type":"Person","@id":"https:\/\/www.leclanche.com\/fr\/#\/schema\/person\/7ef725388a3f2b409a32cfa92059aa64","name":"Annick.Bid","image":{"@type":"ImageObject","inLanguage":"fr-FR","@id":"https:\/\/www.leclanche.com\/fr\/#\/schema\/person\/image\/","url":"https:\/\/secure.gravatar.com\/avatar\/0fe6baaabc318280db3d0e10c43b8017aa89b961c16e819765bd4fb65396af34?s=96&d=mm&r=g","contentUrl":"https:\/\/secure.gravatar.com\/avatar\/0fe6baaabc318280db3d0e10c43b8017aa89b961c16e819765bd4fb65396af34?s=96&d=mm&r=g","caption":"Annick.Bid"},"url":"https:\/\/www.leclanche.com\/fr\/author\/annick-bid\/"}]}},"_links":{"self":[{"href":"https:\/\/www.leclanche.com\/fr\/wp-json\/wp\/v2\/posts\/15554","targetHints":{"allow":["GET"]}}],"collection":[{"href":"https:\/\/www.leclanche.com\/fr\/wp-json\/wp\/v2\/posts"}],"about":[{"href":"https:\/\/www.leclanche.com\/fr\/wp-json\/wp\/v2\/types\/post"}],"author":[{"embeddable":true,"href":"https:\/\/www.leclanche.com\/fr\/wp-json\/wp\/v2\/users\/2"}],"replies":[{"embeddable":true,"href":"https:\/\/www.leclanche.com\/fr\/wp-json\/wp\/v2\/comments?post=15554"}],"version-history":[{"count":1,"href":"https:\/\/www.leclanche.com\/fr\/wp-json\/wp\/v2\/posts\/15554\/revisions"}],"predecessor-version":[{"id":15556,"href":"https:\/\/www.leclanche.com\/fr\/wp-json\/wp\/v2\/posts\/15554\/revisions\/15556"}],"wp:attachment":[{"href":"https:\/\/www.leclanche.com\/fr\/wp-json\/wp\/v2\/media?parent=15554"}],"wp:term":[{"taxonomy":"category","embeddable":true,"href":"https:\/\/www.leclanche.com\/fr\/wp-json\/wp\/v2\/categories?post=15554"},{"taxonomy":"post_tag","embeddable":true,"href":"https:\/\/www.leclanche.com\/fr\/wp-json\/wp\/v2\/tags?post=15554"}],"curies":[{"name":"wp","href":"https:\/\/api.w.org\/{rel}","templated":true}]}}