{"id":9601,"date":"2020-09-15T14:52:08","date_gmt":"2020-09-15T12:52:08","guid":{"rendered":"https:\/\/www.leclanche.com\/leclanche-fait-le-point-sur-la-reorganisation-strategique-de-lentreprise-annoncee-en-juin\/"},"modified":"2021-12-23T18:52:54","modified_gmt":"2021-12-23T17:52:54","slug":"leclanche-fait-le-point-sur-la-reorganisation-strategique-de-lentreprise-annoncee-en-juin","status":"publish","type":"post","link":"https:\/\/www.leclanche.com\/fr\/leclanche-fait-le-point-sur-la-reorganisation-strategique-de-lentreprise-annoncee-en-juin\/","title":{"rendered":"Leclanch\u00e9 fait le point sur la r\u00e9organisation strat\u00e9gique de l&rsquo;entreprise annonc\u00e9e en juin"},"content":{"rendered":"<ul>\n<li><em>Deux soci\u00e9t\u00e9s d&rsquo;exploitation ind\u00e9pendantes, eTransport Solutions et Stationary Storage Solutions, seront cr\u00e9\u00e9es et continueront \u00e0 faire partie du Groupe Leclanch\u00e9 S.A.<\/em><\/li>\n<li><em>Expression de l&rsquo;int\u00e9r\u00eat de clients cl\u00e9s pour devenir potentiellement des actionnaires strat\u00e9giques d\u2019une coentreprise de fabrication de cellules lithium-ion <\/em><\/li>\n<li><em>Processus de vente\/transfert dans une coentreprise en cours pour l&rsquo;activit\u00e9 Specialty Batteries<\/em><\/li>\n<li><em>61 millions de francs suisses de dettes convertis en capitaux propres, permettant de r\u00e9duire l\u2019endettement \u00e0 un niveau jamais atteint<\/em><\/li>\n<li><em>Leclanch\u00e9 et le Groupe Eneris r\u00e9\u00e9valuent les accords annonc\u00e9s le 2 juin 2020 &#8211; visant \u00e0 signer un nouvel accord de coop\u00e9ration industrielle avec un financement dans le cadre de l&rsquo;accord de pr\u00eat initial qui devra \u00eatre adapt\u00e9<\/em><\/li>\n<li><em>Financement de 34 millions de francs suisses fourni par le principal actionnaire de Leclanch\u00e9 pour soutenir la r\u00e9organisation en cours. La premi\u00e8re tranche de 4,5 millions de francs suisses a \u00e9t\u00e9 re\u00e7u le 11 septembre 2020<\/em><\/li>\n<li><em>Un conseiller financier est nomm\u00e9 afin d\u2019aider la cr\u00e9ation de la coentreprise de fabrication et la mobilisation des capitaux n\u00e9cessaires au financement int\u00e9gral du plan de croissance de l\u2019Entreprise<\/em><\/li>\n<\/ul>\n<p><strong>\u00a0<\/strong><\/p>\n<p><strong>YVERDON-LES-BAINS, Suisse, le 15 septembre<\/strong><strong>, 2020 <\/strong>\u2013 Le 2 juin 2020, <a href=\"http:\/\/www.leclanche.com\/\">Leclanch\u00e9 SA<\/a> (SIX:\u00a0LECN), l&rsquo;une des principales soci\u00e9t\u00e9s de stockage d&rsquo;\u00e9nergie au monde, avait annonc\u00e9 son projet de r\u00e9organisation strat\u00e9gique ainsi qu&rsquo;un accord de partenariat industriel avec le Groupe Eneris visant \u00e0 cr\u00e9er un partenariat europ\u00e9en de premier plan dans le domaine des batteries.<\/p>\n<p><strong><u>Le nouveau mod\u00e8le d&rsquo;exploitation de Leclanch\u00e9 S.A.<\/u><\/strong><\/p>\n<p><strong>En juin, Stefan Mueller, pr\u00e9sident du Conseil d&rsquo;Administration, avait d\u00e9clar\u00e9 : <\/strong>\u00ab <strong><em>Nous nous lan\u00e7ons dans une r\u00e9organisation strat\u00e9gique malgr\u00e9 les conditions \u00e9conomiques actuelles difficiles dues au Covid-19. Le Conseil d&rsquo;Administration de la Soci\u00e9t\u00e9 a d\u00e9cid\u00e9 de r\u00e9organiser le mod\u00e8le op\u00e9rationnel de Leclanch\u00e9 car les unit\u00e9s commerciales actuelles ont atteint une taille critique en termes de personnel, de chiffre d\u2019affaires et de contrats clients. Le Conseil d&rsquo;Administration est convaincu que la Soci\u00e9t\u00e9 dispose de bases solides pour assurer une croissance rentable gr\u00e2ce \u00e0 son carnet de commandes mondial, aux progr\u00e8s technologiques r\u00e9alis\u00e9s sur ses cellules \u00e0 haute capacit\u00e9 ainsi qu\u2019\u00e0 l&rsquo;adoption d&rsquo;un mod\u00e8le de construction-exploitation propre tr\u00e8s rentable pour notre unit\u00e9 commerciale Stationnaire <\/em><\/strong>\u00bb<strong>.<\/strong><\/p>\n<p><strong>\u00a0<\/strong><\/p>\n<p><strong>\u00a0<\/strong><\/p>\n<p><strong>\u00c0 partir du quatri\u00e8me trimestre 2020, la Soci\u00e9t\u00e9 fonctionnera en deux unit\u00e9s commerciales ind\u00e9pendantes : eTransport Solutions, ax\u00e9e sur l&rsquo;\u00e9lectrification des flotte de v\u00e9hicules et des navires, et Stationary Storage Solutions, ax\u00e9e sur l&rsquo;int\u00e9gration des \u00e9nergies renouvelables dans le r\u00e9seau \u00e9lectrique et les centrales \u00e9lectriques vertes. La Soci\u00e9t\u00e9 est en cours de r\u00e9organisation strat\u00e9gique et ses unit\u00e9s commerciales, ainsi que ses activit\u00e9s de fabrication, seront scind\u00e9es en entit\u00e9s op\u00e9rationnelles ind\u00e9pendantes dans les mois \u00e0 venir.<\/strong><\/p>\n<p>Afin de permettre \u00e0 Leclanch\u00e9 de se concentrer sur son activit\u00e9 principale, le Conseil d&rsquo;Administration de la Soci\u00e9t\u00e9 a d\u00e9cid\u00e9 de vendre ou de transf\u00e9rer l&rsquo;activit\u00e9 des syst\u00e8mes de batteries sp\u00e9cialis\u00e9s dans une coentreprise avec un ou plusieurs actionnaires strat\u00e9giques dont les investissements permettraient de soutenir la croissance de cette branche d&rsquo;activit\u00e9. La Soci\u00e9t\u00e9 s&rsquo;est engag\u00e9e \u00e0 assurer la continuit\u00e9 des activit\u00e9s pour tous les clients de cette unit\u00e9 commerciale pendant la dur\u00e9e de ce processus.<\/p>\n<p>La r\u00e9organisation offre une occasion unique aux nouveaux investisseurs de participer aux entreprises de syst\u00e8mes et de logiciels de technologie verte \u00e0 forte croissance qui composent le <strong>Nouveau Leclanch\u00e9<\/strong>. La Soci\u00e9t\u00e9 est convaincue qu&rsquo;elle peut r\u00e9unir les capitaux n\u00e9cessaires pour financer son plan de croissance jusqu&rsquo;en 2022, en grande partie gr\u00e2ce \u00e0 la r\u00e9organisation strat\u00e9gique en cours qui a rendu la Soci\u00e9t\u00e9 tout \u00e0 fait investissable. Le Conseil d&rsquo;Administration de la Soci\u00e9t\u00e9 est en train de choisir une banque pour g\u00e9rer le processus de lev\u00e9e de capitaux.<\/p>\n<p><strong><u>La coentreprise de fabrication : vers un nouveau mod\u00e8le de production \u00e0 faible besoin en capital<\/u><\/strong><\/p>\n<p>Apr\u00e8s l&rsquo;annonce de juin 2020, les r\u00e9actions des clients et du march\u00e9 ont \u00e9t\u00e9 tr\u00e8s encourageantes, confirmant une forte demande pour les piles au lithium de la Soci\u00e9t\u00e9, con\u00e7ues et optimis\u00e9es pour les flottes de v\u00e9hicules et les navires. La Soci\u00e9t\u00e9 a donc d\u00e9cid\u00e9 d&rsquo;augmenter la capacit\u00e9 pr\u00e9vue pour la coentreprise \u00e0 2,4 GWh par an en deux phases. Nous sommes heureux d&rsquo;annoncer que la Soci\u00e9t\u00e9 a suscit\u00e9 l&rsquo;int\u00e9r\u00eat de ses principaux clients pour devenir des actionnaires strat\u00e9giques de cette coentreprise, avec d&rsquo;autres actionnaires, dont le Groupe Eneris.<\/p>\n<p>Les principales cons\u00e9quences positives de la r\u00e9organisation annonc\u00e9e en juin, telles que d\u00e9taill\u00e9es dans la lettre aux actionnaires du 2 juin 2020, restent inchang\u00e9es.<\/p>\n<p><strong><u>R\u00e9\u00e9valuation des relations entre Leclanch\u00e9 et le Groupe Eneris &#8211; suspension des accords<\/u><\/strong><\/p>\n<p>En raison des r\u00e9cents d\u00e9veloppements dus aux retards li\u00e9s au Covid-19 sur certains projets, Leclanch\u00e9 et le Groupe Eneris ont choisi de r\u00e9\u00e9valuer leur relation et son calendrier en fonction de ce nouveau contexte. Sont concern\u00e9s, tous les accords annonc\u00e9s le 2 juin 2020, y compris l&rsquo;accord de licence de technologie (TLA), l&rsquo;accord de coop\u00e9ration industrielle et l&rsquo;accord de pr\u00eat, qui visait \u00e0 l&rsquo;origine \u00e0 fournir un financement \u00e0 Leclanch\u00e9 d&rsquo;un montant maximum de 42 millions de francs suisses. Pour l&rsquo;instant, Leclanch\u00e9 et le Groupe Eneris ont suspendu la mise en \u0153uvre des accords annonc\u00e9s. Cela signifie \u00e9galement que l&rsquo;accord de pr\u00eat, en vertu duquel 5 millions d&rsquo;euros (premi\u00e8re tranche) ont d\u00e9j\u00e0 \u00e9t\u00e9 mis \u00e0 la disposition de Leclanch\u00e9, a \u00e9t\u00e9 suspendu, et \u00e0 ce stade, il n&rsquo;est pas clair si un financement suppl\u00e9mentaire sera effectu\u00e9 par le Groupe Eneris dans le cadre de cet accord de pr\u00eat, d&rsquo;un autre accord ou si les 5 millions d&rsquo;euros pr\u00eat\u00e9s par Eneris \u00e0 ce jour devront \u00eatre rembours\u00e9s.<\/p>\n<p><strong><u>FEFAM <\/u><\/strong><a href=\"#_ftn1\" name=\"_ftnref1\"><strong><u>[1]<\/u><\/strong><\/a><strong><u>va accorder un pr\u00eat-relais de 34 millions de francs suisses<\/u><\/strong><\/p>\n<p>Compte tenu des besoins en fonds de roulement de Leclanch\u00e9, son principal actionnaire, FEFAM, s&rsquo;est engag\u00e9 \u00e0 financer la Soci\u00e9t\u00e9 \u00e0 hauteur de 34 millions de francs suisses avec un calendrier de paiement mensuel convenu, sous r\u00e9serve du respect de certaines conditions.<\/p>\n<p>\u00ab <strong><em>Apr\u00e8s avoir investi plus de 240 millions de francs suisses dans la Soci\u00e9t\u00e9 au cours des derni\u00e8res ann\u00e9es, nous sommes heureux de constater que la Soci\u00e9t\u00e9 a atteint une taille critique pour cr\u00e9er deux entit\u00e9s commerciales ind\u00e9pendantes. Elle pr\u00e9sente une proposition d&rsquo;investissement claire pour que de nouveaux investisseurs deviennent des actionnaires de r\u00e9f\u00e9rence, parall\u00e8lement \u00e0 l\u2019investissement consid\u00e9rable que nous avons effectu\u00e9 jusqu&rsquo;\u00e0 pr\u00e9sent. Nous soutenons la r\u00e9organisation strat\u00e9gique en cours ; en particulier, nous sommes ravis de voir l&rsquo;int\u00e9r\u00eat des principaux clients de la Soci\u00e9t\u00e9 \u00e0 participer \u00e0 une grande coentreprise de fabrication<\/em><\/strong>\u00bb<strong><em>, <\/em><\/strong><strong>a d\u00e9clar\u00e9 Marc Lefebvre au nom du Conseil d\u2019Administration de FEFAM. <\/strong><\/p>\n<p>\u00ab <strong><em>Nous croyons fermement en la coop\u00e9ration avec Leclanch\u00e9 pour la construction d&rsquo;une capacit\u00e9 europ\u00e9enne de production de batteries. Notre coop\u00e9ration a jusqu&rsquo;\u00e0 pr\u00e9sent prouv\u00e9 notre compatibilit\u00e9 industrielle et la n\u00e9cessit\u00e9 d&rsquo;unir nos forces pour relever le d\u00e9fi de l&rsquo;e-mobilit\u00e9 europ\u00e9enne et du stockage d&rsquo;\u00e9nergie. Le choix d\u2019un pr\u00eat, pendant ce moment si particulier que fut le confinement, ne s&rsquo;est pas av\u00e9r\u00e9 ad\u00e9quat et nous nous r\u00e9jouissons des investissements industriels, technologiques et dans la recherche et le d\u00e9veloppement, tout en remerciant l&rsquo;actionnaire principal de Leclanch\u00e9, FEFAM, pour son soutien direct \u00e0 la Soci\u00e9t\u00e9, pour nous avoir permis de nous concentrer sur la mise en \u0153uvre de notre coop\u00e9ration et pour permettre \u00e0 la direction de Leclanch\u00e9 d&rsquo;accro\u00eetre sa position sur le march\u00e9 gr\u00e2ce \u00e0 des produits et des solutions exceptionnels <\/em><\/strong>\u00bb<strong><em>, <\/em><\/strong><strong>a d\u00e9clar\u00e9 Artur Dela, le pr\u00e9sident du Groupe Eneris. <\/strong><\/p>\n<p><strong><u>Augmentation de capital de 61 millions de francs suisses <\/u><\/strong><\/p>\n<p>La Soci\u00e9t\u00e9 est heureuse de confirmer la mise en \u0153uvre de la conversion de la dette en capital de 50,93 millions de francs suisses approuv\u00e9e par les actionnaires lors de l&rsquo;Assembl\u00e9e G\u00e9n\u00e9rale du 30 juin 2020. En outre, et en vue de renforcer le bilan de la Soci\u00e9t\u00e9, le Conseil d&rsquo;Administration a convenu avec Golden Partner qu\u2019il convertira en capitaux propres de la Soci\u00e9t\u00e9 une dette suppl\u00e9mentaire de 10,71 millions de francs suisses. Afin de mettre en \u0153uvre cette conversion suppl\u00e9mentaire, le Conseil d&rsquo;Administration approuvera le 17 septembre 2020 une augmentation du capital social \u00e0 partir du capital social autoris\u00e9 \u00e0 un prix de conversion de 0,5348 de franc suisse par action ainsi que l&rsquo;exclusion des droits de souscription des actionnaires existants, parall\u00e8lement \u00e0 la mise en \u0153uvre de la conversion de la dette en capitaux propres de 50,93 millions de francs suisses. En cons\u00e9quence, le capital social de la Soci\u00e9t\u00e9 sera augment\u00e9 d&rsquo;un montant total de 61,64 millions de francs suisses. Cette conversion permettra de r\u00e9duire consid\u00e9rablement le niveau d&rsquo;endettement de la Soci\u00e9t\u00e9, \u00e0 environ 15 millions de francs suisses.<\/p>\n<p><a href=\"#_ftnref1\" name=\"_ftn1\">[1]<\/a> FEFAM signifie : AM INVESTMENT SCA, SICAV-SIF \u2013 Sub-Fund Illiquid Assets, ainsi que FINEXIS EQUITY FUND &#8211; Renewable Energy Compartiment, FINEXIS EQUITY FUND &#8211; Multi Asset Strategy Compartiment, FINEXIS EQUITY FUND &#8211; E Money Strategies (\u00e9galement appel\u00e9 Energy Storage Invest) et, tous ces fonds \u00e9tant globalement le principal actionnaire de Leclanch\u00e9, ci-apr\u00e8s d\u00e9nomm\u00e9s \u00ab\u00a0FEFAM\u00a0\u00bb.<\/p>\n<p>\u00ab <strong><em>Nous remercions notre principal actionnaire, FEFAM, pour son soutien continu et pour mettre \u00e0 la disposition de la Soci\u00e9t\u00e9 de nouveaux financements et pour cette conversion importante de dettes en fonds propres. Cela permettra \u00e0 Leclanch\u00e9 de mener rapidement \u00e0 bien la r\u00e9organisation en cours. Les \u00e9conomies qui en r\u00e9sulteront en termes de d\u00e9penses d&rsquo;exploitation et d&rsquo;investissement, associ\u00e9es \u00e0 un carnet de commandes et \u00e0 un portefeuille de projets bien remplis, accroissent notre confiance dans la possibilit\u00e9 d&rsquo;atteindre le point d\u2019EBITDA z\u00e9ro d\u2019ici 2022-23 et d&rsquo;assurer une croissance rentable et durable pour les ann\u00e9es suivantes.<\/em><\/strong><\/p>\n<p><strong><em>Bien que nous ayons d\u00fb retarder la cr\u00e9ation de la coentreprise de fabrication, la port\u00e9e et la structure m\u00eame de cette coentreprise sont clairement cr\u00e9atrices de valeur pour la soci\u00e9t\u00e9 <\/em><\/strong><strong>\u00bb<\/strong><strong><em>, <\/em><\/strong><strong>a d\u00e9clar\u00e9 Anil Srivastava, le Directeur G\u00e9n\u00e9ral de Leclanch\u00e9.<\/strong><\/p>\n<p>&nbsp;<\/p>\n<p>Pour plus d&rsquo;informations, \u00e9crivez \u00e0 <a href=\"mailto:Info@leclanche.com\">info@leclanche.com<\/a> ou rendez-vous sur le site <a href=\"http:\/\/www.leclanche.com\">www.leclanche.com<\/a>.<\/p>\n<p>&nbsp;<\/p>\n<p><strong>A propos de Leclanch\u00e9<\/p>\n<p><\/strong><\/p>\n<p>Leclanch\u00e9 SA, dont le si\u00e8ge social se trouve en Suisse, est l&rsquo;un des principaux fournisseurs de solutions de stockage d&rsquo;\u00e9nergie de haute qualit\u00e9 con\u00e7ues pour acc\u00e9l\u00e9rer nos progr\u00e8s vers un avenir \u00e9nerg\u00e9tique propre. L&rsquo;histoire et l&rsquo;h\u00e9ritage de Leclanch\u00e9 s&rsquo;enracinent dans plus de 100 ans d&rsquo;innovation en mati\u00e8re de batteries et de stockage d&rsquo;\u00e9nergie et la soci\u00e9t\u00e9 est un fournisseur de confiance de solutions de stockage d&rsquo;\u00e9nergie dans le monde entier. Ceci, combin\u00e9 \u00e0 la culture de l\u2019Entreprise en mati\u00e8re d&rsquo;ing\u00e9nierie allemande, de pr\u00e9cision et de qualit\u00e9 suisse, fait de Leclanch\u00e9 le partenaire de choix des innovateurs, des entreprises \u00e9tablies et des gouvernements qui sont \u00e0 l&rsquo;avant-garde des changements positifs dans la fa\u00e7on dont l&rsquo;\u00e9nergie est produite, distribu\u00e9e et consomm\u00e9e \u00e0 travers le monde. La transition \u00e9nerg\u00e9tique est principalement tir\u00e9e par les changements dans la gestion de nos r\u00e9seaux \u00e9lectriques et l&rsquo;\u00e9lectrification des transports, et ces deux march\u00e9s finaux constituent l&rsquo;\u00e9pine dorsale de notre strat\u00e9gie et de notre mod\u00e8le \u00e9conomique. Leclanch\u00e9 est au c\u0153ur de la convergence de l&rsquo;\u00e9lectrification des transports et de l&rsquo;\u00e9volution du r\u00e9seau de distribution. Leclanch\u00e9 est la seule entreprise de stockage d&rsquo;\u00e9nergie pure play cot\u00e9e au monde, organis\u00e9e en trois business units: solutions de stockage stationnaires, solutions e-Transport et syst\u00e8mes de batteries sp\u00e9cialis\u00e9es. Leclanch\u00e9 est cot\u00e9e \u00e0 la Bourse suisse (SIX : LECN).<\/p>\n<p>SIX Swiss Exchange: ticker symbol LECN | ISIN CH 011 030 311 9<\/p>\n<p><strong>\u00a0<\/strong><\/p>\n<p><strong>Clause de non-responsabilit\u00e9<\/strong><\/p>\n<p>Le pr\u00e9sent communiqu\u00e9 de presse contient certaines d\u00e9clarations prospectives relatives aux activit\u00e9s de Leclanch\u00e9, qui peuvent \u00eatre identifi\u00e9es par des termes tels que \u00ab strat\u00e9gique \u00bb, \u00ab propose \u00bb, \u00ab introduire \u00bb, \u00ab sera \u00bb, \u00ab planifi\u00e9 \u00bb, \u00ab pr\u00e9vu \u00bb, \u00ab attendu \u00bb, \u00ab engagement \u00bb, \u00ab attend \u00bb, \u00ab pr\u00e9voit \u00bb, \u00ab \u00e9tabli \u00bb, \u00ab pr\u00e9pare \u00bb, \u00ab plans \u00bb, \u00ab estimations \u00bb, \u00ab objectifs \u00bb, \u00ab serait \u00bb, \u00ab potentiel \u00bb, \u00ab attente \u00bb, \u00ab estimation \u00bb, \u00ab proposition \u00bb ou expressions similaires, ou par des discussions explicites ou implicites concernant la mont\u00e9e en puissance de la capacit\u00e9 de production de Leclanch\u00e9, les applications potentielles des produits existants, ou les revenus futurs potentiels de ces produits, ou les ventes ou b\u00e9n\u00e9fices futurs potentiels de Leclanch\u00e9 ou d&rsquo;une de ses unit\u00e9s commerciales. Vous ne devez pas vous fier ind\u00fbment \u00e0 ces d\u00e9clarations. Ces \u00e9nonc\u00e9s prospectifs refl\u00e8tent les opinions actuelles de Leclanch\u00e9 \u00e0 l&rsquo;\u00e9gard d&rsquo;\u00e9v\u00e9nements futurs et comportent des risques connus et inconnus, des incertitudes et d&rsquo;autres facteurs qui pourraient faire en sorte que les r\u00e9sultats r\u00e9els diff\u00e8rent sensiblement des r\u00e9sultats, performances ou r\u00e9alisations futurs exprim\u00e9s ou sous-entendus dans ces \u00e9nonc\u00e9s. Il n&rsquo;y a aucune garantie que les produits de Leclanch\u00e9 atteindront des niveaux de revenus particuliers. Rien ne garantit non plus que Leclanch\u00e9, ou l&rsquo;une quelconque de ses unit\u00e9s d&rsquo;affaires, obtiendra des r\u00e9sultats financiers particuliers.<\/p>\n<p><strong>\u00a0<\/strong><\/p>\n<p><strong>\u00a0<\/strong><\/p>\n<p><strong>Contacts Leclanch\u00e9<\/strong><\/p>\n<p><strong>M\u00e9dia Suisse<\/strong><strong> \/Europe :<\/strong><\/p>\n<p>Thierry Meyer<\/p>\n<p>T : +41 (0) 79\u00a0785 35 81<\/p>\n<p>E-mail : <a href=\"mailto:tme@dynamicsgroup.ch\">tme@dynamicsgroup.ch<\/a><\/p>\n<p>&nbsp;<\/p>\n<p><strong>M\u00e9dia Am\u00e9rique du Nord :<\/strong><\/p>\n<p>Rick Anderson<\/p>\n<p>T : +1-718-986-1596<\/p>\n<p>&nbsp;<\/p>\n<p>Henry Feintuch<\/p>\n<p>T : +1-914-548-6924<\/p>\n<p>E-mail: <a href=\"mailto:leclanche@feintuchpr.com\">leclanche@feintuchpr.com<\/a><\/p>\n<p>&nbsp;<\/p>\n<p><strong>M\u00e9dia Allemagne :<\/strong><\/p>\n<p>Christoph Miller<\/p>\n<p>T : +49 (0) 711 947 670<\/p>\n<p>E-mail : <a href=\"mailto:leclanche@sympra.de\">leclanche@sympra.de<\/a><\/p>\n<p>&nbsp;<\/p>\n<p><strong>Contacts investisseurs :<\/strong><\/p>\n<p>Anil Srivastava \/ Hubert Angleys<\/p>\n<p>T : +41 (0) 24 424 65 00<\/p>\n<p>E-mail : <a href=\"mailto:invest.leclanche@leclanche.com\">invest.leclanche@leclanche.com<\/a><\/p>\n<p>&nbsp;<\/p>\n","protected":false},"excerpt":{"rendered":"<p>Deux soci\u00e9t\u00e9s d&rsquo;exploitation ind\u00e9pendantes, eTransport Solutions et Stationary Storage Solutions, seront cr\u00e9\u00e9es et continueront \u00e0 faire partie du Groupe Leclanch\u00e9 S.A. Expression de l&rsquo;int\u00e9r\u00eat de clients cl\u00e9s pour devenir potentiellement des actionnaires strat\u00e9giques d\u2019une coentreprise de fabrication de cellules lithium-ion Processus de vente\/transfert dans une coentreprise en cours pour l&rsquo;activit\u00e9 Specialty Batteries 61 millions de [&hellip;]<\/p>\n","protected":false},"author":2,"featured_media":0,"comment_status":"open","ping_status":"open","sticky":false,"template":"","format":"standard","meta":{"footnotes":""},"categories":[108,46,34],"tags":[],"class_list":["post-9601","post","type-post","status-publish","format-standard","hentry","category-autres-communiques-de-presse","category-communiques-de-presse-fr","category-non-classifiee"],"yoast_head":"<!-- This site is optimized with the Yoast SEO plugin v26.4 - https:\/\/yoast.com\/wordpress\/plugins\/seo\/ -->\n<title>Leclanch\u00e9 fait le point sur la r\u00e9organisation strat\u00e9gique de l&#039;entreprise annonc\u00e9e en juin - Leclanch\u00e9<\/title>\n<meta name=\"description\" content=\"Deux soci\u00e9t\u00e9s d&#039;exploitation ind\u00e9pendantes, eTransport Solutions et Stationary Storage Solutions, seront cr\u00e9\u00e9es et continueront \u00e0 faire partie du Groupe\" \/>\n<meta name=\"robots\" content=\"index, follow, max-snippet:-1, max-image-preview:large, max-video-preview:-1\" \/>\n<link rel=\"canonical\" href=\"https:\/\/www.leclanche.com\/fr\/leclanche-fait-le-point-sur-la-reorganisation-strategique-de-lentreprise-annoncee-en-juin\/\" \/>\n<meta property=\"og:locale\" content=\"fr_FR\" \/>\n<meta property=\"og:type\" content=\"article\" \/>\n<meta property=\"og:title\" content=\"Leclanch\u00e9 fait le point sur la r\u00e9organisation strat\u00e9gique de l&#039;entreprise annonc\u00e9e en juin - Leclanch\u00e9\" \/>\n<meta property=\"og:description\" content=\"Deux soci\u00e9t\u00e9s d&#039;exploitation ind\u00e9pendantes, eTransport Solutions et Stationary Storage Solutions, seront cr\u00e9\u00e9es et continueront \u00e0 faire partie du Groupe\" \/>\n<meta property=\"og:url\" content=\"https:\/\/www.leclanche.com\/fr\/leclanche-fait-le-point-sur-la-reorganisation-strategique-de-lentreprise-annoncee-en-juin\/\" \/>\n<meta property=\"og:site_name\" content=\"Leclanch\u00e9\" \/>\n<meta property=\"article:published_time\" content=\"2020-09-15T12:52:08+00:00\" \/>\n<meta property=\"article:modified_time\" content=\"2021-12-23T17:52:54+00:00\" \/>\n<meta name=\"author\" content=\"Annick.Bid\" \/>\n<meta name=\"twitter:card\" content=\"summary_large_image\" \/>\n<meta name=\"twitter:label1\" content=\"\u00c9crit par\" \/>\n\t<meta name=\"twitter:data1\" content=\"Annick.Bid\" \/>\n\t<meta name=\"twitter:label2\" content=\"Dur\u00e9e de lecture estim\u00e9e\" \/>\n\t<meta name=\"twitter:data2\" content=\"11 minutes\" \/>\n<script type=\"application\/ld+json\" class=\"yoast-schema-graph\">{\"@context\":\"https:\/\/schema.org\",\"@graph\":[{\"@type\":\"WebPage\",\"@id\":\"https:\/\/www.leclanche.com\/fr\/leclanche-fait-le-point-sur-la-reorganisation-strategique-de-lentreprise-annoncee-en-juin\/\",\"url\":\"https:\/\/www.leclanche.com\/fr\/leclanche-fait-le-point-sur-la-reorganisation-strategique-de-lentreprise-annoncee-en-juin\/\",\"name\":\"Leclanch\u00e9 fait le point sur la r\u00e9organisation strat\u00e9gique de l'entreprise annonc\u00e9e en juin - Leclanch\u00e9\",\"isPartOf\":{\"@id\":\"https:\/\/www.leclanche.com\/fr\/#website\"},\"datePublished\":\"2020-09-15T12:52:08+00:00\",\"dateModified\":\"2021-12-23T17:52:54+00:00\",\"author\":{\"@id\":\"https:\/\/www.leclanche.com\/fr\/#\/schema\/person\/7ef725388a3f2b409a32cfa92059aa64\"},\"description\":\"Deux soci\u00e9t\u00e9s d'exploitation ind\u00e9pendantes, eTransport Solutions et Stationary Storage Solutions, seront cr\u00e9\u00e9es et continueront \u00e0 faire partie du Groupe\",\"breadcrumb\":{\"@id\":\"https:\/\/www.leclanche.com\/fr\/leclanche-fait-le-point-sur-la-reorganisation-strategique-de-lentreprise-annoncee-en-juin\/#breadcrumb\"},\"inLanguage\":\"fr-FR\",\"potentialAction\":[{\"@type\":\"ReadAction\",\"target\":[\"https:\/\/www.leclanche.com\/fr\/leclanche-fait-le-point-sur-la-reorganisation-strategique-de-lentreprise-annoncee-en-juin\/\"]}]},{\"@type\":\"BreadcrumbList\",\"@id\":\"https:\/\/www.leclanche.com\/fr\/leclanche-fait-le-point-sur-la-reorganisation-strategique-de-lentreprise-annoncee-en-juin\/#breadcrumb\",\"itemListElement\":[{\"@type\":\"ListItem\",\"position\":1,\"name\":\"Accueil\",\"item\":\"https:\/\/www.leclanche.com\/fr\/\"},{\"@type\":\"ListItem\",\"position\":2,\"name\":\"Leclanch\u00e9 fait le point sur la r\u00e9organisation strat\u00e9gique de l&#8217;entreprise annonc\u00e9e en juin\"}]},{\"@type\":\"WebSite\",\"@id\":\"https:\/\/www.leclanche.com\/fr\/#website\",\"url\":\"https:\/\/www.leclanche.com\/fr\/\",\"name\":\"Leclanch\u00e9\",\"description\":\"Energy Storage Solutions\",\"potentialAction\":[{\"@type\":\"SearchAction\",\"target\":{\"@type\":\"EntryPoint\",\"urlTemplate\":\"https:\/\/www.leclanche.com\/fr\/?s={search_term_string}\"},\"query-input\":{\"@type\":\"PropertyValueSpecification\",\"valueRequired\":true,\"valueName\":\"search_term_string\"}}],\"inLanguage\":\"fr-FR\"},{\"@type\":\"Person\",\"@id\":\"https:\/\/www.leclanche.com\/fr\/#\/schema\/person\/7ef725388a3f2b409a32cfa92059aa64\",\"name\":\"Annick.Bid\",\"image\":{\"@type\":\"ImageObject\",\"inLanguage\":\"fr-FR\",\"@id\":\"https:\/\/www.leclanche.com\/fr\/#\/schema\/person\/image\/\",\"url\":\"https:\/\/secure.gravatar.com\/avatar\/0fe6baaabc318280db3d0e10c43b8017aa89b961c16e819765bd4fb65396af34?s=96&d=mm&r=g\",\"contentUrl\":\"https:\/\/secure.gravatar.com\/avatar\/0fe6baaabc318280db3d0e10c43b8017aa89b961c16e819765bd4fb65396af34?s=96&d=mm&r=g\",\"caption\":\"Annick.Bid\"},\"url\":\"https:\/\/www.leclanche.com\/fr\/author\/annick-bid\/\"}]}<\/script>\n<!-- \/ Yoast SEO plugin. -->","yoast_head_json":{"title":"Leclanch\u00e9 fait le point sur la r\u00e9organisation strat\u00e9gique de l'entreprise annonc\u00e9e en juin - Leclanch\u00e9","description":"Deux soci\u00e9t\u00e9s d'exploitation ind\u00e9pendantes, eTransport Solutions et Stationary Storage Solutions, seront cr\u00e9\u00e9es et continueront \u00e0 faire partie du Groupe","robots":{"index":"index","follow":"follow","max-snippet":"max-snippet:-1","max-image-preview":"max-image-preview:large","max-video-preview":"max-video-preview:-1"},"canonical":"https:\/\/www.leclanche.com\/fr\/leclanche-fait-le-point-sur-la-reorganisation-strategique-de-lentreprise-annoncee-en-juin\/","og_locale":"fr_FR","og_type":"article","og_title":"Leclanch\u00e9 fait le point sur la r\u00e9organisation strat\u00e9gique de l'entreprise annonc\u00e9e en juin - Leclanch\u00e9","og_description":"Deux soci\u00e9t\u00e9s d'exploitation ind\u00e9pendantes, eTransport Solutions et Stationary Storage Solutions, seront cr\u00e9\u00e9es et continueront \u00e0 faire partie du Groupe","og_url":"https:\/\/www.leclanche.com\/fr\/leclanche-fait-le-point-sur-la-reorganisation-strategique-de-lentreprise-annoncee-en-juin\/","og_site_name":"Leclanch\u00e9","article_published_time":"2020-09-15T12:52:08+00:00","article_modified_time":"2021-12-23T17:52:54+00:00","author":"Annick.Bid","twitter_card":"summary_large_image","twitter_misc":{"\u00c9crit par":"Annick.Bid","Dur\u00e9e de lecture estim\u00e9e":"11 minutes"},"schema":{"@context":"https:\/\/schema.org","@graph":[{"@type":"WebPage","@id":"https:\/\/www.leclanche.com\/fr\/leclanche-fait-le-point-sur-la-reorganisation-strategique-de-lentreprise-annoncee-en-juin\/","url":"https:\/\/www.leclanche.com\/fr\/leclanche-fait-le-point-sur-la-reorganisation-strategique-de-lentreprise-annoncee-en-juin\/","name":"Leclanch\u00e9 fait le point sur la r\u00e9organisation strat\u00e9gique de l'entreprise annonc\u00e9e en juin - Leclanch\u00e9","isPartOf":{"@id":"https:\/\/www.leclanche.com\/fr\/#website"},"datePublished":"2020-09-15T12:52:08+00:00","dateModified":"2021-12-23T17:52:54+00:00","author":{"@id":"https:\/\/www.leclanche.com\/fr\/#\/schema\/person\/7ef725388a3f2b409a32cfa92059aa64"},"description":"Deux soci\u00e9t\u00e9s d'exploitation ind\u00e9pendantes, eTransport Solutions et Stationary Storage Solutions, seront cr\u00e9\u00e9es et continueront \u00e0 faire partie du Groupe","breadcrumb":{"@id":"https:\/\/www.leclanche.com\/fr\/leclanche-fait-le-point-sur-la-reorganisation-strategique-de-lentreprise-annoncee-en-juin\/#breadcrumb"},"inLanguage":"fr-FR","potentialAction":[{"@type":"ReadAction","target":["https:\/\/www.leclanche.com\/fr\/leclanche-fait-le-point-sur-la-reorganisation-strategique-de-lentreprise-annoncee-en-juin\/"]}]},{"@type":"BreadcrumbList","@id":"https:\/\/www.leclanche.com\/fr\/leclanche-fait-le-point-sur-la-reorganisation-strategique-de-lentreprise-annoncee-en-juin\/#breadcrumb","itemListElement":[{"@type":"ListItem","position":1,"name":"Accueil","item":"https:\/\/www.leclanche.com\/fr\/"},{"@type":"ListItem","position":2,"name":"Leclanch\u00e9 fait le point sur la r\u00e9organisation strat\u00e9gique de l&#8217;entreprise annonc\u00e9e en juin"}]},{"@type":"WebSite","@id":"https:\/\/www.leclanche.com\/fr\/#website","url":"https:\/\/www.leclanche.com\/fr\/","name":"Leclanch\u00e9","description":"Energy Storage Solutions","potentialAction":[{"@type":"SearchAction","target":{"@type":"EntryPoint","urlTemplate":"https:\/\/www.leclanche.com\/fr\/?s={search_term_string}"},"query-input":{"@type":"PropertyValueSpecification","valueRequired":true,"valueName":"search_term_string"}}],"inLanguage":"fr-FR"},{"@type":"Person","@id":"https:\/\/www.leclanche.com\/fr\/#\/schema\/person\/7ef725388a3f2b409a32cfa92059aa64","name":"Annick.Bid","image":{"@type":"ImageObject","inLanguage":"fr-FR","@id":"https:\/\/www.leclanche.com\/fr\/#\/schema\/person\/image\/","url":"https:\/\/secure.gravatar.com\/avatar\/0fe6baaabc318280db3d0e10c43b8017aa89b961c16e819765bd4fb65396af34?s=96&d=mm&r=g","contentUrl":"https:\/\/secure.gravatar.com\/avatar\/0fe6baaabc318280db3d0e10c43b8017aa89b961c16e819765bd4fb65396af34?s=96&d=mm&r=g","caption":"Annick.Bid"},"url":"https:\/\/www.leclanche.com\/fr\/author\/annick-bid\/"}]}},"_links":{"self":[{"href":"https:\/\/www.leclanche.com\/fr\/wp-json\/wp\/v2\/posts\/9601","targetHints":{"allow":["GET"]}}],"collection":[{"href":"https:\/\/www.leclanche.com\/fr\/wp-json\/wp\/v2\/posts"}],"about":[{"href":"https:\/\/www.leclanche.com\/fr\/wp-json\/wp\/v2\/types\/post"}],"author":[{"embeddable":true,"href":"https:\/\/www.leclanche.com\/fr\/wp-json\/wp\/v2\/users\/2"}],"replies":[{"embeddable":true,"href":"https:\/\/www.leclanche.com\/fr\/wp-json\/wp\/v2\/comments?post=9601"}],"version-history":[{"count":1,"href":"https:\/\/www.leclanche.com\/fr\/wp-json\/wp\/v2\/posts\/9601\/revisions"}],"predecessor-version":[{"id":9603,"href":"https:\/\/www.leclanche.com\/fr\/wp-json\/wp\/v2\/posts\/9601\/revisions\/9603"}],"wp:attachment":[{"href":"https:\/\/www.leclanche.com\/fr\/wp-json\/wp\/v2\/media?parent=9601"}],"wp:term":[{"taxonomy":"category","embeddable":true,"href":"https:\/\/www.leclanche.com\/fr\/wp-json\/wp\/v2\/categories?post=9601"},{"taxonomy":"post_tag","embeddable":true,"href":"https:\/\/www.leclanche.com\/fr\/wp-json\/wp\/v2\/tags?post=9601"}],"curies":[{"name":"wp","href":"https:\/\/api.w.org\/{rel}","templated":true}]}}