{"id":9657,"date":"2020-08-24T18:19:26","date_gmt":"2020-08-24T16:19:26","guid":{"rendered":"https:\/\/www.leclanche.com\/romande-energie-et-le-centre-de-competences-sccer-furies-installent-avec-leclanche-une-batterie-test-de-stockage-de-taille-industrielle-a-aigle\/"},"modified":"2021-12-23T18:53:59","modified_gmt":"2021-12-23T17:53:59","slug":"romande-energie-et-le-centre-de-competences-sccer-furies-installent-avec-leclanche-une-batterie-test-de-stockage-de-taille-industrielle-a-aigle","status":"publish","type":"post","link":"https:\/\/www.leclanche.com\/fr\/romande-energie-et-le-centre-de-competences-sccer-furies-installent-avec-leclanche-une-batterie-test-de-stockage-de-taille-industrielle-a-aigle\/","title":{"rendered":"Romande Energie et le centre de comp\u00e9tences SCCER-FURIES installent avec Leclanch\u00e9 une batterie test de stockage de taille industrielle \u00e0 Aigle."},"content":{"rendered":"<p>Fruit d\u2019un partenariat entre plusieurs acteurs-cl\u00e9s de la transition \u00e9nerg\u00e9tique, un projet de stockage d\u2019\u00e9nergie \u00e0 \u00e9chelle industrielle est actuellement en test \u00e0 Aigle.<\/p>\n<p>Le projet r\u00e9pond au double objectif d\u2019int\u00e9grer dans le r\u00e9seau \u00e9lectrique\u00a0les sources d\u2019\u00e9nergies renouvelables et les besoins de la mobilit\u00e9 \u00e9lectrique.<\/p>\n<p><strong>Int\u00e9grer les \u00e9nergies renouvelables dans le r\u00e9seau \u00e9lectrique<\/strong><\/p>\n<p><strong>Morges, le 24 ao\u00fbt 2020 &#8211;<\/strong> R\u00e9alis\u00e9e dans le cadre du projet de recherche \u00ab REel \u00bb (pour R\u00e9seau En Equilibre Local), cette installation vise \u00e0 valider que l\u2019int\u00e9gration massive des \u00e9nergies d\u00e9centralis\u00e9es et intermittentes (solaire, \u00e9olien) dans le r\u00e9seau \u00e9lectrique est bien r\u00e9alisable. Les batteries de stockage repr\u00e9sentant la r\u00e9ponse la plus accessible pour assurer l\u2019\u00e9quilibre du r\u00e9seau, des tests \u00e0 grande \u00e9chelle doivent maintenant \u00eatre r\u00e9alis\u00e9s.<\/p>\n<p><strong>Une batterie de taille industrielle, sign\u00e9e Leclanch\u00e9<\/strong><\/p>\n<p>Longue de 12 m\u00e8tres, d\u2019une capacit\u00e9 de 2.5 m\u00e9gawattheures (MWh) et d\u2019une puissance de 2 m\u00e9gawatts (MW), cette batterie lithium-ion permettra d&rsquo;optimiser l&rsquo;utilisation locale de l\u2019abondante production solaire de la r\u00e9gion. L\u2019exp\u00e9rience portera sur la gestion intelligente n\u00e9cessaire au stockage de la production solaire tout au long de la journ\u00e9e. La production d\u2019\u00e9nergie solaire \u00e9tant par d\u00e9finition variable, cette technologie de batterie permettra de reporter la consommation en soir\u00e9e de l&rsquo;exc\u00e9dent de production diurne.<\/p>\n<p>Une batterie de r\u00e9seau permet d&rsquo;obtenir le m\u00eame r\u00e9sultat que de demander \u00e0 des centaines de m\u00e9nages d&rsquo;adapter leur comportement de consommation et ceci sans impact sur leur confort. De plus, le logiciel de pilotage des charges et d\u00e9charges de la batterie de r\u00e9seau optimise la dur\u00e9e de vie de la batterie et conduit \u00e0 une utilisation plus efficiente et plus durable du syst\u00e8me de stockage.<\/p>\n<p><strong>La mobilit\u00e9 \u00e9lectrique\u00a0: un autre d\u00e9fi<\/strong><\/p>\n<p>Tenant compte du d\u00e9ploiement croissant de la mobilit\u00e9 \u00e9lectrique, le test sera d\u00e9velopp\u00e9 en parall\u00e8le de la construction, par l\u2019entreprise Suisse GOFAST, d\u2019une station de recharge rapide pour v\u00e9hicules \u00e9lectriques. Cette infrastructure, la plus ambitieuse de la r\u00e9gion, offrira \u00e0 terme 24 places de recharge rapide pour une puissance totale de 1,8 m\u00e9gawatts (MW). Les bornes de recharge, compatibles avec toutes les marques de v\u00e9hicules,\u00a0permettrons aux utilisateurs d\u2019engranger jusqu\u2019\u00e0 200\u00a0km d\u2019autonomie le temps d\u2019une simple pause-caf\u00e9. GOFAST qui am\u00e9nage et exploite le plus grand\u00a0r\u00e9seau\u00a0de recharge rapide de Suisse acc\u00e9l\u00e8re ainsi son d\u00e9ploiement en Romandie.<\/p>\n<p>Ici aussi, la gestion intelligente de la batterie jouera un r\u00f4le essentiel de tampon entre le r\u00e9seau local et les appels ponctuels de forte puissance engendr\u00e9s par les recharges rapides des v\u00e9hicules.<\/p>\n<p><strong>Des r\u00e9ponses pour les chercheurs<\/strong><\/p>\n<p>Le projet de d\u00e9monstration REel doit apporter la validation des recherches entreprises, dans la perspective de la mise en \u0153uvre de la Strat\u00e9gie \u00e9nerg\u00e9tique 2050. L\u2019am\u00e9lioration du syst\u00e8me de gestion et de surveillance du r\u00e9seau \u00e9lectrique, l\u2019ajout de fonctionnalit\u00e9s suppl\u00e9mentaires, la flexibilit\u00e9 globale du syst\u00e8me \u00e9lectrique et l\u2019interaction entre les diff\u00e9rents niveaux de r\u00e9seau et les installations de production figurent parmi les principaux points qui seront observ\u00e9s lors de ce test grandeur nature.<\/p>\n<p>Il permettra, le cas \u00e9ch\u00e9ant, de valider des solutions novatrices pour la surveillance et la gestion du futur r\u00e9seau \u00e9lectrique intelligent \u00e0 diverses \u00e9chelles, de la ville intelligente \u00e0 la maison particuli\u00e8re. Il servira aussi \u00e0 la sensibilisation du grand public aux technologies de la transition \u00e9nerg\u00e9tique.<\/p>\n<p><strong>Des partenaires engag\u00e9s<\/strong><\/p>\n<p>Le projet b\u00e9n\u00e9ficie du soutien du programme pilote et d\u00e9monstration de l\u2019Office f\u00e9d\u00e9ral de l\u2019\u00e9nergie (OFEN), la Direction g\u00e9n\u00e9rale de l\u2019environnement de l\u2019Etat de Vaud (DGE) ainsi que de la commune d\u2019Aigle, qui renforce ainsi son statut de \u00ab\u00a0Cit\u00e9 de l\u2019\u00e9nergie\u00a0\u00bb.<\/p>\n<p>Fruit d\u2019une collaboration entre Romande Energie et le centre de comp\u00e9tences de recherche \u00e9nerg\u00e9tique SCCER-FURIES\u00a0(\u00ab\u00a0Future Swiss Electrical Infrastructure\u00a0\u00bb) soutenu par Innosuisse et dirig\u00e9 par le professeur Mario Paolone de l\u2019EPFL, le projet REel a d\u00e9but\u00e9 en 2017 et se poursuivra jusqu&rsquo;en 2022 sur plusieurs sites de la zone de Romande Energie. La synergie apport\u00e9e par le projet de GOFAST permettra de maintenir les activit\u00e9s de recherche des partenaires sur ce site pilote.<\/p>\n<p>______________________<\/p>\n<p>Visuels disponibles sur\u00a0: <a href=\"https:\/\/eur02.safelinks.protection.outlook.com\/?url=https%3A%2F%2Fcloud.romande-energie.ch%2Findex.php%2Fs%2FuzKJSbH8qyxKKij&amp;data=01%7C01%7Cannick.bidiville%40leclanche.com%7C4cea60a461d3409da45208d84400fc0f%7Ce8a057dcaf9f4946bc96e21840a34ef0%7C0&amp;sdata=RN0r9mEJYRbU3myH7KlfqFe8EedGbE%2FOMKoRP9vU%2BAE%3D&amp;reserved=0\">https:\/\/cloud.romande-energie.ch\/index.php\/s\/uzKJSbH8qyxKKij<\/a><\/p>\n<p>&nbsp;<\/p>\n<p><strong>Note \u00e0 la r\u00e9daction<\/strong><\/p>\n<p>Conform\u00e9ment aux r\u00e8gles de publicit\u00e9 \u00e9v\u00e9nementielle publi\u00e9es dans le R\u00e8glement de cotation de la Bourse suisse (SIX), ce communiqu\u00e9 est envoy\u00e9 en-dehors des heures d&rsquo;ouverture de la Bourse.<\/p>\n<p>&nbsp;<\/p>\n<p><strong>Contact Romande Energie<\/strong><\/p>\n<p>Mich\u00e8le CASSANI<br \/>\nResponsable de la Communication<br \/>\nT\u00a0: +41 21 802 95 67<br \/>\n<a href=\"mailto:michele.cassani@romande-energie.ch\">michele.cassani@romande-energie.ch<\/a><\/p>\n<p>&nbsp;<\/p>\n<p><strong>Contact Leclanch\u00e9<\/strong><\/p>\n<p>Annick BIDIVILLE<br \/>\nMarketing &amp; Communication Manager<br \/>\nT : +41 24 424 65 53<br \/>\n<a href=\"mailto:annick.bidiville@leclanche.com\">annick.bidiville@leclanche.com<\/a><\/p>\n<p>&nbsp;<\/p>\n<p><strong>Contact SCCER-FURIES (EPFL)<\/strong><\/p>\n<p>Georgios SARANTAKOS<br \/>\nManaging Director<br \/>\nT\u00a0: +41 78 853 60 18<br \/>\n<a href=\"mailto:georgios.sarantakos@epfl.ch\">georgios.sarantakos@epfl.ch<\/a><\/p>\n<p><strong>\u00a0<\/strong><\/p>\n<p><strong>Contact GOttardo FASTcharge SA (GOFAST)<\/strong><\/p>\n<p>Toma KNEZOVIC<br \/>\nBusiness Development Manager &#8211; Romandie<br \/>\nT\u00a0: +41 76 516 86 64<br \/>\n<a href=\"mailto:t.knezovic@gofast.swiss\">t.knezovic@gofast.swiss<\/a><\/p>\n<p><strong>\u00a0<\/strong><\/p>\n<p><strong>Contact Office F\u00e9d\u00e9ral de l\u2019Energie (OFEN)<\/strong><\/p>\n<p>Michael MOSER<br \/>\nAdjoint scientifique<br \/>\nT\u00a0: +41 58 465 36 23<br \/>\n<a href=\"mailto:michael.moser@bfe.admin.ch\">michael.moser@bfe.admin.ch<\/a><\/p>\n<p>&nbsp;<\/p>\n<p>&nbsp;<\/p>\n<p><strong>Contact Commune d\u2019Aigle<\/strong><\/p>\n<p>Fr\u00e9d\u00e9ric BORLOZ<br \/>\nSyndic d\u2019Aigle<br \/>\nT : +41 79\u00a0204 43 30<br \/>\n<a href=\"mailto:syndic@aigle.ch\">syndic@aigle.ch<\/a><\/p>\n","protected":false},"excerpt":{"rendered":"<p>Fruit d\u2019un partenariat entre plusieurs acteurs-cl\u00e9s de la transition \u00e9nerg\u00e9tique, un projet de stockage d\u2019\u00e9nergie \u00e0 \u00e9chelle industrielle est actuellement en test \u00e0 Aigle. Le projet r\u00e9pond au double objectif d\u2019int\u00e9grer dans le r\u00e9seau \u00e9lectrique\u00a0les sources d\u2019\u00e9nergies renouvelables et les besoins de la mobilit\u00e9 \u00e9lectrique. Int\u00e9grer les \u00e9nergies renouvelables dans le r\u00e9seau \u00e9lectrique Morges, le [&hellip;]<\/p>\n","protected":false},"author":2,"featured_media":8894,"comment_status":"open","ping_status":"open","sticky":false,"template":"","format":"standard","meta":{"footnotes":""},"categories":[45,108,46,34],"tags":[],"class_list":["post-9657","post","type-post","status-publish","format-standard","has-post-thumbnail","hentry","category-actualite","category-autres-communiques-de-presse","category-communiques-de-presse-fr","category-non-classifiee"],"yoast_head":"<!-- This site is optimized with the Yoast SEO plugin v26.4 - https:\/\/yoast.com\/wordpress\/plugins\/seo\/ -->\n<title>Romande Energie et le centre de comp\u00e9tences SCCER-FURIES installent avec Leclanch\u00e9 une batterie test de stockage de taille industrielle \u00e0 Aigle. - Leclanch\u00e9<\/title>\n<meta name=\"description\" content=\"Fruit d\u2019un partenariat entre plusieurs acteurs-cl\u00e9s de la transition \u00e9nerg\u00e9tique, un projet de stockage d\u2019\u00e9nergie \u00e0 \u00e9chelle industrielle est actuellement\" \/>\n<meta name=\"robots\" content=\"index, follow, max-snippet:-1, max-image-preview:large, max-video-preview:-1\" \/>\n<link rel=\"canonical\" href=\"https:\/\/www.leclanche.com\/fr\/romande-energie-et-le-centre-de-competences-sccer-furies-installent-avec-leclanche-une-batterie-test-de-stockage-de-taille-industrielle-a-aigle\/\" \/>\n<meta property=\"og:locale\" content=\"fr_FR\" \/>\n<meta property=\"og:type\" content=\"article\" \/>\n<meta property=\"og:title\" content=\"Romande Energie et le centre de comp\u00e9tences SCCER-FURIES installent avec Leclanch\u00e9 une batterie test de stockage de taille industrielle \u00e0 Aigle. - Leclanch\u00e9\" \/>\n<meta property=\"og:description\" content=\"Fruit d\u2019un partenariat entre plusieurs acteurs-cl\u00e9s de la transition \u00e9nerg\u00e9tique, un projet de stockage d\u2019\u00e9nergie \u00e0 \u00e9chelle industrielle est actuellement\" \/>\n<meta property=\"og:url\" content=\"https:\/\/www.leclanche.com\/fr\/romande-energie-et-le-centre-de-competences-sccer-furies-installent-avec-leclanche-une-batterie-test-de-stockage-de-taille-industrielle-a-aigle\/\" \/>\n<meta property=\"og:site_name\" content=\"Leclanch\u00e9\" \/>\n<meta property=\"article:published_time\" content=\"2020-08-24T16:19:26+00:00\" \/>\n<meta property=\"article:modified_time\" content=\"2021-12-23T17:53:59+00:00\" \/>\n<meta property=\"og:image\" content=\"https:\/\/www.leclanche.com\/wp-content\/uploads\/2020\/08\/IMG_7201-23-scaled.jpg\" \/>\n\t<meta property=\"og:image:width\" content=\"2560\" \/>\n\t<meta property=\"og:image:height\" content=\"1464\" \/>\n\t<meta property=\"og:image:type\" content=\"image\/jpeg\" \/>\n<meta name=\"author\" content=\"Annick.Bid\" \/>\n<meta name=\"twitter:card\" content=\"summary_large_image\" \/>\n<meta name=\"twitter:label1\" content=\"\u00c9crit par\" \/>\n\t<meta name=\"twitter:data1\" content=\"Annick.Bid\" \/>\n\t<meta name=\"twitter:label2\" content=\"Dur\u00e9e de lecture estim\u00e9e\" \/>\n\t<meta name=\"twitter:data2\" content=\"4 minutes\" \/>\n<script type=\"application\/ld+json\" class=\"yoast-schema-graph\">{\"@context\":\"https:\/\/schema.org\",\"@graph\":[{\"@type\":\"WebPage\",\"@id\":\"https:\/\/www.leclanche.com\/fr\/romande-energie-et-le-centre-de-competences-sccer-furies-installent-avec-leclanche-une-batterie-test-de-stockage-de-taille-industrielle-a-aigle\/\",\"url\":\"https:\/\/www.leclanche.com\/fr\/romande-energie-et-le-centre-de-competences-sccer-furies-installent-avec-leclanche-une-batterie-test-de-stockage-de-taille-industrielle-a-aigle\/\",\"name\":\"Romande Energie et le centre de comp\u00e9tences SCCER-FURIES installent avec Leclanch\u00e9 une batterie test de stockage de taille industrielle \u00e0 Aigle. - Leclanch\u00e9\",\"isPartOf\":{\"@id\":\"https:\/\/www.leclanche.com\/fr\/#website\"},\"primaryImageOfPage\":{\"@id\":\"https:\/\/www.leclanche.com\/fr\/romande-energie-et-le-centre-de-competences-sccer-furies-installent-avec-leclanche-une-batterie-test-de-stockage-de-taille-industrielle-a-aigle\/#primaryimage\"},\"image\":{\"@id\":\"https:\/\/www.leclanche.com\/fr\/romande-energie-et-le-centre-de-competences-sccer-furies-installent-avec-leclanche-une-batterie-test-de-stockage-de-taille-industrielle-a-aigle\/#primaryimage\"},\"thumbnailUrl\":\"https:\/\/www.leclanche.com\/wp-content\/uploads\/2020\/08\/IMG_7201-23-scaled.jpg\",\"datePublished\":\"2020-08-24T16:19:26+00:00\",\"dateModified\":\"2021-12-23T17:53:59+00:00\",\"author\":{\"@id\":\"https:\/\/www.leclanche.com\/fr\/#\/schema\/person\/7ef725388a3f2b409a32cfa92059aa64\"},\"description\":\"Fruit d\u2019un partenariat entre plusieurs acteurs-cl\u00e9s de la transition \u00e9nerg\u00e9tique, un projet de stockage d\u2019\u00e9nergie \u00e0 \u00e9chelle industrielle est actuellement\",\"breadcrumb\":{\"@id\":\"https:\/\/www.leclanche.com\/fr\/romande-energie-et-le-centre-de-competences-sccer-furies-installent-avec-leclanche-une-batterie-test-de-stockage-de-taille-industrielle-a-aigle\/#breadcrumb\"},\"inLanguage\":\"fr-FR\",\"potentialAction\":[{\"@type\":\"ReadAction\",\"target\":[\"https:\/\/www.leclanche.com\/fr\/romande-energie-et-le-centre-de-competences-sccer-furies-installent-avec-leclanche-une-batterie-test-de-stockage-de-taille-industrielle-a-aigle\/\"]}]},{\"@type\":\"ImageObject\",\"inLanguage\":\"fr-FR\",\"@id\":\"https:\/\/www.leclanche.com\/fr\/romande-energie-et-le-centre-de-competences-sccer-furies-installent-avec-leclanche-une-batterie-test-de-stockage-de-taille-industrielle-a-aigle\/#primaryimage\",\"url\":\"https:\/\/www.leclanche.com\/wp-content\/uploads\/2020\/08\/IMG_7201-23-scaled.jpg\",\"contentUrl\":\"https:\/\/www.leclanche.com\/wp-content\/uploads\/2020\/08\/IMG_7201-23-scaled.jpg\",\"width\":2560,\"height\":1464},{\"@type\":\"BreadcrumbList\",\"@id\":\"https:\/\/www.leclanche.com\/fr\/romande-energie-et-le-centre-de-competences-sccer-furies-installent-avec-leclanche-une-batterie-test-de-stockage-de-taille-industrielle-a-aigle\/#breadcrumb\",\"itemListElement\":[{\"@type\":\"ListItem\",\"position\":1,\"name\":\"Accueil\",\"item\":\"https:\/\/www.leclanche.com\/fr\/\"},{\"@type\":\"ListItem\",\"position\":2,\"name\":\"Romande Energie et le centre de comp\u00e9tences SCCER-FURIES installent avec Leclanch\u00e9 une batterie test de stockage de taille industrielle \u00e0 Aigle.\"}]},{\"@type\":\"WebSite\",\"@id\":\"https:\/\/www.leclanche.com\/fr\/#website\",\"url\":\"https:\/\/www.leclanche.com\/fr\/\",\"name\":\"Leclanch\u00e9\",\"description\":\"Energy Storage Solutions\",\"potentialAction\":[{\"@type\":\"SearchAction\",\"target\":{\"@type\":\"EntryPoint\",\"urlTemplate\":\"https:\/\/www.leclanche.com\/fr\/?s={search_term_string}\"},\"query-input\":{\"@type\":\"PropertyValueSpecification\",\"valueRequired\":true,\"valueName\":\"search_term_string\"}}],\"inLanguage\":\"fr-FR\"},{\"@type\":\"Person\",\"@id\":\"https:\/\/www.leclanche.com\/fr\/#\/schema\/person\/7ef725388a3f2b409a32cfa92059aa64\",\"name\":\"Annick.Bid\",\"image\":{\"@type\":\"ImageObject\",\"inLanguage\":\"fr-FR\",\"@id\":\"https:\/\/www.leclanche.com\/fr\/#\/schema\/person\/image\/\",\"url\":\"https:\/\/secure.gravatar.com\/avatar\/0fe6baaabc318280db3d0e10c43b8017aa89b961c16e819765bd4fb65396af34?s=96&d=mm&r=g\",\"contentUrl\":\"https:\/\/secure.gravatar.com\/avatar\/0fe6baaabc318280db3d0e10c43b8017aa89b961c16e819765bd4fb65396af34?s=96&d=mm&r=g\",\"caption\":\"Annick.Bid\"},\"url\":\"https:\/\/www.leclanche.com\/fr\/author\/annick-bid\/\"}]}<\/script>\n<!-- \/ Yoast SEO plugin. -->","yoast_head_json":{"title":"Romande Energie et le centre de comp\u00e9tences SCCER-FURIES installent avec Leclanch\u00e9 une batterie test de stockage de taille industrielle \u00e0 Aigle. - Leclanch\u00e9","description":"Fruit d\u2019un partenariat entre plusieurs acteurs-cl\u00e9s de la transition \u00e9nerg\u00e9tique, un projet de stockage d\u2019\u00e9nergie \u00e0 \u00e9chelle industrielle est actuellement","robots":{"index":"index","follow":"follow","max-snippet":"max-snippet:-1","max-image-preview":"max-image-preview:large","max-video-preview":"max-video-preview:-1"},"canonical":"https:\/\/www.leclanche.com\/fr\/romande-energie-et-le-centre-de-competences-sccer-furies-installent-avec-leclanche-une-batterie-test-de-stockage-de-taille-industrielle-a-aigle\/","og_locale":"fr_FR","og_type":"article","og_title":"Romande Energie et le centre de comp\u00e9tences SCCER-FURIES installent avec Leclanch\u00e9 une batterie test de stockage de taille industrielle \u00e0 Aigle. - Leclanch\u00e9","og_description":"Fruit d\u2019un partenariat entre plusieurs acteurs-cl\u00e9s de la transition \u00e9nerg\u00e9tique, un projet de stockage d\u2019\u00e9nergie \u00e0 \u00e9chelle industrielle est actuellement","og_url":"https:\/\/www.leclanche.com\/fr\/romande-energie-et-le-centre-de-competences-sccer-furies-installent-avec-leclanche-une-batterie-test-de-stockage-de-taille-industrielle-a-aigle\/","og_site_name":"Leclanch\u00e9","article_published_time":"2020-08-24T16:19:26+00:00","article_modified_time":"2021-12-23T17:53:59+00:00","og_image":[{"width":2560,"height":1464,"url":"https:\/\/www.leclanche.com\/wp-content\/uploads\/2020\/08\/IMG_7201-23-scaled.jpg","type":"image\/jpeg"}],"author":"Annick.Bid","twitter_card":"summary_large_image","twitter_misc":{"\u00c9crit par":"Annick.Bid","Dur\u00e9e de lecture estim\u00e9e":"4 minutes"},"schema":{"@context":"https:\/\/schema.org","@graph":[{"@type":"WebPage","@id":"https:\/\/www.leclanche.com\/fr\/romande-energie-et-le-centre-de-competences-sccer-furies-installent-avec-leclanche-une-batterie-test-de-stockage-de-taille-industrielle-a-aigle\/","url":"https:\/\/www.leclanche.com\/fr\/romande-energie-et-le-centre-de-competences-sccer-furies-installent-avec-leclanche-une-batterie-test-de-stockage-de-taille-industrielle-a-aigle\/","name":"Romande Energie et le centre de comp\u00e9tences SCCER-FURIES installent avec Leclanch\u00e9 une batterie test de stockage de taille industrielle \u00e0 Aigle. - Leclanch\u00e9","isPartOf":{"@id":"https:\/\/www.leclanche.com\/fr\/#website"},"primaryImageOfPage":{"@id":"https:\/\/www.leclanche.com\/fr\/romande-energie-et-le-centre-de-competences-sccer-furies-installent-avec-leclanche-une-batterie-test-de-stockage-de-taille-industrielle-a-aigle\/#primaryimage"},"image":{"@id":"https:\/\/www.leclanche.com\/fr\/romande-energie-et-le-centre-de-competences-sccer-furies-installent-avec-leclanche-une-batterie-test-de-stockage-de-taille-industrielle-a-aigle\/#primaryimage"},"thumbnailUrl":"https:\/\/www.leclanche.com\/wp-content\/uploads\/2020\/08\/IMG_7201-23-scaled.jpg","datePublished":"2020-08-24T16:19:26+00:00","dateModified":"2021-12-23T17:53:59+00:00","author":{"@id":"https:\/\/www.leclanche.com\/fr\/#\/schema\/person\/7ef725388a3f2b409a32cfa92059aa64"},"description":"Fruit d\u2019un partenariat entre plusieurs acteurs-cl\u00e9s de la transition \u00e9nerg\u00e9tique, un projet de stockage d\u2019\u00e9nergie \u00e0 \u00e9chelle industrielle est actuellement","breadcrumb":{"@id":"https:\/\/www.leclanche.com\/fr\/romande-energie-et-le-centre-de-competences-sccer-furies-installent-avec-leclanche-une-batterie-test-de-stockage-de-taille-industrielle-a-aigle\/#breadcrumb"},"inLanguage":"fr-FR","potentialAction":[{"@type":"ReadAction","target":["https:\/\/www.leclanche.com\/fr\/romande-energie-et-le-centre-de-competences-sccer-furies-installent-avec-leclanche-une-batterie-test-de-stockage-de-taille-industrielle-a-aigle\/"]}]},{"@type":"ImageObject","inLanguage":"fr-FR","@id":"https:\/\/www.leclanche.com\/fr\/romande-energie-et-le-centre-de-competences-sccer-furies-installent-avec-leclanche-une-batterie-test-de-stockage-de-taille-industrielle-a-aigle\/#primaryimage","url":"https:\/\/www.leclanche.com\/wp-content\/uploads\/2020\/08\/IMG_7201-23-scaled.jpg","contentUrl":"https:\/\/www.leclanche.com\/wp-content\/uploads\/2020\/08\/IMG_7201-23-scaled.jpg","width":2560,"height":1464},{"@type":"BreadcrumbList","@id":"https:\/\/www.leclanche.com\/fr\/romande-energie-et-le-centre-de-competences-sccer-furies-installent-avec-leclanche-une-batterie-test-de-stockage-de-taille-industrielle-a-aigle\/#breadcrumb","itemListElement":[{"@type":"ListItem","position":1,"name":"Accueil","item":"https:\/\/www.leclanche.com\/fr\/"},{"@type":"ListItem","position":2,"name":"Romande Energie et le centre de comp\u00e9tences SCCER-FURIES installent avec Leclanch\u00e9 une batterie test de stockage de taille industrielle \u00e0 Aigle."}]},{"@type":"WebSite","@id":"https:\/\/www.leclanche.com\/fr\/#website","url":"https:\/\/www.leclanche.com\/fr\/","name":"Leclanch\u00e9","description":"Energy Storage Solutions","potentialAction":[{"@type":"SearchAction","target":{"@type":"EntryPoint","urlTemplate":"https:\/\/www.leclanche.com\/fr\/?s={search_term_string}"},"query-input":{"@type":"PropertyValueSpecification","valueRequired":true,"valueName":"search_term_string"}}],"inLanguage":"fr-FR"},{"@type":"Person","@id":"https:\/\/www.leclanche.com\/fr\/#\/schema\/person\/7ef725388a3f2b409a32cfa92059aa64","name":"Annick.Bid","image":{"@type":"ImageObject","inLanguage":"fr-FR","@id":"https:\/\/www.leclanche.com\/fr\/#\/schema\/person\/image\/","url":"https:\/\/secure.gravatar.com\/avatar\/0fe6baaabc318280db3d0e10c43b8017aa89b961c16e819765bd4fb65396af34?s=96&d=mm&r=g","contentUrl":"https:\/\/secure.gravatar.com\/avatar\/0fe6baaabc318280db3d0e10c43b8017aa89b961c16e819765bd4fb65396af34?s=96&d=mm&r=g","caption":"Annick.Bid"},"url":"https:\/\/www.leclanche.com\/fr\/author\/annick-bid\/"}]}},"_links":{"self":[{"href":"https:\/\/www.leclanche.com\/fr\/wp-json\/wp\/v2\/posts\/9657","targetHints":{"allow":["GET"]}}],"collection":[{"href":"https:\/\/www.leclanche.com\/fr\/wp-json\/wp\/v2\/posts"}],"about":[{"href":"https:\/\/www.leclanche.com\/fr\/wp-json\/wp\/v2\/types\/post"}],"author":[{"embeddable":true,"href":"https:\/\/www.leclanche.com\/fr\/wp-json\/wp\/v2\/users\/2"}],"replies":[{"embeddable":true,"href":"https:\/\/www.leclanche.com\/fr\/wp-json\/wp\/v2\/comments?post=9657"}],"version-history":[{"count":1,"href":"https:\/\/www.leclanche.com\/fr\/wp-json\/wp\/v2\/posts\/9657\/revisions"}],"predecessor-version":[{"id":11173,"href":"https:\/\/www.leclanche.com\/fr\/wp-json\/wp\/v2\/posts\/9657\/revisions\/11173"}],"wp:featuredmedia":[{"embeddable":true,"href":"https:\/\/www.leclanche.com\/fr\/wp-json\/wp\/v2\/media\/8894"}],"wp:attachment":[{"href":"https:\/\/www.leclanche.com\/fr\/wp-json\/wp\/v2\/media?parent=9657"}],"wp:term":[{"taxonomy":"category","embeddable":true,"href":"https:\/\/www.leclanche.com\/fr\/wp-json\/wp\/v2\/categories?post=9657"},{"taxonomy":"post_tag","embeddable":true,"href":"https:\/\/www.leclanche.com\/fr\/wp-json\/wp\/v2\/tags?post=9657"}],"curies":[{"name":"wp","href":"https:\/\/api.w.org\/{rel}","templated":true}]}}