{"id":9664,"date":"2020-06-30T15:21:15","date_gmt":"2020-06-30T13:21:15","guid":{"rendered":"https:\/\/www.leclanche.com\/leclanche-conclut-son-assemblee-generale-ordinaire-annuelle\/"},"modified":"2021-12-23T18:54:32","modified_gmt":"2021-12-23T17:54:32","slug":"leclanche-conclut-son-assemblee-generale-ordinaire-annuelle","status":"publish","type":"post","link":"https:\/\/www.leclanche.com\/fr\/leclanche-conclut-son-assemblee-generale-ordinaire-annuelle\/","title":{"rendered":"Leclanch\u00e9 conclut son Assembl\u00e9e G\u00e9n\u00e9rale Ordinaire Annuelle"},"content":{"rendered":"<p><strong>Leclanch\u00e9 conclut son Assembl\u00e9e G\u00e9n\u00e9rale Ordinaire Annuelle<\/strong><\/p>\n<p><strong>\u00a0<\/strong><\/p>\n<ul>\n<li><em>La conversion de la dette en capital renforce consid\u00e9rablement le bilan <\/em><\/li>\n<li><em>Les grands projets de solutions stationnaires et la solide r\u00e9serve de commandes de transport \u00e9lectrique constituent une \u00e9chelle critique qui met la soci\u00e9t\u00e9 sur la voie de la rentabilit\u00e9<\/em><\/li>\n<li><em>Christophe Manset rejoint le <\/em><em>C<\/em><em>onseil d&rsquo;<\/em><em>A<\/em><em>dministration<\/em><\/li>\n<\/ul>\n<p><strong>YVERDON-LES-BAINS, Suisse,<\/strong><strong> le 30 juin 2020<\/strong> \u2013 <a href=\"http:\/\/www.leclanche.com\">Leclanch\u00e9 SA<\/a> (SIX : LECN), un des principaux fournisseurs de solutions de stockage d&rsquo;\u00e9nergie, a annonc\u00e9 aujourd&rsquo;hui que les actionnaires de la Soci\u00e9t\u00e9 ont approuv\u00e9 toutes les propositions du Conseil d&rsquo;Administration, sauf deux, lors de son Assembl\u00e9e G\u00e9n\u00e9rale Ordinaire Annuelle de 2020. L\u2019\u00e9v\u00e9nement s&rsquo;est tenu aujourd&rsquo;hui par le biais d&rsquo;une r\u00e9union diffus\u00e9e en direct sur Internet \u00e0 cause de la pand\u00e9mie Covid-19.<\/p>\n<p>La conversion en capital de 50,9 millions de francs suisses de la dette contract\u00e9e aupr\u00e8s de FEFAM<a href=\"#_ftn1\" name=\"_ftnref1\">[1]<\/a>, principal actionnaire de la Soci\u00e9t\u00e9, a \u00e9t\u00e9 approuv\u00e9e par les actionnaires. Cette mesure de restructuration r\u00e9duira le niveau d&rsquo;endettement de la Soci\u00e9t\u00e9 \u00e0 15,3 millions de francs suisses. Le renforcement du bilan devrait entra\u00eener une augmentation de l&rsquo;int\u00e9r\u00eat des investisseurs pour la Soci\u00e9t\u00e9 en cette p\u00e9riode de forte croissance du carnet de commandes de Leclanch\u00e9 dans le secteur en pleine expansion des transports \u00e9lectriques.<\/p>\n<p>Le Conseil d&rsquo;Administration regrette que les r\u00e9solutions visant \u00e0 renouveler la p\u00e9riode d&rsquo;exercice du capital autoris\u00e9 et \u00e0 augmenter le capital conditionnel au nombre maximum possible d&rsquo;actions n&rsquo;aient pas \u00e9t\u00e9 approuv\u00e9es par la majorit\u00e9 des actionnaires. Le Conseil d&rsquo;Administration note qu&rsquo;il dispose encore d&rsquo;environ 76 millions d&rsquo;actions autoris\u00e9es pouvant \u00eatre exerc\u00e9es jusqu&rsquo;au 8 mai 2021 et d&rsquo;environ 43 millions d&rsquo;actions conditionnelles. Le Conseil d&rsquo;Administration examinera les options disponibles afin de garantir la disponibilit\u00e9 du capital de croissance n\u00e9cessaire.<\/p>\n<p>La Soci\u00e9t\u00e9 est heureuse d&rsquo;annoncer que M. Christophe Manset a \u00e9t\u00e9 \u00e9lu au Conseil d&rsquo;Administration.<\/p>\n<p>Manset a plus de 10 ans d&rsquo;exp\u00e9rience dans le secteur de la gestion d&rsquo;actifs au Luxembourg. En tant que collaborateur de LEVeL, sp\u00e9cialis\u00e9 dans les fonds d&rsquo;investissement alternatifs r\u00e9glement\u00e9s par l&rsquo;autorit\u00e9 de surveillance luxembourgeoise, il apporte au Conseil d&rsquo;Administration de Leclanch\u00e9 une exp\u00e9rience av\u00e9r\u00e9e dans le domaine financier et dans les questions relatives aux fonds d&rsquo;investissement. M. Manset est conseiller aupr\u00e8s de FEFAM, l&rsquo;actionnaire majoritaire de Leclanch\u00e9, bas\u00e9e \u00e0 Luxembourg, ce qui permettra \u00e0 la soci\u00e9t\u00e9 de renforcer encore ses relations avec FEFAM.<\/p>\n<p>La soci\u00e9t\u00e9 a fourni une mise \u00e0 jour de la situation du Covid-19 qui l&#8217;emp\u00eache de fournir des orientations pour l&rsquo;ann\u00e9e 2020. En moyenne, la capacit\u00e9 de production a \u00e9t\u00e9 r\u00e9duite de pr\u00e8s d&rsquo;un tiers pendant la p\u00e9riode de fermeture et pr\u00e8s de 11 millions de francs suisses d&rsquo;activit\u00e9 ont \u00e9t\u00e9 report\u00e9s.<\/p>\n<p>&nbsp;<\/p>\n<p><strong><u>Perspectives commerciales<\/u><\/strong><\/p>\n<p>Dans son discours aux actionnaires, Anil Srivastava, PDG de Leclanch\u00e9, a soulign\u00e9 les progr\u00e8s de la Soci\u00e9t\u00e9 dans la mise en \u0153uvre du plan de croissance annonc\u00e9 en 2015. En 2019, Leclanch\u00e9 a r\u00e9alis\u00e9 une croissance significative dans de nombreux domaines de ses activit\u00e9s.<\/p>\n<p>L&rsquo;activit\u00e9 de transport \u00e9lectrique devrait \u00eatre multipli\u00e9e par six \u00e0 dix en 2020, avec un carnet de commandes de 90 millions de francs suisses pour livraison entre 2020 et 2022.<\/p>\n<p>&nbsp;<\/p>\n<ul>\n<li>Leclanch\u00e9 est reconnu parmi les leaders du march\u00e9 de l&rsquo;\u00e9lectrification marine, offrant des syst\u00e8mes de batteries int\u00e9gr\u00e9s uniques ainsi qu&rsquo;une infrastructure de charge pour le march\u00e9 portuaire.<\/li>\n<li>La seconde activit\u00e9 de Leclanch\u00e9 dans le domaine des v\u00e9hicules \u00e9lectriques de flotte montre une croissance rapide aliment\u00e9e par des revenus commerciaux de plus de 100millions d&rsquo;euros au cours des cinq prochaines ann\u00e9es avec Bombardier Transportation. La Soci\u00e9t\u00e9 est maintenant bien plac\u00e9e pour aborder plus de 40 % du march\u00e9 de l&rsquo;\u00e9lectrification des trains entre le partenariat strat\u00e9gique avec Bombardier et sa r\u00e9cente victoire d&rsquo;un nouveau projet ferroviaire avec un autre grand fournisseur de trains.<\/li>\n<li>En outre, M. Srivastava a fait \u00e9tat d&rsquo;un \u00e9lan significatif sur le march\u00e9 de l&rsquo;\u00e9lectrification des camions, tirant parti du succ\u00e8s de la soci\u00e9t\u00e9 avec Toyota Motor North America ainsi que des possibilit\u00e9s prometteuses de modernisation des parcs de bus et de camions.<\/li>\n<\/ul>\n<p>&nbsp;<\/p>\n<p>L&rsquo;activit\u00e9 Solutions Stationnaires de Leclanch\u00e9 a poursuivi sa croissance avec un cumul de 100 MWh de projets mis en service, soulign\u00e9 par l&rsquo;annonce d&rsquo;un mod\u00e8le Build-Own-Operate pour l&rsquo;Energie en tant que service, y compris le projet tr\u00e8s m\u00e9diatis\u00e9 de Saint Christophe et Ni\u00e9v\u00e8s.<\/p>\n<p>Leclanch\u00e9 a pu atteindre ses objectifs de croissance gr\u00e2ce au soutien constant et r\u00e9gulier de tous ses actionnaires, en particulier de FEFAM, son principal actionnaire, qui a converti 103 millions de francs suisses de dette en capital depuis mai 2019.<\/p>\n<p><strong>Anil Srivastava, PDG de Leclanch\u00e9, a d\u00e9clar\u00e9 :<\/strong> <em>\u00ab\u00a0En 2019, Leclanch\u00e9 a mis en place une organisation comp\u00e9titive sur de multiples fronts avec des gains commerciaux, l&rsquo;ach\u00e8vement de projets et l&rsquo;am\u00e9lioration de notre technologie et de notre structure de co\u00fbts. Le \u00ab\u00a0nouveau Leclanch\u00e9\u00a0\u00bb est bien plac\u00e9 pour acc\u00e9l\u00e9rer sa croissance et sa r\u00e9ussite sur nos march\u00e9s, gr\u00e2ce notamment au travail acharn\u00e9 de nos coll\u00e8gues dans le monde entier, \u00e0 la patience de nos actionnaires et au soutien de nos partenaires commerciaux ainsi que des investisseurs.<\/em><\/p>\n<p><em>La r\u00e9organisation strat\u00e9gique en cours mettra la soci\u00e9t\u00e9 sur la voie d&rsquo;une croissance rentable gr\u00e2ce \u00e0 la structure l\u00e9g\u00e8re du capital par le biais de la coentreprise avec le Groupe Eneris, \u00e0 la r\u00e9duction des frais d&rsquo;exploitation et des co\u00fbts des produits avec le lancement de ses cellules \u00e0 haute densit\u00e9 \u00e9nerg\u00e9tique de 210 Wh par kg\/ 8000 cycles*, leaders du secteur\u00a0\u00bb.<\/em><\/p>\n<p>*- \u00e0 une profondeur de d\u00e9charge de 80%.<\/p>\n<p>Pour plus d&rsquo;informations, \u00e9crivez \u00e0 <a href=\"mailto:Info@leclanche.com\">info@leclanche.com<\/a> ou rendez-vous sur le site <a href=\"http:\/\/www.leclanche.com\">www.leclanche.com<\/a>.<\/p>\n<p>&nbsp;<\/p>\n<p>*****<strong><br \/>\n<\/strong><\/p>\n<p><strong>\u00c0<\/strong><strong> propos de Leclanch\u00e9<\/strong><\/p>\n<p>Leclanch\u00e9 SA, dont le si\u00e8ge social se trouve en Suisse, est l&rsquo;un des principaux fournisseurs de solutions de stockage d&rsquo;\u00e9nergie de haute qualit\u00e9 con\u00e7ues pour acc\u00e9l\u00e9rer nos progr\u00e8s vers un avenir \u00e9nerg\u00e9tique propre. L&rsquo;histoire et l&rsquo;h\u00e9ritage de Leclanch\u00e9 s&rsquo;enracinent dans plus de 100 ans d&rsquo;innovation en mati\u00e8re de batteries et de stockage d&rsquo;\u00e9nergie et la soci\u00e9t\u00e9 est un fournisseur de confiance de solutions de stockage d&rsquo;\u00e9nergie dans le monde entier. Ceci, combin\u00e9 \u00e0 la culture de l\u2019Entreprise en mati\u00e8re d&rsquo;ing\u00e9nierie allemande, de pr\u00e9cision et de qualit\u00e9 suisse, fait de Leclanch\u00e9 le partenaire de choix des perturbateurs, des entreprises \u00e9tablies et des gouvernements qui sont \u00e0 l&rsquo;avant-garde des changements positifs dans la fa\u00e7on dont l&rsquo;\u00e9nergie est produite, distribu\u00e9e et consomm\u00e9e \u00e0 travers le monde. La transition \u00e9nerg\u00e9tique est principalement tir\u00e9e par les changements dans la gestion de nos r\u00e9seaux \u00e9lectriques et l&rsquo;\u00e9lectrification des transports, et ces deux march\u00e9s finaux constituent l&rsquo;\u00e9pine dorsale de notre strat\u00e9gie et de notre mod\u00e8le \u00e9conomique. Leclanch\u00e9 est au c\u0153ur de la convergence de l&rsquo;\u00e9lectrification des transports et de l&rsquo;\u00e9volution du r\u00e9seau de distribution. Leclanch\u00e9 est la seule entreprise de stockage d&rsquo;\u00e9nergie pure play cot\u00e9e au monde, organis\u00e9e en trois business units: solutions de stockage stationnaires, solutions e-Transport et syst\u00e8mes de batteries sp\u00e9cialis\u00e9es. Leclanch\u00e9 est cot\u00e9e \u00e0 la Bourse suisse (SIX : LECN).<\/p>\n<p>SIX Swiss Exchange: ticker symbol LECN | ISIN CH 011 030 311 9<\/p>\n<p><strong>\u00a0<\/strong><\/p>\n<p><strong>Clause de non-responsabilit\u00e9<\/strong><\/p>\n<p>Le pr\u00e9sent communiqu\u00e9 de presse contient certaines d\u00e9clarations prospectives relatives aux activit\u00e9s de Leclanch\u00e9, qui peuvent \u00eatre identifi\u00e9es par des termes tels que \u00ab strat\u00e9gique \u00bb, \u00ab propose \u00bb, \u00ab introduire \u00bb, \u00ab sera \u00bb, \u00ab planifi\u00e9 \u00bb, \u00ab pr\u00e9vu \u00bb, \u00ab attendu \u00bb, \u00ab engagement \u00bb, \u00ab attend \u00bb, \u00ab pr\u00e9voit \u00bb, \u00ab \u00e9tabli \u00bb, \u00ab pr\u00e9pare \u00bb, \u00ab plans \u00bb, \u00ab estimations \u00bb, \u00ab objectifs \u00bb, \u00ab serait \u00bb, \u00ab potentiel \u00bb, \u00ab attente \u00bb, \u00ab estimation \u00bb, \u00ab proposition \u00bb ou expressions similaires, ou par des discussions explicites ou implicites concernant la mont\u00e9e en puissance de la capacit\u00e9 de production de Leclanch\u00e9, les applications potentielles des produits existants, ou les revenus futurs potentiels de ces produits, ou les ventes ou b\u00e9n\u00e9fices futurs potentiels de Leclanch\u00e9 ou d&rsquo;une de ses unit\u00e9s commerciales. Vous ne devez pas vous fier ind\u00fbment \u00e0 ces d\u00e9clarations. Ces \u00e9nonc\u00e9s prospectifs refl\u00e8tent les opinions actuelles de Leclanch\u00e9 \u00e0 l&rsquo;\u00e9gard d&rsquo;\u00e9v\u00e9nements futurs et comportent des risques connus et inconnus, des incertitudes et d&rsquo;autres facteurs qui pourraient faire en sorte que les r\u00e9sultats r\u00e9els diff\u00e8rent sensiblement des r\u00e9sultats, performances ou r\u00e9alisations futurs exprim\u00e9s ou sous-entendus dans ces \u00e9nonc\u00e9s. Il n&rsquo;y a aucune garantie que les produits de Leclanch\u00e9 atteindront des niveaux de revenus particuliers. Rien ne garantit non plus que Leclanch\u00e9, ou l&rsquo;une quelconque de ses unit\u00e9s d&rsquo;affaires, obtiendra des r\u00e9sultats financiers particuliers.<\/p>\n<p>&nbsp;<\/p>\n<p><strong>Contacts Leclanch\u00e9<\/strong><\/p>\n<p><strong>M\u00e9dia Suisse<\/strong><strong> \/Europe :<\/strong><\/p>\n<p>Thierry Meyer<\/p>\n<p>T : +41 (0) 79\u00a0785 35 81<\/p>\n<p>E-mail : <a href=\"mailto:tme@dynamicsgroup.ch\">tme@dynamicsgroup.ch<\/a><\/p>\n<p>&nbsp;<\/p>\n<p><strong>M\u00e9dia Am\u00e9rique du Nord:<\/strong><\/p>\n<p>Rick Anderson<\/p>\n<p>T : +1-718-986-1596<\/p>\n<p>&nbsp;<\/p>\n<p>Henry Feintuch<\/p>\n<p>T : +1-212-808-4901<\/p>\n<p>E-mail : <a href=\"mailto:leclanche@feintuchpr.com\">leclanche@feintuchpr.com<\/a><\/p>\n<p>&nbsp;<\/p>\n<p><strong>M\u00e9dia Allemagne :<\/strong><\/p>\n<p>Christoph Miller<\/p>\n<p>T : +49 (0) 711 947 670<\/p>\n<p>E-mail : <a href=\"mailto:leclanche@sympra.de\">leclanche@sympra.de<\/a><\/p>\n<p>&nbsp;<\/p>\n<p><strong>Contacts investisseurs :<\/strong><\/p>\n<p>Anil Srivastava \/ Hubert Angleys<\/p>\n<p>T : +41 (0) 24 424 65 00<\/p>\n<p>E-mail : <a href=\"mailto:invest.leclanche@leclanche.com\">invest.leclanche@leclanche.com<\/a><\/p>\n<p>&nbsp;<\/p>\n<p><a href=\"#_ftnref1\" name=\"_ftn1\">[1]<\/a> FEFAM signifie : AM INVESTMENT SCA, SICAV-SIF \u2013 Sub-Fund Illiquid Assets, ainsi que FINEXIS EQUITY FUND &#8211; Renewable Energy Compartiment, FINEXIS EQUITY FUND &#8211; Multi Asset Strategy Compartiment, FINEXIS EQUITY FUND &#8211; E Money Strategies (\u00e9galement appel\u00e9 Energy Storage Invest) et, tous ces fonds \u00e9tant globalement le principal actionnaire de Leclanch\u00e9, ci-apr\u00e8s d\u00e9nomm\u00e9s \u00ab\u00a0FEFAM\u00a0\u00bb.<\/p>\n","protected":false},"excerpt":{"rendered":"<p>Leclanch\u00e9 conclut son Assembl\u00e9e G\u00e9n\u00e9rale Ordinaire Annuelle \u00a0 La conversion de la dette en capital renforce consid\u00e9rablement le bilan Les grands projets de solutions stationnaires et la solide r\u00e9serve de commandes de transport \u00e9lectrique constituent une \u00e9chelle critique qui met la soci\u00e9t\u00e9 sur la voie de la rentabilit\u00e9 Christophe Manset rejoint le Conseil d&rsquo;Administration YVERDON-LES-BAINS, [&hellip;]<\/p>\n","protected":false},"author":2,"featured_media":0,"comment_status":"open","ping_status":"open","sticky":false,"template":"","format":"standard","meta":{"footnotes":""},"categories":[108,46,34],"tags":[],"class_list":["post-9664","post","type-post","status-publish","format-standard","hentry","category-autres-communiques-de-presse","category-communiques-de-presse-fr","category-non-classifiee"],"yoast_head":"<!-- This site is optimized with the Yoast SEO plugin v26.4 - https:\/\/yoast.com\/wordpress\/plugins\/seo\/ -->\n<title>Leclanch\u00e9 conclut son Assembl\u00e9e G\u00e9n\u00e9rale Ordinaire Annuelle - Leclanch\u00e9<\/title>\n<meta name=\"description\" content=\"Leclanch\u00e9 conclut son Assembl\u00e9e G\u00e9n\u00e9rale Ordinaire Annuelle \u00a0 La conversion de la dette en capital renforce consid\u00e9rablement le bilan Les grands projets\" \/>\n<meta name=\"robots\" content=\"index, follow, max-snippet:-1, max-image-preview:large, max-video-preview:-1\" \/>\n<link rel=\"canonical\" href=\"https:\/\/www.leclanche.com\/fr\/leclanche-conclut-son-assemblee-generale-ordinaire-annuelle\/\" \/>\n<meta property=\"og:locale\" content=\"fr_FR\" \/>\n<meta property=\"og:type\" content=\"article\" \/>\n<meta property=\"og:title\" content=\"Leclanch\u00e9 conclut son Assembl\u00e9e G\u00e9n\u00e9rale Ordinaire Annuelle - Leclanch\u00e9\" \/>\n<meta property=\"og:description\" content=\"Leclanch\u00e9 conclut son Assembl\u00e9e G\u00e9n\u00e9rale Ordinaire Annuelle \u00a0 La conversion de la dette en capital renforce consid\u00e9rablement le bilan Les grands projets\" \/>\n<meta property=\"og:url\" content=\"https:\/\/www.leclanche.com\/fr\/leclanche-conclut-son-assemblee-generale-ordinaire-annuelle\/\" \/>\n<meta property=\"og:site_name\" content=\"Leclanch\u00e9\" \/>\n<meta property=\"article:published_time\" content=\"2020-06-30T13:21:15+00:00\" \/>\n<meta property=\"article:modified_time\" content=\"2021-12-23T17:54:32+00:00\" \/>\n<meta name=\"author\" content=\"Annick.Bid\" \/>\n<meta name=\"twitter:card\" content=\"summary_large_image\" \/>\n<meta name=\"twitter:label1\" content=\"\u00c9crit par\" \/>\n\t<meta name=\"twitter:data1\" content=\"Annick.Bid\" \/>\n\t<meta name=\"twitter:label2\" content=\"Dur\u00e9e de lecture estim\u00e9e\" \/>\n\t<meta name=\"twitter:data2\" content=\"8 minutes\" \/>\n<script type=\"application\/ld+json\" class=\"yoast-schema-graph\">{\"@context\":\"https:\/\/schema.org\",\"@graph\":[{\"@type\":\"WebPage\",\"@id\":\"https:\/\/www.leclanche.com\/fr\/leclanche-conclut-son-assemblee-generale-ordinaire-annuelle\/\",\"url\":\"https:\/\/www.leclanche.com\/fr\/leclanche-conclut-son-assemblee-generale-ordinaire-annuelle\/\",\"name\":\"Leclanch\u00e9 conclut son Assembl\u00e9e G\u00e9n\u00e9rale Ordinaire Annuelle - Leclanch\u00e9\",\"isPartOf\":{\"@id\":\"https:\/\/www.leclanche.com\/fr\/#website\"},\"datePublished\":\"2020-06-30T13:21:15+00:00\",\"dateModified\":\"2021-12-23T17:54:32+00:00\",\"author\":{\"@id\":\"https:\/\/www.leclanche.com\/fr\/#\/schema\/person\/7ef725388a3f2b409a32cfa92059aa64\"},\"description\":\"Leclanch\u00e9 conclut son Assembl\u00e9e G\u00e9n\u00e9rale Ordinaire Annuelle \u00a0 La conversion de la dette en capital renforce consid\u00e9rablement le bilan Les grands projets\",\"breadcrumb\":{\"@id\":\"https:\/\/www.leclanche.com\/fr\/leclanche-conclut-son-assemblee-generale-ordinaire-annuelle\/#breadcrumb\"},\"inLanguage\":\"fr-FR\",\"potentialAction\":[{\"@type\":\"ReadAction\",\"target\":[\"https:\/\/www.leclanche.com\/fr\/leclanche-conclut-son-assemblee-generale-ordinaire-annuelle\/\"]}]},{\"@type\":\"BreadcrumbList\",\"@id\":\"https:\/\/www.leclanche.com\/fr\/leclanche-conclut-son-assemblee-generale-ordinaire-annuelle\/#breadcrumb\",\"itemListElement\":[{\"@type\":\"ListItem\",\"position\":1,\"name\":\"Accueil\",\"item\":\"https:\/\/www.leclanche.com\/fr\/\"},{\"@type\":\"ListItem\",\"position\":2,\"name\":\"Leclanch\u00e9 conclut son Assembl\u00e9e G\u00e9n\u00e9rale Ordinaire Annuelle\"}]},{\"@type\":\"WebSite\",\"@id\":\"https:\/\/www.leclanche.com\/fr\/#website\",\"url\":\"https:\/\/www.leclanche.com\/fr\/\",\"name\":\"Leclanch\u00e9\",\"description\":\"Energy Storage Solutions\",\"potentialAction\":[{\"@type\":\"SearchAction\",\"target\":{\"@type\":\"EntryPoint\",\"urlTemplate\":\"https:\/\/www.leclanche.com\/fr\/?s={search_term_string}\"},\"query-input\":{\"@type\":\"PropertyValueSpecification\",\"valueRequired\":true,\"valueName\":\"search_term_string\"}}],\"inLanguage\":\"fr-FR\"},{\"@type\":\"Person\",\"@id\":\"https:\/\/www.leclanche.com\/fr\/#\/schema\/person\/7ef725388a3f2b409a32cfa92059aa64\",\"name\":\"Annick.Bid\",\"image\":{\"@type\":\"ImageObject\",\"inLanguage\":\"fr-FR\",\"@id\":\"https:\/\/www.leclanche.com\/fr\/#\/schema\/person\/image\/\",\"url\":\"https:\/\/secure.gravatar.com\/avatar\/0fe6baaabc318280db3d0e10c43b8017aa89b961c16e819765bd4fb65396af34?s=96&d=mm&r=g\",\"contentUrl\":\"https:\/\/secure.gravatar.com\/avatar\/0fe6baaabc318280db3d0e10c43b8017aa89b961c16e819765bd4fb65396af34?s=96&d=mm&r=g\",\"caption\":\"Annick.Bid\"},\"url\":\"https:\/\/www.leclanche.com\/fr\/author\/annick-bid\/\"}]}<\/script>\n<!-- \/ Yoast SEO plugin. -->","yoast_head_json":{"title":"Leclanch\u00e9 conclut son Assembl\u00e9e G\u00e9n\u00e9rale Ordinaire Annuelle - Leclanch\u00e9","description":"Leclanch\u00e9 conclut son Assembl\u00e9e G\u00e9n\u00e9rale Ordinaire Annuelle \u00a0 La conversion de la dette en capital renforce consid\u00e9rablement le bilan Les grands projets","robots":{"index":"index","follow":"follow","max-snippet":"max-snippet:-1","max-image-preview":"max-image-preview:large","max-video-preview":"max-video-preview:-1"},"canonical":"https:\/\/www.leclanche.com\/fr\/leclanche-conclut-son-assemblee-generale-ordinaire-annuelle\/","og_locale":"fr_FR","og_type":"article","og_title":"Leclanch\u00e9 conclut son Assembl\u00e9e G\u00e9n\u00e9rale Ordinaire Annuelle - Leclanch\u00e9","og_description":"Leclanch\u00e9 conclut son Assembl\u00e9e G\u00e9n\u00e9rale Ordinaire Annuelle \u00a0 La conversion de la dette en capital renforce consid\u00e9rablement le bilan Les grands projets","og_url":"https:\/\/www.leclanche.com\/fr\/leclanche-conclut-son-assemblee-generale-ordinaire-annuelle\/","og_site_name":"Leclanch\u00e9","article_published_time":"2020-06-30T13:21:15+00:00","article_modified_time":"2021-12-23T17:54:32+00:00","author":"Annick.Bid","twitter_card":"summary_large_image","twitter_misc":{"\u00c9crit par":"Annick.Bid","Dur\u00e9e de lecture estim\u00e9e":"8 minutes"},"schema":{"@context":"https:\/\/schema.org","@graph":[{"@type":"WebPage","@id":"https:\/\/www.leclanche.com\/fr\/leclanche-conclut-son-assemblee-generale-ordinaire-annuelle\/","url":"https:\/\/www.leclanche.com\/fr\/leclanche-conclut-son-assemblee-generale-ordinaire-annuelle\/","name":"Leclanch\u00e9 conclut son Assembl\u00e9e G\u00e9n\u00e9rale Ordinaire Annuelle - Leclanch\u00e9","isPartOf":{"@id":"https:\/\/www.leclanche.com\/fr\/#website"},"datePublished":"2020-06-30T13:21:15+00:00","dateModified":"2021-12-23T17:54:32+00:00","author":{"@id":"https:\/\/www.leclanche.com\/fr\/#\/schema\/person\/7ef725388a3f2b409a32cfa92059aa64"},"description":"Leclanch\u00e9 conclut son Assembl\u00e9e G\u00e9n\u00e9rale Ordinaire Annuelle \u00a0 La conversion de la dette en capital renforce consid\u00e9rablement le bilan Les grands projets","breadcrumb":{"@id":"https:\/\/www.leclanche.com\/fr\/leclanche-conclut-son-assemblee-generale-ordinaire-annuelle\/#breadcrumb"},"inLanguage":"fr-FR","potentialAction":[{"@type":"ReadAction","target":["https:\/\/www.leclanche.com\/fr\/leclanche-conclut-son-assemblee-generale-ordinaire-annuelle\/"]}]},{"@type":"BreadcrumbList","@id":"https:\/\/www.leclanche.com\/fr\/leclanche-conclut-son-assemblee-generale-ordinaire-annuelle\/#breadcrumb","itemListElement":[{"@type":"ListItem","position":1,"name":"Accueil","item":"https:\/\/www.leclanche.com\/fr\/"},{"@type":"ListItem","position":2,"name":"Leclanch\u00e9 conclut son Assembl\u00e9e G\u00e9n\u00e9rale Ordinaire Annuelle"}]},{"@type":"WebSite","@id":"https:\/\/www.leclanche.com\/fr\/#website","url":"https:\/\/www.leclanche.com\/fr\/","name":"Leclanch\u00e9","description":"Energy Storage Solutions","potentialAction":[{"@type":"SearchAction","target":{"@type":"EntryPoint","urlTemplate":"https:\/\/www.leclanche.com\/fr\/?s={search_term_string}"},"query-input":{"@type":"PropertyValueSpecification","valueRequired":true,"valueName":"search_term_string"}}],"inLanguage":"fr-FR"},{"@type":"Person","@id":"https:\/\/www.leclanche.com\/fr\/#\/schema\/person\/7ef725388a3f2b409a32cfa92059aa64","name":"Annick.Bid","image":{"@type":"ImageObject","inLanguage":"fr-FR","@id":"https:\/\/www.leclanche.com\/fr\/#\/schema\/person\/image\/","url":"https:\/\/secure.gravatar.com\/avatar\/0fe6baaabc318280db3d0e10c43b8017aa89b961c16e819765bd4fb65396af34?s=96&d=mm&r=g","contentUrl":"https:\/\/secure.gravatar.com\/avatar\/0fe6baaabc318280db3d0e10c43b8017aa89b961c16e819765bd4fb65396af34?s=96&d=mm&r=g","caption":"Annick.Bid"},"url":"https:\/\/www.leclanche.com\/fr\/author\/annick-bid\/"}]}},"_links":{"self":[{"href":"https:\/\/www.leclanche.com\/fr\/wp-json\/wp\/v2\/posts\/9664","targetHints":{"allow":["GET"]}}],"collection":[{"href":"https:\/\/www.leclanche.com\/fr\/wp-json\/wp\/v2\/posts"}],"about":[{"href":"https:\/\/www.leclanche.com\/fr\/wp-json\/wp\/v2\/types\/post"}],"author":[{"embeddable":true,"href":"https:\/\/www.leclanche.com\/fr\/wp-json\/wp\/v2\/users\/2"}],"replies":[{"embeddable":true,"href":"https:\/\/www.leclanche.com\/fr\/wp-json\/wp\/v2\/comments?post=9664"}],"version-history":[{"count":1,"href":"https:\/\/www.leclanche.com\/fr\/wp-json\/wp\/v2\/posts\/9664\/revisions"}],"predecessor-version":[{"id":11175,"href":"https:\/\/www.leclanche.com\/fr\/wp-json\/wp\/v2\/posts\/9664\/revisions\/11175"}],"wp:attachment":[{"href":"https:\/\/www.leclanche.com\/fr\/wp-json\/wp\/v2\/media?parent=9664"}],"wp:term":[{"taxonomy":"category","embeddable":true,"href":"https:\/\/www.leclanche.com\/fr\/wp-json\/wp\/v2\/categories?post=9664"},{"taxonomy":"post_tag","embeddable":true,"href":"https:\/\/www.leclanche.com\/fr\/wp-json\/wp\/v2\/tags?post=9664"}],"curies":[{"name":"wp","href":"https:\/\/api.w.org\/{rel}","templated":true}]}}