{"id":9677,"date":"2020-06-02T00:59:00","date_gmt":"2020-06-01T22:59:00","guid":{"rendered":"https:\/\/www.leclanche.com\/lettre-a-nos-actionnaires-le-2-juin-2020\/"},"modified":"2021-04-21T17:12:02","modified_gmt":"2021-04-21T15:12:02","slug":"lettre-a-nos-actionnaires-le-2-juin-2020","status":"publish","type":"post","link":"https:\/\/www.leclanche.com\/fr\/lettre-a-nos-actionnaires-le-2-juin-2020\/","title":{"rendered":"Lettre \u00e0 nos actionnaires \u2013 le 2 juin 2020"},"content":{"rendered":"<p>Chers actionnaires,<\/p>\n<p>Nous esp\u00e9rons que vous et vos proches \u00eates en s\u00e9curit\u00e9 et en bonne sant\u00e9 en ces temps difficiles et sans pr\u00e9c\u00e9dent.<\/p>\n<p>L&rsquo;objet de cette lettre est de vous pr\u00e9senter la r\u00e9organisation strat\u00e9gique du mod\u00e8le d&rsquo;exploitation de votre Soci\u00e9t\u00e9 comme \u00e9voqu\u00e9 dans l&rsquo;annonce des r\u00e9sultats interm\u00e9diaires fin septembre 2019.<\/p>\n<p><span style=\"color: #008000;\"><strong>R\u00e9sum\u00e9<\/strong><\/span><\/p>\n<p><strong>L&rsquo;entreprise dispose de solides bases commerciales<\/strong><\/p>\n<p>Le Conseil d&rsquo;Administration est fermement convaincu que m\u00eame si des mesures suppl\u00e9mentaires de restructuration sont n\u00e9cessaires pour surmonter la situation financi\u00e8re actuelle, sur la base des consid\u00e9rations suivantes la Soci\u00e9t\u00e9 a le potentiel pour croitre de mani\u00e8re rentable :<\/p>\n<ol>\n<li>Votre Entreprise continue de gagner des parts de march\u00e9 dans le monde entier. Le carnet de commandes, \u00e0 l&rsquo;exclusion du projet de Saint-Christophe-et-Ni\u00e9v\u00e8s (voir plus bas), d\u00e9passe d\u00e9sormais CHF\u00a090 millions pour livraisons entre 2020 et 2021.<\/li>\n<li>La Soci\u00e9t\u00e9 produisait d\u00e9j\u00e0 des cellules utilisant des cathodes \u00e0 haute capacit\u00e9 NMC 622 en 2019. Avec l&rsquo;introduction des nouvelles cellules G-NMC 60Ah, 210 Wh\/kg et 420 Wh\/litre, en production depuis le mois d&rsquo;avril de cette ann\u00e9e, Leclanch\u00e9 a assur\u00e9 sa position parmi les leaders de l&rsquo;industrie en termes de densit\u00e9 \u00e9nerg\u00e9tique et de nombre de cycles. Ces nouvelles cellules, associ\u00e9es aux modules M3 de nouvelle g\u00e9n\u00e9ration qui seront op\u00e9rationnels d\u00e9but 2021, ont permis de r\u00e9duire le co\u00fbt du kWh de plus de 25%.<\/li>\n<li>Apr\u00e8s avoir examin\u00e9 le rendement des investissements r\u00e9alis\u00e9s dans l&rsquo;activit\u00e9 de stockage stationnaire au cours des derni\u00e8res ann\u00e9es, la Soci\u00e9t\u00e9 a pris la d\u00e9cision de cr\u00e9er une branche d&rsquo;activit\u00e9 \u00ab\u00a0Build-Own-Operate\u00a0\u00bb (\u00ab\u00a0BOO\u00a0\u00bb) pour des projets stationnaires s\u00e9lectionn\u00e9s qui ont des accords d&rsquo;achat d&rsquo;\u00e9lectricit\u00e9 (\u00ab\u00a0PPA\u00a0\u00bb) et\/ou des accords de distribution \u00e0 long terme avec des clients locaux. Alors que ce changement a p\u00e9jor\u00e9 le chiffre d\u2019affaires 2019 d\u2019environ CHF 40 millions, il ajoutera un EBITDA positif important aux r\u00e9sultats financiers de la Soci\u00e9t\u00e9 pendant de nombreuses ann\u00e9es, gr\u00e2ce \u00e0 l&rsquo;exploitation de ces PPA.<\/li>\n<li>Nos technologies internes ont maintenant fait leurs preuves sur le terrain :<b><i><\/i><\/b><\/li>\n<\/ol>\n<p style=\"padding-left: 60px;\"><strong><em>a) en avril 2020, nos syst\u00e8mes ont parcouru plus de 36 000 kilom\u00e8tres en mer et plus de 700 000 kilom\u00e8tres sur route, avec un temps de fonctionnement moyen de plus de 99% ;<\/em><\/strong><\/p>\n<p style=\"padding-left: 60px;\"><strong><em>b) plus de 57 GWh de d\u00e9bit \u00e9nerg\u00e9tique dans des syst\u00e8mes de stockage d&rsquo;\u00e9nergie \u00e0 base de batteries con\u00e7us et mis en service par la Soci\u00e9t\u00e9, avec un temps de fonctionnement moyen de 98 %.<\/em><\/strong><\/p>\n<p><strong>R\u00e9organisation strat\u00e9gique du mod\u00e8le d&rsquo;exploitation de la Soci\u00e9t\u00e9 <\/strong><\/p>\n<p>Apr\u00e8s avoir mis en \u0153uvre le plan de croissance annonc\u00e9 en 2015, les unit\u00e9s d\u2019affaires actuelles ayant atteint une taille critique en termes de personnel, de chiffre d\u2019affaires et de contrats clients, et compte tenu de ses besoins de financement suppl\u00e9mentaires, le Conseil d\u2019Administration a d\u00e9cid\u00e9 de r\u00e9organiser le mod\u00e8le op\u00e9rationnel de la Soci\u00e9t\u00e9. Il avait initialement envisag\u00e9 de cr\u00e9er \u00e0 partir de l&rsquo;ann\u00e9e 2020 une structure juridique ind\u00e9pendante pour chaque unit\u00e9 d&rsquo;affaires avec leur propre P &amp; L, comme annonc\u00e9 le 26 septembre 2019 en m\u00eame temps que les r\u00e9sultats interm\u00e9diaires de 2019. L&rsquo;intention \u00e9tait d&rsquo;ouvrir le capital de ces entit\u00e9s \u00e0 des actionnaires strat\u00e9giques qui auraient fourni le financement n\u00e9cessaire \u00e0 la croissance de chacune des unit\u00e9s d\u2019affaires et \u00e0 l\u2019\u00e9quilibre financier de la Soci\u00e9t\u00e9. Le capital-actions serait rest\u00e9 majoritairement d\u00e9tenu par Leclanch\u00e9 S.A. avec le maintien de la cotation du titre Leclanch\u00e9 \u00e0 la bourse de Zurich (SIX).<\/p>\n<p>La Soci\u00e9t\u00e9 \u00e9tait d\u00e9termin\u00e9e \u00e0 faire tous les efforts possibles pour assurer le financement complet de son plan de croissance \u00e0 long terme avant de lancer la r\u00e9organisation. Nous sommes heureux d&rsquo;annoncer que les accords de partenariat sign\u00e9s avec un nouvel investisseur strat\u00e9gique permettront \u00e0 Leclanch\u00e9 d&rsquo;acc\u00e9der progressivement aux financements n\u00e9cessaires \u00e0 sa croissance. Sur la base de cette nouvelle coop\u00e9ration, un mod\u00e8le de fonctionnement diff\u00e9rent de celui envisag\u00e9 \u00e0 l&rsquo;origine est mis en \u0153uvre, comme d\u00e9crit ci-dessous.<\/p>\n<p><span style=\"color: #008000;\"><strong>La r\u00e9organisation strat\u00e9gique mise en \u0153uvre actuellement en partenariat avec Eneris<\/strong><\/span><\/p>\n<p>Le Conseil d\u2019Administration de la Soci\u00e9t\u00e9 a n\u00e9goci\u00e9 et accept\u00e9 une offre d&rsquo;investissement de la part d&rsquo;Eneris. Eneris est une Soci\u00e9t\u00e9 du groupe Eneris, un acteur europ\u00e9en de premier plan dans le domaine des technologies propres. Sur cette base, la Soci\u00e9t\u00e9 et Eneris ont sign\u00e9 trois accords interd\u00e9pendants : les deux premiers, \u00e0 savoir un accord de pr\u00eat et un accord de licence de technologie, sont d\u00e9j\u00e0 en vigueur depuis le 28 mai 2020. Le troisi\u00e8me, un accord de coop\u00e9ration industrielle, devrait entrer en vigueur le 30 juin 2020, d\u00e8s qu&rsquo;Eneris aura confirm\u00e9 le financement int\u00e9gral des coentreprises d\u00e9crites ci-dessous.<\/p>\n<p>Eneris s&rsquo;est engag\u00e9 \u00e0 effectuer un investissement industriel en plusieurs phases, un investissement direct de CHF\u00a095 millions pour soutenir l&rsquo;activit\u00e9 de Leclanch\u00e9, ainsi que l&rsquo;acc\u00e8s \u00e0 un site de production \u00e0 grande \u00e9chelle dans sa future usine en Pologne, qui sera construite gr\u00e2ce \u00e0 un investissement de plus de CHF 105 millions et qui devrait \u00eatre mise en service en 2024.<\/p>\n<p><strong><em>Les principales caract\u00e9ristiques des accords avec Eneris sont les suivantes :<\/em><\/strong><\/p>\n<ol>\n<li>Eneris fournira \u00e0 Leclanch\u00e9 un financement de fonds de roulement allant jusqu&rsquo;\u00e0 CHF 42 millions pour soutenir le plan de croissance de la Soci\u00e9t\u00e9 jusqu&rsquo;en juin 2021. La premi\u00e8re tranche de ce pr\u00eat de CHF 21 millions est confirm\u00e9e avec un financement en quatre mensualit\u00e9s \u00e9gales \u00e0 partir de mai 2020. La deuxi\u00e8me tranche de CHF\u00a021 millions doit encore \u00eatre discut\u00e9e et confirm\u00e9e d&rsquo;ici octobre 2020\u00a0;<\/li>\n<li>Cr\u00e9ation de deux Coentreprises, l&rsquo;une en Allemagne pour la production de cellules et l&rsquo;autre en Suisse et en Pologne pour l&rsquo;assemblage de modules. Eneris acquerra la majorit\u00e9 du capital social de chaque Coentreprise apr\u00e8s avoir r\u00e9alis\u00e9 des investissements progressifs de CHF 53 millions pour un programme d&rsquo;expansion des capacit\u00e9s de production des sites Leclanch\u00e9, CHF 48 millions dans la Coentreprise allemande et CHF 5 millions dans la Coentreprise suisse\/polonaise respectivement. Nous pr\u00e9voyons que ces Coentreprises soient constitu\u00e9es dans les six mois, en consultation avec les comit\u00e9s d&rsquo;entreprise concern\u00e9s et conform\u00e9ment aux lois en vigueur ;<\/li>\n<li>Licence de la technologie de Leclanch\u00e9 \u00e0 Eneris contre paiement d&rsquo;une redevance pouvant atteindre CHF 32 millions. Cette licence est non exclusive sur la base d&rsquo;un droit d&rsquo;utilisation, avec la libert\u00e9 d&rsquo;effectuer des d\u00e9veloppements futurs. La licence est applicable dans le monde entier, \u00e0 l&rsquo;exception de l&rsquo;Inde ;<\/li>\n<li>Leclanch\u00e9 pr\u00e9voit de signer avec les Coentreprises un accord d\u2019approvisionnement de modules dans lequel les Coentreprises r\u00e9serveront la capacit\u00e9 de production requise pour Leclanch\u00e9 dans les ann\u00e9es \u00e0 venir ;<\/li>\n<li>Leclanch\u00e9 conservera la pleine propri\u00e9t\u00e9 de sa technologie et continuera \u00e0 investir dans des activit\u00e9s de recherche et d\u00e9veloppement (R&amp;D) pour les cellules, les modules et les syst\u00e8mes de gestion des batteries (BMS).<\/li>\n<\/ol>\n<p><strong><em>Les cons\u00e9quences favorables pour Leclanch\u00e9 de la mise en \u0153uvre des accords avec Eneris sont les suivantes\u00a0:<\/em><\/strong><\/p>\n<ol>\n<li style=\"list-style-type: none;\">\n<ol>\n<li>R\u00e9pondre aux besoins en fonds de roulement \u00e0 court et moyen terme de la Soci\u00e9t\u00e9 ;<\/li>\n<li>\u00c9viter des investissements en capital pouvant atteindre CHF 53 millions en 2020, et CHF 60 millions suppl\u00e9mentaires en 2022. L&rsquo;entreprise doit continuer \u00e0 avoir acc\u00e8s \u00e0 la capacit\u00e9 de production n\u00e9cessaire pour honorer les engagements contractuels avec ses grands clients du transport \u00e9lectrique ayant sign\u00e9 des contrats-cadres de fourniture pluriannuels, tels que Kongsberg Maritime et Bombardier, et garantir \u00e0 l\u2019avenir la capacit\u00e9 de production essentielle pour en gagner de nouveaux ;<\/li>\n<li>R\u00e9duction d&rsquo;environ 20% des charges d&rsquo;exploitation (Opex) de la Soci\u00e9t\u00e9 se traduisant par un taux d&rsquo;utilisation des liquidit\u00e9s plus faible gr\u00e2ce au transfert d&rsquo;environ 135 employ\u00e9s vers les Coentreprises de production ;<\/li>\n<li>R\u00e9duction substantielle des besoins en fonds de roulement gr\u00e2ce au transfert des activit\u00e9s de production vers les Coentreprises ;<\/li>\n<li>Investissement important qui n&rsquo;est pas mat\u00e9riellement dilutif pour les actionnaires actuels.<\/li>\n<\/ol>\n<\/li>\n<\/ol>\n<p><b><i><strong><em>Les aspects structurels cl\u00e9s de la mise en \u0153uvre du partenariat strat\u00e9gique avec Eneris sont notamment les suivants\u00a0: <\/em><\/strong><\/i><\/b><\/p>\n<p><b><strong>1.Cr\u00e9ation d&rsquo;un leader du march\u00e9 du stockage d&rsquo;\u00e9nergie en partenariat avec Eneris :<\/strong><\/b><\/p>\n<p>Le groupe Eneris est une Soci\u00e9t\u00e9 priv\u00e9e qui se consacre \u00e0 l&rsquo;innovation et \u00e0 la protection de l&rsquo;environnement : \u00ab\u00a0air, sol et eau propres\u00a0\u00bb en promouvant l&rsquo;\u00e9conomie circulaire, une approche holistique et une int\u00e9gration verticale dans le domaine des d\u00e9chets, de l&rsquo;eau, de l&rsquo;\u00e9nergie et du stockage de l&rsquo;\u00e9nergie. Elle exploite et d\u00e9veloppe principalement des services publics en Pologne et participe \u00e0 la transition \u00e9nerg\u00e9tique, tandis que son champ d&rsquo;action en mati\u00e8re de technologies propres est paneurop\u00e9en. Avec ses filiales (Eneris Polbatt, Eneris Batteries &amp; Recycling, etc.), Eneris met en \u0153uvre une s\u00e9rie de projets ax\u00e9s sur les batteries. Son portefeuille d\u2019activit\u00e9s dans le domaine des batteries est soutenu par les autorit\u00e9s europ\u00e9ennes et le gouvernement polonais dans le cadre du programme IPCEI, notamment des projets strat\u00e9giques en termes de R&amp;D et d&rsquo;industrialisation de toute la cha\u00eene de valeur, y compris les mat\u00e9riaux avanc\u00e9s, les cellules aux performances am\u00e9lior\u00e9es, les nouveaux types de cellules, la configuration des batteries et des modules, la r\u00e9utilisation et le recyclage, etc. La strat\u00e9gie d&rsquo;Eneris comprend des activit\u00e9s de R&amp;D et des usines de fabrication en Pologne, en Allemagne et en France.<\/p>\n<p><b><strong>2. R\u00e9organisation strat\u00e9gique : nouveau mod\u00e8le d&rsquo;exploitation l\u00e9ger pour la production<\/strong><\/b><\/p>\n<ol>\n<li style=\"list-style-type: none;\">\n<ol>\n<li>Investissement dans des actifs de production en Allemagne et en Suisse, \u00e0 travers des Coentreprises avec Eneris, qui une fois cr\u00e9\u00e9es produiront exclusivement des produits de la marque Leclanch\u00e9\u00a0utilisant les technologies Leclanch\u00e9;<\/li>\n<li>Environ 135 employ\u00e9s li\u00e9s \u00e0 la production seront transf\u00e9r\u00e9s dans les Coentreprises ;<\/li>\n<li>Droit exclusif accord\u00e9 \u00e0 Eneris pour la fabrication en Europe pendant une p\u00e9riode de cinq ans, sauf accord mutuel.<\/li>\n<\/ol>\n<\/li>\n<\/ol>\n<p><b><strong>3. Le nouveau Leclanch\u00e9 conserve: <\/strong><\/b><\/p>\n<ol>\n<li>La d\u00e9tention de la propri\u00e9t\u00e9 intellectuelle (PI) ;<\/li>\n<li>Toutes les relations et les contrats avec les clients pr\u00e9sents et futures ;<\/li>\n<li>Pour l\u2019unit\u00e9 commerciale eTransport : Conception de batteries et de racks, ing\u00e9nierie, livraison, installation, mise en service et services apr\u00e8s-vente ;<\/li>\n<li>Pour l&rsquo;unit\u00e9 commerciale Stationnaire:<\/li>\n<\/ol>\n<p>i) EPC\/M : Conception de racks et de conteneurs, ing\u00e9nierie, int\u00e9gration de logiciels et de syst\u00e8mes EMS pour la livraison cl\u00e9 en main de l&rsquo;installation et les services apr\u00e8s-vente;<\/p>\n<p>ii) Tous les projets Build-Own-Operate (BOO), y compris le projet de Saint-Christophe-et-Ni\u00e9v\u00e8s.<\/p>\n<p style=\"padding-left: 30px;\">5. Pour l&rsquo;unit\u00e9 commerciale Specialty : toutes les op\u00e9rations courantes restent inchang\u00e9es, y compris la conception des batteries, l&rsquo;ing\u00e9nierie, la production, la livraison, l&rsquo;installation, la mise en service et les services apr\u00e8s-vente.<\/p>\n<p><span style=\"color: #008000;\"><strong>R\u00e9organisation strat\u00e9gique &#8211; soutenir une croissance rentable<\/strong><\/span><\/p>\n<p><strong>\u00a01. <\/strong><b><strong>Octroi \u00e0 Eneris d&rsquo;un droit d&rsquo;utilisation non exclusif de la propri\u00e9t\u00e9 intellectuelle et du savoir-faire de Leclanch\u00e9 contre r\u00e9mun\u00e9ration :<\/strong><\/b><\/p>\n<p>a) Un paiement initial de CHF 22 millions plus un paiement de CHF 5 millions\u00a0sous forme de redevance (3% du chiffre d\u2019affaires r\u00e9alis\u00e9s par les Coentreprises); <u>ou<\/u><\/p>\n<p>b) Une redevance de 3% du chiffre d\u2019affaires r\u00e9alis\u00e9s par les Coentreprises, plafonn\u00e9e \u00e0 CHF 32 millions.<\/p>\n<p><b><strong>2. Revenir \u00e0 un EBITDA positif dans un proche avenir :<\/strong><\/b><\/p>\n<ol>\n<li style=\"list-style-type: none;\">\n<ol>\n<li style=\"list-style-type: none;\">\n<ol>\n<li>Acc\u00e9l\u00e9ration de la croissance gr\u00e2ce \u00e0 l&rsquo;augmentation de la capacit\u00e9 de production des coentreprises : pr\u00e8s de 1 GWh de capacit\u00e9 pr\u00e9vue en Allemagne d&rsquo;ici le premier trimestre 2022 et 1,4 GWh suppl\u00e9mentaire d&rsquo;ici la fin 2024 en Pologne ;<\/li>\n<li>Un carnet de commandes de plus de CHF 90 millions, hors projet St. Saint-Christophe-et-Ni\u00e9v\u00e8s, \u00e0 livrer en 2020-2021 ;<\/li>\n<li>La base de co\u00fbts actuelle pour les cellules et les modules devrait permettre de d\u00e9gager une marge brute positive \u00e0 partir de 2021, lorsque la production passera \u00e0 trois \u00e9quipes \u00e0 partir du quatri\u00e8me trimestre 2020 ;<\/li>\n<li>Saint-Christophe-et-Ni\u00e9v\u00e8s, et quelques autres projets, identifi\u00e9s dans le cadre du BOO, devraient ajouter environ CHF 8 millions d&rsquo;EBITDA positif chaque ann\u00e9e \u00e0 partir de 2022.<\/li>\n<\/ol>\n<\/li>\n<\/ol>\n<\/li>\n<\/ol>\n<p>&nbsp;<\/p>\n<p><strong><span style=\"color: #008000;\">Leclanch\u00e9 nouveau mod\u00e8le d&rsquo;organisation op\u00e9rationnelle<\/span> <\/strong><\/p>\n<p><img loading=\"lazy\" decoding=\"async\" class=\"alignnone wp-image-6422 size-large\" src=\"https:\/\/www.leclanche.com\/wp-content\/uploads\/2020\/06\/Organisation-chart-V3-with-unite_FRA-1024x518.png\" alt=\"\" width=\"1024\" height=\"518\" \/><\/p>\n<p><span style=\"color: #008000;\"><strong>Plan de gestion des risques pour le nouveau mod\u00e8le op\u00e9rationnel<\/strong><\/span><\/p>\n<p style=\"padding-left: 30px;\"><b><strong>1. S&rsquo;assurer que l&rsquo;accord avec Eneris est dans le meilleur int\u00e9r\u00eat de la Soci\u00e9t\u00e9 et de tous ses actionnaires<\/strong><\/b><\/p>\n<p>Un exercice de valorisation financi\u00e8re du nouveau Leclanch\u00e9 r\u00e9sultant de la transaction avec le groupe Eneris a \u00e9t\u00e9 r\u00e9alis\u00e9e par un membre ind\u00e9pendant du Conseil d&rsquo;Administration. L&rsquo;ensemble du Conseil d&rsquo;Administration a examin\u00e9 cette analyse et a conclu \u00e0 l\u2019unanimit\u00e9 que l&rsquo;accord avec Eneris cr\u00e9era de la valeur pour la Soci\u00e9t\u00e9 et est donc positif pour tous ses actionnaires. Sur cette base, le Conseil d&rsquo;Administration a approuv\u00e9 les trois accords qui d\u00e9finissent la transaction avec le groupe Eneris.<\/p>\n<p style=\"padding-left: 30px;\"><b><strong>2. Conserver l&rsquo;avantage concurrentiel de la pleine propri\u00e9t\u00e9 de la technologie<\/strong><\/b><\/p>\n<p>Nous pensons que cet avantage restera intact et sera encore renforc\u00e9 pour les raisons suivantes\u00a0:<\/p>\n<ul>\n<li>Leclanch\u00e9 poss\u00e8de toujours toute sa propri\u00e9t\u00e9 intellectuelle et son savoir-faire. La Soci\u00e9t\u00e9 conc\u00e8de \u00e0 Eneris une licence non exclusive de ses technologies, sur la base d&rsquo;un droit d&rsquo;utilisation ;<\/li>\n<li>Les coentreprises fabriqueront des produits bas\u00e9s sur les technologies de Leclanch\u00e9 avec r\u00e9servation de capacit\u00e9 pour Leclanch\u00e9 sur la base d&rsquo;un plan d&rsquo;affaires convenu avec Eneris ;<\/li>\n<li>Acc\u00e8s pr\u00e9vu \u00e0 une capacit\u00e9 de production trois fois plus importante d&rsquo;ici le premier trimestre 2022 ; et \u00e0 une capacit\u00e9 suppl\u00e9mentaire deux \u00e0 trois fois plus importante d&rsquo;ici la fin 2024.<\/li>\n<\/ul>\n<p style=\"padding-left: 30px;\"><strong>3. Impact sur les r\u00e9sultats financiers de 2019 et 2020 en raison du changement de mod\u00e8le op\u00e9rationnel<\/strong><\/p>\n<p><span style=\"color: #008000;\"><u>Mouvement de chiffre d\u2019affaires dans l&rsquo;unit\u00e9 commerciale Stationnaire\u00a0:<\/u><\/span><\/p>\n<p>Pour lancer le mod\u00e8le BOO, tr\u00e8s rentable, le projet de Saint-Christophe-et-Ni\u00e9v\u00e8s est pass\u00e9 d&rsquo;un contrat EPC traditionnel cl\u00e9 en main \u00e0 un mod\u00e8le Build-Own-Operate (\u00ab\u00a0BOO\u00a0\u00bb). Bien que Leclanch\u00e9 continue \u00e0 construire le projet en tant que contractant EPC, les r\u00e8gles comptables IFRS li\u00e9es au mod\u00e8le BOO, emp\u00eachent toute reconnaissance de chiffre d\u2019affaires en tant que contractant EPC. Cette exigence comptable a conduit \u00e0 une r\u00e9duction de plus de CHF 40 millions de chiffre d\u2019affaires en 2019. Ce changement de mod\u00e8le sera plus que compens\u00e9 par un chiffre d\u2019affaires moyen d&rsquo;environ CHF 9 millions par an et un EBITDA positif de plus de CHF 5 millions par an pendant une p\u00e9riode de 20 ans, dans le cadre du contrat d&rsquo;achat d&rsquo;\u00e9lectricit\u00e9 sign\u00e9 avec SKELEC, le service public d&rsquo;\u00e9lectricit\u00e9 de Saint-Christophe-et-Ni\u00e9v\u00e8s. Les projets futurs construits selon ce m\u00eame mod\u00e8le BOO, ajouteront \u00e9galement leur propre EBITDA aux comptes de Leclanch\u00e9.<\/p>\n<p>La Soci\u00e9t\u00e9 a d\u00e9j\u00e0 obtenu d&rsquo;un grand fonds d&rsquo;infrastructure New Yorkais un pr\u00eat \u00e0 la construction de CHF 46 millions pour le projet de Saint-Christophe-et-Ni\u00e9v\u00e8s et vise \u00e0 d\u00e9marrer la construction de ce projet le plus t\u00f4t possible apr\u00e8s l&rsquo;assouplissement des restrictions de voyage li\u00e9es \u00e0 COVID-19.<\/p>\n<p><span style=\"color: #008000;\"><u>\u00c9volution positive de l&rsquo;EBITDA de la Soci\u00e9t\u00e9 :<\/u><\/span><\/p>\n<p>L\u2019\u00e9talement du chiffre d\u2019affaires d\u00fb aux r\u00e8gles comptables mentionn\u00e9es ci-dessus, devrait permettre \u00e0 la Soci\u00e9t\u00e9 d\u2019atteindre un EBITDA positif en 2022. Il est important de r\u00e9it\u00e9rer que le passage \u00e0 un mod\u00e8le BOO g\u00e9n\u00e8rera une croissance rentable pendant 20 ans et renforcera les actifs dans le bilan de la Soci\u00e9t\u00e9 et la rendra moins d\u00e9pendante des fluctuations annuelles de chiffre d\u2019affaires li\u00e9es aux projets.<\/p>\n<p style=\"padding-left: 30px;\"><b><strong>4.Le mod\u00e8le BOO exige l&rsquo;acc\u00e8s \u00e0 de grands capitaux d&rsquo;infrastructure au cours des deux premi\u00e8res ann\u00e9es\u00a0<\/strong><\/b><\/p>\n<p>La Soci\u00e9t\u00e9 pr\u00e9voit de cr\u00e9er une Soci\u00e9t\u00e9 holding distincte, la \u00ab\u00a0BOO HoldCo\u00a0\u00bb, dans laquelle Leclanch\u00e9 S.A. conservera une participation majoritaire. La Soci\u00e9t\u00e9 est d\u00e9j\u00e0 engag\u00e9e dans des discussions pour lever des capitaux aupr\u00e8s de certains grands fonds d&rsquo;infrastructure qui deviendraient des partenaires de co-investissement dans la BOO HoldCo, ainsi que dans ses projets sous-jacents. Il s&rsquo;agit en fait d&rsquo;une plateforme de producteurs d&rsquo;\u00e9lectricit\u00e9 ind\u00e9pendants, que la Soci\u00e9t\u00e9 entend commercialiser s\u00e9par\u00e9ment au fil du temps.<\/p>\n<p>Avec l&rsquo;effet de levier attendu, l&rsquo;investissement en capital de Leclanch\u00e9 pour les projets actuels devrait \u00eatre d&rsquo;environ CHF 50 millions au cours des deux prochaines ann\u00e9es. Cette prise de participation devrait g\u00e9n\u00e9rer un taux de rendement interne (\u00ab\u00a0TRI\u00a0\u00bb) de plus de 12%. Un refinancement et\/ou une vente partielle de sa participation apr\u00e8s quelques ann\u00e9es d&rsquo;exploitation commerciale permettrait, \u00e0 la Soci\u00e9t\u00e9 de red\u00e9ployer dans de nouveaux projets les fond ainsi r\u00e9cup\u00e9r\u00e9s, sans augmenter davantage les besoins d&rsquo;investissement en capital ou en dette.<\/p>\n<p style=\"padding-left: 30px;\"><strong>5.Plan de financement \u00e9chelonn\u00e9 par Eneris<\/strong><\/p>\n<p>Le Conseil d\u2019Administration a demand\u00e9 et obtenu du groupe Eneris des preuves de liquidit\u00e9 qui l\u2019ont confort\u00e9 dans sa capacit\u00e9 \u00e0 r\u00e9aliser les investissements pr\u00e9vus par les accords entre les deux soci\u00e9t\u00e9s. Un plan de mise en \u0153uvre \u00e9chelonn\u00e9 align\u00e9 sur le calendrier de financement d&rsquo;Eneris permet \u00e0 la Soci\u00e9t\u00e9 d\u2019envisager l\u2019avenir avec s\u00e9r\u00e9nit\u00e9.<\/p>\n<p>La cr\u00e9ation des Coentreprises de production est subordonn\u00e9e \u00e0<\/p>\n<ol>\n<li style=\"list-style-type: none;\">\n<ol>\n<li>L&rsquo;accord de coop\u00e9ration industrielle entrant pleinement en vigueur lors du versement de la derni\u00e8re tranche du pr\u00eat de CHF 21 millions d&rsquo;ici ao\u00fbt 2020. La Soci\u00e9t\u00e9 conserve la possibilit\u00e9 de poursuivre les n\u00e9gociations avec d&rsquo;autres parties, mais de ne signer aucun accord jusqu&rsquo;\u00e0 cette date ;<\/li>\n<li>Eneris confirme les fonds et\/ou passe des commandes pour l&rsquo;expansion de la capacit\u00e9 de production de cellules \u00e0 Willst\u00e4tt, en Allemagne ; et pour l\u2019expansion de la capacit\u00e9 de production de modules en Suisse et en Pologne ;<\/li>\n<li>Finalisation de tous les documents et contrats, y compris un pacte d&rsquo;actionnaires, pour les coentreprises.<\/li>\n<\/ol>\n<\/li>\n<\/ol>\n<p><strong><span style=\"color: #008000;\">Pour aller de l&rsquo;avant<\/span> <\/strong><\/p>\n<p>Nous nous r\u00e9jouissons de l&rsquo;accord de coop\u00e9ration industrielle sign\u00e9 avec le groupe Eneris. Bien que les accords soient mis en \u0153uvre progressivement, sous r\u00e9serve de remplir certaines conditions, la Soci\u00e9t\u00e9 reste confiante dans la capacit\u00e9 du groupe Eneris \u00e0 honorer ses engagements. N\u00e9anmoins, nous avons pr\u00e9vu un certain nombre de clauses permettant de r\u00e9duire les risques r\u00e9sultant d\u2019un possible mais peu probable non-respect des accords de la part d\u2019Eneris. Nous sommes convaincus que cette transaction fera l\u2019objet d&rsquo;un v\u00e9ritable partenariat visant \u00e0 cr\u00e9er un leader mondial sur le march\u00e9 du stockage de l\u2019\u00e9nergie.<\/p>\n<p>Nous remercions les actionnaires pour leurs investissements importants et patients depuis fin 2006 dans le d\u00e9veloppement de notre activit\u00e9 de stockage d&rsquo;\u00e9nergie bas\u00e9e sur des piles et des syst\u00e8mes au lithium utilisant la technologie Leclanch\u00e9. Notre heure est venue. Nous r\u00e9affirmons que la r\u00e9organisation strat\u00e9gique en cours doit\u00a0:<\/p>\n<ol>\n<li style=\"list-style-type: none;\">\n<ol>\n<li>Mettre l&rsquo;Entreprise sur la voie d&rsquo;une croissance durable et rentable pour les ann\u00e9es \u00e0 venir ;<\/li>\n<li>Permettre au nouveau Leclanch\u00e9 de s&rsquo;orienter vers une plus grande int\u00e9gration des logiciels et des syst\u00e8mes de stockage d\u2019\u00e9nergie, tout en utilisant les produits comp\u00e9titifs fabriqu\u00e9s en partenariat avec le groupe Eneris ;<\/li>\n<li>Nous donner acc\u00e8s \u00e0 des moyens de financement ainsi qu\u2019\u00e0 une plus grande capacit\u00e9 de production avec une dilution minimale pour tous les actionnaires de Leclanch\u00e9 S.A. ;<\/li>\n<li>Permettre d\u2019accroitre notre capacit\u00e9 \u00e0 mieux servir tous nos clients ; et \u00e0 en gagner de nouveaux \u00e0 un rythme acc\u00e9l\u00e9r\u00e9 pour devenir un leader du march\u00e9.<\/li>\n<\/ol>\n<\/li>\n<\/ol>\n<p>Nous aimerions conclure en exprimant nos remerciements \u00e0 tous nos employ\u00e9s, et \u00e0 nos actionnaires, pour leur soutien durant cette p\u00e9riode. Nous nous r\u00e9jouissons de continuer \u00e0 construire l&rsquo;avenir de Leclanch\u00e9 avec eux et avec vous tous.<\/p>\n<p>Cordialement,<\/p>\n<p>&nbsp;<\/p>\n<p><img loading=\"lazy\" decoding=\"async\" class=\"alignnone wp-image-6590\" src=\"https:\/\/www.leclanche.com\/wp-content\/uploads\/2020\/06\/SM-signature-300x149.png\" alt=\"\" width=\"238\" height=\"118\" \/><\/p>\n<p><strong>Stefan Mueller<\/strong><strong>\u00a0\u00a0\u00a0\u00a0\u00a0\u00a0\u00a0\u00a0\u00a0\u00a0\u00a0\u00a0\u00a0\u00a0\u00a0\u00a0\u00a0\u00a0\u00a0\u00a0\u00a0\u00a0\u00a0\u00a0\u00a0\u00a0\u00a0\u00a0\u00a0\u00a0\u00a0\u00a0\u00a0\u00a0\u00a0\u00a0\u00a0\u00a0\u00a0\u00a0\u00a0\u00a0\u00a0\u00a0\u00a0\u00a0\u00a0\u00a0\u00a0\u00a0\u00a0\u00a0\u00a0\u00a0\u00a0\u00a0\u00a0\u00a0\u00a0\u00a0\u00a0\u00a0\u00a0\u00a0\u00a0\u00a0\u00a0\u00a0\u00a0\u00a0\u00a0\u00a0\u00a0\u00a0\u00a0\u00a0\u00a0\u00a0\u00a0\u00a0\u00a0\u00a0\u00a0\u00a0\u00a0\u00a0\u00a0\u00a0\u00a0\u00a0\u00a0\u00a0\u00a0\u00a0\u00a0\u00a0\u00a0\u00a0\u00a0\u00a0\u00a0 <\/strong><\/p>\n<p>Pr\u00e9sident du Conseil d\u2019Administration<\/p>\n<p>&nbsp;<\/p>\n<p><img loading=\"lazy\" decoding=\"async\" class=\"alignnone wp-image-6589\" src=\"https:\/\/www.leclanche.com\/wp-content\/uploads\/2020\/06\/AS-signature-300x169.png\" alt=\"\" width=\"220\" height=\"124\" \/><\/p>\n<p><strong>Anil Srivastava<\/strong><\/p>\n<p>Directeur G\u00e9n\u00e9ral<\/p>\n<p style=\"text-align: center;\"><strong>\u00a0***<\/strong><\/p>\n<p><strong>Clause de non-responsabilit\u00e9<\/strong><\/p>\n<p>Le pr\u00e9sent communiqu\u00e9 de presse contient certaines d\u00e9clarations prospectives relatives aux activit\u00e9s de Leclanch\u00e9, qui peuvent \u00eatre identifi\u00e9es par des termes tels que \u00ab strat\u00e9gique \u00bb, \u00ab propose \u00bb, \u00ab introduire \u00bb, \u00ab sera \u00bb, \u00ab planifi\u00e9 \u00bb, \u00ab pr\u00e9vu \u00bb, \u00ab attendu \u00bb, \u00ab engagement \u00bb, \u00ab attend \u00bb, \u00ab pr\u00e9voit \u00bb, \u00ab \u00e9tabli \u00bb, \u00ab pr\u00e9pare \u00bb, \u00ab plans \u00bb, \u00ab estimations \u00bb, \u00ab objectifs \u00bb, \u00ab serait \u00bb, \u00ab potentiel \u00bb, \u00ab attente \u00bb, \u00ab estimation \u00bb, \u00ab proposition \u00bb ou expressions similaires, ou par des discussions explicites ou implicites concernant la mont\u00e9e en puissance de la capacit\u00e9 de production de Leclanch\u00e9, les applications potentielles des produits existants, ou les revenus futurs potentiels de ces produits, ou les ventes ou b\u00e9n\u00e9fices futurs potentiels de Leclanch\u00e9 ou d&rsquo;une de ses unit\u00e9s commerciales. Vous ne devez pas vous fier ind\u00fbment \u00e0 ces d\u00e9clarations. Ces \u00e9nonc\u00e9s prospectifs refl\u00e8tent les opinions actuelles de Leclanch\u00e9 \u00e0 l&rsquo;\u00e9gard d&rsquo;\u00e9v\u00e9nements futurs et comportent des risques connus et inconnus, des incertitudes et d&rsquo;autres facteurs qui pourraient faire en sorte que les r\u00e9sultats r\u00e9els diff\u00e8rent sensiblement des r\u00e9sultats, performances ou r\u00e9alisations futurs exprim\u00e9s ou sous-entendus dans ces \u00e9nonc\u00e9s. Il n&rsquo;y a aucune garantie que les produits de Leclanch\u00e9 atteindront des niveaux de revenus particuliers. Rien ne garantit non plus que Leclanch\u00e9, ou l&rsquo;une quelconque de ses unit\u00e9s d&rsquo;affaires, obtiendra des r\u00e9sultats financiers particuliers.<\/p>\n<p>&nbsp;<\/p>\n<p><a href=\"https:\/\/www.leclanche.com\/wp-content\/uploads\/2020\/06\/Letter-to-the-shareholders-Strategic-Reorganization-FRA-FINAL.pdf\"><img loading=\"lazy\" decoding=\"async\" class=\"alignnone size-full wp-image-6278\" src=\"https:\/\/www.leclanche.com\/wp-content\/uploads\/2020\/04\/TELECHARGER.png\" alt=\"\" width=\"182\" height=\"39\" \/><\/a><\/p>\n<p>&nbsp;<\/p>\n","protected":false},"excerpt":{"rendered":"<p>Chers actionnaires, Nous esp\u00e9rons que vous et vos proches \u00eates en s\u00e9curit\u00e9 et en bonne sant\u00e9 en ces temps difficiles et sans pr\u00e9c\u00e9dent. L&rsquo;objet de cette lettre est de vous pr\u00e9senter la r\u00e9organisation strat\u00e9gique du mod\u00e8le d&rsquo;exploitation de votre Soci\u00e9t\u00e9 comme \u00e9voqu\u00e9 dans l&rsquo;annonce des r\u00e9sultats interm\u00e9diaires fin septembre 2019. R\u00e9sum\u00e9 L&rsquo;entreprise dispose de solides [&hellip;]<\/p>\n","protected":false},"author":2,"featured_media":0,"comment_status":"closed","ping_status":"open","sticky":false,"template":"","format":"standard","meta":{"footnotes":""},"categories":[108,46],"tags":[],"class_list":["post-9677","post","type-post","status-publish","format-standard","hentry","category-autres-communiques-de-presse","category-communiques-de-presse-fr"],"yoast_head":"<!-- This site is optimized with the Yoast SEO plugin v26.4 - https:\/\/yoast.com\/wordpress\/plugins\/seo\/ -->\n<title>Lettre \u00e0 nos actionnaires \u2013 le 2 juin 2020 - Leclanch\u00e9<\/title>\n<meta name=\"description\" content=\"Chers actionnaires, Nous esp\u00e9rons que vous et vos proches \u00eates en s\u00e9curit\u00e9 et en bonne sant\u00e9 en ces temps difficiles et sans pr\u00e9c\u00e9dent. L&#039;objet de cette\" \/>\n<meta name=\"robots\" content=\"index, follow, max-snippet:-1, max-image-preview:large, max-video-preview:-1\" \/>\n<link rel=\"canonical\" href=\"https:\/\/www.leclanche.com\/fr\/lettre-a-nos-actionnaires-le-2-juin-2020\/\" \/>\n<meta property=\"og:locale\" content=\"fr_FR\" \/>\n<meta property=\"og:type\" content=\"article\" \/>\n<meta property=\"og:title\" content=\"Lettre \u00e0 nos actionnaires \u2013 le 2 juin 2020 - Leclanch\u00e9\" \/>\n<meta property=\"og:description\" content=\"Chers actionnaires, Nous esp\u00e9rons que vous et vos proches \u00eates en s\u00e9curit\u00e9 et en bonne sant\u00e9 en ces temps difficiles et sans pr\u00e9c\u00e9dent. L&#039;objet de cette\" \/>\n<meta property=\"og:url\" content=\"https:\/\/www.leclanche.com\/fr\/lettre-a-nos-actionnaires-le-2-juin-2020\/\" \/>\n<meta property=\"og:site_name\" content=\"Leclanch\u00e9\" \/>\n<meta property=\"article:published_time\" content=\"2020-06-01T22:59:00+00:00\" \/>\n<meta property=\"article:modified_time\" content=\"2021-04-21T15:12:02+00:00\" \/>\n<meta property=\"og:image\" content=\"https:\/\/www.leclanche.com\/wp-content\/uploads\/2020\/06\/Organisation-chart-V3-with-unite_FRA-1024x518.png\" \/>\n<meta name=\"author\" content=\"Annick.Bid\" \/>\n<meta name=\"twitter:card\" content=\"summary_large_image\" \/>\n<meta name=\"twitter:label1\" content=\"\u00c9crit par\" \/>\n\t<meta name=\"twitter:data1\" content=\"Annick.Bid\" \/>\n\t<meta name=\"twitter:label2\" content=\"Dur\u00e9e de lecture estim\u00e9e\" \/>\n\t<meta name=\"twitter:data2\" content=\"17 minutes\" \/>\n<script type=\"application\/ld+json\" class=\"yoast-schema-graph\">{\"@context\":\"https:\/\/schema.org\",\"@graph\":[{\"@type\":\"WebPage\",\"@id\":\"https:\/\/www.leclanche.com\/fr\/lettre-a-nos-actionnaires-le-2-juin-2020\/\",\"url\":\"https:\/\/www.leclanche.com\/fr\/lettre-a-nos-actionnaires-le-2-juin-2020\/\",\"name\":\"Lettre \u00e0 nos actionnaires \u2013 le 2 juin 2020 - Leclanch\u00e9\",\"isPartOf\":{\"@id\":\"https:\/\/www.leclanche.com\/fr\/#website\"},\"primaryImageOfPage\":{\"@id\":\"https:\/\/www.leclanche.com\/fr\/lettre-a-nos-actionnaires-le-2-juin-2020\/#primaryimage\"},\"image\":{\"@id\":\"https:\/\/www.leclanche.com\/fr\/lettre-a-nos-actionnaires-le-2-juin-2020\/#primaryimage\"},\"thumbnailUrl\":\"https:\/\/www.leclanche.com\/wp-content\/uploads\/2020\/06\/Organisation-chart-V3-with-unite_FRA-1024x518.png\",\"datePublished\":\"2020-06-01T22:59:00+00:00\",\"dateModified\":\"2021-04-21T15:12:02+00:00\",\"author\":{\"@id\":\"https:\/\/www.leclanche.com\/fr\/#\/schema\/person\/7ef725388a3f2b409a32cfa92059aa64\"},\"description\":\"Chers actionnaires, Nous esp\u00e9rons que vous et vos proches \u00eates en s\u00e9curit\u00e9 et en bonne sant\u00e9 en ces temps difficiles et sans pr\u00e9c\u00e9dent. L'objet de cette\",\"breadcrumb\":{\"@id\":\"https:\/\/www.leclanche.com\/fr\/lettre-a-nos-actionnaires-le-2-juin-2020\/#breadcrumb\"},\"inLanguage\":\"fr-FR\",\"potentialAction\":[{\"@type\":\"ReadAction\",\"target\":[\"https:\/\/www.leclanche.com\/fr\/lettre-a-nos-actionnaires-le-2-juin-2020\/\"]}]},{\"@type\":\"ImageObject\",\"inLanguage\":\"fr-FR\",\"@id\":\"https:\/\/www.leclanche.com\/fr\/lettre-a-nos-actionnaires-le-2-juin-2020\/#primaryimage\",\"url\":\"https:\/\/www.leclanche.com\/wp-content\/uploads\/2020\/06\/Organisation-chart-V3-with-unite_FRA-1024x518.png\",\"contentUrl\":\"https:\/\/www.leclanche.com\/wp-content\/uploads\/2020\/06\/Organisation-chart-V3-with-unite_FRA-1024x518.png\"},{\"@type\":\"BreadcrumbList\",\"@id\":\"https:\/\/www.leclanche.com\/fr\/lettre-a-nos-actionnaires-le-2-juin-2020\/#breadcrumb\",\"itemListElement\":[{\"@type\":\"ListItem\",\"position\":1,\"name\":\"Accueil\",\"item\":\"https:\/\/www.leclanche.com\/fr\/\"},{\"@type\":\"ListItem\",\"position\":2,\"name\":\"Lettre \u00e0 nos actionnaires \u2013 le 2 juin 2020\"}]},{\"@type\":\"WebSite\",\"@id\":\"https:\/\/www.leclanche.com\/fr\/#website\",\"url\":\"https:\/\/www.leclanche.com\/fr\/\",\"name\":\"Leclanch\u00e9\",\"description\":\"Energy Storage Solutions\",\"potentialAction\":[{\"@type\":\"SearchAction\",\"target\":{\"@type\":\"EntryPoint\",\"urlTemplate\":\"https:\/\/www.leclanche.com\/fr\/?s={search_term_string}\"},\"query-input\":{\"@type\":\"PropertyValueSpecification\",\"valueRequired\":true,\"valueName\":\"search_term_string\"}}],\"inLanguage\":\"fr-FR\"},{\"@type\":\"Person\",\"@id\":\"https:\/\/www.leclanche.com\/fr\/#\/schema\/person\/7ef725388a3f2b409a32cfa92059aa64\",\"name\":\"Annick.Bid\",\"image\":{\"@type\":\"ImageObject\",\"inLanguage\":\"fr-FR\",\"@id\":\"https:\/\/www.leclanche.com\/fr\/#\/schema\/person\/image\/\",\"url\":\"https:\/\/secure.gravatar.com\/avatar\/0fe6baaabc318280db3d0e10c43b8017aa89b961c16e819765bd4fb65396af34?s=96&d=mm&r=g\",\"contentUrl\":\"https:\/\/secure.gravatar.com\/avatar\/0fe6baaabc318280db3d0e10c43b8017aa89b961c16e819765bd4fb65396af34?s=96&d=mm&r=g\",\"caption\":\"Annick.Bid\"},\"url\":\"https:\/\/www.leclanche.com\/fr\/author\/annick-bid\/\"}]}<\/script>\n<!-- \/ Yoast SEO plugin. -->","yoast_head_json":{"title":"Lettre \u00e0 nos actionnaires \u2013 le 2 juin 2020 - Leclanch\u00e9","description":"Chers actionnaires, Nous esp\u00e9rons que vous et vos proches \u00eates en s\u00e9curit\u00e9 et en bonne sant\u00e9 en ces temps difficiles et sans pr\u00e9c\u00e9dent. L'objet de cette","robots":{"index":"index","follow":"follow","max-snippet":"max-snippet:-1","max-image-preview":"max-image-preview:large","max-video-preview":"max-video-preview:-1"},"canonical":"https:\/\/www.leclanche.com\/fr\/lettre-a-nos-actionnaires-le-2-juin-2020\/","og_locale":"fr_FR","og_type":"article","og_title":"Lettre \u00e0 nos actionnaires \u2013 le 2 juin 2020 - Leclanch\u00e9","og_description":"Chers actionnaires, Nous esp\u00e9rons que vous et vos proches \u00eates en s\u00e9curit\u00e9 et en bonne sant\u00e9 en ces temps difficiles et sans pr\u00e9c\u00e9dent. L'objet de cette","og_url":"https:\/\/www.leclanche.com\/fr\/lettre-a-nos-actionnaires-le-2-juin-2020\/","og_site_name":"Leclanch\u00e9","article_published_time":"2020-06-01T22:59:00+00:00","article_modified_time":"2021-04-21T15:12:02+00:00","og_image":[{"url":"https:\/\/www.leclanche.com\/wp-content\/uploads\/2020\/06\/Organisation-chart-V3-with-unite_FRA-1024x518.png","type":"","width":"","height":""}],"author":"Annick.Bid","twitter_card":"summary_large_image","twitter_misc":{"\u00c9crit par":"Annick.Bid","Dur\u00e9e de lecture estim\u00e9e":"17 minutes"},"schema":{"@context":"https:\/\/schema.org","@graph":[{"@type":"WebPage","@id":"https:\/\/www.leclanche.com\/fr\/lettre-a-nos-actionnaires-le-2-juin-2020\/","url":"https:\/\/www.leclanche.com\/fr\/lettre-a-nos-actionnaires-le-2-juin-2020\/","name":"Lettre \u00e0 nos actionnaires \u2013 le 2 juin 2020 - Leclanch\u00e9","isPartOf":{"@id":"https:\/\/www.leclanche.com\/fr\/#website"},"primaryImageOfPage":{"@id":"https:\/\/www.leclanche.com\/fr\/lettre-a-nos-actionnaires-le-2-juin-2020\/#primaryimage"},"image":{"@id":"https:\/\/www.leclanche.com\/fr\/lettre-a-nos-actionnaires-le-2-juin-2020\/#primaryimage"},"thumbnailUrl":"https:\/\/www.leclanche.com\/wp-content\/uploads\/2020\/06\/Organisation-chart-V3-with-unite_FRA-1024x518.png","datePublished":"2020-06-01T22:59:00+00:00","dateModified":"2021-04-21T15:12:02+00:00","author":{"@id":"https:\/\/www.leclanche.com\/fr\/#\/schema\/person\/7ef725388a3f2b409a32cfa92059aa64"},"description":"Chers actionnaires, Nous esp\u00e9rons que vous et vos proches \u00eates en s\u00e9curit\u00e9 et en bonne sant\u00e9 en ces temps difficiles et sans pr\u00e9c\u00e9dent. L'objet de cette","breadcrumb":{"@id":"https:\/\/www.leclanche.com\/fr\/lettre-a-nos-actionnaires-le-2-juin-2020\/#breadcrumb"},"inLanguage":"fr-FR","potentialAction":[{"@type":"ReadAction","target":["https:\/\/www.leclanche.com\/fr\/lettre-a-nos-actionnaires-le-2-juin-2020\/"]}]},{"@type":"ImageObject","inLanguage":"fr-FR","@id":"https:\/\/www.leclanche.com\/fr\/lettre-a-nos-actionnaires-le-2-juin-2020\/#primaryimage","url":"https:\/\/www.leclanche.com\/wp-content\/uploads\/2020\/06\/Organisation-chart-V3-with-unite_FRA-1024x518.png","contentUrl":"https:\/\/www.leclanche.com\/wp-content\/uploads\/2020\/06\/Organisation-chart-V3-with-unite_FRA-1024x518.png"},{"@type":"BreadcrumbList","@id":"https:\/\/www.leclanche.com\/fr\/lettre-a-nos-actionnaires-le-2-juin-2020\/#breadcrumb","itemListElement":[{"@type":"ListItem","position":1,"name":"Accueil","item":"https:\/\/www.leclanche.com\/fr\/"},{"@type":"ListItem","position":2,"name":"Lettre \u00e0 nos actionnaires \u2013 le 2 juin 2020"}]},{"@type":"WebSite","@id":"https:\/\/www.leclanche.com\/fr\/#website","url":"https:\/\/www.leclanche.com\/fr\/","name":"Leclanch\u00e9","description":"Energy Storage Solutions","potentialAction":[{"@type":"SearchAction","target":{"@type":"EntryPoint","urlTemplate":"https:\/\/www.leclanche.com\/fr\/?s={search_term_string}"},"query-input":{"@type":"PropertyValueSpecification","valueRequired":true,"valueName":"search_term_string"}}],"inLanguage":"fr-FR"},{"@type":"Person","@id":"https:\/\/www.leclanche.com\/fr\/#\/schema\/person\/7ef725388a3f2b409a32cfa92059aa64","name":"Annick.Bid","image":{"@type":"ImageObject","inLanguage":"fr-FR","@id":"https:\/\/www.leclanche.com\/fr\/#\/schema\/person\/image\/","url":"https:\/\/secure.gravatar.com\/avatar\/0fe6baaabc318280db3d0e10c43b8017aa89b961c16e819765bd4fb65396af34?s=96&d=mm&r=g","contentUrl":"https:\/\/secure.gravatar.com\/avatar\/0fe6baaabc318280db3d0e10c43b8017aa89b961c16e819765bd4fb65396af34?s=96&d=mm&r=g","caption":"Annick.Bid"},"url":"https:\/\/www.leclanche.com\/fr\/author\/annick-bid\/"}]}},"_links":{"self":[{"href":"https:\/\/www.leclanche.com\/fr\/wp-json\/wp\/v2\/posts\/9677","targetHints":{"allow":["GET"]}}],"collection":[{"href":"https:\/\/www.leclanche.com\/fr\/wp-json\/wp\/v2\/posts"}],"about":[{"href":"https:\/\/www.leclanche.com\/fr\/wp-json\/wp\/v2\/types\/post"}],"author":[{"embeddable":true,"href":"https:\/\/www.leclanche.com\/fr\/wp-json\/wp\/v2\/users\/2"}],"replies":[{"embeddable":true,"href":"https:\/\/www.leclanche.com\/fr\/wp-json\/wp\/v2\/comments?post=9677"}],"version-history":[{"count":0,"href":"https:\/\/www.leclanche.com\/fr\/wp-json\/wp\/v2\/posts\/9677\/revisions"}],"wp:attachment":[{"href":"https:\/\/www.leclanche.com\/fr\/wp-json\/wp\/v2\/media?parent=9677"}],"wp:term":[{"taxonomy":"category","embeddable":true,"href":"https:\/\/www.leclanche.com\/fr\/wp-json\/wp\/v2\/categories?post=9677"},{"taxonomy":"post_tag","embeddable":true,"href":"https:\/\/www.leclanche.com\/fr\/wp-json\/wp\/v2\/tags?post=9677"}],"curies":[{"name":"wp","href":"https:\/\/api.w.org\/{rel}","templated":true}]}}