{"id":9695,"date":"2019-10-24T13:39:58","date_gmt":"2019-10-24T11:39:58","guid":{"rendered":"https:\/\/www.leclanche.com\/lassemblee-generale-extraordinaire-des-actionnaires-de-leclanche-approuve-les-resolutions-visant-a-renforcer-le-bilan-de-la-societe\/"},"modified":"2021-04-29T10:48:17","modified_gmt":"2021-04-29T08:48:17","slug":"lassemblee-generale-extraordinaire-des-actionnaires-de-leclanche-approuve-les-resolutions-visant-a-renforcer-le-bilan-de-la-societe","status":"publish","type":"post","link":"https:\/\/www.leclanche.com\/fr\/lassemblee-generale-extraordinaire-des-actionnaires-de-leclanche-approuve-les-resolutions-visant-a-renforcer-le-bilan-de-la-societe\/","title":{"rendered":"L\u2019assembl\u00e9e g\u00e9n\u00e9rale extraordinaire des actionnaires de Leclanch\u00e9 approuve les r\u00e9solutions visant \u00e0 renforcer le bilan de la Soci\u00e9t\u00e9"},"content":{"rendered":"<ul>\n<li><em>Lors de l&rsquo;assembl\u00e9e g\u00e9n\u00e9rale extraordinaire, Leclanch\u00e9 a rappel\u00e9 que la Soci\u00e9t\u00e9 dispose d&rsquo;un carnet de commandes combin\u00e9 de plus de CHF 100 millions et d&rsquo;un portefeuille de projets qualifi\u00e9s pour livraison en 2020 et au-del\u00e0 de plus de CHF 160 millions.<\/em><\/li>\n<li><em>Les actionnaires ont approuv\u00e9 la r\u00e9duction de la valeur nominale par action de Leclanch\u00e9 de CHF 1,50 \u00e0 CHF 0,10, permettant \u00e0 Leclanch\u00e9 de renforcer son bilan.<\/em><\/li>\n<li><em>Les actionnaires ont approuv\u00e9 la conversion d&rsquo;une dette suppl\u00e9mentaire de CHF 17,4 millions en fonds propres par FEFAM<sup>1<\/sup>, le principal actionnaire de la Soci\u00e9t\u00e9.<\/em><\/li>\n<li><em>Les actionnaires ont approuv\u00e9 l\u2019augmentation du capital autoris\u00e9 et conditionnel pour r\u00e9pondre aux besoins de financement de l&rsquo;entreprise afin de r\u00e9aliser son plan de croissance.<\/em><\/li>\n<\/ul>\n<p><strong>YVERDON-LES-BAINS, Suisse, le 24 octobre 2019<\/strong> \u2013 Leclanch\u00e9 SA (SIX: LECN), l&rsquo;un des leaders mondiaux du stockage d&rsquo;\u00e9nergie, a annonc\u00e9 que les actionnaires de la Soci\u00e9t\u00e9 ont approuv\u00e9 les r\u00e9solutions de l&rsquo;assembl\u00e9e g\u00e9n\u00e9rale extraordinaire d&rsquo;aujourd&rsquo;hui, qui renforceront le bilan de la Soci\u00e9t\u00e9.<\/p>\n<p><strong>Stefan M\u00fcller, Pr\u00e9sident du Conseil d\u2019administration de Leclanch\u00e9, a d\u00e9clar\u00e9:<\/strong> <em>\u00ab Nous remercions nos actionnaires d&rsquo;avoir approuv\u00e9 les r\u00e9solutions qui contribueront \u00e0 renforcer le bilan de la Soci\u00e9t\u00e9. Nous continuons d&rsquo;\u00eatre tr\u00e8s reconnaissants envers FEFAM pour son soutien continu \u00e0 notre vision et \u00e0 notre strat\u00e9gie. La soci\u00e9t\u00e9 est maintenant en bonne position pour attirer de nouveaux capitaux. \u00bb<\/em><\/p>\n<p>La tr\u00e9sorerie restant serr\u00e9e, la direction se concentre sur la r\u00e9duction de la dette de la Soci\u00e9t\u00e9 qui, pour 2019, d\u00e9pendra de l&rsquo;encaissement de CHF 34 millions provenant respectivement des revenus de licence aupr\u00e8s de la joint-venture en Inde, des cr\u00e9ances commerciales et du financement du projet stationnaire \u00e0 Saint-Christophe-et-Ni\u00e9v\u00e8s.<\/p>\n<p><strong>Anil Srivastava, CEO de Leclanch\u00e9, a d\u00e9clar\u00e9:<\/strong> <em>\u00ab Notre r\u00e9cent succ\u00e8s dans le domaine du transport \u00e9lectrique, y compris l&rsquo;important contrat annonc\u00e9 avec Bombardier Transport, nous permet de g\u00e9n\u00e9rer des revenus r\u00e9currents et pr\u00e9visibles qui m\u00e8neront \u00e0 une croissance durable et rentable. \u00bb<\/em><\/p>\n<p><sup>1<\/sup> FEFAM signifie : AM INVESTMENT SCA, SICAV-SIF \u2013 Sub-Fund Illiquid Assets, ainsi que FINEXIS EQUITY FUND &#8211; Renewable Energy Compartiment, FINEXIS EQUITY FUND &#8211; Multi Asset Strategy Compartiment, FINEXIS EQUITY FUND &#8211; E Money Strategies (\u00e9galement appel\u00e9 Energy Storage Invest) et, tous ces fonds \u00e9tant globalement le principal actionnaire de Leclanch\u00e9, ci-apr\u00e8s d\u00e9nomm\u00e9s \u00ab\u00a0FEFAM\u00a0\u00bb.<\/p>\n<p>&nbsp;<\/p>\n<div class=\"post-down-btn-container\">\n<p><strong>A propos de Leclanch\u00e9 <\/strong><\/p>\n<p>Leclanch\u00e9 SA, dont le si\u00e8ge social se trouve en Suisse, est l&rsquo;un des principaux fournisseurs de solutions de stockage d&rsquo;\u00e9nergie de haute qualit\u00e9 con\u00e7ues pour acc\u00e9l\u00e9rer nos progr\u00e8s vers un avenir \u00e9nerg\u00e9tique propre. L&rsquo;histoire et l&rsquo;h\u00e9ritage de Leclanch\u00e9 s&rsquo;enracinent dans plus de 100 ans d&rsquo;innovation en mati\u00e8re de batteries et de stockage d&rsquo;\u00e9nergie et la soci\u00e9t\u00e9 est un fournisseur de confiance de solutions de stockage d&rsquo;\u00e9nergie dans le monde entier. Ceci, combin\u00e9 \u00e0 la culture de l\u2019Entreprise en mati\u00e8re d&rsquo;ing\u00e9nierie allemande, de pr\u00e9cision et de qualit\u00e9 suisse, fait de Leclanch\u00e9 le partenaire de choix des innovateurs, des entreprises \u00e9tablies et des gouvernements qui sont \u00e0 l&rsquo;avant-garde des changements positifs dans la fa\u00e7on dont l&rsquo;\u00e9nergie est produite, distribu\u00e9e et consomm\u00e9e \u00e0 travers le monde. La transition \u00e9nerg\u00e9tique est principalement tir\u00e9e par les changements dans la gestion de nos r\u00e9seaux \u00e9lectriques et l&rsquo;\u00e9lectrification des transports, et ces deux march\u00e9s finaux constituent l&rsquo;\u00e9pine dorsale de notre strat\u00e9gie et de notre mod\u00e8le \u00e9conomique. Leclanch\u00e9 est au c\u0153ur de la convergence de l&rsquo;\u00e9lectrification des transports et de l&rsquo;\u00e9volution du r\u00e9seau de distribution. Leclanch\u00e9 est la seule entreprise de stockage d&rsquo;\u00e9nergie pure play cot\u00e9e au monde, organis\u00e9e en trois business units: solutions de stockage stationnaires, solutions e-Transport et syst\u00e8mes de batteries sp\u00e9cialis\u00e9es. Leclanch\u00e9 est cot\u00e9e \u00e0 la Bourse suisse (SIX : LECN).<\/p>\n<p>SIX Swiss Exchange: ticker symbol LECN | ISIN CH 011 030 311 9<\/p>\n<p><strong>Clause de non responsabilit\u00e9<\/strong><\/p>\n<p>Le pr\u00e9sent communiqu\u00e9 de presse contient certaines d\u00e9clarations prospectives relatives aux activit\u00e9s de Leclanch\u00e9, qui peuvent \u00eatre identifi\u00e9es par des termes tels que \u00ab strat\u00e9gique \u00bb, \u00ab propose \u00bb, \u00ab introduire \u00bb, \u00ab\u00a0sera\u00a0\u00bb, \u00ab\u00a0planifi\u00e9\u00a0\u00bb, \u00ab\u00a0pr\u00e9vu\u00a0\u00bb, \u00ab\u00a0attendu\u00a0\u00bb, \u00ab\u00a0engagement\u00a0\u00bb, \u00ab\u00a0attend\u00a0\u00bb, \u00ab\u00a0pr\u00e9voit\u00a0\u00bb, \u00ab\u00a0\u00e9tabli\u00a0\u00bb, \u00ab\u00a0pr\u00e9pare\u00a0\u00bb, \u00ab\u00a0plans\u00a0\u00bb, \u00ab\u00a0estimations\u00a0\u00bb, \u00ab\u00a0objectifs\u00a0\u00bb, \u00ab\u00a0serait\u00a0\u00bb, \u00ab\u00a0potentiel\u00a0\u00bb, \u00ab\u00a0attente\u00a0\u00bb, \u00ab\u00a0estimation\u00a0\u00bb, \u00ab\u00a0proposition\u00a0\u00bb ou expressions similaires, ou par des discussions explicites ou implicites concernant la mont\u00e9e en puissance de la capacit\u00e9 de production de Leclanch\u00e9, les applications potentielles des produits existants, ou les revenus futurs potentiels de ces produits, ou les ventes ou b\u00e9n\u00e9fices futurs potentiels de Leclanch\u00e9 ou d&rsquo;une de ses unit\u00e9s commerciales. Vous ne devez pas vous fier ind\u00fbment \u00e0 ces d\u00e9clarations. Ces \u00e9nonc\u00e9s prospectifs refl\u00e8tent les opinions actuelles de Leclanch\u00e9 \u00e0 l&rsquo;\u00e9gard d&rsquo;\u00e9v\u00e9nements futurs et comportent des risques connus et inconnus, des incertitudes et d&rsquo;autres facteurs qui pourraient faire en sorte que les r\u00e9sultats r\u00e9els diff\u00e8rent sensiblement des r\u00e9sultats, performances ou r\u00e9alisations futurs exprim\u00e9s ou sous-entendus dans ces \u00e9nonc\u00e9s. Il n&rsquo;y a aucune garantie que les produits de Leclanch\u00e9 atteindront des niveaux de revenus particuliers. Rien ne garantit non plus que Leclanch\u00e9, ou l&rsquo;une quelconque de ses unit\u00e9s d&rsquo;affaires, obtiendra des r\u00e9sultats financiers particuliers.<\/p>\n<p><strong>Contacts<\/strong><\/p>\n<p><strong>M\u00e9dias Suisse<\/strong><strong> \/ Europe :<\/strong><\/p>\n<p>Thierry Meyer<\/p>\n<p>T : +41 (0) 79\u00a0785 35 81<\/p>\n<p>E-mail : <a href=\"mailto:tme@dynamicsgoup.ch\">tme@dynamicsgroup.ch<\/a><\/p>\n<\/div>\n<p>&nbsp;<\/p>\n<p><strong>M\u00e9dias Am\u00e9rique du Nord :<\/strong><\/p>\n<p>Henry Feintuch \/ Ashley Blas<\/p>\n<p>T : +1-914-548-6924 \/ +1-509-494-4053<\/p>\n<p>E-mail : <a href=\"mailto:leclanche@feintuchpr.com\">leclanche@feintuchpr.com<\/a><\/p>\n<p>&nbsp;<\/p>\n<p><strong>M\u00e9dias Allemagne :<\/strong><\/p>\n<p>Christoph Miller<\/p>\n<p>T : +49 (0) 711 947 670<\/p>\n<p>E-mail : <a href=\"mailto:leclanche@sympra.de\">leclanche@sympra.de<\/a><\/p>\n<p>&nbsp;<\/p>\n<p><strong>Contacts investisseurs :<\/strong><\/p>\n<p>Anil Srivastava \/ Hubert Angleys<\/p>\n<p>T : +41 (0) 24 424 65 00<\/p>\n<p>E-mail : <a href=\"mailto:invest.leclanche@leclanche.com\">invest.leclanche@leclanche.com<\/a><\/p>\n","protected":false},"excerpt":{"rendered":"<p>Lors de l&rsquo;assembl\u00e9e g\u00e9n\u00e9rale extraordinaire, Leclanch\u00e9 a rappel\u00e9 que la Soci\u00e9t\u00e9 dispose d&rsquo;un carnet de commandes combin\u00e9 de plus de CHF 100 millions et d&rsquo;un portefeuille de projets qualifi\u00e9s pour livraison en 2020 et au-del\u00e0 de plus de CHF 160 millions. Les actionnaires ont approuv\u00e9 la r\u00e9duction de la valeur nominale par action de Leclanch\u00e9 [&hellip;]<\/p>\n","protected":false},"author":1,"featured_media":0,"comment_status":"open","ping_status":"open","sticky":false,"template":"","format":"standard","meta":{"footnotes":""},"categories":[108,46],"tags":[],"class_list":["post-9695","post","type-post","status-publish","format-standard","hentry","category-autres-communiques-de-presse","category-communiques-de-presse-fr"],"yoast_head":"<!-- This site is optimized with the Yoast SEO plugin v26.4 - https:\/\/yoast.com\/wordpress\/plugins\/seo\/ -->\n<title>L\u2019assembl\u00e9e g\u00e9n\u00e9rale extraordinaire des actionnaires de Leclanch\u00e9 approuve les r\u00e9solutions visant \u00e0 renforcer le bilan de la Soci\u00e9t\u00e9 - Leclanch\u00e9<\/title>\n<meta name=\"description\" content=\"Lors de l&#039;assembl\u00e9e g\u00e9n\u00e9rale extraordinaire, Leclanch\u00e9 a rappel\u00e9 que la Soci\u00e9t\u00e9 dispose d&#039;un carnet de commandes combin\u00e9 de plus de CHF 100 millions et\" \/>\n<meta name=\"robots\" content=\"index, follow, max-snippet:-1, max-image-preview:large, max-video-preview:-1\" \/>\n<link rel=\"canonical\" href=\"https:\/\/www.leclanche.com\/fr\/lassemblee-generale-extraordinaire-des-actionnaires-de-leclanche-approuve-les-resolutions-visant-a-renforcer-le-bilan-de-la-societe\/\" \/>\n<meta property=\"og:locale\" content=\"fr_FR\" \/>\n<meta property=\"og:type\" content=\"article\" \/>\n<meta property=\"og:title\" content=\"L\u2019assembl\u00e9e g\u00e9n\u00e9rale extraordinaire des actionnaires de Leclanch\u00e9 approuve les r\u00e9solutions visant \u00e0 renforcer le bilan de la Soci\u00e9t\u00e9 - Leclanch\u00e9\" \/>\n<meta property=\"og:description\" content=\"Lors de l&#039;assembl\u00e9e g\u00e9n\u00e9rale extraordinaire, Leclanch\u00e9 a rappel\u00e9 que la Soci\u00e9t\u00e9 dispose d&#039;un carnet de commandes combin\u00e9 de plus de CHF 100 millions et\" \/>\n<meta property=\"og:url\" content=\"https:\/\/www.leclanche.com\/fr\/lassemblee-generale-extraordinaire-des-actionnaires-de-leclanche-approuve-les-resolutions-visant-a-renforcer-le-bilan-de-la-societe\/\" \/>\n<meta property=\"og:site_name\" content=\"Leclanch\u00e9\" \/>\n<meta property=\"article:published_time\" content=\"2019-10-24T11:39:58+00:00\" \/>\n<meta property=\"article:modified_time\" content=\"2021-04-29T08:48:17+00:00\" \/>\n<meta name=\"author\" content=\"wavemind\" \/>\n<meta name=\"twitter:card\" content=\"summary_large_image\" \/>\n<meta name=\"twitter:label1\" content=\"\u00c9crit par\" \/>\n\t<meta name=\"twitter:data1\" content=\"wavemind\" \/>\n\t<meta name=\"twitter:label2\" content=\"Dur\u00e9e de lecture estim\u00e9e\" \/>\n\t<meta name=\"twitter:data2\" content=\"5 minutes\" \/>\n<script type=\"application\/ld+json\" class=\"yoast-schema-graph\">{\"@context\":\"https:\/\/schema.org\",\"@graph\":[{\"@type\":\"WebPage\",\"@id\":\"https:\/\/www.leclanche.com\/fr\/lassemblee-generale-extraordinaire-des-actionnaires-de-leclanche-approuve-les-resolutions-visant-a-renforcer-le-bilan-de-la-societe\/\",\"url\":\"https:\/\/www.leclanche.com\/fr\/lassemblee-generale-extraordinaire-des-actionnaires-de-leclanche-approuve-les-resolutions-visant-a-renforcer-le-bilan-de-la-societe\/\",\"name\":\"L\u2019assembl\u00e9e g\u00e9n\u00e9rale extraordinaire des actionnaires de Leclanch\u00e9 approuve les r\u00e9solutions visant \u00e0 renforcer le bilan de la Soci\u00e9t\u00e9 - Leclanch\u00e9\",\"isPartOf\":{\"@id\":\"https:\/\/www.leclanche.com\/fr\/#website\"},\"datePublished\":\"2019-10-24T11:39:58+00:00\",\"dateModified\":\"2021-04-29T08:48:17+00:00\",\"author\":{\"@id\":\"https:\/\/www.leclanche.com\/fr\/#\/schema\/person\/167e0a19484be6cd0f6ef0e2ddf44203\"},\"description\":\"Lors de l'assembl\u00e9e g\u00e9n\u00e9rale extraordinaire, Leclanch\u00e9 a rappel\u00e9 que la Soci\u00e9t\u00e9 dispose d'un carnet de commandes combin\u00e9 de plus de CHF 100 millions et\",\"breadcrumb\":{\"@id\":\"https:\/\/www.leclanche.com\/fr\/lassemblee-generale-extraordinaire-des-actionnaires-de-leclanche-approuve-les-resolutions-visant-a-renforcer-le-bilan-de-la-societe\/#breadcrumb\"},\"inLanguage\":\"fr-FR\",\"potentialAction\":[{\"@type\":\"ReadAction\",\"target\":[\"https:\/\/www.leclanche.com\/fr\/lassemblee-generale-extraordinaire-des-actionnaires-de-leclanche-approuve-les-resolutions-visant-a-renforcer-le-bilan-de-la-societe\/\"]}]},{\"@type\":\"BreadcrumbList\",\"@id\":\"https:\/\/www.leclanche.com\/fr\/lassemblee-generale-extraordinaire-des-actionnaires-de-leclanche-approuve-les-resolutions-visant-a-renforcer-le-bilan-de-la-societe\/#breadcrumb\",\"itemListElement\":[{\"@type\":\"ListItem\",\"position\":1,\"name\":\"Accueil\",\"item\":\"https:\/\/www.leclanche.com\/fr\/\"},{\"@type\":\"ListItem\",\"position\":2,\"name\":\"L\u2019assembl\u00e9e g\u00e9n\u00e9rale extraordinaire des actionnaires de Leclanch\u00e9 approuve les r\u00e9solutions visant \u00e0 renforcer le bilan de la Soci\u00e9t\u00e9\"}]},{\"@type\":\"WebSite\",\"@id\":\"https:\/\/www.leclanche.com\/fr\/#website\",\"url\":\"https:\/\/www.leclanche.com\/fr\/\",\"name\":\"Leclanch\u00e9\",\"description\":\"Energy Storage Solutions\",\"potentialAction\":[{\"@type\":\"SearchAction\",\"target\":{\"@type\":\"EntryPoint\",\"urlTemplate\":\"https:\/\/www.leclanche.com\/fr\/?s={search_term_string}\"},\"query-input\":{\"@type\":\"PropertyValueSpecification\",\"valueRequired\":true,\"valueName\":\"search_term_string\"}}],\"inLanguage\":\"fr-FR\"},{\"@type\":\"Person\",\"@id\":\"https:\/\/www.leclanche.com\/fr\/#\/schema\/person\/167e0a19484be6cd0f6ef0e2ddf44203\",\"name\":\"wavemind\",\"image\":{\"@type\":\"ImageObject\",\"inLanguage\":\"fr-FR\",\"@id\":\"https:\/\/www.leclanche.com\/fr\/#\/schema\/person\/image\/\",\"url\":\"https:\/\/secure.gravatar.com\/avatar\/37d64a5301717e5c14c6c8f122c36a0d05409469ecccfad71c65502f189da403?s=96&d=mm&r=g\",\"contentUrl\":\"https:\/\/secure.gravatar.com\/avatar\/37d64a5301717e5c14c6c8f122c36a0d05409469ecccfad71c65502f189da403?s=96&d=mm&r=g\",\"caption\":\"wavemind\"},\"url\":\"https:\/\/www.leclanche.com\/fr\/author\/wavemind\/\"}]}<\/script>\n<!-- \/ Yoast SEO plugin. -->","yoast_head_json":{"title":"L\u2019assembl\u00e9e g\u00e9n\u00e9rale extraordinaire des actionnaires de Leclanch\u00e9 approuve les r\u00e9solutions visant \u00e0 renforcer le bilan de la Soci\u00e9t\u00e9 - Leclanch\u00e9","description":"Lors de l'assembl\u00e9e g\u00e9n\u00e9rale extraordinaire, Leclanch\u00e9 a rappel\u00e9 que la Soci\u00e9t\u00e9 dispose d'un carnet de commandes combin\u00e9 de plus de CHF 100 millions et","robots":{"index":"index","follow":"follow","max-snippet":"max-snippet:-1","max-image-preview":"max-image-preview:large","max-video-preview":"max-video-preview:-1"},"canonical":"https:\/\/www.leclanche.com\/fr\/lassemblee-generale-extraordinaire-des-actionnaires-de-leclanche-approuve-les-resolutions-visant-a-renforcer-le-bilan-de-la-societe\/","og_locale":"fr_FR","og_type":"article","og_title":"L\u2019assembl\u00e9e g\u00e9n\u00e9rale extraordinaire des actionnaires de Leclanch\u00e9 approuve les r\u00e9solutions visant \u00e0 renforcer le bilan de la Soci\u00e9t\u00e9 - Leclanch\u00e9","og_description":"Lors de l'assembl\u00e9e g\u00e9n\u00e9rale extraordinaire, Leclanch\u00e9 a rappel\u00e9 que la Soci\u00e9t\u00e9 dispose d'un carnet de commandes combin\u00e9 de plus de CHF 100 millions et","og_url":"https:\/\/www.leclanche.com\/fr\/lassemblee-generale-extraordinaire-des-actionnaires-de-leclanche-approuve-les-resolutions-visant-a-renforcer-le-bilan-de-la-societe\/","og_site_name":"Leclanch\u00e9","article_published_time":"2019-10-24T11:39:58+00:00","article_modified_time":"2021-04-29T08:48:17+00:00","author":"wavemind","twitter_card":"summary_large_image","twitter_misc":{"\u00c9crit par":"wavemind","Dur\u00e9e de lecture estim\u00e9e":"5 minutes"},"schema":{"@context":"https:\/\/schema.org","@graph":[{"@type":"WebPage","@id":"https:\/\/www.leclanche.com\/fr\/lassemblee-generale-extraordinaire-des-actionnaires-de-leclanche-approuve-les-resolutions-visant-a-renforcer-le-bilan-de-la-societe\/","url":"https:\/\/www.leclanche.com\/fr\/lassemblee-generale-extraordinaire-des-actionnaires-de-leclanche-approuve-les-resolutions-visant-a-renforcer-le-bilan-de-la-societe\/","name":"L\u2019assembl\u00e9e g\u00e9n\u00e9rale extraordinaire des actionnaires de Leclanch\u00e9 approuve les r\u00e9solutions visant \u00e0 renforcer le bilan de la Soci\u00e9t\u00e9 - Leclanch\u00e9","isPartOf":{"@id":"https:\/\/www.leclanche.com\/fr\/#website"},"datePublished":"2019-10-24T11:39:58+00:00","dateModified":"2021-04-29T08:48:17+00:00","author":{"@id":"https:\/\/www.leclanche.com\/fr\/#\/schema\/person\/167e0a19484be6cd0f6ef0e2ddf44203"},"description":"Lors de l'assembl\u00e9e g\u00e9n\u00e9rale extraordinaire, Leclanch\u00e9 a rappel\u00e9 que la Soci\u00e9t\u00e9 dispose d'un carnet de commandes combin\u00e9 de plus de CHF 100 millions et","breadcrumb":{"@id":"https:\/\/www.leclanche.com\/fr\/lassemblee-generale-extraordinaire-des-actionnaires-de-leclanche-approuve-les-resolutions-visant-a-renforcer-le-bilan-de-la-societe\/#breadcrumb"},"inLanguage":"fr-FR","potentialAction":[{"@type":"ReadAction","target":["https:\/\/www.leclanche.com\/fr\/lassemblee-generale-extraordinaire-des-actionnaires-de-leclanche-approuve-les-resolutions-visant-a-renforcer-le-bilan-de-la-societe\/"]}]},{"@type":"BreadcrumbList","@id":"https:\/\/www.leclanche.com\/fr\/lassemblee-generale-extraordinaire-des-actionnaires-de-leclanche-approuve-les-resolutions-visant-a-renforcer-le-bilan-de-la-societe\/#breadcrumb","itemListElement":[{"@type":"ListItem","position":1,"name":"Accueil","item":"https:\/\/www.leclanche.com\/fr\/"},{"@type":"ListItem","position":2,"name":"L\u2019assembl\u00e9e g\u00e9n\u00e9rale extraordinaire des actionnaires de Leclanch\u00e9 approuve les r\u00e9solutions visant \u00e0 renforcer le bilan de la Soci\u00e9t\u00e9"}]},{"@type":"WebSite","@id":"https:\/\/www.leclanche.com\/fr\/#website","url":"https:\/\/www.leclanche.com\/fr\/","name":"Leclanch\u00e9","description":"Energy Storage Solutions","potentialAction":[{"@type":"SearchAction","target":{"@type":"EntryPoint","urlTemplate":"https:\/\/www.leclanche.com\/fr\/?s={search_term_string}"},"query-input":{"@type":"PropertyValueSpecification","valueRequired":true,"valueName":"search_term_string"}}],"inLanguage":"fr-FR"},{"@type":"Person","@id":"https:\/\/www.leclanche.com\/fr\/#\/schema\/person\/167e0a19484be6cd0f6ef0e2ddf44203","name":"wavemind","image":{"@type":"ImageObject","inLanguage":"fr-FR","@id":"https:\/\/www.leclanche.com\/fr\/#\/schema\/person\/image\/","url":"https:\/\/secure.gravatar.com\/avatar\/37d64a5301717e5c14c6c8f122c36a0d05409469ecccfad71c65502f189da403?s=96&d=mm&r=g","contentUrl":"https:\/\/secure.gravatar.com\/avatar\/37d64a5301717e5c14c6c8f122c36a0d05409469ecccfad71c65502f189da403?s=96&d=mm&r=g","caption":"wavemind"},"url":"https:\/\/www.leclanche.com\/fr\/author\/wavemind\/"}]}},"_links":{"self":[{"href":"https:\/\/www.leclanche.com\/fr\/wp-json\/wp\/v2\/posts\/9695","targetHints":{"allow":["GET"]}}],"collection":[{"href":"https:\/\/www.leclanche.com\/fr\/wp-json\/wp\/v2\/posts"}],"about":[{"href":"https:\/\/www.leclanche.com\/fr\/wp-json\/wp\/v2\/types\/post"}],"author":[{"embeddable":true,"href":"https:\/\/www.leclanche.com\/fr\/wp-json\/wp\/v2\/users\/1"}],"replies":[{"embeddable":true,"href":"https:\/\/www.leclanche.com\/fr\/wp-json\/wp\/v2\/comments?post=9695"}],"version-history":[{"count":3,"href":"https:\/\/www.leclanche.com\/fr\/wp-json\/wp\/v2\/posts\/9695\/revisions"}],"predecessor-version":[{"id":9833,"href":"https:\/\/www.leclanche.com\/fr\/wp-json\/wp\/v2\/posts\/9695\/revisions\/9833"}],"wp:attachment":[{"href":"https:\/\/www.leclanche.com\/fr\/wp-json\/wp\/v2\/media?parent=9695"}],"wp:term":[{"taxonomy":"category","embeddable":true,"href":"https:\/\/www.leclanche.com\/fr\/wp-json\/wp\/v2\/categories?post=9695"},{"taxonomy":"post_tag","embeddable":true,"href":"https:\/\/www.leclanche.com\/fr\/wp-json\/wp\/v2\/tags?post=9695"}],"curies":[{"name":"wp","href":"https:\/\/api.w.org\/{rel}","templated":true}]}}