{"id":9701,"date":"2019-10-03T11:17:25","date_gmt":"2019-10-03T09:17:25","guid":{"rendered":"https:\/\/www.leclanche.com\/leclanche-annonce-son-invitation-a-la-prochaine-assemblee-generale-extraordinaire-des-actionnaires-qui-se-tiendra-le-24-octobre-2019-a-yverdon-les-bains\/"},"modified":"2021-04-29T10:44:51","modified_gmt":"2021-04-29T08:44:51","slug":"leclanche-annonce-son-invitation-a-la-prochaine-assemblee-generale-extraordinaire-des-actionnaires-qui-se-tiendra-le-24-octobre-2019-a-yverdon-les-bains","status":"publish","type":"post","link":"https:\/\/www.leclanche.com\/fr\/leclanche-annonce-son-invitation-a-la-prochaine-assemblee-generale-extraordinaire-des-actionnaires-qui-se-tiendra-le-24-octobre-2019-a-yverdon-les-bains\/","title":{"rendered":"Leclanch\u00e9 annonce : Son invitation \u00e0 la prochaine Assembl\u00e9e G\u00e9n\u00e9rale Extraordinaire des Actionnaires qui se tiendra le 24 octobre 2019 \u00e0 Yverdon-les-Bains"},"content":{"rendered":"<p><strong>Yverdon-les-Bains, Suisse, le 3 octobre 2019<\/strong> &#8211; Leclanch\u00e9 SA (SIX Swiss Exchange : LECN), l&rsquo;un des leaders mondiaux des solutions de stockage d&rsquo;\u00e9nergie, publie aujourd&rsquo;hui la convocation \u00e0 une Assembl\u00e9e G\u00e9n\u00e9rale Extraordinaire (AGE) des actionnaires, qui se tiendra le 24 octobre 2019 \u00e0 9h00 (ouverture des portes \u00e0 8h30) au <strong>Grand H\u00f4tel &amp; Centre Thermal,<\/strong> Avenue des Bains 22, 1400 Yverdon-les-Bains, Suisse.<\/p>\n<p>L&rsquo;AGE fait suite \u00e0 l&rsquo;annonce des r\u00e9sultats semestriels de la semaine derni\u00e8re qui a confirm\u00e9 que le carnet de commandes de Leclanch\u00e9 d\u00e9passe d\u00e9sormais CHF 100 millions et que la Soci\u00e9t\u00e9 continue \u00e0 restructurer son bilan. Dans le cadre de cette restructuration, notre principal actionnaire FEFAM<sup>1<\/sup>, s&rsquo;est engag\u00e9e \u00e0 convertir en fonds propres CHF 17,4 millions de sa dette, sous r\u00e9serve de l&rsquo;approbation par la majorit\u00e9 des actionnaires \u00e0 l&rsquo;AGE.<\/p>\n<p>En outre, les actionnaires seront invit\u00e9s \u00e0 voter en faveur de la r\u00e9duction de la valeur nominale de l&rsquo;action Leclanch\u00e9 \u00e0 l&rsquo;AGE, ce qui permettra \u00e0 Leclanch\u00e9 d\u2019am\u00e9liorer encore la structure de son bilan. Nous solliciterons \u00e9galement l&rsquo;appui des actionnaires pour la cr\u00e9ation de nouvelles actions afin de r\u00e9pondre aux besoins en capital \u00e0 venir de la Soci\u00e9t\u00e9.<\/p>\n<p><strong>Anil Srivastava, CEO de Leclanch\u00e9, a d\u00e9clar\u00e9 :<\/strong><em> \u00ab Nous sommes tr\u00e8s reconnaissants \u00e0 FEFAM pour tout le soutien qu\u2019il apporte \u00e0 la Soci\u00e9t\u00e9. L&rsquo;accord de conversion de 17,4 millions de francs de la dette de Leclanch\u00e9 permettra de r\u00e9duire l&rsquo;endettement de Leclanch\u00e9 du m\u00eame montant. Apr\u00e8s la r\u00e9organisation strat\u00e9gique des unit\u00e9s d&rsquo;affaires annonc\u00e9e le 26 septembre 2019, la Soci\u00e9t\u00e9 sera ainsi en mesure d&rsquo;attirer de nouveaux investisseurs, surtout apr\u00e8s tous les d\u00e9veloppements commerciaux positifs que nous avons partag\u00e9s avec le march\u00e9 au cours des derni\u00e8res semaines. \u00bb<\/em><\/p>\n<p>Les actionnaires sont invit\u00e9s \u00e0 assister \u00e0 l&rsquo;assembl\u00e9e g\u00e9n\u00e9rale extraordinaire des actionnaires de LECLANCH\u00c9 S.A. (la<strong> \u00ab\u00a0Soci\u00e9t\u00e9\u00a0\u00bb<\/strong>) <strong>le 24 octobre 2019 \u00e0 9h00<\/strong> (ouverture des portes \u00e0 8h30), au Grand H\u00f4tel &amp; Centre Thermal, Avenue des Bains 22, 1400 Yverdon-les-Bains, Suisse.<\/p>\n<p><strong>I. AGENDA<\/strong><\/p>\n<ol>\n<li>Mesures de restructuration financi\u00e8re<\/li>\n<li>Modification partielle des statuts \/ Cr\u00e9ation de capital-actions autoris\u00e9 (Art. 3quater)<\/li>\n<li>Modification partielle des statuts \/ Cr\u00e9ation de capital-actions conditionnel (Art. 3quinquies)<\/li>\n<\/ol>\n<p><strong>II. DOCUMENTATION<\/strong><\/p>\n<p><strong>III. PARTICIPATION ET DROITS DE VOTE<\/strong><\/p>\n<p><strong>IV. REPRESENTATION<\/strong><\/p>\n<p><strong>V. LANGUE<\/strong><\/p>\n<h2>I. AGENDA<\/h2>\n<p>Expos\u00e9 introductif du pr\u00e9sident du Conseil d\u2019Administration.<\/p>\n<h3>1. Mesures de restructuration financi\u00e8re<\/h3>\n<h3>1.1 R\u00e9sum\u00e9 de la restructuration financi\u00e8re et des mesures propos\u00e9es<\/h3>\n<p>La Soci\u00e9t\u00e9 \u00e9tant au 30 juin 2019 et \u00e9tant toujours en situation de perte de capital (Kapitalverlust ; capital loss situation) selon l&rsquo;art. 725 par. 1 Code suisse des obligations (\u00ab\u00a0CO\u00a0\u00bb), le Conseil d&rsquo;Administration propose de nouvelles mesures de restructuration financi\u00e8re. Le Conseil d&rsquo;Administration a \u00e9valu\u00e9 diff\u00e9rentes options et a \u00e9labor\u00e9 une proposition de restructuration financi\u00e8re pour am\u00e9liorer la situation financi\u00e8re de la Soci\u00e9t\u00e9. Cette proposition comprend :<\/p>\n<ol>\n<li>Une r\u00e9duction du capital social de la Soci\u00e9t\u00e9 par r\u00e9duction de la valeur nominale de l\u2019action ; et<\/li>\n<li>La conversion d&rsquo;une dette existante d&rsquo;un montant n&rsquo;exc\u00e9dant pas CHF 17&rsquo;400&rsquo;000,00 en fonds propres par une augmentation de capital ordinaire (ensemble, le \u00ab <strong>Plan de Restructuration \u00bb<\/strong>).<\/li>\n<\/ol>\n<p>Le Conseil d\u2019Administration est d&rsquo;avis que, compte tenu des Statuts de la Soci\u00e9t\u00e9, ces mesures sont n\u00e9cessaires pour rem\u00e9dier \u00e0 la situation de perte de capital selon l&rsquo;art. 725 al. 1 CO, afin de renforcer le bilan et d&rsquo;am\u00e9liorer la capacit\u00e9 de la Soci\u00e9t\u00e9 \u00e0 mobiliser des capitaux et \u00e0 obtenir de nouveaux financements.<\/p>\n<p>Le Conseil d\u2019Administration note que ces mesures r\u00e9solvent la situation de sous-capitalisation de la Soci\u00e9t\u00e9, mais ne fourniront pas directement le financement ou les capitaux suppl\u00e9mentaires n\u00e9cessaires au soutien de son plan de croissance.<\/p>\n<p>Les mesures de restructuration s&rsquo;inscrivent dans le contexte suivant :<\/p>\n<p>Afin de financer les op\u00e9rations et les investissements de la Soci\u00e9t\u00e9, plusieurs conventions de financement (les \u00ab <strong>Conventions de Financement<\/strong> \u00bb) ont \u00e9t\u00e9 conclues au cours des derni\u00e8res<\/p>\n<p>ann\u00e9es avec Finexis Equity Fund SCA (\u00ab <strong>FEF<\/strong> \u00bb) et certains de ses sous-fonds et soci\u00e9t\u00e9s affili\u00e9es (ensemble, \u00ab <strong>FEFAM<\/strong> \u00bb). Selon les conventions de financement, dont la plupart sont des emprunts convertibles ou comportant des clauses de conversion, la Soci\u00e9t\u00e9 est actuellement endett\u00e9e envers FEFAM pour un montant total d&rsquo;environ CHF 34,9 millions (la \u00ab <strong>Dette FEFAM<\/strong> \u00bb).<\/p>\n<p>Au cours des derni\u00e8res ann\u00e9es, la Soci\u00e9t\u00e9 a \u00e9galement mis en \u0153uvre diff\u00e9rentes mesures de financement et de restructuration financi\u00e8re afin d&rsquo;am\u00e9liorer sa situation financi\u00e8re et sa situation de tr\u00e9sorerie, y compris une conversion de la dette de FEFAM d&rsquo;un montant de CHF 54&rsquo;691&rsquo;996,50 en fonds propres en d\u00e9cembre 2018 et une conversion de FEFAM d\u2019un montant de CHF 35&rsquo;961&rsquo;917,35 en fonds propres en mai 2019. Toutefois, la Soci\u00e9t\u00e9 est toujours en situation de sous-capitalisation au sens de l&rsquo;art. 725 al. 1 CO pour un montant d&rsquo;environ CHF 94,20 millions (situation au 30 septembre 2019). Les pertes cumul\u00e9es de la Soci\u00e9t\u00e9 au 30 septembre 2019 s&rsquo;\u00e9l\u00e8vent \u00e0 environ CHF 199,81 millions. Compte tenu du fait que la Soci\u00e9t\u00e9 g\u00e9n\u00e8re encore des pertes, elle devrait retomber dans une situation de perte de capital dans un avenir proche, si aucune mesure n&rsquo;est prise.<\/p>\n<p>Afin de rem\u00e9dier \u00e0 cette situation, le Conseil d&rsquo;administration propose de rem\u00e9dier au bilan d\u00e9ficitaire (Unterbilanz \/ negative equity accrued of losses) de la Soci\u00e9t\u00e9 en r\u00e9duisant son capital-actions d&rsquo;un montant n&rsquo;exc\u00e9dant pas le montant des pertes cumul\u00e9es au 30 septembre 2019, en effectuant une r\u00e9duction de la valeur nominale de chaque action de CHF 1,50 \u00e0 CHF 0,10 (la \u00ab <strong>R\u00e9duction du Capital<\/strong> \u00bb). FEFAM a accept\u00e9 de voter en faveur de la R\u00e9duction de Capital.<\/p>\n<p>Outre la R\u00e9duction de Capital, le Conseil d&rsquo;Administration propose de proc\u00e9der simultan\u00e9ment \u00e0 une augmentation du capital-actions de la Soci\u00e9t\u00e9 (l\u2019\u00ab <strong>Augmentation de Capital<\/strong> \u00bb). FEFAM a donn\u00e9 son accord de principe \u00e0 la conversion d&rsquo;une partie de sa dette pour un montant maximum de CHF 17&rsquo;400&rsquo;000,00<sup>2<\/sup> (la \u00ab <strong>Dette<\/strong> \u00bb) \u00e0 85% du prix moyen pond\u00e9r\u00e9 en volume (PMPV) calcul\u00e9 sur les 60 jours pr\u00e9c\u00e9dant le 10<sup>\u00e8me<\/sup> jour ouvr\u00e9 (soit le 10 octobre 2019 ; la \u00ab <strong>Date Butoir<\/strong> \u00bb) avant l&rsquo;assembl\u00e9e g\u00e9n\u00e9rale extraordinaire 2019 (le \u00ab <strong>Prix d&rsquo;Emission<\/strong> \u00bb). Par cons\u00e9quent, la dette \u00e0 convertir, dans le cadre de cette conversion de la dette en capital, s\u2019\u00e9l\u00e8vera \u00e0 un nombre total maximum de 174&rsquo;000\u2019000<sup>2<\/sup> actions nominatives de la Soci\u00e9t\u00e9 d&rsquo;une valeur nominale de CHF 0,10 chacune, sous r\u00e9serve du respect des exigences l\u00e9gales suisses et de l&rsquo;approbation de l&rsquo;assembl\u00e9e g\u00e9n\u00e9rale extraordinaire (la \u00ab <strong>Conversion des Dettes en Capital<\/strong> \u00bb). Afin de mettre en \u0153uvre la Conversion des Dettes en Capital, qui requiert l&rsquo;approbation des actionnaires avec une majorit\u00e9 qualifi\u00e9e, le droit de souscription pr\u00e9f\u00e9rentiel des actionnaires devra \u00eatre exclu dans le cadre de cette augmentation de capital.<\/p>\n<p>Les entit\u00e9s juridiques suivantes appartenant \u00e0 FEFAM (les \u00ab <strong>Cr\u00e9anciers<\/strong> \u00bb) font parties des Conventions de Financement et feront partie du projet de conversion de la dette en fonds propres. Elles se sont engag\u00e9es \u00e0 convertir les montants ci-dessous en fonds propres :<\/p>\n<ul>\n<li>Finexis Equity Fund SCA \u2013 Renewable Energy Sub-Fund (\u00ab <strong>FEF-RE<\/strong> \u00bb) convertira sa cr\u00e9ance vis-\u00e0-vis de la Soci\u00e9t\u00e9 \u00e0 hauteur d\u2019un montant maximum de CHF 5&rsquo;540&rsquo;000,00 au titre de l\u2019accord de financement sign\u00e9 avec la Soci\u00e9t\u00e9 le 5 Juin 2019, (le \u00ab <strong>Contrat de Financement<\/strong> \u00bb) ;<\/li>\n<li>Finexis Equity Fund SCA \u2013 E-Money Strategies Sub-Fund (\u00ab<strong> FEF-EM<\/strong> \u00bb) convertira sa cr\u00e9ance vis-\u00e0-vis de la Soci\u00e9t\u00e9 \u00e0 hauteur d\u2019un montant maximum de CHF 11&rsquo;860&rsquo;000,00 au titre de l\u2019accord de financement sign\u00e9 avec la Soci\u00e9t\u00e9 le 5 Juin 2019, (le \u00ab <strong>Contrat de Financement<\/strong> \u00bb).<\/li>\n<\/ul>\n<p>La Conversion des Dettes en Capitaux Propres vise \u00e0 am\u00e9liorer la situation financi\u00e8re et le bilan de la Soci\u00e9t\u00e9.<\/p>\n<p>De plus amples explications sur la r\u00e9duction du capital propos\u00e9e et la Conversion des Dettes en Capital sont disponibles dans les points 1.2 et 1.3 de l&rsquo;ordre du jour.<\/p>\n<h3>1.2 R\u00e9duction du capital par r\u00e9duction de la valeur nominale<\/h3>\n<p><strong>Proposition du Conseil d\u2019Administration :<\/strong> Le Conseil d\u2019Administration propose de r\u00e9duire le capital social par voie de r\u00e9duction de la valeur nominale, et d\u2019utiliser cette r\u00e9duction d\u2019un montant de CHF 196&rsquo;945&rsquo;291,20 pour rem\u00e9dier au bilan d\u00e9ficitaire (Unterbilanz; negative equity accrued of losses) comme suit :<\/p>\n<ol start=\"1\">\n<li>Le capital-actions est r\u00e9duit d\u2019un montant de CHF 196&rsquo;945&rsquo;291,20, de CHF 211&rsquo;012&rsquo;812,00 \u00e0 CHF 14&rsquo;067&rsquo;520,80<\/li>\n<li>La r\u00e9duction de capital sera r\u00e9alis\u00e9e en r\u00e9duisant la valeur nominale de l&rsquo;ensemble des 140&rsquo;675\u2019208 actions nominatives en circulation de CHF 1,50 par action \u00e0 CHF 0,10 par action<\/li>\n<li>Le montant de r\u00e9duction de CHF 196&rsquo;945&rsquo;291,20 est utilis\u00e9 pour rem\u00e9dier au bilan d\u00e9ficitaire (Unterbilanz; negative equity accrued of losses)<\/li>\n<li>Le rapport sp\u00e9cial de l\u2019organe de r\u00e9vision requis par la loi est disponible. Il confirme que toutes les obligations sont enti\u00e8rement couvertes malgr\u00e9 la r\u00e9duction du capital social<\/li>\n<li>Les Statuts de la Soci\u00e9t\u00e9 seront modifi\u00e9s comme suit :<\/li>\n<\/ol>\n<table border=\"0\" cellspacing=\"0\" cellpadding=\"0\">\n<tbody>\n<tr>\n<td>Version actuelle<\/td>\n<td>Version actuelleVersion propos\u00e9e (changements soulign\u00e9s)<\/td>\n<\/tr>\n<tr>\n<td>Le capital-actions s&rsquo;\u00e9l\u00e8ve \u00e0 CHF<br \/>\n211&rsquo;012&rsquo;812,00, divis\u00e9 en 140&rsquo;675&rsquo;208 actions d&rsquo;une valeur nominale de CHF 1,50 chacune, enti\u00e8rement lib\u00e9r\u00e9es.<br \/>\n[Les paragraphes 2 et 3 restent inchang\u00e9s.]<\/td>\n<td>Article 3: Capital-actions<br \/>\nLe capital-actions s&rsquo;\u00e9l\u00e8ve \u00e0 CHF 14&rsquo;067\u2019520,80, divis\u00e9 en 140&rsquo;675&rsquo;208 actions d&rsquo;une valeur nominale de CHF 0,10 chacune, enti\u00e8rement lib\u00e9r\u00e9es.<br \/>\n[Les paragraphes 2 et 3 restent inchang\u00e9s.]<\/td>\n<\/tr>\n<tr>\n<td>Article 3 quater:<br \/>\nLe Conseil d\u2019Administration est autoris\u00e9 \u00e0 augmenter le capital-actions \u00e0 tout moment jusqu&rsquo;au 8 mai 2021, d&rsquo;un montant maximum de CHF 60&rsquo;511&rsquo;905,00 par l&rsquo;\u00e9mission au maximum de 40&rsquo;341&rsquo;270 actions nominatives enti\u00e8rement lib\u00e9r\u00e9es d&rsquo;une valeur nominale de CHF 1,50 chacune. [\u2026]<br \/>\n[Le reste du paragraphe 1 et les paragraphes 2,<br \/>\n3 et 4 restent inchang\u00e9s.]<\/td>\n<td>Article 3 quater:<br \/>\nLe Conseil d\u2019Administration est autoris\u00e9 \u00e0 augmenter le capital-actions \u00e0 tout moment jusqu&rsquo;au 8 mai 2021, d&rsquo;un montant maximum de CHF 4&rsquo;034&rsquo;127,00 par l&rsquo;\u00e9mission au maximum de 40&rsquo;341&rsquo;270 actions nominatives enti\u00e8rement lib\u00e9r\u00e9es d&rsquo;une valeur nominale de CHF 0,10 chacune. [\u2026]<br \/>\n[Le reste du paragraphe 1 et les paragraphes 2, 3 et 4 restent inchang\u00e9s.]<\/td>\n<\/tr>\n<tr>\n<td>Article 3 ter:<br \/>\nLe capital-actions de la Soci\u00e9t\u00e9 peut \u00eatre augment\u00e9 au maximum d&rsquo;un montant de CHF 9&rsquo;000&rsquo;000,00 par l&rsquo;\u00e9mission d&rsquo;un maximum de 6\u2019000\u2019000 actions nominatives enti\u00e8rement lib\u00e9r\u00e9es d\u2019une valeur nominale de CHF 1,50 chacune par l\u2019\u00e9mission de nouvelles actions en faveur des employ\u00e9s de la Soci\u00e9t\u00e9 et aux soci\u00e9t\u00e9s du Groupe. [\u2026]<br \/>\n[Le reste du paragraphe 1 et le paragraphe 2 restent inchang\u00e9s.]<\/td>\n<td>Article 3 ter:<br \/>\nLe capital-actions de la Soci\u00e9t\u00e9 peut \u00eatre augment\u00e9 au maximum d&rsquo;un montant de CHF 600,000 par l&rsquo;\u00e9mission d&rsquo;un maximum de 6\u2019000\u2019000 actions nominatives enti\u00e8rement lib\u00e9r\u00e9es d\u2019une valeur nominale de CHF 0,10 chacune par l\u2019\u00e9mission de nouvelles actions en faveur des employ\u00e9s de la Soci\u00e9t\u00e9 et aux soci\u00e9t\u00e9s du Groupe. [\u2026]<br \/>\n[Le reste du paragraphe 1 et le paragraphe 2 restent inchang\u00e9s.]<\/td>\n<\/tr>\n<tr>\n<td>Version actuelle<\/td>\n<td>Version propos\u00e9e (changements soulign\u00e9s)<\/td>\n<\/tr>\n<tr>\n<td>Article 3 quinquies:<br \/>\nLe capital-actions de la Soci\u00e9t\u00e9 peut \u00eatre augment\u00e9 d&rsquo;un montant de CHF 56&rsquo;011&rsquo;905,00 nominal au maximum, par l&rsquo;\u00e9mission d&rsquo;un maximum de 37&rsquo;341&rsquo;270 actions d&rsquo;une valeur nominale de CHF 1,50 chacune, enti\u00e8rement<br \/>\nlib\u00e9r\u00e9es. [\u2026]<br \/>\n[Le reste du paragraphe 1 et les paragraphes 2, 3, 4 et 5 restent inchang\u00e9s.]<\/td>\n<td>Article 3 quinquies:<br \/>\nLe capital-actions de la Soci\u00e9t\u00e9 peut \u00eatre augment\u00e9 d&rsquo;un montant de CHF 3&rsquo;734&rsquo;127,00 nominal au maximum, par l&rsquo;\u00e9mission d&rsquo;un maximum de 37&rsquo;341&rsquo;270 actions d&rsquo;une valeur nominale de CHF 0,10 chacune, enti\u00e8rement lib\u00e9r\u00e9es. [\u2026]<br \/>\n[Le reste du paragraphe 1 et les paragraphes 2, 3, 4 et 5 restent inchang\u00e9s.]<\/td>\n<\/tr>\n<\/tbody>\n<\/table>\n<p>Explication : 50 % du capital et des r\u00e9serves l\u00e9gales de la Soci\u00e9t\u00e9 (y compris les r\u00e9serves d&rsquo;apport) ne sont plus couverts par les capitaux propres nets au sens de l\u2019article. 725 al. 1 CO<\/p>\n<p>(\u00ab moins-value \u00bb). Afin de prendre en compte cette situation de perte de capital, le Conseil d\u2019Administration propose de r\u00e9duire le capital social de la Soci\u00e9t\u00e9 par une r\u00e9duction de la valeur nominale et d\u2019utiliser le montant de la r\u00e9duction pour rem\u00e9dier au bilan d\u00e9ficitaire (Unterbilanz ; negative equity accrued of losses).<\/p>\n<h3>1.3 Augmentation de capital ordinaire par conversion de dettes en fonds propres<\/h3>\n<p><strong>Proposition du Conseil d\u2019Administration :<\/strong> Le Conseil d\u2019Administration propose d&rsquo;augmenter le capital-actions de la Soci\u00e9t\u00e9 d&rsquo;un montant maximum de CHF 17&rsquo;400&rsquo;000,00<sup>2<\/sup>, de CHF<\/p>\n<p>14&rsquo;067&rsquo;520,80 \u00e0 CHF 31&rsquo;467&rsquo;520,80<sup>2<\/sup> au maximum par une augmentation de capital ordinaire, sous r\u00e9serve de la r\u00e9alisation et de l&rsquo;enregistrement de la r\u00e9duction de capital conform\u00e9ment au point 1.2 de l&rsquo;ordre du jour, comme suit :<\/p>\n<ol start=\"1\">\n<li>Montant nominal total de l&rsquo;augmentation du capital-actions : montant maximal de CHF 17&rsquo;400&rsquo;000,00 (sous r\u00e9serve et apr\u00e8s la r\u00e9duction de capital)<\/li>\n<li>Montant des contributions \u00e0 verser : montant maximal de CHF 17&rsquo;400&rsquo;000,00<sup>2<\/sup><\/li>\n<li>Nombre, valeur nominale et type d&rsquo;actions nouvelles : au maximum 174&rsquo;000\u2019000<sup>2<\/sup> actions nominatives d&rsquo;une valeur nominale de CHF 0,10 chacune<\/li>\n<li>Droits pr\u00e9f\u00e9rentiels des diff\u00e9rentes cat\u00e9gories : aucun<\/li>\n<li>Montant de l&rsquo;\u00e9mission : 85% du prix moyen pond\u00e9r\u00e9 en fonction du volume (PMPV) calcul\u00e9 sur les 10 jours ouvr\u00e9s pr\u00e9c\u00e9dant les 60 jours ouvr\u00e9s avant la date de l&rsquo;assembl\u00e9e g\u00e9n\u00e9rale extraordinaire 2019 pour un nombre maximal de 174&rsquo;000\u2019000<sup>2<\/sup> actions nominatives<\/li>\n<li>D\u00e9but de l&rsquo;\u00e9ligibilit\u00e9 des dividendes : date d&rsquo;inscription de l&rsquo;augmentation de capital au registre du commerce<\/li>\n<li>Nature de l&rsquo;apport : montant maximal de CHF 17&rsquo;400&rsquo;000,00<sup>2<\/sup> par compensation avec des cr\u00e9ances pour 174&rsquo;000\u2019000<sup>2<\/sup> actions nominatives enti\u00e8rement lib\u00e9r\u00e9es au prix d&rsquo;\u00e9mission 85% du prix moyen pond\u00e9r\u00e9 en fonction du volume (PMPV) calcul\u00e9 sur les 10 jours ouvr\u00e9s pr\u00e9c\u00e9dant les 60 jours ouvr\u00e9s avant la date de l&rsquo;assembl\u00e9e g\u00e9n\u00e9rale extraordinaire 2019 (mais en aucun cas inf\u00e9rieur \u00e0 CHF 0,10)<\/li>\n<li>Avantages particuliers : aucun<\/li>\n<li>Restriction \u00e0 la transf\u00e9rabilit\u00e9 : selon les Statuts<\/li>\n<li>Droit pr\u00e9f\u00e9rentiel de souscription : l&rsquo;augmentation nominale totale d&rsquo;un montant\u00a0maximum de CHF 17&rsquo;400&rsquo;000,00<sup>2<\/sup> sera souscrite par les Cr\u00e9anciers, c&rsquo;est pourquoi le droit pr\u00e9f\u00e9rentiel de souscription des actionnaires \u00e0 toutes les actions nouvellement \u00e9mises pour un montant maximum de 174&rsquo;000\u2019000<sup>2<\/sup> est supprim\u00e9.<\/li>\n<\/ol>\n<p><strong>Explication :<\/strong> 50 % du capital et des r\u00e9serves l\u00e9gales de la Soci\u00e9t\u00e9 (y compris les r\u00e9serves d&rsquo;apport) ne sont plus couverts par les capitaux propres nets au sens de l\u2019article. 725 al. 1 CO<\/p>\n<p>(\u00ab perte de capital \u00bb). Afin d&rsquo;am\u00e9liorer la situation financi\u00e8re et le bilan de la Soci\u00e9t\u00e9, la conversion de la dette en fonds propres est propos\u00e9e. Afin de mettre en \u0153uvre la Conversion des Dettes en Capital et d&rsquo;\u00e9mettre le nombre requis de nouvelles actions, il est n\u00e9cessaire d&rsquo;augmenter le capital-actions de la Soci\u00e9t\u00e9 d&rsquo;un montant maximum de CHF 17&rsquo;400&rsquo;000,00<sup>2<\/sup>, en excluant ainsi le droit de souscription pr\u00e9f\u00e9rentiel des actionnaires.<\/p>\n<h3>2. Modification partielle des statuts \/ Cr\u00e9ation de capital-actions autoris\u00e9 (Art. 3<sup>quater<\/sup>)<\/h3>\n<p><strong>Proposition du Conseil d&rsquo;Administration :<\/strong> Le Conseil d&rsquo;Administration propose de proc\u00e9der \u00e0 une nouvelle augmentation du capital-actions autoris\u00e9 existant et de modifier l&rsquo;article 3<sup>quater<\/sup> des statuts de la Soci\u00e9t\u00e9 sous r\u00e9serve de la r\u00e9alisation et de l&rsquo;enregistrement (i) de la r\u00e9duction du capital conform\u00e9ment au point 1.2 de l&rsquo;ordre du jour et (ii) de la Conversion des Dettes en capital conform\u00e9ment au point 1.3 comme suit :<\/p>\n<table border=\"0\" cellspacing=\"0\" cellpadding=\"0\">\n<tbody>\n<tr>\n<th>Version actuelle<\/th>\n<th>Version propos\u00e9e (changements soulign\u00e9s)<\/th>\n<\/tr>\n<tr>\n<td>Article 3 quater :<br \/>\nLe Conseil d\u2019Administration est autoris\u00e9 \u00e0 augmenter le capital-actions \u00e0 tout moment jusqu\u2019au 8 mai 2021 d\u2019un montant maximum de CHF 4&rsquo;034&rsquo;127,00 par l\u2019\u00e9mission au maximum de 40&rsquo;341\u2019270 actions nominatives enti\u00e8rement lib\u00e9r\u00e9es d\u2019une valeur nominale de CHF 0,10 chacune. [\u2026]<br \/>\n[Le reste du paragraphe 1 et paragraphes 2, 3 et 4 restent inchang\u00e9s.]<\/td>\n<td>Article 3 quater :<br \/>\nLe Conseil d\u2019Administration est autoris\u00e9 \u00e0 augmenter le capital-actions \u00e0 tout moment jusqu\u2019au 8 mai 2021 d\u2019un montant maximum de CHF 7&rsquo;669&rsquo;260,70 par l\u2019\u00e9mission au maximum de 76&rsquo;692\u20196073 actions nominatives enti\u00e8rement lib\u00e9r\u00e9es d\u2019une valeur nominale de CHF 0,10 chacune. [\u2026]<br \/>\n[Le reste du paragraphe 1 et paragraphes 2, 3 et 4 restent inchang\u00e9s.]<\/td>\n<\/tr>\n<\/tbody>\n<\/table>\n<p>Explication : Les dispositions relatives au capital-actions autoris\u00e9 (article 3<sup>quater<\/sup>) et au capital-actions conditionnel (articles 3<sup>ter<\/sup> et 3<sup>quinquies<\/sup>) permettent au Conseil d&rsquo;Administration de lever des fonds pour la Soci\u00e9t\u00e9 et de mobiliser des capitaux de mani\u00e8re efficace, flexible et rapide dans des circonstances sp\u00e9cifiques et dans un cadre clair. Afin de profiter pleinement de cette flexibilit\u00e9, le Conseil d&rsquo;Administration propose d&rsquo;augmenter le capital-actions autoris\u00e9.<\/p>\n<h3>3. Modification partielle des statuts \/ Cr\u00e9ation de capital-actions conditionnel (Art. 3<sup>quinquies<\/sup>)<\/h3>\n<p><strong>Proposition du Conseil d&rsquo;Administration :<\/strong> Le Conseil d&rsquo;Administration propose d&rsquo;augmenter le capital-actions conditionnel existant et de modifier l&rsquo;article 3<sup>quinquies<\/sup> des Statuts de la Soci\u00e9t\u00e9 sous r\u00e9serve de la r\u00e9alisation et de l&rsquo;enregistrement (i) de la r\u00e9duction de capital conform\u00e9ment au point 1.2 de l&rsquo;ordre du jour et (ii) de la Conversion des Dettes en capital conform\u00e9ment au point 1.3 comme suit :<\/p>\n<table border=\"0\" cellspacing=\"0\" cellpadding=\"0\">\n<tbody>\n<tr>\n<th>Version actuelle<\/th>\n<th>Version propos\u00e9e (changements soulign\u00e9s)<\/th>\n<\/tr>\n<tr>\n<td>Article 3 quinquies:<br \/>\nLe capital-actions de la Soci\u00e9t\u00e9 peut \u00eatre augment\u00e9 d\u2019un montant de CHF 3&rsquo;734&rsquo;127,00 nominal au maximum, par l\u2019\u00e9mission d\u2019un maximum de 37&rsquo;341\u2019270 actions d\u2019une valeur nominale de CHF 0,10 chacune, enti\u00e8rement lib\u00e9r\u00e9es. [\u2026]<br \/>\n[Le reste du paragraphe 1 et paragraphes 2, 3, 4 et 5 restent inchang\u00e9s]<\/td>\n<td>Article 3 quinquies:<br \/>\nLe capital-actions de la Soci\u00e9t\u00e9 peut \u00eatre augment\u00e9 d\u2019un montant de CHF 4&rsquo;234&rsquo;127,003 nominal au maximum, par l\u2019\u00e9mission d\u2019un maximum de 42&rsquo;341\u20192703 actions d\u2019une valeur nominale de CHF 0,10 chacune, enti\u00e8rement lib\u00e9r\u00e9es. [\u2026]<br \/>\n[Le reste du paragraphe 1 et paragraphes 2, 3, 4 et 5 restent inchang\u00e9s]<\/td>\n<\/tr>\n<\/tbody>\n<\/table>\n<p><strong>Explication :<\/strong> Les dispositions relatives au capital-actions autoris\u00e9 (article 3<sup>quater<\/sup>) et au capital-actions conditionnel (articles 3<sup>ter<\/sup> et 3<sup>quinquies<\/sup>) permettent au Conseil d&rsquo;Administration de lever des fonds pour la Soci\u00e9t\u00e9 et de mobiliser des capitaux de mani\u00e8re efficace, flexible et rapide dans des circonstances sp\u00e9cifiques et dans un cadre clair. Afin de profiter pleinement de cette<\/p>\n<p><em>flexibilit\u00e9, le Conseil d&rsquo;Administration propose d&rsquo;augmenter le capital-actions conditionnel. Le montant exact du capital conditionnel propos\u00e9 au titre de ce point 3 de l&rsquo;ordre du jour sera d\u00e9termin\u00e9 apr\u00e8s le calcul d\u00e9finitif du prix d\u2019\u00e9mission \u00e0 la date butoir en relation avec le point 1.3 de l&rsquo;ordre du jour. En tout \u00e9tat de cause, le montant du capital conditionnel qu&rsquo;il est propos\u00e9 de cr\u00e9er en vertu de ce point 3 de l\u2019ordre du jour, ainsi que les actions \u00e9mises dans le cadre de l&rsquo;augmentation de capital d\u00e9cid\u00e9e au point 1.3 de l&rsquo;ordre du jour, ne d\u00e9passeront pas ensemble les 10% du total des actions d\u00e9j\u00e0 cot\u00e9es et du capital conditionnel officiellement cot\u00e9 aupr\u00e8s de SIX Swiss Exchange.<\/em><\/p>\n<h2>II. DOCUMENTATION<\/h2>\n<p>L&rsquo;invitation envoy\u00e9e aux actionnaires est accompagn\u00e9e d&rsquo;un formulaire d&rsquo;inscription et d&rsquo;un formulaire d&rsquo;instruction que les actionnaires sont pri\u00e9s de remplir et de renvoyer par courrier \u00e0 l&rsquo;adresse suivante s&rsquo;ils souhaitent assister ou se faire repr\u00e9senter \u00e0 l&rsquo;assembl\u00e9e g\u00e9n\u00e9rale extraordinaire : areg.ch ag, Fabrikstrasse 10, 4614 H\u00e4gendorf, Suisse.<\/p>\n<p>Vote \u00e9lectronique \u00e0 distance par procuration et instructions de vote au mandataire ind\u00e9pendant (netVote) : les actionnaires peuvent participer aux votes en donnant des instructions \u00e9lectroniques au mandataire ind\u00e9pendant via www.netvote.ch\/leclanche. Les donn\u00e9es d&rsquo;acc\u00e8s requises seront envoy\u00e9es aux actionnaires en m\u00eame temps que les documents \u00e9crits pour l&rsquo;assembl\u00e9e g\u00e9n\u00e9rale extraordinaire. Les modifications aux instructions transf\u00e9r\u00e9es par voie \u00e9lectronique peuvent \u00eatre effectu\u00e9es jusqu&rsquo;au lundi 21 Octobre 2019 \u00e0 11h59 (CET).<\/p>\n<h2>III. PARTICIPATION ET DROITS DE VOTE<\/h2>\n<p>Les actionnaires inscrits au registre des actions avec droit de vote au 17 octobre 2019 \u00e0 17h00, seront autoris\u00e9s \u00e0 participer et \u00e0 voter \u00e0 l&rsquo;assembl\u00e9e g\u00e9n\u00e9rale extraordinaire. Ils recevront leur carte d&rsquo;entr\u00e9e et leur mat\u00e9riel de vote en retournant le formulaire d&rsquo;inscription ou en contactant areg.ch ag \u00e0 l&rsquo;adresse indiqu\u00e9e ci-dessus.<\/p>\n<p>Du 17 octobre 2019 \u00e0 17h00 au 24 octobre 2019, aucune inscription au registre des actions qui cr\u00e9erait un droit de vote \u00e0 l&rsquo;assembl\u00e9e g\u00e9n\u00e9rale extraordinaire ne sera effectu\u00e9e. Les actionnaires qui vendent une partie ou la totalit\u00e9 de leurs actions pendant cette p\u00e9riode n&rsquo;ont plus le droit de voter. Ils sont pri\u00e9s de retourner ou d&rsquo;\u00e9changer leur carte d&rsquo;admission et leur mat\u00e9riel de vote.<\/p>\n<h2>IV. REPRESENTATION<\/h2>\n<p>Les actionnaires qui n&rsquo;ont pas l&rsquo;intention de participer personnellement \u00e0 l&rsquo;assembl\u00e9e g\u00e9n\u00e9rale des actionnaires peuvent se faire repr\u00e9senter par procuration \u00e9crite donn\u00e9e \u00e0 une personne autoris\u00e9e qui n&rsquo;a pas besoin d&rsquo;\u00eatre actionnaire ou par le mandataire ind\u00e9pendant.<\/p>\n<p>Me. Manuel Isler, avocat, a\/s de BMG Avocats, 8C, avenue de Champel, Case postale 385, CH-1211 Gen\u00e8ve, agit comme mandataire ind\u00e9pendant. Le formulaire d&rsquo;inscription avec les procurations d\u00fbment remplies et sign\u00e9es doivent \u00eatre envoy\u00e9es \u00e0 areg.ch ag \u00e0 l&rsquo;adresse indiqu\u00e9e ci-dessus.<\/p>\n<p>Les actionnaires qui souhaitent se faire repr\u00e9senter par une autre personne, sont pri\u00e9es d&rsquo;envoyer leur formulaire d&rsquo;inscription avec la procuration remplie et sign\u00e9e \u00e0 l&rsquo;attention de areg.ch ag \u00e0 l&rsquo;adresse indiqu\u00e9e ci-dessus. La carte d&rsquo;admission et le mat\u00e9riel de vote seront ensuite envoy\u00e9s directement \u00e0 l&rsquo;adresse de leur repr\u00e9sentant d\u00e9sign\u00e9.<\/p>\n<h2>V. LANGUE<\/h2>\n<p>L&rsquo;assembl\u00e9e g\u00e9n\u00e9rale extraordinaire des actionnaires se tiendra en anglais (avec une traduction simultan\u00e9e en fran\u00e7ais et en allemand).<\/p>\n<p>Yverdon-les-Bains, 3 octobre 2019 Pour le Conseil d\u2019Administration<\/p>\n<p>Le Pr\u00e9sident<\/p>\n<p>Stefan A. M\u00fcller<\/p>\n<p>&nbsp;<\/p>\n<p><sup>1<\/sup> FEFAM signifie : AM INVESTMENT SCA, SICAV-SIF &#8211; Compartiment Illiquid Assets, ainsi que FINEXIS EQUITY FUND &#8211; Renewable Energy Compartiment, FINEXIS EQUITY FUND &#8211; Multi Asset Strategy Compartiment, FINEXIS EQUITY FUND &#8211; E Money Strategies (\u00e9galement appel\u00e9 Energy Storage Invest) et, tous ces fonds \u00e9tant globalement le principal actionnaire de Leclanch\u00e9, ci-apr\u00e8s d\u00e9nomm\u00e9s \u00ab\u00a0FEFAM\u00a0\u00bb.<\/p>\n<p><sup>2<\/sup> \u00c9tant donn\u00e9 que le prix d&rsquo;\u00e9mission exact &#8211; et, par cons\u00e9quent, le montant exact des apports et le nombre exact d&rsquo;actions \u00e9mises \u00e0 FEFAM &#8211; ne peuvent \u00eatre calcul\u00e9s \u00e0 la date de la pr\u00e9sente invitation, la pr\u00e9sente invitation pr\u00e9voit des montants et des nombres maximums d&rsquo;actions qui sont calcul\u00e9s sur la base d&rsquo;un prix d&rsquo;\u00e9mission de CHF 0,10. En effet, le prix de conversion ne sera en aucun cas inf\u00e9rieur \u00e0 la valeur nominale de CHF 0,10. Ainsi, les montants et nombres marqu\u00e9s d&rsquo;un <sup>2<\/sup> devront \u00eatre ajust\u00e9s en fonction des montants et nombres exacts d&rsquo;actions calcul\u00e9s \u00e0 la date butoir, et seront communiqu\u00e9s \u00e0 l&rsquo;assembl\u00e9e g\u00e9n\u00e9rale extraordinaire.<\/p>\n<p><sup>3<\/sup>Sous r\u00e9serve de la r\u00e9alisation et de l&rsquo;enregistrement de la r\u00e9duction de capital conform\u00e9ment au point 1.2 de l&rsquo;ordre du jour et de la r\u00e9alisation et de l&rsquo;enregistrement de la conversion des dettes en fonds propres conform\u00e9ment au point 1.3 de l&rsquo;ordre du jour<\/p>\n<div class=\"post-down-btn-container\"><\/div>\n<div class=\"post-down-btn-container\">\n<p><strong>A propos de Leclanch\u00e9 <\/strong><\/p>\n<p>Leclanch\u00e9 SA, dont le si\u00e8ge social se trouve en Suisse, est l&rsquo;un des principaux fournisseurs de solutions de stockage d&rsquo;\u00e9nergie de haute qualit\u00e9 con\u00e7ues pour acc\u00e9l\u00e9rer nos progr\u00e8s vers un avenir \u00e9nerg\u00e9tique propre. L&rsquo;histoire et l&rsquo;h\u00e9ritage de Leclanch\u00e9 s&rsquo;enracinent dans plus de 100 ans d&rsquo;innovation en mati\u00e8re de batteries et de stockage d&rsquo;\u00e9nergie et la soci\u00e9t\u00e9 est un fournisseur de confiance de solutions de stockage d&rsquo;\u00e9nergie dans le monde entier. Ceci, combin\u00e9 \u00e0 la culture de l\u2019Entreprise en mati\u00e8re d&rsquo;ing\u00e9nierie allemande, de pr\u00e9cision et de qualit\u00e9 suisse, fait de Leclanch\u00e9 le partenaire de choix des innovateurs, des entreprises \u00e9tablies et des gouvernements qui sont \u00e0 l&rsquo;avant-garde des changements positifs dans la fa\u00e7on dont l&rsquo;\u00e9nergie est produite, distribu\u00e9e et consomm\u00e9e \u00e0 travers le monde. La transition \u00e9nerg\u00e9tique est principalement tir\u00e9e par les changements dans la gestion de nos r\u00e9seaux \u00e9lectriques et l&rsquo;\u00e9lectrification des transports, et ces deux march\u00e9s finaux constituent l&rsquo;\u00e9pine dorsale de notre strat\u00e9gie et de notre mod\u00e8le \u00e9conomique. Leclanch\u00e9 est au c\u0153ur de la convergence de l&rsquo;\u00e9lectrification des transports et de l&rsquo;\u00e9volution du r\u00e9seau de distribution. Leclanch\u00e9 est la seule entreprise de stockage d&rsquo;\u00e9nergie pure play cot\u00e9e au monde, organis\u00e9e en trois business units: solutions de stockage stationnaires, solutions e-Transport et syst\u00e8mes de batteries sp\u00e9cialis\u00e9es. Leclanch\u00e9 est cot\u00e9e \u00e0 la Bourse suisse (SIX : LECN).<\/p>\n<p>SIX Swiss Exchange: ticker symbol LECN | ISIN CH 011 030 311 9<\/p>\n<p><strong>Clause de non responsabilit\u00e9<\/strong><\/p>\n<p>Le pr\u00e9sent communiqu\u00e9 de presse contient certaines d\u00e9clarations prospectives relatives aux activit\u00e9s de Leclanch\u00e9, qui peuvent \u00eatre identifi\u00e9es par des termes tels que \u00ab strat\u00e9gique \u00bb, \u00ab propose \u00bb, \u00ab introduire \u00bb, \u00ab\u00a0sera\u00a0\u00bb, \u00ab\u00a0planifi\u00e9\u00a0\u00bb, \u00ab\u00a0pr\u00e9vu\u00a0\u00bb, \u00ab\u00a0attendu\u00a0\u00bb, \u00ab\u00a0engagement\u00a0\u00bb, \u00ab\u00a0attend\u00a0\u00bb, \u00ab\u00a0pr\u00e9voit\u00a0\u00bb, \u00ab\u00a0\u00e9tabli\u00a0\u00bb, \u00ab\u00a0pr\u00e9pare\u00a0\u00bb, \u00ab\u00a0plans\u00a0\u00bb, \u00ab\u00a0estimations\u00a0\u00bb, \u00ab\u00a0objectifs\u00a0\u00bb, \u00ab\u00a0serait\u00a0\u00bb, \u00ab\u00a0potentiel\u00a0\u00bb, \u00ab\u00a0attente\u00a0\u00bb, \u00ab\u00a0estimation\u00a0\u00bb, \u00ab\u00a0proposition\u00a0\u00bb ou expressions similaires, ou par des discussions explicites ou implicites concernant la mont\u00e9e en puissance de la capacit\u00e9 de production de Leclanch\u00e9, les applications potentielles des produits existants, ou les revenus futurs potentiels de ces produits, ou les ventes ou b\u00e9n\u00e9fices futurs potentiels de Leclanch\u00e9 ou d&rsquo;une de ses unit\u00e9s commerciales. Vous ne devez pas vous fier ind\u00fbment \u00e0 ces d\u00e9clarations. Ces \u00e9nonc\u00e9s prospectifs refl\u00e8tent les opinions actuelles de Leclanch\u00e9 \u00e0 l&rsquo;\u00e9gard d&rsquo;\u00e9v\u00e9nements futurs et comportent des risques connus et inconnus, des incertitudes et d&rsquo;autres facteurs qui pourraient faire en sorte que les r\u00e9sultats r\u00e9els diff\u00e8rent sensiblement des r\u00e9sultats, performances ou r\u00e9alisations futurs exprim\u00e9s ou sous-entendus dans ces \u00e9nonc\u00e9s. Il n&rsquo;y a aucune garantie que les produits de Leclanch\u00e9 atteindront des niveaux de revenus particuliers. Rien ne garantit non plus que Leclanch\u00e9, ou l&rsquo;une quelconque de ses unit\u00e9s d&rsquo;affaires, obtiendra des r\u00e9sultats financiers particuliers.<\/p>\n<p><strong>Contacts<\/strong><\/p>\n<p><strong>M\u00e9dias Suisse<\/strong><strong> \/ Europe :<\/strong><\/p>\n<p>Thierry Meyer<\/p>\n<p>T : +41 (0) 79\u00a0785 35 81<\/p>\n<p>E-mail : <a href=\"mailto:tme@dynamicsgoup.ch\">tme@dynamicsgroup.ch<\/a><\/p>\n<\/div>\n<p>&nbsp;<\/p>\n<p><strong>M\u00e9dias Am\u00e9rique du Nord :<\/strong><\/p>\n<p>Henry Feintuch \/ Ashley Blas<\/p>\n<p>T : +1-914-548-6924 \/ +1-509-494-4053<\/p>\n<p>E-mail : <a href=\"mailto:leclanche@feintuchpr.com\">leclanche@feintuchpr.com<\/a><\/p>\n<p>&nbsp;<\/p>\n<p><strong>M\u00e9dias Allemagne :<\/strong><\/p>\n<p>Christoph Miller<\/p>\n<p>T : +49 (0) 711 947 670<\/p>\n<p>E-mail : <a href=\"mailto:leclanche@sympra.de\">leclanche@sympra.de<\/a><\/p>\n<p>&nbsp;<\/p>\n<p><strong>Contacts investisseurs :<\/strong><\/p>\n<p>Anil Srivastava \/ Hubert Angleys<\/p>\n<p>T : +41 (0) 24 424 65 00<\/p>\n<p>E-mail : <a href=\"mailto:invest.leclanche@leclanche.com\">invest.leclanche@leclanche.com<\/a><\/p>\n","protected":false},"excerpt":{"rendered":"<p>Yverdon-les-Bains, Suisse, le 3 octobre 2019 &#8211; Leclanch\u00e9 SA (SIX Swiss Exchange : LECN), l&rsquo;un des leaders mondiaux des solutions de stockage d&rsquo;\u00e9nergie, publie aujourd&rsquo;hui la convocation \u00e0 une Assembl\u00e9e G\u00e9n\u00e9rale Extraordinaire (AGE) des actionnaires, qui se tiendra le 24 octobre 2019 \u00e0 9h00 (ouverture des portes \u00e0 8h30) au Grand H\u00f4tel &amp; Centre Thermal, [&hellip;]<\/p>\n","protected":false},"author":1,"featured_media":0,"comment_status":"open","ping_status":"open","sticky":false,"template":"","format":"standard","meta":{"footnotes":""},"categories":[45,108,46],"tags":[],"class_list":["post-9701","post","type-post","status-publish","format-standard","hentry","category-actualite","category-autres-communiques-de-presse","category-communiques-de-presse-fr"],"yoast_head":"<!-- This site is optimized with the Yoast SEO plugin v26.4 - https:\/\/yoast.com\/wordpress\/plugins\/seo\/ -->\n<title>Leclanch\u00e9 annonce : Son invitation \u00e0 la prochaine Assembl\u00e9e G\u00e9n\u00e9rale Extraordinaire des Actionnaires qui se tiendra le 24 octobre 2019 \u00e0 Yverdon-les-Bains - Leclanch\u00e9<\/title>\n<meta name=\"description\" content=\"Yverdon-les-Bains, Suisse, le 3 octobre 2019 - Leclanch\u00e9 SA (SIX Swiss Exchange : LECN), l&#039;un des leaders mondiaux des solutions de stockage d&#039;\u00e9nergie,\" \/>\n<meta name=\"robots\" content=\"index, follow, max-snippet:-1, max-image-preview:large, max-video-preview:-1\" \/>\n<link rel=\"canonical\" href=\"https:\/\/www.leclanche.com\/fr\/leclanche-annonce-son-invitation-a-la-prochaine-assemblee-generale-extraordinaire-des-actionnaires-qui-se-tiendra-le-24-octobre-2019-a-yverdon-les-bains\/\" \/>\n<meta property=\"og:locale\" content=\"fr_FR\" \/>\n<meta property=\"og:type\" content=\"article\" \/>\n<meta property=\"og:title\" content=\"Leclanch\u00e9 annonce : Son invitation \u00e0 la prochaine Assembl\u00e9e G\u00e9n\u00e9rale Extraordinaire des Actionnaires qui se tiendra le 24 octobre 2019 \u00e0 Yverdon-les-Bains - Leclanch\u00e9\" \/>\n<meta property=\"og:description\" content=\"Yverdon-les-Bains, Suisse, le 3 octobre 2019 - Leclanch\u00e9 SA (SIX Swiss Exchange : LECN), l&#039;un des leaders mondiaux des solutions de stockage d&#039;\u00e9nergie,\" \/>\n<meta property=\"og:url\" content=\"https:\/\/www.leclanche.com\/fr\/leclanche-annonce-son-invitation-a-la-prochaine-assemblee-generale-extraordinaire-des-actionnaires-qui-se-tiendra-le-24-octobre-2019-a-yverdon-les-bains\/\" \/>\n<meta property=\"og:site_name\" content=\"Leclanch\u00e9\" \/>\n<meta property=\"article:published_time\" content=\"2019-10-03T09:17:25+00:00\" \/>\n<meta property=\"article:modified_time\" content=\"2021-04-29T08:44:51+00:00\" \/>\n<meta name=\"author\" content=\"wavemind\" \/>\n<meta name=\"twitter:card\" content=\"summary_large_image\" \/>\n<meta name=\"twitter:label1\" content=\"\u00c9crit par\" \/>\n\t<meta name=\"twitter:data1\" content=\"wavemind\" \/>\n\t<meta name=\"twitter:label2\" content=\"Dur\u00e9e de lecture estim\u00e9e\" \/>\n\t<meta name=\"twitter:data2\" content=\"21 minutes\" \/>\n<script type=\"application\/ld+json\" class=\"yoast-schema-graph\">{\"@context\":\"https:\/\/schema.org\",\"@graph\":[{\"@type\":\"WebPage\",\"@id\":\"https:\/\/www.leclanche.com\/fr\/leclanche-annonce-son-invitation-a-la-prochaine-assemblee-generale-extraordinaire-des-actionnaires-qui-se-tiendra-le-24-octobre-2019-a-yverdon-les-bains\/\",\"url\":\"https:\/\/www.leclanche.com\/fr\/leclanche-annonce-son-invitation-a-la-prochaine-assemblee-generale-extraordinaire-des-actionnaires-qui-se-tiendra-le-24-octobre-2019-a-yverdon-les-bains\/\",\"name\":\"Leclanch\u00e9 annonce : Son invitation \u00e0 la prochaine Assembl\u00e9e G\u00e9n\u00e9rale Extraordinaire des Actionnaires qui se tiendra le 24 octobre 2019 \u00e0 Yverdon-les-Bains - Leclanch\u00e9\",\"isPartOf\":{\"@id\":\"https:\/\/www.leclanche.com\/fr\/#website\"},\"datePublished\":\"2019-10-03T09:17:25+00:00\",\"dateModified\":\"2021-04-29T08:44:51+00:00\",\"author\":{\"@id\":\"https:\/\/www.leclanche.com\/fr\/#\/schema\/person\/167e0a19484be6cd0f6ef0e2ddf44203\"},\"description\":\"Yverdon-les-Bains, Suisse, le 3 octobre 2019 - Leclanch\u00e9 SA (SIX Swiss Exchange : LECN), l'un des leaders mondiaux des solutions de stockage d'\u00e9nergie,\",\"breadcrumb\":{\"@id\":\"https:\/\/www.leclanche.com\/fr\/leclanche-annonce-son-invitation-a-la-prochaine-assemblee-generale-extraordinaire-des-actionnaires-qui-se-tiendra-le-24-octobre-2019-a-yverdon-les-bains\/#breadcrumb\"},\"inLanguage\":\"fr-FR\",\"potentialAction\":[{\"@type\":\"ReadAction\",\"target\":[\"https:\/\/www.leclanche.com\/fr\/leclanche-annonce-son-invitation-a-la-prochaine-assemblee-generale-extraordinaire-des-actionnaires-qui-se-tiendra-le-24-octobre-2019-a-yverdon-les-bains\/\"]}]},{\"@type\":\"BreadcrumbList\",\"@id\":\"https:\/\/www.leclanche.com\/fr\/leclanche-annonce-son-invitation-a-la-prochaine-assemblee-generale-extraordinaire-des-actionnaires-qui-se-tiendra-le-24-octobre-2019-a-yverdon-les-bains\/#breadcrumb\",\"itemListElement\":[{\"@type\":\"ListItem\",\"position\":1,\"name\":\"Accueil\",\"item\":\"https:\/\/www.leclanche.com\/fr\/\"},{\"@type\":\"ListItem\",\"position\":2,\"name\":\"Leclanch\u00e9 annonce : Son invitation \u00e0 la prochaine Assembl\u00e9e G\u00e9n\u00e9rale Extraordinaire des Actionnaires qui se tiendra le 24 octobre 2019 \u00e0 Yverdon-les-Bains\"}]},{\"@type\":\"WebSite\",\"@id\":\"https:\/\/www.leclanche.com\/fr\/#website\",\"url\":\"https:\/\/www.leclanche.com\/fr\/\",\"name\":\"Leclanch\u00e9\",\"description\":\"Energy Storage Solutions\",\"potentialAction\":[{\"@type\":\"SearchAction\",\"target\":{\"@type\":\"EntryPoint\",\"urlTemplate\":\"https:\/\/www.leclanche.com\/fr\/?s={search_term_string}\"},\"query-input\":{\"@type\":\"PropertyValueSpecification\",\"valueRequired\":true,\"valueName\":\"search_term_string\"}}],\"inLanguage\":\"fr-FR\"},{\"@type\":\"Person\",\"@id\":\"https:\/\/www.leclanche.com\/fr\/#\/schema\/person\/167e0a19484be6cd0f6ef0e2ddf44203\",\"name\":\"wavemind\",\"image\":{\"@type\":\"ImageObject\",\"inLanguage\":\"fr-FR\",\"@id\":\"https:\/\/www.leclanche.com\/fr\/#\/schema\/person\/image\/\",\"url\":\"https:\/\/secure.gravatar.com\/avatar\/37d64a5301717e5c14c6c8f122c36a0d05409469ecccfad71c65502f189da403?s=96&d=mm&r=g\",\"contentUrl\":\"https:\/\/secure.gravatar.com\/avatar\/37d64a5301717e5c14c6c8f122c36a0d05409469ecccfad71c65502f189da403?s=96&d=mm&r=g\",\"caption\":\"wavemind\"},\"url\":\"https:\/\/www.leclanche.com\/fr\/author\/wavemind\/\"}]}<\/script>\n<!-- \/ Yoast SEO plugin. -->","yoast_head_json":{"title":"Leclanch\u00e9 annonce : Son invitation \u00e0 la prochaine Assembl\u00e9e G\u00e9n\u00e9rale Extraordinaire des Actionnaires qui se tiendra le 24 octobre 2019 \u00e0 Yverdon-les-Bains - Leclanch\u00e9","description":"Yverdon-les-Bains, Suisse, le 3 octobre 2019 - Leclanch\u00e9 SA (SIX Swiss Exchange : LECN), l'un des leaders mondiaux des solutions de stockage d'\u00e9nergie,","robots":{"index":"index","follow":"follow","max-snippet":"max-snippet:-1","max-image-preview":"max-image-preview:large","max-video-preview":"max-video-preview:-1"},"canonical":"https:\/\/www.leclanche.com\/fr\/leclanche-annonce-son-invitation-a-la-prochaine-assemblee-generale-extraordinaire-des-actionnaires-qui-se-tiendra-le-24-octobre-2019-a-yverdon-les-bains\/","og_locale":"fr_FR","og_type":"article","og_title":"Leclanch\u00e9 annonce : Son invitation \u00e0 la prochaine Assembl\u00e9e G\u00e9n\u00e9rale Extraordinaire des Actionnaires qui se tiendra le 24 octobre 2019 \u00e0 Yverdon-les-Bains - Leclanch\u00e9","og_description":"Yverdon-les-Bains, Suisse, le 3 octobre 2019 - Leclanch\u00e9 SA (SIX Swiss Exchange : LECN), l'un des leaders mondiaux des solutions de stockage d'\u00e9nergie,","og_url":"https:\/\/www.leclanche.com\/fr\/leclanche-annonce-son-invitation-a-la-prochaine-assemblee-generale-extraordinaire-des-actionnaires-qui-se-tiendra-le-24-octobre-2019-a-yverdon-les-bains\/","og_site_name":"Leclanch\u00e9","article_published_time":"2019-10-03T09:17:25+00:00","article_modified_time":"2021-04-29T08:44:51+00:00","author":"wavemind","twitter_card":"summary_large_image","twitter_misc":{"\u00c9crit par":"wavemind","Dur\u00e9e de lecture estim\u00e9e":"21 minutes"},"schema":{"@context":"https:\/\/schema.org","@graph":[{"@type":"WebPage","@id":"https:\/\/www.leclanche.com\/fr\/leclanche-annonce-son-invitation-a-la-prochaine-assemblee-generale-extraordinaire-des-actionnaires-qui-se-tiendra-le-24-octobre-2019-a-yverdon-les-bains\/","url":"https:\/\/www.leclanche.com\/fr\/leclanche-annonce-son-invitation-a-la-prochaine-assemblee-generale-extraordinaire-des-actionnaires-qui-se-tiendra-le-24-octobre-2019-a-yverdon-les-bains\/","name":"Leclanch\u00e9 annonce : Son invitation \u00e0 la prochaine Assembl\u00e9e G\u00e9n\u00e9rale Extraordinaire des Actionnaires qui se tiendra le 24 octobre 2019 \u00e0 Yverdon-les-Bains - Leclanch\u00e9","isPartOf":{"@id":"https:\/\/www.leclanche.com\/fr\/#website"},"datePublished":"2019-10-03T09:17:25+00:00","dateModified":"2021-04-29T08:44:51+00:00","author":{"@id":"https:\/\/www.leclanche.com\/fr\/#\/schema\/person\/167e0a19484be6cd0f6ef0e2ddf44203"},"description":"Yverdon-les-Bains, Suisse, le 3 octobre 2019 - Leclanch\u00e9 SA (SIX Swiss Exchange : LECN), l'un des leaders mondiaux des solutions de stockage d'\u00e9nergie,","breadcrumb":{"@id":"https:\/\/www.leclanche.com\/fr\/leclanche-annonce-son-invitation-a-la-prochaine-assemblee-generale-extraordinaire-des-actionnaires-qui-se-tiendra-le-24-octobre-2019-a-yverdon-les-bains\/#breadcrumb"},"inLanguage":"fr-FR","potentialAction":[{"@type":"ReadAction","target":["https:\/\/www.leclanche.com\/fr\/leclanche-annonce-son-invitation-a-la-prochaine-assemblee-generale-extraordinaire-des-actionnaires-qui-se-tiendra-le-24-octobre-2019-a-yverdon-les-bains\/"]}]},{"@type":"BreadcrumbList","@id":"https:\/\/www.leclanche.com\/fr\/leclanche-annonce-son-invitation-a-la-prochaine-assemblee-generale-extraordinaire-des-actionnaires-qui-se-tiendra-le-24-octobre-2019-a-yverdon-les-bains\/#breadcrumb","itemListElement":[{"@type":"ListItem","position":1,"name":"Accueil","item":"https:\/\/www.leclanche.com\/fr\/"},{"@type":"ListItem","position":2,"name":"Leclanch\u00e9 annonce : Son invitation \u00e0 la prochaine Assembl\u00e9e G\u00e9n\u00e9rale Extraordinaire des Actionnaires qui se tiendra le 24 octobre 2019 \u00e0 Yverdon-les-Bains"}]},{"@type":"WebSite","@id":"https:\/\/www.leclanche.com\/fr\/#website","url":"https:\/\/www.leclanche.com\/fr\/","name":"Leclanch\u00e9","description":"Energy Storage Solutions","potentialAction":[{"@type":"SearchAction","target":{"@type":"EntryPoint","urlTemplate":"https:\/\/www.leclanche.com\/fr\/?s={search_term_string}"},"query-input":{"@type":"PropertyValueSpecification","valueRequired":true,"valueName":"search_term_string"}}],"inLanguage":"fr-FR"},{"@type":"Person","@id":"https:\/\/www.leclanche.com\/fr\/#\/schema\/person\/167e0a19484be6cd0f6ef0e2ddf44203","name":"wavemind","image":{"@type":"ImageObject","inLanguage":"fr-FR","@id":"https:\/\/www.leclanche.com\/fr\/#\/schema\/person\/image\/","url":"https:\/\/secure.gravatar.com\/avatar\/37d64a5301717e5c14c6c8f122c36a0d05409469ecccfad71c65502f189da403?s=96&d=mm&r=g","contentUrl":"https:\/\/secure.gravatar.com\/avatar\/37d64a5301717e5c14c6c8f122c36a0d05409469ecccfad71c65502f189da403?s=96&d=mm&r=g","caption":"wavemind"},"url":"https:\/\/www.leclanche.com\/fr\/author\/wavemind\/"}]}},"_links":{"self":[{"href":"https:\/\/www.leclanche.com\/fr\/wp-json\/wp\/v2\/posts\/9701","targetHints":{"allow":["GET"]}}],"collection":[{"href":"https:\/\/www.leclanche.com\/fr\/wp-json\/wp\/v2\/posts"}],"about":[{"href":"https:\/\/www.leclanche.com\/fr\/wp-json\/wp\/v2\/types\/post"}],"author":[{"embeddable":true,"href":"https:\/\/www.leclanche.com\/fr\/wp-json\/wp\/v2\/users\/1"}],"replies":[{"embeddable":true,"href":"https:\/\/www.leclanche.com\/fr\/wp-json\/wp\/v2\/comments?post=9701"}],"version-history":[{"count":2,"href":"https:\/\/www.leclanche.com\/fr\/wp-json\/wp\/v2\/posts\/9701\/revisions"}],"predecessor-version":[{"id":9834,"href":"https:\/\/www.leclanche.com\/fr\/wp-json\/wp\/v2\/posts\/9701\/revisions\/9834"}],"wp:attachment":[{"href":"https:\/\/www.leclanche.com\/fr\/wp-json\/wp\/v2\/media?parent=9701"}],"wp:term":[{"taxonomy":"category","embeddable":true,"href":"https:\/\/www.leclanche.com\/fr\/wp-json\/wp\/v2\/categories?post=9701"},{"taxonomy":"post_tag","embeddable":true,"href":"https:\/\/www.leclanche.com\/fr\/wp-json\/wp\/v2\/tags?post=9701"}],"curies":[{"name":"wp","href":"https:\/\/api.w.org\/{rel}","templated":true}]}}