{"id":9795,"date":"2019-05-06T06:08:04","date_gmt":"2019-05-06T04:08:04","guid":{"rendered":"https:\/\/www.leclanche.com\/proposition-pour-lelection-dun-nouveau-membre-independant-au-conseil-dadministration-de-leclanche-sa\/"},"modified":"2021-04-28T14:31:02","modified_gmt":"2021-04-28T12:31:02","slug":"proposition-pour-lelection-dun-nouveau-membre-independant-au-conseil-dadministration-de-leclanche-sa","status":"publish","type":"post","link":"https:\/\/www.leclanche.com\/fr\/proposition-pour-lelection-dun-nouveau-membre-independant-au-conseil-dadministration-de-leclanche-sa\/","title":{"rendered":"Proposition pour l&rsquo;\u00e9lection d&rsquo;un nouveau membre ind\u00e9pendant au Conseil d&rsquo;Administration de Leclanch\u00e9 SA"},"content":{"rendered":"<p>Yverdon-les-Bains (Suisse), le 6 mai 2019 : Outre la proposition faite dans le communiqu\u00e9 de presse du 16 avril 2019 proposant l&rsquo;\u00e9lection de M. B\u00e9n\u00e9dict Fontanet, pr\u00e9sent\u00e9 au Conseil d&rsquo;Administration par Golden Partner repr\u00e9sentant les int\u00e9r\u00eats de FEFAM<sup>1<\/sup>, actionnaire majoritaire de Leclanch\u00e9, dans sa volont\u00e9 de pr\u00e9server son ind\u00e9pendance, le Conseil d&rsquo;Administration de Leclanch\u00e9 SA (SIX : LECN), l\u2019un des leaders mondiaux en mati\u00e8re de stockage d&rsquo;\u00e9nergie propose que M. Llu\u00eds M. Fargas Mas soit \u00e9lu comme nouveau membre ind\u00e9pendant du Conseil d&rsquo;Administration lors de l&rsquo;Assembl\u00e9e G\u00e9n\u00e9rale Ordinaire qui se tiendra le 9 mai 2019.<\/p>\n<p>M. Llu\u00eds M. Fargas (n\u00e9 en 1966) est de nationalit\u00e9 suisse et espagnole. En 2010, le Dr. Fargas a obtenu son doctorat en finance et droit fiscal de l&rsquo;Universitat Rovira I Virgili (Espagne) avec mention tr\u00e8s bien. Sa th\u00e8se \u00e9tait bas\u00e9e sur \u00ab l&rsquo;assiette commune consolid\u00e9e pour l&rsquo;imp\u00f4t des soci\u00e9t\u00e9s (ACCIS) et l&rsquo;impact sur les recettes fiscales des \u00c9tats membres de l&rsquo;UE \u00bb. Il est titulaire d&rsquo;une ma\u00eetrise en droit de l&rsquo;Instituto de Empresa (Madrid) et d&rsquo;un dipl\u00f4me en droit de l&rsquo;Universit\u00e9 de Barcelone.<\/p>\n<p>M. Fargas a rejoint \u00e0 Alcoa Inc. en 1994, apr\u00e8s avoir pass\u00e9 cinq ans comme senior manager chez Coopers &amp; Lybrand, \u00e0 Barcelone (Espagne). Depuis novembre 2016, apr\u00e8s la scission des activit\u00e9s d&rsquo;Alcoa Inc. en deux soci\u00e9t\u00e9s (Alcoa Corp. et Arconic Inc.), M. Fargas occupe le poste de vice-pr\u00e9sident, Tax, Controller and Corporate Development Europe chez Arconic, qui a conserv\u00e9 les activit\u00e9s de laminage, placage, moulage de pr\u00e9cision et pi\u00e8ces de fixation d\u2019Alcoa Inc. M. Fargas dirige la fonction de contr\u00f4le de la fiscalit\u00e9 europ\u00e9enne, assumant \u00e9galement la responsabilit\u00e9 de la gestion de la strat\u00e9gie de d\u00e9veloppement d&rsquo;Arconic en Europe &#8211; une entreprise de 4 milliards de dollars avec 40 sites de production et plus de 10\u2019 000 employ\u00e9s &#8211; dans le but ultime de saisir les opportunit\u00e9s commerciales et de renforcer la position strat\u00e9gique du groupe Arconic dans cette r\u00e9gion.<\/p>\n<p>En plus de ses fonctions chez Arconic, M. Fargas intervient comme enseignant \u00e0 l&rsquo;Universit\u00e9 de Lausanne &#8211; UNIL (Suisse). Il donne aussi fr\u00e9quemment des conf\u00e9rences dans le cadre de s\u00e9minaires et conf\u00e9rences internationaux.<\/p>\n<p>M. Stefan A. M\u00fcller, Pr\u00e9sident du Conseil d&rsquo;Administration, a d\u00e9clar\u00e9 : \u00ab M. Fargas apportera au Conseil d&rsquo;Administration de Leclanch\u00e9 ses comp\u00e9tences en mati\u00e8re d\u2019 optimisation financi\u00e8re et de d\u00e9veloppement d&rsquo;entreprises, ainsi que de nombreuses ann\u00e9es d&rsquo;exp\u00e9rience professionnelle dans une multinationale op\u00e9rant dans un environnement tr\u00e8s exigeant.<\/p>\n<p>Sa connaissance approfondie des structures financi\u00e8res et juridiques optimis\u00e9es ainsi que son solide r\u00e9seau international dans les secteurs de l&rsquo;a\u00e9ronautique, de l&rsquo;automobile et de la banque, permettront \u00e0 Leclanch\u00e9 d&rsquo;acc\u00e9der \u00e0 des informations pr\u00e9cieuses qui pourront servir au d\u00e9veloppement futur de l&rsquo;entreprise. Nous croyons que la vaste exp\u00e9rience financi\u00e8re de M. Fargas ainsi que sa position ind\u00e9pendante, font de lui le candidat id\u00e9al pour soutenir les priorit\u00e9s actuelles et futures de Leclanch\u00e9 de la fa\u00e7on la plus efficace possible. L&rsquo;\u00e9lection de M. Fargas permettrait \u00e9galement aux administrateurs ind\u00e9pendants de conserver le contr\u00f4le du Conseil d\u2019Administration \u00bb.<\/p>\n<p>Par ailleurs, le Conseil d&rsquo;Administration souhaite informer les actionnaires de la Soci\u00e9t\u00e9 que M. Antoine Spillmann, en sa qualit\u00e9 de repr\u00e9sentant de Bruellan Corporate Governance Action Fund (un actionnaire important de la Soci\u00e9t\u00e9), a inform\u00e9 le Conseil d&rsquo;Administration de son intention de proposer \u00e0 l&rsquo;Assembl\u00e9e G\u00e9n\u00e9rale Ordinaire qui se tiendra le 9 mai 2019, l&rsquo;\u00e9lection de M. Jacques Boppe, 38 ans, au Conseil d&rsquo;Administration, pour le m\u00eame poste d&rsquo;administrateur ind\u00e9pendant.<\/p>\n<p>M. Boppe est de nationalit\u00e9 suisse et travaille actuellement en tant que consultant ind\u00e9pendant sur des projets de micro-r\u00e9seaux. M. Boppe poss\u00e8de plus de dix ans d&rsquo;exp\u00e9rience dans le secteur des \u00e9nergies renouvelables. Il a travaill\u00e9 deux ans chez Leclanch\u00e9 en tant que VP Business Development, Marketing\/Investor Relations et deux ans en tant que Managing Director de Swiss Green Electricity Management, une soci\u00e9t\u00e9 de financement pour la construction et l&rsquo;exploitation d\u2019installations de stockage d&rsquo;\u00e9nergie. Il a \u00e9t\u00e9 CEO et co-fondateur d&rsquo;une start-up de l&rsquo;EPFL d\u00e9veloppant des \u00e9oliennes pour la transition \u00e9nerg\u00e9tique et pour des projets en Chine et en Suisse.<\/p>\n<p>Auparavant, M. Boppe a travaill\u00e9 sur plusieurs projets de stockage d&rsquo;\u00e9nergie r\u00e9seaux et micro-r\u00e9seaux aux \u00c9tats-Unis, au Canada, au Portugal, au Chili et en Namibie. M. Boppe a commenc\u00e9 sa carri\u00e8re en tant que banquier d&rsquo;affaires pendant six ans au Credit Suisse et chez Huaxing \u00e0 Hong Kong et en Chine. M. Boppe est dipl\u00f4m\u00e9 de l&rsquo;EPFL en microtechnique, de l&rsquo;Universit\u00e9 de Cambridge (Royaume-Uni) et a obtenu un MBA \u00e0 l&rsquo;INSEAD.<\/p>\n<p><sup>1<\/sup> FEFAM signifie : AM INVESTMENT SCA, SICAV-SIF &#8211; Compartiment Liquid Assets, ainsi que FINEXIS EQUITY FUND &#8211; Renewable Energy Compartiment, FINEXIS EQUITY FUND &#8211; Multi Asset Strategy Compartiment, FINEXIS EQUITY FUND &#8211; E Money Strategies (\u00e9galement appel\u00e9 Energy Storage Invest) et, tous ces fonds \u00e9tant globalement le principal actionnaire de Leclanch\u00e9, ci-apr\u00e8s d\u00e9nomm\u00e9s \u00ab FEFAM \u00bb.<\/p>\n<h2>\u00c0 propos de Leclanch\u00e9<\/h2>\n<p>L\u2019entreprise suisse Leclanch\u00e9 SA (SIX : LECN) est l\u2019un des principaux fournisseurs de solutions de stockage d\u2019\u00e9nergie de qualit\u00e9, con\u00e7ues pour acc\u00e9l\u00e9rer notre progr\u00e8s vers une \u00e9nergie propre.<\/p>\n<p>L\u2019histoire et l\u2019h\u00e9ritage de Leclanch\u00e9 sont enracin\u00e9s dans plus d\u2019un si\u00e8cle d\u2019innovation en mati\u00e8re de stockage d\u2019\u00e9nergie et de batteries. La soci\u00e9t\u00e9 est un grand fournisseur international de solutions de stockage d\u2019\u00e9nergie qui, combin\u00e9es \u00e0 la tradition suisse de pr\u00e9cision et \u00e0 une ing\u00e9nierie de pointe, continuent de faire de Leclanch\u00e9 le partenaire de choix des soci\u00e9t\u00e9s \u00e9tablies, des entreprises novatrices et des gouvernements qui explorent les \u00e9volutions positives de la production, de la distribution et de la consommation d\u2019\u00e9nergie dans le monde.<\/p>\n<p>La transition \u00e9nerg\u00e9tique passe avant tout par la transformation de nos r\u00e9seaux d\u2019\u00e9lectricit\u00e9 et par les progr\u00e8s de tous les types de v\u00e9hicules \u00e9lectriques, deux march\u00e9s finaux qui forment l\u2019\u00e9pine dorsale de notre strat\u00e9gie et de notre mod\u00e8le d\u2019affaires. L\u2019entreprise est au c\u0153ur de la convergence entre l\u2019\u00e9lectrification du transport et l\u2019\u00e9volution du r\u00e9seau de distribution. Leclanch\u00e9, inscrite \u00e0 la Bourse suisse, est la seule soci\u00e9t\u00e9 cot\u00e9e au monde exclusivement d\u00e9di\u00e9e au stockage d\u2019\u00e9nergie.<\/p>\n<p>SIX Swiss Exchange: ticker symbol LECN | ISIN CH 011 030 311 9<\/p>\n<h2>Avis de non-responsabilit\u00e9<\/h2>\n<p>Ce communiqu\u00e9 de presse contient des pr\u00e9visions relatives aux activit\u00e9s de Leclanch\u00e9. Ces pr\u00e9visions sont caract\u00e9ris\u00e9es par l\u2019emploi de termes tels que \u00ab strat\u00e9gique \u00bb, \u00ab envisage \u00bb, \u00ab lancer \u00bb, \u00ab fera \u00bb,<\/p>\n<p>\u00ab planifi\u00e9 \u00bb, \u00ab attendu \u00bb, \u00ab engagement \u00bb, \u00ab attend \u00bb, \u00ab d\u00e9finit \u00bb, \u00ab pr\u00e9pare \u00bb, \u00ab plans \u00bb, \u00ab estimations \u00bb,<\/p>\n<p>\u00ab objectifs \u00bb, \u00ab pourrait \u00bb, \u00ab potentiel \u00bb, \u00ab en attente \u00bb, \u00ab estim\u00e9 \u00bb, \u00ab proposition \u00bb ou de tout autre expression similaire ; ou par des discussions portant explicitement ou non, sur l\u2019accroissement des capacit\u00e9s de production de Leclanch\u00e9, les applications potentielles des futurs produits, les revenus pouvant \u00eatre g\u00e9n\u00e9r\u00e9s par ces produits ou le chiffre d\u2019affaires potentiel de Leclanch\u00e9 ou de ses unit\u00e9s op\u00e9rationnelles.<\/p>\n<p>Vous ne devez pas vous y fier outre mesure. Ces pr\u00e9visions rendent compte du point de vue actuel de Leclanch\u00e9 sur les \u00e9v\u00e9nements \u00e0 venir. Elles sont soumises \u00e0 des risques connus ou inconnus, \u00e0 des incertitudes et \u00e0 d\u2019autres facteurs pouvant causer des \u00e9carts entre les r\u00e9ussites, les performances et des r\u00e9sultats r\u00e9ellement obtenus et ceux mentionn\u00e9s ou sous-entendus dans lesdites pr\u00e9visions. Le chiffre d\u2019affaires g\u00e9n\u00e9r\u00e9 par les produits Leclanch\u00e9 ne peut \u00eatre garanti. De m\u00eame, il est impossible de garantir les futurs r\u00e9sultats financiers obtenus par Leclanch\u00e9 ou ses unit\u00e9s op\u00e9rationnelles.<\/p>\n<h2>Contacts<\/h2>\n<h3>Contacts m\u00e9dias:<\/h3>\n<h4>Europe\/monde:<\/h4>\n<p>Desiree Maghoo<br \/>\nT: +44 (0) 7775 522 740<br \/>\nE-mail: <a>dmaghoo@questorconsulting.com<\/a><\/p>\n<p>Laure Lagrange<br \/>\nT : +44 (0) 7768 698 731<br \/>\nE-mail : <a>llagrange@questorconsulting.com<\/a><\/p>\n<h4>Suisse:<\/h4>\n<p>Thierry Meyer<br \/>\nT: +41 (0) 79 785 35 81<br \/>\nE-mail: <a>tme@dynamicsgroup.ch<\/a><\/p>\n<p>Thomas Balmer<br \/>\nT : +41 (0) 79 703 87 28<br \/>\nE-mail : <a>tba@dynamicsgroup.ch<\/a><\/p>\n<h4>Etats-Unis et Canada:<\/h4>\n<p>Rick Anderson<br \/>\nT: +1-718-986-1596<\/p>\n<p>Henry Feintuch<br \/>\nT: +1-212-808-4901<br \/>\nE-mail: <a>leclanche@feintuchpr.com<\/a><\/p>\n<h4>Relations investisseurs :<\/h4>\n<p>Anil Srivastava \/ Hubert Angleys<br \/>\nT: +41 (0) 24 424 65 00<br \/>\nE-mail: <a>invest.leclanche@leclanche.com<\/a><\/p>\n","protected":false},"excerpt":{"rendered":"<p>Yverdon-les-Bains (Suisse), le 6 mai 2019 : Outre la proposition faite dans le communiqu\u00e9 de presse du 16 avril 2019 proposant l&rsquo;\u00e9lection de M. B\u00e9n\u00e9dict Fontanet, pr\u00e9sent\u00e9 au Conseil d&rsquo;Administration par Golden Partner repr\u00e9sentant les int\u00e9r\u00eats de FEFAM1, actionnaire majoritaire de Leclanch\u00e9, dans sa volont\u00e9 de pr\u00e9server son ind\u00e9pendance, le Conseil d&rsquo;Administration de Leclanch\u00e9 SA [&hellip;]<\/p>\n","protected":false},"author":2,"featured_media":0,"comment_status":"closed","ping_status":"open","sticky":false,"template":"","format":"standard","meta":{"footnotes":""},"categories":[45,108,46],"tags":[],"class_list":["post-9795","post","type-post","status-publish","format-standard","hentry","category-actualite","category-autres-communiques-de-presse","category-communiques-de-presse-fr"],"yoast_head":"<!-- This site is optimized with the Yoast SEO plugin v26.4 - https:\/\/yoast.com\/wordpress\/plugins\/seo\/ -->\n<title>Proposition pour l&#039;\u00e9lection d&#039;un nouveau membre ind\u00e9pendant au Conseil d&#039;Administration de Leclanch\u00e9 SA - Leclanch\u00e9<\/title>\n<meta name=\"description\" content=\"Yverdon-les-Bains (Suisse), le 6 mai 2019 : Outre la proposition faite dans le communiqu\u00e9 de presse du 16 avril 2019 proposant l&#039;\u00e9lection de M. B\u00e9n\u00e9dict\" \/>\n<meta name=\"robots\" content=\"index, follow, max-snippet:-1, max-image-preview:large, max-video-preview:-1\" \/>\n<link rel=\"canonical\" href=\"https:\/\/www.leclanche.com\/fr\/proposition-pour-lelection-dun-nouveau-membre-independant-au-conseil-dadministration-de-leclanche-sa\/\" \/>\n<meta property=\"og:locale\" content=\"fr_FR\" \/>\n<meta property=\"og:type\" content=\"article\" \/>\n<meta property=\"og:title\" content=\"Proposition pour l&#039;\u00e9lection d&#039;un nouveau membre ind\u00e9pendant au Conseil d&#039;Administration de Leclanch\u00e9 SA - Leclanch\u00e9\" \/>\n<meta property=\"og:description\" content=\"Yverdon-les-Bains (Suisse), le 6 mai 2019 : Outre la proposition faite dans le communiqu\u00e9 de presse du 16 avril 2019 proposant l&#039;\u00e9lection de M. B\u00e9n\u00e9dict\" \/>\n<meta property=\"og:url\" content=\"https:\/\/www.leclanche.com\/fr\/proposition-pour-lelection-dun-nouveau-membre-independant-au-conseil-dadministration-de-leclanche-sa\/\" \/>\n<meta property=\"og:site_name\" content=\"Leclanch\u00e9\" \/>\n<meta property=\"article:published_time\" content=\"2019-05-06T04:08:04+00:00\" \/>\n<meta property=\"article:modified_time\" content=\"2021-04-28T12:31:02+00:00\" \/>\n<meta name=\"author\" content=\"Annick.Bid\" \/>\n<meta name=\"twitter:card\" content=\"summary_large_image\" \/>\n<meta name=\"twitter:label1\" content=\"\u00c9crit par\" \/>\n\t<meta name=\"twitter:data1\" content=\"Annick.Bid\" \/>\n\t<meta name=\"twitter:label2\" content=\"Dur\u00e9e de lecture estim\u00e9e\" \/>\n\t<meta name=\"twitter:data2\" content=\"7 minutes\" \/>\n<script type=\"application\/ld+json\" class=\"yoast-schema-graph\">{\"@context\":\"https:\/\/schema.org\",\"@graph\":[{\"@type\":\"WebPage\",\"@id\":\"https:\/\/www.leclanche.com\/fr\/proposition-pour-lelection-dun-nouveau-membre-independant-au-conseil-dadministration-de-leclanche-sa\/\",\"url\":\"https:\/\/www.leclanche.com\/fr\/proposition-pour-lelection-dun-nouveau-membre-independant-au-conseil-dadministration-de-leclanche-sa\/\",\"name\":\"Proposition pour l'\u00e9lection d'un nouveau membre ind\u00e9pendant au Conseil d'Administration de Leclanch\u00e9 SA - Leclanch\u00e9\",\"isPartOf\":{\"@id\":\"https:\/\/www.leclanche.com\/fr\/#website\"},\"datePublished\":\"2019-05-06T04:08:04+00:00\",\"dateModified\":\"2021-04-28T12:31:02+00:00\",\"author\":{\"@id\":\"https:\/\/www.leclanche.com\/fr\/#\/schema\/person\/7ef725388a3f2b409a32cfa92059aa64\"},\"description\":\"Yverdon-les-Bains (Suisse), le 6 mai 2019 : Outre la proposition faite dans le communiqu\u00e9 de presse du 16 avril 2019 proposant l'\u00e9lection de M. B\u00e9n\u00e9dict\",\"breadcrumb\":{\"@id\":\"https:\/\/www.leclanche.com\/fr\/proposition-pour-lelection-dun-nouveau-membre-independant-au-conseil-dadministration-de-leclanche-sa\/#breadcrumb\"},\"inLanguage\":\"fr-FR\",\"potentialAction\":[{\"@type\":\"ReadAction\",\"target\":[\"https:\/\/www.leclanche.com\/fr\/proposition-pour-lelection-dun-nouveau-membre-independant-au-conseil-dadministration-de-leclanche-sa\/\"]}]},{\"@type\":\"BreadcrumbList\",\"@id\":\"https:\/\/www.leclanche.com\/fr\/proposition-pour-lelection-dun-nouveau-membre-independant-au-conseil-dadministration-de-leclanche-sa\/#breadcrumb\",\"itemListElement\":[{\"@type\":\"ListItem\",\"position\":1,\"name\":\"Accueil\",\"item\":\"https:\/\/www.leclanche.com\/fr\/\"},{\"@type\":\"ListItem\",\"position\":2,\"name\":\"Proposition pour l&#8217;\u00e9lection d&#8217;un nouveau membre ind\u00e9pendant au Conseil d&#8217;Administration de Leclanch\u00e9 SA\"}]},{\"@type\":\"WebSite\",\"@id\":\"https:\/\/www.leclanche.com\/fr\/#website\",\"url\":\"https:\/\/www.leclanche.com\/fr\/\",\"name\":\"Leclanch\u00e9\",\"description\":\"Energy Storage Solutions\",\"potentialAction\":[{\"@type\":\"SearchAction\",\"target\":{\"@type\":\"EntryPoint\",\"urlTemplate\":\"https:\/\/www.leclanche.com\/fr\/?s={search_term_string}\"},\"query-input\":{\"@type\":\"PropertyValueSpecification\",\"valueRequired\":true,\"valueName\":\"search_term_string\"}}],\"inLanguage\":\"fr-FR\"},{\"@type\":\"Person\",\"@id\":\"https:\/\/www.leclanche.com\/fr\/#\/schema\/person\/7ef725388a3f2b409a32cfa92059aa64\",\"name\":\"Annick.Bid\",\"image\":{\"@type\":\"ImageObject\",\"inLanguage\":\"fr-FR\",\"@id\":\"https:\/\/www.leclanche.com\/fr\/#\/schema\/person\/image\/\",\"url\":\"https:\/\/secure.gravatar.com\/avatar\/0fe6baaabc318280db3d0e10c43b8017aa89b961c16e819765bd4fb65396af34?s=96&d=mm&r=g\",\"contentUrl\":\"https:\/\/secure.gravatar.com\/avatar\/0fe6baaabc318280db3d0e10c43b8017aa89b961c16e819765bd4fb65396af34?s=96&d=mm&r=g\",\"caption\":\"Annick.Bid\"},\"url\":\"https:\/\/www.leclanche.com\/fr\/author\/annick-bid\/\"}]}<\/script>\n<!-- \/ Yoast SEO plugin. -->","yoast_head_json":{"title":"Proposition pour l'\u00e9lection d'un nouveau membre ind\u00e9pendant au Conseil d'Administration de Leclanch\u00e9 SA - Leclanch\u00e9","description":"Yverdon-les-Bains (Suisse), le 6 mai 2019 : Outre la proposition faite dans le communiqu\u00e9 de presse du 16 avril 2019 proposant l'\u00e9lection de M. B\u00e9n\u00e9dict","robots":{"index":"index","follow":"follow","max-snippet":"max-snippet:-1","max-image-preview":"max-image-preview:large","max-video-preview":"max-video-preview:-1"},"canonical":"https:\/\/www.leclanche.com\/fr\/proposition-pour-lelection-dun-nouveau-membre-independant-au-conseil-dadministration-de-leclanche-sa\/","og_locale":"fr_FR","og_type":"article","og_title":"Proposition pour l'\u00e9lection d'un nouveau membre ind\u00e9pendant au Conseil d'Administration de Leclanch\u00e9 SA - Leclanch\u00e9","og_description":"Yverdon-les-Bains (Suisse), le 6 mai 2019 : Outre la proposition faite dans le communiqu\u00e9 de presse du 16 avril 2019 proposant l'\u00e9lection de M. B\u00e9n\u00e9dict","og_url":"https:\/\/www.leclanche.com\/fr\/proposition-pour-lelection-dun-nouveau-membre-independant-au-conseil-dadministration-de-leclanche-sa\/","og_site_name":"Leclanch\u00e9","article_published_time":"2019-05-06T04:08:04+00:00","article_modified_time":"2021-04-28T12:31:02+00:00","author":"Annick.Bid","twitter_card":"summary_large_image","twitter_misc":{"\u00c9crit par":"Annick.Bid","Dur\u00e9e de lecture estim\u00e9e":"7 minutes"},"schema":{"@context":"https:\/\/schema.org","@graph":[{"@type":"WebPage","@id":"https:\/\/www.leclanche.com\/fr\/proposition-pour-lelection-dun-nouveau-membre-independant-au-conseil-dadministration-de-leclanche-sa\/","url":"https:\/\/www.leclanche.com\/fr\/proposition-pour-lelection-dun-nouveau-membre-independant-au-conseil-dadministration-de-leclanche-sa\/","name":"Proposition pour l'\u00e9lection d'un nouveau membre ind\u00e9pendant au Conseil d'Administration de Leclanch\u00e9 SA - Leclanch\u00e9","isPartOf":{"@id":"https:\/\/www.leclanche.com\/fr\/#website"},"datePublished":"2019-05-06T04:08:04+00:00","dateModified":"2021-04-28T12:31:02+00:00","author":{"@id":"https:\/\/www.leclanche.com\/fr\/#\/schema\/person\/7ef725388a3f2b409a32cfa92059aa64"},"description":"Yverdon-les-Bains (Suisse), le 6 mai 2019 : Outre la proposition faite dans le communiqu\u00e9 de presse du 16 avril 2019 proposant l'\u00e9lection de M. B\u00e9n\u00e9dict","breadcrumb":{"@id":"https:\/\/www.leclanche.com\/fr\/proposition-pour-lelection-dun-nouveau-membre-independant-au-conseil-dadministration-de-leclanche-sa\/#breadcrumb"},"inLanguage":"fr-FR","potentialAction":[{"@type":"ReadAction","target":["https:\/\/www.leclanche.com\/fr\/proposition-pour-lelection-dun-nouveau-membre-independant-au-conseil-dadministration-de-leclanche-sa\/"]}]},{"@type":"BreadcrumbList","@id":"https:\/\/www.leclanche.com\/fr\/proposition-pour-lelection-dun-nouveau-membre-independant-au-conseil-dadministration-de-leclanche-sa\/#breadcrumb","itemListElement":[{"@type":"ListItem","position":1,"name":"Accueil","item":"https:\/\/www.leclanche.com\/fr\/"},{"@type":"ListItem","position":2,"name":"Proposition pour l&#8217;\u00e9lection d&#8217;un nouveau membre ind\u00e9pendant au Conseil d&#8217;Administration de Leclanch\u00e9 SA"}]},{"@type":"WebSite","@id":"https:\/\/www.leclanche.com\/fr\/#website","url":"https:\/\/www.leclanche.com\/fr\/","name":"Leclanch\u00e9","description":"Energy Storage Solutions","potentialAction":[{"@type":"SearchAction","target":{"@type":"EntryPoint","urlTemplate":"https:\/\/www.leclanche.com\/fr\/?s={search_term_string}"},"query-input":{"@type":"PropertyValueSpecification","valueRequired":true,"valueName":"search_term_string"}}],"inLanguage":"fr-FR"},{"@type":"Person","@id":"https:\/\/www.leclanche.com\/fr\/#\/schema\/person\/7ef725388a3f2b409a32cfa92059aa64","name":"Annick.Bid","image":{"@type":"ImageObject","inLanguage":"fr-FR","@id":"https:\/\/www.leclanche.com\/fr\/#\/schema\/person\/image\/","url":"https:\/\/secure.gravatar.com\/avatar\/0fe6baaabc318280db3d0e10c43b8017aa89b961c16e819765bd4fb65396af34?s=96&d=mm&r=g","contentUrl":"https:\/\/secure.gravatar.com\/avatar\/0fe6baaabc318280db3d0e10c43b8017aa89b961c16e819765bd4fb65396af34?s=96&d=mm&r=g","caption":"Annick.Bid"},"url":"https:\/\/www.leclanche.com\/fr\/author\/annick-bid\/"}]}},"_links":{"self":[{"href":"https:\/\/www.leclanche.com\/fr\/wp-json\/wp\/v2\/posts\/9795","targetHints":{"allow":["GET"]}}],"collection":[{"href":"https:\/\/www.leclanche.com\/fr\/wp-json\/wp\/v2\/posts"}],"about":[{"href":"https:\/\/www.leclanche.com\/fr\/wp-json\/wp\/v2\/types\/post"}],"author":[{"embeddable":true,"href":"https:\/\/www.leclanche.com\/fr\/wp-json\/wp\/v2\/users\/2"}],"replies":[{"embeddable":true,"href":"https:\/\/www.leclanche.com\/fr\/wp-json\/wp\/v2\/comments?post=9795"}],"version-history":[{"count":1,"href":"https:\/\/www.leclanche.com\/fr\/wp-json\/wp\/v2\/posts\/9795\/revisions"}],"predecessor-version":[{"id":9798,"href":"https:\/\/www.leclanche.com\/fr\/wp-json\/wp\/v2\/posts\/9795\/revisions\/9798"}],"wp:attachment":[{"href":"https:\/\/www.leclanche.com\/fr\/wp-json\/wp\/v2\/media?parent=9795"}],"wp:term":[{"taxonomy":"category","embeddable":true,"href":"https:\/\/www.leclanche.com\/fr\/wp-json\/wp\/v2\/categories?post=9795"},{"taxonomy":"post_tag","embeddable":true,"href":"https:\/\/www.leclanche.com\/fr\/wp-json\/wp\/v2\/tags?post=9795"}],"curies":[{"name":"wp","href":"https:\/\/api.w.org\/{rel}","templated":true}]}}