{"id":9813,"date":"2019-04-05T06:08:50","date_gmt":"2019-04-05T04:08:50","guid":{"rendered":"https:\/\/www.leclanche.com\/leclanche-annonce-ses-resultats-annuels-2018-une-croissance-record-de-son-chiffre-daffaires-et-un-carnet-de-commandes-solide-pour-2019-et-au-dela\/"},"modified":"2019-04-05T06:08:50","modified_gmt":"2019-04-05T04:08:50","slug":"leclanche-annonce-ses-resultats-annuels-2018-une-croissance-record-de-son-chiffre-daffaires-et-un-carnet-de-commandes-solide-pour-2019-et-au-dela","status":"publish","type":"post","link":"https:\/\/www.leclanche.com\/fr\/leclanche-annonce-ses-resultats-annuels-2018-une-croissance-record-de-son-chiffre-daffaires-et-un-carnet-de-commandes-solide-pour-2019-et-au-dela\/","title":{"rendered":"Leclanch\u00e9 annonce ses r\u00e9sultats annuels 2018, une croissance record de son chiffre d&rsquo;affaires et un carnet de commandes solide pour 2019 et au-del\u00e0"},"content":{"rendered":"<ul>\n<li><em>Chiffre d&rsquo;affaires record en 22 ans, soit plus de 2,7 fois le chiffre d&rsquo;affaires de 2017<\/em><\/li>\n<li><em>Perte d&rsquo;EBITDA en pourcentage du chiffre d&rsquo;affaires r\u00e9duite de plus de moiti\u00e9<\/em><\/li>\n<li><em>D\u00e9passement de l&rsquo;objectif de 100 MWh en exploitation commerciale dans le secteur stationnaire<\/em><\/li>\n<li><em>Un carnet de commandes solide pour 2020 afin d&rsquo;offrir des marges plus \u00e9lev\u00e9es et des sources de revenus r\u00e9currentes<\/em><\/li>\n<li><em>De bonnes perspectives pour l&rsquo;activit\u00e9 e-Transport<\/em><\/li>\n<li><em>Nouvelle injection de capital de croissance de CHF 35 millions pour le fonds de roulement<\/em><\/li>\n<li><em>Renforcement du bilan par un accord de conversion de CHF 35,9 millions de dettes en fonds propres<\/em><\/li>\n<li><em>Leclanch\u00e9 passe au vert : 110 ans d\u2019h\u00e9ritage pour un avenir durable<\/em><\/li>\n<li><em>Rapport annuel 2018 publi\u00e9 aujourd&rsquo;hui<\/em><\/li>\n<\/ul>\n<p>Chiffres cl\u00e9s<\/p>\n<table border=\"0\" cellspacing=\"0\" cellpadding=\"0\">\n<tbody>\n<tr>\n<th>(En millions de CHF)<\/th>\n<th>FY 2018<\/th>\n<th>FY 2017<\/th>\n<th>FY 2016<\/th>\n<th>FY2015<\/th>\n<\/tr>\n<tr>\n<td>Chiffre d\u2019Affaires<\/td>\n<td>48.7<\/td>\n<td>18.0<\/td>\n<td>28.5<\/td>\n<td>18.2<\/td>\n<\/tr>\n<tr>\n<td>EBITDA<\/td>\n<td>-39.1<\/td>\n<td>-31.8<\/td>\n<td>-28.4<\/td>\n<td>-26.0<\/td>\n<\/tr>\n<tr>\n<td>EBITDA en % du C.A.<\/td>\n<td>-80%<\/td>\n<td>-177%<\/td>\n<td>-100%<\/td>\n<td>-143%<\/td>\n<\/tr>\n<\/tbody>\n<\/table>\n<p>YVERDON-LES-BAINS, Suisse, le 5 avril 2019 : Leclanch\u00e9 SA (SIX : LECN), l&rsquo;un des leaders mondiaux des solutions de stockage d&rsquo;\u00e9nergie, annonce aujourd&rsquo;hui ses r\u00e9sultats pour l&rsquo;exercice clos le 31 d\u00e9cembre 2018.<\/p>\n<p>Le chiffre d&rsquo;affaires consolid\u00e9 de l&rsquo;exercice 2018 s&rsquo;est \u00e9lev\u00e9 \u00e0 49 millions de CHF, contre 18 millions de CHF en 2017, un record depuis 22 ans et plus de 2,7 fois le chiffre d&rsquo;affaires de 2017.<\/p>\n<p>La perte EBITDA de l&rsquo;exercice s&rsquo;\u00e9l\u00e8ve \u00e0 CHF (39,1) millions contre CHF (31,8) millions l&rsquo;ann\u00e9e pr\u00e9c\u00e9dente. En pourcentage du chiffre d\u2019affaires, la perte EBITDA a diminu\u00e9 de plus de moiti\u00e9 par rapport \u00e0 2017.<\/p>\n<p>L\u2019organisation a continu\u00e9 de s&rsquo;agrandir en 2018 avec le recrutement de pr\u00e8s de 100 personnes. Les d\u00e9penses op\u00e9rationnelles se stabilisent et devraient \u00eatre conformes aux normes de l&rsquo;industrie en 2020. Cette situation, conjugu\u00e9e \u00e0 un taux d&rsquo;utilisation<\/p>\n<p>plus \u00e9lev\u00e9 de la capacit\u00e9 de production combin\u00e9 avec une r\u00e9duction du taux de rebus, am\u00e9lioreront la comp\u00e9titivit\u00e9 et la rentabilit\u00e9 \u00e0 long terme de la Soci\u00e9t\u00e9.<\/p>\n<p>En 2018, Leclanch\u00e9 a obtenu des commandes de plus de 75 MWh ou CHF 42 millions dans l&rsquo;activit\u00e9 e-Transport, qui seront livr\u00e9es en 2019 et 2020. Leclanch\u00e9 est devenu le leader europ\u00e9en sur le march\u00e9 en forte croissance de l&rsquo;e-Marine et a gagn\u00e9 des clients leaders dans le monde entier sur les march\u00e9s des bus \u00e9lectriques, des camions et des trains.<\/p>\n<h3>Le point sur le financement<\/h3>\n<p>La Soci\u00e9t\u00e9 a obtenu une ligne de cr\u00e9dit suppl\u00e9mentaire et a restructur\u00e9 son bilan. Toutes les \u00e9ch\u00e9ances de la dette \u00e0 court terme ont \u00e9t\u00e9 prorog\u00e9es jusqu&rsquo;au 31 d\u00e9cembre 2020 et FEFAM<sup>1<\/sup>, le principal actionnaire de Leclanch\u00e9, s&rsquo;est engag\u00e9 \u00e0 convertir CHF 35,9 millions de sa dette d&rsquo;ici fin juin 2019.<\/p>\n<p>En plus des CHF 75 millions de financement garantis en juin 2018, les parties li\u00e9es \u00e0 Golden Partner ont convenu de fournir \u00e0 Leclanch\u00e9 une ligne de cr\u00e9dit de CHF 35 millions destin\u00e9e \u00e0 financer son fonds de roulement selon un calendrier de tirage d\u00e9fini. Le total des fonds lev\u00e9s \u00e0 ce jour destin\u00e9s \u00e0 financer la croissance de l\u2019entreprise s&rsquo;\u00e9l\u00e8ve ainsi \u00e0 CHF 200 millions.<\/p>\n<p>Anil Srivastava, CEO de Leclanch\u00e9, a d\u00e9clar\u00e9 : <em>\u00ab J&rsquo;ai le plaisir d&rsquo;annoncer que la Soci\u00e9t\u00e9 a respect\u00e9 et m\u00eame d\u00e9pass\u00e9 les pr\u00e9visions financi\u00e8res qu&rsquo;elle avait communiqu\u00e9es lors de l&rsquo;assembl\u00e9e des actionnaires de d\u00e9cembre dernier. 2018 a \u00e9t\u00e9 une ann\u00e9e m\u00e9morable et nos r\u00e9alisations sont une validation de la strat\u00e9gie de croissance que la Soci\u00e9t\u00e9 s&rsquo;est fix\u00e9e en 2015. Nous abordons 2019 avec un carnet de commandes solide et plus de CHF 60 millions de projets adjug\u00e9s, ce qui nous permettra d&rsquo;augmenter notre marge et de g\u00e9n\u00e9rer des revenus r\u00e9currents. La nouvelle activit\u00e9 e-Transport Solutions, en forte croissance, repr\u00e9sente 70% des commandes confirm\u00e9es, soit CHF 42 millions.<\/em><\/p>\n<p><em>L&rsquo;opportunit\u00e9 pour Leclanch\u00e9 est maintenant. Leclanch\u00e9 se positionne clairement comme l&rsquo;un des premiers fournisseurs mondiaux de solutions de stockage d&rsquo;\u00e9nergie, bas\u00e9 sur la propri\u00e9t\u00e9 \u00e0 100% de toutes les technologies cl\u00e9s. Le mod\u00e8le d&rsquo;exploitation de la Soci\u00e9t\u00e9 est ax\u00e9 sur une entreprise de syst\u00e8mes et de logiciels \u00e0 marge \u00e9lev\u00e9e, dans un march\u00e9 en croissance de 37 %, soutenu par des projets de solutions stationnaires \u00e0 revenus \u00e9lev\u00e9s et des solutions de transport \u00e9lectronique \u00e0 marge \u00e9lev\u00e9e g\u00e9n\u00e9rant des revenus r\u00e9currents.<\/em><\/p>\n<p><em>Nous avons fait une entr\u00e9e strat\u00e9gique en Inde, qui devrait \u00eatre l&rsquo;un des plus importants march\u00e9s des v\u00e9hicules \u00e9lectriques au monde, par le biais d&rsquo;une coentreprise exclusive (JV) avec Exide Industries Limited. En vertu de cet accord, la JV recevra une licence perp\u00e9tuelle pour toutes les technologies propri\u00e9taires de Leclanch\u00e9 utilis\u00e9es en Inde moyennant une redevance. Le choix d&rsquo;Exide Industries et l&rsquo;importante redevance de licence de propri\u00e9t\u00e9 intellectuelle vers\u00e9e \u00e0 Leclanch\u00e9 repr\u00e9sentent un appui industriel majeur de nos technologies et donnent un coup de pouce \u00e0 la valeur sous-jacente de la Soci\u00e9t\u00e9.<\/em><\/p>\n<p><em>Dans l&rsquo;activit\u00e9 Stationary Solutions, nous avons d\u00e9pass\u00e9 le jalon important de 100 MWh de projets de stockage fixes install\u00e9s et en exploitation dans le monde entier,<\/em><\/p>\n<p><em>y compris des projets r\u00e9plicables qui font date et qui accroissent l&rsquo;int\u00e9gration des \u00e9nergies renouvelables dans nos r\u00e9seaux et r\u00e9duisent les coupures. Il s&rsquo;agit notamment du projet Marengo de 20 MW\/ 19,5 MWh sur le march\u00e9 du PJM en Am\u00e9rique du Nord, l&rsquo;un des projets les plus performants du PJM, et de la centrale de stockage de 22 MW\/ 34,8 MWh de Cremzow en Allemagne r\u00e9alis\u00e9e en partenariat avec Enel Green Power et ENERTRAG. \u00bb<\/em><\/p>\n<p>Cette semaine, la soci\u00e9t\u00e9 a d\u00e9voil\u00e9 sa nouvelle identit\u00e9 visuelle, qui refl\u00e8te \u00e0 la fois l&rsquo;\u00e9volution innovante de la soci\u00e9t\u00e9 en tant qu&rsquo;acteur cl\u00e9 de la transition \u00e9nerg\u00e9tique durable, et l\u2019importance de l&rsquo;h\u00e9ritage de 110 ans d&rsquo;histoire technologique suisse, faite de qualit\u00e9 et de pr\u00e9cision, et d&rsquo;ing\u00e9nierie allemande. Le logo Leclanch\u00e9, qui comprend d\u00e9sormais une gradation verte, exprime la mission de la soci\u00e9t\u00e9 et les opportunit\u00e9s de croissance qui s&rsquo;offrent \u00e0 elle dans les segments o\u00f9 elle s&rsquo;est implant\u00e9e : Stationary Solutions, e-Transport Solutions et Specialty Battery Systems.<\/p>\n<h3>R\u00e9sultats financiers<\/h3>\n<p>Pour plus de d\u00e9tails, veuillez vous r\u00e9f\u00e9rer au rapport annuel 2018 complet qui est disponible sur le site Internet de la Soci\u00e9t\u00e9\u202f: <a href=\"https:\/\/www.leclanche.com\/investor-relations\/financial-reports\/\">https:\/\/www.leclanche.com\/investor-<\/a><a href=\"https:\/\/www.leclanche.com\/investor-relations\/financial-reports\/\">relations\/financial-reports\/<\/a><\/p>\n<p>Faits saillants de l\u2019exercice \u00e9coul\u00e9<\/p>\n<ul>\n<li>100 MWh de projets de stockage stationnaire dans le mondeLeclanch\u00e9 a franchi une \u00e9tape importante en d\u00e9cembre 2018 lorsqu&rsquo;elle a atteint 100 MWh de projets de stockage stationnaire dans le monde entier, y compris des projets phares reproductibles qui acc\u00e9l\u00e8rent l&rsquo;int\u00e9gration des \u00e9nergies renouvelables dans le r\u00e9seau. Pour plus de d\u00e9tails sur les projets achev\u00e9s, veuillez consulter notre site Internet \u00e0 l&rsquo;adresse <a href=\"https:\/\/www.leclanche.com\/stationary-solutions\/\">https:\/\/www.leclanche.com\/stationary-solutions\/<\/a><\/li>\n<li>Nexcharge : Joint-Venture avec Exide Industries Limited en Inde<br \/>\nEn juin 2018, Leclanch\u00e9 a fait une entr\u00e9e strat\u00e9gique en Inde en formant une joint-venture (Nexcharge) avec Exide Industries pour construire des batteries lithium-ion et des solutions de stockage d&rsquo;\u00e9nergie afin d&rsquo;alimenter le march\u00e9 indien des v\u00e9hicules \u00e9lectriques, qui devrait \u00eatre l&rsquo;un des plus importants march\u00e9s mondiaux.L&rsquo;usine de Nexcharge est en cours de construction \u00e0 l&rsquo;ext\u00e9rieur de la ville deG\u0101ndh\u012bnagar, dans l&rsquo;\u00e9tat du Gujarat en Inde.<br \/>\nL&rsquo;usine de production de modules et de batteries devrait \u00eatre op\u00e9rationnelle d&rsquo;ici fin juin 2019. L&rsquo;objectif est de disposer d&rsquo;une ligne de production d\u2019une capacit\u00e9 de 3 millions de cellules par an d&rsquo;ici 2021. La capacit\u00e9 totale du site atteindra environ 1,5 GWh\/an.<\/li>\n<li>Usine de Willst\u00e4tt<br \/>\nPour faire face \u00e0 la croissance rapide du carnet de commandes, CHF 10 millions ont \u00e9t\u00e9 engag\u00e9s afin d&rsquo;augmenter la capacit\u00e9 de production de cellules. L&rsquo;utilisation de l&rsquo;usine devrait passer de 400K cellules en 2019 \u00e0 900K cellules en 2020 gr\u00e2ce \u00e0 la signature de commandes r\u00e9currentes dans les activit\u00e9s e-Transport Solutions et Robotique. Les volumes combin\u00e9s avec Nexcharge devraient atteindre plus de 2 GWh\/an \u00e0 partir de fin 2020.<\/li>\n<li>Consortium en Allemagne<br \/>\nEn janvier 2019, le gouvernement allemand a annonc\u00e9 un investissement de 500 millions d&rsquo;euros pour un programme de recherche combin\u00e9 avec la mise en place d&rsquo;une ligne pilote pour la fabrication de piles lithium-ion. Leclanch\u00e9 est le plus grand producteur de piles au lithium au sein d&rsquo;un consortium d&rsquo;entreprises qui participeront \u00e0 cette initiative. Notre objectif est d&rsquo;acc\u00e9l\u00e9rer la cr\u00e9ation d&rsquo;une industrie europ\u00e9enne comp\u00e9titive de fabrication de batteries. Leclanch\u00e9 GmbH a d\u00e9pos\u00e9 une notification d&rsquo;int\u00e9r\u00eat aupr\u00e8s du Minist\u00e8re f\u00e9d\u00e9ral allemand de l&rsquo;\u00e9conomie et de l&rsquo;\u00e9nergie dans le cadre du programme de l&rsquo;Union europ\u00e9enne intitul\u00e9 International Projects of Common Interest (IPCEI) conjointement avec des partenaires europ\u00e9ens majeurs, notamment Solvay, Umicore, CS Additive, PEC, Manz et SGL Carbon. La structure de partenariat couvrirait la R&amp;D et la production avec des sites en Pologne, en Belgique, en France, en Italie et en Allemagne.<\/li>\n<li>Acquisition de la suite logicielle Energy Management System (EMS) d&rsquo;Integrated Dynamics Inc. (IDI)<br \/>\nEn ao\u00fbt 2018, Leclanch\u00e9 a finalis\u00e9 l&rsquo;acquisition aupr\u00e8s d&rsquo;IDI de son EMS. Le syst\u00e8me a d\u00e9j\u00e0 \u00e9t\u00e9 install\u00e9 avec succ\u00e8s dans plusieurs projets. La Soci\u00e9t\u00e9 a recrut\u00e9 du personnel sur son site d\u2019Anderson, IN, pour acc\u00e9l\u00e9rer le d\u00e9veloppement de fonctionnalit\u00e9s ad hoc de son EMS et son installation dans diff\u00e9rents projets.<\/li>\n<\/ul>\n<h3>Organisation<\/h3>\n<ul>\n<li>Stefan Louis, qui \u00e9tait auparavant vice-pr\u00e9sident ex\u00e9cutif de e-Transport Solutions, a \u00e9t\u00e9 nomm\u00e9 CEO de Nexcharge, la joint-venture de Leclanch\u00e9 en Inde avec Exide Industries.<\/li>\n<li>Philip Broad, qui a rejoint la Soci\u00e9t\u00e9 en ao\u00fbt 2018, a \u00e9t\u00e9 nomm\u00e9 vice-pr\u00e9sident ex\u00e9cutif des e-Transport Solutions en mars 2019, en replacement de Stefan Louis.<\/li>\n<li>Notre \u00e9quipe de direction est maintenant la suivante<\/li>\n<\/ul>\n<table border=\"0\" cellspacing=\"0\" cellpadding=\"0\">\n<tbody>\n<tr>\n<th>Nom<\/th>\n<th>Fonction<\/th>\n<\/tr>\n<tr>\n<td>Anil Srivastava<\/td>\n<td>Chief Executive Officer<\/td>\n<\/tr>\n<tr>\n<td>ubert Angleys<\/td>\n<td>HChief Financial Officer et Chief Operating Officer<\/td>\n<\/tr>\n<tr>\n<td>Pierre Blanc<\/td>\n<td>Chief Technology and Industrial Officer<\/td>\n<\/tr>\n<tr>\n<td>Fabrizio Marzolini<\/td>\n<td>Executive Vice President, Specialty Battery Solutions<\/td>\n<\/tr>\n<tr>\n<td>Bryan Urban<\/td>\n<td>Executive Vice President, Stationary Solutions<\/td>\n<\/tr>\n<tr>\n<td>Philip Broad<\/td>\n<td>Executive Vice President, e-Transport Solutions<\/td>\n<\/tr>\n<\/tbody>\n<\/table>\n<ul>\n<li>Membres du Conseil d\u2019administration<br \/>\nEn d\u00e9cembre 2018, Stefan A. M\u00fcller a \u00e9t\u00e9 nomm\u00e9 pr\u00e9sident du Conseil d&rsquo;administration en remplacement de Jim Atack. Axel Joachim Maschka a rejoint le Conseil d&rsquo;administration.<\/li>\n<\/ul>\n<p><sup>1<\/sup> FEFAM signifie : AM INVESTMENT SCA, SICAV-SIF &#8211; Compartiment Liquid Assets, ainsi que FINEXIS<\/p>\n<p>EQUITY FUND &#8211; Renewable Energy Compartiment, FINEXIS EQUITY FUND &#8211; Multi Asset Strategy Compartiment, FINEXIS EQUITY FUND &#8211; E Money Strategies (\u00e9galement appel\u00e9 Energy Storage Invest) et, tous ces fonds \u00e9tant globalement le principal actionnaire de Leclanch\u00e9, ci-apr\u00e8s d\u00e9nomm\u00e9s \u00ab FEFAM \u00bb.<\/p>\n<div class=\"post-down-btn-container\"><\/div>\n<h2>A propos de Leclanch\u00e9<\/h2>\n<p>Leclanch\u00e9 SA, dont le si\u00e8ge social se trouve en Suisse, est l&rsquo;un des principaux fournisseurs de solutions de stockage d&rsquo;\u00e9nergie de haute qualit\u00e9 con\u00e7ues pour acc\u00e9l\u00e9rer nos progr\u00e8s vers un avenir \u00e9nerg\u00e9tique propre. L&rsquo;histoire et l&rsquo;h\u00e9ritage de Leclanch\u00e9 s&rsquo;enracinent dans plus de 100 ans d&rsquo;innovation en mati\u00e8re de batteries et de stockage d&rsquo;\u00e9nergie et la soci\u00e9t\u00e9 est un fournisseur de confiance de solutions de stockage d&rsquo;\u00e9nergie dans le monde entier. Ceci, combin\u00e9 \u00e0 la culture de l&rsquo;entreprise en mati\u00e8re d&rsquo;ing\u00e9nierie allemande, de pr\u00e9cision et de qualit\u00e9 suisse, fait de Leclanch\u00e9 le partenaire de choix des perturbateurs, des entreprises \u00e9tablies et des gouvernements qui sont \u00e0 l&rsquo;avant-garde des changements positifs dans la fa\u00e7on dont l&rsquo;\u00e9nergie est produite, distribu\u00e9e et consomm\u00e9e \u00e0 travers le monde. La transition \u00e9nerg\u00e9tique est principalement tir\u00e9e par les changements dans la gestion de nos r\u00e9seaux \u00e9lectriques et l&rsquo;\u00e9lectrification des transports, et ces deux march\u00e9s finaux constituent l&rsquo;\u00e9pine dorsale de notre strat\u00e9gie et de notre mod\u00e8le \u00e9conomique. Leclanch\u00e9 est au coeur de la convergence de l&rsquo;\u00e9lectrification des transports et de l&rsquo;\u00e9volution du r\u00e9seau de distribution. Leclanch\u00e9 est la seule entreprise de stockage d&rsquo;\u00e9nergie pure play cot\u00e9e au monde, organis\u00e9e en trois business units : solutions de stockage stationnaires, solutions e-Transport et syst\u00e8mes de batteries sp\u00e9cialis\u00e9es. Leclanch\u00e9 est cot\u00e9e \u00e0 la Bourse suisse (SIX : LECN).<\/p>\n<p>SIX Swiss Exchange: ticker symbol LECN | ISIN CH 011 030 311 9<\/p>\n<h2>Clause de non-responsabilit\u00e9<\/h2>\n<p>Le pr\u00e9sent communiqu\u00e9 de presse contient certaines d\u00e9clarations prospectives relatives aux activit\u00e9s de Leclanch\u00e9, qui peuvent \u00eatre identifi\u00e9es par des termes tels que \u00ab strat\u00e9gique \u00bb, \u00ab propose \u00bb, \u00ab introduire \u00bb, \u00ab sera \u00bb, \u00ab planifi\u00e9 \u00bb, \u00ab pr\u00e9vu \u00bb, \u00ab attendu \u00bb, \u00ab engagement \u00bb, \u00ab attend \u00bb, \u00ab pr\u00e9voit \u00bb, \u00ab \u00e9tabli \u00bb, \u00ab pr\u00e9pare \u00bb, \u00ab plans \u00bb, \u00ab estimations \u00bb, \u00ab objectifs \u00bb, \u00ab serait \u00bb, \u00ab potentiel \u00bb, \u00ab attente \u00bb, \u00ab estimation \u00bb, \u00ab proposition \u00bb ou expressions similaires, ou par des discussions explicites ou implicites concernant la mont\u00e9e en puissance de la capacit\u00e9 de production de Leclanch\u00e9, les applications potentielles des produits existants, ou les revenus futurs potentiels de ces produits, ou les ventes ou b\u00e9n\u00e9fices futurs potentiels de Leclanch\u00e9 ou d&rsquo;une de ses unit\u00e9s commerciales. Vous ne devez pas vous fier ind\u00fbment \u00e0 ces d\u00e9clarations. Ces \u00e9nonc\u00e9s prospectifs refl\u00e8tent les opinions actuelles de Leclanch\u00e9 \u00e0 l&rsquo;\u00e9gard d&rsquo;\u00e9v\u00e9nements futurs et comportent des risques connus et inconnus, des incertitudes et d&rsquo;autres facteurs qui pourraient faire en sorte que les r\u00e9sultats r\u00e9els diff\u00e8rent sensiblement des r\u00e9sultats, performances ou r\u00e9alisations futurs exprim\u00e9s ou sous-entendus dans ces \u00e9nonc\u00e9s. Il n&rsquo;y a aucune garantie que les produits de Leclanch\u00e9 atteindront des niveaux de revenus particuliers. Rien ne garantit non plus que Leclanch\u00e9, ou l&rsquo;une quelconque de ses unit\u00e9s d&rsquo;affaires, obtiendra des r\u00e9sultats financiers particuliers.<\/p>\n<h2>Contacts<\/h2>\n<h3>Contacts m\u00e9dias:<\/h3>\n<h4>Europe\/monde:<\/h4>\n<p>Desiree Maghoo<br \/>\nT: +44 (0) 7775 522 740<br \/>\nE-mail: <a>dmaghoo@questorconsulting.com<\/a><\/p>\n<p>Laure Lagrange<br \/>\nT : +44 (0) 7768 698 731<br \/>\nE-mail : <a>llagrange@questorconsulting.com<\/a><\/p>\n<h4>Suisse:<\/h4>\n<p>Thierry Meyer<br \/>\nT: +41 (0) 79 785 35 81<br \/>\nE-mail: <a>tme@dynamicsgroup.ch<\/a><\/p>\n<p>Thomas Balmer<br \/>\nT : +41 (0) 79 703 87 28<br \/>\nE-mail : <a>tba@dynamicsgroup.ch<\/a><\/p>\n<h4>Etats-Unis et Canada:<\/h4>\n<p>Rick Anderson<br \/>\nT: +1-718-986-1596<\/p>\n<p>Henry Feintuch<br \/>\nT: +1-212-808-4901<br \/>\nE-mail: <a>leclanche@feintuchpr.com<\/a><\/p>\n<h4>Relations investisseurs :<\/h4>\n<p>Anil Srivastava \/ Hubert Angleys<br \/>\nT: +41 (0) 24 424 65 00<br \/>\nE-mail: <a>invest.leclanche@leclanche.com<\/a><\/p>\n","protected":false},"excerpt":{"rendered":"<p>Chiffre d&rsquo;affaires record en 22 ans, soit plus de 2,7 fois le chiffre d&rsquo;affaires de 2017 Perte d&rsquo;EBITDA en pourcentage du chiffre d&rsquo;affaires r\u00e9duite de plus de moiti\u00e9 D\u00e9passement de l&rsquo;objectif de 100 MWh en exploitation commerciale dans le secteur stationnaire Un carnet de commandes solide pour 2020 afin d&rsquo;offrir des marges plus \u00e9lev\u00e9es et [&hellip;]<\/p>\n","protected":false},"author":2,"featured_media":0,"comment_status":"open","ping_status":"open","sticky":false,"template":"","format":"standard","meta":{"footnotes":""},"categories":[45,108,46],"tags":[],"class_list":["post-9813","post","type-post","status-publish","format-standard","hentry","category-actualite","category-autres-communiques-de-presse","category-communiques-de-presse-fr"],"yoast_head":"<!-- This site is optimized with the Yoast SEO plugin v26.4 - https:\/\/yoast.com\/wordpress\/plugins\/seo\/ -->\n<title>Leclanch\u00e9 annonce ses r\u00e9sultats annuels 2018, une croissance record de son chiffre d&#039;affaires et un carnet de commandes solide pour 2019 et au-del\u00e0 - Leclanch\u00e9<\/title>\n<meta name=\"description\" content=\"Chiffre d&#039;affaires record en 22 ans, soit plus de 2,7 fois le chiffre d&#039;affaires de 2017 Perte d&#039;EBITDA en pourcentage du chiffre d&#039;affaires r\u00e9duite de\" \/>\n<meta name=\"robots\" content=\"index, follow, max-snippet:-1, max-image-preview:large, max-video-preview:-1\" \/>\n<link rel=\"canonical\" href=\"https:\/\/www.leclanche.com\/fr\/leclanche-annonce-ses-resultats-annuels-2018-une-croissance-record-de-son-chiffre-daffaires-et-un-carnet-de-commandes-solide-pour-2019-et-au-dela\/\" \/>\n<meta property=\"og:locale\" content=\"fr_FR\" \/>\n<meta property=\"og:type\" content=\"article\" \/>\n<meta property=\"og:title\" content=\"Leclanch\u00e9 annonce ses r\u00e9sultats annuels 2018, une croissance record de son chiffre d&#039;affaires et un carnet de commandes solide pour 2019 et au-del\u00e0 - Leclanch\u00e9\" \/>\n<meta property=\"og:description\" content=\"Chiffre d&#039;affaires record en 22 ans, soit plus de 2,7 fois le chiffre d&#039;affaires de 2017 Perte d&#039;EBITDA en pourcentage du chiffre d&#039;affaires r\u00e9duite de\" \/>\n<meta property=\"og:url\" content=\"https:\/\/www.leclanche.com\/fr\/leclanche-annonce-ses-resultats-annuels-2018-une-croissance-record-de-son-chiffre-daffaires-et-un-carnet-de-commandes-solide-pour-2019-et-au-dela\/\" \/>\n<meta property=\"og:site_name\" content=\"Leclanch\u00e9\" \/>\n<meta property=\"article:published_time\" content=\"2019-04-05T04:08:50+00:00\" \/>\n<meta name=\"author\" content=\"Annick.Bid\" \/>\n<meta name=\"twitter:card\" content=\"summary_large_image\" \/>\n<meta name=\"twitter:label1\" content=\"\u00c9crit par\" \/>\n\t<meta name=\"twitter:data1\" content=\"Annick.Bid\" \/>\n\t<meta name=\"twitter:label2\" content=\"Dur\u00e9e de lecture estim\u00e9e\" \/>\n\t<meta name=\"twitter:data2\" content=\"11 minutes\" \/>\n<script type=\"application\/ld+json\" class=\"yoast-schema-graph\">{\"@context\":\"https:\/\/schema.org\",\"@graph\":[{\"@type\":\"WebPage\",\"@id\":\"https:\/\/www.leclanche.com\/fr\/leclanche-annonce-ses-resultats-annuels-2018-une-croissance-record-de-son-chiffre-daffaires-et-un-carnet-de-commandes-solide-pour-2019-et-au-dela\/\",\"url\":\"https:\/\/www.leclanche.com\/fr\/leclanche-annonce-ses-resultats-annuels-2018-une-croissance-record-de-son-chiffre-daffaires-et-un-carnet-de-commandes-solide-pour-2019-et-au-dela\/\",\"name\":\"Leclanch\u00e9 annonce ses r\u00e9sultats annuels 2018, une croissance record de son chiffre d'affaires et un carnet de commandes solide pour 2019 et au-del\u00e0 - Leclanch\u00e9\",\"isPartOf\":{\"@id\":\"https:\/\/www.leclanche.com\/fr\/#website\"},\"datePublished\":\"2019-04-05T04:08:50+00:00\",\"author\":{\"@id\":\"https:\/\/www.leclanche.com\/fr\/#\/schema\/person\/7ef725388a3f2b409a32cfa92059aa64\"},\"description\":\"Chiffre d'affaires record en 22 ans, soit plus de 2,7 fois le chiffre d'affaires de 2017 Perte d'EBITDA en pourcentage du chiffre d'affaires r\u00e9duite de\",\"breadcrumb\":{\"@id\":\"https:\/\/www.leclanche.com\/fr\/leclanche-annonce-ses-resultats-annuels-2018-une-croissance-record-de-son-chiffre-daffaires-et-un-carnet-de-commandes-solide-pour-2019-et-au-dela\/#breadcrumb\"},\"inLanguage\":\"fr-FR\",\"potentialAction\":[{\"@type\":\"ReadAction\",\"target\":[\"https:\/\/www.leclanche.com\/fr\/leclanche-annonce-ses-resultats-annuels-2018-une-croissance-record-de-son-chiffre-daffaires-et-un-carnet-de-commandes-solide-pour-2019-et-au-dela\/\"]}]},{\"@type\":\"BreadcrumbList\",\"@id\":\"https:\/\/www.leclanche.com\/fr\/leclanche-annonce-ses-resultats-annuels-2018-une-croissance-record-de-son-chiffre-daffaires-et-un-carnet-de-commandes-solide-pour-2019-et-au-dela\/#breadcrumb\",\"itemListElement\":[{\"@type\":\"ListItem\",\"position\":1,\"name\":\"Accueil\",\"item\":\"https:\/\/www.leclanche.com\/fr\/\"},{\"@type\":\"ListItem\",\"position\":2,\"name\":\"Leclanch\u00e9 annonce ses r\u00e9sultats annuels 2018, une croissance record de son chiffre d&#8217;affaires et un carnet de commandes solide pour 2019 et au-del\u00e0\"}]},{\"@type\":\"WebSite\",\"@id\":\"https:\/\/www.leclanche.com\/fr\/#website\",\"url\":\"https:\/\/www.leclanche.com\/fr\/\",\"name\":\"Leclanch\u00e9\",\"description\":\"Energy Storage Solutions\",\"potentialAction\":[{\"@type\":\"SearchAction\",\"target\":{\"@type\":\"EntryPoint\",\"urlTemplate\":\"https:\/\/www.leclanche.com\/fr\/?s={search_term_string}\"},\"query-input\":{\"@type\":\"PropertyValueSpecification\",\"valueRequired\":true,\"valueName\":\"search_term_string\"}}],\"inLanguage\":\"fr-FR\"},{\"@type\":\"Person\",\"@id\":\"https:\/\/www.leclanche.com\/fr\/#\/schema\/person\/7ef725388a3f2b409a32cfa92059aa64\",\"name\":\"Annick.Bid\",\"image\":{\"@type\":\"ImageObject\",\"inLanguage\":\"fr-FR\",\"@id\":\"https:\/\/www.leclanche.com\/fr\/#\/schema\/person\/image\/\",\"url\":\"https:\/\/secure.gravatar.com\/avatar\/0fe6baaabc318280db3d0e10c43b8017aa89b961c16e819765bd4fb65396af34?s=96&d=mm&r=g\",\"contentUrl\":\"https:\/\/secure.gravatar.com\/avatar\/0fe6baaabc318280db3d0e10c43b8017aa89b961c16e819765bd4fb65396af34?s=96&d=mm&r=g\",\"caption\":\"Annick.Bid\"},\"url\":\"https:\/\/www.leclanche.com\/fr\/author\/annick-bid\/\"}]}<\/script>\n<!-- \/ Yoast SEO plugin. -->","yoast_head_json":{"title":"Leclanch\u00e9 annonce ses r\u00e9sultats annuels 2018, une croissance record de son chiffre d'affaires et un carnet de commandes solide pour 2019 et au-del\u00e0 - Leclanch\u00e9","description":"Chiffre d'affaires record en 22 ans, soit plus de 2,7 fois le chiffre d'affaires de 2017 Perte d'EBITDA en pourcentage du chiffre d'affaires r\u00e9duite de","robots":{"index":"index","follow":"follow","max-snippet":"max-snippet:-1","max-image-preview":"max-image-preview:large","max-video-preview":"max-video-preview:-1"},"canonical":"https:\/\/www.leclanche.com\/fr\/leclanche-annonce-ses-resultats-annuels-2018-une-croissance-record-de-son-chiffre-daffaires-et-un-carnet-de-commandes-solide-pour-2019-et-au-dela\/","og_locale":"fr_FR","og_type":"article","og_title":"Leclanch\u00e9 annonce ses r\u00e9sultats annuels 2018, une croissance record de son chiffre d'affaires et un carnet de commandes solide pour 2019 et au-del\u00e0 - Leclanch\u00e9","og_description":"Chiffre d'affaires record en 22 ans, soit plus de 2,7 fois le chiffre d'affaires de 2017 Perte d'EBITDA en pourcentage du chiffre d'affaires r\u00e9duite de","og_url":"https:\/\/www.leclanche.com\/fr\/leclanche-annonce-ses-resultats-annuels-2018-une-croissance-record-de-son-chiffre-daffaires-et-un-carnet-de-commandes-solide-pour-2019-et-au-dela\/","og_site_name":"Leclanch\u00e9","article_published_time":"2019-04-05T04:08:50+00:00","author":"Annick.Bid","twitter_card":"summary_large_image","twitter_misc":{"\u00c9crit par":"Annick.Bid","Dur\u00e9e de lecture estim\u00e9e":"11 minutes"},"schema":{"@context":"https:\/\/schema.org","@graph":[{"@type":"WebPage","@id":"https:\/\/www.leclanche.com\/fr\/leclanche-annonce-ses-resultats-annuels-2018-une-croissance-record-de-son-chiffre-daffaires-et-un-carnet-de-commandes-solide-pour-2019-et-au-dela\/","url":"https:\/\/www.leclanche.com\/fr\/leclanche-annonce-ses-resultats-annuels-2018-une-croissance-record-de-son-chiffre-daffaires-et-un-carnet-de-commandes-solide-pour-2019-et-au-dela\/","name":"Leclanch\u00e9 annonce ses r\u00e9sultats annuels 2018, une croissance record de son chiffre d'affaires et un carnet de commandes solide pour 2019 et au-del\u00e0 - Leclanch\u00e9","isPartOf":{"@id":"https:\/\/www.leclanche.com\/fr\/#website"},"datePublished":"2019-04-05T04:08:50+00:00","author":{"@id":"https:\/\/www.leclanche.com\/fr\/#\/schema\/person\/7ef725388a3f2b409a32cfa92059aa64"},"description":"Chiffre d'affaires record en 22 ans, soit plus de 2,7 fois le chiffre d'affaires de 2017 Perte d'EBITDA en pourcentage du chiffre d'affaires r\u00e9duite de","breadcrumb":{"@id":"https:\/\/www.leclanche.com\/fr\/leclanche-annonce-ses-resultats-annuels-2018-une-croissance-record-de-son-chiffre-daffaires-et-un-carnet-de-commandes-solide-pour-2019-et-au-dela\/#breadcrumb"},"inLanguage":"fr-FR","potentialAction":[{"@type":"ReadAction","target":["https:\/\/www.leclanche.com\/fr\/leclanche-annonce-ses-resultats-annuels-2018-une-croissance-record-de-son-chiffre-daffaires-et-un-carnet-de-commandes-solide-pour-2019-et-au-dela\/"]}]},{"@type":"BreadcrumbList","@id":"https:\/\/www.leclanche.com\/fr\/leclanche-annonce-ses-resultats-annuels-2018-une-croissance-record-de-son-chiffre-daffaires-et-un-carnet-de-commandes-solide-pour-2019-et-au-dela\/#breadcrumb","itemListElement":[{"@type":"ListItem","position":1,"name":"Accueil","item":"https:\/\/www.leclanche.com\/fr\/"},{"@type":"ListItem","position":2,"name":"Leclanch\u00e9 annonce ses r\u00e9sultats annuels 2018, une croissance record de son chiffre d&#8217;affaires et un carnet de commandes solide pour 2019 et au-del\u00e0"}]},{"@type":"WebSite","@id":"https:\/\/www.leclanche.com\/fr\/#website","url":"https:\/\/www.leclanche.com\/fr\/","name":"Leclanch\u00e9","description":"Energy Storage Solutions","potentialAction":[{"@type":"SearchAction","target":{"@type":"EntryPoint","urlTemplate":"https:\/\/www.leclanche.com\/fr\/?s={search_term_string}"},"query-input":{"@type":"PropertyValueSpecification","valueRequired":true,"valueName":"search_term_string"}}],"inLanguage":"fr-FR"},{"@type":"Person","@id":"https:\/\/www.leclanche.com\/fr\/#\/schema\/person\/7ef725388a3f2b409a32cfa92059aa64","name":"Annick.Bid","image":{"@type":"ImageObject","inLanguage":"fr-FR","@id":"https:\/\/www.leclanche.com\/fr\/#\/schema\/person\/image\/","url":"https:\/\/secure.gravatar.com\/avatar\/0fe6baaabc318280db3d0e10c43b8017aa89b961c16e819765bd4fb65396af34?s=96&d=mm&r=g","contentUrl":"https:\/\/secure.gravatar.com\/avatar\/0fe6baaabc318280db3d0e10c43b8017aa89b961c16e819765bd4fb65396af34?s=96&d=mm&r=g","caption":"Annick.Bid"},"url":"https:\/\/www.leclanche.com\/fr\/author\/annick-bid\/"}]}},"_links":{"self":[{"href":"https:\/\/www.leclanche.com\/fr\/wp-json\/wp\/v2\/posts\/9813","targetHints":{"allow":["GET"]}}],"collection":[{"href":"https:\/\/www.leclanche.com\/fr\/wp-json\/wp\/v2\/posts"}],"about":[{"href":"https:\/\/www.leclanche.com\/fr\/wp-json\/wp\/v2\/types\/post"}],"author":[{"embeddable":true,"href":"https:\/\/www.leclanche.com\/fr\/wp-json\/wp\/v2\/users\/2"}],"replies":[{"embeddable":true,"href":"https:\/\/www.leclanche.com\/fr\/wp-json\/wp\/v2\/comments?post=9813"}],"version-history":[{"count":0,"href":"https:\/\/www.leclanche.com\/fr\/wp-json\/wp\/v2\/posts\/9813\/revisions"}],"wp:attachment":[{"href":"https:\/\/www.leclanche.com\/fr\/wp-json\/wp\/v2\/media?parent=9813"}],"wp:term":[{"taxonomy":"category","embeddable":true,"href":"https:\/\/www.leclanche.com\/fr\/wp-json\/wp\/v2\/categories?post=9813"},{"taxonomy":"post_tag","embeddable":true,"href":"https:\/\/www.leclanche.com\/fr\/wp-json\/wp\/v2\/tags?post=9813"}],"curies":[{"name":"wp","href":"https:\/\/api.w.org\/{rel}","templated":true}]}}