{"id":9821,"date":"2019-03-06T16:21:57","date_gmt":"2019-03-06T15:21:57","guid":{"rendered":"https:\/\/www.leclanche.com\/leclanche-annonce-un-chiffre-daffaires-2018-multiplie-par-plus-de-25-un-record-sur-les-22-dernieres-annees\/"},"modified":"2021-04-29T09:51:02","modified_gmt":"2021-04-29T07:51:02","slug":"leclanche-annonce-un-chiffre-daffaires-2018-multiplie-par-plus-de-25-un-record-sur-les-22-dernieres-annees","status":"publish","type":"post","link":"https:\/\/www.leclanche.com\/fr\/leclanche-annonce-un-chiffre-daffaires-2018-multiplie-par-plus-de-25-un-record-sur-les-22-dernieres-annees\/","title":{"rendered":"Leclanch\u00e9 annonce un chiffre d&rsquo;affaires 2018 multipli\u00e9 par plus de 2,5 un record sur les 22 derni\u00e8res ann\u00e9es"},"content":{"rendered":"<h2>un record sur les 22 derni\u00e8res ann\u00e9es<\/h2>\n<ul>\n<li>Le chiffre d&rsquo;affaires en 2018 devrait d\u00e9passer les 47 millions de CHF, contre 18 millions de CHF en 2017.<\/li>\n<li>La Soci\u00e9t\u00e9 d\u00e9bute 2019 avec un solide carnet de commandes et des projets adjug\u00e9s pour plus de CHF 60 millions.<\/li>\n<li>Nomination de Philip Broad au poste de Vice-Pr\u00e9sident Ex\u00e9cutif de la division e-Transport Solutions.<\/li>\n<li>La Soci\u00e9t\u00e9 a embauch\u00e9 plus de 90 personnes en 2018, principalement pour soutenir la croissance du secteur des solutions de transport \u00e9lectrique.<\/li>\n<\/ul>\n<p><strong>YVERDON LES BAINS, Suisse, le 6 mars 2019:<\/strong> Leclanch\u00e9 SA (SIX : LECN), l&rsquo;un des leaders mondiaux des solutions de stockage d&rsquo;\u00e9nergie, annonce aujourd&rsquo;hui que son chiffre d&rsquo;affaires a atteint un niveau record en 2018. La Soci\u00e9t\u00e9 a \u00e9galement annonc\u00e9 qu&rsquo;elle a nomm\u00e9 Philip (Phil) Broad au poste de vice-pr\u00e9sident ex\u00e9cutif pour diriger la division e-Transport Solutions de Leclanch\u00e9. Bas\u00e9 au si\u00e8ge social de la soci\u00e9t\u00e9 \u00e0 Yverdon, en Suisse, Phil Broad sera rattach\u00e9 \u00e0 Anil Srivastava, CEO de Leclanch\u00e9. Il se joint \u00e0 l&rsquo;\u00e9quipe de direction g\u00e9n\u00e9rale qui s&rsquo;articule autour des trois unit\u00e9s d&rsquo;affaires de la Soci\u00e9t\u00e9, soit Stationary Solutions, e-Transport Solutions et Specialty Battery Systems.<\/p>\n<p><strong>Anil Srivastava, CEO de Leclanch\u00e9, a d\u00e9clar\u00e9<\/strong>:\u201cApr\u00e8s un chiffre d&rsquo;affaires record en 2018, nous sommes entr\u00e9s en 2019 avec un carnet de commandes solide et des projets adjug\u00e9s<sup>1<\/sup>, notamment dans l\u2019activit\u00e9 e-Transport Solutions et le march\u00e9 de la marine \u00e9lectrique, o\u00f9 nous avons connu une croissance significative, avec des commandes confirm\u00e9es de plus de CHF 42 millions qui seront livr\u00e9s en 2019 et 2020. Il s&rsquo;agit d&rsquo;une validation claire de notre strat\u00e9gie sur le march\u00e9 et de la confirmation que nos solutions compl\u00e8tes, bas\u00e9es sur notre propre technologie cellulaire interne de pointe, coupl\u00e9es \u00e0 notre savoir-faire en mati\u00e8re de v\u00e9hicules \u00e9lectriques, nous singularisent et font de nous le partenaire de choix pour nos clients.<\/p>\n<p>Je tiens \u00e0 remercier tous nos clients pour leur confiance en Leclanch\u00e9. Je remercie tous nos actionnaires pour leur investissement patient, en particulier FEFAM<sup>2<\/sup>, dont l&rsquo;investissement important nous a permis de mettre en \u0153uvre le plan de croissance annonc\u00e9 en 2015\u201d.<\/p>\n<p>\u201cJ&rsquo;ai \u00e9galement le plaisir d&rsquo;annoncer la nomination de Philip Broad au poste de vice-pr\u00e9sident ex\u00e9cutif de la division eTransport Solutions. Depuis qu&rsquo;il a rejoint Leclanch\u00e9 en ao\u00fbt dernier, Philip a permis \u00e0 la croissance de l&rsquo;entreprise de r\u00e9aliser d&rsquo;importants progr\u00e8s et je suis ravi qu&rsquo;il dirige maintenant notre unit\u00e9 commerciale \u00e0 croissance rapide eTransport Solutions, \u00e0 compter de mars 2019. Je suis persuad\u00e9 que Phil nous aidera \u00e0 tirer parti de notre succ\u00e8s \u00e0 ce jour et \u00e0 consolider notre position en tant que partenaire de stockage d&rsquo;\u00e9nergie \u00ab\u00a0Go To\u00a0\u00bb pour les entreprises de transport ax\u00e9es sur le transport maritime et terrestre, y compris le rail, les bus, et les v\u00e9hicules utilitaires.<\/p>\n<p>Afin de tirer parti de nos succ\u00e8s sur le march\u00e9 du transport \u00e9lectrique, la Soci\u00e9t\u00e9 a embauch\u00e9 plus de 90 personnes en 2018, qui soutiendront principalement la croissance de notre entreprise de solutions de transport \u00e9lectrique. En outre, nous avons engag\u00e9 CHF 10 millions dans la fabrication de cellules pour r\u00e9pondre \u00e0 la demande croissante de nos clients.\u00a0\u00bb<\/p>\n<p>Les solutions e-Transport de Leclanch\u00e9 alimentent l&rsquo;\u00e9lectrification du transport et fournissent des solutions de batteries int\u00e9gr\u00e9es, de la cellule au syst\u00e8me de gestion de batterie, pour les v\u00e9hicules marins, ferroviaires et commerciaux, capables de s&rsquo;interfacer intelligemment avec leurs infrastructures de charge respectives.<\/p>\n<p>Leclanch\u00e9 travaille actuellement sur le plus grand ferry enti\u00e8rement \u00e9lectrique du monde au Danemark, un projet historique soutenu par l&rsquo;UE, et a r\u00e9cemment sign\u00e9 un partenariat avec KONGSBERG, le leader mondial de la technologie maritime, pour fournir des solutions de propulsion hybride. Ces solutions sont con\u00e7ues pour am\u00e9liorer l&rsquo;efficacit\u00e9 et r\u00e9duire l&rsquo;impact du transport sur l&rsquo;environnement gr\u00e2ce \u00e0 la construction de nouveaux navires, autonomes ou avec \u00e9quipage, \u00e0 la pointe de la technologie.<\/p>\n<p>En plus des perc\u00e9es dans le domaine du transport \u00e9lectrique, Leclanch\u00e9 a connu une croissance significative de la demande pour ses activit\u00e9s de solutions stationnaires afin d&rsquo;acc\u00e9l\u00e9rer l&rsquo;int\u00e9gration des \u00e9nergies renouvelables dans le r\u00e9seau et pour les solutions de stockage du r\u00e9seau aux v\u00e9hicules \u00e9lectriques.<\/p>\n<p>Leclanch\u00e9 a r\u00e9cemment franchi l&rsquo;\u00e9tape importante de plus de 100 MWh de projets de stockage stationnaire en exploitation. Ses solutions de stockage d&rsquo;\u00e9nergie ont contribu\u00e9 \u00e0 assainir l&rsquo;approvisionnement \u00e9nerg\u00e9tique de l&rsquo;\u00eele de Graciosa en int\u00e9grant plus de 70% d&rsquo;\u00e9nergie renouvelable dans le r\u00e9seau \u00e9lectrique de l&rsquo;\u00eele. Ce projet d\u00e9montre qu&rsquo;il est possible D\u00c8S AUJOURD&rsquo;HUI de r\u00e9duire notre d\u00e9pendance \u00e0 l&rsquo;\u00e9gard des combustibles polluants, en l&rsquo;occurrence le diesel, et d&rsquo;accro\u00eetre consid\u00e9rablement l&rsquo;int\u00e9gration des \u00e9nergies renouvelables dans l&rsquo;approvisionnement en \u00e9lectricit\u00e9.<\/p>\n<h3>Phil Broad &#8211; Biographie<\/h3>\n<p>Le 1er mars 2019, Phil Broad a \u00e9t\u00e9 nomm\u00e9 vice-pr\u00e9sident ex\u00e9cutif de la division des Solutions e-Transport. Il a rejoint Leclanch\u00e9 en ao\u00fbt 2018 en tant que Vice-pr\u00e9sident de la division V\u00e9hicules utilitaires, en charge de l&rsquo;ing\u00e9nierie d&rsquo;application, de la gestion des programmes et des ventes. Il poss\u00e8de plus de 20 ans d&rsquo;exp\u00e9rience dans le domaine des v\u00e9hicules commerciaux, tant sur route que hors route. Philip a fait ses preuves en remportant d&rsquo;importants contrats rentables \u00e0 l&rsquo;\u00e9chelle mondiale sur le march\u00e9 des v\u00e9hicules utilitaires. Il a travaill\u00e9 avec succ\u00e8s pour des marques mondiales telles que Caterpillar \/ Perkins, Volvo, Scania, MAN &amp; JCB. Il a v\u00e9cu et travaill\u00e9 en Europe au cours des 15 derni\u00e8res ann\u00e9es pour Honeywell Turbo Technologies S\u00e0rl en Suisse, o\u00f9 il a occup\u00e9 divers postes dans les domaines de la gestion de programmes, de la gestion des ventes et du leadership commercial dans le secteur des turbocompresseurs. Philip est titulaire d&rsquo;un B. Eng (Hons) en ing\u00e9nierie des syst\u00e8mes de l&rsquo;Universit\u00e9 de Huddersfield au Royaume-Uni.<\/p>\n<p><sup>1<\/sup> Les projets adjug\u00e9s signifient que Leclanch\u00e9 est s\u00e9lectionn\u00e9 comme fournisseur. Mais la confirmation de commande est sujette \u00e0 certaines conditions telles que : l&rsquo;ach\u00e8vement du financement du projet dans la division stationnaire ou la r\u00e9ussite des tests pilotes et de la certification par le client dans la division e-Transport.<\/p>\n<p><sup>2<\/sup> FEFAM signifie : AM INVESTMENT SCA, SICAV-SIF &#8211; Compartiment Liquid Assets, ainsi que FINEXIS EQUITY FUND &#8211; Renewable Energy Compartiment, FINEXIS EQUITY FUND &#8211; Multi Asset Strategy Compartiment, FINEXIS EQUITY FUND &#8211; E Money Strategies (\u00e9galement appel\u00e9 Energy Storage Invest) et, tous ces fonds \u00e9tant globalement le principal actionnaire de Leclanch\u00e9, ci-apr\u00e8s d\u00e9nomm\u00e9s \u00ab\u00a0FEFAM\u00a0\u00bb.<\/p>\n<div><\/div>\n<p><strong>A propos de Leclanch\u00e9 <\/strong><\/p>\n<p>Leclanch\u00e9 SA, dont le si\u00e8ge social se trouve en Suisse, est l&rsquo;un des principaux fournisseurs de solutions de stockage d&rsquo;\u00e9nergie de haute qualit\u00e9 con\u00e7ues pour acc\u00e9l\u00e9rer nos progr\u00e8s vers un avenir \u00e9nerg\u00e9tique propre. L&rsquo;histoire et l&rsquo;h\u00e9ritage de Leclanch\u00e9 s&rsquo;enracinent dans plus de 100 ans d&rsquo;innovation en mati\u00e8re de batteries et de stockage d&rsquo;\u00e9nergie et la soci\u00e9t\u00e9 est un fournisseur de confiance de solutions de stockage d&rsquo;\u00e9nergie dans le monde entier. Ceci, combin\u00e9 \u00e0 la culture de l\u2019Entreprise en mati\u00e8re d&rsquo;ing\u00e9nierie allemande, de pr\u00e9cision et de qualit\u00e9 suisse, fait de Leclanch\u00e9 le partenaire de choix des innovateurs, des entreprises \u00e9tablies et des gouvernements qui sont \u00e0 l&rsquo;avant-garde des changements positifs dans la fa\u00e7on dont l&rsquo;\u00e9nergie est produite, distribu\u00e9e et consomm\u00e9e \u00e0 travers le monde. La transition \u00e9nerg\u00e9tique est principalement tir\u00e9e par les changements dans la gestion de nos r\u00e9seaux \u00e9lectriques et l&rsquo;\u00e9lectrification des transports, et ces deux march\u00e9s finaux constituent l&rsquo;\u00e9pine dorsale de notre strat\u00e9gie et de notre mod\u00e8le \u00e9conomique. Leclanch\u00e9 est au c\u0153ur de la convergence de l&rsquo;\u00e9lectrification des transports et de l&rsquo;\u00e9volution du r\u00e9seau de distribution. Leclanch\u00e9 est la seule entreprise de stockage d&rsquo;\u00e9nergie pure play cot\u00e9e au monde, organis\u00e9e en trois business units: solutions de stockage stationnaires, solutions e-Transport et syst\u00e8mes de batteries sp\u00e9cialis\u00e9es. Leclanch\u00e9 est cot\u00e9e \u00e0 la Bourse suisse (SIX : LECN).<\/p>\n<p>SIX Swiss Exchange: ticker symbol LECN | ISIN CH 011 030 311 9<\/p>\n<p><strong>Clause de non responsabilit\u00e9<\/strong><\/p>\n<p>Le pr\u00e9sent communiqu\u00e9 de presse contient certaines d\u00e9clarations prospectives relatives aux activit\u00e9s de Leclanch\u00e9, qui peuvent \u00eatre identifi\u00e9es par des termes tels que \u00ab strat\u00e9gique \u00bb, \u00ab propose \u00bb, \u00ab introduire \u00bb, \u00ab\u00a0sera\u00a0\u00bb, \u00ab\u00a0planifi\u00e9\u00a0\u00bb, \u00ab\u00a0pr\u00e9vu\u00a0\u00bb, \u00ab\u00a0attendu\u00a0\u00bb, \u00ab\u00a0engagement\u00a0\u00bb, \u00ab\u00a0attend\u00a0\u00bb, \u00ab\u00a0pr\u00e9voit\u00a0\u00bb, \u00ab\u00a0\u00e9tabli\u00a0\u00bb, \u00ab\u00a0pr\u00e9pare\u00a0\u00bb, \u00ab\u00a0plans\u00a0\u00bb, \u00ab\u00a0estimations\u00a0\u00bb, \u00ab\u00a0objectifs\u00a0\u00bb, \u00ab\u00a0serait\u00a0\u00bb, \u00ab\u00a0potentiel\u00a0\u00bb, \u00ab\u00a0attente\u00a0\u00bb, \u00ab\u00a0estimation\u00a0\u00bb, \u00ab\u00a0proposition\u00a0\u00bb ou expressions similaires, ou par des discussions explicites ou implicites concernant la mont\u00e9e en puissance de la capacit\u00e9 de production de Leclanch\u00e9, les applications potentielles des produits existants, ou les revenus futurs potentiels de ces produits, ou les ventes ou b\u00e9n\u00e9fices futurs potentiels de Leclanch\u00e9 ou d&rsquo;une de ses unit\u00e9s commerciales. Vous ne devez pas vous fier ind\u00fbment \u00e0 ces d\u00e9clarations. Ces \u00e9nonc\u00e9s prospectifs refl\u00e8tent les opinions actuelles de Leclanch\u00e9 \u00e0 l&rsquo;\u00e9gard d&rsquo;\u00e9v\u00e9nements futurs et comportent des risques connus et inconnus, des incertitudes et d&rsquo;autres facteurs qui pourraient faire en sorte que les r\u00e9sultats r\u00e9els diff\u00e8rent sensiblement des r\u00e9sultats, performances ou r\u00e9alisations futurs exprim\u00e9s ou sous-entendus dans ces \u00e9nonc\u00e9s. Il n&rsquo;y a aucune garantie que les produits de Leclanch\u00e9 atteindront des niveaux de revenus particuliers. Rien ne garantit non plus que Leclanch\u00e9, ou l&rsquo;une quelconque de ses unit\u00e9s d&rsquo;affaires, obtiendra des r\u00e9sultats financiers particuliers.<\/p>\n<p>&nbsp;<\/p>\n<p><strong>Contacts<\/strong><\/p>\n<p><strong>M\u00e9dias Suisse<\/strong><strong> \/ Europe :<\/strong><\/p>\n<p>Thierry Meyer<\/p>\n<p>T : +41 (0) 79\u00a0785 35 81<\/p>\n<p>E-mail : <a href=\"mailto:tme@dynamicsgoup.ch\">tme@dynamicsgroup.ch<\/a><\/p>\n<p>&nbsp;<\/p>\n<p><strong>M\u00e9dias Am\u00e9rique du Nord :<\/strong><\/p>\n<p>Henry Feintuch \/ Ashley Blas<\/p>\n<p>T : +1-914-548-6924 \/ +1-509-494-4053<\/p>\n<p>E-mail : <a href=\"mailto:leclanche@feintuchpr.com\">leclanche@feintuchpr.com<\/a><\/p>\n<p>&nbsp;<\/p>\n<p><strong>M\u00e9dias Allemagne :<\/strong><\/p>\n<p>Christoph Miller<\/p>\n<p>T : +49 (0) 711 947 670<\/p>\n<p>E-mail : <a href=\"mailto:leclanche@sympra.de\">leclanche@sympra.de<\/a><\/p>\n<p>&nbsp;<\/p>\n<p><strong>Contacts investisseurs :<\/strong><\/p>\n<p>Anil Srivastava \/ Hubert Angleys<\/p>\n<p>T : +41 (0) 24 424 65 00<\/p>\n<p>E-mail : <a href=\"mailto:invest.leclanche@leclanche.com\">invest.leclanche@leclanche.com<\/a><\/p>\n<p>&nbsp;<\/p>\n","protected":false},"excerpt":{"rendered":"<p>Leclanch\u00e9 annonce un chiffre d&rsquo;affaires 2018 multipli\u00e9 par plus de 2,5 un record sur les 22 derni\u00e8res ann\u00e9es<\/p>\n","protected":false},"author":2,"featured_media":0,"comment_status":"closed","ping_status":"open","sticky":false,"template":"","format":"standard","meta":{"footnotes":""},"categories":[45,108,46],"tags":[],"class_list":["post-9821","post","type-post","status-publish","format-standard","hentry","category-actualite","category-autres-communiques-de-presse","category-communiques-de-presse-fr"],"yoast_head":"<!-- This site is optimized with the Yoast SEO plugin v26.4 - https:\/\/yoast.com\/wordpress\/plugins\/seo\/ -->\n<title>Leclanch\u00e9 annonce un chiffre d&#039;affaires 2018 multipli\u00e9 par plus de 2,5 un record sur les 22 derni\u00e8res ann\u00e9es - Leclanch\u00e9<\/title>\n<meta name=\"description\" content=\"Leclanch\u00e9 annonce un chiffre d&#039;affaires 2018 multipli\u00e9 par plus de 2,5 un record sur les 22 derni\u00e8res ann\u00e9es\" \/>\n<meta name=\"robots\" content=\"index, follow, max-snippet:-1, max-image-preview:large, max-video-preview:-1\" \/>\n<link rel=\"canonical\" href=\"https:\/\/www.leclanche.com\/fr\/leclanche-annonce-un-chiffre-daffaires-2018-multiplie-par-plus-de-25-un-record-sur-les-22-dernieres-annees\/\" \/>\n<meta property=\"og:locale\" content=\"fr_FR\" \/>\n<meta property=\"og:type\" content=\"article\" \/>\n<meta property=\"og:title\" content=\"Leclanch\u00e9 annonce un chiffre d&#039;affaires 2018 multipli\u00e9 par plus de 2,5 un record sur les 22 derni\u00e8res ann\u00e9es - Leclanch\u00e9\" \/>\n<meta property=\"og:description\" content=\"Leclanch\u00e9 annonce un chiffre d&#039;affaires 2018 multipli\u00e9 par plus de 2,5 un record sur les 22 derni\u00e8res ann\u00e9es\" \/>\n<meta property=\"og:url\" content=\"https:\/\/www.leclanche.com\/fr\/leclanche-annonce-un-chiffre-daffaires-2018-multiplie-par-plus-de-25-un-record-sur-les-22-dernieres-annees\/\" \/>\n<meta property=\"og:site_name\" content=\"Leclanch\u00e9\" \/>\n<meta property=\"article:published_time\" content=\"2019-03-06T15:21:57+00:00\" \/>\n<meta property=\"article:modified_time\" content=\"2021-04-29T07:51:02+00:00\" \/>\n<meta name=\"author\" content=\"Annick.Bid\" \/>\n<meta name=\"twitter:card\" content=\"summary_large_image\" \/>\n<meta name=\"twitter:label1\" content=\"\u00c9crit par\" \/>\n\t<meta name=\"twitter:data1\" content=\"Annick.Bid\" \/>\n\t<meta name=\"twitter:label2\" content=\"Dur\u00e9e de lecture estim\u00e9e\" \/>\n\t<meta name=\"twitter:data2\" content=\"8 minutes\" \/>\n<script type=\"application\/ld+json\" class=\"yoast-schema-graph\">{\"@context\":\"https:\/\/schema.org\",\"@graph\":[{\"@type\":\"WebPage\",\"@id\":\"https:\/\/www.leclanche.com\/fr\/leclanche-annonce-un-chiffre-daffaires-2018-multiplie-par-plus-de-25-un-record-sur-les-22-dernieres-annees\/\",\"url\":\"https:\/\/www.leclanche.com\/fr\/leclanche-annonce-un-chiffre-daffaires-2018-multiplie-par-plus-de-25-un-record-sur-les-22-dernieres-annees\/\",\"name\":\"Leclanch\u00e9 annonce un chiffre d'affaires 2018 multipli\u00e9 par plus de 2,5 un record sur les 22 derni\u00e8res ann\u00e9es - Leclanch\u00e9\",\"isPartOf\":{\"@id\":\"https:\/\/www.leclanche.com\/fr\/#website\"},\"datePublished\":\"2019-03-06T15:21:57+00:00\",\"dateModified\":\"2021-04-29T07:51:02+00:00\",\"author\":{\"@id\":\"https:\/\/www.leclanche.com\/fr\/#\/schema\/person\/7ef725388a3f2b409a32cfa92059aa64\"},\"description\":\"Leclanch\u00e9 annonce un chiffre d'affaires 2018 multipli\u00e9 par plus de 2,5 un record sur les 22 derni\u00e8res ann\u00e9es\",\"breadcrumb\":{\"@id\":\"https:\/\/www.leclanche.com\/fr\/leclanche-annonce-un-chiffre-daffaires-2018-multiplie-par-plus-de-25-un-record-sur-les-22-dernieres-annees\/#breadcrumb\"},\"inLanguage\":\"fr-FR\",\"potentialAction\":[{\"@type\":\"ReadAction\",\"target\":[\"https:\/\/www.leclanche.com\/fr\/leclanche-annonce-un-chiffre-daffaires-2018-multiplie-par-plus-de-25-un-record-sur-les-22-dernieres-annees\/\"]}]},{\"@type\":\"BreadcrumbList\",\"@id\":\"https:\/\/www.leclanche.com\/fr\/leclanche-annonce-un-chiffre-daffaires-2018-multiplie-par-plus-de-25-un-record-sur-les-22-dernieres-annees\/#breadcrumb\",\"itemListElement\":[{\"@type\":\"ListItem\",\"position\":1,\"name\":\"Accueil\",\"item\":\"https:\/\/www.leclanche.com\/fr\/\"},{\"@type\":\"ListItem\",\"position\":2,\"name\":\"Leclanch\u00e9 annonce un chiffre d&#8217;affaires 2018 multipli\u00e9 par plus de 2,5 un record sur les 22 derni\u00e8res ann\u00e9es\"}]},{\"@type\":\"WebSite\",\"@id\":\"https:\/\/www.leclanche.com\/fr\/#website\",\"url\":\"https:\/\/www.leclanche.com\/fr\/\",\"name\":\"Leclanch\u00e9\",\"description\":\"Energy Storage Solutions\",\"potentialAction\":[{\"@type\":\"SearchAction\",\"target\":{\"@type\":\"EntryPoint\",\"urlTemplate\":\"https:\/\/www.leclanche.com\/fr\/?s={search_term_string}\"},\"query-input\":{\"@type\":\"PropertyValueSpecification\",\"valueRequired\":true,\"valueName\":\"search_term_string\"}}],\"inLanguage\":\"fr-FR\"},{\"@type\":\"Person\",\"@id\":\"https:\/\/www.leclanche.com\/fr\/#\/schema\/person\/7ef725388a3f2b409a32cfa92059aa64\",\"name\":\"Annick.Bid\",\"image\":{\"@type\":\"ImageObject\",\"inLanguage\":\"fr-FR\",\"@id\":\"https:\/\/www.leclanche.com\/fr\/#\/schema\/person\/image\/\",\"url\":\"https:\/\/secure.gravatar.com\/avatar\/0fe6baaabc318280db3d0e10c43b8017aa89b961c16e819765bd4fb65396af34?s=96&d=mm&r=g\",\"contentUrl\":\"https:\/\/secure.gravatar.com\/avatar\/0fe6baaabc318280db3d0e10c43b8017aa89b961c16e819765bd4fb65396af34?s=96&d=mm&r=g\",\"caption\":\"Annick.Bid\"},\"url\":\"https:\/\/www.leclanche.com\/fr\/author\/annick-bid\/\"}]}<\/script>\n<!-- \/ Yoast SEO plugin. -->","yoast_head_json":{"title":"Leclanch\u00e9 annonce un chiffre d'affaires 2018 multipli\u00e9 par plus de 2,5 un record sur les 22 derni\u00e8res ann\u00e9es - Leclanch\u00e9","description":"Leclanch\u00e9 annonce un chiffre d'affaires 2018 multipli\u00e9 par plus de 2,5 un record sur les 22 derni\u00e8res ann\u00e9es","robots":{"index":"index","follow":"follow","max-snippet":"max-snippet:-1","max-image-preview":"max-image-preview:large","max-video-preview":"max-video-preview:-1"},"canonical":"https:\/\/www.leclanche.com\/fr\/leclanche-annonce-un-chiffre-daffaires-2018-multiplie-par-plus-de-25-un-record-sur-les-22-dernieres-annees\/","og_locale":"fr_FR","og_type":"article","og_title":"Leclanch\u00e9 annonce un chiffre d'affaires 2018 multipli\u00e9 par plus de 2,5 un record sur les 22 derni\u00e8res ann\u00e9es - Leclanch\u00e9","og_description":"Leclanch\u00e9 annonce un chiffre d'affaires 2018 multipli\u00e9 par plus de 2,5 un record sur les 22 derni\u00e8res ann\u00e9es","og_url":"https:\/\/www.leclanche.com\/fr\/leclanche-annonce-un-chiffre-daffaires-2018-multiplie-par-plus-de-25-un-record-sur-les-22-dernieres-annees\/","og_site_name":"Leclanch\u00e9","article_published_time":"2019-03-06T15:21:57+00:00","article_modified_time":"2021-04-29T07:51:02+00:00","author":"Annick.Bid","twitter_card":"summary_large_image","twitter_misc":{"\u00c9crit par":"Annick.Bid","Dur\u00e9e de lecture estim\u00e9e":"8 minutes"},"schema":{"@context":"https:\/\/schema.org","@graph":[{"@type":"WebPage","@id":"https:\/\/www.leclanche.com\/fr\/leclanche-annonce-un-chiffre-daffaires-2018-multiplie-par-plus-de-25-un-record-sur-les-22-dernieres-annees\/","url":"https:\/\/www.leclanche.com\/fr\/leclanche-annonce-un-chiffre-daffaires-2018-multiplie-par-plus-de-25-un-record-sur-les-22-dernieres-annees\/","name":"Leclanch\u00e9 annonce un chiffre d'affaires 2018 multipli\u00e9 par plus de 2,5 un record sur les 22 derni\u00e8res ann\u00e9es - Leclanch\u00e9","isPartOf":{"@id":"https:\/\/www.leclanche.com\/fr\/#website"},"datePublished":"2019-03-06T15:21:57+00:00","dateModified":"2021-04-29T07:51:02+00:00","author":{"@id":"https:\/\/www.leclanche.com\/fr\/#\/schema\/person\/7ef725388a3f2b409a32cfa92059aa64"},"description":"Leclanch\u00e9 annonce un chiffre d'affaires 2018 multipli\u00e9 par plus de 2,5 un record sur les 22 derni\u00e8res ann\u00e9es","breadcrumb":{"@id":"https:\/\/www.leclanche.com\/fr\/leclanche-annonce-un-chiffre-daffaires-2018-multiplie-par-plus-de-25-un-record-sur-les-22-dernieres-annees\/#breadcrumb"},"inLanguage":"fr-FR","potentialAction":[{"@type":"ReadAction","target":["https:\/\/www.leclanche.com\/fr\/leclanche-annonce-un-chiffre-daffaires-2018-multiplie-par-plus-de-25-un-record-sur-les-22-dernieres-annees\/"]}]},{"@type":"BreadcrumbList","@id":"https:\/\/www.leclanche.com\/fr\/leclanche-annonce-un-chiffre-daffaires-2018-multiplie-par-plus-de-25-un-record-sur-les-22-dernieres-annees\/#breadcrumb","itemListElement":[{"@type":"ListItem","position":1,"name":"Accueil","item":"https:\/\/www.leclanche.com\/fr\/"},{"@type":"ListItem","position":2,"name":"Leclanch\u00e9 annonce un chiffre d&#8217;affaires 2018 multipli\u00e9 par plus de 2,5 un record sur les 22 derni\u00e8res ann\u00e9es"}]},{"@type":"WebSite","@id":"https:\/\/www.leclanche.com\/fr\/#website","url":"https:\/\/www.leclanche.com\/fr\/","name":"Leclanch\u00e9","description":"Energy Storage Solutions","potentialAction":[{"@type":"SearchAction","target":{"@type":"EntryPoint","urlTemplate":"https:\/\/www.leclanche.com\/fr\/?s={search_term_string}"},"query-input":{"@type":"PropertyValueSpecification","valueRequired":true,"valueName":"search_term_string"}}],"inLanguage":"fr-FR"},{"@type":"Person","@id":"https:\/\/www.leclanche.com\/fr\/#\/schema\/person\/7ef725388a3f2b409a32cfa92059aa64","name":"Annick.Bid","image":{"@type":"ImageObject","inLanguage":"fr-FR","@id":"https:\/\/www.leclanche.com\/fr\/#\/schema\/person\/image\/","url":"https:\/\/secure.gravatar.com\/avatar\/0fe6baaabc318280db3d0e10c43b8017aa89b961c16e819765bd4fb65396af34?s=96&d=mm&r=g","contentUrl":"https:\/\/secure.gravatar.com\/avatar\/0fe6baaabc318280db3d0e10c43b8017aa89b961c16e819765bd4fb65396af34?s=96&d=mm&r=g","caption":"Annick.Bid"},"url":"https:\/\/www.leclanche.com\/fr\/author\/annick-bid\/"}]}},"_links":{"self":[{"href":"https:\/\/www.leclanche.com\/fr\/wp-json\/wp\/v2\/posts\/9821","targetHints":{"allow":["GET"]}}],"collection":[{"href":"https:\/\/www.leclanche.com\/fr\/wp-json\/wp\/v2\/posts"}],"about":[{"href":"https:\/\/www.leclanche.com\/fr\/wp-json\/wp\/v2\/types\/post"}],"author":[{"embeddable":true,"href":"https:\/\/www.leclanche.com\/fr\/wp-json\/wp\/v2\/users\/2"}],"replies":[{"embeddable":true,"href":"https:\/\/www.leclanche.com\/fr\/wp-json\/wp\/v2\/comments?post=9821"}],"version-history":[{"count":3,"href":"https:\/\/www.leclanche.com\/fr\/wp-json\/wp\/v2\/posts\/9821\/revisions"}],"predecessor-version":[{"id":9825,"href":"https:\/\/www.leclanche.com\/fr\/wp-json\/wp\/v2\/posts\/9821\/revisions\/9825"}],"wp:attachment":[{"href":"https:\/\/www.leclanche.com\/fr\/wp-json\/wp\/v2\/media?parent=9821"}],"wp:term":[{"taxonomy":"category","embeddable":true,"href":"https:\/\/www.leclanche.com\/fr\/wp-json\/wp\/v2\/categories?post=9821"},{"taxonomy":"post_tag","embeddable":true,"href":"https:\/\/www.leclanche.com\/fr\/wp-json\/wp\/v2\/tags?post=9821"}],"curies":[{"name":"wp","href":"https:\/\/api.w.org\/{rel}","templated":true}]}}